{"id":15281,"date":"2021-09-10T11:33:35","date_gmt":"2021-09-10T09:33:35","guid":{"rendered":"https:\/\/visitdistrikt.rs\/?p=15281"},"modified":"2022-06-29T14:04:17","modified_gmt":"2022-06-29T12:04:17","slug":"september-in-novi-sad-six-reasons-to-visit-the-european-capital-of-culture-this-month","status":"publish","type":"post","link":"https:\/\/visitdistrikt.rs\/en\/2021\/09\/10\/september-in-novi-sad-six-reasons-to-visit-the-european-capital-of-culture-this-month\/","title":{"rendered":"September in Novi Sad: Six Reasons to Visit the European Capital of Culture This Month"},"content":{"rendered":"<p><strong>September in Novi Sad has a special charm. With the change of seasons, at the beginning of a school year, the streets of Novi Sad become more hectic, and it seems that every nook in the city, even the hidden and less-known ones, is waking up and getting new energy after the lazy summer daze.\u00a0<\/strong><br \/>\n<!--more--><\/p>\n<p>If the weather is to be trusted, this September will only have a couple of rainy days, and a lot of events, activities and reasons to visit Novi Sad this month.<\/p>\n<h2>Kaleidoscope of Culture turns Novi Sad into a city-stage<\/h2>\n<p>Renowned violinist <strong>Stefan Milenkovi\u0107<\/strong>, legendary actor <strong>Zijah Sokolovi\u0107<\/strong>, multi-award-winning writer <strong>Svetislav Basara<\/strong>, ultimate music genius Rambo Amadeus, dramaturge <strong>Minja Bogavac<\/strong> are only some of the names we\u2019ll be able to see at this year\u2019s <a href=\"https:\/\/visitdistrikt.rs\/events\/tags\/kaleidoskop-kulture\/\" target=\"_blank\" rel=\"noopener\">Kaleidoscope of Culture<\/a>, from 2 September to 8 October. There\u2019s also the Novi Sad premiere of <strong>Dragan Bjelogrli\u0107<\/strong>\u2019s new film \u2018Toma\u2019, Ars Electronica Pavilion, a leading European institution connecting art and technology, an exhibition of the best Belgian comic book artists \u2013 this year\u2019s programme abounds with great names, prestigious artistic institutions and artists who all contribute to the Kaleidoscope of Culture being one of the most significant events in culture in the region this year.<\/p>\n<p>This will be the fourth edition of the Kaleidoscope of Culture which, following the slogan of the culture of togetherness, prepares us for the title of <a href=\"https:\/\/novisad2022.rs\/\" target=\"_blank\" rel=\"noopener\">European Capital of Culture<\/a>. After a <a href=\"https:\/\/kaleidoskopkulture.com\/sr\/otvaranje-naslovna\/\" target=\"_blank\" rel=\"noopener\">four-day opening in Creative District<\/a> in <a href=\"https:\/\/visitdistrikt.rs\/category\/novosadski-kvartovi\/veliki-liman\/\" target=\"_blank\" rel=\"noopener\">Great Liman<\/a>, five forms of art \u2013 architecture, literature, visual, applied and performing arts will be presented to the audience. You can find more information about the programme <a href=\"https:\/\/kaleidoskopkulture.com\/sr\/\" target=\"_blank\" rel=\"noopener\">here<\/a>.<\/p>\n<h2>Street Musicians Festival brings magic to Gradi\u0107<\/h2>\n<p>An event that brought out both musicians and audience to the streets of Novi Sad, will, this year too, breathe new life into the suburbium of the Petrovaradin Fortress. Due to the coronavirus pandemic, the traditional procession from the city centre to Gradi\u0107 won\u2019t happen this year, but the <a href=\"https:\/\/www.ulicnisviraci.com\/\" target=\"_blank\" rel=\"noopener\">rich programme lasting from 3 to 5 September<\/a> guarantees unique rhythms and creative and stunning performances. Festival director <a href=\"https:\/\/visitdistrikt.rs\/2021\/08\/26\/bora-beljanski-intervju\/\" target=\"_blank\" rel=\"noopener\">Bora Beljanski advised us not to miss the performance of Beti \u0110or\u0111evi\u0107 and the Art Ensemble of the Ministry of Defence \u2018Stanislav Bini\u010dki\u2019<\/a> within the opening ceremony. Film screenings within Gradi\u0107 bioskop (en. Gradi\u0107 Movie Theatre) will also take place.<\/p>\n<h2>Returning to theatres<\/h2>\n<p>After the summer break, theatres in Novi Sad are opening their doors again in September. In the oldest theatre in the country, the <a href=\"https:\/\/visitdistrikt.rs\/2020\/10\/01\/6-fascinantnih-prica-iz-istorije-srpskog-narodnog-pozorista\/\" target=\"_blank\" rel=\"noopener\">Serbian National Theatre<\/a>, the preparations for Verdi\u2019s opera \u2018Aida\u2019 are well under way. It will be staged under the open sky, within the walls of the Petrovaradin Fortress, on 15 September. Opera of the Serbian National Theatre will mark important jubilees with this performance \u2013 160 years of the oldest Serbian theatre, 150 years of the world premiere of \u2018Aida\u2019 and the 120th anniversary of the prominent composer\u2019s death. Drama of the Serbian National Theatre is opening its season with the premiere of <strong>Peter Handke<\/strong>\u2019s \u2018The Goalkeeper&#8217;s Fear of the Penalty\u2019, directed by <strong>Ana \u0110or\u0111evi\u0107<\/strong>. The play will be staged for the first time on Saturday, 4 September, within INFANT and the opening of the Kaleidoscope of Culture. Furthermore, in the <a href=\"http:\/\/www.pozoristemladih.co.rs\/\" target=\"_blank\" rel=\"noopener\">Youth Theatre<\/a>, there\u2019s a premiere of the play \u2018The Three Musketeers\u2019, while the September repertoire of the <a href=\"http:\/\/www.uvszinhaz.com\/sh\" target=\"_blank\" rel=\"noopener\">Novi Sad Theatre<\/a> includes the play \u2018Dance in the 21st Century\u2019, which is going to be performed within the \u2018Pokretnica\u2019 festival of contemporary dance and performance, as well as the play \u2018Nesre\u0107ni\u2019 by the guest theatre \u2018Figura Studio\u2019 from Romania.<\/p>\n<h2>On two wheels<\/h2>\n<p>We already wrote about the special fondness this city has for bikes, Novi Sad\u2019s long <a href=\"https:\/\/visitdistrikt.rs\/2020\/11\/12\/biciklom-kroz-novi-sad\/\" target=\"_blank\" rel=\"noopener\">cycling history<\/a> and the <a href=\"https:\/\/visitdistrikt.rs\/2021\/03\/30\/bici-rute-na-kojima-cete-najbolje-upoznati-novi-sad\/\" target=\"_blank\" rel=\"noopener\">best bike routes<\/a> that can help you get to know the city better or fall in love with it again. September is ideal for riding bikes across the city due to, among other things, more pleasant temperatures. And if you want to experience the true biking spirit of Novi Sad, visit <a href=\"https:\/\/www.facebook.com\/events\/1009068189929410\" target=\"_blank\" rel=\"noopener\">Novi Sad Cycling Initiative\u2019s 10th birthday<\/a> and join their collective ride (<a href=\"https:\/\/visitdistrikt.rs\/2021\/03\/03\/novosadski-parkovi\/\" target=\"_blank\" rel=\"noopener\">Limanski Park<\/a> is the starting point).<\/p>\n<h2>Food in September<\/h2>\n<p>Fall is getting closer, and with it come the lovely scents typical of Vojvodina. This time of the year, people are starting to prepare food for the winter, whereas <a href=\"https:\/\/visitdistrikt.rs\/2020\/11\/17\/sve-boje-novosadskih-pijaca\/\" target=\"_blank\" rel=\"noopener\">markets in Novi Sad<\/a> get new colours. The food here is hard to resist! So just let yourself enjoy the magic of gastronomy in Vojvodina. Events related to food: <a href=\"https:\/\/www.facebook.com\/events\/383642789940572\" target=\"_blank\" rel=\"noopener\">Ukusi Vojvodine<\/a> (The Scents of Vojvodina), from 11 to 12 September in Limanski Park, with over 100 Vojvodina dishes served; <a href=\"https:\/\/www.facebook.com\/events\/174626781405095\" target=\"_blank\" rel=\"noopener\">Novosadski no\u0107ni bazar<\/a> (Novi Sad Night Bazaar) on 3 September at Riblja pijaca.<\/p>\n<h2>It\u2019s time for sports!<\/h2>\n<p><a href=\"https:\/\/www.facebook.com\/fgmaraton\" target=\"_blank\" rel=\"noopener\">Fru\u0161kogorski maraton<\/a> (The Fru\u0161ka Gora Marathon) is usually held in May but was moved to September due to the pandemic. Having in mind it\u2019s one of the oldest and most popular sports activities in these areas, we are sure a lot of people are waiting for it impatiently. There are 15 trails of different lengths and heights, of which six are competitive and nine are recreational.<\/p>\n<p><em>Photo: Jelena Ivanovi\u0107<\/em><\/p>\n","protected":false},"excerpt":{"rendered":"<p>September in Novi Sad has a special charm. With the change of seasons, at the beginning of a school year, the streets of Novi Sad become more hectic, and it seems that every nook in the city, even the hidden and less-known ones, is waking up and getting new energy after the lazy summer daze.\u00a0<\/p>\n","protected":false},"author":3,"featured_media":14635,"comment_status":"closed","ping_status":"closed","sticky":false,"template":"","format":"standard","meta":{"footnotes":"","_links_to":"","_links_to_target":""},"categories":[278],"tags":[],"yoast_head":"<!-- This site is optimized with the Yoast SEO plugin v22.4 - https:\/\/yoast.com\/wordpress\/plugins\/seo\/ -->\n<title>September in Novi Sad: Six Reasons to Visit the European Capital of Culture This Month - Visit Distrikt Novi Sad<\/title>\n<meta name=\"description\" content=\"If the weather is to be trusted, this September in Novi Sad will only have a couple of rainy days, and a lot of reasons to visit Novi Sad this month.\" \/>\n<meta name=\"robots\" content=\"index, follow, max-snippet:-1, max-image-preview:large, max-video-preview:-1\" \/>\n<link rel=\"canonical\" href=\"https:\/\/visitdistrikt.rs\/en\/2021\/09\/10\/september-in-novi-sad-six-reasons-to-visit-the-european-capital-of-culture-this-month\/\" \/>\n<meta property=\"og:locale\" content=\"en_US\" \/>\n<meta property=\"og:type\" content=\"article\" \/>\n<meta property=\"og:title\" content=\"September in Novi Sad: Six Reasons to Visit the European Capital of Culture This Month - Visit Distrikt Novi Sad\" \/>\n<meta property=\"og:description\" content=\"If the weather is to be trusted, this September in Novi Sad will only have a couple of rainy days, and a lot of reasons to visit Novi Sad this month.\" \/>\n<meta property=\"og:url\" content=\"https:\/\/visitdistrikt.rs\/en\/2021\/09\/10\/september-in-novi-sad-six-reasons-to-visit-the-european-capital-of-culture-this-month\/\" \/>\n<meta property=\"og:site_name\" content=\"Visit Distrikt Novi Sad\" \/>\n<meta property=\"article:published_time\" content=\"2021-09-10T09:33:35+00:00\" \/>\n<meta property=\"article:modified_time\" content=\"2022-06-29T12:04:17+00:00\" \/>\n<meta property=\"og:image\" content=\"https:\/\/visitdistrikt.rs\/media\/2021\/08\/Visit-NS-Dunavski-park-foto-Jelena-Ivanovic-8-scaled.jpg\" \/>\n\t<meta property=\"og:image:width\" content=\"2560\" \/>\n\t<meta property=\"og:image:height\" content=\"1706\" \/>\n\t<meta property=\"og:image:type\" content=\"image\/jpeg\" \/>\n<meta name=\"author\" content=\"Nadja\" \/>\n<meta name=\"twitter:card\" content=\"summary_large_image\" \/>\n<meta name=\"twitter:label1\" content=\"Written by\" \/>\n\t<meta name=\"twitter:data1\" content=\"Nadja\" \/>\n\t<meta name=\"twitter:label2\" content=\"Est. reading time\" \/>\n\t<meta name=\"twitter:data2\" content=\"5 minutes\" \/>\n<script type=\"application\/ld+json\" class=\"yoast-schema-graph\">{\"@context\":\"https:\/\/schema.org\",\"@graph\":[{\"@type\":\"WebPage\",\"@id\":\"https:\/\/visitdistrikt.rs\/en\/2021\/09\/10\/september-in-novi-sad-six-reasons-to-visit-the-european-capital-of-culture-this-month\/\",\"url\":\"https:\/\/visitdistrikt.rs\/en\/2021\/09\/10\/september-in-novi-sad-six-reasons-to-visit-the-european-capital-of-culture-this-month\/\",\"name\":\"September in Novi Sad: Six Reasons to Visit the European Capital of Culture This Month - Visit Distrikt Novi Sad\",\"isPartOf\":{\"@id\":\"https:\/\/visitdistrikt.rs\/#website\"},\"primaryImageOfPage\":{\"@id\":\"https:\/\/visitdistrikt.rs\/en\/2021\/09\/10\/september-in-novi-sad-six-reasons-to-visit-the-european-capital-of-culture-this-month\/#primaryimage\"},\"image\":{\"@id\":\"https:\/\/visitdistrikt.rs\/en\/2021\/09\/10\/september-in-novi-sad-six-reasons-to-visit-the-european-capital-of-culture-this-month\/#primaryimage\"},\"thumbnailUrl\":\"https:\/\/visitdistrikt.rs\/media\/2021\/08\/Visit-NS-Dunavski-park-foto-Jelena-Ivanovic-8-scaled.jpg\",\"datePublished\":\"2021-09-10T09:33:35+00:00\",\"dateModified\":\"2022-06-29T12:04:17+00:00\",\"author\":{\"@id\":\"https:\/\/visitdistrikt.rs\/#\/schema\/person\/d14c12f469b14b67ac146d37913d83d6\"},\"description\":\"If the weather is to be trusted, this September in Novi Sad will only have a couple of rainy days, and a lot of reasons to visit Novi Sad this month.\",\"breadcrumb\":{\"@id\":\"https:\/\/visitdistrikt.rs\/en\/2021\/09\/10\/september-in-novi-sad-six-reasons-to-visit-the-european-capital-of-culture-this-month\/#breadcrumb\"},\"inLanguage\":\"en-US\",\"potentialAction\":[{\"@type\":\"ReadAction\",\"target\":[\"https:\/\/visitdistrikt.rs\/en\/2021\/09\/10\/september-in-novi-sad-six-reasons-to-visit-the-european-capital-of-culture-this-month\/\"]}]},{\"@type\":\"ImageObject\",\"inLanguage\":\"en-US\",\"@id\":\"https:\/\/visitdistrikt.rs\/en\/2021\/09\/10\/september-in-novi-sad-six-reasons-to-visit-the-european-capital-of-culture-this-month\/#primaryimage\",\"url\":\"https:\/\/visitdistrikt.rs\/media\/2021\/08\/Visit-NS-Dunavski-park-foto-Jelena-Ivanovic-8-scaled.jpg\",\"contentUrl\":\"https:\/\/visitdistrikt.rs\/media\/2021\/08\/Visit-NS-Dunavski-park-foto-Jelena-Ivanovic-8-scaled.jpg\",\"width\":2560,\"height\":1706,\"caption\":\"dunavski park novi sad\"},{\"@type\":\"BreadcrumbList\",\"@id\":\"https:\/\/visitdistrikt.rs\/en\/2021\/09\/10\/september-in-novi-sad-six-reasons-to-visit-the-european-capital-of-culture-this-month\/#breadcrumb\",\"itemListElement\":[{\"@type\":\"ListItem\",\"position\":1,\"name\":\"Home\",\"item\":\"https:\/\/visitdistrikt.rs\/en\/\"},{\"@type\":\"ListItem\",\"position\":2,\"name\":\"September in Novi Sad: Six Reasons to Visit the European Capital of Culture This Month\"}]},{\"@type\":\"WebSite\",\"@id\":\"https:\/\/visitdistrikt.rs\/#website\",\"url\":\"https:\/\/visitdistrikt.rs\/\",\"name\":\"Visit Distrikt Novi Sad\",\"description\":\"Novi Sad\",\"potentialAction\":[{\"@type\":\"SearchAction\",\"target\":{\"@type\":\"EntryPoint\",\"urlTemplate\":\"https:\/\/visitdistrikt.rs\/?s={search_term_string}\"},\"query-input\":\"required name=search_term_string\"}],\"inLanguage\":\"en-US\"},{\"@type\":\"Person\",\"@id\":\"https:\/\/visitdistrikt.rs\/#\/schema\/person\/d14c12f469b14b67ac146d37913d83d6\",\"name\":\"Nadja\",\"image\":{\"@type\":\"ImageObject\",\"inLanguage\":\"en-US\",\"@id\":\"https:\/\/visitdistrikt.rs\/#\/schema\/person\/image\/\",\"url\":\"https:\/\/secure.gravatar.com\/avatar\/2a98ad6df38b68a7998a319b57e3c9fd?s=96&d=mm&r=g\",\"contentUrl\":\"https:\/\/secure.gravatar.com\/avatar\/2a98ad6df38b68a7998a319b57e3c9fd?s=96&d=mm&r=g\",\"caption\":\"Nadja\"}}]}<\/script>\n<!-- \/ Yoast SEO plugin. -->","yoast_head_json":{"title":"September in Novi Sad: Six Reasons to Visit the European Capital of Culture This Month - Visit Distrikt Novi Sad","description":"If the weather is to be trusted, this September in Novi Sad will only have a couple of rainy days, and a lot of reasons to visit Novi Sad this month.","robots":{"index":"index","follow":"follow","max-snippet":"max-snippet:-1","max-image-preview":"max-image-preview:large","max-video-preview":"max-video-preview:-1"},"canonical":"https:\/\/visitdistrikt.rs\/en\/2021\/09\/10\/september-in-novi-sad-six-reasons-to-visit-the-european-capital-of-culture-this-month\/","og_locale":"en_US","og_type":"article","og_title":"September in Novi Sad: Six Reasons to Visit the European Capital of Culture This Month - Visit Distrikt Novi Sad","og_description":"If the weather is to be trusted, this September in Novi Sad will only have a couple of rainy days, and a lot of reasons to visit Novi Sad this month.","og_url":"https:\/\/visitdistrikt.rs\/en\/2021\/09\/10\/september-in-novi-sad-six-reasons-to-visit-the-european-capital-of-culture-this-month\/","og_site_name":"Visit Distrikt Novi Sad","article_published_time":"2021-09-10T09:33:35+00:00","article_modified_time":"2022-06-29T12:04:17+00:00","og_image":[{"width":2560,"height":1706,"url":"https:\/\/visitdistrikt.rs\/media\/2021\/08\/Visit-NS-Dunavski-park-foto-Jelena-Ivanovic-8-scaled.jpg","type":"image\/jpeg"}],"author":"Nadja","twitter_card":"summary_large_image","twitter_misc":{"Written by":"Nadja","Est. reading time":"5 minutes"},"schema":{"@context":"https:\/\/schema.org","@graph":[{"@type":"WebPage","@id":"https:\/\/visitdistrikt.rs\/en\/2021\/09\/10\/september-in-novi-sad-six-reasons-to-visit-the-european-capital-of-culture-this-month\/","url":"https:\/\/visitdistrikt.rs\/en\/2021\/09\/10\/september-in-novi-sad-six-reasons-to-visit-the-european-capital-of-culture-this-month\/","name":"September in Novi Sad: Six Reasons to Visit the European Capital of Culture This Month - Visit Distrikt Novi Sad","isPartOf":{"@id":"https:\/\/visitdistrikt.rs\/#website"},"primaryImageOfPage":{"@id":"https:\/\/visitdistrikt.rs\/en\/2021\/09\/10\/september-in-novi-sad-six-reasons-to-visit-the-european-capital-of-culture-this-month\/#primaryimage"},"image":{"@id":"https:\/\/visitdistrikt.rs\/en\/2021\/09\/10\/september-in-novi-sad-six-reasons-to-visit-the-european-capital-of-culture-this-month\/#primaryimage"},"thumbnailUrl":"https:\/\/visitdistrikt.rs\/media\/2021\/08\/Visit-NS-Dunavski-park-foto-Jelena-Ivanovic-8-scaled.jpg","datePublished":"2021-09-10T09:33:35+00:00","dateModified":"2022-06-29T12:04:17+00:00","author":{"@id":"https:\/\/visitdistrikt.rs\/#\/schema\/person\/d14c12f469b14b67ac146d37913d83d6"},"description":"If the weather is to be trusted, this September in Novi Sad will only have a couple of rainy days, and a lot of reasons to visit Novi Sad this month.","breadcrumb":{"@id":"https:\/\/visitdistrikt.rs\/en\/2021\/09\/10\/september-in-novi-sad-six-reasons-to-visit-the-european-capital-of-culture-this-month\/#breadcrumb"},"inLanguage":"en-US","potentialAction":[{"@type":"ReadAction","target":["https:\/\/visitdistrikt.rs\/en\/2021\/09\/10\/september-in-novi-sad-six-reasons-to-visit-the-european-capital-of-culture-this-month\/"]}]},{"@type":"ImageObject","inLanguage":"en-US","@id":"https:\/\/visitdistrikt.rs\/en\/2021\/09\/10\/september-in-novi-sad-six-reasons-to-visit-the-european-capital-of-culture-this-month\/#primaryimage","url":"https:\/\/visitdistrikt.rs\/media\/2021\/08\/Visit-NS-Dunavski-park-foto-Jelena-Ivanovic-8-scaled.jpg","contentUrl":"https:\/\/visitdistrikt.rs\/media\/2021\/08\/Visit-NS-Dunavski-park-foto-Jelena-Ivanovic-8-scaled.jpg","width":2560,"height":1706,"caption":"dunavski park novi sad"},{"@type":"BreadcrumbList","@id":"https:\/\/visitdistrikt.rs\/en\/2021\/09\/10\/september-in-novi-sad-six-reasons-to-visit-the-european-capital-of-culture-this-month\/#breadcrumb","itemListElement":[{"@type":"ListItem","position":1,"name":"Home","item":"https:\/\/visitdistrikt.rs\/en\/"},{"@type":"ListItem","position":2,"name":"September in Novi Sad: Six Reasons to Visit the European Capital of Culture This Month"}]},{"@type":"WebSite","@id":"https:\/\/visitdistrikt.rs\/#website","url":"https:\/\/visitdistrikt.rs\/","name":"Visit Distrikt Novi Sad","description":"Novi Sad","potentialAction":[{"@type":"SearchAction","target":{"@type":"EntryPoint","urlTemplate":"https:\/\/visitdistrikt.rs\/?s={search_term_string}"},"query-input":"required name=search_term_string"}],"inLanguage":"en-US"},{"@type":"Person","@id":"https:\/\/visitdistrikt.rs\/#\/schema\/person\/d14c12f469b14b67ac146d37913d83d6","name":"Nadja","image":{"@type":"ImageObject","inLanguage":"en-US","@id":"https:\/\/visitdistrikt.rs\/#\/schema\/person\/image\/","url":"https:\/\/secure.gravatar.com\/avatar\/2a98ad6df38b68a7998a319b57e3c9fd?s=96&d=mm&r=g","contentUrl":"https:\/\/secure.gravatar.com\/avatar\/2a98ad6df38b68a7998a319b57e3c9fd?s=96&d=mm&r=g","caption":"Nadja"}}]}},"_links":{"self":[{"href":"https:\/\/visitdistrikt.rs\/en\/wp-json\/wp\/v2\/posts\/15281"}],"collection":[{"href":"https:\/\/visitdistrikt.rs\/en\/wp-json\/wp\/v2\/posts"}],"about":[{"href":"https:\/\/visitdistrikt.rs\/en\/wp-json\/wp\/v2\/types\/post"}],"author":[{"embeddable":true,"href":"https:\/\/visitdistrikt.rs\/en\/wp-json\/wp\/v2\/users\/3"}],"replies":[{"embeddable":true,"href":"https:\/\/visitdistrikt.rs\/en\/wp-json\/wp\/v2\/comments?post=15281"}],"version-history":[{"count":4,"href":"https:\/\/visitdistrikt.rs\/en\/wp-json\/wp\/v2\/posts\/15281\/revisions"}],"predecessor-version":[{"id":36488,"href":"https:\/\/visitdistrikt.rs\/en\/wp-json\/wp\/v2\/posts\/15281\/revisions\/36488"}],"wp:featuredmedia":[{"embeddable":true,"href":"https:\/\/visitdistrikt.rs\/en\/wp-json\/wp\/v2\/media\/14635"}],"wp:attachment":[{"href":"https:\/\/visitdistrikt.rs\/en\/wp-json\/wp\/v2\/media?parent=15281"}],"wp:term":[{"taxonomy":"category","embeddable":true,"href":"https:\/\/visitdistrikt.rs\/en\/wp-json\/wp\/v2\/categories?post=15281"},{"taxonomy":"post_tag","embeddable":true,"href":"https:\/\/visitdistrikt.rs\/en\/wp-json\/wp\/v2\/tags?post=15281"}],"curies":[{"name":"wp","href":"https:\/\/api.w.org\/{rel}","templated":true}]}}