{"id":26884,"date":"2022-01-12T10:36:20","date_gmt":"2022-01-12T09:36:20","guid":{"rendered":"https:\/\/visitdistrikt.rs\/?p=26884"},"modified":"2022-01-12T12:31:37","modified_gmt":"2022-01-12T11:31:37","slug":"docek-7530-great-music-programme-for-everyones-taste","status":"publish","type":"post","link":"https:\/\/visitdistrikt.rs\/en\/2022\/01\/12\/docek-7530-great-music-programme-for-everyones-taste\/","title":{"rendered":"Do\u010dek 7530: Great Music Programme for Everyone&#8217;s Taste"},"content":{"rendered":"<p>&nbsp;<\/p>\n<p><strong>January 13 is approaching with another <a href=\"https:\/\/docekns.rs\/\">Do\u010dek<\/a> that will mark the gala opening of the <a href=\"https:\/\/novisad2022.rs\/\"><em>European Capital of Culture<\/em><\/a>, thus at 8:22 p.m. we will celebrate this prestigious title together at the <a href=\"https:\/\/visitdistrikt.rs\/2021\/10\/19\/banska-palata-simbol-moderne-arhitekture-novog-sada\/\">Banovina<\/a> building with the unique play <a href=\"https:\/\/visitdistrikt.rs\/2021\/12\/21\/u-zenitu-doceka-je-predstava-zeniteum-2022-koju-morate-videti\/\">Zeniteum<\/a>, which we recommend you not to miss. With a great programme, Novi Sad shows that it is worth this flattering title, and if you are especially interested in who is playing and where, we guarantee that you will be satisfied with the offer on 13 January. A supreme music programme awaits you, and here&#8217;s what you can enjoy.<\/strong><\/p>\n<p><strong>12 January \u2013 Warm Up Concerts<\/strong><\/p>\n<p>The \u2018warm-up\u2019 starts in the city centre on 12 January. Before Novi Sad officially becomes the European Capital of Culture, numerous Novi Sad bands will perform in the centre and thus prepare the atmosphere for Do\u010dek. Atheist Rap, Josip A Lisac, Stefan i akusti\u010dni gadovi, \u0160inobusi, Zbogom Brus Li, Gift, Klo Klo, Milan Mumin, UV, Dragon\u2019s Fuel, Plavi Pti\u010di\u0107, and Kilo Kilo Banda are waiting for you. These concerts throughout the city are implemented by the INBOX Association, thanks to which we have been enjoying the Street Musicians Festival for years.<\/p>\n<p><strong>13 January<\/strong><\/p>\n<p>After the gala opening of the European Capital of Culture, music fans will have their treat no matter what their chosen genre is. There will be a good gig or concert at as many as 40 locations in the city, which means that there is a huge choice and it will be hard to choose!<\/p>\n<p><a href=\"https:\/\/kalendar.novisad2022.rs\/events\/cardak-ni-na-nebu-ni-na-zemlji\/\"><strong>\u010cardak Neither in Heaven Nor on Earth<\/strong><\/a><\/p>\n<p><strong>KCNS, 6 p.m.<\/strong><\/p>\n<p>How are opera lovers made? By taking them to the opera for children when they are little! The opera for children based on the fairy tale <em>\u010cardak Neither in Heaven Nor on Earth<\/em> is the third opera for children by the Visoko C Association. Through this musical-scenic work, the author work of Marija and Branislav Cviji\u0107, the youngest will be able to experience a classic fairy tale in an unusual but also fun way.<\/p>\n<p><img fetchpriority=\"high\" decoding=\"async\" class=\"aligncenter wp-image-26702 size-full\" src=\"https:\/\/visitdistrikt.rs\/media\/2022\/01\/73063388_2460110674263435_7372167825776967680_n-e1641825923365.jpg\" alt=\"\" width=\"800\" height=\"419\" \/><\/p>\n<p>&nbsp;<\/p>\n<p><a href=\"https:\/\/kalendar.novisad2022.rs\/events\/zvucni-snop-soundbeam\/\"><strong>Soundbeam<\/strong><\/a><\/p>\n<p><strong>New building of the \u2018Milan Petrovi\u0107\u2019 School (Novo Naselje)<\/strong><\/p>\n<p><a href=\"https:\/\/visitdistrikt.rs\/2022\/01\/05\/docek-je-razlicitost\/\">Good People Orchestra<\/a>\u00a0has been working on innovations in music, mainly blues and jazz improvisations since its founding in 2013. You could hear it at the Novi Sad Jazz Festival, as well as several times within the European Capital of Culture project. We expect them to complete the atmosphere of Do\u010dek with their magical and special energy!<\/p>\n<p><img decoding=\"async\" class=\"aligncenter wp-image-26440 size-full\" src=\"https:\/\/visitdistrikt.rs\/media\/2021\/12\/V.VelickovicNov24.025-scaled-e1641825868989.jpg\" alt=\"\" width=\"800\" height=\"533\" \/><\/p>\n<p><a href=\"https:\/\/kalendar.novisad2022.rs\/events\/chrystabell\/\"><strong>Chrystabell<\/strong><\/a><\/p>\n<p><strong>Church of the Name of Mary, 9:30 p.m.<\/strong><\/p>\n<p>We don\u2019t know what is better \u2013 whether it is Chrysta Bell herself, a Twin Peaks star who performs jazz, soul and dreamy pop, or the interior in which the concert takes place, the popular \u2018Cathedral\u2019. Don&#8217;t miss this unique and unusual combination of the Gothic ambience of the Church of the Name of Mary and the singer who reminds a lot of Nick Cave, Bowie, Massive Attack and Portishead.<\/p>\n<p><img decoding=\"async\" class=\"aligncenter wp-image-24698 size-full\" src=\"https:\/\/visitdistrikt.rs\/media\/2021\/12\/Chrystabell-foto-promo.jpg\" alt=\"\" width=\"800\" height=\"533\" srcset=\"https:\/\/visitdistrikt.rs\/media\/2021\/12\/Chrystabell-foto-promo.jpg 800w, https:\/\/visitdistrikt.rs\/media\/2021\/12\/Chrystabell-foto-promo-300x200.jpg 300w, https:\/\/visitdistrikt.rs\/media\/2021\/12\/Chrystabell-foto-promo-768x512.jpg 768w\" sizes=\"(max-width: 800px) 100vw, 800px\" \/><\/p>\n<p>&nbsp;<\/p>\n<p><a href=\"https:\/\/kalendar.novisad2022.rs\/events\/josipa-lisac\/\"><strong>Josipa Lisac<\/strong><\/a><\/p>\n<p><strong>Synagogue, 9:30 p.m.<\/strong><\/p>\n<p>Josipa Lisac arrives in Novi Sad to remind us all of her hits, and there are many of them. This star of the former Yugoslavia, with her long and rich career, has been intriguing the whole region for a long time with her voice, genre independence, and authentic appearance. We expect a great atmosphere that all generations will enjoy. The avant-garde Josipa will hold a concert in the Novi Sad Synagogue within 7530 Do\u010dek. You can read the interview with this legendary singer <a href=\"https:\/\/visitdistrikt.rs\/2022\/01\/04\/josipa-lisac-zelim-na-scenu-izaci-briljantna\/\">HERE<\/a>.<\/p>\n<figure id=\"attachment_24700\" aria-describedby=\"caption-attachment-24700\" style=\"width: 800px\" class=\"wp-caption aligncenter\"><img loading=\"lazy\" decoding=\"async\" class=\"wp-image-24700 size-full\" src=\"https:\/\/visitdistrikt.rs\/media\/2021\/12\/Josipa-Lisac-foto-promo.jpg\" alt=\"\" width=\"800\" height=\"532\" srcset=\"https:\/\/visitdistrikt.rs\/media\/2021\/12\/Josipa-Lisac-foto-promo.jpg 800w, https:\/\/visitdistrikt.rs\/media\/2021\/12\/Josipa-Lisac-foto-promo-300x200.jpg 300w, https:\/\/visitdistrikt.rs\/media\/2021\/12\/Josipa-Lisac-foto-promo-768x511.jpg 768w\" sizes=\"(max-width: 800px) 100vw, 800px\" \/><figcaption id=\"caption-attachment-24700\" class=\"wp-caption-text\">Josipa Lisac<\/figcaption><\/figure>\n<p><a href=\"https:\/\/kalendar.novisad2022.rs\/events\/bojana-vunturisevic\/\"><strong>Bojana Vunturi\u0161evi\u0107<\/strong><\/a><\/p>\n<p><strong>CS SVILARA, 9:30 p.m.<\/strong><\/p>\n<p>It is hard to be indifferent towards Bojana Vunturi\u0161evi\u0107, and most often, it is on the positive side of the scale! The former singer of the <em>Svi na pod<\/em> band, now a solo author, stood out very quickly for her characteristic sound and energy, and in addition to herself, she also makes hits for others. Bojana is currently recording her second solo album, and in CS Svilara we will hear old and maybe new stuff.<\/p>\n<p><img loading=\"lazy\" decoding=\"async\" class=\"aligncenter wp-image-26698 size-full\" src=\"https:\/\/visitdistrikt.rs\/media\/2022\/01\/Bojana-Vunturisevic-11-1.jpg\" alt=\"\" width=\"533\" height=\"800\" srcset=\"https:\/\/visitdistrikt.rs\/media\/2022\/01\/Bojana-Vunturisevic-11-1.jpg 533w, https:\/\/visitdistrikt.rs\/media\/2022\/01\/Bojana-Vunturisevic-11-1-200x300.jpg 200w\" sizes=\"(max-width: 533px) 100vw, 533px\" \/><\/p>\n<p>&nbsp;<\/p>\n<p><a href=\"https:\/\/kalendar.novisad2022.rs\/events\/carminho\/\"><strong>Carminho<\/strong><\/a><\/p>\n<p><strong>Serbian National Theatre, 9:30 p.m.<\/strong><\/p>\n<p>Many will be happy to hear that the new queen of fado and the winner of the Golden Globe for the best performer is coming to Novi Sad. Young Carminho is already a recognizable name for fado, music that is more than music, a genre that is intoxicating with its tones, but also with feelings of suffering, pain and happiness. Carminho has three albums and sings in the best concert halls in the world, and for Do\u010dek 7530 she arrives at the Novi Sad theatre to give us the unique Portuguese music that many fall in love with at the first tone.<\/p>\n<p><img loading=\"lazy\" decoding=\"async\" class=\"aligncenter wp-image-26695 size-full\" src=\"https:\/\/visitdistrikt.rs\/media\/2022\/01\/4c094c72-304c-436b-aef5-dc3fe89f3d54-1.jpg\" alt=\"\" width=\"550\" height=\"825\" srcset=\"https:\/\/visitdistrikt.rs\/media\/2022\/01\/4c094c72-304c-436b-aef5-dc3fe89f3d54-1.jpg 550w, https:\/\/visitdistrikt.rs\/media\/2022\/01\/4c094c72-304c-436b-aef5-dc3fe89f3d54-1-200x300.jpg 200w\" sizes=\"(max-width: 550px) 100vw, 550px\" \/><\/p>\n<p><a href=\"https:\/\/kalendar.novisad2022.rs\/events\/srbski-pravoslavni-pojci\/\"><strong>Srbski pravoslavni pojci<\/strong><\/a><\/p>\n<p><strong>KCNS, 9:30 p.m.<\/strong><\/p>\n<p>Whether you like acapella music and specifically the band that deals with the preservation of Serbian traditional music, or if it is something new to you, we recommend Serbian Orthodox cantors to your attention. The band was formed by chance, by gathering friends from the Faculty of Theology who wished to beautify church services with a song, and today their repertoire has been expanded. You will hear primarily spiritual and ethno songs, but also folk and <em>starogradska<\/em> songs.<\/p>\n<p><img loading=\"lazy\" decoding=\"async\" class=\"aligncenter wp-image-26700 size-full\" src=\"https:\/\/visitdistrikt.rs\/media\/2022\/01\/FPE_9805-1.jpg\" alt=\"\" width=\"517\" height=\"800\" srcset=\"https:\/\/visitdistrikt.rs\/media\/2022\/01\/FPE_9805-1.jpg 517w, https:\/\/visitdistrikt.rs\/media\/2022\/01\/FPE_9805-1-194x300.jpg 194w\" sizes=\"(max-width: 517px) 100vw, 517px\" \/><\/p>\n<p>&nbsp;<\/p>\n<p><a href=\"https:\/\/kalendar.novisad2022.rs\/events\/dzimi-tenor\/\"><strong>Jimi Tenor<\/strong><\/a><\/p>\n<p><strong>Novi Sad Theatre \u2013 \u00dajvid\u00e9ki Szinh\u00e1z, 10 p.m.<\/strong><\/p>\n<p>Jazz is also coming to Do\u010dek 7530! For the first time, the citizens of Novi Sad will be introduced to Jimi Tenor, a performer who combines jazz with electronics, soul and funk, and whom experts call Tarantino in the world of music. Intrigued? Come to the Novi Sad Theatre!<\/p>\n<p><img loading=\"lazy\" decoding=\"async\" class=\"aligncenter wp-image-26704 size-full\" src=\"https:\/\/visitdistrikt.rs\/media\/2022\/01\/dzimi-tenpr-2048x1378-1-e1641826060752.jpg\" alt=\"\" width=\"800\" height=\"538\" \/><\/p>\n<p><a href=\"https:\/\/kalendar.novisad2022.rs\/events\/andreas-ottensamer\/\"><strong>Andreas Ottensamer<\/strong><\/a><\/p>\n<p><strong>City Hall, 10 p.m.<\/strong><\/p>\n<p>The best clarinetist in the world is coming to Do\u010dek 7530 and will show us what this instrument can do in the performance of the incredible virtuoso. Andreas is declared one of the best classical musicians and conductors on the contemporary scene. Come and hear the skills of the artist who collaborates with the most significant orchestras in the world!<\/p>\n<p><img loading=\"lazy\" decoding=\"async\" class=\"aligncenter wp-image-26706 size-full\" src=\"https:\/\/visitdistrikt.rs\/media\/2022\/01\/Andreas-Ottensamer-c.-Jamie-McGregor-Smith-2020-2-crop-e1641826142258.jpg\" alt=\"\" width=\"572\" height=\"800\" \/><\/p>\n<p><a href=\"https:\/\/kalendar.novisad2022.rs\/events\/nouvelle-vague\/\"><strong>Nouvelle Vague<\/strong><\/a><\/p>\n<p><strong>City Concert Hall<\/strong><\/p>\n<p>The new City Concert Hall will host the most famous French cover band within 7530 Do\u010dek! Nouvelle Vague is quite recognizable for covers of world hits in unusual arrangements, so you&#8217;ve probably heard of the covers of Joy Division, Blondie, Depeche Mode\u2026 In addition to interesting covers, this band has energetic performances, so try to attend this concert!<\/p>\n<p><img loading=\"lazy\" decoding=\"async\" class=\"aligncenter wp-image-26710 size-full\" src=\"https:\/\/visitdistrikt.rs\/media\/2022\/01\/20181205_NV-101HD-by-Rod-Maurice-1.jpg\" alt=\"\" width=\"800\" height=\"533\" srcset=\"https:\/\/visitdistrikt.rs\/media\/2022\/01\/20181205_NV-101HD-by-Rod-Maurice-1.jpg 800w, https:\/\/visitdistrikt.rs\/media\/2022\/01\/20181205_NV-101HD-by-Rod-Maurice-1-300x200.jpg 300w, https:\/\/visitdistrikt.rs\/media\/2022\/01\/20181205_NV-101HD-by-Rod-Maurice-1-768x512.jpg 768w\" sizes=\"(max-width: 800px) 100vw, 800px\" \/><\/p>\n<p><a href=\"https:\/\/kalendar.novisad2022.rs\/events\/van-gog\/\"><strong>Van Gogh<\/strong><\/a><\/p>\n<p><strong>Novi Sad Fair, 10 p.m.<\/strong><\/p>\n<p>Van Gogh has been present on the local scene for more than thirty years \u2013 a great reason to join us at the Novi Sad Fair! This band, led by the famous Zvonimir \u0110uki\u0107 \u0110ule, won the MTV award for the best performer on MTV Adria in 2007, as well as other awards, and above all \u2013 the love of the audience! Come hear the songs you, your older friends, or even your parents grew up with! The atmosphere will definitely be memorable!<\/p>\n<p><img loading=\"lazy\" decoding=\"async\" class=\"aligncenter wp-image-26712 size-full\" src=\"https:\/\/visitdistrikt.rs\/media\/2022\/01\/fotka-2-3-1.jpg\" alt=\"\" width=\"800\" height=\"482\" srcset=\"https:\/\/visitdistrikt.rs\/media\/2022\/01\/fotka-2-3-1.jpg 800w, https:\/\/visitdistrikt.rs\/media\/2022\/01\/fotka-2-3-1-300x181.jpg 300w, https:\/\/visitdistrikt.rs\/media\/2022\/01\/fotka-2-3-1-768x463.jpg 768w\" sizes=\"(max-width: 800px) 100vw, 800px\" \/><\/p>\n<p><a href=\"https:\/\/kalendar.novisad2022.rs\/events\/matija-dedic\/\"><strong>Matija Dedi\u0107<\/strong><\/a><\/p>\n<p><strong>CS Egys\u00e9g, 10 p.m.<\/strong><\/p>\n<p>We can never get enough of good jazz, so we give the audience a concert by pianist and composer Matija Dedi\u0107. Dedi\u0107 became famous as a composer of television and theatre music, as well as a solo performer. He is the winner of numerous awards for the best jazz pianist, the best Croatian composer and author, the best pianist\u2026On his eight albums, he also covered songs by his father Arsen Dedi\u0107, and jazz stands out as his greatest love. We have listened to Matija several times in Novi Sad and we have always enjoyed it. We are expecting an even more beautiful and fairytale concert for Do\u010dek \u2013 completely in line with the occasion.<\/p>\n<p><img loading=\"lazy\" decoding=\"async\" class=\"aligncenter wp-image-26714 size-full\" src=\"https:\/\/visitdistrikt.rs\/media\/2022\/01\/slika-4-1.jpg\" alt=\"\" width=\"800\" height=\"533\" srcset=\"https:\/\/visitdistrikt.rs\/media\/2022\/01\/slika-4-1.jpg 800w, https:\/\/visitdistrikt.rs\/media\/2022\/01\/slika-4-1-300x200.jpg 300w, https:\/\/visitdistrikt.rs\/media\/2022\/01\/slika-4-1-768x512.jpg 768w\" sizes=\"(max-width: 800px) 100vw, 800px\" \/><\/p>\n<p><a href=\"https:\/\/kalendar.novisad2022.rs\/events\/morcheeba\/\"><strong>Morcheeba<\/strong><\/a><\/p>\n<p><strong>Youth Theatre, 11 p.m.<\/strong><\/p>\n<p>Morcheeba will perform again in Novi Sad! This British band, recognizable by the combinations of different genres in their music, as well as by the specific atmosphere, comes to remind us of old and iconic hits, but also those from the latest album, which already have millions of views. Come hear trip-hip, rock, folk-rock and other genres that Morcheeba plays so well!<\/p>\n<p><img loading=\"lazy\" decoding=\"async\" class=\"aligncenter wp-image-26641 size-full\" src=\"https:\/\/visitdistrikt.rs\/media\/2022\/01\/fotka-1-2-1.jpg\" alt=\"\" width=\"800\" height=\"639\" srcset=\"https:\/\/visitdistrikt.rs\/media\/2022\/01\/fotka-1-2-1.jpg 800w, https:\/\/visitdistrikt.rs\/media\/2022\/01\/fotka-1-2-1-300x240.jpg 300w, https:\/\/visitdistrikt.rs\/media\/2022\/01\/fotka-1-2-1-768x613.jpg 768w\" sizes=\"(max-width: 800px) 100vw, 800px\" \/><\/p>\n<p><a href=\"https:\/\/kalendar.novisad2022.rs\/events\/damir-urban\/\"><strong>Damir Urban<\/strong><\/a><\/p>\n<p><strong>Reformed Church<\/strong><\/p>\n<p>Damir Urban is one of the favourite Croatian musicians in Serbia for a reason. He has been active for over thirty years and is one of those who definitely marked the rock and the alternative scene in that period. He gladly comes to Novi Sad and the audience likes to listen to him, and as he pointed out that even after so many years, he feels great responsibility towards them. We can be sure that he will give us a great concert in the unusual ambience of the Reformed Church.<\/p>\n<p><img loading=\"lazy\" decoding=\"async\" class=\"aligncenter wp-image-26639 size-full\" src=\"https:\/\/visitdistrikt.rs\/media\/2022\/01\/slika-Damir-Urban-1-1.jpg\" alt=\"\" width=\"534\" height=\"800\" srcset=\"https:\/\/visitdistrikt.rs\/media\/2022\/01\/slika-Damir-Urban-1-1.jpg 534w, https:\/\/visitdistrikt.rs\/media\/2022\/01\/slika-Damir-Urban-1-1-200x300.jpg 200w\" sizes=\"(max-width: 534px) 100vw, 534px\" \/><\/p>\n<p><a href=\"https:\/\/kalendar.novisad2022.rs\/events\/rudimental-dj\/\"><strong>Rudimental<\/strong><\/a><\/p>\n<p><strong>SCCNS Fabrika, 11 p.m.<\/strong><\/p>\n<p>The British drum\u2019 n \u2019bass band has been one of the most active in this genre for some time, thanks to its recognizable style, but also collaborations with some of the world\u2019s most famous performers, such as <strong>Ed Sheeran<\/strong> or <strong>EmilySand\u00e9<em>.<\/em><\/strong> The renovated<em> Fabrika <\/em>in the<em> Creative District<\/em> in Liman will be a great place to host them, so don&#8217;t miss to see and hear how they all look and sound together!<\/p>\n<div id='gallery-1' class='gallery galleryid-26884 gallery-columns-2 gallery-size-full'><figure class='gallery-item'>\n\t\t\t<div class='gallery-icon landscape'>\n\t\t\t\t<a href='https:\/\/visitdistrikt.rs\/en\/20200814_rudimental_sh07_1514-2-2-2\/'><img loading=\"lazy\" decoding=\"async\" width=\"800\" height=\"534\" src=\"https:\/\/visitdistrikt.rs\/media\/2022\/01\/20200814_RUDIMENTAL_SH07_1514-2-2.jpg\" class=\"attachment-full size-full\" alt=\"\" srcset=\"https:\/\/visitdistrikt.rs\/media\/2022\/01\/20200814_RUDIMENTAL_SH07_1514-2-2.jpg 800w, https:\/\/visitdistrikt.rs\/media\/2022\/01\/20200814_RUDIMENTAL_SH07_1514-2-2-300x200.jpg 300w, https:\/\/visitdistrikt.rs\/media\/2022\/01\/20200814_RUDIMENTAL_SH07_1514-2-2-768x513.jpg 768w\" sizes=\"(max-width: 800px) 100vw, 800px\" \/><\/a>\n\t\t\t<\/div><\/figure><figure class='gallery-item'>\n\t\t\t<div class='gallery-icon landscape'>\n\t\t\t\t<a href='https:\/\/visitdistrikt.rs\/en\/rudimental-2021-use-1-1-2\/'><img loading=\"lazy\" decoding=\"async\" width=\"800\" height=\"533\" src=\"https:\/\/visitdistrikt.rs\/media\/2022\/01\/RUDIMENTAL-2021-USE-1-1.jpg\" class=\"attachment-full size-full\" alt=\"\" srcset=\"https:\/\/visitdistrikt.rs\/media\/2022\/01\/RUDIMENTAL-2021-USE-1-1.jpg 800w, https:\/\/visitdistrikt.rs\/media\/2022\/01\/RUDIMENTAL-2021-USE-1-1-300x200.jpg 300w, https:\/\/visitdistrikt.rs\/media\/2022\/01\/RUDIMENTAL-2021-USE-1-1-768x512.jpg 768w\" sizes=\"(max-width: 800px) 100vw, 800px\" \/><\/a>\n\t\t\t<\/div><\/figure>\n\t\t<\/div>\n\n<p><strong>Concerts in clubs and caf\u00e9s<\/strong><\/p>\n<p>Everyone is for Do\u010dek, Do\u010dek is for everyone \u2013 that is why the performances of bands and DJs will be played in favourite Novi Sad places, such as Paberaj, Tunel, London Pub, Frida, Pero, Ka\u017ete, Bulevar Books, Gerila\u2026<\/p>\n<p><strong>Indoor concerts will be held in compliance with current epidemiological measures, and you can find more detailed information on tickets and performances on the <\/strong><a href=\"https:\/\/docekns.rs.\/\"><strong>Do\u010dek<\/strong><\/a><strong> website.\u00a0<\/strong><\/p>\n<p>&nbsp;<\/p>\n","protected":false},"excerpt":{"rendered":"<p>&nbsp; January 13 is approaching with another Do\u010dek that will mark the gala opening of the European Capital of Culture, thus at 8:22 p.m. we will celebrate this prestigious title together at the Banovina building with the unique play Zeniteum, which we recommend you not to miss. With a great programme, Novi Sad shows that [&hellip;]<\/p>\n","protected":false},"author":12,"featured_media":26728,"comment_status":"closed","ping_status":"closed","sticky":false,"template":"","format":"standard","meta":{"footnotes":"","_links_to":"","_links_to_target":""},"categories":[289,490,286],"tags":[460,1082],"yoast_head":"<!-- This site is optimized with the Yoast SEO plugin v22.4 - https:\/\/yoast.com\/wordpress\/plugins\/seo\/ -->\n<title>Do\u010dek 7530: Great Music Programme for Everyone&#039;s Taste - Visit Distrikt Novi Sad<\/title>\n<meta name=\"robots\" content=\"index, follow, max-snippet:-1, max-image-preview:large, max-video-preview:-1\" \/>\n<link rel=\"canonical\" href=\"https:\/\/visitdistrikt.rs\/en\/2022\/01\/12\/docek-7530-great-music-programme-for-everyones-taste\/\" \/>\n<meta property=\"og:locale\" content=\"en_US\" \/>\n<meta property=\"og:type\" content=\"article\" \/>\n<meta property=\"og:title\" content=\"Do\u010dek 7530: Great Music Programme for Everyone&#039;s Taste - Visit Distrikt Novi Sad\" \/>\n<meta property=\"og:description\" content=\"&nbsp; January 13 is approaching with another Do\u010dek that will mark the gala opening of the European Capital of Culture, thus at 8:22 p.m. we will celebrate this prestigious title together at the Banovina building with the unique play Zeniteum, which we recommend you not to miss. With a great programme, Novi Sad shows that [&hellip;]\" \/>\n<meta property=\"og:url\" content=\"https:\/\/visitdistrikt.rs\/en\/2022\/01\/12\/docek-7530-great-music-programme-for-everyones-taste\/\" \/>\n<meta property=\"og:site_name\" content=\"Visit Distrikt Novi Sad\" \/>\n<meta property=\"article:published_time\" content=\"2022-01-12T09:36:20+00:00\" \/>\n<meta property=\"article:modified_time\" content=\"2022-01-12T11:31:37+00:00\" \/>\n<meta property=\"og:image\" content=\"https:\/\/visitdistrikt.rs\/media\/2022\/01\/20181205_nv-93hd-by-rod-maurice-1-1024x683.jpg\" \/>\n\t<meta property=\"og:image:width\" content=\"1024\" \/>\n\t<meta property=\"og:image:height\" content=\"683\" \/>\n\t<meta property=\"og:image:type\" content=\"image\/jpeg\" \/>\n<meta name=\"author\" content=\"Lorjana Bosin\" \/>\n<meta name=\"twitter:card\" content=\"summary_large_image\" \/>\n<meta name=\"twitter:label1\" content=\"Written by\" \/>\n\t<meta name=\"twitter:data1\" content=\"Lorjana Bosin\" \/>\n\t<meta name=\"twitter:label2\" content=\"Est. reading time\" \/>\n\t<meta name=\"twitter:data2\" content=\"8 minutes\" \/>\n<script type=\"application\/ld+json\" class=\"yoast-schema-graph\">{\"@context\":\"https:\/\/schema.org\",\"@graph\":[{\"@type\":\"WebPage\",\"@id\":\"https:\/\/visitdistrikt.rs\/en\/2022\/01\/12\/docek-7530-great-music-programme-for-everyones-taste\/\",\"url\":\"https:\/\/visitdistrikt.rs\/en\/2022\/01\/12\/docek-7530-great-music-programme-for-everyones-taste\/\",\"name\":\"Do\u010dek 7530: Great Music Programme for Everyone's Taste - Visit Distrikt Novi Sad\",\"isPartOf\":{\"@id\":\"https:\/\/visitdistrikt.rs\/#website\"},\"primaryImageOfPage\":{\"@id\":\"https:\/\/visitdistrikt.rs\/en\/2022\/01\/12\/docek-7530-great-music-programme-for-everyones-taste\/#primaryimage\"},\"image\":{\"@id\":\"https:\/\/visitdistrikt.rs\/en\/2022\/01\/12\/docek-7530-great-music-programme-for-everyones-taste\/#primaryimage\"},\"thumbnailUrl\":\"https:\/\/visitdistrikt.rs\/media\/2022\/01\/20181205_nv-93hd-by-rod-maurice-1.jpg\",\"datePublished\":\"2022-01-12T09:36:20+00:00\",\"dateModified\":\"2022-01-12T11:31:37+00:00\",\"author\":{\"@id\":\"https:\/\/visitdistrikt.rs\/#\/schema\/person\/fa32a5f31c1ae719fccf65a253abfe6e\"},\"breadcrumb\":{\"@id\":\"https:\/\/visitdistrikt.rs\/en\/2022\/01\/12\/docek-7530-great-music-programme-for-everyones-taste\/#breadcrumb\"},\"inLanguage\":\"en-US\",\"potentialAction\":[{\"@type\":\"ReadAction\",\"target\":[\"https:\/\/visitdistrikt.rs\/en\/2022\/01\/12\/docek-7530-great-music-programme-for-everyones-taste\/\"]}]},{\"@type\":\"ImageObject\",\"inLanguage\":\"en-US\",\"@id\":\"https:\/\/visitdistrikt.rs\/en\/2022\/01\/12\/docek-7530-great-music-programme-for-everyones-taste\/#primaryimage\",\"url\":\"https:\/\/visitdistrikt.rs\/media\/2022\/01\/20181205_nv-93hd-by-rod-maurice-1.jpg\",\"contentUrl\":\"https:\/\/visitdistrikt.rs\/media\/2022\/01\/20181205_nv-93hd-by-rod-maurice-1.jpg\",\"width\":2560,\"height\":1707},{\"@type\":\"BreadcrumbList\",\"@id\":\"https:\/\/visitdistrikt.rs\/en\/2022\/01\/12\/docek-7530-great-music-programme-for-everyones-taste\/#breadcrumb\",\"itemListElement\":[{\"@type\":\"ListItem\",\"position\":1,\"name\":\"Home\",\"item\":\"https:\/\/visitdistrikt.rs\/en\/\"},{\"@type\":\"ListItem\",\"position\":2,\"name\":\"Do\u010dek 7530: Great Music Programme for Everyone&#8217;s Taste\"}]},{\"@type\":\"WebSite\",\"@id\":\"https:\/\/visitdistrikt.rs\/#website\",\"url\":\"https:\/\/visitdistrikt.rs\/\",\"name\":\"Visit Distrikt Novi Sad\",\"description\":\"Novi Sad\",\"potentialAction\":[{\"@type\":\"SearchAction\",\"target\":{\"@type\":\"EntryPoint\",\"urlTemplate\":\"https:\/\/visitdistrikt.rs\/?s={search_term_string}\"},\"query-input\":\"required name=search_term_string\"}],\"inLanguage\":\"en-US\"},{\"@type\":\"Person\",\"@id\":\"https:\/\/visitdistrikt.rs\/#\/schema\/person\/fa32a5f31c1ae719fccf65a253abfe6e\",\"name\":\"Lorjana Bosin\",\"image\":{\"@type\":\"ImageObject\",\"inLanguage\":\"en-US\",\"@id\":\"https:\/\/visitdistrikt.rs\/#\/schema\/person\/image\/\",\"url\":\"https:\/\/secure.gravatar.com\/avatar\/62c845b920390d354b66478c5e5cdaeb?s=96&d=mm&r=g\",\"contentUrl\":\"https:\/\/secure.gravatar.com\/avatar\/62c845b920390d354b66478c5e5cdaeb?s=96&d=mm&r=g\",\"caption\":\"Lorjana Bosin\"}}]}<\/script>\n<!-- \/ Yoast SEO plugin. -->","yoast_head_json":{"title":"Do\u010dek 7530: Great Music Programme for Everyone's Taste - Visit Distrikt Novi Sad","robots":{"index":"index","follow":"follow","max-snippet":"max-snippet:-1","max-image-preview":"max-image-preview:large","max-video-preview":"max-video-preview:-1"},"canonical":"https:\/\/visitdistrikt.rs\/en\/2022\/01\/12\/docek-7530-great-music-programme-for-everyones-taste\/","og_locale":"en_US","og_type":"article","og_title":"Do\u010dek 7530: Great Music Programme for Everyone's Taste - Visit Distrikt Novi Sad","og_description":"&nbsp; January 13 is approaching with another Do\u010dek that will mark the gala opening of the European Capital of Culture, thus at 8:22 p.m. we will celebrate this prestigious title together at the Banovina building with the unique play Zeniteum, which we recommend you not to miss. With a great programme, Novi Sad shows that [&hellip;]","og_url":"https:\/\/visitdistrikt.rs\/en\/2022\/01\/12\/docek-7530-great-music-programme-for-everyones-taste\/","og_site_name":"Visit Distrikt Novi Sad","article_published_time":"2022-01-12T09:36:20+00:00","article_modified_time":"2022-01-12T11:31:37+00:00","og_image":[{"width":1024,"height":683,"url":"https:\/\/visitdistrikt.rs\/media\/2022\/01\/20181205_nv-93hd-by-rod-maurice-1-1024x683.jpg","type":"image\/jpeg"}],"author":"Lorjana Bosin","twitter_card":"summary_large_image","twitter_misc":{"Written by":"Lorjana Bosin","Est. reading time":"8 minutes"},"schema":{"@context":"https:\/\/schema.org","@graph":[{"@type":"WebPage","@id":"https:\/\/visitdistrikt.rs\/en\/2022\/01\/12\/docek-7530-great-music-programme-for-everyones-taste\/","url":"https:\/\/visitdistrikt.rs\/en\/2022\/01\/12\/docek-7530-great-music-programme-for-everyones-taste\/","name":"Do\u010dek 7530: Great Music Programme for Everyone's Taste - Visit Distrikt Novi Sad","isPartOf":{"@id":"https:\/\/visitdistrikt.rs\/#website"},"primaryImageOfPage":{"@id":"https:\/\/visitdistrikt.rs\/en\/2022\/01\/12\/docek-7530-great-music-programme-for-everyones-taste\/#primaryimage"},"image":{"@id":"https:\/\/visitdistrikt.rs\/en\/2022\/01\/12\/docek-7530-great-music-programme-for-everyones-taste\/#primaryimage"},"thumbnailUrl":"https:\/\/visitdistrikt.rs\/media\/2022\/01\/20181205_nv-93hd-by-rod-maurice-1.jpg","datePublished":"2022-01-12T09:36:20+00:00","dateModified":"2022-01-12T11:31:37+00:00","author":{"@id":"https:\/\/visitdistrikt.rs\/#\/schema\/person\/fa32a5f31c1ae719fccf65a253abfe6e"},"breadcrumb":{"@id":"https:\/\/visitdistrikt.rs\/en\/2022\/01\/12\/docek-7530-great-music-programme-for-everyones-taste\/#breadcrumb"},"inLanguage":"en-US","potentialAction":[{"@type":"ReadAction","target":["https:\/\/visitdistrikt.rs\/en\/2022\/01\/12\/docek-7530-great-music-programme-for-everyones-taste\/"]}]},{"@type":"ImageObject","inLanguage":"en-US","@id":"https:\/\/visitdistrikt.rs\/en\/2022\/01\/12\/docek-7530-great-music-programme-for-everyones-taste\/#primaryimage","url":"https:\/\/visitdistrikt.rs\/media\/2022\/01\/20181205_nv-93hd-by-rod-maurice-1.jpg","contentUrl":"https:\/\/visitdistrikt.rs\/media\/2022\/01\/20181205_nv-93hd-by-rod-maurice-1.jpg","width":2560,"height":1707},{"@type":"BreadcrumbList","@id":"https:\/\/visitdistrikt.rs\/en\/2022\/01\/12\/docek-7530-great-music-programme-for-everyones-taste\/#breadcrumb","itemListElement":[{"@type":"ListItem","position":1,"name":"Home","item":"https:\/\/visitdistrikt.rs\/en\/"},{"@type":"ListItem","position":2,"name":"Do\u010dek 7530: Great Music Programme for Everyone&#8217;s Taste"}]},{"@type":"WebSite","@id":"https:\/\/visitdistrikt.rs\/#website","url":"https:\/\/visitdistrikt.rs\/","name":"Visit Distrikt Novi Sad","description":"Novi Sad","potentialAction":[{"@type":"SearchAction","target":{"@type":"EntryPoint","urlTemplate":"https:\/\/visitdistrikt.rs\/?s={search_term_string}"},"query-input":"required name=search_term_string"}],"inLanguage":"en-US"},{"@type":"Person","@id":"https:\/\/visitdistrikt.rs\/#\/schema\/person\/fa32a5f31c1ae719fccf65a253abfe6e","name":"Lorjana Bosin","image":{"@type":"ImageObject","inLanguage":"en-US","@id":"https:\/\/visitdistrikt.rs\/#\/schema\/person\/image\/","url":"https:\/\/secure.gravatar.com\/avatar\/62c845b920390d354b66478c5e5cdaeb?s=96&d=mm&r=g","contentUrl":"https:\/\/secure.gravatar.com\/avatar\/62c845b920390d354b66478c5e5cdaeb?s=96&d=mm&r=g","caption":"Lorjana Bosin"}}]}},"_links":{"self":[{"href":"https:\/\/visitdistrikt.rs\/en\/wp-json\/wp\/v2\/posts\/26884"}],"collection":[{"href":"https:\/\/visitdistrikt.rs\/en\/wp-json\/wp\/v2\/posts"}],"about":[{"href":"https:\/\/visitdistrikt.rs\/en\/wp-json\/wp\/v2\/types\/post"}],"author":[{"embeddable":true,"href":"https:\/\/visitdistrikt.rs\/en\/wp-json\/wp\/v2\/users\/12"}],"replies":[{"embeddable":true,"href":"https:\/\/visitdistrikt.rs\/en\/wp-json\/wp\/v2\/comments?post=26884"}],"version-history":[{"count":2,"href":"https:\/\/visitdistrikt.rs\/en\/wp-json\/wp\/v2\/posts\/26884\/revisions"}],"predecessor-version":[{"id":26889,"href":"https:\/\/visitdistrikt.rs\/en\/wp-json\/wp\/v2\/posts\/26884\/revisions\/26889"}],"wp:featuredmedia":[{"embeddable":true,"href":"https:\/\/visitdistrikt.rs\/en\/wp-json\/wp\/v2\/media\/26728"}],"wp:attachment":[{"href":"https:\/\/visitdistrikt.rs\/en\/wp-json\/wp\/v2\/media?parent=26884"}],"wp:term":[{"taxonomy":"category","embeddable":true,"href":"https:\/\/visitdistrikt.rs\/en\/wp-json\/wp\/v2\/categories?post=26884"},{"taxonomy":"post_tag","embeddable":true,"href":"https:\/\/visitdistrikt.rs\/en\/wp-json\/wp\/v2\/tags?post=26884"}],"curies":[{"name":"wp","href":"https:\/\/api.w.org\/{rel}","templated":true}]}}