{"id":31423,"date":"2022-03-17T14:01:11","date_gmt":"2022-03-17T13:01:11","guid":{"rendered":"https:\/\/visitdistrikt.rs\/?p=31423"},"modified":"2022-03-17T14:30:40","modified_gmt":"2022-03-17T13:30:40","slug":"clash-of-cultures-in-cultural-stations","status":"publish","type":"post","link":"https:\/\/visitdistrikt.rs\/en\/2022\/03\/17\/clash-of-cultures-in-cultural-stations\/","title":{"rendered":"Clash of Cultures in Cultural Stations"},"content":{"rendered":"\t\t<div data-elementor-type=\"wp-post\" data-elementor-id=\"31423\" class=\"elementor elementor-31423 elementor-31303\" data-elementor-post-type=\"post\">\n\t\t\t\t\t\t<section class=\"elementor-section elementor-top-section elementor-element elementor-element-5ee5789 elementor-section-boxed elementor-section-height-default elementor-section-height-default\" data-id=\"5ee5789\" data-element_type=\"section\">\n\t\t\t\t\t\t<div class=\"elementor-container elementor-column-gap-default\">\n\t\t\t\t\t<div class=\"elementor-column elementor-col-100 elementor-top-column elementor-element elementor-element-7e87a2f\" data-id=\"7e87a2f\" data-element_type=\"column\">\n\t\t\t<div class=\"elementor-widget-wrap elementor-element-populated\">\n\t\t\t\t\t\t<div class=\"elementor-element elementor-element-bc94c37 elementor-widget elementor-widget-text-editor\" data-id=\"bc94c37\" data-element_type=\"widget\" data-widget_type=\"text-editor.default\">\n\t\t\t\t<div class=\"elementor-widget-container\">\n\t\t\t\t\t\t\t\t\t\t\t\t\t<\/div>\n\t\t\t\t<\/div>\n\t\t\t\t<div class=\"elementor-element elementor-element-e0bb39f elementor-widget elementor-widget-text-editor\" data-id=\"e0bb39f\" data-element_type=\"widget\" data-widget_type=\"text-editor.default\">\n\t\t\t\t<div class=\"elementor-widget-container\">\n\t\t\t\t\t\t\t<p>Cultural stations are new cultural centres that bring art closer to the local population and provide an opportunity for it to reach an individual in every corner of the city. They used to house industrial facilities and recreational centres, and their walls witnessed the history of the city and the events that influenced its development\u2026 Thanks to the title of European Capital of Culture, these new places of culture at as many as <strong>seven locations<\/strong> in the city have been renovated and fit perfectly into the rhythm of the city which nurtures its rich cultural and historical heritage. They breathed new life into the cultural scene of Novi Sad and its neighbourhoods.<br \/><strong>Over the next four days<\/strong>, cultural stations throughout Novi Sad will host a mix of European art and top gastronomy. The <strong>Caravan<\/strong> awaits us &#8211; a unique<strong> journey to European regions through flavours and music<\/strong>. Within the Migrations programme arch, each day two of the cultural stations will offer you an opportunity to enjoy gastronomic specialities of northern, western, eastern, or southern Europe, and to hear some of the most current representatives of the world music scene. The menu inspired by the national cuisines of Europe was created by the talented <strong>Filip Milovanovi\u0107<\/strong>, the chef of the Loft restaurant, with whom we recently spoke about this event.<br \/>We invite you to embark with us on this gastro-musical journey, as we present each of the seven <strong>cultural stations<\/strong> that will be the <strong>epicentre of taste and traditional sound<\/strong> in the upcoming days.<\/p><h2>Svilara Cultural Station<\/h2><p>Location: 6b \u0110or\u0111a Rajkovi\u0107a Street<br \/>The renovated factory used for dying silk almost two centuries ago has been turned into the Svilara Cultural Station. It is located in the oldest district of Novi Sad \u2013 Alma\u0161 Neighbourhood &#8211; and today it is a gathering place for artists, creative spirits, and their fellow citizens who want and have the opportunity to get involved in the cultural activities of the city. Since it was renovated and given a new purpose in 2018, Svilara has hosted hundreds of artists and visitors as part of many different events, including plays and contemporary performances, concerts, workshops, forums, and children&#8217;s programmes. You will recognize it by its characteristic chimney.<\/p>\t\t\t\t\t\t<\/div>\n\t\t\t\t<\/div>\n\t\t\t\t\t<\/div>\n\t\t<\/div>\n\t\t\t\t\t<\/div>\n\t\t<\/section>\n\t\t\t\t<section class=\"elementor-section elementor-top-section elementor-element elementor-element-5341ea9 elementor-section-boxed elementor-section-height-default elementor-section-height-default\" data-id=\"5341ea9\" data-element_type=\"section\">\n\t\t\t\t\t\t<div class=\"elementor-container elementor-column-gap-default\">\n\t\t\t\t\t<div class=\"elementor-column elementor-col-100 elementor-top-column elementor-element elementor-element-84ef5af\" data-id=\"84ef5af\" data-element_type=\"column\">\n\t\t\t<div class=\"elementor-widget-wrap elementor-element-populated\">\n\t\t\t\t\t\t<div class=\"elementor-element elementor-element-68317ca elementor-widget elementor-widget-image\" data-id=\"68317ca\" data-element_type=\"widget\" data-widget_type=\"image.default\">\n\t\t\t\t<div class=\"elementor-widget-container\">\n\t\t\t\t\t\t\t\t\t\t\t\t\t<img fetchpriority=\"high\" decoding=\"async\" width=\"800\" height=\"533\" src=\"https:\/\/visitdistrikt.rs\/media\/2022\/03\/V.VelickovicMay19.075-1320x880-1.jpg\" class=\"attachment-large size-large wp-image-31313\" alt=\"\" srcset=\"https:\/\/visitdistrikt.rs\/media\/2022\/03\/V.VelickovicMay19.075-1320x880-1.jpg 800w, https:\/\/visitdistrikt.rs\/media\/2022\/03\/V.VelickovicMay19.075-1320x880-1-300x200.jpg 300w, https:\/\/visitdistrikt.rs\/media\/2022\/03\/V.VelickovicMay19.075-1320x880-1-768x512.jpg 768w\" sizes=\"(max-width: 800px) 100vw, 800px\" \/>\t\t\t\t\t\t\t\t\t\t\t\t\t<\/div>\n\t\t\t\t<\/div>\n\t\t\t\t\t<\/div>\n\t\t<\/div>\n\t\t\t\t\t<\/div>\n\t\t<\/section>\n\t\t\t\t<section class=\"elementor-section elementor-top-section elementor-element elementor-element-60ab8d0 elementor-section-boxed elementor-section-height-default elementor-section-height-default\" data-id=\"60ab8d0\" data-element_type=\"section\">\n\t\t\t\t\t\t<div class=\"elementor-container elementor-column-gap-default\">\n\t\t\t\t\t<div class=\"elementor-column elementor-col-100 elementor-top-column elementor-element elementor-element-73cb3d4\" data-id=\"73cb3d4\" data-element_type=\"column\">\n\t\t\t<div class=\"elementor-widget-wrap elementor-element-populated\">\n\t\t\t\t\t\t<div class=\"elementor-element elementor-element-42a532c elementor-widget elementor-widget-text-editor\" data-id=\"42a532c\" data-element_type=\"widget\" data-widget_type=\"text-editor.default\">\n\t\t\t\t<div class=\"elementor-widget-container\">\n\t\t\t\t\t\t\t<p><strong>Caravan in Svilara (17 March)<\/strong>: Don&#8217;t miss a chance to enjoy <strong>the gastronomy of Western Europe<\/strong> at<strong> 6 p.m<\/strong>. in CS Svilara. Try French croissants and German sausages, but also a cheesecake, quite different from the one you are used to. Pamper your senses with irresistible tastes and indulge in a great music programme. The Italian band <strong>The Sith<\/strong> will perform for you, combining Celtic music with electronic sound. Their performance starts at 7.30 p.m.<\/p>\t\t\t\t\t\t<\/div>\n\t\t\t\t<\/div>\n\t\t\t\t\t<\/div>\n\t\t<\/div>\n\t\t\t\t\t<\/div>\n\t\t<\/section>\n\t\t\t\t<section class=\"elementor-section elementor-top-section elementor-element elementor-element-49d839c elementor-section-boxed elementor-section-height-default elementor-section-height-default\" data-id=\"49d839c\" data-element_type=\"section\">\n\t\t\t\t\t\t<div class=\"elementor-container elementor-column-gap-default\">\n\t\t\t\t\t<div class=\"elementor-column elementor-col-100 elementor-top-column elementor-element elementor-element-0de10be\" data-id=\"0de10be\" data-element_type=\"column\">\n\t\t\t<div class=\"elementor-widget-wrap elementor-element-populated\">\n\t\t\t\t\t\t<div class=\"elementor-element elementor-element-f798d9b elementor-widget elementor-widget-gallery\" data-id=\"f798d9b\" data-element_type=\"widget\" data-settings=\"{&quot;columns&quot;:2,&quot;lazyload&quot;:&quot;yes&quot;,&quot;gallery_layout&quot;:&quot;grid&quot;,&quot;columns_tablet&quot;:2,&quot;columns_mobile&quot;:1,&quot;gap&quot;:{&quot;unit&quot;:&quot;px&quot;,&quot;size&quot;:10,&quot;sizes&quot;:[]},&quot;gap_tablet&quot;:{&quot;unit&quot;:&quot;px&quot;,&quot;size&quot;:10,&quot;sizes&quot;:[]},&quot;gap_mobile&quot;:{&quot;unit&quot;:&quot;px&quot;,&quot;size&quot;:10,&quot;sizes&quot;:[]},&quot;link_to&quot;:&quot;file&quot;,&quot;aspect_ratio&quot;:&quot;3:2&quot;,&quot;overlay_background&quot;:&quot;yes&quot;,&quot;content_hover_animation&quot;:&quot;fade-in&quot;}\" data-widget_type=\"gallery.default\">\n\t\t\t\t<div class=\"elementor-widget-container\">\n\t\t\t\t\t<div class=\"elementor-gallery__container\">\n\t\t\t\t\t\t\t<a class=\"e-gallery-item elementor-gallery-item elementor-animated-content\" href=\"https:\/\/visitdistrikt.rs\/media\/2022\/03\/THE_SIDH_PHOTO_4_30-1.jpg\" data-elementor-open-lightbox=\"yes\" data-elementor-lightbox-slideshow=\"f798d9b\" data-e-action-hash=\"#elementor-action%3Aaction%3Dlightbox%26settings%3DeyJpZCI6MzEzMTUsInVybCI6Imh0dHBzOlwvXC92aXNpdGRpc3RyaWt0LnJzXC9tZWRpYVwvMjAyMlwvMDNcL1RIRV9TSURIX1BIT1RPXzRfMzAtMS5qcGciLCJzbGlkZXNob3ciOiJmNzk4ZDliIn0%3D\">\n\t\t\t\t\t<div class=\"e-gallery-image elementor-gallery-item__image\" data-thumbnail=\"https:\/\/visitdistrikt.rs\/media\/2022\/03\/THE_SIDH_PHOTO_4_30-1.jpg\" data-width=\"800\" data-height=\"563\" aria-label=\"\" role=\"img\" ><\/div>\n\t\t\t\t\t\t\t\t\t\t\t<div class=\"elementor-gallery-item__overlay\"><\/div>\n\t\t\t\t\t\t\t\t\t\t\t\t\t\t<\/a>\n\t\t\t\t\t\t\t<a class=\"e-gallery-item elementor-gallery-item elementor-animated-content\" href=\"https:\/\/visitdistrikt.rs\/media\/2022\/03\/250A7502-1.jpg\" data-elementor-open-lightbox=\"yes\" data-elementor-lightbox-slideshow=\"f798d9b\" data-e-action-hash=\"#elementor-action%3Aaction%3Dlightbox%26settings%3DeyJpZCI6MzEyNTUsInVybCI6Imh0dHBzOlwvXC92aXNpdGRpc3RyaWt0LnJzXC9tZWRpYVwvMjAyMlwvMDNcLzI1MEE3NTAyLTEuanBnIiwic2xpZGVzaG93IjoiZjc5OGQ5YiJ9\">\n\t\t\t\t\t<div class=\"e-gallery-image elementor-gallery-item__image\" data-thumbnail=\"https:\/\/visitdistrikt.rs\/media\/2022\/03\/250A7502-1.jpg\" data-width=\"800\" data-height=\"533\" aria-label=\"\" role=\"img\" ><\/div>\n\t\t\t\t\t\t\t\t\t\t\t<div class=\"elementor-gallery-item__overlay\"><\/div>\n\t\t\t\t\t\t\t\t\t\t\t\t\t\t<\/a>\n\t\t\t\t\t<\/div>\n\t\t\t<\/div>\n\t\t\t\t<\/div>\n\t\t\t\t\t<\/div>\n\t\t<\/div>\n\t\t\t\t\t<\/div>\n\t\t<\/section>\n\t\t\t\t<section class=\"elementor-section elementor-top-section elementor-element elementor-element-578c4c4 elementor-section-boxed elementor-section-height-default elementor-section-height-default\" data-id=\"578c4c4\" data-element_type=\"section\">\n\t\t\t\t\t\t<div class=\"elementor-container elementor-column-gap-default\">\n\t\t\t\t\t<div class=\"elementor-column elementor-col-100 elementor-top-column elementor-element elementor-element-279491f\" data-id=\"279491f\" data-element_type=\"column\">\n\t\t\t<div class=\"elementor-widget-wrap elementor-element-populated\">\n\t\t\t\t\t\t<div class=\"elementor-element elementor-element-6837987 elementor-widget elementor-widget-text-editor\" data-id=\"6837987\" data-element_type=\"widget\" data-widget_type=\"text-editor.default\">\n\t\t\t\t<div class=\"elementor-widget-container\">\n\t\t\t\t\t\t\t<h2><strong>Bukovac Cultural Station<\/strong><\/h2><p><strong>Location:<\/strong> 76 Karadjordjeva Street<\/p><p>If you want to get away from the hustle and bustle of the city and enjoy the cultural content, the ideal place to find refuge in is the <strong>Bukovac Cultural Station<\/strong>. It is located on the slopes of Fru\u0161ka Gora only ten kilometres from Novi Sad, and it represents an incredible combination of tradition and culture. Within this station, there is also a cultural and artistic club with developed international cooperation, named after the famous poet <strong>Milica Stojadinovi\u0107 Srpkinja<\/strong>, whose house of birth is in the centre of Bukovac. The Bukovac Cultural Station is located in the building of the former cultural centre and kept its old film projectors, thanks to which we can still enjoy movie screenings from original film tapes. CS Bukovac is surrounded by nature and greenery and is an ideal location for holding cultural and artistic events outdoors. Nearby is a famous extreme sports park, which has already made Bukovac recognizable in the adrenaline community.<\/p>\t\t\t\t\t\t<\/div>\n\t\t\t\t<\/div>\n\t\t\t\t\t<\/div>\n\t\t<\/div>\n\t\t\t\t\t<\/div>\n\t\t<\/section>\n\t\t\t\t<section class=\"elementor-section elementor-top-section elementor-element elementor-element-7767cad elementor-section-boxed elementor-section-height-default elementor-section-height-default\" data-id=\"7767cad\" data-element_type=\"section\">\n\t\t\t\t\t\t<div class=\"elementor-container elementor-column-gap-default\">\n\t\t\t\t\t<div class=\"elementor-column elementor-col-100 elementor-top-column elementor-element elementor-element-e744eaf\" data-id=\"e744eaf\" data-element_type=\"column\">\n\t\t\t<div class=\"elementor-widget-wrap elementor-element-populated\">\n\t\t\t\t\t\t<div class=\"elementor-element elementor-element-34a9259 elementor-widget elementor-widget-image\" data-id=\"34a9259\" data-element_type=\"widget\" data-widget_type=\"image.default\">\n\t\t\t\t<div class=\"elementor-widget-container\">\n\t\t\t\t\t\t\t\t\t\t\t\t\t<img decoding=\"async\" width=\"800\" height=\"533\" src=\"https:\/\/visitdistrikt.rs\/media\/2022\/03\/KS-Bukovac-foto-Jelena-Ivanovic7.jpg\" class=\"attachment-large size-large wp-image-31317\" alt=\"\" srcset=\"https:\/\/visitdistrikt.rs\/media\/2022\/03\/KS-Bukovac-foto-Jelena-Ivanovic7.jpg 800w, https:\/\/visitdistrikt.rs\/media\/2022\/03\/KS-Bukovac-foto-Jelena-Ivanovic7-300x200.jpg 300w, https:\/\/visitdistrikt.rs\/media\/2022\/03\/KS-Bukovac-foto-Jelena-Ivanovic7-768x512.jpg 768w\" sizes=\"(max-width: 800px) 100vw, 800px\" \/>\t\t\t\t\t\t\t\t\t\t\t\t\t<\/div>\n\t\t\t\t<\/div>\n\t\t\t\t\t<\/div>\n\t\t<\/div>\n\t\t\t\t\t<\/div>\n\t\t<\/section>\n\t\t\t\t<section class=\"elementor-section elementor-top-section elementor-element elementor-element-97b44ab elementor-section-boxed elementor-section-height-default elementor-section-height-default\" data-id=\"97b44ab\" data-element_type=\"section\">\n\t\t\t\t\t\t<div class=\"elementor-container elementor-column-gap-default\">\n\t\t\t\t\t<div class=\"elementor-column elementor-col-100 elementor-top-column elementor-element elementor-element-e6b743c\" data-id=\"e6b743c\" data-element_type=\"column\">\n\t\t\t<div class=\"elementor-widget-wrap elementor-element-populated\">\n\t\t\t\t\t\t<div class=\"elementor-element elementor-element-d97eaf3 elementor-widget elementor-widget-text-editor\" data-id=\"d97eaf3\" data-element_type=\"widget\" data-widget_type=\"text-editor.default\">\n\t\t\t\t<div class=\"elementor-widget-container\">\n\t\t\t\t\t\t\t<p class=\"MsoNormal\" style=\"text-align:justify\"><b><span lang=\"EN-GB\">Caravan in\nBukovac<\/span><\/b><span lang=\"EN-GB\"> (17 March): Simultaneously with the programme\nin Svilara, the Bukovac Cultural Station will be a meeting place for French and\nGerman cuisine, i.e., top specialities worth experiencing. Delicious meals will\nbe served from <b>6 p.m.<\/b>, and the music programme in this cultural station\nstarts at <b>7.30 p.m.<\/b> In Bukovac, you will be introduced to the first\nSerbian gospel choir, which bases its work on traditional spiritual and gospel\nmusic. Don\u2019t miss the unique <b>Merry Gospel Choir<\/b>.<o:p><\/o:p><\/span><\/p>\t\t\t\t\t\t<\/div>\n\t\t\t\t<\/div>\n\t\t\t\t<div class=\"elementor-element elementor-element-0b0379a elementor-widget elementor-widget-gallery\" data-id=\"0b0379a\" data-element_type=\"widget\" data-settings=\"{&quot;columns&quot;:3,&quot;lazyload&quot;:&quot;yes&quot;,&quot;gallery_layout&quot;:&quot;grid&quot;,&quot;columns_tablet&quot;:2,&quot;columns_mobile&quot;:1,&quot;gap&quot;:{&quot;unit&quot;:&quot;px&quot;,&quot;size&quot;:10,&quot;sizes&quot;:[]},&quot;gap_tablet&quot;:{&quot;unit&quot;:&quot;px&quot;,&quot;size&quot;:10,&quot;sizes&quot;:[]},&quot;gap_mobile&quot;:{&quot;unit&quot;:&quot;px&quot;,&quot;size&quot;:10,&quot;sizes&quot;:[]},&quot;link_to&quot;:&quot;file&quot;,&quot;aspect_ratio&quot;:&quot;3:2&quot;,&quot;overlay_background&quot;:&quot;yes&quot;,&quot;content_hover_animation&quot;:&quot;fade-in&quot;}\" data-widget_type=\"gallery.default\">\n\t\t\t\t<div class=\"elementor-widget-container\">\n\t\t\t\t\t<div class=\"elementor-gallery__container\">\n\t\t\t\t\t\t\t<a class=\"e-gallery-item elementor-gallery-item elementor-animated-content\" href=\"https:\/\/visitdistrikt.rs\/media\/2022\/03\/IMG_0381-1-2048x1365-1.jpg\" data-elementor-open-lightbox=\"yes\" data-elementor-lightbox-slideshow=\"0b0379a\" data-e-action-hash=\"#elementor-action%3Aaction%3Dlightbox%26settings%3DeyJpZCI6MzEzMjUsInVybCI6Imh0dHBzOlwvXC92aXNpdGRpc3RyaWt0LnJzXC9tZWRpYVwvMjAyMlwvMDNcL0lNR18wMzgxLTEtMjA0OHgxMzY1LTEuanBnIiwic2xpZGVzaG93IjoiMGIwMzc5YSJ9\">\n\t\t\t\t\t<div class=\"e-gallery-image elementor-gallery-item__image\" data-thumbnail=\"https:\/\/visitdistrikt.rs\/media\/2022\/03\/IMG_0381-1-2048x1365-1.jpg\" data-width=\"800\" data-height=\"533\" aria-label=\"\" role=\"img\" ><\/div>\n\t\t\t\t\t\t\t\t\t\t\t<div class=\"elementor-gallery-item__overlay\"><\/div>\n\t\t\t\t\t\t\t\t\t\t\t\t\t\t<\/a>\n\t\t\t\t\t\t\t<a class=\"e-gallery-item elementor-gallery-item elementor-animated-content\" href=\"https:\/\/visitdistrikt.rs\/media\/2022\/03\/250A7494-1.jpg\" data-elementor-open-lightbox=\"yes\" data-elementor-lightbox-slideshow=\"0b0379a\" data-e-action-hash=\"#elementor-action%3Aaction%3Dlightbox%26settings%3DeyJpZCI6MzEyNDksInVybCI6Imh0dHBzOlwvXC92aXNpdGRpc3RyaWt0LnJzXC9tZWRpYVwvMjAyMlwvMDNcLzI1MEE3NDk0LTEuanBnIiwic2xpZGVzaG93IjoiMGIwMzc5YSJ9\">\n\t\t\t\t\t<div class=\"e-gallery-image elementor-gallery-item__image\" data-thumbnail=\"https:\/\/visitdistrikt.rs\/media\/2022\/03\/250A7494-1.jpg\" data-width=\"800\" data-height=\"533\" aria-label=\"\" role=\"img\" ><\/div>\n\t\t\t\t\t\t\t\t\t\t\t<div class=\"elementor-gallery-item__overlay\"><\/div>\n\t\t\t\t\t\t\t\t\t\t\t\t\t\t<\/a>\n\t\t\t\t\t\t\t<a class=\"e-gallery-item elementor-gallery-item elementor-animated-content\" href=\"https:\/\/visitdistrikt.rs\/media\/2022\/03\/250A7504-1.jpg\" data-elementor-open-lightbox=\"yes\" data-elementor-lightbox-slideshow=\"0b0379a\" data-e-action-hash=\"#elementor-action%3Aaction%3Dlightbox%26settings%3DeyJpZCI6MzEyNTMsInVybCI6Imh0dHBzOlwvXC92aXNpdGRpc3RyaWt0LnJzXC9tZWRpYVwvMjAyMlwvMDNcLzI1MEE3NTA0LTEuanBnIiwic2xpZGVzaG93IjoiMGIwMzc5YSJ9\">\n\t\t\t\t\t<div class=\"e-gallery-image elementor-gallery-item__image\" data-thumbnail=\"https:\/\/visitdistrikt.rs\/media\/2022\/03\/250A7504-1.jpg\" data-width=\"800\" data-height=\"533\" aria-label=\"\" role=\"img\" ><\/div>\n\t\t\t\t\t\t\t\t\t\t\t<div class=\"elementor-gallery-item__overlay\"><\/div>\n\t\t\t\t\t\t\t\t\t\t\t\t\t\t<\/a>\n\t\t\t\t\t<\/div>\n\t\t\t<\/div>\n\t\t\t\t<\/div>\n\t\t\t\t\t<\/div>\n\t\t<\/div>\n\t\t\t\t\t<\/div>\n\t\t<\/section>\n\t\t\t\t<section class=\"elementor-section elementor-top-section elementor-element elementor-element-0a950e3 elementor-section-boxed elementor-section-height-default elementor-section-height-default\" data-id=\"0a950e3\" data-element_type=\"section\">\n\t\t\t\t\t\t<div class=\"elementor-container elementor-column-gap-default\">\n\t\t\t\t\t<div class=\"elementor-column elementor-col-100 elementor-top-column elementor-element elementor-element-740cb5d\" data-id=\"740cb5d\" data-element_type=\"column\">\n\t\t\t<div class=\"elementor-widget-wrap elementor-element-populated\">\n\t\t\t\t\t\t<div class=\"elementor-element elementor-element-ddeeeb0 elementor-widget elementor-widget-text-editor\" data-id=\"ddeeeb0\" data-element_type=\"widget\" data-widget_type=\"text-editor.default\">\n\t\t\t\t<div class=\"elementor-widget-container\">\n\t\t\t\t\t\t\t<p><strong>Barka Cultural Station<\/strong><\/p><p><strong>Location:<\/strong> 54 \u010cenejska Street<\/p><p>This is one of the youngest cultural stations in the city, opened as recent as 2020, but in a short time, it managed to charm and win over art lovers and residents of Slana Bara, Vidovdansko Naselje and Klisa. Enriching the everyday life of citizens with the colours of art, Barka managed to present the rich cultural heritage of the city, thanks to the functionality of the space and the attractive cultural programme.<\/p>\t\t\t\t\t\t<\/div>\n\t\t\t\t<\/div>\n\t\t\t\t\t<\/div>\n\t\t<\/div>\n\t\t\t\t\t<\/div>\n\t\t<\/section>\n\t\t\t\t<section class=\"elementor-section elementor-top-section elementor-element elementor-element-409cff9 elementor-section-boxed elementor-section-height-default elementor-section-height-default\" data-id=\"409cff9\" data-element_type=\"section\">\n\t\t\t\t\t\t<div class=\"elementor-container elementor-column-gap-default\">\n\t\t\t\t\t<div class=\"elementor-column elementor-col-100 elementor-top-column elementor-element elementor-element-31fc594\" data-id=\"31fc594\" data-element_type=\"column\">\n\t\t\t<div class=\"elementor-widget-wrap elementor-element-populated\">\n\t\t\t\t\t\t<div class=\"elementor-element elementor-element-0831312 elementor-widget elementor-widget-image\" data-id=\"0831312\" data-element_type=\"widget\" data-widget_type=\"image.default\">\n\t\t\t\t<div class=\"elementor-widget-container\">\n\t\t\t\t\t\t\t\t\t\t\t\t\t<img decoding=\"async\" width=\"800\" height=\"534\" src=\"https:\/\/visitdistrikt.rs\/media\/2022\/03\/EPK-ks-Barka-foto-Jelena-Ivanovic-37.jpg\" class=\"attachment-large size-large wp-image-31330\" alt=\"\" srcset=\"https:\/\/visitdistrikt.rs\/media\/2022\/03\/EPK-ks-Barka-foto-Jelena-Ivanovic-37.jpg 800w, https:\/\/visitdistrikt.rs\/media\/2022\/03\/EPK-ks-Barka-foto-Jelena-Ivanovic-37-300x200.jpg 300w, https:\/\/visitdistrikt.rs\/media\/2022\/03\/EPK-ks-Barka-foto-Jelena-Ivanovic-37-768x513.jpg 768w\" sizes=\"(max-width: 800px) 100vw, 800px\" \/>\t\t\t\t\t\t\t\t\t\t\t\t\t<\/div>\n\t\t\t\t<\/div>\n\t\t\t\t\t<\/div>\n\t\t<\/div>\n\t\t\t\t\t<\/div>\n\t\t<\/section>\n\t\t\t\t<section class=\"elementor-section elementor-top-section elementor-element elementor-element-31221f0 elementor-section-boxed elementor-section-height-default elementor-section-height-default\" data-id=\"31221f0\" data-element_type=\"section\">\n\t\t\t\t\t\t<div class=\"elementor-container elementor-column-gap-default\">\n\t\t\t\t\t<div class=\"elementor-column elementor-col-100 elementor-top-column elementor-element elementor-element-f3a4f8c\" data-id=\"f3a4f8c\" data-element_type=\"column\">\n\t\t\t<div class=\"elementor-widget-wrap elementor-element-populated\">\n\t\t\t\t\t\t<div class=\"elementor-element elementor-element-0fd799d elementor-widget elementor-widget-text-editor\" data-id=\"0fd799d\" data-element_type=\"widget\" data-widget_type=\"text-editor.default\">\n\t\t\t\t<div class=\"elementor-widget-container\">\n\t\t\t\t\t\t\t<p><strong>Caravan in Barka<\/strong> (18 March): Finish the workweek by relaxing at this cultural station from <strong>6 p.m.<\/strong>, when the already mentioned chef of the Loft restaurant <strong>Filip Milovanovi\u0107<\/strong> and his team will prepare <strong>specialities of northern Europe<\/strong> for you. You must try traditional, irresistible Danish pastries, classic English baking, as well as Swedish almond cake. The Norwegian band <strong>Svartlamon Hardkor<\/strong> <strong>and Jovan Pavlovi\u0107<\/strong> will entertain you in Barka from <strong>7.30 p.m.<\/strong> Do not miss it!<\/p>\t\t\t\t\t\t<\/div>\n\t\t\t\t<\/div>\n\t\t\t\t\t<\/div>\n\t\t<\/div>\n\t\t\t\t\t<\/div>\n\t\t<\/section>\n\t\t\t\t<section class=\"elementor-section elementor-top-section elementor-element elementor-element-8009cc5 elementor-section-boxed elementor-section-height-default elementor-section-height-default\" data-id=\"8009cc5\" data-element_type=\"section\">\n\t\t\t\t\t\t<div class=\"elementor-container elementor-column-gap-default\">\n\t\t\t\t\t<div class=\"elementor-column elementor-col-100 elementor-top-column elementor-element elementor-element-4e745fe\" data-id=\"4e745fe\" data-element_type=\"column\">\n\t\t\t<div class=\"elementor-widget-wrap elementor-element-populated\">\n\t\t\t\t\t\t<div class=\"elementor-element elementor-element-f2f30dd elementor-widget elementor-widget-gallery\" data-id=\"f2f30dd\" data-element_type=\"widget\" data-settings=\"{&quot;columns&quot;:3,&quot;lazyload&quot;:&quot;yes&quot;,&quot;gallery_layout&quot;:&quot;grid&quot;,&quot;columns_tablet&quot;:2,&quot;columns_mobile&quot;:1,&quot;gap&quot;:{&quot;unit&quot;:&quot;px&quot;,&quot;size&quot;:10,&quot;sizes&quot;:[]},&quot;gap_tablet&quot;:{&quot;unit&quot;:&quot;px&quot;,&quot;size&quot;:10,&quot;sizes&quot;:[]},&quot;gap_mobile&quot;:{&quot;unit&quot;:&quot;px&quot;,&quot;size&quot;:10,&quot;sizes&quot;:[]},&quot;link_to&quot;:&quot;file&quot;,&quot;aspect_ratio&quot;:&quot;3:2&quot;,&quot;overlay_background&quot;:&quot;yes&quot;,&quot;content_hover_animation&quot;:&quot;fade-in&quot;}\" data-widget_type=\"gallery.default\">\n\t\t\t\t<div class=\"elementor-widget-container\">\n\t\t\t\t\t<div class=\"elementor-gallery__container\">\n\t\t\t\t\t\t\t<a class=\"e-gallery-item elementor-gallery-item elementor-animated-content\" href=\"https:\/\/visitdistrikt.rs\/media\/2022\/03\/250A7542-1.jpg\" data-elementor-open-lightbox=\"yes\" data-elementor-lightbox-slideshow=\"f2f30dd\" data-e-action-hash=\"#elementor-action%3Aaction%3Dlightbox%26settings%3DeyJpZCI6MzEyNjQsInVybCI6Imh0dHBzOlwvXC92aXNpdGRpc3RyaWt0LnJzXC9tZWRpYVwvMjAyMlwvMDNcLzI1MEE3NTQyLTEuanBnIiwic2xpZGVzaG93IjoiZjJmMzBkZCJ9\">\n\t\t\t\t\t<div class=\"e-gallery-image elementor-gallery-item__image\" data-thumbnail=\"https:\/\/visitdistrikt.rs\/media\/2022\/03\/250A7542-1.jpg\" data-width=\"800\" data-height=\"533\" aria-label=\"\" role=\"img\" ><\/div>\n\t\t\t\t\t\t\t\t\t\t\t<div class=\"elementor-gallery-item__overlay\"><\/div>\n\t\t\t\t\t\t\t\t\t\t\t\t\t\t<\/a>\n\t\t\t\t\t\t\t<a class=\"e-gallery-item elementor-gallery-item elementor-animated-content\" href=\"https:\/\/visitdistrikt.rs\/media\/2022\/03\/15320926683_a89ba66e34_k.jpg\" data-elementor-open-lightbox=\"yes\" data-elementor-lightbox-slideshow=\"f2f30dd\" data-e-action-hash=\"#elementor-action%3Aaction%3Dlightbox%26settings%3DeyJpZCI6MzEzMzIsInVybCI6Imh0dHBzOlwvXC92aXNpdGRpc3RyaWt0LnJzXC9tZWRpYVwvMjAyMlwvMDNcLzE1MzIwOTI2NjgzX2E4OWJhNjZlMzRfay5qcGciLCJzbGlkZXNob3ciOiJmMmYzMGRkIn0%3D\">\n\t\t\t\t\t<div class=\"e-gallery-image elementor-gallery-item__image\" data-thumbnail=\"https:\/\/visitdistrikt.rs\/media\/2022\/03\/15320926683_a89ba66e34_k.jpg\" data-width=\"800\" data-height=\"530\" aria-label=\"\" role=\"img\" ><\/div>\n\t\t\t\t\t\t\t\t\t\t\t<div class=\"elementor-gallery-item__overlay\"><\/div>\n\t\t\t\t\t\t\t\t\t\t\t\t\t\t<\/a>\n\t\t\t\t\t\t\t<a class=\"e-gallery-item elementor-gallery-item elementor-animated-content\" href=\"https:\/\/visitdistrikt.rs\/media\/2022\/03\/250A7537-1.jpg\" data-elementor-open-lightbox=\"yes\" data-elementor-lightbox-slideshow=\"f2f30dd\" data-e-action-hash=\"#elementor-action%3Aaction%3Dlightbox%26settings%3DeyJpZCI6MzEyNjAsInVybCI6Imh0dHBzOlwvXC92aXNpdGRpc3RyaWt0LnJzXC9tZWRpYVwvMjAyMlwvMDNcLzI1MEE3NTM3LTEuanBnIiwic2xpZGVzaG93IjoiZjJmMzBkZCJ9\">\n\t\t\t\t\t<div class=\"e-gallery-image elementor-gallery-item__image\" data-thumbnail=\"https:\/\/visitdistrikt.rs\/media\/2022\/03\/250A7537-1.jpg\" data-width=\"800\" data-height=\"533\" aria-label=\"\" role=\"img\" ><\/div>\n\t\t\t\t\t\t\t\t\t\t\t<div class=\"elementor-gallery-item__overlay\"><\/div>\n\t\t\t\t\t\t\t\t\t\t\t\t\t\t<\/a>\n\t\t\t\t\t<\/div>\n\t\t\t<\/div>\n\t\t\t\t<\/div>\n\t\t\t\t\t<\/div>\n\t\t<\/div>\n\t\t\t\t\t<\/div>\n\t\t<\/section>\n\t\t\t\t<section class=\"elementor-section elementor-top-section elementor-element elementor-element-b6cc971 elementor-section-boxed elementor-section-height-default elementor-section-height-default\" data-id=\"b6cc971\" data-element_type=\"section\">\n\t\t\t\t\t\t<div class=\"elementor-container elementor-column-gap-default\">\n\t\t\t\t\t<div class=\"elementor-column elementor-col-100 elementor-top-column elementor-element elementor-element-e319840\" data-id=\"e319840\" data-element_type=\"column\">\n\t\t\t<div class=\"elementor-widget-wrap elementor-element-populated\">\n\t\t\t\t\t\t<div class=\"elementor-element elementor-element-76e5392 elementor-widget elementor-widget-text-editor\" data-id=\"76e5392\" data-element_type=\"widget\" data-widget_type=\"text-editor.default\">\n\t\t\t\t<div class=\"elementor-widget-container\">\n\t\t\t\t\t\t\t<h2><strong>Mlin Cultural Station<\/strong><\/h2><p>Location: 20 Radni\u010dka Street<\/p><p>During the 20th century, when the industrial development of Novi Sad flourished, the workers&#8217; quarter was teeming with factories and residential buildings in which workers lived with their families. Their important role was reflected in the industrialization of the city, and they undoubtedly left a significant mark. In the street that itself bears the name Radni\u010dka (Workers\u2019 Street), another cultural station was renovated on the site of the old pasta factory as a place for the development of the city&#8217;s cultural scene. The <strong>CS Mlin<\/strong> programme is focused primarily on events for the younger audience, and here you will have the opportunity to enjoy drama, dance, art, and other creative workshops with children.<\/p>\t\t\t\t\t\t<\/div>\n\t\t\t\t<\/div>\n\t\t\t\t\t<\/div>\n\t\t<\/div>\n\t\t\t\t\t<\/div>\n\t\t<\/section>\n\t\t\t\t<section class=\"elementor-section elementor-top-section elementor-element elementor-element-833e181 elementor-section-boxed elementor-section-height-default elementor-section-height-default\" data-id=\"833e181\" data-element_type=\"section\">\n\t\t\t\t\t\t<div class=\"elementor-container elementor-column-gap-default\">\n\t\t\t\t\t<div class=\"elementor-column elementor-col-100 elementor-top-column elementor-element elementor-element-97e62f8\" data-id=\"97e62f8\" data-element_type=\"column\">\n\t\t\t<div class=\"elementor-widget-wrap elementor-element-populated\">\n\t\t\t\t\t\t<div class=\"elementor-element elementor-element-217dee7 elementor-widget elementor-widget-image\" data-id=\"217dee7\" data-element_type=\"widget\" data-widget_type=\"image.default\">\n\t\t\t\t<div class=\"elementor-widget-container\">\n\t\t\t\t\t\t\t\t\t\t\t\t\t<img loading=\"lazy\" decoding=\"async\" width=\"800\" height=\"533\" src=\"https:\/\/visitdistrikt.rs\/media\/2022\/03\/KS-Mlin-foto-Jelena-Ivanovic-47.jpg\" class=\"attachment-large size-large wp-image-31334\" alt=\"\" srcset=\"https:\/\/visitdistrikt.rs\/media\/2022\/03\/KS-Mlin-foto-Jelena-Ivanovic-47.jpg 800w, https:\/\/visitdistrikt.rs\/media\/2022\/03\/KS-Mlin-foto-Jelena-Ivanovic-47-300x200.jpg 300w, https:\/\/visitdistrikt.rs\/media\/2022\/03\/KS-Mlin-foto-Jelena-Ivanovic-47-768x512.jpg 768w\" sizes=\"(max-width: 800px) 100vw, 800px\" \/>\t\t\t\t\t\t\t\t\t\t\t\t\t<\/div>\n\t\t\t\t<\/div>\n\t\t\t\t\t<\/div>\n\t\t<\/div>\n\t\t\t\t\t<\/div>\n\t\t<\/section>\n\t\t\t\t<section class=\"elementor-section elementor-top-section elementor-element elementor-element-15ae70d elementor-section-boxed elementor-section-height-default elementor-section-height-default\" data-id=\"15ae70d\" data-element_type=\"section\">\n\t\t\t\t\t\t<div class=\"elementor-container elementor-column-gap-default\">\n\t\t\t\t\t<div class=\"elementor-column elementor-col-100 elementor-top-column elementor-element elementor-element-db50b8a\" data-id=\"db50b8a\" data-element_type=\"column\">\n\t\t\t<div class=\"elementor-widget-wrap elementor-element-populated\">\n\t\t\t\t\t\t<div class=\"elementor-element elementor-element-f0abbe9 elementor-widget elementor-widget-text-editor\" data-id=\"f0abbe9\" data-element_type=\"widget\" data-widget_type=\"text-editor.default\">\n\t\t\t\t<div class=\"elementor-widget-container\">\n\t\t\t\t\t\t\t<p class=\"MsoNormal\" style=\"text-align: justify;\"><b><span lang=\"EN-GB\">Caravan in Mlin<\/span><\/b><span lang=\"EN-GB\"> (18 March): Specialities of northern Europe will be served in this cultural station from <b>6 p.m.<\/b>, at the same time as in SC Barka, and gastronomic pleasures will be complemented by the music of the Finnish quartet that conquered the world with its accordion. Don&#8217;t miss the <b>Sv\u00e4ng Harmonica Quartet<\/b>.<\/span><\/p>\t\t\t\t\t\t<\/div>\n\t\t\t\t<\/div>\n\t\t\t\t\t<\/div>\n\t\t<\/div>\n\t\t\t\t\t<\/div>\n\t\t<\/section>\n\t\t\t\t<section class=\"elementor-section elementor-top-section elementor-element elementor-element-0677359 elementor-section-boxed elementor-section-height-default elementor-section-height-default\" data-id=\"0677359\" data-element_type=\"section\">\n\t\t\t\t\t\t<div class=\"elementor-container elementor-column-gap-default\">\n\t\t\t\t\t<div class=\"elementor-column elementor-col-100 elementor-top-column elementor-element elementor-element-7dabcb8\" data-id=\"7dabcb8\" data-element_type=\"column\">\n\t\t\t<div class=\"elementor-widget-wrap elementor-element-populated\">\n\t\t\t\t\t\t<div class=\"elementor-element elementor-element-dead177 elementor-widget elementor-widget-gallery\" data-id=\"dead177\" data-element_type=\"widget\" data-settings=\"{&quot;columns&quot;:2,&quot;lazyload&quot;:&quot;yes&quot;,&quot;gallery_layout&quot;:&quot;grid&quot;,&quot;columns_tablet&quot;:2,&quot;columns_mobile&quot;:1,&quot;gap&quot;:{&quot;unit&quot;:&quot;px&quot;,&quot;size&quot;:10,&quot;sizes&quot;:[]},&quot;gap_tablet&quot;:{&quot;unit&quot;:&quot;px&quot;,&quot;size&quot;:10,&quot;sizes&quot;:[]},&quot;gap_mobile&quot;:{&quot;unit&quot;:&quot;px&quot;,&quot;size&quot;:10,&quot;sizes&quot;:[]},&quot;link_to&quot;:&quot;file&quot;,&quot;aspect_ratio&quot;:&quot;3:2&quot;,&quot;overlay_background&quot;:&quot;yes&quot;,&quot;content_hover_animation&quot;:&quot;fade-in&quot;}\" data-widget_type=\"gallery.default\">\n\t\t\t\t<div class=\"elementor-widget-container\">\n\t\t\t\t\t<div class=\"elementor-gallery__container\">\n\t\t\t\t\t\t\t<a class=\"e-gallery-item elementor-gallery-item elementor-animated-content\" href=\"https:\/\/visitdistrikt.rs\/media\/2022\/03\/Svang2014_Jimmy_Traskilen-2048x1856-1.jpg\" data-elementor-open-lightbox=\"yes\" data-elementor-lightbox-slideshow=\"dead177\" data-e-action-hash=\"#elementor-action%3Aaction%3Dlightbox%26settings%3DeyJpZCI6MzEzMzksInVybCI6Imh0dHBzOlwvXC92aXNpdGRpc3RyaWt0LnJzXC9tZWRpYVwvMjAyMlwvMDNcL1N2YW5nMjAxNF9KaW1teV9UcmFza2lsZW4tMjA0OHgxODU2LTEuanBnIiwic2xpZGVzaG93IjoiZGVhZDE3NyJ9\">\n\t\t\t\t\t<div class=\"e-gallery-image elementor-gallery-item__image\" data-thumbnail=\"https:\/\/visitdistrikt.rs\/media\/2022\/03\/Svang2014_Jimmy_Traskilen-2048x1856-1.jpg\" data-width=\"2048\" data-height=\"1536\" aria-label=\"\" role=\"img\" ><\/div>\n\t\t\t\t\t\t\t\t\t\t\t<div class=\"elementor-gallery-item__overlay\"><\/div>\n\t\t\t\t\t\t\t\t\t\t\t\t\t\t<\/a>\n\t\t\t\t\t\t\t<a class=\"e-gallery-item elementor-gallery-item elementor-animated-content\" href=\"https:\/\/visitdistrikt.rs\/media\/2022\/03\/250A7539-1.jpg\" data-elementor-open-lightbox=\"yes\" data-elementor-lightbox-slideshow=\"dead177\" data-e-action-hash=\"#elementor-action%3Aaction%3Dlightbox%26settings%3DeyJpZCI6MzEyNjIsInVybCI6Imh0dHBzOlwvXC92aXNpdGRpc3RyaWt0LnJzXC9tZWRpYVwvMjAyMlwvMDNcLzI1MEE3NTM5LTEuanBnIiwic2xpZGVzaG93IjoiZGVhZDE3NyJ9\">\n\t\t\t\t\t<div class=\"e-gallery-image elementor-gallery-item__image\" data-thumbnail=\"https:\/\/visitdistrikt.rs\/media\/2022\/03\/250A7539-1.jpg\" data-width=\"800\" data-height=\"533\" aria-label=\"\" role=\"img\" ><\/div>\n\t\t\t\t\t\t\t\t\t\t\t<div class=\"elementor-gallery-item__overlay\"><\/div>\n\t\t\t\t\t\t\t\t\t\t\t\t\t\t<\/a>\n\t\t\t\t\t<\/div>\n\t\t\t<\/div>\n\t\t\t\t<\/div>\n\t\t\t\t\t<\/div>\n\t\t<\/div>\n\t\t\t\t\t<\/div>\n\t\t<\/section>\n\t\t\t\t<section class=\"elementor-section elementor-top-section elementor-element elementor-element-705f498 elementor-section-boxed elementor-section-height-default elementor-section-height-default\" data-id=\"705f498\" data-element_type=\"section\">\n\t\t\t\t\t\t<div class=\"elementor-container elementor-column-gap-default\">\n\t\t\t\t\t<div class=\"elementor-column elementor-col-100 elementor-top-column elementor-element elementor-element-df008d6\" data-id=\"df008d6\" data-element_type=\"column\">\n\t\t\t<div class=\"elementor-widget-wrap elementor-element-populated\">\n\t\t\t\t\t\t<div class=\"elementor-element elementor-element-7ba4161 elementor-widget elementor-widget-text-editor\" data-id=\"7ba4161\" data-element_type=\"widget\" data-widget_type=\"text-editor.default\">\n\t\t\t\t<div class=\"elementor-widget-container\">\n\t\t\t\t\t\t\t<p><strong>Egys\u00e9g Cultural Station<\/strong><\/p><p><strong>Location:<\/strong> 4 Antona \u010cehova Street<\/p><p><strong>Egys\u00e9g<\/strong> is undoubtedly one of the most beautiful buildings on Grbavica, built in 1890 on the 100th anniversary of the Sharpshooting Club, and designed by the famous Hungarian architect <em><strong>Gy\u00f6rgy Moln\u00e1r<\/strong><\/em><em>.<\/em> Egys\u00e9g was once a place of gathering and socializing at balls, and it was here that the first craft-industrial exhibition was held, the forerunner of today&#8217;s <em>Novi Sad Fair<\/em>. After World War II, Egys\u00e9g was abandoned, after which this once magnificent building began to decline rapidly. Thanks to the renovation initiated by the local residents, cultural events, performances and other creative content have been held in Egys\u00e9g again since 2012. The extraordinary acoustics of this building provides additional magic to all the concerts that take place here.<\/p>\t\t\t\t\t\t<\/div>\n\t\t\t\t<\/div>\n\t\t\t\t\t<\/div>\n\t\t<\/div>\n\t\t\t\t\t<\/div>\n\t\t<\/section>\n\t\t\t\t<section class=\"elementor-section elementor-top-section elementor-element elementor-element-941aa23 elementor-section-boxed elementor-section-height-default elementor-section-height-default\" data-id=\"941aa23\" data-element_type=\"section\">\n\t\t\t\t\t\t<div class=\"elementor-container elementor-column-gap-default\">\n\t\t\t\t\t<div class=\"elementor-column elementor-col-100 elementor-top-column elementor-element elementor-element-2abae53\" data-id=\"2abae53\" data-element_type=\"column\">\n\t\t\t<div class=\"elementor-widget-wrap elementor-element-populated\">\n\t\t\t\t\t\t<div class=\"elementor-element elementor-element-6b7f2b0 elementor-widget elementor-widget-image\" data-id=\"6b7f2b0\" data-element_type=\"widget\" data-widget_type=\"image.default\">\n\t\t\t\t<div class=\"elementor-widget-container\">\n\t\t\t\t\t\t\t\t\t\t\t\t\t<img loading=\"lazy\" decoding=\"async\" width=\"800\" height=\"533\" src=\"https:\/\/visitdistrikt.rs\/media\/2022\/03\/KS-Edjseg-foto-Jelena-Ivanovic-3.jpg\" class=\"attachment-large size-large wp-image-31341\" alt=\"\" srcset=\"https:\/\/visitdistrikt.rs\/media\/2022\/03\/KS-Edjseg-foto-Jelena-Ivanovic-3.jpg 800w, https:\/\/visitdistrikt.rs\/media\/2022\/03\/KS-Edjseg-foto-Jelena-Ivanovic-3-300x200.jpg 300w, https:\/\/visitdistrikt.rs\/media\/2022\/03\/KS-Edjseg-foto-Jelena-Ivanovic-3-768x512.jpg 768w\" sizes=\"(max-width: 800px) 100vw, 800px\" \/>\t\t\t\t\t\t\t\t\t\t\t\t\t<\/div>\n\t\t\t\t<\/div>\n\t\t\t\t\t<\/div>\n\t\t<\/div>\n\t\t\t\t\t<\/div>\n\t\t<\/section>\n\t\t\t\t<section class=\"elementor-section elementor-top-section elementor-element elementor-element-61fef19 elementor-section-boxed elementor-section-height-default elementor-section-height-default\" data-id=\"61fef19\" data-element_type=\"section\">\n\t\t\t\t\t\t<div class=\"elementor-container elementor-column-gap-default\">\n\t\t\t\t\t<div class=\"elementor-column elementor-col-100 elementor-top-column elementor-element elementor-element-1868801\" data-id=\"1868801\" data-element_type=\"column\">\n\t\t\t<div class=\"elementor-widget-wrap elementor-element-populated\">\n\t\t\t\t\t\t<div class=\"elementor-element elementor-element-ee79b97 elementor-widget elementor-widget-text-editor\" data-id=\"ee79b97\" data-element_type=\"widget\" data-widget_type=\"text-editor.default\">\n\t\t\t\t<div class=\"elementor-widget-container\">\n\t\t\t\t\t\t\t<p class=\"MsoNormal\" style=\"text-align: justify;\"><b><span lang=\"EN-GB\">Caravan in Egys\u00e9g<\/span><\/b><span lang=\"EN-GB\"> (19 March): As part of the <i>Migrations <\/i>programme, Egys\u00e9g will turn into a meeting place for <b>Turkish and Greek cuisine<\/b> on Saturday at 6 <b>p.m.<\/b>, and you will have a unique opportunity to try traditional Greek burritos, Greek salad, pie with feta cheese, and Turkish baklava like you&#8217;ve never eaten before. The sounds of the <b>Tango Ensemble Libercuatro<\/b>, which will perform at <b>7.30 p.m.<\/b>, will convey the magic of this dance, and we advise you to mark this event in your calendar.<\/span><\/p>\t\t\t\t\t\t<\/div>\n\t\t\t\t<\/div>\n\t\t\t\t\t<\/div>\n\t\t<\/div>\n\t\t\t\t\t<\/div>\n\t\t<\/section>\n\t\t\t\t<section class=\"elementor-section elementor-top-section elementor-element elementor-element-9c26954 elementor-section-boxed elementor-section-height-default elementor-section-height-default\" data-id=\"9c26954\" data-element_type=\"section\">\n\t\t\t\t\t\t<div class=\"elementor-container elementor-column-gap-default\">\n\t\t\t\t\t<div class=\"elementor-column elementor-col-100 elementor-top-column elementor-element elementor-element-4b54d1e\" data-id=\"4b54d1e\" data-element_type=\"column\">\n\t\t\t<div class=\"elementor-widget-wrap elementor-element-populated\">\n\t\t\t\t\t\t<div class=\"elementor-element elementor-element-12cde79 elementor-widget elementor-widget-gallery\" data-id=\"12cde79\" data-element_type=\"widget\" data-settings=\"{&quot;columns&quot;:2,&quot;lazyload&quot;:&quot;yes&quot;,&quot;gallery_layout&quot;:&quot;grid&quot;,&quot;columns_tablet&quot;:2,&quot;columns_mobile&quot;:1,&quot;gap&quot;:{&quot;unit&quot;:&quot;px&quot;,&quot;size&quot;:10,&quot;sizes&quot;:[]},&quot;gap_tablet&quot;:{&quot;unit&quot;:&quot;px&quot;,&quot;size&quot;:10,&quot;sizes&quot;:[]},&quot;gap_mobile&quot;:{&quot;unit&quot;:&quot;px&quot;,&quot;size&quot;:10,&quot;sizes&quot;:[]},&quot;link_to&quot;:&quot;file&quot;,&quot;aspect_ratio&quot;:&quot;3:2&quot;,&quot;overlay_background&quot;:&quot;yes&quot;,&quot;content_hover_animation&quot;:&quot;fade-in&quot;}\" data-widget_type=\"gallery.default\">\n\t\t\t\t<div class=\"elementor-widget-container\">\n\t\t\t\t\t<div class=\"elementor-gallery__container\">\n\t\t\t\t\t\t\t<a class=\"e-gallery-item elementor-gallery-item elementor-animated-content\" href=\"https:\/\/visitdistrikt.rs\/media\/2022\/03\/libercuatro-kolarac-2.jpg\" data-elementor-open-lightbox=\"yes\" data-elementor-lightbox-slideshow=\"12cde79\" data-e-action-hash=\"#elementor-action%3Aaction%3Dlightbox%26settings%3DeyJpZCI6MzEzNDYsInVybCI6Imh0dHBzOlwvXC92aXNpdGRpc3RyaWt0LnJzXC9tZWRpYVwvMjAyMlwvMDNcL2xpYmVyY3VhdHJvLWtvbGFyYWMtMi5qcGciLCJzbGlkZXNob3ciOiIxMmNkZTc5In0%3D\">\n\t\t\t\t\t<div class=\"e-gallery-image elementor-gallery-item__image\" data-thumbnail=\"https:\/\/visitdistrikt.rs\/media\/2022\/03\/libercuatro-kolarac-2.jpg\" data-width=\"960\" data-height=\"720\" aria-label=\"\" role=\"img\" ><\/div>\n\t\t\t\t\t\t\t\t\t\t\t<div class=\"elementor-gallery-item__overlay\"><\/div>\n\t\t\t\t\t\t\t\t\t\t\t\t\t\t<\/a>\n\t\t\t\t\t\t\t<a class=\"e-gallery-item elementor-gallery-item elementor-animated-content\" href=\"https:\/\/visitdistrikt.rs\/media\/2022\/03\/250A7531-1.jpg\" data-elementor-open-lightbox=\"yes\" data-elementor-lightbox-slideshow=\"12cde79\" data-e-action-hash=\"#elementor-action%3Aaction%3Dlightbox%26settings%3DeyJpZCI6MzEyNjksInVybCI6Imh0dHBzOlwvXC92aXNpdGRpc3RyaWt0LnJzXC9tZWRpYVwvMjAyMlwvMDNcLzI1MEE3NTMxLTEuanBnIiwic2xpZGVzaG93IjoiMTJjZGU3OSJ9\">\n\t\t\t\t\t<div class=\"e-gallery-image elementor-gallery-item__image\" data-thumbnail=\"https:\/\/visitdistrikt.rs\/media\/2022\/03\/250A7531-1.jpg\" data-width=\"800\" data-height=\"533\" aria-label=\"\" role=\"img\" ><\/div>\n\t\t\t\t\t\t\t\t\t\t\t<div class=\"elementor-gallery-item__overlay\"><\/div>\n\t\t\t\t\t\t\t\t\t\t\t\t\t\t<\/a>\n\t\t\t\t\t<\/div>\n\t\t\t<\/div>\n\t\t\t\t<\/div>\n\t\t\t\t\t<\/div>\n\t\t<\/div>\n\t\t\t\t\t<\/div>\n\t\t<\/section>\n\t\t\t\t<section class=\"elementor-section elementor-top-section elementor-element elementor-element-6bd665e elementor-section-boxed elementor-section-height-default elementor-section-height-default\" data-id=\"6bd665e\" data-element_type=\"section\">\n\t\t\t\t\t\t<div class=\"elementor-container elementor-column-gap-default\">\n\t\t\t\t\t<div class=\"elementor-column elementor-col-100 elementor-top-column elementor-element elementor-element-187402b\" data-id=\"187402b\" data-element_type=\"column\">\n\t\t\t<div class=\"elementor-widget-wrap elementor-element-populated\">\n\t\t\t\t\t\t<div class=\"elementor-element elementor-element-ba38fa5 elementor-widget elementor-widget-text-editor\" data-id=\"ba38fa5\" data-element_type=\"widget\" data-widget_type=\"text-editor.default\">\n\t\t\t\t<div class=\"elementor-widget-container\">\n\t\t\t\t\t\t\t<h2 class=\"MsoNormal\" style=\"text-align: justify;\"><b><span lang=\"EN-GB\">Rumenka<br \/>Cultural Station<\/span><\/b><\/h2><p class=\"MsoNormal\" style=\"text-align: justify;\"><b><span lang=\"EN-GB\">Location:<\/span><\/b><span lang=\"EN-GB\"> 26 Oslobo\u0111enja Street<\/span><\/p><p class=\"MsoNormal\" style=\"text-align: justify;\"><span lang=\"EN-GB\">Rumenka stands<br \/>out with its rich cultural heritage dating back to the 18th century. The<br \/>renovated <b>Rumenka Cultural Station<\/b> continued the work of the cultural centre<br \/>of the same name, which was once a hub for preserving tradition and<br \/>centuries-old cultural identity. Today, the local art programme presents the work<br \/>of young artists, especially amateurs, and promotes multiculturalism. In CS<br \/>Rumenka you will have the opportunity to follow a diverse cultural programme<br \/>that includes literary evenings, exhibitions, film screenings, concerts,<br \/>workshops, and more.<\/span><\/p>\t\t\t\t\t\t<\/div>\n\t\t\t\t<\/div>\n\t\t\t\t\t<\/div>\n\t\t<\/div>\n\t\t\t\t\t<\/div>\n\t\t<\/section>\n\t\t\t\t<section class=\"elementor-section elementor-top-section elementor-element elementor-element-71af0c2 elementor-section-boxed elementor-section-height-default elementor-section-height-default\" data-id=\"71af0c2\" data-element_type=\"section\">\n\t\t\t\t\t\t<div class=\"elementor-container elementor-column-gap-default\">\n\t\t\t\t\t<div class=\"elementor-column elementor-col-100 elementor-top-column elementor-element elementor-element-d4a5fa1\" data-id=\"d4a5fa1\" data-element_type=\"column\">\n\t\t\t<div class=\"elementor-widget-wrap elementor-element-populated\">\n\t\t\t\t\t\t<div class=\"elementor-element elementor-element-ae6fb3d elementor-widget elementor-widget-image\" data-id=\"ae6fb3d\" data-element_type=\"widget\" data-widget_type=\"image.default\">\n\t\t\t\t<div class=\"elementor-widget-container\">\n\t\t\t\t\t\t\t\t\t\t\t\t\t<img loading=\"lazy\" decoding=\"async\" width=\"800\" height=\"533\" src=\"https:\/\/visitdistrikt.rs\/media\/2022\/03\/KS-Rumenka-foto-Jelena-Ivanovic-67.jpg\" class=\"attachment-large size-large wp-image-31348\" alt=\"\" srcset=\"https:\/\/visitdistrikt.rs\/media\/2022\/03\/KS-Rumenka-foto-Jelena-Ivanovic-67.jpg 800w, https:\/\/visitdistrikt.rs\/media\/2022\/03\/KS-Rumenka-foto-Jelena-Ivanovic-67-300x200.jpg 300w, https:\/\/visitdistrikt.rs\/media\/2022\/03\/KS-Rumenka-foto-Jelena-Ivanovic-67-768x512.jpg 768w\" sizes=\"(max-width: 800px) 100vw, 800px\" \/>\t\t\t\t\t\t\t\t\t\t\t\t\t<\/div>\n\t\t\t\t<\/div>\n\t\t\t\t\t<\/div>\n\t\t<\/div>\n\t\t\t\t\t<\/div>\n\t\t<\/section>\n\t\t\t\t<section class=\"elementor-section elementor-top-section elementor-element elementor-element-879196b elementor-section-boxed elementor-section-height-default elementor-section-height-default\" data-id=\"879196b\" data-element_type=\"section\">\n\t\t\t\t\t\t<div class=\"elementor-container elementor-column-gap-default\">\n\t\t\t\t\t<div class=\"elementor-column elementor-col-100 elementor-top-column elementor-element elementor-element-e128ef3\" data-id=\"e128ef3\" data-element_type=\"column\">\n\t\t\t<div class=\"elementor-widget-wrap elementor-element-populated\">\n\t\t\t\t\t\t<div class=\"elementor-element elementor-element-9b677a6 elementor-widget elementor-widget-text-editor\" data-id=\"9b677a6\" data-element_type=\"widget\" data-widget_type=\"text-editor.default\">\n\t\t\t\t<div class=\"elementor-widget-container\">\n\t\t\t\t\t\t\t<p class=\"MsoNormal\" style=\"text-align:justify\"><b><span lang=\"EN-GB\">Caravan in\nRumenka<\/span><\/b><span lang=\"EN-GB\"> (19 March): In addition to the gastronomy\nof southern Europe, which will include the already mentioned Greek and Turkish\nspecialities, CS Rumenka will host a fantastic band <b>Light in Babylon<\/b> at <b>7.30\np.m.<\/b> whose members combine Turkish, French, Israeli, and Iranian culture in\ntheir performances. Read the interview with the only lady in this multicultural\nband, with whom we spoke recently.<o:p><\/o:p><\/span><\/p>\t\t\t\t\t\t<\/div>\n\t\t\t\t<\/div>\n\t\t\t\t\t<\/div>\n\t\t<\/div>\n\t\t\t\t\t<\/div>\n\t\t<\/section>\n\t\t\t\t<section class=\"elementor-section elementor-top-section elementor-element elementor-element-4ade56e elementor-section-boxed elementor-section-height-default elementor-section-height-default\" data-id=\"4ade56e\" data-element_type=\"section\">\n\t\t\t\t\t\t<div class=\"elementor-container elementor-column-gap-default\">\n\t\t\t\t\t<div class=\"elementor-column elementor-col-100 elementor-top-column elementor-element elementor-element-5965f20\" data-id=\"5965f20\" data-element_type=\"column\">\n\t\t\t<div class=\"elementor-widget-wrap elementor-element-populated\">\n\t\t\t\t\t\t<div class=\"elementor-element elementor-element-1cb222e elementor-widget elementor-widget-gallery\" data-id=\"1cb222e\" data-element_type=\"widget\" data-settings=\"{&quot;columns&quot;:3,&quot;lazyload&quot;:&quot;yes&quot;,&quot;gallery_layout&quot;:&quot;grid&quot;,&quot;columns_tablet&quot;:2,&quot;columns_mobile&quot;:1,&quot;gap&quot;:{&quot;unit&quot;:&quot;px&quot;,&quot;size&quot;:10,&quot;sizes&quot;:[]},&quot;gap_tablet&quot;:{&quot;unit&quot;:&quot;px&quot;,&quot;size&quot;:10,&quot;sizes&quot;:[]},&quot;gap_mobile&quot;:{&quot;unit&quot;:&quot;px&quot;,&quot;size&quot;:10,&quot;sizes&quot;:[]},&quot;link_to&quot;:&quot;file&quot;,&quot;aspect_ratio&quot;:&quot;3:2&quot;,&quot;overlay_background&quot;:&quot;yes&quot;,&quot;content_hover_animation&quot;:&quot;fade-in&quot;}\" data-widget_type=\"gallery.default\">\n\t\t\t\t<div class=\"elementor-widget-container\">\n\t\t\t\t\t<div class=\"elementor-gallery__container\">\n\t\t\t\t\t\t\t<a class=\"e-gallery-item elementor-gallery-item elementor-animated-content\" href=\"https:\/\/visitdistrikt.rs\/media\/2022\/03\/Istiklal-walk-red-1.jpg\" data-elementor-open-lightbox=\"yes\" data-elementor-lightbox-slideshow=\"1cb222e\" data-e-action-hash=\"#elementor-action%3Aaction%3Dlightbox%26settings%3DeyJpZCI6MzA4NzMsInVybCI6Imh0dHBzOlwvXC92aXNpdGRpc3RyaWt0LnJzXC9tZWRpYVwvMjAyMlwvMDNcL0lzdGlrbGFsLXdhbGstcmVkLTEuanBnIiwic2xpZGVzaG93IjoiMWNiMjIyZSJ9\">\n\t\t\t\t\t<div class=\"e-gallery-image elementor-gallery-item__image\" data-thumbnail=\"https:\/\/visitdistrikt.rs\/media\/2022\/03\/Istiklal-walk-red-1.jpg\" data-width=\"800\" data-height=\"450\" aria-label=\"\" role=\"img\" ><\/div>\n\t\t\t\t\t\t\t\t\t\t\t<div class=\"elementor-gallery-item__overlay\"><\/div>\n\t\t\t\t\t\t\t\t\t\t\t\t\t\t<\/a>\n\t\t\t\t\t\t\t<a class=\"e-gallery-item elementor-gallery-item elementor-animated-content\" href=\"https:\/\/visitdistrikt.rs\/media\/2022\/03\/250A7523-1.jpg\" data-elementor-open-lightbox=\"yes\" data-elementor-lightbox-slideshow=\"1cb222e\" data-e-action-hash=\"#elementor-action%3Aaction%3Dlightbox%26settings%3DeyJpZCI6MzEzNTIsInVybCI6Imh0dHBzOlwvXC92aXNpdGRpc3RyaWt0LnJzXC9tZWRpYVwvMjAyMlwvMDNcLzI1MEE3NTIzLTEuanBnIiwic2xpZGVzaG93IjoiMWNiMjIyZSJ9\">\n\t\t\t\t\t<div class=\"e-gallery-image elementor-gallery-item__image\" data-thumbnail=\"https:\/\/visitdistrikt.rs\/media\/2022\/03\/250A7523-1.jpg\" data-width=\"800\" data-height=\"533\" aria-label=\"\" role=\"img\" ><\/div>\n\t\t\t\t\t\t\t\t\t\t\t<div class=\"elementor-gallery-item__overlay\"><\/div>\n\t\t\t\t\t\t\t\t\t\t\t\t\t\t<\/a>\n\t\t\t\t\t\t\t<a class=\"e-gallery-item elementor-gallery-item elementor-animated-content\" href=\"https:\/\/visitdistrikt.rs\/media\/2022\/03\/250A7519-1.jpg\" data-elementor-open-lightbox=\"yes\" data-elementor-lightbox-slideshow=\"1cb222e\" data-e-action-hash=\"#elementor-action%3Aaction%3Dlightbox%26settings%3DeyJpZCI6MzEzNTAsInVybCI6Imh0dHBzOlwvXC92aXNpdGRpc3RyaWt0LnJzXC9tZWRpYVwvMjAyMlwvMDNcLzI1MEE3NTE5LTEuanBnIiwic2xpZGVzaG93IjoiMWNiMjIyZSJ9\">\n\t\t\t\t\t<div class=\"e-gallery-image elementor-gallery-item__image\" data-thumbnail=\"https:\/\/visitdistrikt.rs\/media\/2022\/03\/250A7519-1.jpg\" data-width=\"800\" data-height=\"533\" aria-label=\"\" role=\"img\" ><\/div>\n\t\t\t\t\t\t\t\t\t\t\t<div class=\"elementor-gallery-item__overlay\"><\/div>\n\t\t\t\t\t\t\t\t\t\t\t\t\t\t<\/a>\n\t\t\t\t\t<\/div>\n\t\t\t<\/div>\n\t\t\t\t<\/div>\n\t\t\t\t\t<\/div>\n\t\t<\/div>\n\t\t\t\t\t<\/div>\n\t\t<\/section>\n\t\t\t\t<section class=\"elementor-section elementor-top-section elementor-element elementor-element-fef9575 elementor-section-boxed elementor-section-height-default elementor-section-height-default\" data-id=\"fef9575\" data-element_type=\"section\">\n\t\t\t\t\t\t<div class=\"elementor-container elementor-column-gap-default\">\n\t\t\t\t\t<div class=\"elementor-column elementor-col-100 elementor-top-column elementor-element elementor-element-0a53a40\" data-id=\"0a53a40\" data-element_type=\"column\">\n\t\t\t<div class=\"elementor-widget-wrap elementor-element-populated\">\n\t\t\t\t\t\t<div class=\"elementor-element elementor-element-1a46355 elementor-widget elementor-widget-text-editor\" data-id=\"1a46355\" data-element_type=\"widget\" data-widget_type=\"text-editor.default\">\n\t\t\t\t<div class=\"elementor-widget-container\">\n\t\t\t\t\t\t\t<h2 class=\"MsoNormal\" style=\"text-align: justify;\"><b><span lang=\"EN-GB\">Liman<br \/>Cultural Station<\/span><\/b><\/h2><p class=\"MsoNormal\" style=\"text-align: justify;\"><b><span lang=\"EN-GB\">Location:<\/span><\/b><span lang=\"EN-GB\"> Despota Stefana Boulevard, Creative District<\/span><\/p><p class=\"MsoNormal\" style=\"text-align: justify;\"><span lang=\"EN-GB\">The cultural<br \/>station located in the Novi Sad area once known as Great Liman has been<br \/>renovated and today artists create and exhibit their works in it, but also<br \/>exchange ideas and connect with the cultural community, strengthening the Novi<br \/>Sad art scene. During the 20th century, this area was an industrial zone, and<br \/>then craftsmen and artists moved into the factory barracks, creating a unique<br \/>artistic district. The complex of the former Petar Drap\u0161in factory has now been<br \/>renovated and turned into the <b>Liman Cultural Station<\/b>, which will greet<br \/>you again this weekend at the Caravan of gastro-musical delights.<\/span><\/p>\t\t\t\t\t\t<\/div>\n\t\t\t\t<\/div>\n\t\t\t\t\t<\/div>\n\t\t<\/div>\n\t\t\t\t\t<\/div>\n\t\t<\/section>\n\t\t\t\t<section class=\"elementor-section elementor-top-section elementor-element elementor-element-737720c elementor-section-boxed elementor-section-height-default elementor-section-height-default\" data-id=\"737720c\" data-element_type=\"section\">\n\t\t\t\t\t\t<div class=\"elementor-container elementor-column-gap-default\">\n\t\t\t\t\t<div class=\"elementor-column elementor-col-100 elementor-top-column elementor-element elementor-element-33b6cdc\" data-id=\"33b6cdc\" data-element_type=\"column\">\n\t\t\t<div class=\"elementor-widget-wrap elementor-element-populated\">\n\t\t\t\t\t\t<div class=\"elementor-element elementor-element-07e6522 elementor-widget elementor-widget-image\" data-id=\"07e6522\" data-element_type=\"widget\" data-widget_type=\"image.default\">\n\t\t\t\t<div class=\"elementor-widget-container\">\n\t\t\t\t\t\t\t\t\t\t\t\t\t<img loading=\"lazy\" decoding=\"async\" width=\"800\" height=\"450\" src=\"https:\/\/visitdistrikt.rs\/media\/2022\/03\/KS-OPENS-foto-Jelena-Ivanovic-5.jpg\" class=\"attachment-large size-large wp-image-31354\" alt=\"\" srcset=\"https:\/\/visitdistrikt.rs\/media\/2022\/03\/KS-OPENS-foto-Jelena-Ivanovic-5.jpg 800w, https:\/\/visitdistrikt.rs\/media\/2022\/03\/KS-OPENS-foto-Jelena-Ivanovic-5-300x169.jpg 300w, https:\/\/visitdistrikt.rs\/media\/2022\/03\/KS-OPENS-foto-Jelena-Ivanovic-5-768x432.jpg 768w\" sizes=\"(max-width: 800px) 100vw, 800px\" \/>\t\t\t\t\t\t\t\t\t\t\t\t\t<\/div>\n\t\t\t\t<\/div>\n\t\t\t\t\t<\/div>\n\t\t<\/div>\n\t\t\t\t\t<\/div>\n\t\t<\/section>\n\t\t\t\t<section class=\"elementor-section elementor-top-section elementor-element elementor-element-07e4c06 elementor-section-boxed elementor-section-height-default elementor-section-height-default\" data-id=\"07e4c06\" data-element_type=\"section\">\n\t\t\t\t\t\t<div class=\"elementor-container elementor-column-gap-default\">\n\t\t\t\t\t<div class=\"elementor-column elementor-col-100 elementor-top-column elementor-element elementor-element-e22482c\" data-id=\"e22482c\" data-element_type=\"column\">\n\t\t\t<div class=\"elementor-widget-wrap elementor-element-populated\">\n\t\t\t\t\t\t<div class=\"elementor-element elementor-element-a43402c elementor-widget elementor-widget-text-editor\" data-id=\"a43402c\" data-element_type=\"widget\" data-widget_type=\"text-editor.default\">\n\t\t\t\t<div class=\"elementor-widget-container\">\n\t\t\t\t\t\t\t<p><strong>Caravan in CS Liman<\/strong> (20 March): Gastronomy of Eastern Europe awaits you in this cultural station, and we advise you to visit it from <strong>6 p.m. <\/strong>because you will have the opportunity to try, for the first time, traditional <strong>Georgian <\/strong>beef soup and <strong>Romanian<\/strong> cake pl\u0103cint\u0103 cu mere, which is actually a sweet pie with apple and cinnamon. Indulge in the magic of Eastern flavours and let it take you to <strong>SCCNS Fabrika<\/strong>, where you will enjoy a concert by the young Bulgarian band <strong>Kerana &amp; Kosmonavtite<\/strong> at <strong>7.30 p.m.<\/strong>, and a performance by <strong>Jeremy?<\/strong> at <strong>9 p.m.<\/strong> Do not miss it!<\/p>\t\t\t\t\t\t<\/div>\n\t\t\t\t<\/div>\n\t\t\t\t\t<\/div>\n\t\t<\/div>\n\t\t\t\t\t<\/div>\n\t\t<\/section>\n\t\t\t\t<section class=\"elementor-section elementor-top-section elementor-element elementor-element-7c805c9 elementor-section-boxed elementor-section-height-default elementor-section-height-default\" data-id=\"7c805c9\" data-element_type=\"section\">\n\t\t\t\t\t\t<div class=\"elementor-container elementor-column-gap-default\">\n\t\t\t\t\t<div class=\"elementor-column elementor-col-100 elementor-top-column elementor-element elementor-element-6f1bf6b\" data-id=\"6f1bf6b\" data-element_type=\"column\">\n\t\t\t<div class=\"elementor-widget-wrap elementor-element-populated\">\n\t\t\t\t\t\t<div class=\"elementor-element elementor-element-8b4dc55 elementor-widget elementor-widget-gallery\" data-id=\"8b4dc55\" data-element_type=\"widget\" data-settings=\"{&quot;columns&quot;:2,&quot;lazyload&quot;:&quot;yes&quot;,&quot;gallery_layout&quot;:&quot;grid&quot;,&quot;columns_tablet&quot;:2,&quot;columns_mobile&quot;:1,&quot;gap&quot;:{&quot;unit&quot;:&quot;px&quot;,&quot;size&quot;:10,&quot;sizes&quot;:[]},&quot;gap_tablet&quot;:{&quot;unit&quot;:&quot;px&quot;,&quot;size&quot;:10,&quot;sizes&quot;:[]},&quot;gap_mobile&quot;:{&quot;unit&quot;:&quot;px&quot;,&quot;size&quot;:10,&quot;sizes&quot;:[]},&quot;link_to&quot;:&quot;file&quot;,&quot;aspect_ratio&quot;:&quot;3:2&quot;,&quot;overlay_background&quot;:&quot;yes&quot;,&quot;content_hover_animation&quot;:&quot;fade-in&quot;}\" data-widget_type=\"gallery.default\">\n\t\t\t\t<div class=\"elementor-widget-container\">\n\t\t\t\t\t<div class=\"elementor-gallery__container\">\n\t\t\t\t\t\t\t<a class=\"e-gallery-item elementor-gallery-item elementor-animated-content\" href=\"https:\/\/visitdistrikt.rs\/media\/2022\/03\/BUE_6791-1.jpg\" data-elementor-open-lightbox=\"yes\" data-elementor-lightbox-slideshow=\"8b4dc55\" data-e-action-hash=\"#elementor-action%3Aaction%3Dlightbox%26settings%3DeyJpZCI6MzEzNjAsInVybCI6Imh0dHBzOlwvXC92aXNpdGRpc3RyaWt0LnJzXC9tZWRpYVwvMjAyMlwvMDNcL0JVRV82NzkxLTEuanBnIiwic2xpZGVzaG93IjoiOGI0ZGM1NSJ9\">\n\t\t\t\t\t<div class=\"e-gallery-image elementor-gallery-item__image\" data-thumbnail=\"https:\/\/visitdistrikt.rs\/media\/2022\/03\/BUE_6791-1.jpg\" data-width=\"800\" data-height=\"600\" aria-label=\"\" role=\"img\" ><\/div>\n\t\t\t\t\t\t\t\t\t\t\t<div class=\"elementor-gallery-item__overlay\"><\/div>\n\t\t\t\t\t\t\t\t\t\t\t\t\t\t<\/a>\n\t\t\t\t\t\t\t<a class=\"e-gallery-item elementor-gallery-item elementor-animated-content\" href=\"https:\/\/visitdistrikt.rs\/media\/2022\/03\/JEREMY-2021-bw-press-info-cover-1.jpg\" data-elementor-open-lightbox=\"yes\" data-elementor-lightbox-slideshow=\"8b4dc55\" data-e-action-hash=\"#elementor-action%3Aaction%3Dlightbox%26settings%3DeyJpZCI6MzEzNjIsInVybCI6Imh0dHBzOlwvXC92aXNpdGRpc3RyaWt0LnJzXC9tZWRpYVwvMjAyMlwvMDNcL0pFUkVNWS0yMDIxLWJ3LXByZXNzLWluZm8tY292ZXItMS5qcGciLCJzbGlkZXNob3ciOiI4YjRkYzU1In0%3D\">\n\t\t\t\t\t<div class=\"e-gallery-image elementor-gallery-item__image\" data-thumbnail=\"https:\/\/visitdistrikt.rs\/media\/2022\/03\/JEREMY-2021-bw-press-info-cover-1.jpg\" data-width=\"800\" data-height=\"600\" aria-label=\"\" role=\"img\" ><\/div>\n\t\t\t\t\t\t\t\t\t\t\t<div class=\"elementor-gallery-item__overlay\"><\/div>\n\t\t\t\t\t\t\t\t\t\t\t\t\t\t<\/a>\n\t\t\t\t\t<\/div>\n\t\t\t<\/div>\n\t\t\t\t<\/div>\n\t\t\t\t\t<\/div>\n\t\t<\/div>\n\t\t\t\t\t<\/div>\n\t\t<\/section>\n\t\t\t\t<section class=\"elementor-section elementor-top-section elementor-element elementor-element-d4d3999 elementor-section-boxed elementor-section-height-default elementor-section-height-default\" data-id=\"d4d3999\" data-element_type=\"section\">\n\t\t\t\t\t\t<div class=\"elementor-container elementor-column-gap-default\">\n\t\t\t\t\t<div class=\"elementor-column elementor-col-100 elementor-top-column elementor-element elementor-element-b3ab885\" data-id=\"b3ab885\" data-element_type=\"column\">\n\t\t\t<div class=\"elementor-widget-wrap elementor-element-populated\">\n\t\t\t\t\t\t<div class=\"elementor-element elementor-element-1b914b7 elementor-widget elementor-widget-text-editor\" data-id=\"1b914b7\" data-element_type=\"widget\" data-widget_type=\"text-editor.default\">\n\t\t\t\t<div class=\"elementor-widget-container\">\n\t\t\t\t\t\t\t<p><strong>Author: <\/strong>Marina Mari\u0107<\/p><p><strong>Photo: <\/strong>Vladimir Veli\u010dkovi\u0107, Jelena Ivanovi\u0107, promo\/EPK<\/p>\t\t\t\t\t\t<\/div>\n\t\t\t\t<\/div>\n\t\t\t\t\t<\/div>\n\t\t<\/div>\n\t\t\t\t\t<\/div>\n\t\t<\/section>\n\t\t\t\t<\/div>\n\t\t","protected":false},"excerpt":{"rendered":"<p>Cultural stations are new cultural centres that bring art closer to the local population and provide an opportunity for it to reach an individual in every corner of the city. They used to house industrial facilities and recreational centres, and their walls witnessed the history of the city and the events that influenced its development\u2026 [&hellip;]<\/p>\n","protected":false},"author":12,"featured_media":31369,"comment_status":"closed","ping_status":"closed","sticky":false,"template":"","format":"standard","meta":{"footnotes":"","_links_to":"","_links_to_target":""},"categories":[313,1003,310],"tags":[316,1128],"yoast_head":"<!-- This site is optimized with the Yoast SEO plugin v22.4 - https:\/\/yoast.com\/wordpress\/plugins\/seo\/ -->\n<title>Clash of Cultures in Cultural Stations<\/title>\n<meta name=\"description\" content=\"Cultural stations are new cultural centres that bring art closer to the local population and provide an opportunity for it.\" \/>\n<meta name=\"robots\" content=\"index, follow, max-snippet:-1, max-image-preview:large, max-video-preview:-1\" \/>\n<link rel=\"canonical\" href=\"https:\/\/visitdistrikt.rs\/en\/2022\/03\/17\/clash-of-cultures-in-cultural-stations\/\" \/>\n<meta property=\"og:locale\" content=\"en_US\" \/>\n<meta property=\"og:type\" content=\"article\" \/>\n<meta property=\"og:title\" content=\"Clash of Cultures in Cultural Stations\" \/>\n<meta property=\"og:description\" content=\"Cultural stations are new cultural centres that bring art closer to the local population and provide an opportunity for it.\" \/>\n<meta property=\"og:url\" content=\"https:\/\/visitdistrikt.rs\/en\/2022\/03\/17\/clash-of-cultures-in-cultural-stations\/\" \/>\n<meta property=\"og:site_name\" content=\"Visit Distrikt Novi Sad\" \/>\n<meta property=\"article:published_time\" content=\"2022-03-17T13:01:11+00:00\" \/>\n<meta property=\"article:modified_time\" content=\"2022-03-17T13:30:40+00:00\" \/>\n<meta property=\"og:image\" content=\"https:\/\/visitdistrikt.rs\/media\/2022\/03\/KS-Svilara-foto-Jelena-Ivanovic-94-e1647438570669.jpg\" \/>\n\t<meta property=\"og:image:width\" content=\"1920\" \/>\n\t<meta property=\"og:image:height\" content=\"1079\" \/>\n\t<meta property=\"og:image:type\" content=\"image\/jpeg\" \/>\n<meta name=\"author\" content=\"Lorjana Bosin\" \/>\n<meta name=\"twitter:card\" content=\"summary_large_image\" \/>\n<meta name=\"twitter:label1\" content=\"Written by\" \/>\n\t<meta name=\"twitter:data1\" content=\"Lorjana Bosin\" \/>\n\t<meta name=\"twitter:label2\" content=\"Est. reading time\" \/>\n\t<meta name=\"twitter:data2\" content=\"10 minutes\" \/>\n<script type=\"application\/ld+json\" class=\"yoast-schema-graph\">{\"@context\":\"https:\/\/schema.org\",\"@graph\":[{\"@type\":\"WebPage\",\"@id\":\"https:\/\/visitdistrikt.rs\/en\/2022\/03\/17\/clash-of-cultures-in-cultural-stations\/\",\"url\":\"https:\/\/visitdistrikt.rs\/en\/2022\/03\/17\/clash-of-cultures-in-cultural-stations\/\",\"name\":\"Clash of Cultures in Cultural Stations\",\"isPartOf\":{\"@id\":\"https:\/\/visitdistrikt.rs\/#website\"},\"primaryImageOfPage\":{\"@id\":\"https:\/\/visitdistrikt.rs\/en\/2022\/03\/17\/clash-of-cultures-in-cultural-stations\/#primaryimage\"},\"image\":{\"@id\":\"https:\/\/visitdistrikt.rs\/en\/2022\/03\/17\/clash-of-cultures-in-cultural-stations\/#primaryimage\"},\"thumbnailUrl\":\"https:\/\/visitdistrikt.rs\/media\/2022\/03\/KS-Svilara-foto-Jelena-Ivanovic-94-e1647438570669.jpg\",\"datePublished\":\"2022-03-17T13:01:11+00:00\",\"dateModified\":\"2022-03-17T13:30:40+00:00\",\"author\":{\"@id\":\"https:\/\/visitdistrikt.rs\/#\/schema\/person\/fa32a5f31c1ae719fccf65a253abfe6e\"},\"description\":\"Cultural stations are new cultural centres that bring art closer to the local population and provide an opportunity for it.\",\"breadcrumb\":{\"@id\":\"https:\/\/visitdistrikt.rs\/en\/2022\/03\/17\/clash-of-cultures-in-cultural-stations\/#breadcrumb\"},\"inLanguage\":\"en-US\",\"potentialAction\":[{\"@type\":\"ReadAction\",\"target\":[\"https:\/\/visitdistrikt.rs\/en\/2022\/03\/17\/clash-of-cultures-in-cultural-stations\/\"]}]},{\"@type\":\"ImageObject\",\"inLanguage\":\"en-US\",\"@id\":\"https:\/\/visitdistrikt.rs\/en\/2022\/03\/17\/clash-of-cultures-in-cultural-stations\/#primaryimage\",\"url\":\"https:\/\/visitdistrikt.rs\/media\/2022\/03\/KS-Svilara-foto-Jelena-Ivanovic-94-e1647438570669.jpg\",\"contentUrl\":\"https:\/\/visitdistrikt.rs\/media\/2022\/03\/KS-Svilara-foto-Jelena-Ivanovic-94-e1647438570669.jpg\",\"width\":1920,\"height\":1079},{\"@type\":\"BreadcrumbList\",\"@id\":\"https:\/\/visitdistrikt.rs\/en\/2022\/03\/17\/clash-of-cultures-in-cultural-stations\/#breadcrumb\",\"itemListElement\":[{\"@type\":\"ListItem\",\"position\":1,\"name\":\"Home\",\"item\":\"https:\/\/visitdistrikt.rs\/en\/\"},{\"@type\":\"ListItem\",\"position\":2,\"name\":\"Clash of Cultures in Cultural Stations\"}]},{\"@type\":\"WebSite\",\"@id\":\"https:\/\/visitdistrikt.rs\/#website\",\"url\":\"https:\/\/visitdistrikt.rs\/\",\"name\":\"Visit Distrikt Novi Sad\",\"description\":\"Novi Sad\",\"potentialAction\":[{\"@type\":\"SearchAction\",\"target\":{\"@type\":\"EntryPoint\",\"urlTemplate\":\"https:\/\/visitdistrikt.rs\/?s={search_term_string}\"},\"query-input\":\"required name=search_term_string\"}],\"inLanguage\":\"en-US\"},{\"@type\":\"Person\",\"@id\":\"https:\/\/visitdistrikt.rs\/#\/schema\/person\/fa32a5f31c1ae719fccf65a253abfe6e\",\"name\":\"Lorjana Bosin\",\"image\":{\"@type\":\"ImageObject\",\"inLanguage\":\"en-US\",\"@id\":\"https:\/\/visitdistrikt.rs\/#\/schema\/person\/image\/\",\"url\":\"https:\/\/secure.gravatar.com\/avatar\/62c845b920390d354b66478c5e5cdaeb?s=96&d=mm&r=g\",\"contentUrl\":\"https:\/\/secure.gravatar.com\/avatar\/62c845b920390d354b66478c5e5cdaeb?s=96&d=mm&r=g\",\"caption\":\"Lorjana Bosin\"}}]}<\/script>\n<!-- \/ Yoast SEO plugin. -->","yoast_head_json":{"title":"Clash of Cultures in Cultural Stations","description":"Cultural stations are new cultural centres that bring art closer to the local population and provide an opportunity for it.","robots":{"index":"index","follow":"follow","max-snippet":"max-snippet:-1","max-image-preview":"max-image-preview:large","max-video-preview":"max-video-preview:-1"},"canonical":"https:\/\/visitdistrikt.rs\/en\/2022\/03\/17\/clash-of-cultures-in-cultural-stations\/","og_locale":"en_US","og_type":"article","og_title":"Clash of Cultures in Cultural Stations","og_description":"Cultural stations are new cultural centres that bring art closer to the local population and provide an opportunity for it.","og_url":"https:\/\/visitdistrikt.rs\/en\/2022\/03\/17\/clash-of-cultures-in-cultural-stations\/","og_site_name":"Visit Distrikt Novi Sad","article_published_time":"2022-03-17T13:01:11+00:00","article_modified_time":"2022-03-17T13:30:40+00:00","og_image":[{"width":1920,"height":1079,"url":"https:\/\/visitdistrikt.rs\/media\/2022\/03\/KS-Svilara-foto-Jelena-Ivanovic-94-e1647438570669.jpg","type":"image\/jpeg"}],"author":"Lorjana Bosin","twitter_card":"summary_large_image","twitter_misc":{"Written by":"Lorjana Bosin","Est. reading time":"10 minutes"},"schema":{"@context":"https:\/\/schema.org","@graph":[{"@type":"WebPage","@id":"https:\/\/visitdistrikt.rs\/en\/2022\/03\/17\/clash-of-cultures-in-cultural-stations\/","url":"https:\/\/visitdistrikt.rs\/en\/2022\/03\/17\/clash-of-cultures-in-cultural-stations\/","name":"Clash of Cultures in Cultural Stations","isPartOf":{"@id":"https:\/\/visitdistrikt.rs\/#website"},"primaryImageOfPage":{"@id":"https:\/\/visitdistrikt.rs\/en\/2022\/03\/17\/clash-of-cultures-in-cultural-stations\/#primaryimage"},"image":{"@id":"https:\/\/visitdistrikt.rs\/en\/2022\/03\/17\/clash-of-cultures-in-cultural-stations\/#primaryimage"},"thumbnailUrl":"https:\/\/visitdistrikt.rs\/media\/2022\/03\/KS-Svilara-foto-Jelena-Ivanovic-94-e1647438570669.jpg","datePublished":"2022-03-17T13:01:11+00:00","dateModified":"2022-03-17T13:30:40+00:00","author":{"@id":"https:\/\/visitdistrikt.rs\/#\/schema\/person\/fa32a5f31c1ae719fccf65a253abfe6e"},"description":"Cultural stations are new cultural centres that bring art closer to the local population and provide an opportunity for it.","breadcrumb":{"@id":"https:\/\/visitdistrikt.rs\/en\/2022\/03\/17\/clash-of-cultures-in-cultural-stations\/#breadcrumb"},"inLanguage":"en-US","potentialAction":[{"@type":"ReadAction","target":["https:\/\/visitdistrikt.rs\/en\/2022\/03\/17\/clash-of-cultures-in-cultural-stations\/"]}]},{"@type":"ImageObject","inLanguage":"en-US","@id":"https:\/\/visitdistrikt.rs\/en\/2022\/03\/17\/clash-of-cultures-in-cultural-stations\/#primaryimage","url":"https:\/\/visitdistrikt.rs\/media\/2022\/03\/KS-Svilara-foto-Jelena-Ivanovic-94-e1647438570669.jpg","contentUrl":"https:\/\/visitdistrikt.rs\/media\/2022\/03\/KS-Svilara-foto-Jelena-Ivanovic-94-e1647438570669.jpg","width":1920,"height":1079},{"@type":"BreadcrumbList","@id":"https:\/\/visitdistrikt.rs\/en\/2022\/03\/17\/clash-of-cultures-in-cultural-stations\/#breadcrumb","itemListElement":[{"@type":"ListItem","position":1,"name":"Home","item":"https:\/\/visitdistrikt.rs\/en\/"},{"@type":"ListItem","position":2,"name":"Clash of Cultures in Cultural Stations"}]},{"@type":"WebSite","@id":"https:\/\/visitdistrikt.rs\/#website","url":"https:\/\/visitdistrikt.rs\/","name":"Visit Distrikt Novi Sad","description":"Novi Sad","potentialAction":[{"@type":"SearchAction","target":{"@type":"EntryPoint","urlTemplate":"https:\/\/visitdistrikt.rs\/?s={search_term_string}"},"query-input":"required name=search_term_string"}],"inLanguage":"en-US"},{"@type":"Person","@id":"https:\/\/visitdistrikt.rs\/#\/schema\/person\/fa32a5f31c1ae719fccf65a253abfe6e","name":"Lorjana Bosin","image":{"@type":"ImageObject","inLanguage":"en-US","@id":"https:\/\/visitdistrikt.rs\/#\/schema\/person\/image\/","url":"https:\/\/secure.gravatar.com\/avatar\/62c845b920390d354b66478c5e5cdaeb?s=96&d=mm&r=g","contentUrl":"https:\/\/secure.gravatar.com\/avatar\/62c845b920390d354b66478c5e5cdaeb?s=96&d=mm&r=g","caption":"Lorjana Bosin"}}]}},"_links":{"self":[{"href":"https:\/\/visitdistrikt.rs\/en\/wp-json\/wp\/v2\/posts\/31423"}],"collection":[{"href":"https:\/\/visitdistrikt.rs\/en\/wp-json\/wp\/v2\/posts"}],"about":[{"href":"https:\/\/visitdistrikt.rs\/en\/wp-json\/wp\/v2\/types\/post"}],"author":[{"embeddable":true,"href":"https:\/\/visitdistrikt.rs\/en\/wp-json\/wp\/v2\/users\/12"}],"replies":[{"embeddable":true,"href":"https:\/\/visitdistrikt.rs\/en\/wp-json\/wp\/v2\/comments?post=31423"}],"version-history":[{"count":10,"href":"https:\/\/visitdistrikt.rs\/en\/wp-json\/wp\/v2\/posts\/31423\/revisions"}],"predecessor-version":[{"id":31444,"href":"https:\/\/visitdistrikt.rs\/en\/wp-json\/wp\/v2\/posts\/31423\/revisions\/31444"}],"wp:featuredmedia":[{"embeddable":true,"href":"https:\/\/visitdistrikt.rs\/en\/wp-json\/wp\/v2\/media\/31369"}],"wp:attachment":[{"href":"https:\/\/visitdistrikt.rs\/en\/wp-json\/wp\/v2\/media?parent=31423"}],"wp:term":[{"taxonomy":"category","embeddable":true,"href":"https:\/\/visitdistrikt.rs\/en\/wp-json\/wp\/v2\/categories?post=31423"},{"taxonomy":"post_tag","embeddable":true,"href":"https:\/\/visitdistrikt.rs\/en\/wp-json\/wp\/v2\/tags?post=31423"}],"curies":[{"name":"wp","href":"https:\/\/api.w.org\/{rel}","templated":true}]}}