{"id":31461,"date":"2022-03-17T15:38:13","date_gmt":"2022-03-17T14:38:13","guid":{"rendered":"https:\/\/visitdistrikt.rs\/?p=31461"},"modified":"2022-03-17T15:48:32","modified_gmt":"2022-03-17T14:48:32","slug":"suba-s-plateau-as-a-new-open-air-gallery","status":"publish","type":"post","link":"https:\/\/visitdistrikt.rs\/en\/2022\/03\/17\/suba-s-plateau-as-a-new-open-air-gallery\/","title":{"rendered":"Suba\u2019s Plateau as a New Open-Air Gallery"},"content":{"rendered":"\t\t<div data-elementor-type=\"wp-post\" data-elementor-id=\"31461\" class=\"elementor elementor-31461 elementor-31391\" data-elementor-post-type=\"post\">\n\t\t\t\t\t\t<section class=\"elementor-section elementor-top-section elementor-element elementor-element-b6f6320 elementor-section-boxed elementor-section-height-default elementor-section-height-default\" data-id=\"b6f6320\" data-element_type=\"section\">\n\t\t\t\t\t\t<div class=\"elementor-container elementor-column-gap-default\">\n\t\t\t\t\t<div class=\"elementor-column elementor-col-100 elementor-top-column elementor-element elementor-element-1fb07fe\" data-id=\"1fb07fe\" data-element_type=\"column\">\n\t\t\t<div class=\"elementor-widget-wrap elementor-element-populated\">\n\t\t\t\t\t\t<div class=\"elementor-element elementor-element-621bd0c elementor-widget elementor-widget-text-editor\" data-id=\"621bd0c\" data-element_type=\"widget\" data-widget_type=\"text-editor.default\">\n\t\t\t\t<div class=\"elementor-widget-container\">\n\t\t\t\t\t\t\t<p class=\"MsoNormal\" style=\"text-align: justify;\"><span lang=\"EN-GB\" style=\"font-family: 'Times','serif'; mso-bidi-font-family: 'Times New Roman'; mso-bidi-theme-font: minor-bidi;\">A new open-air exhibition awaits us in a<strong> new art space \u2013 Suba\u2019s plateau<\/strong> in Liman Park within the Migrations programme arch. The exhibition of art flags called <strong>MigrArt<\/strong> will open on <strong>20 March<\/strong>, and it will present the \u2018forest\u2019 of masts made of <strong>49 masts 8 meters high<\/strong>. We will have the opportunity to see<strong> the works of art of seven artists from five cities<\/strong>, former, current and future holders of the European Capital of Culture title. These artists will try to answer the question of human migration, so we invite you to visit this exhibition in Liman Park. The space of the new gallery is already known to the people of Novi Sad as the <strong>Suba\u2019s Plateau<\/strong>, thus <strong>we bring you the story of the legendary Suba, the king of illusion.<\/strong><\/span><\/p>\t\t\t\t\t\t<\/div>\n\t\t\t\t<\/div>\n\t\t\t\t\t<\/div>\n\t\t<\/div>\n\t\t\t\t\t<\/div>\n\t\t<\/section>\n\t\t\t\t<section class=\"elementor-section elementor-top-section elementor-element elementor-element-1a3f7e4 elementor-section-boxed elementor-section-height-default elementor-section-height-default\" data-id=\"1a3f7e4\" data-element_type=\"section\">\n\t\t\t\t\t\t<div class=\"elementor-container elementor-column-gap-default\">\n\t\t\t\t\t<div class=\"elementor-column elementor-col-100 elementor-top-column elementor-element elementor-element-680d844\" data-id=\"680d844\" data-element_type=\"column\">\n\t\t\t<div class=\"elementor-widget-wrap elementor-element-populated\">\n\t\t\t\t\t\t<div class=\"elementor-element elementor-element-3a346a0 elementor-widget elementor-widget-gallery\" data-id=\"3a346a0\" data-element_type=\"widget\" data-settings=\"{&quot;columns&quot;:2,&quot;lazyload&quot;:&quot;yes&quot;,&quot;gallery_layout&quot;:&quot;grid&quot;,&quot;columns_tablet&quot;:2,&quot;columns_mobile&quot;:1,&quot;gap&quot;:{&quot;unit&quot;:&quot;px&quot;,&quot;size&quot;:10,&quot;sizes&quot;:[]},&quot;gap_tablet&quot;:{&quot;unit&quot;:&quot;px&quot;,&quot;size&quot;:10,&quot;sizes&quot;:[]},&quot;gap_mobile&quot;:{&quot;unit&quot;:&quot;px&quot;,&quot;size&quot;:10,&quot;sizes&quot;:[]},&quot;link_to&quot;:&quot;file&quot;,&quot;aspect_ratio&quot;:&quot;3:2&quot;,&quot;overlay_background&quot;:&quot;yes&quot;,&quot;content_hover_animation&quot;:&quot;fade-in&quot;}\" data-widget_type=\"gallery.default\">\n\t\t\t\t<div class=\"elementor-widget-container\">\n\t\t\t\t\t<div class=\"elementor-gallery__container\">\n\t\t\t\t\t\t\t<a class=\"e-gallery-item elementor-gallery-item elementor-animated-content\" href=\"https:\/\/visitdistrikt.rs\/media\/2022\/03\/MPU_6214-1.jpg\" data-elementor-open-lightbox=\"yes\" data-elementor-lightbox-slideshow=\"3a346a0\" data-e-action-hash=\"#elementor-action%3Aaction%3Dlightbox%26settings%3DeyJpZCI6MzEzOTksInVybCI6Imh0dHBzOlwvXC92aXNpdGRpc3RyaWt0LnJzXC9tZWRpYVwvMjAyMlwvMDNcL01QVV82MjE0LTEuanBnIiwic2xpZGVzaG93IjoiM2EzNDZhMCJ9\">\n\t\t\t\t\t<div class=\"e-gallery-image elementor-gallery-item__image\" data-thumbnail=\"https:\/\/visitdistrikt.rs\/media\/2022\/03\/MPU_6214-1.jpg\" data-width=\"800\" data-height=\"533\" aria-label=\"\" role=\"img\" ><\/div>\n\t\t\t\t\t\t\t\t\t\t\t<div class=\"elementor-gallery-item__overlay\"><\/div>\n\t\t\t\t\t\t\t\t\t\t\t\t\t\t<\/a>\n\t\t\t\t\t\t\t<a class=\"e-gallery-item elementor-gallery-item elementor-animated-content\" href=\"https:\/\/visitdistrikt.rs\/media\/2022\/03\/MPU_6243-1.jpg\" data-elementor-open-lightbox=\"yes\" data-elementor-lightbox-slideshow=\"3a346a0\" data-e-action-hash=\"#elementor-action%3Aaction%3Dlightbox%26settings%3DeyJpZCI6MzE0MDEsInVybCI6Imh0dHBzOlwvXC92aXNpdGRpc3RyaWt0LnJzXC9tZWRpYVwvMjAyMlwvMDNcL01QVV82MjQzLTEuanBnIiwic2xpZGVzaG93IjoiM2EzNDZhMCJ9\">\n\t\t\t\t\t<div class=\"e-gallery-image elementor-gallery-item__image\" data-thumbnail=\"https:\/\/visitdistrikt.rs\/media\/2022\/03\/MPU_6243-1.jpg\" data-width=\"800\" data-height=\"533\" aria-label=\"\" role=\"img\" ><\/div>\n\t\t\t\t\t\t\t\t\t\t\t<div class=\"elementor-gallery-item__overlay\"><\/div>\n\t\t\t\t\t\t\t\t\t\t\t\t\t\t<\/a>\n\t\t\t\t\t<\/div>\n\t\t\t<\/div>\n\t\t\t\t<\/div>\n\t\t\t\t\t<\/div>\n\t\t<\/div>\n\t\t\t\t\t<\/div>\n\t\t<\/section>\n\t\t\t\t<section class=\"elementor-section elementor-top-section elementor-element elementor-element-5018fe3 elementor-section-boxed elementor-section-height-default elementor-section-height-default\" data-id=\"5018fe3\" data-element_type=\"section\">\n\t\t\t\t\t\t<div class=\"elementor-container elementor-column-gap-default\">\n\t\t\t\t\t<div class=\"elementor-column elementor-col-100 elementor-top-column elementor-element elementor-element-a006fb4\" data-id=\"a006fb4\" data-element_type=\"column\">\n\t\t\t<div class=\"elementor-widget-wrap elementor-element-populated\">\n\t\t\t\t\t\t<div class=\"elementor-element elementor-element-a3dab71 elementor-widget elementor-widget-text-editor\" data-id=\"a3dab71\" data-element_type=\"widget\" data-widget_type=\"text-editor.default\">\n\t\t\t\t<div class=\"elementor-widget-container\">\n\t\t\t\t\t\t\t<p>Suba\u2019s Plateau got this name thanks to a civic initiative from 2011. Citizens came together to name the toponym after one of the most important composers of contemporary music \u2013 Mitar Suboti\u0107 Suba.<\/p><h2><strong>Novi Sad Pioneer of Electronic Music<\/strong><\/h2><p><strong>Mitar Suboti\u0107 Suba<\/strong> was born in 1961 in Novi Sad, where he graduated from the elementary music school, as well as from the <em>Academy of Arts<\/em> \u2013 Department of Composition and Orchestration. During the studies, he showed interest in <strong>electronic music<\/strong>, which will significantly determine his professional direction, and created the first recordings by combining electronics with keyboards. After graduating from the <em>Academy<\/em>, he moved to Belgrade and attended an electronic music course on <em>Radio Belgrade<\/em> with <strong>Paul Pignon<\/strong>, a British saxophonist. Suba sent his keyboard recordings under the pseudonym <strong>Rex Ilusivii<\/strong> <em>(Lat. King of Illusion)<\/em> every week to <strong>Dragan Gojkovi\u0107<\/strong>, the author of the shows <em>Novi vidici<\/em> and <em>Yu pop scena <\/em>on <em>Radio Novi Sad<\/em>. A year later, he revealed his identity to enthusiastic listeners, and to Gojkovi\u0107 himself, which we can take as the official beginning of his career. Then he presented his work in major cities of the former Yugoslavia, but also began to collaborate with already established musicians \u2013 Milan Mladenovi\u0107 and Marina Perazi\u0107 are just some of them.<\/p>\t\t\t\t\t\t<\/div>\n\t\t\t\t<\/div>\n\t\t\t\t\t<\/div>\n\t\t<\/div>\n\t\t\t\t\t<\/div>\n\t\t<\/section>\n\t\t\t\t<section class=\"elementor-section elementor-top-section elementor-element elementor-element-90ee4a7 elementor-section-boxed elementor-section-height-default elementor-section-height-default\" data-id=\"90ee4a7\" data-element_type=\"section\">\n\t\t\t\t\t\t<div class=\"elementor-container elementor-column-gap-default\">\n\t\t\t\t\t<div class=\"elementor-column elementor-col-100 elementor-top-column elementor-element elementor-element-d6b2f26\" data-id=\"d6b2f26\" data-element_type=\"column\">\n\t\t\t<div class=\"elementor-widget-wrap elementor-element-populated\">\n\t\t\t\t\t\t<div class=\"elementor-element elementor-element-9ac7bc8 elementor-widget elementor-widget-facebook-embed\" data-id=\"9ac7bc8\" data-element_type=\"widget\" data-widget_type=\"facebook-embed.default\">\n\t\t\t\t<div class=\"elementor-widget-container\">\n\t\t\t<div style=\"min-height: 1px\" class=\"elementor-facebook-widget fb-post\" data-href=\"https:\/\/www.facebook.com\/RexIlusivii\/photos\/a.10152073222627250\/10158828691027250\/\" data-show-text=\"false\"><\/div>\t\t<\/div>\n\t\t\t\t<\/div>\n\t\t\t\t\t<\/div>\n\t\t<\/div>\n\t\t\t\t\t<\/div>\n\t\t<\/section>\n\t\t\t\t<section class=\"elementor-section elementor-top-section elementor-element elementor-element-ede0b9d elementor-section-boxed elementor-section-height-default elementor-section-height-default\" data-id=\"ede0b9d\" data-element_type=\"section\">\n\t\t\t\t\t\t<div class=\"elementor-container elementor-column-gap-default\">\n\t\t\t\t\t<div class=\"elementor-column elementor-col-100 elementor-top-column elementor-element elementor-element-f80a495\" data-id=\"f80a495\" data-element_type=\"column\">\n\t\t\t<div class=\"elementor-widget-wrap elementor-element-populated\">\n\t\t\t\t\t\t<div class=\"elementor-element elementor-element-412acca elementor-widget elementor-widget-text-editor\" data-id=\"412acca\" data-element_type=\"widget\" data-widget_type=\"text-editor.default\">\n\t\t\t\t<div class=\"elementor-widget-container\">\n\t\t\t\t\t\t\t<h2 class=\"MsoNormal\" style=\"text-align: justify;\"><b><span lang=\"EN-GB\" style=\"font-family: 'Times','serif'; mso-bidi-font-family: 'Times New Roman'; mso-bidi-theme-font: minor-bidi;\">Career Development of the King of Illusion<\/span><\/b><\/h2><p class=\"MsoNormal\" style=\"text-align: justify;\"><span lang=\"SR-LATN-RS\" style=\"font-family: 'Times','serif'; mso-bidi-font-family: 'Times New Roman'; mso-bidi-theme-font: minor-bidi; mso-ansi-language: SR-LATN-RS;\">\u00a0<\/span><span lang=\"EN-GB\" style=\"font-family: 'Times','serif'; mso-bidi-font-family: 'Times New Roman'; mso-bidi-theme-font: minor-bidi;\">During the eighties, Suba also did music for television and theatre plays. He collaborated with the bands <b>Haustor, Heroina, La Strada, Oktobar 1864<\/b>. He was awarded in 1988 by the <i>UNESCO<\/i> Fund for the Promotion of Culture for the work <i>The Dreambird In The Mooncage<\/i>, an ambient installation recorded in Paris, which he created with <b>Goran Vejvoda<\/b>. The award consisted of a scholarship for a three-month study of Afro-Brazilian rhythms in Brazil, where he soon emigrated, and apparently finding \u2018his tribe\u2019.<\/span><\/p><p class=\"MsoNormal\" style=\"text-align: justify;\"><span lang=\"SR-LATN-RS\" style=\"font-family: 'Times','serif'; mso-bidi-font-family: 'Times New Roman'; mso-bidi-theme-font: minor-bidi; mso-ansi-language: SR-LATN-RS;\">\u00a0<\/span><span lang=\"EN-GB\" style=\"font-family: 'Times','serif'; mso-bidi-font-family: 'Times New Roman'; mso-bidi-theme-font: minor-bidi;\">In Brazil, Suboti\u0107 quickly fitted into local music life and began composing and recording music for commercials, fashion shows, and theatre. In addition to this, he has had a successful career as a producer, collaborating with great Brazilian musicians such as <b>Bebel Gilberto, Cibelle, Joao Parahyba<\/b>, and combining traditional Brazilian rhythms and electronic music in his work.<\/span><\/p>\t\t\t\t\t\t<\/div>\n\t\t\t\t<\/div>\n\t\t\t\t\t<\/div>\n\t\t<\/div>\n\t\t\t\t\t<\/div>\n\t\t<\/section>\n\t\t\t\t<section class=\"elementor-section elementor-top-section elementor-element elementor-element-fc75ed9 elementor-section-boxed elementor-section-height-default elementor-section-height-default\" data-id=\"fc75ed9\" data-element_type=\"section\">\n\t\t\t\t\t\t<div class=\"elementor-container elementor-column-gap-default\">\n\t\t\t\t\t<div class=\"elementor-column elementor-col-100 elementor-top-column elementor-element elementor-element-8112553\" data-id=\"8112553\" data-element_type=\"column\">\n\t\t\t<div class=\"elementor-widget-wrap elementor-element-populated\">\n\t\t\t\t\t\t<div class=\"elementor-element elementor-element-31ac73d elementor-widget elementor-widget-video\" data-id=\"31ac73d\" data-element_type=\"widget\" data-settings=\"{&quot;youtube_url&quot;:&quot;https:\\\/\\\/www.youtube.com\\\/watch?v=sY35glv7yWU&amp;list=PL9IEkIFX3sU5dbfUZ6DVbu5FdhnL0QZjO&quot;,&quot;video_type&quot;:&quot;youtube&quot;,&quot;controls&quot;:&quot;yes&quot;}\" data-widget_type=\"video.default\">\n\t\t\t\t<div class=\"elementor-widget-container\">\n\t\t\t\t\t<div class=\"elementor-wrapper elementor-open-inline\">\n\t\t\t<div class=\"elementor-video\"><\/div>\t\t<\/div>\n\t\t\t\t<\/div>\n\t\t\t\t<\/div>\n\t\t\t\t\t<\/div>\n\t\t<\/div>\n\t\t\t\t\t<\/div>\n\t\t<\/section>\n\t\t\t\t<section class=\"elementor-section elementor-top-section elementor-element elementor-element-7569ea5 elementor-section-boxed elementor-section-height-default elementor-section-height-default\" data-id=\"7569ea5\" data-element_type=\"section\">\n\t\t\t\t\t\t<div class=\"elementor-container elementor-column-gap-default\">\n\t\t\t\t\t<div class=\"elementor-column elementor-col-100 elementor-top-column elementor-element elementor-element-ca14834\" data-id=\"ca14834\" data-element_type=\"column\">\n\t\t\t<div class=\"elementor-widget-wrap elementor-element-populated\">\n\t\t\t\t\t\t<div class=\"elementor-element elementor-element-ee6a5d2 elementor-widget elementor-widget-text-editor\" data-id=\"ee6a5d2\" data-element_type=\"widget\" data-widget_type=\"text-editor.default\">\n\t\t\t\t<div class=\"elementor-widget-container\">\n\t\t\t\t\t\t\t<p class=\"MsoNormal\" style=\"text-align: justify;\"><span lang=\"EN-GB\" style=\"font-family: 'Times','serif'; mso-bidi-font-family: 'Times New Roman'; mso-bidi-theme-font: minor-bidi;\">Suba released his album <i>S\u00e3o Paulo Confessions<\/i> in 1999, many say \u2013 at the peak of his career. Much more was expected of him, and he confidently walked his path. The album was released in Europe, the USA and Japan. However, on the day of the promotion in Sao Paulo, a fire broke out in the studio, and <b>Mitar Suboti\u0107<\/b>, trying to save the recordings from the studio, lost his life.<\/span><\/p><h2 class=\"MsoNormal\" style=\"text-align: justify;\"><span lang=\"SR-LATN-RS\" style=\"font-family: 'Times','serif'; mso-fareast-font-family: 'Times New Roman'; mso-bidi-font-family: Arial; color: #202122; mso-ansi-language: SR-LATN-RS; mso-fareast-language: EN-GB;\">\u00a0<\/span><b><span lang=\"EN-GB\" style=\"font-family: 'Times','serif'; mso-bidi-font-family: 'Times New Roman'; mso-bidi-theme-font: minor-bidi; color: #202122;\">Grammy Awards<\/span><\/b><b><\/b><\/h2><p class=\"MsoNormal\" style=\"text-align: justify;\"><span lang=\"SR-LATN-RS\" style=\"font-family: 'Times','serif'; mso-fareast-font-family: 'Times New Roman'; mso-bidi-font-family: Arial; color: #202122; mso-ansi-language: SR-LATN-RS; mso-fareast-language: EN-GB;\">\u00a0<\/span><span lang=\"EN-GB\" style=\"font-family: 'Times','serif'; mso-bidi-font-family: 'Times New Roman'; mso-bidi-theme-font: minor-bidi; color: #202122;\">After his death, Brazilian artists founded the SUBA Institute. It is interesting that the album <i>Bebel Gilberto Tanto Tempo<\/i>, recorded in his production and released a year after his death \u2013 in 2000 \u2013 became the best-selling album of Brazilian music in America, while the singer won three Grammy Awards for it. <b>Mitar Suboti\u0107 is remembered as one of the greatest Yugoslav music producers and pioneers of electronic music in the country.<\/b> He composed music for film, television, commercials, theatre and ballet performances, as well as credits for Radio Novi Sad. Novi Sad, as we said at the beginning, did not remain indebted to him: today on Liman, you can walk through Suba&#8217;s music plateau, while one of the stages at the Exit festival bore his name.\u00a0<\/span><\/p>\t\t\t\t\t\t<\/div>\n\t\t\t\t<\/div>\n\t\t\t\t\t<\/div>\n\t\t<\/div>\n\t\t\t\t\t<\/div>\n\t\t<\/section>\n\t\t\t\t<section class=\"elementor-section elementor-top-section elementor-element elementor-element-94e87fe elementor-section-boxed elementor-section-height-default elementor-section-height-default\" data-id=\"94e87fe\" data-element_type=\"section\">\n\t\t\t\t\t\t<div class=\"elementor-container elementor-column-gap-default\">\n\t\t\t\t\t<div class=\"elementor-column elementor-col-100 elementor-top-column elementor-element elementor-element-9ce178b\" data-id=\"9ce178b\" data-element_type=\"column\">\n\t\t\t<div class=\"elementor-widget-wrap elementor-element-populated\">\n\t\t\t\t\t\t<div class=\"elementor-element elementor-element-062394e elementor-widget elementor-widget-video\" data-id=\"062394e\" data-element_type=\"widget\" data-settings=\"{&quot;youtube_url&quot;:&quot;https:\\\/\\\/www.youtube.com\\\/watch?v=Ut0D6afIQuo&quot;,&quot;video_type&quot;:&quot;youtube&quot;,&quot;controls&quot;:&quot;yes&quot;}\" data-widget_type=\"video.default\">\n\t\t\t\t<div class=\"elementor-widget-container\">\n\t\t\t\t\t<div class=\"elementor-wrapper elementor-open-inline\">\n\t\t\t<div class=\"elementor-video\"><\/div>\t\t<\/div>\n\t\t\t\t<\/div>\n\t\t\t\t<\/div>\n\t\t\t\t\t<\/div>\n\t\t<\/div>\n\t\t\t\t\t<\/div>\n\t\t<\/section>\n\t\t\t\t<section class=\"elementor-section elementor-top-section elementor-element elementor-element-9a7237f elementor-section-boxed elementor-section-height-default elementor-section-height-default\" data-id=\"9a7237f\" data-element_type=\"section\">\n\t\t\t\t\t\t<div class=\"elementor-container elementor-column-gap-default\">\n\t\t\t\t\t<div class=\"elementor-column elementor-col-100 elementor-top-column elementor-element elementor-element-318c3f7\" data-id=\"318c3f7\" data-element_type=\"column\">\n\t\t\t<div class=\"elementor-widget-wrap elementor-element-populated\">\n\t\t\t\t\t\t<div class=\"elementor-element elementor-element-4b53359 elementor-widget elementor-widget-text-editor\" data-id=\"4b53359\" data-element_type=\"widget\" data-widget_type=\"text-editor.default\">\n\t\t\t\t<div class=\"elementor-widget-container\">\n\t\t\t\t\t\t\t<p><strong>Author:<\/strong> Tihana Smiljani\u0107<\/p><p><strong>Photo:<\/strong> Marko Pudi\u0107, Uro\u0161 Do\u017ei\u0107<\/p>\t\t\t\t\t\t<\/div>\n\t\t\t\t<\/div>\n\t\t\t\t\t<\/div>\n\t\t<\/div>\n\t\t\t\t\t<\/div>\n\t\t<\/section>\n\t\t\t\t<\/div>\n\t\t","protected":false},"excerpt":{"rendered":"<p>A new open-air exhibition awaits us in a new art space \u2013 Suba\u2019s plateau in Liman Park within the Migrations programme arch. The exhibition of art flags called MigrArt will open on 20 March, and it will present the \u2018forest\u2019 of masts made of 49 masts 8 meters high. We will have the opportunity to [&hellip;]<\/p>\n","protected":false},"author":12,"featured_media":41622,"comment_status":"closed","ping_status":"closed","sticky":false,"template":"","format":"standard","meta":{"footnotes":"","_links_to":"","_links_to_target":""},"categories":[1003,303,287],"tags":[1152,1154],"yoast_head":"<!-- This site is optimized with the Yoast SEO plugin v22.4 - https:\/\/yoast.com\/wordpress\/plugins\/seo\/ -->\n<title>Suba\u2019s Plateau as a New Open-Air Gallery - Visit Distrikt Novi Sad<\/title>\n<meta name=\"description\" content=\"A new open-air exhibition awaits us in a new art space \u2013 Suba\u2019s plateau in Liman Park within the Migrations programme arch.\" \/>\n<meta name=\"robots\" content=\"index, follow, max-snippet:-1, max-image-preview:large, max-video-preview:-1\" \/>\n<link rel=\"canonical\" href=\"https:\/\/visitdistrikt.rs\/en\/2022\/03\/17\/suba-s-plateau-as-a-new-open-air-gallery\/\" \/>\n<meta property=\"og:locale\" content=\"en_US\" \/>\n<meta property=\"og:type\" content=\"article\" \/>\n<meta property=\"og:title\" content=\"Suba\u2019s Plateau as a New Open-Air Gallery - Visit Distrikt Novi Sad\" \/>\n<meta property=\"og:description\" content=\"A new open-air exhibition awaits us in a new art space \u2013 Suba\u2019s plateau in Liman Park within the Migrations programme arch.\" \/>\n<meta property=\"og:url\" content=\"https:\/\/visitdistrikt.rs\/en\/2022\/03\/17\/suba-s-plateau-as-a-new-open-air-gallery\/\" \/>\n<meta property=\"og:site_name\" content=\"Visit Distrikt Novi Sad\" \/>\n<meta property=\"article:published_time\" content=\"2022-03-17T14:38:13+00:00\" \/>\n<meta property=\"article:modified_time\" content=\"2022-03-17T14:48:32+00:00\" \/>\n<meta property=\"og:image\" content=\"https:\/\/visitdistrikt.rs\/media\/2022\/03\/IMG_6457Uroo-2048x1365-1-e1647520526783.jpg\" \/>\n\t<meta property=\"og:image:width\" content=\"1920\" \/>\n\t<meta property=\"og:image:height\" content=\"1280\" \/>\n\t<meta property=\"og:image:type\" content=\"image\/jpeg\" \/>\n<meta name=\"author\" content=\"Lorjana Bosin\" \/>\n<meta name=\"twitter:card\" content=\"summary_large_image\" \/>\n<meta name=\"twitter:label1\" content=\"Written by\" \/>\n\t<meta name=\"twitter:data1\" content=\"Lorjana Bosin\" \/>\n\t<meta name=\"twitter:label2\" content=\"Est. reading time\" \/>\n\t<meta name=\"twitter:data2\" content=\"4 minutes\" \/>\n<script type=\"application\/ld+json\" class=\"yoast-schema-graph\">{\"@context\":\"https:\/\/schema.org\",\"@graph\":[{\"@type\":\"WebPage\",\"@id\":\"https:\/\/visitdistrikt.rs\/en\/2022\/03\/17\/suba-s-plateau-as-a-new-open-air-gallery\/\",\"url\":\"https:\/\/visitdistrikt.rs\/en\/2022\/03\/17\/suba-s-plateau-as-a-new-open-air-gallery\/\",\"name\":\"Suba\u2019s Plateau as a New Open-Air Gallery - Visit Distrikt Novi Sad\",\"isPartOf\":{\"@id\":\"https:\/\/visitdistrikt.rs\/#website\"},\"primaryImageOfPage\":{\"@id\":\"https:\/\/visitdistrikt.rs\/en\/2022\/03\/17\/suba-s-plateau-as-a-new-open-air-gallery\/#primaryimage\"},\"image\":{\"@id\":\"https:\/\/visitdistrikt.rs\/en\/2022\/03\/17\/suba-s-plateau-as-a-new-open-air-gallery\/#primaryimage\"},\"thumbnailUrl\":\"https:\/\/visitdistrikt.rs\/media\/2022\/03\/MPU_8832-1-1-e1668597383923.jpg\",\"datePublished\":\"2022-03-17T14:38:13+00:00\",\"dateModified\":\"2022-03-17T14:48:32+00:00\",\"author\":{\"@id\":\"https:\/\/visitdistrikt.rs\/#\/schema\/person\/fa32a5f31c1ae719fccf65a253abfe6e\"},\"description\":\"A new open-air exhibition awaits us in a new art space \u2013 Suba\u2019s plateau in Liman Park within the Migrations programme arch.\",\"breadcrumb\":{\"@id\":\"https:\/\/visitdistrikt.rs\/en\/2022\/03\/17\/suba-s-plateau-as-a-new-open-air-gallery\/#breadcrumb\"},\"inLanguage\":\"en-US\",\"potentialAction\":[{\"@type\":\"ReadAction\",\"target\":[\"https:\/\/visitdistrikt.rs\/en\/2022\/03\/17\/suba-s-plateau-as-a-new-open-air-gallery\/\"]}]},{\"@type\":\"ImageObject\",\"inLanguage\":\"en-US\",\"@id\":\"https:\/\/visitdistrikt.rs\/en\/2022\/03\/17\/suba-s-plateau-as-a-new-open-air-gallery\/#primaryimage\",\"url\":\"https:\/\/visitdistrikt.rs\/media\/2022\/03\/MPU_8832-1-1-e1668597383923.jpg\",\"contentUrl\":\"https:\/\/visitdistrikt.rs\/media\/2022\/03\/MPU_8832-1-1-e1668597383923.jpg\",\"width\":1920,\"height\":1280},{\"@type\":\"BreadcrumbList\",\"@id\":\"https:\/\/visitdistrikt.rs\/en\/2022\/03\/17\/suba-s-plateau-as-a-new-open-air-gallery\/#breadcrumb\",\"itemListElement\":[{\"@type\":\"ListItem\",\"position\":1,\"name\":\"Home\",\"item\":\"https:\/\/visitdistrikt.rs\/en\/\"},{\"@type\":\"ListItem\",\"position\":2,\"name\":\"Suba\u2019s Plateau as a New Open-Air Gallery\"}]},{\"@type\":\"WebSite\",\"@id\":\"https:\/\/visitdistrikt.rs\/#website\",\"url\":\"https:\/\/visitdistrikt.rs\/\",\"name\":\"Visit Distrikt Novi Sad\",\"description\":\"Novi Sad\",\"potentialAction\":[{\"@type\":\"SearchAction\",\"target\":{\"@type\":\"EntryPoint\",\"urlTemplate\":\"https:\/\/visitdistrikt.rs\/?s={search_term_string}\"},\"query-input\":\"required name=search_term_string\"}],\"inLanguage\":\"en-US\"},{\"@type\":\"Person\",\"@id\":\"https:\/\/visitdistrikt.rs\/#\/schema\/person\/fa32a5f31c1ae719fccf65a253abfe6e\",\"name\":\"Lorjana Bosin\",\"image\":{\"@type\":\"ImageObject\",\"inLanguage\":\"en-US\",\"@id\":\"https:\/\/visitdistrikt.rs\/#\/schema\/person\/image\/\",\"url\":\"https:\/\/secure.gravatar.com\/avatar\/62c845b920390d354b66478c5e5cdaeb?s=96&d=mm&r=g\",\"contentUrl\":\"https:\/\/secure.gravatar.com\/avatar\/62c845b920390d354b66478c5e5cdaeb?s=96&d=mm&r=g\",\"caption\":\"Lorjana Bosin\"}}]}<\/script>\n<!-- \/ Yoast SEO plugin. -->","yoast_head_json":{"title":"Suba\u2019s Plateau as a New Open-Air Gallery - Visit Distrikt Novi Sad","description":"A new open-air exhibition awaits us in a new art space \u2013 Suba\u2019s plateau in Liman Park within the Migrations programme arch.","robots":{"index":"index","follow":"follow","max-snippet":"max-snippet:-1","max-image-preview":"max-image-preview:large","max-video-preview":"max-video-preview:-1"},"canonical":"https:\/\/visitdistrikt.rs\/en\/2022\/03\/17\/suba-s-plateau-as-a-new-open-air-gallery\/","og_locale":"en_US","og_type":"article","og_title":"Suba\u2019s Plateau as a New Open-Air Gallery - Visit Distrikt Novi Sad","og_description":"A new open-air exhibition awaits us in a new art space \u2013 Suba\u2019s plateau in Liman Park within the Migrations programme arch.","og_url":"https:\/\/visitdistrikt.rs\/en\/2022\/03\/17\/suba-s-plateau-as-a-new-open-air-gallery\/","og_site_name":"Visit Distrikt Novi Sad","article_published_time":"2022-03-17T14:38:13+00:00","article_modified_time":"2022-03-17T14:48:32+00:00","og_image":[{"width":1920,"height":1280,"url":"https:\/\/visitdistrikt.rs\/media\/2022\/03\/IMG_6457Uroo-2048x1365-1-e1647520526783.jpg","type":"image\/jpeg"}],"author":"Lorjana Bosin","twitter_card":"summary_large_image","twitter_misc":{"Written by":"Lorjana Bosin","Est. reading time":"4 minutes"},"schema":{"@context":"https:\/\/schema.org","@graph":[{"@type":"WebPage","@id":"https:\/\/visitdistrikt.rs\/en\/2022\/03\/17\/suba-s-plateau-as-a-new-open-air-gallery\/","url":"https:\/\/visitdistrikt.rs\/en\/2022\/03\/17\/suba-s-plateau-as-a-new-open-air-gallery\/","name":"Suba\u2019s Plateau as a New Open-Air Gallery - Visit Distrikt Novi Sad","isPartOf":{"@id":"https:\/\/visitdistrikt.rs\/#website"},"primaryImageOfPage":{"@id":"https:\/\/visitdistrikt.rs\/en\/2022\/03\/17\/suba-s-plateau-as-a-new-open-air-gallery\/#primaryimage"},"image":{"@id":"https:\/\/visitdistrikt.rs\/en\/2022\/03\/17\/suba-s-plateau-as-a-new-open-air-gallery\/#primaryimage"},"thumbnailUrl":"https:\/\/visitdistrikt.rs\/media\/2022\/03\/MPU_8832-1-1-e1668597383923.jpg","datePublished":"2022-03-17T14:38:13+00:00","dateModified":"2022-03-17T14:48:32+00:00","author":{"@id":"https:\/\/visitdistrikt.rs\/#\/schema\/person\/fa32a5f31c1ae719fccf65a253abfe6e"},"description":"A new open-air exhibition awaits us in a new art space \u2013 Suba\u2019s plateau in Liman Park within the Migrations programme arch.","breadcrumb":{"@id":"https:\/\/visitdistrikt.rs\/en\/2022\/03\/17\/suba-s-plateau-as-a-new-open-air-gallery\/#breadcrumb"},"inLanguage":"en-US","potentialAction":[{"@type":"ReadAction","target":["https:\/\/visitdistrikt.rs\/en\/2022\/03\/17\/suba-s-plateau-as-a-new-open-air-gallery\/"]}]},{"@type":"ImageObject","inLanguage":"en-US","@id":"https:\/\/visitdistrikt.rs\/en\/2022\/03\/17\/suba-s-plateau-as-a-new-open-air-gallery\/#primaryimage","url":"https:\/\/visitdistrikt.rs\/media\/2022\/03\/MPU_8832-1-1-e1668597383923.jpg","contentUrl":"https:\/\/visitdistrikt.rs\/media\/2022\/03\/MPU_8832-1-1-e1668597383923.jpg","width":1920,"height":1280},{"@type":"BreadcrumbList","@id":"https:\/\/visitdistrikt.rs\/en\/2022\/03\/17\/suba-s-plateau-as-a-new-open-air-gallery\/#breadcrumb","itemListElement":[{"@type":"ListItem","position":1,"name":"Home","item":"https:\/\/visitdistrikt.rs\/en\/"},{"@type":"ListItem","position":2,"name":"Suba\u2019s Plateau as a New Open-Air Gallery"}]},{"@type":"WebSite","@id":"https:\/\/visitdistrikt.rs\/#website","url":"https:\/\/visitdistrikt.rs\/","name":"Visit Distrikt Novi Sad","description":"Novi Sad","potentialAction":[{"@type":"SearchAction","target":{"@type":"EntryPoint","urlTemplate":"https:\/\/visitdistrikt.rs\/?s={search_term_string}"},"query-input":"required name=search_term_string"}],"inLanguage":"en-US"},{"@type":"Person","@id":"https:\/\/visitdistrikt.rs\/#\/schema\/person\/fa32a5f31c1ae719fccf65a253abfe6e","name":"Lorjana Bosin","image":{"@type":"ImageObject","inLanguage":"en-US","@id":"https:\/\/visitdistrikt.rs\/#\/schema\/person\/image\/","url":"https:\/\/secure.gravatar.com\/avatar\/62c845b920390d354b66478c5e5cdaeb?s=96&d=mm&r=g","contentUrl":"https:\/\/secure.gravatar.com\/avatar\/62c845b920390d354b66478c5e5cdaeb?s=96&d=mm&r=g","caption":"Lorjana Bosin"}}]}},"_links":{"self":[{"href":"https:\/\/visitdistrikt.rs\/en\/wp-json\/wp\/v2\/posts\/31461"}],"collection":[{"href":"https:\/\/visitdistrikt.rs\/en\/wp-json\/wp\/v2\/posts"}],"about":[{"href":"https:\/\/visitdistrikt.rs\/en\/wp-json\/wp\/v2\/types\/post"}],"author":[{"embeddable":true,"href":"https:\/\/visitdistrikt.rs\/en\/wp-json\/wp\/v2\/users\/12"}],"replies":[{"embeddable":true,"href":"https:\/\/visitdistrikt.rs\/en\/wp-json\/wp\/v2\/comments?post=31461"}],"version-history":[{"count":7,"href":"https:\/\/visitdistrikt.rs\/en\/wp-json\/wp\/v2\/posts\/31461\/revisions"}],"predecessor-version":[{"id":31468,"href":"https:\/\/visitdistrikt.rs\/en\/wp-json\/wp\/v2\/posts\/31461\/revisions\/31468"}],"wp:featuredmedia":[{"embeddable":true,"href":"https:\/\/visitdistrikt.rs\/en\/wp-json\/wp\/v2\/media\/41622"}],"wp:attachment":[{"href":"https:\/\/visitdistrikt.rs\/en\/wp-json\/wp\/v2\/media?parent=31461"}],"wp:term":[{"taxonomy":"category","embeddable":true,"href":"https:\/\/visitdistrikt.rs\/en\/wp-json\/wp\/v2\/categories?post=31461"},{"taxonomy":"post_tag","embeddable":true,"href":"https:\/\/visitdistrikt.rs\/en\/wp-json\/wp\/v2\/tags?post=31461"}],"curies":[{"name":"wp","href":"https:\/\/api.w.org\/{rel}","templated":true}]}}