{"id":32110,"date":"2022-03-29T14:38:02","date_gmt":"2022-03-29T12:38:02","guid":{"rendered":"https:\/\/visitdistrikt.rs\/?p=32110"},"modified":"2022-03-31T10:13:30","modified_gmt":"2022-03-31T08:13:30","slug":"foto-ovacije-na-svetskoj-premijeri-opere-vladimir-i-kosara","status":"publish","type":"post","link":"https:\/\/visitdistrikt.rs\/en\/2022\/03\/29\/foto-ovacije-na-svetskoj-premijeri-opere-vladimir-i-kosara\/","title":{"rendered":"Photo: Standing ovations at the world premiere of the opera \u2018Vladimir and Kosara\u2019"},"content":{"rendered":"\t\t<div data-elementor-type=\"wp-post\" data-elementor-id=\"32110\" class=\"elementor elementor-32110 elementor-32019\" data-elementor-post-type=\"post\">\n\t\t\t\t\t\t<section class=\"elementor-section elementor-top-section elementor-element elementor-element-44e671a elementor-section-boxed elementor-section-height-default elementor-section-height-default\" data-id=\"44e671a\" data-element_type=\"section\">\n\t\t\t\t\t\t<div class=\"elementor-container elementor-column-gap-default\">\n\t\t\t\t\t<div class=\"elementor-column elementor-col-100 elementor-top-column elementor-element elementor-element-dab5ca0\" data-id=\"dab5ca0\" data-element_type=\"column\">\n\t\t\t<div class=\"elementor-widget-wrap elementor-element-populated\">\n\t\t\t\t\t\t<div class=\"elementor-element elementor-element-459c30f elementor-widget elementor-widget-text-editor\" data-id=\"459c30f\" data-element_type=\"widget\" data-widget_type=\"text-editor.default\">\n\t\t\t\t<div class=\"elementor-widget-container\">\n\t\t\t\t\t\t\t<p>U godini kada je Novi Sad ponosni nosilac titule <a href=\"https:\/\/novisad2022.rs\/rs\/pocetna\/\">Evropske prestonice kulture<\/a>, najstariji teatar u zemlji s tradicijom dugom \u010dak 161. godinu, <a href=\"https:\/\/www.snp.org.rs\/\"><em>Srpsko narodno pozori\u0161te<\/em><\/a>, operom <strong><em>Vladimir i Kosara<\/em><\/strong> napravio je iskorak u regionalnoj operskoj sceni. Novosadska publika je prethodne ve\u010deri stoje\u0107im ovacijama pozdravila vrsne umetnike opere, \u010diji je autor jedan od najpoznatijih savremenih kompozitora klasi\u010dne muzike i libretista, Novosa\u0111anin <a href=\"https:\/\/visitdistrikt.rs\/2022\/02\/03\/stevan-divjakovic\/\"><strong>Stevan Divjakovi\u0107<\/strong><\/a>, dobitnik ovogodi\u0161nje Februarske nagrade na Dan grada Novog Sada.\u00a0<\/p><p>Glavni protagonisti opere su <strong>Stevan Karanac<\/strong> u ulozi Vladimira, <strong>Darija Olajo\u0161<\/strong> <strong>\u010cizmi\u0107<\/strong> u ulozi Kosare, <strong>Vasa Stajki\u0107<\/strong> i ulozi Samuila, <strong>Branislav Stankov<\/strong> u ulozi Vladislava, <strong>Nikola Basta<\/strong> u ulozi Radovana, <strong>Maja Andri\u0107<\/strong> kao Mara, kao i horski peva\u010di i baletski igra\u010di, i, naravno, orkestar pod dirigentskom palicom maestra <strong>Diana \u010cobanova<\/strong> iz Bugarske. Re\u017eiju ove ljubavne pri\u010de stare vi\u0161e od 10 vekova, koja se prepri\u010dava ali i nadahnjuje mnoge pisce, pesnike i druge umetnike, potpisuje priznati <strong>Aleksandar Nikoli\u0107<\/strong>.<\/p>\t\t\t\t\t\t<\/div>\n\t\t\t\t<\/div>\n\t\t\t\t\t<\/div>\n\t\t<\/div>\n\t\t\t\t\t<\/div>\n\t\t<\/section>\n\t\t\t\t<section class=\"elementor-section elementor-top-section elementor-element elementor-element-c05763b elementor-section-boxed elementor-section-height-default elementor-section-height-default\" data-id=\"c05763b\" data-element_type=\"section\">\n\t\t\t\t\t\t<div class=\"elementor-container elementor-column-gap-default\">\n\t\t\t\t\t<div class=\"elementor-column elementor-col-100 elementor-top-column elementor-element elementor-element-a1f9627\" data-id=\"a1f9627\" data-element_type=\"column\">\n\t\t\t<div class=\"elementor-widget-wrap elementor-element-populated\">\n\t\t\t\t\t\t<div class=\"elementor-element elementor-element-0510ec8 elementor-widget elementor-widget-gallery\" data-id=\"0510ec8\" data-element_type=\"widget\" data-settings=\"{&quot;columns&quot;:3,&quot;lazyload&quot;:&quot;yes&quot;,&quot;gallery_layout&quot;:&quot;grid&quot;,&quot;columns_tablet&quot;:2,&quot;columns_mobile&quot;:1,&quot;gap&quot;:{&quot;unit&quot;:&quot;px&quot;,&quot;size&quot;:10,&quot;sizes&quot;:[]},&quot;gap_tablet&quot;:{&quot;unit&quot;:&quot;px&quot;,&quot;size&quot;:10,&quot;sizes&quot;:[]},&quot;gap_mobile&quot;:{&quot;unit&quot;:&quot;px&quot;,&quot;size&quot;:10,&quot;sizes&quot;:[]},&quot;link_to&quot;:&quot;file&quot;,&quot;aspect_ratio&quot;:&quot;3:2&quot;,&quot;overlay_background&quot;:&quot;yes&quot;,&quot;content_hover_animation&quot;:&quot;fade-in&quot;}\" data-widget_type=\"gallery.default\">\n\t\t\t\t<div class=\"elementor-widget-container\">\n\t\t\t\t\t<div class=\"elementor-gallery__container\">\n\t\t\t\t\t\t\t<a class=\"e-gallery-item elementor-gallery-item elementor-animated-content\" href=\"https:\/\/visitdistrikt.rs\/media\/2022\/03\/V.Velickovic-March28-017.jpg\" data-elementor-open-lightbox=\"yes\" data-elementor-lightbox-slideshow=\"0510ec8\" data-e-action-hash=\"#elementor-action%3Aaction%3Dlightbox%26settings%3DeyJpZCI6MzIwMzUsInVybCI6Imh0dHBzOlwvXC92aXNpdGRpc3RyaWt0LnJzXC9tZWRpYVwvMjAyMlwvMDNcL1YuVmVsaWNrb3ZpYy1NYXJjaDI4LTAxNy5qcGciLCJzbGlkZXNob3ciOiIwNTEwZWM4In0%3D\">\n\t\t\t\t\t<div class=\"e-gallery-image elementor-gallery-item__image\" data-thumbnail=\"https:\/\/visitdistrikt.rs\/media\/2022\/03\/V.Velickovic-March28-017.jpg\" data-width=\"800\" data-height=\"533\" aria-label=\"\" role=\"img\" ><\/div>\n\t\t\t\t\t\t\t\t\t\t\t<div class=\"elementor-gallery-item__overlay\"><\/div>\n\t\t\t\t\t\t\t\t\t\t\t\t\t\t<\/a>\n\t\t\t\t\t\t\t<a class=\"e-gallery-item elementor-gallery-item elementor-animated-content\" href=\"https:\/\/visitdistrikt.rs\/media\/2022\/03\/V.Velickovic-March21-084.jpg\" data-elementor-open-lightbox=\"yes\" data-elementor-lightbox-slideshow=\"0510ec8\" data-e-action-hash=\"#elementor-action%3Aaction%3Dlightbox%26settings%3DeyJpZCI6MzIwMzcsInVybCI6Imh0dHBzOlwvXC92aXNpdGRpc3RyaWt0LnJzXC9tZWRpYVwvMjAyMlwvMDNcL1YuVmVsaWNrb3ZpYy1NYXJjaDIxLTA4NC5qcGciLCJzbGlkZXNob3ciOiIwNTEwZWM4In0%3D\">\n\t\t\t\t\t<div class=\"e-gallery-image elementor-gallery-item__image\" data-thumbnail=\"https:\/\/visitdistrikt.rs\/media\/2022\/03\/V.Velickovic-March21-084.jpg\" data-width=\"800\" data-height=\"533\" aria-label=\"\" role=\"img\" ><\/div>\n\t\t\t\t\t\t\t\t\t\t\t<div class=\"elementor-gallery-item__overlay\"><\/div>\n\t\t\t\t\t\t\t\t\t\t\t\t\t\t<\/a>\n\t\t\t\t\t\t\t<a class=\"e-gallery-item elementor-gallery-item elementor-animated-content\" href=\"https:\/\/visitdistrikt.rs\/media\/2022\/03\/V.Velickovic-March21-023.jpg\" data-elementor-open-lightbox=\"yes\" data-elementor-lightbox-slideshow=\"0510ec8\" data-e-action-hash=\"#elementor-action%3Aaction%3Dlightbox%26settings%3DeyJpZCI6MzIwMzksInVybCI6Imh0dHBzOlwvXC92aXNpdGRpc3RyaWt0LnJzXC9tZWRpYVwvMjAyMlwvMDNcL1YuVmVsaWNrb3ZpYy1NYXJjaDIxLTAyMy5qcGciLCJzbGlkZXNob3ciOiIwNTEwZWM4In0%3D\">\n\t\t\t\t\t<div class=\"e-gallery-image elementor-gallery-item__image\" data-thumbnail=\"https:\/\/visitdistrikt.rs\/media\/2022\/03\/V.Velickovic-March21-023.jpg\" data-width=\"800\" data-height=\"533\" aria-label=\"\" role=\"img\" ><\/div>\n\t\t\t\t\t\t\t\t\t\t\t<div class=\"elementor-gallery-item__overlay\"><\/div>\n\t\t\t\t\t\t\t\t\t\t\t\t\t\t<\/a>\n\t\t\t\t\t<\/div>\n\t\t\t<\/div>\n\t\t\t\t<\/div>\n\t\t\t\t\t<\/div>\n\t\t<\/div>\n\t\t\t\t\t<\/div>\n\t\t<\/section>\n\t\t\t\t<section class=\"elementor-section elementor-top-section elementor-element elementor-element-e7cf2f7 elementor-section-boxed elementor-section-height-default elementor-section-height-default\" data-id=\"e7cf2f7\" data-element_type=\"section\">\n\t\t\t\t\t\t<div class=\"elementor-container elementor-column-gap-default\">\n\t\t\t\t\t<div class=\"elementor-column elementor-col-100 elementor-top-column elementor-element elementor-element-7d5eb14\" data-id=\"7d5eb14\" data-element_type=\"column\">\n\t\t\t<div class=\"elementor-widget-wrap elementor-element-populated\">\n\t\t\t\t\t\t<div class=\"elementor-element elementor-element-d8461e6 elementor-widget elementor-widget-text-editor\" data-id=\"d8461e6\" data-element_type=\"widget\" data-widget_type=\"text-editor.default\">\n\t\t\t\t<div class=\"elementor-widget-container\">\n\t\t\t\t\t\t\t<p><strong>Naredno izvo\u0111enje opere Vladimir i Kosara zakazano je za ve\u010deras u 19 \u010dasova, a slede\u0107eg meseca \u0107ete imati priliku da predstavu pogledate u dva termina &#8211; 9. i 27. aprila.<\/strong> U nastavku vam prenosimo deli\u0107 atmosfere sa premijere, te vas pozivamo da pogledate ovu opetru i saznate kako su u 10. veku izgledali ljubav, vlast, rat i pokajanje.<\/p>\t\t\t\t\t\t<\/div>\n\t\t\t\t<\/div>\n\t\t\t\t\t<\/div>\n\t\t<\/div>\n\t\t\t\t\t<\/div>\n\t\t<\/section>\n\t\t\t\t<section class=\"elementor-section elementor-top-section elementor-element elementor-element-2d9e024 elementor-section-boxed elementor-section-height-default elementor-section-height-default\" data-id=\"2d9e024\" data-element_type=\"section\">\n\t\t\t\t\t\t<div class=\"elementor-container elementor-column-gap-default\">\n\t\t\t\t\t<div class=\"elementor-column elementor-col-100 elementor-top-column elementor-element elementor-element-90fb4cc\" data-id=\"90fb4cc\" data-element_type=\"column\">\n\t\t\t<div class=\"elementor-widget-wrap elementor-element-populated\">\n\t\t\t\t\t\t<div class=\"elementor-element elementor-element-fc0a357 elementor-widget elementor-widget-gallery\" data-id=\"fc0a357\" data-element_type=\"widget\" data-settings=\"{&quot;lazyload&quot;:&quot;yes&quot;,&quot;gallery_layout&quot;:&quot;grid&quot;,&quot;columns&quot;:4,&quot;columns_tablet&quot;:2,&quot;columns_mobile&quot;:1,&quot;gap&quot;:{&quot;unit&quot;:&quot;px&quot;,&quot;size&quot;:10,&quot;sizes&quot;:[]},&quot;gap_tablet&quot;:{&quot;unit&quot;:&quot;px&quot;,&quot;size&quot;:10,&quot;sizes&quot;:[]},&quot;gap_mobile&quot;:{&quot;unit&quot;:&quot;px&quot;,&quot;size&quot;:10,&quot;sizes&quot;:[]},&quot;link_to&quot;:&quot;file&quot;,&quot;aspect_ratio&quot;:&quot;3:2&quot;,&quot;overlay_background&quot;:&quot;yes&quot;,&quot;content_hover_animation&quot;:&quot;fade-in&quot;}\" data-widget_type=\"gallery.default\">\n\t\t\t\t<div class=\"elementor-widget-container\">\n\t\t\t\t\t<div class=\"elementor-gallery__container\">\n\t\t\t\t\t\t\t<a class=\"e-gallery-item elementor-gallery-item elementor-animated-content\" href=\"https:\/\/visitdistrikt.rs\/media\/2022\/03\/V.Velickovic-March21-016.jpg\" data-elementor-open-lightbox=\"yes\" data-elementor-lightbox-slideshow=\"fc0a357\" data-e-action-hash=\"#elementor-action%3Aaction%3Dlightbox%26settings%3DeyJpZCI6MzIwOTksInVybCI6Imh0dHBzOlwvXC92aXNpdGRpc3RyaWt0LnJzXC9tZWRpYVwvMjAyMlwvMDNcL1YuVmVsaWNrb3ZpYy1NYXJjaDIxLTAxNi5qcGciLCJzbGlkZXNob3ciOiJmYzBhMzU3In0%3D\">\n\t\t\t\t\t<div class=\"e-gallery-image elementor-gallery-item__image\" data-thumbnail=\"https:\/\/visitdistrikt.rs\/media\/2022\/03\/V.Velickovic-March21-016.jpg\" data-width=\"800\" data-height=\"533\" aria-label=\"\" role=\"img\" ><\/div>\n\t\t\t\t\t\t\t\t\t\t\t<div class=\"elementor-gallery-item__overlay\"><\/div>\n\t\t\t\t\t\t\t\t\t\t\t\t\t\t<\/a>\n\t\t\t\t\t\t\t<a class=\"e-gallery-item elementor-gallery-item elementor-animated-content\" href=\"https:\/\/visitdistrikt.rs\/media\/2022\/03\/V.Velickovic-March28-013.jpg\" data-elementor-open-lightbox=\"yes\" data-elementor-lightbox-slideshow=\"fc0a357\" data-e-action-hash=\"#elementor-action%3Aaction%3Dlightbox%26settings%3DeyJpZCI6MzIwNjUsInVybCI6Imh0dHBzOlwvXC92aXNpdGRpc3RyaWt0LnJzXC9tZWRpYVwvMjAyMlwvMDNcL1YuVmVsaWNrb3ZpYy1NYXJjaDI4LTAxMy5qcGciLCJzbGlkZXNob3ciOiJmYzBhMzU3In0%3D\">\n\t\t\t\t\t<div class=\"e-gallery-image elementor-gallery-item__image\" data-thumbnail=\"https:\/\/visitdistrikt.rs\/media\/2022\/03\/V.Velickovic-March28-013.jpg\" data-width=\"800\" data-height=\"533\" aria-label=\"\" role=\"img\" ><\/div>\n\t\t\t\t\t\t\t\t\t\t\t<div class=\"elementor-gallery-item__overlay\"><\/div>\n\t\t\t\t\t\t\t\t\t\t\t\t\t\t<\/a>\n\t\t\t\t\t\t\t<a class=\"e-gallery-item elementor-gallery-item elementor-animated-content\" href=\"https:\/\/visitdistrikt.rs\/media\/2022\/03\/V.Velickovic-March28-037.jpg\" data-elementor-open-lightbox=\"yes\" data-elementor-lightbox-slideshow=\"fc0a357\" data-e-action-hash=\"#elementor-action%3Aaction%3Dlightbox%26settings%3DeyJpZCI6MzIwNTEsInVybCI6Imh0dHBzOlwvXC92aXNpdGRpc3RyaWt0LnJzXC9tZWRpYVwvMjAyMlwvMDNcL1YuVmVsaWNrb3ZpYy1NYXJjaDI4LTAzNy5qcGciLCJzbGlkZXNob3ciOiJmYzBhMzU3In0%3D\">\n\t\t\t\t\t<div class=\"e-gallery-image elementor-gallery-item__image\" data-thumbnail=\"https:\/\/visitdistrikt.rs\/media\/2022\/03\/V.Velickovic-March28-037.jpg\" data-width=\"800\" data-height=\"533\" aria-label=\"\" role=\"img\" ><\/div>\n\t\t\t\t\t\t\t\t\t\t\t<div class=\"elementor-gallery-item__overlay\"><\/div>\n\t\t\t\t\t\t\t\t\t\t\t\t\t\t<\/a>\n\t\t\t\t\t\t\t<a class=\"e-gallery-item elementor-gallery-item elementor-animated-content\" href=\"https:\/\/visitdistrikt.rs\/media\/2022\/03\/V.Velickovic-March28-012.jpg\" data-elementor-open-lightbox=\"yes\" data-elementor-lightbox-slideshow=\"fc0a357\" data-e-action-hash=\"#elementor-action%3Aaction%3Dlightbox%26settings%3DeyJpZCI6MzIwNjcsInVybCI6Imh0dHBzOlwvXC92aXNpdGRpc3RyaWt0LnJzXC9tZWRpYVwvMjAyMlwvMDNcL1YuVmVsaWNrb3ZpYy1NYXJjaDI4LTAxMi5qcGciLCJzbGlkZXNob3ciOiJmYzBhMzU3In0%3D\">\n\t\t\t\t\t<div class=\"e-gallery-image elementor-gallery-item__image\" data-thumbnail=\"https:\/\/visitdistrikt.rs\/media\/2022\/03\/V.Velickovic-March28-012.jpg\" data-width=\"800\" data-height=\"533\" aria-label=\"\" role=\"img\" ><\/div>\n\t\t\t\t\t\t\t\t\t\t\t<div class=\"elementor-gallery-item__overlay\"><\/div>\n\t\t\t\t\t\t\t\t\t\t\t\t\t\t<\/a>\n\t\t\t\t\t\t\t<a class=\"e-gallery-item elementor-gallery-item elementor-animated-content\" href=\"https:\/\/visitdistrikt.rs\/media\/2022\/03\/V.Velickovic-March28-032.jpg\" data-elementor-open-lightbox=\"yes\" data-elementor-lightbox-slideshow=\"fc0a357\" data-e-action-hash=\"#elementor-action%3Aaction%3Dlightbox%26settings%3DeyJpZCI6MzIwNTcsInVybCI6Imh0dHBzOlwvXC92aXNpdGRpc3RyaWt0LnJzXC9tZWRpYVwvMjAyMlwvMDNcL1YuVmVsaWNrb3ZpYy1NYXJjaDI4LTAzMi5qcGciLCJzbGlkZXNob3ciOiJmYzBhMzU3In0%3D\">\n\t\t\t\t\t<div class=\"e-gallery-image elementor-gallery-item__image\" data-thumbnail=\"https:\/\/visitdistrikt.rs\/media\/2022\/03\/V.Velickovic-March28-032.jpg\" data-width=\"800\" data-height=\"533\" aria-label=\"\" role=\"img\" ><\/div>\n\t\t\t\t\t\t\t\t\t\t\t<div class=\"elementor-gallery-item__overlay\"><\/div>\n\t\t\t\t\t\t\t\t\t\t\t\t\t\t<\/a>\n\t\t\t\t\t\t\t<a class=\"e-gallery-item elementor-gallery-item elementor-animated-content\" href=\"https:\/\/visitdistrikt.rs\/media\/2022\/03\/V.Velickovic-March28-025.jpg\" data-elementor-open-lightbox=\"yes\" data-elementor-lightbox-slideshow=\"fc0a357\" data-e-action-hash=\"#elementor-action%3Aaction%3Dlightbox%26settings%3DeyJpZCI6MzIwNjEsInVybCI6Imh0dHBzOlwvXC92aXNpdGRpc3RyaWt0LnJzXC9tZWRpYVwvMjAyMlwvMDNcL1YuVmVsaWNrb3ZpYy1NYXJjaDI4LTAyNS5qcGciLCJzbGlkZXNob3ciOiJmYzBhMzU3In0%3D\">\n\t\t\t\t\t<div class=\"e-gallery-image elementor-gallery-item__image\" data-thumbnail=\"https:\/\/visitdistrikt.rs\/media\/2022\/03\/V.Velickovic-March28-025.jpg\" data-width=\"800\" data-height=\"533\" aria-label=\"\" role=\"img\" ><\/div>\n\t\t\t\t\t\t\t\t\t\t\t<div class=\"elementor-gallery-item__overlay\"><\/div>\n\t\t\t\t\t\t\t\t\t\t\t\t\t\t<\/a>\n\t\t\t\t\t\t\t<a class=\"e-gallery-item elementor-gallery-item elementor-animated-content\" href=\"https:\/\/visitdistrikt.rs\/media\/2022\/03\/V.Velickovic-March28-023.jpg\" data-elementor-open-lightbox=\"yes\" data-elementor-lightbox-slideshow=\"fc0a357\" data-e-action-hash=\"#elementor-action%3Aaction%3Dlightbox%26settings%3DeyJpZCI6MzIwNjMsInVybCI6Imh0dHBzOlwvXC92aXNpdGRpc3RyaWt0LnJzXC9tZWRpYVwvMjAyMlwvMDNcL1YuVmVsaWNrb3ZpYy1NYXJjaDI4LTAyMy5qcGciLCJzbGlkZXNob3ciOiJmYzBhMzU3In0%3D\">\n\t\t\t\t\t<div class=\"e-gallery-image elementor-gallery-item__image\" data-thumbnail=\"https:\/\/visitdistrikt.rs\/media\/2022\/03\/V.Velickovic-March28-023.jpg\" data-width=\"800\" data-height=\"533\" aria-label=\"\" role=\"img\" ><\/div>\n\t\t\t\t\t\t\t\t\t\t\t<div class=\"elementor-gallery-item__overlay\"><\/div>\n\t\t\t\t\t\t\t\t\t\t\t\t\t\t<\/a>\n\t\t\t\t\t\t\t<a class=\"e-gallery-item elementor-gallery-item elementor-animated-content\" href=\"https:\/\/visitdistrikt.rs\/media\/2022\/03\/V.Velickovic-March28-033.jpg\" data-elementor-open-lightbox=\"yes\" data-elementor-lightbox-slideshow=\"fc0a357\" data-e-action-hash=\"#elementor-action%3Aaction%3Dlightbox%26settings%3DeyJpZCI6MzIwNTUsInVybCI6Imh0dHBzOlwvXC92aXNpdGRpc3RyaWt0LnJzXC9tZWRpYVwvMjAyMlwvMDNcL1YuVmVsaWNrb3ZpYy1NYXJjaDI4LTAzMy5qcGciLCJzbGlkZXNob3ciOiJmYzBhMzU3In0%3D\">\n\t\t\t\t\t<div class=\"e-gallery-image elementor-gallery-item__image\" data-thumbnail=\"https:\/\/visitdistrikt.rs\/media\/2022\/03\/V.Velickovic-March28-033.jpg\" data-width=\"800\" data-height=\"533\" aria-label=\"\" role=\"img\" ><\/div>\n\t\t\t\t\t\t\t\t\t\t\t<div class=\"elementor-gallery-item__overlay\"><\/div>\n\t\t\t\t\t\t\t\t\t\t\t\t\t\t<\/a>\n\t\t\t\t\t\t\t<a class=\"e-gallery-item elementor-gallery-item elementor-animated-content\" href=\"https:\/\/visitdistrikt.rs\/media\/2022\/03\/V.Velickovic-March28-049.jpg\" data-elementor-open-lightbox=\"yes\" data-elementor-lightbox-slideshow=\"fc0a357\" data-e-action-hash=\"#elementor-action%3Aaction%3Dlightbox%26settings%3DeyJpZCI6MzIwNDcsInVybCI6Imh0dHBzOlwvXC92aXNpdGRpc3RyaWt0LnJzXC9tZWRpYVwvMjAyMlwvMDNcL1YuVmVsaWNrb3ZpYy1NYXJjaDI4LTA0OS5qcGciLCJzbGlkZXNob3ciOiJmYzBhMzU3In0%3D\">\n\t\t\t\t\t<div class=\"e-gallery-image elementor-gallery-item__image\" data-thumbnail=\"https:\/\/visitdistrikt.rs\/media\/2022\/03\/V.Velickovic-March28-049.jpg\" data-width=\"800\" data-height=\"533\" aria-label=\"\" role=\"img\" ><\/div>\n\t\t\t\t\t\t\t\t\t\t\t<div class=\"elementor-gallery-item__overlay\"><\/div>\n\t\t\t\t\t\t\t\t\t\t\t\t\t\t<\/a>\n\t\t\t\t\t\t\t<a class=\"e-gallery-item elementor-gallery-item elementor-animated-content\" href=\"https:\/\/visitdistrikt.rs\/media\/2022\/03\/V.Velickovic-March28-058.jpg\" data-elementor-open-lightbox=\"yes\" data-elementor-lightbox-slideshow=\"fc0a357\" data-e-action-hash=\"#elementor-action%3Aaction%3Dlightbox%26settings%3DeyJpZCI6MzIwNDMsInVybCI6Imh0dHBzOlwvXC92aXNpdGRpc3RyaWt0LnJzXC9tZWRpYVwvMjAyMlwvMDNcL1YuVmVsaWNrb3ZpYy1NYXJjaDI4LTA1OC5qcGciLCJzbGlkZXNob3ciOiJmYzBhMzU3In0%3D\">\n\t\t\t\t\t<div class=\"e-gallery-image elementor-gallery-item__image\" data-thumbnail=\"https:\/\/visitdistrikt.rs\/media\/2022\/03\/V.Velickovic-March28-058.jpg\" data-width=\"800\" data-height=\"533\" aria-label=\"\" role=\"img\" ><\/div>\n\t\t\t\t\t\t\t\t\t\t\t<div class=\"elementor-gallery-item__overlay\"><\/div>\n\t\t\t\t\t\t\t\t\t\t\t\t\t\t<\/a>\n\t\t\t\t\t\t\t<a class=\"e-gallery-item elementor-gallery-item elementor-animated-content\" href=\"https:\/\/visitdistrikt.rs\/media\/2022\/03\/V.Velickovic-March28-006.jpg\" data-elementor-open-lightbox=\"yes\" data-elementor-lightbox-slideshow=\"fc0a357\" data-e-action-hash=\"#elementor-action%3Aaction%3Dlightbox%26settings%3DeyJpZCI6MzIwNzEsInVybCI6Imh0dHBzOlwvXC92aXNpdGRpc3RyaWt0LnJzXC9tZWRpYVwvMjAyMlwvMDNcL1YuVmVsaWNrb3ZpYy1NYXJjaDI4LTAwNi5qcGciLCJzbGlkZXNob3ciOiJmYzBhMzU3In0%3D\">\n\t\t\t\t\t<div class=\"e-gallery-image elementor-gallery-item__image\" data-thumbnail=\"https:\/\/visitdistrikt.rs\/media\/2022\/03\/V.Velickovic-March28-006.jpg\" data-width=\"800\" data-height=\"533\" aria-label=\"\" role=\"img\" ><\/div>\n\t\t\t\t\t\t\t\t\t\t\t<div class=\"elementor-gallery-item__overlay\"><\/div>\n\t\t\t\t\t\t\t\t\t\t\t\t\t\t<\/a>\n\t\t\t\t\t\t\t<a class=\"e-gallery-item elementor-gallery-item elementor-animated-content\" href=\"https:\/\/visitdistrikt.rs\/media\/2022\/03\/V.Velickovic-March28-003.jpg\" data-elementor-open-lightbox=\"yes\" data-elementor-lightbox-slideshow=\"fc0a357\" data-e-action-hash=\"#elementor-action%3Aaction%3Dlightbox%26settings%3DeyJpZCI6MzIwNzUsInVybCI6Imh0dHBzOlwvXC92aXNpdGRpc3RyaWt0LnJzXC9tZWRpYVwvMjAyMlwvMDNcL1YuVmVsaWNrb3ZpYy1NYXJjaDI4LTAwMy5qcGciLCJzbGlkZXNob3ciOiJmYzBhMzU3In0%3D\">\n\t\t\t\t\t<div class=\"e-gallery-image elementor-gallery-item__image\" data-thumbnail=\"https:\/\/visitdistrikt.rs\/media\/2022\/03\/V.Velickovic-March28-003.jpg\" data-width=\"800\" data-height=\"533\" aria-label=\"\" role=\"img\" ><\/div>\n\t\t\t\t\t\t\t\t\t\t\t<div class=\"elementor-gallery-item__overlay\"><\/div>\n\t\t\t\t\t\t\t\t\t\t\t\t\t\t<\/a>\n\t\t\t\t\t\t\t<a class=\"e-gallery-item elementor-gallery-item elementor-animated-content\" href=\"https:\/\/visitdistrikt.rs\/media\/2022\/03\/V.Velickovic-March25-030.jpg\" data-elementor-open-lightbox=\"yes\" data-elementor-lightbox-slideshow=\"fc0a357\" data-e-action-hash=\"#elementor-action%3Aaction%3Dlightbox%26settings%3DeyJpZCI6MzIwODEsInVybCI6Imh0dHBzOlwvXC92aXNpdGRpc3RyaWt0LnJzXC9tZWRpYVwvMjAyMlwvMDNcL1YuVmVsaWNrb3ZpYy1NYXJjaDI1LTAzMC5qcGciLCJzbGlkZXNob3ciOiJmYzBhMzU3In0%3D\">\n\t\t\t\t\t<div class=\"e-gallery-image elementor-gallery-item__image\" data-thumbnail=\"https:\/\/visitdistrikt.rs\/media\/2022\/03\/V.Velickovic-March25-030.jpg\" data-width=\"800\" data-height=\"533\" aria-label=\"\" role=\"img\" ><\/div>\n\t\t\t\t\t\t\t\t\t\t\t<div class=\"elementor-gallery-item__overlay\"><\/div>\n\t\t\t\t\t\t\t\t\t\t\t\t\t\t<\/a>\n\t\t\t\t\t\t\t<a class=\"e-gallery-item elementor-gallery-item elementor-animated-content\" href=\"https:\/\/visitdistrikt.rs\/media\/2022\/03\/V.Velickovic-March28-046.jpg\" data-elementor-open-lightbox=\"yes\" data-elementor-lightbox-slideshow=\"fc0a357\" data-e-action-hash=\"#elementor-action%3Aaction%3Dlightbox%26settings%3DeyJpZCI6MzIwNDksInVybCI6Imh0dHBzOlwvXC92aXNpdGRpc3RyaWt0LnJzXC9tZWRpYVwvMjAyMlwvMDNcL1YuVmVsaWNrb3ZpYy1NYXJjaDI4LTA0Ni5qcGciLCJzbGlkZXNob3ciOiJmYzBhMzU3In0%3D\">\n\t\t\t\t\t<div class=\"e-gallery-image elementor-gallery-item__image\" data-thumbnail=\"https:\/\/visitdistrikt.rs\/media\/2022\/03\/V.Velickovic-March28-046.jpg\" data-width=\"800\" data-height=\"533\" aria-label=\"\" role=\"img\" ><\/div>\n\t\t\t\t\t\t\t\t\t\t\t<div class=\"elementor-gallery-item__overlay\"><\/div>\n\t\t\t\t\t\t\t\t\t\t\t\t\t\t<\/a>\n\t\t\t\t\t\t\t<a class=\"e-gallery-item elementor-gallery-item elementor-animated-content\" href=\"https:\/\/visitdistrikt.rs\/media\/2022\/03\/V.Velickovic-March25-040.jpg\" data-elementor-open-lightbox=\"yes\" data-elementor-lightbox-slideshow=\"fc0a357\" data-e-action-hash=\"#elementor-action%3Aaction%3Dlightbox%26settings%3DeyJpZCI6MzIwNzcsInVybCI6Imh0dHBzOlwvXC92aXNpdGRpc3RyaWt0LnJzXC9tZWRpYVwvMjAyMlwvMDNcL1YuVmVsaWNrb3ZpYy1NYXJjaDI1LTA0MC5qcGciLCJzbGlkZXNob3ciOiJmYzBhMzU3In0%3D\">\n\t\t\t\t\t<div class=\"e-gallery-image elementor-gallery-item__image\" data-thumbnail=\"https:\/\/visitdistrikt.rs\/media\/2022\/03\/V.Velickovic-March25-040.jpg\" data-width=\"800\" data-height=\"533\" aria-label=\"\" role=\"img\" ><\/div>\n\t\t\t\t\t\t\t\t\t\t\t<div class=\"elementor-gallery-item__overlay\"><\/div>\n\t\t\t\t\t\t\t\t\t\t\t\t\t\t<\/a>\n\t\t\t\t\t\t\t<a class=\"e-gallery-item elementor-gallery-item elementor-animated-content\" href=\"https:\/\/visitdistrikt.rs\/media\/2022\/03\/V.Velickovic-March25-036.jpg\" data-elementor-open-lightbox=\"yes\" data-elementor-lightbox-slideshow=\"fc0a357\" data-e-action-hash=\"#elementor-action%3Aaction%3Dlightbox%26settings%3DeyJpZCI6MzIwNzksInVybCI6Imh0dHBzOlwvXC92aXNpdGRpc3RyaWt0LnJzXC9tZWRpYVwvMjAyMlwvMDNcL1YuVmVsaWNrb3ZpYy1NYXJjaDI1LTAzNi5qcGciLCJzbGlkZXNob3ciOiJmYzBhMzU3In0%3D\">\n\t\t\t\t\t<div class=\"e-gallery-image elementor-gallery-item__image\" data-thumbnail=\"https:\/\/visitdistrikt.rs\/media\/2022\/03\/V.Velickovic-March25-036.jpg\" data-width=\"800\" data-height=\"533\" aria-label=\"\" role=\"img\" ><\/div>\n\t\t\t\t\t\t\t\t\t\t\t<div class=\"elementor-gallery-item__overlay\"><\/div>\n\t\t\t\t\t\t\t\t\t\t\t\t\t\t<\/a>\n\t\t\t\t\t\t\t<a class=\"e-gallery-item elementor-gallery-item elementor-animated-content\" href=\"https:\/\/visitdistrikt.rs\/media\/2022\/03\/V.Velickovic-March25-026.jpg\" data-elementor-open-lightbox=\"yes\" data-elementor-lightbox-slideshow=\"fc0a357\" data-e-action-hash=\"#elementor-action%3Aaction%3Dlightbox%26settings%3DeyJpZCI6MzIwODMsInVybCI6Imh0dHBzOlwvXC92aXNpdGRpc3RyaWt0LnJzXC9tZWRpYVwvMjAyMlwvMDNcL1YuVmVsaWNrb3ZpYy1NYXJjaDI1LTAyNi5qcGciLCJzbGlkZXNob3ciOiJmYzBhMzU3In0%3D\">\n\t\t\t\t\t<div class=\"e-gallery-image elementor-gallery-item__image\" data-thumbnail=\"https:\/\/visitdistrikt.rs\/media\/2022\/03\/V.Velickovic-March25-026.jpg\" data-width=\"800\" data-height=\"533\" aria-label=\"\" role=\"img\" ><\/div>\n\t\t\t\t\t\t\t\t\t\t\t<div class=\"elementor-gallery-item__overlay\"><\/div>\n\t\t\t\t\t\t\t\t\t\t\t\t\t\t<\/a>\n\t\t\t\t\t\t\t<a class=\"e-gallery-item elementor-gallery-item elementor-animated-content\" href=\"https:\/\/visitdistrikt.rs\/media\/2022\/03\/V.Velickovic-March25-007.jpg\" data-elementor-open-lightbox=\"yes\" data-elementor-lightbox-slideshow=\"fc0a357\" data-e-action-hash=\"#elementor-action%3Aaction%3Dlightbox%26settings%3DeyJpZCI6MzIwODUsInVybCI6Imh0dHBzOlwvXC92aXNpdGRpc3RyaWt0LnJzXC9tZWRpYVwvMjAyMlwvMDNcL1YuVmVsaWNrb3ZpYy1NYXJjaDI1LTAwNy5qcGciLCJzbGlkZXNob3ciOiJmYzBhMzU3In0%3D\">\n\t\t\t\t\t<div class=\"e-gallery-image elementor-gallery-item__image\" data-thumbnail=\"https:\/\/visitdistrikt.rs\/media\/2022\/03\/V.Velickovic-March25-007.jpg\" data-width=\"800\" data-height=\"533\" aria-label=\"\" role=\"img\" ><\/div>\n\t\t\t\t\t\t\t\t\t\t\t<div class=\"elementor-gallery-item__overlay\"><\/div>\n\t\t\t\t\t\t\t\t\t\t\t\t\t\t<\/a>\n\t\t\t\t\t\t\t<a class=\"e-gallery-item elementor-gallery-item elementor-animated-content\" href=\"https:\/\/visitdistrikt.rs\/media\/2022\/03\/V.Velickovic-March21-088.jpg\" data-elementor-open-lightbox=\"yes\" data-elementor-lightbox-slideshow=\"fc0a357\" data-e-action-hash=\"#elementor-action%3Aaction%3Dlightbox%26settings%3DeyJpZCI6MzIwODcsInVybCI6Imh0dHBzOlwvXC92aXNpdGRpc3RyaWt0LnJzXC9tZWRpYVwvMjAyMlwvMDNcL1YuVmVsaWNrb3ZpYy1NYXJjaDIxLTA4OC5qcGciLCJzbGlkZXNob3ciOiJmYzBhMzU3In0%3D\">\n\t\t\t\t\t<div class=\"e-gallery-image elementor-gallery-item__image\" data-thumbnail=\"https:\/\/visitdistrikt.rs\/media\/2022\/03\/V.Velickovic-March21-088.jpg\" data-width=\"800\" data-height=\"533\" aria-label=\"\" role=\"img\" ><\/div>\n\t\t\t\t\t\t\t\t\t\t\t<div class=\"elementor-gallery-item__overlay\"><\/div>\n\t\t\t\t\t\t\t\t\t\t\t\t\t\t<\/a>\n\t\t\t\t\t\t\t<a class=\"e-gallery-item elementor-gallery-item elementor-animated-content\" href=\"https:\/\/visitdistrikt.rs\/media\/2022\/03\/V.Velickovic-March21-076.jpg\" data-elementor-open-lightbox=\"yes\" data-elementor-lightbox-slideshow=\"fc0a357\" data-e-action-hash=\"#elementor-action%3Aaction%3Dlightbox%26settings%3DeyJpZCI6MzIwODksInVybCI6Imh0dHBzOlwvXC92aXNpdGRpc3RyaWt0LnJzXC9tZWRpYVwvMjAyMlwvMDNcL1YuVmVsaWNrb3ZpYy1NYXJjaDIxLTA3Ni5qcGciLCJzbGlkZXNob3ciOiJmYzBhMzU3In0%3D\">\n\t\t\t\t\t<div class=\"e-gallery-image elementor-gallery-item__image\" data-thumbnail=\"https:\/\/visitdistrikt.rs\/media\/2022\/03\/V.Velickovic-March21-076.jpg\" data-width=\"800\" data-height=\"533\" aria-label=\"\" role=\"img\" ><\/div>\n\t\t\t\t\t\t\t\t\t\t\t<div class=\"elementor-gallery-item__overlay\"><\/div>\n\t\t\t\t\t\t\t\t\t\t\t\t\t\t<\/a>\n\t\t\t\t\t\t\t<a class=\"e-gallery-item elementor-gallery-item elementor-animated-content\" href=\"https:\/\/visitdistrikt.rs\/media\/2022\/03\/V.Velickovic-March28-060.jpg\" data-elementor-open-lightbox=\"yes\" data-elementor-lightbox-slideshow=\"fc0a357\" data-e-action-hash=\"#elementor-action%3Aaction%3Dlightbox%26settings%3DeyJpZCI6MzIwNDEsInVybCI6Imh0dHBzOlwvXC92aXNpdGRpc3RyaWt0LnJzXC9tZWRpYVwvMjAyMlwvMDNcL1YuVmVsaWNrb3ZpYy1NYXJjaDI4LTA2MC5qcGciLCJzbGlkZXNob3ciOiJmYzBhMzU3In0%3D\">\n\t\t\t\t\t<div class=\"e-gallery-image elementor-gallery-item__image\" data-thumbnail=\"https:\/\/visitdistrikt.rs\/media\/2022\/03\/V.Velickovic-March28-060.jpg\" data-width=\"800\" data-height=\"533\" aria-label=\"\" role=\"img\" ><\/div>\n\t\t\t\t\t\t\t\t\t\t\t<div class=\"elementor-gallery-item__overlay\"><\/div>\n\t\t\t\t\t\t\t\t\t\t\t\t\t\t<\/a>\n\t\t\t\t\t\t\t<a class=\"e-gallery-item elementor-gallery-item elementor-animated-content\" href=\"https:\/\/visitdistrikt.rs\/media\/2022\/03\/V.Velickovic-March21-073.jpg\" data-elementor-open-lightbox=\"yes\" data-elementor-lightbox-slideshow=\"fc0a357\" data-e-action-hash=\"#elementor-action%3Aaction%3Dlightbox%26settings%3DeyJpZCI6MzIwOTEsInVybCI6Imh0dHBzOlwvXC92aXNpdGRpc3RyaWt0LnJzXC9tZWRpYVwvMjAyMlwvMDNcL1YuVmVsaWNrb3ZpYy1NYXJjaDIxLTA3My5qcGciLCJzbGlkZXNob3ciOiJmYzBhMzU3In0%3D\">\n\t\t\t\t\t<div class=\"e-gallery-image elementor-gallery-item__image\" data-thumbnail=\"https:\/\/visitdistrikt.rs\/media\/2022\/03\/V.Velickovic-March21-073.jpg\" data-width=\"800\" data-height=\"533\" aria-label=\"\" role=\"img\" ><\/div>\n\t\t\t\t\t\t\t\t\t\t\t<div class=\"elementor-gallery-item__overlay\"><\/div>\n\t\t\t\t\t\t\t\t\t\t\t\t\t\t<\/a>\n\t\t\t\t\t\t\t<a class=\"e-gallery-item elementor-gallery-item elementor-animated-content\" href=\"https:\/\/visitdistrikt.rs\/media\/2022\/03\/V.Velickovic-March21-029.jpg\" data-elementor-open-lightbox=\"yes\" data-elementor-lightbox-slideshow=\"fc0a357\" data-e-action-hash=\"#elementor-action%3Aaction%3Dlightbox%26settings%3DeyJpZCI6MzIwOTMsInVybCI6Imh0dHBzOlwvXC92aXNpdGRpc3RyaWt0LnJzXC9tZWRpYVwvMjAyMlwvMDNcL1YuVmVsaWNrb3ZpYy1NYXJjaDIxLTAyOS5qcGciLCJzbGlkZXNob3ciOiJmYzBhMzU3In0%3D\">\n\t\t\t\t\t<div class=\"e-gallery-image elementor-gallery-item__image\" data-thumbnail=\"https:\/\/visitdistrikt.rs\/media\/2022\/03\/V.Velickovic-March21-029.jpg\" data-width=\"800\" data-height=\"533\" aria-label=\"\" role=\"img\" ><\/div>\n\t\t\t\t\t\t\t\t\t\t\t<div class=\"elementor-gallery-item__overlay\"><\/div>\n\t\t\t\t\t\t\t\t\t\t\t\t\t\t<\/a>\n\t\t\t\t\t\t\t<a class=\"e-gallery-item elementor-gallery-item elementor-animated-content\" href=\"https:\/\/visitdistrikt.rs\/media\/2022\/03\/V.Velickovic-March21-025.jpg\" data-elementor-open-lightbox=\"yes\" data-elementor-lightbox-slideshow=\"fc0a357\" data-e-action-hash=\"#elementor-action%3Aaction%3Dlightbox%26settings%3DeyJpZCI6MzIwOTUsInVybCI6Imh0dHBzOlwvXC92aXNpdGRpc3RyaWt0LnJzXC9tZWRpYVwvMjAyMlwvMDNcL1YuVmVsaWNrb3ZpYy1NYXJjaDIxLTAyNS5qcGciLCJzbGlkZXNob3ciOiJmYzBhMzU3In0%3D\">\n\t\t\t\t\t<div class=\"e-gallery-image elementor-gallery-item__image\" data-thumbnail=\"https:\/\/visitdistrikt.rs\/media\/2022\/03\/V.Velickovic-March21-025.jpg\" data-width=\"800\" data-height=\"533\" aria-label=\"\" role=\"img\" ><\/div>\n\t\t\t\t\t\t\t\t\t\t\t<div class=\"elementor-gallery-item__overlay\"><\/div>\n\t\t\t\t\t\t\t\t\t\t\t\t\t\t<\/a>\n\t\t\t\t\t\t\t<a class=\"e-gallery-item elementor-gallery-item elementor-animated-content\" href=\"https:\/\/visitdistrikt.rs\/media\/2022\/03\/V.Velickovic-March21-022.jpg\" data-elementor-open-lightbox=\"yes\" data-elementor-lightbox-slideshow=\"fc0a357\" data-e-action-hash=\"#elementor-action%3Aaction%3Dlightbox%26settings%3DeyJpZCI6MzIwOTcsInVybCI6Imh0dHBzOlwvXC92aXNpdGRpc3RyaWt0LnJzXC9tZWRpYVwvMjAyMlwvMDNcL1YuVmVsaWNrb3ZpYy1NYXJjaDIxLTAyMi5qcGciLCJzbGlkZXNob3ciOiJmYzBhMzU3In0%3D\">\n\t\t\t\t\t<div class=\"e-gallery-image elementor-gallery-item__image\" data-thumbnail=\"https:\/\/visitdistrikt.rs\/media\/2022\/03\/V.Velickovic-March21-022.jpg\" data-width=\"800\" data-height=\"533\" aria-label=\"\" role=\"img\" ><\/div>\n\t\t\t\t\t\t\t\t\t\t\t<div class=\"elementor-gallery-item__overlay\"><\/div>\n\t\t\t\t\t\t\t\t\t\t\t\t\t\t<\/a>\n\t\t\t\t\t\t\t<a class=\"e-gallery-item elementor-gallery-item elementor-animated-content\" href=\"https:\/\/visitdistrikt.rs\/media\/2022\/03\/V.Velickovic-March28-028.jpg\" data-elementor-open-lightbox=\"yes\" data-elementor-lightbox-slideshow=\"fc0a357\" data-e-action-hash=\"#elementor-action%3Aaction%3Dlightbox%26settings%3DeyJpZCI6MzIwNTksInVybCI6Imh0dHBzOlwvXC92aXNpdGRpc3RyaWt0LnJzXC9tZWRpYVwvMjAyMlwvMDNcL1YuVmVsaWNrb3ZpYy1NYXJjaDI4LTAyOC5qcGciLCJzbGlkZXNob3ciOiJmYzBhMzU3In0%3D\">\n\t\t\t\t\t<div class=\"e-gallery-image elementor-gallery-item__image\" data-thumbnail=\"https:\/\/visitdistrikt.rs\/media\/2022\/03\/V.Velickovic-March28-028.jpg\" data-width=\"800\" data-height=\"533\" aria-label=\"\" role=\"img\" ><\/div>\n\t\t\t\t\t\t\t\t\t\t\t<div class=\"elementor-gallery-item__overlay\"><\/div>\n\t\t\t\t\t\t\t\t\t\t\t\t\t\t<\/a>\n\t\t\t\t\t\t\t<a class=\"e-gallery-item elementor-gallery-item elementor-animated-content\" href=\"https:\/\/visitdistrikt.rs\/media\/2022\/03\/V.Velickovic-March28-052.jpg\" data-elementor-open-lightbox=\"yes\" data-elementor-lightbox-slideshow=\"fc0a357\" data-e-action-hash=\"#elementor-action%3Aaction%3Dlightbox%26settings%3DeyJpZCI6MzIwNDUsInVybCI6Imh0dHBzOlwvXC92aXNpdGRpc3RyaWt0LnJzXC9tZWRpYVwvMjAyMlwvMDNcL1YuVmVsaWNrb3ZpYy1NYXJjaDI4LTA1Mi5qcGciLCJzbGlkZXNob3ciOiJmYzBhMzU3In0%3D\">\n\t\t\t\t\t<div class=\"e-gallery-image elementor-gallery-item__image\" data-thumbnail=\"https:\/\/visitdistrikt.rs\/media\/2022\/03\/V.Velickovic-March28-052.jpg\" data-width=\"800\" data-height=\"533\" aria-label=\"\" role=\"img\" ><\/div>\n\t\t\t\t\t\t\t\t\t\t\t<div class=\"elementor-gallery-item__overlay\"><\/div>\n\t\t\t\t\t\t\t\t\t\t\t\t\t\t<\/a>\n\t\t\t\t\t\t\t<a class=\"e-gallery-item elementor-gallery-item elementor-animated-content\" href=\"https:\/\/visitdistrikt.rs\/media\/2022\/03\/V.Velickovic-March21-007.jpg\" data-elementor-open-lightbox=\"yes\" data-elementor-lightbox-slideshow=\"fc0a357\" data-e-action-hash=\"#elementor-action%3Aaction%3Dlightbox%26settings%3DeyJpZCI6MzIxMDEsInVybCI6Imh0dHBzOlwvXC92aXNpdGRpc3RyaWt0LnJzXC9tZWRpYVwvMjAyMlwvMDNcL1YuVmVsaWNrb3ZpYy1NYXJjaDIxLTAwNy5qcGciLCJzbGlkZXNob3ciOiJmYzBhMzU3In0%3D\">\n\t\t\t\t\t<div class=\"e-gallery-image elementor-gallery-item__image\" data-thumbnail=\"https:\/\/visitdistrikt.rs\/media\/2022\/03\/V.Velickovic-March21-007.jpg\" data-width=\"800\" data-height=\"533\" aria-label=\"\" role=\"img\" ><\/div>\n\t\t\t\t\t\t\t\t\t\t\t<div class=\"elementor-gallery-item__overlay\"><\/div>\n\t\t\t\t\t\t\t\t\t\t\t\t\t\t<\/a>\n\t\t\t\t\t<\/div>\n\t\t\t<\/div>\n\t\t\t\t<\/div>\n\t\t\t\t\t<\/div>\n\t\t<\/div>\n\t\t\t\t\t<\/div>\n\t\t<\/section>\n\t\t\t\t<section class=\"elementor-section elementor-top-section elementor-element elementor-element-88479ac elementor-section-boxed elementor-section-height-default elementor-section-height-default\" data-id=\"88479ac\" data-element_type=\"section\">\n\t\t\t\t\t\t<div class=\"elementor-container elementor-column-gap-default\">\n\t\t\t\t\t<div class=\"elementor-column elementor-col-100 elementor-top-column elementor-element elementor-element-3b675eb\" data-id=\"3b675eb\" data-element_type=\"column\">\n\t\t\t<div class=\"elementor-widget-wrap elementor-element-populated\">\n\t\t\t\t\t\t<div class=\"elementor-element elementor-element-7cbc23d elementor-widget elementor-widget-text-editor\" data-id=\"7cbc23d\" data-element_type=\"widget\" data-widget_type=\"text-editor.default\">\n\t\t\t\t<div class=\"elementor-widget-container\">\n\t\t\t\t\t\t\t<p><strong>Foto:<\/strong> Vladimir Veli\u010dkovi\u0107<\/p>\t\t\t\t\t\t<\/div>\n\t\t\t\t<\/div>\n\t\t\t\t\t<\/div>\n\t\t<\/div>\n\t\t\t\t\t<\/div>\n\t\t<\/section>\n\t\t\t\t<\/div>\n\t\t","protected":false},"excerpt":{"rendered":"<p>The world premiere of the opera \u2018Vladimir and Kosara\u2019 by the Novi Sad composer and librettist Stevan Divjakovi\u0107 opened last night on the big stage of the Serbian National Theatre. This spectacular piece, the story of Vladimir and Kosara, depicts one of the oldest legends and love stories in the Balkans.<\/p>\n","protected":false},"author":9,"featured_media":32030,"comment_status":"closed","ping_status":"closed","sticky":false,"template":"","format":"standard","meta":{"footnotes":"","_links_to":"","_links_to_target":""},"categories":[286,1003,305],"tags":[1165,1128,1164],"yoast_head":"<!-- This site is optimized with the Yoast SEO plugin v22.4 - https:\/\/yoast.com\/wordpress\/plugins\/seo\/ -->\n<title>Photo: Standing ovations at the world premiere of the opera \u2018Vladimir and Kosara\u2019 - Visit Distrikt Novi Sad<\/title>\n<meta name=\"description\" content=\"The world premiere of the opera \u2018Vladimir and Kosara\u2019 opened last night on the big stage of the Serbian National Theatre.\" \/>\n<meta name=\"robots\" content=\"index, follow, max-snippet:-1, max-image-preview:large, max-video-preview:-1\" \/>\n<link rel=\"canonical\" href=\"https:\/\/visitdistrikt.rs\/en\/2022\/03\/29\/foto-ovacije-na-svetskoj-premijeri-opere-vladimir-i-kosara\/\" \/>\n<meta property=\"og:locale\" content=\"en_US\" \/>\n<meta property=\"og:type\" content=\"article\" \/>\n<meta property=\"og:title\" content=\"Photo: Standing ovations at the world premiere of the opera \u2018Vladimir and Kosara\u2019 - Visit Distrikt Novi Sad\" \/>\n<meta property=\"og:description\" content=\"The world premiere of the opera \u2018Vladimir and Kosara\u2019 opened last night on the big stage of the Serbian National Theatre.\" \/>\n<meta property=\"og:url\" content=\"https:\/\/visitdistrikt.rs\/en\/2022\/03\/29\/foto-ovacije-na-svetskoj-premijeri-opere-vladimir-i-kosara\/\" \/>\n<meta property=\"og:site_name\" content=\"Visit Distrikt Novi Sad\" \/>\n<meta property=\"article:published_time\" content=\"2022-03-29T12:38:02+00:00\" \/>\n<meta property=\"article:modified_time\" content=\"2022-03-31T08:13:30+00:00\" \/>\n<meta property=\"og:image\" content=\"https:\/\/visitdistrikt.rs\/media\/2022\/03\/V.Velickovic-March28-011-e1648551863394.jpg\" \/>\n\t<meta property=\"og:image:width\" content=\"1920\" \/>\n\t<meta property=\"og:image:height\" content=\"1280\" \/>\n\t<meta property=\"og:image:type\" content=\"image\/jpeg\" \/>\n<meta name=\"author\" content=\"Marina Mari\u0107\" \/>\n<meta name=\"twitter:card\" content=\"summary_large_image\" \/>\n<meta name=\"twitter:label1\" content=\"Written by\" \/>\n\t<meta name=\"twitter:data1\" content=\"Marina Mari\u0107\" \/>\n\t<meta name=\"twitter:label2\" content=\"Est. reading time\" \/>\n\t<meta name=\"twitter:data2\" content=\"2 minutes\" \/>\n<script type=\"application\/ld+json\" class=\"yoast-schema-graph\">{\"@context\":\"https:\/\/schema.org\",\"@graph\":[{\"@type\":\"WebPage\",\"@id\":\"https:\/\/visitdistrikt.rs\/en\/2022\/03\/29\/foto-ovacije-na-svetskoj-premijeri-opere-vladimir-i-kosara\/\",\"url\":\"https:\/\/visitdistrikt.rs\/en\/2022\/03\/29\/foto-ovacije-na-svetskoj-premijeri-opere-vladimir-i-kosara\/\",\"name\":\"Photo: Standing ovations at the world premiere of the opera \u2018Vladimir and Kosara\u2019 - Visit Distrikt Novi Sad\",\"isPartOf\":{\"@id\":\"https:\/\/visitdistrikt.rs\/#website\"},\"primaryImageOfPage\":{\"@id\":\"https:\/\/visitdistrikt.rs\/en\/2022\/03\/29\/foto-ovacije-na-svetskoj-premijeri-opere-vladimir-i-kosara\/#primaryimage\"},\"image\":{\"@id\":\"https:\/\/visitdistrikt.rs\/en\/2022\/03\/29\/foto-ovacije-na-svetskoj-premijeri-opere-vladimir-i-kosara\/#primaryimage\"},\"thumbnailUrl\":\"https:\/\/visitdistrikt.rs\/media\/2022\/03\/V.Velickovic-March28-011-e1648551863394.jpg\",\"datePublished\":\"2022-03-29T12:38:02+00:00\",\"dateModified\":\"2022-03-31T08:13:30+00:00\",\"author\":{\"@id\":\"https:\/\/visitdistrikt.rs\/#\/schema\/person\/b61f641548853605bef6b1ae7ca8aaa9\"},\"description\":\"The world premiere of the opera \u2018Vladimir and Kosara\u2019 opened last night on the big stage of the Serbian National Theatre.\",\"breadcrumb\":{\"@id\":\"https:\/\/visitdistrikt.rs\/en\/2022\/03\/29\/foto-ovacije-na-svetskoj-premijeri-opere-vladimir-i-kosara\/#breadcrumb\"},\"inLanguage\":\"en-US\",\"potentialAction\":[{\"@type\":\"ReadAction\",\"target\":[\"https:\/\/visitdistrikt.rs\/en\/2022\/03\/29\/foto-ovacije-na-svetskoj-premijeri-opere-vladimir-i-kosara\/\"]}]},{\"@type\":\"ImageObject\",\"inLanguage\":\"en-US\",\"@id\":\"https:\/\/visitdistrikt.rs\/en\/2022\/03\/29\/foto-ovacije-na-svetskoj-premijeri-opere-vladimir-i-kosara\/#primaryimage\",\"url\":\"https:\/\/visitdistrikt.rs\/media\/2022\/03\/V.Velickovic-March28-011-e1648551863394.jpg\",\"contentUrl\":\"https:\/\/visitdistrikt.rs\/media\/2022\/03\/V.Velickovic-March28-011-e1648551863394.jpg\",\"width\":1920,\"height\":1280},{\"@type\":\"BreadcrumbList\",\"@id\":\"https:\/\/visitdistrikt.rs\/en\/2022\/03\/29\/foto-ovacije-na-svetskoj-premijeri-opere-vladimir-i-kosara\/#breadcrumb\",\"itemListElement\":[{\"@type\":\"ListItem\",\"position\":1,\"name\":\"Home\",\"item\":\"https:\/\/visitdistrikt.rs\/en\/\"},{\"@type\":\"ListItem\",\"position\":2,\"name\":\"Photo: Standing ovations at the world premiere of the opera \u2018Vladimir and Kosara\u2019\"}]},{\"@type\":\"WebSite\",\"@id\":\"https:\/\/visitdistrikt.rs\/#website\",\"url\":\"https:\/\/visitdistrikt.rs\/\",\"name\":\"Visit Distrikt Novi Sad\",\"description\":\"Novi Sad\",\"potentialAction\":[{\"@type\":\"SearchAction\",\"target\":{\"@type\":\"EntryPoint\",\"urlTemplate\":\"https:\/\/visitdistrikt.rs\/?s={search_term_string}\"},\"query-input\":\"required name=search_term_string\"}],\"inLanguage\":\"en-US\"},{\"@type\":\"Person\",\"@id\":\"https:\/\/visitdistrikt.rs\/#\/schema\/person\/b61f641548853605bef6b1ae7ca8aaa9\",\"name\":\"Marina Mari\u0107\",\"image\":{\"@type\":\"ImageObject\",\"inLanguage\":\"en-US\",\"@id\":\"https:\/\/visitdistrikt.rs\/#\/schema\/person\/image\/\",\"url\":\"https:\/\/secure.gravatar.com\/avatar\/aeec6fdfa57d2ba44680b29ea83001c6?s=96&d=mm&r=g\",\"contentUrl\":\"https:\/\/secure.gravatar.com\/avatar\/aeec6fdfa57d2ba44680b29ea83001c6?s=96&d=mm&r=g\",\"caption\":\"Marina Mari\u0107\"},\"sameAs\":[\"https:\/\/visitdistrikt.rs\"]}]}<\/script>\n<!-- \/ Yoast SEO plugin. -->","yoast_head_json":{"title":"Photo: Standing ovations at the world premiere of the opera \u2018Vladimir and Kosara\u2019 - Visit Distrikt Novi Sad","description":"The world premiere of the opera \u2018Vladimir and Kosara\u2019 opened last night on the big stage of the Serbian National Theatre.","robots":{"index":"index","follow":"follow","max-snippet":"max-snippet:-1","max-image-preview":"max-image-preview:large","max-video-preview":"max-video-preview:-1"},"canonical":"https:\/\/visitdistrikt.rs\/en\/2022\/03\/29\/foto-ovacije-na-svetskoj-premijeri-opere-vladimir-i-kosara\/","og_locale":"en_US","og_type":"article","og_title":"Photo: Standing ovations at the world premiere of the opera \u2018Vladimir and Kosara\u2019 - Visit Distrikt Novi Sad","og_description":"The world premiere of the opera \u2018Vladimir and Kosara\u2019 opened last night on the big stage of the Serbian National Theatre.","og_url":"https:\/\/visitdistrikt.rs\/en\/2022\/03\/29\/foto-ovacije-na-svetskoj-premijeri-opere-vladimir-i-kosara\/","og_site_name":"Visit Distrikt Novi Sad","article_published_time":"2022-03-29T12:38:02+00:00","article_modified_time":"2022-03-31T08:13:30+00:00","og_image":[{"width":1920,"height":1280,"url":"https:\/\/visitdistrikt.rs\/media\/2022\/03\/V.Velickovic-March28-011-e1648551863394.jpg","type":"image\/jpeg"}],"author":"Marina Mari\u0107","twitter_card":"summary_large_image","twitter_misc":{"Written by":"Marina Mari\u0107","Est. reading time":"2 minutes"},"schema":{"@context":"https:\/\/schema.org","@graph":[{"@type":"WebPage","@id":"https:\/\/visitdistrikt.rs\/en\/2022\/03\/29\/foto-ovacije-na-svetskoj-premijeri-opere-vladimir-i-kosara\/","url":"https:\/\/visitdistrikt.rs\/en\/2022\/03\/29\/foto-ovacije-na-svetskoj-premijeri-opere-vladimir-i-kosara\/","name":"Photo: Standing ovations at the world premiere of the opera \u2018Vladimir and Kosara\u2019 - Visit Distrikt Novi Sad","isPartOf":{"@id":"https:\/\/visitdistrikt.rs\/#website"},"primaryImageOfPage":{"@id":"https:\/\/visitdistrikt.rs\/en\/2022\/03\/29\/foto-ovacije-na-svetskoj-premijeri-opere-vladimir-i-kosara\/#primaryimage"},"image":{"@id":"https:\/\/visitdistrikt.rs\/en\/2022\/03\/29\/foto-ovacije-na-svetskoj-premijeri-opere-vladimir-i-kosara\/#primaryimage"},"thumbnailUrl":"https:\/\/visitdistrikt.rs\/media\/2022\/03\/V.Velickovic-March28-011-e1648551863394.jpg","datePublished":"2022-03-29T12:38:02+00:00","dateModified":"2022-03-31T08:13:30+00:00","author":{"@id":"https:\/\/visitdistrikt.rs\/#\/schema\/person\/b61f641548853605bef6b1ae7ca8aaa9"},"description":"The world premiere of the opera \u2018Vladimir and Kosara\u2019 opened last night on the big stage of the Serbian National Theatre.","breadcrumb":{"@id":"https:\/\/visitdistrikt.rs\/en\/2022\/03\/29\/foto-ovacije-na-svetskoj-premijeri-opere-vladimir-i-kosara\/#breadcrumb"},"inLanguage":"en-US","potentialAction":[{"@type":"ReadAction","target":["https:\/\/visitdistrikt.rs\/en\/2022\/03\/29\/foto-ovacije-na-svetskoj-premijeri-opere-vladimir-i-kosara\/"]}]},{"@type":"ImageObject","inLanguage":"en-US","@id":"https:\/\/visitdistrikt.rs\/en\/2022\/03\/29\/foto-ovacije-na-svetskoj-premijeri-opere-vladimir-i-kosara\/#primaryimage","url":"https:\/\/visitdistrikt.rs\/media\/2022\/03\/V.Velickovic-March28-011-e1648551863394.jpg","contentUrl":"https:\/\/visitdistrikt.rs\/media\/2022\/03\/V.Velickovic-March28-011-e1648551863394.jpg","width":1920,"height":1280},{"@type":"BreadcrumbList","@id":"https:\/\/visitdistrikt.rs\/en\/2022\/03\/29\/foto-ovacije-na-svetskoj-premijeri-opere-vladimir-i-kosara\/#breadcrumb","itemListElement":[{"@type":"ListItem","position":1,"name":"Home","item":"https:\/\/visitdistrikt.rs\/en\/"},{"@type":"ListItem","position":2,"name":"Photo: Standing ovations at the world premiere of the opera \u2018Vladimir and Kosara\u2019"}]},{"@type":"WebSite","@id":"https:\/\/visitdistrikt.rs\/#website","url":"https:\/\/visitdistrikt.rs\/","name":"Visit Distrikt Novi Sad","description":"Novi Sad","potentialAction":[{"@type":"SearchAction","target":{"@type":"EntryPoint","urlTemplate":"https:\/\/visitdistrikt.rs\/?s={search_term_string}"},"query-input":"required name=search_term_string"}],"inLanguage":"en-US"},{"@type":"Person","@id":"https:\/\/visitdistrikt.rs\/#\/schema\/person\/b61f641548853605bef6b1ae7ca8aaa9","name":"Marina Mari\u0107","image":{"@type":"ImageObject","inLanguage":"en-US","@id":"https:\/\/visitdistrikt.rs\/#\/schema\/person\/image\/","url":"https:\/\/secure.gravatar.com\/avatar\/aeec6fdfa57d2ba44680b29ea83001c6?s=96&d=mm&r=g","contentUrl":"https:\/\/secure.gravatar.com\/avatar\/aeec6fdfa57d2ba44680b29ea83001c6?s=96&d=mm&r=g","caption":"Marina Mari\u0107"},"sameAs":["https:\/\/visitdistrikt.rs"]}]}},"_links":{"self":[{"href":"https:\/\/visitdistrikt.rs\/en\/wp-json\/wp\/v2\/posts\/32110"}],"collection":[{"href":"https:\/\/visitdistrikt.rs\/en\/wp-json\/wp\/v2\/posts"}],"about":[{"href":"https:\/\/visitdistrikt.rs\/en\/wp-json\/wp\/v2\/types\/post"}],"author":[{"embeddable":true,"href":"https:\/\/visitdistrikt.rs\/en\/wp-json\/wp\/v2\/users\/9"}],"replies":[{"embeddable":true,"href":"https:\/\/visitdistrikt.rs\/en\/wp-json\/wp\/v2\/comments?post=32110"}],"version-history":[{"count":6,"href":"https:\/\/visitdistrikt.rs\/en\/wp-json\/wp\/v2\/posts\/32110\/revisions"}],"predecessor-version":[{"id":32116,"href":"https:\/\/visitdistrikt.rs\/en\/wp-json\/wp\/v2\/posts\/32110\/revisions\/32116"}],"wp:featuredmedia":[{"embeddable":true,"href":"https:\/\/visitdistrikt.rs\/en\/wp-json\/wp\/v2\/media\/32030"}],"wp:attachment":[{"href":"https:\/\/visitdistrikt.rs\/en\/wp-json\/wp\/v2\/media?parent=32110"}],"wp:term":[{"taxonomy":"category","embeddable":true,"href":"https:\/\/visitdistrikt.rs\/en\/wp-json\/wp\/v2\/categories?post=32110"},{"taxonomy":"post_tag","embeddable":true,"href":"https:\/\/visitdistrikt.rs\/en\/wp-json\/wp\/v2\/tags?post=32110"}],"curies":[{"name":"wp","href":"https:\/\/api.w.org\/{rel}","templated":true}]}}