{"id":35893,"date":"2022-06-23T10:30:27","date_gmt":"2022-06-23T08:30:27","guid":{"rendered":"https:\/\/visitdistrikt.rs\/?p=35893"},"modified":"2022-06-23T10:30:27","modified_gmt":"2022-06-23T08:30:27","slug":"who-is-playing-in-the-district-of-peace","status":"publish","type":"post","link":"https:\/\/visitdistrikt.rs\/en\/2022\/06\/23\/who-is-playing-in-the-district-of-peace\/","title":{"rendered":"WHO IS PLAYING IN THE DISTRICT OF PEACE?"},"content":{"rendered":"<p>From <strong>23 to 27 June<\/strong>, the <strong>Creative District<\/strong> will be transformed into the <a href=\"https:\/\/kalendar.novisad2022.rs\/en\/events\/district-of-peace-23-june\/\">District of Peace<\/a>, with a series of exhibitions, debates, and lectures by the most important contemporary thinkers, focusing on reconciliation at the regional and European levels. In the well-known, visually transformed space of the District we will deal with current political and social issues through the music of four provocative activist bands: <a href=\"https:\/\/kalendar.novisad2022.rs\/en\/events\/tbf-district-of-peace\/\">TBF,<\/a> <a href=\"https:\/\/kalendar.novisad2022.rs\/en\/events\/zoster-district-of-peace\/\">Zoster<\/a>, <a href=\"https:\/\/kalendar.novisad2022.rs\/en\/events\/helem-nejse-district-of-peace\/\">Helem Nejse<\/a>, and <a href=\"https:\/\/kalendar.novisad2022.rs\/en\/events\/obojeni-program-music-programme-of-district-of-peace\/\">Obojeni Program<\/a>.<\/p>\n<p>The first day of the District of Peace closes with a unique combination of rap, hip hop, rock, funk, soul, and reggae sound through which the band<a href=\"https:\/\/kalendar.novisad2022.rs\/en\/events\/tbf-district-of-peace\/\"> TBF<\/a> from Split has been questioning the dominant social structures for three decades. Recognisable by socially engaging lyrics and their visual expression in the form of short films,<strong> The Beat Fleet<\/strong> utilises its original performance to invite the audience to action, public criticism of the political situation in the region, and speaking out against all forms of discrimination. So far, they have recorded 7 studio albums for which they have won a total of 17 awards from the audience and critics, and the citizens of Novi Sad and guests of the European Capital of Culture will witness their talent on<strong> 23 June<\/strong> at <strong>10.30 p.m.<\/strong><\/p>\n<p><img fetchpriority=\"high\" decoding=\"async\" class=\"size-full wp-image-35886 aligncenter\" src=\"https:\/\/visitdistrikt.rs\/media\/2022\/06\/thumbnail_Foto-2014-1.jpg\" alt=\"\" width=\"800\" height=\"476\" srcset=\"https:\/\/visitdistrikt.rs\/media\/2022\/06\/thumbnail_Foto-2014-1.jpg 800w, https:\/\/visitdistrikt.rs\/media\/2022\/06\/thumbnail_Foto-2014-1-300x179.jpg 300w, https:\/\/visitdistrikt.rs\/media\/2022\/06\/thumbnail_Foto-2014-1-768x457.jpg 768w\" sizes=\"(max-width: 800px) 100vw, 800px\" \/><\/p>\n<p>The next evening, <strong>24 June<\/strong> at the same time, the ca\u0161pija of the Sarajevo band <a href=\"https:\/\/kalendar.novisad2022.rs\/en\/events\/helem-nejse-district-of-peace\/\">Helem Nejse<\/a> will provide the audience with a specific view of love and other universal topics, looking back without hesitation on personalities and events from their immediate surroundings. In addition to three notable studio albums, the hilarious \u2018<strong>Helem Nejse Radio Show<\/strong>\u2019, a video podcast and the cartoon series \u2018<strong>Bruca braca bruda brada<\/strong>\u2019, the guests of the<strong> District of Peace<\/strong> stand out as activists in <em>United Nations campaigns<\/em>, the most important of which are \u2018<em>Listen to the Child<\/em>\u2019 and \u2018<em>Choose Your Words<\/em>\u2019.<\/p>\n<p><img decoding=\"async\" class=\"size-full wp-image-35888 aligncenter\" src=\"https:\/\/visitdistrikt.rs\/media\/2022\/06\/thumbnail_cidf_kp5e7pjs0.jpg\" alt=\"\" width=\"800\" height=\"546\" srcset=\"https:\/\/visitdistrikt.rs\/media\/2022\/06\/thumbnail_cidf_kp5e7pjs0.jpg 800w, https:\/\/visitdistrikt.rs\/media\/2022\/06\/thumbnail_cidf_kp5e7pjs0-300x205.jpg 300w, https:\/\/visitdistrikt.rs\/media\/2022\/06\/thumbnail_cidf_kp5e7pjs0-768x524.jpg 768w\" sizes=\"(max-width: 800px) 100vw, 800px\" \/><\/p>\n<p>On Saturday, <strong>25 June<\/strong> at <strong>10.30 p.m<\/strong>., love will be intertwined with messages of tolerance and peace in the songs of the band <a href=\"https:\/\/kalendar.novisad2022.rs\/en\/events\/zoster-district-of-peace\/\">Zoster<\/a>, which since its beginnings in 2000 in Mostar has recorded four albums and has completed dozens of solo and festival performances across Europe, proving once again that state borders are just a convention, and music is far above them.<strong> Zoster&#8217;s<\/strong> mission is to bring progressiveness, affirmation, and education about positive responses to the unfavourable situation in society in each city in which they perform. Reggae is their choice because \u2018<em>in this fraught region, there\u2019s too much aggression even in music<\/em>\u2019.<\/p>\n<p><img decoding=\"async\" class=\"size-full wp-image-35890 aligncenter\" src=\"https:\/\/visitdistrikt.rs\/media\/2022\/06\/38.jpg\" alt=\"\" width=\"800\" height=\"450\" srcset=\"https:\/\/visitdistrikt.rs\/media\/2022\/06\/38.jpg 800w, https:\/\/visitdistrikt.rs\/media\/2022\/06\/38-300x169.jpg 300w, https:\/\/visitdistrikt.rs\/media\/2022\/06\/38-768x432.jpg 768w\" sizes=\"(max-width: 800px) 100vw, 800px\" \/><\/p>\n<p>Program u<strong> Kreativnom distriktu<\/strong> zavr\u0161ava se u velikom stilu, koncertom kultnog novosadskog <a href=\"https:\/\/kalendar.novisad2022.rs\/events\/obojeni-program-muzicki-program-distrikta-mira\/?occurrence=2022-06-27\">Obojenog programa<\/a>, <strong>27. juna<\/strong> u <strong>22 \u010dasa<\/strong>. Pioniri srpskog alt-roka za \u010detiri decenije postojanja naslovima albuma ispisali su akrostih s imenom svog grada, koji sadr\u017eajem pesama brane od svake opresije. Bend koji uvek nastupa s verom da \u0107e muzika spasiti svet simboli\u010dno \u0107e poruku <strong>Distrikta mira<\/strong> iz <strong>Evropske prestonice kulture<\/strong> uputiti \u010ditavoj Evropi.<\/p>\n<p>The programme in the <strong>Creative District<\/strong> ends in style with a concert by the cult Novi Sad band <a href=\"https:\/\/kalendar.novisad2022.rs\/en\/events\/obojeni-program-music-programme-of-district-of-peace\/\">Obojeni Program<\/a>, on <strong>27 June<\/strong> at <strong>10 p.m<\/strong>. Over four decades, the pioneers of Serbian alt-rock have written acrostic with the name of their city on the album titles, defending it from any oppression with their lyrics. The band, which keeps performing with the belief that music will save the world, will symbolically send the message of the <strong>District of Peace<\/strong> from the<strong> European Capital of Culture<\/strong> to the whole of Europe.<\/p>\n<p>Admission to events in the Creative District is free.<\/p>\n<p><strong>Author<\/strong>: Katarina Kosti\u0107<\/p>\n<p><strong>Photo<\/strong>: Vladimir Veli\u010dkovi\u0107\/ Promo<\/p>\n","protected":false},"excerpt":{"rendered":"<p>From 23 to 27 June, the Creative District will be transformed into the District of Peace, with a series of exhibitions, debates, and lectures by the most important contemporary thinkers, focusing on reconciliation at the regional and European levels. In the well-known, visually transformed space of the District we will deal with current political and [&hellip;]<\/p>\n","protected":false},"author":13,"featured_media":35898,"comment_status":"closed","ping_status":"closed","sticky":false,"template":"","format":"standard","meta":{"footnotes":"","_links_to":"","_links_to_target":""},"categories":[291,278],"tags":[],"yoast_head":"<!-- This site is optimized with the Yoast SEO plugin v22.4 - https:\/\/yoast.com\/wordpress\/plugins\/seo\/ -->\n<title>WHO IS PLAYING IN THE DISTRICT OF PEACE? - Visit Distrikt Novi Sad<\/title>\n<meta name=\"description\" content=\"From June 23 to 27, the Creative District will be transformed into the District of Peace, and we will deal with current political and social issues through music.\" \/>\n<meta name=\"robots\" content=\"index, follow, max-snippet:-1, max-image-preview:large, max-video-preview:-1\" \/>\n<link rel=\"canonical\" href=\"https:\/\/visitdistrikt.rs\/en\/2022\/06\/23\/who-is-playing-in-the-district-of-peace\/\" \/>\n<meta property=\"og:locale\" content=\"en_US\" \/>\n<meta property=\"og:type\" content=\"article\" \/>\n<meta property=\"og:title\" content=\"WHO IS PLAYING IN THE DISTRICT OF PEACE? - Visit Distrikt Novi Sad\" \/>\n<meta property=\"og:description\" content=\"From June 23 to 27, the Creative District will be transformed into the District of Peace, and we will deal with current political and social issues through music.\" \/>\n<meta property=\"og:url\" content=\"https:\/\/visitdistrikt.rs\/en\/2022\/06\/23\/who-is-playing-in-the-district-of-peace\/\" \/>\n<meta property=\"og:site_name\" content=\"Visit Distrikt Novi Sad\" \/>\n<meta property=\"article:published_time\" content=\"2022-06-23T08:30:27+00:00\" \/>\n<meta property=\"og:image\" content=\"https:\/\/visitdistrikt.rs\/media\/2022\/06\/Vladimir-Velickovic-1-1-e1655898777862.jpg\" \/>\n\t<meta property=\"og:image:width\" content=\"1920\" \/>\n\t<meta property=\"og:image:height\" content=\"1281\" \/>\n\t<meta property=\"og:image:type\" content=\"image\/jpeg\" \/>\n<meta name=\"author\" content=\"Andjela\" \/>\n<meta name=\"twitter:card\" content=\"summary_large_image\" \/>\n<meta name=\"twitter:label1\" content=\"Written by\" \/>\n\t<meta name=\"twitter:data1\" content=\"Andjela\" \/>\n\t<meta name=\"twitter:label2\" content=\"Est. reading time\" \/>\n\t<meta name=\"twitter:data2\" content=\"4 minutes\" \/>\n<script type=\"application\/ld+json\" class=\"yoast-schema-graph\">{\"@context\":\"https:\/\/schema.org\",\"@graph\":[{\"@type\":\"WebPage\",\"@id\":\"https:\/\/visitdistrikt.rs\/en\/2022\/06\/23\/who-is-playing-in-the-district-of-peace\/\",\"url\":\"https:\/\/visitdistrikt.rs\/en\/2022\/06\/23\/who-is-playing-in-the-district-of-peace\/\",\"name\":\"WHO IS PLAYING IN THE DISTRICT OF PEACE? - Visit Distrikt Novi Sad\",\"isPartOf\":{\"@id\":\"https:\/\/visitdistrikt.rs\/#website\"},\"primaryImageOfPage\":{\"@id\":\"https:\/\/visitdistrikt.rs\/en\/2022\/06\/23\/who-is-playing-in-the-district-of-peace\/#primaryimage\"},\"image\":{\"@id\":\"https:\/\/visitdistrikt.rs\/en\/2022\/06\/23\/who-is-playing-in-the-district-of-peace\/#primaryimage\"},\"thumbnailUrl\":\"https:\/\/visitdistrikt.rs\/media\/2022\/06\/Vladimir-Velickovic-1-1-e1655898777862.jpg\",\"datePublished\":\"2022-06-23T08:30:27+00:00\",\"dateModified\":\"2022-06-23T08:30:27+00:00\",\"author\":{\"@id\":\"https:\/\/visitdistrikt.rs\/#\/schema\/person\/1d409dd2a9c7858729ec7a42dcf267e6\"},\"description\":\"From June 23 to 27, the Creative District will be transformed into the District of Peace, and we will deal with current political and social issues through music.\",\"breadcrumb\":{\"@id\":\"https:\/\/visitdistrikt.rs\/en\/2022\/06\/23\/who-is-playing-in-the-district-of-peace\/#breadcrumb\"},\"inLanguage\":\"en-US\",\"potentialAction\":[{\"@type\":\"ReadAction\",\"target\":[\"https:\/\/visitdistrikt.rs\/en\/2022\/06\/23\/who-is-playing-in-the-district-of-peace\/\"]}]},{\"@type\":\"ImageObject\",\"inLanguage\":\"en-US\",\"@id\":\"https:\/\/visitdistrikt.rs\/en\/2022\/06\/23\/who-is-playing-in-the-district-of-peace\/#primaryimage\",\"url\":\"https:\/\/visitdistrikt.rs\/media\/2022\/06\/Vladimir-Velickovic-1-1-e1655898777862.jpg\",\"contentUrl\":\"https:\/\/visitdistrikt.rs\/media\/2022\/06\/Vladimir-Velickovic-1-1-e1655898777862.jpg\",\"width\":1920,\"height\":1281},{\"@type\":\"BreadcrumbList\",\"@id\":\"https:\/\/visitdistrikt.rs\/en\/2022\/06\/23\/who-is-playing-in-the-district-of-peace\/#breadcrumb\",\"itemListElement\":[{\"@type\":\"ListItem\",\"position\":1,\"name\":\"Home\",\"item\":\"https:\/\/visitdistrikt.rs\/en\/\"},{\"@type\":\"ListItem\",\"position\":2,\"name\":\"WHO IS PLAYING IN THE DISTRICT OF PEACE?\"}]},{\"@type\":\"WebSite\",\"@id\":\"https:\/\/visitdistrikt.rs\/#website\",\"url\":\"https:\/\/visitdistrikt.rs\/\",\"name\":\"Visit Distrikt Novi Sad\",\"description\":\"Novi Sad\",\"potentialAction\":[{\"@type\":\"SearchAction\",\"target\":{\"@type\":\"EntryPoint\",\"urlTemplate\":\"https:\/\/visitdistrikt.rs\/?s={search_term_string}\"},\"query-input\":\"required name=search_term_string\"}],\"inLanguage\":\"en-US\"},{\"@type\":\"Person\",\"@id\":\"https:\/\/visitdistrikt.rs\/#\/schema\/person\/1d409dd2a9c7858729ec7a42dcf267e6\",\"name\":\"Andjela\",\"image\":{\"@type\":\"ImageObject\",\"inLanguage\":\"en-US\",\"@id\":\"https:\/\/visitdistrikt.rs\/#\/schema\/person\/image\/\",\"url\":\"https:\/\/secure.gravatar.com\/avatar\/9c97624b5cc2432e05342df03b977bac?s=96&d=mm&r=g\",\"contentUrl\":\"https:\/\/secure.gravatar.com\/avatar\/9c97624b5cc2432e05342df03b977bac?s=96&d=mm&r=g\",\"caption\":\"Andjela\"}}]}<\/script>\n<!-- \/ Yoast SEO plugin. -->","yoast_head_json":{"title":"WHO IS PLAYING IN THE DISTRICT OF PEACE? - Visit Distrikt Novi Sad","description":"From June 23 to 27, the Creative District will be transformed into the District of Peace, and we will deal with current political and social issues through music.","robots":{"index":"index","follow":"follow","max-snippet":"max-snippet:-1","max-image-preview":"max-image-preview:large","max-video-preview":"max-video-preview:-1"},"canonical":"https:\/\/visitdistrikt.rs\/en\/2022\/06\/23\/who-is-playing-in-the-district-of-peace\/","og_locale":"en_US","og_type":"article","og_title":"WHO IS PLAYING IN THE DISTRICT OF PEACE? - Visit Distrikt Novi Sad","og_description":"From June 23 to 27, the Creative District will be transformed into the District of Peace, and we will deal with current political and social issues through music.","og_url":"https:\/\/visitdistrikt.rs\/en\/2022\/06\/23\/who-is-playing-in-the-district-of-peace\/","og_site_name":"Visit Distrikt Novi Sad","article_published_time":"2022-06-23T08:30:27+00:00","og_image":[{"width":1920,"height":1281,"url":"https:\/\/visitdistrikt.rs\/media\/2022\/06\/Vladimir-Velickovic-1-1-e1655898777862.jpg","type":"image\/jpeg"}],"author":"Andjela","twitter_card":"summary_large_image","twitter_misc":{"Written by":"Andjela","Est. reading time":"4 minutes"},"schema":{"@context":"https:\/\/schema.org","@graph":[{"@type":"WebPage","@id":"https:\/\/visitdistrikt.rs\/en\/2022\/06\/23\/who-is-playing-in-the-district-of-peace\/","url":"https:\/\/visitdistrikt.rs\/en\/2022\/06\/23\/who-is-playing-in-the-district-of-peace\/","name":"WHO IS PLAYING IN THE DISTRICT OF PEACE? - Visit Distrikt Novi Sad","isPartOf":{"@id":"https:\/\/visitdistrikt.rs\/#website"},"primaryImageOfPage":{"@id":"https:\/\/visitdistrikt.rs\/en\/2022\/06\/23\/who-is-playing-in-the-district-of-peace\/#primaryimage"},"image":{"@id":"https:\/\/visitdistrikt.rs\/en\/2022\/06\/23\/who-is-playing-in-the-district-of-peace\/#primaryimage"},"thumbnailUrl":"https:\/\/visitdistrikt.rs\/media\/2022\/06\/Vladimir-Velickovic-1-1-e1655898777862.jpg","datePublished":"2022-06-23T08:30:27+00:00","dateModified":"2022-06-23T08:30:27+00:00","author":{"@id":"https:\/\/visitdistrikt.rs\/#\/schema\/person\/1d409dd2a9c7858729ec7a42dcf267e6"},"description":"From June 23 to 27, the Creative District will be transformed into the District of Peace, and we will deal with current political and social issues through music.","breadcrumb":{"@id":"https:\/\/visitdistrikt.rs\/en\/2022\/06\/23\/who-is-playing-in-the-district-of-peace\/#breadcrumb"},"inLanguage":"en-US","potentialAction":[{"@type":"ReadAction","target":["https:\/\/visitdistrikt.rs\/en\/2022\/06\/23\/who-is-playing-in-the-district-of-peace\/"]}]},{"@type":"ImageObject","inLanguage":"en-US","@id":"https:\/\/visitdistrikt.rs\/en\/2022\/06\/23\/who-is-playing-in-the-district-of-peace\/#primaryimage","url":"https:\/\/visitdistrikt.rs\/media\/2022\/06\/Vladimir-Velickovic-1-1-e1655898777862.jpg","contentUrl":"https:\/\/visitdistrikt.rs\/media\/2022\/06\/Vladimir-Velickovic-1-1-e1655898777862.jpg","width":1920,"height":1281},{"@type":"BreadcrumbList","@id":"https:\/\/visitdistrikt.rs\/en\/2022\/06\/23\/who-is-playing-in-the-district-of-peace\/#breadcrumb","itemListElement":[{"@type":"ListItem","position":1,"name":"Home","item":"https:\/\/visitdistrikt.rs\/en\/"},{"@type":"ListItem","position":2,"name":"WHO IS PLAYING IN THE DISTRICT OF PEACE?"}]},{"@type":"WebSite","@id":"https:\/\/visitdistrikt.rs\/#website","url":"https:\/\/visitdistrikt.rs\/","name":"Visit Distrikt Novi Sad","description":"Novi Sad","potentialAction":[{"@type":"SearchAction","target":{"@type":"EntryPoint","urlTemplate":"https:\/\/visitdistrikt.rs\/?s={search_term_string}"},"query-input":"required name=search_term_string"}],"inLanguage":"en-US"},{"@type":"Person","@id":"https:\/\/visitdistrikt.rs\/#\/schema\/person\/1d409dd2a9c7858729ec7a42dcf267e6","name":"Andjela","image":{"@type":"ImageObject","inLanguage":"en-US","@id":"https:\/\/visitdistrikt.rs\/#\/schema\/person\/image\/","url":"https:\/\/secure.gravatar.com\/avatar\/9c97624b5cc2432e05342df03b977bac?s=96&d=mm&r=g","contentUrl":"https:\/\/secure.gravatar.com\/avatar\/9c97624b5cc2432e05342df03b977bac?s=96&d=mm&r=g","caption":"Andjela"}}]}},"_links":{"self":[{"href":"https:\/\/visitdistrikt.rs\/en\/wp-json\/wp\/v2\/posts\/35893"}],"collection":[{"href":"https:\/\/visitdistrikt.rs\/en\/wp-json\/wp\/v2\/posts"}],"about":[{"href":"https:\/\/visitdistrikt.rs\/en\/wp-json\/wp\/v2\/types\/post"}],"author":[{"embeddable":true,"href":"https:\/\/visitdistrikt.rs\/en\/wp-json\/wp\/v2\/users\/13"}],"replies":[{"embeddable":true,"href":"https:\/\/visitdistrikt.rs\/en\/wp-json\/wp\/v2\/comments?post=35893"}],"version-history":[{"count":2,"href":"https:\/\/visitdistrikt.rs\/en\/wp-json\/wp\/v2\/posts\/35893\/revisions"}],"predecessor-version":[{"id":35904,"href":"https:\/\/visitdistrikt.rs\/en\/wp-json\/wp\/v2\/posts\/35893\/revisions\/35904"}],"wp:featuredmedia":[{"embeddable":true,"href":"https:\/\/visitdistrikt.rs\/en\/wp-json\/wp\/v2\/media\/35898"}],"wp:attachment":[{"href":"https:\/\/visitdistrikt.rs\/en\/wp-json\/wp\/v2\/media?parent=35893"}],"wp:term":[{"taxonomy":"category","embeddable":true,"href":"https:\/\/visitdistrikt.rs\/en\/wp-json\/wp\/v2\/categories?post=35893"},{"taxonomy":"post_tag","embeddable":true,"href":"https:\/\/visitdistrikt.rs\/en\/wp-json\/wp\/v2\/tags?post=35893"}],"curies":[{"name":"wp","href":"https:\/\/api.w.org\/{rel}","templated":true}]}}