{"id":36773,"date":"2022-07-06T13:53:26","date_gmt":"2022-07-06T11:53:26","guid":{"rendered":"https:\/\/visitdistrikt.rs\/?p=36773"},"modified":"2022-07-06T13:53:26","modified_gmt":"2022-07-06T11:53:26","slug":"haris-pasovic-nazism-was-the-point-zero-of-evil-in-civilization","status":"publish","type":"post","link":"https:\/\/visitdistrikt.rs\/en\/2022\/07\/06\/haris-pasovic-nazism-was-the-point-zero-of-evil-in-civilization\/","title":{"rendered":"Haris Pa\u0161ovi\u0107: Nazism Was the Point Zero of Evil in Civilization"},"content":{"rendered":"<p><em>\u2018The play <a href=\"https:\/\/kalendar.novisad2022.rs\/en\/events\/mephisto\/\"><strong>Mephisto<\/strong><\/a> is an exciting story about ambition. It turns out that ambition is like medicine \u2013 if there is too little of it, a person becomes weak and sick; if there is too much of it, it poisons a man and everything around him. But how do you find the right measure? Many people tend to take shortcuts, even if the price is high. How many people wear masks?\u2019 asks <strong>Haris Pa\u0161ovi\u0107<\/strong>, the director of this play, whose premiere will be seen by the Novi Sad audience and visitors to the<a href=\"https:\/\/novisad2022.rs\/en\/home-3\/\"> European Capital of Culture<\/a> on<strong> 12 July at the Serbian National Theatre<\/strong>.<\/em><\/p>\n<p>Returning to the repressive and totalitarian context of pre-war and wartime Germany, the play<em><a href=\"https:\/\/kalendar.novisad2022.rs\/en\/events\/mephisto\/\"> Mephisto<\/a><\/em>, based on the novel of the same name by the German writer <strong>Klaus Mann<\/strong>, is part of the European Capital of Culture \u2018Fortress of Peace\u2019 programme, one of the main goals of which is a critical analysis of the consequences of war conflicts.<\/p>\n<p>Mann&#8217;s oeuvre is marked by this novel, which was published in 1936, at the height of the Nazi regime in Germany, and for which the writer was expelled from the country. The dramatic text of <a href=\"https:\/\/kalendar.novisad2022.rs\/en\/events\/mephisto\/\">Mephisto<\/a>, which we will see at the <strong>Serbian National Theatre<\/strong>, is performed by a large ensemble of this theatre\u2019s Drama Department, including <strong>Aljo\u0161a \u0110idi\u0107<\/strong>, <strong>Gordana \u0110ur\u0111evi\u0107<\/strong> <strong>Dimi\u0107<\/strong>, <strong>Lidija Stevanovi\u0107<\/strong>, and guests such as <strong>Mirjana Karanovi\u0107<\/strong> and <strong>Miodrag Krivokapi\u0107<\/strong>, and it follows the plot of the novel without any \u2018intertextuality\u2019, because the story, plot and characters are wonderfully written, strong, interesting and complex and grow into a universal and timeless story about absolute evil and rebellion and the resistance of the bravest members of a community.<\/p>\n<p>This play has many characters and in the formal sense is a spectacle, which is also the form that best expresses the Nazi ambition, pomp, and monumentality that they insisted on and which was viewed as an expression of their power. The performance is a co-production of the Serbian National Theatre and the East West Center from Sarajevo.<\/p>\n<p><strong><em>Mephisto<\/em> \u2013 a novel of a career. It shows the career of actor Hendrik H\u00f6fgen, whose rise to fame parallels the rise of the fascist state. Does the end justify the means? It seems we always have options\u2026<\/strong><\/p>\n<p>A novel of a career &#8211; that is the subtitle of this masterpiece of world literature. What are we all willing to do for our success? Is there an ethical line we must not cross while pursuing our goals? Can we recognise the moment when humanity gets lost in the race for money and fame? Are we ready to endure these questions and critically look at our life path? These are important and challenging questions that this play contains.<\/p>\n<p><img fetchpriority=\"high\" decoding=\"async\" class=\"aligncenter size-full wp-image-36708\" src=\"https:\/\/visitdistrikt.rs\/media\/2022\/07\/pasovic2-1.jpg\" alt=\"\" width=\"800\" height=\"607\" srcset=\"https:\/\/visitdistrikt.rs\/media\/2022\/07\/pasovic2-1.jpg 800w, https:\/\/visitdistrikt.rs\/media\/2022\/07\/pasovic2-1-300x228.jpg 300w, https:\/\/visitdistrikt.rs\/media\/2022\/07\/pasovic2-1-768x583.jpg 768w\" sizes=\"(max-width: 800px) 100vw, 800px\" \/><\/p>\n<p><strong>This is a topic for the ages \u2013 art and politics. Interweaving. It is a novel about a small man and a small artist who reaches the top of the artistic establishment through politics. Is he a victim or an active creator of Nazi ideology? Dedicated artist or obedient citizen?<\/strong><\/p>\n<p>There are characters in the novel who are also artists, but who refused to cooperate with the Nazis. Nazism was the point zero of evil in civilisation. There is no success, no \u2018art\u2019 that can justify cooperation with the Nazis. The Nazis killed more than 6 million Jews in gas chambers and caused the death of another eighty million people. They performed experiments on humans; planned to exterminate entire peoples and cultures; starved millions of people to death. They were villains beyond compare. To cooperate with them?<\/p>\n<p><strong>Mephisto was recently played at the Novi Sad Theatre. Now it\u2019s also being staged in the Serbian National Theatre, how do you interpret that? Is it the times we live in, the political circumstances, or the general hypocrisy that art is in? What is it that provoked you to adapt this work?<\/strong><\/p>\n<p>I first read the novel 40 years ago and since then it has been at the top of my list of most important works. When Milovan Filipovi\u0107, the Drama Department Director, invited me to direct at SNP, they quickly agreed, and Nemanja Milenkovi\u0107, director of ECoC, and Lazar Jovanov, programme manager, thought that the project fits perfectly into the \u2018Fortress of Peace\u2019 programme. ECoC has already achieved great success and I am happy that <em><strong>Mephisto<\/strong> <\/em>is part of that great and important stor<\/p>\n<p><img decoding=\"async\" class=\"aligncenter size-full wp-image-36712\" src=\"https:\/\/visitdistrikt.rs\/media\/2022\/07\/V.Velickovic-April17-019-1.jpg\" alt=\"\" width=\"800\" height=\"533\" srcset=\"https:\/\/visitdistrikt.rs\/media\/2022\/07\/V.Velickovic-April17-019-1.jpg 800w, https:\/\/visitdistrikt.rs\/media\/2022\/07\/V.Velickovic-April17-019-1-300x200.jpg 300w, https:\/\/visitdistrikt.rs\/media\/2022\/07\/V.Velickovic-April17-019-1-768x512.jpg 768w\" sizes=\"(max-width: 800px) 100vw, 800px\" \/><\/p>\n<p><strong>Your working principle is different compared to other directors, it is unusual since you have a large team with you, what was that workshop approach based on?<\/strong><\/p>\n<p>I&#8217;ve been working that way for 40 years, it&#8217;s the way I create, and mostly the actors and collaborators like that approach because it gives them a lot of freedom.<\/p>\n<p><strong>What, in your opinion, is the reach of art and how much can it contribute to the dialogue of reconciliation, to fostering a culture of peace?<\/strong><\/p>\n<p>It\u2019s huge! And we have to work much harder on it.<\/p>\n<p><strong>Author<\/strong>: Gala Gajin<\/p>\n<p><strong>Photo<\/strong>: private archive, Salvatore Esposito, Vladimir Veli\u010dkovi\u0107<\/p>\n","protected":false},"excerpt":{"rendered":"<p>\u2018The play Mephisto is an exciting story about ambition. It turns out that ambition is like medicine \u2013 if there is too little of it, a person becomes weak and sick; if there is too much of it, it poisons a man and everything around him. But how do you find the right measure? Many [&hellip;]<\/p>\n","protected":false},"author":13,"featured_media":36707,"comment_status":"closed","ping_status":"closed","sticky":false,"template":"","format":"standard","meta":{"footnotes":"","_links_to":"","_links_to_target":""},"categories":[1009,998],"tags":[],"yoast_head":"<!-- This site is optimized with the Yoast SEO plugin v22.4 - https:\/\/yoast.com\/wordpress\/plugins\/seo\/ -->\n<title>Haris Pa\u0161ovi\u0107: Nazism Was the Point Zero of Evil in Civilization - Visit Distrikt Novi Sad<\/title>\n<meta name=\"description\" content=\"Haris Pa\u0161ovi\u0107, director of the play Mephisto, which closes the season of the oldest Serbian theater in the finale of Fortress of Peace\" \/>\n<meta name=\"robots\" content=\"index, follow, max-snippet:-1, max-image-preview:large, max-video-preview:-1\" \/>\n<link rel=\"canonical\" href=\"https:\/\/visitdistrikt.rs\/en\/2022\/07\/06\/haris-pasovic-nazism-was-the-point-zero-of-evil-in-civilization\/\" \/>\n<meta property=\"og:locale\" content=\"en_US\" \/>\n<meta property=\"og:type\" content=\"article\" \/>\n<meta property=\"og:title\" content=\"Haris Pa\u0161ovi\u0107: Nazism Was the Point Zero of Evil in Civilization - Visit Distrikt Novi Sad\" \/>\n<meta property=\"og:description\" content=\"Haris Pa\u0161ovi\u0107, director of the play Mephisto, which closes the season of the oldest Serbian theater in the finale of Fortress of Peace\" \/>\n<meta property=\"og:url\" content=\"https:\/\/visitdistrikt.rs\/en\/2022\/07\/06\/haris-pasovic-nazism-was-the-point-zero-of-evil-in-civilization\/\" \/>\n<meta property=\"og:site_name\" content=\"Visit Distrikt Novi Sad\" \/>\n<meta property=\"article:published_time\" content=\"2022-07-06T11:53:26+00:00\" \/>\n<meta property=\"og:image\" content=\"https:\/\/visitdistrikt.rs\/media\/2022\/07\/Haris-Pasovic-by-Salvatore-Esposito-copy-1-e1657012035748.jpg\" \/>\n\t<meta property=\"og:image:width\" content=\"1164\" \/>\n\t<meta property=\"og:image:height\" content=\"701\" \/>\n\t<meta property=\"og:image:type\" content=\"image\/jpeg\" \/>\n<meta name=\"author\" content=\"Andjela\" \/>\n<meta name=\"twitter:card\" content=\"summary_large_image\" \/>\n<meta name=\"twitter:label1\" content=\"Written by\" \/>\n\t<meta name=\"twitter:data1\" content=\"Andjela\" \/>\n\t<meta name=\"twitter:label2\" content=\"Est. reading time\" \/>\n\t<meta name=\"twitter:data2\" content=\"4 minutes\" \/>\n<script type=\"application\/ld+json\" class=\"yoast-schema-graph\">{\"@context\":\"https:\/\/schema.org\",\"@graph\":[{\"@type\":\"WebPage\",\"@id\":\"https:\/\/visitdistrikt.rs\/en\/2022\/07\/06\/haris-pasovic-nazism-was-the-point-zero-of-evil-in-civilization\/\",\"url\":\"https:\/\/visitdistrikt.rs\/en\/2022\/07\/06\/haris-pasovic-nazism-was-the-point-zero-of-evil-in-civilization\/\",\"name\":\"Haris Pa\u0161ovi\u0107: Nazism Was the Point Zero of Evil in Civilization - Visit Distrikt Novi Sad\",\"isPartOf\":{\"@id\":\"https:\/\/visitdistrikt.rs\/#website\"},\"primaryImageOfPage\":{\"@id\":\"https:\/\/visitdistrikt.rs\/en\/2022\/07\/06\/haris-pasovic-nazism-was-the-point-zero-of-evil-in-civilization\/#primaryimage\"},\"image\":{\"@id\":\"https:\/\/visitdistrikt.rs\/en\/2022\/07\/06\/haris-pasovic-nazism-was-the-point-zero-of-evil-in-civilization\/#primaryimage\"},\"thumbnailUrl\":\"https:\/\/visitdistrikt.rs\/media\/2022\/07\/Haris-Pasovic-by-Salvatore-Esposito-copy-1-e1657012035748.jpg\",\"datePublished\":\"2022-07-06T11:53:26+00:00\",\"dateModified\":\"2022-07-06T11:53:26+00:00\",\"author\":{\"@id\":\"https:\/\/visitdistrikt.rs\/#\/schema\/person\/1d409dd2a9c7858729ec7a42dcf267e6\"},\"description\":\"Haris Pa\u0161ovi\u0107, director of the play Mephisto, which closes the season of the oldest Serbian theater in the finale of Fortress of Peace\",\"breadcrumb\":{\"@id\":\"https:\/\/visitdistrikt.rs\/en\/2022\/07\/06\/haris-pasovic-nazism-was-the-point-zero-of-evil-in-civilization\/#breadcrumb\"},\"inLanguage\":\"en-US\",\"potentialAction\":[{\"@type\":\"ReadAction\",\"target\":[\"https:\/\/visitdistrikt.rs\/en\/2022\/07\/06\/haris-pasovic-nazism-was-the-point-zero-of-evil-in-civilization\/\"]}]},{\"@type\":\"ImageObject\",\"inLanguage\":\"en-US\",\"@id\":\"https:\/\/visitdistrikt.rs\/en\/2022\/07\/06\/haris-pasovic-nazism-was-the-point-zero-of-evil-in-civilization\/#primaryimage\",\"url\":\"https:\/\/visitdistrikt.rs\/media\/2022\/07\/Haris-Pasovic-by-Salvatore-Esposito-copy-1-e1657012035748.jpg\",\"contentUrl\":\"https:\/\/visitdistrikt.rs\/media\/2022\/07\/Haris-Pasovic-by-Salvatore-Esposito-copy-1-e1657012035748.jpg\",\"width\":1164,\"height\":701},{\"@type\":\"BreadcrumbList\",\"@id\":\"https:\/\/visitdistrikt.rs\/en\/2022\/07\/06\/haris-pasovic-nazism-was-the-point-zero-of-evil-in-civilization\/#breadcrumb\",\"itemListElement\":[{\"@type\":\"ListItem\",\"position\":1,\"name\":\"Home\",\"item\":\"https:\/\/visitdistrikt.rs\/en\/\"},{\"@type\":\"ListItem\",\"position\":2,\"name\":\"Haris Pa\u0161ovi\u0107: Nazism Was the Point Zero of Evil in Civilization\"}]},{\"@type\":\"WebSite\",\"@id\":\"https:\/\/visitdistrikt.rs\/#website\",\"url\":\"https:\/\/visitdistrikt.rs\/\",\"name\":\"Visit Distrikt Novi Sad\",\"description\":\"Novi Sad\",\"potentialAction\":[{\"@type\":\"SearchAction\",\"target\":{\"@type\":\"EntryPoint\",\"urlTemplate\":\"https:\/\/visitdistrikt.rs\/?s={search_term_string}\"},\"query-input\":\"required name=search_term_string\"}],\"inLanguage\":\"en-US\"},{\"@type\":\"Person\",\"@id\":\"https:\/\/visitdistrikt.rs\/#\/schema\/person\/1d409dd2a9c7858729ec7a42dcf267e6\",\"name\":\"Andjela\",\"image\":{\"@type\":\"ImageObject\",\"inLanguage\":\"en-US\",\"@id\":\"https:\/\/visitdistrikt.rs\/#\/schema\/person\/image\/\",\"url\":\"https:\/\/secure.gravatar.com\/avatar\/9c97624b5cc2432e05342df03b977bac?s=96&d=mm&r=g\",\"contentUrl\":\"https:\/\/secure.gravatar.com\/avatar\/9c97624b5cc2432e05342df03b977bac?s=96&d=mm&r=g\",\"caption\":\"Andjela\"}}]}<\/script>\n<!-- \/ Yoast SEO plugin. -->","yoast_head_json":{"title":"Haris Pa\u0161ovi\u0107: Nazism Was the Point Zero of Evil in Civilization - Visit Distrikt Novi Sad","description":"Haris Pa\u0161ovi\u0107, director of the play Mephisto, which closes the season of the oldest Serbian theater in the finale of Fortress of Peace","robots":{"index":"index","follow":"follow","max-snippet":"max-snippet:-1","max-image-preview":"max-image-preview:large","max-video-preview":"max-video-preview:-1"},"canonical":"https:\/\/visitdistrikt.rs\/en\/2022\/07\/06\/haris-pasovic-nazism-was-the-point-zero-of-evil-in-civilization\/","og_locale":"en_US","og_type":"article","og_title":"Haris Pa\u0161ovi\u0107: Nazism Was the Point Zero of Evil in Civilization - Visit Distrikt Novi Sad","og_description":"Haris Pa\u0161ovi\u0107, director of the play Mephisto, which closes the season of the oldest Serbian theater in the finale of Fortress of Peace","og_url":"https:\/\/visitdistrikt.rs\/en\/2022\/07\/06\/haris-pasovic-nazism-was-the-point-zero-of-evil-in-civilization\/","og_site_name":"Visit Distrikt Novi Sad","article_published_time":"2022-07-06T11:53:26+00:00","og_image":[{"width":1164,"height":701,"url":"https:\/\/visitdistrikt.rs\/media\/2022\/07\/Haris-Pasovic-by-Salvatore-Esposito-copy-1-e1657012035748.jpg","type":"image\/jpeg"}],"author":"Andjela","twitter_card":"summary_large_image","twitter_misc":{"Written by":"Andjela","Est. reading time":"4 minutes"},"schema":{"@context":"https:\/\/schema.org","@graph":[{"@type":"WebPage","@id":"https:\/\/visitdistrikt.rs\/en\/2022\/07\/06\/haris-pasovic-nazism-was-the-point-zero-of-evil-in-civilization\/","url":"https:\/\/visitdistrikt.rs\/en\/2022\/07\/06\/haris-pasovic-nazism-was-the-point-zero-of-evil-in-civilization\/","name":"Haris Pa\u0161ovi\u0107: Nazism Was the Point Zero of Evil in Civilization - Visit Distrikt Novi Sad","isPartOf":{"@id":"https:\/\/visitdistrikt.rs\/#website"},"primaryImageOfPage":{"@id":"https:\/\/visitdistrikt.rs\/en\/2022\/07\/06\/haris-pasovic-nazism-was-the-point-zero-of-evil-in-civilization\/#primaryimage"},"image":{"@id":"https:\/\/visitdistrikt.rs\/en\/2022\/07\/06\/haris-pasovic-nazism-was-the-point-zero-of-evil-in-civilization\/#primaryimage"},"thumbnailUrl":"https:\/\/visitdistrikt.rs\/media\/2022\/07\/Haris-Pasovic-by-Salvatore-Esposito-copy-1-e1657012035748.jpg","datePublished":"2022-07-06T11:53:26+00:00","dateModified":"2022-07-06T11:53:26+00:00","author":{"@id":"https:\/\/visitdistrikt.rs\/#\/schema\/person\/1d409dd2a9c7858729ec7a42dcf267e6"},"description":"Haris Pa\u0161ovi\u0107, director of the play Mephisto, which closes the season of the oldest Serbian theater in the finale of Fortress of Peace","breadcrumb":{"@id":"https:\/\/visitdistrikt.rs\/en\/2022\/07\/06\/haris-pasovic-nazism-was-the-point-zero-of-evil-in-civilization\/#breadcrumb"},"inLanguage":"en-US","potentialAction":[{"@type":"ReadAction","target":["https:\/\/visitdistrikt.rs\/en\/2022\/07\/06\/haris-pasovic-nazism-was-the-point-zero-of-evil-in-civilization\/"]}]},{"@type":"ImageObject","inLanguage":"en-US","@id":"https:\/\/visitdistrikt.rs\/en\/2022\/07\/06\/haris-pasovic-nazism-was-the-point-zero-of-evil-in-civilization\/#primaryimage","url":"https:\/\/visitdistrikt.rs\/media\/2022\/07\/Haris-Pasovic-by-Salvatore-Esposito-copy-1-e1657012035748.jpg","contentUrl":"https:\/\/visitdistrikt.rs\/media\/2022\/07\/Haris-Pasovic-by-Salvatore-Esposito-copy-1-e1657012035748.jpg","width":1164,"height":701},{"@type":"BreadcrumbList","@id":"https:\/\/visitdistrikt.rs\/en\/2022\/07\/06\/haris-pasovic-nazism-was-the-point-zero-of-evil-in-civilization\/#breadcrumb","itemListElement":[{"@type":"ListItem","position":1,"name":"Home","item":"https:\/\/visitdistrikt.rs\/en\/"},{"@type":"ListItem","position":2,"name":"Haris Pa\u0161ovi\u0107: Nazism Was the Point Zero of Evil in Civilization"}]},{"@type":"WebSite","@id":"https:\/\/visitdistrikt.rs\/#website","url":"https:\/\/visitdistrikt.rs\/","name":"Visit Distrikt Novi Sad","description":"Novi Sad","potentialAction":[{"@type":"SearchAction","target":{"@type":"EntryPoint","urlTemplate":"https:\/\/visitdistrikt.rs\/?s={search_term_string}"},"query-input":"required name=search_term_string"}],"inLanguage":"en-US"},{"@type":"Person","@id":"https:\/\/visitdistrikt.rs\/#\/schema\/person\/1d409dd2a9c7858729ec7a42dcf267e6","name":"Andjela","image":{"@type":"ImageObject","inLanguage":"en-US","@id":"https:\/\/visitdistrikt.rs\/#\/schema\/person\/image\/","url":"https:\/\/secure.gravatar.com\/avatar\/9c97624b5cc2432e05342df03b977bac?s=96&d=mm&r=g","contentUrl":"https:\/\/secure.gravatar.com\/avatar\/9c97624b5cc2432e05342df03b977bac?s=96&d=mm&r=g","caption":"Andjela"}}]}},"_links":{"self":[{"href":"https:\/\/visitdistrikt.rs\/en\/wp-json\/wp\/v2\/posts\/36773"}],"collection":[{"href":"https:\/\/visitdistrikt.rs\/en\/wp-json\/wp\/v2\/posts"}],"about":[{"href":"https:\/\/visitdistrikt.rs\/en\/wp-json\/wp\/v2\/types\/post"}],"author":[{"embeddable":true,"href":"https:\/\/visitdistrikt.rs\/en\/wp-json\/wp\/v2\/users\/13"}],"replies":[{"embeddable":true,"href":"https:\/\/visitdistrikt.rs\/en\/wp-json\/wp\/v2\/comments?post=36773"}],"version-history":[{"count":1,"href":"https:\/\/visitdistrikt.rs\/en\/wp-json\/wp\/v2\/posts\/36773\/revisions"}],"predecessor-version":[{"id":36774,"href":"https:\/\/visitdistrikt.rs\/en\/wp-json\/wp\/v2\/posts\/36773\/revisions\/36774"}],"wp:featuredmedia":[{"embeddable":true,"href":"https:\/\/visitdistrikt.rs\/en\/wp-json\/wp\/v2\/media\/36707"}],"wp:attachment":[{"href":"https:\/\/visitdistrikt.rs\/en\/wp-json\/wp\/v2\/media?parent=36773"}],"wp:term":[{"taxonomy":"category","embeddable":true,"href":"https:\/\/visitdistrikt.rs\/en\/wp-json\/wp\/v2\/categories?post=36773"},{"taxonomy":"post_tag","embeddable":true,"href":"https:\/\/visitdistrikt.rs\/en\/wp-json\/wp\/v2\/tags?post=36773"}],"curies":[{"name":"wp","href":"https:\/\/api.w.org\/{rel}","templated":true}]}}