{"id":36940,"date":"2022-07-12T12:50:17","date_gmt":"2022-07-12T10:50:17","guid":{"rendered":"https:\/\/visitdistrikt.rs\/?p=36940"},"modified":"2022-07-12T12:51:59","modified_gmt":"2022-07-12T10:51:59","slug":"who-plays-three-pianos-in-the-district-of-peace","status":"publish","type":"post","link":"https:\/\/visitdistrikt.rs\/en\/2022\/07\/12\/who-plays-three-pianos-in-the-district-of-peace\/","title":{"rendered":"Who Plays Three Pianos in the District of Peace"},"content":{"rendered":"<p>Novi Sad, long-established as a city of music as well as this year\u2019s<a href=\"https:\/\/novisad2022.rs\/en\/home-3\/\"> European Capital of Culture<\/a>,<strong> this summer again welcomes the greats of musical arts<\/strong>. After a huge undertaking in the form of the Beethoven Marathon, which gathered a huge Novi Sad audience at the Petrovaradin Fortress, we are changing the genre and indulging ourselves in the <strong>District of Peace<\/strong> and three of the best regional pianists \u2013 <a href=\"https:\/\/kalendar.novisad2022.rs\/en\/events\/piano-trinity\/\">Vasil Had\u017eimanov, Bojan Zulfikarpa\u0161i\u0107, and Matija Dedi\u0107<\/a>. At the Piano Trinity concert in the<strong> Creative District<\/strong> on Despota Stefana Boulevard on <strong>16 July at 10.20 p.m<\/strong>., <strong>we will listen to the piano<\/strong> <strong>virtuosos<\/strong> in performances \u2013 improvisations that confirm the status of the best performers on the regional stage.<\/p>\n<p><a href=\"https:\/\/kalendar.novisad2022.rs\/en\/events\/piano-trinity\/\">The Piano Trinity: Vasil Had\u017eimanov \u2013 Bojan Zulfikarpa\u0161i\u0107 \u2013 Matija Dedi\u0107<\/a> concert will be held as part of the \u2018<strong>Fortress of Peace<\/strong>\u2019, the current programme arch of the European Capital of Culture which aims to proclaim the culture of dialogue and tolerance in the current socio-political moment which urgently calls for it. This is precisely why these three top artists are playing together at a concert, as a sign of intercultural dialogue, unity, understanding and reconciliation, for which music is the best way and a language we all understand.<\/p>\n<h2><strong>Vasil Had\u017eimanov<\/strong><\/h2>\n<p>This artist is considered <strong>one of the best jazz musicians in the region<\/strong>, characterised by frequent experimentation with ethnic sounds. A scholarship holder and graduate of the famous Berklee, Had\u017eimanov held numerous performances in the United States of America, where in New York he collaborated with the unsurpassed David Gilmore, and also tried his hand at the role of music programmer. Upon his return to Serbia in 1996, he founded the<strong> Vasil Had\u017eimanov Band<\/strong>, when his experimenting with traditional Balkan melodies took off. That&#8217;s when Had\u017eimanov&#8217;s collaboration with a number of famous musicians also began, and he was a member of Darkwood Dub. As an accomplished composer, Vasil has composed<strong> soundtracks for famous movies<\/strong> and TV shows such as When I Grow Up,<em> I&#8217;ll Be a Kangaroo<\/em>, <em>Basketball Players<\/em>, and <em>Open Door<\/em>. As he comes from a musical family (father Zafir, mother Senka, and aunt Bisera Veletanli\u0107), it is not surprising that he graduated from his studies at Berklee in three years instead of four, and in 2019 he was officially declared <strong>the best jazz pianist in the world<\/strong> (on the electric piano).<\/p>\n<figure id=\"attachment_36878\" aria-describedby=\"caption-attachment-36878\" style=\"width: 800px\" class=\"wp-caption aligncenter\"><img fetchpriority=\"high\" decoding=\"async\" class=\"wp-image-36878 size-full\" src=\"https:\/\/visitdistrikt.rs\/media\/2022\/07\/Vasil-Hadzimanov_foto-Nebojsa-Babic-1_300dpi-1.jpg\" alt=\"\" width=\"800\" height=\"585\" srcset=\"https:\/\/visitdistrikt.rs\/media\/2022\/07\/Vasil-Hadzimanov_foto-Nebojsa-Babic-1_300dpi-1.jpg 800w, https:\/\/visitdistrikt.rs\/media\/2022\/07\/Vasil-Hadzimanov_foto-Nebojsa-Babic-1_300dpi-1-300x219.jpg 300w, https:\/\/visitdistrikt.rs\/media\/2022\/07\/Vasil-Hadzimanov_foto-Nebojsa-Babic-1_300dpi-1-768x562.jpg 768w\" sizes=\"(max-width: 800px) 100vw, 800px\" \/><figcaption id=\"caption-attachment-36878\" class=\"wp-caption-text\">Vasil Had\u017eimanov<\/figcaption><\/figure>\n<h2>Matija Dedi\u0107<\/h2>\n<p>Another \u2018child of music\u2019, son of the famous <strong>Arsen Dedi\u0107<\/strong> and <strong>Gabi Novak<\/strong>, <strong>Matija Dedi\u0107<\/strong> became equally successful and popular in the jazz world. <strong>Dedicated to music and piano<\/strong> since the age of five, he graduated from the Jazz Academy in Graz. He travelled the world with his music, heard by audiences in Germany, Turkey, Spain, Austria, Denmark, Sweden, Morocco, the United States of America, etc. In a competition of 400 musicians, he was chosen as one of the finalists of the Jazz Festival in France. He released an album in 2021 called <strong>Ladies<\/strong>, dedicated to singer-songwriters, and all the women who marked his private and business journey &#8211; <strong>Gabi Novak<\/strong>, <strong>Sara Renar<\/strong>, <strong>Marijana Zlopa\u0161a<\/strong>, <strong>Vesna Pisarovi\u0107<\/strong>, and others with whom he collaborated on this album. As a guest of the European Capital of Culture, Matija performed in front of the Novi Sad audience as part of <strong>Do\u010dek<\/strong>, and this time we will listen to him together with his famous colleagues in the <strong>District of Peace<\/strong>.<\/p>\n<figure id=\"attachment_36880\" aria-describedby=\"caption-attachment-36880\" style=\"width: 533px\" class=\"wp-caption aligncenter\"><img decoding=\"async\" class=\"wp-image-36880 size-full\" src=\"https:\/\/visitdistrikt.rs\/media\/2022\/07\/Matija-Dedic_promo-foto1-300dpi-1.jpg\" alt=\"\" width=\"533\" height=\"800\" srcset=\"https:\/\/visitdistrikt.rs\/media\/2022\/07\/Matija-Dedic_promo-foto1-300dpi-1.jpg 533w, https:\/\/visitdistrikt.rs\/media\/2022\/07\/Matija-Dedic_promo-foto1-300dpi-1-200x300.jpg 200w\" sizes=\"(max-width: 533px) 100vw, 533px\" \/><figcaption id=\"caption-attachment-36880\" class=\"wp-caption-text\">Matija Dedi\u0107<\/figcaption><\/figure>\n<h2>Bojan Zulfikarpa\u0161i\u0107<\/h2>\n<p>French-Serbian jazz pianist <strong>Bojan Zulfikarpa\u0161i\u0107<\/strong> became famous on the Belgrade jazz scene, where he was active since his teenage days, and in 1989 he was proclaimed <strong>the best young jazz musician in Yugoslavia<\/strong>. Bojan Z, as he is known to the wider audience, is the recipient of several very important domestic and foreign awards, including the French <em>Chevalier de l&#8217;Ordre des Arts et des Lettres<\/em>, a knight in the field of arts and literature, which is awarded for significant contributions to the arts, as well as the award for <strong>the best European jazz musician<\/strong>, the European Jazz Prize from 2005. In recent years, the musician has been producing and collaborating with musicians such as <strong>Michel Portal<\/strong> and<strong> Amira Medunjanin<\/strong>.<\/p>\n<figure id=\"attachment_36882\" aria-describedby=\"caption-attachment-36882\" style=\"width: 800px\" class=\"wp-caption aligncenter\"><img decoding=\"async\" class=\"wp-image-36882 size-full\" src=\"https:\/\/visitdistrikt.rs\/media\/2022\/07\/Bojan-Z2_Tina-1.jpg\" alt=\"\" width=\"800\" height=\"533\" srcset=\"https:\/\/visitdistrikt.rs\/media\/2022\/07\/Bojan-Z2_Tina-1.jpg 800w, https:\/\/visitdistrikt.rs\/media\/2022\/07\/Bojan-Z2_Tina-1-300x200.jpg 300w, https:\/\/visitdistrikt.rs\/media\/2022\/07\/Bojan-Z2_Tina-1-768x512.jpg 768w\" sizes=\"(max-width: 800px) 100vw, 800px\" \/><figcaption id=\"caption-attachment-36882\" class=\"wp-caption-text\">Bojan Zulfikarpa\u0161i\u0107<\/figcaption><\/figure>\n<p>However, <strong>these three musicians leave us breathless with their performances<\/strong> more than with impressive biographies, which is why they are always welcome guests in Novi Sad. This time,<strong> the concept of their joint concert<\/strong>, the Piano Trinity, is different from everything we have had the opportunity to hear so far, namely \u2013 peace, tolerance, reconciliation, and intercultural dialogue, which they themselves stand for. Accordingly, this superb musical atmosphere for the general public will have <strong>free admission<\/strong>, so we are in for a memorable evening<\/p>\n<p><strong>Author<\/strong>: Leona Pap<\/p>\n<p><strong>Photo<\/strong>: Promo\/ECoC<\/p>\n","protected":false},"excerpt":{"rendered":"<p>Novi Sad, long-established as a city of music as well as this year\u2019s European Capital of Culture, this summer again welcomes the greats of musical arts. After a huge undertaking in the form of the Beethoven Marathon, which gathered a huge Novi Sad audience at the Petrovaradin Fortress, we are changing the genre and indulging [&hellip;]<\/p>\n","protected":false},"author":13,"featured_media":36886,"comment_status":"closed","ping_status":"closed","sticky":false,"template":"","format":"standard","meta":{"footnotes":"","_links_to":"","_links_to_target":""},"categories":[293,291,1009],"tags":[],"yoast_head":"<!-- This site is optimized with the Yoast SEO plugin v22.4 - https:\/\/yoast.com\/wordpress\/plugins\/seo\/ -->\n<title>Who Plays Three Pianos in the District of Peace - Visit Distrikt Novi Sad<\/title>\n<meta name=\"description\" content=\"The piano trio concert: Vasil Had\u017eimanov - Bojan Zulfikarpa\u0161i\u0107 - Matija Dedi\u0107 will be held on July 16 in the Creative District. Do not miss!\" \/>\n<meta name=\"robots\" content=\"index, follow, max-snippet:-1, max-image-preview:large, max-video-preview:-1\" \/>\n<link rel=\"canonical\" href=\"https:\/\/visitdistrikt.rs\/en\/2022\/07\/12\/who-plays-three-pianos-in-the-district-of-peace\/\" \/>\n<meta property=\"og:locale\" content=\"en_US\" \/>\n<meta property=\"og:type\" content=\"article\" \/>\n<meta property=\"og:title\" content=\"Who Plays Three Pianos in the District of Peace - Visit Distrikt Novi Sad\" \/>\n<meta property=\"og:description\" content=\"The piano trio concert: Vasil Had\u017eimanov - Bojan Zulfikarpa\u0161i\u0107 - Matija Dedi\u0107 will be held on July 16 in the Creative District. Do not miss!\" \/>\n<meta property=\"og:url\" content=\"https:\/\/visitdistrikt.rs\/en\/2022\/07\/12\/who-plays-three-pianos-in-the-district-of-peace\/\" \/>\n<meta property=\"og:site_name\" content=\"Visit Distrikt Novi Sad\" \/>\n<meta property=\"article:published_time\" content=\"2022-07-12T10:50:17+00:00\" \/>\n<meta property=\"article:modified_time\" content=\"2022-07-12T10:51:59+00:00\" \/>\n<meta property=\"og:image\" content=\"https:\/\/visitdistrikt.rs\/media\/2022\/07\/Untitled-design-1-e1657540479695.jpg\" \/>\n\t<meta property=\"og:image:width\" content=\"1920\" \/>\n\t<meta property=\"og:image:height\" content=\"1082\" \/>\n\t<meta property=\"og:image:type\" content=\"image\/jpeg\" \/>\n<meta name=\"author\" content=\"Andjela\" \/>\n<meta name=\"twitter:card\" content=\"summary_large_image\" \/>\n<meta name=\"twitter:label1\" content=\"Written by\" \/>\n\t<meta name=\"twitter:data1\" content=\"Andjela\" \/>\n\t<meta name=\"twitter:label2\" content=\"Est. reading time\" \/>\n\t<meta name=\"twitter:data2\" content=\"5 minutes\" \/>\n<script type=\"application\/ld+json\" class=\"yoast-schema-graph\">{\"@context\":\"https:\/\/schema.org\",\"@graph\":[{\"@type\":\"WebPage\",\"@id\":\"https:\/\/visitdistrikt.rs\/en\/2022\/07\/12\/who-plays-three-pianos-in-the-district-of-peace\/\",\"url\":\"https:\/\/visitdistrikt.rs\/en\/2022\/07\/12\/who-plays-three-pianos-in-the-district-of-peace\/\",\"name\":\"Who Plays Three Pianos in the District of Peace - Visit Distrikt Novi Sad\",\"isPartOf\":{\"@id\":\"https:\/\/visitdistrikt.rs\/#website\"},\"primaryImageOfPage\":{\"@id\":\"https:\/\/visitdistrikt.rs\/en\/2022\/07\/12\/who-plays-three-pianos-in-the-district-of-peace\/#primaryimage\"},\"image\":{\"@id\":\"https:\/\/visitdistrikt.rs\/en\/2022\/07\/12\/who-plays-three-pianos-in-the-district-of-peace\/#primaryimage\"},\"thumbnailUrl\":\"https:\/\/visitdistrikt.rs\/media\/2022\/07\/Untitled-design-1-e1657540479695.jpg\",\"datePublished\":\"2022-07-12T10:50:17+00:00\",\"dateModified\":\"2022-07-12T10:51:59+00:00\",\"author\":{\"@id\":\"https:\/\/visitdistrikt.rs\/#\/schema\/person\/1d409dd2a9c7858729ec7a42dcf267e6\"},\"description\":\"The piano trio concert: Vasil Had\u017eimanov - Bojan Zulfikarpa\u0161i\u0107 - Matija Dedi\u0107 will be held on July 16 in the Creative District. Do not miss!\",\"breadcrumb\":{\"@id\":\"https:\/\/visitdistrikt.rs\/en\/2022\/07\/12\/who-plays-three-pianos-in-the-district-of-peace\/#breadcrumb\"},\"inLanguage\":\"en-US\",\"potentialAction\":[{\"@type\":\"ReadAction\",\"target\":[\"https:\/\/visitdistrikt.rs\/en\/2022\/07\/12\/who-plays-three-pianos-in-the-district-of-peace\/\"]}]},{\"@type\":\"ImageObject\",\"inLanguage\":\"en-US\",\"@id\":\"https:\/\/visitdistrikt.rs\/en\/2022\/07\/12\/who-plays-three-pianos-in-the-district-of-peace\/#primaryimage\",\"url\":\"https:\/\/visitdistrikt.rs\/media\/2022\/07\/Untitled-design-1-e1657540479695.jpg\",\"contentUrl\":\"https:\/\/visitdistrikt.rs\/media\/2022\/07\/Untitled-design-1-e1657540479695.jpg\",\"width\":1920,\"height\":1082},{\"@type\":\"BreadcrumbList\",\"@id\":\"https:\/\/visitdistrikt.rs\/en\/2022\/07\/12\/who-plays-three-pianos-in-the-district-of-peace\/#breadcrumb\",\"itemListElement\":[{\"@type\":\"ListItem\",\"position\":1,\"name\":\"Home\",\"item\":\"https:\/\/visitdistrikt.rs\/en\/\"},{\"@type\":\"ListItem\",\"position\":2,\"name\":\"Who Plays Three Pianos in the District of Peace\"}]},{\"@type\":\"WebSite\",\"@id\":\"https:\/\/visitdistrikt.rs\/#website\",\"url\":\"https:\/\/visitdistrikt.rs\/\",\"name\":\"Visit Distrikt Novi Sad\",\"description\":\"Novi Sad\",\"potentialAction\":[{\"@type\":\"SearchAction\",\"target\":{\"@type\":\"EntryPoint\",\"urlTemplate\":\"https:\/\/visitdistrikt.rs\/?s={search_term_string}\"},\"query-input\":\"required name=search_term_string\"}],\"inLanguage\":\"en-US\"},{\"@type\":\"Person\",\"@id\":\"https:\/\/visitdistrikt.rs\/#\/schema\/person\/1d409dd2a9c7858729ec7a42dcf267e6\",\"name\":\"Andjela\",\"image\":{\"@type\":\"ImageObject\",\"inLanguage\":\"en-US\",\"@id\":\"https:\/\/visitdistrikt.rs\/#\/schema\/person\/image\/\",\"url\":\"https:\/\/secure.gravatar.com\/avatar\/9c97624b5cc2432e05342df03b977bac?s=96&d=mm&r=g\",\"contentUrl\":\"https:\/\/secure.gravatar.com\/avatar\/9c97624b5cc2432e05342df03b977bac?s=96&d=mm&r=g\",\"caption\":\"Andjela\"}}]}<\/script>\n<!-- \/ Yoast SEO plugin. -->","yoast_head_json":{"title":"Who Plays Three Pianos in the District of Peace - Visit Distrikt Novi Sad","description":"The piano trio concert: Vasil Had\u017eimanov - Bojan Zulfikarpa\u0161i\u0107 - Matija Dedi\u0107 will be held on July 16 in the Creative District. Do not miss!","robots":{"index":"index","follow":"follow","max-snippet":"max-snippet:-1","max-image-preview":"max-image-preview:large","max-video-preview":"max-video-preview:-1"},"canonical":"https:\/\/visitdistrikt.rs\/en\/2022\/07\/12\/who-plays-three-pianos-in-the-district-of-peace\/","og_locale":"en_US","og_type":"article","og_title":"Who Plays Three Pianos in the District of Peace - Visit Distrikt Novi Sad","og_description":"The piano trio concert: Vasil Had\u017eimanov - Bojan Zulfikarpa\u0161i\u0107 - Matija Dedi\u0107 will be held on July 16 in the Creative District. Do not miss!","og_url":"https:\/\/visitdistrikt.rs\/en\/2022\/07\/12\/who-plays-three-pianos-in-the-district-of-peace\/","og_site_name":"Visit Distrikt Novi Sad","article_published_time":"2022-07-12T10:50:17+00:00","article_modified_time":"2022-07-12T10:51:59+00:00","og_image":[{"width":1920,"height":1082,"url":"https:\/\/visitdistrikt.rs\/media\/2022\/07\/Untitled-design-1-e1657540479695.jpg","type":"image\/jpeg"}],"author":"Andjela","twitter_card":"summary_large_image","twitter_misc":{"Written by":"Andjela","Est. reading time":"5 minutes"},"schema":{"@context":"https:\/\/schema.org","@graph":[{"@type":"WebPage","@id":"https:\/\/visitdistrikt.rs\/en\/2022\/07\/12\/who-plays-three-pianos-in-the-district-of-peace\/","url":"https:\/\/visitdistrikt.rs\/en\/2022\/07\/12\/who-plays-three-pianos-in-the-district-of-peace\/","name":"Who Plays Three Pianos in the District of Peace - Visit Distrikt Novi Sad","isPartOf":{"@id":"https:\/\/visitdistrikt.rs\/#website"},"primaryImageOfPage":{"@id":"https:\/\/visitdistrikt.rs\/en\/2022\/07\/12\/who-plays-three-pianos-in-the-district-of-peace\/#primaryimage"},"image":{"@id":"https:\/\/visitdistrikt.rs\/en\/2022\/07\/12\/who-plays-three-pianos-in-the-district-of-peace\/#primaryimage"},"thumbnailUrl":"https:\/\/visitdistrikt.rs\/media\/2022\/07\/Untitled-design-1-e1657540479695.jpg","datePublished":"2022-07-12T10:50:17+00:00","dateModified":"2022-07-12T10:51:59+00:00","author":{"@id":"https:\/\/visitdistrikt.rs\/#\/schema\/person\/1d409dd2a9c7858729ec7a42dcf267e6"},"description":"The piano trio concert: Vasil Had\u017eimanov - Bojan Zulfikarpa\u0161i\u0107 - Matija Dedi\u0107 will be held on July 16 in the Creative District. Do not miss!","breadcrumb":{"@id":"https:\/\/visitdistrikt.rs\/en\/2022\/07\/12\/who-plays-three-pianos-in-the-district-of-peace\/#breadcrumb"},"inLanguage":"en-US","potentialAction":[{"@type":"ReadAction","target":["https:\/\/visitdistrikt.rs\/en\/2022\/07\/12\/who-plays-three-pianos-in-the-district-of-peace\/"]}]},{"@type":"ImageObject","inLanguage":"en-US","@id":"https:\/\/visitdistrikt.rs\/en\/2022\/07\/12\/who-plays-three-pianos-in-the-district-of-peace\/#primaryimage","url":"https:\/\/visitdistrikt.rs\/media\/2022\/07\/Untitled-design-1-e1657540479695.jpg","contentUrl":"https:\/\/visitdistrikt.rs\/media\/2022\/07\/Untitled-design-1-e1657540479695.jpg","width":1920,"height":1082},{"@type":"BreadcrumbList","@id":"https:\/\/visitdistrikt.rs\/en\/2022\/07\/12\/who-plays-three-pianos-in-the-district-of-peace\/#breadcrumb","itemListElement":[{"@type":"ListItem","position":1,"name":"Home","item":"https:\/\/visitdistrikt.rs\/en\/"},{"@type":"ListItem","position":2,"name":"Who Plays Three Pianos in the District of Peace"}]},{"@type":"WebSite","@id":"https:\/\/visitdistrikt.rs\/#website","url":"https:\/\/visitdistrikt.rs\/","name":"Visit Distrikt Novi Sad","description":"Novi Sad","potentialAction":[{"@type":"SearchAction","target":{"@type":"EntryPoint","urlTemplate":"https:\/\/visitdistrikt.rs\/?s={search_term_string}"},"query-input":"required name=search_term_string"}],"inLanguage":"en-US"},{"@type":"Person","@id":"https:\/\/visitdistrikt.rs\/#\/schema\/person\/1d409dd2a9c7858729ec7a42dcf267e6","name":"Andjela","image":{"@type":"ImageObject","inLanguage":"en-US","@id":"https:\/\/visitdistrikt.rs\/#\/schema\/person\/image\/","url":"https:\/\/secure.gravatar.com\/avatar\/9c97624b5cc2432e05342df03b977bac?s=96&d=mm&r=g","contentUrl":"https:\/\/secure.gravatar.com\/avatar\/9c97624b5cc2432e05342df03b977bac?s=96&d=mm&r=g","caption":"Andjela"}}]}},"_links":{"self":[{"href":"https:\/\/visitdistrikt.rs\/en\/wp-json\/wp\/v2\/posts\/36940"}],"collection":[{"href":"https:\/\/visitdistrikt.rs\/en\/wp-json\/wp\/v2\/posts"}],"about":[{"href":"https:\/\/visitdistrikt.rs\/en\/wp-json\/wp\/v2\/types\/post"}],"author":[{"embeddable":true,"href":"https:\/\/visitdistrikt.rs\/en\/wp-json\/wp\/v2\/users\/13"}],"replies":[{"embeddable":true,"href":"https:\/\/visitdistrikt.rs\/en\/wp-json\/wp\/v2\/comments?post=36940"}],"version-history":[{"count":2,"href":"https:\/\/visitdistrikt.rs\/en\/wp-json\/wp\/v2\/posts\/36940\/revisions"}],"predecessor-version":[{"id":36948,"href":"https:\/\/visitdistrikt.rs\/en\/wp-json\/wp\/v2\/posts\/36940\/revisions\/36948"}],"wp:featuredmedia":[{"embeddable":true,"href":"https:\/\/visitdistrikt.rs\/en\/wp-json\/wp\/v2\/media\/36886"}],"wp:attachment":[{"href":"https:\/\/visitdistrikt.rs\/en\/wp-json\/wp\/v2\/media?parent=36940"}],"wp:term":[{"taxonomy":"category","embeddable":true,"href":"https:\/\/visitdistrikt.rs\/en\/wp-json\/wp\/v2\/categories?post=36940"},{"taxonomy":"post_tag","embeddable":true,"href":"https:\/\/visitdistrikt.rs\/en\/wp-json\/wp\/v2\/tags?post=36940"}],"curies":[{"name":"wp","href":"https:\/\/api.w.org\/{rel}","templated":true}]}}