{"id":36949,"date":"2022-07-12T15:59:58","date_gmt":"2022-07-12T13:59:58","guid":{"rendered":"https:\/\/visitdistrikt.rs\/?p=36949"},"modified":"2022-07-12T16:16:39","modified_gmt":"2022-07-12T14:16:39","slug":"the-first-movie-saga-about-a-new-season-that-you-must-experience","status":"publish","type":"post","link":"https:\/\/visitdistrikt.rs\/en\/2022\/07\/12\/the-first-movie-saga-about-a-new-season-that-you-must-experience\/","title":{"rendered":"The First Film Saga about Novi Sad that You Must Experience"},"content":{"rendered":"\t\t<div data-elementor-type=\"wp-post\" data-elementor-id=\"36949\" class=\"elementor elementor-36949 elementor-36806\" data-elementor-post-type=\"post\">\n\t\t\t\t\t\t<section class=\"elementor-section elementor-top-section elementor-element elementor-element-b7f91b3 elementor-section-boxed elementor-section-height-default elementor-section-height-default\" data-id=\"b7f91b3\" data-element_type=\"section\">\n\t\t\t\t\t\t<div class=\"elementor-container elementor-column-gap-default\">\n\t\t\t\t\t<div class=\"elementor-column elementor-col-100 elementor-top-column elementor-element elementor-element-b511a33\" data-id=\"b511a33\" data-element_type=\"column\">\n\t\t\t<div class=\"elementor-widget-wrap elementor-element-populated\">\n\t\t\t\t\t\t<div class=\"elementor-element elementor-element-e1f4b44 elementor-widget elementor-widget-text-editor\" data-id=\"e1f4b44\" data-element_type=\"widget\" data-widget_type=\"text-editor.default\">\n\t\t\t\t<div class=\"elementor-widget-container\">\n\t\t\t\t\t\t\t<p>The highlight of the <strong>Fortress of Peace<\/strong> programme arch of the<a href=\"https:\/\/novisad2022.rs\/en\/home-3\/\"> European Capital of Culture<\/a> will be the premiere of <strong>the first historical film about Novi Sad<\/strong>,<a href=\"https:\/\/kalendar.novisad2022.rs\/en\/events\/liberta-the-birth-of-a-city\/\"> Liberta \u2013 The Birth of A City<\/a>. From the status of a free royal city, through Serbian Athens, to today&#8217;s European Capital of Culture, Novi Sad is one of the few cities in Europe that received the first film saga about the birth of the city <a href=\"https:\/\/kalendar.novisad2022.rs\/en\/events\/liberta-the-birth-of-a-city\/\">Liberta<\/a>, and the<strong> premiere of this achievement is scheduled for 17 July at the Petrovaradin Fortress<\/strong>. Liberta, signed by the directors <strong>\u017danko Tomi\u0107<\/strong> and <strong>Gvozden \u0110uri\u0107<\/strong>, will show not only the liberation of Novi Sad and the acquisition of the status of a city, a unique city that won that status peacefully, but also the whole of Vojvodina as an area where Serbian culture and tradition are most closely intertwined with European ideals and the challenges of that time.<\/p><p>Get to know the history of the city through film frames and do not miss the premiere of <a href=\"https:\/\/kalendar.novisad2022.rs\/en\/events\/liberta-the-birth-of-a-city\/\">Liberta<\/a> <strong>under the clear sky of the Petrovaradin Fortress<\/strong>. In anticipation of the premiere, we are going back in time and bringing little-known historical facts about the time when the Petrovaradin \u0160anac was included in the list of free royal cities, as well as how the struggle for freedom in the 18th century looked like.<\/p>\t\t\t\t\t\t<\/div>\n\t\t\t\t<\/div>\n\t\t\t\t\t<\/div>\n\t\t<\/div>\n\t\t\t\t\t<\/div>\n\t\t<\/section>\n\t\t\t\t<section class=\"elementor-section elementor-top-section elementor-element elementor-element-4950828 elementor-section-boxed elementor-section-height-default elementor-section-height-default\" data-id=\"4950828\" data-element_type=\"section\">\n\t\t\t\t\t\t<div class=\"elementor-container elementor-column-gap-default\">\n\t\t\t\t\t<div class=\"elementor-column elementor-col-100 elementor-top-column elementor-element elementor-element-0b1c879\" data-id=\"0b1c879\" data-element_type=\"column\">\n\t\t\t<div class=\"elementor-widget-wrap elementor-element-populated\">\n\t\t\t\t\t\t<div class=\"elementor-element elementor-element-be78c13 elementor-widget elementor-widget-video\" data-id=\"be78c13\" data-element_type=\"widget\" data-settings=\"{&quot;youtube_url&quot;:&quot;https:\\\/\\\/www.youtube.com\\\/watch?v=UrTRyk10c80&amp;t=145s&quot;,&quot;video_type&quot;:&quot;youtube&quot;,&quot;controls&quot;:&quot;yes&quot;}\" data-widget_type=\"video.default\">\n\t\t\t\t<div class=\"elementor-widget-container\">\n\t\t\t\t\t<div class=\"elementor-wrapper elementor-open-inline\">\n\t\t\t<div class=\"elementor-video\"><\/div>\t\t<\/div>\n\t\t\t\t<\/div>\n\t\t\t\t<\/div>\n\t\t\t\t\t<\/div>\n\t\t<\/div>\n\t\t\t\t\t<\/div>\n\t\t<\/section>\n\t\t\t\t<section class=\"elementor-section elementor-top-section elementor-element elementor-element-fcb5c63 elementor-section-boxed elementor-section-height-default elementor-section-height-default\" data-id=\"fcb5c63\" data-element_type=\"section\">\n\t\t\t\t\t\t<div class=\"elementor-container elementor-column-gap-default\">\n\t\t\t\t\t<div class=\"elementor-column elementor-col-100 elementor-top-column elementor-element elementor-element-e99a864\" data-id=\"e99a864\" data-element_type=\"column\">\n\t\t\t<div class=\"elementor-widget-wrap elementor-element-populated\">\n\t\t\t\t\t\t<div class=\"elementor-element elementor-element-0c94bea elementor-widget elementor-widget-text-editor\" data-id=\"0c94bea\" data-element_type=\"widget\" data-widget_type=\"text-editor.default\">\n\t\t\t\t<div class=\"elementor-widget-container\">\n\t\t\t\t\t\t\t<h2>Liberta<\/h2><p>There is no doubt that 1 February 1748, when Novi Sad <strong>was declared a free royal city<\/strong>, represented a key point in which all previous experiences of city life were sublimated, and on the basis of which the foundation for future economic, political, national and cultural development was set. In order to have a deeper understanding of the historical significance of Novi Sad in the 18th century, which was very difficult for the Serbian people, a politically marginalized community under the monarchy, who like Phoenix rises from the ashes and reaffirms the national idea with the economy and political freedoms, it is necessary to go back to the very beginning of urban life in the city. The film Liberta, which you should not miss at the Fortress on 17 July, will deal with this very topic.<\/p>\t\t\t\t\t\t<\/div>\n\t\t\t\t<\/div>\n\t\t\t\t\t<\/div>\n\t\t<\/div>\n\t\t\t\t\t<\/div>\n\t\t<\/section>\n\t\t\t\t<section class=\"elementor-section elementor-top-section elementor-element elementor-element-d31fbeb elementor-section-boxed elementor-section-height-default elementor-section-height-default\" data-id=\"d31fbeb\" data-element_type=\"section\">\n\t\t\t\t\t\t<div class=\"elementor-container elementor-column-gap-default\">\n\t\t\t\t\t<div class=\"elementor-column elementor-col-100 elementor-top-column elementor-element elementor-element-1bbfa57\" data-id=\"1bbfa57\" data-element_type=\"column\">\n\t\t\t<div class=\"elementor-widget-wrap elementor-element-populated\">\n\t\t\t\t\t\t<div class=\"elementor-element elementor-element-26dacf0 elementor-widget elementor-widget-gallery\" data-id=\"26dacf0\" data-element_type=\"widget\" data-settings=\"{&quot;columns&quot;:3,&quot;lazyload&quot;:&quot;yes&quot;,&quot;gallery_layout&quot;:&quot;grid&quot;,&quot;columns_tablet&quot;:2,&quot;columns_mobile&quot;:1,&quot;gap&quot;:{&quot;unit&quot;:&quot;px&quot;,&quot;size&quot;:10,&quot;sizes&quot;:[]},&quot;gap_tablet&quot;:{&quot;unit&quot;:&quot;px&quot;,&quot;size&quot;:10,&quot;sizes&quot;:[]},&quot;gap_mobile&quot;:{&quot;unit&quot;:&quot;px&quot;,&quot;size&quot;:10,&quot;sizes&quot;:[]},&quot;link_to&quot;:&quot;file&quot;,&quot;aspect_ratio&quot;:&quot;3:2&quot;,&quot;overlay_background&quot;:&quot;yes&quot;,&quot;content_hover_animation&quot;:&quot;fade-in&quot;}\" data-widget_type=\"gallery.default\">\n\t\t\t\t<div class=\"elementor-widget-container\">\n\t\t\t\t\t<div class=\"elementor-gallery__container\">\n\t\t\t\t\t\t\t<a class=\"e-gallery-item elementor-gallery-item elementor-animated-content\" href=\"https:\/\/visitdistrikt.rs\/media\/2022\/05\/MPU_9423-2.jpg\" data-elementor-open-lightbox=\"yes\" data-elementor-lightbox-slideshow=\"26dacf0\" data-e-action-hash=\"#elementor-action%3Aaction%3Dlightbox%26settings%3DeyJpZCI6MzQyODcsInVybCI6Imh0dHBzOlwvXC92aXNpdGRpc3RyaWt0LnJzXC9tZWRpYVwvMjAyMlwvMDVcL01QVV85NDIzLTIuanBnIiwic2xpZGVzaG93IjoiMjZkYWNmMCJ9\">\n\t\t\t\t\t<div class=\"e-gallery-image elementor-gallery-item__image\" data-thumbnail=\"https:\/\/visitdistrikt.rs\/media\/2022\/05\/MPU_9423-2-300x200.jpg\" data-width=\"300\" data-height=\"200\" aria-label=\"\" role=\"img\" ><\/div>\n\t\t\t\t\t\t\t\t\t\t\t<div class=\"elementor-gallery-item__overlay\"><\/div>\n\t\t\t\t\t\t\t\t\t\t\t\t\t\t<\/a>\n\t\t\t\t\t\t\t<a class=\"e-gallery-item elementor-gallery-item elementor-animated-content\" href=\"https:\/\/visitdistrikt.rs\/media\/2022\/05\/MPU_9458-1.jpg\" data-elementor-open-lightbox=\"yes\" data-elementor-lightbox-slideshow=\"26dacf0\" data-e-action-hash=\"#elementor-action%3Aaction%3Dlightbox%26settings%3DeyJpZCI6MzQyODUsInVybCI6Imh0dHBzOlwvXC92aXNpdGRpc3RyaWt0LnJzXC9tZWRpYVwvMjAyMlwvMDVcL01QVV85NDU4LTEuanBnIiwic2xpZGVzaG93IjoiMjZkYWNmMCJ9\">\n\t\t\t\t\t<div class=\"e-gallery-image elementor-gallery-item__image\" data-thumbnail=\"https:\/\/visitdistrikt.rs\/media\/2022\/05\/MPU_9458-1-300x200.jpg\" data-width=\"300\" data-height=\"200\" aria-label=\"\" role=\"img\" ><\/div>\n\t\t\t\t\t\t\t\t\t\t\t<div class=\"elementor-gallery-item__overlay\"><\/div>\n\t\t\t\t\t\t\t\t\t\t\t\t\t\t<\/a>\n\t\t\t\t\t\t\t<a class=\"e-gallery-item elementor-gallery-item elementor-animated-content\" href=\"https:\/\/visitdistrikt.rs\/media\/2022\/07\/MG_1819.jpg\" data-elementor-open-lightbox=\"yes\" data-elementor-lightbox-slideshow=\"26dacf0\" data-e-action-hash=\"#elementor-action%3Aaction%3Dlightbox%26settings%3DeyJpZCI6MzY4MjAsInVybCI6Imh0dHBzOlwvXC92aXNpdGRpc3RyaWt0LnJzXC9tZWRpYVwvMjAyMlwvMDdcL01HXzE4MTkuanBnIiwic2xpZGVzaG93IjoiMjZkYWNmMCJ9\">\n\t\t\t\t\t<div class=\"e-gallery-image elementor-gallery-item__image\" data-thumbnail=\"https:\/\/visitdistrikt.rs\/media\/2022\/07\/MG_1819-300x200.jpg\" data-width=\"300\" data-height=\"200\" aria-label=\"\" role=\"img\" ><\/div>\n\t\t\t\t\t\t\t\t\t\t\t<div class=\"elementor-gallery-item__overlay\"><\/div>\n\t\t\t\t\t\t\t\t\t\t\t\t\t\t<\/a>\n\t\t\t\t\t\t\t<a class=\"e-gallery-item elementor-gallery-item elementor-animated-content\" href=\"https:\/\/visitdistrikt.rs\/media\/2022\/05\/MPU_9443-2.jpg\" data-elementor-open-lightbox=\"yes\" data-elementor-lightbox-slideshow=\"26dacf0\" data-e-action-hash=\"#elementor-action%3Aaction%3Dlightbox%26settings%3DeyJpZCI6MzQyNzUsInVybCI6Imh0dHBzOlwvXC92aXNpdGRpc3RyaWt0LnJzXC9tZWRpYVwvMjAyMlwvMDVcL01QVV85NDQzLTIuanBnIiwic2xpZGVzaG93IjoiMjZkYWNmMCJ9\">\n\t\t\t\t\t<div class=\"e-gallery-image elementor-gallery-item__image\" data-thumbnail=\"https:\/\/visitdistrikt.rs\/media\/2022\/05\/MPU_9443-2-300x200.jpg\" data-width=\"300\" data-height=\"200\" aria-label=\"\" role=\"img\" ><\/div>\n\t\t\t\t\t\t\t\t\t\t\t<div class=\"elementor-gallery-item__overlay\"><\/div>\n\t\t\t\t\t\t\t\t\t\t\t\t\t\t<\/a>\n\t\t\t\t\t\t\t<a class=\"e-gallery-item elementor-gallery-item elementor-animated-content\" href=\"https:\/\/visitdistrikt.rs\/media\/2022\/05\/MPU_9561-1.jpg\" data-elementor-open-lightbox=\"yes\" data-elementor-lightbox-slideshow=\"26dacf0\" data-e-action-hash=\"#elementor-action%3Aaction%3Dlightbox%26settings%3DeyJpZCI6MzQyODMsInVybCI6Imh0dHBzOlwvXC92aXNpdGRpc3RyaWt0LnJzXC9tZWRpYVwvMjAyMlwvMDVcL01QVV85NTYxLTEuanBnIiwic2xpZGVzaG93IjoiMjZkYWNmMCJ9\">\n\t\t\t\t\t<div class=\"e-gallery-image elementor-gallery-item__image\" data-thumbnail=\"https:\/\/visitdistrikt.rs\/media\/2022\/05\/MPU_9561-1-300x200.jpg\" data-width=\"300\" data-height=\"200\" aria-label=\"\" role=\"img\" ><\/div>\n\t\t\t\t\t\t\t\t\t\t\t<div class=\"elementor-gallery-item__overlay\"><\/div>\n\t\t\t\t\t\t\t\t\t\t\t\t\t\t<\/a>\n\t\t\t\t\t\t\t<a class=\"e-gallery-item elementor-gallery-item elementor-animated-content\" href=\"https:\/\/visitdistrikt.rs\/media\/2022\/05\/MPU_9571-1.jpg\" data-elementor-open-lightbox=\"yes\" data-elementor-lightbox-slideshow=\"26dacf0\" data-e-action-hash=\"#elementor-action%3Aaction%3Dlightbox%26settings%3DeyJpZCI6MzQyNzEsInVybCI6Imh0dHBzOlwvXC92aXNpdGRpc3RyaWt0LnJzXC9tZWRpYVwvMjAyMlwvMDVcL01QVV85NTcxLTEuanBnIiwic2xpZGVzaG93IjoiMjZkYWNmMCJ9\">\n\t\t\t\t\t<div class=\"e-gallery-image elementor-gallery-item__image\" data-thumbnail=\"https:\/\/visitdistrikt.rs\/media\/2022\/05\/MPU_9571-1-300x200.jpg\" data-width=\"300\" data-height=\"200\" aria-label=\"\" role=\"img\" ><\/div>\n\t\t\t\t\t\t\t\t\t\t\t<div class=\"elementor-gallery-item__overlay\"><\/div>\n\t\t\t\t\t\t\t\t\t\t\t\t\t\t<\/a>\n\t\t\t\t\t<\/div>\n\t\t\t<\/div>\n\t\t\t\t<\/div>\n\t\t\t\t\t<\/div>\n\t\t<\/div>\n\t\t\t\t\t<\/div>\n\t\t<\/section>\n\t\t\t\t<section class=\"elementor-section elementor-top-section elementor-element elementor-element-3a3b0c4 elementor-section-boxed elementor-section-height-default elementor-section-height-default\" data-id=\"3a3b0c4\" data-element_type=\"section\">\n\t\t\t\t\t\t<div class=\"elementor-container elementor-column-gap-default\">\n\t\t\t\t\t<div class=\"elementor-column elementor-col-100 elementor-top-column elementor-element elementor-element-8b691df\" data-id=\"8b691df\" data-element_type=\"column\">\n\t\t\t<div class=\"elementor-widget-wrap elementor-element-populated\">\n\t\t\t\t\t\t<div class=\"elementor-element elementor-element-8f113b2 elementor-widget elementor-widget-text-editor\" data-id=\"8f113b2\" data-element_type=\"widget\" data-widget_type=\"text-editor.default\">\n\t\t\t\t<div class=\"elementor-widget-container\">\n\t\t\t\t\t\t\t<h2>The First Inhabitants of the Petrovaradin \u0160anac<\/h2><p>One would say that there was no smart reason for the city to emerge right on the double bend of the Great River, where in the most critical attacks of the raging Danube, even the bottom of a boat was the driest place to keep the city&#8217;s \u2018statute\u2019. It turned out that<strong> a better place could not have been chosen<\/strong>. The development of Novi Sad, with certainty and continuity, can only be traced since 1694, making it one of the younger European cities. The written report of the Austrian general <strong>Engelshofen<\/strong> on the completion of the <strong>bridgehead<\/strong> on the Ba\u010dka side originates from that year. This is the first written trace of the existence of a settlement on the site of today&#8217;s Novi Sad. The bridgehead or, as it was called \u2018bruk\u0161anac\u2019, was a military fortification with several buildings. It served to protect the Petrovaradin Fortress in the event of a military attack. Until 1748, this settlement was called R<strong>acka varo\u0161, Serbian town, Petrovaradin \u0160anac<\/strong>&#8230; The population was mostly Serbian-Orthodox. The first inhabitants were the builders of the bridgehead, located right next to it, and with them the traders-suppliers of the Fortress: blacksmiths, innkeepers, butchers, bakers, tailors, etc., masters of all trades who at that time went with the army and soldiers and made a living from them.<\/p>\t\t\t\t\t\t<\/div>\n\t\t\t\t<\/div>\n\t\t\t\t\t<\/div>\n\t\t<\/div>\n\t\t\t\t\t<\/div>\n\t\t<\/section>\n\t\t\t\t<section class=\"elementor-section elementor-top-section elementor-element elementor-element-cdcc61d elementor-section-boxed elementor-section-height-default elementor-section-height-default\" data-id=\"cdcc61d\" data-element_type=\"section\">\n\t\t\t\t\t\t<div class=\"elementor-container elementor-column-gap-default\">\n\t\t\t\t\t<div class=\"elementor-column elementor-col-100 elementor-top-column elementor-element elementor-element-cae1a68\" data-id=\"cae1a68\" data-element_type=\"column\">\n\t\t\t<div class=\"elementor-widget-wrap elementor-element-populated\">\n\t\t\t\t\t\t<div class=\"elementor-element elementor-element-d5e1241 elementor-widget elementor-widget-image\" data-id=\"d5e1241\" data-element_type=\"widget\" data-widget_type=\"image.default\">\n\t\t\t\t<div class=\"elementor-widget-container\">\n\t\t\t\t\t\t\t\t\t\t\t\t\t<img fetchpriority=\"high\" decoding=\"async\" width=\"800\" height=\"533\" src=\"https:\/\/visitdistrikt.rs\/media\/2022\/07\/EPK-Visitns-Petrovaradin-foto-Jelena-Ivanovic-24-1.jpg\" class=\"attachment-large size-large wp-image-36814\" alt=\"\" srcset=\"https:\/\/visitdistrikt.rs\/media\/2022\/07\/EPK-Visitns-Petrovaradin-foto-Jelena-Ivanovic-24-1.jpg 800w, https:\/\/visitdistrikt.rs\/media\/2022\/07\/EPK-Visitns-Petrovaradin-foto-Jelena-Ivanovic-24-1-300x200.jpg 300w, https:\/\/visitdistrikt.rs\/media\/2022\/07\/EPK-Visitns-Petrovaradin-foto-Jelena-Ivanovic-24-1-768x512.jpg 768w\" sizes=\"(max-width: 800px) 100vw, 800px\" \/>\t\t\t\t\t\t\t\t\t\t\t\t\t<\/div>\n\t\t\t\t<\/div>\n\t\t\t\t\t<\/div>\n\t\t<\/div>\n\t\t\t\t\t<\/div>\n\t\t<\/section>\n\t\t\t\t<section class=\"elementor-section elementor-top-section elementor-element elementor-element-0b04fc6 elementor-section-boxed elementor-section-height-default elementor-section-height-default\" data-id=\"0b04fc6\" data-element_type=\"section\">\n\t\t\t\t\t\t<div class=\"elementor-container elementor-column-gap-default\">\n\t\t\t\t\t<div class=\"elementor-column elementor-col-100 elementor-top-column elementor-element elementor-element-4f37717\" data-id=\"4f37717\" data-element_type=\"column\">\n\t\t\t<div class=\"elementor-widget-wrap elementor-element-populated\">\n\t\t\t\t\t\t<div class=\"elementor-element elementor-element-c472532 elementor-widget elementor-widget-text-editor\" data-id=\"c472532\" data-element_type=\"widget\" data-widget_type=\"text-editor.default\">\n\t\t\t\t<div class=\"elementor-widget-container\">\n\t\t\t\t\t\t\t<h2>Expansion of the City<\/h2><p>The chroniclers explained the causes of this magnificent expansion by the position of Novi Sad, located on the border of two completely different economic areas; the plains of Ba\u010dka, agricultural on the one hand, and Fru\u0161ka Gora, viticultural and livestock, on the other. At the same time, the Danube is the narrowest in this part of the course, only about two hundred metres, so crossing it here is the most convenient. It could be said that someone chose the leeward between two, at that time, strong and<\/p><p>important places in this part of Vojvodina: Futog and Sremski Karlovci, the ecclesiastical, administrative and cultural centre of the Serbs in Hungary. In less than half a century, the new settlement will reach and overtake Karlovci and Futog, develop into a free royal city, which will have over 20,000 inhabitants until the \u2018Hungarian Revolution\u2019, and on the eve of the bombing in 1849.<\/p>\t\t\t\t\t\t<\/div>\n\t\t\t\t<\/div>\n\t\t\t\t\t<\/div>\n\t\t<\/div>\n\t\t\t\t\t<\/div>\n\t\t<\/section>\n\t\t\t\t<section class=\"elementor-section elementor-top-section elementor-element elementor-element-7a1a7ec elementor-section-boxed elementor-section-height-default elementor-section-height-default\" data-id=\"7a1a7ec\" data-element_type=\"section\">\n\t\t\t\t\t\t<div class=\"elementor-container elementor-column-gap-default\">\n\t\t\t\t\t<div class=\"elementor-column elementor-col-100 elementor-top-column elementor-element elementor-element-38cea3f\" data-id=\"38cea3f\" data-element_type=\"column\">\n\t\t\t<div class=\"elementor-widget-wrap elementor-element-populated\">\n\t\t\t\t\t\t<div class=\"elementor-element elementor-element-92c6f37 elementor-widget elementor-widget-image\" data-id=\"92c6f37\" data-element_type=\"widget\" data-widget_type=\"image.default\">\n\t\t\t\t<div class=\"elementor-widget-container\">\n\t\t\t\t\t\t\t\t\t\t\t\t\t<img decoding=\"async\" width=\"800\" height=\"533\" src=\"https:\/\/visitdistrikt.rs\/media\/2022\/07\/EPK-Visitns-Petrovaradin-foto-Jelena-Ivanovic-99-1-1.jpg\" class=\"attachment-large size-large wp-image-36816\" alt=\"\" srcset=\"https:\/\/visitdistrikt.rs\/media\/2022\/07\/EPK-Visitns-Petrovaradin-foto-Jelena-Ivanovic-99-1-1.jpg 800w, https:\/\/visitdistrikt.rs\/media\/2022\/07\/EPK-Visitns-Petrovaradin-foto-Jelena-Ivanovic-99-1-1-300x200.jpg 300w, https:\/\/visitdistrikt.rs\/media\/2022\/07\/EPK-Visitns-Petrovaradin-foto-Jelena-Ivanovic-99-1-1-768x512.jpg 768w\" sizes=\"(max-width: 800px) 100vw, 800px\" \/>\t\t\t\t\t\t\t\t\t\t\t\t\t<\/div>\n\t\t\t\t<\/div>\n\t\t\t\t\t<\/div>\n\t\t<\/div>\n\t\t\t\t\t<\/div>\n\t\t<\/section>\n\t\t\t\t<section class=\"elementor-section elementor-top-section elementor-element elementor-element-ea313d2 elementor-section-boxed elementor-section-height-default elementor-section-height-default\" data-id=\"ea313d2\" data-element_type=\"section\">\n\t\t\t\t\t\t<div class=\"elementor-container elementor-column-gap-default\">\n\t\t\t\t\t<div class=\"elementor-column elementor-col-100 elementor-top-column elementor-element elementor-element-4823677\" data-id=\"4823677\" data-element_type=\"column\">\n\t\t\t<div class=\"elementor-widget-wrap elementor-element-populated\">\n\t\t\t\t\t\t<div class=\"elementor-element elementor-element-e61b0eb elementor-widget elementor-widget-text-editor\" data-id=\"e61b0eb\" data-element_type=\"widget\" data-widget_type=\"text-editor.default\">\n\t\t\t\t<div class=\"elementor-widget-container\">\n\t\t\t\t\t\t\t<h2>The Duality of Military and Civilian Government<\/h2><p>The biggest problem that plagued the citizens of Petrovaradin \u0160anac is the duality of border (military) and county (civilian) authorities. In those years, \u0160anac was divided into two visible zones. Kameralci, the citizens who lived under civilian administration, covered their houses with reeds, and the frontiersmen with shingles. The kameral zone, which included the right side of the Danube alley, the market and the surroundings of the Catholic and Assumption Church, was managed by the <strong>municipality<\/strong> headed by a judge, alternately a Serb and then a German. The border zone, which included Alma\u0161 neighbourhood, the area around the Cathedral and the left side of the Danube alley, both sides of Lebarski sokak and the market almost up to the Catholic church, was commanded by the <strong>Oberkapetan<\/strong>. He was subordinate to the commander of the Fortress in Petrovaradin, but quite independent. In 1735, Sekula Vitkovi\u0107, who implemented a kind of personal regime over Serb frontiersmen with violence, threats and blackmail, was appointed the Oberkapetan.<\/p><h2>The Pros and Cons<\/h2><p><strong>Bishop Visarion Pavlovi\u0107<\/strong> had the greatest influence on the transformation of Serbian life from frontiersmen to the middle class. As one of the most educated Serbs of his time, he was at the head of the Diocese of Ba\u010dka from 1731 until his death in 1756. Visarion opened the Latin-Slavic school in \u0160anac in 1731, as well as the first hospital in 1741. There was a<strong> conflict between Chief Captain Vitkovi\u0107 and Bishop Visarion<\/strong>. It suited Vitkovi\u0107 that the unenlightened Serbs would be his loyal frontiersmen, while Visarion actively worked on the education and emancipation of the Serbs, creating a bourgeois class out of them.<\/p><p>The division of Petrovaradin \u0160anac, into military and civilian authority, actually accelerated efforts to obtain the status of a free royal city. The bearers of the movement for the independence of \u0160anac were immigrant merchants who suffered economic damage.<\/p>\t\t\t\t\t\t<\/div>\n\t\t\t\t<\/div>\n\t\t\t\t\t<\/div>\n\t\t<\/div>\n\t\t\t\t\t<\/div>\n\t\t<\/section>\n\t\t\t\t<section class=\"elementor-section elementor-top-section elementor-element elementor-element-464a4ab elementor-section-boxed elementor-section-height-default elementor-section-height-default\" data-id=\"464a4ab\" data-element_type=\"section\">\n\t\t\t\t\t\t<div class=\"elementor-container elementor-column-gap-default\">\n\t\t\t\t\t<div class=\"elementor-column elementor-col-100 elementor-top-column elementor-element elementor-element-df41d05\" data-id=\"df41d05\" data-element_type=\"column\">\n\t\t\t<div class=\"elementor-widget-wrap elementor-element-populated\">\n\t\t\t\t\t\t<div class=\"elementor-element elementor-element-0a5e867 elementor-widget elementor-widget-image\" data-id=\"0a5e867\" data-element_type=\"widget\" data-widget_type=\"image.default\">\n\t\t\t\t<div class=\"elementor-widget-container\">\n\t\t\t\t\t\t\t\t\t\t\t\t\t<img decoding=\"async\" width=\"800\" height=\"533\" src=\"https:\/\/visitdistrikt.rs\/media\/2022\/07\/EPK-Visitns-Petrovaradin-foto-Jelena-Ivanovic-104-1-1.jpg\" class=\"attachment-large size-large wp-image-36818\" alt=\"\" srcset=\"https:\/\/visitdistrikt.rs\/media\/2022\/07\/EPK-Visitns-Petrovaradin-foto-Jelena-Ivanovic-104-1-1.jpg 800w, https:\/\/visitdistrikt.rs\/media\/2022\/07\/EPK-Visitns-Petrovaradin-foto-Jelena-Ivanovic-104-1-1-300x200.jpg 300w, https:\/\/visitdistrikt.rs\/media\/2022\/07\/EPK-Visitns-Petrovaradin-foto-Jelena-Ivanovic-104-1-1-768x512.jpg 768w\" sizes=\"(max-width: 800px) 100vw, 800px\" \/>\t\t\t\t\t\t\t\t\t\t\t\t\t<\/div>\n\t\t\t\t<\/div>\n\t\t\t\t\t<\/div>\n\t\t<\/div>\n\t\t\t\t\t<\/div>\n\t\t<\/section>\n\t\t\t\t<section class=\"elementor-section elementor-top-section elementor-element elementor-element-eef60ab elementor-section-boxed elementor-section-height-default elementor-section-height-default\" data-id=\"eef60ab\" data-element_type=\"section\">\n\t\t\t\t\t\t<div class=\"elementor-container elementor-column-gap-default\">\n\t\t\t\t\t<div class=\"elementor-column elementor-col-100 elementor-top-column elementor-element elementor-element-c4f4ea3\" data-id=\"c4f4ea3\" data-element_type=\"column\">\n\t\t\t<div class=\"elementor-widget-wrap elementor-element-populated\">\n\t\t\t\t\t\t<div class=\"elementor-element elementor-element-15c5d8d elementor-widget elementor-widget-text-editor\" data-id=\"15c5d8d\" data-element_type=\"widget\" data-widget_type=\"text-editor.default\">\n\t\t\t\t<div class=\"elementor-widget-container\">\n\t\t\t\t\t\t\t<h2>Agreement as the Basis of Common Life<\/h2><p>The citizens of \u0160anac took the first steps to obtain the highest possible status for their place from Empress <strong>Maria Theresa<\/strong>. In order to finally achieve liberation, the inhabitants of \u0160anac previously reached an agreement with the non-Serb part of their fellow citizens in 1747, says academician<strong> Bo\u0161ko Petrovi\u0107<\/strong> in his monograph \u2018Novi Sad\u2019. This agreement will be the basis of common life in the city for the next hundred years. They agreed that in the magistrate of the liberated city they would have the same number of representatives, equal rights in electing senators and officials and in enjoying their religion.<\/p><h2>The Price of Freedom<\/h2><p>A deputation of citizens of \u0160anac, two Germans and several Serbs \u2013 <strong>Rackovi\u0107<\/strong>, <strong>Vuji\u0107<\/strong>, <strong>Bogdanovi\u0107<\/strong>, <strong>Ra\u0161kovi\u0107<\/strong>,<strong> Hajl<\/strong> and<strong> Anderle<\/strong> \u2013 went to Vienna and based on a mortgage on property, they received a <strong>bank loan<\/strong>. The final sum, after paying taxes and bribing the Viennese bureaucracy, rose from 60,000 to 95,000 forints in silver.<\/p><h2>Free Royal City<\/h2><p><strong>On 1 February 1748, Maria Theresa issued a charter by which the Petrovaradin \u0160anac was included in the ranks of free royal cities<\/strong>. She determined that its name should be <strong>NeoPlantea (Neoplanta)<\/strong>, Hungarian \u2013 \u2018Uj-Videgh\u2019, German \u2013 \u2018Neu-Satz\u2019, which the Serbs translated as Novi Sad, and the Greeks as Neophytes. The city was given the right to its own administrative bodies and court, as well as its independent government in the form of a mayor and a magistrate composed of 12 senators.<\/p><p>Diploma from 1748 in the 19th point gives the right to the town to use a coat of arms. That coat of arms describes the Queen&#8217;s letter of privilege:<\/p><p>\u2018<em>On the blue shield stand 3 towers of silver colour, each of which is surrounded by a canopy in the middle and above; the towers stand alone, each one of them, built of unhewn stone, the canopy of their upper part is toothed, their gates are closed, the windows are open and set for shooting. They stand in a row next to each other by the undulating Danube, which cuts through the green field; the middle one is slightly higher and wider, Noah&#8217;s dove flutters above it. Along the edge of the shield is this inscription: Seal of the free royal town of Novi Sad<\/em>.\u2019<\/p>\t\t\t\t\t\t<\/div>\n\t\t\t\t<\/div>\n\t\t\t\t\t<\/div>\n\t\t<\/div>\n\t\t\t\t\t<\/div>\n\t\t<\/section>\n\t\t\t\t<section class=\"elementor-section elementor-top-section elementor-element elementor-element-3064815 elementor-section-boxed elementor-section-height-default elementor-section-height-default\" data-id=\"3064815\" data-element_type=\"section\">\n\t\t\t\t\t\t<div class=\"elementor-container elementor-column-gap-default\">\n\t\t\t\t\t<div class=\"elementor-column elementor-col-100 elementor-top-column elementor-element elementor-element-d3f52a8\" data-id=\"d3f52a8\" data-element_type=\"column\">\n\t\t\t<div class=\"elementor-widget-wrap elementor-element-populated\">\n\t\t\t\t\t\t<div class=\"elementor-element elementor-element-79ea819 elementor-widget elementor-widget-image\" data-id=\"79ea819\" data-element_type=\"widget\" data-widget_type=\"image.default\">\n\t\t\t\t<div class=\"elementor-widget-container\">\n\t\t\t\t\t\t\t\t\t\t\t\t\t<img loading=\"lazy\" decoding=\"async\" width=\"800\" height=\"533\" src=\"https:\/\/visitdistrikt.rs\/media\/2022\/07\/EPK-Visitns-Petrovaradin-foto-Jelena-Ivanovic-97-1.jpg\" class=\"attachment-large size-large wp-image-36808\" alt=\"\" srcset=\"https:\/\/visitdistrikt.rs\/media\/2022\/07\/EPK-Visitns-Petrovaradin-foto-Jelena-Ivanovic-97-1.jpg 800w, https:\/\/visitdistrikt.rs\/media\/2022\/07\/EPK-Visitns-Petrovaradin-foto-Jelena-Ivanovic-97-1-300x200.jpg 300w, https:\/\/visitdistrikt.rs\/media\/2022\/07\/EPK-Visitns-Petrovaradin-foto-Jelena-Ivanovic-97-1-768x512.jpg 768w\" sizes=\"(max-width: 800px) 100vw, 800px\" \/>\t\t\t\t\t\t\t\t\t\t\t\t\t<\/div>\n\t\t\t\t<\/div>\n\t\t\t\t\t<\/div>\n\t\t<\/div>\n\t\t\t\t\t<\/div>\n\t\t<\/section>\n\t\t\t\t<section class=\"elementor-section elementor-top-section elementor-element elementor-element-b79300f elementor-section-boxed elementor-section-height-default elementor-section-height-default\" data-id=\"b79300f\" data-element_type=\"section\">\n\t\t\t\t\t\t<div class=\"elementor-container elementor-column-gap-default\">\n\t\t\t\t\t<div class=\"elementor-column elementor-col-100 elementor-top-column elementor-element elementor-element-61cea65\" data-id=\"61cea65\" data-element_type=\"column\">\n\t\t\t<div class=\"elementor-widget-wrap elementor-element-populated\">\n\t\t\t\t\t\t<div class=\"elementor-element elementor-element-5f53604 elementor-widget elementor-widget-text-editor\" data-id=\"5f53604\" data-element_type=\"widget\" data-widget_type=\"text-editor.default\">\n\t\t\t\t<div class=\"elementor-widget-container\">\n\t\t\t\t\t\t\t<h2>Coat of Arms<\/h2><p><strong>The three towers<\/strong> in the coat of arms refer to the provincialization of the border trench. The<strong> undulating Danube<\/strong> cutting through the green field and the fluttering <strong>Noah&#8217;s dove<\/strong> refer to the devastation or flood caused by the Turkish wars, which wiped out the inhabitants of this region, between the Danube and the Tisza. The Noah\u2019s dove with an olive branch in its beak above the three towers of Novi Sad is a symbol of the Turkish flood and the peace that followed, as well as hope for a better future. <strong>The closed gates<\/strong>, and the open windows, which are open for shooting, highlight the importance of this town as the defender of the Petrovaradin Fortress.<\/p><h2>The Importance of Liberation<\/h2><p>Obtaining the status of a free royal city and the name Novi Sad represents a <strong>significant political and historical phenomenon<\/strong>. Lewis Mumford states that the size of a city is not measured by the area or extent of buildings, but by the multitude and number of inhabitants and their power. The power has become synonymous with large numbers. This act shows the political maturity of the Serbian people to, by abandoning the traditional military restraints, create a potent merchant-craftsman class and by means of agreements with fellow citizens, primarily of German origin, achieve an enviable level of personal, economic and national rights and freedoms. It was on this foundation that Novi Sad rose as a beacon of culture and education in the following centuries.<\/p><p><strong>Do not miss the unique film about Novi Sad \u2013 Liberta, and with prior knowledge, head towards the Petrovaradin Fortress for the premiere on 17 July.<\/strong><\/p><p><strong>Author:<\/strong>\u00a0msr Ljiljana Dragosavljevi\u0107 Savin, istori\u010darka<\/p><p><strong>Photo:<\/strong>\u00a0Marko Pudi\u0107, Jelena Ivanovi\u0107<\/p>\t\t\t\t\t\t<\/div>\n\t\t\t\t<\/div>\n\t\t\t\t\t<\/div>\n\t\t<\/div>\n\t\t\t\t\t<\/div>\n\t\t<\/section>\n\t\t\t\t<\/div>\n\t\t","protected":false},"excerpt":{"rendered":"<p>The highlight of the Fortress of Peace programme arch of the European Capital of Culture will be the premiere of the first historical film about Novi Sad, Liberta \u2013 The Birth of A City. From the status of a free royal city, through Serbian Athens, to today&#8217;s European Capital of Culture, Novi Sad is one [&hellip;]<\/p>\n","protected":false},"author":13,"featured_media":36826,"comment_status":"closed","ping_status":"closed","sticky":false,"template":"","format":"standard","meta":{"footnotes":"","_links_to":"","_links_to_target":""},"categories":[293,291,1009,301],"tags":[],"yoast_head":"<!-- This site is optimized with the Yoast SEO plugin v22.4 - https:\/\/yoast.com\/wordpress\/plugins\/seo\/ -->\n<title>The First Film Saga about Novi Sad that You Must Experience - Visit Distrikt Novi Sad<\/title>\n<meta name=\"description\" content=\"The highlight of the Fortress of Peace program will be the premiere of the first historical film about Novi Sad, Liberta\" \/>\n<meta name=\"robots\" content=\"index, follow, max-snippet:-1, max-image-preview:large, max-video-preview:-1\" \/>\n<link rel=\"canonical\" href=\"https:\/\/visitdistrikt.rs\/en\/2022\/07\/12\/the-first-movie-saga-about-a-new-season-that-you-must-experience\/\" \/>\n<meta property=\"og:locale\" content=\"en_US\" \/>\n<meta property=\"og:type\" content=\"article\" \/>\n<meta property=\"og:title\" content=\"The First Film Saga about Novi Sad that You Must Experience - Visit Distrikt Novi Sad\" \/>\n<meta property=\"og:description\" content=\"The highlight of the Fortress of Peace program will be the premiere of the first historical film about Novi Sad, Liberta\" \/>\n<meta property=\"og:url\" content=\"https:\/\/visitdistrikt.rs\/en\/2022\/07\/12\/the-first-movie-saga-about-a-new-season-that-you-must-experience\/\" \/>\n<meta property=\"og:site_name\" content=\"Visit Distrikt Novi Sad\" \/>\n<meta property=\"article:published_time\" content=\"2022-07-12T13:59:58+00:00\" \/>\n<meta property=\"article:modified_time\" content=\"2022-07-12T14:16:39+00:00\" \/>\n<meta property=\"og:image\" content=\"https:\/\/visitdistrikt.rs\/media\/2022\/07\/MPU_9590-2-e1657285076789.jpg\" \/>\n\t<meta property=\"og:image:width\" content=\"1920\" \/>\n\t<meta property=\"og:image:height\" content=\"1440\" \/>\n\t<meta property=\"og:image:type\" content=\"image\/jpeg\" \/>\n<meta name=\"author\" content=\"Andjela\" \/>\n<meta name=\"twitter:card\" content=\"summary_large_image\" \/>\n<meta name=\"twitter:label1\" content=\"Written by\" \/>\n\t<meta name=\"twitter:data1\" content=\"Andjela\" \/>\n\t<meta name=\"twitter:label2\" content=\"Est. reading time\" \/>\n\t<meta name=\"twitter:data2\" content=\"9 minutes\" \/>\n<script type=\"application\/ld+json\" class=\"yoast-schema-graph\">{\"@context\":\"https:\/\/schema.org\",\"@graph\":[{\"@type\":\"WebPage\",\"@id\":\"https:\/\/visitdistrikt.rs\/en\/2022\/07\/12\/the-first-movie-saga-about-a-new-season-that-you-must-experience\/\",\"url\":\"https:\/\/visitdistrikt.rs\/en\/2022\/07\/12\/the-first-movie-saga-about-a-new-season-that-you-must-experience\/\",\"name\":\"The First Film Saga about Novi Sad that You Must Experience - Visit Distrikt Novi Sad\",\"isPartOf\":{\"@id\":\"https:\/\/visitdistrikt.rs\/#website\"},\"primaryImageOfPage\":{\"@id\":\"https:\/\/visitdistrikt.rs\/en\/2022\/07\/12\/the-first-movie-saga-about-a-new-season-that-you-must-experience\/#primaryimage\"},\"image\":{\"@id\":\"https:\/\/visitdistrikt.rs\/en\/2022\/07\/12\/the-first-movie-saga-about-a-new-season-that-you-must-experience\/#primaryimage\"},\"thumbnailUrl\":\"https:\/\/visitdistrikt.rs\/media\/2022\/07\/MPU_9590-2-e1657285076789.jpg\",\"datePublished\":\"2022-07-12T13:59:58+00:00\",\"dateModified\":\"2022-07-12T14:16:39+00:00\",\"author\":{\"@id\":\"https:\/\/visitdistrikt.rs\/#\/schema\/person\/1d409dd2a9c7858729ec7a42dcf267e6\"},\"description\":\"The highlight of the Fortress of Peace program will be the premiere of the first historical film about Novi Sad, Liberta\",\"breadcrumb\":{\"@id\":\"https:\/\/visitdistrikt.rs\/en\/2022\/07\/12\/the-first-movie-saga-about-a-new-season-that-you-must-experience\/#breadcrumb\"},\"inLanguage\":\"en-US\",\"potentialAction\":[{\"@type\":\"ReadAction\",\"target\":[\"https:\/\/visitdistrikt.rs\/en\/2022\/07\/12\/the-first-movie-saga-about-a-new-season-that-you-must-experience\/\"]}]},{\"@type\":\"ImageObject\",\"inLanguage\":\"en-US\",\"@id\":\"https:\/\/visitdistrikt.rs\/en\/2022\/07\/12\/the-first-movie-saga-about-a-new-season-that-you-must-experience\/#primaryimage\",\"url\":\"https:\/\/visitdistrikt.rs\/media\/2022\/07\/MPU_9590-2-e1657285076789.jpg\",\"contentUrl\":\"https:\/\/visitdistrikt.rs\/media\/2022\/07\/MPU_9590-2-e1657285076789.jpg\",\"width\":1920,\"height\":1440},{\"@type\":\"BreadcrumbList\",\"@id\":\"https:\/\/visitdistrikt.rs\/en\/2022\/07\/12\/the-first-movie-saga-about-a-new-season-that-you-must-experience\/#breadcrumb\",\"itemListElement\":[{\"@type\":\"ListItem\",\"position\":1,\"name\":\"Home\",\"item\":\"https:\/\/visitdistrikt.rs\/en\/\"},{\"@type\":\"ListItem\",\"position\":2,\"name\":\"The First Film Saga about Novi Sad that You Must Experience\"}]},{\"@type\":\"WebSite\",\"@id\":\"https:\/\/visitdistrikt.rs\/#website\",\"url\":\"https:\/\/visitdistrikt.rs\/\",\"name\":\"Visit Distrikt Novi Sad\",\"description\":\"Novi Sad\",\"potentialAction\":[{\"@type\":\"SearchAction\",\"target\":{\"@type\":\"EntryPoint\",\"urlTemplate\":\"https:\/\/visitdistrikt.rs\/?s={search_term_string}\"},\"query-input\":\"required name=search_term_string\"}],\"inLanguage\":\"en-US\"},{\"@type\":\"Person\",\"@id\":\"https:\/\/visitdistrikt.rs\/#\/schema\/person\/1d409dd2a9c7858729ec7a42dcf267e6\",\"name\":\"Andjela\",\"image\":{\"@type\":\"ImageObject\",\"inLanguage\":\"en-US\",\"@id\":\"https:\/\/visitdistrikt.rs\/#\/schema\/person\/image\/\",\"url\":\"https:\/\/secure.gravatar.com\/avatar\/9c97624b5cc2432e05342df03b977bac?s=96&d=mm&r=g\",\"contentUrl\":\"https:\/\/secure.gravatar.com\/avatar\/9c97624b5cc2432e05342df03b977bac?s=96&d=mm&r=g\",\"caption\":\"Andjela\"}}]}<\/script>\n<!-- \/ Yoast SEO plugin. -->","yoast_head_json":{"title":"The First Film Saga about Novi Sad that You Must Experience - Visit Distrikt Novi Sad","description":"The highlight of the Fortress of Peace program will be the premiere of the first historical film about Novi Sad, Liberta","robots":{"index":"index","follow":"follow","max-snippet":"max-snippet:-1","max-image-preview":"max-image-preview:large","max-video-preview":"max-video-preview:-1"},"canonical":"https:\/\/visitdistrikt.rs\/en\/2022\/07\/12\/the-first-movie-saga-about-a-new-season-that-you-must-experience\/","og_locale":"en_US","og_type":"article","og_title":"The First Film Saga about Novi Sad that You Must Experience - Visit Distrikt Novi Sad","og_description":"The highlight of the Fortress of Peace program will be the premiere of the first historical film about Novi Sad, Liberta","og_url":"https:\/\/visitdistrikt.rs\/en\/2022\/07\/12\/the-first-movie-saga-about-a-new-season-that-you-must-experience\/","og_site_name":"Visit Distrikt Novi Sad","article_published_time":"2022-07-12T13:59:58+00:00","article_modified_time":"2022-07-12T14:16:39+00:00","og_image":[{"width":1920,"height":1440,"url":"https:\/\/visitdistrikt.rs\/media\/2022\/07\/MPU_9590-2-e1657285076789.jpg","type":"image\/jpeg"}],"author":"Andjela","twitter_card":"summary_large_image","twitter_misc":{"Written by":"Andjela","Est. reading time":"9 minutes"},"schema":{"@context":"https:\/\/schema.org","@graph":[{"@type":"WebPage","@id":"https:\/\/visitdistrikt.rs\/en\/2022\/07\/12\/the-first-movie-saga-about-a-new-season-that-you-must-experience\/","url":"https:\/\/visitdistrikt.rs\/en\/2022\/07\/12\/the-first-movie-saga-about-a-new-season-that-you-must-experience\/","name":"The First Film Saga about Novi Sad that You Must Experience - Visit Distrikt Novi Sad","isPartOf":{"@id":"https:\/\/visitdistrikt.rs\/#website"},"primaryImageOfPage":{"@id":"https:\/\/visitdistrikt.rs\/en\/2022\/07\/12\/the-first-movie-saga-about-a-new-season-that-you-must-experience\/#primaryimage"},"image":{"@id":"https:\/\/visitdistrikt.rs\/en\/2022\/07\/12\/the-first-movie-saga-about-a-new-season-that-you-must-experience\/#primaryimage"},"thumbnailUrl":"https:\/\/visitdistrikt.rs\/media\/2022\/07\/MPU_9590-2-e1657285076789.jpg","datePublished":"2022-07-12T13:59:58+00:00","dateModified":"2022-07-12T14:16:39+00:00","author":{"@id":"https:\/\/visitdistrikt.rs\/#\/schema\/person\/1d409dd2a9c7858729ec7a42dcf267e6"},"description":"The highlight of the Fortress of Peace program will be the premiere of the first historical film about Novi Sad, Liberta","breadcrumb":{"@id":"https:\/\/visitdistrikt.rs\/en\/2022\/07\/12\/the-first-movie-saga-about-a-new-season-that-you-must-experience\/#breadcrumb"},"inLanguage":"en-US","potentialAction":[{"@type":"ReadAction","target":["https:\/\/visitdistrikt.rs\/en\/2022\/07\/12\/the-first-movie-saga-about-a-new-season-that-you-must-experience\/"]}]},{"@type":"ImageObject","inLanguage":"en-US","@id":"https:\/\/visitdistrikt.rs\/en\/2022\/07\/12\/the-first-movie-saga-about-a-new-season-that-you-must-experience\/#primaryimage","url":"https:\/\/visitdistrikt.rs\/media\/2022\/07\/MPU_9590-2-e1657285076789.jpg","contentUrl":"https:\/\/visitdistrikt.rs\/media\/2022\/07\/MPU_9590-2-e1657285076789.jpg","width":1920,"height":1440},{"@type":"BreadcrumbList","@id":"https:\/\/visitdistrikt.rs\/en\/2022\/07\/12\/the-first-movie-saga-about-a-new-season-that-you-must-experience\/#breadcrumb","itemListElement":[{"@type":"ListItem","position":1,"name":"Home","item":"https:\/\/visitdistrikt.rs\/en\/"},{"@type":"ListItem","position":2,"name":"The First Film Saga about Novi Sad that You Must Experience"}]},{"@type":"WebSite","@id":"https:\/\/visitdistrikt.rs\/#website","url":"https:\/\/visitdistrikt.rs\/","name":"Visit Distrikt Novi Sad","description":"Novi Sad","potentialAction":[{"@type":"SearchAction","target":{"@type":"EntryPoint","urlTemplate":"https:\/\/visitdistrikt.rs\/?s={search_term_string}"},"query-input":"required name=search_term_string"}],"inLanguage":"en-US"},{"@type":"Person","@id":"https:\/\/visitdistrikt.rs\/#\/schema\/person\/1d409dd2a9c7858729ec7a42dcf267e6","name":"Andjela","image":{"@type":"ImageObject","inLanguage":"en-US","@id":"https:\/\/visitdistrikt.rs\/#\/schema\/person\/image\/","url":"https:\/\/secure.gravatar.com\/avatar\/9c97624b5cc2432e05342df03b977bac?s=96&d=mm&r=g","contentUrl":"https:\/\/secure.gravatar.com\/avatar\/9c97624b5cc2432e05342df03b977bac?s=96&d=mm&r=g","caption":"Andjela"}}]}},"_links":{"self":[{"href":"https:\/\/visitdistrikt.rs\/en\/wp-json\/wp\/v2\/posts\/36949"}],"collection":[{"href":"https:\/\/visitdistrikt.rs\/en\/wp-json\/wp\/v2\/posts"}],"about":[{"href":"https:\/\/visitdistrikt.rs\/en\/wp-json\/wp\/v2\/types\/post"}],"author":[{"embeddable":true,"href":"https:\/\/visitdistrikt.rs\/en\/wp-json\/wp\/v2\/users\/13"}],"replies":[{"embeddable":true,"href":"https:\/\/visitdistrikt.rs\/en\/wp-json\/wp\/v2\/comments?post=36949"}],"version-history":[{"count":5,"href":"https:\/\/visitdistrikt.rs\/en\/wp-json\/wp\/v2\/posts\/36949\/revisions"}],"predecessor-version":[{"id":36955,"href":"https:\/\/visitdistrikt.rs\/en\/wp-json\/wp\/v2\/posts\/36949\/revisions\/36955"}],"wp:featuredmedia":[{"embeddable":true,"href":"https:\/\/visitdistrikt.rs\/en\/wp-json\/wp\/v2\/media\/36826"}],"wp:attachment":[{"href":"https:\/\/visitdistrikt.rs\/en\/wp-json\/wp\/v2\/media?parent=36949"}],"wp:term":[{"taxonomy":"category","embeddable":true,"href":"https:\/\/visitdistrikt.rs\/en\/wp-json\/wp\/v2\/categories?post=36949"},{"taxonomy":"post_tag","embeddable":true,"href":"https:\/\/visitdistrikt.rs\/en\/wp-json\/wp\/v2\/tags?post=36949"}],"curies":[{"name":"wp","href":"https:\/\/api.w.org\/{rel}","templated":true}]}}