{"id":37213,"date":"2022-07-15T14:27:22","date_gmt":"2022-07-15T12:27:22","guid":{"rendered":"https:\/\/visitdistrikt.rs\/?p=37213"},"modified":"2022-07-15T14:27:22","modified_gmt":"2022-07-15T12:27:22","slug":"culture-is-calling-this-weekend","status":"publish","type":"post","link":"https:\/\/visitdistrikt.rs\/en\/2022\/07\/15\/culture-is-calling-this-weekend\/","title":{"rendered":"Culture is Calling This Weekend"},"content":{"rendered":"<p>In the year of the <strong><a href=\"https:\/\/novisad2022.rs\/rs\/pocetna\/\">European Capital of Culture<\/a><\/strong>, every day we encounter a variety of cultural events throughout Novi Sad and its surroundings, and this weekend is especially tempting for all fellow citizens and visitors to the city \u2013<strong> several different types of art intertwine in just three days<\/strong>. If you did not know where to go during the sunny days ahead, we suggest you take the cultural route and visit as many events as possible: film premieres, concerts, exhibitions and a public walk dedicated to the famous women of Novi Sad<\/p>\n<h2>A Neolithic Night\u2019s Dream in Novi Sad<\/h2>\n<p>Have you heard of MetaHuman technology? It is a realistic depiction of prehistoric man, who travelled the world, and after the Dubai Expo World Exhibition, the <strong>Museum of Vojvodina<\/strong> will host this prehistoric man from Lepenski Vir. The archeological exhibition<strong> <a href=\"https:\/\/kalendar.novisad2022.rs\/en\/events\/opening-of-the-exhibition-a-neolithic-nights-dream-2\/\">A Neolithic Night\u2019s Dream<\/a><\/strong> by <strong>Lidija Balj, MA<\/strong>, and <strong>Andrej Starovi\u0107<\/strong>, brings to our country a <strong>large exhibition about the Neolithic<\/strong> after more than half a century. From 15 July to 15 October, we will be able to see this interesting exhibition, which represents the period of peace in the area of today, affected by unrest, Europe. Who were the first people to arrive in the Danube region and what was it like to meet the natives \u2013 these are some of the questions that this large exhibition will answer. The exhibition will be opened on<strong> 15 July<\/strong> at <strong>8 p.m<\/strong>., and admission is free on the day of the opening.<\/p>\n<p><img fetchpriority=\"high\" decoding=\"async\" class=\"aligncenter size-full wp-image-36543\" src=\"https:\/\/visitdistrikt.rs\/media\/2022\/06\/20220504-DSCF6260-2-1.jpg\" alt=\"\" width=\"800\" height=\"800\" srcset=\"https:\/\/visitdistrikt.rs\/media\/2022\/06\/20220504-DSCF6260-2-1.jpg 800w, https:\/\/visitdistrikt.rs\/media\/2022\/06\/20220504-DSCF6260-2-1-300x300.jpg 300w, https:\/\/visitdistrikt.rs\/media\/2022\/06\/20220504-DSCF6260-2-1-150x150.jpg 150w, https:\/\/visitdistrikt.rs\/media\/2022\/06\/20220504-DSCF6260-2-1-768x768.jpg 768w\" sizes=\"(max-width: 800px) 100vw, 800px\" \/><\/p>\n<h2>Following Women\u2019s Paths<\/h2>\n<p>Another review of history, this time closely related to Novi Sad and its famous female inhabitants, will be given by the <strong>IRIDA<\/strong> organization, which found an innovative and unusual way to introduce us to the city&#8217;s female past. The <strong>application for mobile phones<\/strong> called \u2018<em>Following Women\u2019s Paths<\/em>\u2019 takes us on a walk through Novi Sad, along the locations where <strong>Milica Tomi\u0107<\/strong>, <strong>Mileva Mari\u0107<\/strong>, <strong>Savka Suboti\u0107<\/strong>, <strong>Marija Trandafil<\/strong>, <strong>Dafina Nato\u0161evi\u0107<\/strong>, <strong>Judita Horovic<\/strong>, <strong>Milica and Anka Ninkovi\u0107<\/strong>, <strong>Er\u017eika Mi\u010detakova<\/strong>,<strong> Jelica Belovi\u0107 Bernad\u017eikovska<\/strong> and other well-known fellow citizens lived and worked. The<strong> public walk<\/strong> starts in front of the Synagogue on 15 July at 7 p.m., and takes those gathered on a unique journey to get to know famous women from Novi Sad, as well as the city itself and stories we did not know.<\/p>\n<figure id=\"attachment_37086\" aria-describedby=\"caption-attachment-37086\" style=\"width: 800px\" class=\"wp-caption aligncenter\"><img decoding=\"async\" class=\"size-full wp-image-37086\" src=\"https:\/\/visitdistrikt.rs\/media\/2022\/07\/289804644_1087677475152632_8185017807135075871_n1.jpg\" alt=\"\" width=\"800\" height=\"671\" srcset=\"https:\/\/visitdistrikt.rs\/media\/2022\/07\/289804644_1087677475152632_8185017807135075871_n1.jpg 800w, https:\/\/visitdistrikt.rs\/media\/2022\/07\/289804644_1087677475152632_8185017807135075871_n1-300x252.jpg 300w, https:\/\/visitdistrikt.rs\/media\/2022\/07\/289804644_1087677475152632_8185017807135075871_n1-768x644.jpg 768w\" sizes=\"(max-width: 800px) 100vw, 800px\" \/><figcaption id=\"caption-attachment-37086\" class=\"wp-caption-text\">Marija Trandafil\/FB stranica Irida<\/figcaption><\/figure>\n<h2>An Evening of Classical Music and Jazz<\/h2>\n<p>If you can not imagine a weekend without music \u2013 we suggest some of the concerts, all performed by supreme musicians, where you can find yourself between classical music and jazz. The International Philharmonic Orchestra <strong>For New Bridges<\/strong> gathers students from music academies from Trieste, Graz, Budapest, Sarajevo and Zagreb, who will perform a composition specially composed for Novi Sad as the <em>European Capital of CulturE<\/em> in the <a href=\"https:\/\/visitdistrikt.rs\/en\/2022\/06\/14\/creative-district-as-a-trademark-of-the-novi-sad-art-scene\/\"><em><strong>Creative District<\/strong><\/em><\/a>. Accompanied by pianist <strong>Jasminja Stan\u010dul<\/strong> and conducted by <strong>Andrej Bursa\u0107<\/strong>, the orchestra will perform the<em><strong> Overture for Peace<\/strong><\/em>. Commemorating the Treaty of Karlowitz, musicians will send a unique message to Europe and the world on<em><strong> 16 July at 8:22 p.m.<\/strong><\/em> in the Creative District. In the same place from <strong>10 p.m<\/strong>, right after the Overture for Peace, we will listen to the <a href=\"https:\/\/kalendar.novisad2022.rs\/en\/events\/piano-trinity\/\"><em><strong>Piano Trinity<\/strong><\/em><\/a>, three of the best pianists in the region. <strong>Matija Dedi\u0107<\/strong>, <strong>Vasil Had\u017eimanov<\/strong> and <strong>Bojan Zulfikarpa\u0161i\u0107<\/strong> will show their jazz skills together in the European Capital of Culture, and the audience will enjoy the combination of jazz improvisations and Balkan melodies that convey the importance of intercultural dialogue, understanding and reconciliation. On the same day, 16 July, at the Svilara Cultural Station from 8 p.m., we will listen to the <strong><a href=\"https:\/\/kalendar.novisad2022.rs\/en\/events\/jso-bremen-youth-symphony-orchestra-bremen-2\/\">Youth Symphony Orchestra from Bremen<\/a><\/strong>, which, on the way to its current international summer tour, also visited this year&#8217;s European Capital of Culture.<\/p>\n<p><img decoding=\"async\" class=\"aligncenter size-full wp-image-37089\" src=\"https:\/\/visitdistrikt.rs\/media\/2022\/07\/klavirsko_trojstvo_event_cover.jpg\" alt=\"\" width=\"800\" height=\"419\" srcset=\"https:\/\/visitdistrikt.rs\/media\/2022\/07\/klavirsko_trojstvo_event_cover.jpg 800w, https:\/\/visitdistrikt.rs\/media\/2022\/07\/klavirsko_trojstvo_event_cover-300x157.jpg 300w, https:\/\/visitdistrikt.rs\/media\/2022\/07\/klavirsko_trojstvo_event_cover-768x402.jpg 768w\" sizes=\"(max-width: 800px) 100vw, 800px\" \/><\/p>\n<h2>Premiere of the First Historical Film about Novi Sad<\/h2>\n<p>We are sure that an open-air cinema sounds like a good idea for warm nights \u2013 and at the end of this weekend, on Sunday, 17 July, the grand <strong>premiere of the first feature film about the history of Novi Sad<\/strong>, called <a href=\"https:\/\/kalendar.novisad2022.rs\/en\/events\/liberta-the-birth-of-a-city\/\"><em><strong>Liberta \u2013 The Birth of A City<\/strong><\/em><\/a>, will be held. The adventure <a href=\"https:\/\/visitdistrikt.rs\/en\/2022\/07\/12\/the-first-movie-saga-about-a-new-season-that-you-must-experience\/\">film saga<\/a> about how a group of Serbs and Germans won freedom for their city from Maria Theresa, directed by <strong>Gvozden \u0110uri\u0107<\/strong> and <strong>\u017danko Tomi\u0107<\/strong>, will show the audience how Petrovaradin \u0160anac became Novi Sad, Neusatz, \u00dajvid\u00e9k and, to this day, remains a centre of multiculturalism. The Petrovaradin Fortress will be a unique setting, symbolic of the beginning of the historical birth of the city, where we will see this great film for the first time. <strong>From 9:00 p.m., the grand walk to the projection site starts<\/strong>, starting from the Church of St. George in Petrovaradin and leads to the plateau near the Hotel <em>Leopold<\/em>. During the walk, those gathered will be introduced to the baroque world, where they will be greeted by a choir, opera performances and other attractions as an introduction to the film.<\/p>\n<p><img loading=\"lazy\" decoding=\"async\" class=\"aligncenter size-full wp-image-34287\" src=\"https:\/\/visitdistrikt.rs\/media\/2022\/05\/MPU_9423-2.jpg\" alt=\"\" width=\"800\" height=\"533\" srcset=\"https:\/\/visitdistrikt.rs\/media\/2022\/05\/MPU_9423-2.jpg 800w, https:\/\/visitdistrikt.rs\/media\/2022\/05\/MPU_9423-2-300x200.jpg 300w, https:\/\/visitdistrikt.rs\/media\/2022\/05\/MPU_9423-2-768x512.jpg 768w\" sizes=\"(max-width: 800px) 100vw, 800px\" \/><\/p>\n<p>You still have a little time to make your <a href=\"https:\/\/visitdistrikt.rs\/kalendar-dogadjaja\/\">weekend schedule for cultural events<\/a> and make the most of the opportunity to visit different events day by day in this year&#8217;s European Capital of Culture. The summer has just begun, so follow <a href=\"https:\/\/visitdistrikt.rs\/en\/\">visitns.rs<\/a> and stay up to date!<\/p>\n<p><strong>Author<\/strong>: Leona Pap<\/p>\n<p><strong>Photo<\/strong>: Jelena Ivanovi\u0107, Promo\/ECoC<\/p>\n","protected":false},"excerpt":{"rendered":"<p>In the year of the European Capital of Culture, every day we encounter a variety of cultural events throughout Novi Sad and its surroundings, and this weekend is especially tempting for all fellow citizens and visitors to the city \u2013 several different types of art intertwine in just three days. If you did not know [&hellip;]<\/p>\n","protected":false},"author":13,"featured_media":37106,"comment_status":"closed","ping_status":"closed","sticky":false,"template":"","format":"standard","meta":{"footnotes":"","_links_to":"","_links_to_target":""},"categories":[293,1001,291,278],"tags":[],"yoast_head":"<!-- This site is optimized with the Yoast SEO plugin v22.4 - https:\/\/yoast.com\/wordpress\/plugins\/seo\/ -->\n<title>Culture is Calling This Weekend - Visit Distrikt Novi Sad<\/title>\n<meta name=\"description\" content=\"If you didn&#039;t know where to go during the weekend ahead, culture is calling you: see a film premiere and visit a concert and exhibition\" \/>\n<meta name=\"robots\" content=\"index, follow, max-snippet:-1, max-image-preview:large, max-video-preview:-1\" \/>\n<link rel=\"canonical\" href=\"https:\/\/visitdistrikt.rs\/en\/2022\/07\/15\/culture-is-calling-this-weekend\/\" \/>\n<meta property=\"og:locale\" content=\"en_US\" \/>\n<meta property=\"og:type\" content=\"article\" \/>\n<meta property=\"og:title\" content=\"Culture is Calling This Weekend - Visit Distrikt Novi Sad\" \/>\n<meta property=\"og:description\" content=\"If you didn&#039;t know where to go during the weekend ahead, culture is calling you: see a film premiere and visit a concert and exhibition\" \/>\n<meta property=\"og:url\" content=\"https:\/\/visitdistrikt.rs\/en\/2022\/07\/15\/culture-is-calling-this-weekend\/\" \/>\n<meta property=\"og:site_name\" content=\"Visit Distrikt Novi Sad\" \/>\n<meta property=\"article:published_time\" content=\"2022-07-15T12:27:22+00:00\" \/>\n<meta property=\"og:image\" content=\"https:\/\/visitdistrikt.rs\/media\/2022\/07\/Muzej-Vojvodine-V.VelickovicSep29.002-1-2-e1657866353351.jpg\" \/>\n\t<meta property=\"og:image:width\" content=\"1920\" \/>\n\t<meta property=\"og:image:height\" content=\"1280\" \/>\n\t<meta property=\"og:image:type\" content=\"image\/jpeg\" \/>\n<meta name=\"author\" content=\"Andjela\" \/>\n<meta name=\"twitter:card\" content=\"summary_large_image\" \/>\n<meta name=\"twitter:label1\" content=\"Written by\" \/>\n\t<meta name=\"twitter:data1\" content=\"Andjela\" \/>\n\t<meta name=\"twitter:label2\" content=\"Est. reading time\" \/>\n\t<meta name=\"twitter:data2\" content=\"4 minutes\" \/>\n<script type=\"application\/ld+json\" class=\"yoast-schema-graph\">{\"@context\":\"https:\/\/schema.org\",\"@graph\":[{\"@type\":\"WebPage\",\"@id\":\"https:\/\/visitdistrikt.rs\/en\/2022\/07\/15\/culture-is-calling-this-weekend\/\",\"url\":\"https:\/\/visitdistrikt.rs\/en\/2022\/07\/15\/culture-is-calling-this-weekend\/\",\"name\":\"Culture is Calling This Weekend - Visit Distrikt Novi Sad\",\"isPartOf\":{\"@id\":\"https:\/\/visitdistrikt.rs\/#website\"},\"primaryImageOfPage\":{\"@id\":\"https:\/\/visitdistrikt.rs\/en\/2022\/07\/15\/culture-is-calling-this-weekend\/#primaryimage\"},\"image\":{\"@id\":\"https:\/\/visitdistrikt.rs\/en\/2022\/07\/15\/culture-is-calling-this-weekend\/#primaryimage\"},\"thumbnailUrl\":\"https:\/\/visitdistrikt.rs\/media\/2022\/07\/Muzej-Vojvodine-V.VelickovicSep29.002-1-2-e1657866353351.jpg\",\"datePublished\":\"2022-07-15T12:27:22+00:00\",\"dateModified\":\"2022-07-15T12:27:22+00:00\",\"author\":{\"@id\":\"https:\/\/visitdistrikt.rs\/#\/schema\/person\/1d409dd2a9c7858729ec7a42dcf267e6\"},\"description\":\"If you didn't know where to go during the weekend ahead, culture is calling you: see a film premiere and visit a concert and exhibition\",\"breadcrumb\":{\"@id\":\"https:\/\/visitdistrikt.rs\/en\/2022\/07\/15\/culture-is-calling-this-weekend\/#breadcrumb\"},\"inLanguage\":\"en-US\",\"potentialAction\":[{\"@type\":\"ReadAction\",\"target\":[\"https:\/\/visitdistrikt.rs\/en\/2022\/07\/15\/culture-is-calling-this-weekend\/\"]}]},{\"@type\":\"ImageObject\",\"inLanguage\":\"en-US\",\"@id\":\"https:\/\/visitdistrikt.rs\/en\/2022\/07\/15\/culture-is-calling-this-weekend\/#primaryimage\",\"url\":\"https:\/\/visitdistrikt.rs\/media\/2022\/07\/Muzej-Vojvodine-V.VelickovicSep29.002-1-2-e1657866353351.jpg\",\"contentUrl\":\"https:\/\/visitdistrikt.rs\/media\/2022\/07\/Muzej-Vojvodine-V.VelickovicSep29.002-1-2-e1657866353351.jpg\",\"width\":1920,\"height\":1280},{\"@type\":\"BreadcrumbList\",\"@id\":\"https:\/\/visitdistrikt.rs\/en\/2022\/07\/15\/culture-is-calling-this-weekend\/#breadcrumb\",\"itemListElement\":[{\"@type\":\"ListItem\",\"position\":1,\"name\":\"Home\",\"item\":\"https:\/\/visitdistrikt.rs\/en\/\"},{\"@type\":\"ListItem\",\"position\":2,\"name\":\"Culture is Calling This Weekend\"}]},{\"@type\":\"WebSite\",\"@id\":\"https:\/\/visitdistrikt.rs\/#website\",\"url\":\"https:\/\/visitdistrikt.rs\/\",\"name\":\"Visit Distrikt Novi Sad\",\"description\":\"Novi Sad\",\"potentialAction\":[{\"@type\":\"SearchAction\",\"target\":{\"@type\":\"EntryPoint\",\"urlTemplate\":\"https:\/\/visitdistrikt.rs\/?s={search_term_string}\"},\"query-input\":\"required name=search_term_string\"}],\"inLanguage\":\"en-US\"},{\"@type\":\"Person\",\"@id\":\"https:\/\/visitdistrikt.rs\/#\/schema\/person\/1d409dd2a9c7858729ec7a42dcf267e6\",\"name\":\"Andjela\",\"image\":{\"@type\":\"ImageObject\",\"inLanguage\":\"en-US\",\"@id\":\"https:\/\/visitdistrikt.rs\/#\/schema\/person\/image\/\",\"url\":\"https:\/\/secure.gravatar.com\/avatar\/9c97624b5cc2432e05342df03b977bac?s=96&d=mm&r=g\",\"contentUrl\":\"https:\/\/secure.gravatar.com\/avatar\/9c97624b5cc2432e05342df03b977bac?s=96&d=mm&r=g\",\"caption\":\"Andjela\"}}]}<\/script>\n<!-- \/ Yoast SEO plugin. -->","yoast_head_json":{"title":"Culture is Calling This Weekend - Visit Distrikt Novi Sad","description":"If you didn't know where to go during the weekend ahead, culture is calling you: see a film premiere and visit a concert and exhibition","robots":{"index":"index","follow":"follow","max-snippet":"max-snippet:-1","max-image-preview":"max-image-preview:large","max-video-preview":"max-video-preview:-1"},"canonical":"https:\/\/visitdistrikt.rs\/en\/2022\/07\/15\/culture-is-calling-this-weekend\/","og_locale":"en_US","og_type":"article","og_title":"Culture is Calling This Weekend - Visit Distrikt Novi Sad","og_description":"If you didn't know where to go during the weekend ahead, culture is calling you: see a film premiere and visit a concert and exhibition","og_url":"https:\/\/visitdistrikt.rs\/en\/2022\/07\/15\/culture-is-calling-this-weekend\/","og_site_name":"Visit Distrikt Novi Sad","article_published_time":"2022-07-15T12:27:22+00:00","og_image":[{"width":1920,"height":1280,"url":"https:\/\/visitdistrikt.rs\/media\/2022\/07\/Muzej-Vojvodine-V.VelickovicSep29.002-1-2-e1657866353351.jpg","type":"image\/jpeg"}],"author":"Andjela","twitter_card":"summary_large_image","twitter_misc":{"Written by":"Andjela","Est. reading time":"4 minutes"},"schema":{"@context":"https:\/\/schema.org","@graph":[{"@type":"WebPage","@id":"https:\/\/visitdistrikt.rs\/en\/2022\/07\/15\/culture-is-calling-this-weekend\/","url":"https:\/\/visitdistrikt.rs\/en\/2022\/07\/15\/culture-is-calling-this-weekend\/","name":"Culture is Calling This Weekend - Visit Distrikt Novi Sad","isPartOf":{"@id":"https:\/\/visitdistrikt.rs\/#website"},"primaryImageOfPage":{"@id":"https:\/\/visitdistrikt.rs\/en\/2022\/07\/15\/culture-is-calling-this-weekend\/#primaryimage"},"image":{"@id":"https:\/\/visitdistrikt.rs\/en\/2022\/07\/15\/culture-is-calling-this-weekend\/#primaryimage"},"thumbnailUrl":"https:\/\/visitdistrikt.rs\/media\/2022\/07\/Muzej-Vojvodine-V.VelickovicSep29.002-1-2-e1657866353351.jpg","datePublished":"2022-07-15T12:27:22+00:00","dateModified":"2022-07-15T12:27:22+00:00","author":{"@id":"https:\/\/visitdistrikt.rs\/#\/schema\/person\/1d409dd2a9c7858729ec7a42dcf267e6"},"description":"If you didn't know where to go during the weekend ahead, culture is calling you: see a film premiere and visit a concert and exhibition","breadcrumb":{"@id":"https:\/\/visitdistrikt.rs\/en\/2022\/07\/15\/culture-is-calling-this-weekend\/#breadcrumb"},"inLanguage":"en-US","potentialAction":[{"@type":"ReadAction","target":["https:\/\/visitdistrikt.rs\/en\/2022\/07\/15\/culture-is-calling-this-weekend\/"]}]},{"@type":"ImageObject","inLanguage":"en-US","@id":"https:\/\/visitdistrikt.rs\/en\/2022\/07\/15\/culture-is-calling-this-weekend\/#primaryimage","url":"https:\/\/visitdistrikt.rs\/media\/2022\/07\/Muzej-Vojvodine-V.VelickovicSep29.002-1-2-e1657866353351.jpg","contentUrl":"https:\/\/visitdistrikt.rs\/media\/2022\/07\/Muzej-Vojvodine-V.VelickovicSep29.002-1-2-e1657866353351.jpg","width":1920,"height":1280},{"@type":"BreadcrumbList","@id":"https:\/\/visitdistrikt.rs\/en\/2022\/07\/15\/culture-is-calling-this-weekend\/#breadcrumb","itemListElement":[{"@type":"ListItem","position":1,"name":"Home","item":"https:\/\/visitdistrikt.rs\/en\/"},{"@type":"ListItem","position":2,"name":"Culture is Calling This Weekend"}]},{"@type":"WebSite","@id":"https:\/\/visitdistrikt.rs\/#website","url":"https:\/\/visitdistrikt.rs\/","name":"Visit Distrikt Novi Sad","description":"Novi Sad","potentialAction":[{"@type":"SearchAction","target":{"@type":"EntryPoint","urlTemplate":"https:\/\/visitdistrikt.rs\/?s={search_term_string}"},"query-input":"required name=search_term_string"}],"inLanguage":"en-US"},{"@type":"Person","@id":"https:\/\/visitdistrikt.rs\/#\/schema\/person\/1d409dd2a9c7858729ec7a42dcf267e6","name":"Andjela","image":{"@type":"ImageObject","inLanguage":"en-US","@id":"https:\/\/visitdistrikt.rs\/#\/schema\/person\/image\/","url":"https:\/\/secure.gravatar.com\/avatar\/9c97624b5cc2432e05342df03b977bac?s=96&d=mm&r=g","contentUrl":"https:\/\/secure.gravatar.com\/avatar\/9c97624b5cc2432e05342df03b977bac?s=96&d=mm&r=g","caption":"Andjela"}}]}},"_links":{"self":[{"href":"https:\/\/visitdistrikt.rs\/en\/wp-json\/wp\/v2\/posts\/37213"}],"collection":[{"href":"https:\/\/visitdistrikt.rs\/en\/wp-json\/wp\/v2\/posts"}],"about":[{"href":"https:\/\/visitdistrikt.rs\/en\/wp-json\/wp\/v2\/types\/post"}],"author":[{"embeddable":true,"href":"https:\/\/visitdistrikt.rs\/en\/wp-json\/wp\/v2\/users\/13"}],"replies":[{"embeddable":true,"href":"https:\/\/visitdistrikt.rs\/en\/wp-json\/wp\/v2\/comments?post=37213"}],"version-history":[{"count":1,"href":"https:\/\/visitdistrikt.rs\/en\/wp-json\/wp\/v2\/posts\/37213\/revisions"}],"predecessor-version":[{"id":37214,"href":"https:\/\/visitdistrikt.rs\/en\/wp-json\/wp\/v2\/posts\/37213\/revisions\/37214"}],"wp:featuredmedia":[{"embeddable":true,"href":"https:\/\/visitdistrikt.rs\/en\/wp-json\/wp\/v2\/media\/37106"}],"wp:attachment":[{"href":"https:\/\/visitdistrikt.rs\/en\/wp-json\/wp\/v2\/media?parent=37213"}],"wp:term":[{"taxonomy":"category","embeddable":true,"href":"https:\/\/visitdistrikt.rs\/en\/wp-json\/wp\/v2\/categories?post=37213"},{"taxonomy":"post_tag","embeddable":true,"href":"https:\/\/visitdistrikt.rs\/en\/wp-json\/wp\/v2\/tags?post=37213"}],"curies":[{"name":"wp","href":"https:\/\/api.w.org\/{rel}","templated":true}]}}