{"id":37477,"date":"2022-07-22T16:37:55","date_gmt":"2022-07-22T14:37:55","guid":{"rendered":"https:\/\/visitdistrikt.rs\/?p=37477"},"modified":"2022-07-22T16:37:55","modified_gmt":"2022-07-22T14:37:55","slug":"milena-jankovic-from-ecoc-recommends-events-that-should-not-be-missed","status":"publish","type":"post","link":"https:\/\/visitdistrikt.rs\/en\/2022\/07\/22\/milena-jankovic-from-ecoc-recommends-events-that-should-not-be-missed\/","title":{"rendered":"Milena Jankovi\u0107 from ECoC Recommends Events That Should Not Be Missed"},"content":{"rendered":"<p>In the upcoming month, the <a href=\"https:\/\/novisad2022.rs\/en\/home-3\/\"><em>European Capital of Culture<\/em><\/a> is bringing us a variety of cultural events as part of the new programme arch, <strong><a href=\"https:\/\/kalendar.novisad2022.rs\/en\/the-event-calendar-danube-sea\/\"><em>The Danube Sea<\/em><\/a><\/strong>, which will begin this weekend with the <em><a href=\"https:\/\/kalendar.novisad2022.rs\/en\/events\/pavilion-on-strand\/\">\u0160trand Pavilion<\/a><\/em> at the most beautiful Novi Sad bathing area. The Danube is a meeting place for the people of Novi Sad, a place of memory and a symbol of connecting the two shores of Novi Sad. Precisely this is the backbone of <a href=\"https:\/\/kalendar.novisad2022.rs\/en\/the-event-calendar-danube-sea\/\"><em>The Danube Sea<\/em><\/a>, representing the cultural heritage and preservation of the natural resources of one of the largest European rivers. In the next month, we will build bridges between art and ecology on the Danube, through a variety of programmes that will lead to action for the preservation and care of the Danube, but they will also introduce us to the heritage of the countries through which this river flows.<\/p>\n<p><em>\u2018Life in Novi Sad encompasses living next to the Danube, and life on the Danube is the secret world of Novi Sad. Those who live or stay along the Danube experience the city in a different way \u2013 they learn to live in synergy with nature. We open the issues of protection of the Danube on \u0160trand \u2013 so that passers-by can learn about the importance of this river and this area through art and educational programmes. The programmes of The Danube Sea call for the power of the community and joint action, instead of the responsibility of the individual \u2013 focusing on the Anthropocene and shifting its centre of gravity\u2019<\/em>, explains the coordinator of The Danube Sea <strong>Milena Jankovi\u0107<\/strong>, a participant in the implementation of the programme that will bring us more than 160 events on the river, from <strong>22 July to 21 Augu<\/strong>st.<\/p>\n<p>If you are unsure where to go first during the summer days, <strong>Milena Jankovi<\/strong>\u0107 suggests that you take the path of culture and visit as many art events as possible, awaiting in the<em> European Capital of Culture<\/em>. She has singled out some of them for you on this occasion.<\/p>\n<h2><img fetchpriority=\"high\" decoding=\"async\" class=\"aligncenter size-full wp-image-37372\" src=\"https:\/\/visitdistrikt.rs\/media\/2022\/07\/MPU_6354.jpg\" alt=\"\" width=\"800\" height=\"533\" srcset=\"https:\/\/visitdistrikt.rs\/media\/2022\/07\/MPU_6354.jpg 800w, https:\/\/visitdistrikt.rs\/media\/2022\/07\/MPU_6354-300x200.jpg 300w, https:\/\/visitdistrikt.rs\/media\/2022\/07\/MPU_6354-768x512.jpg 768w\" sizes=\"(max-width: 800px) 100vw, 800px\" \/><\/h2>\n<h2>Pavilion on \u0160trand<\/h2>\n<p><a href=\"https:\/\/kalendar.novisad2022.rs\/events\/paviljon-na-strandu\/?occurrence=2022-07-22\">This manifestation<\/a> begins on 22 July and lasts until 31 July, opening the debate on the future of both large and small spaces on the Danube. <em>Minipogon Collective<\/em>\u2019s programme <a href=\"https:\/\/kalendar.novisad2022.rs\/en\/events\/non-working-hours-tuning-sustainable-community\/\"><em>(Non)Working Hours \u2013 Tuning the Sustainable Community<\/em><\/a><strong> invites citizens to recycle plastic and make musical instruments <\/strong>out of it <strong>from 25 to 31 July<\/strong>! This collective collaborates with the broadest meaning of community \u2013 from neighbours, and experts in the field of environmental protection to national and international artists, thus opening up the important issue of sustainability and engagement of citizens. In addition to them, \u0160trand visitors will face the future at the Pavilion in front of the <a href=\"https:\/\/kalendar.novisad2022.rs\/en\/events\/climate-capsule-ecoprint\/\"><em>Climate Capsule<\/em><\/a> installation of the <em>Center for the Promotion of Science<\/em>. This exhibit will show citizens <strong>what<\/strong> <strong>pollution, humidity and air temperature will be like in the future<\/strong> if the consequences of climate change continue to be present.<\/p>\n<p>Alternative models of artistic production will be discussed by the <a href=\"https:\/\/kalendar.novisad2022.rs\/en\/events\/opening-of-the-exhibition-biophilia\/\"><em>Biophilia<\/em><\/a> projects, the exhibition set up on \u0160trand, as well as <em>Biofabrika<\/em> by the artist <strong>Adrienn \u00dajh\u00e1zi<\/strong>. The art collective <em>U10<\/em>, together with the Austrian artists gathered around the <em>Danube Transformation Agency for Agency<\/em>, will use their bodies to become an island for the life and survival of the small hummingbird through the <a href=\"https:\/\/kalendar.novisad2022.rs\/en\/events\/becoming-an-island-2\/\"><em>Becoming an Island<\/em><\/a> project, while <a href=\"https:\/\/kalendar.novisad2022.rs\/en\/events\/ecotopias-ecoprint\/\"><em>Ecotopias<\/em><\/a> will open viewers&#8217; <strong>views of possible futures<\/strong> using existing knowledge, methods, and tools. On \u0160trand, the cinema can go green too, which is why internationally recognised films <em>Honeyland<\/em> and <a href=\"https:\/\/kalendar.novisad2022.rs\/en\/events\/the-hidden-life-of-trees-green-cinema\/\"><em>The Hidden Life of Trees<\/em><\/a> will be shown in the selection of the <em>Free Zone<\/em> festival.<\/p>\n<p><img decoding=\"async\" class=\"aligncenter size-full wp-image-37374\" src=\"https:\/\/visitdistrikt.rs\/media\/2022\/07\/MPU_6309.jpg\" alt=\"\" width=\"800\" height=\"533\" srcset=\"https:\/\/visitdistrikt.rs\/media\/2022\/07\/MPU_6309.jpg 800w, https:\/\/visitdistrikt.rs\/media\/2022\/07\/MPU_6309-300x200.jpg 300w, https:\/\/visitdistrikt.rs\/media\/2022\/07\/MPU_6309-768x512.jpg 768w\" sizes=\"(max-width: 800px) 100vw, 800px\" \/><\/p>\n<h2>Which musicians are coming to the Pavilion?<\/h2>\n<p>The <a href=\"https:\/\/kalendar.novisad2022.rs\/en\/events\/pavilion-on-strand\/\"><em>Pavilion on \u0160trand<\/em> <\/a>will also have an accompanying music programme, based on the ambience \u2013 and there are local and international performers such as <a href=\"https:\/\/kalendar.novisad2022.rs\/en\/events\/planet-opal-2\/\"><em>Planet Opal<\/em><\/a> and the famous drummer <a href=\"https:\/\/kalendar.novisad2022.rs\/en\/events\/nadav-dagon-2\/\"><strong><em>Nadav Dagon<\/em><\/strong><\/a>, who is coming as part of the partnership with the <em>Terminal Arts&amp;Music festiva<\/em>l from Sombor. The programme of the <a href=\"https:\/\/kalendar.novisad2022.rs\/en\/events\/pavilion-on-strand\/\"><em>Pavilion on \u0160trand<\/em> <\/a>\u00a0will kick off with a specific performance <a href=\"https:\/\/kalendar.novisad2022.rs\/en\/events\/the-seam-2\/\"><em>The Seam<\/em><\/a>, during which a composition dedicated to the Danube for piano, mixtape and sewing machines will be shown. And if by any chance you notice acrobats who bend, make bridges out of their bodies, walk around palaces, and stand in unusual places around the city \u2013 you have come across the internationally famous troupe Compagnie XY that does not allow itself to be promoted too much and quietly invites you to the Grand Rendezvous on 22 July on \u0160trand, so make sure to catch <a href=\"https:\/\/kalendar.novisad2022.rs\/en\/events\/les-voyages-2\/\"><em>Les Voyages<\/em><\/a>.<\/p>\n<p><img decoding=\"async\" class=\"aligncenter size-full wp-image-37376\" src=\"https:\/\/visitdistrikt.rs\/media\/2022\/07\/MPU_6262.jpg\" alt=\"\" width=\"800\" height=\"533\" srcset=\"https:\/\/visitdistrikt.rs\/media\/2022\/07\/MPU_6262.jpg 800w, https:\/\/visitdistrikt.rs\/media\/2022\/07\/MPU_6262-300x200.jpg 300w, https:\/\/visitdistrikt.rs\/media\/2022\/07\/MPU_6262-768x512.jpg 768w\" sizes=\"(max-width: 800px) 100vw, 800px\" \/><\/p>\n<h2>What is left after The Danube Sea?<\/h2>\n<p>One <strong>Pannonian Garden<\/strong>, located in the<a href=\"https:\/\/visitdistrikt.rs\/en\/2022\/06\/14\/creative-district-as-a-trademark-of-the-novi-sad-art-scene\/\"> <strong>Creative District<\/strong><\/a>, in order to make this area greener and educate citizens about planting honey plants and garden communities, organised by the Econaut Association. Finally, a group of five local organisations dealing with environmental protection (Pokret gorana Vojvodine, Pokret gorana Novog Sada, Zeleni sad, \u017divi grad, and the Children\u2019s Ecology Academy) will develop a strategy for the sustainability of cultural events \u2013 from the <strong>reduction of single-use plastic<\/strong> to the mobility and accessibility of institutions, associations, and individuals operating in the field of cultural and artistic production.<\/p>\n<p><img loading=\"lazy\" decoding=\"async\" class=\"aligncenter size-full wp-image-37378\" src=\"https:\/\/visitdistrikt.rs\/media\/2022\/07\/MPU_6285.jpg\" alt=\"\" width=\"800\" height=\"533\" srcset=\"https:\/\/visitdistrikt.rs\/media\/2022\/07\/MPU_6285.jpg 800w, https:\/\/visitdistrikt.rs\/media\/2022\/07\/MPU_6285-300x200.jpg 300w, https:\/\/visitdistrikt.rs\/media\/2022\/07\/MPU_6285-768x512.jpg 768w\" sizes=\"(max-width: 800px) 100vw, 800px\" \/><\/p>\n<h2>The Story of the Danube Does Not Stop at Ecology\u2026<\/h2>\n<p>It begins with an invitation to notice it, and then, it shines in its richness and beauty. The piers on the Danube are revealed through the exhibition <a href=\"https:\/\/kalendar.novisad2022.rs\/en\/events\/exhibition-in-the-mihizs-house-outside-the-centre\/\"><em>Outside the Centre<\/em> <\/a>\u2013 a collaboration between artists from the Danube region and BelArt galleries in \u010cerevi\u0107, Sremska Kamenica, Irig and Sremski Karlovci. In Bano\u0161tor, the artist <strong>Nikola Faler<\/strong> is visiting with the <a href=\"https:\/\/kalendar.novisad2022.rs\/en\/events\/big-straw-in-banostor\/\"><em>Big Straw<\/em> <\/a>\u2013 an exhibition of straw sculptures over 2 meters high, which will be <strong>set on fire on 7 August<\/strong>, imitating a ritual ceremony from ancient times. As the hamlets of Novi Sad become harbours for international artists, the city of Sremski Karlovci brings five bands to the Sremski Karlovci Homeland Collection during the Danube Culture Festival on 13 August \u2013 from Croatia, Slovenia, Hungary and France, including the famous <a href=\"https:\/\/kalendar.novisad2022.rs\/en\/events\/magnifico-danube-culture-festival\/\"><em>Magnifico<\/em><\/a>, who will provide support to the local bands, and whose performance at the Ilion Castle will close this manifestation.<\/p>\n<p><img loading=\"lazy\" decoding=\"async\" class=\"aligncenter size-full wp-image-37426\" src=\"https:\/\/visitdistrikt.rs\/media\/2022\/07\/MPU_6267-1.jpg\" alt=\"\" width=\"800\" height=\"533\" srcset=\"https:\/\/visitdistrikt.rs\/media\/2022\/07\/MPU_6267-1.jpg 800w, https:\/\/visitdistrikt.rs\/media\/2022\/07\/MPU_6267-1-300x200.jpg 300w, https:\/\/visitdistrikt.rs\/media\/2022\/07\/MPU_6267-1-768x512.jpg 768w\" sizes=\"(max-width: 800px) 100vw, 800px\" \/><\/p>\n<h2>The Danube Sea Finale<\/h2>\n<p>The gastronomic heritage of Vojvodina will be presented through the project <em><strong>Cooks in Residence<\/strong><\/em> \u2013 cooks from Japan and Luxembourg are coming to Novi Sad, where they will interpret the <strong>classic dishes of Vojvodina cuisine<\/strong> through their cultures, making the local gastronomic culture relevant in the international field. Finally, The Danube Sea will be closed by the <a href=\"https:\/\/kalendar.novisad2022.rs\/en\/events\/the-tamburitza-philharmonic-orchestra\/\"><em>Tamburitza Philharmonic Orchestra<\/em><\/a> \u2013 with more than 200 participants from regional tamburitza orchestras celebrating the local music.<\/p>\n<p><strong>Author:<\/strong> Marina Mari\u0107<\/p>\n<p><strong>Photo:<\/strong> Marko Pudi\u0107<\/p>\n","protected":false},"excerpt":{"rendered":"<p>In the upcoming month, the European Capital of Culture is bringing us a variety of cultural events as part of the new programme arch, The Danube Sea, which will begin this weekend with the \u0160trand Pavilion at the most beautiful Novi Sad bathing area. The Danube is a meeting place for the people of Novi [&hellip;]<\/p>\n","protected":false},"author":9,"featured_media":37371,"comment_status":"closed","ping_status":"closed","sticky":false,"template":"","format":"standard","meta":{"footnotes":"","_links_to":"","_links_to_target":""},"categories":[1011,998],"tags":[1285,1284,451],"yoast_head":"<!-- This site is optimized with the Yoast SEO plugin v22.4 - https:\/\/yoast.com\/wordpress\/plugins\/seo\/ -->\n<title>Milena Jankovi\u0107 from ECoC Recommends Events That Should Not Be Missed - Visit Distrikt Novi Sad<\/title>\n<meta name=\"description\" content=\"The new programme arch, The Danube Sea, which will begin this weekend with the \u0160trand Pavilion at the most beautiful Novi Sad bathing area\" \/>\n<meta name=\"robots\" content=\"index, follow, max-snippet:-1, max-image-preview:large, max-video-preview:-1\" \/>\n<link rel=\"canonical\" href=\"https:\/\/visitdistrikt.rs\/en\/2022\/07\/22\/milena-jankovic-from-ecoc-recommends-events-that-should-not-be-missed\/\" \/>\n<meta property=\"og:locale\" content=\"en_US\" \/>\n<meta property=\"og:type\" content=\"article\" \/>\n<meta property=\"og:title\" content=\"Milena Jankovi\u0107 from ECoC Recommends Events That Should Not Be Missed - Visit Distrikt Novi Sad\" \/>\n<meta property=\"og:description\" content=\"The new programme arch, The Danube Sea, which will begin this weekend with the \u0160trand Pavilion at the most beautiful Novi Sad bathing area\" \/>\n<meta property=\"og:url\" content=\"https:\/\/visitdistrikt.rs\/en\/2022\/07\/22\/milena-jankovic-from-ecoc-recommends-events-that-should-not-be-missed\/\" \/>\n<meta property=\"og:site_name\" content=\"Visit Distrikt Novi Sad\" \/>\n<meta property=\"article:published_time\" content=\"2022-07-22T14:37:55+00:00\" \/>\n<meta property=\"og:image\" content=\"https:\/\/visitdistrikt.rs\/media\/2022\/07\/naslovna-e1658313285722.jpg\" \/>\n\t<meta property=\"og:image:width\" content=\"1164\" \/>\n\t<meta property=\"og:image:height\" content=\"873\" \/>\n\t<meta property=\"og:image:type\" content=\"image\/jpeg\" \/>\n<meta name=\"author\" content=\"Marina Mari\u0107\" \/>\n<meta name=\"twitter:card\" content=\"summary_large_image\" \/>\n<meta name=\"twitter:label1\" content=\"Written by\" \/>\n\t<meta name=\"twitter:data1\" content=\"Marina Mari\u0107\" \/>\n\t<meta name=\"twitter:label2\" content=\"Est. reading time\" \/>\n\t<meta name=\"twitter:data2\" content=\"5 minutes\" \/>\n<script type=\"application\/ld+json\" class=\"yoast-schema-graph\">{\"@context\":\"https:\/\/schema.org\",\"@graph\":[{\"@type\":\"WebPage\",\"@id\":\"https:\/\/visitdistrikt.rs\/en\/2022\/07\/22\/milena-jankovic-from-ecoc-recommends-events-that-should-not-be-missed\/\",\"url\":\"https:\/\/visitdistrikt.rs\/en\/2022\/07\/22\/milena-jankovic-from-ecoc-recommends-events-that-should-not-be-missed\/\",\"name\":\"Milena Jankovi\u0107 from ECoC Recommends Events That Should Not Be Missed - Visit Distrikt Novi Sad\",\"isPartOf\":{\"@id\":\"https:\/\/visitdistrikt.rs\/#website\"},\"primaryImageOfPage\":{\"@id\":\"https:\/\/visitdistrikt.rs\/en\/2022\/07\/22\/milena-jankovic-from-ecoc-recommends-events-that-should-not-be-missed\/#primaryimage\"},\"image\":{\"@id\":\"https:\/\/visitdistrikt.rs\/en\/2022\/07\/22\/milena-jankovic-from-ecoc-recommends-events-that-should-not-be-missed\/#primaryimage\"},\"thumbnailUrl\":\"https:\/\/visitdistrikt.rs\/media\/2022\/07\/naslovna-e1658313285722.jpg\",\"datePublished\":\"2022-07-22T14:37:55+00:00\",\"dateModified\":\"2022-07-22T14:37:55+00:00\",\"author\":{\"@id\":\"https:\/\/visitdistrikt.rs\/#\/schema\/person\/b61f641548853605bef6b1ae7ca8aaa9\"},\"description\":\"The new programme arch, The Danube Sea, which will begin this weekend with the \u0160trand Pavilion at the most beautiful Novi Sad bathing area\",\"breadcrumb\":{\"@id\":\"https:\/\/visitdistrikt.rs\/en\/2022\/07\/22\/milena-jankovic-from-ecoc-recommends-events-that-should-not-be-missed\/#breadcrumb\"},\"inLanguage\":\"en-US\",\"potentialAction\":[{\"@type\":\"ReadAction\",\"target\":[\"https:\/\/visitdistrikt.rs\/en\/2022\/07\/22\/milena-jankovic-from-ecoc-recommends-events-that-should-not-be-missed\/\"]}]},{\"@type\":\"ImageObject\",\"inLanguage\":\"en-US\",\"@id\":\"https:\/\/visitdistrikt.rs\/en\/2022\/07\/22\/milena-jankovic-from-ecoc-recommends-events-that-should-not-be-missed\/#primaryimage\",\"url\":\"https:\/\/visitdistrikt.rs\/media\/2022\/07\/naslovna-e1658313285722.jpg\",\"contentUrl\":\"https:\/\/visitdistrikt.rs\/media\/2022\/07\/naslovna-e1658313285722.jpg\",\"width\":1164,\"height\":873},{\"@type\":\"BreadcrumbList\",\"@id\":\"https:\/\/visitdistrikt.rs\/en\/2022\/07\/22\/milena-jankovic-from-ecoc-recommends-events-that-should-not-be-missed\/#breadcrumb\",\"itemListElement\":[{\"@type\":\"ListItem\",\"position\":1,\"name\":\"Home\",\"item\":\"https:\/\/visitdistrikt.rs\/en\/\"},{\"@type\":\"ListItem\",\"position\":2,\"name\":\"Milena Jankovi\u0107 from ECoC Recommends Events That Should Not Be Missed\"}]},{\"@type\":\"WebSite\",\"@id\":\"https:\/\/visitdistrikt.rs\/#website\",\"url\":\"https:\/\/visitdistrikt.rs\/\",\"name\":\"Visit Distrikt Novi Sad\",\"description\":\"Novi Sad\",\"potentialAction\":[{\"@type\":\"SearchAction\",\"target\":{\"@type\":\"EntryPoint\",\"urlTemplate\":\"https:\/\/visitdistrikt.rs\/?s={search_term_string}\"},\"query-input\":\"required name=search_term_string\"}],\"inLanguage\":\"en-US\"},{\"@type\":\"Person\",\"@id\":\"https:\/\/visitdistrikt.rs\/#\/schema\/person\/b61f641548853605bef6b1ae7ca8aaa9\",\"name\":\"Marina Mari\u0107\",\"image\":{\"@type\":\"ImageObject\",\"inLanguage\":\"en-US\",\"@id\":\"https:\/\/visitdistrikt.rs\/#\/schema\/person\/image\/\",\"url\":\"https:\/\/secure.gravatar.com\/avatar\/aeec6fdfa57d2ba44680b29ea83001c6?s=96&d=mm&r=g\",\"contentUrl\":\"https:\/\/secure.gravatar.com\/avatar\/aeec6fdfa57d2ba44680b29ea83001c6?s=96&d=mm&r=g\",\"caption\":\"Marina Mari\u0107\"},\"sameAs\":[\"https:\/\/visitdistrikt.rs\"]}]}<\/script>\n<!-- \/ Yoast SEO plugin. -->","yoast_head_json":{"title":"Milena Jankovi\u0107 from ECoC Recommends Events That Should Not Be Missed - Visit Distrikt Novi Sad","description":"The new programme arch, The Danube Sea, which will begin this weekend with the \u0160trand Pavilion at the most beautiful Novi Sad bathing area","robots":{"index":"index","follow":"follow","max-snippet":"max-snippet:-1","max-image-preview":"max-image-preview:large","max-video-preview":"max-video-preview:-1"},"canonical":"https:\/\/visitdistrikt.rs\/en\/2022\/07\/22\/milena-jankovic-from-ecoc-recommends-events-that-should-not-be-missed\/","og_locale":"en_US","og_type":"article","og_title":"Milena Jankovi\u0107 from ECoC Recommends Events That Should Not Be Missed - Visit Distrikt Novi Sad","og_description":"The new programme arch, The Danube Sea, which will begin this weekend with the \u0160trand Pavilion at the most beautiful Novi Sad bathing area","og_url":"https:\/\/visitdistrikt.rs\/en\/2022\/07\/22\/milena-jankovic-from-ecoc-recommends-events-that-should-not-be-missed\/","og_site_name":"Visit Distrikt Novi Sad","article_published_time":"2022-07-22T14:37:55+00:00","og_image":[{"width":1164,"height":873,"url":"https:\/\/visitdistrikt.rs\/media\/2022\/07\/naslovna-e1658313285722.jpg","type":"image\/jpeg"}],"author":"Marina Mari\u0107","twitter_card":"summary_large_image","twitter_misc":{"Written by":"Marina Mari\u0107","Est. reading time":"5 minutes"},"schema":{"@context":"https:\/\/schema.org","@graph":[{"@type":"WebPage","@id":"https:\/\/visitdistrikt.rs\/en\/2022\/07\/22\/milena-jankovic-from-ecoc-recommends-events-that-should-not-be-missed\/","url":"https:\/\/visitdistrikt.rs\/en\/2022\/07\/22\/milena-jankovic-from-ecoc-recommends-events-that-should-not-be-missed\/","name":"Milena Jankovi\u0107 from ECoC Recommends Events That Should Not Be Missed - Visit Distrikt Novi Sad","isPartOf":{"@id":"https:\/\/visitdistrikt.rs\/#website"},"primaryImageOfPage":{"@id":"https:\/\/visitdistrikt.rs\/en\/2022\/07\/22\/milena-jankovic-from-ecoc-recommends-events-that-should-not-be-missed\/#primaryimage"},"image":{"@id":"https:\/\/visitdistrikt.rs\/en\/2022\/07\/22\/milena-jankovic-from-ecoc-recommends-events-that-should-not-be-missed\/#primaryimage"},"thumbnailUrl":"https:\/\/visitdistrikt.rs\/media\/2022\/07\/naslovna-e1658313285722.jpg","datePublished":"2022-07-22T14:37:55+00:00","dateModified":"2022-07-22T14:37:55+00:00","author":{"@id":"https:\/\/visitdistrikt.rs\/#\/schema\/person\/b61f641548853605bef6b1ae7ca8aaa9"},"description":"The new programme arch, The Danube Sea, which will begin this weekend with the \u0160trand Pavilion at the most beautiful Novi Sad bathing area","breadcrumb":{"@id":"https:\/\/visitdistrikt.rs\/en\/2022\/07\/22\/milena-jankovic-from-ecoc-recommends-events-that-should-not-be-missed\/#breadcrumb"},"inLanguage":"en-US","potentialAction":[{"@type":"ReadAction","target":["https:\/\/visitdistrikt.rs\/en\/2022\/07\/22\/milena-jankovic-from-ecoc-recommends-events-that-should-not-be-missed\/"]}]},{"@type":"ImageObject","inLanguage":"en-US","@id":"https:\/\/visitdistrikt.rs\/en\/2022\/07\/22\/milena-jankovic-from-ecoc-recommends-events-that-should-not-be-missed\/#primaryimage","url":"https:\/\/visitdistrikt.rs\/media\/2022\/07\/naslovna-e1658313285722.jpg","contentUrl":"https:\/\/visitdistrikt.rs\/media\/2022\/07\/naslovna-e1658313285722.jpg","width":1164,"height":873},{"@type":"BreadcrumbList","@id":"https:\/\/visitdistrikt.rs\/en\/2022\/07\/22\/milena-jankovic-from-ecoc-recommends-events-that-should-not-be-missed\/#breadcrumb","itemListElement":[{"@type":"ListItem","position":1,"name":"Home","item":"https:\/\/visitdistrikt.rs\/en\/"},{"@type":"ListItem","position":2,"name":"Milena Jankovi\u0107 from ECoC Recommends Events That Should Not Be Missed"}]},{"@type":"WebSite","@id":"https:\/\/visitdistrikt.rs\/#website","url":"https:\/\/visitdistrikt.rs\/","name":"Visit Distrikt Novi Sad","description":"Novi Sad","potentialAction":[{"@type":"SearchAction","target":{"@type":"EntryPoint","urlTemplate":"https:\/\/visitdistrikt.rs\/?s={search_term_string}"},"query-input":"required name=search_term_string"}],"inLanguage":"en-US"},{"@type":"Person","@id":"https:\/\/visitdistrikt.rs\/#\/schema\/person\/b61f641548853605bef6b1ae7ca8aaa9","name":"Marina Mari\u0107","image":{"@type":"ImageObject","inLanguage":"en-US","@id":"https:\/\/visitdistrikt.rs\/#\/schema\/person\/image\/","url":"https:\/\/secure.gravatar.com\/avatar\/aeec6fdfa57d2ba44680b29ea83001c6?s=96&d=mm&r=g","contentUrl":"https:\/\/secure.gravatar.com\/avatar\/aeec6fdfa57d2ba44680b29ea83001c6?s=96&d=mm&r=g","caption":"Marina Mari\u0107"},"sameAs":["https:\/\/visitdistrikt.rs"]}]}},"_links":{"self":[{"href":"https:\/\/visitdistrikt.rs\/en\/wp-json\/wp\/v2\/posts\/37477"}],"collection":[{"href":"https:\/\/visitdistrikt.rs\/en\/wp-json\/wp\/v2\/posts"}],"about":[{"href":"https:\/\/visitdistrikt.rs\/en\/wp-json\/wp\/v2\/types\/post"}],"author":[{"embeddable":true,"href":"https:\/\/visitdistrikt.rs\/en\/wp-json\/wp\/v2\/users\/9"}],"replies":[{"embeddable":true,"href":"https:\/\/visitdistrikt.rs\/en\/wp-json\/wp\/v2\/comments?post=37477"}],"version-history":[{"count":2,"href":"https:\/\/visitdistrikt.rs\/en\/wp-json\/wp\/v2\/posts\/37477\/revisions"}],"predecessor-version":[{"id":37479,"href":"https:\/\/visitdistrikt.rs\/en\/wp-json\/wp\/v2\/posts\/37477\/revisions\/37479"}],"wp:featuredmedia":[{"embeddable":true,"href":"https:\/\/visitdistrikt.rs\/en\/wp-json\/wp\/v2\/media\/37371"}],"wp:attachment":[{"href":"https:\/\/visitdistrikt.rs\/en\/wp-json\/wp\/v2\/media?parent=37477"}],"wp:term":[{"taxonomy":"category","embeddable":true,"href":"https:\/\/visitdistrikt.rs\/en\/wp-json\/wp\/v2\/categories?post=37477"},{"taxonomy":"post_tag","embeddable":true,"href":"https:\/\/visitdistrikt.rs\/en\/wp-json\/wp\/v2\/tags?post=37477"}],"curies":[{"name":"wp","href":"https:\/\/api.w.org\/{rel}","templated":true}]}}