{"id":39344,"date":"2022-09-07T10:24:33","date_gmt":"2022-09-07T08:24:33","guid":{"rendered":"https:\/\/visitdistrikt.rs\/?p=39344"},"modified":"2022-09-07T11:35:57","modified_gmt":"2022-09-07T09:35:57","slug":"architectural-legacies-of-novi-sad","status":"publish","type":"post","link":"https:\/\/visitdistrikt.rs\/en\/2022\/09\/07\/architectural-legacies-of-novi-sad\/","title":{"rendered":"Architectural Legacies of Novi Sad"},"content":{"rendered":"<p>The fifth <strong><a href=\"https:\/\/kaleidoskopkulture.com\/en\/\">Kaleidoscope of Culture<\/a><\/strong>, the winner of the European Trend Brand award in the field of culture, began with a spectacular four-day opening programme in the <strong>District<\/strong>, as the largest artistic gathering in this part of Europe. In the next <strong>five weeks<\/strong>, Novi Sad will promote the <strong>culture of togetherness<\/strong> through the intertwining of<strong> five types of art<\/strong>, bringing together the local and European art scenes. In this way, we will turn the European Capital of Culture into a unique <strong>kaleidoscope city<\/strong> that will bring together almost <strong>1,000<\/strong> international, European, and local artis<\/p>\n<p>We are dedicating the first week to <strong>architecture<\/strong>, and we invite you, again, to visit the <strong>District<\/strong>, a new centre of culture and artistic creativity, which has been renewed thanks to the title of <em>European Capital of Culture<\/em>. Right here, from<strong> 6 to 8 September<\/strong>, the <a href=\"https:\/\/kalendar.novisad2022.rs\/en\/events\/architectural-legacies\/\">Architectural Legacies<\/a> conference awaits you. This conference will be an opportunity to present the methodology used by the Novi Sad \u2013 European Capital of Culture <em>Foundation<\/em> during the conversion of old spaces, in order to achieve long-term benefits and increase the quality of life of all Novi Sad residents. In addition, we will have the opportunity to hear the experiences of guests from the country and abroad, and eminent experts in the field of architecture, who have worked and are working on similar projects, all in one place.<\/p>\n<figure id=\"attachment_38928\" aria-describedby=\"caption-attachment-38928\" style=\"width: 800px\" class=\"wp-caption aligncenter\"><img fetchpriority=\"high\" decoding=\"async\" class=\"wp-image-38928 size-full\" src=\"https:\/\/visitdistrikt.rs\/media\/2022\/08\/Kreativni-distrikt-11-2.jpg\" alt=\"\" width=\"800\" height=\"599\" srcset=\"https:\/\/visitdistrikt.rs\/media\/2022\/08\/Kreativni-distrikt-11-2.jpg 800w, https:\/\/visitdistrikt.rs\/media\/2022\/08\/Kreativni-distrikt-11-2-300x225.jpg 300w, https:\/\/visitdistrikt.rs\/media\/2022\/08\/Kreativni-distrikt-11-2-768x575.jpg 768w\" sizes=\"(max-width: 800px) 100vw, 800px\" \/><figcaption id=\"caption-attachment-38928\" class=\"wp-caption-text\">Distrikt na Limanu<\/figcaption><\/figure>\n<p>The programme of the <strong><a href=\"https:\/\/kalendar.novisad2022.rs\/en\/events\/architectural-legacies\/\">Architectural Legacies<\/a><\/strong> conference will include<strong> four days of panel discussions<\/strong> and project presentations. Already on the first day, we are expecting an Introductory Panel during which the CEO of the Novi Sad \u2013 <em>European Capital of Culture<\/em> Foundation,<strong> Nemanja Milenkovi\u0107<\/strong>, will address the audience and on this occasion present the architectural projects in which the Foundation was involved, as well as the ZORA (from the Serbian acronym) methodology itself that stands for protection, restoration, development and authenticity. In addition to protection, restoration, development and authenticity, there are new practices in the field of architecture, which could be applied even after the title year.<\/p>\n<h2>Five Cultural Centres in Novi Sad<\/h2>\n<p>During the four days, we will cover the topic of the five centres of culture in Novi Sad, the heritage formed over the past four centuries. As part of the <em>European Capital of Culture<\/em>, the centres dating from the 17th century \u2013 the <strong>Suburbium of the Petrovaradin Fortress<\/strong>, and the 18th century \u2013 <strong>Alma\u0161 Neighbourhood<\/strong>, the oldest part of the city, which is protected as a historical and ambience space, were restored. Then, from the 19th century \u2013 <strong>the city centre itself and Theatre Square<\/strong> where the home to the oldest Serbian theatre lies, as another centre, and from the 20th century \u2013 the <strong>District<\/strong> that inherits a century-old industrial heritage, now transformed into a centre of contemporary creativity. Finally, the 21st century in Novi Sad is marked by a <strong>network of cultural stations<\/strong>, as a new centre of culture and a new cultural model in this part of Europe.<\/p>\n<figure id=\"attachment_39290\" aria-describedby=\"caption-attachment-39290\" style=\"width: 800px\" class=\"wp-caption aligncenter\"><img decoding=\"async\" class=\"size-full wp-image-39290\" src=\"https:\/\/visitdistrikt.rs\/media\/2022\/09\/EPK-Visitns-Petrovaradin-foto-Jelena-Ivanovic-12-1.jpg\" alt=\"\" width=\"800\" height=\"533\" srcset=\"https:\/\/visitdistrikt.rs\/media\/2022\/09\/EPK-Visitns-Petrovaradin-foto-Jelena-Ivanovic-12-1.jpg 800w, https:\/\/visitdistrikt.rs\/media\/2022\/09\/EPK-Visitns-Petrovaradin-foto-Jelena-Ivanovic-12-1-300x200.jpg 300w, https:\/\/visitdistrikt.rs\/media\/2022\/09\/EPK-Visitns-Petrovaradin-foto-Jelena-Ivanovic-12-1-768x512.jpg 768w\" sizes=\"(max-width: 800px) 100vw, 800px\" \/><figcaption id=\"caption-attachment-39290\" class=\"wp-caption-text\">Podgra\u0111e Petrovaradinske tvr\u0111ave<\/figcaption><\/figure>\n<p>One of the experts who is coming to Novi Sad on this occasion and will address the Novi Sad audience in the <em>District<\/em> is <strong>Jordi Pardo<\/strong>, manager of cultural projects from Barcelona and independent expert of the European Commission for the selection of European Capitals of Culture, who believes that the title of European Capital of Culture is an excellent opportunity for improvement, and the development of culture in the urban city project, ensuring a better positioning in Europe and stronger relations with other European cities.<\/p>\n<blockquote><p>\u2018I think the Novi Sad European Capital of Culture Foundation has done a good job, following the elements and strategic actions initially planned in the book, in which from the same general concept and idea of \u201crebuilding bridges\u201d, to the recovery and revitalization of its industrial heritage as spaces for culture and creativity, in a strategy to improve public space as an important improvement for the city project and an indisputable legacy. Of course, much work remains to be done, given the great potential of Novi Sad&#8217;s heritage and culture, and in relation to its position on the Danube. But the path that has begun is very positive and should deserve institutional consensus and support and private collaboration to continue forward. I will underline [\u2026] the reconstruction of the Silk Factory, into the Svilara Cultural Station, the preservation of the Alma\u0161 Neighbourhood, and the Suburbium of the Petrovaradin Fortress and other heritage and old industrial elements transformed into better neighbourhoods and better cultural and creative hubs and spaces.\u2019<\/p><\/blockquote>\n<p><img decoding=\"async\" class=\"aligncenter size-full wp-image-39292\" src=\"https:\/\/visitdistrikt.rs\/media\/2022\/09\/KS-Svilara-foto-Jelena-Ivanovic-78.jpg\" alt=\"\" width=\"800\" height=\"533\" srcset=\"https:\/\/visitdistrikt.rs\/media\/2022\/09\/KS-Svilara-foto-Jelena-Ivanovic-78.jpg 800w, https:\/\/visitdistrikt.rs\/media\/2022\/09\/KS-Svilara-foto-Jelena-Ivanovic-78-300x200.jpg 300w, https:\/\/visitdistrikt.rs\/media\/2022\/09\/KS-Svilara-foto-Jelena-Ivanovic-78-768x512.jpg 768w\" sizes=\"(max-width: 800px) 100vw, 800px\" \/><\/p>\n<p>Representative of<em> La Friche la Belle de Mai<\/em> from Marseille, who worked on the adaptation of a similar space to District in France, <strong>Eva Riccio<\/strong> also believes that the adaptation of the industrial heritage is of great importance for cities like Novi Sad and that we need to think strategically about the future of architecture that we want to leave to future generations. She has extensive experience in this field since she participated in the implementation of the renovation and reconstruction of the industrial district of Marseille in the early nineties. As part of the Architectural Legacies conference, we will have the opportunity to hear her experiences and observations, and we encourage you to attend this event in the District.<\/p>\n<blockquote><p>\u2018Vacant buildings, plots and unused spaces are more and more used as temporary sites for co-creative experimentation. Often, these initiatives are key to building shared public value. In many cases, they are well positioned to become permanent fixtures of the local landscape, acting as prototypes of the future,\u2019 explained this participant of the conference, who\u2019s coming to Novi Sad for the first time, to share her experiences.<\/p><\/blockquote>\n<p>At the conference, through six, panel discussions, alongside Pardo and Riccio, more than 10 European and local experts from various areas of restoration, protection and development of architectural cultural heritage will participate, such as the architect and representative of Rijeka as the European Capital of Culture for 2020,<strong> Idis Turato<\/strong>, representative of the Faro Convention Networks, <strong>\u00c1ngel Portol\u00e9s, PhD<\/strong>, director of the Institute for the Protection of Cultural Monuments, <strong>Sini\u0161a Joki\u0107<\/strong>, professor at the Department of Architecture at the Faculty of Technical Sciences, <strong>Dragana Konstantinovi\u0107<\/strong>, head of the Historical Archives of the City of Novi Sad, <strong>Petar \u0110ur\u0111ev<\/strong>, and president of the \u2018Alma\u0161ani\u2019 Society, <strong>Marijan Majin<\/strong>, and renowned artist and artistic director of the City Concert Hall, <strong>Stefan Milenkovi\u0107<\/strong>, amo<\/p>\n<p>Partners of the Kaleidoscope of Culture are<strong><a href=\"https:\/\/www.erstebank.rs\/en\/private-clients\"> Erste Bank<\/a><\/strong>, <strong>IDEA<\/strong>, <strong><a href=\"https:\/\/www.ddor.rs\/en\/\">DDOR<\/a><\/strong>,<strong><a href=\"https:\/\/a1.rs\/privatni\"> A1 Srbija<\/a><\/strong>, and<strong><a href=\"http:\/\/www.heinekensrbija.rs\/home.759.html\"> Heineken Srbija<\/a><\/strong>.<\/p>\n<p><strong>Photo<\/strong>: Vladimir Veli\u010dkovi\u0107, Jelena Ivanovi\u0107, Filip Petronijevi\u0107<\/p>\n","protected":false},"excerpt":{"rendered":"<p>The fifth Kaleidoscope of Culture, the winner of the European Trend Brand award in the field of culture, began with a spectacular four-day opening programme in the District, as the largest artistic gathering in this part of Europe. In the next five weeks, Novi Sad will promote the culture of togetherness through the intertwining of [&hellip;]<\/p>\n","protected":false},"author":13,"featured_media":39298,"comment_status":"closed","ping_status":"closed","sticky":false,"template":"","format":"standard","meta":{"footnotes":"","_links_to":"","_links_to_target":""},"categories":[297,298,302,1013,301,278],"tags":[],"yoast_head":"<!-- This site is optimized with the Yoast SEO plugin v22.4 - https:\/\/yoast.com\/wordpress\/plugins\/seo\/ -->\n<title>Architectural Legacies of Novi Sad - Visit Distrikt Novi Sad<\/title>\n<meta name=\"description\" content=\"We dedicate the first week of the Kaleidoscope of Culture to architecture, and invite you to the Legacies of Architecture conference in the District\" \/>\n<meta name=\"robots\" content=\"index, follow, max-snippet:-1, max-image-preview:large, max-video-preview:-1\" \/>\n<link rel=\"canonical\" href=\"https:\/\/visitdistrikt.rs\/en\/2022\/09\/07\/architectural-legacies-of-novi-sad\/\" \/>\n<meta property=\"og:locale\" content=\"en_US\" \/>\n<meta property=\"og:type\" content=\"article\" \/>\n<meta property=\"og:title\" content=\"Architectural Legacies of Novi Sad - Visit Distrikt Novi Sad\" \/>\n<meta property=\"og:description\" content=\"We dedicate the first week of the Kaleidoscope of Culture to architecture, and invite you to the Legacies of Architecture conference in the District\" \/>\n<meta property=\"og:url\" content=\"https:\/\/visitdistrikt.rs\/en\/2022\/09\/07\/architectural-legacies-of-novi-sad\/\" \/>\n<meta property=\"og:site_name\" content=\"Visit Distrikt Novi Sad\" \/>\n<meta property=\"article:published_time\" content=\"2022-09-07T08:24:33+00:00\" \/>\n<meta property=\"article:modified_time\" content=\"2022-09-07T09:35:57+00:00\" \/>\n<meta property=\"og:image\" content=\"https:\/\/visitdistrikt.rs\/media\/2022\/09\/Kreativni-distrikt-37-1-e1662378280895.jpg\" \/>\n\t<meta property=\"og:image:width\" content=\"1920\" \/>\n\t<meta property=\"og:image:height\" content=\"1438\" \/>\n\t<meta property=\"og:image:type\" content=\"image\/jpeg\" \/>\n<meta name=\"author\" content=\"Andjela\" \/>\n<meta name=\"twitter:card\" content=\"summary_large_image\" \/>\n<meta name=\"twitter:label1\" content=\"Written by\" \/>\n\t<meta name=\"twitter:data1\" content=\"Andjela\" \/>\n\t<meta name=\"twitter:label2\" content=\"Est. reading time\" \/>\n\t<meta name=\"twitter:data2\" content=\"5 minutes\" \/>\n<script type=\"application\/ld+json\" class=\"yoast-schema-graph\">{\"@context\":\"https:\/\/schema.org\",\"@graph\":[{\"@type\":\"WebPage\",\"@id\":\"https:\/\/visitdistrikt.rs\/en\/2022\/09\/07\/architectural-legacies-of-novi-sad\/\",\"url\":\"https:\/\/visitdistrikt.rs\/en\/2022\/09\/07\/architectural-legacies-of-novi-sad\/\",\"name\":\"Architectural Legacies of Novi Sad - Visit Distrikt Novi Sad\",\"isPartOf\":{\"@id\":\"https:\/\/visitdistrikt.rs\/#website\"},\"primaryImageOfPage\":{\"@id\":\"https:\/\/visitdistrikt.rs\/en\/2022\/09\/07\/architectural-legacies-of-novi-sad\/#primaryimage\"},\"image\":{\"@id\":\"https:\/\/visitdistrikt.rs\/en\/2022\/09\/07\/architectural-legacies-of-novi-sad\/#primaryimage\"},\"thumbnailUrl\":\"https:\/\/visitdistrikt.rs\/media\/2022\/09\/Kreativni-distrikt-37-1-e1662378280895.jpg\",\"datePublished\":\"2022-09-07T08:24:33+00:00\",\"dateModified\":\"2022-09-07T09:35:57+00:00\",\"author\":{\"@id\":\"https:\/\/visitdistrikt.rs\/#\/schema\/person\/1d409dd2a9c7858729ec7a42dcf267e6\"},\"description\":\"We dedicate the first week of the Kaleidoscope of Culture to architecture, and invite you to the Legacies of Architecture conference in the District\",\"breadcrumb\":{\"@id\":\"https:\/\/visitdistrikt.rs\/en\/2022\/09\/07\/architectural-legacies-of-novi-sad\/#breadcrumb\"},\"inLanguage\":\"en-US\",\"potentialAction\":[{\"@type\":\"ReadAction\",\"target\":[\"https:\/\/visitdistrikt.rs\/en\/2022\/09\/07\/architectural-legacies-of-novi-sad\/\"]}]},{\"@type\":\"ImageObject\",\"inLanguage\":\"en-US\",\"@id\":\"https:\/\/visitdistrikt.rs\/en\/2022\/09\/07\/architectural-legacies-of-novi-sad\/#primaryimage\",\"url\":\"https:\/\/visitdistrikt.rs\/media\/2022\/09\/Kreativni-distrikt-37-1-e1662378280895.jpg\",\"contentUrl\":\"https:\/\/visitdistrikt.rs\/media\/2022\/09\/Kreativni-distrikt-37-1-e1662378280895.jpg\",\"width\":1920,\"height\":1438},{\"@type\":\"BreadcrumbList\",\"@id\":\"https:\/\/visitdistrikt.rs\/en\/2022\/09\/07\/architectural-legacies-of-novi-sad\/#breadcrumb\",\"itemListElement\":[{\"@type\":\"ListItem\",\"position\":1,\"name\":\"Home\",\"item\":\"https:\/\/visitdistrikt.rs\/en\/\"},{\"@type\":\"ListItem\",\"position\":2,\"name\":\"Architectural Legacies of Novi Sad\"}]},{\"@type\":\"WebSite\",\"@id\":\"https:\/\/visitdistrikt.rs\/#website\",\"url\":\"https:\/\/visitdistrikt.rs\/\",\"name\":\"Visit Distrikt Novi Sad\",\"description\":\"Novi Sad\",\"potentialAction\":[{\"@type\":\"SearchAction\",\"target\":{\"@type\":\"EntryPoint\",\"urlTemplate\":\"https:\/\/visitdistrikt.rs\/?s={search_term_string}\"},\"query-input\":\"required name=search_term_string\"}],\"inLanguage\":\"en-US\"},{\"@type\":\"Person\",\"@id\":\"https:\/\/visitdistrikt.rs\/#\/schema\/person\/1d409dd2a9c7858729ec7a42dcf267e6\",\"name\":\"Andjela\",\"image\":{\"@type\":\"ImageObject\",\"inLanguage\":\"en-US\",\"@id\":\"https:\/\/visitdistrikt.rs\/#\/schema\/person\/image\/\",\"url\":\"https:\/\/secure.gravatar.com\/avatar\/9c97624b5cc2432e05342df03b977bac?s=96&d=mm&r=g\",\"contentUrl\":\"https:\/\/secure.gravatar.com\/avatar\/9c97624b5cc2432e05342df03b977bac?s=96&d=mm&r=g\",\"caption\":\"Andjela\"}}]}<\/script>\n<!-- \/ Yoast SEO plugin. -->","yoast_head_json":{"title":"Architectural Legacies of Novi Sad - Visit Distrikt Novi Sad","description":"We dedicate the first week of the Kaleidoscope of Culture to architecture, and invite you to the Legacies of Architecture conference in the District","robots":{"index":"index","follow":"follow","max-snippet":"max-snippet:-1","max-image-preview":"max-image-preview:large","max-video-preview":"max-video-preview:-1"},"canonical":"https:\/\/visitdistrikt.rs\/en\/2022\/09\/07\/architectural-legacies-of-novi-sad\/","og_locale":"en_US","og_type":"article","og_title":"Architectural Legacies of Novi Sad - Visit Distrikt Novi Sad","og_description":"We dedicate the first week of the Kaleidoscope of Culture to architecture, and invite you to the Legacies of Architecture conference in the District","og_url":"https:\/\/visitdistrikt.rs\/en\/2022\/09\/07\/architectural-legacies-of-novi-sad\/","og_site_name":"Visit Distrikt Novi Sad","article_published_time":"2022-09-07T08:24:33+00:00","article_modified_time":"2022-09-07T09:35:57+00:00","og_image":[{"width":1920,"height":1438,"url":"https:\/\/visitdistrikt.rs\/media\/2022\/09\/Kreativni-distrikt-37-1-e1662378280895.jpg","type":"image\/jpeg"}],"author":"Andjela","twitter_card":"summary_large_image","twitter_misc":{"Written by":"Andjela","Est. reading time":"5 minutes"},"schema":{"@context":"https:\/\/schema.org","@graph":[{"@type":"WebPage","@id":"https:\/\/visitdistrikt.rs\/en\/2022\/09\/07\/architectural-legacies-of-novi-sad\/","url":"https:\/\/visitdistrikt.rs\/en\/2022\/09\/07\/architectural-legacies-of-novi-sad\/","name":"Architectural Legacies of Novi Sad - Visit Distrikt Novi Sad","isPartOf":{"@id":"https:\/\/visitdistrikt.rs\/#website"},"primaryImageOfPage":{"@id":"https:\/\/visitdistrikt.rs\/en\/2022\/09\/07\/architectural-legacies-of-novi-sad\/#primaryimage"},"image":{"@id":"https:\/\/visitdistrikt.rs\/en\/2022\/09\/07\/architectural-legacies-of-novi-sad\/#primaryimage"},"thumbnailUrl":"https:\/\/visitdistrikt.rs\/media\/2022\/09\/Kreativni-distrikt-37-1-e1662378280895.jpg","datePublished":"2022-09-07T08:24:33+00:00","dateModified":"2022-09-07T09:35:57+00:00","author":{"@id":"https:\/\/visitdistrikt.rs\/#\/schema\/person\/1d409dd2a9c7858729ec7a42dcf267e6"},"description":"We dedicate the first week of the Kaleidoscope of Culture to architecture, and invite you to the Legacies of Architecture conference in the District","breadcrumb":{"@id":"https:\/\/visitdistrikt.rs\/en\/2022\/09\/07\/architectural-legacies-of-novi-sad\/#breadcrumb"},"inLanguage":"en-US","potentialAction":[{"@type":"ReadAction","target":["https:\/\/visitdistrikt.rs\/en\/2022\/09\/07\/architectural-legacies-of-novi-sad\/"]}]},{"@type":"ImageObject","inLanguage":"en-US","@id":"https:\/\/visitdistrikt.rs\/en\/2022\/09\/07\/architectural-legacies-of-novi-sad\/#primaryimage","url":"https:\/\/visitdistrikt.rs\/media\/2022\/09\/Kreativni-distrikt-37-1-e1662378280895.jpg","contentUrl":"https:\/\/visitdistrikt.rs\/media\/2022\/09\/Kreativni-distrikt-37-1-e1662378280895.jpg","width":1920,"height":1438},{"@type":"BreadcrumbList","@id":"https:\/\/visitdistrikt.rs\/en\/2022\/09\/07\/architectural-legacies-of-novi-sad\/#breadcrumb","itemListElement":[{"@type":"ListItem","position":1,"name":"Home","item":"https:\/\/visitdistrikt.rs\/en\/"},{"@type":"ListItem","position":2,"name":"Architectural Legacies of Novi Sad"}]},{"@type":"WebSite","@id":"https:\/\/visitdistrikt.rs\/#website","url":"https:\/\/visitdistrikt.rs\/","name":"Visit Distrikt Novi Sad","description":"Novi Sad","potentialAction":[{"@type":"SearchAction","target":{"@type":"EntryPoint","urlTemplate":"https:\/\/visitdistrikt.rs\/?s={search_term_string}"},"query-input":"required name=search_term_string"}],"inLanguage":"en-US"},{"@type":"Person","@id":"https:\/\/visitdistrikt.rs\/#\/schema\/person\/1d409dd2a9c7858729ec7a42dcf267e6","name":"Andjela","image":{"@type":"ImageObject","inLanguage":"en-US","@id":"https:\/\/visitdistrikt.rs\/#\/schema\/person\/image\/","url":"https:\/\/secure.gravatar.com\/avatar\/9c97624b5cc2432e05342df03b977bac?s=96&d=mm&r=g","contentUrl":"https:\/\/secure.gravatar.com\/avatar\/9c97624b5cc2432e05342df03b977bac?s=96&d=mm&r=g","caption":"Andjela"}}]}},"_links":{"self":[{"href":"https:\/\/visitdistrikt.rs\/en\/wp-json\/wp\/v2\/posts\/39344"}],"collection":[{"href":"https:\/\/visitdistrikt.rs\/en\/wp-json\/wp\/v2\/posts"}],"about":[{"href":"https:\/\/visitdistrikt.rs\/en\/wp-json\/wp\/v2\/types\/post"}],"author":[{"embeddable":true,"href":"https:\/\/visitdistrikt.rs\/en\/wp-json\/wp\/v2\/users\/13"}],"replies":[{"embeddable":true,"href":"https:\/\/visitdistrikt.rs\/en\/wp-json\/wp\/v2\/comments?post=39344"}],"version-history":[{"count":3,"href":"https:\/\/visitdistrikt.rs\/en\/wp-json\/wp\/v2\/posts\/39344\/revisions"}],"predecessor-version":[{"id":39349,"href":"https:\/\/visitdistrikt.rs\/en\/wp-json\/wp\/v2\/posts\/39344\/revisions\/39349"}],"wp:featuredmedia":[{"embeddable":true,"href":"https:\/\/visitdistrikt.rs\/en\/wp-json\/wp\/v2\/media\/39298"}],"wp:attachment":[{"href":"https:\/\/visitdistrikt.rs\/en\/wp-json\/wp\/v2\/media?parent=39344"}],"wp:term":[{"taxonomy":"category","embeddable":true,"href":"https:\/\/visitdistrikt.rs\/en\/wp-json\/wp\/v2\/categories?post=39344"},{"taxonomy":"post_tag","embeddable":true,"href":"https:\/\/visitdistrikt.rs\/en\/wp-json\/wp\/v2\/tags?post=39344"}],"curies":[{"name":"wp","href":"https:\/\/api.w.org\/{rel}","templated":true}]}}