{"id":39655,"date":"2022-09-14T14:12:36","date_gmt":"2022-09-14T12:12:36","guid":{"rendered":"https:\/\/visitdistrikt.rs\/?p=39655"},"modified":"2022-09-15T11:13:41","modified_gmt":"2022-09-15T09:13:41","slug":"who-reads-books-to-children-in-the-booktown","status":"publish","type":"post","link":"https:\/\/visitdistrikt.rs\/en\/2022\/09\/14\/who-reads-books-to-children-in-the-booktown\/","title":{"rendered":"Who reads books to children in the Booktown at SPENS?"},"content":{"rendered":"<p>The <strong><a href=\"https:\/\/kaleidoskopkulture.com\/en\/\">Kaleidoscope of Culture<\/a> <\/strong>in Novi Sad brings another weekend rich in events for all ages, while this time, we are going to talk about a unique book town.<strong> On 17 and 18 September,\u00a0 Booktown at the\u00a0 SPENS <\/strong>brings the most famous figures of literature, as well as theatre plays, children\u2019s operas and staged readings, musical performances, literature discussions and a book fair, which make the event unique in our country and wider.<\/p>\n<p>The concept of a staged reading, which attracted both children and adults, and what we can confirm from personal experience of the first Vrdnik Festival \u2018Vila\u2019, when we had a chance to hear the celebrated regional actresses and a famous TV host, <strong>Anica Dobra<\/strong>, <strong>Nata\u0161a Tapu\u0161kovi\u0107<\/strong> and <strong>Nata\u0161a Miljkovi\u0107<\/strong>, in a completely unusual atmosphere and in a different light. Following the example, during the <strong>Booktown at the <\/strong><b>SPENS-u<\/b> event, which takes place in the SPENS, we will have a chance to enjoy the undiscovered works of <strong><a href=\"https:\/\/kalendar.novisad2022.rs\/en\/events\/vojislav-voja-brajovic-reads-childrens-poetry-to-children-booktown\/\">Voja Brajovi\u0107<\/a><\/strong> and <strong><a href=\"https:\/\/kalendar.novisad2022.rs\/en\/events\/zijah-sokolovic-reads-fairy-tales-to-children-booktown\/\">Zijah Sokolovi\u0107<\/a><\/strong>, who will read fairy tales to the youngest and most demanding audience, on a stage for children\u2019s programme of the SPENS-u in<\/p>\n<p><img fetchpriority=\"high\" decoding=\"async\" class=\"size-full wp-image-39677 aligncenter\" src=\"https:\/\/visitdistrikt.rs\/media\/2022\/09\/Spens-V.Velickovic.018-1.jpg\" alt=\"\" width=\"800\" height=\"533\" srcset=\"https:\/\/visitdistrikt.rs\/media\/2022\/09\/Spens-V.Velickovic.018-1.jpg 800w, https:\/\/visitdistrikt.rs\/media\/2022\/09\/Spens-V.Velickovic.018-1-300x200.jpg 300w, https:\/\/visitdistrikt.rs\/media\/2022\/09\/Spens-V.Velickovic.018-1-768x512.jpg 768w\" sizes=\"(max-width: 800px) 100vw, 800px\" \/><\/p>\n<p>On Saturday <strong>17 September from 5 p.m., legendary Tihi from the TV series \u2018Otpisani\u2019<\/strong> (Eng. The Written Offs) is going to read poetic works of <strong>Mika Anti\u0107<\/strong>, <strong>Jovan Jovanovi\u0107 Zmaj<\/strong>,<strong> Du\u0161ko Radovi\u0107<\/strong>, <strong>Brana Crn\u010devi\u0107<\/strong> and other poets who often spoke about topics for adults through children\u2019s verses. Within a one-hour event, <strong>Vojislav Voja Brajovi\u0107<\/strong>, the doyen of theatre in Serbia, will surely thrill children and their parents. The programme is adapted for children aged 3-12 years.<\/p>\n<p><img decoding=\"async\" class=\"size-full wp-image-39360 aligncenter\" src=\"https:\/\/visitdistrikt.rs\/media\/2022\/09\/foto-Nebojsa-Babic.jpg\" alt=\"\" width=\"800\" height=\"534\" srcset=\"https:\/\/visitdistrikt.rs\/media\/2022\/09\/foto-Nebojsa-Babic.jpg 800w, https:\/\/visitdistrikt.rs\/media\/2022\/09\/foto-Nebojsa-Babic-300x200.jpg 300w, https:\/\/visitdistrikt.rs\/media\/2022\/09\/foto-Nebojsa-Babic-768x513.jpg 768w\" sizes=\"(max-width: 800px) 100vw, 800px\" \/><\/p>\n<p>On the second day of the<strong> SPENS<\/strong>\u00a0event, on Sunday, <strong>18 September, at 6 p.m.<\/strong>, one of the favourite regional actors, <strong>Zijah Sokolovi\u0107<\/strong>, will read fairy tales by the famous author <strong>Selma Parisi<\/strong> to children. With a career spanning over fifty years, Sokolovi\u0107 marked the Yugoslav theatrical life and cinematography and that was the reason for selecting the works of one of the multi-talented Croatian artists who herself works in the field of theatre studies, drama-based pedagogy, drama and literature texts and screenplays for all ages.<\/p>\n<p><img decoding=\"async\" class=\"size-full wp-image-39378 aligncenter\" src=\"https:\/\/visitdistrikt.rs\/media\/2022\/09\/zijah-sokolovic-1.jpg\" alt=\"\" width=\"427\" height=\"640\" srcset=\"https:\/\/visitdistrikt.rs\/media\/2022\/09\/zijah-sokolovic-1.jpg 427w, https:\/\/visitdistrikt.rs\/media\/2022\/09\/zijah-sokolovic-1-200x300.jpg 200w\" sizes=\"(max-width: 427px) 100vw, 427px\" \/><\/p>\n<p>Selma\u2019s fairy tales have been awarded multiple times, while<strong> Zijah<\/strong> will read the four selected fairy tales \u2013 <em>An Imaginary Violin<\/em>, <em>A Lonely Guitar<\/em> (included in the Croatian language class as part of the \u2018\u0160kola na Tre\u0107em\u2019 on the Croatian Radiotelevision channel), <em>A Girl Who Hugged Clouds<\/em> and <em>The Last Tree<\/em>, a fairy tale that was included in the anthology of original contemporary fairy tale at the international festival \u2018BAJKA 2021\u2019 in North Macedonia last year.<\/p>\n<p>Although they\u2019ve starred in uncountable films and plays, we haven\u2019t seen them in a role such as this one in the Suburbium. Furthermore, <strong>Leontina and the choir \u2018\u010carolija<\/strong>\u2019, and the well-known children\u2019s opera of the \u2018<em>Visoko C<\/em>\u2019 Association will also keep the children entertained.<\/p>\n<p>For elderly literature fans, the Suburbium will be the epicentre of events since we will have a chance to hear <strong>Vedrana Rudan<\/strong>, <strong>Vladimir Pi\u0161talo<\/strong>, <strong>Slavimir Stojanovi\u0107 Futro<\/strong>, and the famous humourists from Montenegro \u2018<strong>The Books of Knjige<\/strong>\u2019, while we will also have a chance to hear about the life and work of the famous Novi Sad author L\u00e1szl\u00f3 V\u00e9gel, whose book \u2018<em>Neoplanta or the Promised Land<\/em>\u2019 is translated into German, and will be promoted during the discussion between V\u00e9gel and Vladislava Gordi\u0107 Petkovi\u0107.<\/p>\n<figure id=\"attachment_39438\" aria-describedby=\"caption-attachment-39438\" style=\"width: 800px\" class=\"wp-caption aligncenter\"><img loading=\"lazy\" decoding=\"async\" class=\"size-full wp-image-39438\" src=\"https:\/\/visitdistrikt.rs\/media\/2022\/09\/V.VelickovicSeptember18.008.jpg\" alt=\"\" width=\"800\" height=\"533\" srcset=\"https:\/\/visitdistrikt.rs\/media\/2022\/09\/V.VelickovicSeptember18.008.jpg 800w, https:\/\/visitdistrikt.rs\/media\/2022\/09\/V.VelickovicSeptember18.008-300x200.jpg 300w, https:\/\/visitdistrikt.rs\/media\/2022\/09\/V.VelickovicSeptember18.008-768x512.jpg 768w\" sizes=\"(max-width: 800px) 100vw, 800px\" \/><figcaption id=\"caption-attachment-39438\" class=\"wp-caption-text\">Kaleidoskop kulture 2021<\/figcaption><\/figure>\n<p>Furthermore, we can expect the farewell concert by <strong>Zoran Predin and the band La\u010dni Franz<\/strong>, the play \u2018<em>\u0160to na podu spava\u0161<\/em>\u2019, based on <strong>Darko Cvijeti\u0107<\/strong>\u2019s novel of the same name, and other programmes.<\/p>\n<p>Partners of the Kaleidoscope of Culture 2022 are <a href=\"https:\/\/www.erstebank.rs\/en\/private-clients\">Erste Bank<\/a>, <strong>IDEA<\/strong>, <a href=\"https:\/\/www.ddor.rs\/en\/\">DDOR<\/a>, <a href=\"https:\/\/a1.rs\/privatni\">A1 Srbija<\/a> and <a href=\"http:\/\/www.heinekensrbija.rs\/home.759.html\">Heineken Srbija<\/a>.<\/p>\n<p><strong>Author<\/strong>: Leona Pap<\/p>\n<p><strong>Photo<\/strong>: Jelena Ivanovi\u0107, Promo\/ECoC<\/p>\n","protected":false},"excerpt":{"rendered":"<p>The Kaleidoscope of Culture in Novi Sad brings another weekend rich in events for all ages, while this time, we are going to talk about a unique book town. On 17 and 18 September,\u00a0 Booktown at the\u00a0 SPENS brings the most famous figures of literature, as well as theatre plays, children\u2019s operas and staged readings, [&hellip;]<\/p>\n","protected":false},"author":13,"featured_media":39674,"comment_status":"closed","ping_status":"closed","sticky":false,"template":"","format":"standard","meta":{"footnotes":"","_links_to":"","_links_to_target":""},"categories":[1013,278],"tags":[1336,1337,1338],"yoast_head":"<!-- This site is optimized with the Yoast SEO plugin v22.4 - https:\/\/yoast.com\/wordpress\/plugins\/seo\/ -->\n<title>Who reads books to children in the Booktown at SPENS? - Visit Distrikt Novi Sad<\/title>\n<meta name=\"description\" content=\"The Kaleidoscope of Culture in Novi Sad brings another weekend rich in events for all ages in a unique Book town\" \/>\n<meta name=\"robots\" content=\"index, follow, max-snippet:-1, max-image-preview:large, max-video-preview:-1\" \/>\n<link rel=\"canonical\" href=\"https:\/\/visitdistrikt.rs\/en\/2022\/09\/14\/who-reads-books-to-children-in-the-booktown\/\" \/>\n<meta property=\"og:locale\" content=\"en_US\" \/>\n<meta property=\"og:type\" content=\"article\" \/>\n<meta property=\"og:title\" content=\"Who reads books to children in the Booktown at SPENS? - Visit Distrikt Novi Sad\" \/>\n<meta property=\"og:description\" content=\"The Kaleidoscope of Culture in Novi Sad brings another weekend rich in events for all ages in a unique Book town\" \/>\n<meta property=\"og:url\" content=\"https:\/\/visitdistrikt.rs\/en\/2022\/09\/14\/who-reads-books-to-children-in-the-booktown\/\" \/>\n<meta property=\"og:site_name\" content=\"Visit Distrikt Novi Sad\" \/>\n<meta property=\"article:published_time\" content=\"2022-09-14T12:12:36+00:00\" \/>\n<meta property=\"article:modified_time\" content=\"2022-09-15T09:13:41+00:00\" \/>\n<meta property=\"og:image\" content=\"https:\/\/visitdistrikt.rs\/media\/2022\/09\/Spens-V.Velickovic.012-2-1-e1663154420355.jpg\" \/>\n\t<meta property=\"og:image:width\" content=\"1920\" \/>\n\t<meta property=\"og:image:height\" content=\"1280\" \/>\n\t<meta property=\"og:image:type\" content=\"image\/jpeg\" \/>\n<meta name=\"author\" content=\"Andjela\" \/>\n<meta name=\"twitter:card\" content=\"summary_large_image\" \/>\n<meta name=\"twitter:label1\" content=\"Written by\" \/>\n\t<meta name=\"twitter:data1\" content=\"Andjela\" \/>\n\t<meta name=\"twitter:label2\" content=\"Est. reading time\" \/>\n\t<meta name=\"twitter:data2\" content=\"3 minutes\" \/>\n<script type=\"application\/ld+json\" class=\"yoast-schema-graph\">{\"@context\":\"https:\/\/schema.org\",\"@graph\":[{\"@type\":\"WebPage\",\"@id\":\"https:\/\/visitdistrikt.rs\/en\/2022\/09\/14\/who-reads-books-to-children-in-the-booktown\/\",\"url\":\"https:\/\/visitdistrikt.rs\/en\/2022\/09\/14\/who-reads-books-to-children-in-the-booktown\/\",\"name\":\"Who reads books to children in the Booktown at SPENS? - Visit Distrikt Novi Sad\",\"isPartOf\":{\"@id\":\"https:\/\/visitdistrikt.rs\/#website\"},\"primaryImageOfPage\":{\"@id\":\"https:\/\/visitdistrikt.rs\/en\/2022\/09\/14\/who-reads-books-to-children-in-the-booktown\/#primaryimage\"},\"image\":{\"@id\":\"https:\/\/visitdistrikt.rs\/en\/2022\/09\/14\/who-reads-books-to-children-in-the-booktown\/#primaryimage\"},\"thumbnailUrl\":\"https:\/\/visitdistrikt.rs\/media\/2022\/09\/Spens-V.Velickovic.012-2-1-e1663154420355.jpg\",\"datePublished\":\"2022-09-14T12:12:36+00:00\",\"dateModified\":\"2022-09-15T09:13:41+00:00\",\"author\":{\"@id\":\"https:\/\/visitdistrikt.rs\/#\/schema\/person\/1d409dd2a9c7858729ec7a42dcf267e6\"},\"description\":\"The Kaleidoscope of Culture in Novi Sad brings another weekend rich in events for all ages in a unique Book town\",\"breadcrumb\":{\"@id\":\"https:\/\/visitdistrikt.rs\/en\/2022\/09\/14\/who-reads-books-to-children-in-the-booktown\/#breadcrumb\"},\"inLanguage\":\"en-US\",\"potentialAction\":[{\"@type\":\"ReadAction\",\"target\":[\"https:\/\/visitdistrikt.rs\/en\/2022\/09\/14\/who-reads-books-to-children-in-the-booktown\/\"]}]},{\"@type\":\"ImageObject\",\"inLanguage\":\"en-US\",\"@id\":\"https:\/\/visitdistrikt.rs\/en\/2022\/09\/14\/who-reads-books-to-children-in-the-booktown\/#primaryimage\",\"url\":\"https:\/\/visitdistrikt.rs\/media\/2022\/09\/Spens-V.Velickovic.012-2-1-e1663154420355.jpg\",\"contentUrl\":\"https:\/\/visitdistrikt.rs\/media\/2022\/09\/Spens-V.Velickovic.012-2-1-e1663154420355.jpg\",\"width\":1920,\"height\":1280},{\"@type\":\"BreadcrumbList\",\"@id\":\"https:\/\/visitdistrikt.rs\/en\/2022\/09\/14\/who-reads-books-to-children-in-the-booktown\/#breadcrumb\",\"itemListElement\":[{\"@type\":\"ListItem\",\"position\":1,\"name\":\"Home\",\"item\":\"https:\/\/visitdistrikt.rs\/en\/\"},{\"@type\":\"ListItem\",\"position\":2,\"name\":\"Who reads books to children in the Booktown at SPENS?\"}]},{\"@type\":\"WebSite\",\"@id\":\"https:\/\/visitdistrikt.rs\/#website\",\"url\":\"https:\/\/visitdistrikt.rs\/\",\"name\":\"Visit Distrikt Novi Sad\",\"description\":\"Novi Sad\",\"potentialAction\":[{\"@type\":\"SearchAction\",\"target\":{\"@type\":\"EntryPoint\",\"urlTemplate\":\"https:\/\/visitdistrikt.rs\/?s={search_term_string}\"},\"query-input\":\"required name=search_term_string\"}],\"inLanguage\":\"en-US\"},{\"@type\":\"Person\",\"@id\":\"https:\/\/visitdistrikt.rs\/#\/schema\/person\/1d409dd2a9c7858729ec7a42dcf267e6\",\"name\":\"Andjela\",\"image\":{\"@type\":\"ImageObject\",\"inLanguage\":\"en-US\",\"@id\":\"https:\/\/visitdistrikt.rs\/#\/schema\/person\/image\/\",\"url\":\"https:\/\/secure.gravatar.com\/avatar\/9c97624b5cc2432e05342df03b977bac?s=96&d=mm&r=g\",\"contentUrl\":\"https:\/\/secure.gravatar.com\/avatar\/9c97624b5cc2432e05342df03b977bac?s=96&d=mm&r=g\",\"caption\":\"Andjela\"}}]}<\/script>\n<!-- \/ Yoast SEO plugin. -->","yoast_head_json":{"title":"Who reads books to children in the Booktown at SPENS? - Visit Distrikt Novi Sad","description":"The Kaleidoscope of Culture in Novi Sad brings another weekend rich in events for all ages in a unique Book town","robots":{"index":"index","follow":"follow","max-snippet":"max-snippet:-1","max-image-preview":"max-image-preview:large","max-video-preview":"max-video-preview:-1"},"canonical":"https:\/\/visitdistrikt.rs\/en\/2022\/09\/14\/who-reads-books-to-children-in-the-booktown\/","og_locale":"en_US","og_type":"article","og_title":"Who reads books to children in the Booktown at SPENS? - Visit Distrikt Novi Sad","og_description":"The Kaleidoscope of Culture in Novi Sad brings another weekend rich in events for all ages in a unique Book town","og_url":"https:\/\/visitdistrikt.rs\/en\/2022\/09\/14\/who-reads-books-to-children-in-the-booktown\/","og_site_name":"Visit Distrikt Novi Sad","article_published_time":"2022-09-14T12:12:36+00:00","article_modified_time":"2022-09-15T09:13:41+00:00","og_image":[{"width":1920,"height":1280,"url":"https:\/\/visitdistrikt.rs\/media\/2022\/09\/Spens-V.Velickovic.012-2-1-e1663154420355.jpg","type":"image\/jpeg"}],"author":"Andjela","twitter_card":"summary_large_image","twitter_misc":{"Written by":"Andjela","Est. reading time":"3 minutes"},"schema":{"@context":"https:\/\/schema.org","@graph":[{"@type":"WebPage","@id":"https:\/\/visitdistrikt.rs\/en\/2022\/09\/14\/who-reads-books-to-children-in-the-booktown\/","url":"https:\/\/visitdistrikt.rs\/en\/2022\/09\/14\/who-reads-books-to-children-in-the-booktown\/","name":"Who reads books to children in the Booktown at SPENS? - Visit Distrikt Novi Sad","isPartOf":{"@id":"https:\/\/visitdistrikt.rs\/#website"},"primaryImageOfPage":{"@id":"https:\/\/visitdistrikt.rs\/en\/2022\/09\/14\/who-reads-books-to-children-in-the-booktown\/#primaryimage"},"image":{"@id":"https:\/\/visitdistrikt.rs\/en\/2022\/09\/14\/who-reads-books-to-children-in-the-booktown\/#primaryimage"},"thumbnailUrl":"https:\/\/visitdistrikt.rs\/media\/2022\/09\/Spens-V.Velickovic.012-2-1-e1663154420355.jpg","datePublished":"2022-09-14T12:12:36+00:00","dateModified":"2022-09-15T09:13:41+00:00","author":{"@id":"https:\/\/visitdistrikt.rs\/#\/schema\/person\/1d409dd2a9c7858729ec7a42dcf267e6"},"description":"The Kaleidoscope of Culture in Novi Sad brings another weekend rich in events for all ages in a unique Book town","breadcrumb":{"@id":"https:\/\/visitdistrikt.rs\/en\/2022\/09\/14\/who-reads-books-to-children-in-the-booktown\/#breadcrumb"},"inLanguage":"en-US","potentialAction":[{"@type":"ReadAction","target":["https:\/\/visitdistrikt.rs\/en\/2022\/09\/14\/who-reads-books-to-children-in-the-booktown\/"]}]},{"@type":"ImageObject","inLanguage":"en-US","@id":"https:\/\/visitdistrikt.rs\/en\/2022\/09\/14\/who-reads-books-to-children-in-the-booktown\/#primaryimage","url":"https:\/\/visitdistrikt.rs\/media\/2022\/09\/Spens-V.Velickovic.012-2-1-e1663154420355.jpg","contentUrl":"https:\/\/visitdistrikt.rs\/media\/2022\/09\/Spens-V.Velickovic.012-2-1-e1663154420355.jpg","width":1920,"height":1280},{"@type":"BreadcrumbList","@id":"https:\/\/visitdistrikt.rs\/en\/2022\/09\/14\/who-reads-books-to-children-in-the-booktown\/#breadcrumb","itemListElement":[{"@type":"ListItem","position":1,"name":"Home","item":"https:\/\/visitdistrikt.rs\/en\/"},{"@type":"ListItem","position":2,"name":"Who reads books to children in the Booktown at SPENS?"}]},{"@type":"WebSite","@id":"https:\/\/visitdistrikt.rs\/#website","url":"https:\/\/visitdistrikt.rs\/","name":"Visit Distrikt Novi Sad","description":"Novi Sad","potentialAction":[{"@type":"SearchAction","target":{"@type":"EntryPoint","urlTemplate":"https:\/\/visitdistrikt.rs\/?s={search_term_string}"},"query-input":"required name=search_term_string"}],"inLanguage":"en-US"},{"@type":"Person","@id":"https:\/\/visitdistrikt.rs\/#\/schema\/person\/1d409dd2a9c7858729ec7a42dcf267e6","name":"Andjela","image":{"@type":"ImageObject","inLanguage":"en-US","@id":"https:\/\/visitdistrikt.rs\/#\/schema\/person\/image\/","url":"https:\/\/secure.gravatar.com\/avatar\/9c97624b5cc2432e05342df03b977bac?s=96&d=mm&r=g","contentUrl":"https:\/\/secure.gravatar.com\/avatar\/9c97624b5cc2432e05342df03b977bac?s=96&d=mm&r=g","caption":"Andjela"}}]}},"_links":{"self":[{"href":"https:\/\/visitdistrikt.rs\/en\/wp-json\/wp\/v2\/posts\/39655"}],"collection":[{"href":"https:\/\/visitdistrikt.rs\/en\/wp-json\/wp\/v2\/posts"}],"about":[{"href":"https:\/\/visitdistrikt.rs\/en\/wp-json\/wp\/v2\/types\/post"}],"author":[{"embeddable":true,"href":"https:\/\/visitdistrikt.rs\/en\/wp-json\/wp\/v2\/users\/13"}],"replies":[{"embeddable":true,"href":"https:\/\/visitdistrikt.rs\/en\/wp-json\/wp\/v2\/comments?post=39655"}],"version-history":[{"count":12,"href":"https:\/\/visitdistrikt.rs\/en\/wp-json\/wp\/v2\/posts\/39655\/revisions"}],"predecessor-version":[{"id":39717,"href":"https:\/\/visitdistrikt.rs\/en\/wp-json\/wp\/v2\/posts\/39655\/revisions\/39717"}],"wp:featuredmedia":[{"embeddable":true,"href":"https:\/\/visitdistrikt.rs\/en\/wp-json\/wp\/v2\/media\/39674"}],"wp:attachment":[{"href":"https:\/\/visitdistrikt.rs\/en\/wp-json\/wp\/v2\/media?parent=39655"}],"wp:term":[{"taxonomy":"category","embeddable":true,"href":"https:\/\/visitdistrikt.rs\/en\/wp-json\/wp\/v2\/categories?post=39655"},{"taxonomy":"post_tag","embeddable":true,"href":"https:\/\/visitdistrikt.rs\/en\/wp-json\/wp\/v2\/tags?post=39655"}],"curies":[{"name":"wp","href":"https:\/\/api.w.org\/{rel}","templated":true}]}}