{"id":39786,"date":"2022-09-16T12:31:12","date_gmt":"2022-09-16T10:31:12","guid":{"rendered":"https:\/\/visitdistrikt.rs\/?p=39786"},"modified":"2022-09-16T12:31:12","modified_gmt":"2022-09-16T10:31:12","slug":"it-s-worth-visiting-the-booktown-at-spens","status":"publish","type":"post","link":"https:\/\/visitdistrikt.rs\/en\/2022\/09\/16\/it-s-worth-visiting-the-booktown-at-spens\/","title":{"rendered":"It\u2019s Worth Visiting the Booktown at SPENS"},"content":{"rendered":"<p>The Booktown, an event that will open the third week, i.e., Literature Week of the<a href=\"https:\/\/kaleidoskopkulture.com\/en\/kaleidoscope-calendar-literature\/\"> Kaleidoscope of Culture<\/a>, is approaching. During the <a href=\"https:\/\/kaleidoskopkulture.com\/en\/kaleidoscope-calendar-literature\/\">Literature Week<\/a>, the European Capital of Culture will be a host to some of the most important names in the world of literature, theatre and music. This weekend at SPENS, on <strong>17 and 18 September<\/strong>, we will have an opportunity to hear <strong>Vladimir Pi\u0161talo<\/strong>, <strong><a href=\"https:\/\/kalendar.novisad2022.rs\/en\/events\/vedrana-rudan-booktown\/\">Vedrana Rudan<\/a><\/strong>, <strong><a href=\"https:\/\/kalendar.novisad2022.rs\/events\/zijah-sokolovic-cita-bajke-deci-grad-knjige\/\">Zijah Sokolovi\u0107<\/a><\/strong>, <strong><a href=\"https:\/\/kalendar.novisad2022.rs\/en\/events\/vojislav-voja-brajovic-reads-childrens-poetry-to-children-booktown\/\">Voja Brajovi\u0107<\/a><\/strong>, <strong><a href=\"https:\/\/kalendar.novisad2022.rs\/en\/events\/zoran-predin-lacni-franz-farewell-concert-booktown\/\">Zoran Predin and the band La\u010dni Franz<\/a><\/strong>. We will also have a chance to enjoy the monodrama performed by <strong>Petar Bo\u017eovi\u0107<\/strong> entitled \u2018<a href=\"https:\/\/kalendar.novisad2022.rs\/en\/events\/monodrama-rece-mi-jedan-coek-ceracemo-se-jos-kad-budem-mladji-performed-by-petar-bozovic\/\">Re\u010de mi \u010doek, \u0107era\u0107emo se jo\u0161, kad budem mla\u0111<\/a>i\u2019 (Eng. A Fella Told Me, We Will Talk Again, When I\u2019m Younger). Do not miss to visit the <a href=\"https:\/\/kalendar.novisad2022.rs\/en\/events\/book-exchange-in-booktown\/\">Book Exchange<\/a>, where we will have a chance to replace old books with new ones and the <strong><a href=\"https:\/\/kalendar.novisad2022.rs\/en\/events\/book-fair-suburbium\/\">Book Fair<\/a><\/strong>, where we will meet the major publishing houses in Serbia.<\/p>\n<p><img fetchpriority=\"high\" decoding=\"async\" class=\"aligncenter size-full wp-image-39665\" src=\"https:\/\/visitdistrikt.rs\/media\/2022\/09\/Spens-V.Velickovic.011-1.jpg\" alt=\"\" width=\"533\" height=\"800\" srcset=\"https:\/\/visitdistrikt.rs\/media\/2022\/09\/Spens-V.Velickovic.011-1.jpg 533w, https:\/\/visitdistrikt.rs\/media\/2022\/09\/Spens-V.Velickovic.011-1-200x300.jpg 200w\" sizes=\"(max-width: 533px) 100vw, 533px\" \/><\/p>\n<h2>Vedrana Rudan and Vladimir Pi\u0161talo at the Booktown<\/h2>\n<p>The spoken (word) programme, which marks the Booktown, includes discussions between famous authors and moderators, including <strong>Vedrana Rudan<\/strong>,<strong> one of the most controversial regional writers and Vladimir Pi\u0161talo, the NIN<\/strong> award winner and author whose works have been translated into 12 European languages, and which we will have an opportunity to listen on Sunday, 18 September. The last Pi\u0161talo\u2019s work, \u2018<em>The Meaning of the Joker<\/em>\u2019, will be in the limelight of a discussion between the author and moderator. Playing with the form but also the essence and meaning of the essay, <strong>Pi\u0161talo\u2019s book<\/strong> presents this literary genre to the reader to explore various existential topics. Every Pi\u0161talo\u2019s essay in this work is filled with laughter, as the shortest distance between people, while every character, from the classical era to the modern period, speaks through it. The book is intertwined with Pi\u0161talo\u2019s American experience, from the period of his emigration and studies in the USA (he obtained his PhD degree in New Hampshire). Therefore, we have an opportunity to evoke the lesser-known sides of the American mentality and that characteristic of Serbia.<\/p>\n<p><img decoding=\"async\" class=\"aligncenter size-full wp-image-39663\" src=\"https:\/\/visitdistrikt.rs\/media\/2022\/09\/Vladmir-Pistalo-photo-Nebojsa-Babic-1.jpg\" alt=\"\" width=\"533\" height=\"800\" srcset=\"https:\/\/visitdistrikt.rs\/media\/2022\/09\/Vladmir-Pistalo-photo-Nebojsa-Babic-1.jpg 533w, https:\/\/visitdistrikt.rs\/media\/2022\/09\/Vladmir-Pistalo-photo-Nebojsa-Babic-1-200x300.jpg 200w\" sizes=\"(max-width: 533px) 100vw, 533px\" \/><\/p>\n<p>In addition to Pi\u0161talo, the Booktown will be marked by Croatian writer<strong> Vedrana Rudan<\/strong>, whose novel \u2018<strong>Life Prison<\/strong>\u2019 was published recently and, as usual, became the subject of great attention from the reading public. One of the topics that Rudan likes to discuss in his television appearances is the relationship between parents and children, expressing what probably many people think but don\u2019t say. At SPENS, she will also discuss labour and the (non)prisoner status that it brings him, the freedom that is (im)possible without material security, the position of women in modern society, and many other topics from the latest book, i.e., from life. One of the most beloved local TV personalities, <strong>Tanja Peternek<\/strong>, will talk with the author.<\/p>\n<p><img decoding=\"async\" class=\"aligncenter size-full wp-image-39391\" src=\"https:\/\/visitdistrikt.rs\/media\/2022\/09\/DSC0583-9.jpg\" alt=\"\" width=\"800\" height=\"900\" srcset=\"https:\/\/visitdistrikt.rs\/media\/2022\/09\/DSC0583-9.jpg 800w, https:\/\/visitdistrikt.rs\/media\/2022\/09\/DSC0583-9-267x300.jpg 267w, https:\/\/visitdistrikt.rs\/media\/2022\/09\/DSC0583-9-768x864.jpg 768w\" sizes=\"(max-width: 800px) 100vw, 800px\" \/><\/p>\n<h2><strong><span>Two Actors Are Reading Aloud to Children<\/span><\/strong><\/h2>\n<p><strong>Zijah Sokolovi\u0107 and Voja Brajovi\u0107<\/strong> who will read fairy tales and children\u2019s poetry will attract the special attention of the audience, especially the youngest ones. On Saturday,<strong> 17 September<\/strong>, the famous Tihi will be reading verses of Miroslav Anti\u0107, Jovan Jovanovi\u0107 Zmaj, Branislav Crn\u010devi\u0107 and other poets who often spoke about topics for adults through verses for children, while the next day, Zijah Sokolovi\u0107 will attract children\u2019s attention with the award-winning fairy tales by Selma Parisi.<\/p>\n<p><img loading=\"lazy\" decoding=\"async\" class=\"aligncenter size-full wp-image-39360\" src=\"https:\/\/visitdistrikt.rs\/media\/2022\/09\/foto-Nebojsa-Babic.jpg\" alt=\"\" width=\"800\" height=\"534\" srcset=\"https:\/\/visitdistrikt.rs\/media\/2022\/09\/foto-Nebojsa-Babic.jpg 800w, https:\/\/visitdistrikt.rs\/media\/2022\/09\/foto-Nebojsa-Babic-300x200.jpg 300w, https:\/\/visitdistrikt.rs\/media\/2022\/09\/foto-Nebojsa-Babic-768x513.jpg 768w\" sizes=\"(max-width: 800px) 100vw, 800px\" \/><\/p>\n<h2>The Booktown Brings Musical and Theatre Programmes for Everyone\u2019s Tast<\/h2>\n<p>Having in mind that the Booktown will be enriched will the musical and theatre programme, we will also have an opportunity to enjoy the legendary monodrama performed by <strong>Petar Bo\u017eovi\u0107<\/strong>, \u2018<a href=\"https:\/\/kalendar.novisad2022.rs\/en\/events\/monodrama-rece-mi-jedan-coek-ceracemo-se-jos-kad-budem-mladji-performed-by-petar-bozovic\/\">A Fella Told Me, We Will Talk Again, When I\u2019m Younger<\/a>\u2019, at<strong> SPENS<\/strong>, on Saturday, <strong>17 September, at 8.30 p.m.<\/strong> Based on the poems of <strong>Matija Be\u0107kovi\u0107<\/strong>, the monodrama captivated the audience a long time ago, both because of the text itself and Bo\u017eovi\u0107\u2019s masterful adaptation. However, what makes the monodrama popular all over again is the theme, which brings the mentality and spirit of a nation closer to us through witty remarks about moodiness and stubbornness that Be\u0107kovi\u0107 attributes to him.<\/p>\n<p><img loading=\"lazy\" decoding=\"async\" class=\"aligncenter size-full wp-image-39661\" src=\"https:\/\/visitdistrikt.rs\/media\/2022\/09\/SIF_3421-scaled-1.jpg\" alt=\"\" width=\"533\" height=\"800\" srcset=\"https:\/\/visitdistrikt.rs\/media\/2022\/09\/SIF_3421-scaled-1.jpg 533w, https:\/\/visitdistrikt.rs\/media\/2022\/09\/SIF_3421-scaled-1-200x300.jpg 200w\" sizes=\"(max-width: 533px) 100vw, 533px\" \/><\/p>\n<p>The concert by <a href=\"https:\/\/kalendar.novisad2022.rs\/en\/events\/zoran-predin-lacni-franz-farewell-concert-booktown\/\">Zoran Predin and the band La\u010dni Franz<\/a> (<strong>Saturday 17 September at 11 p.m<\/strong>.) is of great significance for the<strong> Booktown<\/strong> audience since it is part of their farewell tour. The legendary new wave band from Slovenia, with frontman <strong>Zoran Predin<\/strong>, commemorates 43 years on the music scene, and the frontman announced that the time to end an era that marked the ex-Yugoslav music scene has come. <strong>Music critics often called Predin the Arsen Dedi\u0107 of the new wave<\/strong>, and what distinguished the music group and Predin were the lyrics on the edge of eroticism, politics, black humour, and sarcasm, which everyone gladly accepted. The citizens of Novi Sad will be among the first in the region who will have the honour to host the last tour of the legendary group, entitled \u2018The Grand Finale\u2019.<\/p>\n<p><img loading=\"lazy\" decoding=\"async\" class=\"aligncenter size-full wp-image-39659\" src=\"https:\/\/visitdistrikt.rs\/media\/2022\/09\/Foto-Veliki-Finale.jpg\" alt=\"\" width=\"800\" height=\"392\" srcset=\"https:\/\/visitdistrikt.rs\/media\/2022\/09\/Foto-Veliki-Finale.jpg 800w, https:\/\/visitdistrikt.rs\/media\/2022\/09\/Foto-Veliki-Finale-300x147.jpg 300w, https:\/\/visitdistrikt.rs\/media\/2022\/09\/Foto-Veliki-Finale-768x376.jpg 768w\" sizes=\"(max-width: 800px) 100vw, 800px\" \/><\/p>\n<p>You can check the detailed Booktown programme and timeslots on the novisad2022 and kaleidoskopkulture websites.<\/p>\n<p style=\"text-align: left;\">Partners of the Kaleidoscope of Culture 2022 are<a href=\"https:\/\/www.erstebank.rs\/en\/private-clients\"> Erste Bank<\/a>,<strong> IDEA<\/strong>, <a href=\"https:\/\/www.ddor.rs\/en\/\">DDOR<\/a>, <a href=\"https:\/\/a1.rs\/privatni\">A1 Srbija<\/a> and <a href=\"http:\/\/www.heinekensrbija.rs\/home.759.html\">Heineken Srbija<\/a>.<\/p>\n<p><strong>Author<\/strong>: Leona Pap<\/p>\n<p><strong>Photo<\/strong>: Jelena Ivanovi\u0107, Promo\/ECoC<\/p>\n","protected":false},"excerpt":{"rendered":"<p>The Booktown, an event that will open the third week, i.e., Literature Week of the Kaleidoscope of Culture, is approaching. During the Literature Week, the European Capital of Culture will be a host to some of the most important names in the world of literature, theatre and music. This weekend at SPENS, on 17 and [&hellip;]<\/p>\n","protected":false},"author":13,"featured_media":39668,"comment_status":"closed","ping_status":"closed","sticky":false,"template":"","format":"standard","meta":{"footnotes":"","_links_to":"","_links_to_target":""},"categories":[291,1013,278],"tags":[],"yoast_head":"<!-- This site is optimized with the Yoast SEO plugin v22.4 - https:\/\/yoast.com\/wordpress\/plugins\/seo\/ -->\n<title>It\u2019s Worth Visiting the Booktown at SPENS - Visit Distrikt Novi Sad<\/title>\n<meta name=\"description\" content=\"This weekend, visit the City of Books on Spence, because part of the rich program of the week of literature awaits you at the jubilee Kaleidoscope of Culture\" \/>\n<meta name=\"robots\" content=\"index, follow, max-snippet:-1, max-image-preview:large, max-video-preview:-1\" \/>\n<link rel=\"canonical\" href=\"https:\/\/visitdistrikt.rs\/en\/2022\/09\/16\/it-s-worth-visiting-the-booktown-at-spens\/\" \/>\n<meta property=\"og:locale\" content=\"en_US\" \/>\n<meta property=\"og:type\" content=\"article\" \/>\n<meta property=\"og:title\" content=\"It\u2019s Worth Visiting the Booktown at SPENS - Visit Distrikt Novi Sad\" \/>\n<meta property=\"og:description\" content=\"This weekend, visit the City of Books on Spence, because part of the rich program of the week of literature awaits you at the jubilee Kaleidoscope of Culture\" \/>\n<meta property=\"og:url\" content=\"https:\/\/visitdistrikt.rs\/en\/2022\/09\/16\/it-s-worth-visiting-the-booktown-at-spens\/\" \/>\n<meta property=\"og:site_name\" content=\"Visit Distrikt Novi Sad\" \/>\n<meta property=\"article:published_time\" content=\"2022-09-16T10:31:12+00:00\" \/>\n<meta property=\"og:image\" content=\"https:\/\/visitdistrikt.rs\/media\/2022\/09\/Spens-V.Velickovic.001-1-e1663154246127.jpg\" \/>\n\t<meta property=\"og:image:width\" content=\"1920\" \/>\n\t<meta property=\"og:image:height\" content=\"1280\" \/>\n\t<meta property=\"og:image:type\" content=\"image\/jpeg\" \/>\n<meta name=\"author\" content=\"Andjela\" \/>\n<meta name=\"twitter:card\" content=\"summary_large_image\" \/>\n<meta name=\"twitter:label1\" content=\"Written by\" \/>\n\t<meta name=\"twitter:data1\" content=\"Andjela\" \/>\n\t<meta name=\"twitter:label2\" content=\"Est. reading time\" \/>\n\t<meta name=\"twitter:data2\" content=\"4 minutes\" \/>\n<script type=\"application\/ld+json\" class=\"yoast-schema-graph\">{\"@context\":\"https:\/\/schema.org\",\"@graph\":[{\"@type\":\"WebPage\",\"@id\":\"https:\/\/visitdistrikt.rs\/en\/2022\/09\/16\/it-s-worth-visiting-the-booktown-at-spens\/\",\"url\":\"https:\/\/visitdistrikt.rs\/en\/2022\/09\/16\/it-s-worth-visiting-the-booktown-at-spens\/\",\"name\":\"It\u2019s Worth Visiting the Booktown at SPENS - Visit Distrikt Novi Sad\",\"isPartOf\":{\"@id\":\"https:\/\/visitdistrikt.rs\/#website\"},\"primaryImageOfPage\":{\"@id\":\"https:\/\/visitdistrikt.rs\/en\/2022\/09\/16\/it-s-worth-visiting-the-booktown-at-spens\/#primaryimage\"},\"image\":{\"@id\":\"https:\/\/visitdistrikt.rs\/en\/2022\/09\/16\/it-s-worth-visiting-the-booktown-at-spens\/#primaryimage\"},\"thumbnailUrl\":\"https:\/\/visitdistrikt.rs\/media\/2022\/09\/Spens-V.Velickovic.001-1-e1663154246127.jpg\",\"datePublished\":\"2022-09-16T10:31:12+00:00\",\"dateModified\":\"2022-09-16T10:31:12+00:00\",\"author\":{\"@id\":\"https:\/\/visitdistrikt.rs\/#\/schema\/person\/1d409dd2a9c7858729ec7a42dcf267e6\"},\"description\":\"This weekend, visit the City of Books on Spence, because part of the rich program of the week of literature awaits you at the jubilee Kaleidoscope of Culture\",\"breadcrumb\":{\"@id\":\"https:\/\/visitdistrikt.rs\/en\/2022\/09\/16\/it-s-worth-visiting-the-booktown-at-spens\/#breadcrumb\"},\"inLanguage\":\"en-US\",\"potentialAction\":[{\"@type\":\"ReadAction\",\"target\":[\"https:\/\/visitdistrikt.rs\/en\/2022\/09\/16\/it-s-worth-visiting-the-booktown-at-spens\/\"]}]},{\"@type\":\"ImageObject\",\"inLanguage\":\"en-US\",\"@id\":\"https:\/\/visitdistrikt.rs\/en\/2022\/09\/16\/it-s-worth-visiting-the-booktown-at-spens\/#primaryimage\",\"url\":\"https:\/\/visitdistrikt.rs\/media\/2022\/09\/Spens-V.Velickovic.001-1-e1663154246127.jpg\",\"contentUrl\":\"https:\/\/visitdistrikt.rs\/media\/2022\/09\/Spens-V.Velickovic.001-1-e1663154246127.jpg\",\"width\":1920,\"height\":1280},{\"@type\":\"BreadcrumbList\",\"@id\":\"https:\/\/visitdistrikt.rs\/en\/2022\/09\/16\/it-s-worth-visiting-the-booktown-at-spens\/#breadcrumb\",\"itemListElement\":[{\"@type\":\"ListItem\",\"position\":1,\"name\":\"Home\",\"item\":\"https:\/\/visitdistrikt.rs\/en\/\"},{\"@type\":\"ListItem\",\"position\":2,\"name\":\"It\u2019s Worth Visiting the Booktown at SPENS\"}]},{\"@type\":\"WebSite\",\"@id\":\"https:\/\/visitdistrikt.rs\/#website\",\"url\":\"https:\/\/visitdistrikt.rs\/\",\"name\":\"Visit Distrikt Novi Sad\",\"description\":\"Novi Sad\",\"potentialAction\":[{\"@type\":\"SearchAction\",\"target\":{\"@type\":\"EntryPoint\",\"urlTemplate\":\"https:\/\/visitdistrikt.rs\/?s={search_term_string}\"},\"query-input\":\"required name=search_term_string\"}],\"inLanguage\":\"en-US\"},{\"@type\":\"Person\",\"@id\":\"https:\/\/visitdistrikt.rs\/#\/schema\/person\/1d409dd2a9c7858729ec7a42dcf267e6\",\"name\":\"Andjela\",\"image\":{\"@type\":\"ImageObject\",\"inLanguage\":\"en-US\",\"@id\":\"https:\/\/visitdistrikt.rs\/#\/schema\/person\/image\/\",\"url\":\"https:\/\/secure.gravatar.com\/avatar\/9c97624b5cc2432e05342df03b977bac?s=96&d=mm&r=g\",\"contentUrl\":\"https:\/\/secure.gravatar.com\/avatar\/9c97624b5cc2432e05342df03b977bac?s=96&d=mm&r=g\",\"caption\":\"Andjela\"}}]}<\/script>\n<!-- \/ Yoast SEO plugin. -->","yoast_head_json":{"title":"It\u2019s Worth Visiting the Booktown at SPENS - Visit Distrikt Novi Sad","description":"This weekend, visit the City of Books on Spence, because part of the rich program of the week of literature awaits you at the jubilee Kaleidoscope of Culture","robots":{"index":"index","follow":"follow","max-snippet":"max-snippet:-1","max-image-preview":"max-image-preview:large","max-video-preview":"max-video-preview:-1"},"canonical":"https:\/\/visitdistrikt.rs\/en\/2022\/09\/16\/it-s-worth-visiting-the-booktown-at-spens\/","og_locale":"en_US","og_type":"article","og_title":"It\u2019s Worth Visiting the Booktown at SPENS - Visit Distrikt Novi Sad","og_description":"This weekend, visit the City of Books on Spence, because part of the rich program of the week of literature awaits you at the jubilee Kaleidoscope of Culture","og_url":"https:\/\/visitdistrikt.rs\/en\/2022\/09\/16\/it-s-worth-visiting-the-booktown-at-spens\/","og_site_name":"Visit Distrikt Novi Sad","article_published_time":"2022-09-16T10:31:12+00:00","og_image":[{"width":1920,"height":1280,"url":"https:\/\/visitdistrikt.rs\/media\/2022\/09\/Spens-V.Velickovic.001-1-e1663154246127.jpg","type":"image\/jpeg"}],"author":"Andjela","twitter_card":"summary_large_image","twitter_misc":{"Written by":"Andjela","Est. reading time":"4 minutes"},"schema":{"@context":"https:\/\/schema.org","@graph":[{"@type":"WebPage","@id":"https:\/\/visitdistrikt.rs\/en\/2022\/09\/16\/it-s-worth-visiting-the-booktown-at-spens\/","url":"https:\/\/visitdistrikt.rs\/en\/2022\/09\/16\/it-s-worth-visiting-the-booktown-at-spens\/","name":"It\u2019s Worth Visiting the Booktown at SPENS - Visit Distrikt Novi Sad","isPartOf":{"@id":"https:\/\/visitdistrikt.rs\/#website"},"primaryImageOfPage":{"@id":"https:\/\/visitdistrikt.rs\/en\/2022\/09\/16\/it-s-worth-visiting-the-booktown-at-spens\/#primaryimage"},"image":{"@id":"https:\/\/visitdistrikt.rs\/en\/2022\/09\/16\/it-s-worth-visiting-the-booktown-at-spens\/#primaryimage"},"thumbnailUrl":"https:\/\/visitdistrikt.rs\/media\/2022\/09\/Spens-V.Velickovic.001-1-e1663154246127.jpg","datePublished":"2022-09-16T10:31:12+00:00","dateModified":"2022-09-16T10:31:12+00:00","author":{"@id":"https:\/\/visitdistrikt.rs\/#\/schema\/person\/1d409dd2a9c7858729ec7a42dcf267e6"},"description":"This weekend, visit the City of Books on Spence, because part of the rich program of the week of literature awaits you at the jubilee Kaleidoscope of Culture","breadcrumb":{"@id":"https:\/\/visitdistrikt.rs\/en\/2022\/09\/16\/it-s-worth-visiting-the-booktown-at-spens\/#breadcrumb"},"inLanguage":"en-US","potentialAction":[{"@type":"ReadAction","target":["https:\/\/visitdistrikt.rs\/en\/2022\/09\/16\/it-s-worth-visiting-the-booktown-at-spens\/"]}]},{"@type":"ImageObject","inLanguage":"en-US","@id":"https:\/\/visitdistrikt.rs\/en\/2022\/09\/16\/it-s-worth-visiting-the-booktown-at-spens\/#primaryimage","url":"https:\/\/visitdistrikt.rs\/media\/2022\/09\/Spens-V.Velickovic.001-1-e1663154246127.jpg","contentUrl":"https:\/\/visitdistrikt.rs\/media\/2022\/09\/Spens-V.Velickovic.001-1-e1663154246127.jpg","width":1920,"height":1280},{"@type":"BreadcrumbList","@id":"https:\/\/visitdistrikt.rs\/en\/2022\/09\/16\/it-s-worth-visiting-the-booktown-at-spens\/#breadcrumb","itemListElement":[{"@type":"ListItem","position":1,"name":"Home","item":"https:\/\/visitdistrikt.rs\/en\/"},{"@type":"ListItem","position":2,"name":"It\u2019s Worth Visiting the Booktown at SPENS"}]},{"@type":"WebSite","@id":"https:\/\/visitdistrikt.rs\/#website","url":"https:\/\/visitdistrikt.rs\/","name":"Visit Distrikt Novi Sad","description":"Novi Sad","potentialAction":[{"@type":"SearchAction","target":{"@type":"EntryPoint","urlTemplate":"https:\/\/visitdistrikt.rs\/?s={search_term_string}"},"query-input":"required name=search_term_string"}],"inLanguage":"en-US"},{"@type":"Person","@id":"https:\/\/visitdistrikt.rs\/#\/schema\/person\/1d409dd2a9c7858729ec7a42dcf267e6","name":"Andjela","image":{"@type":"ImageObject","inLanguage":"en-US","@id":"https:\/\/visitdistrikt.rs\/#\/schema\/person\/image\/","url":"https:\/\/secure.gravatar.com\/avatar\/9c97624b5cc2432e05342df03b977bac?s=96&d=mm&r=g","contentUrl":"https:\/\/secure.gravatar.com\/avatar\/9c97624b5cc2432e05342df03b977bac?s=96&d=mm&r=g","caption":"Andjela"}}]}},"_links":{"self":[{"href":"https:\/\/visitdistrikt.rs\/en\/wp-json\/wp\/v2\/posts\/39786"}],"collection":[{"href":"https:\/\/visitdistrikt.rs\/en\/wp-json\/wp\/v2\/posts"}],"about":[{"href":"https:\/\/visitdistrikt.rs\/en\/wp-json\/wp\/v2\/types\/post"}],"author":[{"embeddable":true,"href":"https:\/\/visitdistrikt.rs\/en\/wp-json\/wp\/v2\/users\/13"}],"replies":[{"embeddable":true,"href":"https:\/\/visitdistrikt.rs\/en\/wp-json\/wp\/v2\/comments?post=39786"}],"version-history":[{"count":2,"href":"https:\/\/visitdistrikt.rs\/en\/wp-json\/wp\/v2\/posts\/39786\/revisions"}],"predecessor-version":[{"id":39795,"href":"https:\/\/visitdistrikt.rs\/en\/wp-json\/wp\/v2\/posts\/39786\/revisions\/39795"}],"wp:featuredmedia":[{"embeddable":true,"href":"https:\/\/visitdistrikt.rs\/en\/wp-json\/wp\/v2\/media\/39668"}],"wp:attachment":[{"href":"https:\/\/visitdistrikt.rs\/en\/wp-json\/wp\/v2\/media?parent=39786"}],"wp:term":[{"taxonomy":"category","embeddable":true,"href":"https:\/\/visitdistrikt.rs\/en\/wp-json\/wp\/v2\/categories?post=39786"},{"taxonomy":"post_tag","embeddable":true,"href":"https:\/\/visitdistrikt.rs\/en\/wp-json\/wp\/v2\/tags?post=39786"}],"curies":[{"name":"wp","href":"https:\/\/api.w.org\/{rel}","templated":true}]}}