{"id":40112,"date":"2022-09-27T09:36:42","date_gmt":"2022-09-27T07:36:42","guid":{"rendered":"https:\/\/visitdistrikt.rs\/?p=40112"},"modified":"2022-09-27T09:36:42","modified_gmt":"2022-09-27T07:36:42","slug":"photo-an-exhibition-of-sava-sumanovics-masterpieces-opened","status":"publish","type":"post","link":"https:\/\/visitdistrikt.rs\/en\/2022\/09\/27\/photo-an-exhibition-of-sava-sumanovics-masterpieces-opened\/","title":{"rendered":"PHOTO: An Exhibition of Sava \u0160umanovi\u0107&#8217;s Masterpieces Opened"},"content":{"rendered":"\t\t<div data-elementor-type=\"wp-post\" data-elementor-id=\"40112\" class=\"elementor elementor-40112 elementor-40063\" data-elementor-post-type=\"post\">\n\t\t\t\t\t\t<section class=\"elementor-section elementor-top-section elementor-element elementor-element-16ee14e elementor-section-boxed elementor-section-height-default elementor-section-height-default\" data-id=\"16ee14e\" data-element_type=\"section\">\n\t\t\t\t\t\t<div class=\"elementor-container elementor-column-gap-default\">\n\t\t\t\t\t<div class=\"elementor-column elementor-col-100 elementor-top-column elementor-element elementor-element-32a5e12\" data-id=\"32a5e12\" data-element_type=\"column\">\n\t\t\t<div class=\"elementor-widget-wrap elementor-element-populated\">\n\t\t\t\t\t\t<div class=\"elementor-element elementor-element-7dec732 elementor-widget elementor-widget-text-editor\" data-id=\"7dec732\" data-element_type=\"widget\" data-widget_type=\"text-editor.default\">\n\t\t\t\t<div class=\"elementor-widget-container\">\n\t\t\t\t\t\t\t<p>A unique exhibition in the European Capital of Culture, <a href=\"https:\/\/kalendar.novisad2022.rs\/en\/events\/sava-sumanovic-and-european-realism-between-the-two-world-wars\/\">Sava \u0160umanovi\u0107 and European Realism Between the Two World Wars<\/a>, which includes the largest <strong>number of works by one of the most<\/strong> <strong>significant Serbian painters<\/strong>,<strong> was opened in the Gallery Square<\/strong>, thus marking the beginning of the Visual Arts Week of the <strong>Kaleidoscope of Culture<\/strong>.<\/p><p>This comprehensive exhibition of masterpieces of one of <strong>the greats of Serbian painting<\/strong>, connected galleries of national importance \u2013 the<strong> Pavle Beljanski Memorial Collection<\/strong> and the<strong> Gallery of Matica Srpska<\/strong>, where two exhibitions will be held, and the<strong> Rajko Mamuzi\u0107 Gift Collection<\/strong>, as well as the \u2018<strong>Sava \u0160umanovi\u0107\u2019 Art Gallery in \u0160id<\/strong>, where the third exhibition will be held.<\/p><p>In order to create a complete picture of \u0160umanovi\u0107&#8217;s realisms between the two world wars and their relations with contemporary European currents, cooperation was established with museums and institutions from Croatia, North Macedonia and France, whose kindly lent works for exhibition, precious photographs and archival material. In this manner, <strong>the public gets an unusual opportunity to get acquainted with 102 works by Sava \u0160umanovi\u0107<\/strong> in one exhibition. The artistic opus of this master of painting represents works from the period between 1919 and 1940.<\/p><p>The programme of the opening ceremony in the European Capital of Culture included a <strong>multimedia performance by ChoreoChroma<\/strong>, dedicated to the interpretation of the painting <em><strong>Luncheon on the Grass<\/strong><\/em><\/p><p>The exhibition will run <strong>until 4 December<\/strong>, so we invite you to follow the events on our website and visit one of the accompanying lectures, workshops and professional guidance within the exhibition. One of the professional guidance will be held on<strong> 28 September at 5 p.m.<\/strong>, and your guide through the exhibition will be the legendary <strong>Uro\u0161 \u0110uri\u0107<\/strong>.<\/p><p>Check out how the opening of the exhibition looked like.<\/p>\t\t\t\t\t\t<\/div>\n\t\t\t\t<\/div>\n\t\t\t\t\t<\/div>\n\t\t<\/div>\n\t\t\t\t\t<\/div>\n\t\t<\/section>\n\t\t\t\t<section class=\"elementor-section elementor-top-section elementor-element elementor-element-f7ede99 elementor-section-boxed elementor-section-height-default elementor-section-height-default\" data-id=\"f7ede99\" data-element_type=\"section\">\n\t\t\t\t\t\t<div class=\"elementor-container elementor-column-gap-default\">\n\t\t\t\t\t<div class=\"elementor-column elementor-col-100 elementor-top-column elementor-element elementor-element-f05f7fe\" data-id=\"f05f7fe\" data-element_type=\"column\">\n\t\t\t<div class=\"elementor-widget-wrap elementor-element-populated\">\n\t\t\t\t\t\t<div class=\"elementor-element elementor-element-d9fdf16 elementor-widget elementor-widget-gallery\" data-id=\"d9fdf16\" data-element_type=\"widget\" data-settings=\"{&quot;columns&quot;:3,&quot;lazyload&quot;:&quot;yes&quot;,&quot;gallery_layout&quot;:&quot;grid&quot;,&quot;columns_tablet&quot;:2,&quot;columns_mobile&quot;:1,&quot;gap&quot;:{&quot;unit&quot;:&quot;px&quot;,&quot;size&quot;:10,&quot;sizes&quot;:[]},&quot;gap_tablet&quot;:{&quot;unit&quot;:&quot;px&quot;,&quot;size&quot;:10,&quot;sizes&quot;:[]},&quot;gap_mobile&quot;:{&quot;unit&quot;:&quot;px&quot;,&quot;size&quot;:10,&quot;sizes&quot;:[]},&quot;link_to&quot;:&quot;file&quot;,&quot;aspect_ratio&quot;:&quot;3:2&quot;,&quot;overlay_background&quot;:&quot;yes&quot;,&quot;content_hover_animation&quot;:&quot;fade-in&quot;}\" data-widget_type=\"gallery.default\">\n\t\t\t\t<div class=\"elementor-widget-container\">\n\t\t\t\t\t<div class=\"elementor-gallery__container\">\n\t\t\t\t\t\t\t<a class=\"e-gallery-item elementor-gallery-item elementor-animated-content\" href=\"https:\/\/visitdistrikt.rs\/media\/2022\/09\/V.Velickovic-September24-004-1.jpg\" data-elementor-open-lightbox=\"yes\" data-elementor-lightbox-slideshow=\"d9fdf16\" data-e-action-hash=\"#elementor-action%3Aaction%3Dlightbox%26settings%3DeyJpZCI6NDAwODAsInVybCI6Imh0dHBzOlwvXC92aXNpdGRpc3RyaWt0LnJzXC9tZWRpYVwvMjAyMlwvMDlcL1YuVmVsaWNrb3ZpYy1TZXB0ZW1iZXIyNC0wMDQtMS5qcGciLCJzbGlkZXNob3ciOiJkOWZkZjE2In0%3D\">\n\t\t\t\t\t<div class=\"e-gallery-image elementor-gallery-item__image\" data-thumbnail=\"https:\/\/visitdistrikt.rs\/media\/2022\/09\/V.Velickovic-September24-004-1-300x200.jpg\" data-width=\"300\" data-height=\"200\" aria-label=\"\" role=\"img\" ><\/div>\n\t\t\t\t\t\t\t\t\t\t\t<div class=\"elementor-gallery-item__overlay\"><\/div>\n\t\t\t\t\t\t\t\t\t\t\t\t\t\t<\/a>\n\t\t\t\t\t\t\t<a class=\"e-gallery-item elementor-gallery-item elementor-animated-content\" href=\"https:\/\/visitdistrikt.rs\/media\/2022\/09\/V.Velickovic-September24-078-1.jpg\" data-elementor-open-lightbox=\"yes\" data-elementor-lightbox-slideshow=\"d9fdf16\" data-e-action-hash=\"#elementor-action%3Aaction%3Dlightbox%26settings%3DeyJpZCI6NDAwNzQsInVybCI6Imh0dHBzOlwvXC92aXNpdGRpc3RyaWt0LnJzXC9tZWRpYVwvMjAyMlwvMDlcL1YuVmVsaWNrb3ZpYy1TZXB0ZW1iZXIyNC0wNzgtMS5qcGciLCJzbGlkZXNob3ciOiJkOWZkZjE2In0%3D\">\n\t\t\t\t\t<div class=\"e-gallery-image elementor-gallery-item__image\" data-thumbnail=\"https:\/\/visitdistrikt.rs\/media\/2022\/09\/V.Velickovic-September24-078-1-300x200.jpg\" data-width=\"300\" data-height=\"200\" aria-label=\"\" role=\"img\" ><\/div>\n\t\t\t\t\t\t\t\t\t\t\t<div class=\"elementor-gallery-item__overlay\"><\/div>\n\t\t\t\t\t\t\t\t\t\t\t\t\t\t<\/a>\n\t\t\t\t\t\t\t<a class=\"e-gallery-item elementor-gallery-item elementor-animated-content\" href=\"https:\/\/visitdistrikt.rs\/media\/2022\/09\/V.Velickovic-September24-135-1.jpg\" data-elementor-open-lightbox=\"yes\" data-elementor-lightbox-slideshow=\"d9fdf16\" data-e-action-hash=\"#elementor-action%3Aaction%3Dlightbox%26settings%3DeyJpZCI6NDAwODIsInVybCI6Imh0dHBzOlwvXC92aXNpdGRpc3RyaWt0LnJzXC9tZWRpYVwvMjAyMlwvMDlcL1YuVmVsaWNrb3ZpYy1TZXB0ZW1iZXIyNC0xMzUtMS5qcGciLCJzbGlkZXNob3ciOiJkOWZkZjE2In0%3D\">\n\t\t\t\t\t<div class=\"e-gallery-image elementor-gallery-item__image\" data-thumbnail=\"https:\/\/visitdistrikt.rs\/media\/2022\/09\/V.Velickovic-September24-135-1-300x200.jpg\" data-width=\"300\" data-height=\"200\" aria-label=\"\" role=\"img\" ><\/div>\n\t\t\t\t\t\t\t\t\t\t\t<div class=\"elementor-gallery-item__overlay\"><\/div>\n\t\t\t\t\t\t\t\t\t\t\t\t\t\t<\/a>\n\t\t\t\t\t\t\t<a class=\"e-gallery-item elementor-gallery-item elementor-animated-content\" href=\"https:\/\/visitdistrikt.rs\/media\/2022\/09\/V.Velickovic-September24-052-1.jpg\" data-elementor-open-lightbox=\"yes\" data-elementor-lightbox-slideshow=\"d9fdf16\" data-e-action-hash=\"#elementor-action%3Aaction%3Dlightbox%26settings%3DeyJpZCI6NDAwNzYsInVybCI6Imh0dHBzOlwvXC92aXNpdGRpc3RyaWt0LnJzXC9tZWRpYVwvMjAyMlwvMDlcL1YuVmVsaWNrb3ZpYy1TZXB0ZW1iZXIyNC0wNTItMS5qcGciLCJzbGlkZXNob3ciOiJkOWZkZjE2In0%3D\">\n\t\t\t\t\t<div class=\"e-gallery-image elementor-gallery-item__image\" data-thumbnail=\"https:\/\/visitdistrikt.rs\/media\/2022\/09\/V.Velickovic-September24-052-1-300x200.jpg\" data-width=\"300\" data-height=\"200\" aria-label=\"\" role=\"img\" ><\/div>\n\t\t\t\t\t\t\t\t\t\t\t<div class=\"elementor-gallery-item__overlay\"><\/div>\n\t\t\t\t\t\t\t\t\t\t\t\t\t\t<\/a>\n\t\t\t\t\t\t\t<a class=\"e-gallery-item elementor-gallery-item elementor-animated-content\" href=\"https:\/\/visitdistrikt.rs\/media\/2022\/09\/V.Velickovic-September24-116-1.jpg\" data-elementor-open-lightbox=\"yes\" data-elementor-lightbox-slideshow=\"d9fdf16\" data-e-action-hash=\"#elementor-action%3Aaction%3Dlightbox%26settings%3DeyJpZCI6NDAwODYsInVybCI6Imh0dHBzOlwvXC92aXNpdGRpc3RyaWt0LnJzXC9tZWRpYVwvMjAyMlwvMDlcL1YuVmVsaWNrb3ZpYy1TZXB0ZW1iZXIyNC0xMTYtMS5qcGciLCJzbGlkZXNob3ciOiJkOWZkZjE2In0%3D\">\n\t\t\t\t\t<div class=\"e-gallery-image elementor-gallery-item__image\" data-thumbnail=\"https:\/\/visitdistrikt.rs\/media\/2022\/09\/V.Velickovic-September24-116-1-300x200.jpg\" data-width=\"300\" data-height=\"200\" aria-label=\"\" role=\"img\" ><\/div>\n\t\t\t\t\t\t\t\t\t\t\t<div class=\"elementor-gallery-item__overlay\"><\/div>\n\t\t\t\t\t\t\t\t\t\t\t\t\t\t<\/a>\n\t\t\t\t\t\t\t<a class=\"e-gallery-item elementor-gallery-item elementor-animated-content\" href=\"https:\/\/visitdistrikt.rs\/media\/2022\/09\/V.Velickovic-September24-047-1.jpg\" data-elementor-open-lightbox=\"yes\" data-elementor-lightbox-slideshow=\"d9fdf16\" data-e-action-hash=\"#elementor-action%3Aaction%3Dlightbox%26settings%3DeyJpZCI6NDAwNzgsInVybCI6Imh0dHBzOlwvXC92aXNpdGRpc3RyaWt0LnJzXC9tZWRpYVwvMjAyMlwvMDlcL1YuVmVsaWNrb3ZpYy1TZXB0ZW1iZXIyNC0wNDctMS5qcGciLCJzbGlkZXNob3ciOiJkOWZkZjE2In0%3D\">\n\t\t\t\t\t<div class=\"e-gallery-image elementor-gallery-item__image\" data-thumbnail=\"https:\/\/visitdistrikt.rs\/media\/2022\/09\/V.Velickovic-September24-047-1-300x200.jpg\" data-width=\"300\" data-height=\"200\" aria-label=\"\" role=\"img\" ><\/div>\n\t\t\t\t\t\t\t\t\t\t\t<div class=\"elementor-gallery-item__overlay\"><\/div>\n\t\t\t\t\t\t\t\t\t\t\t\t\t\t<\/a>\n\t\t\t\t\t\t\t<a class=\"e-gallery-item elementor-gallery-item elementor-animated-content\" href=\"https:\/\/visitdistrikt.rs\/media\/2022\/09\/ervin-kovac_izlozba-sava-sumanovic-1-1.jpg\" data-elementor-open-lightbox=\"yes\" data-elementor-lightbox-slideshow=\"d9fdf16\" data-e-action-hash=\"#elementor-action%3Aaction%3Dlightbox%26settings%3DeyJpZCI6NDAwOTQsInVybCI6Imh0dHBzOlwvXC92aXNpdGRpc3RyaWt0LnJzXC9tZWRpYVwvMjAyMlwvMDlcL2VydmluLWtvdmFjX2l6bG96YmEtc2F2YS1zdW1hbm92aWMtMS0xLmpwZyIsInNsaWRlc2hvdyI6ImQ5ZmRmMTYifQ%3D%3D\">\n\t\t\t\t\t<div class=\"e-gallery-image elementor-gallery-item__image\" data-thumbnail=\"https:\/\/visitdistrikt.rs\/media\/2022\/09\/ervin-kovac_izlozba-sava-sumanovic-1-1-300x200.jpg\" data-width=\"300\" data-height=\"200\" aria-label=\"\" role=\"img\" ><\/div>\n\t\t\t\t\t\t\t\t\t\t\t<div class=\"elementor-gallery-item__overlay\"><\/div>\n\t\t\t\t\t\t\t\t\t\t\t\t\t\t<\/a>\n\t\t\t\t\t\t\t<a class=\"e-gallery-item elementor-gallery-item elementor-animated-content\" href=\"https:\/\/visitdistrikt.rs\/media\/2022\/09\/V.Velickovic-September24-122-1.jpg\" data-elementor-open-lightbox=\"yes\" data-elementor-lightbox-slideshow=\"d9fdf16\" data-e-action-hash=\"#elementor-action%3Aaction%3Dlightbox%26settings%3DeyJpZCI6NDAwODQsInVybCI6Imh0dHBzOlwvXC92aXNpdGRpc3RyaWt0LnJzXC9tZWRpYVwvMjAyMlwvMDlcL1YuVmVsaWNrb3ZpYy1TZXB0ZW1iZXIyNC0xMjItMS5qcGciLCJzbGlkZXNob3ciOiJkOWZkZjE2In0%3D\">\n\t\t\t\t\t<div class=\"e-gallery-image elementor-gallery-item__image\" data-thumbnail=\"https:\/\/visitdistrikt.rs\/media\/2022\/09\/V.Velickovic-September24-122-1-300x200.jpg\" data-width=\"300\" data-height=\"200\" aria-label=\"\" role=\"img\" ><\/div>\n\t\t\t\t\t\t\t\t\t\t\t<div class=\"elementor-gallery-item__overlay\"><\/div>\n\t\t\t\t\t\t\t\t\t\t\t\t\t\t<\/a>\n\t\t\t\t\t\t\t<a class=\"e-gallery-item elementor-gallery-item elementor-animated-content\" href=\"https:\/\/visitdistrikt.rs\/media\/2022\/09\/V.Velickovic-September24-157-1.jpg\" data-elementor-open-lightbox=\"yes\" data-elementor-lightbox-slideshow=\"d9fdf16\" data-e-action-hash=\"#elementor-action%3Aaction%3Dlightbox%26settings%3DeyJpZCI6NDAwOTYsInVybCI6Imh0dHBzOlwvXC92aXNpdGRpc3RyaWt0LnJzXC9tZWRpYVwvMjAyMlwvMDlcL1YuVmVsaWNrb3ZpYy1TZXB0ZW1iZXIyNC0xNTctMS5qcGciLCJzbGlkZXNob3ciOiJkOWZkZjE2In0%3D\">\n\t\t\t\t\t<div class=\"e-gallery-image elementor-gallery-item__image\" data-thumbnail=\"https:\/\/visitdistrikt.rs\/media\/2022\/09\/V.Velickovic-September24-157-1-300x200.jpg\" data-width=\"300\" data-height=\"200\" aria-label=\"\" role=\"img\" ><\/div>\n\t\t\t\t\t\t\t\t\t\t\t<div class=\"elementor-gallery-item__overlay\"><\/div>\n\t\t\t\t\t\t\t\t\t\t\t\t\t\t<\/a>\n\t\t\t\t\t\t\t<a class=\"e-gallery-item elementor-gallery-item elementor-animated-content\" href=\"https:\/\/visitdistrikt.rs\/media\/2022\/09\/V.Velickovic-September24-090-1.jpg\" data-elementor-open-lightbox=\"yes\" data-elementor-lightbox-slideshow=\"d9fdf16\" data-e-action-hash=\"#elementor-action%3Aaction%3Dlightbox%26settings%3DeyJpZCI6NDAwODgsInVybCI6Imh0dHBzOlwvXC92aXNpdGRpc3RyaWt0LnJzXC9tZWRpYVwvMjAyMlwvMDlcL1YuVmVsaWNrb3ZpYy1TZXB0ZW1iZXIyNC0wOTAtMS5qcGciLCJzbGlkZXNob3ciOiJkOWZkZjE2In0%3D\">\n\t\t\t\t\t<div class=\"e-gallery-image elementor-gallery-item__image\" data-thumbnail=\"https:\/\/visitdistrikt.rs\/media\/2022\/09\/V.Velickovic-September24-090-1-300x200.jpg\" data-width=\"300\" data-height=\"200\" aria-label=\"\" role=\"img\" ><\/div>\n\t\t\t\t\t\t\t\t\t\t\t<div class=\"elementor-gallery-item__overlay\"><\/div>\n\t\t\t\t\t\t\t\t\t\t\t\t\t\t<\/a>\n\t\t\t\t\t\t\t<a class=\"e-gallery-item elementor-gallery-item elementor-animated-content\" href=\"https:\/\/visitdistrikt.rs\/media\/2022\/09\/ervin-kovac_izlozba-sava-sumanovic-20-1.jpg\" data-elementor-open-lightbox=\"yes\" data-elementor-lightbox-slideshow=\"d9fdf16\" data-e-action-hash=\"#elementor-action%3Aaction%3Dlightbox%26settings%3DeyJpZCI6NDAwOTAsInVybCI6Imh0dHBzOlwvXC92aXNpdGRpc3RyaWt0LnJzXC9tZWRpYVwvMjAyMlwvMDlcL2VydmluLWtvdmFjX2l6bG96YmEtc2F2YS1zdW1hbm92aWMtMjAtMS5qcGciLCJzbGlkZXNob3ciOiJkOWZkZjE2In0%3D\">\n\t\t\t\t\t<div class=\"e-gallery-image elementor-gallery-item__image\" data-thumbnail=\"https:\/\/visitdistrikt.rs\/media\/2022\/09\/ervin-kovac_izlozba-sava-sumanovic-20-1-300x200.jpg\" data-width=\"300\" data-height=\"200\" aria-label=\"\" role=\"img\" ><\/div>\n\t\t\t\t\t\t\t\t\t\t\t<div class=\"elementor-gallery-item__overlay\"><\/div>\n\t\t\t\t\t\t\t\t\t\t\t\t\t\t<\/a>\n\t\t\t\t\t\t\t<a class=\"e-gallery-item elementor-gallery-item elementor-animated-content\" href=\"https:\/\/visitdistrikt.rs\/media\/2022\/09\/ervin-kovac_izlozba-sava-sumanovic-21-1.jpg\" data-elementor-open-lightbox=\"yes\" data-elementor-lightbox-slideshow=\"d9fdf16\" data-e-action-hash=\"#elementor-action%3Aaction%3Dlightbox%26settings%3DeyJpZCI6NDAwOTIsInVybCI6Imh0dHBzOlwvXC92aXNpdGRpc3RyaWt0LnJzXC9tZWRpYVwvMjAyMlwvMDlcL2VydmluLWtvdmFjX2l6bG96YmEtc2F2YS1zdW1hbm92aWMtMjEtMS5qcGciLCJzbGlkZXNob3ciOiJkOWZkZjE2In0%3D\">\n\t\t\t\t\t<div class=\"e-gallery-image elementor-gallery-item__image\" data-thumbnail=\"https:\/\/visitdistrikt.rs\/media\/2022\/09\/ervin-kovac_izlozba-sava-sumanovic-21-1-300x200.jpg\" data-width=\"300\" data-height=\"200\" aria-label=\"\" role=\"img\" ><\/div>\n\t\t\t\t\t\t\t\t\t\t\t<div class=\"elementor-gallery-item__overlay\"><\/div>\n\t\t\t\t\t\t\t\t\t\t\t\t\t\t<\/a>\n\t\t\t\t\t\t\t<a class=\"e-gallery-item elementor-gallery-item elementor-animated-content\" href=\"https:\/\/visitdistrikt.rs\/media\/2022\/09\/V.Velickovic-September24-165-1.jpg\" data-elementor-open-lightbox=\"yes\" data-elementor-lightbox-slideshow=\"d9fdf16\" data-e-action-hash=\"#elementor-action%3Aaction%3Dlightbox%26settings%3DeyJpZCI6NDAwOTgsInVybCI6Imh0dHBzOlwvXC92aXNpdGRpc3RyaWt0LnJzXC9tZWRpYVwvMjAyMlwvMDlcL1YuVmVsaWNrb3ZpYy1TZXB0ZW1iZXIyNC0xNjUtMS5qcGciLCJzbGlkZXNob3ciOiJkOWZkZjE2In0%3D\">\n\t\t\t\t\t<div class=\"e-gallery-image elementor-gallery-item__image\" data-thumbnail=\"https:\/\/visitdistrikt.rs\/media\/2022\/09\/V.Velickovic-September24-165-1-300x200.jpg\" data-width=\"300\" data-height=\"200\" aria-label=\"\" role=\"img\" ><\/div>\n\t\t\t\t\t\t\t\t\t\t\t<div class=\"elementor-gallery-item__overlay\"><\/div>\n\t\t\t\t\t\t\t\t\t\t\t\t\t\t<\/a>\n\t\t\t\t\t\t\t<a class=\"e-gallery-item elementor-gallery-item elementor-animated-content\" href=\"https:\/\/visitdistrikt.rs\/media\/2022\/09\/307577656_2007313206124591_5128461118914560493_n-1.jpg\" data-elementor-open-lightbox=\"yes\" data-elementor-lightbox-slideshow=\"d9fdf16\" data-e-action-hash=\"#elementor-action%3Aaction%3Dlightbox%26settings%3DeyJpZCI6NDAxMDAsInVybCI6Imh0dHBzOlwvXC92aXNpdGRpc3RyaWt0LnJzXC9tZWRpYVwvMjAyMlwvMDlcLzMwNzU3NzY1Nl8yMDA3MzEzMjA2MTI0NTkxXzUxMjg0NjExMTg5MTQ1NjA0OTNfbi0xLmpwZyIsInNsaWRlc2hvdyI6ImQ5ZmRmMTYifQ%3D%3D\">\n\t\t\t\t\t<div class=\"e-gallery-image elementor-gallery-item__image\" data-thumbnail=\"https:\/\/visitdistrikt.rs\/media\/2022\/09\/307577656_2007313206124591_5128461118914560493_n-1-300x200.jpg\" data-width=\"300\" data-height=\"200\" aria-label=\"\" role=\"img\" ><\/div>\n\t\t\t\t\t\t\t\t\t\t\t<div class=\"elementor-gallery-item__overlay\"><\/div>\n\t\t\t\t\t\t\t\t\t\t\t\t\t\t<\/a>\n\t\t\t\t\t\t\t<a class=\"e-gallery-item elementor-gallery-item elementor-animated-content\" href=\"https:\/\/visitdistrikt.rs\/media\/2022\/09\/ervin-kovac_izlozba-sava-sumanovic-29-1.jpg\" data-elementor-open-lightbox=\"yes\" data-elementor-lightbox-slideshow=\"d9fdf16\" data-e-action-hash=\"#elementor-action%3Aaction%3Dlightbox%26settings%3DeyJpZCI6NDAxMDIsInVybCI6Imh0dHBzOlwvXC92aXNpdGRpc3RyaWt0LnJzXC9tZWRpYVwvMjAyMlwvMDlcL2VydmluLWtvdmFjX2l6bG96YmEtc2F2YS1zdW1hbm92aWMtMjktMS5qcGciLCJzbGlkZXNob3ciOiJkOWZkZjE2In0%3D\">\n\t\t\t\t\t<div class=\"e-gallery-image elementor-gallery-item__image\" data-thumbnail=\"https:\/\/visitdistrikt.rs\/media\/2022\/09\/ervin-kovac_izlozba-sava-sumanovic-29-1-300x200.jpg\" data-width=\"300\" data-height=\"200\" aria-label=\"\" role=\"img\" ><\/div>\n\t\t\t\t\t\t\t\t\t\t\t<div class=\"elementor-gallery-item__overlay\"><\/div>\n\t\t\t\t\t\t\t\t\t\t\t\t\t\t<\/a>\n\t\t\t\t\t<\/div>\n\t\t\t<\/div>\n\t\t\t\t<\/div>\n\t\t\t\t\t<\/div>\n\t\t<\/div>\n\t\t\t\t\t<\/div>\n\t\t<\/section>\n\t\t\t\t<section class=\"elementor-section elementor-top-section elementor-element elementor-element-b340e56 elementor-section-boxed elementor-section-height-default elementor-section-height-default\" data-id=\"b340e56\" data-element_type=\"section\">\n\t\t\t\t\t\t<div class=\"elementor-container elementor-column-gap-default\">\n\t\t\t\t\t<div class=\"elementor-column elementor-col-100 elementor-top-column elementor-element elementor-element-08a6151\" data-id=\"08a6151\" data-element_type=\"column\">\n\t\t\t<div class=\"elementor-widget-wrap elementor-element-populated\">\n\t\t\t\t\t\t<div class=\"elementor-element elementor-element-99baa09 elementor-widget elementor-widget-text-editor\" data-id=\"99baa09\" data-element_type=\"widget\" data-widget_type=\"text-editor.default\">\n\t\t\t\t<div class=\"elementor-widget-container\">\n\t\t\t\t\t\t\t<p>Discover other interesting programmes within the <a href=\"https:\/\/kaleidoskopkulture.com\/en\/kaleidoscope-calendar-visual-arts\/\">Applied Arts Week<\/a> of the Kaleidoscope of Culture sponsored by <a href=\"https:\/\/www.ddor.rs\/en\/\">DDOR osiguranje<\/a>.<\/p><p><strong>Author<\/strong>: Marina Mari\u0107<\/p><p><strong>Photo<\/strong>: Vladimir Veli\u010dkovi\u0107, Ervin Kova\u010d<\/p>\t\t\t\t\t\t<\/div>\n\t\t\t\t<\/div>\n\t\t\t\t\t<\/div>\n\t\t<\/div>\n\t\t\t\t\t<\/div>\n\t\t<\/section>\n\t\t\t\t<\/div>\n\t\t","protected":false},"excerpt":{"rendered":"<p>A unique exhibition in the European Capital of Culture, Sava \u0160umanovi\u0107 and European Realism Between the Two World Wars, which includes the largest number of works by one of the most significant Serbian painters, was opened in the Gallery Square, thus marking the beginning of the Visual Arts Week of the Kaleidoscope of Culture. This [&hellip;]<\/p>\n","protected":false},"author":13,"featured_media":40072,"comment_status":"closed","ping_status":"closed","sticky":false,"template":"","format":"standard","meta":{"footnotes":"","_links_to":"","_links_to_target":""},"categories":[298,293,291,1013,278],"tags":[],"yoast_head":"<!-- This site is optimized with the Yoast SEO plugin v22.4 - https:\/\/yoast.com\/wordpress\/plugins\/seo\/ -->\n<title>PHOTO: An Exhibition of Sava \u0160umanovi\u0107&#039;s Masterpieces Opened - Visit Distrikt Novi Sad<\/title>\n<meta name=\"description\" content=\"The unique exhibition of Sava \u0160umanovi\u0107 and European realism between the two world wars opened the Kaleidoscope of Culture visual arts week\" \/>\n<meta name=\"robots\" content=\"index, follow, max-snippet:-1, max-image-preview:large, max-video-preview:-1\" \/>\n<link rel=\"canonical\" href=\"https:\/\/visitdistrikt.rs\/en\/2022\/09\/27\/photo-an-exhibition-of-sava-sumanovics-masterpieces-opened\/\" \/>\n<meta property=\"og:locale\" content=\"en_US\" \/>\n<meta property=\"og:type\" content=\"article\" \/>\n<meta property=\"og:title\" content=\"PHOTO: An Exhibition of Sava \u0160umanovi\u0107&#039;s Masterpieces Opened - Visit Distrikt Novi Sad\" \/>\n<meta property=\"og:description\" content=\"The unique exhibition of Sava \u0160umanovi\u0107 and European realism between the two world wars opened the Kaleidoscope of Culture visual arts week\" \/>\n<meta property=\"og:url\" content=\"https:\/\/visitdistrikt.rs\/en\/2022\/09\/27\/photo-an-exhibition-of-sava-sumanovics-masterpieces-opened\/\" \/>\n<meta property=\"og:site_name\" content=\"Visit Distrikt Novi Sad\" \/>\n<meta property=\"article:published_time\" content=\"2022-09-27T07:36:42+00:00\" \/>\n<meta property=\"og:image\" content=\"https:\/\/visitdistrikt.rs\/media\/2022\/09\/ervin-kovac_izlozba-sava-sumanovic-10-1-e1664183422871.jpg\" \/>\n\t<meta property=\"og:image:width\" content=\"1920\" \/>\n\t<meta property=\"og:image:height\" content=\"1280\" \/>\n\t<meta property=\"og:image:type\" content=\"image\/jpeg\" \/>\n<meta name=\"author\" content=\"Andjela\" \/>\n<meta name=\"twitter:card\" content=\"summary_large_image\" \/>\n<meta name=\"twitter:label1\" content=\"Written by\" \/>\n\t<meta name=\"twitter:data1\" content=\"Andjela\" \/>\n\t<meta name=\"twitter:label2\" content=\"Est. reading time\" \/>\n\t<meta name=\"twitter:data2\" content=\"2 minutes\" \/>\n<script type=\"application\/ld+json\" class=\"yoast-schema-graph\">{\"@context\":\"https:\/\/schema.org\",\"@graph\":[{\"@type\":\"WebPage\",\"@id\":\"https:\/\/visitdistrikt.rs\/en\/2022\/09\/27\/photo-an-exhibition-of-sava-sumanovics-masterpieces-opened\/\",\"url\":\"https:\/\/visitdistrikt.rs\/en\/2022\/09\/27\/photo-an-exhibition-of-sava-sumanovics-masterpieces-opened\/\",\"name\":\"PHOTO: An Exhibition of Sava \u0160umanovi\u0107's Masterpieces Opened - Visit Distrikt Novi Sad\",\"isPartOf\":{\"@id\":\"https:\/\/visitdistrikt.rs\/#website\"},\"primaryImageOfPage\":{\"@id\":\"https:\/\/visitdistrikt.rs\/en\/2022\/09\/27\/photo-an-exhibition-of-sava-sumanovics-masterpieces-opened\/#primaryimage\"},\"image\":{\"@id\":\"https:\/\/visitdistrikt.rs\/en\/2022\/09\/27\/photo-an-exhibition-of-sava-sumanovics-masterpieces-opened\/#primaryimage\"},\"thumbnailUrl\":\"https:\/\/visitdistrikt.rs\/media\/2022\/09\/ervin-kovac_izlozba-sava-sumanovic-10-1-e1664183422871.jpg\",\"datePublished\":\"2022-09-27T07:36:42+00:00\",\"dateModified\":\"2022-09-27T07:36:42+00:00\",\"author\":{\"@id\":\"https:\/\/visitdistrikt.rs\/#\/schema\/person\/1d409dd2a9c7858729ec7a42dcf267e6\"},\"description\":\"The unique exhibition of Sava \u0160umanovi\u0107 and European realism between the two world wars opened the Kaleidoscope of Culture visual arts week\",\"breadcrumb\":{\"@id\":\"https:\/\/visitdistrikt.rs\/en\/2022\/09\/27\/photo-an-exhibition-of-sava-sumanovics-masterpieces-opened\/#breadcrumb\"},\"inLanguage\":\"en-US\",\"potentialAction\":[{\"@type\":\"ReadAction\",\"target\":[\"https:\/\/visitdistrikt.rs\/en\/2022\/09\/27\/photo-an-exhibition-of-sava-sumanovics-masterpieces-opened\/\"]}]},{\"@type\":\"ImageObject\",\"inLanguage\":\"en-US\",\"@id\":\"https:\/\/visitdistrikt.rs\/en\/2022\/09\/27\/photo-an-exhibition-of-sava-sumanovics-masterpieces-opened\/#primaryimage\",\"url\":\"https:\/\/visitdistrikt.rs\/media\/2022\/09\/ervin-kovac_izlozba-sava-sumanovic-10-1-e1664183422871.jpg\",\"contentUrl\":\"https:\/\/visitdistrikt.rs\/media\/2022\/09\/ervin-kovac_izlozba-sava-sumanovic-10-1-e1664183422871.jpg\",\"width\":1920,\"height\":1280},{\"@type\":\"BreadcrumbList\",\"@id\":\"https:\/\/visitdistrikt.rs\/en\/2022\/09\/27\/photo-an-exhibition-of-sava-sumanovics-masterpieces-opened\/#breadcrumb\",\"itemListElement\":[{\"@type\":\"ListItem\",\"position\":1,\"name\":\"Home\",\"item\":\"https:\/\/visitdistrikt.rs\/en\/\"},{\"@type\":\"ListItem\",\"position\":2,\"name\":\"PHOTO: An Exhibition of Sava \u0160umanovi\u0107&#8217;s Masterpieces Opened\"}]},{\"@type\":\"WebSite\",\"@id\":\"https:\/\/visitdistrikt.rs\/#website\",\"url\":\"https:\/\/visitdistrikt.rs\/\",\"name\":\"Visit Distrikt Novi Sad\",\"description\":\"Novi Sad\",\"potentialAction\":[{\"@type\":\"SearchAction\",\"target\":{\"@type\":\"EntryPoint\",\"urlTemplate\":\"https:\/\/visitdistrikt.rs\/?s={search_term_string}\"},\"query-input\":\"required name=search_term_string\"}],\"inLanguage\":\"en-US\"},{\"@type\":\"Person\",\"@id\":\"https:\/\/visitdistrikt.rs\/#\/schema\/person\/1d409dd2a9c7858729ec7a42dcf267e6\",\"name\":\"Andjela\",\"image\":{\"@type\":\"ImageObject\",\"inLanguage\":\"en-US\",\"@id\":\"https:\/\/visitdistrikt.rs\/#\/schema\/person\/image\/\",\"url\":\"https:\/\/secure.gravatar.com\/avatar\/9c97624b5cc2432e05342df03b977bac?s=96&d=mm&r=g\",\"contentUrl\":\"https:\/\/secure.gravatar.com\/avatar\/9c97624b5cc2432e05342df03b977bac?s=96&d=mm&r=g\",\"caption\":\"Andjela\"}}]}<\/script>\n<!-- \/ Yoast SEO plugin. -->","yoast_head_json":{"title":"PHOTO: An Exhibition of Sava \u0160umanovi\u0107's Masterpieces Opened - Visit Distrikt Novi Sad","description":"The unique exhibition of Sava \u0160umanovi\u0107 and European realism between the two world wars opened the Kaleidoscope of Culture visual arts week","robots":{"index":"index","follow":"follow","max-snippet":"max-snippet:-1","max-image-preview":"max-image-preview:large","max-video-preview":"max-video-preview:-1"},"canonical":"https:\/\/visitdistrikt.rs\/en\/2022\/09\/27\/photo-an-exhibition-of-sava-sumanovics-masterpieces-opened\/","og_locale":"en_US","og_type":"article","og_title":"PHOTO: An Exhibition of Sava \u0160umanovi\u0107's Masterpieces Opened - Visit Distrikt Novi Sad","og_description":"The unique exhibition of Sava \u0160umanovi\u0107 and European realism between the two world wars opened the Kaleidoscope of Culture visual arts week","og_url":"https:\/\/visitdistrikt.rs\/en\/2022\/09\/27\/photo-an-exhibition-of-sava-sumanovics-masterpieces-opened\/","og_site_name":"Visit Distrikt Novi Sad","article_published_time":"2022-09-27T07:36:42+00:00","og_image":[{"width":1920,"height":1280,"url":"https:\/\/visitdistrikt.rs\/media\/2022\/09\/ervin-kovac_izlozba-sava-sumanovic-10-1-e1664183422871.jpg","type":"image\/jpeg"}],"author":"Andjela","twitter_card":"summary_large_image","twitter_misc":{"Written by":"Andjela","Est. reading time":"2 minutes"},"schema":{"@context":"https:\/\/schema.org","@graph":[{"@type":"WebPage","@id":"https:\/\/visitdistrikt.rs\/en\/2022\/09\/27\/photo-an-exhibition-of-sava-sumanovics-masterpieces-opened\/","url":"https:\/\/visitdistrikt.rs\/en\/2022\/09\/27\/photo-an-exhibition-of-sava-sumanovics-masterpieces-opened\/","name":"PHOTO: An Exhibition of Sava \u0160umanovi\u0107's Masterpieces Opened - Visit Distrikt Novi Sad","isPartOf":{"@id":"https:\/\/visitdistrikt.rs\/#website"},"primaryImageOfPage":{"@id":"https:\/\/visitdistrikt.rs\/en\/2022\/09\/27\/photo-an-exhibition-of-sava-sumanovics-masterpieces-opened\/#primaryimage"},"image":{"@id":"https:\/\/visitdistrikt.rs\/en\/2022\/09\/27\/photo-an-exhibition-of-sava-sumanovics-masterpieces-opened\/#primaryimage"},"thumbnailUrl":"https:\/\/visitdistrikt.rs\/media\/2022\/09\/ervin-kovac_izlozba-sava-sumanovic-10-1-e1664183422871.jpg","datePublished":"2022-09-27T07:36:42+00:00","dateModified":"2022-09-27T07:36:42+00:00","author":{"@id":"https:\/\/visitdistrikt.rs\/#\/schema\/person\/1d409dd2a9c7858729ec7a42dcf267e6"},"description":"The unique exhibition of Sava \u0160umanovi\u0107 and European realism between the two world wars opened the Kaleidoscope of Culture visual arts week","breadcrumb":{"@id":"https:\/\/visitdistrikt.rs\/en\/2022\/09\/27\/photo-an-exhibition-of-sava-sumanovics-masterpieces-opened\/#breadcrumb"},"inLanguage":"en-US","potentialAction":[{"@type":"ReadAction","target":["https:\/\/visitdistrikt.rs\/en\/2022\/09\/27\/photo-an-exhibition-of-sava-sumanovics-masterpieces-opened\/"]}]},{"@type":"ImageObject","inLanguage":"en-US","@id":"https:\/\/visitdistrikt.rs\/en\/2022\/09\/27\/photo-an-exhibition-of-sava-sumanovics-masterpieces-opened\/#primaryimage","url":"https:\/\/visitdistrikt.rs\/media\/2022\/09\/ervin-kovac_izlozba-sava-sumanovic-10-1-e1664183422871.jpg","contentUrl":"https:\/\/visitdistrikt.rs\/media\/2022\/09\/ervin-kovac_izlozba-sava-sumanovic-10-1-e1664183422871.jpg","width":1920,"height":1280},{"@type":"BreadcrumbList","@id":"https:\/\/visitdistrikt.rs\/en\/2022\/09\/27\/photo-an-exhibition-of-sava-sumanovics-masterpieces-opened\/#breadcrumb","itemListElement":[{"@type":"ListItem","position":1,"name":"Home","item":"https:\/\/visitdistrikt.rs\/en\/"},{"@type":"ListItem","position":2,"name":"PHOTO: An Exhibition of Sava \u0160umanovi\u0107&#8217;s Masterpieces Opened"}]},{"@type":"WebSite","@id":"https:\/\/visitdistrikt.rs\/#website","url":"https:\/\/visitdistrikt.rs\/","name":"Visit Distrikt Novi Sad","description":"Novi Sad","potentialAction":[{"@type":"SearchAction","target":{"@type":"EntryPoint","urlTemplate":"https:\/\/visitdistrikt.rs\/?s={search_term_string}"},"query-input":"required name=search_term_string"}],"inLanguage":"en-US"},{"@type":"Person","@id":"https:\/\/visitdistrikt.rs\/#\/schema\/person\/1d409dd2a9c7858729ec7a42dcf267e6","name":"Andjela","image":{"@type":"ImageObject","inLanguage":"en-US","@id":"https:\/\/visitdistrikt.rs\/#\/schema\/person\/image\/","url":"https:\/\/secure.gravatar.com\/avatar\/9c97624b5cc2432e05342df03b977bac?s=96&d=mm&r=g","contentUrl":"https:\/\/secure.gravatar.com\/avatar\/9c97624b5cc2432e05342df03b977bac?s=96&d=mm&r=g","caption":"Andjela"}}]}},"_links":{"self":[{"href":"https:\/\/visitdistrikt.rs\/en\/wp-json\/wp\/v2\/posts\/40112"}],"collection":[{"href":"https:\/\/visitdistrikt.rs\/en\/wp-json\/wp\/v2\/posts"}],"about":[{"href":"https:\/\/visitdistrikt.rs\/en\/wp-json\/wp\/v2\/types\/post"}],"author":[{"embeddable":true,"href":"https:\/\/visitdistrikt.rs\/en\/wp-json\/wp\/v2\/users\/13"}],"replies":[{"embeddable":true,"href":"https:\/\/visitdistrikt.rs\/en\/wp-json\/wp\/v2\/comments?post=40112"}],"version-history":[{"count":7,"href":"https:\/\/visitdistrikt.rs\/en\/wp-json\/wp\/v2\/posts\/40112\/revisions"}],"predecessor-version":[{"id":40119,"href":"https:\/\/visitdistrikt.rs\/en\/wp-json\/wp\/v2\/posts\/40112\/revisions\/40119"}],"wp:featuredmedia":[{"embeddable":true,"href":"https:\/\/visitdistrikt.rs\/en\/wp-json\/wp\/v2\/media\/40072"}],"wp:attachment":[{"href":"https:\/\/visitdistrikt.rs\/en\/wp-json\/wp\/v2\/media?parent=40112"}],"wp:term":[{"taxonomy":"category","embeddable":true,"href":"https:\/\/visitdistrikt.rs\/en\/wp-json\/wp\/v2\/categories?post=40112"},{"taxonomy":"post_tag","embeddable":true,"href":"https:\/\/visitdistrikt.rs\/en\/wp-json\/wp\/v2\/tags?post=40112"}],"curies":[{"name":"wp","href":"https:\/\/api.w.org\/{rel}","templated":true}]}}