{"id":40537,"date":"2022-10-10T15:27:57","date_gmt":"2022-10-10T13:27:57","guid":{"rendered":"https:\/\/visitdistrikt.rs\/?p=40537"},"modified":"2022-10-10T15:27:57","modified_gmt":"2022-10-10T13:27:57","slug":"for-the-first-time-in-novi-sad-uros-predic-for-everyone","status":"publish","type":"post","link":"https:\/\/visitdistrikt.rs\/en\/2022\/10\/10\/for-the-first-time-in-novi-sad-uros-predic-for-everyone\/","title":{"rendered":"For the First Time in Novi Sad: Uro\u0161 Predi\u0107 for Everyone!"},"content":{"rendered":"<p>The grand finale of the <a href=\"https:\/\/novisad2022.rs\/en\/home-page\/\">European Capital of Culture<\/a> is the last programme arch <a href=\"https:\/\/kalendar.novisad2022.rs\/druga-evropa\/\">Other? Europe<\/a>, which begins with the opening of a large exhibition in the <strong>Gallery of Matica Srpska<\/strong>: <strong><a href=\"https:\/\/kalendar.novisad2022.rs\/en\/events\/opening-of-the-exhibition-uros-predic-for-everyone\/\">Uro\u0161 Predi\u0107 for Everyone<\/a><\/strong>. For the first time in Novi Sad, the audience will have the opportunity to see more than 100 works and discover the third dimension of the art of one of the greatest Serbian and European realist painters, in an exhibition that will be implemented in a slightly different way.<\/p>\n<p>The exhibition, which opens tonight and will last until 31 January of next year, was created according to the highest museum standards, and its additional value is that it will be<strong> accessible to visitors of all ages, as well as the blind, deaf, and people with physical or intellectual disabilities<\/strong>. As such, it is an example and an incentive to continue creating programmes in the future that would be completely accessible to all visitors. The focus will not only be on the works that are part of the GMS collection, but the audience will also find works of art from the National Museum of Serbia, the National Museum of Zrenjanin, Matica Srpska, the Museum of the Serbian Orthodox Church, the Museum of the City of Belgrade, the Faculty of Fine Arts, the Zagreb National Museum of Modern Art&#8230; as well as the paintings from private collections, most of which have not been exhibited until now.<\/p>\n<p>In order to bring \u2018first-hand\u2019 information to the readers about the exhibition, but also about Predi\u0107, as one of the greatest Serbian painters, and the importance of holding the exhibition in the European Capital of Culture title year, we spoke with the author of the exhibition <strong>Sne\u017eana Mi\u0161i\u0107, PhD<\/strong>. She told Visit Novi Sad that the <a href=\"https:\/\/kalendar.novisad2022.rs\/en\/events\/opening-of-the-exhibition-uros-predic-for-everyone\/\">Uro\u0161 Predi\u0107. A Life Dedicated to Beauty and Art<\/a> exhibition in the Gallery of Matica Srpska presents the art work of one of the greatest national painters, who, creating continuously for more than eight decades, left an extremely rich artistic opus, in which he achieved great achievements.<\/p>\n<figure id=\"attachment_40504\" aria-describedby=\"caption-attachment-40504\" style=\"width: 623px\" class=\"wp-caption aligncenter\"><img fetchpriority=\"high\" decoding=\"async\" class=\"size-full wp-image-40504\" src=\"https:\/\/visitdistrikt.rs\/media\/2022\/10\/Nadurena-devojcica-1879.-1.jpg\" alt=\"\" width=\"623\" height=\"800\" srcset=\"https:\/\/visitdistrikt.rs\/media\/2022\/10\/Nadurena-devojcica-1879.-1.jpg 623w, https:\/\/visitdistrikt.rs\/media\/2022\/10\/Nadurena-devojcica-1879.-1-234x300.jpg 234w\" sizes=\"(max-width: 623px) 100vw, 623px\" \/><figcaption id=\"caption-attachment-40504\" class=\"wp-caption-text\">Nadurena devoj\u010dica, 1879.<\/figcaption><\/figure>\n<p>\u2018Through the selection of the most representative works, as well as those less known to the public, it is possible to view the artistic opus of Uro\u0161 Predi\u0107, while documentary material (letters, photographs, personal items, etc.) illustrates his life and creative path. In several units \u2012 anecdotal and social genres, religious painting, portraits, topics from national history, connections with Matica Srpska, Predi\u0107&#8217;s thematic orientations are presented\u2019 \u2012 explained our interlocutor, adding that by implementing an exhibition of<strong> Uro\u0161 Predi\u0107&#8217;s<\/strong> works, we wish to once again show the value of Serbian art in the European Capital of Culture title year.<\/p>\n<h2>The Great of National Painting<\/h2>\n<p>Predi\u0107 is one of the favourite painters in Serbia, who regularly attracts many visitors to museums and galleries. He is one of the painters who had a prominent role in the artistic, social and cultural life of the Serbian nation at the end of the 19th and in the first half of the 20th century, an artist who still enjoys great respect both among professionals and the general public. The duration, consistency and persistence of artistic beliefs, great artistic talent and dedication to work are, as<strong> Sne\u017eana Mi\u0161i\u0107, PhD<\/strong>, says, the values with which Uro\u0161 Predi\u0107 earned the status of a great national painter. \u2018Predi\u0107&#8217;s work, to the greatest extent kept within academic frameworks and recognizable artistic poetics, survived, resisting the contemporary aspirations of painting, all modern expressions and trends in art, representing \u2012 we can now freely say \u2012 timeless value.\u2019<\/p>\n<figure id=\"attachment_40510\" aria-describedby=\"caption-attachment-40510\" style=\"width: 629px\" class=\"wp-caption aligncenter\"><img decoding=\"async\" class=\"size-full wp-image-40510\" src=\"https:\/\/visitdistrikt.rs\/media\/2022\/10\/Studija-starca-sa-bradom-1.jpg\" alt=\"\" width=\"629\" height=\"800\" srcset=\"https:\/\/visitdistrikt.rs\/media\/2022\/10\/Studija-starca-sa-bradom-1.jpg 629w, https:\/\/visitdistrikt.rs\/media\/2022\/10\/Studija-starca-sa-bradom-1-236x300.jpg 236w\" sizes=\"(max-width: 629px) 100vw, 629px\" \/><figcaption id=\"caption-attachment-40510\" class=\"wp-caption-text\">Studija starca sa bradom<\/figcaption><\/figure>\n<h2>Predi\u0107&#8217;s Works Exhibited 25 Years Ago<\/h2>\n<p>The last retrospective exhibition in Novi Sad was held 25 years ago, when the Gallery of Matica Srpska celebrated the 150th anniversary of its existence, and it aroused great public interest at the time. Given that this year the Gallery of Matica Srpska celebrates its 175th anniversary, the exhibition of Predi\u0107&#8217;s work begins the programme to mark this great jubilee, since the Gallery of Matica Srpska continues to home the work of the painter. \u2018We decided to present the life and work of one of the greatest national painters, his place in Serbian art and culture, as well as his exceptional contribution to Matica Srpska and its Museum \u2012 today&#8217;s Gallery,\u2019 Mi\u0161i\u0107 explained.<\/p>\n<figure id=\"attachment_40506\" aria-describedby=\"caption-attachment-40506\" style=\"width: 541px\" class=\"wp-caption aligncenter\"><img decoding=\"async\" class=\"size-full wp-image-40506\" src=\"https:\/\/visitdistrikt.rs\/media\/2022\/10\/Sv.-Georgije-ubija-azdaju-1930.-1.jpg\" alt=\"\" width=\"541\" height=\"800\" srcset=\"https:\/\/visitdistrikt.rs\/media\/2022\/10\/Sv.-Georgije-ubija-azdaju-1930.-1.jpg 541w, https:\/\/visitdistrikt.rs\/media\/2022\/10\/Sv.-Georgije-ubija-azdaju-1930.-1-203x300.jpg 203w\" sizes=\"(max-width: 541px) 100vw, 541px\" \/><figcaption id=\"caption-attachment-40506\" class=\"wp-caption-text\">Sv. Georgije ubija a\u017edaju, 1930.<\/figcaption><\/figure>\n<h2>Educational Programme of the Exhibition<\/h2>\n<p>Along with the exhibition, a large number of accompanying programmes are announced, such as programmes for the blind and visually impaired visitors, deaf and hard of hearing visitors, people with intellectual disabilities, and programmes for children and the elderly.<\/p>\n<p>\u2018In accordance with the institutional commitment developed over the past quarter of a century that we are a museum open to everyone, we prepared a rich accompanying programme. In addition to daily curatorial guidance through the exhibition and expert lectures, an integral part of the exhibition is the programme <strong>Uro\u0161 Predi\u0107 for Everyone<\/strong>, which is adapted to different ages, as well as to people with different categories of disabilities. In addition to tactile models of paintings and audio guidance, expert interpretations and curatorial guidance will be provided through the exhibition in sign language and inclusive workshops with the Per.Art organization. For the youngest visitors, we have prepared an educational programme <em>Once Upon a Time There Was a Painter. Uro\u0161 Predi\u0107<\/em>, while young people will get to know the life and work of Uro\u0161 Predi\u0107 through the programme <em>Predi\u0107 as a Comic Book Hero<\/em>. In this manner, we wish to point out the importance of creating a society in which all visitors equally exercise their right to participate in cultural life.\u2019<\/p>\n<h2>We Did Not Know about Predi\u0107<\/h2>\n<p>The author of the exhibition also referred to lesser-known details from the life of Uro\u0161 Predi\u0107, which are important for understanding his work. \u2018The public may not know that Uro\u0161 Predi\u0107 was not only a great painter but also one of the smartest, an intellectual of high literary culture and unobtrusive erudition. He had a highly developed awareness of truth, moral values and a passion for spiritual improvement, looking up to the German philosopher Arthur Schopenhauer, for whom he had great respect,\u2019 explained Mi\u0161i\u0107.<\/p>\n<p>The influence of this idealist philosopher, a classic representative of pessimism, as he says, is also noticeable in Predi\u0107&#8217;s work, but also, above all, in his personality \u2012 in his tendency to melancholic-pessimistic thoughts, introspection, solitude, in his consistency with principles and the persistence of his own beliefs. Consistent with his principles in painting and art, steadfast in nurturing his own artistic qualities and values, Predi\u0107&#8217;s melancholic character and his painting became a symbol of idealism and the pursuit of universal and timeless values such as beauty and art.<\/p>\n<figure id=\"attachment_40508\" aria-describedby=\"caption-attachment-40508\" style=\"width: 536px\" class=\"wp-caption aligncenter\"><img loading=\"lazy\" decoding=\"async\" class=\"size-full wp-image-40508\" src=\"https:\/\/visitdistrikt.rs\/media\/2022\/10\/Sv.-Nikola-spasava-brodolomnike-1932.-1.jpg\" alt=\"\" width=\"536\" height=\"800\" srcset=\"https:\/\/visitdistrikt.rs\/media\/2022\/10\/Sv.-Nikola-spasava-brodolomnike-1932.-1.jpg 536w, https:\/\/visitdistrikt.rs\/media\/2022\/10\/Sv.-Nikola-spasava-brodolomnike-1932.-1-201x300.jpg 201w\" sizes=\"(max-width: 536px) 100vw, 536px\" \/><figcaption id=\"caption-attachment-40508\" class=\"wp-caption-text\">Sv. Nikola spasava brodolomnike, 1932.<\/figcaption><\/figure>\n<h2>Masterpieces for the First Time in ECoC<\/h2>\n<p>You can visit the <a href=\"https:\/\/kalendar.novisad2022.rs\/en\/events\/opening-of-the-exhibition-uros-predic-for-everyone\/\">Uro\u0161 Predi\u0107. A Life Dedicated to Beauty and Art<\/a> exhibition until 31 January 2023 in the Gallery of Matica Srpska <strong>every day except Monday<\/strong>. In addition to the key paintings by Uro\u0161 Predi\u0107, which also represent masterpieces of Serbian art, such as Kosovo Maiden, Refugees from the Herzegovina Uprising, Happy Brothers, Orphans on Mother&#8217;s Grave, Girl at the Fountain, Sulking Girl, you will also have the opportunity to see a significant number of works from private collections, some of which are presented to the public for the first time. Furthermore, thanks to the cooperation with the Computer Graphics Department of the Faculty of Technical Sciences in Novi Sad, drawings by Uro\u0161 Predi\u0107 from the collection of the Gallery of Matica Srpska and the iconostasis of the Church of St. George in Be\u010dej, which represents his most successful work in the field of religious painting, will be<\/p>\n<p>presented via multimedia web presentation, <em>while the Uro\u0161 Predi\u0107<\/em> film was shot in collaboration with Bla\u017ea Popovi\u0107.<\/p>\n<p><strong>Author<\/strong>: Tihana Smiljani\u0107<\/p>\n<p><strong>Photo<\/strong>: Vladimir Veli\u010dkovi\u0107, GMS archives<\/p>\n","protected":false},"excerpt":{"rendered":"<p>The grand finale of the European Capital of Culture is the last programme arch Other? Europe, which begins with the opening of a large exhibition in the Gallery of Matica Srpska: Uro\u0161 Predi\u0107 for Everyone. For the first time in Novi Sad, the audience will have the opportunity to see more than 100 works and [&hellip;]<\/p>\n","protected":false},"author":13,"featured_media":40500,"comment_status":"closed","ping_status":"closed","sticky":false,"template":"","format":"standard","meta":{"footnotes":"","_links_to":"","_links_to_target":""},"categories":[1015,293,291],"tags":[],"yoast_head":"<!-- This site is optimized with the Yoast SEO plugin v22.4 - https:\/\/yoast.com\/wordpress\/plugins\/seo\/ -->\n<title>For the First Time in Novi Sad: Uro\u0161 Predi\u0107 for Everyone! - Visit Distrikt Novi Sad<\/title>\n<meta name=\"description\" content=\"Program arc Second? Europe begins with Uro\u0161 Predi\u0107&#039;s exhibition for everyone, which will be accessible to people with disabilities\" \/>\n<meta name=\"robots\" content=\"index, follow, max-snippet:-1, max-image-preview:large, max-video-preview:-1\" \/>\n<link rel=\"canonical\" href=\"https:\/\/visitdistrikt.rs\/en\/2022\/10\/10\/for-the-first-time-in-novi-sad-uros-predic-for-everyone\/\" \/>\n<meta property=\"og:locale\" content=\"en_US\" \/>\n<meta property=\"og:type\" content=\"article\" \/>\n<meta property=\"og:title\" content=\"For the First Time in Novi Sad: Uro\u0161 Predi\u0107 for Everyone! - Visit Distrikt Novi Sad\" \/>\n<meta property=\"og:description\" content=\"Program arc Second? Europe begins with Uro\u0161 Predi\u0107&#039;s exhibition for everyone, which will be accessible to people with disabilities\" \/>\n<meta property=\"og:url\" content=\"https:\/\/visitdistrikt.rs\/en\/2022\/10\/10\/for-the-first-time-in-novi-sad-uros-predic-for-everyone\/\" \/>\n<meta property=\"og:site_name\" content=\"Visit Distrikt Novi Sad\" \/>\n<meta property=\"article:published_time\" content=\"2022-10-10T13:27:57+00:00\" \/>\n<meta property=\"og:image\" content=\"https:\/\/visitdistrikt.rs\/media\/2022\/10\/Sveti-Nikola-spasava-brodolomnike-detalj-1-e1665136655503.jpg\" \/>\n\t<meta property=\"og:image:width\" content=\"1920\" \/>\n\t<meta property=\"og:image:height\" content=\"1294\" \/>\n\t<meta property=\"og:image:type\" content=\"image\/jpeg\" \/>\n<meta name=\"author\" content=\"Andjela\" \/>\n<meta name=\"twitter:card\" content=\"summary_large_image\" \/>\n<meta name=\"twitter:label1\" content=\"Written by\" \/>\n\t<meta name=\"twitter:data1\" content=\"Andjela\" \/>\n\t<meta name=\"twitter:label2\" content=\"Est. reading time\" \/>\n\t<meta name=\"twitter:data2\" content=\"7 minutes\" \/>\n<script type=\"application\/ld+json\" class=\"yoast-schema-graph\">{\"@context\":\"https:\/\/schema.org\",\"@graph\":[{\"@type\":\"WebPage\",\"@id\":\"https:\/\/visitdistrikt.rs\/en\/2022\/10\/10\/for-the-first-time-in-novi-sad-uros-predic-for-everyone\/\",\"url\":\"https:\/\/visitdistrikt.rs\/en\/2022\/10\/10\/for-the-first-time-in-novi-sad-uros-predic-for-everyone\/\",\"name\":\"For the First Time in Novi Sad: Uro\u0161 Predi\u0107 for Everyone! - Visit Distrikt Novi Sad\",\"isPartOf\":{\"@id\":\"https:\/\/visitdistrikt.rs\/#website\"},\"primaryImageOfPage\":{\"@id\":\"https:\/\/visitdistrikt.rs\/en\/2022\/10\/10\/for-the-first-time-in-novi-sad-uros-predic-for-everyone\/#primaryimage\"},\"image\":{\"@id\":\"https:\/\/visitdistrikt.rs\/en\/2022\/10\/10\/for-the-first-time-in-novi-sad-uros-predic-for-everyone\/#primaryimage\"},\"thumbnailUrl\":\"https:\/\/visitdistrikt.rs\/media\/2022\/10\/Sveti-Nikola-spasava-brodolomnike-detalj-1-e1665136655503.jpg\",\"datePublished\":\"2022-10-10T13:27:57+00:00\",\"dateModified\":\"2022-10-10T13:27:57+00:00\",\"author\":{\"@id\":\"https:\/\/visitdistrikt.rs\/#\/schema\/person\/1d409dd2a9c7858729ec7a42dcf267e6\"},\"description\":\"Program arc Second? Europe begins with Uro\u0161 Predi\u0107's exhibition for everyone, which will be accessible to people with disabilities\",\"breadcrumb\":{\"@id\":\"https:\/\/visitdistrikt.rs\/en\/2022\/10\/10\/for-the-first-time-in-novi-sad-uros-predic-for-everyone\/#breadcrumb\"},\"inLanguage\":\"en-US\",\"potentialAction\":[{\"@type\":\"ReadAction\",\"target\":[\"https:\/\/visitdistrikt.rs\/en\/2022\/10\/10\/for-the-first-time-in-novi-sad-uros-predic-for-everyone\/\"]}]},{\"@type\":\"ImageObject\",\"inLanguage\":\"en-US\",\"@id\":\"https:\/\/visitdistrikt.rs\/en\/2022\/10\/10\/for-the-first-time-in-novi-sad-uros-predic-for-everyone\/#primaryimage\",\"url\":\"https:\/\/visitdistrikt.rs\/media\/2022\/10\/Sveti-Nikola-spasava-brodolomnike-detalj-1-e1665136655503.jpg\",\"contentUrl\":\"https:\/\/visitdistrikt.rs\/media\/2022\/10\/Sveti-Nikola-spasava-brodolomnike-detalj-1-e1665136655503.jpg\",\"width\":1920,\"height\":1294},{\"@type\":\"BreadcrumbList\",\"@id\":\"https:\/\/visitdistrikt.rs\/en\/2022\/10\/10\/for-the-first-time-in-novi-sad-uros-predic-for-everyone\/#breadcrumb\",\"itemListElement\":[{\"@type\":\"ListItem\",\"position\":1,\"name\":\"Home\",\"item\":\"https:\/\/visitdistrikt.rs\/en\/\"},{\"@type\":\"ListItem\",\"position\":2,\"name\":\"For the First Time in Novi Sad: Uro\u0161 Predi\u0107 for Everyone!\"}]},{\"@type\":\"WebSite\",\"@id\":\"https:\/\/visitdistrikt.rs\/#website\",\"url\":\"https:\/\/visitdistrikt.rs\/\",\"name\":\"Visit Distrikt Novi Sad\",\"description\":\"Novi Sad\",\"potentialAction\":[{\"@type\":\"SearchAction\",\"target\":{\"@type\":\"EntryPoint\",\"urlTemplate\":\"https:\/\/visitdistrikt.rs\/?s={search_term_string}\"},\"query-input\":\"required name=search_term_string\"}],\"inLanguage\":\"en-US\"},{\"@type\":\"Person\",\"@id\":\"https:\/\/visitdistrikt.rs\/#\/schema\/person\/1d409dd2a9c7858729ec7a42dcf267e6\",\"name\":\"Andjela\",\"image\":{\"@type\":\"ImageObject\",\"inLanguage\":\"en-US\",\"@id\":\"https:\/\/visitdistrikt.rs\/#\/schema\/person\/image\/\",\"url\":\"https:\/\/secure.gravatar.com\/avatar\/9c97624b5cc2432e05342df03b977bac?s=96&d=mm&r=g\",\"contentUrl\":\"https:\/\/secure.gravatar.com\/avatar\/9c97624b5cc2432e05342df03b977bac?s=96&d=mm&r=g\",\"caption\":\"Andjela\"}}]}<\/script>\n<!-- \/ Yoast SEO plugin. -->","yoast_head_json":{"title":"For the First Time in Novi Sad: Uro\u0161 Predi\u0107 for Everyone! - Visit Distrikt Novi Sad","description":"Program arc Second? Europe begins with Uro\u0161 Predi\u0107's exhibition for everyone, which will be accessible to people with disabilities","robots":{"index":"index","follow":"follow","max-snippet":"max-snippet:-1","max-image-preview":"max-image-preview:large","max-video-preview":"max-video-preview:-1"},"canonical":"https:\/\/visitdistrikt.rs\/en\/2022\/10\/10\/for-the-first-time-in-novi-sad-uros-predic-for-everyone\/","og_locale":"en_US","og_type":"article","og_title":"For the First Time in Novi Sad: Uro\u0161 Predi\u0107 for Everyone! - Visit Distrikt Novi Sad","og_description":"Program arc Second? Europe begins with Uro\u0161 Predi\u0107's exhibition for everyone, which will be accessible to people with disabilities","og_url":"https:\/\/visitdistrikt.rs\/en\/2022\/10\/10\/for-the-first-time-in-novi-sad-uros-predic-for-everyone\/","og_site_name":"Visit Distrikt Novi Sad","article_published_time":"2022-10-10T13:27:57+00:00","og_image":[{"width":1920,"height":1294,"url":"https:\/\/visitdistrikt.rs\/media\/2022\/10\/Sveti-Nikola-spasava-brodolomnike-detalj-1-e1665136655503.jpg","type":"image\/jpeg"}],"author":"Andjela","twitter_card":"summary_large_image","twitter_misc":{"Written by":"Andjela","Est. reading time":"7 minutes"},"schema":{"@context":"https:\/\/schema.org","@graph":[{"@type":"WebPage","@id":"https:\/\/visitdistrikt.rs\/en\/2022\/10\/10\/for-the-first-time-in-novi-sad-uros-predic-for-everyone\/","url":"https:\/\/visitdistrikt.rs\/en\/2022\/10\/10\/for-the-first-time-in-novi-sad-uros-predic-for-everyone\/","name":"For the First Time in Novi Sad: Uro\u0161 Predi\u0107 for Everyone! - Visit Distrikt Novi Sad","isPartOf":{"@id":"https:\/\/visitdistrikt.rs\/#website"},"primaryImageOfPage":{"@id":"https:\/\/visitdistrikt.rs\/en\/2022\/10\/10\/for-the-first-time-in-novi-sad-uros-predic-for-everyone\/#primaryimage"},"image":{"@id":"https:\/\/visitdistrikt.rs\/en\/2022\/10\/10\/for-the-first-time-in-novi-sad-uros-predic-for-everyone\/#primaryimage"},"thumbnailUrl":"https:\/\/visitdistrikt.rs\/media\/2022\/10\/Sveti-Nikola-spasava-brodolomnike-detalj-1-e1665136655503.jpg","datePublished":"2022-10-10T13:27:57+00:00","dateModified":"2022-10-10T13:27:57+00:00","author":{"@id":"https:\/\/visitdistrikt.rs\/#\/schema\/person\/1d409dd2a9c7858729ec7a42dcf267e6"},"description":"Program arc Second? Europe begins with Uro\u0161 Predi\u0107's exhibition for everyone, which will be accessible to people with disabilities","breadcrumb":{"@id":"https:\/\/visitdistrikt.rs\/en\/2022\/10\/10\/for-the-first-time-in-novi-sad-uros-predic-for-everyone\/#breadcrumb"},"inLanguage":"en-US","potentialAction":[{"@type":"ReadAction","target":["https:\/\/visitdistrikt.rs\/en\/2022\/10\/10\/for-the-first-time-in-novi-sad-uros-predic-for-everyone\/"]}]},{"@type":"ImageObject","inLanguage":"en-US","@id":"https:\/\/visitdistrikt.rs\/en\/2022\/10\/10\/for-the-first-time-in-novi-sad-uros-predic-for-everyone\/#primaryimage","url":"https:\/\/visitdistrikt.rs\/media\/2022\/10\/Sveti-Nikola-spasava-brodolomnike-detalj-1-e1665136655503.jpg","contentUrl":"https:\/\/visitdistrikt.rs\/media\/2022\/10\/Sveti-Nikola-spasava-brodolomnike-detalj-1-e1665136655503.jpg","width":1920,"height":1294},{"@type":"BreadcrumbList","@id":"https:\/\/visitdistrikt.rs\/en\/2022\/10\/10\/for-the-first-time-in-novi-sad-uros-predic-for-everyone\/#breadcrumb","itemListElement":[{"@type":"ListItem","position":1,"name":"Home","item":"https:\/\/visitdistrikt.rs\/en\/"},{"@type":"ListItem","position":2,"name":"For the First Time in Novi Sad: Uro\u0161 Predi\u0107 for Everyone!"}]},{"@type":"WebSite","@id":"https:\/\/visitdistrikt.rs\/#website","url":"https:\/\/visitdistrikt.rs\/","name":"Visit Distrikt Novi Sad","description":"Novi Sad","potentialAction":[{"@type":"SearchAction","target":{"@type":"EntryPoint","urlTemplate":"https:\/\/visitdistrikt.rs\/?s={search_term_string}"},"query-input":"required name=search_term_string"}],"inLanguage":"en-US"},{"@type":"Person","@id":"https:\/\/visitdistrikt.rs\/#\/schema\/person\/1d409dd2a9c7858729ec7a42dcf267e6","name":"Andjela","image":{"@type":"ImageObject","inLanguage":"en-US","@id":"https:\/\/visitdistrikt.rs\/#\/schema\/person\/image\/","url":"https:\/\/secure.gravatar.com\/avatar\/9c97624b5cc2432e05342df03b977bac?s=96&d=mm&r=g","contentUrl":"https:\/\/secure.gravatar.com\/avatar\/9c97624b5cc2432e05342df03b977bac?s=96&d=mm&r=g","caption":"Andjela"}}]}},"_links":{"self":[{"href":"https:\/\/visitdistrikt.rs\/en\/wp-json\/wp\/v2\/posts\/40537"}],"collection":[{"href":"https:\/\/visitdistrikt.rs\/en\/wp-json\/wp\/v2\/posts"}],"about":[{"href":"https:\/\/visitdistrikt.rs\/en\/wp-json\/wp\/v2\/types\/post"}],"author":[{"embeddable":true,"href":"https:\/\/visitdistrikt.rs\/en\/wp-json\/wp\/v2\/users\/13"}],"replies":[{"embeddable":true,"href":"https:\/\/visitdistrikt.rs\/en\/wp-json\/wp\/v2\/comments?post=40537"}],"version-history":[{"count":1,"href":"https:\/\/visitdistrikt.rs\/en\/wp-json\/wp\/v2\/posts\/40537\/revisions"}],"predecessor-version":[{"id":40542,"href":"https:\/\/visitdistrikt.rs\/en\/wp-json\/wp\/v2\/posts\/40537\/revisions\/40542"}],"wp:featuredmedia":[{"embeddable":true,"href":"https:\/\/visitdistrikt.rs\/en\/wp-json\/wp\/v2\/media\/40500"}],"wp:attachment":[{"href":"https:\/\/visitdistrikt.rs\/en\/wp-json\/wp\/v2\/media?parent=40537"}],"wp:term":[{"taxonomy":"category","embeddable":true,"href":"https:\/\/visitdistrikt.rs\/en\/wp-json\/wp\/v2\/categories?post=40537"},{"taxonomy":"post_tag","embeddable":true,"href":"https:\/\/visitdistrikt.rs\/en\/wp-json\/wp\/v2\/tags?post=40537"}],"curies":[{"name":"wp","href":"https:\/\/api.w.org\/{rel}","templated":true}]}}