{"id":40644,"date":"2022-10-13T13:26:28","date_gmt":"2022-10-13T11:26:28","guid":{"rendered":"https:\/\/visitdistrikt.rs\/?p=40644"},"modified":"2022-10-13T13:26:28","modified_gmt":"2022-10-13T11:26:28","slug":"marija-vrebalov-djordjevic-every-dark-side-has-its-light","status":"publish","type":"post","link":"https:\/\/visitdistrikt.rs\/en\/2022\/10\/13\/marija-vrebalov-djordjevic-every-dark-side-has-its-light\/","title":{"rendered":"Marija Vrebalov \u0110or\u0111evi\u0107: Every Dark Side Has Its Light"},"content":{"rendered":"<p><strong>Marija Vrebalov \u0110or\u0111evi\u0107<\/strong>, a citizen of Novi Sad, is a heroine who faced difficult challenges in life. Twenty two years ago, she experienced a serious traffic accident and two clinical deaths, after which, despite demanding operations and a long period of recovery, she was left with a permanent physical disability. Today, this remarkable, talented woman works as a consultant on accessibility and a consultant in design and feng shui. She has recently <strong>published her first book<\/strong>, <strong>the autobiography<\/strong> \u2018<em><strong>The Light of Darkness<\/strong><\/em>\u2019, which she will <strong>present<\/strong> to the Novi Sad audience at the <a href=\"https:\/\/kulturnestanice.rs\/en\/\"><strong>Svilara Cultural Station<\/strong><\/a> on<strong> 27 October<\/strong>. This book was created on the basis of personal notes she wrote down after the accident. She has been writing about her feelings in a diary since she was a child, and she posted about her personal dealing with pain and other unexpected life events that followed the accident, such as the divorce from her first husband and the fight for custody, on social media and selflessly shared her intimacy with others, in order to find some solace in everything, but also give hope to those whose life brought them a similar scenario.<\/p>\n<p>\u2018From the very first text I posted, I\u2019ve been aware that every written word is a great responsibility. I knew that it was exactly what I had been missing throughout all the years since the accident, knowing that there was someone who knew how I felt. I would feel every time that it\u2019s good that I bared myself, that I\u2019m writing my truth,\u2019 said<strong> Marija Vrebalov \u0110or\u0111evi\u0107<\/strong>, a woman who became a synonym for courage and strength.<\/p>\n<p>Today, she is writing her story on the new pages of her life, is happily married and lives for the smile of her husband Sa\u0161a. She celebrates life with a new spark in her eyes and says it is up to us to decide how we will feel about something unpleasant and deal with it. In anticipation of the promotion of the autobiography \u2018<em><strong>The Light of Darkness<\/strong><\/em>\u2019, to which we invite you to come on<strong> 27 October at Svilara Cultural Station<\/strong>, we got the opportunity to talk with this remarkable woman who is an inspiration in many ways.<\/p>\n<p><img fetchpriority=\"high\" decoding=\"async\" class=\"aligncenter size-full wp-image-40518\" src=\"https:\/\/visitdistrikt.rs\/media\/2022\/10\/V.Velickovic-October09-001-1.jpg\" alt=\"\" width=\"800\" height=\"533\" srcset=\"https:\/\/visitdistrikt.rs\/media\/2022\/10\/V.Velickovic-October09-001-1.jpg 800w, https:\/\/visitdistrikt.rs\/media\/2022\/10\/V.Velickovic-October09-001-1-300x200.jpg 300w, https:\/\/visitdistrikt.rs\/media\/2022\/10\/V.Velickovic-October09-001-1-768x512.jpg 768w\" sizes=\"(max-width: 800px) 100vw, 800px\" \/><\/p>\n<p><strong>Did writing this book contribute to seeing the unique experiences that you have shared with your followers on social networks from a different perspective? Did the need to condense so many intense experiences on a relatively small number of pages bring a new perspective and experience?<\/strong><\/p>\n<p>For me, each reading of the diary has been a new experience. When I started arranging those diary entries, there were days when I didn\u2019t have the strength to continue. Some events are written down to the smallest detail, and while going through them I was overwhelmed with shivers, fear, and distrust regarding my own life. The summarisation of the texts happened at the moment when that experience dissolved in me and when my being accepted and understood it.<\/p>\n<p><strong>Writing a diary, as you often say, has always had a healing effect on you. How much did it help you, and how can a person cope with the pain caused by the life situations you went through?<\/strong><\/p>\n<p>My father has taught me that you can\u2019t run away from pain. That was the most important lesson that took me a long time to learn because there was a lot of pain in my life from an early age. Mom died early, when I had just entered the secondary school, then dad had a serious car accident just two months after her death, he was in a coma&#8230; then I was alone for a lot of time in a big house that turned from a fairy tale into a horror. Then I took my diary and wrote several times during the day. My peers could not be my interlocutors. I didn\u2019t share the fear for my dad, sadness, anger, and despair because of my mom\u2019s death with anyone. The writing was a getaway, a confrontation, a conversation on paper with them.<\/p>\n<p><img decoding=\"async\" class=\"aligncenter size-full wp-image-40522\" src=\"https:\/\/visitdistrikt.rs\/media\/2022\/10\/V.Velickovic-October09-033-1.jpg\" alt=\"\" width=\"800\" height=\"533\" srcset=\"https:\/\/visitdistrikt.rs\/media\/2022\/10\/V.Velickovic-October09-033-1.jpg 800w, https:\/\/visitdistrikt.rs\/media\/2022\/10\/V.Velickovic-October09-033-1-300x200.jpg 300w, https:\/\/visitdistrikt.rs\/media\/2022\/10\/V.Velickovic-October09-033-1-768x512.jpg 768w\" sizes=\"(max-width: 800px) 100vw, 800px\" \/><\/p>\n<p><strong>Are you now aware of the impact your posts about your experiences have had on a wide readership, people\u2019s personal lives and the tremendous inspiration and hope they bring? Is the book just another step in the same direction?<\/strong><\/p>\n<p>From the very first text I posted, I\u2019ve been aware that every written word is a great responsibility. I knew that it was exactly what I had been missing throughout all the years since the accident, knowing that there was someone who knew how I felt. I didn\u2019t have any expectations for a single moment, and when I received messages in my inbox, I felt for the people who wrote to me. I would feel every time that it is good that I bared myself, that I write about my truth and feelings that are sometimes unbearable, and that the people who contact me have the same or similar feelings.<\/p>\n<p><strong>How do you perceive life today and what are the life values that you firmly believe in? Is luck one of them?<\/strong><\/p>\n<p>Life is a complex phenomenon, and it is clarified and simplified by truth, love, and persistence in those qualities. We create our own happiness.<\/p>\n<p><img decoding=\"async\" class=\"aligncenter size-full wp-image-40520\" src=\"https:\/\/visitdistrikt.rs\/media\/2022\/10\/V.Velickovic-October09-019-1.jpg\" alt=\"\" width=\"800\" height=\"533\" srcset=\"https:\/\/visitdistrikt.rs\/media\/2022\/10\/V.Velickovic-October09-019-1.jpg 800w, https:\/\/visitdistrikt.rs\/media\/2022\/10\/V.Velickovic-October09-019-1-300x200.jpg 300w, https:\/\/visitdistrikt.rs\/media\/2022\/10\/V.Velickovic-October09-019-1-768x512.jpg 768w\" sizes=\"(max-width: 800px) 100vw, 800px\" \/><\/p>\n<p><strong>Is the title of your autobiography, \u2018The Light of Darkness\u2019, a kind of glimmer of hope, and how important is it to you, as well as to those who followed you on social networks, that you now have your life story rounded off with a book?<\/strong><\/p>\n<p>Each of us has our own path, our own personal darkness, some rock-bottom which we think it\u2019s impossible to get up from, some fear that swallows us up and won\u2019t let go, and we have to deal with a lot of it on our own. The time we live in is full of uncertainty. We don\u2019t know who to trust, we are looking for truths in various spheres, and the essence of the book and my writings, suggested by the title of the book itself, is that darkness has its own light, that they are always together and that everything is within us.<\/p>\n<p><strong>What do you enjoy most in your free time?<\/strong><\/p>\n<p>I enjoy conversations with my husband Aleksandar the most. I\u2019ve been missing that my entire life \u2013 a husband to whom I can open up completely without judgment and belittling. We enjoy together the places we loved as children, we laugh all the time, and I enjoy it. Laughter heals. We read to each other before sleep, depending on whose glasses are in the bed.<\/p>\n<p><img loading=\"lazy\" decoding=\"async\" class=\"aligncenter size-full wp-image-40524\" src=\"https:\/\/visitdistrikt.rs\/media\/2022\/10\/V.Velickovic-October09-024-1.jpg\" alt=\"\" width=\"533\" height=\"800\" srcset=\"https:\/\/visitdistrikt.rs\/media\/2022\/10\/V.Velickovic-October09-024-1.jpg 533w, https:\/\/visitdistrikt.rs\/media\/2022\/10\/V.Velickovic-October09-024-1-200x300.jpg 200w\" sizes=\"(max-width: 533px) 100vw, 533px\" \/><\/p>\n<p><strong>Are you planning a visit to one of the numerous events of the Other? Europe programme, within the European Capital of Culture project, from 7 October to 27 November, dealing with inclusive events with an emphasis on the creativity of marginalised groups?<\/strong><\/p>\n<p>Of course! Especially when I personally participate in the implementation of one of the most important projects for me, since I have been a wheelchair user, in the field of culture. In addition to writing the Accessibility Strategy and an Accessibility Guide for Cultural Institutions, we will present the programme \u2018Uro\u0161 Predi\u0107 for Everyone\u2019, on the occasion of the 175th anniversary of the Gallery of Matica Srpska, in the form of a film, a children\u2019s publication, comics and a programme for people with disabilities, in the Gallery, on 21 October, at 7 p.m.<\/p>\n<p><strong>Author<\/strong>: Marina Mari\u0107<\/p>\n<p><strong>Photo<\/strong>: Vladimir Veli\u010dkovi\u0107<\/p>\n","protected":false},"excerpt":{"rendered":"<p>Marija Vrebalov \u0110or\u0111evi\u0107, a citizen of Novi Sad, is a heroine who faced difficult challenges in life. Twenty two years ago, she experienced a serious traffic accident and two clinical deaths, after which, despite demanding operations and a long period of recovery, she was left with a permanent physical disability. Today, this remarkable, talented woman [&hellip;]<\/p>\n","protected":false},"author":13,"featured_media":40539,"comment_status":"closed","ping_status":"closed","sticky":false,"template":"","format":"standard","meta":{"footnotes":"","_links_to":"","_links_to_target":""},"categories":[293,291,998],"tags":[],"yoast_head":"<!-- This site is optimized with the Yoast SEO plugin v22.4 - https:\/\/yoast.com\/wordpress\/plugins\/seo\/ -->\n<title>Marija Vrebalov \u0110or\u0111evi\u0107: Every Dark Side Has Its Light - Visit Distrikt Novi Sad<\/title>\n<meta name=\"description\" content=\"In anticipation of the promotion of the autobiography Svetlost tame, on October 27 in the Svilara KC, the author Marija Vrebalov \u0110or\u0111evi\u0107 talks about the book for Visit NS\" \/>\n<meta name=\"robots\" content=\"index, follow, max-snippet:-1, max-image-preview:large, max-video-preview:-1\" \/>\n<link rel=\"canonical\" href=\"https:\/\/visitdistrikt.rs\/en\/2022\/10\/13\/marija-vrebalov-djordjevic-every-dark-side-has-its-light\/\" \/>\n<meta property=\"og:locale\" content=\"en_US\" \/>\n<meta property=\"og:type\" content=\"article\" \/>\n<meta property=\"og:title\" content=\"Marija Vrebalov \u0110or\u0111evi\u0107: Every Dark Side Has Its Light - Visit Distrikt Novi Sad\" \/>\n<meta property=\"og:description\" content=\"In anticipation of the promotion of the autobiography Svetlost tame, on October 27 in the Svilara KC, the author Marija Vrebalov \u0110or\u0111evi\u0107 talks about the book for Visit NS\" \/>\n<meta property=\"og:url\" content=\"https:\/\/visitdistrikt.rs\/en\/2022\/10\/13\/marija-vrebalov-djordjevic-every-dark-side-has-its-light\/\" \/>\n<meta property=\"og:site_name\" content=\"Visit Distrikt Novi Sad\" \/>\n<meta property=\"article:published_time\" content=\"2022-10-13T11:26:28+00:00\" \/>\n<meta property=\"og:image\" content=\"https:\/\/visitdistrikt.rs\/media\/2022\/10\/V.Velickovic-October09-017-3-1-e1665406329436.jpg\" \/>\n\t<meta property=\"og:image:width\" content=\"1164\" \/>\n\t<meta property=\"og:image:height\" content=\"873\" \/>\n\t<meta property=\"og:image:type\" content=\"image\/jpeg\" \/>\n<meta name=\"author\" content=\"Andjela\" \/>\n<meta name=\"twitter:card\" content=\"summary_large_image\" \/>\n<meta name=\"twitter:label1\" content=\"Written by\" \/>\n\t<meta name=\"twitter:data1\" content=\"Andjela\" \/>\n\t<meta name=\"twitter:label2\" content=\"Est. reading time\" \/>\n\t<meta name=\"twitter:data2\" content=\"6 minutes\" \/>\n<script type=\"application\/ld+json\" class=\"yoast-schema-graph\">{\"@context\":\"https:\/\/schema.org\",\"@graph\":[{\"@type\":\"WebPage\",\"@id\":\"https:\/\/visitdistrikt.rs\/en\/2022\/10\/13\/marija-vrebalov-djordjevic-every-dark-side-has-its-light\/\",\"url\":\"https:\/\/visitdistrikt.rs\/en\/2022\/10\/13\/marija-vrebalov-djordjevic-every-dark-side-has-its-light\/\",\"name\":\"Marija Vrebalov \u0110or\u0111evi\u0107: Every Dark Side Has Its Light - Visit Distrikt Novi Sad\",\"isPartOf\":{\"@id\":\"https:\/\/visitdistrikt.rs\/#website\"},\"primaryImageOfPage\":{\"@id\":\"https:\/\/visitdistrikt.rs\/en\/2022\/10\/13\/marija-vrebalov-djordjevic-every-dark-side-has-its-light\/#primaryimage\"},\"image\":{\"@id\":\"https:\/\/visitdistrikt.rs\/en\/2022\/10\/13\/marija-vrebalov-djordjevic-every-dark-side-has-its-light\/#primaryimage\"},\"thumbnailUrl\":\"https:\/\/visitdistrikt.rs\/media\/2022\/10\/V.Velickovic-October09-017-3-1-e1665406329436.jpg\",\"datePublished\":\"2022-10-13T11:26:28+00:00\",\"dateModified\":\"2022-10-13T11:26:28+00:00\",\"author\":{\"@id\":\"https:\/\/visitdistrikt.rs\/#\/schema\/person\/1d409dd2a9c7858729ec7a42dcf267e6\"},\"description\":\"In anticipation of the promotion of the autobiography Svetlost tame, on October 27 in the Svilara KC, the author Marija Vrebalov \u0110or\u0111evi\u0107 talks about the book for Visit NS\",\"breadcrumb\":{\"@id\":\"https:\/\/visitdistrikt.rs\/en\/2022\/10\/13\/marija-vrebalov-djordjevic-every-dark-side-has-its-light\/#breadcrumb\"},\"inLanguage\":\"en-US\",\"potentialAction\":[{\"@type\":\"ReadAction\",\"target\":[\"https:\/\/visitdistrikt.rs\/en\/2022\/10\/13\/marija-vrebalov-djordjevic-every-dark-side-has-its-light\/\"]}]},{\"@type\":\"ImageObject\",\"inLanguage\":\"en-US\",\"@id\":\"https:\/\/visitdistrikt.rs\/en\/2022\/10\/13\/marija-vrebalov-djordjevic-every-dark-side-has-its-light\/#primaryimage\",\"url\":\"https:\/\/visitdistrikt.rs\/media\/2022\/10\/V.Velickovic-October09-017-3-1-e1665406329436.jpg\",\"contentUrl\":\"https:\/\/visitdistrikt.rs\/media\/2022\/10\/V.Velickovic-October09-017-3-1-e1665406329436.jpg\",\"width\":1164,\"height\":873},{\"@type\":\"BreadcrumbList\",\"@id\":\"https:\/\/visitdistrikt.rs\/en\/2022\/10\/13\/marija-vrebalov-djordjevic-every-dark-side-has-its-light\/#breadcrumb\",\"itemListElement\":[{\"@type\":\"ListItem\",\"position\":1,\"name\":\"Home\",\"item\":\"https:\/\/visitdistrikt.rs\/en\/\"},{\"@type\":\"ListItem\",\"position\":2,\"name\":\"Marija Vrebalov \u0110or\u0111evi\u0107: Every Dark Side Has Its Light\"}]},{\"@type\":\"WebSite\",\"@id\":\"https:\/\/visitdistrikt.rs\/#website\",\"url\":\"https:\/\/visitdistrikt.rs\/\",\"name\":\"Visit Distrikt Novi Sad\",\"description\":\"Novi Sad\",\"potentialAction\":[{\"@type\":\"SearchAction\",\"target\":{\"@type\":\"EntryPoint\",\"urlTemplate\":\"https:\/\/visitdistrikt.rs\/?s={search_term_string}\"},\"query-input\":\"required name=search_term_string\"}],\"inLanguage\":\"en-US\"},{\"@type\":\"Person\",\"@id\":\"https:\/\/visitdistrikt.rs\/#\/schema\/person\/1d409dd2a9c7858729ec7a42dcf267e6\",\"name\":\"Andjela\",\"image\":{\"@type\":\"ImageObject\",\"inLanguage\":\"en-US\",\"@id\":\"https:\/\/visitdistrikt.rs\/#\/schema\/person\/image\/\",\"url\":\"https:\/\/secure.gravatar.com\/avatar\/9c97624b5cc2432e05342df03b977bac?s=96&d=mm&r=g\",\"contentUrl\":\"https:\/\/secure.gravatar.com\/avatar\/9c97624b5cc2432e05342df03b977bac?s=96&d=mm&r=g\",\"caption\":\"Andjela\"}}]}<\/script>\n<!-- \/ Yoast SEO plugin. -->","yoast_head_json":{"title":"Marija Vrebalov \u0110or\u0111evi\u0107: Every Dark Side Has Its Light - Visit Distrikt Novi Sad","description":"In anticipation of the promotion of the autobiography Svetlost tame, on October 27 in the Svilara KC, the author Marija Vrebalov \u0110or\u0111evi\u0107 talks about the book for Visit NS","robots":{"index":"index","follow":"follow","max-snippet":"max-snippet:-1","max-image-preview":"max-image-preview:large","max-video-preview":"max-video-preview:-1"},"canonical":"https:\/\/visitdistrikt.rs\/en\/2022\/10\/13\/marija-vrebalov-djordjevic-every-dark-side-has-its-light\/","og_locale":"en_US","og_type":"article","og_title":"Marija Vrebalov \u0110or\u0111evi\u0107: Every Dark Side Has Its Light - Visit Distrikt Novi Sad","og_description":"In anticipation of the promotion of the autobiography Svetlost tame, on October 27 in the Svilara KC, the author Marija Vrebalov \u0110or\u0111evi\u0107 talks about the book for Visit NS","og_url":"https:\/\/visitdistrikt.rs\/en\/2022\/10\/13\/marija-vrebalov-djordjevic-every-dark-side-has-its-light\/","og_site_name":"Visit Distrikt Novi Sad","article_published_time":"2022-10-13T11:26:28+00:00","og_image":[{"width":1164,"height":873,"url":"https:\/\/visitdistrikt.rs\/media\/2022\/10\/V.Velickovic-October09-017-3-1-e1665406329436.jpg","type":"image\/jpeg"}],"author":"Andjela","twitter_card":"summary_large_image","twitter_misc":{"Written by":"Andjela","Est. reading time":"6 minutes"},"schema":{"@context":"https:\/\/schema.org","@graph":[{"@type":"WebPage","@id":"https:\/\/visitdistrikt.rs\/en\/2022\/10\/13\/marija-vrebalov-djordjevic-every-dark-side-has-its-light\/","url":"https:\/\/visitdistrikt.rs\/en\/2022\/10\/13\/marija-vrebalov-djordjevic-every-dark-side-has-its-light\/","name":"Marija Vrebalov \u0110or\u0111evi\u0107: Every Dark Side Has Its Light - Visit Distrikt Novi Sad","isPartOf":{"@id":"https:\/\/visitdistrikt.rs\/#website"},"primaryImageOfPage":{"@id":"https:\/\/visitdistrikt.rs\/en\/2022\/10\/13\/marija-vrebalov-djordjevic-every-dark-side-has-its-light\/#primaryimage"},"image":{"@id":"https:\/\/visitdistrikt.rs\/en\/2022\/10\/13\/marija-vrebalov-djordjevic-every-dark-side-has-its-light\/#primaryimage"},"thumbnailUrl":"https:\/\/visitdistrikt.rs\/media\/2022\/10\/V.Velickovic-October09-017-3-1-e1665406329436.jpg","datePublished":"2022-10-13T11:26:28+00:00","dateModified":"2022-10-13T11:26:28+00:00","author":{"@id":"https:\/\/visitdistrikt.rs\/#\/schema\/person\/1d409dd2a9c7858729ec7a42dcf267e6"},"description":"In anticipation of the promotion of the autobiography Svetlost tame, on October 27 in the Svilara KC, the author Marija Vrebalov \u0110or\u0111evi\u0107 talks about the book for Visit NS","breadcrumb":{"@id":"https:\/\/visitdistrikt.rs\/en\/2022\/10\/13\/marija-vrebalov-djordjevic-every-dark-side-has-its-light\/#breadcrumb"},"inLanguage":"en-US","potentialAction":[{"@type":"ReadAction","target":["https:\/\/visitdistrikt.rs\/en\/2022\/10\/13\/marija-vrebalov-djordjevic-every-dark-side-has-its-light\/"]}]},{"@type":"ImageObject","inLanguage":"en-US","@id":"https:\/\/visitdistrikt.rs\/en\/2022\/10\/13\/marija-vrebalov-djordjevic-every-dark-side-has-its-light\/#primaryimage","url":"https:\/\/visitdistrikt.rs\/media\/2022\/10\/V.Velickovic-October09-017-3-1-e1665406329436.jpg","contentUrl":"https:\/\/visitdistrikt.rs\/media\/2022\/10\/V.Velickovic-October09-017-3-1-e1665406329436.jpg","width":1164,"height":873},{"@type":"BreadcrumbList","@id":"https:\/\/visitdistrikt.rs\/en\/2022\/10\/13\/marija-vrebalov-djordjevic-every-dark-side-has-its-light\/#breadcrumb","itemListElement":[{"@type":"ListItem","position":1,"name":"Home","item":"https:\/\/visitdistrikt.rs\/en\/"},{"@type":"ListItem","position":2,"name":"Marija Vrebalov \u0110or\u0111evi\u0107: Every Dark Side Has Its Light"}]},{"@type":"WebSite","@id":"https:\/\/visitdistrikt.rs\/#website","url":"https:\/\/visitdistrikt.rs\/","name":"Visit Distrikt Novi Sad","description":"Novi Sad","potentialAction":[{"@type":"SearchAction","target":{"@type":"EntryPoint","urlTemplate":"https:\/\/visitdistrikt.rs\/?s={search_term_string}"},"query-input":"required name=search_term_string"}],"inLanguage":"en-US"},{"@type":"Person","@id":"https:\/\/visitdistrikt.rs\/#\/schema\/person\/1d409dd2a9c7858729ec7a42dcf267e6","name":"Andjela","image":{"@type":"ImageObject","inLanguage":"en-US","@id":"https:\/\/visitdistrikt.rs\/#\/schema\/person\/image\/","url":"https:\/\/secure.gravatar.com\/avatar\/9c97624b5cc2432e05342df03b977bac?s=96&d=mm&r=g","contentUrl":"https:\/\/secure.gravatar.com\/avatar\/9c97624b5cc2432e05342df03b977bac?s=96&d=mm&r=g","caption":"Andjela"}}]}},"_links":{"self":[{"href":"https:\/\/visitdistrikt.rs\/en\/wp-json\/wp\/v2\/posts\/40644"}],"collection":[{"href":"https:\/\/visitdistrikt.rs\/en\/wp-json\/wp\/v2\/posts"}],"about":[{"href":"https:\/\/visitdistrikt.rs\/en\/wp-json\/wp\/v2\/types\/post"}],"author":[{"embeddable":true,"href":"https:\/\/visitdistrikt.rs\/en\/wp-json\/wp\/v2\/users\/13"}],"replies":[{"embeddable":true,"href":"https:\/\/visitdistrikt.rs\/en\/wp-json\/wp\/v2\/comments?post=40644"}],"version-history":[{"count":1,"href":"https:\/\/visitdistrikt.rs\/en\/wp-json\/wp\/v2\/posts\/40644\/revisions"}],"predecessor-version":[{"id":40645,"href":"https:\/\/visitdistrikt.rs\/en\/wp-json\/wp\/v2\/posts\/40644\/revisions\/40645"}],"wp:featuredmedia":[{"embeddable":true,"href":"https:\/\/visitdistrikt.rs\/en\/wp-json\/wp\/v2\/media\/40539"}],"wp:attachment":[{"href":"https:\/\/visitdistrikt.rs\/en\/wp-json\/wp\/v2\/media?parent=40644"}],"wp:term":[{"taxonomy":"category","embeddable":true,"href":"https:\/\/visitdistrikt.rs\/en\/wp-json\/wp\/v2\/categories?post=40644"},{"taxonomy":"post_tag","embeddable":true,"href":"https:\/\/visitdistrikt.rs\/en\/wp-json\/wp\/v2\/tags?post=40644"}],"curies":[{"name":"wp","href":"https:\/\/api.w.org\/{rel}","templated":true}]}}