{"id":41277,"date":"2022-11-04T16:06:08","date_gmt":"2022-11-04T15:06:08","guid":{"rendered":"https:\/\/visitdistrikt.rs\/?p=41277"},"modified":"2022-11-04T16:06:08","modified_gmt":"2022-11-04T15:06:08","slug":"boris-kovac-tones-of-passion-and-melancholy","status":"publish","type":"post","link":"https:\/\/visitdistrikt.rs\/en\/2022\/11\/04\/boris-kovac-tones-of-passion-and-melancholy\/","title":{"rendered":"Boris Kova\u010d: Tones of Passion and Melancholy"},"content":{"rendered":"<p>A Pannonian man, philosophically minded, and spiritual, but still sensitised to the signals of the physical and earthly,<strong> Boris Kova\u010d<\/strong> is an artist who moves along complex emotional paths, paths of joy, melancholy, feelings of transience, joie de vivre, nostalgia, passion, rapture, apocalypticism, etc. He is constantly questioning himself, which is then transferred to the music. For the reason that, apart from being an outstanding instrumentalist (primarily saxophonist and clarinettist), improviser and composer with endless imagination, <strong>Boris Kova\u010d<\/strong> is also a capable arranger.<\/p>\n<p>He made the old new, the existing refreshed, making his art a lifelong, exciting game of sounds and ideas. Therefore, it is not surprising that every concert by Boris Kova\u010d is an unrepeatable experience and a unique delight for the spirit and senses. Over the past few years, we have seen this artist in various compositions and collaborations, although over time a team of the closest collaborators crystallised. Such are gathered in the<strong> New Ritual<\/strong> <strong>Ensemble<\/strong>. In addition to Boris (soprano and alto saxophone, clarinet, melodion, vocals), the band consists of Aleksandra Kr\u010dmar (violin), Lazar Novkov (accordion), Slobodanka Stevi\u0107 (piano, sampler), Sini\u0161a Mazalica (double bass) and Lav Kova\u010d (drums, sampler). This concept was indicated at the programme-wide opening ceremony of the <a href=\"https:\/\/novisad2022.rs\/en\/home-page\/\">European Capital of Culture<\/a>, on 13 January.<\/p>\n<p>We will soon experience the same in full format, at a <strong>concert in Novi Sad\u2019s Synagogue<\/strong>,<strong> on 10 November<\/strong>, on the first evening of the <strong>World music festival Pocket Globe<\/strong> within the Other? Europe programme arch. The evening will be opened by Damir Imamovi\u0107 with the Singer of Tales trio, after which<strong> Boris Kova\u010d<\/strong> will draw us into his seductive world of <strong>intoxicating colours and harmonies<\/strong>, and vivid associations. At the same time, as he himself defined the programme that he will present at the Pocket Globe festival, he will tempt us with \u2018lighter tones\u2019 from his Bach-like musical well.<\/p>\n<p><img fetchpriority=\"high\" decoding=\"async\" class=\"aligncenter size-full wp-image-41243\" src=\"https:\/\/visitdistrikt.rs\/media\/2022\/11\/V.Velickovic-September04-126-1.jpg\" alt=\"\" width=\"800\" height=\"533\" srcset=\"https:\/\/visitdistrikt.rs\/media\/2022\/11\/V.Velickovic-September04-126-1.jpg 800w, https:\/\/visitdistrikt.rs\/media\/2022\/11\/V.Velickovic-September04-126-1-300x200.jpg 300w, https:\/\/visitdistrikt.rs\/media\/2022\/11\/V.Velickovic-September04-126-1-768x512.jpg 768w\" sizes=\"(max-width: 800px) 100vw, 800px\" \/><\/p>\n<p><strong>What do \u2018lighter tones\u2019 mean to you?<\/strong><\/p>\n<p>This programme is dominated by tones from the part of my oeuvre that is related to the world, jazz, quasi-dance music, and themes from movies and series. This is normally more common on concert scenes compared to my chamber music, which relies on \u2018heavier tones\u2019, which I play less often, because it requires a lot of practice, which for me, at this age and with the experience I have gained, no longer makes sense. That is why I keep turning, with more and more enthusiasm, to composing music and making films (Boris\u2019 film 4 Suns &amp; Piano will have its Serbian premiere on 6 November in Novi Sad). Also, I think that what the audience today needs more is to receive emotions and energy, especially during concerts, while listening to music in peace, at home, is something completely different, and my chamber music is more suitable for that, as it encourages contemplation. By the way, lighter tones are easier in form, but it does not mean that they are easier for adequate reception, although it may not seem so at first glance.<\/p>\n<p><strong>The musicians of the New Ritual Ensemble, with whom you will perform, are your long-term collaborators. What keeps you together and fosters such a strong love for working jointly?<\/strong><\/p>\n<p>These are the people who play my music the best in the world, and they also put up with me, which is probably not easy sometimes. While I was writing my music and composing, I would often hear them playing in my head. However, they always exceed my sonic expectations. These collaborators of mine have a lot of opportunities to play in other projects, various music, maybe even better than mine, but I believe that they rarely play something that they perceive so much as their own. This is the context we share \u2013 cultural, mental, and spiritual. It is a real Pannonian orchestra. I hope we will enjoy our rituals together for a long time to come.<\/p>\n<p><strong>Apart from the fact that you are very prolific as a composer, a striking feature of your art is the arrangements themselves. You often rework the same music, the same pieces for different ensembles, which to some extent also applies to the programme you will present with the New Ritual Ensemble. How inspiring do you find the rearrangement process itself? How much joy does this type of \u2018artistic game\u2019 give you?<\/strong><\/p>\n<p>Arrangements can significantly change the musical idea. In addition, through arranging, I also get the opportunity to perform music that I wrote, for example, 25 years ago, in a new form and with a new experience of the same notes. That combination of diversity and unity is a deep philosophical idea related to the essence of life as a temporal phenomenon. Because, as S\u00f8ren Kierkegaard says \u2013 happiness is in repetition, not in searching for something new. Naturally, nothing can be repeated quite the same, especially in the art of performance, and that is why I still play. After six months spent at my \u2018construction site\u2019, I started to find myself in the act of making music again. But just composing? That seems boring to me. I do not understand composers who do not perform their music. Because music is primarily sound, and notes are a dead sign on paper.<\/p>\n<p><img decoding=\"async\" class=\"aligncenter size-full wp-image-41245\" src=\"https:\/\/visitdistrikt.rs\/media\/2022\/11\/V.Velickovic-September04-123-1.jpg\" alt=\"\" width=\"800\" height=\"533\" srcset=\"https:\/\/visitdistrikt.rs\/media\/2022\/11\/V.Velickovic-September04-123-1.jpg 800w, https:\/\/visitdistrikt.rs\/media\/2022\/11\/V.Velickovic-September04-123-1-300x200.jpg 300w, https:\/\/visitdistrikt.rs\/media\/2022\/11\/V.Velickovic-September04-123-1-768x512.jpg 768w\" sizes=\"(max-width: 800px) 100vw, 800px\" \/><\/p>\n<p><strong>A fraction of the space in the concert programme will be given to an original ballad of your son, Lav Kova\u010d, the drummer of various ensembles you lead. Does that track perhaps stylistically fit well with the author\u2019s expression of Lav\u2019s father, or did it pull at your heartstrings due to some of its peculiarities?<\/strong><\/p>\n<p>That ballad has nothing to do with my music. It is simply beautiful. It was written by Lav, to whom I am grateful for playing my music for almost a decade and a half. He is one of the best musicians I have ever played with. And I told him that if he writes enough pieces, one day we will do a concert programme with only his original tracks. And that might happen before I finally \u2018check out\u2019. That would be incredibly lovely and meaningful.<\/p>\n<p><strong>What is the philosophy behind your emotionally complex music and when did you include melodion in your work? This instrument seems to perfectly accentuate your art.<\/strong><\/p>\n<p>Contemplation, dance and emotion are what music deals with better than any other art. And emotions are what guide us in life more than ideas, concepts, interests, etc. Music enters the blood without mediation, the so-called \u2018light music\u2019 deals with emotions because that is where we are all thinnest. Of course, people are different, so emotions are also different, i.e., their variations. My philosophy is that there is room for everything in a person: spirituality, emotions, eroticism, etc. It is just a question of when which door opens. I do not understand how anyone can write purely spiritual or intellectual music, no matter how developed their spiritual world is. Because a man is not just a spirit. As for the melodion, it has that nostalgic-melancholic character, which a lot of my music carries. One must be melancholic if one understands the essence of life.<\/p>\n<p><strong>Author<\/strong>: Marija Vitas<\/p>\n<p><strong>Photo<\/strong>: Vladimir Veli\u010dkovi\u0107<\/p>\n","protected":false},"excerpt":{"rendered":"<p>A Pannonian man, philosophically minded, and spiritual, but still sensitised to the signals of the physical and earthly, Boris Kova\u010d is an artist who moves along complex emotional paths, paths of joy, melancholy, feelings of transience, joie de vivre, nostalgia, passion, rapture, apocalypticism, etc. He is constantly questioning himself, which is then transferred to the [&hellip;]<\/p>\n","protected":false},"author":13,"featured_media":41242,"comment_status":"closed","ping_status":"closed","sticky":false,"template":"","format":"standard","meta":{"footnotes":"","_links_to":"","_links_to_target":""},"categories":[1015],"tags":[],"yoast_head":"<!-- This site is optimized with the Yoast SEO plugin v22.4 - https:\/\/yoast.com\/wordpress\/plugins\/seo\/ -->\n<title>Boris Kova\u010d: Tones of Passion and Melancholy - Visit Distrikt Novi Sad<\/title>\n<meta name=\"description\" content=\"Boris Kova\u010d performs in the Novi Sad Synagogue on November 10, at the first evening of the World Music Festival &quot;Pocket Globe&quot;.\" \/>\n<meta name=\"robots\" content=\"index, follow, max-snippet:-1, max-image-preview:large, max-video-preview:-1\" \/>\n<link rel=\"canonical\" href=\"https:\/\/visitdistrikt.rs\/en\/2022\/11\/04\/boris-kovac-tones-of-passion-and-melancholy\/\" \/>\n<meta property=\"og:locale\" content=\"en_US\" \/>\n<meta property=\"og:type\" content=\"article\" \/>\n<meta property=\"og:title\" content=\"Boris Kova\u010d: Tones of Passion and Melancholy - Visit Distrikt Novi Sad\" \/>\n<meta property=\"og:description\" content=\"Boris Kova\u010d performs in the Novi Sad Synagogue on November 10, at the first evening of the World Music Festival &quot;Pocket Globe&quot;.\" \/>\n<meta property=\"og:url\" content=\"https:\/\/visitdistrikt.rs\/en\/2022\/11\/04\/boris-kovac-tones-of-passion-and-melancholy\/\" \/>\n<meta property=\"og:site_name\" content=\"Visit Distrikt Novi Sad\" \/>\n<meta property=\"article:published_time\" content=\"2022-11-04T15:06:08+00:00\" \/>\n<meta property=\"og:image\" content=\"https:\/\/visitdistrikt.rs\/media\/2022\/11\/V.Velickovic-September04-120-1-e1667385914230.jpg\" \/>\n\t<meta property=\"og:image:width\" content=\"1164\" \/>\n\t<meta property=\"og:image:height\" content=\"776\" \/>\n\t<meta property=\"og:image:type\" content=\"image\/jpeg\" \/>\n<meta name=\"author\" content=\"Andjela\" \/>\n<meta name=\"twitter:card\" content=\"summary_large_image\" \/>\n<meta name=\"twitter:label1\" content=\"Written by\" \/>\n\t<meta name=\"twitter:data1\" content=\"Andjela\" \/>\n\t<meta name=\"twitter:label2\" content=\"Est. reading time\" \/>\n\t<meta name=\"twitter:data2\" content=\"6 minutes\" \/>\n<script type=\"application\/ld+json\" class=\"yoast-schema-graph\">{\"@context\":\"https:\/\/schema.org\",\"@graph\":[{\"@type\":\"WebPage\",\"@id\":\"https:\/\/visitdistrikt.rs\/en\/2022\/11\/04\/boris-kovac-tones-of-passion-and-melancholy\/\",\"url\":\"https:\/\/visitdistrikt.rs\/en\/2022\/11\/04\/boris-kovac-tones-of-passion-and-melancholy\/\",\"name\":\"Boris Kova\u010d: Tones of Passion and Melancholy - Visit Distrikt Novi Sad\",\"isPartOf\":{\"@id\":\"https:\/\/visitdistrikt.rs\/#website\"},\"primaryImageOfPage\":{\"@id\":\"https:\/\/visitdistrikt.rs\/en\/2022\/11\/04\/boris-kovac-tones-of-passion-and-melancholy\/#primaryimage\"},\"image\":{\"@id\":\"https:\/\/visitdistrikt.rs\/en\/2022\/11\/04\/boris-kovac-tones-of-passion-and-melancholy\/#primaryimage\"},\"thumbnailUrl\":\"https:\/\/visitdistrikt.rs\/media\/2022\/11\/V.Velickovic-September04-120-1-e1667385914230.jpg\",\"datePublished\":\"2022-11-04T15:06:08+00:00\",\"dateModified\":\"2022-11-04T15:06:08+00:00\",\"author\":{\"@id\":\"https:\/\/visitdistrikt.rs\/#\/schema\/person\/1d409dd2a9c7858729ec7a42dcf267e6\"},\"description\":\"Boris Kova\u010d performs in the Novi Sad Synagogue on November 10, at the first evening of the World Music Festival \\\"Pocket Globe\\\".\",\"breadcrumb\":{\"@id\":\"https:\/\/visitdistrikt.rs\/en\/2022\/11\/04\/boris-kovac-tones-of-passion-and-melancholy\/#breadcrumb\"},\"inLanguage\":\"en-US\",\"potentialAction\":[{\"@type\":\"ReadAction\",\"target\":[\"https:\/\/visitdistrikt.rs\/en\/2022\/11\/04\/boris-kovac-tones-of-passion-and-melancholy\/\"]}]},{\"@type\":\"ImageObject\",\"inLanguage\":\"en-US\",\"@id\":\"https:\/\/visitdistrikt.rs\/en\/2022\/11\/04\/boris-kovac-tones-of-passion-and-melancholy\/#primaryimage\",\"url\":\"https:\/\/visitdistrikt.rs\/media\/2022\/11\/V.Velickovic-September04-120-1-e1667385914230.jpg\",\"contentUrl\":\"https:\/\/visitdistrikt.rs\/media\/2022\/11\/V.Velickovic-September04-120-1-e1667385914230.jpg\",\"width\":1164,\"height\":776},{\"@type\":\"BreadcrumbList\",\"@id\":\"https:\/\/visitdistrikt.rs\/en\/2022\/11\/04\/boris-kovac-tones-of-passion-and-melancholy\/#breadcrumb\",\"itemListElement\":[{\"@type\":\"ListItem\",\"position\":1,\"name\":\"Home\",\"item\":\"https:\/\/visitdistrikt.rs\/en\/\"},{\"@type\":\"ListItem\",\"position\":2,\"name\":\"Boris Kova\u010d: Tones of Passion and Melancholy\"}]},{\"@type\":\"WebSite\",\"@id\":\"https:\/\/visitdistrikt.rs\/#website\",\"url\":\"https:\/\/visitdistrikt.rs\/\",\"name\":\"Visit Distrikt Novi Sad\",\"description\":\"Novi Sad\",\"potentialAction\":[{\"@type\":\"SearchAction\",\"target\":{\"@type\":\"EntryPoint\",\"urlTemplate\":\"https:\/\/visitdistrikt.rs\/?s={search_term_string}\"},\"query-input\":\"required name=search_term_string\"}],\"inLanguage\":\"en-US\"},{\"@type\":\"Person\",\"@id\":\"https:\/\/visitdistrikt.rs\/#\/schema\/person\/1d409dd2a9c7858729ec7a42dcf267e6\",\"name\":\"Andjela\",\"image\":{\"@type\":\"ImageObject\",\"inLanguage\":\"en-US\",\"@id\":\"https:\/\/visitdistrikt.rs\/#\/schema\/person\/image\/\",\"url\":\"https:\/\/secure.gravatar.com\/avatar\/9c97624b5cc2432e05342df03b977bac?s=96&d=mm&r=g\",\"contentUrl\":\"https:\/\/secure.gravatar.com\/avatar\/9c97624b5cc2432e05342df03b977bac?s=96&d=mm&r=g\",\"caption\":\"Andjela\"}}]}<\/script>\n<!-- \/ Yoast SEO plugin. -->","yoast_head_json":{"title":"Boris Kova\u010d: Tones of Passion and Melancholy - Visit Distrikt Novi Sad","description":"Boris Kova\u010d performs in the Novi Sad Synagogue on November 10, at the first evening of the World Music Festival \"Pocket Globe\".","robots":{"index":"index","follow":"follow","max-snippet":"max-snippet:-1","max-image-preview":"max-image-preview:large","max-video-preview":"max-video-preview:-1"},"canonical":"https:\/\/visitdistrikt.rs\/en\/2022\/11\/04\/boris-kovac-tones-of-passion-and-melancholy\/","og_locale":"en_US","og_type":"article","og_title":"Boris Kova\u010d: Tones of Passion and Melancholy - Visit Distrikt Novi Sad","og_description":"Boris Kova\u010d performs in the Novi Sad Synagogue on November 10, at the first evening of the World Music Festival \"Pocket Globe\".","og_url":"https:\/\/visitdistrikt.rs\/en\/2022\/11\/04\/boris-kovac-tones-of-passion-and-melancholy\/","og_site_name":"Visit Distrikt Novi Sad","article_published_time":"2022-11-04T15:06:08+00:00","og_image":[{"width":1164,"height":776,"url":"https:\/\/visitdistrikt.rs\/media\/2022\/11\/V.Velickovic-September04-120-1-e1667385914230.jpg","type":"image\/jpeg"}],"author":"Andjela","twitter_card":"summary_large_image","twitter_misc":{"Written by":"Andjela","Est. reading time":"6 minutes"},"schema":{"@context":"https:\/\/schema.org","@graph":[{"@type":"WebPage","@id":"https:\/\/visitdistrikt.rs\/en\/2022\/11\/04\/boris-kovac-tones-of-passion-and-melancholy\/","url":"https:\/\/visitdistrikt.rs\/en\/2022\/11\/04\/boris-kovac-tones-of-passion-and-melancholy\/","name":"Boris Kova\u010d: Tones of Passion and Melancholy - Visit Distrikt Novi Sad","isPartOf":{"@id":"https:\/\/visitdistrikt.rs\/#website"},"primaryImageOfPage":{"@id":"https:\/\/visitdistrikt.rs\/en\/2022\/11\/04\/boris-kovac-tones-of-passion-and-melancholy\/#primaryimage"},"image":{"@id":"https:\/\/visitdistrikt.rs\/en\/2022\/11\/04\/boris-kovac-tones-of-passion-and-melancholy\/#primaryimage"},"thumbnailUrl":"https:\/\/visitdistrikt.rs\/media\/2022\/11\/V.Velickovic-September04-120-1-e1667385914230.jpg","datePublished":"2022-11-04T15:06:08+00:00","dateModified":"2022-11-04T15:06:08+00:00","author":{"@id":"https:\/\/visitdistrikt.rs\/#\/schema\/person\/1d409dd2a9c7858729ec7a42dcf267e6"},"description":"Boris Kova\u010d performs in the Novi Sad Synagogue on November 10, at the first evening of the World Music Festival \"Pocket Globe\".","breadcrumb":{"@id":"https:\/\/visitdistrikt.rs\/en\/2022\/11\/04\/boris-kovac-tones-of-passion-and-melancholy\/#breadcrumb"},"inLanguage":"en-US","potentialAction":[{"@type":"ReadAction","target":["https:\/\/visitdistrikt.rs\/en\/2022\/11\/04\/boris-kovac-tones-of-passion-and-melancholy\/"]}]},{"@type":"ImageObject","inLanguage":"en-US","@id":"https:\/\/visitdistrikt.rs\/en\/2022\/11\/04\/boris-kovac-tones-of-passion-and-melancholy\/#primaryimage","url":"https:\/\/visitdistrikt.rs\/media\/2022\/11\/V.Velickovic-September04-120-1-e1667385914230.jpg","contentUrl":"https:\/\/visitdistrikt.rs\/media\/2022\/11\/V.Velickovic-September04-120-1-e1667385914230.jpg","width":1164,"height":776},{"@type":"BreadcrumbList","@id":"https:\/\/visitdistrikt.rs\/en\/2022\/11\/04\/boris-kovac-tones-of-passion-and-melancholy\/#breadcrumb","itemListElement":[{"@type":"ListItem","position":1,"name":"Home","item":"https:\/\/visitdistrikt.rs\/en\/"},{"@type":"ListItem","position":2,"name":"Boris Kova\u010d: Tones of Passion and Melancholy"}]},{"@type":"WebSite","@id":"https:\/\/visitdistrikt.rs\/#website","url":"https:\/\/visitdistrikt.rs\/","name":"Visit Distrikt Novi Sad","description":"Novi Sad","potentialAction":[{"@type":"SearchAction","target":{"@type":"EntryPoint","urlTemplate":"https:\/\/visitdistrikt.rs\/?s={search_term_string}"},"query-input":"required name=search_term_string"}],"inLanguage":"en-US"},{"@type":"Person","@id":"https:\/\/visitdistrikt.rs\/#\/schema\/person\/1d409dd2a9c7858729ec7a42dcf267e6","name":"Andjela","image":{"@type":"ImageObject","inLanguage":"en-US","@id":"https:\/\/visitdistrikt.rs\/#\/schema\/person\/image\/","url":"https:\/\/secure.gravatar.com\/avatar\/9c97624b5cc2432e05342df03b977bac?s=96&d=mm&r=g","contentUrl":"https:\/\/secure.gravatar.com\/avatar\/9c97624b5cc2432e05342df03b977bac?s=96&d=mm&r=g","caption":"Andjela"}}]}},"_links":{"self":[{"href":"https:\/\/visitdistrikt.rs\/en\/wp-json\/wp\/v2\/posts\/41277"}],"collection":[{"href":"https:\/\/visitdistrikt.rs\/en\/wp-json\/wp\/v2\/posts"}],"about":[{"href":"https:\/\/visitdistrikt.rs\/en\/wp-json\/wp\/v2\/types\/post"}],"author":[{"embeddable":true,"href":"https:\/\/visitdistrikt.rs\/en\/wp-json\/wp\/v2\/users\/13"}],"replies":[{"embeddable":true,"href":"https:\/\/visitdistrikt.rs\/en\/wp-json\/wp\/v2\/comments?post=41277"}],"version-history":[{"count":1,"href":"https:\/\/visitdistrikt.rs\/en\/wp-json\/wp\/v2\/posts\/41277\/revisions"}],"predecessor-version":[{"id":41278,"href":"https:\/\/visitdistrikt.rs\/en\/wp-json\/wp\/v2\/posts\/41277\/revisions\/41278"}],"wp:featuredmedia":[{"embeddable":true,"href":"https:\/\/visitdistrikt.rs\/en\/wp-json\/wp\/v2\/media\/41242"}],"wp:attachment":[{"href":"https:\/\/visitdistrikt.rs\/en\/wp-json\/wp\/v2\/media?parent=41277"}],"wp:term":[{"taxonomy":"category","embeddable":true,"href":"https:\/\/visitdistrikt.rs\/en\/wp-json\/wp\/v2\/categories?post=41277"},{"taxonomy":"post_tag","embeddable":true,"href":"https:\/\/visitdistrikt.rs\/en\/wp-json\/wp\/v2\/tags?post=41277"}],"curies":[{"name":"wp","href":"https:\/\/api.w.org\/{rel}","templated":true}]}}