{"id":41286,"date":"2022-11-07T10:46:22","date_gmt":"2022-11-07T09:46:22","guid":{"rendered":"https:\/\/visitdistrikt.rs\/?p=41286"},"modified":"2022-11-07T10:46:22","modified_gmt":"2022-11-07T09:46:22","slug":"november-in-novi-sad-events-you-should-definitely-attend-this-month","status":"publish","type":"post","link":"https:\/\/visitdistrikt.rs\/en\/2022\/11\/07\/november-in-novi-sad-events-you-should-definitely-attend-this-month\/","title":{"rendered":"November in Novi Sad: Events You Should Definitely Attend This Month"},"content":{"rendered":"<p>November in the\u00a0<a href=\"https:\/\/novisad2022.rs\/en\/home-page\/\">European Capital of Culture<\/a>\u00a0will give us art in the palm of our hands \u2013 this month remains in token of\u00a0<em><strong>Other? Europe<\/strong><\/em>\u00a0programme and we highlight\u00a0<strong>the best that Novi Sad<\/strong>\u00a0has to offer. Take a look at our suggestions and on the<strong>\u00a0cold November days, warm your soul with quality cultural events<\/strong>. Enjoy (your) Novi Sad, get to know every corner of it for the first time or anew, and follow our website calendar to keep up to date with all the happenings. As always, we have suggestions for all ages and everyone, so mark some of these dates in your planner.<\/p>\n<h2>Time for a Dose of Art in Motion<\/h2>\n<p>Get started with November in Novi Sad by walking from exhibition to exhibition. Start from the very\u00a0<strong>heart of the city<\/strong>, where two exhibitions of national importance await you in Gallery Square. One of the exhibitions in question is<a href=\"https:\/\/kalendar.novisad2022.rs\/en\/events\/sava-sumanovic-and-european-realism-between-the-two-world-wars\/\"><em><strong>\u00a0Sava \u0160umanovi\u0107 and European Realism Between the Two World Wars<\/strong><\/em><\/a>, which includes the largest number of works by one of the most significant Serbian painters. Get to know the artworks of Sava \u0160umanovi\u0107 at the\u00a0<em>Pavle Beljanski Memorial Collection<\/em>\u00a0and continue with the\u00a0<em>Gallery of Matica Srpska<\/em>\u00a0and\u00a0<em>The Gallery of Fine Arts \u2013 Gift Collection of Rajko Mamuzi\u0107<\/em>, which has a programme dedicated to the exhibition. If you are in the mood for a trip to \u0160id, the third part of the exhibition awaits you at the\u00a0<em>\u2018Sava \u0160umanovi\u0107\u2019 Art Gallery there<\/em>. The exhibition is open to visitors until 4 December.<\/p>\n<figure id=\"attachment_40090\" aria-describedby=\"caption-attachment-40090\" style=\"width: 800px\" class=\"wp-caption aligncenter\"><img fetchpriority=\"high\" decoding=\"async\" class=\"wp-image-40090 size-full\" src=\"https:\/\/visitdistrikt.rs\/media\/2022\/09\/ervin-kovac_izlozba-sava-sumanovic-20-1.jpg\" alt=\"Posetilac izlo\u017ebe fotografi\u0161e telefonom sliku Save \u0160umanovi\u0107a\" width=\"800\" height=\"533\" srcset=\"https:\/\/visitdistrikt.rs\/media\/2022\/09\/ervin-kovac_izlozba-sava-sumanovic-20-1.jpg 800w, https:\/\/visitdistrikt.rs\/media\/2022\/09\/ervin-kovac_izlozba-sava-sumanovic-20-1-300x200.jpg 300w, https:\/\/visitdistrikt.rs\/media\/2022\/09\/ervin-kovac_izlozba-sava-sumanovic-20-1-768x512.jpg 768w\" sizes=\"(max-width: 800px) 100vw, 800px\" \/><figcaption id=\"caption-attachment-40090\" class=\"wp-caption-text\">Sava \u0160umanovi\u0107<\/figcaption><\/figure>\n<p>While you\u2019re at the Gallery of Matica Srpska, make sure to also visit the exhibition of the works of the famous\u00a0<strong><a href=\"https:\/\/kalendar.novisad2022.rs\/en\/events\/opening-of-the-exhibition-uros-predic-for-everyone\/\">Uro\u0161 Predi\u0107<\/a><\/strong>, one of our most important painters, whose art will reach everyone, including people with different disabilities and of all ages. You will be able to see the exhibition until the end of January 2023. And once you are already in the city centre, head to\u00a0<strong>Studio M<\/strong>, where the spectacular multimedia exhibition about time, chaos, and the cosmos,\u00a0<strong><a href=\"https:\/\/kalendar.novisad2022.rs\/en\/events\/time-and-universe\/\">Time and Universe<\/a><\/strong>, still awaits you. This is an exhibition that all visitors to the<em>\u00a0European Capital of Culture<\/em>\u00a0have on their \u2018must-visit\u2019 lists. We are sure that it will delight you, and it is one of our most sincere recommendations. Take a walk to the Name of Mary Catholic Church, better known as the Cathedral among Novi Sad residents, where an outdoor exhibition \u2013\u00a0<strong><a href=\"https:\/\/kalendar.novisad2022.rs\/en\/events\/the-invisible-braga\/\">The Invisible Braga<\/a>\u00a0<\/strong>awaits you from\u00a0<strong>5 to 30 November<\/strong>.<\/p>\n<figure id=\"attachment_40627\" aria-describedby=\"caption-attachment-40627\" style=\"width: 800px\" class=\"wp-caption aligncenter\"><img decoding=\"async\" class=\"wp-image-40627 size-full\" src=\"https:\/\/visitdistrikt.rs\/media\/2022\/10\/MPU_3081-2-1.jpg\" alt=\"\" width=\"800\" height=\"533\" srcset=\"https:\/\/visitdistrikt.rs\/media\/2022\/10\/MPU_3081-2-1.jpg 800w, https:\/\/visitdistrikt.rs\/media\/2022\/10\/MPU_3081-2-1-300x200.jpg 300w, https:\/\/visitdistrikt.rs\/media\/2022\/10\/MPU_3081-2-1-768x512.jpg 768w\" sizes=\"(max-width: 800px) 100vw, 800px\" \/><figcaption id=\"caption-attachment-40627\" class=\"wp-caption-text\">Time and Universe<\/figcaption><\/figure>\n<p>If you missed the<em>\u00a0Comic Book City<\/em>\u00a0event in the\u00a0<strong>District<\/strong>, as part of the current\u00a0<strong><em>Other? Europe<\/em><\/strong>\u00a0programme arch, worry not. You still have the opportunity to visit the fantastic exhibition on the history of the ninth art in this region. Make sure to catch the exhibition\u00a0<em><strong><a href=\"https:\/\/kalendar.novisad2022.rs\/en\/events\/from-neven-to-batman\/\">From Neven to Batman<\/a><\/strong><\/em>, which is perhaps the best way to get acquainted with what comic art is, through\u00a0<strong>guided tours<\/strong>. In November, they will be held on\u00a0<strong>Saturdays from 12 p.m.<\/strong>\u00a0(5, 12 and 19 November). Your curator will be the author\u00a0<strong>Zoran Stefanovi\u0107<\/strong>.<\/p>\n<p>In the District, you can expect an installation in the public space\u00a0<em><strong><a href=\"https:\/\/kalendar.novisad2022.rs\/en\/events\/may-the-children-on-the-street-play-with-your-eyes-remix-comix\/\">May the Children on the Street Play with Your Eyes<\/a><\/strong><\/em>!, as well as another unusual exhibition of comics on a tapestry \u2013\u00a0<em><strong><a href=\"https:\/\/kalendar.novisad2022.rs\/en\/events\/everyday-heroes\/\">Everyday Heroes<\/a><\/strong><\/em>. November will certainly enliven the District, with these exhibitions. Likewise,\u00a0<a href=\"https:\/\/kalendar.novisad2022.rs\/en\/events\/suba-room\/\">Suba Room<\/a>\u00a0exhibition awaits you there, from 20 to 26 November. You will get to know the work of the former Yugoslavia\u2019s pioneers of electro-music. Find out who\u00a0<strong>Mitar Suboti\u0107 Suba<\/strong>\u00a0was, on our\u00a0<a href=\"https:\/\/visitdistrikt.rs\/en\/2022\/03\/17\/suba-s-plateau-as-a-new-open-air-gallery\/\">website<\/a>. Make sure to visitthe\u00a0<em><strong><a href=\"https:\/\/kalendar.novisad2022.rs\/en\/events\/art-body-art-3\/\">Art Body Art<\/a><\/strong><\/em>\u00a0exhibit as well, which will be open from<strong>\u00a022 November to 6 December<\/strong>, also in the District.<\/p>\n<figure id=\"attachment_41027\" aria-describedby=\"caption-attachment-41027\" style=\"width: 800px\" class=\"wp-caption aligncenter\"><img decoding=\"async\" class=\"wp-image-41027 size-full\" src=\"https:\/\/visitdistrikt.rs\/media\/2022\/10\/311817728_2034229666766278_5363445405481239650_n.jpg\" alt=\"\" width=\"800\" height=\"533\" srcset=\"https:\/\/visitdistrikt.rs\/media\/2022\/10\/311817728_2034229666766278_5363445405481239650_n.jpg 800w, https:\/\/visitdistrikt.rs\/media\/2022\/10\/311817728_2034229666766278_5363445405481239650_n-300x200.jpg 300w, https:\/\/visitdistrikt.rs\/media\/2022\/10\/311817728_2034229666766278_5363445405481239650_n-768x512.jpg 768w\" sizes=\"(max-width: 800px) 100vw, 800px\" \/><figcaption id=\"caption-attachment-41027\" class=\"wp-caption-text\">\u00a0From Neven to Batman<\/figcaption><\/figure>\n<p>From 10 November, we invite you to take a walk to\u00a0<strong>Svilara CS<\/strong>\u00a0and the\u00a0<strong>Serbian National Theatre<\/strong>\u00a0and find out what is hiding on\u00a0<em><strong>The Other Side of Image<\/strong><\/em>\u00a0through an excellent art display.<em><strong>\u00a0Other? Europe<\/strong><\/em>\u00a0programme arch, which will officially end the European Capital of Culture title year, brings us another major exhibition, which will be organised in as many as four locations<strong>\u00a0from 25 November<\/strong>; an international exhibition of contemporary art\u00a0<em><strong>Milky Way<\/strong><\/em>, which will be staged in the Museum of Contemporary Art of Vojvodina, the exhibition space of the SULUV Gallery, the Creative District and the Cultural Centre of Novi Sad.<\/p>\n<h2><strong>Theatrical November<\/strong><\/h2>\n<p>The theatre scene in Novi Sad brings you great performances for all generations this month. When it comes to the oldest theatre in Serbia, the Serbian National Theatre, we recommend you go watch<em><strong><a href=\"https:\/\/prodaja.snp.org.rs\/sr\/site\/eventDetail\/index\/3132\">\u00a0Carmen<\/a><\/strong><\/em>, an opera in four acts that started the new theatre season. The performance of it is scheduled for 8 November at 7 p.m. If you missed seeing the fantastic young\u00a0<strong>Aljo\u0161a \u0110idi\u0107<\/strong>\u00a0in the role of\u00a0<em><strong><a href=\"https:\/\/www.snp.org.rs\/?page_id=27037\">Mephisto<\/a><\/strong><\/em>, in director\u00a0<strong><a href=\"https:\/\/visitdistrikt.rs\/en\/2022\/07\/06\/haris-pasovic-nazism-was-the-point-zero-of-evil-in-civilization\/\">Haris Pa\u0161ovi\u0107\u2019s<\/a><\/strong>\u00a0play, get tickets for the performance on 29 or 30 November.\u00a0<em><strong>The Great Migration of Archivists<\/strong><\/em>\u00a0from the office to the warehouse on Fru\u0161ka Gora deeply affected the heroes of Dr\u017eavni Posao \u2013\u00a0<strong>\u010cvarkov<\/strong>,\u00a0<strong>Torbica<\/strong>\u00a0and\u00a0<strong>Bo\u0161ki\u0107<\/strong>. How do they perceive the injustice that befell them? You can find out in an\u00a0<a href=\"https:\/\/visitdistrikt.rs\/en\/2022\/03\/21\/drzavni-posao-iz-kancelarije-premesten-u-magacin-na-fruskoj-gori\/\">interview for Visit Novi Sad<\/a>\u00a0and by visiting the Serbian National Theatre on<strong>\u00a07 November<\/strong>, because they will put out a performance full of satire and humour on the large stage for you.<\/p>\n<figure id=\"attachment_41232\" aria-describedby=\"caption-attachment-41232\" style=\"width: 800px\" class=\"wp-caption aligncenter\"><img loading=\"lazy\" decoding=\"async\" class=\"size-full wp-image-41232\" src=\"https:\/\/visitdistrikt.rs\/media\/2022\/11\/V.Velickovic-July11-012-1.jpg\" alt=\"\" width=\"800\" height=\"533\" srcset=\"https:\/\/visitdistrikt.rs\/media\/2022\/11\/V.Velickovic-July11-012-1.jpg 800w, https:\/\/visitdistrikt.rs\/media\/2022\/11\/V.Velickovic-July11-012-1-300x200.jpg 300w, https:\/\/visitdistrikt.rs\/media\/2022\/11\/V.Velickovic-July11-012-1-768x512.jpg 768w\" sizes=\"(max-width: 800px) 100vw, 800px\" \/><figcaption id=\"caption-attachment-41232\" class=\"wp-caption-text\">Aljo\u0161a \u0110idi\u0107<\/figcaption><\/figure>\n<p>In November,\u00a0<a href=\"https:\/\/snp.org.rs\/en\/\">Serbian National Theatre<\/a>\u00a0introduces us to the holiday magic with the\u00a0<a href=\"https:\/\/prodaja.snp.org.rs\/en\/site\/eventDetail\/index\/3150\">Nutcracker ballet<\/a>, which is always a pleasure to watch near the end of the year. The month ahead at the Novi Sad Theatre brings the International Festival of Contemporary Theatres, so we advise you to reserve the beginning of November for it. This month, the Youth Theatre brings you numerous performances for the youngest, so we advise you to take the little ones to the performances of\u00a0<strong>Beauty and the Beast<\/strong>,<strong>\u00a0Learned Mice or The Tale of the Horseless Knight<\/strong>. And if you are in the mood for some stand-up comedy by<strong><a href=\"http:\/\/www.gigstix.com\/sve-ulaznice\/9-pozorite\/3888-zoran-kesic-price-i-pesme\">\u00a0Zoran Kesi\u0107<\/a><\/strong>, visit the Youth Theatre on 8 November and enjoy his stories and songs. Tickets for this memorable show can be purchased on the\u00a0<a href=\"http:\/\/www.gigstix.com\/sve-ulaznice\/9-pozorite\/3888-zoran-kesic-price-i-pesme\">Gigs Tix website<\/a>.<\/p>\n<h2>November Festival Fever<\/h2>\n<p>Three interesting festivals await you this November in the European Capital of Culture. Film lovers will enjoy the eighteenth edition of the\u00a0<em><strong>Free Zone festival<\/strong><\/em>, which will be held from 3 to 8 November at the Arena Cineplex cinema. The incredible 11 documentaries and feature films with authentic expression await us, which encourage rethinking and questioning. The festival will open with the premiere of\u00a0<strong>Ruben \u00d6stlund\u2019<\/strong>s film\u00a0<strong>Triangle of Sadness<\/strong>, which won the\u00a0<strong>Palme d\u2019Or at the 75th Cannes Film Festival<\/strong>. Read more information about the programme and timetable on the\u00a0<a href=\"https:\/\/slobodnazona.rs\/?lang=en\">festival website<\/a>.<\/p>\n<p>Do you like jazz? If the answer is yes, the fact that the\u00a0<em><strong><a href=\"https:\/\/novisadjazzfestival.rs\/\">Novi Sad Jazz Festival<\/a><\/strong><\/em>\u00a0will take place at the Serbian National Theatre from<strong>\u00a016 to 19 November<\/strong>\u00a0will certainly please you, so get individual or package tickets in time.<\/p>\n<p>This November,\u00a0<a href=\"https:\/\/novisad2022.rs\/en\/other-europe\/\">Other? Europe<\/a>\u00a0programme, which promotes the culture of the different, will present the current punk scene from the region and the world. If you are a fan of this music genre, do not miss the two-day\u00a0<em><strong>To Be Punk<\/strong><\/em>\u00a0festival at SCCNS Fabrika, on<strong>\u00a025 and 26 November<\/strong>. Performances of 12 bands from the city, country, region and Europe await you. See you in the District!<\/p>\n<p><img loading=\"lazy\" decoding=\"async\" class=\"aligncenter size-full wp-image-41208\" src=\"https:\/\/visitdistrikt.rs\/media\/2022\/11\/viber_image_2022-11-01_12-31-00-969.jpg\" alt=\"\" width=\"800\" height=\"533\" srcset=\"https:\/\/visitdistrikt.rs\/media\/2022\/11\/viber_image_2022-11-01_12-31-00-969.jpg 800w, https:\/\/visitdistrikt.rs\/media\/2022\/11\/viber_image_2022-11-01_12-31-00-969-300x200.jpg 300w, https:\/\/visitdistrikt.rs\/media\/2022\/11\/viber_image_2022-11-01_12-31-00-969-768x512.jpg 768w\" sizes=\"(max-width: 800px) 100vw, 800px\" \/><\/p>\n<p class=\"mec-single-title\"><em><strong><a href=\"https:\/\/kalendar.novisad2022.rs\/en\/events\/world-music-festival-pocket-globe-3\/\">World music festival Pocket Globe<\/a><\/strong><\/em>, dedicated to the<em>\u00a0world music<\/em>\u00a0genre, will be held from\u00a0<strong>10 to 12 November<\/strong>\u00a0within the<strong>\u00a0Other? Europe<\/strong>\u00a0programme arch. On this occasion, we will enjoy the performances of artists from Iran, Turkey, Bosnia and Herzegovina, France, Morocco, and Slovenia. In the unique setting of the\u00a0<strong>Synagogue<\/strong>,\u00a0<strong>Svilara CS<\/strong>\u00a0and\u00a0<strong>Serbian National Theatre<\/strong>, minority culture will be presented through the music of the world. Do not miss it!<\/p>\n<h2>The Rhythm of the Music<\/h2>\n<p>Speaking of musical performances,\u00a0<em><strong>Other? Europe<\/strong><\/em>\u00a0will also be marked by a concert by\u00a0<strong>the award-winning and world-renowned Brazilian singer C\u00e9U on 20 November, at the City Concert Hall<\/strong>, starting\u00a0<strong>at 8 p.m. C\u00e9U<\/strong>\u00a0was nominated for eight Latin Grammys in the category of world music, and she was the winner three times. Her music became popular all over the world, and she performed at the most prestigious festivals. Tickets for the concert are available from the entire\u00a0<a href=\"http:\/\/www.gigstix.com\/sve-ulaznice\/13-drugaevropa\/3921-ceu22\">Gigs Tix<\/a>\u00a0sales network and on their website. The price of the ticket is RSD 500.<\/p>\n<figure id=\"attachment_41212\" aria-describedby=\"caption-attachment-41212\" style=\"width: 800px\" class=\"wp-caption aligncenter\"><img loading=\"lazy\" decoding=\"async\" class=\"wp-image-41212 size-full\" src=\"https:\/\/visitdistrikt.rs\/media\/2022\/11\/viber_image_2022-11-01_13-02-36-319.jpg\" alt=\"\" width=\"800\" height=\"533\" srcset=\"https:\/\/visitdistrikt.rs\/media\/2022\/11\/viber_image_2022-11-01_13-02-36-319.jpg 800w, https:\/\/visitdistrikt.rs\/media\/2022\/11\/viber_image_2022-11-01_13-02-36-319-300x200.jpg 300w, https:\/\/visitdistrikt.rs\/media\/2022\/11\/viber_image_2022-11-01_13-02-36-319-768x512.jpg 768w\" sizes=\"(max-width: 800px) 100vw, 800px\" \/><figcaption id=\"caption-attachment-41212\" class=\"wp-caption-text\">C\u00e9U<\/figcaption><\/figure>\n<p>The concert that will close this programme arch is a performance by an artist from the Brazilian favela with strong engaging messages and a modern expression. Make sure to listen to\u00a0<strong><a href=\"https:\/\/kalendar.novisad2022.rs\/en\/events\/edjgar-edgar-2\/\">Edgar<\/a><\/strong>\u00a0in the District on<strong>\u00a027 November<\/strong>\u00a0and get to know the artist who has been active on the Brazilian urban scene for four years. He is recognisable by the fact that he deals with issues and problems of society and the environment in his rap songs.<\/p>\n<figure id=\"attachment_41214\" aria-describedby=\"caption-attachment-41214\" style=\"width: 800px\" class=\"wp-caption aligncenter\"><img loading=\"lazy\" decoding=\"async\" class=\"size-full wp-image-41214\" src=\"https:\/\/visitdistrikt.rs\/media\/2022\/11\/viber_image_2022-11-01_13-01-10-028.jpg\" alt=\"\" width=\"800\" height=\"800\" srcset=\"https:\/\/visitdistrikt.rs\/media\/2022\/11\/viber_image_2022-11-01_13-01-10-028.jpg 800w, https:\/\/visitdistrikt.rs\/media\/2022\/11\/viber_image_2022-11-01_13-01-10-028-300x300.jpg 300w, https:\/\/visitdistrikt.rs\/media\/2022\/11\/viber_image_2022-11-01_13-01-10-028-150x150.jpg 150w, https:\/\/visitdistrikt.rs\/media\/2022\/11\/viber_image_2022-11-01_13-01-10-028-768x768.jpg 768w\" sizes=\"(max-width: 800px) 100vw, 800px\" \/><figcaption id=\"caption-attachment-41214\" class=\"wp-caption-text\">E\u0111gar<\/figcaption><\/figure>\n<p>This month, November brings us other great performances by well-known performers, so do not miss the concert of the famous Novi Sad band\u00a0<em><strong><a href=\"http:\/\/www.gigstix.com\/\">Atheist Rap<\/a><\/strong><\/em>, which will play at Dom Kulture<strong>\u00a0on 5 November<\/strong>. Sing along to some of the great hits from their first three albums, which they will perform on this occasion. Get your tickets\u00a0<a href=\"http:\/\/www.gigstix.com\/\">here<\/a>. Go on a musical journey with<em><strong><a href=\"http:\/\/www.gigstix.com\/sve-ulaznice\/6-koncerti\/3881-lena-kovacevic-1011\">\u00a0Lena Kova\u010devi\u0107<\/a><\/strong><\/em>, who will perform on<strong>\u00a010 November<\/strong>\u00a0at the Youth Theatre.<\/p>\n<p><strong><a href=\"http:\/\/www.gigstix.com\/sve-ulaznice\/15-domkulture\/3895-boris-novkovic-1711\">Boris Novkovi\u0107<\/a><\/strong>, one of the most popular Croatian singer-songwriters, is coming back to Novi Sad, after a several-year-long break, to cheer up the local audience. His performance at Dom Kulture awaits you on\u00a0<strong>17 November<\/strong>\u00a0at 9 p.m., and you can get tickets here. Just a day later, on\u00a0<strong>18 November<\/strong>, the famous quintet band\u00a0<a href=\"http:\/\/www.gigstix.com\/sve-ulaznice\/6-koncerti\/3850-kkn1811\"><strong>Kanda, Kod\u017ea i Neboj\u0161a<\/strong><\/a>, who have been present on the national scene for more than 30 years, will perform the District\u2019s Fabrika. On the same day, in Hall 2 of the Novi Sad fair,\u00a0<strong><a href=\"http:\/\/www.gigstix.com\/sve-ulaznice\/6-koncerti\/3844-koncert-marko\">Marko Louis<\/a><\/strong>, whom we listened to as part of the Flags of the Future of the\u00a0<em>European Capital of Culture<\/em>, will perform as well. The next day,<strong>\u00a019 November<\/strong>, is reserved for the performance of the band\u00a0<strong><a href=\"http:\/\/www.gigstix.com\/sve-ulaznice\/15-domkulture\/3792-elektrini-orgazam\">Elektri\u010dni Orgazam<\/a><\/strong>\u00a0at Dom Kulture. The performance of the legendary band in Novi Sad is a part of the big tour celebrating 42 years of their existence. Come to Dom Kulture on<strong>\u00a024 November<\/strong>\u00a0again, because you will enjoy the excellent concert of<a href=\"http:\/\/www.gigstix.com\/sve-ulaznice\/15-domkulture\/3915-ida-prester-i-lollobrigida\">\u00a0Ida Prester and Lollobrigida<\/a>\u00a0starting at 9 p.m. See you!<\/p>\n<p><strong>Author<\/strong>: Marina Mari\u0107<\/p>\n<p><strong>Photo<\/strong>: Jelena Ivanovi\u0107, Promo\/ECoC<\/p>\n","protected":false},"excerpt":{"rendered":"<p>November in the\u00a0European Capital of Culture\u00a0will give us art in the palm of our hands \u2013 this month remains in token of\u00a0Other? Europe\u00a0programme and we highlight\u00a0the best that Novi Sad\u00a0has to offer. Take a look at our suggestions and on the\u00a0cold November days, warm your soul with quality cultural events. Enjoy (your) Novi Sad, get [&hellip;]<\/p>\n","protected":false},"author":13,"featured_media":41220,"comment_status":"closed","ping_status":"closed","sticky":false,"template":"","format":"standard","meta":{"footnotes":"","_links_to":"","_links_to_target":""},"categories":[289,286,1001,278],"tags":[],"yoast_head":"<!-- This site is optimized with the Yoast SEO plugin v22.4 - https:\/\/yoast.com\/wordpress\/plugins\/seo\/ -->\n<title>November in Novi Sad: Events You Should Definitely Attend This Month - Visit Distrikt Novi Sad<\/title>\n<meta name=\"description\" content=\"November in Novi Sad brings us a handful of cultural events. We highlight the best that Novi Sad has to offer.\" \/>\n<meta name=\"robots\" content=\"index, follow, max-snippet:-1, max-image-preview:large, max-video-preview:-1\" \/>\n<link rel=\"canonical\" href=\"https:\/\/visitdistrikt.rs\/en\/2022\/11\/07\/november-in-novi-sad-events-you-should-definitely-attend-this-month\/\" \/>\n<meta property=\"og:locale\" content=\"en_US\" \/>\n<meta property=\"og:type\" content=\"article\" \/>\n<meta property=\"og:title\" content=\"November in Novi Sad: Events You Should Definitely Attend This Month - Visit Distrikt Novi Sad\" \/>\n<meta property=\"og:description\" content=\"November in Novi Sad brings us a handful of cultural events. We highlight the best that Novi Sad has to offer.\" \/>\n<meta property=\"og:url\" content=\"https:\/\/visitdistrikt.rs\/en\/2022\/11\/07\/november-in-novi-sad-events-you-should-definitely-attend-this-month\/\" \/>\n<meta property=\"og:site_name\" content=\"Visit Distrikt Novi Sad\" \/>\n<meta property=\"article:published_time\" content=\"2022-11-07T09:46:22+00:00\" \/>\n<meta property=\"og:image\" content=\"https:\/\/visitdistrikt.rs\/media\/2022\/11\/VisitNS-Dunavski-park-foto-Jelena-Ivanovic-13-2-e1667305832525.jpg\" \/>\n\t<meta property=\"og:image:width\" content=\"1920\" \/>\n\t<meta property=\"og:image:height\" content=\"1440\" \/>\n\t<meta property=\"og:image:type\" content=\"image\/jpeg\" \/>\n<meta name=\"author\" content=\"Andjela\" \/>\n<meta name=\"twitter:card\" content=\"summary_large_image\" \/>\n<meta name=\"twitter:label1\" content=\"Written by\" \/>\n\t<meta name=\"twitter:data1\" content=\"Andjela\" \/>\n\t<meta name=\"twitter:label2\" content=\"Est. reading time\" \/>\n\t<meta name=\"twitter:data2\" content=\"9 minutes\" \/>\n<script type=\"application\/ld+json\" class=\"yoast-schema-graph\">{\"@context\":\"https:\/\/schema.org\",\"@graph\":[{\"@type\":\"WebPage\",\"@id\":\"https:\/\/visitdistrikt.rs\/en\/2022\/11\/07\/november-in-novi-sad-events-you-should-definitely-attend-this-month\/\",\"url\":\"https:\/\/visitdistrikt.rs\/en\/2022\/11\/07\/november-in-novi-sad-events-you-should-definitely-attend-this-month\/\",\"name\":\"November in Novi Sad: Events You Should Definitely Attend This Month - Visit Distrikt Novi Sad\",\"isPartOf\":{\"@id\":\"https:\/\/visitdistrikt.rs\/#website\"},\"primaryImageOfPage\":{\"@id\":\"https:\/\/visitdistrikt.rs\/en\/2022\/11\/07\/november-in-novi-sad-events-you-should-definitely-attend-this-month\/#primaryimage\"},\"image\":{\"@id\":\"https:\/\/visitdistrikt.rs\/en\/2022\/11\/07\/november-in-novi-sad-events-you-should-definitely-attend-this-month\/#primaryimage\"},\"thumbnailUrl\":\"https:\/\/visitdistrikt.rs\/media\/2022\/11\/VisitNS-Dunavski-park-foto-Jelena-Ivanovic-13-2-e1667305832525.jpg\",\"datePublished\":\"2022-11-07T09:46:22+00:00\",\"dateModified\":\"2022-11-07T09:46:22+00:00\",\"author\":{\"@id\":\"https:\/\/visitdistrikt.rs\/#\/schema\/person\/1d409dd2a9c7858729ec7a42dcf267e6\"},\"description\":\"November in Novi Sad brings us a handful of cultural events. We highlight the best that Novi Sad has to offer.\",\"breadcrumb\":{\"@id\":\"https:\/\/visitdistrikt.rs\/en\/2022\/11\/07\/november-in-novi-sad-events-you-should-definitely-attend-this-month\/#breadcrumb\"},\"inLanguage\":\"en-US\",\"potentialAction\":[{\"@type\":\"ReadAction\",\"target\":[\"https:\/\/visitdistrikt.rs\/en\/2022\/11\/07\/november-in-novi-sad-events-you-should-definitely-attend-this-month\/\"]}]},{\"@type\":\"ImageObject\",\"inLanguage\":\"en-US\",\"@id\":\"https:\/\/visitdistrikt.rs\/en\/2022\/11\/07\/november-in-novi-sad-events-you-should-definitely-attend-this-month\/#primaryimage\",\"url\":\"https:\/\/visitdistrikt.rs\/media\/2022\/11\/VisitNS-Dunavski-park-foto-Jelena-Ivanovic-13-2-e1667305832525.jpg\",\"contentUrl\":\"https:\/\/visitdistrikt.rs\/media\/2022\/11\/VisitNS-Dunavski-park-foto-Jelena-Ivanovic-13-2-e1667305832525.jpg\",\"width\":1920,\"height\":1440},{\"@type\":\"BreadcrumbList\",\"@id\":\"https:\/\/visitdistrikt.rs\/en\/2022\/11\/07\/november-in-novi-sad-events-you-should-definitely-attend-this-month\/#breadcrumb\",\"itemListElement\":[{\"@type\":\"ListItem\",\"position\":1,\"name\":\"Home\",\"item\":\"https:\/\/visitdistrikt.rs\/en\/\"},{\"@type\":\"ListItem\",\"position\":2,\"name\":\"November in Novi Sad: Events You Should Definitely Attend This Month\"}]},{\"@type\":\"WebSite\",\"@id\":\"https:\/\/visitdistrikt.rs\/#website\",\"url\":\"https:\/\/visitdistrikt.rs\/\",\"name\":\"Visit Distrikt Novi Sad\",\"description\":\"Novi Sad\",\"potentialAction\":[{\"@type\":\"SearchAction\",\"target\":{\"@type\":\"EntryPoint\",\"urlTemplate\":\"https:\/\/visitdistrikt.rs\/?s={search_term_string}\"},\"query-input\":\"required name=search_term_string\"}],\"inLanguage\":\"en-US\"},{\"@type\":\"Person\",\"@id\":\"https:\/\/visitdistrikt.rs\/#\/schema\/person\/1d409dd2a9c7858729ec7a42dcf267e6\",\"name\":\"Andjela\",\"image\":{\"@type\":\"ImageObject\",\"inLanguage\":\"en-US\",\"@id\":\"https:\/\/visitdistrikt.rs\/#\/schema\/person\/image\/\",\"url\":\"https:\/\/secure.gravatar.com\/avatar\/9c97624b5cc2432e05342df03b977bac?s=96&d=mm&r=g\",\"contentUrl\":\"https:\/\/secure.gravatar.com\/avatar\/9c97624b5cc2432e05342df03b977bac?s=96&d=mm&r=g\",\"caption\":\"Andjela\"}}]}<\/script>\n<!-- \/ Yoast SEO plugin. -->","yoast_head_json":{"title":"November in Novi Sad: Events You Should Definitely Attend This Month - Visit Distrikt Novi Sad","description":"November in Novi Sad brings us a handful of cultural events. We highlight the best that Novi Sad has to offer.","robots":{"index":"index","follow":"follow","max-snippet":"max-snippet:-1","max-image-preview":"max-image-preview:large","max-video-preview":"max-video-preview:-1"},"canonical":"https:\/\/visitdistrikt.rs\/en\/2022\/11\/07\/november-in-novi-sad-events-you-should-definitely-attend-this-month\/","og_locale":"en_US","og_type":"article","og_title":"November in Novi Sad: Events You Should Definitely Attend This Month - Visit Distrikt Novi Sad","og_description":"November in Novi Sad brings us a handful of cultural events. We highlight the best that Novi Sad has to offer.","og_url":"https:\/\/visitdistrikt.rs\/en\/2022\/11\/07\/november-in-novi-sad-events-you-should-definitely-attend-this-month\/","og_site_name":"Visit Distrikt Novi Sad","article_published_time":"2022-11-07T09:46:22+00:00","og_image":[{"width":1920,"height":1440,"url":"https:\/\/visitdistrikt.rs\/media\/2022\/11\/VisitNS-Dunavski-park-foto-Jelena-Ivanovic-13-2-e1667305832525.jpg","type":"image\/jpeg"}],"author":"Andjela","twitter_card":"summary_large_image","twitter_misc":{"Written by":"Andjela","Est. reading time":"9 minutes"},"schema":{"@context":"https:\/\/schema.org","@graph":[{"@type":"WebPage","@id":"https:\/\/visitdistrikt.rs\/en\/2022\/11\/07\/november-in-novi-sad-events-you-should-definitely-attend-this-month\/","url":"https:\/\/visitdistrikt.rs\/en\/2022\/11\/07\/november-in-novi-sad-events-you-should-definitely-attend-this-month\/","name":"November in Novi Sad: Events You Should Definitely Attend This Month - Visit Distrikt Novi Sad","isPartOf":{"@id":"https:\/\/visitdistrikt.rs\/#website"},"primaryImageOfPage":{"@id":"https:\/\/visitdistrikt.rs\/en\/2022\/11\/07\/november-in-novi-sad-events-you-should-definitely-attend-this-month\/#primaryimage"},"image":{"@id":"https:\/\/visitdistrikt.rs\/en\/2022\/11\/07\/november-in-novi-sad-events-you-should-definitely-attend-this-month\/#primaryimage"},"thumbnailUrl":"https:\/\/visitdistrikt.rs\/media\/2022\/11\/VisitNS-Dunavski-park-foto-Jelena-Ivanovic-13-2-e1667305832525.jpg","datePublished":"2022-11-07T09:46:22+00:00","dateModified":"2022-11-07T09:46:22+00:00","author":{"@id":"https:\/\/visitdistrikt.rs\/#\/schema\/person\/1d409dd2a9c7858729ec7a42dcf267e6"},"description":"November in Novi Sad brings us a handful of cultural events. We highlight the best that Novi Sad has to offer.","breadcrumb":{"@id":"https:\/\/visitdistrikt.rs\/en\/2022\/11\/07\/november-in-novi-sad-events-you-should-definitely-attend-this-month\/#breadcrumb"},"inLanguage":"en-US","potentialAction":[{"@type":"ReadAction","target":["https:\/\/visitdistrikt.rs\/en\/2022\/11\/07\/november-in-novi-sad-events-you-should-definitely-attend-this-month\/"]}]},{"@type":"ImageObject","inLanguage":"en-US","@id":"https:\/\/visitdistrikt.rs\/en\/2022\/11\/07\/november-in-novi-sad-events-you-should-definitely-attend-this-month\/#primaryimage","url":"https:\/\/visitdistrikt.rs\/media\/2022\/11\/VisitNS-Dunavski-park-foto-Jelena-Ivanovic-13-2-e1667305832525.jpg","contentUrl":"https:\/\/visitdistrikt.rs\/media\/2022\/11\/VisitNS-Dunavski-park-foto-Jelena-Ivanovic-13-2-e1667305832525.jpg","width":1920,"height":1440},{"@type":"BreadcrumbList","@id":"https:\/\/visitdistrikt.rs\/en\/2022\/11\/07\/november-in-novi-sad-events-you-should-definitely-attend-this-month\/#breadcrumb","itemListElement":[{"@type":"ListItem","position":1,"name":"Home","item":"https:\/\/visitdistrikt.rs\/en\/"},{"@type":"ListItem","position":2,"name":"November in Novi Sad: Events You Should Definitely Attend This Month"}]},{"@type":"WebSite","@id":"https:\/\/visitdistrikt.rs\/#website","url":"https:\/\/visitdistrikt.rs\/","name":"Visit Distrikt Novi Sad","description":"Novi Sad","potentialAction":[{"@type":"SearchAction","target":{"@type":"EntryPoint","urlTemplate":"https:\/\/visitdistrikt.rs\/?s={search_term_string}"},"query-input":"required name=search_term_string"}],"inLanguage":"en-US"},{"@type":"Person","@id":"https:\/\/visitdistrikt.rs\/#\/schema\/person\/1d409dd2a9c7858729ec7a42dcf267e6","name":"Andjela","image":{"@type":"ImageObject","inLanguage":"en-US","@id":"https:\/\/visitdistrikt.rs\/#\/schema\/person\/image\/","url":"https:\/\/secure.gravatar.com\/avatar\/9c97624b5cc2432e05342df03b977bac?s=96&d=mm&r=g","contentUrl":"https:\/\/secure.gravatar.com\/avatar\/9c97624b5cc2432e05342df03b977bac?s=96&d=mm&r=g","caption":"Andjela"}}]}},"_links":{"self":[{"href":"https:\/\/visitdistrikt.rs\/en\/wp-json\/wp\/v2\/posts\/41286"}],"collection":[{"href":"https:\/\/visitdistrikt.rs\/en\/wp-json\/wp\/v2\/posts"}],"about":[{"href":"https:\/\/visitdistrikt.rs\/en\/wp-json\/wp\/v2\/types\/post"}],"author":[{"embeddable":true,"href":"https:\/\/visitdistrikt.rs\/en\/wp-json\/wp\/v2\/users\/13"}],"replies":[{"embeddable":true,"href":"https:\/\/visitdistrikt.rs\/en\/wp-json\/wp\/v2\/comments?post=41286"}],"version-history":[{"count":2,"href":"https:\/\/visitdistrikt.rs\/en\/wp-json\/wp\/v2\/posts\/41286\/revisions"}],"predecessor-version":[{"id":41288,"href":"https:\/\/visitdistrikt.rs\/en\/wp-json\/wp\/v2\/posts\/41286\/revisions\/41288"}],"wp:featuredmedia":[{"embeddable":true,"href":"https:\/\/visitdistrikt.rs\/en\/wp-json\/wp\/v2\/media\/41220"}],"wp:attachment":[{"href":"https:\/\/visitdistrikt.rs\/en\/wp-json\/wp\/v2\/media?parent=41286"}],"wp:term":[{"taxonomy":"category","embeddable":true,"href":"https:\/\/visitdistrikt.rs\/en\/wp-json\/wp\/v2\/categories?post=41286"},{"taxonomy":"post_tag","embeddable":true,"href":"https:\/\/visitdistrikt.rs\/en\/wp-json\/wp\/v2\/tags?post=41286"}],"curies":[{"name":"wp","href":"https:\/\/api.w.org\/{rel}","templated":true}]}}