{"id":4166,"date":"2020-11-20T12:34:22","date_gmt":"2020-11-20T11:34:22","guid":{"rendered":"https:\/\/visitdistrikt.rs\/?p=4166"},"modified":"2020-11-20T12:37:44","modified_gmt":"2020-11-20T11:37:44","slug":"the-almas-neighbourhood-a-labyrinth-through-centuries","status":"publish","type":"post","link":"https:\/\/visitdistrikt.rs\/en\/2020\/11\/20\/the-almas-neighbourhood-a-labyrinth-through-centuries\/","title":{"rendered":"The Alma\u0161 Neighbourhood: A Labyrinth Through Centuries"},"content":{"rendered":"<h4>If a walk through Novi Sad leads you to a neighbourhood with winding streets, old houses with \u2018house numbers\u2019 above doors, and an atmosphere different from the rest of the city, be sure you\u2019ve stumbled across the Alma\u0161 neighbourhood. Numerous cultural, political and social circumstances lead to working and living in a still traditional environment of this part of the city, but in a modern way.<\/h4>\r\n<p><!--more--> \ud83d\udccc <a rel=\"noreferrer noopener\" href=\"https:\/\/visitdistrikt.rs\/category\/novosadski-kvartovi\/almaski-kraj\/\" target=\"_blank\">Alma\u0161 neighbourhood<\/a> It\u2019s 1718, Novi Sad is still called Petrovaradinski \u0160anac, and the inhabitants of the Alma\u0161 neighbourhood, that used to be on a marsh between Temerin, Nadalj, Sirig and Srbobran, decided to move to Novi Sad. The reason for this was some already forgotten misunderstanding between them and the authorities. About twenty Serbian families packed whatever they had, put it on the pack saddles and wagons and moved to Petrovaradinski \u0160anac. They formed a new city district and gave it the name of their old village.<\/p>\r\n\r\n<blockquote class=\"wp-block-quote is-layout-flow wp-block-quote-is-layout-flow\">The original name of this neighbourhood was Ajma\u0161, according to the legendary poet <strong>Jovan Jovanovi\u0107 Zmaj<\/strong>, who wrote a song about some guy <em>Paja from the Ajma\u0161 neighbourhood<\/em>. Author <strong>Aca Popovi\u0107 Zub<\/strong> used to go out at night and walk the streets of the Ajma\u0161 neighbourhood, writing his book <em>Uspomene <\/em>(En. Memories), while <strong>Vasa Staji\u0107<\/strong>, historian from the 20th century, stated that the church is called the Ajma\u0161 church.<\/blockquote>\r\n\r\n\r\n\r\n<figure class=\"wp-block-image size-large\"><img fetchpriority=\"high\" decoding=\"async\" width=\"1024\" height=\"683\" class=\"wp-image-2991\" src=\"https:\/\/visitdistrikt.rs\/media\/2020\/11\/IMG_3803-1024x683.jpg\" alt=\"Alma\u0161ki kraj\" srcset=\"https:\/\/visitdistrikt.rs\/media\/2020\/11\/IMG_3803-1024x683.jpg 1024w, https:\/\/visitdistrikt.rs\/media\/2020\/11\/IMG_3803-300x200.jpg 300w, https:\/\/visitdistrikt.rs\/media\/2020\/11\/IMG_3803-768x512.jpg 768w, https:\/\/visitdistrikt.rs\/media\/2020\/11\/IMG_3803-1536x1024.jpg 1536w, https:\/\/visitdistrikt.rs\/media\/2020\/11\/IMG_3803-2048x1365.jpg 2048w, https:\/\/visitdistrikt.rs\/media\/2020\/11\/IMG_3803-1320x880.jpg 1320w\" sizes=\"(max-width: 1024px) 100vw, 1024px\" \/><\/figure>\r\n\r\n<h2>Winding Streets<\/h2>\r\n<p>From a historical and urban aspect, the Alma\u0161 neighbourhood now, is exactly as it was presented on the oldest preserved maps by the engineer <strong>Anton Kaltschmidt<\/strong>. These maps date back to 1745, i.e. 27 years after the first citizens had moved to Alma\u0161. The Alma\u0161 neighbourhood is a network of meandering streets which, according to their names today, is bounded by Marija Trandafil Square and streets &#8211; Temerinska, Dor\u0111a Rajkovi\u0107a, Zemljana \u0106uprija, Ko\u010de Kolarova, Alma\u0161ka and both sides of Matica Srpska Street. It can be said that the Alma\u0161 neighbourhood was on three sides surrounded by the roads where economic and social life used to develop (transport, trade, crafts, taverns). Network of winding and intertwining streets, typical of Orient and Mediterranean towns, hide interesting history and remind us of the olden days, when urban planning was done regarding citizens\u2019 needs. Legend says that people from Alma\u0161 have a labyrinth of little, orient, meandering streets, atypical for other people from Vojvodina, because they prefer meandering around their problems, instead of facing them directly. Irregularity of the streets in the Alma\u0161 neighbourhood is a phenomenon which resulted due to the hydrogeological factor, the field itself and its characteristics, dependant on the arrangement of dry beams.<\/p>\r\n\r\n<blockquote class=\"wp-block-quote is-layout-flow wp-block-quote-is-layout-flow\">The houses had their house numbers, some of which are still seen above the doors. These numbers were more important than the address itself, tax assignments were given according to the numbers.<\/blockquote>\r\n\r\n<p>In the old days, the names of the streets in Novi Sad weren\u2019t honoring important people, but professions, animals, plants and taverns, with a poetic undertone. This speaks volumes about the citizens\u2019 personalities. The oldest names of the streets were Mese\u010deva, en. Moon (today called Pe\u0107ka), Licidarska or Jazav\u010deva, en. Badger (Svetosavska), Mi\u0161ija, en. Mouse (Baranjska), Sedam vo\u0111a or Zmijina (Had\u017ei\u0107 Sveti\u0107a), Crnog Petla, en. Black Rooster (Save Vukovi\u0107a), Gu\u0161terska, en. Lizard (Sterijina), Rodina, en. Stork (Milana Raki\u0107a), Lavovska, en. Lion (Milo\u0161a Obili\u0107a), Jelenova or Medena Street, en. Deer (Petra Ko\u010di\u0107a). Taverns used to be the main orientation points, thus some streets were named after them (Fazanova, Kod tri violine, Kod \u010detiri krajcare).<\/p>\r\n\r\n<blockquote class=\"wp-block-quote is-layout-flow wp-block-quote-is-layout-flow\">The House of Austria decided to dig the channel next to Novi Sad in 1875. That\u2019s when the <em>Bara \u010detiri krajcare<\/em> pond was desiccated &#8211; a pond the Alma\u0161 people found there when they moved. Any person that wished to enter the city across this pond, had to pay four \u2018krajcars\u2019, hence the name. After 1875, it was turned into pastures. Later, the first industrial zone in Novi Sad was beginning to develop there.<\/blockquote>\r\n\r\n<p>One of the few streets that has preserved its original name is Zlatne Grede Street, which still represents the highest part of the city &#8211; 80 meters above sea level. The Danube used to spill over and flood everything, but it had never overflown Zlatne Grede. Some even called this street <em>Dam<\/em>. <strong>Vasa Staji\u0107<\/strong> said this was the street of the <em>Serbian intelligence<\/em>, because many intellectuals from the 19th century (<strong>\u0110ura Dani\u010di\u0107<\/strong>, <strong>Jovan Jovanovi\u0107 Zmaj<\/strong>), were born and raised there.<\/p>\r\n\r\n<figure class=\"wp-block-image size-large\"><img decoding=\"async\" width=\"1024\" height=\"683\" class=\"wp-image-2976\" src=\"https:\/\/visitdistrikt.rs\/media\/2020\/11\/IMG_3777-1024x683.jpg\" alt=\"Alma\u0161ki kraj\" srcset=\"https:\/\/visitdistrikt.rs\/media\/2020\/11\/IMG_3777-1024x683.jpg 1024w, https:\/\/visitdistrikt.rs\/media\/2020\/11\/IMG_3777-300x200.jpg 300w, https:\/\/visitdistrikt.rs\/media\/2020\/11\/IMG_3777-768x512.jpg 768w, https:\/\/visitdistrikt.rs\/media\/2020\/11\/IMG_3777-1536x1024.jpg 1536w, https:\/\/visitdistrikt.rs\/media\/2020\/11\/IMG_3777-2048x1365.jpg 2048w, https:\/\/visitdistrikt.rs\/media\/2020\/11\/IMG_3777-1320x880.jpg 1320w\" sizes=\"(max-width: 1024px) 100vw, 1024px\" \/>\r\n<figcaption>La\u0111arska Street<\/figcaption>\r\n<\/figure>\r\n\r\n<p>The narrowest street in Novi Sad, La\u0111arska Street, also preserved its name. It\u2019s only 2,5 meters wide. In the past, it has been stated that the street was 80 steps long and 3 steps wide. Back in the old days, people used to call this street <em>the sugar street<\/em>, as it was convenient to kiss the loved ones there, hidden from the eyes of others.<\/p>\r\n<h2>The Old Spirit of Novi Sad<\/h2>\r\n<p>The Alma\u0161 neighbourhood used to be poor, people lived in flimsy houses made out of brushwood, mud and reed. The architecture was traditional, rural &#8211; the houses were long, with three rooms and small window frames. The Alma\u0161 neighbourhood isn\u2019t called \u2018the village of the city\u2019 without a reason. Before the Alma\u0161 church came into existence, there was an Orthodox temple, built in 1718, made out of the same flimsy material they used for building their houses, thus this temple didn\u2019t last very long.They had been building the new Alma\u0161 church around the old one, from 1797 until 1808. Upon finishing the new church, they carried the old one out, brick by brick.<\/p>\r\n\r\n<figure class=\"wp-block-gallery alignwide columns-1 is-cropped wp-block-gallery-1 is-layout-flex wp-block-gallery-is-layout-flex\">\r\n<ul class=\"blocks-gallery-grid\">\r\n<li class=\"blocks-gallery-item\">\r\n<figure><img decoding=\"async\" width=\"1024\" height=\"683\" class=\"wp-image-2984\" src=\"https:\/\/visitdistrikt.rs\/media\/2020\/11\/IMG_3762-1-1024x683.jpg\" alt=\"Alma\u0161ki kraj\" data-id=\"2984\" data-full-url=\"https:\/\/visitdistrikt.rs\/media\/2020\/11\/IMG_3762-1-scaled.jpg\" data-link=\"https:\/\/visitdistrikt.rs\/img_3762-1-2\/\" srcset=\"https:\/\/visitdistrikt.rs\/media\/2020\/11\/IMG_3762-1-1024x683.jpg 1024w, https:\/\/visitdistrikt.rs\/media\/2020\/11\/IMG_3762-1-300x200.jpg 300w, https:\/\/visitdistrikt.rs\/media\/2020\/11\/IMG_3762-1-768x512.jpg 768w, https:\/\/visitdistrikt.rs\/media\/2020\/11\/IMG_3762-1-1536x1024.jpg 1536w, https:\/\/visitdistrikt.rs\/media\/2020\/11\/IMG_3762-1-2048x1365.jpg 2048w, https:\/\/visitdistrikt.rs\/media\/2020\/11\/IMG_3762-1-1320x880.jpg 1320w\" sizes=\"(max-width: 1024px) 100vw, 1024px\" \/><\/figure>\r\n<\/li>\r\n<\/ul>\r\n<\/figure>\r\n\r\n<p>The treasure of the Alma\u0161 church is the <em>Mary with Jesus<\/em> icon by <strong>Uro\u0161 Predi\u0107<\/strong>, ordered by <strong>Arsa Pajevi\u0107\u2019s<\/strong> wife in 1905. This icon, borrowed by Mrs <strong>Anka Pajevi\u0107<\/strong>, was considered intriguing because the Mother of Jesus was painted too realistically. A huge debate arose as a consequence of violating the Orthodox canon. The most famous Alma\u0161 people are <strong>\u0110ura Dani\u010di\u0107<\/strong>, a poet, <strong>Petar Dobrovi\u0107<\/strong>, a painter, <strong>Aleksandar Popovi\u0107 Zub<\/strong>, a journalist and author, <strong>\u0110ura Popovi\u0107 Grani\u010dar<\/strong>, the first person to translate <em>Don Quixote<\/em> into Serbian, <strong>Svetislav Ivan Petrovi\u0107<\/strong>, the first Serb to have a successful film career between the two world wars, <strong>Marko Ne\u0161i\u0107<\/strong>, a tamburitza player&#8230; The period after the World War II brought huge changes to this district. The old occupations, gardening and vegetable farming, almost ceased to exist. The industrial zone started to move to this location, thus making it a living district. From today\u2019s perspective, marginalisation of the Alma\u0161 neighbourhood is a good thing &#8211; by not being subjected to modernisation, which changed the old town, Alma\u0161 succeeded in remaining almost intact. What makes this city district different and important are the slow rythm of implementing changes and the citizens\u2019 commitment to traditional culture. You can still feel the old spirit of Novi Sad in this unique architectural-urban complex. The culture and heritage Novi Sad was built upon, which are inevitably disappearing today, are still preserved in the old streets of the Alma\u0161 neighbourhood.<\/p>\r\n\r\n<blockquote class=\"wp-block-quote is-layout-flow wp-block-quote-is-layout-flow\">In 2019, the Alma\u0161 neighbourhood was declared protected cultural-historical site, thus guaranteeing the preservation of its cultural-historical identity in the centuries to come as well.<\/blockquote>\r\n\r\n\r\n\r\n<figure class=\"wp-block-gallery columns-3 is-cropped wp-block-gallery-2 is-layout-flex wp-block-gallery-is-layout-flex\">\r\n<ul class=\"blocks-gallery-grid\">\r\n<li class=\"blocks-gallery-item\">\r\n<figure><a href=\"https:\/\/visitdistrikt.rs\/media\/2020\/10\/Visit-NS-Almaski-kraj-foto-Jelena-Ivanovic-1.png\"><img loading=\"lazy\" decoding=\"async\" width=\"1024\" height=\"682\" class=\"wp-image-4033\" src=\"https:\/\/visitdistrikt.rs\/media\/2020\/10\/Visit-NS-Almaski-kraj-foto-Jelena-Ivanovic-1-1024x682.png\" alt=\"\" data-id=\"4033\" data-full-url=\"https:\/\/visitdistrikt.rs\/media\/2020\/10\/Visit-NS-Almaski-kraj-foto-Jelena-Ivanovic-1.png\" data-link=\"https:\/\/visitdistrikt.rs\/2020\/10\/05\/almaski-kraj-lavirint-kroz-vekove\/visit-ns-almaski-kraj-foto-jelena-ivanovic-1\/\" srcset=\"https:\/\/visitdistrikt.rs\/media\/2020\/10\/Visit-NS-Almaski-kraj-foto-Jelena-Ivanovic-1-1024x682.png 1024w, https:\/\/visitdistrikt.rs\/media\/2020\/10\/Visit-NS-Almaski-kraj-foto-Jelena-Ivanovic-1-300x200.png 300w, https:\/\/visitdistrikt.rs\/media\/2020\/10\/Visit-NS-Almaski-kraj-foto-Jelena-Ivanovic-1-768x512.png 768w, https:\/\/visitdistrikt.rs\/media\/2020\/10\/Visit-NS-Almaski-kraj-foto-Jelena-Ivanovic-1-1536x1024.png 1536w, https:\/\/visitdistrikt.rs\/media\/2020\/10\/Visit-NS-Almaski-kraj-foto-Jelena-Ivanovic-1-1320x880.png 1320w, https:\/\/visitdistrikt.rs\/media\/2020\/10\/Visit-NS-Almaski-kraj-foto-Jelena-Ivanovic-1.png 2000w\" sizes=\"(max-width: 1024px) 100vw, 1024px\" \/><\/a><\/figure>\r\n<\/li>\r\n<li class=\"blocks-gallery-item\">\r\n<figure><a href=\"https:\/\/visitdistrikt.rs\/media\/2020\/10\/Visit-NS-Almaski-kraj-foto-Jelena-Ivanovic-4.png\"><img loading=\"lazy\" decoding=\"async\" width=\"1024\" height=\"682\" class=\"wp-image-4035\" src=\"https:\/\/visitdistrikt.rs\/media\/2020\/10\/Visit-NS-Almaski-kraj-foto-Jelena-Ivanovic-4-1024x682.png\" alt=\"\" data-id=\"4035\" data-full-url=\"https:\/\/visitdistrikt.rs\/media\/2020\/10\/Visit-NS-Almaski-kraj-foto-Jelena-Ivanovic-4.png\" data-link=\"https:\/\/visitdistrikt.rs\/2020\/10\/05\/almaski-kraj-lavirint-kroz-vekove\/visit-ns-almaski-kraj-foto-jelena-ivanovic-4\/\" srcset=\"https:\/\/visitdistrikt.rs\/media\/2020\/10\/Visit-NS-Almaski-kraj-foto-Jelena-Ivanovic-4-1024x682.png 1024w, https:\/\/visitdistrikt.rs\/media\/2020\/10\/Visit-NS-Almaski-kraj-foto-Jelena-Ivanovic-4-300x200.png 300w, https:\/\/visitdistrikt.rs\/media\/2020\/10\/Visit-NS-Almaski-kraj-foto-Jelena-Ivanovic-4-768x511.png 768w, https:\/\/visitdistrikt.rs\/media\/2020\/10\/Visit-NS-Almaski-kraj-foto-Jelena-Ivanovic-4-1536x1023.png 1536w, https:\/\/visitdistrikt.rs\/media\/2020\/10\/Visit-NS-Almaski-kraj-foto-Jelena-Ivanovic-4-1320x879.png 1320w, https:\/\/visitdistrikt.rs\/media\/2020\/10\/Visit-NS-Almaski-kraj-foto-Jelena-Ivanovic-4.png 2000w\" sizes=\"(max-width: 1024px) 100vw, 1024px\" \/><\/a><\/figure>\r\n<\/li>\r\n<li class=\"blocks-gallery-item\">\r\n<figure><a href=\"https:\/\/visitdistrikt.rs\/media\/2020\/10\/Visit-NS-Almaski-kraj-foto-Jelena-Ivanovic-6.png\"><img loading=\"lazy\" decoding=\"async\" width=\"1024\" height=\"665\" class=\"wp-image-4037\" src=\"https:\/\/visitdistrikt.rs\/media\/2020\/10\/Visit-NS-Almaski-kraj-foto-Jelena-Ivanovic-6-1024x665.png\" alt=\"\" data-id=\"4037\" data-full-url=\"https:\/\/visitdistrikt.rs\/media\/2020\/10\/Visit-NS-Almaski-kraj-foto-Jelena-Ivanovic-6.png\" data-link=\"https:\/\/visitdistrikt.rs\/2020\/10\/05\/almaski-kraj-lavirint-kroz-vekove\/visit-ns-almaski-kraj-foto-jelena-ivanovic-6\/\" srcset=\"https:\/\/visitdistrikt.rs\/media\/2020\/10\/Visit-NS-Almaski-kraj-foto-Jelena-Ivanovic-6-1024x665.png 1024w, https:\/\/visitdistrikt.rs\/media\/2020\/10\/Visit-NS-Almaski-kraj-foto-Jelena-Ivanovic-6-300x195.png 300w, https:\/\/visitdistrikt.rs\/media\/2020\/10\/Visit-NS-Almaski-kraj-foto-Jelena-Ivanovic-6-768x499.png 768w, https:\/\/visitdistrikt.rs\/media\/2020\/10\/Visit-NS-Almaski-kraj-foto-Jelena-Ivanovic-6-1536x998.png 1536w, https:\/\/visitdistrikt.rs\/media\/2020\/10\/Visit-NS-Almaski-kraj-foto-Jelena-Ivanovic-6-1320x857.png 1320w, https:\/\/visitdistrikt.rs\/media\/2020\/10\/Visit-NS-Almaski-kraj-foto-Jelena-Ivanovic-6.png 2000w\" sizes=\"(max-width: 1024px) 100vw, 1024px\" \/><\/a><\/figure>\r\n<\/li>\r\n<li class=\"blocks-gallery-item\">\r\n<figure><a href=\"https:\/\/visitdistrikt.rs\/media\/2020\/10\/Visit-NS-Almaski-kraj-foto-Jelena-Ivanovic-5.png\"><img loading=\"lazy\" decoding=\"async\" width=\"1024\" height=\"682\" class=\"wp-image-4039\" src=\"https:\/\/visitdistrikt.rs\/media\/2020\/10\/Visit-NS-Almaski-kraj-foto-Jelena-Ivanovic-5-1024x682.png\" alt=\"\" data-id=\"4039\" data-full-url=\"https:\/\/visitdistrikt.rs\/media\/2020\/10\/Visit-NS-Almaski-kraj-foto-Jelena-Ivanovic-5.png\" data-link=\"https:\/\/visitdistrikt.rs\/2020\/10\/05\/almaski-kraj-lavirint-kroz-vekove\/visit-ns-almaski-kraj-foto-jelena-ivanovic-5\/\" srcset=\"https:\/\/visitdistrikt.rs\/media\/2020\/10\/Visit-NS-Almaski-kraj-foto-Jelena-Ivanovic-5-1024x682.png 1024w, https:\/\/visitdistrikt.rs\/media\/2020\/10\/Visit-NS-Almaski-kraj-foto-Jelena-Ivanovic-5-300x200.png 300w, https:\/\/visitdistrikt.rs\/media\/2020\/10\/Visit-NS-Almaski-kraj-foto-Jelena-Ivanovic-5-768x512.png 768w, https:\/\/visitdistrikt.rs\/media\/2020\/10\/Visit-NS-Almaski-kraj-foto-Jelena-Ivanovic-5-1536x1024.png 1536w, https:\/\/visitdistrikt.rs\/media\/2020\/10\/Visit-NS-Almaski-kraj-foto-Jelena-Ivanovic-5-1320x880.png 1320w, https:\/\/visitdistrikt.rs\/media\/2020\/10\/Visit-NS-Almaski-kraj-foto-Jelena-Ivanovic-5.png 2000w\" sizes=\"(max-width: 1024px) 100vw, 1024px\" \/><\/a><\/figure>\r\n<\/li>\r\n<li class=\"blocks-gallery-item\">\r\n<figure><a href=\"https:\/\/visitdistrikt.rs\/media\/2020\/10\/Visit-NS-Almaski-kraj-foto-Jelena-Ivanovic-17.png\"><img loading=\"lazy\" decoding=\"async\" width=\"1024\" height=\"682\" class=\"wp-image-4041\" src=\"https:\/\/visitdistrikt.rs\/media\/2020\/10\/Visit-NS-Almaski-kraj-foto-Jelena-Ivanovic-17-1024x682.png\" alt=\"\" data-id=\"4041\" data-full-url=\"https:\/\/visitdistrikt.rs\/media\/2020\/10\/Visit-NS-Almaski-kraj-foto-Jelena-Ivanovic-17.png\" data-link=\"https:\/\/visitdistrikt.rs\/2020\/10\/05\/almaski-kraj-lavirint-kroz-vekove\/visit-ns-almaski-kraj-foto-jelena-ivanovic-17\/\" srcset=\"https:\/\/visitdistrikt.rs\/media\/2020\/10\/Visit-NS-Almaski-kraj-foto-Jelena-Ivanovic-17-1024x682.png 1024w, https:\/\/visitdistrikt.rs\/media\/2020\/10\/Visit-NS-Almaski-kraj-foto-Jelena-Ivanovic-17-300x200.png 300w, https:\/\/visitdistrikt.rs\/media\/2020\/10\/Visit-NS-Almaski-kraj-foto-Jelena-Ivanovic-17-768x512.png 768w, https:\/\/visitdistrikt.rs\/media\/2020\/10\/Visit-NS-Almaski-kraj-foto-Jelena-Ivanovic-17-1536x1024.png 1536w, https:\/\/visitdistrikt.rs\/media\/2020\/10\/Visit-NS-Almaski-kraj-foto-Jelena-Ivanovic-17-1320x880.png 1320w, https:\/\/visitdistrikt.rs\/media\/2020\/10\/Visit-NS-Almaski-kraj-foto-Jelena-Ivanovic-17.png 2000w\" sizes=\"(max-width: 1024px) 100vw, 1024px\" \/><\/a><\/figure>\r\n<\/li>\r\n<li class=\"blocks-gallery-item\">\r\n<figure><a href=\"https:\/\/visitdistrikt.rs\/media\/2020\/10\/Visit-NS-Almaski-kraj-foto-Jelena-Ivanovic-23.png\"><img loading=\"lazy\" decoding=\"async\" width=\"1024\" height=\"682\" class=\"wp-image-4043\" src=\"https:\/\/visitdistrikt.rs\/media\/2020\/10\/Visit-NS-Almaski-kraj-foto-Jelena-Ivanovic-23-1024x682.png\" alt=\"\" data-id=\"4043\" data-full-url=\"https:\/\/visitdistrikt.rs\/media\/2020\/10\/Visit-NS-Almaski-kraj-foto-Jelena-Ivanovic-23.png\" data-link=\"https:\/\/visitdistrikt.rs\/2020\/10\/05\/almaski-kraj-lavirint-kroz-vekove\/visit-ns-almaski-kraj-foto-jelena-ivanovic-23\/\" srcset=\"https:\/\/visitdistrikt.rs\/media\/2020\/10\/Visit-NS-Almaski-kraj-foto-Jelena-Ivanovic-23-1024x682.png 1024w, https:\/\/visitdistrikt.rs\/media\/2020\/10\/Visit-NS-Almaski-kraj-foto-Jelena-Ivanovic-23-300x200.png 300w, https:\/\/visitdistrikt.rs\/media\/2020\/10\/Visit-NS-Almaski-kraj-foto-Jelena-Ivanovic-23-768x512.png 768w, https:\/\/visitdistrikt.rs\/media\/2020\/10\/Visit-NS-Almaski-kraj-foto-Jelena-Ivanovic-23-1536x1024.png 1536w, https:\/\/visitdistrikt.rs\/media\/2020\/10\/Visit-NS-Almaski-kraj-foto-Jelena-Ivanovic-23-1320x880.png 1320w, https:\/\/visitdistrikt.rs\/media\/2020\/10\/Visit-NS-Almaski-kraj-foto-Jelena-Ivanovic-23.png 2000w\" sizes=\"(max-width: 1024px) 100vw, 1024px\" \/><\/a><\/figure>\r\n<\/li>\r\n<li class=\"blocks-gallery-item\">\r\n<figure><a href=\"https:\/\/visitdistrikt.rs\/media\/2020\/10\/Visit-NS-Almaski-kraj-foto-Jelena-Ivanovic-28.png\"><img loading=\"lazy\" decoding=\"async\" width=\"1024\" height=\"682\" class=\"wp-image-4045\" src=\"https:\/\/visitdistrikt.rs\/media\/2020\/10\/Visit-NS-Almaski-kraj-foto-Jelena-Ivanovic-28-1024x682.png\" alt=\"\" data-id=\"4045\" data-full-url=\"https:\/\/visitdistrikt.rs\/media\/2020\/10\/Visit-NS-Almaski-kraj-foto-Jelena-Ivanovic-28.png\" data-link=\"https:\/\/visitdistrikt.rs\/2020\/10\/05\/almaski-kraj-lavirint-kroz-vekove\/visit-ns-almaski-kraj-foto-jelena-ivanovic-28\/\" srcset=\"https:\/\/visitdistrikt.rs\/media\/2020\/10\/Visit-NS-Almaski-kraj-foto-Jelena-Ivanovic-28-1024x682.png 1024w, https:\/\/visitdistrikt.rs\/media\/2020\/10\/Visit-NS-Almaski-kraj-foto-Jelena-Ivanovic-28-300x200.png 300w, https:\/\/visitdistrikt.rs\/media\/2020\/10\/Visit-NS-Almaski-kraj-foto-Jelena-Ivanovic-28-768x512.png 768w, https:\/\/visitdistrikt.rs\/media\/2020\/10\/Visit-NS-Almaski-kraj-foto-Jelena-Ivanovic-28-1536x1024.png 1536w, https:\/\/visitdistrikt.rs\/media\/2020\/10\/Visit-NS-Almaski-kraj-foto-Jelena-Ivanovic-28-1320x880.png 1320w, https:\/\/visitdistrikt.rs\/media\/2020\/10\/Visit-NS-Almaski-kraj-foto-Jelena-Ivanovic-28.png 2000w\" sizes=\"(max-width: 1024px) 100vw, 1024px\" \/><\/a><\/figure>\r\n<\/li>\r\n<li class=\"blocks-gallery-item\">\r\n<figure><a href=\"https:\/\/visitdistrikt.rs\/media\/2020\/10\/Visit-NS-Almaski-kraj-foto-Jelena-Ivanovic-43.png\"><img loading=\"lazy\" decoding=\"async\" width=\"1024\" height=\"682\" class=\"wp-image-4047\" src=\"https:\/\/visitdistrikt.rs\/media\/2020\/10\/Visit-NS-Almaski-kraj-foto-Jelena-Ivanovic-43-1024x682.png\" alt=\"\" data-id=\"4047\" data-full-url=\"https:\/\/visitdistrikt.rs\/media\/2020\/10\/Visit-NS-Almaski-kraj-foto-Jelena-Ivanovic-43.png\" data-link=\"https:\/\/visitdistrikt.rs\/2020\/10\/05\/almaski-kraj-lavirint-kroz-vekove\/visit-ns-almaski-kraj-foto-jelena-ivanovic-43\/\" srcset=\"https:\/\/visitdistrikt.rs\/media\/2020\/10\/Visit-NS-Almaski-kraj-foto-Jelena-Ivanovic-43-1024x682.png 1024w, https:\/\/visitdistrikt.rs\/media\/2020\/10\/Visit-NS-Almaski-kraj-foto-Jelena-Ivanovic-43-300x200.png 300w, https:\/\/visitdistrikt.rs\/media\/2020\/10\/Visit-NS-Almaski-kraj-foto-Jelena-Ivanovic-43-768x512.png 768w, https:\/\/visitdistrikt.rs\/media\/2020\/10\/Visit-NS-Almaski-kraj-foto-Jelena-Ivanovic-43-1536x1024.png 1536w, https:\/\/visitdistrikt.rs\/media\/2020\/10\/Visit-NS-Almaski-kraj-foto-Jelena-Ivanovic-43-1320x880.png 1320w, https:\/\/visitdistrikt.rs\/media\/2020\/10\/Visit-NS-Almaski-kraj-foto-Jelena-Ivanovic-43.png 2000w\" sizes=\"(max-width: 1024px) 100vw, 1024px\" \/><\/a><\/figure>\r\n<\/li>\r\n<li class=\"blocks-gallery-item\">\r\n<figure><a href=\"https:\/\/visitdistrikt.rs\/media\/2020\/10\/Visit-NS-Almaski-kraj-foto-Jelena-Ivanovic-54.png\"><img loading=\"lazy\" decoding=\"async\" width=\"1024\" height=\"682\" class=\"wp-image-4049\" src=\"https:\/\/visitdistrikt.rs\/media\/2020\/10\/Visit-NS-Almaski-kraj-foto-Jelena-Ivanovic-54-1024x682.png\" alt=\"\" data-id=\"4049\" data-full-url=\"https:\/\/visitdistrikt.rs\/media\/2020\/10\/Visit-NS-Almaski-kraj-foto-Jelena-Ivanovic-54.png\" data-link=\"https:\/\/visitdistrikt.rs\/2020\/10\/05\/almaski-kraj-lavirint-kroz-vekove\/visit-ns-almaski-kraj-foto-jelena-ivanovic-54\/\" srcset=\"https:\/\/visitdistrikt.rs\/media\/2020\/10\/Visit-NS-Almaski-kraj-foto-Jelena-Ivanovic-54-1024x682.png 1024w, https:\/\/visitdistrikt.rs\/media\/2020\/10\/Visit-NS-Almaski-kraj-foto-Jelena-Ivanovic-54-300x200.png 300w, https:\/\/visitdistrikt.rs\/media\/2020\/10\/Visit-NS-Almaski-kraj-foto-Jelena-Ivanovic-54-768x512.png 768w, https:\/\/visitdistrikt.rs\/media\/2020\/10\/Visit-NS-Almaski-kraj-foto-Jelena-Ivanovic-54-1536x1024.png 1536w, https:\/\/visitdistrikt.rs\/media\/2020\/10\/Visit-NS-Almaski-kraj-foto-Jelena-Ivanovic-54-1320x880.png 1320w, https:\/\/visitdistrikt.rs\/media\/2020\/10\/Visit-NS-Almaski-kraj-foto-Jelena-Ivanovic-54.png 2000w\" sizes=\"(max-width: 1024px) 100vw, 1024px\" \/><\/a><\/figure>\r\n<\/li>\r\n<li class=\"blocks-gallery-item\">\r\n<figure><a href=\"https:\/\/visitdistrikt.rs\/media\/2020\/10\/Visit-NS-Almaski-kraj-foto-Jelena-Ivanovic-37.png\"><img loading=\"lazy\" decoding=\"async\" width=\"1024\" height=\"682\" class=\"wp-image-4051\" src=\"https:\/\/visitdistrikt.rs\/media\/2020\/10\/Visit-NS-Almaski-kraj-foto-Jelena-Ivanovic-37-1024x682.png\" alt=\"\" data-id=\"4051\" data-full-url=\"https:\/\/visitdistrikt.rs\/media\/2020\/10\/Visit-NS-Almaski-kraj-foto-Jelena-Ivanovic-37.png\" data-link=\"https:\/\/visitdistrikt.rs\/2020\/10\/05\/almaski-kraj-lavirint-kroz-vekove\/visit-ns-almaski-kraj-foto-jelena-ivanovic-37\/\" srcset=\"https:\/\/visitdistrikt.rs\/media\/2020\/10\/Visit-NS-Almaski-kraj-foto-Jelena-Ivanovic-37-1024x682.png 1024w, https:\/\/visitdistrikt.rs\/media\/2020\/10\/Visit-NS-Almaski-kraj-foto-Jelena-Ivanovic-37-300x200.png 300w, https:\/\/visitdistrikt.rs\/media\/2020\/10\/Visit-NS-Almaski-kraj-foto-Jelena-Ivanovic-37-768x511.png 768w, https:\/\/visitdistrikt.rs\/media\/2020\/10\/Visit-NS-Almaski-kraj-foto-Jelena-Ivanovic-37-1536x1023.png 1536w, https:\/\/visitdistrikt.rs\/media\/2020\/10\/Visit-NS-Almaski-kraj-foto-Jelena-Ivanovic-37-1320x879.png 1320w, https:\/\/visitdistrikt.rs\/media\/2020\/10\/Visit-NS-Almaski-kraj-foto-Jelena-Ivanovic-37.png 2000w\" sizes=\"(max-width: 1024px) 100vw, 1024px\" \/><\/a><\/figure>\r\n<\/li>\r\n<\/ul>\r\n<\/figure>\r\n<p><em><strong>Author<\/strong>: Ljiljana Dragosavljevi\u0107 Savin, master historian<\/em> <br \/><em><strong>Photo<\/strong>: Uro\u0161 Do\u017ei\u0107, Jelena Ivanovi\u0107<\/em><\/p>","protected":false},"excerpt":{"rendered":"<p>Alma\u0161ki kraj je najstariji novosadski kvart, u kojem su sa\u010duvane kultura i tekovine na kojima je Novi Sad osnovan. <\/p>\n","protected":false},"author":3,"featured_media":4054,"comment_status":"open","ping_status":"open","sticky":false,"template":"","format":"standard","meta":{"footnotes":"","_links_to":"","_links_to_target":""},"categories":[297,313,310],"tags":[326,314],"yoast_head":"<!-- This site is optimized with the Yoast SEO plugin v22.4 - https:\/\/yoast.com\/wordpress\/plugins\/seo\/ -->\n<title>The Alma\u0161 Neighbourhood: A Labyrinth Through Centuries - Visit Distrikt Novi Sad<\/title>\n<meta name=\"description\" content=\"If a walk through Novi Sad leads you to a neighbourhood with winding streets, be sure you\u2019ve stumbled across the Alma\u0161 neighbourhood.\" \/>\n<meta name=\"robots\" content=\"index, follow, max-snippet:-1, max-image-preview:large, max-video-preview:-1\" \/>\n<link rel=\"canonical\" href=\"https:\/\/visitdistrikt.rs\/en\/2020\/11\/20\/the-almas-neighbourhood-a-labyrinth-through-centuries\/\" \/>\n<meta property=\"og:locale\" content=\"en_US\" \/>\n<meta property=\"og:type\" content=\"article\" \/>\n<meta property=\"og:title\" content=\"The Alma\u0161 Neighbourhood: A Labyrinth Through Centuries - Visit Distrikt Novi Sad\" \/>\n<meta property=\"og:description\" content=\"If a walk through Novi Sad leads you to a neighbourhood with winding streets, be sure you\u2019ve stumbled across the Alma\u0161 neighbourhood.\" \/>\n<meta property=\"og:url\" content=\"https:\/\/visitdistrikt.rs\/en\/2020\/11\/20\/the-almas-neighbourhood-a-labyrinth-through-centuries\/\" \/>\n<meta property=\"og:site_name\" content=\"Visit Distrikt Novi Sad\" \/>\n<meta property=\"article:published_time\" content=\"2020-11-20T11:34:22+00:00\" \/>\n<meta property=\"article:modified_time\" content=\"2020-11-20T11:37:44+00:00\" \/>\n<meta property=\"og:image\" content=\"https:\/\/visitdistrikt.rs\/media\/2020\/11\/Visit-NS-Almaski-kraj-foto-Jelena-Ivanovic-30-1024x682.png\" \/>\n\t<meta property=\"og:image:width\" content=\"1024\" \/>\n\t<meta property=\"og:image:height\" content=\"682\" \/>\n\t<meta property=\"og:image:type\" content=\"image\/png\" \/>\n<meta name=\"author\" content=\"Nadja\" \/>\n<meta name=\"twitter:card\" content=\"summary_large_image\" \/>\n<meta name=\"twitter:label1\" content=\"Written by\" \/>\n\t<meta name=\"twitter:data1\" content=\"Nadja\" \/>\n\t<meta name=\"twitter:label2\" content=\"Est. reading time\" \/>\n\t<meta name=\"twitter:data2\" content=\"6 minutes\" \/>\n<script type=\"application\/ld+json\" class=\"yoast-schema-graph\">{\"@context\":\"https:\/\/schema.org\",\"@graph\":[{\"@type\":\"WebPage\",\"@id\":\"https:\/\/visitdistrikt.rs\/en\/2020\/11\/20\/the-almas-neighbourhood-a-labyrinth-through-centuries\/\",\"url\":\"https:\/\/visitdistrikt.rs\/en\/2020\/11\/20\/the-almas-neighbourhood-a-labyrinth-through-centuries\/\",\"name\":\"The Alma\u0161 Neighbourhood: A Labyrinth Through Centuries - Visit Distrikt Novi Sad\",\"isPartOf\":{\"@id\":\"https:\/\/visitdistrikt.rs\/#website\"},\"primaryImageOfPage\":{\"@id\":\"https:\/\/visitdistrikt.rs\/en\/2020\/11\/20\/the-almas-neighbourhood-a-labyrinth-through-centuries\/#primaryimage\"},\"image\":{\"@id\":\"https:\/\/visitdistrikt.rs\/en\/2020\/11\/20\/the-almas-neighbourhood-a-labyrinth-through-centuries\/#primaryimage\"},\"thumbnailUrl\":\"https:\/\/visitdistrikt.rs\/media\/2020\/11\/Visit-NS-Almaski-kraj-foto-Jelena-Ivanovic-30.png\",\"datePublished\":\"2020-11-20T11:34:22+00:00\",\"dateModified\":\"2020-11-20T11:37:44+00:00\",\"author\":{\"@id\":\"https:\/\/visitdistrikt.rs\/#\/schema\/person\/d14c12f469b14b67ac146d37913d83d6\"},\"description\":\"If a walk through Novi Sad leads you to a neighbourhood with winding streets, be sure you\u2019ve stumbled across the Alma\u0161 neighbourhood.\",\"breadcrumb\":{\"@id\":\"https:\/\/visitdistrikt.rs\/en\/2020\/11\/20\/the-almas-neighbourhood-a-labyrinth-through-centuries\/#breadcrumb\"},\"inLanguage\":\"en-US\",\"potentialAction\":[{\"@type\":\"ReadAction\",\"target\":[\"https:\/\/visitdistrikt.rs\/en\/2020\/11\/20\/the-almas-neighbourhood-a-labyrinth-through-centuries\/\"]}]},{\"@type\":\"ImageObject\",\"inLanguage\":\"en-US\",\"@id\":\"https:\/\/visitdistrikt.rs\/en\/2020\/11\/20\/the-almas-neighbourhood-a-labyrinth-through-centuries\/#primaryimage\",\"url\":\"https:\/\/visitdistrikt.rs\/media\/2020\/11\/Visit-NS-Almaski-kraj-foto-Jelena-Ivanovic-30.png\",\"contentUrl\":\"https:\/\/visitdistrikt.rs\/media\/2020\/11\/Visit-NS-Almaski-kraj-foto-Jelena-Ivanovic-30.png\",\"width\":2000,\"height\":1332},{\"@type\":\"BreadcrumbList\",\"@id\":\"https:\/\/visitdistrikt.rs\/en\/2020\/11\/20\/the-almas-neighbourhood-a-labyrinth-through-centuries\/#breadcrumb\",\"itemListElement\":[{\"@type\":\"ListItem\",\"position\":1,\"name\":\"Home\",\"item\":\"https:\/\/visitdistrikt.rs\/en\/\"},{\"@type\":\"ListItem\",\"position\":2,\"name\":\"The Alma\u0161 Neighbourhood: A Labyrinth Through Centuries\"}]},{\"@type\":\"WebSite\",\"@id\":\"https:\/\/visitdistrikt.rs\/#website\",\"url\":\"https:\/\/visitdistrikt.rs\/\",\"name\":\"Visit Distrikt Novi Sad\",\"description\":\"Novi Sad\",\"potentialAction\":[{\"@type\":\"SearchAction\",\"target\":{\"@type\":\"EntryPoint\",\"urlTemplate\":\"https:\/\/visitdistrikt.rs\/?s={search_term_string}\"},\"query-input\":\"required name=search_term_string\"}],\"inLanguage\":\"en-US\"},{\"@type\":\"Person\",\"@id\":\"https:\/\/visitdistrikt.rs\/#\/schema\/person\/d14c12f469b14b67ac146d37913d83d6\",\"name\":\"Nadja\",\"image\":{\"@type\":\"ImageObject\",\"inLanguage\":\"en-US\",\"@id\":\"https:\/\/visitdistrikt.rs\/#\/schema\/person\/image\/\",\"url\":\"https:\/\/secure.gravatar.com\/avatar\/2a98ad6df38b68a7998a319b57e3c9fd?s=96&d=mm&r=g\",\"contentUrl\":\"https:\/\/secure.gravatar.com\/avatar\/2a98ad6df38b68a7998a319b57e3c9fd?s=96&d=mm&r=g\",\"caption\":\"Nadja\"}}]}<\/script>\n<!-- \/ Yoast SEO plugin. -->","yoast_head_json":{"title":"The Alma\u0161 Neighbourhood: A Labyrinth Through Centuries - Visit Distrikt Novi Sad","description":"If a walk through Novi Sad leads you to a neighbourhood with winding streets, be sure you\u2019ve stumbled across the Alma\u0161 neighbourhood.","robots":{"index":"index","follow":"follow","max-snippet":"max-snippet:-1","max-image-preview":"max-image-preview:large","max-video-preview":"max-video-preview:-1"},"canonical":"https:\/\/visitdistrikt.rs\/en\/2020\/11\/20\/the-almas-neighbourhood-a-labyrinth-through-centuries\/","og_locale":"en_US","og_type":"article","og_title":"The Alma\u0161 Neighbourhood: A Labyrinth Through Centuries - Visit Distrikt Novi Sad","og_description":"If a walk through Novi Sad leads you to a neighbourhood with winding streets, be sure you\u2019ve stumbled across the Alma\u0161 neighbourhood.","og_url":"https:\/\/visitdistrikt.rs\/en\/2020\/11\/20\/the-almas-neighbourhood-a-labyrinth-through-centuries\/","og_site_name":"Visit Distrikt Novi Sad","article_published_time":"2020-11-20T11:34:22+00:00","article_modified_time":"2020-11-20T11:37:44+00:00","og_image":[{"width":1024,"height":682,"url":"https:\/\/visitdistrikt.rs\/media\/2020\/11\/Visit-NS-Almaski-kraj-foto-Jelena-Ivanovic-30-1024x682.png","type":"image\/png"}],"author":"Nadja","twitter_card":"summary_large_image","twitter_misc":{"Written by":"Nadja","Est. reading time":"6 minutes"},"schema":{"@context":"https:\/\/schema.org","@graph":[{"@type":"WebPage","@id":"https:\/\/visitdistrikt.rs\/en\/2020\/11\/20\/the-almas-neighbourhood-a-labyrinth-through-centuries\/","url":"https:\/\/visitdistrikt.rs\/en\/2020\/11\/20\/the-almas-neighbourhood-a-labyrinth-through-centuries\/","name":"The Alma\u0161 Neighbourhood: A Labyrinth Through Centuries - Visit Distrikt Novi Sad","isPartOf":{"@id":"https:\/\/visitdistrikt.rs\/#website"},"primaryImageOfPage":{"@id":"https:\/\/visitdistrikt.rs\/en\/2020\/11\/20\/the-almas-neighbourhood-a-labyrinth-through-centuries\/#primaryimage"},"image":{"@id":"https:\/\/visitdistrikt.rs\/en\/2020\/11\/20\/the-almas-neighbourhood-a-labyrinth-through-centuries\/#primaryimage"},"thumbnailUrl":"https:\/\/visitdistrikt.rs\/media\/2020\/11\/Visit-NS-Almaski-kraj-foto-Jelena-Ivanovic-30.png","datePublished":"2020-11-20T11:34:22+00:00","dateModified":"2020-11-20T11:37:44+00:00","author":{"@id":"https:\/\/visitdistrikt.rs\/#\/schema\/person\/d14c12f469b14b67ac146d37913d83d6"},"description":"If a walk through Novi Sad leads you to a neighbourhood with winding streets, be sure you\u2019ve stumbled across the Alma\u0161 neighbourhood.","breadcrumb":{"@id":"https:\/\/visitdistrikt.rs\/en\/2020\/11\/20\/the-almas-neighbourhood-a-labyrinth-through-centuries\/#breadcrumb"},"inLanguage":"en-US","potentialAction":[{"@type":"ReadAction","target":["https:\/\/visitdistrikt.rs\/en\/2020\/11\/20\/the-almas-neighbourhood-a-labyrinth-through-centuries\/"]}]},{"@type":"ImageObject","inLanguage":"en-US","@id":"https:\/\/visitdistrikt.rs\/en\/2020\/11\/20\/the-almas-neighbourhood-a-labyrinth-through-centuries\/#primaryimage","url":"https:\/\/visitdistrikt.rs\/media\/2020\/11\/Visit-NS-Almaski-kraj-foto-Jelena-Ivanovic-30.png","contentUrl":"https:\/\/visitdistrikt.rs\/media\/2020\/11\/Visit-NS-Almaski-kraj-foto-Jelena-Ivanovic-30.png","width":2000,"height":1332},{"@type":"BreadcrumbList","@id":"https:\/\/visitdistrikt.rs\/en\/2020\/11\/20\/the-almas-neighbourhood-a-labyrinth-through-centuries\/#breadcrumb","itemListElement":[{"@type":"ListItem","position":1,"name":"Home","item":"https:\/\/visitdistrikt.rs\/en\/"},{"@type":"ListItem","position":2,"name":"The Alma\u0161 Neighbourhood: A Labyrinth Through Centuries"}]},{"@type":"WebSite","@id":"https:\/\/visitdistrikt.rs\/#website","url":"https:\/\/visitdistrikt.rs\/","name":"Visit Distrikt Novi Sad","description":"Novi Sad","potentialAction":[{"@type":"SearchAction","target":{"@type":"EntryPoint","urlTemplate":"https:\/\/visitdistrikt.rs\/?s={search_term_string}"},"query-input":"required name=search_term_string"}],"inLanguage":"en-US"},{"@type":"Person","@id":"https:\/\/visitdistrikt.rs\/#\/schema\/person\/d14c12f469b14b67ac146d37913d83d6","name":"Nadja","image":{"@type":"ImageObject","inLanguage":"en-US","@id":"https:\/\/visitdistrikt.rs\/#\/schema\/person\/image\/","url":"https:\/\/secure.gravatar.com\/avatar\/2a98ad6df38b68a7998a319b57e3c9fd?s=96&d=mm&r=g","contentUrl":"https:\/\/secure.gravatar.com\/avatar\/2a98ad6df38b68a7998a319b57e3c9fd?s=96&d=mm&r=g","caption":"Nadja"}}]}},"_links":{"self":[{"href":"https:\/\/visitdistrikt.rs\/en\/wp-json\/wp\/v2\/posts\/4166"}],"collection":[{"href":"https:\/\/visitdistrikt.rs\/en\/wp-json\/wp\/v2\/posts"}],"about":[{"href":"https:\/\/visitdistrikt.rs\/en\/wp-json\/wp\/v2\/types\/post"}],"author":[{"embeddable":true,"href":"https:\/\/visitdistrikt.rs\/en\/wp-json\/wp\/v2\/users\/3"}],"replies":[{"embeddable":true,"href":"https:\/\/visitdistrikt.rs\/en\/wp-json\/wp\/v2\/comments?post=4166"}],"version-history":[{"count":4,"href":"https:\/\/visitdistrikt.rs\/en\/wp-json\/wp\/v2\/posts\/4166\/revisions"}],"predecessor-version":[{"id":4172,"href":"https:\/\/visitdistrikt.rs\/en\/wp-json\/wp\/v2\/posts\/4166\/revisions\/4172"}],"wp:featuredmedia":[{"embeddable":true,"href":"https:\/\/visitdistrikt.rs\/en\/wp-json\/wp\/v2\/media\/4054"}],"wp:attachment":[{"href":"https:\/\/visitdistrikt.rs\/en\/wp-json\/wp\/v2\/media?parent=4166"}],"wp:term":[{"taxonomy":"category","embeddable":true,"href":"https:\/\/visitdistrikt.rs\/en\/wp-json\/wp\/v2\/categories?post=4166"},{"taxonomy":"post_tag","embeddable":true,"href":"https:\/\/visitdistrikt.rs\/en\/wp-json\/wp\/v2\/tags?post=4166"}],"curies":[{"name":"wp","href":"https:\/\/api.w.org\/{rel}","templated":true}]}}