{"id":42422,"date":"2022-12-14T10:18:44","date_gmt":"2022-12-14T09:18:44","guid":{"rendered":"https:\/\/visitdistrikt.rs\/?p=42422"},"modified":"2023-02-02T14:40:27","modified_gmt":"2023-02-02T13:40:27","slug":"suburbium-is-a-synonymous-with-docek","status":"publish","type":"post","link":"https:\/\/visitdistrikt.rs\/en\/2022\/12\/14\/suburbium-is-a-synonymous-with-docek\/","title":{"rendered":"Suburbium Is a Synonymous with Do\u010dek"},"content":{"rendered":"\t\t<div data-elementor-type=\"wp-post\" data-elementor-id=\"42422\" class=\"elementor elementor-42422 elementor-42314\" data-elementor-post-type=\"post\">\n\t\t\t\t\t\t<section class=\"elementor-section elementor-top-section elementor-element elementor-element-3bf372b elementor-section-boxed elementor-section-height-default elementor-section-height-default\" data-id=\"3bf372b\" data-element_type=\"section\">\n\t\t\t\t\t\t<div class=\"elementor-container elementor-column-gap-default\">\n\t\t\t\t\t<div class=\"elementor-column elementor-col-100 elementor-top-column elementor-element elementor-element-757a9e8\" data-id=\"757a9e8\" data-element_type=\"column\">\n\t\t\t<div class=\"elementor-widget-wrap elementor-element-populated\">\n\t\t\t\t\t\t<div class=\"elementor-element elementor-element-2d968ed elementor-widget elementor-widget-text-editor\" data-id=\"2d968ed\" data-element_type=\"widget\" data-widget_type=\"text-editor.default\">\n\t\t\t\t<div class=\"elementor-widget-container\">\n\t\t\t\t\t\t\t<p><strong>Do\u010dek<\/strong> in Novi Sad is a unique New Year celebration that you should not miss even this year, at the end of the<strong><a href=\"https:\/\/novisad2022.rs\/en\/home-page\/\"> European Capital of Culture<\/a><\/strong> title year. The epicentre of a unique audio-visual experience will be the <strong>Suburbium<\/strong> of the Petrovaradin Fortress, and we invite you to be part of this unique experience in the <strong>synergy of performing and visual arts on 31 December<\/strong>. If you witnessed the rich artistic programme and spectacular fireworks that lit up the sky and the ground at last year&#8217;s Do\u010dek, you will have another unforgettable farewell to the old and entering the new year. In the text, we will introduce you to the artistic programme, as well as the importance of Suburbium, an architectural baroque gem on the famous Petrovaradin Rock, which will once again, in its most beautiful light, represent a meeting place of different cultures, exactly where Novi Sad was born a long time ago.<\/p>\t\t\t\t\t\t<\/div>\n\t\t\t\t<\/div>\n\t\t\t\t\t<\/div>\n\t\t<\/div>\n\t\t\t\t\t<\/div>\n\t\t<\/section>\n\t\t\t\t<section class=\"elementor-section elementor-top-section elementor-element elementor-element-78328d5 elementor-section-boxed elementor-section-height-default elementor-section-height-default\" data-id=\"78328d5\" data-element_type=\"section\">\n\t\t\t\t\t\t<div class=\"elementor-container elementor-column-gap-default\">\n\t\t\t\t\t<div class=\"elementor-column elementor-col-100 elementor-top-column elementor-element elementor-element-2a78236\" data-id=\"2a78236\" data-element_type=\"column\">\n\t\t\t<div class=\"elementor-widget-wrap elementor-element-populated\">\n\t\t\t\t\t\t<div class=\"elementor-element elementor-element-1366a58 elementor-widget elementor-widget-image\" data-id=\"1366a58\" data-element_type=\"widget\" data-widget_type=\"image.default\">\n\t\t\t\t<div class=\"elementor-widget-container\">\n\t\t\t\t\t\t\t\t\t\t\t\t\t<img fetchpriority=\"high\" decoding=\"async\" width=\"800\" height=\"533\" src=\"https:\/\/visitdistrikt.rs\/media\/2022\/12\/MPU_1720-2.jpg\" class=\"attachment-large size-large wp-image-42339\" alt=\"\" srcset=\"https:\/\/visitdistrikt.rs\/media\/2022\/12\/MPU_1720-2.jpg 800w, https:\/\/visitdistrikt.rs\/media\/2022\/12\/MPU_1720-2-300x200.jpg 300w, https:\/\/visitdistrikt.rs\/media\/2022\/12\/MPU_1720-2-768x512.jpg 768w\" sizes=\"(max-width: 800px) 100vw, 800px\" \/>\t\t\t\t\t\t\t\t\t\t\t\t\t<\/div>\n\t\t\t\t<\/div>\n\t\t\t\t\t<\/div>\n\t\t<\/div>\n\t\t\t\t\t<\/div>\n\t\t<\/section>\n\t\t\t\t<section class=\"elementor-section elementor-top-section elementor-element elementor-element-70cfac6 elementor-section-boxed elementor-section-height-default elementor-section-height-default\" data-id=\"70cfac6\" data-element_type=\"section\">\n\t\t\t\t\t\t<div class=\"elementor-container elementor-column-gap-default\">\n\t\t\t\t\t<div class=\"elementor-column elementor-col-100 elementor-top-column elementor-element elementor-element-2cf1db6\" data-id=\"2cf1db6\" data-element_type=\"column\">\n\t\t\t<div class=\"elementor-widget-wrap elementor-element-populated\">\n\t\t\t\t\t\t<div class=\"elementor-element elementor-element-bd6bef1 elementor-widget elementor-widget-text-editor\" data-id=\"bd6bef1\" data-element_type=\"widget\" data-widget_type=\"text-editor.default\">\n\t\t\t\t<div class=\"elementor-widget-container\">\n\t\t\t\t\t\t\t<p>The <strong>Suburbium<\/strong> of the <a href=\"https:\/\/visitdistrikt.rs\/en\/2021\/02\/25\/the-turbulent-history-of-the-petrovaradin-fortress\/\">Petrovaradin Fortress<\/a>, built during the 17th and 18th century,<strong> was restored after as many as 300 years<\/strong> while anticipating the <a href=\"https:\/\/visitdistrikt.rs\/en\/2022\/12\/01\/ecoc-a-historic-year-that-novi-sad-will-remember-forever\/\">historic<\/a> title year of the <a href=\"https:\/\/novisad2022.rs\/en\/home-page\/\">European Capital of Culture<\/a>. Last year&#8217;s Do\u010dek introduced a new tradition of holding an artistic celebration in this place, and precisely Suburbium among the people of Novi Sad, as well as artists and many curious tourists, has become synonymous with Do\u010dek.<\/p>\t\t\t\t\t\t<\/div>\n\t\t\t\t<\/div>\n\t\t\t\t\t<\/div>\n\t\t<\/div>\n\t\t\t\t\t<\/div>\n\t\t<\/section>\n\t\t\t\t<section class=\"elementor-section elementor-top-section elementor-element elementor-element-fe81d4d elementor-section-boxed elementor-section-height-default elementor-section-height-default\" data-id=\"fe81d4d\" data-element_type=\"section\">\n\t\t\t\t\t\t<div class=\"elementor-container elementor-column-gap-default\">\n\t\t\t\t\t<div class=\"elementor-column elementor-col-100 elementor-top-column elementor-element elementor-element-6889936\" data-id=\"6889936\" data-element_type=\"column\">\n\t\t\t<div class=\"elementor-widget-wrap elementor-element-populated\">\n\t\t\t\t\t\t<div class=\"elementor-element elementor-element-db53ff3 elementor-widget elementor-widget-gallery\" data-id=\"db53ff3\" data-element_type=\"widget\" data-settings=\"{&quot;columns&quot;:2,&quot;lazyload&quot;:&quot;yes&quot;,&quot;gallery_layout&quot;:&quot;grid&quot;,&quot;columns_tablet&quot;:2,&quot;columns_mobile&quot;:1,&quot;gap&quot;:{&quot;unit&quot;:&quot;px&quot;,&quot;size&quot;:10,&quot;sizes&quot;:[]},&quot;gap_tablet&quot;:{&quot;unit&quot;:&quot;px&quot;,&quot;size&quot;:10,&quot;sizes&quot;:[]},&quot;gap_mobile&quot;:{&quot;unit&quot;:&quot;px&quot;,&quot;size&quot;:10,&quot;sizes&quot;:[]},&quot;link_to&quot;:&quot;file&quot;,&quot;aspect_ratio&quot;:&quot;3:2&quot;,&quot;overlay_background&quot;:&quot;yes&quot;,&quot;content_hover_animation&quot;:&quot;fade-in&quot;}\" data-widget_type=\"gallery.default\">\n\t\t\t\t<div class=\"elementor-widget-container\">\n\t\t\t\t\t<div class=\"elementor-gallery__container\">\n\t\t\t\t\t\t\t<a class=\"e-gallery-item elementor-gallery-item elementor-animated-content\" href=\"https:\/\/visitdistrikt.rs\/media\/2022\/12\/MPU_1632-2-1.jpg\" data-elementor-open-lightbox=\"yes\" data-elementor-lightbox-slideshow=\"db53ff3\" data-e-action-hash=\"#elementor-action%3Aaction%3Dlightbox%26settings%3DeyJpZCI6NDIzMzcsInVybCI6Imh0dHBzOlwvXC92aXNpdGRpc3RyaWt0LnJzXC9tZWRpYVwvMjAyMlwvMTJcL01QVV8xNjMyLTItMS5qcGciLCJzbGlkZXNob3ciOiJkYjUzZmYzIn0%3D\">\n\t\t\t\t\t<div class=\"e-gallery-image elementor-gallery-item__image\" data-thumbnail=\"https:\/\/visitdistrikt.rs\/media\/2022\/12\/MPU_1632-2-1.jpg\" data-width=\"800\" data-height=\"600\" aria-label=\"\" role=\"img\" ><\/div>\n\t\t\t\t\t\t\t\t\t\t\t<div class=\"elementor-gallery-item__overlay\"><\/div>\n\t\t\t\t\t\t\t\t\t\t\t\t\t\t<\/a>\n\t\t\t\t\t\t\t<a class=\"e-gallery-item elementor-gallery-item elementor-animated-content\" href=\"https:\/\/visitdistrikt.rs\/media\/2022\/12\/MPU_1595-2.jpg\" data-elementor-open-lightbox=\"yes\" data-elementor-lightbox-slideshow=\"db53ff3\" data-e-action-hash=\"#elementor-action%3Aaction%3Dlightbox%26settings%3DeyJpZCI6NDIzMzUsInVybCI6Imh0dHBzOlwvXC92aXNpdGRpc3RyaWt0LnJzXC9tZWRpYVwvMjAyMlwvMTJcL01QVV8xNTk1LTIuanBnIiwic2xpZGVzaG93IjoiZGI1M2ZmMyJ9\">\n\t\t\t\t\t<div class=\"e-gallery-image elementor-gallery-item__image\" data-thumbnail=\"https:\/\/visitdistrikt.rs\/media\/2022\/12\/MPU_1595-2.jpg\" data-width=\"800\" data-height=\"533\" aria-label=\"\" role=\"img\" ><\/div>\n\t\t\t\t\t\t\t\t\t\t\t<div class=\"elementor-gallery-item__overlay\"><\/div>\n\t\t\t\t\t\t\t\t\t\t\t\t\t\t<\/a>\n\t\t\t\t\t<\/div>\n\t\t\t<\/div>\n\t\t\t\t<\/div>\n\t\t\t\t\t<\/div>\n\t\t<\/div>\n\t\t\t\t\t<\/div>\n\t\t<\/section>\n\t\t\t\t<section class=\"elementor-section elementor-top-section elementor-element elementor-element-3aeada3 elementor-section-boxed elementor-section-height-default elementor-section-height-default\" data-id=\"3aeada3\" data-element_type=\"section\">\n\t\t\t\t\t\t<div class=\"elementor-container elementor-column-gap-default\">\n\t\t\t\t\t<div class=\"elementor-column elementor-col-100 elementor-top-column elementor-element elementor-element-7e0ccfe\" data-id=\"7e0ccfe\" data-element_type=\"column\">\n\t\t\t<div class=\"elementor-widget-wrap elementor-element-populated\">\n\t\t\t\t\t\t<div class=\"elementor-element elementor-element-56c3ecf elementor-widget elementor-widget-text-editor\" data-id=\"56c3ecf\" data-element_type=\"widget\" data-widget_type=\"text-editor.default\">\n\t\t\t\t<div class=\"elementor-widget-container\">\n\t\t\t\t\t\t\t<h2>Tesla Light Gallery Will Illuminate the Suburbium<\/h2><p>The small town of light and energy will shine on<strong> 31 December<\/strong>, and on the pastel fa\u00e7ades of the buildings in the Suburbium and the famous Belgrade Gate (one of the former 30 gates of the Fortress, built in 1753) a play of light will take place again through the unique<em><strong> Tesla Light Gallery<\/strong><\/em> and the art of supreme local and European artists and multimedia creators. The exhibition will connect the work of the great scientist with contemporary artistic expression by means of the most modern technology.<\/p><p>In this manner, <strong>the Suburbium<\/strong> will once again receive the<strong> epithet of a beacon of culture<\/strong>, which will honour the great man of science \u2013 <strong>Nikola Tesla<\/strong>, who 131 years ago brought electricity to Novi Sad and illuminated it shortly after Paris, London and other major European cities. Today, a main road passes through this small town, and the famous \u0160trosmejerova Street used to be a railway line, which Tesla himself, travelling from Budapest to Belgrade, passed through back in 1892.<\/p><p>The sky above Suburbium on Do\u010dek 2023 will be illuminated by a directed light spectacle. <a href=\"https:\/\/docekns.rs\/en\/visual-programme\/\">Visual artists<\/a> will take care of visual identities and stage effects that will provide a new experience of enjoying the performances of local, regional and world stars. Novi Sad will be the centre of top-quality sound and musicians of various genres, which is another reason to welcome the New Year in the city of culture, because Do\u010dek in Novi Sad is tailored to each of us!<\/p>\t\t\t\t\t\t<\/div>\n\t\t\t\t<\/div>\n\t\t\t\t\t<\/div>\n\t\t<\/div>\n\t\t\t\t\t<\/div>\n\t\t<\/section>\n\t\t\t\t<section class=\"elementor-section elementor-top-section elementor-element elementor-element-0aeb53a elementor-section-boxed elementor-section-height-default elementor-section-height-default\" data-id=\"0aeb53a\" data-element_type=\"section\">\n\t\t\t\t\t\t<div class=\"elementor-container elementor-column-gap-default\">\n\t\t\t\t\t<div class=\"elementor-column elementor-col-100 elementor-top-column elementor-element elementor-element-bcec64a\" data-id=\"bcec64a\" data-element_type=\"column\">\n\t\t\t<div class=\"elementor-widget-wrap elementor-element-populated\">\n\t\t\t\t\t\t<div class=\"elementor-element elementor-element-3c6bd7a elementor-widget elementor-widget-gallery\" data-id=\"3c6bd7a\" data-element_type=\"widget\" data-settings=\"{&quot;columns&quot;:3,&quot;lazyload&quot;:&quot;yes&quot;,&quot;gallery_layout&quot;:&quot;grid&quot;,&quot;columns_tablet&quot;:2,&quot;columns_mobile&quot;:1,&quot;gap&quot;:{&quot;unit&quot;:&quot;px&quot;,&quot;size&quot;:10,&quot;sizes&quot;:[]},&quot;gap_tablet&quot;:{&quot;unit&quot;:&quot;px&quot;,&quot;size&quot;:10,&quot;sizes&quot;:[]},&quot;gap_mobile&quot;:{&quot;unit&quot;:&quot;px&quot;,&quot;size&quot;:10,&quot;sizes&quot;:[]},&quot;link_to&quot;:&quot;file&quot;,&quot;aspect_ratio&quot;:&quot;3:2&quot;,&quot;overlay_background&quot;:&quot;yes&quot;,&quot;content_hover_animation&quot;:&quot;fade-in&quot;}\" data-widget_type=\"gallery.default\">\n\t\t\t\t<div class=\"elementor-widget-container\">\n\t\t\t\t\t<div class=\"elementor-gallery__container\">\n\t\t\t\t\t\t\t<a class=\"e-gallery-item elementor-gallery-item elementor-animated-content\" href=\"https:\/\/visitdistrikt.rs\/media\/2022\/12\/MPU_1643-1-scaled-1.jpg\" data-elementor-open-lightbox=\"yes\" data-elementor-lightbox-slideshow=\"3c6bd7a\" data-e-action-hash=\"#elementor-action%3Aaction%3Dlightbox%26settings%3DeyJpZCI6NDIzMjksInVybCI6Imh0dHBzOlwvXC92aXNpdGRpc3RyaWt0LnJzXC9tZWRpYVwvMjAyMlwvMTJcL01QVV8xNjQzLTEtc2NhbGVkLTEuanBnIiwic2xpZGVzaG93IjoiM2M2YmQ3YSJ9\">\n\t\t\t\t\t<div class=\"e-gallery-image elementor-gallery-item__image\" data-thumbnail=\"https:\/\/visitdistrikt.rs\/media\/2022\/12\/MPU_1643-1-scaled-1.jpg\" data-width=\"800\" data-height=\"600\" aria-label=\"\" role=\"img\" ><\/div>\n\t\t\t\t\t\t\t\t\t\t\t<div class=\"elementor-gallery-item__overlay\"><\/div>\n\t\t\t\t\t\t\t\t\t\t\t\t\t\t<\/a>\n\t\t\t\t\t\t\t<a class=\"e-gallery-item elementor-gallery-item elementor-animated-content\" href=\"https:\/\/visitdistrikt.rs\/media\/2022\/12\/150044fotocMira_Chaloupka.jpg\" data-elementor-open-lightbox=\"yes\" data-elementor-lightbox-slideshow=\"3c6bd7a\" data-e-action-hash=\"#elementor-action%3Aaction%3Dlightbox%26settings%3DeyJpZCI6NDIzMzEsInVybCI6Imh0dHBzOlwvXC92aXNpdGRpc3RyaWt0LnJzXC9tZWRpYVwvMjAyMlwvMTJcLzE1MDA0NGZvdG9jTWlyYV9DaGFsb3Vwa2EuanBnIiwic2xpZGVzaG93IjoiM2M2YmQ3YSJ9\">\n\t\t\t\t\t<div class=\"e-gallery-image elementor-gallery-item__image\" data-thumbnail=\"https:\/\/visitdistrikt.rs\/media\/2022\/12\/150044fotocMira_Chaloupka.jpg\" data-width=\"800\" data-height=\"600\" aria-label=\"\" role=\"img\" ><\/div>\n\t\t\t\t\t\t\t\t\t\t\t<div class=\"elementor-gallery-item__overlay\"><\/div>\n\t\t\t\t\t\t\t\t\t\t\t\t\t\t<\/a>\n\t\t\t\t\t\t\t<a class=\"e-gallery-item elementor-gallery-item elementor-animated-content\" href=\"https:\/\/visitdistrikt.rs\/media\/2022\/12\/0K9A8215-1-scaled-1.jpg\" data-elementor-open-lightbox=\"yes\" data-elementor-lightbox-slideshow=\"3c6bd7a\" data-e-action-hash=\"#elementor-action%3Aaction%3Dlightbox%26settings%3DeyJpZCI6NDIzMzMsInVybCI6Imh0dHBzOlwvXC92aXNpdGRpc3RyaWt0LnJzXC9tZWRpYVwvMjAyMlwvMTJcLzBLOUE4MjE1LTEtc2NhbGVkLTEuanBnIiwic2xpZGVzaG93IjoiM2M2YmQ3YSJ9\">\n\t\t\t\t\t<div class=\"e-gallery-image elementor-gallery-item__image\" data-thumbnail=\"https:\/\/visitdistrikt.rs\/media\/2022\/12\/0K9A8215-1-scaled-1.jpg\" data-width=\"800\" data-height=\"600\" aria-label=\"\" role=\"img\" ><\/div>\n\t\t\t\t\t\t\t\t\t\t\t<div class=\"elementor-gallery-item__overlay\"><\/div>\n\t\t\t\t\t\t\t\t\t\t\t\t\t\t<\/a>\n\t\t\t\t\t<\/div>\n\t\t\t<\/div>\n\t\t\t\t<\/div>\n\t\t\t\t\t<\/div>\n\t\t<\/div>\n\t\t\t\t\t<\/div>\n\t\t<\/section>\n\t\t\t\t<section class=\"elementor-section elementor-top-section elementor-element elementor-element-695394a elementor-section-boxed elementor-section-height-default elementor-section-height-default\" data-id=\"695394a\" data-element_type=\"section\">\n\t\t\t\t\t\t<div class=\"elementor-container elementor-column-gap-default\">\n\t\t\t\t\t<div class=\"elementor-column elementor-col-100 elementor-top-column elementor-element elementor-element-d2e50ec\" data-id=\"d2e50ec\" data-element_type=\"column\">\n\t\t\t<div class=\"elementor-widget-wrap elementor-element-populated\">\n\t\t\t\t\t\t<div class=\"elementor-element elementor-element-71daf46 elementor-widget elementor-widget-text-editor\" data-id=\"71daf46\" data-element_type=\"widget\" data-widget_type=\"text-editor.default\">\n\t\t\t\t<div class=\"elementor-widget-container\">\n\t\t\t\t\t\t\t<p>Tesla Light Gallery will enliven the Suburbium through the work of independent artists, including <em><strong>Chida Yasuhiro<\/strong><\/em> from Japan, one of Artdex \u2018Nine Brilliant World Light Artists\u2019, <strong>Pavla Beranova<\/strong> from the Czech Republic, winner of the awards for interactive installations and best lighting design, <strong>Dorijan Kolund\u017eija<\/strong>, who runs the new media studio \u2018Galerija 12\u2019, one of whose projects is the Museum of the Future in Dubai, as well as the Association of Fine Artists of Vojvodina (SULUV), as well as visual artists<strong> An\u0111elko Popi\u0107<\/strong> and<strong> Dejan Stojkov<\/strong>, who also lives in the Suburbium.<\/p><h2>Do\u010dek Presents a Great Music Programe on 31 December<\/h2><p>9 p.m. \u2013 <strong><a href=\"https:\/\/docekns.rs\/en\/portfolio-item\/perpetuum-jazzile-3\/\">Perpetuum Jazzile<\/a><\/strong> (Main stage, Belgrade Gate)<\/p><p>10 p.m. \u2013 <strong><a href=\"https:\/\/docekns.rs\/en\/portfolio-item\/stereo-mcs\/\">Stereo MC\u2019s<\/a><\/strong> (Big stage, Prote Mihald\u017ei\u0107a Square)<\/p><p>10 p.m. \u2013 <strong><a href=\"https:\/\/docekns.rs\/en\/portfolio-item\/monohrom-3\/\">Monohrom<\/a><\/strong> (Small stage, \u0160trosmajerova Street)<\/p><p>\u00a011 p.m. \u2013 <strong><a href=\"https:\/\/docekns.rs\/en\/portfolio-item\/kosheen-3\/\">Kosheen<\/a><\/strong> (Main stage, Belgrade Gate)<\/p>\t\t\t\t\t\t<\/div>\n\t\t\t\t<\/div>\n\t\t\t\t\t<\/div>\n\t\t<\/div>\n\t\t\t\t\t<\/div>\n\t\t<\/section>\n\t\t\t\t<section class=\"elementor-section elementor-top-section elementor-element elementor-element-39e85a6 elementor-section-boxed elementor-section-height-default elementor-section-height-default\" data-id=\"39e85a6\" data-element_type=\"section\">\n\t\t\t\t\t\t<div class=\"elementor-container elementor-column-gap-default\">\n\t\t\t\t\t<div class=\"elementor-column elementor-col-100 elementor-top-column elementor-element elementor-element-93de722\" data-id=\"93de722\" data-element_type=\"column\">\n\t\t\t<div class=\"elementor-widget-wrap elementor-element-populated\">\n\t\t\t\t\t\t<div class=\"elementor-element elementor-element-f816cd9 elementor-widget elementor-widget-gallery\" data-id=\"f816cd9\" data-element_type=\"widget\" data-settings=\"{&quot;columns&quot;:3,&quot;lazyload&quot;:&quot;yes&quot;,&quot;gallery_layout&quot;:&quot;grid&quot;,&quot;columns_tablet&quot;:2,&quot;columns_mobile&quot;:1,&quot;gap&quot;:{&quot;unit&quot;:&quot;px&quot;,&quot;size&quot;:10,&quot;sizes&quot;:[]},&quot;gap_tablet&quot;:{&quot;unit&quot;:&quot;px&quot;,&quot;size&quot;:10,&quot;sizes&quot;:[]},&quot;gap_mobile&quot;:{&quot;unit&quot;:&quot;px&quot;,&quot;size&quot;:10,&quot;sizes&quot;:[]},&quot;link_to&quot;:&quot;file&quot;,&quot;aspect_ratio&quot;:&quot;3:2&quot;,&quot;overlay_background&quot;:&quot;yes&quot;,&quot;content_hover_animation&quot;:&quot;fade-in&quot;}\" data-widget_type=\"gallery.default\">\n\t\t\t\t<div class=\"elementor-widget-container\">\n\t\t\t\t\t<div class=\"elementor-gallery__container\">\n\t\t\t\t\t\t\t<a class=\"e-gallery-item elementor-gallery-item elementor-animated-content\" href=\"https:\/\/visitdistrikt.rs\/media\/2022\/12\/Stereo-MCs-1.jpg\" data-elementor-open-lightbox=\"yes\" data-elementor-lightbox-slideshow=\"f816cd9\" data-e-action-hash=\"#elementor-action%3Aaction%3Dlightbox%26settings%3DeyJpZCI6NDIyMjIsInVybCI6Imh0dHBzOlwvXC92aXNpdGRpc3RyaWt0LnJzXC9tZWRpYVwvMjAyMlwvMTJcL1N0ZXJlby1NQ3MtMS5qcGciLCJzbGlkZXNob3ciOiJmODE2Y2Q5In0%3D\">\n\t\t\t\t\t<div class=\"e-gallery-image elementor-gallery-item__image\" data-thumbnail=\"https:\/\/visitdistrikt.rs\/media\/2022\/12\/Stereo-MCs-1.jpg\" data-width=\"800\" data-height=\"605\" aria-label=\"\" role=\"img\" ><\/div>\n\t\t\t\t\t\t\t\t\t\t\t<div class=\"elementor-gallery-item__overlay\"><\/div>\n\t\t\t\t\t\t\t\t\t\t\t\t\t\t<\/a>\n\t\t\t\t\t\t\t<a class=\"e-gallery-item elementor-gallery-item elementor-animated-content\" href=\"https:\/\/visitdistrikt.rs\/media\/2022\/12\/Ubik-Litvin-1-1.jpg\" data-elementor-open-lightbox=\"yes\" data-elementor-lightbox-slideshow=\"f816cd9\" data-e-action-hash=\"#elementor-action%3Aaction%3Dlightbox%26settings%3DeyJpZCI6NDIyMjAsInVybCI6Imh0dHBzOlwvXC92aXNpdGRpc3RyaWt0LnJzXC9tZWRpYVwvMjAyMlwvMTJcL1ViaWstTGl0dmluLTEtMS5qcGciLCJzbGlkZXNob3ciOiJmODE2Y2Q5In0%3D\">\n\t\t\t\t\t<div class=\"e-gallery-image elementor-gallery-item__image\" data-thumbnail=\"https:\/\/visitdistrikt.rs\/media\/2022\/12\/Ubik-Litvin-1-1.jpg\" data-width=\"800\" data-height=\"523\" aria-label=\"\" role=\"img\" ><\/div>\n\t\t\t\t\t\t\t\t\t\t\t<div class=\"elementor-gallery-item__overlay\"><\/div>\n\t\t\t\t\t\t\t\t\t\t\t\t\t\t<\/a>\n\t\t\t\t\t\t\t<a class=\"e-gallery-item elementor-gallery-item elementor-animated-content\" href=\"https:\/\/visitdistrikt.rs\/media\/2022\/12\/Photo-4-2.jpg\" data-elementor-open-lightbox=\"yes\" data-elementor-lightbox-slideshow=\"f816cd9\" data-e-action-hash=\"#elementor-action%3Aaction%3Dlightbox%26settings%3DeyJpZCI6NDIzMjMsInVybCI6Imh0dHBzOlwvXC92aXNpdGRpc3RyaWt0LnJzXC9tZWRpYVwvMjAyMlwvMTJcL1Bob3RvLTQtMi5qcGciLCJzbGlkZXNob3ciOiJmODE2Y2Q5In0%3D\">\n\t\t\t\t\t<div class=\"e-gallery-image elementor-gallery-item__image\" data-thumbnail=\"https:\/\/visitdistrikt.rs\/media\/2022\/12\/Photo-4-2.jpg\" data-width=\"800\" data-height=\"600\" aria-label=\"\" role=\"img\" ><\/div>\n\t\t\t\t\t\t\t\t\t\t\t<div class=\"elementor-gallery-item__overlay\"><\/div>\n\t\t\t\t\t\t\t\t\t\t\t\t\t\t<\/a>\n\t\t\t\t\t<\/div>\n\t\t\t<\/div>\n\t\t\t\t<\/div>\n\t\t\t\t\t<\/div>\n\t\t<\/div>\n\t\t\t\t\t<\/div>\n\t\t<\/section>\n\t\t\t\t<section class=\"elementor-section elementor-top-section elementor-element elementor-element-7582cb1 elementor-section-boxed elementor-section-height-default elementor-section-height-default\" data-id=\"7582cb1\" data-element_type=\"section\">\n\t\t\t\t\t\t<div class=\"elementor-container elementor-column-gap-default\">\n\t\t\t\t\t<div class=\"elementor-column elementor-col-100 elementor-top-column elementor-element elementor-element-d46eb91\" data-id=\"d46eb91\" data-element_type=\"column\">\n\t\t\t<div class=\"elementor-widget-wrap elementor-element-populated\">\n\t\t\t\t\t\t<div class=\"elementor-element elementor-element-f41957c elementor-widget elementor-widget-text-editor\" data-id=\"f41957c\" data-element_type=\"widget\" data-widget_type=\"text-editor.default\">\n\t\t\t\t<div class=\"elementor-widget-container\">\n\t\t\t\t\t\t\t<p>11 p.m. \u2013 <strong><a href=\"https:\/\/docekns.rs\/en\/portfolio-item\/repetitor-3\/\">Repetitor<\/a><\/strong> (Small stage, \u0160trosmajerova Street)<\/p><p>11.30 p.m. \u2013 <strong><a href=\"https:\/\/docekns.rs\/en\/portfolio-item\/mimi-mercedez-2\/\">Mimi Mercedes<\/a><\/strong> (Big stage, Prote Mihald\u017ei\u0107a Square)<\/p><p>12:30 a.m. \u2013 <strong><a href=\"https:\/\/docekns.rs\/en\/portfolio-item\/biesmans-3\/\">Biesmans<\/a><\/strong> (Main stage, Belgrade Gate)<\/p><p>12.30 a.m. \u2013 <strong><a href=\"https:\/\/docekns.rs\/en\/portfolio-item\/obojeni-program-3\/\">Obojeni Program<\/a><\/strong> (Small stage, \u0160trosmajerova Street)<\/p><p><a href=\"https:\/\/docekns.rs\/en\/portfolio-item\/rodjeni-3\/\">Ro\u0111eni<\/a> (Big stage, Prote Mihald\u017ei\u0107a Square) \u2013 the performance time will be announced later.<\/p><p><strong>Admission to all concerts is free of charge.<\/strong><\/p>\t\t\t\t\t\t<\/div>\n\t\t\t\t<\/div>\n\t\t\t\t\t<\/div>\n\t\t<\/div>\n\t\t\t\t\t<\/div>\n\t\t<\/section>\n\t\t\t\t<section class=\"elementor-section elementor-top-section elementor-element elementor-element-ab6bc36 elementor-section-boxed elementor-section-height-default elementor-section-height-default\" data-id=\"ab6bc36\" data-element_type=\"section\">\n\t\t\t\t\t\t<div class=\"elementor-container elementor-column-gap-default\">\n\t\t\t\t\t<div class=\"elementor-column elementor-col-100 elementor-top-column elementor-element elementor-element-f2b5722\" data-id=\"f2b5722\" data-element_type=\"column\">\n\t\t\t<div class=\"elementor-widget-wrap elementor-element-populated\">\n\t\t\t\t\t\t<div class=\"elementor-element elementor-element-88a76dc elementor-widget elementor-widget-gallery\" data-id=\"88a76dc\" data-element_type=\"widget\" data-settings=\"{&quot;columns&quot;:2,&quot;lazyload&quot;:&quot;yes&quot;,&quot;gallery_layout&quot;:&quot;grid&quot;,&quot;columns_tablet&quot;:2,&quot;columns_mobile&quot;:1,&quot;gap&quot;:{&quot;unit&quot;:&quot;px&quot;,&quot;size&quot;:10,&quot;sizes&quot;:[]},&quot;gap_tablet&quot;:{&quot;unit&quot;:&quot;px&quot;,&quot;size&quot;:10,&quot;sizes&quot;:[]},&quot;gap_mobile&quot;:{&quot;unit&quot;:&quot;px&quot;,&quot;size&quot;:10,&quot;sizes&quot;:[]},&quot;link_to&quot;:&quot;file&quot;,&quot;aspect_ratio&quot;:&quot;3:2&quot;,&quot;overlay_background&quot;:&quot;yes&quot;,&quot;content_hover_animation&quot;:&quot;fade-in&quot;}\" data-widget_type=\"gallery.default\">\n\t\t\t\t<div class=\"elementor-widget-container\">\n\t\t\t\t\t<div class=\"elementor-gallery__container\">\n\t\t\t\t\t\t\t<a class=\"e-gallery-item elementor-gallery-item elementor-animated-content\" href=\"https:\/\/visitdistrikt.rs\/media\/2022\/12\/Joris-9747-by-Marie-Staggat-1.jpg\" data-elementor-open-lightbox=\"yes\" data-elementor-lightbox-slideshow=\"88a76dc\" data-e-action-hash=\"#elementor-action%3Aaction%3Dlightbox%26settings%3DeyJpZCI6NDIzMjUsInVybCI6Imh0dHBzOlwvXC92aXNpdGRpc3RyaWt0LnJzXC9tZWRpYVwvMjAyMlwvMTJcL0pvcmlzLTk3NDctYnktTWFyaWUtU3RhZ2dhdC0xLmpwZyIsInNsaWRlc2hvdyI6Ijg4YTc2ZGMifQ%3D%3D\">\n\t\t\t\t\t<div class=\"e-gallery-image elementor-gallery-item__image\" data-thumbnail=\"https:\/\/visitdistrikt.rs\/media\/2022\/12\/Joris-9747-by-Marie-Staggat-1.jpg\" data-width=\"800\" data-height=\"600\" aria-label=\"\" role=\"img\" ><\/div>\n\t\t\t\t\t\t\t\t\t\t\t<div class=\"elementor-gallery-item__overlay\"><\/div>\n\t\t\t\t\t\t\t\t\t\t\t\t\t\t<\/a>\n\t\t\t\t\t\t\t<a class=\"e-gallery-item elementor-gallery-item elementor-animated-content\" href=\"https:\/\/visitdistrikt.rs\/media\/2022\/12\/CN_1624-1.jpg\" data-elementor-open-lightbox=\"yes\" data-elementor-lightbox-slideshow=\"88a76dc\" data-e-action-hash=\"#elementor-action%3Aaction%3Dlightbox%26settings%3DeyJpZCI6NDIzMjcsInVybCI6Imh0dHBzOlwvXC92aXNpdGRpc3RyaWt0LnJzXC9tZWRpYVwvMjAyMlwvMTJcL0NOXzE2MjQtMS5qcGciLCJzbGlkZXNob3ciOiI4OGE3NmRjIn0%3D\">\n\t\t\t\t\t<div class=\"e-gallery-image elementor-gallery-item__image\" data-thumbnail=\"https:\/\/visitdistrikt.rs\/media\/2022\/12\/CN_1624-1.jpg\" data-width=\"800\" data-height=\"600\" aria-label=\"\" role=\"img\" ><\/div>\n\t\t\t\t\t\t\t\t\t\t\t<div class=\"elementor-gallery-item__overlay\"><\/div>\n\t\t\t\t\t\t\t\t\t\t\t\t\t\t<\/a>\n\t\t\t\t\t<\/div>\n\t\t\t<\/div>\n\t\t\t\t<\/div>\n\t\t\t\t\t<\/div>\n\t\t<\/div>\n\t\t\t\t\t<\/div>\n\t\t<\/section>\n\t\t\t\t<section class=\"elementor-section elementor-top-section elementor-element elementor-element-4118d02 elementor-section-boxed elementor-section-height-default elementor-section-height-default\" data-id=\"4118d02\" data-element_type=\"section\">\n\t\t\t\t\t\t<div class=\"elementor-container elementor-column-gap-default\">\n\t\t\t\t\t<div class=\"elementor-column elementor-col-100 elementor-top-column elementor-element elementor-element-acad921\" data-id=\"acad921\" data-element_type=\"column\">\n\t\t\t<div class=\"elementor-widget-wrap elementor-element-populated\">\n\t\t\t\t\t\t<div class=\"elementor-element elementor-element-8b0cbe6 elementor-widget elementor-widget-text-editor\" data-id=\"8b0cbe6\" data-element_type=\"widget\" data-widget_type=\"text-editor.default\">\n\t\t\t\t<div class=\"elementor-widget-container\">\n\t\t\t\t\t\t\t<h2><strong>Exhibitions that Round Off Do\u010dek<\/strong><\/h2><p>In addition to the light installations within the Tesla Light Gallery project, <strong>Do\u010dek<\/strong> brings us two more exceptional exhibitions that you can see on New Year&#8217;s Eve, by the multimedia artist <strong>Du\u0161an Jovovi\u0107, PhD<\/strong>. We will pay tribute to<strong> Mileva Mari\u0107 Einstein<\/strong>, an unrecognized genius, through a fantastic exhibition <em><strong><a href=\"https:\/\/docekns.rs\/en\/portfolio-item\/mileva-we-are-one-rock\/\">Mileva: We Are One Rock<\/a><\/strong><\/em> , in the City Museum of Novi Sad at the Fortress. The story of her life and importance in the world of science will be experienced by the global and local audience at this interactive exhibition. In a symbolic way, <strong>Do\u010dek<\/strong> will close the circle of exhibitions of the European Capital of Culture, so if you have not yet visited Time and Universe, opened at the beginning of the title year, this is a great opportunity to visit Studio M in the centre of Novi Sad and go on a journey through time and space paying tribute to the great Milutin Milankovi\u0107. Do not miss the <em><strong><a href=\"https:\/\/docekns.rs\/en\/portfolio-item\/milutin-time-and-universe\/\">Milutin: Time and Universe<\/a><\/strong><\/em> exhibition that attracted a lot of public attention throughout 2022.<\/p>\t\t\t\t\t\t<\/div>\n\t\t\t\t<\/div>\n\t\t\t\t\t<\/div>\n\t\t<\/div>\n\t\t\t\t\t<\/div>\n\t\t<\/section>\n\t\t\t\t<section class=\"elementor-section elementor-top-section elementor-element elementor-element-1e1ba03 elementor-section-boxed elementor-section-height-default elementor-section-height-default\" data-id=\"1e1ba03\" data-element_type=\"section\">\n\t\t\t\t\t\t<div class=\"elementor-container elementor-column-gap-default\">\n\t\t\t\t\t<div class=\"elementor-column elementor-col-100 elementor-top-column elementor-element elementor-element-4b99f6c\" data-id=\"4b99f6c\" data-element_type=\"column\">\n\t\t\t<div class=\"elementor-widget-wrap elementor-element-populated\">\n\t\t\t\t\t\t<div class=\"elementor-element elementor-element-02dc04d elementor-widget elementor-widget-gallery\" data-id=\"02dc04d\" data-element_type=\"widget\" data-settings=\"{&quot;gallery_layout&quot;:&quot;justified&quot;,&quot;lazyload&quot;:&quot;yes&quot;,&quot;ideal_row_height&quot;:{&quot;unit&quot;:&quot;px&quot;,&quot;size&quot;:200,&quot;sizes&quot;:[]},&quot;ideal_row_height_tablet&quot;:{&quot;unit&quot;:&quot;px&quot;,&quot;size&quot;:150,&quot;sizes&quot;:[]},&quot;ideal_row_height_mobile&quot;:{&quot;unit&quot;:&quot;px&quot;,&quot;size&quot;:150,&quot;sizes&quot;:[]},&quot;gap&quot;:{&quot;unit&quot;:&quot;px&quot;,&quot;size&quot;:10,&quot;sizes&quot;:[]},&quot;gap_tablet&quot;:{&quot;unit&quot;:&quot;px&quot;,&quot;size&quot;:10,&quot;sizes&quot;:[]},&quot;gap_mobile&quot;:{&quot;unit&quot;:&quot;px&quot;,&quot;size&quot;:10,&quot;sizes&quot;:[]},&quot;link_to&quot;:&quot;file&quot;,&quot;overlay_background&quot;:&quot;yes&quot;,&quot;content_hover_animation&quot;:&quot;fade-in&quot;}\" data-widget_type=\"gallery.default\">\n\t\t\t\t<div class=\"elementor-widget-container\">\n\t\t\t\t\t<div class=\"elementor-gallery__container\">\n\t\t\t\t\t\t\t<a class=\"e-gallery-item elementor-gallery-item elementor-animated-content\" href=\"https:\/\/visitdistrikt.rs\/media\/2022\/12\/mileva_heder2-1.jpg\" data-elementor-open-lightbox=\"yes\" data-elementor-lightbox-slideshow=\"02dc04d\" data-e-action-hash=\"#elementor-action%3Aaction%3Dlightbox%26settings%3DeyJpZCI6NDIyMjgsInVybCI6Imh0dHBzOlwvXC92aXNpdGRpc3RyaWt0LnJzXC9tZWRpYVwvMjAyMlwvMTJcL21pbGV2YV9oZWRlcjItMS5qcGciLCJzbGlkZXNob3ciOiIwMmRjMDRkIn0%3D\">\n\t\t\t\t\t<div class=\"e-gallery-image elementor-gallery-item__image\" data-thumbnail=\"https:\/\/visitdistrikt.rs\/media\/2022\/12\/mileva_heder2-1.jpg\" data-width=\"800\" data-height=\"450\" aria-label=\"\" role=\"img\" ><\/div>\n\t\t\t\t\t\t\t\t\t\t\t<div class=\"elementor-gallery-item__overlay\"><\/div>\n\t\t\t\t\t\t\t\t\t\t\t\t\t\t<\/a>\n\t\t\t\t\t\t\t<a class=\"e-gallery-item elementor-gallery-item elementor-animated-content\" href=\"https:\/\/visitdistrikt.rs\/media\/2022\/12\/milutin_heder2.jpg\" data-elementor-open-lightbox=\"yes\" data-elementor-lightbox-slideshow=\"02dc04d\" data-e-action-hash=\"#elementor-action%3Aaction%3Dlightbox%26settings%3DeyJpZCI6NDIyMjYsInVybCI6Imh0dHBzOlwvXC92aXNpdGRpc3RyaWt0LnJzXC9tZWRpYVwvMjAyMlwvMTJcL21pbHV0aW5faGVkZXIyLmpwZyIsInNsaWRlc2hvdyI6IjAyZGMwNGQifQ%3D%3D\">\n\t\t\t\t\t<div class=\"e-gallery-image elementor-gallery-item__image\" data-thumbnail=\"https:\/\/visitdistrikt.rs\/media\/2022\/12\/milutin_heder2.jpg\" data-width=\"800\" data-height=\"450\" aria-label=\"\" role=\"img\" ><\/div>\n\t\t\t\t\t\t\t\t\t\t\t<div class=\"elementor-gallery-item__overlay\"><\/div>\n\t\t\t\t\t\t\t\t\t\t\t\t\t\t<\/a>\n\t\t\t\t\t<\/div>\n\t\t\t<\/div>\n\t\t\t\t<\/div>\n\t\t\t\t\t<\/div>\n\t\t<\/div>\n\t\t\t\t\t<\/div>\n\t\t<\/section>\n\t\t\t\t<section class=\"elementor-section elementor-top-section elementor-element elementor-element-bb492d7 elementor-section-boxed elementor-section-height-default elementor-section-height-default\" data-id=\"bb492d7\" data-element_type=\"section\">\n\t\t\t\t\t\t<div class=\"elementor-container elementor-column-gap-default\">\n\t\t\t\t\t<div class=\"elementor-column elementor-col-100 elementor-top-column elementor-element elementor-element-dc3ceee\" data-id=\"dc3ceee\" data-element_type=\"column\">\n\t\t\t<div class=\"elementor-widget-wrap elementor-element-populated\">\n\t\t\t\t\t\t<div class=\"elementor-element elementor-element-68fdb10 elementor-widget elementor-widget-text-editor\" data-id=\"68fdb10\" data-element_type=\"widget\" data-widget_type=\"text-editor.default\">\n\t\t\t\t<div class=\"elementor-widget-container\">\n\t\t\t\t\t\t\t<p>After the spectacular Do\u010dek 2023 in the Suburbium of Petrovaradin Fortress, we are also expecting an artistic celebration on<strong> 13 January, Do\u010dek 7531<\/strong>, at several locations in the city. You can find the list of performers on the official <strong><a href=\"https:\/\/docekns.rs\/en\/programmes-13-1\/\">docekns.rs<\/a><\/strong> website and <strong><a href=\"https:\/\/novisad2022.rs\/en\/docek-in-novi-sad-ticket-sales-for-13-january-begun\/\">ticket sales<\/a><\/strong> started today. Make sure you get yours on time.<\/p><p><strong>Author<\/strong>: Marina Mari\u0107<\/p><p><strong>Photo<\/strong>: Vladimir Veli\u010dkovi\u0107, Jelena Ivanovi\u0107, Marko Pudi\u0107<\/p>\t\t\t\t\t\t<\/div>\n\t\t\t\t<\/div>\n\t\t\t\t\t<\/div>\n\t\t<\/div>\n\t\t\t\t\t<\/div>\n\t\t<\/section>\n\t\t\t\t<\/div>\n\t\t","protected":false},"excerpt":{"rendered":"<p>Do\u010dek in Novi Sad is a unique New Year celebration that you should not miss even this year, at the end of the European Capital of Culture title year. The epicentre of a unique audio-visual experience will be the Suburbium of the Petrovaradin Fortress, and we invite you to be part of this unique experience [&hellip;]<\/p>\n","protected":false},"author":13,"featured_media":42348,"comment_status":"closed","ping_status":"closed","sticky":false,"template":"","format":"standard","meta":{"footnotes":"","_links_to":"","_links_to_target":""},"categories":[490,1001,291,278],"tags":[],"yoast_head":"<!-- This site is optimized with the Yoast SEO plugin v22.4 - https:\/\/yoast.com\/wordpress\/plugins\/seo\/ -->\n<title>Suburbium Is a Synonymous with Do\u010dek - Visit Distrikt Novi Sad<\/title>\n<meta name=\"description\" content=\"The epicenter of the unique audio-visual experience for Do\u010dek in Novi Sad will be the Substructure of the Petrovaradin Fortress. See you on December 31!\" \/>\n<meta name=\"robots\" content=\"index, follow, max-snippet:-1, max-image-preview:large, max-video-preview:-1\" \/>\n<link rel=\"canonical\" href=\"https:\/\/visitdistrikt.rs\/en\/2022\/12\/14\/suburbium-is-a-synonymous-with-docek\/\" \/>\n<meta property=\"og:locale\" content=\"en_US\" \/>\n<meta property=\"og:type\" content=\"article\" \/>\n<meta property=\"og:title\" content=\"Suburbium Is a Synonymous with Do\u010dek - Visit Distrikt Novi Sad\" \/>\n<meta property=\"og:description\" content=\"The epicenter of the unique audio-visual experience for Do\u010dek in Novi Sad will be the Substructure of the Petrovaradin Fortress. See you on December 31!\" \/>\n<meta property=\"og:url\" content=\"https:\/\/visitdistrikt.rs\/en\/2022\/12\/14\/suburbium-is-a-synonymous-with-docek\/\" \/>\n<meta property=\"og:site_name\" content=\"Visit Distrikt Novi Sad\" \/>\n<meta property=\"article:published_time\" content=\"2022-12-14T09:18:44+00:00\" \/>\n<meta property=\"article:modified_time\" content=\"2023-02-02T13:40:27+00:00\" \/>\n<meta property=\"og:image\" content=\"https:\/\/visitdistrikt.rs\/media\/2022\/12\/Untitled-design-53.jpg\" \/>\n\t<meta property=\"og:image:width\" content=\"1920\" \/>\n\t<meta property=\"og:image:height\" content=\"577\" \/>\n\t<meta property=\"og:image:type\" content=\"image\/jpeg\" \/>\n<meta name=\"author\" content=\"Andjela\" \/>\n<meta name=\"twitter:card\" content=\"summary_large_image\" \/>\n<meta name=\"twitter:label1\" content=\"Written by\" \/>\n\t<meta name=\"twitter:data1\" content=\"Andjela\" \/>\n\t<meta name=\"twitter:label2\" content=\"Est. reading time\" \/>\n\t<meta name=\"twitter:data2\" content=\"5 minutes\" \/>\n<script type=\"application\/ld+json\" class=\"yoast-schema-graph\">{\"@context\":\"https:\/\/schema.org\",\"@graph\":[{\"@type\":\"WebPage\",\"@id\":\"https:\/\/visitdistrikt.rs\/en\/2022\/12\/14\/suburbium-is-a-synonymous-with-docek\/\",\"url\":\"https:\/\/visitdistrikt.rs\/en\/2022\/12\/14\/suburbium-is-a-synonymous-with-docek\/\",\"name\":\"Suburbium Is a Synonymous with Do\u010dek - Visit Distrikt Novi Sad\",\"isPartOf\":{\"@id\":\"https:\/\/visitdistrikt.rs\/#website\"},\"primaryImageOfPage\":{\"@id\":\"https:\/\/visitdistrikt.rs\/en\/2022\/12\/14\/suburbium-is-a-synonymous-with-docek\/#primaryimage\"},\"image\":{\"@id\":\"https:\/\/visitdistrikt.rs\/en\/2022\/12\/14\/suburbium-is-a-synonymous-with-docek\/#primaryimage\"},\"thumbnailUrl\":\"https:\/\/visitdistrikt.rs\/media\/2022\/12\/Untitled-design-53.jpg\",\"datePublished\":\"2022-12-14T09:18:44+00:00\",\"dateModified\":\"2023-02-02T13:40:27+00:00\",\"author\":{\"@id\":\"https:\/\/visitdistrikt.rs\/#\/schema\/person\/1d409dd2a9c7858729ec7a42dcf267e6\"},\"description\":\"The epicenter of the unique audio-visual experience for Do\u010dek in Novi Sad will be the Substructure of the Petrovaradin Fortress. See you on December 31!\",\"breadcrumb\":{\"@id\":\"https:\/\/visitdistrikt.rs\/en\/2022\/12\/14\/suburbium-is-a-synonymous-with-docek\/#breadcrumb\"},\"inLanguage\":\"en-US\",\"potentialAction\":[{\"@type\":\"ReadAction\",\"target\":[\"https:\/\/visitdistrikt.rs\/en\/2022\/12\/14\/suburbium-is-a-synonymous-with-docek\/\"]}]},{\"@type\":\"ImageObject\",\"inLanguage\":\"en-US\",\"@id\":\"https:\/\/visitdistrikt.rs\/en\/2022\/12\/14\/suburbium-is-a-synonymous-with-docek\/#primaryimage\",\"url\":\"https:\/\/visitdistrikt.rs\/media\/2022\/12\/Untitled-design-53.jpg\",\"contentUrl\":\"https:\/\/visitdistrikt.rs\/media\/2022\/12\/Untitled-design-53.jpg\",\"width\":1920,\"height\":577},{\"@type\":\"BreadcrumbList\",\"@id\":\"https:\/\/visitdistrikt.rs\/en\/2022\/12\/14\/suburbium-is-a-synonymous-with-docek\/#breadcrumb\",\"itemListElement\":[{\"@type\":\"ListItem\",\"position\":1,\"name\":\"Home\",\"item\":\"https:\/\/visitdistrikt.rs\/en\/\"},{\"@type\":\"ListItem\",\"position\":2,\"name\":\"Suburbium Is a Synonymous with Do\u010dek\"}]},{\"@type\":\"WebSite\",\"@id\":\"https:\/\/visitdistrikt.rs\/#website\",\"url\":\"https:\/\/visitdistrikt.rs\/\",\"name\":\"Visit Distrikt Novi Sad\",\"description\":\"Novi Sad\",\"potentialAction\":[{\"@type\":\"SearchAction\",\"target\":{\"@type\":\"EntryPoint\",\"urlTemplate\":\"https:\/\/visitdistrikt.rs\/?s={search_term_string}\"},\"query-input\":\"required name=search_term_string\"}],\"inLanguage\":\"en-US\"},{\"@type\":\"Person\",\"@id\":\"https:\/\/visitdistrikt.rs\/#\/schema\/person\/1d409dd2a9c7858729ec7a42dcf267e6\",\"name\":\"Andjela\",\"image\":{\"@type\":\"ImageObject\",\"inLanguage\":\"en-US\",\"@id\":\"https:\/\/visitdistrikt.rs\/#\/schema\/person\/image\/\",\"url\":\"https:\/\/secure.gravatar.com\/avatar\/9c97624b5cc2432e05342df03b977bac?s=96&d=mm&r=g\",\"contentUrl\":\"https:\/\/secure.gravatar.com\/avatar\/9c97624b5cc2432e05342df03b977bac?s=96&d=mm&r=g\",\"caption\":\"Andjela\"}}]}<\/script>\n<!-- \/ Yoast SEO plugin. -->","yoast_head_json":{"title":"Suburbium Is a Synonymous with Do\u010dek - Visit Distrikt Novi Sad","description":"The epicenter of the unique audio-visual experience for Do\u010dek in Novi Sad will be the Substructure of the Petrovaradin Fortress. See you on December 31!","robots":{"index":"index","follow":"follow","max-snippet":"max-snippet:-1","max-image-preview":"max-image-preview:large","max-video-preview":"max-video-preview:-1"},"canonical":"https:\/\/visitdistrikt.rs\/en\/2022\/12\/14\/suburbium-is-a-synonymous-with-docek\/","og_locale":"en_US","og_type":"article","og_title":"Suburbium Is a Synonymous with Do\u010dek - Visit Distrikt Novi Sad","og_description":"The epicenter of the unique audio-visual experience for Do\u010dek in Novi Sad will be the Substructure of the Petrovaradin Fortress. See you on December 31!","og_url":"https:\/\/visitdistrikt.rs\/en\/2022\/12\/14\/suburbium-is-a-synonymous-with-docek\/","og_site_name":"Visit Distrikt Novi Sad","article_published_time":"2022-12-14T09:18:44+00:00","article_modified_time":"2023-02-02T13:40:27+00:00","og_image":[{"width":1920,"height":577,"url":"https:\/\/visitdistrikt.rs\/media\/2022\/12\/Untitled-design-53.jpg","type":"image\/jpeg"}],"author":"Andjela","twitter_card":"summary_large_image","twitter_misc":{"Written by":"Andjela","Est. reading time":"5 minutes"},"schema":{"@context":"https:\/\/schema.org","@graph":[{"@type":"WebPage","@id":"https:\/\/visitdistrikt.rs\/en\/2022\/12\/14\/suburbium-is-a-synonymous-with-docek\/","url":"https:\/\/visitdistrikt.rs\/en\/2022\/12\/14\/suburbium-is-a-synonymous-with-docek\/","name":"Suburbium Is a Synonymous with Do\u010dek - Visit Distrikt Novi Sad","isPartOf":{"@id":"https:\/\/visitdistrikt.rs\/#website"},"primaryImageOfPage":{"@id":"https:\/\/visitdistrikt.rs\/en\/2022\/12\/14\/suburbium-is-a-synonymous-with-docek\/#primaryimage"},"image":{"@id":"https:\/\/visitdistrikt.rs\/en\/2022\/12\/14\/suburbium-is-a-synonymous-with-docek\/#primaryimage"},"thumbnailUrl":"https:\/\/visitdistrikt.rs\/media\/2022\/12\/Untitled-design-53.jpg","datePublished":"2022-12-14T09:18:44+00:00","dateModified":"2023-02-02T13:40:27+00:00","author":{"@id":"https:\/\/visitdistrikt.rs\/#\/schema\/person\/1d409dd2a9c7858729ec7a42dcf267e6"},"description":"The epicenter of the unique audio-visual experience for Do\u010dek in Novi Sad will be the Substructure of the Petrovaradin Fortress. See you on December 31!","breadcrumb":{"@id":"https:\/\/visitdistrikt.rs\/en\/2022\/12\/14\/suburbium-is-a-synonymous-with-docek\/#breadcrumb"},"inLanguage":"en-US","potentialAction":[{"@type":"ReadAction","target":["https:\/\/visitdistrikt.rs\/en\/2022\/12\/14\/suburbium-is-a-synonymous-with-docek\/"]}]},{"@type":"ImageObject","inLanguage":"en-US","@id":"https:\/\/visitdistrikt.rs\/en\/2022\/12\/14\/suburbium-is-a-synonymous-with-docek\/#primaryimage","url":"https:\/\/visitdistrikt.rs\/media\/2022\/12\/Untitled-design-53.jpg","contentUrl":"https:\/\/visitdistrikt.rs\/media\/2022\/12\/Untitled-design-53.jpg","width":1920,"height":577},{"@type":"BreadcrumbList","@id":"https:\/\/visitdistrikt.rs\/en\/2022\/12\/14\/suburbium-is-a-synonymous-with-docek\/#breadcrumb","itemListElement":[{"@type":"ListItem","position":1,"name":"Home","item":"https:\/\/visitdistrikt.rs\/en\/"},{"@type":"ListItem","position":2,"name":"Suburbium Is a Synonymous with Do\u010dek"}]},{"@type":"WebSite","@id":"https:\/\/visitdistrikt.rs\/#website","url":"https:\/\/visitdistrikt.rs\/","name":"Visit Distrikt Novi Sad","description":"Novi Sad","potentialAction":[{"@type":"SearchAction","target":{"@type":"EntryPoint","urlTemplate":"https:\/\/visitdistrikt.rs\/?s={search_term_string}"},"query-input":"required name=search_term_string"}],"inLanguage":"en-US"},{"@type":"Person","@id":"https:\/\/visitdistrikt.rs\/#\/schema\/person\/1d409dd2a9c7858729ec7a42dcf267e6","name":"Andjela","image":{"@type":"ImageObject","inLanguage":"en-US","@id":"https:\/\/visitdistrikt.rs\/#\/schema\/person\/image\/","url":"https:\/\/secure.gravatar.com\/avatar\/9c97624b5cc2432e05342df03b977bac?s=96&d=mm&r=g","contentUrl":"https:\/\/secure.gravatar.com\/avatar\/9c97624b5cc2432e05342df03b977bac?s=96&d=mm&r=g","caption":"Andjela"}}]}},"_links":{"self":[{"href":"https:\/\/visitdistrikt.rs\/en\/wp-json\/wp\/v2\/posts\/42422"}],"collection":[{"href":"https:\/\/visitdistrikt.rs\/en\/wp-json\/wp\/v2\/posts"}],"about":[{"href":"https:\/\/visitdistrikt.rs\/en\/wp-json\/wp\/v2\/types\/post"}],"author":[{"embeddable":true,"href":"https:\/\/visitdistrikt.rs\/en\/wp-json\/wp\/v2\/users\/13"}],"replies":[{"embeddable":true,"href":"https:\/\/visitdistrikt.rs\/en\/wp-json\/wp\/v2\/comments?post=42422"}],"version-history":[{"count":6,"href":"https:\/\/visitdistrikt.rs\/en\/wp-json\/wp\/v2\/posts\/42422\/revisions"}],"predecessor-version":[{"id":42428,"href":"https:\/\/visitdistrikt.rs\/en\/wp-json\/wp\/v2\/posts\/42422\/revisions\/42428"}],"wp:featuredmedia":[{"embeddable":true,"href":"https:\/\/visitdistrikt.rs\/en\/wp-json\/wp\/v2\/media\/42348"}],"wp:attachment":[{"href":"https:\/\/visitdistrikt.rs\/en\/wp-json\/wp\/v2\/media?parent=42422"}],"wp:term":[{"taxonomy":"category","embeddable":true,"href":"https:\/\/visitdistrikt.rs\/en\/wp-json\/wp\/v2\/categories?post=42422"},{"taxonomy":"post_tag","embeddable":true,"href":"https:\/\/visitdistrikt.rs\/en\/wp-json\/wp\/v2\/tags?post=42422"}],"curies":[{"name":"wp","href":"https:\/\/api.w.org\/{rel}","templated":true}]}}