{"id":42982,"date":"2022-12-29T11:52:59","date_gmt":"2022-12-29T10:52:59","guid":{"rendered":"https:\/\/visitdistrikt.rs\/?p=42982"},"modified":"2022-12-29T13:01:31","modified_gmt":"2022-12-29T12:01:31","slug":"docek-is-people-gallery-of-last-year-s-most-memorable-photos","status":"publish","type":"post","link":"https:\/\/visitdistrikt.rs\/en\/2022\/12\/29\/docek-is-people-gallery-of-last-year-s-most-memorable-photos\/","title":{"rendered":"Do\u010dek Is People: Gallery of Last Year\u2019s Most Memorable Photos"},"content":{"rendered":"\t\t<div data-elementor-type=\"wp-post\" data-elementor-id=\"42982\" class=\"elementor elementor-42982 elementor-42793\" data-elementor-post-type=\"post\">\n\t\t\t\t\t\t<section class=\"elementor-section elementor-top-section elementor-element elementor-element-5853c29b elementor-section-boxed elementor-section-height-default elementor-section-height-default\" data-id=\"5853c29b\" data-element_type=\"section\">\n\t\t\t\t\t\t<div class=\"elementor-container elementor-column-gap-default\">\n\t\t\t\t\t<div class=\"elementor-column elementor-col-100 elementor-top-column elementor-element elementor-element-3e1b6edb\" data-id=\"3e1b6edb\" data-element_type=\"column\">\n\t\t\t<div class=\"elementor-widget-wrap elementor-element-populated\">\n\t\t\t\t\t\t<div class=\"elementor-element elementor-element-3a21e81 elementor-widget elementor-widget-text-editor\" data-id=\"3a21e81\" data-element_type=\"widget\" data-widget_type=\"text-editor.default\">\n\t\t\t\t<div class=\"elementor-widget-container\">\n\t\t\t\t\t\t\t&nbsp;\r\n\r\n&nbsp;\t\t\t\t\t\t<\/div>\n\t\t\t\t<\/div>\n\t\t\t\t\t<\/div>\n\t\t<\/div>\n\t\t\t\t\t<\/div>\n\t\t<\/section>\n\t\t\t\t<section class=\"elementor-section elementor-top-section elementor-element elementor-element-1398294 elementor-section-boxed elementor-section-height-default elementor-section-height-default\" data-id=\"1398294\" data-element_type=\"section\">\n\t\t\t\t\t\t<div class=\"elementor-container elementor-column-gap-default\">\n\t\t\t\t\t<div class=\"elementor-column elementor-col-100 elementor-top-column elementor-element elementor-element-b2bbf8a\" data-id=\"b2bbf8a\" data-element_type=\"column\">\n\t\t\t<div class=\"elementor-widget-wrap elementor-element-populated\">\n\t\t\t\t\t\t<div class=\"elementor-element elementor-element-31d157a elementor-widget elementor-widget-text-editor\" data-id=\"31d157a\" data-element_type=\"widget\" data-widget_type=\"text-editor.default\">\n\t\t\t\t<div class=\"elementor-widget-container\">\n\t\t\t\t\t\t\t<p>There are only <strong>five days left until the spectacular Do\u010dek<\/strong> in Novi Sad, which will officially close <strong>the title year of the <a href=\"https:\/\/novisad2022.rs\/rs\/pocetna\/\">European Capital of Culture<\/a><\/strong>. While we are impatiently waiting for another unforgettable <strong>Do\u010dek, an audio-visual experience<\/strong> in the Suburbium first on<strong> 31 December<\/strong>, and then on<strong> 13 January<\/strong> indoor, at unusual concert venues throughout the city, we bring you a brief overview of the most memorable photos from last year\u2019s celebration, when we stepped into this <a href=\"https:\/\/visitdistrikt.rs\/en\/2022\/12\/01\/ecoc-a-historic-year-that-novi-sad-will-remember-forever\/\">historic year for Novi Sad<\/a>.<\/p><p><strong>Do\u010dek<\/strong> is people, the loyal audience who, with their support in the development of the city\u2019s culture, have been successfully writing a new history of Novi Sad, the European Capital of Culture, <strong>for six years<\/strong>. Do\u010dek is emotion, love, the culture of togetherness, and the <strong>multicultural Novi Sad<\/strong>. Do\u010dek celebrates duality, and cherishes two alphabets and <strong>two time calculations<\/strong>, as well as two dates and two New Years, through two concepts. Do\u010dek is artistic events and unique must-have experiences that will once again <strong>bring together the performing and visual arts<\/strong>.<\/p>\t\t\t\t\t\t<\/div>\n\t\t\t\t<\/div>\n\t\t\t\t\t<\/div>\n\t\t<\/div>\n\t\t\t\t\t<\/div>\n\t\t<\/section>\n\t\t\t\t<section class=\"elementor-section elementor-top-section elementor-element elementor-element-887242d elementor-section-boxed elementor-section-height-default elementor-section-height-default\" data-id=\"887242d\" data-element_type=\"section\">\n\t\t\t\t\t\t<div class=\"elementor-container elementor-column-gap-default\">\n\t\t\t\t\t<div class=\"elementor-column elementor-col-100 elementor-top-column elementor-element elementor-element-8113efd\" data-id=\"8113efd\" data-element_type=\"column\">\n\t\t\t<div class=\"elementor-widget-wrap elementor-element-populated\">\n\t\t\t\t\t\t<div class=\"elementor-element elementor-element-c65008d elementor-widget elementor-widget-gallery\" data-id=\"c65008d\" data-element_type=\"widget\" data-settings=\"{&quot;lazyload&quot;:&quot;yes&quot;,&quot;gallery_layout&quot;:&quot;grid&quot;,&quot;columns&quot;:4,&quot;columns_tablet&quot;:2,&quot;columns_mobile&quot;:1,&quot;gap&quot;:{&quot;unit&quot;:&quot;px&quot;,&quot;size&quot;:10,&quot;sizes&quot;:[]},&quot;gap_tablet&quot;:{&quot;unit&quot;:&quot;px&quot;,&quot;size&quot;:10,&quot;sizes&quot;:[]},&quot;gap_mobile&quot;:{&quot;unit&quot;:&quot;px&quot;,&quot;size&quot;:10,&quot;sizes&quot;:[]},&quot;link_to&quot;:&quot;file&quot;,&quot;aspect_ratio&quot;:&quot;3:2&quot;,&quot;overlay_background&quot;:&quot;yes&quot;,&quot;content_hover_animation&quot;:&quot;fade-in&quot;}\" data-widget_type=\"gallery.default\">\n\t\t\t\t<div class=\"elementor-widget-container\">\n\t\t\t\t\t<div class=\"elementor-gallery__container\">\n\t\t\t\t\t\t\t<a class=\"e-gallery-item elementor-gallery-item elementor-animated-content\" href=\"https:\/\/visitdistrikt.rs\/media\/2022\/12\/V.Velickovic-December31-164.jpg\" data-elementor-open-lightbox=\"yes\" data-elementor-lightbox-slideshow=\"c65008d\" data-e-action-hash=\"#elementor-action%3Aaction%3Dlightbox%26settings%3DeyJpZCI6NDI4MDMsInVybCI6Imh0dHBzOlwvXC92aXNpdGRpc3RyaWt0LnJzXC9tZWRpYVwvMjAyMlwvMTJcL1YuVmVsaWNrb3ZpYy1EZWNlbWJlcjMxLTE2NC5qcGciLCJzbGlkZXNob3ciOiJjNjUwMDhkIn0%3D\">\n\t\t\t\t\t<div class=\"e-gallery-image elementor-gallery-item__image\" data-thumbnail=\"https:\/\/visitdistrikt.rs\/media\/2022\/12\/V.Velickovic-December31-164-300x200.jpg\" data-width=\"300\" data-height=\"200\" aria-label=\"\" role=\"img\" ><\/div>\n\t\t\t\t\t\t\t\t\t\t\t<div class=\"elementor-gallery-item__overlay\"><\/div>\n\t\t\t\t\t\t\t\t\t\t\t\t\t\t<\/a>\n\t\t\t\t\t\t\t<a class=\"e-gallery-item elementor-gallery-item elementor-animated-content\" href=\"https:\/\/visitdistrikt.rs\/media\/2022\/12\/V.Velickovic-December31-162-3.jpg\" data-elementor-open-lightbox=\"yes\" data-elementor-lightbox-slideshow=\"c65008d\" data-e-action-hash=\"#elementor-action%3Aaction%3Dlightbox%26settings%3DeyJpZCI6NDI4MDUsInVybCI6Imh0dHBzOlwvXC92aXNpdGRpc3RyaWt0LnJzXC9tZWRpYVwvMjAyMlwvMTJcL1YuVmVsaWNrb3ZpYy1EZWNlbWJlcjMxLTE2Mi0zLmpwZyIsInNsaWRlc2hvdyI6ImM2NTAwOGQifQ%3D%3D\">\n\t\t\t\t\t<div class=\"e-gallery-image elementor-gallery-item__image\" data-thumbnail=\"https:\/\/visitdistrikt.rs\/media\/2022\/12\/V.Velickovic-December31-162-3-300x200.jpg\" data-width=\"300\" data-height=\"200\" aria-label=\"\" role=\"img\" ><\/div>\n\t\t\t\t\t\t\t\t\t\t\t<div class=\"elementor-gallery-item__overlay\"><\/div>\n\t\t\t\t\t\t\t\t\t\t\t\t\t\t<\/a>\n\t\t\t\t\t\t\t<a class=\"e-gallery-item elementor-gallery-item elementor-animated-content\" href=\"https:\/\/visitdistrikt.rs\/media\/2022\/12\/V.Velickovic-December31-094.jpg\" data-elementor-open-lightbox=\"yes\" data-elementor-lightbox-slideshow=\"c65008d\" data-e-action-hash=\"#elementor-action%3Aaction%3Dlightbox%26settings%3DeyJpZCI6NDI4MTMsInVybCI6Imh0dHBzOlwvXC92aXNpdGRpc3RyaWt0LnJzXC9tZWRpYVwvMjAyMlwvMTJcL1YuVmVsaWNrb3ZpYy1EZWNlbWJlcjMxLTA5NC5qcGciLCJzbGlkZXNob3ciOiJjNjUwMDhkIn0%3D\">\n\t\t\t\t\t<div class=\"e-gallery-image elementor-gallery-item__image\" data-thumbnail=\"https:\/\/visitdistrikt.rs\/media\/2022\/12\/V.Velickovic-December31-094-300x200.jpg\" data-width=\"300\" data-height=\"200\" aria-label=\"\" role=\"img\" ><\/div>\n\t\t\t\t\t\t\t\t\t\t\t<div class=\"elementor-gallery-item__overlay\"><\/div>\n\t\t\t\t\t\t\t\t\t\t\t\t\t\t<\/a>\n\t\t\t\t\t\t\t<a class=\"e-gallery-item elementor-gallery-item elementor-animated-content\" href=\"https:\/\/visitdistrikt.rs\/media\/2022\/12\/V.Velickovic-December31-085.jpg\" data-elementor-open-lightbox=\"yes\" data-elementor-lightbox-slideshow=\"c65008d\" data-e-action-hash=\"#elementor-action%3Aaction%3Dlightbox%26settings%3DeyJpZCI6NDI4MTUsInVybCI6Imh0dHBzOlwvXC92aXNpdGRpc3RyaWt0LnJzXC9tZWRpYVwvMjAyMlwvMTJcL1YuVmVsaWNrb3ZpYy1EZWNlbWJlcjMxLTA4NS5qcGciLCJzbGlkZXNob3ciOiJjNjUwMDhkIn0%3D\">\n\t\t\t\t\t<div class=\"e-gallery-image elementor-gallery-item__image\" data-thumbnail=\"https:\/\/visitdistrikt.rs\/media\/2022\/12\/V.Velickovic-December31-085-300x200.jpg\" data-width=\"300\" data-height=\"200\" aria-label=\"\" role=\"img\" ><\/div>\n\t\t\t\t\t\t\t\t\t\t\t<div class=\"elementor-gallery-item__overlay\"><\/div>\n\t\t\t\t\t\t\t\t\t\t\t\t\t\t<\/a>\n\t\t\t\t\t\t\t<a class=\"e-gallery-item elementor-gallery-item elementor-animated-content\" href=\"https:\/\/visitdistrikt.rs\/media\/2022\/12\/MPU_1597.jpg\" data-elementor-open-lightbox=\"yes\" data-elementor-lightbox-slideshow=\"c65008d\" data-e-action-hash=\"#elementor-action%3Aaction%3Dlightbox%26settings%3DeyJpZCI6NDI4MjEsInVybCI6Imh0dHBzOlwvXC92aXNpdGRpc3RyaWt0LnJzXC9tZWRpYVwvMjAyMlwvMTJcL01QVV8xNTk3LmpwZyIsInNsaWRlc2hvdyI6ImM2NTAwOGQifQ%3D%3D\">\n\t\t\t\t\t<div class=\"e-gallery-image elementor-gallery-item__image\" data-thumbnail=\"https:\/\/visitdistrikt.rs\/media\/2022\/12\/MPU_1597-300x200.jpg\" data-width=\"300\" data-height=\"200\" aria-label=\"\" role=\"img\" ><\/div>\n\t\t\t\t\t\t\t\t\t\t\t<div class=\"elementor-gallery-item__overlay\"><\/div>\n\t\t\t\t\t\t\t\t\t\t\t\t\t\t<\/a>\n\t\t\t\t\t\t\t<a class=\"e-gallery-item elementor-gallery-item elementor-animated-content\" href=\"https:\/\/visitdistrikt.rs\/media\/2022\/12\/V.Velickovic-December31-161.jpg\" data-elementor-open-lightbox=\"yes\" data-elementor-lightbox-slideshow=\"c65008d\" data-e-action-hash=\"#elementor-action%3Aaction%3Dlightbox%26settings%3DeyJpZCI6NDI4MDcsInVybCI6Imh0dHBzOlwvXC92aXNpdGRpc3RyaWt0LnJzXC9tZWRpYVwvMjAyMlwvMTJcL1YuVmVsaWNrb3ZpYy1EZWNlbWJlcjMxLTE2MS5qcGciLCJzbGlkZXNob3ciOiJjNjUwMDhkIn0%3D\">\n\t\t\t\t\t<div class=\"e-gallery-image elementor-gallery-item__image\" data-thumbnail=\"https:\/\/visitdistrikt.rs\/media\/2022\/12\/V.Velickovic-December31-161-300x200.jpg\" data-width=\"300\" data-height=\"200\" aria-label=\"\" role=\"img\" ><\/div>\n\t\t\t\t\t\t\t\t\t\t\t<div class=\"elementor-gallery-item__overlay\"><\/div>\n\t\t\t\t\t\t\t\t\t\t\t\t\t\t<\/a>\n\t\t\t\t\t\t\t<a class=\"e-gallery-item elementor-gallery-item elementor-animated-content\" href=\"https:\/\/visitdistrikt.rs\/media\/2022\/12\/V.Velickovic-December31-158.jpg\" data-elementor-open-lightbox=\"yes\" data-elementor-lightbox-slideshow=\"c65008d\" data-e-action-hash=\"#elementor-action%3Aaction%3Dlightbox%26settings%3DeyJpZCI6NDI4MDksInVybCI6Imh0dHBzOlwvXC92aXNpdGRpc3RyaWt0LnJzXC9tZWRpYVwvMjAyMlwvMTJcL1YuVmVsaWNrb3ZpYy1EZWNlbWJlcjMxLTE1OC5qcGciLCJzbGlkZXNob3ciOiJjNjUwMDhkIn0%3D\">\n\t\t\t\t\t<div class=\"e-gallery-image elementor-gallery-item__image\" data-thumbnail=\"https:\/\/visitdistrikt.rs\/media\/2022\/12\/V.Velickovic-December31-158-300x200.jpg\" data-width=\"300\" data-height=\"200\" aria-label=\"\" role=\"img\" ><\/div>\n\t\t\t\t\t\t\t\t\t\t\t<div class=\"elementor-gallery-item__overlay\"><\/div>\n\t\t\t\t\t\t\t\t\t\t\t\t\t\t<\/a>\n\t\t\t\t\t\t\t<a class=\"e-gallery-item elementor-gallery-item elementor-animated-content\" href=\"https:\/\/visitdistrikt.rs\/media\/2022\/12\/V.Velickovic-December31-107.jpg\" data-elementor-open-lightbox=\"yes\" data-elementor-lightbox-slideshow=\"c65008d\" data-e-action-hash=\"#elementor-action%3Aaction%3Dlightbox%26settings%3DeyJpZCI6NDI4MTEsInVybCI6Imh0dHBzOlwvXC92aXNpdGRpc3RyaWt0LnJzXC9tZWRpYVwvMjAyMlwvMTJcL1YuVmVsaWNrb3ZpYy1EZWNlbWJlcjMxLTEwNy5qcGciLCJzbGlkZXNob3ciOiJjNjUwMDhkIn0%3D\">\n\t\t\t\t\t<div class=\"e-gallery-image elementor-gallery-item__image\" data-thumbnail=\"https:\/\/visitdistrikt.rs\/media\/2022\/12\/V.Velickovic-December31-107-300x200.jpg\" data-width=\"300\" data-height=\"200\" aria-label=\"\" role=\"img\" ><\/div>\n\t\t\t\t\t\t\t\t\t\t\t<div class=\"elementor-gallery-item__overlay\"><\/div>\n\t\t\t\t\t\t\t\t\t\t\t\t\t\t<\/a>\n\t\t\t\t\t\t\t<a class=\"e-gallery-item elementor-gallery-item elementor-animated-content\" href=\"https:\/\/visitdistrikt.rs\/media\/2022\/12\/V.Velickovic-December31-063.jpg\" data-elementor-open-lightbox=\"yes\" data-elementor-lightbox-slideshow=\"c65008d\" data-e-action-hash=\"#elementor-action%3Aaction%3Dlightbox%26settings%3DeyJpZCI6NDI4MTcsInVybCI6Imh0dHBzOlwvXC92aXNpdGRpc3RyaWt0LnJzXC9tZWRpYVwvMjAyMlwvMTJcL1YuVmVsaWNrb3ZpYy1EZWNlbWJlcjMxLTA2My5qcGciLCJzbGlkZXNob3ciOiJjNjUwMDhkIn0%3D\">\n\t\t\t\t\t<div class=\"e-gallery-image elementor-gallery-item__image\" data-thumbnail=\"https:\/\/visitdistrikt.rs\/media\/2022\/12\/V.Velickovic-December31-063-300x200.jpg\" data-width=\"300\" data-height=\"200\" aria-label=\"\" role=\"img\" ><\/div>\n\t\t\t\t\t\t\t\t\t\t\t<div class=\"elementor-gallery-item__overlay\"><\/div>\n\t\t\t\t\t\t\t\t\t\t\t\t\t\t<\/a>\n\t\t\t\t\t\t\t<a class=\"e-gallery-item elementor-gallery-item elementor-animated-content\" href=\"https:\/\/visitdistrikt.rs\/media\/2022\/12\/V.Velickovic-December31-030.jpg\" data-elementor-open-lightbox=\"yes\" data-elementor-lightbox-slideshow=\"c65008d\" data-e-action-hash=\"#elementor-action%3Aaction%3Dlightbox%26settings%3DeyJpZCI6NDI4MTksInVybCI6Imh0dHBzOlwvXC92aXNpdGRpc3RyaWt0LnJzXC9tZWRpYVwvMjAyMlwvMTJcL1YuVmVsaWNrb3ZpYy1EZWNlbWJlcjMxLTAzMC5qcGciLCJzbGlkZXNob3ciOiJjNjUwMDhkIn0%3D\">\n\t\t\t\t\t<div class=\"e-gallery-image elementor-gallery-item__image\" data-thumbnail=\"https:\/\/visitdistrikt.rs\/media\/2022\/12\/V.Velickovic-December31-030-300x200.jpg\" data-width=\"300\" data-height=\"200\" aria-label=\"\" role=\"img\" ><\/div>\n\t\t\t\t\t\t\t\t\t\t\t<div class=\"elementor-gallery-item__overlay\"><\/div>\n\t\t\t\t\t\t\t\t\t\t\t\t\t\t<\/a>\n\t\t\t\t\t\t\t<a class=\"e-gallery-item elementor-gallery-item elementor-animated-content\" href=\"https:\/\/visitdistrikt.rs\/media\/2022\/12\/MPU_1551.jpg\" data-elementor-open-lightbox=\"yes\" data-elementor-lightbox-slideshow=\"c65008d\" data-e-action-hash=\"#elementor-action%3Aaction%3Dlightbox%26settings%3DeyJpZCI6NDI4MjMsInVybCI6Imh0dHBzOlwvXC92aXNpdGRpc3RyaWt0LnJzXC9tZWRpYVwvMjAyMlwvMTJcL01QVV8xNTUxLmpwZyIsInNsaWRlc2hvdyI6ImM2NTAwOGQifQ%3D%3D\">\n\t\t\t\t\t<div class=\"e-gallery-image elementor-gallery-item__image\" data-thumbnail=\"https:\/\/visitdistrikt.rs\/media\/2022\/12\/MPU_1551-300x200.jpg\" data-width=\"300\" data-height=\"200\" aria-label=\"\" role=\"img\" ><\/div>\n\t\t\t\t\t\t\t\t\t\t\t<div class=\"elementor-gallery-item__overlay\"><\/div>\n\t\t\t\t\t\t\t\t\t\t\t\t\t\t<\/a>\n\t\t\t\t\t\t\t<a class=\"e-gallery-item elementor-gallery-item elementor-animated-content\" href=\"https:\/\/visitdistrikt.rs\/media\/2022\/12\/MPU_1362-2.jpg\" data-elementor-open-lightbox=\"yes\" data-elementor-lightbox-slideshow=\"c65008d\" data-e-action-hash=\"#elementor-action%3Aaction%3Dlightbox%26settings%3DeyJpZCI6NDI4MjUsInVybCI6Imh0dHBzOlwvXC92aXNpdGRpc3RyaWt0LnJzXC9tZWRpYVwvMjAyMlwvMTJcL01QVV8xMzYyLTIuanBnIiwic2xpZGVzaG93IjoiYzY1MDA4ZCJ9\">\n\t\t\t\t\t<div class=\"e-gallery-image elementor-gallery-item__image\" data-thumbnail=\"https:\/\/visitdistrikt.rs\/media\/2022\/12\/MPU_1362-2-300x200.jpg\" data-width=\"300\" data-height=\"200\" aria-label=\"\" role=\"img\" ><\/div>\n\t\t\t\t\t\t\t\t\t\t\t<div class=\"elementor-gallery-item__overlay\"><\/div>\n\t\t\t\t\t\t\t\t\t\t\t\t\t\t<\/a>\n\t\t\t\t\t<\/div>\n\t\t\t<\/div>\n\t\t\t\t<\/div>\n\t\t\t\t<div class=\"elementor-element elementor-element-2b191fb elementor-widget elementor-widget-text-editor\" data-id=\"2b191fb\" data-element_type=\"widget\" data-widget_type=\"text-editor.default\">\n\t\t\t\t<div class=\"elementor-widget-container\">\n\t\t\t\t\t\t\t<p>The <a href=\"https:\/\/visitdistrikt.rs\/en\/2022\/12\/14\/suburbium-is-a-synonymous-with-docek\/\">Suburbium<\/a> will become the epicentre of an<a href=\"https:\/\/visitdistrikt.rs\/en\/?p=42562\"> excellent music programme<\/a> this year as well, on 31 December, but also of a <a href=\"https:\/\/visitdistrikt.rs\/en\/?p=42562\">light show<\/a> that will be presented by <strong>local and foreign artists<\/strong>, as well as a meeting place for different cultures. We invite you to visit three top-notch <a href=\"https:\/\/visitdistrikt.rs\/en\/2022\/12\/16\/mileva-milutin-and-tesla-exibitions\/\">exhibitions that<\/a> celebrate great scientists \u2013 <strong>Mileva Mari\u0107 Einstein<\/strong>, <strong>Milutin Milankovi\u0107<\/strong> and <strong>Nikola Tesla<\/strong>, which will mark and close the title year in Novi Sad. Then head to the heart of the Petrovaradin Fortress, <strong>across the bridge over the Danube<\/strong>, and spend another unforgettable Do\u010dek in Novi Sad. The <strong>New Year\u2019s Eve<\/strong> transition to 2023 will be like an overture to Do\u010dek 7531, which will also feature a quality music programme. If you are unfamiliar with the meaning of the 7531, find out here why Novi Sad celebrates this year on 13 January. There is no shortage of reasons to spend <a href=\"https:\/\/visitdistrikt.rs\/en\/2022\/12\/26\/six-reasons-to-celebrate-docek-in-novi-sad\/\">New Year\u2019s Eve in Novi Sad<\/a>, as you will see for yourself here, so make sure to <strong>get tickets<\/strong> for the events on 13 January in time.<\/p><p>Fellow citizens and visitors to the <strong>European Capital of Culture<\/strong> will show again this year that the strength of Do\u010dek lies in its special energy, togetherness and fostering a culture of diversity.<\/p>\t\t\t\t\t\t<\/div>\n\t\t\t\t<\/div>\n\t\t\t\t\t<\/div>\n\t\t<\/div>\n\t\t\t\t\t<\/div>\n\t\t<\/section>\n\t\t\t\t<section class=\"elementor-section elementor-top-section elementor-element elementor-element-d96a781 elementor-section-boxed elementor-section-height-default elementor-section-height-default\" data-id=\"d96a781\" data-element_type=\"section\">\n\t\t\t\t\t\t<div class=\"elementor-container elementor-column-gap-default\">\n\t\t\t\t\t<div class=\"elementor-column elementor-col-100 elementor-top-column elementor-element elementor-element-a8b2a27\" data-id=\"a8b2a27\" data-element_type=\"column\">\n\t\t\t<div class=\"elementor-widget-wrap elementor-element-populated\">\n\t\t\t\t\t\t<div class=\"elementor-element elementor-element-1260994 elementor-widget elementor-widget-gallery\" data-id=\"1260994\" data-element_type=\"widget\" data-settings=\"{&quot;columns&quot;:3,&quot;lazyload&quot;:&quot;yes&quot;,&quot;gallery_layout&quot;:&quot;grid&quot;,&quot;columns_tablet&quot;:2,&quot;columns_mobile&quot;:1,&quot;gap&quot;:{&quot;unit&quot;:&quot;px&quot;,&quot;size&quot;:10,&quot;sizes&quot;:[]},&quot;gap_tablet&quot;:{&quot;unit&quot;:&quot;px&quot;,&quot;size&quot;:10,&quot;sizes&quot;:[]},&quot;gap_mobile&quot;:{&quot;unit&quot;:&quot;px&quot;,&quot;size&quot;:10,&quot;sizes&quot;:[]},&quot;link_to&quot;:&quot;file&quot;,&quot;aspect_ratio&quot;:&quot;3:2&quot;,&quot;overlay_background&quot;:&quot;yes&quot;,&quot;content_hover_animation&quot;:&quot;fade-in&quot;}\" data-widget_type=\"gallery.default\">\n\t\t\t\t<div class=\"elementor-widget-container\">\n\t\t\t\t\t<div class=\"elementor-gallery__container\">\n\t\t\t\t\t\t\t<a class=\"e-gallery-item elementor-gallery-item elementor-animated-content\" href=\"https:\/\/visitdistrikt.rs\/media\/2022\/12\/Zeniteum-ZT6_6791-photo-Marko-Ristic-@zamrznutitonovi.jpg\" data-elementor-open-lightbox=\"yes\" data-elementor-lightbox-slideshow=\"1260994\" data-e-action-hash=\"#elementor-action%3Aaction%3Dlightbox%26settings%3DeyJpZCI6NDI4MjcsInVybCI6Imh0dHBzOlwvXC92aXNpdGRpc3RyaWt0LnJzXC9tZWRpYVwvMjAyMlwvMTJcL1plbml0ZXVtLVpUNl82NzkxLXBob3RvLU1hcmtvLVJpc3RpYy1AemFtcnpudXRpdG9ub3ZpLmpwZyIsInNsaWRlc2hvdyI6IjEyNjA5OTQifQ%3D%3D\">\n\t\t\t\t\t<div class=\"e-gallery-image elementor-gallery-item__image\" data-thumbnail=\"https:\/\/visitdistrikt.rs\/media\/2022\/12\/Zeniteum-ZT6_6791-photo-Marko-Ristic-@zamrznutitonovi-300x200.jpg\" data-width=\"300\" data-height=\"200\" aria-label=\"\" role=\"img\" ><\/div>\n\t\t\t\t\t\t\t\t\t\t\t<div class=\"elementor-gallery-item__overlay\"><\/div>\n\t\t\t\t\t\t\t\t\t\t\t\t\t\t<\/a>\n\t\t\t\t\t\t\t<a class=\"e-gallery-item elementor-gallery-item elementor-animated-content\" href=\"https:\/\/visitdistrikt.rs\/media\/2022\/12\/V.Velickovic-December31-165.jpg\" data-elementor-open-lightbox=\"yes\" data-elementor-lightbox-slideshow=\"1260994\" data-e-action-hash=\"#elementor-action%3Aaction%3Dlightbox%26settings%3DeyJpZCI6NDI4NDksInVybCI6Imh0dHBzOlwvXC92aXNpdGRpc3RyaWt0LnJzXC9tZWRpYVwvMjAyMlwvMTJcL1YuVmVsaWNrb3ZpYy1EZWNlbWJlcjMxLTE2NS5qcGciLCJzbGlkZXNob3ciOiIxMjYwOTk0In0%3D\">\n\t\t\t\t\t<div class=\"e-gallery-image elementor-gallery-item__image\" data-thumbnail=\"https:\/\/visitdistrikt.rs\/media\/2022\/12\/V.Velickovic-December31-165-300x200.jpg\" data-width=\"300\" data-height=\"200\" aria-label=\"\" role=\"img\" ><\/div>\n\t\t\t\t\t\t\t\t\t\t\t<div class=\"elementor-gallery-item__overlay\"><\/div>\n\t\t\t\t\t\t\t\t\t\t\t\t\t\t<\/a>\n\t\t\t\t\t\t\t<a class=\"e-gallery-item elementor-gallery-item elementor-animated-content\" href=\"https:\/\/visitdistrikt.rs\/media\/2022\/12\/Zeniteum-ZT6_6411-photo-Marko-Ristic-@zamrznutitonovi.jpg\" data-elementor-open-lightbox=\"yes\" data-elementor-lightbox-slideshow=\"1260994\" data-e-action-hash=\"#elementor-action%3Aaction%3Dlightbox%26settings%3DeyJpZCI6NDI4MjksInVybCI6Imh0dHBzOlwvXC92aXNpdGRpc3RyaWt0LnJzXC9tZWRpYVwvMjAyMlwvMTJcL1plbml0ZXVtLVpUNl82NDExLXBob3RvLU1hcmtvLVJpc3RpYy1AemFtcnpudXRpdG9ub3ZpLmpwZyIsInNsaWRlc2hvdyI6IjEyNjA5OTQifQ%3D%3D\">\n\t\t\t\t\t<div class=\"e-gallery-image elementor-gallery-item__image\" data-thumbnail=\"https:\/\/visitdistrikt.rs\/media\/2022\/12\/Zeniteum-ZT6_6411-photo-Marko-Ristic-@zamrznutitonovi-300x200.jpg\" data-width=\"300\" data-height=\"200\" aria-label=\"\" role=\"img\" ><\/div>\n\t\t\t\t\t\t\t\t\t\t\t<div class=\"elementor-gallery-item__overlay\"><\/div>\n\t\t\t\t\t\t\t\t\t\t\t\t\t\t<\/a>\n\t\t\t\t\t\t\t<a class=\"e-gallery-item elementor-gallery-item elementor-animated-content\" href=\"https:\/\/visitdistrikt.rs\/media\/2022\/12\/V.Velickovic-January01-001.jpg\" data-elementor-open-lightbox=\"yes\" data-elementor-lightbox-slideshow=\"1260994\" data-e-action-hash=\"#elementor-action%3Aaction%3Dlightbox%26settings%3DeyJpZCI6NDI4NDMsInVybCI6Imh0dHBzOlwvXC92aXNpdGRpc3RyaWt0LnJzXC9tZWRpYVwvMjAyMlwvMTJcL1YuVmVsaWNrb3ZpYy1KYW51YXJ5MDEtMDAxLmpwZyIsInNsaWRlc2hvdyI6IjEyNjA5OTQifQ%3D%3D\">\n\t\t\t\t\t<div class=\"e-gallery-image elementor-gallery-item__image\" data-thumbnail=\"https:\/\/visitdistrikt.rs\/media\/2022\/12\/V.Velickovic-January01-001-300x200.jpg\" data-width=\"300\" data-height=\"200\" aria-label=\"\" role=\"img\" ><\/div>\n\t\t\t\t\t\t\t\t\t\t\t<div class=\"elementor-gallery-item__overlay\"><\/div>\n\t\t\t\t\t\t\t\t\t\t\t\t\t\t<\/a>\n\t\t\t\t\t\t\t<a class=\"e-gallery-item elementor-gallery-item elementor-animated-content\" href=\"https:\/\/visitdistrikt.rs\/media\/2022\/12\/V.Velickovic-January14-033.jpg\" data-elementor-open-lightbox=\"yes\" data-elementor-lightbox-slideshow=\"1260994\" data-e-action-hash=\"#elementor-action%3Aaction%3Dlightbox%26settings%3DeyJpZCI6NDI4MzMsInVybCI6Imh0dHBzOlwvXC92aXNpdGRpc3RyaWt0LnJzXC9tZWRpYVwvMjAyMlwvMTJcL1YuVmVsaWNrb3ZpYy1KYW51YXJ5MTQtMDMzLmpwZyIsInNsaWRlc2hvdyI6IjEyNjA5OTQifQ%3D%3D\">\n\t\t\t\t\t<div class=\"e-gallery-image elementor-gallery-item__image\" data-thumbnail=\"https:\/\/visitdistrikt.rs\/media\/2022\/12\/V.Velickovic-January14-033-300x200.jpg\" data-width=\"300\" data-height=\"200\" aria-label=\"\" role=\"img\" ><\/div>\n\t\t\t\t\t\t\t\t\t\t\t<div class=\"elementor-gallery-item__overlay\"><\/div>\n\t\t\t\t\t\t\t\t\t\t\t\t\t\t<\/a>\n\t\t\t\t\t\t\t<a class=\"e-gallery-item elementor-gallery-item elementor-animated-content\" href=\"https:\/\/visitdistrikt.rs\/media\/2022\/12\/V.Velickovic-January14-006.jpg\" data-elementor-open-lightbox=\"yes\" data-elementor-lightbox-slideshow=\"1260994\" data-e-action-hash=\"#elementor-action%3Aaction%3Dlightbox%26settings%3DeyJpZCI6NDI4MzUsInVybCI6Imh0dHBzOlwvXC92aXNpdGRpc3RyaWt0LnJzXC9tZWRpYVwvMjAyMlwvMTJcL1YuVmVsaWNrb3ZpYy1KYW51YXJ5MTQtMDA2LmpwZyIsInNsaWRlc2hvdyI6IjEyNjA5OTQifQ%3D%3D\">\n\t\t\t\t\t<div class=\"e-gallery-image elementor-gallery-item__image\" data-thumbnail=\"https:\/\/visitdistrikt.rs\/media\/2022\/12\/V.Velickovic-January14-006-300x200.jpg\" data-width=\"300\" data-height=\"200\" aria-label=\"\" role=\"img\" ><\/div>\n\t\t\t\t\t\t\t\t\t\t\t<div class=\"elementor-gallery-item__overlay\"><\/div>\n\t\t\t\t\t\t\t\t\t\t\t\t\t\t<\/a>\n\t\t\t\t\t\t\t<a class=\"e-gallery-item elementor-gallery-item elementor-animated-content\" href=\"https:\/\/visitdistrikt.rs\/media\/2022\/12\/V.Velickovic-January13-042.jpg\" data-elementor-open-lightbox=\"yes\" data-elementor-lightbox-slideshow=\"1260994\" data-e-action-hash=\"#elementor-action%3Aaction%3Dlightbox%26settings%3DeyJpZCI6NDI4MzcsInVybCI6Imh0dHBzOlwvXC92aXNpdGRpc3RyaWt0LnJzXC9tZWRpYVwvMjAyMlwvMTJcL1YuVmVsaWNrb3ZpYy1KYW51YXJ5MTMtMDQyLmpwZyIsInNsaWRlc2hvdyI6IjEyNjA5OTQifQ%3D%3D\">\n\t\t\t\t\t<div class=\"e-gallery-image elementor-gallery-item__image\" data-thumbnail=\"https:\/\/visitdistrikt.rs\/media\/2022\/12\/V.Velickovic-January13-042-300x200.jpg\" data-width=\"300\" data-height=\"200\" aria-label=\"\" role=\"img\" ><\/div>\n\t\t\t\t\t\t\t\t\t\t\t<div class=\"elementor-gallery-item__overlay\"><\/div>\n\t\t\t\t\t\t\t\t\t\t\t\t\t\t<\/a>\n\t\t\t\t\t\t\t<a class=\"e-gallery-item elementor-gallery-item elementor-animated-content\" href=\"https:\/\/visitdistrikt.rs\/media\/2022\/12\/V.Velickovic-January13-038.jpg\" data-elementor-open-lightbox=\"yes\" data-elementor-lightbox-slideshow=\"1260994\" data-e-action-hash=\"#elementor-action%3Aaction%3Dlightbox%26settings%3DeyJpZCI6NDI4MzksInVybCI6Imh0dHBzOlwvXC92aXNpdGRpc3RyaWt0LnJzXC9tZWRpYVwvMjAyMlwvMTJcL1YuVmVsaWNrb3ZpYy1KYW51YXJ5MTMtMDM4LmpwZyIsInNsaWRlc2hvdyI6IjEyNjA5OTQifQ%3D%3D\">\n\t\t\t\t\t<div class=\"e-gallery-image elementor-gallery-item__image\" data-thumbnail=\"https:\/\/visitdistrikt.rs\/media\/2022\/12\/V.Velickovic-January13-038-300x200.jpg\" data-width=\"300\" data-height=\"200\" aria-label=\"\" role=\"img\" ><\/div>\n\t\t\t\t\t\t\t\t\t\t\t<div class=\"elementor-gallery-item__overlay\"><\/div>\n\t\t\t\t\t\t\t\t\t\t\t\t\t\t<\/a>\n\t\t\t\t\t\t\t<a class=\"e-gallery-item elementor-gallery-item elementor-animated-content\" href=\"https:\/\/visitdistrikt.rs\/media\/2022\/12\/V.Velickovic-December31-194.jpg\" data-elementor-open-lightbox=\"yes\" data-elementor-lightbox-slideshow=\"1260994\" data-e-action-hash=\"#elementor-action%3Aaction%3Dlightbox%26settings%3DeyJpZCI6NDI4NDcsInVybCI6Imh0dHBzOlwvXC92aXNpdGRpc3RyaWt0LnJzXC9tZWRpYVwvMjAyMlwvMTJcL1YuVmVsaWNrb3ZpYy1EZWNlbWJlcjMxLTE5NC5qcGciLCJzbGlkZXNob3ciOiIxMjYwOTk0In0%3D\">\n\t\t\t\t\t<div class=\"e-gallery-image elementor-gallery-item__image\" data-thumbnail=\"https:\/\/visitdistrikt.rs\/media\/2022\/12\/V.Velickovic-December31-194-300x200.jpg\" data-width=\"300\" data-height=\"200\" aria-label=\"\" role=\"img\" ><\/div>\n\t\t\t\t\t\t\t\t\t\t\t<div class=\"elementor-gallery-item__overlay\"><\/div>\n\t\t\t\t\t\t\t\t\t\t\t\t\t\t<\/a>\n\t\t\t\t\t\t\t<a class=\"e-gallery-item elementor-gallery-item elementor-animated-content\" href=\"https:\/\/visitdistrikt.rs\/media\/2022\/12\/V.Velickovic-January14-041.jpg\" data-elementor-open-lightbox=\"yes\" data-elementor-lightbox-slideshow=\"1260994\" data-e-action-hash=\"#elementor-action%3Aaction%3Dlightbox%26settings%3DeyJpZCI6NDI4MzEsInVybCI6Imh0dHBzOlwvXC92aXNpdGRpc3RyaWt0LnJzXC9tZWRpYVwvMjAyMlwvMTJcL1YuVmVsaWNrb3ZpYy1KYW51YXJ5MTQtMDQxLmpwZyIsInNsaWRlc2hvdyI6IjEyNjA5OTQifQ%3D%3D\">\n\t\t\t\t\t<div class=\"e-gallery-image elementor-gallery-item__image\" data-thumbnail=\"https:\/\/visitdistrikt.rs\/media\/2022\/12\/V.Velickovic-January14-041-300x200.jpg\" data-width=\"300\" data-height=\"200\" aria-label=\"\" role=\"img\" ><\/div>\n\t\t\t\t\t\t\t\t\t\t\t<div class=\"elementor-gallery-item__overlay\"><\/div>\n\t\t\t\t\t\t\t\t\t\t\t\t\t\t<\/a>\n\t\t\t\t\t\t\t<a class=\"e-gallery-item elementor-gallery-item elementor-animated-content\" href=\"https:\/\/visitdistrikt.rs\/media\/2022\/12\/V.Velickovic-January01-230.jpg\" data-elementor-open-lightbox=\"yes\" data-elementor-lightbox-slideshow=\"1260994\" data-e-action-hash=\"#elementor-action%3Aaction%3Dlightbox%26settings%3DeyJpZCI6NDI4NDEsInVybCI6Imh0dHBzOlwvXC92aXNpdGRpc3RyaWt0LnJzXC9tZWRpYVwvMjAyMlwvMTJcL1YuVmVsaWNrb3ZpYy1KYW51YXJ5MDEtMjMwLmpwZyIsInNsaWRlc2hvdyI6IjEyNjA5OTQifQ%3D%3D\">\n\t\t\t\t\t<div class=\"e-gallery-image elementor-gallery-item__image\" data-thumbnail=\"https:\/\/visitdistrikt.rs\/media\/2022\/12\/V.Velickovic-January01-230-300x200.jpg\" data-width=\"300\" data-height=\"200\" aria-label=\"\" role=\"img\" ><\/div>\n\t\t\t\t\t\t\t\t\t\t\t<div class=\"elementor-gallery-item__overlay\"><\/div>\n\t\t\t\t\t\t\t\t\t\t\t\t\t\t<\/a>\n\t\t\t\t\t\t\t<a class=\"e-gallery-item elementor-gallery-item elementor-animated-content\" href=\"https:\/\/visitdistrikt.rs\/media\/2022\/12\/V.Velickovic-December31-207.jpg\" data-elementor-open-lightbox=\"yes\" data-elementor-lightbox-slideshow=\"1260994\" data-e-action-hash=\"#elementor-action%3Aaction%3Dlightbox%26settings%3DeyJpZCI6NDI4NDUsInVybCI6Imh0dHBzOlwvXC92aXNpdGRpc3RyaWt0LnJzXC9tZWRpYVwvMjAyMlwvMTJcL1YuVmVsaWNrb3ZpYy1EZWNlbWJlcjMxLTIwNy5qcGciLCJzbGlkZXNob3ciOiIxMjYwOTk0In0%3D\">\n\t\t\t\t\t<div class=\"e-gallery-image elementor-gallery-item__image\" data-thumbnail=\"https:\/\/visitdistrikt.rs\/media\/2022\/12\/V.Velickovic-December31-207-300x200.jpg\" data-width=\"300\" data-height=\"200\" aria-label=\"\" role=\"img\" ><\/div>\n\t\t\t\t\t\t\t\t\t\t\t<div class=\"elementor-gallery-item__overlay\"><\/div>\n\t\t\t\t\t\t\t\t\t\t\t\t\t\t<\/a>\n\t\t\t\t\t<\/div>\n\t\t\t<\/div>\n\t\t\t\t<\/div>\n\t\t\t\t\t<\/div>\n\t\t<\/div>\n\t\t\t\t\t<\/div>\n\t\t<\/section>\n\t\t\t\t<section class=\"elementor-section elementor-top-section elementor-element elementor-element-4877cad elementor-section-boxed elementor-section-height-default elementor-section-height-default\" data-id=\"4877cad\" data-element_type=\"section\">\n\t\t\t\t\t\t<div class=\"elementor-container elementor-column-gap-default\">\n\t\t\t\t\t<div class=\"elementor-column elementor-col-100 elementor-top-column elementor-element elementor-element-34e17e1\" data-id=\"34e17e1\" data-element_type=\"column\">\n\t\t\t<div class=\"elementor-widget-wrap elementor-element-populated\">\n\t\t\t\t\t\t<div class=\"elementor-element elementor-element-2fd8dad elementor-widget elementor-widget-text-editor\" data-id=\"2fd8dad\" data-element_type=\"widget\" data-widget_type=\"text-editor.default\">\n\t\t\t\t<div class=\"elementor-widget-container\">\n\t\t\t\t\t\t\t<p>Photo: Vladimir Veli\u010dkovi\u0107, Marko Pudi\u0107, Marko Risti\u0107<\/p>\t\t\t\t\t\t<\/div>\n\t\t\t\t<\/div>\n\t\t\t\t\t<\/div>\n\t\t<\/div>\n\t\t\t\t\t<\/div>\n\t\t<\/section>\n\t\t\t\t<\/div>\n\t\t","protected":false},"excerpt":{"rendered":"<p>&nbsp; There are only five days left until the spectacular Do\u010dek in Novi Sad, which will officially close the title year of the European Capital of Culture. While we are impatiently waiting for another unforgettable Do\u010dek, an audio-visual experience in the Suburbium first on 31 December, and then on 13 January indoor, at unusual concert [&hellip;]<\/p>\n","protected":false},"author":13,"featured_media":42868,"comment_status":"closed","ping_status":"closed","sticky":false,"template":"","format":"standard","meta":{"footnotes":"","_links_to":"","_links_to_target":""},"categories":[490,1001,305],"tags":[],"yoast_head":"<!-- This site is optimized with the Yoast SEO plugin v22.4 - https:\/\/yoast.com\/wordpress\/plugins\/seo\/ -->\n<title>Do\u010dek Is People: Gallery of Last Year\u2019s Most Memorable Photos - Visit Distrikt Novi Sad<\/title>\n<meta name=\"description\" content=\"The welcome is the people, the loyal audience, who have been successfully writing a new history of Novi Sad for six years with their support in the development of the city&#039;s culture.\" \/>\n<meta name=\"robots\" content=\"index, follow, max-snippet:-1, max-image-preview:large, max-video-preview:-1\" \/>\n<link rel=\"canonical\" href=\"https:\/\/visitdistrikt.rs\/en\/2022\/12\/29\/docek-is-people-gallery-of-last-year-s-most-memorable-photos\/\" \/>\n<meta property=\"og:locale\" content=\"en_US\" \/>\n<meta property=\"og:type\" content=\"article\" \/>\n<meta property=\"og:title\" content=\"Do\u010dek Is People: Gallery of Last Year\u2019s Most Memorable Photos - Visit Distrikt Novi Sad\" \/>\n<meta property=\"og:description\" content=\"The welcome is the people, the loyal audience, who have been successfully writing a new history of Novi Sad for six years with their support in the development of the city&#039;s culture.\" \/>\n<meta property=\"og:url\" content=\"https:\/\/visitdistrikt.rs\/en\/2022\/12\/29\/docek-is-people-gallery-of-last-year-s-most-memorable-photos\/\" \/>\n<meta property=\"og:site_name\" content=\"Visit Distrikt Novi Sad\" \/>\n<meta property=\"article:published_time\" content=\"2022-12-29T10:52:59+00:00\" \/>\n<meta property=\"article:modified_time\" content=\"2022-12-29T12:01:31+00:00\" \/>\n<meta property=\"og:image\" content=\"https:\/\/visitdistrikt.rs\/media\/2022\/12\/Untitled-design.jpg\" \/>\n\t<meta property=\"og:image:width\" content=\"1920\" \/>\n\t<meta property=\"og:image:height\" content=\"577\" \/>\n\t<meta property=\"og:image:type\" content=\"image\/jpeg\" \/>\n<meta name=\"author\" content=\"Andjela\" \/>\n<meta name=\"twitter:card\" content=\"summary_large_image\" \/>\n<meta name=\"twitter:label1\" content=\"Written by\" \/>\n\t<meta name=\"twitter:data1\" content=\"Andjela\" \/>\n\t<meta name=\"twitter:label2\" content=\"Est. reading time\" \/>\n\t<meta name=\"twitter:data2\" content=\"2 minutes\" \/>\n<script type=\"application\/ld+json\" class=\"yoast-schema-graph\">{\"@context\":\"https:\/\/schema.org\",\"@graph\":[{\"@type\":\"WebPage\",\"@id\":\"https:\/\/visitdistrikt.rs\/en\/2022\/12\/29\/docek-is-people-gallery-of-last-year-s-most-memorable-photos\/\",\"url\":\"https:\/\/visitdistrikt.rs\/en\/2022\/12\/29\/docek-is-people-gallery-of-last-year-s-most-memorable-photos\/\",\"name\":\"Do\u010dek Is People: Gallery of Last Year\u2019s Most Memorable Photos - Visit Distrikt Novi Sad\",\"isPartOf\":{\"@id\":\"https:\/\/visitdistrikt.rs\/#website\"},\"primaryImageOfPage\":{\"@id\":\"https:\/\/visitdistrikt.rs\/en\/2022\/12\/29\/docek-is-people-gallery-of-last-year-s-most-memorable-photos\/#primaryimage\"},\"image\":{\"@id\":\"https:\/\/visitdistrikt.rs\/en\/2022\/12\/29\/docek-is-people-gallery-of-last-year-s-most-memorable-photos\/#primaryimage\"},\"thumbnailUrl\":\"https:\/\/visitdistrikt.rs\/media\/2022\/12\/Untitled-design.jpg\",\"datePublished\":\"2022-12-29T10:52:59+00:00\",\"dateModified\":\"2022-12-29T12:01:31+00:00\",\"author\":{\"@id\":\"https:\/\/visitdistrikt.rs\/#\/schema\/person\/1d409dd2a9c7858729ec7a42dcf267e6\"},\"description\":\"The welcome is the people, the loyal audience, who have been successfully writing a new history of Novi Sad for six years with their support in the development of the city's culture.\",\"breadcrumb\":{\"@id\":\"https:\/\/visitdistrikt.rs\/en\/2022\/12\/29\/docek-is-people-gallery-of-last-year-s-most-memorable-photos\/#breadcrumb\"},\"inLanguage\":\"en-US\",\"potentialAction\":[{\"@type\":\"ReadAction\",\"target\":[\"https:\/\/visitdistrikt.rs\/en\/2022\/12\/29\/docek-is-people-gallery-of-last-year-s-most-memorable-photos\/\"]}]},{\"@type\":\"ImageObject\",\"inLanguage\":\"en-US\",\"@id\":\"https:\/\/visitdistrikt.rs\/en\/2022\/12\/29\/docek-is-people-gallery-of-last-year-s-most-memorable-photos\/#primaryimage\",\"url\":\"https:\/\/visitdistrikt.rs\/media\/2022\/12\/Untitled-design.jpg\",\"contentUrl\":\"https:\/\/visitdistrikt.rs\/media\/2022\/12\/Untitled-design.jpg\",\"width\":1920,\"height\":577},{\"@type\":\"BreadcrumbList\",\"@id\":\"https:\/\/visitdistrikt.rs\/en\/2022\/12\/29\/docek-is-people-gallery-of-last-year-s-most-memorable-photos\/#breadcrumb\",\"itemListElement\":[{\"@type\":\"ListItem\",\"position\":1,\"name\":\"Home\",\"item\":\"https:\/\/visitdistrikt.rs\/en\/\"},{\"@type\":\"ListItem\",\"position\":2,\"name\":\"Do\u010dek Is People: Gallery of Last Year\u2019s Most Memorable Photos\"}]},{\"@type\":\"WebSite\",\"@id\":\"https:\/\/visitdistrikt.rs\/#website\",\"url\":\"https:\/\/visitdistrikt.rs\/\",\"name\":\"Visit Distrikt Novi Sad\",\"description\":\"Novi Sad\",\"potentialAction\":[{\"@type\":\"SearchAction\",\"target\":{\"@type\":\"EntryPoint\",\"urlTemplate\":\"https:\/\/visitdistrikt.rs\/?s={search_term_string}\"},\"query-input\":\"required name=search_term_string\"}],\"inLanguage\":\"en-US\"},{\"@type\":\"Person\",\"@id\":\"https:\/\/visitdistrikt.rs\/#\/schema\/person\/1d409dd2a9c7858729ec7a42dcf267e6\",\"name\":\"Andjela\",\"image\":{\"@type\":\"ImageObject\",\"inLanguage\":\"en-US\",\"@id\":\"https:\/\/visitdistrikt.rs\/#\/schema\/person\/image\/\",\"url\":\"https:\/\/secure.gravatar.com\/avatar\/9c97624b5cc2432e05342df03b977bac?s=96&d=mm&r=g\",\"contentUrl\":\"https:\/\/secure.gravatar.com\/avatar\/9c97624b5cc2432e05342df03b977bac?s=96&d=mm&r=g\",\"caption\":\"Andjela\"}}]}<\/script>\n<!-- \/ Yoast SEO plugin. -->","yoast_head_json":{"title":"Do\u010dek Is People: Gallery of Last Year\u2019s Most Memorable Photos - Visit Distrikt Novi Sad","description":"The welcome is the people, the loyal audience, who have been successfully writing a new history of Novi Sad for six years with their support in the development of the city's culture.","robots":{"index":"index","follow":"follow","max-snippet":"max-snippet:-1","max-image-preview":"max-image-preview:large","max-video-preview":"max-video-preview:-1"},"canonical":"https:\/\/visitdistrikt.rs\/en\/2022\/12\/29\/docek-is-people-gallery-of-last-year-s-most-memorable-photos\/","og_locale":"en_US","og_type":"article","og_title":"Do\u010dek Is People: Gallery of Last Year\u2019s Most Memorable Photos - Visit Distrikt Novi Sad","og_description":"The welcome is the people, the loyal audience, who have been successfully writing a new history of Novi Sad for six years with their support in the development of the city's culture.","og_url":"https:\/\/visitdistrikt.rs\/en\/2022\/12\/29\/docek-is-people-gallery-of-last-year-s-most-memorable-photos\/","og_site_name":"Visit Distrikt Novi Sad","article_published_time":"2022-12-29T10:52:59+00:00","article_modified_time":"2022-12-29T12:01:31+00:00","og_image":[{"width":1920,"height":577,"url":"https:\/\/visitdistrikt.rs\/media\/2022\/12\/Untitled-design.jpg","type":"image\/jpeg"}],"author":"Andjela","twitter_card":"summary_large_image","twitter_misc":{"Written by":"Andjela","Est. reading time":"2 minutes"},"schema":{"@context":"https:\/\/schema.org","@graph":[{"@type":"WebPage","@id":"https:\/\/visitdistrikt.rs\/en\/2022\/12\/29\/docek-is-people-gallery-of-last-year-s-most-memorable-photos\/","url":"https:\/\/visitdistrikt.rs\/en\/2022\/12\/29\/docek-is-people-gallery-of-last-year-s-most-memorable-photos\/","name":"Do\u010dek Is People: Gallery of Last Year\u2019s Most Memorable Photos - Visit Distrikt Novi Sad","isPartOf":{"@id":"https:\/\/visitdistrikt.rs\/#website"},"primaryImageOfPage":{"@id":"https:\/\/visitdistrikt.rs\/en\/2022\/12\/29\/docek-is-people-gallery-of-last-year-s-most-memorable-photos\/#primaryimage"},"image":{"@id":"https:\/\/visitdistrikt.rs\/en\/2022\/12\/29\/docek-is-people-gallery-of-last-year-s-most-memorable-photos\/#primaryimage"},"thumbnailUrl":"https:\/\/visitdistrikt.rs\/media\/2022\/12\/Untitled-design.jpg","datePublished":"2022-12-29T10:52:59+00:00","dateModified":"2022-12-29T12:01:31+00:00","author":{"@id":"https:\/\/visitdistrikt.rs\/#\/schema\/person\/1d409dd2a9c7858729ec7a42dcf267e6"},"description":"The welcome is the people, the loyal audience, who have been successfully writing a new history of Novi Sad for six years with their support in the development of the city's culture.","breadcrumb":{"@id":"https:\/\/visitdistrikt.rs\/en\/2022\/12\/29\/docek-is-people-gallery-of-last-year-s-most-memorable-photos\/#breadcrumb"},"inLanguage":"en-US","potentialAction":[{"@type":"ReadAction","target":["https:\/\/visitdistrikt.rs\/en\/2022\/12\/29\/docek-is-people-gallery-of-last-year-s-most-memorable-photos\/"]}]},{"@type":"ImageObject","inLanguage":"en-US","@id":"https:\/\/visitdistrikt.rs\/en\/2022\/12\/29\/docek-is-people-gallery-of-last-year-s-most-memorable-photos\/#primaryimage","url":"https:\/\/visitdistrikt.rs\/media\/2022\/12\/Untitled-design.jpg","contentUrl":"https:\/\/visitdistrikt.rs\/media\/2022\/12\/Untitled-design.jpg","width":1920,"height":577},{"@type":"BreadcrumbList","@id":"https:\/\/visitdistrikt.rs\/en\/2022\/12\/29\/docek-is-people-gallery-of-last-year-s-most-memorable-photos\/#breadcrumb","itemListElement":[{"@type":"ListItem","position":1,"name":"Home","item":"https:\/\/visitdistrikt.rs\/en\/"},{"@type":"ListItem","position":2,"name":"Do\u010dek Is People: Gallery of Last Year\u2019s Most Memorable Photos"}]},{"@type":"WebSite","@id":"https:\/\/visitdistrikt.rs\/#website","url":"https:\/\/visitdistrikt.rs\/","name":"Visit Distrikt Novi Sad","description":"Novi Sad","potentialAction":[{"@type":"SearchAction","target":{"@type":"EntryPoint","urlTemplate":"https:\/\/visitdistrikt.rs\/?s={search_term_string}"},"query-input":"required name=search_term_string"}],"inLanguage":"en-US"},{"@type":"Person","@id":"https:\/\/visitdistrikt.rs\/#\/schema\/person\/1d409dd2a9c7858729ec7a42dcf267e6","name":"Andjela","image":{"@type":"ImageObject","inLanguage":"en-US","@id":"https:\/\/visitdistrikt.rs\/#\/schema\/person\/image\/","url":"https:\/\/secure.gravatar.com\/avatar\/9c97624b5cc2432e05342df03b977bac?s=96&d=mm&r=g","contentUrl":"https:\/\/secure.gravatar.com\/avatar\/9c97624b5cc2432e05342df03b977bac?s=96&d=mm&r=g","caption":"Andjela"}}]}},"_links":{"self":[{"href":"https:\/\/visitdistrikt.rs\/en\/wp-json\/wp\/v2\/posts\/42982"}],"collection":[{"href":"https:\/\/visitdistrikt.rs\/en\/wp-json\/wp\/v2\/posts"}],"about":[{"href":"https:\/\/visitdistrikt.rs\/en\/wp-json\/wp\/v2\/types\/post"}],"author":[{"embeddable":true,"href":"https:\/\/visitdistrikt.rs\/en\/wp-json\/wp\/v2\/users\/13"}],"replies":[{"embeddable":true,"href":"https:\/\/visitdistrikt.rs\/en\/wp-json\/wp\/v2\/comments?post=42982"}],"version-history":[{"count":5,"href":"https:\/\/visitdistrikt.rs\/en\/wp-json\/wp\/v2\/posts\/42982\/revisions"}],"predecessor-version":[{"id":42987,"href":"https:\/\/visitdistrikt.rs\/en\/wp-json\/wp\/v2\/posts\/42982\/revisions\/42987"}],"wp:featuredmedia":[{"embeddable":true,"href":"https:\/\/visitdistrikt.rs\/en\/wp-json\/wp\/v2\/media\/42868"}],"wp:attachment":[{"href":"https:\/\/visitdistrikt.rs\/en\/wp-json\/wp\/v2\/media?parent=42982"}],"wp:term":[{"taxonomy":"category","embeddable":true,"href":"https:\/\/visitdistrikt.rs\/en\/wp-json\/wp\/v2\/categories?post=42982"},{"taxonomy":"post_tag","embeddable":true,"href":"https:\/\/visitdistrikt.rs\/en\/wp-json\/wp\/v2\/tags?post=42982"}],"curies":[{"name":"wp","href":"https:\/\/api.w.org\/{rel}","templated":true}]}}