{"id":44039,"date":"2023-02-08T08:48:17","date_gmt":"2023-02-08T07:48:17","guid":{"rendered":"https:\/\/visitdistrikt.rs\/?p=44039"},"modified":"2023-02-08T08:48:17","modified_gmt":"2023-02-08T07:48:17","slug":"some-of-the-most-beautiful-events-that-marked-the-ecoc-title-year","status":"publish","type":"post","link":"https:\/\/visitdistrikt.rs\/en\/2023\/02\/08\/some-of-the-most-beautiful-events-that-marked-the-ecoc-title-year\/","title":{"rendered":"Some of the Most Beautiful Events that Marked the ECoC Title Year"},"content":{"rendered":"\t\t<div data-elementor-type=\"wp-post\" data-elementor-id=\"44039\" class=\"elementor elementor-44039 elementor-43457\" data-elementor-post-type=\"post\">\n\t\t\t\t\t\t<section class=\"elementor-section elementor-top-section elementor-element elementor-element-f874769 elementor-section-boxed elementor-section-height-default elementor-section-height-default\" data-id=\"f874769\" data-element_type=\"section\">\n\t\t\t\t\t\t<div class=\"elementor-container elementor-column-gap-default\">\n\t\t\t\t\t<div class=\"elementor-column elementor-col-100 elementor-top-column elementor-element elementor-element-edab88e\" data-id=\"edab88e\" data-element_type=\"column\">\n\t\t\t<div class=\"elementor-widget-wrap elementor-element-populated\">\n\t\t\t\t\t\t<div class=\"elementor-element elementor-element-7bc4c15 elementor-widget elementor-widget-text-editor\" data-id=\"7bc4c15\" data-element_type=\"widget\" data-widget_type=\"text-editor.default\">\n\t\t\t\t<div class=\"elementor-widget-container\">\n\t\t\t\t\t\t\t<p>Novi Sad will remember the historic year behind us for <strong>the most significant European title <\/strong>in the field of culture \u2013 ECoC title, which refreshed the art scene in the city and brought new and renewed spaces for culture, a new audience, new processes that took root in the cultural strategy of the city, new programmes, as well as new artistic practices.<\/p><p>More than <strong>6,000 artists<\/strong> from over 50 countries have gone through <strong>4,000 events<\/strong> of the European Capital of Culture!<\/p><p>During the year 2022, culture was everywhere and reached everyone, and the <strong>programmes were implemented in 8 programme arches <\/strong>(Do\u010dek, Migrations, Future of Europe, Heroines, Fortress of Peace, The Danube Sea, Kaleidoscope of Culture and Other? Europe) through which, we talked about different topics: migrations, children and youth issues, feminism, peace, ecology, minorities, avant-garde, etc.<\/p><p>As the title year also passed through eight programme arches, we also single out <strong>eight of the most beautiful and structurally different events<\/strong> that marked the year 2022.<\/p><h2>Zeniteum<\/h2><p>With the<strong><em> Zeniteum 2022<\/em><\/strong> stage show directed by the Slovenian avant-garde artist <strong>Dragan \u017divadinov<\/strong>, on the main city boulevard next to the\u00a0<a href=\"https:\/\/visitdistrikt.rs\/2021\/10\/19\/banska-palata-simbol-moderne-arhitekture-novog-sada\/\">Banovina<\/a> building, Novi Sad entered the ECoC title year. The show brought together many art lovers who saw an unusual combination of art and science, with more than 60 artists on the stage. The main roles went to Anita Man\u010di\u0107, who brought to life the character of Mileva Mari\u0107 Einstein, while Boris Isakovi\u0107 played the role of Milutin Milankovi\u0107.<\/p>\t\t\t\t\t\t<\/div>\n\t\t\t\t<\/div>\n\t\t\t\t\t<\/div>\n\t\t<\/div>\n\t\t\t\t\t<\/div>\n\t\t<\/section>\n\t\t\t\t<section class=\"elementor-section elementor-top-section elementor-element elementor-element-dc37dc6 elementor-section-boxed elementor-section-height-default elementor-section-height-default\" data-id=\"dc37dc6\" data-element_type=\"section\">\n\t\t\t\t\t\t<div class=\"elementor-container elementor-column-gap-default\">\n\t\t\t\t\t<div class=\"elementor-column elementor-col-100 elementor-top-column elementor-element elementor-element-9a96eb4\" data-id=\"9a96eb4\" data-element_type=\"column\">\n\t\t\t<div class=\"elementor-widget-wrap elementor-element-populated\">\n\t\t\t\t\t\t<div class=\"elementor-element elementor-element-4c332ed elementor-widget elementor-widget-image\" data-id=\"4c332ed\" data-element_type=\"widget\" data-widget_type=\"image.default\">\n\t\t\t\t<div class=\"elementor-widget-container\">\n\t\t\t\t\t\t\t\t\t\t\t\t\t<img fetchpriority=\"high\" decoding=\"async\" width=\"800\" height=\"533\" src=\"https:\/\/visitdistrikt.rs\/media\/2022\/12\/MPU_3948.jpg\" class=\"attachment-large size-large wp-image-42200\" alt=\"\" srcset=\"https:\/\/visitdistrikt.rs\/media\/2022\/12\/MPU_3948.jpg 900w, https:\/\/visitdistrikt.rs\/media\/2022\/12\/MPU_3948-300x200.jpg 300w, https:\/\/visitdistrikt.rs\/media\/2022\/12\/MPU_3948-768x512.jpg 768w\" sizes=\"(max-width: 800px) 100vw, 800px\" \/>\t\t\t\t\t\t\t\t\t\t\t\t\t<\/div>\n\t\t\t\t<\/div>\n\t\t\t\t\t<\/div>\n\t\t<\/div>\n\t\t\t\t\t<\/div>\n\t\t<\/section>\n\t\t\t\t<section class=\"elementor-section elementor-top-section elementor-element elementor-element-cac2db7 elementor-section-boxed elementor-section-height-default elementor-section-height-default\" data-id=\"cac2db7\" data-element_type=\"section\">\n\t\t\t\t\t\t<div class=\"elementor-container elementor-column-gap-default\">\n\t\t\t\t\t<div class=\"elementor-column elementor-col-100 elementor-top-column elementor-element elementor-element-c8aa64e\" data-id=\"c8aa64e\" data-element_type=\"column\">\n\t\t\t<div class=\"elementor-widget-wrap elementor-element-populated\">\n\t\t\t\t\t\t<div class=\"elementor-element elementor-element-68e59da elementor-widget elementor-widget-text-editor\" data-id=\"68e59da\" data-element_type=\"widget\" data-widget_type=\"text-editor.default\">\n\t\t\t\t<div class=\"elementor-widget-container\">\n\t\t\t\t\t\t\t<h2>A Caravan of the Most Beautiful Flavours of Europe<\/h2><p>Four days of musical and culinary programmes in Novi Sad&#8217;s cultural stations marked the end of the Migrations programme arch, with the \u2018Caravan\u2019 event, which took all those present on a unique journey through the regions of Eastern, Western, Northern and Southern Europe. We had the opportunity to enjoy the international specialties prepared for the visitors of the cultural stations around the city by culinary superstars from different European regions, among whom was the chef of the Loft restaurant,\u00a0<a href=\"https:\/\/visitdistrikt.rs\/2022\/02\/21\/filip-milovanovic-moje-putovanje-kroz-ukuse-razlicitih-kultura\/\">Filip Milovanovi\u0107<\/a>, who gained culinary experience in restaurants with <strong>three Michelin stars<\/strong>. The evening hours during the Caravan of tastes were filled not only with food, but also with world music genres.<\/p>\t\t\t\t\t\t<\/div>\n\t\t\t\t<\/div>\n\t\t\t\t\t<\/div>\n\t\t<\/div>\n\t\t\t\t\t<\/div>\n\t\t<\/section>\n\t\t\t\t<section class=\"elementor-section elementor-top-section elementor-element elementor-element-b15d59c elementor-section-boxed elementor-section-height-default elementor-section-height-default\" data-id=\"b15d59c\" data-element_type=\"section\">\n\t\t\t\t\t\t<div class=\"elementor-container elementor-column-gap-default\">\n\t\t\t\t\t<div class=\"elementor-column elementor-col-100 elementor-top-column elementor-element elementor-element-3db3813\" data-id=\"3db3813\" data-element_type=\"column\">\n\t\t\t<div class=\"elementor-widget-wrap elementor-element-populated\">\n\t\t\t\t\t\t<div class=\"elementor-element elementor-element-d644e6e elementor-widget elementor-widget-gallery\" data-id=\"d644e6e\" data-element_type=\"widget\" data-settings=\"{&quot;columns&quot;:2,&quot;lazyload&quot;:&quot;yes&quot;,&quot;gallery_layout&quot;:&quot;grid&quot;,&quot;columns_tablet&quot;:2,&quot;columns_mobile&quot;:1,&quot;gap&quot;:{&quot;unit&quot;:&quot;px&quot;,&quot;size&quot;:10,&quot;sizes&quot;:[]},&quot;gap_tablet&quot;:{&quot;unit&quot;:&quot;px&quot;,&quot;size&quot;:10,&quot;sizes&quot;:[]},&quot;gap_mobile&quot;:{&quot;unit&quot;:&quot;px&quot;,&quot;size&quot;:10,&quot;sizes&quot;:[]},&quot;link_to&quot;:&quot;file&quot;,&quot;aspect_ratio&quot;:&quot;3:2&quot;,&quot;overlay_background&quot;:&quot;yes&quot;,&quot;content_hover_animation&quot;:&quot;fade-in&quot;}\" data-widget_type=\"gallery.default\">\n\t\t\t\t<div class=\"elementor-widget-container\">\n\t\t\t\t\t<div class=\"elementor-gallery__container\">\n\t\t\t\t\t\t\t<a class=\"e-gallery-item elementor-gallery-item elementor-animated-content\" href=\"https:\/\/visitdistrikt.rs\/media\/2023\/01\/V.Velickovic-March20-016.jpg\" data-elementor-open-lightbox=\"yes\" data-elementor-lightbox-slideshow=\"d644e6e\" data-e-action-hash=\"#elementor-action%3Aaction%3Dlightbox%26settings%3DeyJpZCI6NDM0NjEsInVybCI6Imh0dHBzOlwvXC92aXNpdGRpc3RyaWt0LnJzXC9tZWRpYVwvMjAyM1wvMDFcL1YuVmVsaWNrb3ZpYy1NYXJjaDIwLTAxNi5qcGciLCJzbGlkZXNob3ciOiJkNjQ0ZTZlIn0%3D\">\n\t\t\t\t\t<div class=\"e-gallery-image elementor-gallery-item__image\" data-thumbnail=\"https:\/\/visitdistrikt.rs\/media\/2023\/01\/V.Velickovic-March20-016.jpg\" data-width=\"800\" data-height=\"534\" aria-label=\"\" role=\"img\" ><\/div>\n\t\t\t\t\t\t\t\t\t\t\t<div class=\"elementor-gallery-item__overlay\"><\/div>\n\t\t\t\t\t\t\t\t\t\t\t\t\t\t<\/a>\n\t\t\t\t\t\t\t<a class=\"e-gallery-item elementor-gallery-item elementor-animated-content\" href=\"https:\/\/visitdistrikt.rs\/media\/2023\/01\/MPU_6427.jpg\" data-elementor-open-lightbox=\"yes\" data-elementor-lightbox-slideshow=\"d644e6e\" data-e-action-hash=\"#elementor-action%3Aaction%3Dlightbox%26settings%3DeyJpZCI6NDM0NjMsInVybCI6Imh0dHBzOlwvXC92aXNpdGRpc3RyaWt0LnJzXC9tZWRpYVwvMjAyM1wvMDFcL01QVV82NDI3LmpwZyIsInNsaWRlc2hvdyI6ImQ2NDRlNmUifQ%3D%3D\">\n\t\t\t\t\t<div class=\"e-gallery-image elementor-gallery-item__image\" data-thumbnail=\"https:\/\/visitdistrikt.rs\/media\/2023\/01\/MPU_6427.jpg\" data-width=\"800\" data-height=\"533\" aria-label=\"\" role=\"img\" ><\/div>\n\t\t\t\t\t\t\t\t\t\t\t<div class=\"elementor-gallery-item__overlay\"><\/div>\n\t\t\t\t\t\t\t\t\t\t\t\t\t\t<\/a>\n\t\t\t\t\t<\/div>\n\t\t\t<\/div>\n\t\t\t\t<\/div>\n\t\t\t\t\t<\/div>\n\t\t<\/div>\n\t\t\t\t\t<\/div>\n\t\t<\/section>\n\t\t\t\t<section class=\"elementor-section elementor-top-section elementor-element elementor-element-197263a elementor-section-boxed elementor-section-height-default elementor-section-height-default\" data-id=\"197263a\" data-element_type=\"section\">\n\t\t\t\t\t\t<div class=\"elementor-container elementor-column-gap-default\">\n\t\t\t\t\t<div class=\"elementor-column elementor-col-100 elementor-top-column elementor-element elementor-element-44e5f4c\" data-id=\"44e5f4c\" data-element_type=\"column\">\n\t\t\t<div class=\"elementor-widget-wrap elementor-element-populated\">\n\t\t\t\t\t\t<div class=\"elementor-element elementor-element-9773c6d elementor-widget elementor-widget-text-editor\" data-id=\"9773c6d\" data-element_type=\"widget\" data-widget_type=\"text-editor.default\">\n\t\t\t\t<div class=\"elementor-widget-container\">\n\t\t\t\t\t\t\t<h2>Beethoven Marathon<\/h2><p>One of the most production-intensive events during the ECoC title took place in June this year, when the Belgrade and Dortmund Philharmonic Orchestras, as part of the <strong>Beethoven Marathon<\/strong>, alternately performed eight Beethoven symphonies throughout the day in the City Concert Hall. The culmination of the Beethoven Marathon was the \u2018Ninth Symphony\u2019 and the famous \u2018Ode to Joy\u2019 performed under a clear sky at the Petrovaradin Fortress, on the biggest stage that the Novi Sad audience has seen. Several thousand lovers of supreme classical music attended an unforgettable event implemented by musicians from Germany, Serbia and Slovakia under the baton of Gabriel Feltz.<\/p>\t\t\t\t\t\t<\/div>\n\t\t\t\t<\/div>\n\t\t\t\t\t<\/div>\n\t\t<\/div>\n\t\t\t\t\t<\/div>\n\t\t<\/section>\n\t\t\t\t<section class=\"elementor-section elementor-top-section elementor-element elementor-element-c651c4a elementor-section-boxed elementor-section-height-default elementor-section-height-default\" data-id=\"c651c4a\" data-element_type=\"section\">\n\t\t\t\t\t\t<div class=\"elementor-container elementor-column-gap-default\">\n\t\t\t\t\t<div class=\"elementor-column elementor-col-100 elementor-top-column elementor-element elementor-element-d5631d0\" data-id=\"d5631d0\" data-element_type=\"column\">\n\t\t\t<div class=\"elementor-widget-wrap elementor-element-populated\">\n\t\t\t\t\t\t<div class=\"elementor-element elementor-element-b2a41b1 elementor-widget elementor-widget-image\" data-id=\"b2a41b1\" data-element_type=\"widget\" data-widget_type=\"image.default\">\n\t\t\t\t<div class=\"elementor-widget-container\">\n\t\t\t\t\t\t\t\t\t\t\t\t\t<img decoding=\"async\" width=\"800\" height=\"533\" src=\"https:\/\/visitdistrikt.rs\/media\/2023\/01\/V.Velickovic-June26-040.jpg\" class=\"attachment-large size-large wp-image-43465\" alt=\"\" srcset=\"https:\/\/visitdistrikt.rs\/media\/2023\/01\/V.Velickovic-June26-040.jpg 800w, https:\/\/visitdistrikt.rs\/media\/2023\/01\/V.Velickovic-June26-040-300x200.jpg 300w, https:\/\/visitdistrikt.rs\/media\/2023\/01\/V.Velickovic-June26-040-768x512.jpg 768w\" sizes=\"(max-width: 800px) 100vw, 800px\" \/>\t\t\t\t\t\t\t\t\t\t\t\t\t<\/div>\n\t\t\t\t<\/div>\n\t\t\t\t\t<\/div>\n\t\t<\/div>\n\t\t\t\t\t<\/div>\n\t\t<\/section>\n\t\t\t\t<section class=\"elementor-section elementor-top-section elementor-element elementor-element-156f089 elementor-section-boxed elementor-section-height-default elementor-section-height-default\" data-id=\"156f089\" data-element_type=\"section\">\n\t\t\t\t\t\t<div class=\"elementor-container elementor-column-gap-default\">\n\t\t\t\t\t<div class=\"elementor-column elementor-col-100 elementor-top-column elementor-element elementor-element-bfd134b\" data-id=\"bfd134b\" data-element_type=\"column\">\n\t\t\t<div class=\"elementor-widget-wrap elementor-element-populated\">\n\t\t\t\t\t\t<div class=\"elementor-element elementor-element-80f3d18 elementor-widget elementor-widget-text-editor\" data-id=\"80f3d18\" data-element_type=\"widget\" data-widget_type=\"text-editor.default\">\n\t\t\t\t<div class=\"elementor-widget-container\">\n\t\t\t\t\t\t\t<h2>Korzo<\/h2><p>Another great artistic and production venture, Korzo, which took place during the Performing Arts Week of the Kaleidoscope of Culture, once again displaced classical music from concert halls, thus bringing this type of art closer to all fellow citizens. Under a clear sky on Mihaila Pupina Boulevard, everyone present had the opportunity to listen to one of the most famous artists of our time, <strong>Julian Rachlin<\/strong>, and the Vojvodina Symphony Orchestra under the baton of Aleksandar Markovi\u0107.<\/p>\t\t\t\t\t\t<\/div>\n\t\t\t\t<\/div>\n\t\t\t\t\t<\/div>\n\t\t<\/div>\n\t\t\t\t\t<\/div>\n\t\t<\/section>\n\t\t\t\t<section class=\"elementor-section elementor-top-section elementor-element elementor-element-0212d4a elementor-section-boxed elementor-section-height-default elementor-section-height-default\" data-id=\"0212d4a\" data-element_type=\"section\">\n\t\t\t\t\t\t<div class=\"elementor-container elementor-column-gap-default\">\n\t\t\t\t\t<div class=\"elementor-column elementor-col-100 elementor-top-column elementor-element elementor-element-a76108c\" data-id=\"a76108c\" data-element_type=\"column\">\n\t\t\t<div class=\"elementor-widget-wrap elementor-element-populated\">\n\t\t\t\t\t\t<div class=\"elementor-element elementor-element-bcd6b1c elementor-widget elementor-widget-image\" data-id=\"bcd6b1c\" data-element_type=\"widget\" data-widget_type=\"image.default\">\n\t\t\t\t<div class=\"elementor-widget-container\">\n\t\t\t\t\t\t\t\t\t\t\t\t\t<img decoding=\"async\" width=\"800\" height=\"533\" src=\"https:\/\/visitdistrikt.rs\/media\/2023\/01\/322713466_3435899990012176_8875817511432929142_n.jpg\" class=\"attachment-large size-large wp-image-43467\" alt=\"\" srcset=\"https:\/\/visitdistrikt.rs\/media\/2023\/01\/322713466_3435899990012176_8875817511432929142_n.jpg 800w, https:\/\/visitdistrikt.rs\/media\/2023\/01\/322713466_3435899990012176_8875817511432929142_n-300x200.jpg 300w, https:\/\/visitdistrikt.rs\/media\/2023\/01\/322713466_3435899990012176_8875817511432929142_n-768x512.jpg 768w\" sizes=\"(max-width: 800px) 100vw, 800px\" \/>\t\t\t\t\t\t\t\t\t\t\t\t\t<\/div>\n\t\t\t\t<\/div>\n\t\t\t\t\t<\/div>\n\t\t<\/div>\n\t\t\t\t\t<\/div>\n\t\t<\/section>\n\t\t\t\t<section class=\"elementor-section elementor-top-section elementor-element elementor-element-543dc16 elementor-section-boxed elementor-section-height-default elementor-section-height-default\" data-id=\"543dc16\" data-element_type=\"section\">\n\t\t\t\t\t\t<div class=\"elementor-container elementor-column-gap-default\">\n\t\t\t\t\t<div class=\"elementor-column elementor-col-100 elementor-top-column elementor-element elementor-element-50e1299\" data-id=\"50e1299\" data-element_type=\"column\">\n\t\t\t<div class=\"elementor-widget-wrap elementor-element-populated\">\n\t\t\t\t\t\t<div class=\"elementor-element elementor-element-577cf5b elementor-widget elementor-widget-text-editor\" data-id=\"577cf5b\" data-element_type=\"widget\" data-widget_type=\"text-editor.default\">\n\t\t\t\t<div class=\"elementor-widget-container\">\n\t\t\t\t\t\t\t<h2>Vila Festival<\/h2><p>For the first time in Novi Sad, a three-day family festival was held on Fru\u0161ka Gora, which gathered a large number of people in the oldest national park. It is this fairy-tale environment of the green slopes of Fru\u0161ka Gora that made this unique attraction stay in the memory of all visitors. The Vila Festival through music, theatre, film, literature, dance, gastronomy and children&#8217;s programme gathered some of the most significant European heroines in the heart of this national park.<\/p>\t\t\t\t\t\t<\/div>\n\t\t\t\t<\/div>\n\t\t\t\t\t<\/div>\n\t\t<\/div>\n\t\t\t\t\t<\/div>\n\t\t<\/section>\n\t\t\t\t<section class=\"elementor-section elementor-top-section elementor-element elementor-element-f311ca2 elementor-section-boxed elementor-section-height-default elementor-section-height-default\" data-id=\"f311ca2\" data-element_type=\"section\">\n\t\t\t\t\t\t<div class=\"elementor-container elementor-column-gap-default\">\n\t\t\t\t\t<div class=\"elementor-column elementor-col-100 elementor-top-column elementor-element elementor-element-5cd4dd2\" data-id=\"5cd4dd2\" data-element_type=\"column\">\n\t\t\t<div class=\"elementor-widget-wrap elementor-element-populated\">\n\t\t\t\t\t\t<div class=\"elementor-element elementor-element-206fd9a elementor-widget elementor-widget-image\" data-id=\"206fd9a\" data-element_type=\"widget\" data-widget_type=\"image.default\">\n\t\t\t\t<div class=\"elementor-widget-container\">\n\t\t\t\t\t\t\t\t\t\t\t\t\t<img loading=\"lazy\" decoding=\"async\" width=\"800\" height=\"533\" src=\"https:\/\/visitdistrikt.rs\/media\/2023\/01\/324107407_736530291139678_9080790216652770045_n.jpg\" class=\"attachment-large size-large wp-image-43469\" alt=\"\" srcset=\"https:\/\/visitdistrikt.rs\/media\/2023\/01\/324107407_736530291139678_9080790216652770045_n.jpg 800w, https:\/\/visitdistrikt.rs\/media\/2023\/01\/324107407_736530291139678_9080790216652770045_n-300x200.jpg 300w, https:\/\/visitdistrikt.rs\/media\/2023\/01\/324107407_736530291139678_9080790216652770045_n-768x512.jpg 768w\" sizes=\"(max-width: 800px) 100vw, 800px\" \/>\t\t\t\t\t\t\t\t\t\t\t\t\t<\/div>\n\t\t\t\t<\/div>\n\t\t\t\t\t<\/div>\n\t\t<\/div>\n\t\t\t\t\t<\/div>\n\t\t<\/section>\n\t\t\t\t<section class=\"elementor-section elementor-top-section elementor-element elementor-element-dd8c290 elementor-section-boxed elementor-section-height-default elementor-section-height-default\" data-id=\"dd8c290\" data-element_type=\"section\">\n\t\t\t\t\t\t<div class=\"elementor-container elementor-column-gap-default\">\n\t\t\t\t\t<div class=\"elementor-column elementor-col-100 elementor-top-column elementor-element elementor-element-80c7693\" data-id=\"80c7693\" data-element_type=\"column\">\n\t\t\t<div class=\"elementor-widget-wrap elementor-element-populated\">\n\t\t\t\t\t\t<div class=\"elementor-element elementor-element-6e29e6c elementor-widget elementor-widget-text-editor\" data-id=\"6e29e6c\" data-element_type=\"widget\" data-widget_type=\"text-editor.default\">\n\t\t\t\t<div class=\"elementor-widget-container\">\n\t\t\t\t\t\t\t<h2>Liberta<\/h2><p>In the European Capital of Culture title year, Novi Sad also received its first film saga about Novi Sad \u2013 \u2018Liberta \u2013 The Birth of A City\u2019, directed by Gvozden \u0110uri\u0107 and director and screenwriter \u017danko Tomi\u0107. The citizens of Novi Sad enjoyed a true story about which little was known until the premiere of the film at the Petrovaradin Fortress.<\/p>\t\t\t\t\t\t<\/div>\n\t\t\t\t<\/div>\n\t\t\t\t\t<\/div>\n\t\t<\/div>\n\t\t\t\t\t<\/div>\n\t\t<\/section>\n\t\t\t\t<section class=\"elementor-section elementor-top-section elementor-element elementor-element-c3bc0e7 elementor-section-boxed elementor-section-height-default elementor-section-height-default\" data-id=\"c3bc0e7\" data-element_type=\"section\">\n\t\t\t\t\t\t<div class=\"elementor-container elementor-column-gap-default\">\n\t\t\t\t\t<div class=\"elementor-column elementor-col-100 elementor-top-column elementor-element elementor-element-723f929\" data-id=\"723f929\" data-element_type=\"column\">\n\t\t\t<div class=\"elementor-widget-wrap elementor-element-populated\">\n\t\t\t\t\t\t<div class=\"elementor-element elementor-element-12512be elementor-widget elementor-widget-image\" data-id=\"12512be\" data-element_type=\"widget\" data-widget_type=\"image.default\">\n\t\t\t\t<div class=\"elementor-widget-container\">\n\t\t\t\t\t\t\t\t\t\t\t\t\t<img loading=\"lazy\" decoding=\"async\" width=\"800\" height=\"533\" src=\"https:\/\/visitdistrikt.rs\/media\/2023\/01\/V.Velickovic-July18-069.jpg\" class=\"attachment-large size-large wp-image-43471\" alt=\"\" srcset=\"https:\/\/visitdistrikt.rs\/media\/2023\/01\/V.Velickovic-July18-069.jpg 800w, https:\/\/visitdistrikt.rs\/media\/2023\/01\/V.Velickovic-July18-069-300x200.jpg 300w, https:\/\/visitdistrikt.rs\/media\/2023\/01\/V.Velickovic-July18-069-768x512.jpg 768w\" sizes=\"(max-width: 800px) 100vw, 800px\" \/>\t\t\t\t\t\t\t\t\t\t\t\t\t<\/div>\n\t\t\t\t<\/div>\n\t\t\t\t\t<\/div>\n\t\t<\/div>\n\t\t\t\t\t<\/div>\n\t\t<\/section>\n\t\t\t\t<section class=\"elementor-section elementor-top-section elementor-element elementor-element-ccba36f elementor-section-boxed elementor-section-height-default elementor-section-height-default\" data-id=\"ccba36f\" data-element_type=\"section\">\n\t\t\t\t\t\t<div class=\"elementor-container elementor-column-gap-default\">\n\t\t\t\t\t<div class=\"elementor-column elementor-col-100 elementor-top-column elementor-element elementor-element-02f66d7\" data-id=\"02f66d7\" data-element_type=\"column\">\n\t\t\t<div class=\"elementor-widget-wrap elementor-element-populated\">\n\t\t\t\t\t\t<div class=\"elementor-element elementor-element-b4488f5 elementor-widget elementor-widget-text-editor\" data-id=\"b4488f5\" data-element_type=\"widget\" data-widget_type=\"text-editor.default\">\n\t\t\t\t<div class=\"elementor-widget-container\">\n\t\t\t\t\t\t\t<h2>Time and Universe<\/h2><p>The title year was marked by several exceptional exhibitions of national importance, one of them being the spectacular multimedia exhibition <em>Time and Universe<\/em>, which throughout 2022 attracted great public attention. Through a multimedia blend of digital and analogue artistic expression, the exhibition celebrated the great mind and creativity of Milutin Milankovi\u0107. The exhibition, authored by Du\u0161an Jovovi\u0107, PhD, marked the beginning of the year of the European Capital of Culture , and was one of the most visited exhibitions in Serbia this year.<\/p>\t\t\t\t\t\t<\/div>\n\t\t\t\t<\/div>\n\t\t\t\t\t<\/div>\n\t\t<\/div>\n\t\t\t\t\t<\/div>\n\t\t<\/section>\n\t\t\t\t<section class=\"elementor-section elementor-top-section elementor-element elementor-element-ef98959 elementor-section-boxed elementor-section-height-default elementor-section-height-default\" data-id=\"ef98959\" data-element_type=\"section\">\n\t\t\t\t\t\t<div class=\"elementor-container elementor-column-gap-default\">\n\t\t\t\t\t<div class=\"elementor-column elementor-col-100 elementor-top-column elementor-element elementor-element-24c0caa\" data-id=\"24c0caa\" data-element_type=\"column\">\n\t\t\t<div class=\"elementor-widget-wrap elementor-element-populated\">\n\t\t\t\t\t\t<div class=\"elementor-element elementor-element-7932149 elementor-widget elementor-widget-image\" data-id=\"7932149\" data-element_type=\"widget\" data-widget_type=\"image.default\">\n\t\t\t\t<div class=\"elementor-widget-container\">\n\t\t\t\t\t\t\t\t\t\t\t\t\t<img loading=\"lazy\" decoding=\"async\" width=\"800\" height=\"533\" src=\"https:\/\/visitdistrikt.rs\/media\/2022\/12\/V.Velickovic-January13-043-1-1.jpg\" class=\"attachment-large size-large wp-image-42881\" alt=\"\" srcset=\"https:\/\/visitdistrikt.rs\/media\/2022\/12\/V.Velickovic-January13-043-1-1.jpg 800w, https:\/\/visitdistrikt.rs\/media\/2022\/12\/V.Velickovic-January13-043-1-1-300x200.jpg 300w, https:\/\/visitdistrikt.rs\/media\/2022\/12\/V.Velickovic-January13-043-1-1-768x512.jpg 768w\" sizes=\"(max-width: 800px) 100vw, 800px\" \/>\t\t\t\t\t\t\t\t\t\t\t\t\t<\/div>\n\t\t\t\t<\/div>\n\t\t\t\t\t<\/div>\n\t\t<\/div>\n\t\t\t\t\t<\/div>\n\t\t<\/section>\n\t\t\t\t<section class=\"elementor-section elementor-top-section elementor-element elementor-element-160b25b elementor-section-boxed elementor-section-height-default elementor-section-height-default\" data-id=\"160b25b\" data-element_type=\"section\">\n\t\t\t\t\t\t<div class=\"elementor-container elementor-column-gap-default\">\n\t\t\t\t\t<div class=\"elementor-column elementor-col-100 elementor-top-column elementor-element elementor-element-afd2059\" data-id=\"afd2059\" data-element_type=\"column\">\n\t\t\t<div class=\"elementor-widget-wrap elementor-element-populated\">\n\t\t\t\t\t\t<div class=\"elementor-element elementor-element-dd7eebb elementor-widget elementor-widget-text-editor\" data-id=\"dd7eebb\" data-element_type=\"widget\" data-widget_type=\"text-editor.default\">\n\t\t\t\t<div class=\"elementor-widget-container\">\n\t\t\t\t\t\t\t<h2>Do\u010dek<\/h2><p>The title year started with Do\u010dek, the unique and best European Trend Brand in the field of culture, and that is how we ended it. Do\u010dek remains in Novi Sad as a legacy project that will delight tourists and fellow citizens in the years ahead, bringing them together where Novi Sad was born \u2013 in the Suburbium.<\/p>\t\t\t\t\t\t<\/div>\n\t\t\t\t<\/div>\n\t\t\t\t\t<\/div>\n\t\t<\/div>\n\t\t\t\t\t<\/div>\n\t\t<\/section>\n\t\t\t\t<section class=\"elementor-section elementor-top-section elementor-element elementor-element-ad01230 elementor-section-boxed elementor-section-height-default elementor-section-height-default\" data-id=\"ad01230\" data-element_type=\"section\">\n\t\t\t\t\t\t<div class=\"elementor-container elementor-column-gap-default\">\n\t\t\t\t\t<div class=\"elementor-column elementor-col-100 elementor-top-column elementor-element elementor-element-b1dcd93\" data-id=\"b1dcd93\" data-element_type=\"column\">\n\t\t\t<div class=\"elementor-widget-wrap elementor-element-populated\">\n\t\t\t\t\t\t<div class=\"elementor-element elementor-element-b91a918 elementor-widget elementor-widget-image\" data-id=\"b91a918\" data-element_type=\"widget\" data-widget_type=\"image.default\">\n\t\t\t\t<div class=\"elementor-widget-container\">\n\t\t\t\t\t\t\t\t\t\t\t\t\t<img loading=\"lazy\" decoding=\"async\" width=\"800\" height=\"533\" src=\"https:\/\/visitdistrikt.rs\/media\/2023\/01\/viber_image_2023-01-18_13-01-36-877.jpg\" class=\"attachment-large size-large wp-image-43473\" alt=\"\" srcset=\"https:\/\/visitdistrikt.rs\/media\/2023\/01\/viber_image_2023-01-18_13-01-36-877.jpg 800w, https:\/\/visitdistrikt.rs\/media\/2023\/01\/viber_image_2023-01-18_13-01-36-877-300x200.jpg 300w, https:\/\/visitdistrikt.rs\/media\/2023\/01\/viber_image_2023-01-18_13-01-36-877-768x512.jpg 768w\" sizes=\"(max-width: 800px) 100vw, 800px\" \/>\t\t\t\t\t\t\t\t\t\t\t\t\t<\/div>\n\t\t\t\t<\/div>\n\t\t\t\t\t<\/div>\n\t\t<\/div>\n\t\t\t\t\t<\/div>\n\t\t<\/section>\n\t\t\t\t<section class=\"elementor-section elementor-top-section elementor-element elementor-element-4a4eed0 elementor-section-boxed elementor-section-height-default elementor-section-height-default\" data-id=\"4a4eed0\" data-element_type=\"section\">\n\t\t\t\t\t\t<div class=\"elementor-container elementor-column-gap-default\">\n\t\t\t\t\t<div class=\"elementor-column elementor-col-100 elementor-top-column elementor-element elementor-element-8457669\" data-id=\"8457669\" data-element_type=\"column\">\n\t\t\t<div class=\"elementor-widget-wrap elementor-element-populated\">\n\t\t\t\t\t\t<div class=\"elementor-element elementor-element-16eb1e9 elementor-widget elementor-widget-text-editor\" data-id=\"16eb1e9\" data-element_type=\"widget\" data-widget_type=\"text-editor.default\">\n\t\t\t\t<div class=\"elementor-widget-container\">\n\t\t\t\t\t\t\t<p><strong>Photo:<\/strong>\u00a0Vladimir Veli\u010dkovi\u0107<\/p>\t\t\t\t\t\t<\/div>\n\t\t\t\t<\/div>\n\t\t\t\t\t<\/div>\n\t\t<\/div>\n\t\t\t\t\t<\/div>\n\t\t<\/section>\n\t\t\t\t<\/div>\n\t\t","protected":false},"excerpt":{"rendered":"<p>Novi Sad will remember the historic year behind us for the most significant European title in the field of culture \u2013 ECoC title, which refreshed the art scene in the city and brought new and renewed spaces for culture, a new audience, new processes that took root in the cultural strategy of the city, new [&hellip;]<\/p>\n","protected":false},"author":9,"featured_media":43488,"comment_status":"closed","ping_status":"closed","sticky":false,"template":"","format":"standard","meta":{"footnotes":"","_links_to":"","_links_to_target":""},"categories":[286,1001],"tags":[1165,1144],"yoast_head":"<!-- This site is optimized with the Yoast SEO plugin v22.4 - https:\/\/yoast.com\/wordpress\/plugins\/seo\/ -->\n<title>Some of the Most Beautiful Events that Marked the ECoC Title Year - Visit Distrikt Novi Sad<\/title>\n<meta name=\"description\" content=\"Novi Sad will remember the historic year behind us for the most significant European title in the field of culture \u2013 ECoC title\" \/>\n<meta name=\"robots\" content=\"index, follow, max-snippet:-1, max-image-preview:large, max-video-preview:-1\" \/>\n<link rel=\"canonical\" href=\"https:\/\/visitdistrikt.rs\/en\/2023\/02\/08\/some-of-the-most-beautiful-events-that-marked-the-ecoc-title-year\/\" \/>\n<meta property=\"og:locale\" content=\"en_US\" \/>\n<meta property=\"og:type\" content=\"article\" \/>\n<meta property=\"og:title\" content=\"Some of the Most Beautiful Events that Marked the ECoC Title Year - Visit Distrikt Novi Sad\" \/>\n<meta property=\"og:description\" content=\"Novi Sad will remember the historic year behind us for the most significant European title in the field of culture \u2013 ECoC title\" \/>\n<meta property=\"og:url\" content=\"https:\/\/visitdistrikt.rs\/en\/2023\/02\/08\/some-of-the-most-beautiful-events-that-marked-the-ecoc-title-year\/\" \/>\n<meta property=\"og:site_name\" content=\"Visit Distrikt Novi Sad\" \/>\n<meta property=\"article:published_time\" content=\"2023-02-08T07:48:17+00:00\" \/>\n<meta property=\"og:image\" content=\"https:\/\/visitdistrikt.rs\/media\/2023\/01\/Untitled-design-29.jpg\" \/>\n\t<meta property=\"og:image:width\" content=\"1920\" \/>\n\t<meta property=\"og:image:height\" content=\"577\" \/>\n\t<meta property=\"og:image:type\" content=\"image\/jpeg\" \/>\n<meta name=\"author\" content=\"Marina Mari\u0107\" \/>\n<meta name=\"twitter:card\" content=\"summary_large_image\" \/>\n<meta name=\"twitter:label1\" content=\"Written by\" \/>\n\t<meta name=\"twitter:data1\" content=\"Marina Mari\u0107\" \/>\n\t<meta name=\"twitter:label2\" content=\"Est. reading time\" \/>\n\t<meta name=\"twitter:data2\" content=\"4 minutes\" \/>\n<script type=\"application\/ld+json\" class=\"yoast-schema-graph\">{\"@context\":\"https:\/\/schema.org\",\"@graph\":[{\"@type\":\"WebPage\",\"@id\":\"https:\/\/visitdistrikt.rs\/en\/2023\/02\/08\/some-of-the-most-beautiful-events-that-marked-the-ecoc-title-year\/\",\"url\":\"https:\/\/visitdistrikt.rs\/en\/2023\/02\/08\/some-of-the-most-beautiful-events-that-marked-the-ecoc-title-year\/\",\"name\":\"Some of the Most Beautiful Events that Marked the ECoC Title Year - Visit Distrikt Novi Sad\",\"isPartOf\":{\"@id\":\"https:\/\/visitdistrikt.rs\/#website\"},\"primaryImageOfPage\":{\"@id\":\"https:\/\/visitdistrikt.rs\/en\/2023\/02\/08\/some-of-the-most-beautiful-events-that-marked-the-ecoc-title-year\/#primaryimage\"},\"image\":{\"@id\":\"https:\/\/visitdistrikt.rs\/en\/2023\/02\/08\/some-of-the-most-beautiful-events-that-marked-the-ecoc-title-year\/#primaryimage\"},\"thumbnailUrl\":\"https:\/\/visitdistrikt.rs\/media\/2023\/01\/Untitled-design-29.jpg\",\"datePublished\":\"2023-02-08T07:48:17+00:00\",\"dateModified\":\"2023-02-08T07:48:17+00:00\",\"author\":{\"@id\":\"https:\/\/visitdistrikt.rs\/#\/schema\/person\/b61f641548853605bef6b1ae7ca8aaa9\"},\"description\":\"Novi Sad will remember the historic year behind us for the most significant European title in the field of culture \u2013 ECoC title\",\"breadcrumb\":{\"@id\":\"https:\/\/visitdistrikt.rs\/en\/2023\/02\/08\/some-of-the-most-beautiful-events-that-marked-the-ecoc-title-year\/#breadcrumb\"},\"inLanguage\":\"en-US\",\"potentialAction\":[{\"@type\":\"ReadAction\",\"target\":[\"https:\/\/visitdistrikt.rs\/en\/2023\/02\/08\/some-of-the-most-beautiful-events-that-marked-the-ecoc-title-year\/\"]}]},{\"@type\":\"ImageObject\",\"inLanguage\":\"en-US\",\"@id\":\"https:\/\/visitdistrikt.rs\/en\/2023\/02\/08\/some-of-the-most-beautiful-events-that-marked-the-ecoc-title-year\/#primaryimage\",\"url\":\"https:\/\/visitdistrikt.rs\/media\/2023\/01\/Untitled-design-29.jpg\",\"contentUrl\":\"https:\/\/visitdistrikt.rs\/media\/2023\/01\/Untitled-design-29.jpg\",\"width\":1920,\"height\":577},{\"@type\":\"BreadcrumbList\",\"@id\":\"https:\/\/visitdistrikt.rs\/en\/2023\/02\/08\/some-of-the-most-beautiful-events-that-marked-the-ecoc-title-year\/#breadcrumb\",\"itemListElement\":[{\"@type\":\"ListItem\",\"position\":1,\"name\":\"Home\",\"item\":\"https:\/\/visitdistrikt.rs\/en\/\"},{\"@type\":\"ListItem\",\"position\":2,\"name\":\"Some of the Most Beautiful Events that Marked the ECoC Title Year\"}]},{\"@type\":\"WebSite\",\"@id\":\"https:\/\/visitdistrikt.rs\/#website\",\"url\":\"https:\/\/visitdistrikt.rs\/\",\"name\":\"Visit Distrikt Novi Sad\",\"description\":\"Novi Sad\",\"potentialAction\":[{\"@type\":\"SearchAction\",\"target\":{\"@type\":\"EntryPoint\",\"urlTemplate\":\"https:\/\/visitdistrikt.rs\/?s={search_term_string}\"},\"query-input\":\"required name=search_term_string\"}],\"inLanguage\":\"en-US\"},{\"@type\":\"Person\",\"@id\":\"https:\/\/visitdistrikt.rs\/#\/schema\/person\/b61f641548853605bef6b1ae7ca8aaa9\",\"name\":\"Marina Mari\u0107\",\"image\":{\"@type\":\"ImageObject\",\"inLanguage\":\"en-US\",\"@id\":\"https:\/\/visitdistrikt.rs\/#\/schema\/person\/image\/\",\"url\":\"https:\/\/secure.gravatar.com\/avatar\/aeec6fdfa57d2ba44680b29ea83001c6?s=96&d=mm&r=g\",\"contentUrl\":\"https:\/\/secure.gravatar.com\/avatar\/aeec6fdfa57d2ba44680b29ea83001c6?s=96&d=mm&r=g\",\"caption\":\"Marina Mari\u0107\"},\"sameAs\":[\"https:\/\/visitdistrikt.rs\"]}]}<\/script>\n<!-- \/ Yoast SEO plugin. -->","yoast_head_json":{"title":"Some of the Most Beautiful Events that Marked the ECoC Title Year - Visit Distrikt Novi Sad","description":"Novi Sad will remember the historic year behind us for the most significant European title in the field of culture \u2013 ECoC title","robots":{"index":"index","follow":"follow","max-snippet":"max-snippet:-1","max-image-preview":"max-image-preview:large","max-video-preview":"max-video-preview:-1"},"canonical":"https:\/\/visitdistrikt.rs\/en\/2023\/02\/08\/some-of-the-most-beautiful-events-that-marked-the-ecoc-title-year\/","og_locale":"en_US","og_type":"article","og_title":"Some of the Most Beautiful Events that Marked the ECoC Title Year - Visit Distrikt Novi Sad","og_description":"Novi Sad will remember the historic year behind us for the most significant European title in the field of culture \u2013 ECoC title","og_url":"https:\/\/visitdistrikt.rs\/en\/2023\/02\/08\/some-of-the-most-beautiful-events-that-marked-the-ecoc-title-year\/","og_site_name":"Visit Distrikt Novi Sad","article_published_time":"2023-02-08T07:48:17+00:00","og_image":[{"width":1920,"height":577,"url":"https:\/\/visitdistrikt.rs\/media\/2023\/01\/Untitled-design-29.jpg","type":"image\/jpeg"}],"author":"Marina Mari\u0107","twitter_card":"summary_large_image","twitter_misc":{"Written by":"Marina Mari\u0107","Est. reading time":"4 minutes"},"schema":{"@context":"https:\/\/schema.org","@graph":[{"@type":"WebPage","@id":"https:\/\/visitdistrikt.rs\/en\/2023\/02\/08\/some-of-the-most-beautiful-events-that-marked-the-ecoc-title-year\/","url":"https:\/\/visitdistrikt.rs\/en\/2023\/02\/08\/some-of-the-most-beautiful-events-that-marked-the-ecoc-title-year\/","name":"Some of the Most Beautiful Events that Marked the ECoC Title Year - Visit Distrikt Novi Sad","isPartOf":{"@id":"https:\/\/visitdistrikt.rs\/#website"},"primaryImageOfPage":{"@id":"https:\/\/visitdistrikt.rs\/en\/2023\/02\/08\/some-of-the-most-beautiful-events-that-marked-the-ecoc-title-year\/#primaryimage"},"image":{"@id":"https:\/\/visitdistrikt.rs\/en\/2023\/02\/08\/some-of-the-most-beautiful-events-that-marked-the-ecoc-title-year\/#primaryimage"},"thumbnailUrl":"https:\/\/visitdistrikt.rs\/media\/2023\/01\/Untitled-design-29.jpg","datePublished":"2023-02-08T07:48:17+00:00","dateModified":"2023-02-08T07:48:17+00:00","author":{"@id":"https:\/\/visitdistrikt.rs\/#\/schema\/person\/b61f641548853605bef6b1ae7ca8aaa9"},"description":"Novi Sad will remember the historic year behind us for the most significant European title in the field of culture \u2013 ECoC title","breadcrumb":{"@id":"https:\/\/visitdistrikt.rs\/en\/2023\/02\/08\/some-of-the-most-beautiful-events-that-marked-the-ecoc-title-year\/#breadcrumb"},"inLanguage":"en-US","potentialAction":[{"@type":"ReadAction","target":["https:\/\/visitdistrikt.rs\/en\/2023\/02\/08\/some-of-the-most-beautiful-events-that-marked-the-ecoc-title-year\/"]}]},{"@type":"ImageObject","inLanguage":"en-US","@id":"https:\/\/visitdistrikt.rs\/en\/2023\/02\/08\/some-of-the-most-beautiful-events-that-marked-the-ecoc-title-year\/#primaryimage","url":"https:\/\/visitdistrikt.rs\/media\/2023\/01\/Untitled-design-29.jpg","contentUrl":"https:\/\/visitdistrikt.rs\/media\/2023\/01\/Untitled-design-29.jpg","width":1920,"height":577},{"@type":"BreadcrumbList","@id":"https:\/\/visitdistrikt.rs\/en\/2023\/02\/08\/some-of-the-most-beautiful-events-that-marked-the-ecoc-title-year\/#breadcrumb","itemListElement":[{"@type":"ListItem","position":1,"name":"Home","item":"https:\/\/visitdistrikt.rs\/en\/"},{"@type":"ListItem","position":2,"name":"Some of the Most Beautiful Events that Marked the ECoC Title Year"}]},{"@type":"WebSite","@id":"https:\/\/visitdistrikt.rs\/#website","url":"https:\/\/visitdistrikt.rs\/","name":"Visit Distrikt Novi Sad","description":"Novi Sad","potentialAction":[{"@type":"SearchAction","target":{"@type":"EntryPoint","urlTemplate":"https:\/\/visitdistrikt.rs\/?s={search_term_string}"},"query-input":"required name=search_term_string"}],"inLanguage":"en-US"},{"@type":"Person","@id":"https:\/\/visitdistrikt.rs\/#\/schema\/person\/b61f641548853605bef6b1ae7ca8aaa9","name":"Marina Mari\u0107","image":{"@type":"ImageObject","inLanguage":"en-US","@id":"https:\/\/visitdistrikt.rs\/#\/schema\/person\/image\/","url":"https:\/\/secure.gravatar.com\/avatar\/aeec6fdfa57d2ba44680b29ea83001c6?s=96&d=mm&r=g","contentUrl":"https:\/\/secure.gravatar.com\/avatar\/aeec6fdfa57d2ba44680b29ea83001c6?s=96&d=mm&r=g","caption":"Marina Mari\u0107"},"sameAs":["https:\/\/visitdistrikt.rs"]}]}},"_links":{"self":[{"href":"https:\/\/visitdistrikt.rs\/en\/wp-json\/wp\/v2\/posts\/44039"}],"collection":[{"href":"https:\/\/visitdistrikt.rs\/en\/wp-json\/wp\/v2\/posts"}],"about":[{"href":"https:\/\/visitdistrikt.rs\/en\/wp-json\/wp\/v2\/types\/post"}],"author":[{"embeddable":true,"href":"https:\/\/visitdistrikt.rs\/en\/wp-json\/wp\/v2\/users\/9"}],"replies":[{"embeddable":true,"href":"https:\/\/visitdistrikt.rs\/en\/wp-json\/wp\/v2\/comments?post=44039"}],"version-history":[{"count":5,"href":"https:\/\/visitdistrikt.rs\/en\/wp-json\/wp\/v2\/posts\/44039\/revisions"}],"predecessor-version":[{"id":44044,"href":"https:\/\/visitdistrikt.rs\/en\/wp-json\/wp\/v2\/posts\/44039\/revisions\/44044"}],"wp:featuredmedia":[{"embeddable":true,"href":"https:\/\/visitdistrikt.rs\/en\/wp-json\/wp\/v2\/media\/43488"}],"wp:attachment":[{"href":"https:\/\/visitdistrikt.rs\/en\/wp-json\/wp\/v2\/media?parent=44039"}],"wp:term":[{"taxonomy":"category","embeddable":true,"href":"https:\/\/visitdistrikt.rs\/en\/wp-json\/wp\/v2\/categories?post=44039"},{"taxonomy":"post_tag","embeddable":true,"href":"https:\/\/visitdistrikt.rs\/en\/wp-json\/wp\/v2\/tags?post=44039"}],"curies":[{"name":"wp","href":"https:\/\/api.w.org\/{rel}","templated":true}]}}