{"id":44137,"date":"2023-02-13T14:10:57","date_gmt":"2023-02-13T13:10:57","guid":{"rendered":"https:\/\/visitdistrikt.rs\/?p=44137"},"modified":"2023-02-13T14:10:57","modified_gmt":"2023-02-13T13:10:57","slug":"suburbium-a-beacon-of-culture-on-the-danube","status":"publish","type":"post","link":"https:\/\/visitdistrikt.rs\/en\/2023\/02\/13\/suburbium-a-beacon-of-culture-on-the-danube\/","title":{"rendered":"Suburbium: A Beacon of Culture on the Danube"},"content":{"rendered":"\t\t<div data-elementor-type=\"wp-post\" data-elementor-id=\"44137\" class=\"elementor elementor-44137 elementor-43956\" data-elementor-post-type=\"post\">\n\t\t\t\t\t\t<section class=\"elementor-section elementor-top-section elementor-element elementor-element-3aff9a8d elementor-section-boxed elementor-section-height-default elementor-section-height-default\" data-id=\"3aff9a8d\" data-element_type=\"section\">\n\t\t\t\t\t\t<div class=\"elementor-container elementor-column-gap-default\">\n\t\t\t\t\t<div class=\"elementor-column elementor-col-100 elementor-top-column elementor-element elementor-element-3e352532\" data-id=\"3e352532\" data-element_type=\"column\">\n\t\t\t<div class=\"elementor-widget-wrap elementor-element-populated\">\n\t\t\t\t\t\t<div class=\"elementor-element elementor-element-2b50875d elementor-widget elementor-widget-text-editor\" data-id=\"2b50875d\" data-element_type=\"widget\" data-widget_type=\"text-editor.default\">\n\t\t\t\t<div class=\"elementor-widget-container\">\n\t\t\t\t\t\t\t&nbsp;\r\n\r\n&nbsp;\r\n\r\n&nbsp;\t\t\t\t\t\t<\/div>\n\t\t\t\t<\/div>\n\t\t\t\t\t<\/div>\n\t\t<\/div>\n\t\t\t\t\t<\/div>\n\t\t<\/section>\n\t\t\t\t<section class=\"elementor-section elementor-top-section elementor-element elementor-element-ca1ca50 elementor-section-boxed elementor-section-height-default elementor-section-height-default\" data-id=\"ca1ca50\" data-element_type=\"section\">\n\t\t\t\t\t\t<div class=\"elementor-container elementor-column-gap-default\">\n\t\t\t\t\t<div class=\"elementor-column elementor-col-100 elementor-top-column elementor-element elementor-element-8cc29d6\" data-id=\"8cc29d6\" data-element_type=\"column\">\n\t\t\t<div class=\"elementor-widget-wrap elementor-element-populated\">\n\t\t\t\t\t\t<div class=\"elementor-element elementor-element-2e50bcd elementor-widget elementor-widget-text-editor\" data-id=\"2e50bcd\" data-element_type=\"widget\" data-widget_type=\"text-editor.default\">\n\t\t\t\t<div class=\"elementor-widget-container\">\n\t\t\t\t\t\t\t<p>Arhitektonski barokni dragulj Novog Sada, <strong>Podgra\u0111e,<\/strong> u\u0161u\u0161kano je ispod jednog od <strong>najzna\u010dajnijih simbola grada<\/strong>, Petrovaradinske tvr\u0111ave. Gra\u0111eno je gotovo \u010ditav jedan vek, tokom <strong>17. i 18. stole\u0107a<\/strong>, a kamen temeljac dana\u0161nje Petrovaradinske tvr\u0111ave postavljen je 1692. godine. O njenoj <a href=\"https:\/\/visitdistrikt.rs\/2020\/12\/18\/burna-istorija-petrovaradinske-tvrdjave\/\">burnoj istoriji<\/a>, <a href=\"https:\/\/visitdistrikt.rs\/2020\/10\/02\/legende-i-misterije-petrovaradinske-tvrdjave\/\">legendama<\/a> koje se vezuju za Tvr\u0111avu i Podgra\u0111e, ali i <a href=\"https:\/\/visitdistrikt.rs\/2022\/09\/20\/podzemne-vojne-galerije\/\">podzemnim vojnim galerijama<\/a>, ponosno svedo\u010di Petrovaradinski sat, poklon <strong>carice Marije Terezije<\/strong> gra\u0111anima Novog Sada, koji obrnutim kazaljkama pokazuje \u0161ta su nam vekovi na ove prostore doneli. Mala varo\u0161 nastala uz gotovo neosvojivu tvr\u0111avu, postala je grad. Sada i jedno od <a href=\"https:\/\/visitdistrikt.rs\/2022\/11\/30\/pet-sredista-kulture-novog-sada\/\">pet sredi\u0161ta kulture Novog Sada<\/a>. A da li ste znali da postoje \u010dvrsti dokazi da je na podru\u010dju dana\u0161njeg\u00a0Petrovaradina postojalo <a href=\"https:\/\/visitdistrikt.rs\/2022\/02\/07\/da-li-je-postojao-grad-pre-novog-sada\/\">naselje praistorijskih ljudi<\/a> koji su ga nastanjivali od <strong>6. milenijuma pre nove ere<\/strong>? Upravo se zato i smatra da su temelji Novog Sada nastali ba\u0161 ovde, na Petrovaradinskoj steni. A utvrde i kasarne koje se tu nalaze godinama i vekovima unazad, sada su dom <strong><i>Muzeju Grada Novog Sada<\/i><\/strong> i <strong><i>Akademiji umetnosti<\/i><\/strong>, ateljeima i galerijama, dok su \u010dvrsti bedemi i vojni \u0161an\u010devi scenografija za dobro poznati evropski muzi\u010dki festival.<\/p>\t\t\t\t\t\t<\/div>\n\t\t\t\t<\/div>\n\t\t\t\t\t<\/div>\n\t\t<\/div>\n\t\t\t\t\t<\/div>\n\t\t<\/section>\n\t\t\t\t<section class=\"elementor-section elementor-top-section elementor-element elementor-element-a1f6f33 elementor-section-boxed elementor-section-height-default elementor-section-height-default\" data-id=\"a1f6f33\" data-element_type=\"section\">\n\t\t\t\t\t\t<div class=\"elementor-container elementor-column-gap-default\">\n\t\t\t\t\t<div class=\"elementor-column elementor-col-100 elementor-top-column elementor-element elementor-element-5d64bad\" data-id=\"5d64bad\" data-element_type=\"column\">\n\t\t\t<div class=\"elementor-widget-wrap elementor-element-populated\">\n\t\t\t\t\t\t<div class=\"elementor-element elementor-element-e08043f gallery-spacing-custom elementor-widget elementor-widget-image-gallery\" data-id=\"e08043f\" data-element_type=\"widget\" data-widget_type=\"image-gallery.default\">\n\t\t\t\t<div class=\"elementor-widget-container\">\n\t\t\t\t\t<div class=\"elementor-image-gallery\">\n\t\t\t<div id='gallery-1' class='gallery galleryid-44137 gallery-columns-2 gallery-size-full'><figure class='gallery-item'>\n\t\t\t<div class='gallery-icon landscape'>\n\t\t\t\t<a data-elementor-open-lightbox=\"yes\" data-elementor-lightbox-slideshow=\"e08043f\" data-e-action-hash=\"#elementor-action%3Aaction%3Dlightbox%26settings%3DeyJpZCI6NDM5NjYsInVybCI6Imh0dHBzOlwvXC92aXNpdGRpc3RyaWt0LnJzXC9tZWRpYVwvMjAyM1wvMDJcL0VQSy1WaXNpdG5zLVBldHJvdmFyYWRpbi1mb3RvLUplbGVuYS1JdmFub3ZpYy0xMTEtMS5qcGciLCJzbGlkZXNob3ciOiJlMDgwNDNmIn0%3D\" href='https:\/\/visitdistrikt.rs\/media\/2023\/02\/EPK-Visitns-Petrovaradin-foto-Jelena-Ivanovic-111-1.jpg'><img fetchpriority=\"high\" decoding=\"async\" width=\"800\" height=\"533\" src=\"https:\/\/visitdistrikt.rs\/media\/2023\/02\/EPK-Visitns-Petrovaradin-foto-Jelena-Ivanovic-111-1.jpg\" class=\"attachment-full size-full\" alt=\"\" srcset=\"https:\/\/visitdistrikt.rs\/media\/2023\/02\/EPK-Visitns-Petrovaradin-foto-Jelena-Ivanovic-111-1.jpg 800w, https:\/\/visitdistrikt.rs\/media\/2023\/02\/EPK-Visitns-Petrovaradin-foto-Jelena-Ivanovic-111-1-300x200.jpg 300w, https:\/\/visitdistrikt.rs\/media\/2023\/02\/EPK-Visitns-Petrovaradin-foto-Jelena-Ivanovic-111-1-768x512.jpg 768w\" sizes=\"(max-width: 800px) 100vw, 800px\" \/><\/a>\n\t\t\t<\/div><\/figure><figure class='gallery-item'>\n\t\t\t<div class='gallery-icon landscape'>\n\t\t\t\t<a data-elementor-open-lightbox=\"yes\" data-elementor-lightbox-slideshow=\"e08043f\" data-e-action-hash=\"#elementor-action%3Aaction%3Dlightbox%26settings%3DeyJpZCI6NDM5NzIsInVybCI6Imh0dHBzOlwvXC92aXNpdGRpc3RyaWt0LnJzXC9tZWRpYVwvMjAyM1wvMDJcL0dyYWRpYy1QZXRyb3ZhcmFkaW4tVi5WZWxpY2tvdmljLjAwNy0xLmpwZyIsInNsaWRlc2hvdyI6ImUwODA0M2YifQ%3D%3D\" href='https:\/\/visitdistrikt.rs\/media\/2023\/02\/Gradic-Petrovaradin-V.Velickovic.007-1.jpg'><img decoding=\"async\" width=\"800\" height=\"533\" src=\"https:\/\/visitdistrikt.rs\/media\/2023\/02\/Gradic-Petrovaradin-V.Velickovic.007-1.jpg\" class=\"attachment-full size-full\" alt=\"\" srcset=\"https:\/\/visitdistrikt.rs\/media\/2023\/02\/Gradic-Petrovaradin-V.Velickovic.007-1.jpg 800w, https:\/\/visitdistrikt.rs\/media\/2023\/02\/Gradic-Petrovaradin-V.Velickovic.007-1-300x200.jpg 300w, https:\/\/visitdistrikt.rs\/media\/2023\/02\/Gradic-Petrovaradin-V.Velickovic.007-1-768x512.jpg 768w\" sizes=\"(max-width: 800px) 100vw, 800px\" \/><\/a>\n\t\t\t<\/div><\/figure><figure class='gallery-item'>\n\t\t\t<div class='gallery-icon landscape'>\n\t\t\t\t<a data-elementor-open-lightbox=\"yes\" data-elementor-lightbox-slideshow=\"e08043f\" data-e-action-hash=\"#elementor-action%3Aaction%3Dlightbox%26settings%3DeyJpZCI6NDM5NjgsInVybCI6Imh0dHBzOlwvXC92aXNpdGRpc3RyaWt0LnJzXC9tZWRpYVwvMjAyM1wvMDJcL0VQSy1WaXNpdG5zLVBldHJvdmFyYWRpbi1mb3RvLUplbGVuYS1JdmFub3ZpYy03Ni0xLmpwZyIsInNsaWRlc2hvdyI6ImUwODA0M2YifQ%3D%3D\" href='https:\/\/visitdistrikt.rs\/media\/2023\/02\/EPK-Visitns-Petrovaradin-foto-Jelena-Ivanovic-76-1.jpg'><img decoding=\"async\" width=\"800\" height=\"533\" src=\"https:\/\/visitdistrikt.rs\/media\/2023\/02\/EPK-Visitns-Petrovaradin-foto-Jelena-Ivanovic-76-1.jpg\" class=\"attachment-full size-full\" alt=\"\" srcset=\"https:\/\/visitdistrikt.rs\/media\/2023\/02\/EPK-Visitns-Petrovaradin-foto-Jelena-Ivanovic-76-1.jpg 800w, https:\/\/visitdistrikt.rs\/media\/2023\/02\/EPK-Visitns-Petrovaradin-foto-Jelena-Ivanovic-76-1-300x200.jpg 300w, https:\/\/visitdistrikt.rs\/media\/2023\/02\/EPK-Visitns-Petrovaradin-foto-Jelena-Ivanovic-76-1-768x512.jpg 768w\" sizes=\"(max-width: 800px) 100vw, 800px\" \/><\/a>\n\t\t\t<\/div><\/figure><figure class='gallery-item'>\n\t\t\t<div class='gallery-icon landscape'>\n\t\t\t\t<a data-elementor-open-lightbox=\"yes\" data-elementor-lightbox-slideshow=\"e08043f\" data-e-action-hash=\"#elementor-action%3Aaction%3Dlightbox%26settings%3DeyJpZCI6NDM5NzAsInVybCI6Imh0dHBzOlwvXC92aXNpdGRpc3RyaWt0LnJzXC9tZWRpYVwvMjAyM1wvMDJcL0VQSy1WaXNpdG5zLVBldHJvdmFyYWRpbi1mb3RvLUplbGVuYS1JdmFub3ZpYy0xNS0xLmpwZyIsInNsaWRlc2hvdyI6ImUwODA0M2YifQ%3D%3D\" href='https:\/\/visitdistrikt.rs\/media\/2023\/02\/EPK-Visitns-Petrovaradin-foto-Jelena-Ivanovic-15-1.jpg'><img loading=\"lazy\" decoding=\"async\" width=\"800\" height=\"533\" src=\"https:\/\/visitdistrikt.rs\/media\/2023\/02\/EPK-Visitns-Petrovaradin-foto-Jelena-Ivanovic-15-1.jpg\" class=\"attachment-full size-full\" alt=\"\" srcset=\"https:\/\/visitdistrikt.rs\/media\/2023\/02\/EPK-Visitns-Petrovaradin-foto-Jelena-Ivanovic-15-1.jpg 800w, https:\/\/visitdistrikt.rs\/media\/2023\/02\/EPK-Visitns-Petrovaradin-foto-Jelena-Ivanovic-15-1-300x200.jpg 300w, https:\/\/visitdistrikt.rs\/media\/2023\/02\/EPK-Visitns-Petrovaradin-foto-Jelena-Ivanovic-15-1-768x512.jpg 768w\" sizes=\"(max-width: 800px) 100vw, 800px\" \/><\/a>\n\t\t\t<\/div><\/figure>\n\t\t<\/div>\n\t\t<\/div>\n\t\t\t\t<\/div>\n\t\t\t\t<\/div>\n\t\t\t\t\t<\/div>\n\t\t<\/div>\n\t\t\t\t\t<\/div>\n\t\t<\/section>\n\t\t\t\t<section class=\"elementor-section elementor-top-section elementor-element elementor-element-8c48e73 elementor-section-boxed elementor-section-height-default elementor-section-height-default\" data-id=\"8c48e73\" data-element_type=\"section\">\n\t\t\t\t\t\t<div class=\"elementor-container elementor-column-gap-default\">\n\t\t\t\t\t<div class=\"elementor-column elementor-col-100 elementor-top-column elementor-element elementor-element-13420f3\" data-id=\"13420f3\" data-element_type=\"column\">\n\t\t\t<div class=\"elementor-widget-wrap elementor-element-populated\">\n\t\t\t\t\t\t<div class=\"elementor-element elementor-element-02fade6 elementor-widget elementor-widget-text-editor\" data-id=\"02fade6\" data-element_type=\"widget\" data-widget_type=\"text-editor.default\">\n\t\t\t\t<div class=\"elementor-widget-container\">\n\t\t\t\t\t\t\t<p>Titula <a href=\"https:\/\/novisad2022.rs\/rs\/pocetna\/\"><strong><em>Evropske prestonice kulture<\/em><\/strong><\/a> doprinela je <a href=\"https:\/\/www.youtube.com\/watch?v=z0Jh4By4qic\">obnovi baroknog dragulja<\/a> Novog Sada, te je <strong>Podgra\u0111e<\/strong>, na\u0161 Gibraltar na <a href=\"https:\/\/visitdistrikt.rs\/2022\/07\/29\/dunav-je-nase-more-i-evropska-zila-kucavica\/\">Dunavu<\/a>, zahvaljuju\u0107i inicijativi <a href=\"https:\/\/novisad2022.rs\/rs\/pocetna\/\"><strong><em>Fondacije Novi Sad &#8211; Evropska prestonica kulture<\/em><\/strong><\/a>, ponovo zasijalo i zablistalo <strong>nakon 300 godina<\/strong>.<\/p>\t\t\t\t\t\t<\/div>\n\t\t\t\t<\/div>\n\t\t\t\t\t<\/div>\n\t\t<\/div>\n\t\t\t\t\t<\/div>\n\t\t<\/section>\n\t\t\t\t<section class=\"elementor-section elementor-top-section elementor-element elementor-element-134adb9 elementor-section-boxed elementor-section-height-default elementor-section-height-default\" data-id=\"134adb9\" data-element_type=\"section\">\n\t\t\t\t\t\t<div class=\"elementor-container elementor-column-gap-default\">\n\t\t\t\t\t<div class=\"elementor-column elementor-col-100 elementor-top-column elementor-element elementor-element-8ecc0ab\" data-id=\"8ecc0ab\" data-element_type=\"column\">\n\t\t\t<div class=\"elementor-widget-wrap elementor-element-populated\">\n\t\t\t\t\t\t<div class=\"elementor-element elementor-element-995f043 gallery-spacing-custom elementor-widget elementor-widget-image-gallery\" data-id=\"995f043\" data-element_type=\"widget\" data-widget_type=\"image-gallery.default\">\n\t\t\t\t<div class=\"elementor-widget-container\">\n\t\t\t\t\t<div class=\"elementor-image-gallery\">\n\t\t\t<div id='gallery-2' class='gallery galleryid-44137 gallery-columns-3 gallery-size-full'><figure class='gallery-item'>\n\t\t\t<div class='gallery-icon landscape'>\n\t\t\t\t<a data-elementor-open-lightbox=\"yes\" data-elementor-lightbox-slideshow=\"995f043\" data-e-action-hash=\"#elementor-action%3Aaction%3Dlightbox%26settings%3DeyJpZCI6NDQwMjAsInVybCI6Imh0dHBzOlwvXC92aXNpdGRpc3RyaWt0LnJzXC9tZWRpYVwvMjAyM1wvMDJcL0VQSy1Ob3ZpLVNhZC0zMS0yLTEtMS5qcGciLCJzbGlkZXNob3ciOiI5OTVmMDQzIn0%3D\" href='https:\/\/visitdistrikt.rs\/media\/2023\/02\/EPK-Novi-Sad-31-2-1-1.jpg'><img loading=\"lazy\" decoding=\"async\" width=\"800\" height=\"533\" src=\"https:\/\/visitdistrikt.rs\/media\/2023\/02\/EPK-Novi-Sad-31-2-1-1.jpg\" class=\"attachment-full size-full\" alt=\"\" srcset=\"https:\/\/visitdistrikt.rs\/media\/2023\/02\/EPK-Novi-Sad-31-2-1-1.jpg 800w, https:\/\/visitdistrikt.rs\/media\/2023\/02\/EPK-Novi-Sad-31-2-1-1-300x200.jpg 300w, https:\/\/visitdistrikt.rs\/media\/2023\/02\/EPK-Novi-Sad-31-2-1-1-768x512.jpg 768w\" sizes=\"(max-width: 800px) 100vw, 800px\" \/><\/a>\n\t\t\t<\/div><\/figure><figure class='gallery-item'>\n\t\t\t<div class='gallery-icon landscape'>\n\t\t\t\t<a data-elementor-open-lightbox=\"yes\" data-elementor-lightbox-slideshow=\"995f043\" data-e-action-hash=\"#elementor-action%3Aaction%3Dlightbox%26settings%3DeyJpZCI6NDQwMjIsInVybCI6Imh0dHBzOlwvXC92aXNpdGRpc3RyaWt0LnJzXC9tZWRpYVwvMjAyM1wvMDJcL0VQSy1Ob3ZpLVNhZC0yNi0xLTEuanBnIiwic2xpZGVzaG93IjoiOTk1ZjA0MyJ9\" href='https:\/\/visitdistrikt.rs\/media\/2023\/02\/EPK-Novi-Sad-26-1-1.jpg'><img loading=\"lazy\" decoding=\"async\" width=\"800\" height=\"533\" src=\"https:\/\/visitdistrikt.rs\/media\/2023\/02\/EPK-Novi-Sad-26-1-1.jpg\" class=\"attachment-full size-full\" alt=\"\" srcset=\"https:\/\/visitdistrikt.rs\/media\/2023\/02\/EPK-Novi-Sad-26-1-1.jpg 800w, https:\/\/visitdistrikt.rs\/media\/2023\/02\/EPK-Novi-Sad-26-1-1-300x200.jpg 300w, https:\/\/visitdistrikt.rs\/media\/2023\/02\/EPK-Novi-Sad-26-1-1-768x512.jpg 768w\" sizes=\"(max-width: 800px) 100vw, 800px\" \/><\/a>\n\t\t\t<\/div><\/figure><figure class='gallery-item'>\n\t\t\t<div class='gallery-icon landscape'>\n\t\t\t\t<a data-elementor-open-lightbox=\"yes\" data-elementor-lightbox-slideshow=\"995f043\" data-e-action-hash=\"#elementor-action%3Aaction%3Dlightbox%26settings%3DeyJpZCI6NDM5NzQsInVybCI6Imh0dHBzOlwvXC92aXNpdGRpc3RyaWt0LnJzXC9tZWRpYVwvMjAyM1wvMDJcL1BldHJvdmFyYWRpbnNrYS10dnJkamF2YS1WLlZlbGlja292aWNTZXAwMi4wNDEtMS5qcGciLCJzbGlkZXNob3ciOiI5OTVmMDQzIn0%3D\" href='https:\/\/visitdistrikt.rs\/media\/2023\/02\/Petrovaradinska-tvrdjava-V.VelickovicSep02.041-1.jpg'><img loading=\"lazy\" decoding=\"async\" width=\"800\" height=\"533\" src=\"https:\/\/visitdistrikt.rs\/media\/2023\/02\/Petrovaradinska-tvrdjava-V.VelickovicSep02.041-1.jpg\" class=\"attachment-full size-full\" alt=\"\" srcset=\"https:\/\/visitdistrikt.rs\/media\/2023\/02\/Petrovaradinska-tvrdjava-V.VelickovicSep02.041-1.jpg 800w, https:\/\/visitdistrikt.rs\/media\/2023\/02\/Petrovaradinska-tvrdjava-V.VelickovicSep02.041-1-300x200.jpg 300w, https:\/\/visitdistrikt.rs\/media\/2023\/02\/Petrovaradinska-tvrdjava-V.VelickovicSep02.041-1-768x512.jpg 768w\" sizes=\"(max-width: 800px) 100vw, 800px\" \/><\/a>\n\t\t\t<\/div><\/figure>\n\t\t<\/div>\n\t\t<\/div>\n\t\t\t\t<\/div>\n\t\t\t\t<\/div>\n\t\t\t\t\t<\/div>\n\t\t<\/div>\n\t\t\t\t\t<\/div>\n\t\t<\/section>\n\t\t\t\t<section class=\"elementor-section elementor-top-section elementor-element elementor-element-ab7701a elementor-section-boxed elementor-section-height-default elementor-section-height-default\" data-id=\"ab7701a\" data-element_type=\"section\">\n\t\t\t\t\t\t<div class=\"elementor-container elementor-column-gap-default\">\n\t\t\t\t\t<div class=\"elementor-column elementor-col-100 elementor-top-column elementor-element elementor-element-fbc35a8\" data-id=\"fbc35a8\" data-element_type=\"column\">\n\t\t\t<div class=\"elementor-widget-wrap elementor-element-populated\">\n\t\t\t\t\t\t<div class=\"elementor-element elementor-element-e2e57dd elementor-widget elementor-widget-text-editor\" data-id=\"e2e57dd\" data-element_type=\"widget\" data-widget_type=\"text-editor.default\">\n\t\t\t\t<div class=\"elementor-widget-container\">\n\t\t\t\t\t\t\t<p>Pro\u0161logodi\u0161nji <strong>Do\u010dek<\/strong>, najpre prelaska 2021. u 2022, a zatim i 2022. u 2023, uveo je novu tradiciju odr\u017eavanja <strong>umetni\u010dke audio-vizuelne proslave<\/strong> na ovom mestu, te je upravo Podgra\u0111e me\u0111u Novosa\u0111anima, ali i umetnicima i mnogobrojnim znati\u017eeljnim turistima, postalo <strong>sinonim za Do\u010dek<\/strong>, koji ostaje kao <strong>legat<\/strong> i nakon godine titule EPK. Ulice u centru zbivanja i scene gde su se odvijali umetni\u010dki doga\u0111aji Do\u010deka, bile su \u010duvena <strong>\u0160trosmajerova<\/strong>, zatim <strong>Trg Prote Mihald\u017ei\u0107a<\/strong> i na kraju <a href=\"https:\/\/visitdistrikt.rs\/2022\/01\/24\/beogradska-kapija\/\"><strong><span style=\"color: blue; text-decoration: none; text-underline: none;\">Beogradska kapija<\/span><\/strong><\/a>, (jedna od nekada\u0161njih 30 kapija Tvr\u0111ave, sagra\u0111ena 1753. godine).<\/p><p>Ukoliko ste bili svedoci bogatog umetni\u010dkog programa i spektakularnog vatrometa koji je na pro\u0161logodi\u0161nja dva Do\u010deka osvetlio nebo i zemlju (na po\u010detku i kraju godine titule EPK, 31. decembra 2021. i 2022. godine), verujemo da ste u\u017eivali u nastupima doma\u0107ih i inostranih izvo\u0111a\u010da, kao i u jedinstvenoj <strong>svetlosnoj igri<\/strong> koja se odvijala u okviru <strong><i>Tesline svetlosne galerije<\/i><\/strong>. Upravo je na ovaj na\u010din <strong>Podgra\u0111e<\/strong> i dobilo <strong>epitet svetionika kulture<\/strong>, te smo odali po\u010dast genijalnom nau\u010dniku <strong>Nikoli Tesli<\/strong>, koji je pre <strong>131 godinu<\/strong> doneo struju u Novi Sad i osvetlio ga ubrzo nakon Pariza, Londona i drugih ve\u0107ih evropskih gradova. Danas kroz Podgra\u0111e prolazi magistralni put, a kroz \u010duvenu \u0160trosmajerovu ulicu nekada je prolazila pruga, kojom je i sam Tesla, putuju\u0107i iz Budimpe\u0161te prema Beogradu, pro\u0161ao davne 1892. godine.<\/p><p>Podsetimo se kako je u godini titule EPK, zahvaljuju\u0107i Do\u010deku 2022. i Do\u010deku 2023. godine nebo iznad Podgra\u0111a sijalo nijansama umetnosti i pozitivne energije.<\/p>\t\t\t\t\t\t<\/div>\n\t\t\t\t<\/div>\n\t\t\t\t\t<\/div>\n\t\t<\/div>\n\t\t\t\t\t<\/div>\n\t\t<\/section>\n\t\t\t\t<section class=\"elementor-section elementor-top-section elementor-element elementor-element-191892f elementor-section-boxed elementor-section-height-default elementor-section-height-default\" data-id=\"191892f\" data-element_type=\"section\">\n\t\t\t\t\t\t<div class=\"elementor-container elementor-column-gap-default\">\n\t\t\t\t\t<div class=\"elementor-column elementor-col-100 elementor-top-column elementor-element elementor-element-cf5a9a7\" data-id=\"cf5a9a7\" data-element_type=\"column\">\n\t\t\t<div class=\"elementor-widget-wrap elementor-element-populated\">\n\t\t\t\t\t\t<div class=\"elementor-element elementor-element-1765068 gallery-spacing-custom elementor-widget elementor-widget-image-gallery\" data-id=\"1765068\" data-element_type=\"widget\" data-widget_type=\"image-gallery.default\">\n\t\t\t\t<div class=\"elementor-widget-container\">\n\t\t\t\t\t<div class=\"elementor-image-gallery\">\n\t\t\t<div id='gallery-3' class='gallery galleryid-44137 gallery-columns-3 gallery-size-full'><figure class='gallery-item'>\n\t\t\t<div class='gallery-icon landscape'>\n\t\t\t\t<a data-elementor-open-lightbox=\"yes\" data-elementor-lightbox-slideshow=\"1765068\" data-e-action-hash=\"#elementor-action%3Aaction%3Dlightbox%26settings%3DeyJpZCI6NDM5OTYsInVybCI6Imh0dHBzOlwvXC92aXNpdGRpc3RyaWt0LnJzXC9tZWRpYVwvMjAyM1wvMDJcLzMyMTgzMDE4NF8xMzczNjEwMzAwMDc1Mzk0XzIxNDY4MDAyMTE2MDQ4MTg3NjFfbi5qcGciLCJzbGlkZXNob3ciOiIxNzY1MDY4In0%3D\" href='https:\/\/visitdistrikt.rs\/media\/2023\/02\/321830184_1373610300075394_2146800211604818761_n.jpg'><img loading=\"lazy\" decoding=\"async\" width=\"800\" height=\"533\" src=\"https:\/\/visitdistrikt.rs\/media\/2023\/02\/321830184_1373610300075394_2146800211604818761_n.jpg\" class=\"attachment-full size-full\" alt=\"\" srcset=\"https:\/\/visitdistrikt.rs\/media\/2023\/02\/321830184_1373610300075394_2146800211604818761_n.jpg 800w, https:\/\/visitdistrikt.rs\/media\/2023\/02\/321830184_1373610300075394_2146800211604818761_n-300x200.jpg 300w, https:\/\/visitdistrikt.rs\/media\/2023\/02\/321830184_1373610300075394_2146800211604818761_n-768x512.jpg 768w\" sizes=\"(max-width: 800px) 100vw, 800px\" \/><\/a>\n\t\t\t<\/div><\/figure><figure class='gallery-item'>\n\t\t\t<div class='gallery-icon landscape'>\n\t\t\t\t<a data-elementor-open-lightbox=\"yes\" data-elementor-lightbox-slideshow=\"1765068\" data-e-action-hash=\"#elementor-action%3Aaction%3Dlightbox%26settings%3DeyJpZCI6NDM5OTQsInVybCI6Imh0dHBzOlwvXC92aXNpdGRpc3RyaWt0LnJzXC9tZWRpYVwvMjAyM1wvMDJcLzMyMjEzMTQ2N181Njc4MjA5ODgxNDA1NTVfNzQ3MTM4MjE5OTMyMzYzNzY4MF9uLmpwZyIsInNsaWRlc2hvdyI6IjE3NjUwNjgifQ%3D%3D\" href='https:\/\/visitdistrikt.rs\/media\/2023\/02\/322131467_567820988140555_7471382199323637680_n.jpg'><img loading=\"lazy\" decoding=\"async\" width=\"800\" height=\"534\" src=\"https:\/\/visitdistrikt.rs\/media\/2023\/02\/322131467_567820988140555_7471382199323637680_n.jpg\" class=\"attachment-full size-full\" alt=\"\" srcset=\"https:\/\/visitdistrikt.rs\/media\/2023\/02\/322131467_567820988140555_7471382199323637680_n.jpg 800w, https:\/\/visitdistrikt.rs\/media\/2023\/02\/322131467_567820988140555_7471382199323637680_n-300x200.jpg 300w, https:\/\/visitdistrikt.rs\/media\/2023\/02\/322131467_567820988140555_7471382199323637680_n-768x513.jpg 768w\" sizes=\"(max-width: 800px) 100vw, 800px\" \/><\/a>\n\t\t\t<\/div><\/figure><figure class='gallery-item'>\n\t\t\t<div class='gallery-icon landscape'>\n\t\t\t\t<a data-elementor-open-lightbox=\"yes\" data-elementor-lightbox-slideshow=\"1765068\" data-e-action-hash=\"#elementor-action%3Aaction%3Dlightbox%26settings%3DeyJpZCI6NDM5OTIsInVybCI6Imh0dHBzOlwvXC92aXNpdGRpc3RyaWt0LnJzXC9tZWRpYVwvMjAyM1wvMDJcLzMyMjE4MjQwNF8yMzA0NDE4Nzk2Mzk4NzMzXzU1OTM2NTEzMTMwODQ2NjE1NzRfbi5qcGciLCJzbGlkZXNob3ciOiIxNzY1MDY4In0%3D\" href='https:\/\/visitdistrikt.rs\/media\/2023\/02\/322182404_2304418796398733_5593651313084661574_n.jpg'><img loading=\"lazy\" decoding=\"async\" width=\"800\" height=\"533\" src=\"https:\/\/visitdistrikt.rs\/media\/2023\/02\/322182404_2304418796398733_5593651313084661574_n.jpg\" class=\"attachment-full size-full\" alt=\"\" srcset=\"https:\/\/visitdistrikt.rs\/media\/2023\/02\/322182404_2304418796398733_5593651313084661574_n.jpg 800w, https:\/\/visitdistrikt.rs\/media\/2023\/02\/322182404_2304418796398733_5593651313084661574_n-300x200.jpg 300w, https:\/\/visitdistrikt.rs\/media\/2023\/02\/322182404_2304418796398733_5593651313084661574_n-768x512.jpg 768w\" sizes=\"(max-width: 800px) 100vw, 800px\" \/><\/a>\n\t\t\t<\/div><\/figure><figure class='gallery-item'>\n\t\t\t<div class='gallery-icon landscape'>\n\t\t\t\t<a data-elementor-open-lightbox=\"yes\" data-elementor-lightbox-slideshow=\"1765068\" data-e-action-hash=\"#elementor-action%3Aaction%3Dlightbox%26settings%3DeyJpZCI6NDQwMDAsInVybCI6Imh0dHBzOlwvXC92aXNpdGRpc3RyaWt0LnJzXC9tZWRpYVwvMjAyM1wvMDJcLzMyMTUxMTkxMl8xNTI0MjIzMjcxNDEzMjQ2XzY2MjU0NTY0MzkwODY1MjM1Mzhfbi5qcGciLCJzbGlkZXNob3ciOiIxNzY1MDY4In0%3D\" href='https:\/\/visitdistrikt.rs\/media\/2023\/02\/321511912_1524223271413246_6625456439086523538_n.jpg'><img loading=\"lazy\" decoding=\"async\" width=\"800\" height=\"533\" src=\"https:\/\/visitdistrikt.rs\/media\/2023\/02\/321511912_1524223271413246_6625456439086523538_n.jpg\" class=\"attachment-full size-full\" alt=\"\" srcset=\"https:\/\/visitdistrikt.rs\/media\/2023\/02\/321511912_1524223271413246_6625456439086523538_n.jpg 800w, https:\/\/visitdistrikt.rs\/media\/2023\/02\/321511912_1524223271413246_6625456439086523538_n-300x200.jpg 300w, https:\/\/visitdistrikt.rs\/media\/2023\/02\/321511912_1524223271413246_6625456439086523538_n-768x512.jpg 768w\" sizes=\"(max-width: 800px) 100vw, 800px\" \/><\/a>\n\t\t\t<\/div><\/figure><figure class='gallery-item'>\n\t\t\t<div class='gallery-icon landscape'>\n\t\t\t\t<a data-elementor-open-lightbox=\"yes\" data-elementor-lightbox-slideshow=\"1765068\" data-e-action-hash=\"#elementor-action%3Aaction%3Dlightbox%26settings%3DeyJpZCI6NDM5ODYsInVybCI6Imh0dHBzOlwvXC92aXNpdGRpc3RyaWt0LnJzXC9tZWRpYVwvMjAyM1wvMDJcL1YuVmVsaWNrb3ZpYy1EZWNlbWJlcjMxLTA2NC5qcGciLCJzbGlkZXNob3ciOiIxNzY1MDY4In0%3D\" href='https:\/\/visitdistrikt.rs\/media\/2023\/02\/V.Velickovic-December31-064.jpg'><img loading=\"lazy\" decoding=\"async\" width=\"800\" height=\"534\" src=\"https:\/\/visitdistrikt.rs\/media\/2023\/02\/V.Velickovic-December31-064.jpg\" class=\"attachment-full size-full\" alt=\"\" srcset=\"https:\/\/visitdistrikt.rs\/media\/2023\/02\/V.Velickovic-December31-064.jpg 800w, https:\/\/visitdistrikt.rs\/media\/2023\/02\/V.Velickovic-December31-064-300x200.jpg 300w, https:\/\/visitdistrikt.rs\/media\/2023\/02\/V.Velickovic-December31-064-768x513.jpg 768w\" sizes=\"(max-width: 800px) 100vw, 800px\" \/><\/a>\n\t\t\t<\/div><\/figure><figure class='gallery-item'>\n\t\t\t<div class='gallery-icon landscape'>\n\t\t\t\t<a data-elementor-open-lightbox=\"yes\" data-elementor-lightbox-slideshow=\"1765068\" data-e-action-hash=\"#elementor-action%3Aaction%3Dlightbox%26settings%3DeyJpZCI6NDM5ODQsInVybCI6Imh0dHBzOlwvXC92aXNpdGRpc3RyaWt0LnJzXC9tZWRpYVwvMjAyM1wvMDJcL1YuVmVsaWNrb3ZpYy1EZWNlbWJlcjMxLTA0Ni5qcGciLCJzbGlkZXNob3ciOiIxNzY1MDY4In0%3D\" href='https:\/\/visitdistrikt.rs\/media\/2023\/02\/V.Velickovic-December31-046.jpg'><img loading=\"lazy\" decoding=\"async\" width=\"800\" height=\"534\" src=\"https:\/\/visitdistrikt.rs\/media\/2023\/02\/V.Velickovic-December31-046.jpg\" class=\"attachment-full size-full\" alt=\"\" srcset=\"https:\/\/visitdistrikt.rs\/media\/2023\/02\/V.Velickovic-December31-046.jpg 800w, https:\/\/visitdistrikt.rs\/media\/2023\/02\/V.Velickovic-December31-046-300x200.jpg 300w, https:\/\/visitdistrikt.rs\/media\/2023\/02\/V.Velickovic-December31-046-768x513.jpg 768w\" sizes=\"(max-width: 800px) 100vw, 800px\" \/><\/a>\n\t\t\t<\/div><\/figure><figure class='gallery-item'>\n\t\t\t<div class='gallery-icon landscape'>\n\t\t\t\t<a data-elementor-open-lightbox=\"yes\" data-elementor-lightbox-slideshow=\"1765068\" data-e-action-hash=\"#elementor-action%3Aaction%3Dlightbox%26settings%3DeyJpZCI6NDM5ODAsInVybCI6Imh0dHBzOlwvXC92aXNpdGRpc3RyaWt0LnJzXC9tZWRpYVwvMjAyM1wvMDJcL1YuVmVsaWNrb3ZpYy1EZWNlbWJlcjMxLTAxOS5qcGciLCJzbGlkZXNob3ciOiIxNzY1MDY4In0%3D\" href='https:\/\/visitdistrikt.rs\/media\/2023\/02\/V.Velickovic-December31-019.jpg'><img loading=\"lazy\" decoding=\"async\" width=\"800\" height=\"533\" src=\"https:\/\/visitdistrikt.rs\/media\/2023\/02\/V.Velickovic-December31-019.jpg\" class=\"attachment-full size-full\" alt=\"\" srcset=\"https:\/\/visitdistrikt.rs\/media\/2023\/02\/V.Velickovic-December31-019.jpg 800w, https:\/\/visitdistrikt.rs\/media\/2023\/02\/V.Velickovic-December31-019-300x200.jpg 300w, https:\/\/visitdistrikt.rs\/media\/2023\/02\/V.Velickovic-December31-019-768x512.jpg 768w\" sizes=\"(max-width: 800px) 100vw, 800px\" \/><\/a>\n\t\t\t<\/div><\/figure><figure class='gallery-item'>\n\t\t\t<div class='gallery-icon landscape'>\n\t\t\t\t<a data-elementor-open-lightbox=\"yes\" data-elementor-lightbox-slideshow=\"1765068\" data-e-action-hash=\"#elementor-action%3Aaction%3Dlightbox%26settings%3DeyJpZCI6NDM5NzgsInVybCI6Imh0dHBzOlwvXC92aXNpdGRpc3RyaWt0LnJzXC9tZWRpYVwvMjAyM1wvMDJcL1YuVmVsaWNrb3ZpYy1EZWNlbWJlcjMxLTAxNS5qcGciLCJzbGlkZXNob3ciOiIxNzY1MDY4In0%3D\" href='https:\/\/visitdistrikt.rs\/media\/2023\/02\/V.Velickovic-December31-015.jpg'><img loading=\"lazy\" decoding=\"async\" width=\"800\" height=\"533\" src=\"https:\/\/visitdistrikt.rs\/media\/2023\/02\/V.Velickovic-December31-015.jpg\" class=\"attachment-full size-full\" alt=\"\" srcset=\"https:\/\/visitdistrikt.rs\/media\/2023\/02\/V.Velickovic-December31-015.jpg 800w, https:\/\/visitdistrikt.rs\/media\/2023\/02\/V.Velickovic-December31-015-300x200.jpg 300w, https:\/\/visitdistrikt.rs\/media\/2023\/02\/V.Velickovic-December31-015-768x512.jpg 768w\" sizes=\"(max-width: 800px) 100vw, 800px\" \/><\/a>\n\t\t\t<\/div><\/figure><figure class='gallery-item'>\n\t\t\t<div class='gallery-icon landscape'>\n\t\t\t\t<a data-elementor-open-lightbox=\"yes\" data-elementor-lightbox-slideshow=\"1765068\" data-e-action-hash=\"#elementor-action%3Aaction%3Dlightbox%26settings%3DeyJpZCI6NDQwMDYsInVybCI6Imh0dHBzOlwvXC92aXNpdGRpc3RyaWt0LnJzXC9tZWRpYVwvMjAyM1wvMDJcL1YuVmVsaWNrb3ZpYy1KYW51YXJ5MDEtMDUzLmpwZyIsInNsaWRlc2hvdyI6IjE3NjUwNjgifQ%3D%3D\" href='https:\/\/visitdistrikt.rs\/media\/2023\/02\/V.Velickovic-January01-053.jpg'><img loading=\"lazy\" decoding=\"async\" width=\"800\" height=\"533\" src=\"https:\/\/visitdistrikt.rs\/media\/2023\/02\/V.Velickovic-January01-053.jpg\" class=\"attachment-full size-full\" alt=\"\" srcset=\"https:\/\/visitdistrikt.rs\/media\/2023\/02\/V.Velickovic-January01-053.jpg 800w, https:\/\/visitdistrikt.rs\/media\/2023\/02\/V.Velickovic-January01-053-300x200.jpg 300w, https:\/\/visitdistrikt.rs\/media\/2023\/02\/V.Velickovic-January01-053-768x512.jpg 768w\" sizes=\"(max-width: 800px) 100vw, 800px\" \/><\/a>\n\t\t\t<\/div><\/figure><figure class='gallery-item'>\n\t\t\t<div class='gallery-icon landscape'>\n\t\t\t\t<a data-elementor-open-lightbox=\"yes\" data-elementor-lightbox-slideshow=\"1765068\" data-e-action-hash=\"#elementor-action%3Aaction%3Dlightbox%26settings%3DeyJpZCI6NDM5ODgsInVybCI6Imh0dHBzOlwvXC92aXNpdGRpc3RyaWt0LnJzXC9tZWRpYVwvMjAyM1wvMDJcLzMyMzM4MDYxOF82ODkzNzQwOTkzOTQyNzVfMjAxMDAxMzQyMzM3Mzc4NDUxM19uLmpwZyIsInNsaWRlc2hvdyI6IjE3NjUwNjgifQ%3D%3D\" href='https:\/\/visitdistrikt.rs\/media\/2023\/02\/323380618_689374099394275_2010013423373784513_n.jpg'><img loading=\"lazy\" decoding=\"async\" width=\"800\" height=\"533\" src=\"https:\/\/visitdistrikt.rs\/media\/2023\/02\/323380618_689374099394275_2010013423373784513_n.jpg\" class=\"attachment-full size-full\" alt=\"\" srcset=\"https:\/\/visitdistrikt.rs\/media\/2023\/02\/323380618_689374099394275_2010013423373784513_n.jpg 800w, https:\/\/visitdistrikt.rs\/media\/2023\/02\/323380618_689374099394275_2010013423373784513_n-300x200.jpg 300w, https:\/\/visitdistrikt.rs\/media\/2023\/02\/323380618_689374099394275_2010013423373784513_n-768x512.jpg 768w\" sizes=\"(max-width: 800px) 100vw, 800px\" \/><\/a>\n\t\t\t<\/div><\/figure><figure class='gallery-item'>\n\t\t\t<div class='gallery-icon landscape'>\n\t\t\t\t<a data-elementor-open-lightbox=\"yes\" data-elementor-lightbox-slideshow=\"1765068\" data-e-action-hash=\"#elementor-action%3Aaction%3Dlightbox%26settings%3DeyJpZCI6NDM5ODIsInVybCI6Imh0dHBzOlwvXC92aXNpdGRpc3RyaWt0LnJzXC9tZWRpYVwvMjAyM1wvMDJcL1YuVmVsaWNrb3ZpYy1EZWNlbWJlcjMxLTAzNS5qcGciLCJzbGlkZXNob3ciOiIxNzY1MDY4In0%3D\" href='https:\/\/visitdistrikt.rs\/media\/2023\/02\/V.Velickovic-December31-035.jpg'><img loading=\"lazy\" decoding=\"async\" width=\"800\" height=\"533\" src=\"https:\/\/visitdistrikt.rs\/media\/2023\/02\/V.Velickovic-December31-035.jpg\" class=\"attachment-full size-full\" alt=\"\" srcset=\"https:\/\/visitdistrikt.rs\/media\/2023\/02\/V.Velickovic-December31-035.jpg 800w, https:\/\/visitdistrikt.rs\/media\/2023\/02\/V.Velickovic-December31-035-300x200.jpg 300w, https:\/\/visitdistrikt.rs\/media\/2023\/02\/V.Velickovic-December31-035-768x512.jpg 768w\" sizes=\"(max-width: 800px) 100vw, 800px\" \/><\/a>\n\t\t\t<\/div><\/figure><figure class='gallery-item'>\n\t\t\t<div class='gallery-icon landscape'>\n\t\t\t\t<a data-elementor-open-lightbox=\"yes\" data-elementor-lightbox-slideshow=\"1765068\" data-e-action-hash=\"#elementor-action%3Aaction%3Dlightbox%26settings%3DeyJpZCI6NDM5OTAsInVybCI6Imh0dHBzOlwvXC92aXNpdGRpc3RyaWt0LnJzXC9tZWRpYVwvMjAyM1wvMDJcLzMyMjM5NzkxNV81NjQ2MzQ5ODE4MTY1NjhfNTgxNzM3NzY2MjcxMzM0OTQyNV9uLmpwZyIsInNsaWRlc2hvdyI6IjE3NjUwNjgifQ%3D%3D\" href='https:\/\/visitdistrikt.rs\/media\/2023\/02\/322397915_564634981816568_5817377662713349425_n.jpg'><img loading=\"lazy\" decoding=\"async\" width=\"800\" height=\"533\" src=\"https:\/\/visitdistrikt.rs\/media\/2023\/02\/322397915_564634981816568_5817377662713349425_n.jpg\" class=\"attachment-full size-full\" alt=\"\" srcset=\"https:\/\/visitdistrikt.rs\/media\/2023\/02\/322397915_564634981816568_5817377662713349425_n.jpg 800w, https:\/\/visitdistrikt.rs\/media\/2023\/02\/322397915_564634981816568_5817377662713349425_n-300x200.jpg 300w, https:\/\/visitdistrikt.rs\/media\/2023\/02\/322397915_564634981816568_5817377662713349425_n-768x512.jpg 768w\" sizes=\"(max-width: 800px) 100vw, 800px\" \/><\/a>\n\t\t\t<\/div><\/figure><figure class='gallery-item'>\n\t\t\t<div class='gallery-icon landscape'>\n\t\t\t\t<a data-elementor-open-lightbox=\"yes\" data-elementor-lightbox-slideshow=\"1765068\" data-e-action-hash=\"#elementor-action%3Aaction%3Dlightbox%26settings%3DeyJpZCI6NDM5OTgsInVybCI6Imh0dHBzOlwvXC92aXNpdGRpc3RyaWt0LnJzXC9tZWRpYVwvMjAyM1wvMDJcLzMyMTc5MjM0Ml81MjM3NzUxNjUyOTkyMDg1Xzc4NjU5MDM3MjgxNzAwMTEzMDhfbi5qcGciLCJzbGlkZXNob3ciOiIxNzY1MDY4In0%3D\" href='https:\/\/visitdistrikt.rs\/media\/2023\/02\/321792342_5237751652992085_7865903728170011308_n.jpg'><img loading=\"lazy\" decoding=\"async\" width=\"800\" height=\"533\" src=\"https:\/\/visitdistrikt.rs\/media\/2023\/02\/321792342_5237751652992085_7865903728170011308_n.jpg\" class=\"attachment-full size-full\" alt=\"\" srcset=\"https:\/\/visitdistrikt.rs\/media\/2023\/02\/321792342_5237751652992085_7865903728170011308_n.jpg 800w, https:\/\/visitdistrikt.rs\/media\/2023\/02\/321792342_5237751652992085_7865903728170011308_n-300x200.jpg 300w, https:\/\/visitdistrikt.rs\/media\/2023\/02\/321792342_5237751652992085_7865903728170011308_n-768x512.jpg 768w\" sizes=\"(max-width: 800px) 100vw, 800px\" \/><\/a>\n\t\t\t<\/div><\/figure><figure class='gallery-item'>\n\t\t\t<div class='gallery-icon landscape'>\n\t\t\t\t<a data-elementor-open-lightbox=\"yes\" data-elementor-lightbox-slideshow=\"1765068\" data-e-action-hash=\"#elementor-action%3Aaction%3Dlightbox%26settings%3DeyJpZCI6NDQwMDIsInVybCI6Imh0dHBzOlwvXC92aXNpdGRpc3RyaWt0LnJzXC9tZWRpYVwvMjAyM1wvMDJcLzMyMTk3NDc3Nl8xODI3NDY5MjQwOTUwOTAwXzIxMTU4NzAzNzYxMDQzMTkwNjlfbi5qcGciLCJzbGlkZXNob3ciOiIxNzY1MDY4In0%3D\" href='https:\/\/visitdistrikt.rs\/media\/2023\/02\/321974776_1827469240950900_2115870376104319069_n.jpg'><img loading=\"lazy\" decoding=\"async\" width=\"800\" height=\"533\" src=\"https:\/\/visitdistrikt.rs\/media\/2023\/02\/321974776_1827469240950900_2115870376104319069_n.jpg\" class=\"attachment-full size-full\" alt=\"\" srcset=\"https:\/\/visitdistrikt.rs\/media\/2023\/02\/321974776_1827469240950900_2115870376104319069_n.jpg 800w, https:\/\/visitdistrikt.rs\/media\/2023\/02\/321974776_1827469240950900_2115870376104319069_n-300x200.jpg 300w, https:\/\/visitdistrikt.rs\/media\/2023\/02\/321974776_1827469240950900_2115870376104319069_n-768x512.jpg 768w\" sizes=\"(max-width: 800px) 100vw, 800px\" \/><\/a>\n\t\t\t<\/div><\/figure><figure class='gallery-item'>\n\t\t\t<div class='gallery-icon landscape'>\n\t\t\t\t<a data-elementor-open-lightbox=\"yes\" data-elementor-lightbox-slideshow=\"1765068\" data-e-action-hash=\"#elementor-action%3Aaction%3Dlightbox%26settings%3DeyJpZCI6NDQwMDQsInVybCI6Imh0dHBzOlwvXC92aXNpdGRpc3RyaWt0LnJzXC9tZWRpYVwvMjAyM1wvMDJcL1YuVmVsaWNrb3ZpYy1EZWNlbWJlcjMxLTA0NS5qcGciLCJzbGlkZXNob3ciOiIxNzY1MDY4In0%3D\" href='https:\/\/visitdistrikt.rs\/media\/2023\/02\/V.Velickovic-December31-045.jpg'><img loading=\"lazy\" decoding=\"async\" width=\"800\" height=\"534\" src=\"https:\/\/visitdistrikt.rs\/media\/2023\/02\/V.Velickovic-December31-045.jpg\" class=\"attachment-full size-full\" alt=\"\" srcset=\"https:\/\/visitdistrikt.rs\/media\/2023\/02\/V.Velickovic-December31-045.jpg 800w, https:\/\/visitdistrikt.rs\/media\/2023\/02\/V.Velickovic-December31-045-300x200.jpg 300w, https:\/\/visitdistrikt.rs\/media\/2023\/02\/V.Velickovic-December31-045-768x513.jpg 768w\" sizes=\"(max-width: 800px) 100vw, 800px\" \/><\/a>\n\t\t\t<\/div><\/figure>\n\t\t<\/div>\n\t\t<\/div>\n\t\t\t\t<\/div>\n\t\t\t\t<\/div>\n\t\t\t\t\t<\/div>\n\t\t<\/div>\n\t\t\t\t\t<\/div>\n\t\t<\/section>\n\t\t\t\t<section class=\"elementor-section elementor-top-section elementor-element elementor-element-74f72e0 elementor-section-boxed elementor-section-height-default elementor-section-height-default\" data-id=\"74f72e0\" data-element_type=\"section\">\n\t\t\t\t\t\t<div class=\"elementor-container elementor-column-gap-default\">\n\t\t\t\t\t<div class=\"elementor-column elementor-col-100 elementor-top-column elementor-element elementor-element-319a2c5\" data-id=\"319a2c5\" data-element_type=\"column\">\n\t\t\t<div class=\"elementor-widget-wrap elementor-element-populated\">\n\t\t\t\t\t\t<div class=\"elementor-element elementor-element-7875c6f elementor-widget elementor-widget-text-editor\" data-id=\"7875c6f\" data-element_type=\"widget\" data-widget_type=\"text-editor.default\">\n\t\t\t\t<div class=\"elementor-widget-container\">\n\t\t\t\t\t\t\t<p><strong>Foto:<\/strong> Jelena Ivanovi\u0107, Vladimir Veli\u010dkovi\u0107, Marko Pudi\u0107<\/p>\t\t\t\t\t\t<\/div>\n\t\t\t\t<\/div>\n\t\t\t\t\t<\/div>\n\t\t<\/div>\n\t\t\t\t\t<\/div>\n\t\t<\/section>\n\t\t\t\t<\/div>\n\t\t","protected":false},"excerpt":{"rendered":"<p>The architectural baroque jewel of Novi Sad, the Suburbium, is tucked under one of the most important symbols of the city, the Petrovaradin Fortress. It was built for almost an entire century, during the 17th and 18th century, and the foundation stone of today&#8217;s Petrovaradin Fortress was laid in 1692. The Petrovaradin Clock, a gift [&hellip;]<\/p>\n","protected":false},"author":9,"featured_media":44014,"comment_status":"closed","ping_status":"closed","sticky":false,"template":"","format":"standard","meta":{"footnotes":"","_links_to":"","_links_to_target":""},"categories":[301,305,310],"tags":[],"yoast_head":"<!-- This site is optimized with the Yoast SEO plugin v22.4 - https:\/\/yoast.com\/wordpress\/plugins\/seo\/ -->\n<title>Suburbium: A Beacon of Culture on the Danube - Visit Distrikt Novi Sad<\/title>\n<meta name=\"robots\" content=\"index, follow, max-snippet:-1, max-image-preview:large, max-video-preview:-1\" \/>\n<link rel=\"canonical\" href=\"https:\/\/visitdistrikt.rs\/en\/2023\/02\/13\/suburbium-a-beacon-of-culture-on-the-danube\/\" \/>\n<meta property=\"og:locale\" content=\"en_US\" \/>\n<meta property=\"og:type\" content=\"article\" \/>\n<meta property=\"og:title\" content=\"Suburbium: A Beacon of Culture on the Danube - Visit Distrikt Novi Sad\" \/>\n<meta property=\"og:description\" content=\"The architectural baroque jewel of Novi Sad, the Suburbium, is tucked under one of the most important symbols of the city, the Petrovaradin Fortress. It was built for almost an entire century, during the 17th and 18th century, and the foundation stone of today&#8217;s Petrovaradin Fortress was laid in 1692. The Petrovaradin Clock, a gift [&hellip;]\" \/>\n<meta property=\"og:url\" content=\"https:\/\/visitdistrikt.rs\/en\/2023\/02\/13\/suburbium-a-beacon-of-culture-on-the-danube\/\" \/>\n<meta property=\"og:site_name\" content=\"Visit Distrikt Novi Sad\" \/>\n<meta property=\"article:published_time\" content=\"2023-02-13T13:10:57+00:00\" \/>\n<meta property=\"og:image\" content=\"https:\/\/visitdistrikt.rs\/media\/2023\/02\/Untitled-design-46.jpg\" \/>\n\t<meta property=\"og:image:width\" content=\"1920\" \/>\n\t<meta property=\"og:image:height\" content=\"577\" \/>\n\t<meta property=\"og:image:type\" content=\"image\/jpeg\" \/>\n<meta name=\"author\" content=\"Marina Mari\u0107\" \/>\n<meta name=\"twitter:card\" content=\"summary_large_image\" \/>\n<meta name=\"twitter:label1\" content=\"Written by\" \/>\n\t<meta name=\"twitter:data1\" content=\"Marina Mari\u0107\" \/>\n\t<meta name=\"twitter:label2\" content=\"Est. reading time\" \/>\n\t<meta name=\"twitter:data2\" content=\"3 minutes\" \/>\n<script type=\"application\/ld+json\" class=\"yoast-schema-graph\">{\"@context\":\"https:\/\/schema.org\",\"@graph\":[{\"@type\":\"WebPage\",\"@id\":\"https:\/\/visitdistrikt.rs\/en\/2023\/02\/13\/suburbium-a-beacon-of-culture-on-the-danube\/\",\"url\":\"https:\/\/visitdistrikt.rs\/en\/2023\/02\/13\/suburbium-a-beacon-of-culture-on-the-danube\/\",\"name\":\"Suburbium: A Beacon of Culture on the Danube - Visit Distrikt Novi Sad\",\"isPartOf\":{\"@id\":\"https:\/\/visitdistrikt.rs\/#website\"},\"primaryImageOfPage\":{\"@id\":\"https:\/\/visitdistrikt.rs\/en\/2023\/02\/13\/suburbium-a-beacon-of-culture-on-the-danube\/#primaryimage\"},\"image\":{\"@id\":\"https:\/\/visitdistrikt.rs\/en\/2023\/02\/13\/suburbium-a-beacon-of-culture-on-the-danube\/#primaryimage\"},\"thumbnailUrl\":\"https:\/\/visitdistrikt.rs\/media\/2023\/02\/Untitled-design-46.jpg\",\"datePublished\":\"2023-02-13T13:10:57+00:00\",\"dateModified\":\"2023-02-13T13:10:57+00:00\",\"author\":{\"@id\":\"https:\/\/visitdistrikt.rs\/#\/schema\/person\/b61f641548853605bef6b1ae7ca8aaa9\"},\"breadcrumb\":{\"@id\":\"https:\/\/visitdistrikt.rs\/en\/2023\/02\/13\/suburbium-a-beacon-of-culture-on-the-danube\/#breadcrumb\"},\"inLanguage\":\"en-US\",\"potentialAction\":[{\"@type\":\"ReadAction\",\"target\":[\"https:\/\/visitdistrikt.rs\/en\/2023\/02\/13\/suburbium-a-beacon-of-culture-on-the-danube\/\"]}]},{\"@type\":\"ImageObject\",\"inLanguage\":\"en-US\",\"@id\":\"https:\/\/visitdistrikt.rs\/en\/2023\/02\/13\/suburbium-a-beacon-of-culture-on-the-danube\/#primaryimage\",\"url\":\"https:\/\/visitdistrikt.rs\/media\/2023\/02\/Untitled-design-46.jpg\",\"contentUrl\":\"https:\/\/visitdistrikt.rs\/media\/2023\/02\/Untitled-design-46.jpg\",\"width\":1920,\"height\":577},{\"@type\":\"BreadcrumbList\",\"@id\":\"https:\/\/visitdistrikt.rs\/en\/2023\/02\/13\/suburbium-a-beacon-of-culture-on-the-danube\/#breadcrumb\",\"itemListElement\":[{\"@type\":\"ListItem\",\"position\":1,\"name\":\"Home\",\"item\":\"https:\/\/visitdistrikt.rs\/en\/\"},{\"@type\":\"ListItem\",\"position\":2,\"name\":\"Suburbium: A Beacon of Culture on the Danube\"}]},{\"@type\":\"WebSite\",\"@id\":\"https:\/\/visitdistrikt.rs\/#website\",\"url\":\"https:\/\/visitdistrikt.rs\/\",\"name\":\"Visit Distrikt Novi Sad\",\"description\":\"Novi Sad\",\"potentialAction\":[{\"@type\":\"SearchAction\",\"target\":{\"@type\":\"EntryPoint\",\"urlTemplate\":\"https:\/\/visitdistrikt.rs\/?s={search_term_string}\"},\"query-input\":\"required name=search_term_string\"}],\"inLanguage\":\"en-US\"},{\"@type\":\"Person\",\"@id\":\"https:\/\/visitdistrikt.rs\/#\/schema\/person\/b61f641548853605bef6b1ae7ca8aaa9\",\"name\":\"Marina Mari\u0107\",\"image\":{\"@type\":\"ImageObject\",\"inLanguage\":\"en-US\",\"@id\":\"https:\/\/visitdistrikt.rs\/#\/schema\/person\/image\/\",\"url\":\"https:\/\/secure.gravatar.com\/avatar\/aeec6fdfa57d2ba44680b29ea83001c6?s=96&d=mm&r=g\",\"contentUrl\":\"https:\/\/secure.gravatar.com\/avatar\/aeec6fdfa57d2ba44680b29ea83001c6?s=96&d=mm&r=g\",\"caption\":\"Marina Mari\u0107\"},\"sameAs\":[\"https:\/\/visitdistrikt.rs\"]}]}<\/script>\n<!-- \/ Yoast SEO plugin. -->","yoast_head_json":{"title":"Suburbium: A Beacon of Culture on the Danube - Visit Distrikt Novi Sad","robots":{"index":"index","follow":"follow","max-snippet":"max-snippet:-1","max-image-preview":"max-image-preview:large","max-video-preview":"max-video-preview:-1"},"canonical":"https:\/\/visitdistrikt.rs\/en\/2023\/02\/13\/suburbium-a-beacon-of-culture-on-the-danube\/","og_locale":"en_US","og_type":"article","og_title":"Suburbium: A Beacon of Culture on the Danube - Visit Distrikt Novi Sad","og_description":"The architectural baroque jewel of Novi Sad, the Suburbium, is tucked under one of the most important symbols of the city, the Petrovaradin Fortress. It was built for almost an entire century, during the 17th and 18th century, and the foundation stone of today&#8217;s Petrovaradin Fortress was laid in 1692. The Petrovaradin Clock, a gift [&hellip;]","og_url":"https:\/\/visitdistrikt.rs\/en\/2023\/02\/13\/suburbium-a-beacon-of-culture-on-the-danube\/","og_site_name":"Visit Distrikt Novi Sad","article_published_time":"2023-02-13T13:10:57+00:00","og_image":[{"width":1920,"height":577,"url":"https:\/\/visitdistrikt.rs\/media\/2023\/02\/Untitled-design-46.jpg","type":"image\/jpeg"}],"author":"Marina Mari\u0107","twitter_card":"summary_large_image","twitter_misc":{"Written by":"Marina Mari\u0107","Est. reading time":"3 minutes"},"schema":{"@context":"https:\/\/schema.org","@graph":[{"@type":"WebPage","@id":"https:\/\/visitdistrikt.rs\/en\/2023\/02\/13\/suburbium-a-beacon-of-culture-on-the-danube\/","url":"https:\/\/visitdistrikt.rs\/en\/2023\/02\/13\/suburbium-a-beacon-of-culture-on-the-danube\/","name":"Suburbium: A Beacon of Culture on the Danube - Visit Distrikt Novi Sad","isPartOf":{"@id":"https:\/\/visitdistrikt.rs\/#website"},"primaryImageOfPage":{"@id":"https:\/\/visitdistrikt.rs\/en\/2023\/02\/13\/suburbium-a-beacon-of-culture-on-the-danube\/#primaryimage"},"image":{"@id":"https:\/\/visitdistrikt.rs\/en\/2023\/02\/13\/suburbium-a-beacon-of-culture-on-the-danube\/#primaryimage"},"thumbnailUrl":"https:\/\/visitdistrikt.rs\/media\/2023\/02\/Untitled-design-46.jpg","datePublished":"2023-02-13T13:10:57+00:00","dateModified":"2023-02-13T13:10:57+00:00","author":{"@id":"https:\/\/visitdistrikt.rs\/#\/schema\/person\/b61f641548853605bef6b1ae7ca8aaa9"},"breadcrumb":{"@id":"https:\/\/visitdistrikt.rs\/en\/2023\/02\/13\/suburbium-a-beacon-of-culture-on-the-danube\/#breadcrumb"},"inLanguage":"en-US","potentialAction":[{"@type":"ReadAction","target":["https:\/\/visitdistrikt.rs\/en\/2023\/02\/13\/suburbium-a-beacon-of-culture-on-the-danube\/"]}]},{"@type":"ImageObject","inLanguage":"en-US","@id":"https:\/\/visitdistrikt.rs\/en\/2023\/02\/13\/suburbium-a-beacon-of-culture-on-the-danube\/#primaryimage","url":"https:\/\/visitdistrikt.rs\/media\/2023\/02\/Untitled-design-46.jpg","contentUrl":"https:\/\/visitdistrikt.rs\/media\/2023\/02\/Untitled-design-46.jpg","width":1920,"height":577},{"@type":"BreadcrumbList","@id":"https:\/\/visitdistrikt.rs\/en\/2023\/02\/13\/suburbium-a-beacon-of-culture-on-the-danube\/#breadcrumb","itemListElement":[{"@type":"ListItem","position":1,"name":"Home","item":"https:\/\/visitdistrikt.rs\/en\/"},{"@type":"ListItem","position":2,"name":"Suburbium: A Beacon of Culture on the Danube"}]},{"@type":"WebSite","@id":"https:\/\/visitdistrikt.rs\/#website","url":"https:\/\/visitdistrikt.rs\/","name":"Visit Distrikt Novi Sad","description":"Novi Sad","potentialAction":[{"@type":"SearchAction","target":{"@type":"EntryPoint","urlTemplate":"https:\/\/visitdistrikt.rs\/?s={search_term_string}"},"query-input":"required name=search_term_string"}],"inLanguage":"en-US"},{"@type":"Person","@id":"https:\/\/visitdistrikt.rs\/#\/schema\/person\/b61f641548853605bef6b1ae7ca8aaa9","name":"Marina Mari\u0107","image":{"@type":"ImageObject","inLanguage":"en-US","@id":"https:\/\/visitdistrikt.rs\/#\/schema\/person\/image\/","url":"https:\/\/secure.gravatar.com\/avatar\/aeec6fdfa57d2ba44680b29ea83001c6?s=96&d=mm&r=g","contentUrl":"https:\/\/secure.gravatar.com\/avatar\/aeec6fdfa57d2ba44680b29ea83001c6?s=96&d=mm&r=g","caption":"Marina Mari\u0107"},"sameAs":["https:\/\/visitdistrikt.rs"]}]}},"_links":{"self":[{"href":"https:\/\/visitdistrikt.rs\/en\/wp-json\/wp\/v2\/posts\/44137"}],"collection":[{"href":"https:\/\/visitdistrikt.rs\/en\/wp-json\/wp\/v2\/posts"}],"about":[{"href":"https:\/\/visitdistrikt.rs\/en\/wp-json\/wp\/v2\/types\/post"}],"author":[{"embeddable":true,"href":"https:\/\/visitdistrikt.rs\/en\/wp-json\/wp\/v2\/users\/9"}],"replies":[{"embeddable":true,"href":"https:\/\/visitdistrikt.rs\/en\/wp-json\/wp\/v2\/comments?post=44137"}],"version-history":[{"count":1,"href":"https:\/\/visitdistrikt.rs\/en\/wp-json\/wp\/v2\/posts\/44137\/revisions"}],"predecessor-version":[{"id":44138,"href":"https:\/\/visitdistrikt.rs\/en\/wp-json\/wp\/v2\/posts\/44137\/revisions\/44138"}],"wp:featuredmedia":[{"embeddable":true,"href":"https:\/\/visitdistrikt.rs\/en\/wp-json\/wp\/v2\/media\/44014"}],"wp:attachment":[{"href":"https:\/\/visitdistrikt.rs\/en\/wp-json\/wp\/v2\/media?parent=44137"}],"wp:term":[{"taxonomy":"category","embeddable":true,"href":"https:\/\/visitdistrikt.rs\/en\/wp-json\/wp\/v2\/categories?post=44137"},{"taxonomy":"post_tag","embeddable":true,"href":"https:\/\/visitdistrikt.rs\/en\/wp-json\/wp\/v2\/tags?post=44137"}],"curies":[{"name":"wp","href":"https:\/\/api.w.org\/{rel}","templated":true}]}}