{"id":44748,"date":"2023-03-14T10:33:50","date_gmt":"2023-03-14T09:33:50","guid":{"rendered":"https:\/\/visitdistrikt.rs\/?p=44748"},"modified":"2023-03-14T10:33:50","modified_gmt":"2023-03-14T09:33:50","slug":"get-to-know-novi-sad-from-a-different-perspective","status":"publish","type":"post","link":"https:\/\/visitdistrikt.rs\/en\/2023\/03\/14\/get-to-know-novi-sad-from-a-different-perspective\/","title":{"rendered":"Get to Know Novi Sad from a Different Perspective"},"content":{"rendered":"\t\t<div data-elementor-type=\"wp-post\" data-elementor-id=\"44748\" class=\"elementor elementor-44748 elementor-44162\" data-elementor-post-type=\"post\">\n\t\t\t\t\t\t<section class=\"elementor-section elementor-top-section elementor-element elementor-element-aedbef9 elementor-section-boxed elementor-section-height-default elementor-section-height-default\" data-id=\"aedbef9\" data-element_type=\"section\">\n\t\t\t\t\t\t<div class=\"elementor-container elementor-column-gap-default\">\n\t\t\t\t\t<div class=\"elementor-column elementor-col-100 elementor-top-column elementor-element elementor-element-fe4fa06\" data-id=\"fe4fa06\" data-element_type=\"column\">\n\t\t\t<div class=\"elementor-widget-wrap elementor-element-populated\">\n\t\t\t\t\t\t<div class=\"elementor-element elementor-element-eea0076 elementor-widget elementor-widget-text-editor\" data-id=\"eea0076\" data-element_type=\"widget\" data-widget_type=\"text-editor.default\">\n\t\t\t\t<div class=\"elementor-widget-container\">\n\t\t\t\t\t\t\t<p>Novi Sad is undoubtedly one of those European cities that stands out for its stunning architecture and fa\u00e7ade details. We take you on a short tour of the city of rich cultural heritage from a completely different perspective. Through a selected gallery of aerial photographs, we will feel the new spirit of Novi Sad, which is proud of its symbols.<\/p><p>One of these is the Church of the Name of Mary, better known as the\u00a0<a href=\"https:\/\/visitdistrikt.rs\/2021\/04\/07\/novosadska-katedrala-zanimljive-cinjenice-o-najvisem-simbolu-grada\/\"><strong>Cathedral<\/strong><\/a> among the citizens of Novi Sad. It is <strong>72m <\/strong>high, and the beauty of the famous Zsolnay ceramics on its roof stands out especially when you look at it from a bird&#8217;s eye view. The same can be said for the Novi Sad Jewish Church\u00a0<a href=\"https:\/\/visitdistrikt.rs\/2021\/05\/19\/novosadska-sinagoga\/\"><strong>Synagogue<\/strong><\/a>, which is also one of the main concert venues today. The oldest neighbourhood of Novi Sad, <a href=\"https:\/\/visitdistrikt.rs\/2020\/10\/05\/almaski-kraj-lavirint-kroz-vekove\/\"><strong>Alma\u0161 neighbourhood<\/strong><\/a>, with its labyrinth of winding streets, and the building reminiscent of Danube boats \u2013 <a href=\"https:\/\/visitdistrikt.rs\/2021\/10\/19\/banska-palata-simbol-moderne-arhitekture-novog-sada\/\"><strong>Banovina<\/strong><\/a>, the work of the famous architect Dragi\u0161a Bra\u0161ovan, look impressive as well.<\/p><p>Symbols of defeat, victory, freedom and hope are not only the magnificent<strong>\u00a0<\/strong><a href=\"https:\/\/visitdistrikt.rs\/2021\/02\/03\/simboli-poraza-pobeda-i-nade-novosadski-mostovi-na-dunavu\/\"><strong>bridges on the Danube<\/strong><\/a><strong> \u2013<\/strong> Varadin, \u017de\u017eelj and Freedom Bridge, but also the largest <strong>monument on Fru\u0161ka Gora<\/strong>, erected in honour of the fallen fighters in the Second World War.<\/p><p><strong>Matica Srpska<\/strong> is the main culprit that gave Novi Sad the nickname \u2018Serbian Athens\u2019, which you can read <a href=\"https:\/\/visitdistrikt.rs\/2021\/08\/30\/matica-srpska-zanimljive-cinjenice\/\">in the text<\/a>, and in front of this magnificent building there are six busts of famous personalities.<\/p><p>The attractive appearance of the <strong>Danube Park<\/strong>, one of the most beautiful parks in Novi Sad, as well as the Danube on <strong>Ribarac<\/strong> and <strong>\u0160trand<\/strong>, will surely attract your attention, as well as the greenery of <strong>\u0110a\u010dko Igrali\u0161te <\/strong>(Student Court) and the Vojvodina Stadium next to the famous Spens sports business facility.<\/p><p>Furthermore, from a bird&#8217;s eye view, the scale of the <a href=\"https:\/\/visitdistrikt.rs\/2022\/09\/07\/kvartovi-kao-centri-kulture\/\"><strong>District<\/strong><\/a>, a former neglected industrial complex, better known as the Chinatown, which thanks to ECoC was transformed into a centre of Novi Sad&#8217;s contemporary creativity, but also the famous <strong>Suburbium<\/strong> in Petrovaradin, restored after 300 years, also thanks to ECoC title year, is magnificent.\u00a0<\/p><p>And when the photos take us back to the centre of Novi Sad, we will notice that at the top of the palace where the famous Atina caf\u00e9 and pastry shop is located, there is an <a href=\"https:\/\/visitdistrikt.rs\/2021\/10\/14\/gvozdeni-covek-cuva-palatu-i-novosadjane\/\"><strong>Iron Night<\/strong><\/a>\u00a0with a halberd in his hand, watching and guarding the passers-by and visitors of Novi Sad.\u00a0<\/p>\t\t\t\t\t\t<\/div>\n\t\t\t\t<\/div>\n\t\t\t\t\t<\/div>\n\t\t<\/div>\n\t\t\t\t\t<\/div>\n\t\t<\/section>\n\t\t\t\t<section class=\"elementor-section elementor-top-section elementor-element elementor-element-e830aa6 elementor-section-boxed elementor-section-height-default elementor-section-height-default\" data-id=\"e830aa6\" data-element_type=\"section\">\n\t\t\t\t\t\t<div class=\"elementor-container elementor-column-gap-default\">\n\t\t\t\t\t<div class=\"elementor-column elementor-col-100 elementor-top-column elementor-element elementor-element-c857394\" data-id=\"c857394\" data-element_type=\"column\">\n\t\t\t<div class=\"elementor-widget-wrap elementor-element-populated\">\n\t\t\t\t\t\t<div class=\"elementor-element elementor-element-7b0a2e6 gallery-spacing-custom elementor-widget elementor-widget-image-gallery\" data-id=\"7b0a2e6\" data-element_type=\"widget\" data-widget_type=\"image-gallery.default\">\n\t\t\t\t<div class=\"elementor-widget-container\">\n\t\t\t\t\t<div class=\"elementor-image-gallery\">\n\t\t\t<div id='gallery-1' class='gallery galleryid-44748 gallery-columns-3 gallery-size-full'><figure class='gallery-item'>\n\t\t\t<div class='gallery-icon landscape'>\n\t\t\t\t<a data-elementor-open-lightbox=\"yes\" data-elementor-lightbox-slideshow=\"7b0a2e6\" data-e-action-hash=\"#elementor-action%3Aaction%3Dlightbox%26settings%3DeyJpZCI6NDQxNjksInVybCI6Imh0dHBzOlwvXC92aXNpdGRpc3RyaWt0LnJzXC9tZWRpYVwvMjAyM1wvMDJcL0VQSy1Ob3ZpLVNhZC0yMi0xLTEuanBnIiwic2xpZGVzaG93IjoiN2IwYTJlNiJ9\" href='https:\/\/visitdistrikt.rs\/media\/2023\/02\/EPK-Novi-Sad-22-1-1.jpg'><img fetchpriority=\"high\" decoding=\"async\" width=\"800\" height=\"533\" src=\"https:\/\/visitdistrikt.rs\/media\/2023\/02\/EPK-Novi-Sad-22-1-1.jpg\" class=\"attachment-full size-full\" alt=\"\" srcset=\"https:\/\/visitdistrikt.rs\/media\/2023\/02\/EPK-Novi-Sad-22-1-1.jpg 800w, https:\/\/visitdistrikt.rs\/media\/2023\/02\/EPK-Novi-Sad-22-1-1-300x200.jpg 300w, https:\/\/visitdistrikt.rs\/media\/2023\/02\/EPK-Novi-Sad-22-1-1-768x512.jpg 768w\" sizes=\"(max-width: 800px) 100vw, 800px\" \/><\/a>\n\t\t\t<\/div><\/figure><figure class='gallery-item'>\n\t\t\t<div class='gallery-icon landscape'>\n\t\t\t\t<a data-elementor-open-lightbox=\"yes\" data-elementor-lightbox-slideshow=\"7b0a2e6\" data-e-action-hash=\"#elementor-action%3Aaction%3Dlightbox%26settings%3DeyJpZCI6NDQxOTAsInVybCI6Imh0dHBzOlwvXC92aXNpdGRpc3RyaWt0LnJzXC9tZWRpYVwvMjAyM1wvMDJcL1Zpc2l0LU5TLUFsbWFza2kta3Jhai1mb3RvLUplbGVuYS1JdmFub3ZpYy0zMi0xLmpwZyIsInNsaWRlc2hvdyI6IjdiMGEyZTYifQ%3D%3D\" href='https:\/\/visitdistrikt.rs\/media\/2023\/02\/Visit-NS-Almaski-kraj-foto-Jelena-Ivanovic-32-1.jpg'><img decoding=\"async\" width=\"800\" height=\"533\" src=\"https:\/\/visitdistrikt.rs\/media\/2023\/02\/Visit-NS-Almaski-kraj-foto-Jelena-Ivanovic-32-1.jpg\" class=\"attachment-full size-full\" alt=\"\" srcset=\"https:\/\/visitdistrikt.rs\/media\/2023\/02\/Visit-NS-Almaski-kraj-foto-Jelena-Ivanovic-32-1.jpg 800w, https:\/\/visitdistrikt.rs\/media\/2023\/02\/Visit-NS-Almaski-kraj-foto-Jelena-Ivanovic-32-1-300x200.jpg 300w, https:\/\/visitdistrikt.rs\/media\/2023\/02\/Visit-NS-Almaski-kraj-foto-Jelena-Ivanovic-32-1-768x512.jpg 768w\" sizes=\"(max-width: 800px) 100vw, 800px\" \/><\/a>\n\t\t\t<\/div><\/figure><figure class='gallery-item'>\n\t\t\t<div class='gallery-icon landscape'>\n\t\t\t\t<a data-elementor-open-lightbox=\"yes\" data-elementor-lightbox-slideshow=\"7b0a2e6\" data-e-action-hash=\"#elementor-action%3Aaction%3Dlightbox%26settings%3DeyJpZCI6NDQxNzEsInVybCI6Imh0dHBzOlwvXC92aXNpdGRpc3RyaWt0LnJzXC9tZWRpYVwvMjAyM1wvMDJcL0VQSy1Ob3ZpLVNhZC0yNC0yLmpwZyIsInNsaWRlc2hvdyI6IjdiMGEyZTYifQ%3D%3D\" href='https:\/\/visitdistrikt.rs\/media\/2023\/02\/EPK-Novi-Sad-24-2.jpg'><img decoding=\"async\" width=\"800\" height=\"533\" src=\"https:\/\/visitdistrikt.rs\/media\/2023\/02\/EPK-Novi-Sad-24-2.jpg\" class=\"attachment-full size-full\" alt=\"\" srcset=\"https:\/\/visitdistrikt.rs\/media\/2023\/02\/EPK-Novi-Sad-24-2.jpg 800w, https:\/\/visitdistrikt.rs\/media\/2023\/02\/EPK-Novi-Sad-24-2-300x200.jpg 300w, https:\/\/visitdistrikt.rs\/media\/2023\/02\/EPK-Novi-Sad-24-2-768x512.jpg 768w\" sizes=\"(max-width: 800px) 100vw, 800px\" \/><\/a>\n\t\t\t<\/div><\/figure><figure class='gallery-item'>\n\t\t\t<div class='gallery-icon landscape'>\n\t\t\t\t<a data-elementor-open-lightbox=\"yes\" data-elementor-lightbox-slideshow=\"7b0a2e6\" data-e-action-hash=\"#elementor-action%3Aaction%3Dlightbox%26settings%3DeyJpZCI6NDQxODIsInVybCI6Imh0dHBzOlwvXC92aXNpdGRpc3RyaWt0LnJzXC9tZWRpYVwvMjAyM1wvMDJcL0VQSy1Ob3ZpLVNhZC1mb3RvLUplbGVuYS1JdmFub3ZpYy0zOC5qcGciLCJzbGlkZXNob3ciOiI3YjBhMmU2In0%3D\" href='https:\/\/visitdistrikt.rs\/media\/2023\/02\/EPK-Novi-Sad-foto-Jelena-Ivanovic-38.jpg'><img loading=\"lazy\" decoding=\"async\" width=\"800\" height=\"533\" src=\"https:\/\/visitdistrikt.rs\/media\/2023\/02\/EPK-Novi-Sad-foto-Jelena-Ivanovic-38.jpg\" class=\"attachment-full size-full\" alt=\"\" srcset=\"https:\/\/visitdistrikt.rs\/media\/2023\/02\/EPK-Novi-Sad-foto-Jelena-Ivanovic-38.jpg 800w, https:\/\/visitdistrikt.rs\/media\/2023\/02\/EPK-Novi-Sad-foto-Jelena-Ivanovic-38-300x200.jpg 300w, https:\/\/visitdistrikt.rs\/media\/2023\/02\/EPK-Novi-Sad-foto-Jelena-Ivanovic-38-768x512.jpg 768w\" sizes=\"(max-width: 800px) 100vw, 800px\" \/><\/a>\n\t\t\t<\/div><\/figure><figure class='gallery-item'>\n\t\t\t<div class='gallery-icon landscape'>\n\t\t\t\t<a data-elementor-open-lightbox=\"yes\" data-elementor-lightbox-slideshow=\"7b0a2e6\" data-e-action-hash=\"#elementor-action%3Aaction%3Dlightbox%26settings%3DeyJpZCI6NDQxNzMsInVybCI6Imh0dHBzOlwvXC92aXNpdGRpc3RyaWt0LnJzXC9tZWRpYVwvMjAyM1wvMDJcL0VQSy1Ob3ZpLVNhZC0xNC0zLTEuanBnIiwic2xpZGVzaG93IjoiN2IwYTJlNiJ9\" href='https:\/\/visitdistrikt.rs\/media\/2023\/02\/EPK-Novi-Sad-14-3-1.jpg'><img loading=\"lazy\" decoding=\"async\" width=\"800\" height=\"533\" src=\"https:\/\/visitdistrikt.rs\/media\/2023\/02\/EPK-Novi-Sad-14-3-1.jpg\" class=\"attachment-full size-full\" alt=\"\" srcset=\"https:\/\/visitdistrikt.rs\/media\/2023\/02\/EPK-Novi-Sad-14-3-1.jpg 800w, https:\/\/visitdistrikt.rs\/media\/2023\/02\/EPK-Novi-Sad-14-3-1-300x200.jpg 300w, https:\/\/visitdistrikt.rs\/media\/2023\/02\/EPK-Novi-Sad-14-3-1-768x512.jpg 768w\" sizes=\"(max-width: 800px) 100vw, 800px\" \/><\/a>\n\t\t\t<\/div><\/figure><figure class='gallery-item'>\n\t\t\t<div class='gallery-icon landscape'>\n\t\t\t\t<a data-elementor-open-lightbox=\"yes\" data-elementor-lightbox-slideshow=\"7b0a2e6\" data-e-action-hash=\"#elementor-action%3Aaction%3Dlightbox%26settings%3DeyJpZCI6NDQxNzUsInVybCI6Imh0dHBzOlwvXC92aXNpdGRpc3RyaWt0LnJzXC9tZWRpYVwvMjAyM1wvMDJcL0R1bmF2LWZvdG8tSmVsZW5hLUl2YW5vdmljMi5qcGciLCJzbGlkZXNob3ciOiI3YjBhMmU2In0%3D\" href='https:\/\/visitdistrikt.rs\/media\/2023\/02\/Dunav-foto-Jelena-Ivanovic2.jpg'><img loading=\"lazy\" decoding=\"async\" width=\"800\" height=\"533\" src=\"https:\/\/visitdistrikt.rs\/media\/2023\/02\/Dunav-foto-Jelena-Ivanovic2.jpg\" class=\"attachment-full size-full\" alt=\"\" srcset=\"https:\/\/visitdistrikt.rs\/media\/2023\/02\/Dunav-foto-Jelena-Ivanovic2.jpg 800w, https:\/\/visitdistrikt.rs\/media\/2023\/02\/Dunav-foto-Jelena-Ivanovic2-300x200.jpg 300w, https:\/\/visitdistrikt.rs\/media\/2023\/02\/Dunav-foto-Jelena-Ivanovic2-768x512.jpg 768w\" sizes=\"(max-width: 800px) 100vw, 800px\" \/><\/a>\n\t\t\t<\/div><\/figure><figure class='gallery-item'>\n\t\t\t<div class='gallery-icon landscape'>\n\t\t\t\t<a data-elementor-open-lightbox=\"yes\" data-elementor-lightbox-slideshow=\"7b0a2e6\" data-e-action-hash=\"#elementor-action%3Aaction%3Dlightbox%26settings%3DeyJpZCI6NDQxNzcsInVybCI6Imh0dHBzOlwvXC92aXNpdGRpc3RyaWt0LnJzXC9tZWRpYVwvMjAyM1wvMDJcL0VQSy1Ob3ZpLVNhZC05LTEuanBnIiwic2xpZGVzaG93IjoiN2IwYTJlNiJ9\" href='https:\/\/visitdistrikt.rs\/media\/2023\/02\/EPK-Novi-Sad-9-1.jpg'><img loading=\"lazy\" decoding=\"async\" width=\"800\" height=\"533\" src=\"https:\/\/visitdistrikt.rs\/media\/2023\/02\/EPK-Novi-Sad-9-1.jpg\" class=\"attachment-full size-full\" alt=\"\" srcset=\"https:\/\/visitdistrikt.rs\/media\/2023\/02\/EPK-Novi-Sad-9-1.jpg 800w, https:\/\/visitdistrikt.rs\/media\/2023\/02\/EPK-Novi-Sad-9-1-300x200.jpg 300w, https:\/\/visitdistrikt.rs\/media\/2023\/02\/EPK-Novi-Sad-9-1-768x512.jpg 768w\" sizes=\"(max-width: 800px) 100vw, 800px\" \/><\/a>\n\t\t\t<\/div><\/figure><figure class='gallery-item'>\n\t\t\t<div class='gallery-icon landscape'>\n\t\t\t\t<a data-elementor-open-lightbox=\"yes\" data-elementor-lightbox-slideshow=\"7b0a2e6\" data-e-action-hash=\"#elementor-action%3Aaction%3Dlightbox%26settings%3DeyJpZCI6NDQxODAsInVybCI6Imh0dHBzOlwvXC92aXNpdGRpc3RyaWt0LnJzXC9tZWRpYVwvMjAyM1wvMDJcL0VQSy1Ob3ZpLVNhZC1mb3RvLUplbGVuYS1JdmFub3ZpYy00My5qcGciLCJzbGlkZXNob3ciOiI3YjBhMmU2In0%3D\" href='https:\/\/visitdistrikt.rs\/media\/2023\/02\/EPK-Novi-Sad-foto-Jelena-Ivanovic-43.jpg'><img loading=\"lazy\" decoding=\"async\" width=\"800\" height=\"533\" src=\"https:\/\/visitdistrikt.rs\/media\/2023\/02\/EPK-Novi-Sad-foto-Jelena-Ivanovic-43.jpg\" class=\"attachment-full size-full\" alt=\"\" srcset=\"https:\/\/visitdistrikt.rs\/media\/2023\/02\/EPK-Novi-Sad-foto-Jelena-Ivanovic-43.jpg 800w, https:\/\/visitdistrikt.rs\/media\/2023\/02\/EPK-Novi-Sad-foto-Jelena-Ivanovic-43-300x200.jpg 300w, https:\/\/visitdistrikt.rs\/media\/2023\/02\/EPK-Novi-Sad-foto-Jelena-Ivanovic-43-768x512.jpg 768w\" sizes=\"(max-width: 800px) 100vw, 800px\" \/><\/a>\n\t\t\t<\/div><\/figure><figure class='gallery-item'>\n\t\t\t<div class='gallery-icon landscape'>\n\t\t\t\t<a data-elementor-open-lightbox=\"yes\" data-elementor-lightbox-slideshow=\"7b0a2e6\" data-e-action-hash=\"#elementor-action%3Aaction%3Dlightbox%26settings%3DeyJpZCI6NDQxOTIsInVybCI6Imh0dHBzOlwvXC92aXNpdGRpc3RyaWt0LnJzXC9tZWRpYVwvMjAyM1wvMDJcL1Zpc2l0TlMtdmFyYWRpbnNraS1tb3N0LWZvdG8tSmVsZW5hLUl2YW5vdmljLTguanBnIiwic2xpZGVzaG93IjoiN2IwYTJlNiJ9\" href='https:\/\/visitdistrikt.rs\/media\/2023\/02\/VisitNS-varadinski-most-foto-Jelena-Ivanovic-8.jpg'><img loading=\"lazy\" decoding=\"async\" width=\"800\" height=\"533\" src=\"https:\/\/visitdistrikt.rs\/media\/2023\/02\/VisitNS-varadinski-most-foto-Jelena-Ivanovic-8.jpg\" class=\"attachment-full size-full\" alt=\"\" srcset=\"https:\/\/visitdistrikt.rs\/media\/2023\/02\/VisitNS-varadinski-most-foto-Jelena-Ivanovic-8.jpg 800w, https:\/\/visitdistrikt.rs\/media\/2023\/02\/VisitNS-varadinski-most-foto-Jelena-Ivanovic-8-300x200.jpg 300w, https:\/\/visitdistrikt.rs\/media\/2023\/02\/VisitNS-varadinski-most-foto-Jelena-Ivanovic-8-768x512.jpg 768w\" sizes=\"(max-width: 800px) 100vw, 800px\" \/><\/a>\n\t\t\t<\/div><\/figure><figure class='gallery-item'>\n\t\t\t<div class='gallery-icon landscape'>\n\t\t\t\t<a data-elementor-open-lightbox=\"yes\" data-elementor-lightbox-slideshow=\"7b0a2e6\" data-e-action-hash=\"#elementor-action%3Aaction%3Dlightbox%26settings%3DeyJpZCI6NDQxODQsInVybCI6Imh0dHBzOlwvXC92aXNpdGRpc3RyaWt0LnJzXC9tZWRpYVwvMjAyM1wvMDJcL0VQSy1Ob3ZpLVNhZC0zOS5qcGciLCJzbGlkZXNob3ciOiI3YjBhMmU2In0%3D\" href='https:\/\/visitdistrikt.rs\/media\/2023\/02\/EPK-Novi-Sad-39.jpg'><img loading=\"lazy\" decoding=\"async\" width=\"800\" height=\"533\" src=\"https:\/\/visitdistrikt.rs\/media\/2023\/02\/EPK-Novi-Sad-39.jpg\" class=\"attachment-full size-full\" alt=\"\" srcset=\"https:\/\/visitdistrikt.rs\/media\/2023\/02\/EPK-Novi-Sad-39.jpg 800w, https:\/\/visitdistrikt.rs\/media\/2023\/02\/EPK-Novi-Sad-39-300x200.jpg 300w, https:\/\/visitdistrikt.rs\/media\/2023\/02\/EPK-Novi-Sad-39-768x512.jpg 768w\" sizes=\"(max-width: 800px) 100vw, 800px\" \/><\/a>\n\t\t\t<\/div><\/figure><figure class='gallery-item'>\n\t\t\t<div class='gallery-icon landscape'>\n\t\t\t\t<a data-elementor-open-lightbox=\"yes\" data-elementor-lightbox-slideshow=\"7b0a2e6\" data-e-action-hash=\"#elementor-action%3Aaction%3Dlightbox%26settings%3DeyJpZCI6NDQxODYsInVybCI6Imh0dHBzOlwvXC92aXNpdGRpc3RyaWt0LnJzXC9tZWRpYVwvMjAyM1wvMDJcL0VQSy1Ob3ZpLVNhZC0yOC0xLmpwZyIsInNsaWRlc2hvdyI6IjdiMGEyZTYifQ%3D%3D\" href='https:\/\/visitdistrikt.rs\/media\/2023\/02\/EPK-Novi-Sad-28-1.jpg'><img loading=\"lazy\" decoding=\"async\" width=\"800\" height=\"533\" src=\"https:\/\/visitdistrikt.rs\/media\/2023\/02\/EPK-Novi-Sad-28-1.jpg\" class=\"attachment-full size-full\" alt=\"\" srcset=\"https:\/\/visitdistrikt.rs\/media\/2023\/02\/EPK-Novi-Sad-28-1.jpg 800w, https:\/\/visitdistrikt.rs\/media\/2023\/02\/EPK-Novi-Sad-28-1-300x200.jpg 300w, https:\/\/visitdistrikt.rs\/media\/2023\/02\/EPK-Novi-Sad-28-1-768x512.jpg 768w\" sizes=\"(max-width: 800px) 100vw, 800px\" \/><\/a>\n\t\t\t<\/div><\/figure><figure class='gallery-item'>\n\t\t\t<div class='gallery-icon landscape'>\n\t\t\t\t<a data-elementor-open-lightbox=\"yes\" data-elementor-lightbox-slideshow=\"7b0a2e6\" data-e-action-hash=\"#elementor-action%3Aaction%3Dlightbox%26settings%3DeyJpZCI6NDQxODgsInVybCI6Imh0dHBzOlwvXC92aXNpdGRpc3RyaWt0LnJzXC9tZWRpYVwvMjAyM1wvMDJcL0VQSy1Ob3ZpLVNhZC0xOC0xLmpwZyIsInNsaWRlc2hvdyI6IjdiMGEyZTYifQ%3D%3D\" href='https:\/\/visitdistrikt.rs\/media\/2023\/02\/EPK-Novi-Sad-18-1.jpg'><img loading=\"lazy\" decoding=\"async\" width=\"800\" height=\"533\" src=\"https:\/\/visitdistrikt.rs\/media\/2023\/02\/EPK-Novi-Sad-18-1.jpg\" class=\"attachment-full size-full\" alt=\"\" srcset=\"https:\/\/visitdistrikt.rs\/media\/2023\/02\/EPK-Novi-Sad-18-1.jpg 800w, https:\/\/visitdistrikt.rs\/media\/2023\/02\/EPK-Novi-Sad-18-1-300x200.jpg 300w, https:\/\/visitdistrikt.rs\/media\/2023\/02\/EPK-Novi-Sad-18-1-768x512.jpg 768w\" sizes=\"(max-width: 800px) 100vw, 800px\" \/><\/a>\n\t\t\t<\/div><\/figure><figure class='gallery-item'>\n\t\t\t<div class='gallery-icon landscape'>\n\t\t\t\t<a data-elementor-open-lightbox=\"yes\" data-elementor-lightbox-slideshow=\"7b0a2e6\" data-e-action-hash=\"#elementor-action%3Aaction%3Dlightbox%26settings%3DeyJpZCI6NDQxOTQsInVybCI6Imh0dHBzOlwvXC92aXNpdGRpc3RyaWt0LnJzXC9tZWRpYVwvMjAyM1wvMDJcL1Zpc2l0TlMtWmV6ZWxqZXYtbW9zdC1mb3RvLUplbGVuYS1JdmFub3ZpYzMuanBnIiwic2xpZGVzaG93IjoiN2IwYTJlNiJ9\" href='https:\/\/visitdistrikt.rs\/media\/2023\/02\/VisitNS-Zezeljev-most-foto-Jelena-Ivanovic3.jpg'><img loading=\"lazy\" decoding=\"async\" width=\"800\" height=\"533\" src=\"https:\/\/visitdistrikt.rs\/media\/2023\/02\/VisitNS-Zezeljev-most-foto-Jelena-Ivanovic3.jpg\" class=\"attachment-full size-full\" alt=\"\" srcset=\"https:\/\/visitdistrikt.rs\/media\/2023\/02\/VisitNS-Zezeljev-most-foto-Jelena-Ivanovic3.jpg 800w, https:\/\/visitdistrikt.rs\/media\/2023\/02\/VisitNS-Zezeljev-most-foto-Jelena-Ivanovic3-300x200.jpg 300w, https:\/\/visitdistrikt.rs\/media\/2023\/02\/VisitNS-Zezeljev-most-foto-Jelena-Ivanovic3-768x512.jpg 768w\" sizes=\"(max-width: 800px) 100vw, 800px\" \/><\/a>\n\t\t\t<\/div><\/figure><figure class='gallery-item'>\n\t\t\t<div class='gallery-icon landscape'>\n\t\t\t\t<a data-elementor-open-lightbox=\"yes\" data-elementor-lightbox-slideshow=\"7b0a2e6\" data-e-action-hash=\"#elementor-action%3Aaction%3Dlightbox%26settings%3DeyJpZCI6NDQxOTgsInVybCI6Imh0dHBzOlwvXC92aXNpdGRpc3RyaWt0LnJzXC9tZWRpYVwvMjAyM1wvMDJcL1Zpc2l0LU5TLXVsLU9nbmplbmEtUHJpY2UtZm90by1KZWxlbmEtSXZhbm92aWMtMy5qcGciLCJzbGlkZXNob3ciOiI3YjBhMmU2In0%3D\" href='https:\/\/visitdistrikt.rs\/media\/2023\/02\/Visit-NS-ul-Ognjena-Price-foto-Jelena-Ivanovic-3.jpg'><img loading=\"lazy\" decoding=\"async\" width=\"800\" height=\"533\" src=\"https:\/\/visitdistrikt.rs\/media\/2023\/02\/Visit-NS-ul-Ognjena-Price-foto-Jelena-Ivanovic-3.jpg\" class=\"attachment-full size-full\" alt=\"\" srcset=\"https:\/\/visitdistrikt.rs\/media\/2023\/02\/Visit-NS-ul-Ognjena-Price-foto-Jelena-Ivanovic-3.jpg 800w, https:\/\/visitdistrikt.rs\/media\/2023\/02\/Visit-NS-ul-Ognjena-Price-foto-Jelena-Ivanovic-3-300x200.jpg 300w, https:\/\/visitdistrikt.rs\/media\/2023\/02\/Visit-NS-ul-Ognjena-Price-foto-Jelena-Ivanovic-3-768x512.jpg 768w\" sizes=\"(max-width: 800px) 100vw, 800px\" \/><\/a>\n\t\t\t<\/div><\/figure><figure class='gallery-item'>\n\t\t\t<div class='gallery-icon landscape'>\n\t\t\t\t<a data-elementor-open-lightbox=\"yes\" data-elementor-lightbox-slideshow=\"7b0a2e6\" data-e-action-hash=\"#elementor-action%3Aaction%3Dlightbox%26settings%3DeyJpZCI6NDQyMTIsInVybCI6Imh0dHBzOlwvXC92aXNpdGRpc3RyaWt0LnJzXC9tZWRpYVwvMjAyM1wvMDJcL0VQSy1Ob3ZpLVNhZC1mb3RvLUplbGVuYS1JdmFub3ZpYy04Ny5qcGciLCJzbGlkZXNob3ciOiI3YjBhMmU2In0%3D\" href='https:\/\/visitdistrikt.rs\/media\/2023\/02\/EPK-Novi-Sad-foto-Jelena-Ivanovic-87.jpg'><img loading=\"lazy\" decoding=\"async\" width=\"800\" height=\"533\" src=\"https:\/\/visitdistrikt.rs\/media\/2023\/02\/EPK-Novi-Sad-foto-Jelena-Ivanovic-87.jpg\" class=\"attachment-full size-full\" alt=\"\" srcset=\"https:\/\/visitdistrikt.rs\/media\/2023\/02\/EPK-Novi-Sad-foto-Jelena-Ivanovic-87.jpg 800w, https:\/\/visitdistrikt.rs\/media\/2023\/02\/EPK-Novi-Sad-foto-Jelena-Ivanovic-87-300x200.jpg 300w, https:\/\/visitdistrikt.rs\/media\/2023\/02\/EPK-Novi-Sad-foto-Jelena-Ivanovic-87-768x512.jpg 768w\" sizes=\"(max-width: 800px) 100vw, 800px\" \/><\/a>\n\t\t\t<\/div><\/figure><figure class='gallery-item'>\n\t\t\t<div class='gallery-icon landscape'>\n\t\t\t\t<a data-elementor-open-lightbox=\"yes\" data-elementor-lightbox-slideshow=\"7b0a2e6\" data-e-action-hash=\"#elementor-action%3Aaction%3Dlightbox%26settings%3DeyJpZCI6NDQyMDAsInVybCI6Imh0dHBzOlwvXC92aXNpdGRpc3RyaWt0LnJzXC9tZWRpYVwvMjAyM1wvMDJcL1Zpc2l0LU5TLVNpbmFnb2dhLWZvdG8tSmVsZW5hLUl2YW5vdmljLTYuanBnIiwic2xpZGVzaG93IjoiN2IwYTJlNiJ9\" href='https:\/\/visitdistrikt.rs\/media\/2023\/02\/Visit-NS-Sinagoga-foto-Jelena-Ivanovic-6.jpg'><img loading=\"lazy\" decoding=\"async\" width=\"800\" height=\"533\" src=\"https:\/\/visitdistrikt.rs\/media\/2023\/02\/Visit-NS-Sinagoga-foto-Jelena-Ivanovic-6.jpg\" class=\"attachment-full size-full\" alt=\"\" srcset=\"https:\/\/visitdistrikt.rs\/media\/2023\/02\/Visit-NS-Sinagoga-foto-Jelena-Ivanovic-6.jpg 800w, https:\/\/visitdistrikt.rs\/media\/2023\/02\/Visit-NS-Sinagoga-foto-Jelena-Ivanovic-6-300x200.jpg 300w, https:\/\/visitdistrikt.rs\/media\/2023\/02\/Visit-NS-Sinagoga-foto-Jelena-Ivanovic-6-768x512.jpg 768w\" sizes=\"(max-width: 800px) 100vw, 800px\" \/><\/a>\n\t\t\t<\/div><\/figure><figure class='gallery-item'>\n\t\t\t<div class='gallery-icon landscape'>\n\t\t\t\t<a data-elementor-open-lightbox=\"yes\" data-elementor-lightbox-slideshow=\"7b0a2e6\" data-e-action-hash=\"#elementor-action%3Aaction%3Dlightbox%26settings%3DeyJpZCI6NDQyMDIsInVybCI6Imh0dHBzOlwvXC92aXNpdGRpc3RyaWt0LnJzXC9tZWRpYVwvMjAyM1wvMDJcL1Zpc2l0LU5TLURqYWNrby1pZ3JhbGlzdGUtZm90by1KZWxlbmEtSXZhbm92aWMtMS5qcGciLCJzbGlkZXNob3ciOiI3YjBhMmU2In0%3D\" href='https:\/\/visitdistrikt.rs\/media\/2023\/02\/Visit-NS-Djacko-igraliste-foto-Jelena-Ivanovic-1.jpg'><img loading=\"lazy\" decoding=\"async\" width=\"800\" height=\"533\" src=\"https:\/\/visitdistrikt.rs\/media\/2023\/02\/Visit-NS-Djacko-igraliste-foto-Jelena-Ivanovic-1.jpg\" class=\"attachment-full size-full\" alt=\"\" srcset=\"https:\/\/visitdistrikt.rs\/media\/2023\/02\/Visit-NS-Djacko-igraliste-foto-Jelena-Ivanovic-1.jpg 800w, https:\/\/visitdistrikt.rs\/media\/2023\/02\/Visit-NS-Djacko-igraliste-foto-Jelena-Ivanovic-1-300x200.jpg 300w, https:\/\/visitdistrikt.rs\/media\/2023\/02\/Visit-NS-Djacko-igraliste-foto-Jelena-Ivanovic-1-768x512.jpg 768w\" sizes=\"(max-width: 800px) 100vw, 800px\" \/><\/a>\n\t\t\t<\/div><\/figure><figure class='gallery-item'>\n\t\t\t<div class='gallery-icon landscape'>\n\t\t\t\t<a data-elementor-open-lightbox=\"yes\" data-elementor-lightbox-slideshow=\"7b0a2e6\" data-e-action-hash=\"#elementor-action%3Aaction%3Dlightbox%26settings%3DeyJpZCI6NDQyMDQsInVybCI6Imh0dHBzOlwvXC92aXNpdGRpc3RyaWt0LnJzXC9tZWRpYVwvMjAyM1wvMDJcL1Zpc2l0LU5TLUFsbWFza2kta3Jhai1mb3RvLUplbGVuYS1JdmFub3ZpYy0xMS5qcGciLCJzbGlkZXNob3ciOiI3YjBhMmU2In0%3D\" href='https:\/\/visitdistrikt.rs\/media\/2023\/02\/Visit-NS-Almaski-kraj-foto-Jelena-Ivanovic-11.jpg'><img loading=\"lazy\" decoding=\"async\" width=\"800\" height=\"533\" src=\"https:\/\/visitdistrikt.rs\/media\/2023\/02\/Visit-NS-Almaski-kraj-foto-Jelena-Ivanovic-11.jpg\" class=\"attachment-full size-full\" alt=\"\" srcset=\"https:\/\/visitdistrikt.rs\/media\/2023\/02\/Visit-NS-Almaski-kraj-foto-Jelena-Ivanovic-11.jpg 800w, https:\/\/visitdistrikt.rs\/media\/2023\/02\/Visit-NS-Almaski-kraj-foto-Jelena-Ivanovic-11-300x200.jpg 300w, https:\/\/visitdistrikt.rs\/media\/2023\/02\/Visit-NS-Almaski-kraj-foto-Jelena-Ivanovic-11-768x512.jpg 768w\" sizes=\"(max-width: 800px) 100vw, 800px\" \/><\/a>\n\t\t\t<\/div><\/figure><figure class='gallery-item'>\n\t\t\t<div class='gallery-icon landscape'>\n\t\t\t\t<a data-elementor-open-lightbox=\"yes\" data-elementor-lightbox-slideshow=\"7b0a2e6\" data-e-action-hash=\"#elementor-action%3Aaction%3Dlightbox%26settings%3DeyJpZCI6NDQyMDYsInVybCI6Imh0dHBzOlwvXC92aXNpdGRpc3RyaWt0LnJzXC9tZWRpYVwvMjAyM1wvMDJcL0tyZWF0aXZuaS1kaXN0cmlrdC0zNy0xLmpwZyIsInNsaWRlc2hvdyI6IjdiMGEyZTYifQ%3D%3D\" href='https:\/\/visitdistrikt.rs\/media\/2023\/02\/Kreativni-distrikt-37-1.jpg'><img loading=\"lazy\" decoding=\"async\" width=\"800\" height=\"533\" src=\"https:\/\/visitdistrikt.rs\/media\/2023\/02\/Kreativni-distrikt-37-1.jpg\" class=\"attachment-full size-full\" alt=\"\" srcset=\"https:\/\/visitdistrikt.rs\/media\/2023\/02\/Kreativni-distrikt-37-1.jpg 800w, https:\/\/visitdistrikt.rs\/media\/2023\/02\/Kreativni-distrikt-37-1-300x200.jpg 300w, https:\/\/visitdistrikt.rs\/media\/2023\/02\/Kreativni-distrikt-37-1-768x512.jpg 768w\" sizes=\"(max-width: 800px) 100vw, 800px\" \/><\/a>\n\t\t\t<\/div><\/figure><figure class='gallery-item'>\n\t\t\t<div class='gallery-icon landscape'>\n\t\t\t\t<a data-elementor-open-lightbox=\"yes\" data-elementor-lightbox-slideshow=\"7b0a2e6\" data-e-action-hash=\"#elementor-action%3Aaction%3Dlightbox%26settings%3DeyJpZCI6NDQyMDgsInVybCI6Imh0dHBzOlwvXC92aXNpdGRpc3RyaWt0LnJzXC9tZWRpYVwvMjAyM1wvMDJcL0VQSy1WaXNpdG5zLUZydXNrYS1nb3JhLWZvdG8tSmVsZW5hLUl2YW5vdmljLTUwLmpwZyIsInNsaWRlc2hvdyI6IjdiMGEyZTYifQ%3D%3D\" href='https:\/\/visitdistrikt.rs\/media\/2023\/02\/EPK-Visitns-Fruska-gora-foto-Jelena-Ivanovic-50.jpg'><img loading=\"lazy\" decoding=\"async\" width=\"800\" height=\"533\" src=\"https:\/\/visitdistrikt.rs\/media\/2023\/02\/EPK-Visitns-Fruska-gora-foto-Jelena-Ivanovic-50.jpg\" class=\"attachment-full size-full\" alt=\"\" srcset=\"https:\/\/visitdistrikt.rs\/media\/2023\/02\/EPK-Visitns-Fruska-gora-foto-Jelena-Ivanovic-50.jpg 800w, https:\/\/visitdistrikt.rs\/media\/2023\/02\/EPK-Visitns-Fruska-gora-foto-Jelena-Ivanovic-50-300x200.jpg 300w, https:\/\/visitdistrikt.rs\/media\/2023\/02\/EPK-Visitns-Fruska-gora-foto-Jelena-Ivanovic-50-768x512.jpg 768w\" sizes=\"(max-width: 800px) 100vw, 800px\" \/><\/a>\n\t\t\t<\/div><\/figure><figure class='gallery-item'>\n\t\t\t<div class='gallery-icon landscape'>\n\t\t\t\t<a data-elementor-open-lightbox=\"yes\" data-elementor-lightbox-slideshow=\"7b0a2e6\" data-e-action-hash=\"#elementor-action%3Aaction%3Dlightbox%26settings%3DeyJpZCI6NDQyMTAsInVybCI6Imh0dHBzOlwvXC92aXNpdGRpc3RyaWt0LnJzXC9tZWRpYVwvMjAyM1wvMDJcL0VQSy1Ob3ZpLVNhZC1mb3RvLUplbGVuYS1JdmFub3ZpYy05OC5qcGciLCJzbGlkZXNob3ciOiI3YjBhMmU2In0%3D\" href='https:\/\/visitdistrikt.rs\/media\/2023\/02\/EPK-Novi-Sad-foto-Jelena-Ivanovic-98.jpg'><img loading=\"lazy\" decoding=\"async\" width=\"800\" height=\"533\" src=\"https:\/\/visitdistrikt.rs\/media\/2023\/02\/EPK-Novi-Sad-foto-Jelena-Ivanovic-98.jpg\" class=\"attachment-full size-full\" alt=\"\" srcset=\"https:\/\/visitdistrikt.rs\/media\/2023\/02\/EPK-Novi-Sad-foto-Jelena-Ivanovic-98.jpg 800w, https:\/\/visitdistrikt.rs\/media\/2023\/02\/EPK-Novi-Sad-foto-Jelena-Ivanovic-98-300x200.jpg 300w, https:\/\/visitdistrikt.rs\/media\/2023\/02\/EPK-Novi-Sad-foto-Jelena-Ivanovic-98-768x512.jpg 768w\" sizes=\"(max-width: 800px) 100vw, 800px\" \/><\/a>\n\t\t\t<\/div><\/figure><figure class='gallery-item'>\n\t\t\t<div class='gallery-icon landscape'>\n\t\t\t\t<a data-elementor-open-lightbox=\"yes\" data-elementor-lightbox-slideshow=\"7b0a2e6\" data-e-action-hash=\"#elementor-action%3Aaction%3Dlightbox%26settings%3DeyJpZCI6NDQxOTYsInVybCI6Imh0dHBzOlwvXC92aXNpdGRpc3RyaWt0LnJzXC9tZWRpYVwvMjAyM1wvMDJcL1Zpc2l0TlMtbW9zdC1zbG9ib2RlLWZvdG8tSmVsZW5hLUl2YW5vdmljLTEuanBnIiwic2xpZGVzaG93IjoiN2IwYTJlNiJ9\" href='https:\/\/visitdistrikt.rs\/media\/2023\/02\/VisitNS-most-slobode-foto-Jelena-Ivanovic-1.jpg'><img loading=\"lazy\" decoding=\"async\" width=\"800\" height=\"533\" src=\"https:\/\/visitdistrikt.rs\/media\/2023\/02\/VisitNS-most-slobode-foto-Jelena-Ivanovic-1.jpg\" class=\"attachment-full size-full\" alt=\"\" srcset=\"https:\/\/visitdistrikt.rs\/media\/2023\/02\/VisitNS-most-slobode-foto-Jelena-Ivanovic-1.jpg 800w, https:\/\/visitdistrikt.rs\/media\/2023\/02\/VisitNS-most-slobode-foto-Jelena-Ivanovic-1-300x200.jpg 300w, https:\/\/visitdistrikt.rs\/media\/2023\/02\/VisitNS-most-slobode-foto-Jelena-Ivanovic-1-768x512.jpg 768w\" sizes=\"(max-width: 800px) 100vw, 800px\" \/><\/a>\n\t\t\t<\/div><\/figure><figure class='gallery-item'>\n\t\t\t<div class='gallery-icon landscape'>\n\t\t\t\t<a data-elementor-open-lightbox=\"yes\" data-elementor-lightbox-slideshow=\"7b0a2e6\" data-e-action-hash=\"#elementor-action%3Aaction%3Dlightbox%26settings%3DeyJpZCI6NDQyMzksInVybCI6Imh0dHBzOlwvXC92aXNpdGRpc3RyaWt0LnJzXC9tZWRpYVwvMjAyM1wvMDJcL1Zpc2l0TlMtc3RyYW5kLWZvdG8tSmVsZW5hLUl2YW5vdmljLTEtMS5qcGciLCJzbGlkZXNob3ciOiI3YjBhMmU2In0%3D\" href='https:\/\/visitdistrikt.rs\/media\/2023\/02\/VisitNS-strand-foto-Jelena-Ivanovic-1-1.jpg'><img loading=\"lazy\" decoding=\"async\" width=\"800\" height=\"533\" src=\"https:\/\/visitdistrikt.rs\/media\/2023\/02\/VisitNS-strand-foto-Jelena-Ivanovic-1-1.jpg\" class=\"attachment-full size-full\" alt=\"\" srcset=\"https:\/\/visitdistrikt.rs\/media\/2023\/02\/VisitNS-strand-foto-Jelena-Ivanovic-1-1.jpg 800w, https:\/\/visitdistrikt.rs\/media\/2023\/02\/VisitNS-strand-foto-Jelena-Ivanovic-1-1-300x200.jpg 300w, https:\/\/visitdistrikt.rs\/media\/2023\/02\/VisitNS-strand-foto-Jelena-Ivanovic-1-1-768x512.jpg 768w\" sizes=\"(max-width: 800px) 100vw, 800px\" \/><\/a>\n\t\t\t<\/div><\/figure><figure class='gallery-item'>\n\t\t\t<div class='gallery-icon landscape'>\n\t\t\t\t<a data-elementor-open-lightbox=\"yes\" data-elementor-lightbox-slideshow=\"7b0a2e6\" data-e-action-hash=\"#elementor-action%3Aaction%3Dlightbox%26settings%3DeyJpZCI6NDQyMTQsInVybCI6Imh0dHBzOlwvXC92aXNpdGRpc3RyaWt0LnJzXC9tZWRpYVwvMjAyM1wvMDJcL0VQSy1Ob3ZpLVNhZC1mb3RvLUplbGVuYS1JdmFub3ZpYy04My5qcGciLCJzbGlkZXNob3ciOiI3YjBhMmU2In0%3D\" href='https:\/\/visitdistrikt.rs\/media\/2023\/02\/EPK-Novi-Sad-foto-Jelena-Ivanovic-83.jpg'><img loading=\"lazy\" decoding=\"async\" width=\"800\" height=\"533\" src=\"https:\/\/visitdistrikt.rs\/media\/2023\/02\/EPK-Novi-Sad-foto-Jelena-Ivanovic-83.jpg\" class=\"attachment-full size-full\" alt=\"\" srcset=\"https:\/\/visitdistrikt.rs\/media\/2023\/02\/EPK-Novi-Sad-foto-Jelena-Ivanovic-83.jpg 800w, https:\/\/visitdistrikt.rs\/media\/2023\/02\/EPK-Novi-Sad-foto-Jelena-Ivanovic-83-300x200.jpg 300w, https:\/\/visitdistrikt.rs\/media\/2023\/02\/EPK-Novi-Sad-foto-Jelena-Ivanovic-83-768x512.jpg 768w\" sizes=\"(max-width: 800px) 100vw, 800px\" \/><\/a>\n\t\t\t<\/div><\/figure><figure class='gallery-item'>\n\t\t\t<div class='gallery-icon landscape'>\n\t\t\t\t<a data-elementor-open-lightbox=\"yes\" data-elementor-lightbox-slideshow=\"7b0a2e6\" data-e-action-hash=\"#elementor-action%3Aaction%3Dlightbox%26settings%3DeyJpZCI6NDQyMTYsInVybCI6Imh0dHBzOlwvXC92aXNpdGRpc3RyaWt0LnJzXC9tZWRpYVwvMjAyM1wvMDJcL0VQSy1Ob3ZpLVNhZC1mb3RvLUplbGVuYS1JdmFub3ZpYy00My0xLmpwZyIsInNsaWRlc2hvdyI6IjdiMGEyZTYifQ%3D%3D\" href='https:\/\/visitdistrikt.rs\/media\/2023\/02\/EPK-Novi-Sad-foto-Jelena-Ivanovic-43-1.jpg'><img loading=\"lazy\" decoding=\"async\" width=\"800\" height=\"533\" src=\"https:\/\/visitdistrikt.rs\/media\/2023\/02\/EPK-Novi-Sad-foto-Jelena-Ivanovic-43-1.jpg\" class=\"attachment-full size-full\" alt=\"\" srcset=\"https:\/\/visitdistrikt.rs\/media\/2023\/02\/EPK-Novi-Sad-foto-Jelena-Ivanovic-43-1.jpg 800w, https:\/\/visitdistrikt.rs\/media\/2023\/02\/EPK-Novi-Sad-foto-Jelena-Ivanovic-43-1-300x200.jpg 300w, https:\/\/visitdistrikt.rs\/media\/2023\/02\/EPK-Novi-Sad-foto-Jelena-Ivanovic-43-1-768x512.jpg 768w\" sizes=\"(max-width: 800px) 100vw, 800px\" \/><\/a>\n\t\t\t<\/div><\/figure><figure class='gallery-item'>\n\t\t\t<div class='gallery-icon landscape'>\n\t\t\t\t<a data-elementor-open-lightbox=\"yes\" data-elementor-lightbox-slideshow=\"7b0a2e6\" data-e-action-hash=\"#elementor-action%3Aaction%3Dlightbox%26settings%3DeyJpZCI6NDQyMTgsInVybCI6Imh0dHBzOlwvXC92aXNpdGRpc3RyaWt0LnJzXC9tZWRpYVwvMjAyM1wvMDJcL0VQSy1Ob3ZpLVNhZC1mb3RvLUplbGVuYS1JdmFub3ZpYy0zOC0xLmpwZyIsInNsaWRlc2hvdyI6IjdiMGEyZTYifQ%3D%3D\" href='https:\/\/visitdistrikt.rs\/media\/2023\/02\/EPK-Novi-Sad-foto-Jelena-Ivanovic-38-1.jpg'><img loading=\"lazy\" decoding=\"async\" width=\"800\" height=\"533\" src=\"https:\/\/visitdistrikt.rs\/media\/2023\/02\/EPK-Novi-Sad-foto-Jelena-Ivanovic-38-1.jpg\" class=\"attachment-full size-full\" alt=\"\" srcset=\"https:\/\/visitdistrikt.rs\/media\/2023\/02\/EPK-Novi-Sad-foto-Jelena-Ivanovic-38-1.jpg 800w, https:\/\/visitdistrikt.rs\/media\/2023\/02\/EPK-Novi-Sad-foto-Jelena-Ivanovic-38-1-300x200.jpg 300w, https:\/\/visitdistrikt.rs\/media\/2023\/02\/EPK-Novi-Sad-foto-Jelena-Ivanovic-38-1-768x512.jpg 768w\" sizes=\"(max-width: 800px) 100vw, 800px\" \/><\/a>\n\t\t\t<\/div><\/figure><figure class='gallery-item'>\n\t\t\t<div class='gallery-icon landscape'>\n\t\t\t\t<a data-elementor-open-lightbox=\"yes\" data-elementor-lightbox-slideshow=\"7b0a2e6\" data-e-action-hash=\"#elementor-action%3Aaction%3Dlightbox%26settings%3DeyJpZCI6NDQyMjQsInVybCI6Imh0dHBzOlwvXC92aXNpdGRpc3RyaWt0LnJzXC9tZWRpYVwvMjAyM1wvMDJcL0VQSy1Ob3ZpLVNhZC02My0xLmpwZyIsInNsaWRlc2hvdyI6IjdiMGEyZTYifQ%3D%3D\" href='https:\/\/visitdistrikt.rs\/media\/2023\/02\/EPK-Novi-Sad-63-1.jpg'><img loading=\"lazy\" decoding=\"async\" width=\"800\" height=\"533\" src=\"https:\/\/visitdistrikt.rs\/media\/2023\/02\/EPK-Novi-Sad-63-1.jpg\" class=\"attachment-full size-full\" alt=\"\" srcset=\"https:\/\/visitdistrikt.rs\/media\/2023\/02\/EPK-Novi-Sad-63-1.jpg 800w, https:\/\/visitdistrikt.rs\/media\/2023\/02\/EPK-Novi-Sad-63-1-300x200.jpg 300w, https:\/\/visitdistrikt.rs\/media\/2023\/02\/EPK-Novi-Sad-63-1-768x512.jpg 768w\" sizes=\"(max-width: 800px) 100vw, 800px\" \/><\/a>\n\t\t\t<\/div><\/figure>\n\t\t<\/div>\n\t\t<\/div>\n\t\t\t\t<\/div>\n\t\t\t\t<\/div>\n\t\t\t\t\t<\/div>\n\t\t<\/div>\n\t\t\t\t\t<\/div>\n\t\t<\/section>\n\t\t\t\t<section class=\"elementor-section elementor-top-section elementor-element elementor-element-dff0235 elementor-section-boxed elementor-section-height-default elementor-section-height-default\" data-id=\"dff0235\" data-element_type=\"section\">\n\t\t\t\t\t\t<div class=\"elementor-container elementor-column-gap-default\">\n\t\t\t\t\t<div class=\"elementor-column elementor-col-100 elementor-top-column elementor-element elementor-element-1f5c87e\" data-id=\"1f5c87e\" data-element_type=\"column\">\n\t\t\t<div class=\"elementor-widget-wrap elementor-element-populated\">\n\t\t\t\t\t\t<div class=\"elementor-element elementor-element-2ddec55 elementor-widget elementor-widget-text-editor\" data-id=\"2ddec55\" data-element_type=\"widget\" data-widget_type=\"text-editor.default\">\n\t\t\t\t<div class=\"elementor-widget-container\">\n\t\t\t\t\t\t\t<p><strong>Author:<\/strong> Marina Mari\u0107<\/p><p><strong>Photo:<\/strong> Jelena Ivanovi\u0107, Filip Petronijevi\u0107<\/p>\t\t\t\t\t\t<\/div>\n\t\t\t\t<\/div>\n\t\t\t\t\t<\/div>\n\t\t<\/div>\n\t\t\t\t\t<\/div>\n\t\t<\/section>\n\t\t\t\t<\/div>\n\t\t","protected":false},"excerpt":{"rendered":"<p>Have you ever wondered what Novi Sad looks like from the bird\u2019s-eye view? Take a look at our photo gallery of stunning photos and get to know a whole new perspective of the European city of culture. <\/p>\n","protected":false},"author":9,"featured_media":44244,"comment_status":"closed","ping_status":"closed","sticky":false,"template":"","format":"standard","meta":{"footnotes":"","_links_to":"","_links_to_target":""},"categories":[313,305,310],"tags":[],"yoast_head":"<!-- This site is optimized with the Yoast SEO plugin v22.4 - https:\/\/yoast.com\/wordpress\/plugins\/seo\/ -->\n<title>Get to Know Novi Sad from a Different Perspective - Visit Distrikt Novi Sad<\/title>\n<meta name=\"description\" content=\"Have you ever wondered what Novi Sad looks like from the bird\u2019s-eye view? Take a look at our photo gallery of stunning photos.\" \/>\n<meta name=\"robots\" content=\"index, follow, max-snippet:-1, max-image-preview:large, max-video-preview:-1\" \/>\n<link rel=\"canonical\" href=\"https:\/\/visitdistrikt.rs\/en\/2023\/03\/14\/get-to-know-novi-sad-from-a-different-perspective\/\" \/>\n<meta property=\"og:locale\" content=\"en_US\" \/>\n<meta property=\"og:type\" content=\"article\" \/>\n<meta property=\"og:title\" content=\"Get to Know Novi Sad from a Different Perspective - Visit Distrikt Novi Sad\" \/>\n<meta property=\"og:description\" content=\"Have you ever wondered what Novi Sad looks like from the bird\u2019s-eye view? Take a look at our photo gallery of stunning photos.\" \/>\n<meta property=\"og:url\" content=\"https:\/\/visitdistrikt.rs\/en\/2023\/03\/14\/get-to-know-novi-sad-from-a-different-perspective\/\" \/>\n<meta property=\"og:site_name\" content=\"Visit Distrikt Novi Sad\" \/>\n<meta property=\"article:published_time\" content=\"2023-03-14T09:33:50+00:00\" \/>\n<meta property=\"og:image\" content=\"https:\/\/visitdistrikt.rs\/media\/2023\/02\/Untitled-design-57.jpg\" \/>\n\t<meta property=\"og:image:width\" content=\"1920\" \/>\n\t<meta property=\"og:image:height\" content=\"577\" \/>\n\t<meta property=\"og:image:type\" content=\"image\/jpeg\" \/>\n<meta name=\"author\" content=\"Marina Mari\u0107\" \/>\n<meta name=\"twitter:card\" content=\"summary_large_image\" \/>\n<meta name=\"twitter:label1\" content=\"Written by\" \/>\n\t<meta name=\"twitter:data1\" content=\"Marina Mari\u0107\" \/>\n\t<meta name=\"twitter:label2\" content=\"Est. reading time\" \/>\n\t<meta name=\"twitter:data2\" content=\"2 minutes\" \/>\n<script type=\"application\/ld+json\" class=\"yoast-schema-graph\">{\"@context\":\"https:\/\/schema.org\",\"@graph\":[{\"@type\":\"WebPage\",\"@id\":\"https:\/\/visitdistrikt.rs\/en\/2023\/03\/14\/get-to-know-novi-sad-from-a-different-perspective\/\",\"url\":\"https:\/\/visitdistrikt.rs\/en\/2023\/03\/14\/get-to-know-novi-sad-from-a-different-perspective\/\",\"name\":\"Get to Know Novi Sad from a Different Perspective - Visit Distrikt Novi Sad\",\"isPartOf\":{\"@id\":\"https:\/\/visitdistrikt.rs\/#website\"},\"primaryImageOfPage\":{\"@id\":\"https:\/\/visitdistrikt.rs\/en\/2023\/03\/14\/get-to-know-novi-sad-from-a-different-perspective\/#primaryimage\"},\"image\":{\"@id\":\"https:\/\/visitdistrikt.rs\/en\/2023\/03\/14\/get-to-know-novi-sad-from-a-different-perspective\/#primaryimage\"},\"thumbnailUrl\":\"https:\/\/visitdistrikt.rs\/media\/2023\/02\/Untitled-design-57.jpg\",\"datePublished\":\"2023-03-14T09:33:50+00:00\",\"dateModified\":\"2023-03-14T09:33:50+00:00\",\"author\":{\"@id\":\"https:\/\/visitdistrikt.rs\/#\/schema\/person\/b61f641548853605bef6b1ae7ca8aaa9\"},\"description\":\"Have you ever wondered what Novi Sad looks like from the bird\u2019s-eye view? Take a look at our photo gallery of stunning photos.\",\"breadcrumb\":{\"@id\":\"https:\/\/visitdistrikt.rs\/en\/2023\/03\/14\/get-to-know-novi-sad-from-a-different-perspective\/#breadcrumb\"},\"inLanguage\":\"en-US\",\"potentialAction\":[{\"@type\":\"ReadAction\",\"target\":[\"https:\/\/visitdistrikt.rs\/en\/2023\/03\/14\/get-to-know-novi-sad-from-a-different-perspective\/\"]}]},{\"@type\":\"ImageObject\",\"inLanguage\":\"en-US\",\"@id\":\"https:\/\/visitdistrikt.rs\/en\/2023\/03\/14\/get-to-know-novi-sad-from-a-different-perspective\/#primaryimage\",\"url\":\"https:\/\/visitdistrikt.rs\/media\/2023\/02\/Untitled-design-57.jpg\",\"contentUrl\":\"https:\/\/visitdistrikt.rs\/media\/2023\/02\/Untitled-design-57.jpg\",\"width\":1920,\"height\":577},{\"@type\":\"BreadcrumbList\",\"@id\":\"https:\/\/visitdistrikt.rs\/en\/2023\/03\/14\/get-to-know-novi-sad-from-a-different-perspective\/#breadcrumb\",\"itemListElement\":[{\"@type\":\"ListItem\",\"position\":1,\"name\":\"Home\",\"item\":\"https:\/\/visitdistrikt.rs\/en\/\"},{\"@type\":\"ListItem\",\"position\":2,\"name\":\"Get to Know Novi Sad from a Different Perspective\"}]},{\"@type\":\"WebSite\",\"@id\":\"https:\/\/visitdistrikt.rs\/#website\",\"url\":\"https:\/\/visitdistrikt.rs\/\",\"name\":\"Visit Distrikt Novi Sad\",\"description\":\"Novi Sad\",\"potentialAction\":[{\"@type\":\"SearchAction\",\"target\":{\"@type\":\"EntryPoint\",\"urlTemplate\":\"https:\/\/visitdistrikt.rs\/?s={search_term_string}\"},\"query-input\":\"required name=search_term_string\"}],\"inLanguage\":\"en-US\"},{\"@type\":\"Person\",\"@id\":\"https:\/\/visitdistrikt.rs\/#\/schema\/person\/b61f641548853605bef6b1ae7ca8aaa9\",\"name\":\"Marina Mari\u0107\",\"image\":{\"@type\":\"ImageObject\",\"inLanguage\":\"en-US\",\"@id\":\"https:\/\/visitdistrikt.rs\/#\/schema\/person\/image\/\",\"url\":\"https:\/\/secure.gravatar.com\/avatar\/aeec6fdfa57d2ba44680b29ea83001c6?s=96&d=mm&r=g\",\"contentUrl\":\"https:\/\/secure.gravatar.com\/avatar\/aeec6fdfa57d2ba44680b29ea83001c6?s=96&d=mm&r=g\",\"caption\":\"Marina Mari\u0107\"},\"sameAs\":[\"https:\/\/visitdistrikt.rs\"]}]}<\/script>\n<!-- \/ Yoast SEO plugin. -->","yoast_head_json":{"title":"Get to Know Novi Sad from a Different Perspective - Visit Distrikt Novi Sad","description":"Have you ever wondered what Novi Sad looks like from the bird\u2019s-eye view? Take a look at our photo gallery of stunning photos.","robots":{"index":"index","follow":"follow","max-snippet":"max-snippet:-1","max-image-preview":"max-image-preview:large","max-video-preview":"max-video-preview:-1"},"canonical":"https:\/\/visitdistrikt.rs\/en\/2023\/03\/14\/get-to-know-novi-sad-from-a-different-perspective\/","og_locale":"en_US","og_type":"article","og_title":"Get to Know Novi Sad from a Different Perspective - Visit Distrikt Novi Sad","og_description":"Have you ever wondered what Novi Sad looks like from the bird\u2019s-eye view? Take a look at our photo gallery of stunning photos.","og_url":"https:\/\/visitdistrikt.rs\/en\/2023\/03\/14\/get-to-know-novi-sad-from-a-different-perspective\/","og_site_name":"Visit Distrikt Novi Sad","article_published_time":"2023-03-14T09:33:50+00:00","og_image":[{"width":1920,"height":577,"url":"https:\/\/visitdistrikt.rs\/media\/2023\/02\/Untitled-design-57.jpg","type":"image\/jpeg"}],"author":"Marina Mari\u0107","twitter_card":"summary_large_image","twitter_misc":{"Written by":"Marina Mari\u0107","Est. reading time":"2 minutes"},"schema":{"@context":"https:\/\/schema.org","@graph":[{"@type":"WebPage","@id":"https:\/\/visitdistrikt.rs\/en\/2023\/03\/14\/get-to-know-novi-sad-from-a-different-perspective\/","url":"https:\/\/visitdistrikt.rs\/en\/2023\/03\/14\/get-to-know-novi-sad-from-a-different-perspective\/","name":"Get to Know Novi Sad from a Different Perspective - Visit Distrikt Novi Sad","isPartOf":{"@id":"https:\/\/visitdistrikt.rs\/#website"},"primaryImageOfPage":{"@id":"https:\/\/visitdistrikt.rs\/en\/2023\/03\/14\/get-to-know-novi-sad-from-a-different-perspective\/#primaryimage"},"image":{"@id":"https:\/\/visitdistrikt.rs\/en\/2023\/03\/14\/get-to-know-novi-sad-from-a-different-perspective\/#primaryimage"},"thumbnailUrl":"https:\/\/visitdistrikt.rs\/media\/2023\/02\/Untitled-design-57.jpg","datePublished":"2023-03-14T09:33:50+00:00","dateModified":"2023-03-14T09:33:50+00:00","author":{"@id":"https:\/\/visitdistrikt.rs\/#\/schema\/person\/b61f641548853605bef6b1ae7ca8aaa9"},"description":"Have you ever wondered what Novi Sad looks like from the bird\u2019s-eye view? Take a look at our photo gallery of stunning photos.","breadcrumb":{"@id":"https:\/\/visitdistrikt.rs\/en\/2023\/03\/14\/get-to-know-novi-sad-from-a-different-perspective\/#breadcrumb"},"inLanguage":"en-US","potentialAction":[{"@type":"ReadAction","target":["https:\/\/visitdistrikt.rs\/en\/2023\/03\/14\/get-to-know-novi-sad-from-a-different-perspective\/"]}]},{"@type":"ImageObject","inLanguage":"en-US","@id":"https:\/\/visitdistrikt.rs\/en\/2023\/03\/14\/get-to-know-novi-sad-from-a-different-perspective\/#primaryimage","url":"https:\/\/visitdistrikt.rs\/media\/2023\/02\/Untitled-design-57.jpg","contentUrl":"https:\/\/visitdistrikt.rs\/media\/2023\/02\/Untitled-design-57.jpg","width":1920,"height":577},{"@type":"BreadcrumbList","@id":"https:\/\/visitdistrikt.rs\/en\/2023\/03\/14\/get-to-know-novi-sad-from-a-different-perspective\/#breadcrumb","itemListElement":[{"@type":"ListItem","position":1,"name":"Home","item":"https:\/\/visitdistrikt.rs\/en\/"},{"@type":"ListItem","position":2,"name":"Get to Know Novi Sad from a Different Perspective"}]},{"@type":"WebSite","@id":"https:\/\/visitdistrikt.rs\/#website","url":"https:\/\/visitdistrikt.rs\/","name":"Visit Distrikt Novi Sad","description":"Novi Sad","potentialAction":[{"@type":"SearchAction","target":{"@type":"EntryPoint","urlTemplate":"https:\/\/visitdistrikt.rs\/?s={search_term_string}"},"query-input":"required name=search_term_string"}],"inLanguage":"en-US"},{"@type":"Person","@id":"https:\/\/visitdistrikt.rs\/#\/schema\/person\/b61f641548853605bef6b1ae7ca8aaa9","name":"Marina Mari\u0107","image":{"@type":"ImageObject","inLanguage":"en-US","@id":"https:\/\/visitdistrikt.rs\/#\/schema\/person\/image\/","url":"https:\/\/secure.gravatar.com\/avatar\/aeec6fdfa57d2ba44680b29ea83001c6?s=96&d=mm&r=g","contentUrl":"https:\/\/secure.gravatar.com\/avatar\/aeec6fdfa57d2ba44680b29ea83001c6?s=96&d=mm&r=g","caption":"Marina Mari\u0107"},"sameAs":["https:\/\/visitdistrikt.rs"]}]}},"_links":{"self":[{"href":"https:\/\/visitdistrikt.rs\/en\/wp-json\/wp\/v2\/posts\/44748"}],"collection":[{"href":"https:\/\/visitdistrikt.rs\/en\/wp-json\/wp\/v2\/posts"}],"about":[{"href":"https:\/\/visitdistrikt.rs\/en\/wp-json\/wp\/v2\/types\/post"}],"author":[{"embeddable":true,"href":"https:\/\/visitdistrikt.rs\/en\/wp-json\/wp\/v2\/users\/9"}],"replies":[{"embeddable":true,"href":"https:\/\/visitdistrikt.rs\/en\/wp-json\/wp\/v2\/comments?post=44748"}],"version-history":[{"count":4,"href":"https:\/\/visitdistrikt.rs\/en\/wp-json\/wp\/v2\/posts\/44748\/revisions"}],"predecessor-version":[{"id":44752,"href":"https:\/\/visitdistrikt.rs\/en\/wp-json\/wp\/v2\/posts\/44748\/revisions\/44752"}],"wp:featuredmedia":[{"embeddable":true,"href":"https:\/\/visitdistrikt.rs\/en\/wp-json\/wp\/v2\/media\/44244"}],"wp:attachment":[{"href":"https:\/\/visitdistrikt.rs\/en\/wp-json\/wp\/v2\/media?parent=44748"}],"wp:term":[{"taxonomy":"category","embeddable":true,"href":"https:\/\/visitdistrikt.rs\/en\/wp-json\/wp\/v2\/categories?post=44748"},{"taxonomy":"post_tag","embeddable":true,"href":"https:\/\/visitdistrikt.rs\/en\/wp-json\/wp\/v2\/tags?post=44748"}],"curies":[{"name":"wp","href":"https:\/\/api.w.org\/{rel}","templated":true}]}}