{"id":45556,"date":"2023-05-01T10:08:05","date_gmt":"2023-05-01T08:08:05","guid":{"rendered":"https:\/\/visitdistrikt.rs\/?p=45556"},"modified":"2023-05-10T10:16:09","modified_gmt":"2023-05-10T08:16:09","slug":"may-in-novi-sad-events-not-to-miss-this-month","status":"publish","type":"post","link":"https:\/\/visitdistrikt.rs\/en\/2023\/05\/01\/may-in-novi-sad-events-not-to-miss-this-month\/","title":{"rendered":"May in Novi Sad: Events Not To Miss This Month"},"content":{"rendered":"<p>May in Novi Sad brings us a variety of activities for everyone, from cultural and sports events to art festivals. Therefore, we invite you to explore the jewels of the city of culture on foot or by bike, and enjoy the increasingly beautiful spring days ahead. Embrace your dose of art, and in order to keep up to date with all the happenings in the city, regularly follow <a href=\"https:\/\/visitdistrikt.rs\/kalendar-dogadjaja\/\">the calendar on our website<\/a>. We provide you with a handful of ideas for all generations, so let us dedicate this month together to the culture and exciting activities that are available at every turn in our city.<\/p>\n<h2><strong>Music Programme<\/strong><\/h2>\n<p>Get started this May with a rich music programme in the city of culture, which begins with a concert by the bands <a href=\"https:\/\/new.gigstix.com\/event\/proto-tip-i-sitzpinker-novi-sad-05-maj-2023\/\"><strong>Proto Tip and Sitzpinker<\/strong><\/a> on Friday, <strong>5 May<\/strong>, at <em>SCCNS Fabrika<\/em>, at <strong>9 p.m.<\/strong> At the same time at <em>Dom Kulture<\/em>, a <a href=\"https:\/\/new.gigstix.com\/event\/trozvuk-party-novi-sad-05-maj-2023\/\"><strong><em>TROZVUK Party<\/em><\/strong><\/a> awaits you, which guarantees an exciting time.<\/p>\n<p>Fans of tambura music will be delighted by <a href=\"https:\/\/new.gigstix.com\/event\/zvonko-bogdan-novi-sad-2023\/\"><strong><em>Zvonko Bogdan<\/em><\/strong><\/a> \u00a0performance at the <em>Serbian National Theatre <\/em>on <strong>7 May<\/strong> at <strong>8 p.m.<\/strong> If, on the other hand, you are interested in listening live to <a href=\"https:\/\/new.gigstix.com\/event\/one-bad-lemon-u2-tribute-band-novi-sad-12-maj-2023\/\"><strong><em>One Bad Lemon<\/em><\/strong><\/a> band, who will play the timeless hits of the U2 band at <em>Dom Kulture<\/em>, mark <strong>12 May<\/strong> in your calendar and enjoy the concert from<strong> 9 p.m. <\/strong>The following day, <strong>13 May<\/strong>, dance in the \u2018black and white world\u2019 of <a href=\"https:\/\/new.gigstix.com\/event\/davorin-bogovic-novi-sad-13-maj-2023\/\"><strong>Davorin Bogovi\u0107<\/strong><\/a> (Prljavo Kazali\u0161te) in <em>Dom Kulture<\/em> at <strong>9 p.m.<\/strong><\/p>\n<p>In honour of <strong>Vlada Divljan<\/strong>, who would have turned 65 this May, <a href=\"https:\/\/new.gigstix.com\/event\/koncert-u-cast-vlade-divljana-novi-sad-19-maj-2023\/\"><strong><em>(Ne)Normalni &amp; Zdenko Kolar<\/em><\/strong><\/a> will hold a concert on Friday, <strong>19 May,<\/strong> at <em>SCCNS Fabrika<\/em> in the District. On this occasion, they will perform songs from <strong>Vlada Divljan<\/strong>&#8216;s rich musical career, and part of the repertoire will also include the biggest hits of the <em>Idoli<\/em> band.<\/p>\n<p>The popular duo from Pan\u010devo, <a href=\"https:\/\/new.gigstix.com\/event\/buc-kesidi-novi-sad-spens\/\"><strong><em>Bu\u010d Kesidi<\/em><\/strong><\/a>, is announcing their biggest concert in Novi Sad so far, at Spens <strong>on 20 May at 8 p.m.<\/strong> Their new album comes after the great success of<em> Euforija<\/em> and a tour that delighted audiences throughout the former Yugoslavia. Zoran and Luka, who make up this pop-rock electro band, will introduce us to another chapter of their work with new singles. Do not miss their concert!<\/p>\n<figure id=\"attachment_45456\" aria-describedby=\"caption-attachment-45456\" style=\"width: 800px\" class=\"wp-caption aligncenter\"><img fetchpriority=\"high\" decoding=\"async\" class=\"size-full wp-image-45456\" src=\"https:\/\/visitdistrikt.rs\/media\/2023\/04\/236217154_1715580305297884_1273802671310099544_n.jpg\" alt=\"\" width=\"800\" height=\"533\" srcset=\"https:\/\/visitdistrikt.rs\/media\/2023\/04\/236217154_1715580305297884_1273802671310099544_n.jpg 800w, https:\/\/visitdistrikt.rs\/media\/2023\/04\/236217154_1715580305297884_1273802671310099544_n-300x200.jpg 300w, https:\/\/visitdistrikt.rs\/media\/2023\/04\/236217154_1715580305297884_1273802671310099544_n-768x512.jpg 768w\" sizes=\"(max-width: 800px) 100vw, 800px\" \/><figcaption id=\"caption-attachment-45456\" class=\"wp-caption-text\">Bu\u010d Kesidi u Distriktu<\/figcaption><\/figure>\n<p>On the occasion of the 25<sup>th<\/sup> anniversary of the Heart Core album, the band <a href=\"https:\/\/new.gigstix.com\/event\/eva-braun-novi-sad-26-maj-2023\/\"><strong><em>Eva Braun,<\/em><\/strong><\/a> from Be\u010dej will perform at <em>Dom Kulture<\/em> on <strong>26 May at 8 p.m.<\/strong> If you like the songs from this album, the guys from the band guarantee a great time with the songs played in order, just like on the celebrated album.<\/p>\n<p>The band whose music combines jazz, Roma, klezmer and other types of music, <a href=\"https:\/\/new.gigstix.com\/event\/barcelona-gipsy-balkan-orchestra-novi-sad-2023\/\"><strong><em>Barcelona Gipsy balKan Orchestra<\/em><\/strong><\/a>, which we listened to as part of the Migration of Souls in the European Capital of Culture title year, decided to delight its fans with another concert in the city of culture. Do not miss their performance and music of exciting rhythm at Spens <strong>on 27 May at 9 p.m.<\/strong><\/p>\n<figure id=\"attachment_45454\" aria-describedby=\"caption-attachment-45454\" style=\"width: 800px\" class=\"wp-caption aligncenter\"><img decoding=\"async\" class=\"size-full wp-image-45454\" src=\"https:\/\/visitdistrikt.rs\/media\/2023\/04\/275277966_1860034610852452_8334649256045482245_n.jpg\" alt=\"\" width=\"800\" height=\"533\" srcset=\"https:\/\/visitdistrikt.rs\/media\/2023\/04\/275277966_1860034610852452_8334649256045482245_n.jpg 800w, https:\/\/visitdistrikt.rs\/media\/2023\/04\/275277966_1860034610852452_8334649256045482245_n-300x200.jpg 300w, https:\/\/visitdistrikt.rs\/media\/2023\/04\/275277966_1860034610852452_8334649256045482245_n-768x512.jpg 768w\" sizes=\"(max-width: 800px) 100vw, 800px\" \/><figcaption id=\"caption-attachment-45454\" class=\"wp-caption-text\">Barcelona Gipsy balKan Orchestra<\/figcaption><\/figure>\n<p>At the end of the exciting May, two more interesting concerts await you in Novi Sad on the same day, in the District and Dom Kulture. The popular Croatian band <a href=\"https:\/\/new.gigstix.com\/event\/vatra-novi-sad-27-maj-2023\/\"><strong><em>Vatra<\/em><\/strong><\/a> is coming to Novi Sad and Dom Kulture for the first time to play their hits in front of the local audience on Saturday,<strong> 27 May, at 8 p.m.<\/strong> A fiery atmosphere awaits you, as announced by the band, so get your tickets on time.<\/p>\n<p>Just an hour later, at <strong>9 p.m.<\/strong>, also on <strong>27 May<\/strong>, the <a href=\"https:\/\/new.gigstix.com\/event\/detour-novi-sad-27-maj-2023\/\"><strong><em>Detour<\/em><\/strong><\/a> band, known for its electro-acoustic pop sound, will perform at <em>SCCNS Fabrika<\/em>.<\/p>\n<h2><strong>Current Exhibitions<\/strong><\/h2>\n<p>This May, take a cultural tour of current exhibitions across the city. Our recommendation is the <a href=\"https:\/\/kalendar.novisad2022.rs\/events\/mileva-mi-smo-stena\/?occurrence=2023-05-31\"><strong><em>Mileva: We Are One Rock<\/em><\/strong><\/a> exhibition. Take a peek into the intimate life of science heroine Mileva Mari\u0107 Einstein through an interactive exhibition located in the City Museum of Novi Sad at the Petrovaradin Fortress, across the Danube. During the visit, which is open every day except Mondays, <strong>from 9 a.m. to 5 p.m.<\/strong>, discover the secrets of the marital relationship of the mathematician who stood beside the great man and her husband Albert Einstein. And we offer you <a href=\"https:\/\/visitdistrikt.rs\/2023\/02\/06\/5-razloga-da-posetite-izlozbu-mileva-mi-smo-stena\/\">five good reasons<\/a> to explore all the secrets of the unusual couple.<\/p>\n<figure id=\"attachment_45026\" aria-describedby=\"caption-attachment-45026\" style=\"width: 800px\" class=\"wp-caption aligncenter\"><img decoding=\"async\" class=\"size-full wp-image-45026\" src=\"https:\/\/visitdistrikt.rs\/media\/2023\/04\/V.Velickovic-December22-0381.jpg\" alt=\"\" width=\"800\" height=\"533\" srcset=\"https:\/\/visitdistrikt.rs\/media\/2023\/04\/V.Velickovic-December22-0381.jpg 800w, https:\/\/visitdistrikt.rs\/media\/2023\/04\/V.Velickovic-December22-0381-300x200.jpg 300w, https:\/\/visitdistrikt.rs\/media\/2023\/04\/V.Velickovic-December22-0381-768x512.jpg 768w\" sizes=\"(max-width: 800px) 100vw, 800px\" \/><figcaption id=\"caption-attachment-45026\" class=\"wp-caption-text\">Deo spektakularne izlo\u017ebe Mileva: mi smo stena<\/figcaption><\/figure>\n<p>After crossing the Varadin Bridge, head to the Novi Sad&#8217;s Gallery Square in the centre of the city, where two outstanding exhibitions worth your attention await you. In the <em>Gallery of Matica Srpska<\/em>, until<strong> 7 May<\/strong>, you can see the exhibition <a href=\"https:\/\/kalendar.novisad2022.rs\/events\/izlozba-jedna-sasvim-neobicna-srpsko-francuska-veza-olga-keseljevic-i-mark-barbeza\/?occurrence=2023-05-07\"><strong><em>A Quite (Un)Usual Serbian-French Connection<\/em><\/strong><\/a>. And on the occasion of the 125<sup>th<\/sup> anniversary of the birth of <strong>Sreten Stojanovi\u0107<\/strong>, academician, professor at the Faculty of Fine Arts in Belgrade and one of the most famous Yugoslav sculptors of the 20<sup>th<\/sup> century, the <strong><em>Pavle Beljanski Memorial Collection<\/em><\/strong> implements the exhibition <a href=\"https:\/\/kalendar.novisad2022.rs\/events\/izlozba-vajar-sreten-stojanovic-i-prostori-taktilnosti\/?occurrence=2023-05-28\"><strong><em>A Sculptor Sreten Stojanovi\u0107 and Tactile Spaces<\/em><\/strong><\/a>, which is open to visitors <strong>until 28 May<\/strong>.<\/p>\n<p>In the CCNS Small Art Gallery until May 12, you can see the interesting exhibition of soft sculptures <a href=\"https:\/\/kalendar.novisad2022.rs\/events\/izlozba-temori-dolls-prednosti-postojanja\/?occurrence=2023-05-10\"><strong><em>Temori Dolls \u2013 Advantages of Existence <\/em><\/strong><\/a>\u00a0by the Novi Sad author <strong>Sanja Po\u0161ti\u0107<\/strong>.<\/p>\n<p><img loading=\"lazy\" decoding=\"async\" class=\"aligncenter size-full wp-image-45452\" src=\"https:\/\/visitdistrikt.rs\/media\/2023\/04\/udobno-raspec_e-17x17x17cm-.jpg\" alt=\"\" width=\"800\" height=\"801\" srcset=\"https:\/\/visitdistrikt.rs\/media\/2023\/04\/udobno-raspec_e-17x17x17cm-.jpg 800w, https:\/\/visitdistrikt.rs\/media\/2023\/04\/udobno-raspec_e-17x17x17cm--300x300.jpg 300w, https:\/\/visitdistrikt.rs\/media\/2023\/04\/udobno-raspec_e-17x17x17cm--150x150.jpg 150w, https:\/\/visitdistrikt.rs\/media\/2023\/04\/udobno-raspec_e-17x17x17cm--768x769.jpg 768w\" sizes=\"(max-width: 800px) 100vw, 800px\" \/><\/p>\n<p>May in Novi Sad brings us the inevitable event <a href=\"https:\/\/kalendar.novisad2022.rs\/events\/muzeji-za-10\/?occurrence=2023-05-19\"><strong><em>\u00a0Museums for 10<\/em><\/strong><\/a>, whose goal is to draw the attention of the general public to the wealth of cultural heritage that Serbia inherits.<strong> From 13 to 19 May<\/strong>, the programmes take place throughout the country completely free of charge, mostly children&#8217;s programmes, educational workshops, thematic workshops for children and adults, lectures, book promotions, archaeological and ethnological film screenings, concerts and theatre performances. You can read more about the programme in cultural institutions throughout Novi Sad <a href=\"https:\/\/muzejisrbije.rs\/\">on the official website of the event.<\/a>.<\/p>\n<h2><strong>In the Theatre<\/strong><\/h2>\n<p>May in Novi Sad brings us an exciting repertoire in the theatre, and two big festivals await us in the Serbian National Theatre and the Youth Theatre. Get your tickets for the premieres that await us this month in the oldest Serbian theatre, the Serbian National Theatre, and you will enjoy the performance <a href=\"https:\/\/kalendar.novisad2022.rs\/events\/premijera-predstave-poslednji-balkanski-vampir\/?occurrence=2023-05-17\"><strong><em>The Last Balkan Vampire<\/em><\/strong><\/a> <strong>on 17 May at 7:30 p.m.,<\/strong> and the ballet <a href=\"https:\/\/kalendar.novisad2022.rs\/events\/premijera-baleta-kopelija\/?occurrence=2023-05-20\"><strong><em>Copp\u00e9lia <\/em><\/strong><\/a>, which will be performed <strong>on 20 May at 7 p.m.<\/strong><\/p>\n<p><strong>Sterijino Pozorje<\/strong>, without which we cannot imagine May in Novi Sad, was established in 1956 as part of the celebration of the 150<sup>th<\/sup> anniversary of the birth and 100<sup>th<\/sup> anniversary of the death of the great Serbian comedian Jovan Sterija Popovi\u0107. In anticipation of the 68<sup>th<\/sup> festival in a row, we invite you to read <a href=\"https:\/\/visitdistrikt.rs\/2023\/03\/29\/sterijino-pozorje-tradicija-najveceg-pozorisnog-festivala\/\">the story about the <strong>history of Sterijino Pozorje<\/strong> on our website<\/a>, as well as the programme that we will be implemented <strong>from 26 May to 3 June.<\/strong><\/p>\n<p><img loading=\"lazy\" decoding=\"async\" class=\"aligncenter size-full wp-image-45450\" src=\"https:\/\/visitdistrikt.rs\/media\/2023\/04\/viber_image_2023-03-29_12-09-36-423.jpg\" alt=\"\" width=\"800\" height=\"533\" srcset=\"https:\/\/visitdistrikt.rs\/media\/2023\/04\/viber_image_2023-03-29_12-09-36-423.jpg 800w, https:\/\/visitdistrikt.rs\/media\/2023\/04\/viber_image_2023-03-29_12-09-36-423-300x200.jpg 300w, https:\/\/visitdistrikt.rs\/media\/2023\/04\/viber_image_2023-03-29_12-09-36-423-768x512.jpg 768w\" sizes=\"(max-width: 800px) 100vw, 800px\" \/><\/p>\n<p>The Youth Theatre will be part of the Novi Sad Theatre Festival, an international theatre festival of professional theatres for children and youth, which will take place<strong> from 8 to 15 May<\/strong>. The performance that will open the festival and also be performed for the first time, out of competition, is <a href=\"https:\/\/kalendar.novisad2022.rs\/events\/predstava-koralina-812-567\/?occurrence=2023-05-08\"><strong><em>Coraline<\/em><\/strong><\/a> by the Youth Theatre <strong>on 8 May at 7 p.m. <\/strong>You can find all the performances of the Youth Theatre that will take place this month within the festival <a href=\"https:\/\/visitdistrikt.rs\/kalendar-dogadjaja\/\">in the calendar on our website<\/a>.<\/p>\n<p>The repertoire of the Novi Sad Theatre this month brings us two premieres, and we invite you to see <a href=\"https:\/\/kalendar.novisad2022.rs\/events\/premijera-putujuce-pozoriste-sopalovic\/?occurrence=2023-05-08\">\u00a0<strong><em>Putuju\u0107e pozori\u0161te \u0160opalovi\u0107<\/em><\/strong><\/a>, directed by Margareta Taborosi, which will be performed for the first time <strong>on 8 May at 7 pm.<\/strong> Furthermore, do not miss the musical <a href=\"https:\/\/kalendar.novisad2022.rs\/events\/premijera-mjuzikla-decaci-pavlove-ulice\/?occurrence=2023-05-27\"><strong><em>The Paul Street Boys<\/em><\/strong><\/a>, based on the novel by Moln\u00e1r Ferenc and directed by Daniel Tot, whose premiere is scheduled for <strong>27 May at 7 p.m.<\/strong><\/p>\n<h2><strong>Cubanero Salsa Festival<\/strong><\/h2>\n<p><strong>When?<\/strong> 25 \u2014 28 May<\/p>\n<p>Allow yourself to indulge in the charms of Cuban music and dancing in a dizzying rhythm at the <a href=\"https:\/\/kalendar.novisad2022.rs\/events\/cubanero-salsa-festival\/?occurrence=2023-05-25\"><strong><em>Cubanero Salsa Festival<\/em><\/strong><\/a> &#8211; the largest and most recognizable salsa festival in this part of Europe. The festival celebrates Cuban music, dance and the culture of Latin American countries in a way that will leave you breathless. With a rich selection of dance and music content, workshops, concerts and performances at several locations in the city, you will have the opportunity to learn the basics of salsa from the best lecturers at free open workshops in the square. During the festival, an entire street in the centre of the city turns into a small Havana &#8211; a place where you will hang out, play music, sing and dance, just as it is done on the streets of the capital of Cuba. For more information, visit the official <a href=\"https:\/\/www.facebook.com\/cubanerosalsa\/\">Facebook page<\/a> of the festival.<\/p>\n<figure id=\"attachment_45448\" aria-describedby=\"caption-attachment-45448\" style=\"width: 800px\" class=\"wp-caption aligncenter\"><img loading=\"lazy\" decoding=\"async\" class=\"size-large wp-image-45448\" src=\"https:\/\/visitdistrikt.rs\/media\/2023\/04\/286561617_5085460528235733_4336815617024717951_n-1024x683.jpg\" alt=\"\" width=\"800\" height=\"534\" srcset=\"https:\/\/visitdistrikt.rs\/media\/2023\/04\/286561617_5085460528235733_4336815617024717951_n-1024x683.jpg 1024w, https:\/\/visitdistrikt.rs\/media\/2023\/04\/286561617_5085460528235733_4336815617024717951_n-300x200.jpg 300w, https:\/\/visitdistrikt.rs\/media\/2023\/04\/286561617_5085460528235733_4336815617024717951_n-768x512.jpg 768w, https:\/\/visitdistrikt.rs\/media\/2023\/04\/286561617_5085460528235733_4336815617024717951_n-1536x1024.jpg 1536w, https:\/\/visitdistrikt.rs\/media\/2023\/04\/286561617_5085460528235733_4336815617024717951_n.jpg 2048w\" sizes=\"(max-width: 800px) 100vw, 800px\" \/><figcaption id=\"caption-attachment-45448\" class=\"wp-caption-text\">Foto: Milan Miloji\u0107 (Cubanero salsa festival)<\/figcaption><\/figure>\n<h2><strong>Rhythm of Europe<\/strong><\/h2>\n<p>The Victory Day over Fascism on <strong>9 May <\/strong>will also be marked by the <a href=\"https:\/\/kalendar.novisad2022.rs\/events\/ritam-evrope\/?occurrence=2023-05-09\"><strong><em>Rhythm of Europe<\/em><\/strong><\/a> event, which will be implemented by the Student Cultural Centre of Novi Sad and will be held in Liman Park and Fabrika. Join the event, which is one of the most recognizable in the region, because it brings a wide range of cultural events. This includes a number of cultural events, from exhibitions, panels, concerts and speaking programmes to concerts. You can find more information about the programme on the <a href=\"https:\/\/www.facebook.com\/ritamevrope\">official Facebook page of the event.<\/a><\/p>\n<p><img loading=\"lazy\" decoding=\"async\" class=\"aligncenter size-full wp-image-45446\" src=\"https:\/\/visitdistrikt.rs\/media\/2023\/04\/Kreativni-distrikt-42.jpg\" alt=\"\" width=\"800\" height=\"599\" srcset=\"https:\/\/visitdistrikt.rs\/media\/2023\/04\/Kreativni-distrikt-42.jpg 800w, https:\/\/visitdistrikt.rs\/media\/2023\/04\/Kreativni-distrikt-42-300x225.jpg 300w, https:\/\/visitdistrikt.rs\/media\/2023\/04\/Kreativni-distrikt-42-768x575.jpg 768w\" sizes=\"(max-width: 800px) 100vw, 800px\" \/><\/p>\n<h2><strong>The Weekend in Novi Sad Is Reserved for the Youngest <\/strong><\/h2>\n<p>The magic of a Saturday morning in Novi Sad begins at the Bulevar Books bookstore, where the youngest can indulge in the charms of <a href=\"https:\/\/kalendar.novisad2022.rs\/events\/citanjac-za-decu-2-935-366-121-685-278-815-350\/?occurrence=2023-05-13&amp;time=1683975600\"><strong><em>\u010citanjac<\/em><\/strong><\/a>. The event takes place <strong>every Saturday at 11am<\/strong>, so be sure to bring the little ones to enjoy the fantastic stories. That is not all! For all the creatives, there are <strong>educational workshops<\/strong> in the <em>Gallery of Matica Srpska<\/em>, intended for children aged 5 to 10, which are also held on Saturdays from 11 a.m.You can find more information and a link to register <a href=\"https:\/\/www.galerijamaticesrpske.rs\/lat\/program-za-decu\/kreativne-radionice-subotom\/\">HERE<\/a>.<\/p>\n<p>On Sundays, <a href=\"https:\/\/kalendar.novisad2022.rs\/events\/zenitov-deciji-klub-877-108-265-746\/?occurrence=2023-05-14\"><strong><em>Zenit Children&#8217;s Club<\/em><\/strong><\/a> in the <em>Zenit Books<\/em> caf\u00e9-bookstore is waiting for you and your family. While you drink your favourite coffee, the little ones can have fun in various activities that start at 11 a.m. These weekend activities are a great opportunity to spend time with your family and friends, so do not miss the unique opportunity to relax and have fun together.<\/p>\n<figure id=\"attachment_45444\" aria-describedby=\"caption-attachment-45444\" style=\"width: 800px\" class=\"wp-caption aligncenter\"><img loading=\"lazy\" decoding=\"async\" class=\"wp-image-45444 size-full\" src=\"https:\/\/visitdistrikt.rs\/media\/2023\/04\/VisitNS-Zenit-foto-Jelena-Ivanovic-5-1.jpg\" alt=\"\" width=\"800\" height=\"533\" srcset=\"https:\/\/visitdistrikt.rs\/media\/2023\/04\/VisitNS-Zenit-foto-Jelena-Ivanovic-5-1.jpg 800w, https:\/\/visitdistrikt.rs\/media\/2023\/04\/VisitNS-Zenit-foto-Jelena-Ivanovic-5-1-300x200.jpg 300w, https:\/\/visitdistrikt.rs\/media\/2023\/04\/VisitNS-Zenit-foto-Jelena-Ivanovic-5-1-768x512.jpg 768w\" sizes=\"(max-width: 800px) 100vw, 800px\" \/><figcaption id=\"caption-attachment-45444\" class=\"wp-caption-text\">Zenit knji\u017eara<\/figcaption><\/figure>\n<h2><strong>Night Bazaar<\/strong><\/h2>\n<p><strong>When?<\/strong> 12 May<\/p>\n<p><strong>Where:<\/strong> Fish Market<\/p>\n<p>The first Friday of the month is always reserved for the <a href=\"https:\/\/kalendar.novisad2022.rs\/events\/novosadski-nocni-bazar-2-600-221\/?occurrence=2023-05-05\"><strong><em>Night Bazaar<\/em><\/strong><\/a> event, which brings the Fish Market to life in a special way, turning it into a true oasis of creativity, culinary, and good music. This time it will be held <strong>on 12 May at 6 p.m.<\/strong> at the famous Novi Sad market, and will last until midnight. The Night Bazaar attracts a large number of visitors who enjoy local products and unique handicrafts of entrepreneurs from Novi Sad and the surrounding area. In addition to local food, deli, wine and beer, you can find various souvenirs, clothes and jewellery. Do not miss it!<\/p>\n<h2>Tour de Fru\u0161ka<\/h2>\n<p><strong>When?<\/strong> 19 \u2014 21 May<\/p>\n<p><strong>Where:<\/strong> Vrdnik, Fru\u0161ka Gora<\/p>\n<p>Join the unique three-day event <a href=\"https:\/\/kalendar.novisad2022.rs\/events\/tour-de-fruska\/?occurrence=2023-05-19\"><strong><em>Tour de Fru\u0161ka<\/em><\/strong><\/a>, which combines sports, economy and tourism. In addition to MTB races, children&#8217;s races and road rides, the event also offers trail running, which you can try if you are physically fit. Along with the Night Bazaar and the presentation of cultural events and sights, the <strong><em>Tour de Fru\u0161ka<\/em> <\/strong>is the perfect opportunity to enjoy nature activities, competition and discover the tourist potential of the region. Registration is possible through the official website <a href=\"https:\/\/www.tourdefruska.com\/\">on the link<\/a>, where you can get additional information about the event.<\/p>\n<p><img loading=\"lazy\" decoding=\"async\" class=\"aligncenter size-full wp-image-45442\" src=\"https:\/\/visitdistrikt.rs\/media\/2023\/04\/EPK-Visitns-Fruska-gora-foto-Jelena-Ivanovic-5-1.jpg\" alt=\"\" width=\"800\" height=\"533\" srcset=\"https:\/\/visitdistrikt.rs\/media\/2023\/04\/EPK-Visitns-Fruska-gora-foto-Jelena-Ivanovic-5-1.jpg 800w, https:\/\/visitdistrikt.rs\/media\/2023\/04\/EPK-Visitns-Fruska-gora-foto-Jelena-Ivanovic-5-1-300x200.jpg 300w, https:\/\/visitdistrikt.rs\/media\/2023\/04\/EPK-Visitns-Fruska-gora-foto-Jelena-Ivanovic-5-1-768x512.jpg 768w\" sizes=\"(max-width: 800px) 100vw, 800px\" \/><\/p>\n<p><strong>Author:<\/strong> Marina Mari\u0107<\/p>\n<p><strong>Photo:<\/strong>\u00a0Photo:\u00a0Jelena Ivanovi\u0107, Vladimir Veli\u010dkovi\u0107<\/p>\n","protected":false},"excerpt":{"rendered":"<p>May in Novi Sad brings us a variety of activities for everyone, from cultural and sports events to art festivals. Therefore, we invite you to explore the jewels of the city of culture on foot or by bike, and enjoy the increasingly beautiful spring days ahead. Embrace your dose of art, and in order to [&hellip;]<\/p>\n","protected":false},"author":9,"featured_media":45482,"comment_status":"closed","ping_status":"closed","sticky":false,"template":"","format":"standard","meta":{"footnotes":"","_links_to":"","_links_to_target":""},"categories":[286,291,278],"tags":[1371,1144,1484,314],"yoast_head":"<!-- This site is optimized with the Yoast SEO plugin v22.4 - https:\/\/yoast.com\/wordpress\/plugins\/seo\/ -->\n<title>May in Novi Sad: Events Not To Miss This Month - Visit Distrikt Novi Sad<\/title>\n<meta name=\"description\" content=\"May in Novi Sad brings us a variety of activities for everyone, from cultural and sports events to art festivals.\" \/>\n<meta name=\"robots\" content=\"index, follow, max-snippet:-1, max-image-preview:large, max-video-preview:-1\" \/>\n<link rel=\"canonical\" href=\"https:\/\/visitdistrikt.rs\/en\/2023\/05\/01\/may-in-novi-sad-events-not-to-miss-this-month\/\" \/>\n<meta property=\"og:locale\" content=\"en_US\" \/>\n<meta property=\"og:type\" content=\"article\" \/>\n<meta property=\"og:title\" content=\"May in Novi Sad: Events Not To Miss This Month - Visit Distrikt Novi Sad\" \/>\n<meta property=\"og:description\" content=\"May in Novi Sad brings us a variety of activities for everyone, from cultural and sports events to art festivals.\" \/>\n<meta property=\"og:url\" content=\"https:\/\/visitdistrikt.rs\/en\/2023\/05\/01\/may-in-novi-sad-events-not-to-miss-this-month\/\" \/>\n<meta property=\"og:site_name\" content=\"Visit Distrikt Novi Sad\" \/>\n<meta property=\"article:published_time\" content=\"2023-05-01T08:08:05+00:00\" \/>\n<meta property=\"article:modified_time\" content=\"2023-05-10T08:16:09+00:00\" \/>\n<meta property=\"og:image\" content=\"https:\/\/visitdistrikt.rs\/media\/2023\/04\/Untitled-design-8.jpg\" \/>\n\t<meta property=\"og:image:width\" content=\"1920\" \/>\n\t<meta property=\"og:image:height\" content=\"577\" \/>\n\t<meta property=\"og:image:type\" content=\"image\/jpeg\" \/>\n<meta name=\"author\" content=\"Marina Mari\u0107\" \/>\n<meta name=\"twitter:card\" content=\"summary_large_image\" \/>\n<meta name=\"twitter:label1\" content=\"Written by\" \/>\n\t<meta name=\"twitter:data1\" content=\"Marina Mari\u0107\" \/>\n\t<meta name=\"twitter:label2\" content=\"Est. reading time\" \/>\n\t<meta name=\"twitter:data2\" content=\"10 minutes\" \/>\n<script type=\"application\/ld+json\" class=\"yoast-schema-graph\">{\"@context\":\"https:\/\/schema.org\",\"@graph\":[{\"@type\":\"WebPage\",\"@id\":\"https:\/\/visitdistrikt.rs\/en\/2023\/05\/01\/may-in-novi-sad-events-not-to-miss-this-month\/\",\"url\":\"https:\/\/visitdistrikt.rs\/en\/2023\/05\/01\/may-in-novi-sad-events-not-to-miss-this-month\/\",\"name\":\"May in Novi Sad: Events Not To Miss This Month - Visit Distrikt Novi Sad\",\"isPartOf\":{\"@id\":\"https:\/\/visitdistrikt.rs\/#website\"},\"primaryImageOfPage\":{\"@id\":\"https:\/\/visitdistrikt.rs\/en\/2023\/05\/01\/may-in-novi-sad-events-not-to-miss-this-month\/#primaryimage\"},\"image\":{\"@id\":\"https:\/\/visitdistrikt.rs\/en\/2023\/05\/01\/may-in-novi-sad-events-not-to-miss-this-month\/#primaryimage\"},\"thumbnailUrl\":\"https:\/\/visitdistrikt.rs\/media\/2023\/04\/Untitled-design-8.jpg\",\"datePublished\":\"2023-05-01T08:08:05+00:00\",\"dateModified\":\"2023-05-10T08:16:09+00:00\",\"author\":{\"@id\":\"https:\/\/visitdistrikt.rs\/#\/schema\/person\/b61f641548853605bef6b1ae7ca8aaa9\"},\"description\":\"May in Novi Sad brings us a variety of activities for everyone, from cultural and sports events to art festivals.\",\"breadcrumb\":{\"@id\":\"https:\/\/visitdistrikt.rs\/en\/2023\/05\/01\/may-in-novi-sad-events-not-to-miss-this-month\/#breadcrumb\"},\"inLanguage\":\"en-US\",\"potentialAction\":[{\"@type\":\"ReadAction\",\"target\":[\"https:\/\/visitdistrikt.rs\/en\/2023\/05\/01\/may-in-novi-sad-events-not-to-miss-this-month\/\"]}]},{\"@type\":\"ImageObject\",\"inLanguage\":\"en-US\",\"@id\":\"https:\/\/visitdistrikt.rs\/en\/2023\/05\/01\/may-in-novi-sad-events-not-to-miss-this-month\/#primaryimage\",\"url\":\"https:\/\/visitdistrikt.rs\/media\/2023\/04\/Untitled-design-8.jpg\",\"contentUrl\":\"https:\/\/visitdistrikt.rs\/media\/2023\/04\/Untitled-design-8.jpg\",\"width\":1920,\"height\":577},{\"@type\":\"BreadcrumbList\",\"@id\":\"https:\/\/visitdistrikt.rs\/en\/2023\/05\/01\/may-in-novi-sad-events-not-to-miss-this-month\/#breadcrumb\",\"itemListElement\":[{\"@type\":\"ListItem\",\"position\":1,\"name\":\"Home\",\"item\":\"https:\/\/visitdistrikt.rs\/en\/\"},{\"@type\":\"ListItem\",\"position\":2,\"name\":\"May in Novi Sad: Events Not To Miss This Month\"}]},{\"@type\":\"WebSite\",\"@id\":\"https:\/\/visitdistrikt.rs\/#website\",\"url\":\"https:\/\/visitdistrikt.rs\/\",\"name\":\"Visit Distrikt Novi Sad\",\"description\":\"Novi Sad\",\"potentialAction\":[{\"@type\":\"SearchAction\",\"target\":{\"@type\":\"EntryPoint\",\"urlTemplate\":\"https:\/\/visitdistrikt.rs\/?s={search_term_string}\"},\"query-input\":\"required name=search_term_string\"}],\"inLanguage\":\"en-US\"},{\"@type\":\"Person\",\"@id\":\"https:\/\/visitdistrikt.rs\/#\/schema\/person\/b61f641548853605bef6b1ae7ca8aaa9\",\"name\":\"Marina Mari\u0107\",\"image\":{\"@type\":\"ImageObject\",\"inLanguage\":\"en-US\",\"@id\":\"https:\/\/visitdistrikt.rs\/#\/schema\/person\/image\/\",\"url\":\"https:\/\/secure.gravatar.com\/avatar\/aeec6fdfa57d2ba44680b29ea83001c6?s=96&d=mm&r=g\",\"contentUrl\":\"https:\/\/secure.gravatar.com\/avatar\/aeec6fdfa57d2ba44680b29ea83001c6?s=96&d=mm&r=g\",\"caption\":\"Marina Mari\u0107\"},\"sameAs\":[\"https:\/\/visitdistrikt.rs\"]}]}<\/script>\n<!-- \/ Yoast SEO plugin. -->","yoast_head_json":{"title":"May in Novi Sad: Events Not To Miss This Month - Visit Distrikt Novi Sad","description":"May in Novi Sad brings us a variety of activities for everyone, from cultural and sports events to art festivals.","robots":{"index":"index","follow":"follow","max-snippet":"max-snippet:-1","max-image-preview":"max-image-preview:large","max-video-preview":"max-video-preview:-1"},"canonical":"https:\/\/visitdistrikt.rs\/en\/2023\/05\/01\/may-in-novi-sad-events-not-to-miss-this-month\/","og_locale":"en_US","og_type":"article","og_title":"May in Novi Sad: Events Not To Miss This Month - Visit Distrikt Novi Sad","og_description":"May in Novi Sad brings us a variety of activities for everyone, from cultural and sports events to art festivals.","og_url":"https:\/\/visitdistrikt.rs\/en\/2023\/05\/01\/may-in-novi-sad-events-not-to-miss-this-month\/","og_site_name":"Visit Distrikt Novi Sad","article_published_time":"2023-05-01T08:08:05+00:00","article_modified_time":"2023-05-10T08:16:09+00:00","og_image":[{"width":1920,"height":577,"url":"https:\/\/visitdistrikt.rs\/media\/2023\/04\/Untitled-design-8.jpg","type":"image\/jpeg"}],"author":"Marina Mari\u0107","twitter_card":"summary_large_image","twitter_misc":{"Written by":"Marina Mari\u0107","Est. reading time":"10 minutes"},"schema":{"@context":"https:\/\/schema.org","@graph":[{"@type":"WebPage","@id":"https:\/\/visitdistrikt.rs\/en\/2023\/05\/01\/may-in-novi-sad-events-not-to-miss-this-month\/","url":"https:\/\/visitdistrikt.rs\/en\/2023\/05\/01\/may-in-novi-sad-events-not-to-miss-this-month\/","name":"May in Novi Sad: Events Not To Miss This Month - Visit Distrikt Novi Sad","isPartOf":{"@id":"https:\/\/visitdistrikt.rs\/#website"},"primaryImageOfPage":{"@id":"https:\/\/visitdistrikt.rs\/en\/2023\/05\/01\/may-in-novi-sad-events-not-to-miss-this-month\/#primaryimage"},"image":{"@id":"https:\/\/visitdistrikt.rs\/en\/2023\/05\/01\/may-in-novi-sad-events-not-to-miss-this-month\/#primaryimage"},"thumbnailUrl":"https:\/\/visitdistrikt.rs\/media\/2023\/04\/Untitled-design-8.jpg","datePublished":"2023-05-01T08:08:05+00:00","dateModified":"2023-05-10T08:16:09+00:00","author":{"@id":"https:\/\/visitdistrikt.rs\/#\/schema\/person\/b61f641548853605bef6b1ae7ca8aaa9"},"description":"May in Novi Sad brings us a variety of activities for everyone, from cultural and sports events to art festivals.","breadcrumb":{"@id":"https:\/\/visitdistrikt.rs\/en\/2023\/05\/01\/may-in-novi-sad-events-not-to-miss-this-month\/#breadcrumb"},"inLanguage":"en-US","potentialAction":[{"@type":"ReadAction","target":["https:\/\/visitdistrikt.rs\/en\/2023\/05\/01\/may-in-novi-sad-events-not-to-miss-this-month\/"]}]},{"@type":"ImageObject","inLanguage":"en-US","@id":"https:\/\/visitdistrikt.rs\/en\/2023\/05\/01\/may-in-novi-sad-events-not-to-miss-this-month\/#primaryimage","url":"https:\/\/visitdistrikt.rs\/media\/2023\/04\/Untitled-design-8.jpg","contentUrl":"https:\/\/visitdistrikt.rs\/media\/2023\/04\/Untitled-design-8.jpg","width":1920,"height":577},{"@type":"BreadcrumbList","@id":"https:\/\/visitdistrikt.rs\/en\/2023\/05\/01\/may-in-novi-sad-events-not-to-miss-this-month\/#breadcrumb","itemListElement":[{"@type":"ListItem","position":1,"name":"Home","item":"https:\/\/visitdistrikt.rs\/en\/"},{"@type":"ListItem","position":2,"name":"May in Novi Sad: Events Not To Miss This Month"}]},{"@type":"WebSite","@id":"https:\/\/visitdistrikt.rs\/#website","url":"https:\/\/visitdistrikt.rs\/","name":"Visit Distrikt Novi Sad","description":"Novi Sad","potentialAction":[{"@type":"SearchAction","target":{"@type":"EntryPoint","urlTemplate":"https:\/\/visitdistrikt.rs\/?s={search_term_string}"},"query-input":"required name=search_term_string"}],"inLanguage":"en-US"},{"@type":"Person","@id":"https:\/\/visitdistrikt.rs\/#\/schema\/person\/b61f641548853605bef6b1ae7ca8aaa9","name":"Marina Mari\u0107","image":{"@type":"ImageObject","inLanguage":"en-US","@id":"https:\/\/visitdistrikt.rs\/#\/schema\/person\/image\/","url":"https:\/\/secure.gravatar.com\/avatar\/aeec6fdfa57d2ba44680b29ea83001c6?s=96&d=mm&r=g","contentUrl":"https:\/\/secure.gravatar.com\/avatar\/aeec6fdfa57d2ba44680b29ea83001c6?s=96&d=mm&r=g","caption":"Marina Mari\u0107"},"sameAs":["https:\/\/visitdistrikt.rs"]}]}},"_links":{"self":[{"href":"https:\/\/visitdistrikt.rs\/en\/wp-json\/wp\/v2\/posts\/45556"}],"collection":[{"href":"https:\/\/visitdistrikt.rs\/en\/wp-json\/wp\/v2\/posts"}],"about":[{"href":"https:\/\/visitdistrikt.rs\/en\/wp-json\/wp\/v2\/types\/post"}],"author":[{"embeddable":true,"href":"https:\/\/visitdistrikt.rs\/en\/wp-json\/wp\/v2\/users\/9"}],"replies":[{"embeddable":true,"href":"https:\/\/visitdistrikt.rs\/en\/wp-json\/wp\/v2\/comments?post=45556"}],"version-history":[{"count":1,"href":"https:\/\/visitdistrikt.rs\/en\/wp-json\/wp\/v2\/posts\/45556\/revisions"}],"predecessor-version":[{"id":45557,"href":"https:\/\/visitdistrikt.rs\/en\/wp-json\/wp\/v2\/posts\/45556\/revisions\/45557"}],"wp:featuredmedia":[{"embeddable":true,"href":"https:\/\/visitdistrikt.rs\/en\/wp-json\/wp\/v2\/media\/45482"}],"wp:attachment":[{"href":"https:\/\/visitdistrikt.rs\/en\/wp-json\/wp\/v2\/media?parent=45556"}],"wp:term":[{"taxonomy":"category","embeddable":true,"href":"https:\/\/visitdistrikt.rs\/en\/wp-json\/wp\/v2\/categories?post=45556"},{"taxonomy":"post_tag","embeddable":true,"href":"https:\/\/visitdistrikt.rs\/en\/wp-json\/wp\/v2\/tags?post=45556"}],"curies":[{"name":"wp","href":"https:\/\/api.w.org\/{rel}","templated":true}]}}