{"id":45580,"date":"2023-05-15T15:28:03","date_gmt":"2023-05-15T13:28:03","guid":{"rendered":"https:\/\/visitdistrikt.rs\/?p=45580"},"modified":"2023-05-15T15:28:03","modified_gmt":"2023-05-15T13:28:03","slug":"novi-sad-deserves-a-place-like-district","status":"publish","type":"post","link":"https:\/\/visitdistrikt.rs\/en\/2023\/05\/15\/novi-sad-deserves-a-place-like-district\/","title":{"rendered":"Novi Sad Deserves a Place Like District"},"content":{"rendered":"\t\t<div data-elementor-type=\"wp-post\" data-elementor-id=\"45580\" class=\"elementor elementor-45580 elementor-45487\" data-elementor-post-type=\"post\">\n\t\t\t\t\t\t<section class=\"elementor-section elementor-top-section elementor-element elementor-element-9b0cd9a elementor-section-boxed elementor-section-height-default elementor-section-height-default\" data-id=\"9b0cd9a\" data-element_type=\"section\">\n\t\t\t\t\t\t<div class=\"elementor-container elementor-column-gap-default\">\n\t\t\t\t\t<div class=\"elementor-column elementor-col-100 elementor-top-column elementor-element elementor-element-03bfe81\" data-id=\"03bfe81\" data-element_type=\"column\">\n\t\t\t<div class=\"elementor-widget-wrap elementor-element-populated\">\n\t\t\t\t\t\t<div class=\"elementor-element elementor-element-e4a7289 elementor-widget elementor-widget-text-editor\" data-id=\"e4a7289\" data-element_type=\"widget\" data-widget_type=\"text-editor.default\">\n\t\t\t\t<div class=\"elementor-widget-container\">\n\t\t\t\t\t\t\t<p>In the place where chimneys and smoke from the first factories in Novi Sad once rose to the clouds, now another cloud will settle \u2013 an artistic one, which will have a very important role. On the one hand, it reminds us of those chimneys from which modern Novi Sad and its industrialization started, and on the other hand, it represents a new Novi Sad, from where creative industrialization starts.<\/p><blockquote><p>It is the \u2018Cloud\u2019 structure, by the artist <strong>Branislav Nikoli\u0107<\/strong>, which will be installed in the <strong>District<\/strong>. \u2018I like the idea of \u200b\u200bsomething as heavy and dense as terracotta material going up towards the sky and becoming a part of it. On the other hand, I tried to give it a certain visual lightness with a humorous, almost comic-like form. It looks like balls that flew to the sky.\u2019<\/p><\/blockquote>\t\t\t\t\t\t<\/div>\n\t\t\t\t<\/div>\n\t\t\t\t\t<\/div>\n\t\t<\/div>\n\t\t\t\t\t<\/div>\n\t\t<\/section>\n\t\t\t\t<section class=\"elementor-section elementor-top-section elementor-element elementor-element-b3703b4 elementor-section-boxed elementor-section-height-default elementor-section-height-default\" data-id=\"b3703b4\" data-element_type=\"section\">\n\t\t\t\t\t\t<div class=\"elementor-container elementor-column-gap-default\">\n\t\t\t\t\t<div class=\"elementor-column elementor-col-100 elementor-top-column elementor-element elementor-element-f85453a\" data-id=\"f85453a\" data-element_type=\"column\">\n\t\t\t<div class=\"elementor-widget-wrap elementor-element-populated\">\n\t\t\t\t\t\t<div class=\"elementor-element elementor-element-100db8f elementor-widget elementor-widget-gallery\" data-id=\"100db8f\" data-element_type=\"widget\" data-settings=\"{&quot;columns&quot;:2,&quot;lazyload&quot;:&quot;yes&quot;,&quot;gallery_layout&quot;:&quot;grid&quot;,&quot;columns_tablet&quot;:2,&quot;columns_mobile&quot;:1,&quot;gap&quot;:{&quot;unit&quot;:&quot;px&quot;,&quot;size&quot;:10,&quot;sizes&quot;:[]},&quot;gap_tablet&quot;:{&quot;unit&quot;:&quot;px&quot;,&quot;size&quot;:10,&quot;sizes&quot;:[]},&quot;gap_mobile&quot;:{&quot;unit&quot;:&quot;px&quot;,&quot;size&quot;:10,&quot;sizes&quot;:[]},&quot;link_to&quot;:&quot;file&quot;,&quot;aspect_ratio&quot;:&quot;3:2&quot;,&quot;overlay_background&quot;:&quot;yes&quot;,&quot;content_hover_animation&quot;:&quot;fade-in&quot;}\" data-widget_type=\"gallery.default\">\n\t\t\t\t<div class=\"elementor-widget-container\">\n\t\t\t\t\t<div class=\"elementor-gallery__container\">\n\t\t\t\t\t\t\t<a class=\"e-gallery-item elementor-gallery-item elementor-animated-content\" href=\"https:\/\/visitdistrikt.rs\/media\/2023\/04\/Oblak_02.jpg\" data-elementor-open-lightbox=\"yes\" data-elementor-lightbox-slideshow=\"100db8f\" data-e-action-hash=\"#elementor-action%3Aaction%3Dlightbox%26settings%3DeyJpZCI6NDU0OTIsInVybCI6Imh0dHBzOlwvXC92aXNpdGRpc3RyaWt0LnJzXC9tZWRpYVwvMjAyM1wvMDRcL09ibGFrXzAyLmpwZyIsInNsaWRlc2hvdyI6IjEwMGRiOGYifQ%3D%3D\">\n\t\t\t\t\t<div class=\"e-gallery-image elementor-gallery-item__image\" data-thumbnail=\"https:\/\/visitdistrikt.rs\/media\/2023\/04\/Oblak_02.jpg\" data-width=\"800\" data-height=\"600\" aria-label=\"\" role=\"img\" ><\/div>\n\t\t\t\t\t\t\t\t\t\t\t<div class=\"elementor-gallery-item__overlay\"><\/div>\n\t\t\t\t\t\t\t\t\t\t\t\t\t\t<\/a>\n\t\t\t\t\t\t\t<a class=\"e-gallery-item elementor-gallery-item elementor-animated-content\" href=\"https:\/\/visitdistrikt.rs\/media\/2023\/04\/Oblak_10-1.jpg\" data-elementor-open-lightbox=\"yes\" data-elementor-lightbox-slideshow=\"100db8f\" data-e-action-hash=\"#elementor-action%3Aaction%3Dlightbox%26settings%3DeyJpZCI6NDU0OTAsInVybCI6Imh0dHBzOlwvXC92aXNpdGRpc3RyaWt0LnJzXC9tZWRpYVwvMjAyM1wvMDRcL09ibGFrXzEwLTEuanBnIiwic2xpZGVzaG93IjoiMTAwZGI4ZiJ9\">\n\t\t\t\t\t<div class=\"e-gallery-image elementor-gallery-item__image\" data-thumbnail=\"https:\/\/visitdistrikt.rs\/media\/2023\/04\/Oblak_10-1.jpg\" data-width=\"800\" data-height=\"600\" aria-label=\"\" role=\"img\" ><\/div>\n\t\t\t\t\t\t\t\t\t\t\t<div class=\"elementor-gallery-item__overlay\"><\/div>\n\t\t\t\t\t\t\t\t\t\t\t\t\t\t<\/a>\n\t\t\t\t\t<\/div>\n\t\t\t<\/div>\n\t\t\t\t<\/div>\n\t\t\t\t\t<\/div>\n\t\t<\/div>\n\t\t\t\t\t<\/div>\n\t\t<\/section>\n\t\t\t\t<section class=\"elementor-section elementor-top-section elementor-element elementor-element-6aaec63 elementor-section-boxed elementor-section-height-default elementor-section-height-default\" data-id=\"6aaec63\" data-element_type=\"section\">\n\t\t\t\t\t\t<div class=\"elementor-container elementor-column-gap-default\">\n\t\t\t\t\t<div class=\"elementor-column elementor-col-100 elementor-top-column elementor-element elementor-element-3fb9d00\" data-id=\"3fb9d00\" data-element_type=\"column\">\n\t\t\t<div class=\"elementor-widget-wrap elementor-element-populated\">\n\t\t\t\t\t\t<div class=\"elementor-element elementor-element-4d248bf elementor-widget elementor-widget-text-editor\" data-id=\"4d248bf\" data-element_type=\"widget\" data-widget_type=\"text-editor.default\">\n\t\t\t\t<div class=\"elementor-widget-container\">\n\t\t\t\t\t\t\t<p>He further explains that the very name <strong>\u2018Cloud\u2019 <\/strong>sounded more poetic to him than the names \u2018Smoke\u2019 or \u2018Chimney\u2019, although his sculpture will essentially represent a <strong>factory chimney<\/strong>.<\/p><blockquote><p>\u2018Considering that it will most often be viewed from below, it can be interpreted as a cloud in the sky. I often deal with architecture in my works, and I am especially inspired by factories, chimneys, and powerful industrial buildings in general. The District, as a former factory complex, was ideal for this kind of intervention,\u2019 explains Nikoli\u0107, who got the opportunity to create a new symbol of the District as part of the sculpture-architecture call for the conceptual solution of creating a sculpture within the urban planning solution of the Novi Sad District, which was launched on the initiative of the\u2019 Novi Sad \u2013 European Capital of Culture \u2019Foundation and the Centre for Fine and Applied Arts \u2018TERRA\u2019.<\/p><\/blockquote><p>The call, which was opened on 1 January this year and lasted until <strong>23 February<\/strong>, received <strong>13 applications<\/strong>, and according to the jury, \u2018Cloud\u2019 was the most successful solution, which responded to the task, according to <strong>Anica Dragani\u0107<\/strong>, the member of the jury and the Associate Professor at the Faculty of Technical Sciences.<\/p><blockquote><p>All the submitted works had certain symbolic and aesthetic qualities. However, several solutions were eliminated based on inadequate materialization, future exploitation and maintenance, as well as the technical feasibility of the solutions,\u2019 <strong>Dragani\u0107<\/strong> said.<\/p><\/blockquote>\t\t\t\t\t\t<\/div>\n\t\t\t\t<\/div>\n\t\t\t\t\t<\/div>\n\t\t<\/div>\n\t\t\t\t\t<\/div>\n\t\t<\/section>\n\t\t\t\t<section class=\"elementor-section elementor-top-section elementor-element elementor-element-46565d3 elementor-section-boxed elementor-section-height-default elementor-section-height-default\" data-id=\"46565d3\" data-element_type=\"section\">\n\t\t\t\t\t\t<div class=\"elementor-container elementor-column-gap-default\">\n\t\t\t\t\t<div class=\"elementor-column elementor-col-100 elementor-top-column elementor-element elementor-element-83fadf1\" data-id=\"83fadf1\" data-element_type=\"column\">\n\t\t\t<div class=\"elementor-widget-wrap elementor-element-populated\">\n\t\t\t\t\t\t<div class=\"elementor-element elementor-element-cd07d10 elementor-widget elementor-widget-image\" data-id=\"cd07d10\" data-element_type=\"widget\" data-widget_type=\"image.default\">\n\t\t\t\t<div class=\"elementor-widget-container\">\n\t\t\t\t\t\t\t\t\t\t\t\t\t<img fetchpriority=\"high\" decoding=\"async\" width=\"800\" height=\"445\" src=\"https:\/\/visitdistrikt.rs\/media\/2023\/04\/Oblak_04-1024x570-1.jpg\" class=\"attachment-large size-large wp-image-45494\" alt=\"\" srcset=\"https:\/\/visitdistrikt.rs\/media\/2023\/04\/Oblak_04-1024x570-1.jpg 800w, https:\/\/visitdistrikt.rs\/media\/2023\/04\/Oblak_04-1024x570-1-300x167.jpg 300w, https:\/\/visitdistrikt.rs\/media\/2023\/04\/Oblak_04-1024x570-1-768x427.jpg 768w\" sizes=\"(max-width: 800px) 100vw, 800px\" \/>\t\t\t\t\t\t\t\t\t\t\t\t\t<\/div>\n\t\t\t\t<\/div>\n\t\t\t\t\t<\/div>\n\t\t<\/div>\n\t\t\t\t\t<\/div>\n\t\t<\/section>\n\t\t\t\t<section class=\"elementor-section elementor-top-section elementor-element elementor-element-36aa125 elementor-section-boxed elementor-section-height-default elementor-section-height-default\" data-id=\"36aa125\" data-element_type=\"section\">\n\t\t\t\t\t\t<div class=\"elementor-container elementor-column-gap-default\">\n\t\t\t\t\t<div class=\"elementor-column elementor-col-100 elementor-top-column elementor-element elementor-element-c4293cb\" data-id=\"c4293cb\" data-element_type=\"column\">\n\t\t\t<div class=\"elementor-widget-wrap elementor-element-populated\">\n\t\t\t\t\t\t<div class=\"elementor-element elementor-element-65ef900 elementor-widget elementor-widget-text-editor\" data-id=\"65ef900\" data-element_type=\"widget\" data-widget_type=\"text-editor.default\">\n\t\t\t\t<div class=\"elementor-widget-container\">\n\t\t\t\t\t\t\t<h2>District as a Need and a Good Example<\/h2><p>The reason for the call is an <strong>urban intervention in the public space<\/strong>, which involves placing a sculpture in the <strong>District<\/strong>, which aspires to become the most vibrant centre of creative industries in the region. Sculpture, and the method of its implementation should be a <strong>reflection of the ethics, aesthetics and values \u200b\u200bthat make up the District,<\/strong> aimed at the evolution of artistic practices and contemporary approaches to art and cultural activities. In cooperation with the Centre for Fine and Applied Arts \u2018TERRA\u2019, the values \u200b\u200bspecific to the identity of the area are promoted using terracotta as the dominant autochthonous medium for making sculptures.<\/p><p>The space of the District represents an <strong>attractive city location<\/strong> well connected to all key city traffic routes and qualities recognized within the local community, but also with the praise of other artists from Serbia, Europe and the world, who have already participated in numerous programmes. The basic idea is to create a network of cultural stations as<strong> new spaces for culture<\/strong> and position the District as a new focal point to <strong>decentralize the cultural map<\/strong> and establish a wide network of institutions aimed at strengthening the local cultural scene.<\/p><p>As Nikoli\u0107 himself claims, Novi Sad was in need of such a place for a long time.<\/p><blockquote><p>\u2018When I studied at the Academy of Arts in Novi Sad, the area of the nowaday District was a neglected, half-ruined complex, overgrown with weeds. I was surprised when I saw it recently. An excellent and logical decision to turn this neighbourhood into a space for culture, into studios for artists, galleries, libraries, small cultural centres, theatres, etc. I think that Novi Sad has long deserved a place like this and I am sure that numerous generations will gather around it in the future,\u2019 says the artist and adds: \u2018I was in Ljubljana lately. Around 30 years ago, local artists and musicians occupied the space of the former barracks in the centre of the city, and now almost all cultural institutions of Slovenia are located there. If that had not happened, the space would have been turned into apartments and passed from public to private ownership. The District is a true example of a smart decision to create such a core that has long been necessary for a city of culture,\u2019 says Nikoli\u0107.<\/p><\/blockquote>\t\t\t\t\t\t<\/div>\n\t\t\t\t<\/div>\n\t\t\t\t\t<\/div>\n\t\t<\/div>\n\t\t\t\t\t<\/div>\n\t\t<\/section>\n\t\t\t\t<section class=\"elementor-section elementor-top-section elementor-element elementor-element-8313782 elementor-section-boxed elementor-section-height-default elementor-section-height-default\" data-id=\"8313782\" data-element_type=\"section\">\n\t\t\t\t\t\t<div class=\"elementor-container elementor-column-gap-default\">\n\t\t\t\t\t<div class=\"elementor-column elementor-col-100 elementor-top-column elementor-element elementor-element-f5d521c\" data-id=\"f5d521c\" data-element_type=\"column\">\n\t\t\t<div class=\"elementor-widget-wrap elementor-element-populated\">\n\t\t\t\t\t\t<div class=\"elementor-element elementor-element-aa5e7a8 elementor-widget elementor-widget-gallery\" data-id=\"aa5e7a8\" data-element_type=\"widget\" data-settings=\"{&quot;columns&quot;:2,&quot;lazyload&quot;:&quot;yes&quot;,&quot;gallery_layout&quot;:&quot;grid&quot;,&quot;columns_tablet&quot;:2,&quot;columns_mobile&quot;:1,&quot;gap&quot;:{&quot;unit&quot;:&quot;px&quot;,&quot;size&quot;:10,&quot;sizes&quot;:[]},&quot;gap_tablet&quot;:{&quot;unit&quot;:&quot;px&quot;,&quot;size&quot;:10,&quot;sizes&quot;:[]},&quot;gap_mobile&quot;:{&quot;unit&quot;:&quot;px&quot;,&quot;size&quot;:10,&quot;sizes&quot;:[]},&quot;link_to&quot;:&quot;file&quot;,&quot;aspect_ratio&quot;:&quot;3:2&quot;,&quot;overlay_background&quot;:&quot;yes&quot;,&quot;content_hover_animation&quot;:&quot;fade-in&quot;}\" data-widget_type=\"gallery.default\">\n\t\t\t\t<div class=\"elementor-widget-container\">\n\t\t\t\t\t<div class=\"elementor-gallery__container\">\n\t\t\t\t\t\t\t<a class=\"e-gallery-item elementor-gallery-item elementor-animated-content\" href=\"https:\/\/visitdistrikt.rs\/media\/2023\/04\/Uros-Dozic-3.jpg\" data-elementor-open-lightbox=\"yes\" data-elementor-lightbox-slideshow=\"aa5e7a8\" data-e-action-hash=\"#elementor-action%3Aaction%3Dlightbox%26settings%3DeyJpZCI6NDU1MDIsInVybCI6Imh0dHBzOlwvXC92aXNpdGRpc3RyaWt0LnJzXC9tZWRpYVwvMjAyM1wvMDRcL1Vyb3MtRG96aWMtMy5qcGciLCJzbGlkZXNob3ciOiJhYTVlN2E4In0%3D\">\n\t\t\t\t\t<div class=\"e-gallery-image elementor-gallery-item__image\" data-thumbnail=\"https:\/\/visitdistrikt.rs\/media\/2023\/04\/Uros-Dozic-3.jpg\" data-width=\"800\" data-height=\"600\" aria-label=\"\" role=\"img\" ><\/div>\n\t\t\t\t\t\t\t\t\t\t\t<div class=\"elementor-gallery-item__overlay\"><\/div>\n\t\t\t\t\t\t\t\t\t\t\t\t\t\t<\/a>\n\t\t\t\t\t\t\t<a class=\"e-gallery-item elementor-gallery-item elementor-animated-content\" href=\"https:\/\/visitdistrikt.rs\/media\/2023\/04\/Kreativni-distrikt-11-1.jpg\" data-elementor-open-lightbox=\"yes\" data-elementor-lightbox-slideshow=\"aa5e7a8\" data-e-action-hash=\"#elementor-action%3Aaction%3Dlightbox%26settings%3DeyJpZCI6NDU0OTYsInVybCI6Imh0dHBzOlwvXC92aXNpdGRpc3RyaWt0LnJzXC9tZWRpYVwvMjAyM1wvMDRcL0tyZWF0aXZuaS1kaXN0cmlrdC0xMS0xLmpwZyIsInNsaWRlc2hvdyI6ImFhNWU3YTgifQ%3D%3D\">\n\t\t\t\t\t<div class=\"e-gallery-image elementor-gallery-item__image\" data-thumbnail=\"https:\/\/visitdistrikt.rs\/media\/2023\/04\/Kreativni-distrikt-11-1.jpg\" data-width=\"800\" data-height=\"599\" aria-label=\"\" role=\"img\" ><\/div>\n\t\t\t\t\t\t\t\t\t\t\t<div class=\"elementor-gallery-item__overlay\"><\/div>\n\t\t\t\t\t\t\t\t\t\t\t\t\t\t<\/a>\n\t\t\t\t\t\t\t<a class=\"e-gallery-item elementor-gallery-item elementor-animated-content\" href=\"https:\/\/visitdistrikt.rs\/media\/2023\/04\/Vladimir-Velickovic-4-1.jpg\" data-elementor-open-lightbox=\"yes\" data-elementor-lightbox-slideshow=\"aa5e7a8\" data-e-action-hash=\"#elementor-action%3Aaction%3Dlightbox%26settings%3DeyJpZCI6NDU1MDAsInVybCI6Imh0dHBzOlwvXC92aXNpdGRpc3RyaWt0LnJzXC9tZWRpYVwvMjAyM1wvMDRcL1ZsYWRpbWlyLVZlbGlja292aWMtNC0xLmpwZyIsInNsaWRlc2hvdyI6ImFhNWU3YTgifQ%3D%3D\">\n\t\t\t\t\t<div class=\"e-gallery-image elementor-gallery-item__image\" data-thumbnail=\"https:\/\/visitdistrikt.rs\/media\/2023\/04\/Vladimir-Velickovic-4-1.jpg\" data-width=\"800\" data-height=\"600\" aria-label=\"\" role=\"img\" ><\/div>\n\t\t\t\t\t\t\t\t\t\t\t<div class=\"elementor-gallery-item__overlay\"><\/div>\n\t\t\t\t\t\t\t\t\t\t\t\t\t\t<\/a>\n\t\t\t\t\t\t\t<a class=\"e-gallery-item elementor-gallery-item elementor-animated-content\" href=\"https:\/\/visitdistrikt.rs\/media\/2023\/04\/Untitled-design-10.jpg\" data-elementor-open-lightbox=\"yes\" data-elementor-lightbox-slideshow=\"aa5e7a8\" data-e-action-hash=\"#elementor-action%3Aaction%3Dlightbox%26settings%3DeyJpZCI6NDU1MDQsInVybCI6Imh0dHBzOlwvXC92aXNpdGRpc3RyaWt0LnJzXC9tZWRpYVwvMjAyM1wvMDRcL1VudGl0bGVkLWRlc2lnbi0xMC5qcGciLCJzbGlkZXNob3ciOiJhYTVlN2E4In0%3D\">\n\t\t\t\t\t<div class=\"e-gallery-image elementor-gallery-item__image\" data-thumbnail=\"https:\/\/visitdistrikt.rs\/media\/2023\/04\/Untitled-design-10.jpg\" data-width=\"800\" data-height=\"600\" aria-label=\"\" role=\"img\" ><\/div>\n\t\t\t\t\t\t\t\t\t\t\t<div class=\"elementor-gallery-item__overlay\"><\/div>\n\t\t\t\t\t\t\t\t\t\t\t\t\t\t<\/a>\n\t\t\t\t\t<\/div>\n\t\t\t<\/div>\n\t\t\t\t<\/div>\n\t\t\t\t\t<\/div>\n\t\t<\/div>\n\t\t\t\t\t<\/div>\n\t\t<\/section>\n\t\t\t\t<section class=\"elementor-section elementor-top-section elementor-element elementor-element-0c0dd4d elementor-section-boxed elementor-section-height-default elementor-section-height-default\" data-id=\"0c0dd4d\" data-element_type=\"section\">\n\t\t\t\t\t\t<div class=\"elementor-container elementor-column-gap-default\">\n\t\t\t\t\t<div class=\"elementor-column elementor-col-100 elementor-top-column elementor-element elementor-element-add6774\" data-id=\"add6774\" data-element_type=\"column\">\n\t\t\t<div class=\"elementor-widget-wrap elementor-element-populated\">\n\t\t\t\t\t\t<div class=\"elementor-element elementor-element-b1b139f elementor-widget elementor-widget-text-editor\" data-id=\"b1b139f\" data-element_type=\"widget\" data-widget_type=\"text-editor.default\">\n\t\t\t\t<div class=\"elementor-widget-container\">\n\t\t\t\t\t\t\t<p>The importance of the location itself, not only for Novi Sad, but widely, is emphasized by the president of the jury, director of the Centre for Fine and Applied Arts \u2018TERRA\u2019 and academic sculptor, Slobodan Koji\u0107, M.Sc.<\/p><blockquote><p>\u2018I think that the city planners have determined an adequate place for placing the sculpture-symbol of the District. Considering the architectural interest, the size of the complex, which offers the possibility for various cultural contents, the space will play an extremely important role in Novi Sad, Vojvodina, Serbia and Europe,\u2019 says Koji\u0107.<\/p><\/blockquote><p>Dragani\u0107 agrees with Nikoli\u0107 and Koji\u0107.<\/p><blockquote><p>\u2018The District is a pioneering example of an integrative approach to the restoration and revitalization of the industrial heritage in Novi Sad. I think that our city needs such a creative drive and I hope that in the future it will achieve programme diversity, which is necessary for the sustainability of the concept.\u2019<\/p><\/blockquote>\t\t\t\t\t\t<\/div>\n\t\t\t\t<\/div>\n\t\t\t\t\t<\/div>\n\t\t<\/div>\n\t\t\t\t\t<\/div>\n\t\t<\/section>\n\t\t\t\t<section class=\"elementor-section elementor-top-section elementor-element elementor-element-ed63a7f elementor-section-boxed elementor-section-height-default elementor-section-height-default\" data-id=\"ed63a7f\" data-element_type=\"section\">\n\t\t\t\t\t\t<div class=\"elementor-container elementor-column-gap-default\">\n\t\t\t\t\t<div class=\"elementor-column elementor-col-100 elementor-top-column elementor-element elementor-element-e8679c4\" data-id=\"e8679c4\" data-element_type=\"column\">\n\t\t\t<div class=\"elementor-widget-wrap elementor-element-populated\">\n\t\t\t\t\t\t<div class=\"elementor-element elementor-element-6d55108 elementor-widget elementor-widget-gallery\" data-id=\"6d55108\" data-element_type=\"widget\" data-settings=\"{&quot;columns&quot;:2,&quot;lazyload&quot;:&quot;yes&quot;,&quot;gallery_layout&quot;:&quot;grid&quot;,&quot;columns_tablet&quot;:2,&quot;columns_mobile&quot;:1,&quot;gap&quot;:{&quot;unit&quot;:&quot;px&quot;,&quot;size&quot;:10,&quot;sizes&quot;:[]},&quot;gap_tablet&quot;:{&quot;unit&quot;:&quot;px&quot;,&quot;size&quot;:10,&quot;sizes&quot;:[]},&quot;gap_mobile&quot;:{&quot;unit&quot;:&quot;px&quot;,&quot;size&quot;:10,&quot;sizes&quot;:[]},&quot;link_to&quot;:&quot;file&quot;,&quot;aspect_ratio&quot;:&quot;3:2&quot;,&quot;overlay_background&quot;:&quot;yes&quot;,&quot;content_hover_animation&quot;:&quot;fade-in&quot;}\" data-widget_type=\"gallery.default\">\n\t\t\t\t<div class=\"elementor-widget-container\">\n\t\t\t\t\t<div class=\"elementor-gallery__container\">\n\t\t\t\t\t\t\t<a class=\"e-gallery-item elementor-gallery-item elementor-animated-content\" href=\"https:\/\/visitdistrikt.rs\/media\/2023\/04\/Kreativni-distrikt-37-1.jpg\" data-elementor-open-lightbox=\"yes\" data-elementor-lightbox-slideshow=\"6d55108\" data-e-action-hash=\"#elementor-action%3Aaction%3Dlightbox%26settings%3DeyJpZCI6NDU1MDYsInVybCI6Imh0dHBzOlwvXC92aXNpdGRpc3RyaWt0LnJzXC9tZWRpYVwvMjAyM1wvMDRcL0tyZWF0aXZuaS1kaXN0cmlrdC0zNy0xLmpwZyIsInNsaWRlc2hvdyI6IjZkNTUxMDgifQ%3D%3D\">\n\t\t\t\t\t<div class=\"e-gallery-image elementor-gallery-item__image\" data-thumbnail=\"https:\/\/visitdistrikt.rs\/media\/2023\/04\/Kreativni-distrikt-37-1.jpg\" data-width=\"800\" data-height=\"599\" aria-label=\"\" role=\"img\" ><\/div>\n\t\t\t\t\t\t\t\t\t\t\t<div class=\"elementor-gallery-item__overlay\"><\/div>\n\t\t\t\t\t\t\t\t\t\t\t\t\t\t<\/a>\n\t\t\t\t\t\t\t<a class=\"e-gallery-item elementor-gallery-item elementor-animated-content\" href=\"https:\/\/visitdistrikt.rs\/media\/2023\/04\/Kreativni-distrikt-2-1-1.jpg\" data-elementor-open-lightbox=\"yes\" data-elementor-lightbox-slideshow=\"6d55108\" data-e-action-hash=\"#elementor-action%3Aaction%3Dlightbox%26settings%3DeyJpZCI6NDU1MDgsInVybCI6Imh0dHBzOlwvXC92aXNpdGRpc3RyaWt0LnJzXC9tZWRpYVwvMjAyM1wvMDRcL0tyZWF0aXZuaS1kaXN0cmlrdC0yLTEtMS5qcGciLCJzbGlkZXNob3ciOiI2ZDU1MTA4In0%3D\">\n\t\t\t\t\t<div class=\"e-gallery-image elementor-gallery-item__image\" data-thumbnail=\"https:\/\/visitdistrikt.rs\/media\/2023\/04\/Kreativni-distrikt-2-1-1.jpg\" data-width=\"800\" data-height=\"599\" aria-label=\"\" role=\"img\" ><\/div>\n\t\t\t\t\t\t\t\t\t\t\t<div class=\"elementor-gallery-item__overlay\"><\/div>\n\t\t\t\t\t\t\t\t\t\t\t\t\t\t<\/a>\n\t\t\t\t\t<\/div>\n\t\t\t<\/div>\n\t\t\t\t<\/div>\n\t\t\t\t\t<\/div>\n\t\t<\/div>\n\t\t\t\t\t<\/div>\n\t\t<\/section>\n\t\t\t\t<section class=\"elementor-section elementor-top-section elementor-element elementor-element-1aabdbe elementor-section-boxed elementor-section-height-default elementor-section-height-default\" data-id=\"1aabdbe\" data-element_type=\"section\">\n\t\t\t\t\t\t<div class=\"elementor-container elementor-column-gap-default\">\n\t\t\t\t\t<div class=\"elementor-column elementor-col-100 elementor-top-column elementor-element elementor-element-a23c21e\" data-id=\"a23c21e\" data-element_type=\"column\">\n\t\t\t<div class=\"elementor-widget-wrap elementor-element-populated\">\n\t\t\t\t\t\t<div class=\"elementor-element elementor-element-a081dcc elementor-widget elementor-widget-text-editor\" data-id=\"a081dcc\" data-element_type=\"widget\" data-widget_type=\"text-editor.default\">\n\t\t\t\t<div class=\"elementor-widget-container\">\n\t\t\t\t\t\t\t<p>You can read the entire text on the Dnevnik website.<\/p><p><strong>Source:<\/strong> <a href=\"https:\/\/www.dnevnik.rs\/\">Dnevnik<\/a><\/p>\t\t\t\t\t\t<\/div>\n\t\t\t\t<\/div>\n\t\t\t\t\t<\/div>\n\t\t<\/div>\n\t\t\t\t\t<\/div>\n\t\t<\/section>\n\t\t\t\t<\/div>\n\t\t","protected":false},"excerpt":{"rendered":"<p>In the place where chimneys and smoke from the first factories in Novi Sad once rose to the clouds, now another cloud will settle \u2013 an artistic one, which will have a very important role. On the one hand, it reminds us of those chimneys from which modern Novi Sad and its industrialization started, and [&hellip;]<\/p>\n","protected":false},"author":9,"featured_media":45514,"comment_status":"closed","ping_status":"closed","sticky":false,"template":"","format":"standard","meta":{"footnotes":"","_links_to":"","_links_to_target":""},"categories":[302,310],"tags":[1485,1371],"yoast_head":"<!-- This site is optimized with the Yoast SEO plugin v22.4 - https:\/\/yoast.com\/wordpress\/plugins\/seo\/ -->\n<title>Novi Sad Deserves a Place Like District - Visit Distrikt Novi Sad<\/title>\n<meta name=\"description\" content=\"The \u2018Cloud\u2019 structure, by the artist Branislav Nikoli\u0107, will be soon installed in the District.\" \/>\n<meta name=\"robots\" content=\"index, follow, max-snippet:-1, max-image-preview:large, max-video-preview:-1\" \/>\n<link rel=\"canonical\" href=\"https:\/\/visitdistrikt.rs\/en\/2023\/05\/15\/novi-sad-deserves-a-place-like-district\/\" \/>\n<meta property=\"og:locale\" content=\"en_US\" \/>\n<meta property=\"og:type\" content=\"article\" \/>\n<meta property=\"og:title\" content=\"Novi Sad Deserves a Place Like District - Visit Distrikt Novi Sad\" \/>\n<meta property=\"og:description\" content=\"The \u2018Cloud\u2019 structure, by the artist Branislav Nikoli\u0107, will be soon installed in the District.\" \/>\n<meta property=\"og:url\" content=\"https:\/\/visitdistrikt.rs\/en\/2023\/05\/15\/novi-sad-deserves-a-place-like-district\/\" \/>\n<meta property=\"og:site_name\" content=\"Visit Distrikt Novi Sad\" \/>\n<meta property=\"article:published_time\" content=\"2023-05-15T13:28:03+00:00\" \/>\n<meta property=\"og:image\" content=\"https:\/\/visitdistrikt.rs\/media\/2023\/04\/EPK-Kineska-cetvrt-89-1-e1682682546327.jpg\" \/>\n\t<meta property=\"og:image:width\" content=\"1920\" \/>\n\t<meta property=\"og:image:height\" content=\"1440\" \/>\n\t<meta property=\"og:image:type\" content=\"image\/jpeg\" \/>\n<meta name=\"author\" content=\"Marina Mari\u0107\" \/>\n<meta name=\"twitter:card\" content=\"summary_large_image\" \/>\n<meta name=\"twitter:label1\" content=\"Written by\" \/>\n\t<meta name=\"twitter:data1\" content=\"Marina Mari\u0107\" \/>\n\t<meta name=\"twitter:label2\" content=\"Est. reading time\" \/>\n\t<meta name=\"twitter:data2\" content=\"5 minutes\" \/>\n<script type=\"application\/ld+json\" class=\"yoast-schema-graph\">{\"@context\":\"https:\/\/schema.org\",\"@graph\":[{\"@type\":\"WebPage\",\"@id\":\"https:\/\/visitdistrikt.rs\/en\/2023\/05\/15\/novi-sad-deserves-a-place-like-district\/\",\"url\":\"https:\/\/visitdistrikt.rs\/en\/2023\/05\/15\/novi-sad-deserves-a-place-like-district\/\",\"name\":\"Novi Sad Deserves a Place Like District - Visit Distrikt Novi Sad\",\"isPartOf\":{\"@id\":\"https:\/\/visitdistrikt.rs\/#website\"},\"primaryImageOfPage\":{\"@id\":\"https:\/\/visitdistrikt.rs\/en\/2023\/05\/15\/novi-sad-deserves-a-place-like-district\/#primaryimage\"},\"image\":{\"@id\":\"https:\/\/visitdistrikt.rs\/en\/2023\/05\/15\/novi-sad-deserves-a-place-like-district\/#primaryimage\"},\"thumbnailUrl\":\"https:\/\/visitdistrikt.rs\/media\/2023\/04\/EPK-Kineska-cetvrt-89-1-e1682682546327.jpg\",\"datePublished\":\"2023-05-15T13:28:03+00:00\",\"dateModified\":\"2023-05-15T13:28:03+00:00\",\"author\":{\"@id\":\"https:\/\/visitdistrikt.rs\/#\/schema\/person\/b61f641548853605bef6b1ae7ca8aaa9\"},\"description\":\"The \u2018Cloud\u2019 structure, by the artist Branislav Nikoli\u0107, will be soon installed in the District.\",\"breadcrumb\":{\"@id\":\"https:\/\/visitdistrikt.rs\/en\/2023\/05\/15\/novi-sad-deserves-a-place-like-district\/#breadcrumb\"},\"inLanguage\":\"en-US\",\"potentialAction\":[{\"@type\":\"ReadAction\",\"target\":[\"https:\/\/visitdistrikt.rs\/en\/2023\/05\/15\/novi-sad-deserves-a-place-like-district\/\"]}]},{\"@type\":\"ImageObject\",\"inLanguage\":\"en-US\",\"@id\":\"https:\/\/visitdistrikt.rs\/en\/2023\/05\/15\/novi-sad-deserves-a-place-like-district\/#primaryimage\",\"url\":\"https:\/\/visitdistrikt.rs\/media\/2023\/04\/EPK-Kineska-cetvrt-89-1-e1682682546327.jpg\",\"contentUrl\":\"https:\/\/visitdistrikt.rs\/media\/2023\/04\/EPK-Kineska-cetvrt-89-1-e1682682546327.jpg\",\"width\":1920,\"height\":1440},{\"@type\":\"BreadcrumbList\",\"@id\":\"https:\/\/visitdistrikt.rs\/en\/2023\/05\/15\/novi-sad-deserves-a-place-like-district\/#breadcrumb\",\"itemListElement\":[{\"@type\":\"ListItem\",\"position\":1,\"name\":\"Home\",\"item\":\"https:\/\/visitdistrikt.rs\/en\/\"},{\"@type\":\"ListItem\",\"position\":2,\"name\":\"Novi Sad Deserves a Place Like District\"}]},{\"@type\":\"WebSite\",\"@id\":\"https:\/\/visitdistrikt.rs\/#website\",\"url\":\"https:\/\/visitdistrikt.rs\/\",\"name\":\"Visit Distrikt Novi Sad\",\"description\":\"Novi Sad\",\"potentialAction\":[{\"@type\":\"SearchAction\",\"target\":{\"@type\":\"EntryPoint\",\"urlTemplate\":\"https:\/\/visitdistrikt.rs\/?s={search_term_string}\"},\"query-input\":\"required name=search_term_string\"}],\"inLanguage\":\"en-US\"},{\"@type\":\"Person\",\"@id\":\"https:\/\/visitdistrikt.rs\/#\/schema\/person\/b61f641548853605bef6b1ae7ca8aaa9\",\"name\":\"Marina Mari\u0107\",\"image\":{\"@type\":\"ImageObject\",\"inLanguage\":\"en-US\",\"@id\":\"https:\/\/visitdistrikt.rs\/#\/schema\/person\/image\/\",\"url\":\"https:\/\/secure.gravatar.com\/avatar\/aeec6fdfa57d2ba44680b29ea83001c6?s=96&d=mm&r=g\",\"contentUrl\":\"https:\/\/secure.gravatar.com\/avatar\/aeec6fdfa57d2ba44680b29ea83001c6?s=96&d=mm&r=g\",\"caption\":\"Marina Mari\u0107\"},\"sameAs\":[\"https:\/\/visitdistrikt.rs\"]}]}<\/script>\n<!-- \/ Yoast SEO plugin. -->","yoast_head_json":{"title":"Novi Sad Deserves a Place Like District - Visit Distrikt Novi Sad","description":"The \u2018Cloud\u2019 structure, by the artist Branislav Nikoli\u0107, will be soon installed in the District.","robots":{"index":"index","follow":"follow","max-snippet":"max-snippet:-1","max-image-preview":"max-image-preview:large","max-video-preview":"max-video-preview:-1"},"canonical":"https:\/\/visitdistrikt.rs\/en\/2023\/05\/15\/novi-sad-deserves-a-place-like-district\/","og_locale":"en_US","og_type":"article","og_title":"Novi Sad Deserves a Place Like District - Visit Distrikt Novi Sad","og_description":"The \u2018Cloud\u2019 structure, by the artist Branislav Nikoli\u0107, will be soon installed in the District.","og_url":"https:\/\/visitdistrikt.rs\/en\/2023\/05\/15\/novi-sad-deserves-a-place-like-district\/","og_site_name":"Visit Distrikt Novi Sad","article_published_time":"2023-05-15T13:28:03+00:00","og_image":[{"width":1920,"height":1440,"url":"https:\/\/visitdistrikt.rs\/media\/2023\/04\/EPK-Kineska-cetvrt-89-1-e1682682546327.jpg","type":"image\/jpeg"}],"author":"Marina Mari\u0107","twitter_card":"summary_large_image","twitter_misc":{"Written by":"Marina Mari\u0107","Est. reading time":"5 minutes"},"schema":{"@context":"https:\/\/schema.org","@graph":[{"@type":"WebPage","@id":"https:\/\/visitdistrikt.rs\/en\/2023\/05\/15\/novi-sad-deserves-a-place-like-district\/","url":"https:\/\/visitdistrikt.rs\/en\/2023\/05\/15\/novi-sad-deserves-a-place-like-district\/","name":"Novi Sad Deserves a Place Like District - Visit Distrikt Novi Sad","isPartOf":{"@id":"https:\/\/visitdistrikt.rs\/#website"},"primaryImageOfPage":{"@id":"https:\/\/visitdistrikt.rs\/en\/2023\/05\/15\/novi-sad-deserves-a-place-like-district\/#primaryimage"},"image":{"@id":"https:\/\/visitdistrikt.rs\/en\/2023\/05\/15\/novi-sad-deserves-a-place-like-district\/#primaryimage"},"thumbnailUrl":"https:\/\/visitdistrikt.rs\/media\/2023\/04\/EPK-Kineska-cetvrt-89-1-e1682682546327.jpg","datePublished":"2023-05-15T13:28:03+00:00","dateModified":"2023-05-15T13:28:03+00:00","author":{"@id":"https:\/\/visitdistrikt.rs\/#\/schema\/person\/b61f641548853605bef6b1ae7ca8aaa9"},"description":"The \u2018Cloud\u2019 structure, by the artist Branislav Nikoli\u0107, will be soon installed in the District.","breadcrumb":{"@id":"https:\/\/visitdistrikt.rs\/en\/2023\/05\/15\/novi-sad-deserves-a-place-like-district\/#breadcrumb"},"inLanguage":"en-US","potentialAction":[{"@type":"ReadAction","target":["https:\/\/visitdistrikt.rs\/en\/2023\/05\/15\/novi-sad-deserves-a-place-like-district\/"]}]},{"@type":"ImageObject","inLanguage":"en-US","@id":"https:\/\/visitdistrikt.rs\/en\/2023\/05\/15\/novi-sad-deserves-a-place-like-district\/#primaryimage","url":"https:\/\/visitdistrikt.rs\/media\/2023\/04\/EPK-Kineska-cetvrt-89-1-e1682682546327.jpg","contentUrl":"https:\/\/visitdistrikt.rs\/media\/2023\/04\/EPK-Kineska-cetvrt-89-1-e1682682546327.jpg","width":1920,"height":1440},{"@type":"BreadcrumbList","@id":"https:\/\/visitdistrikt.rs\/en\/2023\/05\/15\/novi-sad-deserves-a-place-like-district\/#breadcrumb","itemListElement":[{"@type":"ListItem","position":1,"name":"Home","item":"https:\/\/visitdistrikt.rs\/en\/"},{"@type":"ListItem","position":2,"name":"Novi Sad Deserves a Place Like District"}]},{"@type":"WebSite","@id":"https:\/\/visitdistrikt.rs\/#website","url":"https:\/\/visitdistrikt.rs\/","name":"Visit Distrikt Novi Sad","description":"Novi Sad","potentialAction":[{"@type":"SearchAction","target":{"@type":"EntryPoint","urlTemplate":"https:\/\/visitdistrikt.rs\/?s={search_term_string}"},"query-input":"required name=search_term_string"}],"inLanguage":"en-US"},{"@type":"Person","@id":"https:\/\/visitdistrikt.rs\/#\/schema\/person\/b61f641548853605bef6b1ae7ca8aaa9","name":"Marina Mari\u0107","image":{"@type":"ImageObject","inLanguage":"en-US","@id":"https:\/\/visitdistrikt.rs\/#\/schema\/person\/image\/","url":"https:\/\/secure.gravatar.com\/avatar\/aeec6fdfa57d2ba44680b29ea83001c6?s=96&d=mm&r=g","contentUrl":"https:\/\/secure.gravatar.com\/avatar\/aeec6fdfa57d2ba44680b29ea83001c6?s=96&d=mm&r=g","caption":"Marina Mari\u0107"},"sameAs":["https:\/\/visitdistrikt.rs"]}]}},"_links":{"self":[{"href":"https:\/\/visitdistrikt.rs\/en\/wp-json\/wp\/v2\/posts\/45580"}],"collection":[{"href":"https:\/\/visitdistrikt.rs\/en\/wp-json\/wp\/v2\/posts"}],"about":[{"href":"https:\/\/visitdistrikt.rs\/en\/wp-json\/wp\/v2\/types\/post"}],"author":[{"embeddable":true,"href":"https:\/\/visitdistrikt.rs\/en\/wp-json\/wp\/v2\/users\/9"}],"replies":[{"embeddable":true,"href":"https:\/\/visitdistrikt.rs\/en\/wp-json\/wp\/v2\/comments?post=45580"}],"version-history":[{"count":4,"href":"https:\/\/visitdistrikt.rs\/en\/wp-json\/wp\/v2\/posts\/45580\/revisions"}],"predecessor-version":[{"id":45584,"href":"https:\/\/visitdistrikt.rs\/en\/wp-json\/wp\/v2\/posts\/45580\/revisions\/45584"}],"wp:featuredmedia":[{"embeddable":true,"href":"https:\/\/visitdistrikt.rs\/en\/wp-json\/wp\/v2\/media\/45514"}],"wp:attachment":[{"href":"https:\/\/visitdistrikt.rs\/en\/wp-json\/wp\/v2\/media?parent=45580"}],"wp:term":[{"taxonomy":"category","embeddable":true,"href":"https:\/\/visitdistrikt.rs\/en\/wp-json\/wp\/v2\/categories?post=45580"},{"taxonomy":"post_tag","embeddable":true,"href":"https:\/\/visitdistrikt.rs\/en\/wp-json\/wp\/v2\/tags?post=45580"}],"curies":[{"name":"wp","href":"https:\/\/api.w.org\/{rel}","templated":true}]}}