{"id":45606,"date":"2023-05-18T13:18:14","date_gmt":"2023-05-18T11:18:14","guid":{"rendered":"https:\/\/visitdistrikt.rs\/?p=45606"},"modified":"2023-05-18T13:18:14","modified_gmt":"2023-05-18T11:18:14","slug":"eva-riccio","status":"publish","type":"post","link":"https:\/\/visitdistrikt.rs\/en\/2023\/05\/18\/eva-riccio\/","title":{"rendered":"Eva Riccio: Places that Connect Rich Heritage and Memories Inspire Us"},"content":{"rendered":"<p>A city that nurtures and lives culture <a href=\"https:\/\/visitdistrikt.rs\/en\/2023\/05\/15\/novi-sad-deserves-a-place-like-district\/\">deserved a place like the District<\/a> for a long time. Now it is a meeting place for different arts and artists, a place that contributes to the development of a new audience, but also an important part of the tourist offer. The renovation of the District is a significant infrastructural undertaking and is <strong>one of the most significant positive consequences<\/strong> <strong>of the <\/strong><a href=\"https:\/\/novisad2022.rs\/en\/home-page\/\"><strong><em>European Capital of Culture<\/em><\/strong><\/a><strong> title<\/strong>, according to research by independent evaluators of the University of Novi Sad. Today, the District as unique spatial legacy to the city, combines the industrial heritage of the city with the artistic scene, preserving the authenticity of the Liman area. <strong>Eva Riccio<\/strong>, a participant in the <em>Legacies of Architecture<\/em> conference, which took place in Novi Sad during the <em>Kaleidoscope of Culture<\/em>, spoke about the importance of the space conversion.<\/p>\n<p><strong>Eva Riccio<\/strong> is a representative of the<em> La Friche la Belle de Mai<\/em> cultural centre from Marseille. She worked on the adaptation of a space similar to the District in the early 1990s. On the remains of the old tobacco factory in the former French ECoC, 30 years ago a new complex, a cultural centre, was born, which <strong>Eva Riccio <\/strong>presented as a guest in the renewed District. On this occasion, she shared her experiences and emphasized the importance of the restoration and protection of the city&#8217;s architectural and industrial heritage, but also added that we should constantly develop strategies for the future of architecture that we wish to leave to our fellow citizens and to the next generations.<\/p>\n<p><img fetchpriority=\"high\" decoding=\"async\" class=\"aligncenter size-full wp-image-45533\" src=\"https:\/\/visitdistrikt.rs\/media\/2023\/05\/Kreativni-distrikt-11-1.jpg\" alt=\"\" width=\"800\" height=\"599\" srcset=\"https:\/\/visitdistrikt.rs\/media\/2023\/05\/Kreativni-distrikt-11-1.jpg 800w, https:\/\/visitdistrikt.rs\/media\/2023\/05\/Kreativni-distrikt-11-1-300x225.jpg 300w, https:\/\/visitdistrikt.rs\/media\/2023\/05\/Kreativni-distrikt-11-1-768x575.jpg 768w\" sizes=\"(max-width: 800px) 100vw, 800px\" \/><\/p>\n<p><strong>How important is the adaptation of old and dilapidated buildings and their transformation into new cultural places, especially when it comes to old factories and industrial heritage?<\/strong><\/p>\n<p>I think it is extremely important. First, to adapt and renovate the spaces that already exist. Therefore, instead of ruining what is already available to us, the places where something has already happened \u2013 they are not empty spaces yet places to which we are bound by memories and a rich heritage \u2013 become spaces were we can implement something. Our experience from France, when it comes to Marseille, tells us that cultural and artistic activities can create a new synergy with the environment, and make public spaces accessible to people from different milieus. All this creates a new dynamic and is one of the manners to create a new city.<\/p>\n<p><img decoding=\"async\" class=\"aligncenter size-full wp-image-45506\" src=\"https:\/\/visitdistrikt.rs\/media\/2023\/04\/Kreativni-distrikt-37-1.jpg\" alt=\"\" width=\"800\" height=\"599\" srcset=\"https:\/\/visitdistrikt.rs\/media\/2023\/04\/Kreativni-distrikt-37-1.jpg 800w, https:\/\/visitdistrikt.rs\/media\/2023\/04\/Kreativni-distrikt-37-1-300x225.jpg 300w, https:\/\/visitdistrikt.rs\/media\/2023\/04\/Kreativni-distrikt-37-1-768x575.jpg 768w\" sizes=\"(max-width: 800px) 100vw, 800px\" \/><\/p>\n<p><strong>Are such projects of restoration of existing buildings and their conversion slowly becoming a new trend in Europe and the world?<\/strong><\/p>\n<p>Definitely yes. In recent years, this kind of transformation of industrial zones into cultural and social places is becoming more and more emphasized. It is a huge and positive change on many levels, creating a sense of community and social engagement for our city. The citizens come back to these spaces that have been closed and abandoned, sometimes even for years. We preserve what is available to us in our own community.<\/p>\n<p><strong>We would agree that it is easier to build a new complex than to create facilities on the foundations of something that once had a completely different purpose. How do you see it, why do we engage in these long-term conservation processes?<\/strong><\/p>\n<p>I do not think there is just one answer. My experience from La Friche says that the process of creation is the most important. It is not easy to create an object and fill it with works of art. The question is what do you want to achieve, to whom to show these works of art, for what purposes to use them. In France, we went through different public policies, we wish to create art, to present it to the public, to democratize and socialize it. Now we are changing practices and turning to digital practices, where people learn independently, where they see and share things, build capacity and create art in their homes. When we invest in those buildings, we wish that heritage to inspire us. Those spaces are once underground, destroyed, but that is a whole aesthetic, because those spaces are specific. Artists do not create in a space that is completely clean, white like a sheet of paper, but it is the space that gives them a special emotion.<\/p>\n<p><img decoding=\"async\" class=\"aligncenter size-full wp-image-45589\" src=\"https:\/\/visitdistrikt.rs\/media\/2023\/05\/MPU_2416-1.jpg\" alt=\"\" width=\"800\" height=\"533\" srcset=\"https:\/\/visitdistrikt.rs\/media\/2023\/05\/MPU_2416-1.jpg 800w, https:\/\/visitdistrikt.rs\/media\/2023\/05\/MPU_2416-1-300x200.jpg 300w, https:\/\/visitdistrikt.rs\/media\/2023\/05\/MPU_2416-1-768x512.jpg 768w\" sizes=\"(max-width: 800px) 100vw, 800px\" \/><\/p>\n<p><strong>How much do we know in general about restoration and protection, and giving new purpose to objects? Is the process laborious?<\/strong><\/p>\n<p>Yes, it is not easy at all, but I believe that the local government has the task of raising awareness of the importance of these renewal activities in the cultural and social domains, but also in terms of creating new jobs, learning new skills, cooperation between sectors, etc. This type of work has existed for maybe 30 years or even more, but now we clearly see how the public, private and civil sectors are aware of the positive changes that are born from working together and restoring such spaces.<\/p>\n<p><strong>Author:<\/strong>\u00a0Marina Mari\u0107<\/p>\n<p><strong>Photo:<\/strong>\u00a0Vladimir Veli\u010dkovi\u0107, Filip Petronijevi\u0107<\/p>\n","protected":false},"excerpt":{"rendered":"<p>A city that nurtures and lives culture deserved a place like the District for a long time. Now it is a meeting place for different arts and artists, a place that contributes to the development of a new audience, but also an important part of the tourist offer. The renovation of the District is a [&hellip;]<\/p>\n","protected":false},"author":9,"featured_media":45588,"comment_status":"closed","ping_status":"closed","sticky":false,"template":"","format":"standard","meta":{"footnotes":"","_links_to":"","_links_to_target":""},"categories":[998],"tags":[1371,676,314],"yoast_head":"<!-- This site is optimized with the Yoast SEO plugin v22.4 - https:\/\/yoast.com\/wordpress\/plugins\/seo\/ -->\n<title>Eva Riccio: Places that Connect Rich Heritage and Memories Inspire Us - Visit Distrikt Novi Sad<\/title>\n<meta name=\"description\" content=\"Eva Riccio, a participant in the Legacy of Architecture conference (Kaleidoscope of Culture), spoke about the importance of the District.\" \/>\n<meta name=\"robots\" content=\"index, follow, max-snippet:-1, max-image-preview:large, max-video-preview:-1\" \/>\n<link rel=\"canonical\" href=\"https:\/\/visitdistrikt.rs\/en\/2023\/05\/18\/eva-riccio\/\" \/>\n<meta property=\"og:locale\" content=\"en_US\" \/>\n<meta property=\"og:type\" content=\"article\" \/>\n<meta property=\"og:title\" content=\"Eva Riccio: Places that Connect Rich Heritage and Memories Inspire Us - Visit Distrikt Novi Sad\" \/>\n<meta property=\"og:description\" content=\"Eva Riccio, a participant in the Legacy of Architecture conference (Kaleidoscope of Culture), spoke about the importance of the District.\" \/>\n<meta property=\"og:url\" content=\"https:\/\/visitdistrikt.rs\/en\/2023\/05\/18\/eva-riccio\/\" \/>\n<meta property=\"og:site_name\" content=\"Visit Distrikt Novi Sad\" \/>\n<meta property=\"article:published_time\" content=\"2023-05-18T11:18:14+00:00\" \/>\n<meta property=\"og:image\" content=\"https:\/\/visitdistrikt.rs\/media\/2023\/05\/Untitled-design-13.jpg\" \/>\n\t<meta property=\"og:image:width\" content=\"1164\" \/>\n\t<meta property=\"og:image:height\" content=\"537\" \/>\n\t<meta property=\"og:image:type\" content=\"image\/jpeg\" \/>\n<meta name=\"author\" content=\"Marina Mari\u0107\" \/>\n<meta name=\"twitter:card\" content=\"summary_large_image\" \/>\n<meta name=\"twitter:label1\" content=\"Written by\" \/>\n\t<meta name=\"twitter:data1\" content=\"Marina Mari\u0107\" \/>\n\t<meta name=\"twitter:label2\" content=\"Est. reading time\" \/>\n\t<meta name=\"twitter:data2\" content=\"4 minutes\" \/>\n<script type=\"application\/ld+json\" class=\"yoast-schema-graph\">{\"@context\":\"https:\/\/schema.org\",\"@graph\":[{\"@type\":\"WebPage\",\"@id\":\"https:\/\/visitdistrikt.rs\/en\/2023\/05\/18\/eva-riccio\/\",\"url\":\"https:\/\/visitdistrikt.rs\/en\/2023\/05\/18\/eva-riccio\/\",\"name\":\"Eva Riccio: Places that Connect Rich Heritage and Memories Inspire Us - Visit Distrikt Novi Sad\",\"isPartOf\":{\"@id\":\"https:\/\/visitdistrikt.rs\/#website\"},\"primaryImageOfPage\":{\"@id\":\"https:\/\/visitdistrikt.rs\/en\/2023\/05\/18\/eva-riccio\/#primaryimage\"},\"image\":{\"@id\":\"https:\/\/visitdistrikt.rs\/en\/2023\/05\/18\/eva-riccio\/#primaryimage\"},\"thumbnailUrl\":\"https:\/\/visitdistrikt.rs\/media\/2023\/05\/Untitled-design-13.jpg\",\"datePublished\":\"2023-05-18T11:18:14+00:00\",\"dateModified\":\"2023-05-18T11:18:14+00:00\",\"author\":{\"@id\":\"https:\/\/visitdistrikt.rs\/#\/schema\/person\/b61f641548853605bef6b1ae7ca8aaa9\"},\"description\":\"Eva Riccio, a participant in the Legacy of Architecture conference (Kaleidoscope of Culture), spoke about the importance of the District.\",\"breadcrumb\":{\"@id\":\"https:\/\/visitdistrikt.rs\/en\/2023\/05\/18\/eva-riccio\/#breadcrumb\"},\"inLanguage\":\"en-US\",\"potentialAction\":[{\"@type\":\"ReadAction\",\"target\":[\"https:\/\/visitdistrikt.rs\/en\/2023\/05\/18\/eva-riccio\/\"]}]},{\"@type\":\"ImageObject\",\"inLanguage\":\"en-US\",\"@id\":\"https:\/\/visitdistrikt.rs\/en\/2023\/05\/18\/eva-riccio\/#primaryimage\",\"url\":\"https:\/\/visitdistrikt.rs\/media\/2023\/05\/Untitled-design-13.jpg\",\"contentUrl\":\"https:\/\/visitdistrikt.rs\/media\/2023\/05\/Untitled-design-13.jpg\",\"width\":1164,\"height\":537},{\"@type\":\"BreadcrumbList\",\"@id\":\"https:\/\/visitdistrikt.rs\/en\/2023\/05\/18\/eva-riccio\/#breadcrumb\",\"itemListElement\":[{\"@type\":\"ListItem\",\"position\":1,\"name\":\"Home\",\"item\":\"https:\/\/visitdistrikt.rs\/en\/\"},{\"@type\":\"ListItem\",\"position\":2,\"name\":\"Eva Riccio: Places that Connect Rich Heritage and Memories Inspire Us\"}]},{\"@type\":\"WebSite\",\"@id\":\"https:\/\/visitdistrikt.rs\/#website\",\"url\":\"https:\/\/visitdistrikt.rs\/\",\"name\":\"Visit Distrikt Novi Sad\",\"description\":\"Novi Sad\",\"potentialAction\":[{\"@type\":\"SearchAction\",\"target\":{\"@type\":\"EntryPoint\",\"urlTemplate\":\"https:\/\/visitdistrikt.rs\/?s={search_term_string}\"},\"query-input\":\"required name=search_term_string\"}],\"inLanguage\":\"en-US\"},{\"@type\":\"Person\",\"@id\":\"https:\/\/visitdistrikt.rs\/#\/schema\/person\/b61f641548853605bef6b1ae7ca8aaa9\",\"name\":\"Marina Mari\u0107\",\"image\":{\"@type\":\"ImageObject\",\"inLanguage\":\"en-US\",\"@id\":\"https:\/\/visitdistrikt.rs\/#\/schema\/person\/image\/\",\"url\":\"https:\/\/secure.gravatar.com\/avatar\/aeec6fdfa57d2ba44680b29ea83001c6?s=96&d=mm&r=g\",\"contentUrl\":\"https:\/\/secure.gravatar.com\/avatar\/aeec6fdfa57d2ba44680b29ea83001c6?s=96&d=mm&r=g\",\"caption\":\"Marina Mari\u0107\"},\"sameAs\":[\"https:\/\/visitdistrikt.rs\"]}]}<\/script>\n<!-- \/ Yoast SEO plugin. -->","yoast_head_json":{"title":"Eva Riccio: Places that Connect Rich Heritage and Memories Inspire Us - Visit Distrikt Novi Sad","description":"Eva Riccio, a participant in the Legacy of Architecture conference (Kaleidoscope of Culture), spoke about the importance of the District.","robots":{"index":"index","follow":"follow","max-snippet":"max-snippet:-1","max-image-preview":"max-image-preview:large","max-video-preview":"max-video-preview:-1"},"canonical":"https:\/\/visitdistrikt.rs\/en\/2023\/05\/18\/eva-riccio\/","og_locale":"en_US","og_type":"article","og_title":"Eva Riccio: Places that Connect Rich Heritage and Memories Inspire Us - Visit Distrikt Novi Sad","og_description":"Eva Riccio, a participant in the Legacy of Architecture conference (Kaleidoscope of Culture), spoke about the importance of the District.","og_url":"https:\/\/visitdistrikt.rs\/en\/2023\/05\/18\/eva-riccio\/","og_site_name":"Visit Distrikt Novi Sad","article_published_time":"2023-05-18T11:18:14+00:00","og_image":[{"width":1164,"height":537,"url":"https:\/\/visitdistrikt.rs\/media\/2023\/05\/Untitled-design-13.jpg","type":"image\/jpeg"}],"author":"Marina Mari\u0107","twitter_card":"summary_large_image","twitter_misc":{"Written by":"Marina Mari\u0107","Est. reading time":"4 minutes"},"schema":{"@context":"https:\/\/schema.org","@graph":[{"@type":"WebPage","@id":"https:\/\/visitdistrikt.rs\/en\/2023\/05\/18\/eva-riccio\/","url":"https:\/\/visitdistrikt.rs\/en\/2023\/05\/18\/eva-riccio\/","name":"Eva Riccio: Places that Connect Rich Heritage and Memories Inspire Us - Visit Distrikt Novi Sad","isPartOf":{"@id":"https:\/\/visitdistrikt.rs\/#website"},"primaryImageOfPage":{"@id":"https:\/\/visitdistrikt.rs\/en\/2023\/05\/18\/eva-riccio\/#primaryimage"},"image":{"@id":"https:\/\/visitdistrikt.rs\/en\/2023\/05\/18\/eva-riccio\/#primaryimage"},"thumbnailUrl":"https:\/\/visitdistrikt.rs\/media\/2023\/05\/Untitled-design-13.jpg","datePublished":"2023-05-18T11:18:14+00:00","dateModified":"2023-05-18T11:18:14+00:00","author":{"@id":"https:\/\/visitdistrikt.rs\/#\/schema\/person\/b61f641548853605bef6b1ae7ca8aaa9"},"description":"Eva Riccio, a participant in the Legacy of Architecture conference (Kaleidoscope of Culture), spoke about the importance of the District.","breadcrumb":{"@id":"https:\/\/visitdistrikt.rs\/en\/2023\/05\/18\/eva-riccio\/#breadcrumb"},"inLanguage":"en-US","potentialAction":[{"@type":"ReadAction","target":["https:\/\/visitdistrikt.rs\/en\/2023\/05\/18\/eva-riccio\/"]}]},{"@type":"ImageObject","inLanguage":"en-US","@id":"https:\/\/visitdistrikt.rs\/en\/2023\/05\/18\/eva-riccio\/#primaryimage","url":"https:\/\/visitdistrikt.rs\/media\/2023\/05\/Untitled-design-13.jpg","contentUrl":"https:\/\/visitdistrikt.rs\/media\/2023\/05\/Untitled-design-13.jpg","width":1164,"height":537},{"@type":"BreadcrumbList","@id":"https:\/\/visitdistrikt.rs\/en\/2023\/05\/18\/eva-riccio\/#breadcrumb","itemListElement":[{"@type":"ListItem","position":1,"name":"Home","item":"https:\/\/visitdistrikt.rs\/en\/"},{"@type":"ListItem","position":2,"name":"Eva Riccio: Places that Connect Rich Heritage and Memories Inspire Us"}]},{"@type":"WebSite","@id":"https:\/\/visitdistrikt.rs\/#website","url":"https:\/\/visitdistrikt.rs\/","name":"Visit Distrikt Novi Sad","description":"Novi Sad","potentialAction":[{"@type":"SearchAction","target":{"@type":"EntryPoint","urlTemplate":"https:\/\/visitdistrikt.rs\/?s={search_term_string}"},"query-input":"required name=search_term_string"}],"inLanguage":"en-US"},{"@type":"Person","@id":"https:\/\/visitdistrikt.rs\/#\/schema\/person\/b61f641548853605bef6b1ae7ca8aaa9","name":"Marina Mari\u0107","image":{"@type":"ImageObject","inLanguage":"en-US","@id":"https:\/\/visitdistrikt.rs\/#\/schema\/person\/image\/","url":"https:\/\/secure.gravatar.com\/avatar\/aeec6fdfa57d2ba44680b29ea83001c6?s=96&d=mm&r=g","contentUrl":"https:\/\/secure.gravatar.com\/avatar\/aeec6fdfa57d2ba44680b29ea83001c6?s=96&d=mm&r=g","caption":"Marina Mari\u0107"},"sameAs":["https:\/\/visitdistrikt.rs"]}]}},"_links":{"self":[{"href":"https:\/\/visitdistrikt.rs\/en\/wp-json\/wp\/v2\/posts\/45606"}],"collection":[{"href":"https:\/\/visitdistrikt.rs\/en\/wp-json\/wp\/v2\/posts"}],"about":[{"href":"https:\/\/visitdistrikt.rs\/en\/wp-json\/wp\/v2\/types\/post"}],"author":[{"embeddable":true,"href":"https:\/\/visitdistrikt.rs\/en\/wp-json\/wp\/v2\/users\/9"}],"replies":[{"embeddable":true,"href":"https:\/\/visitdistrikt.rs\/en\/wp-json\/wp\/v2\/comments?post=45606"}],"version-history":[{"count":1,"href":"https:\/\/visitdistrikt.rs\/en\/wp-json\/wp\/v2\/posts\/45606\/revisions"}],"predecessor-version":[{"id":45607,"href":"https:\/\/visitdistrikt.rs\/en\/wp-json\/wp\/v2\/posts\/45606\/revisions\/45607"}],"wp:featuredmedia":[{"embeddable":true,"href":"https:\/\/visitdistrikt.rs\/en\/wp-json\/wp\/v2\/media\/45588"}],"wp:attachment":[{"href":"https:\/\/visitdistrikt.rs\/en\/wp-json\/wp\/v2\/media?parent=45606"}],"wp:term":[{"taxonomy":"category","embeddable":true,"href":"https:\/\/visitdistrikt.rs\/en\/wp-json\/wp\/v2\/categories?post=45606"},{"taxonomy":"post_tag","embeddable":true,"href":"https:\/\/visitdistrikt.rs\/en\/wp-json\/wp\/v2\/tags?post=45606"}],"curies":[{"name":"wp","href":"https:\/\/api.w.org\/{rel}","templated":true}]}}