{"id":46487,"date":"2023-09-19T09:47:48","date_gmt":"2023-09-19T07:47:48","guid":{"rendered":"https:\/\/visitdistrikt.rs\/?p=46487"},"modified":"2023-09-19T09:47:48","modified_gmt":"2023-09-19T07:47:48","slug":"boris-lukic","status":"publish","type":"post","link":"https:\/\/visitdistrikt.rs\/en\/2023\/09\/19\/boris-lukic\/","title":{"rendered":"The District from the Artist\u2019s Perspective: Boris Luki\u0107 \u2013 We Finally Have Serious Working Conditions"},"content":{"rendered":"<p><strong>Boris Luki\u0107<\/strong> made his first artistic steps after graduating from the Academy of Arts in Novi Sad. The fields of interest of his work are primarily photography and painting, but he deals with sculpture and drawing as well. The issues he deals with the most in his work are the reasons of a visual representation in art today. Since 2014, he has been creating and working in a studio located in Novi Sad, right on the site of today&#8217;s Novi Sad District. What used to be a craftsman&#8217;s place in the old wire factory experienced a complete renovation in previous years into one of the main places of culture in Novi Sad, all thanks to the initiative of the \u2018Novi Sad \u2013 European Capital of Culture\u2019 Foundation.<\/p>\n<h2>Space &#8211; creative drive<\/h2>\n<p>&#8211; I returned to the new studio in April 2022. I have been in the District or, as it was then called Chinatown, since 2014, except for a break while the space was being adapted. In a certain sense, it is, above all, a production facility. There are also colleagues, also with studios, so together we made several pop-up exhibitions.<\/p>\n<article class=\"embedded-entity\">\n<article class=\"media media-image view-mode-article-image\">\n<div class=\"field field--name-field-image field--type-image field--label-hidden field__item\">\n<div class=\"popup-gallery\"><\/div>\n<\/div>\n<div class=\"article__image--desc\"><img fetchpriority=\"high\" decoding=\"async\" class=\"aligncenter size-large wp-image-45995\" src=\"https:\/\/visitdistrikt.rs\/media\/2023\/08\/Kreativni-distrikt-45-1024x767.jpg\" alt=\"\" width=\"800\" height=\"599\" \/><\/div>\n<\/article>\n<\/article>\n<p><strong>Boris Luki\u0107<\/strong> singled out the lack of adequate conditions for work and creating art as the primary problems he encountered before he came to the location in the District.<\/p>\n<p>&#8211; In environments like ours, the most vulnerable part is the lack of adequate conditions that are needed for art creation. When that problem is overcome, as is the case with our studios, somehow everything becomes simpler and more beautiful. When the infrastructure is no longer a problem, you don&#8217;t know in which directions and formats what you do can go. And that is very exciting but also challenging. You can simply \u2018swing\u2019 as far as your ideas take you.<\/p>\n<p>Luki\u0107 believes that the space in which he now works and creates is very impressive.<\/p>\n<p>&#8211; This is confirmed by the reactions of various visitors, both locally and from abroad. We finally have something that looks like some serious working conditions. Like everything, these spaces have drawbacks, mostly related to building management and the general need for a technical person to deal with problems such as cooling and heating system errors, minor leaks, and the like.<\/p>\n<p>The District is a second home to many independent artists as well as art collectives. Boris Luki\u0107 points out that neighbourly relations in the Novi Sad District have always been good and that there have never been any special problems.<\/p>\n<p>&#8211; As I already mentioned, being in the same place every day with similar and different profiles of people from the field of culture can only be beneficial for everyone. But that takes time, so it remains to be seen how everything will work.<\/p>\n<h2>The potential of the District is unlimited<\/h2>\n<p>One of the most significant spatial legacies of the \u2018Novi Sad \u2013 European Capital of Culture\u2019 project, the District, has already established itself as a new centre of creative industries.<\/p>\n<p>&#8211; The potential of the District, when it is completed, is unlimited. Everything depends on the intelligence and people who will be there and who will work there. As such, it is a kind of challenge or test for all of us, even for the whole city, in terms of what we wish to become and who we really are. This is a historic chance for the whole city to get one place or quarter that is directed towards culture and true values. I sincerely hope it doesn&#8217;t get wasted because I&#8217;m sure we won&#8217;t be getting another one for a long time.<\/p>\n<hr \/>\n<h2 class=\"glosa\">The work is still not done<\/h2>\n<p>The examples such as the District, exist everywhere, especially in Western Europe, and it is not too much of a novelty &#8211; believes Boris Luki\u0107.<\/p>\n<p>&#8211; But that doesn&#8217;t even matter &#8211; he says. &#8211; It is important that things are starting to change here. However, I don&#8217;t think we should be too proud, because there is still a lot of work to be done.<\/p>\n<hr \/>\n<article class=\"embedded-entity\">\n<article class=\"media media-image view-mode-article-image\">\n<div class=\"field field--name-field-image field--type-image field--label-hidden field__item\">\n<div class=\"popup-gallery\"><\/div>\n<\/div>\n<div class=\"article__image--desc\"><img decoding=\"async\" class=\"aligncenter size-full wp-image-45997\" src=\"https:\/\/visitdistrikt.rs\/media\/2023\/08\/2-Atelje-Boris-Lukic-foto-V.Velickovic-e1691744522922.jpg\" alt=\"\" width=\"800\" height=\"534\" srcset=\"https:\/\/visitdistrikt.rs\/media\/2023\/08\/2-Atelje-Boris-Lukic-foto-V.Velickovic-e1691744522922.jpg 800w, https:\/\/visitdistrikt.rs\/media\/2023\/08\/2-Atelje-Boris-Lukic-foto-V.Velickovic-e1691744522922-300x200.jpg 300w, https:\/\/visitdistrikt.rs\/media\/2023\/08\/2-Atelje-Boris-Lukic-foto-V.Velickovic-e1691744522922-768x513.jpg 768w\" sizes=\"(max-width: 800px) 100vw, 800px\" \/><\/div>\n<\/article>\n<\/article>\n<p>The idea of rebuilding and revitalizing buildings within the Novi Sad District gained momentum when the world learned that Novi Sad would take the flattering title of European Capital of Culture. Years of work led to the former abandoned and unsafe zone in the District becoming a space dedicated to culture, art and other spheres.<\/p>\n<p>&#8211; When you stay in the District every day, it is almost impossible not to get acquainted with its history, stories and people who lived there. It gives an authentic feeling to the whole place. However, those are all past times and I think we should be focused on the future and all the new things it brings. I sincerely hope that the transformation of the District will be only the first in a series and that it will serve as an inspiration for some future similar projects. This is a great chance for societies in transition like ours. Finally catching up with the times and building some new values and creating new opportunities &#8211; that&#8217;s the bottom line.<\/p>\n<article class=\"embedded-entity\">\n<article class=\"media media-image view-mode-article-image\">\n<div class=\"field field--name-field-image field--type-image field--label-hidden field__item\">\n<div class=\"popup-gallery\"><\/div>\n<\/div>\n<div class=\"article__image--desc\"><img decoding=\"async\" class=\"aligncenter size-full wp-image-45999\" src=\"https:\/\/visitdistrikt.rs\/media\/2023\/08\/4-Boris-Lukic-foto-V.-Velickovic-e1691744595537.jpg\" alt=\"\" width=\"766\" height=\"800\" srcset=\"https:\/\/visitdistrikt.rs\/media\/2023\/08\/4-Boris-Lukic-foto-V.-Velickovic-e1691744595537.jpg 766w, https:\/\/visitdistrikt.rs\/media\/2023\/08\/4-Boris-Lukic-foto-V.-Velickovic-e1691744595537-287x300.jpg 287w\" sizes=\"(max-width: 766px) 100vw, 766px\" \/><\/div>\n<\/article>\n<\/article>\n<p>Boris Luki\u0107 believes that there are many advantages of the District and that its main advantage lies in the concentration of artistic or creative production in one place in purpose-built and good working conditions.<\/p>\n<p>&#8211; What I try to achieve the most is daily work with the desire to improve and overcome myself. Apart from that established routine, there is also an upcoming exhibition as part of this year&#8217;s sixth Kaleidoscope of Culture, where the three of us, who create in the District, will exhibit our works. That&#8217;s something I&#8217;m especially looking forward to &#8211; concludes Luki\u0107.<\/p>\n<p><strong>Source:<\/strong> <a href=\"https:\/\/www.dnevnik.rs\/lat\/kultura\/naslovi\/distrikt-iz-ugla-umetnika-borisa-lukica-konacno-imamo-ozbilne-uslove-za-rad-04-08-2023#google_vignette\">Dnevnik<\/a><\/p>\n<p><strong>Photo:<\/strong> Vladimir Veli\u010dkovi\u0107, Filip Petronijevi\u0107<\/p>\n","protected":false},"excerpt":{"rendered":"<p>Boris Luki\u0107 made his first artistic steps after graduating from the Academy of Arts in Novi Sad. The fields of interest of his work are primarily photography and painting, but he deals with sculpture and drawing as well. The issues he deals with the most in his work are the reasons of a visual representation [&hellip;]<\/p>\n","protected":false},"author":9,"featured_media":46488,"comment_status":"closed","ping_status":"closed","sticky":false,"template":"","format":"standard","meta":{"footnotes":"","_links_to":"","_links_to_target":""},"categories":[303],"tags":[1512,1371],"yoast_head":"<!-- This site is optimized with the Yoast SEO plugin v22.4 - https:\/\/yoast.com\/wordpress\/plugins\/seo\/ -->\n<title>The District from the Artist\u2019s Perspective: Boris Luki\u0107 \u2013 We Finally Have Serious Working Conditions - Visit Distrikt Novi Sad<\/title>\n<meta name=\"description\" content=\"Since 2014, the artist Boris Luki\u0107 has been creating and working in a studio located in today&#039;s Novi Sad District.\" \/>\n<meta name=\"robots\" content=\"index, follow, max-snippet:-1, max-image-preview:large, max-video-preview:-1\" \/>\n<link rel=\"canonical\" href=\"https:\/\/visitdistrikt.rs\/en\/2023\/09\/19\/boris-lukic\/\" \/>\n<meta property=\"og:locale\" content=\"en_US\" \/>\n<meta property=\"og:type\" content=\"article\" \/>\n<meta property=\"og:title\" content=\"The District from the Artist\u2019s Perspective: Boris Luki\u0107 \u2013 We Finally Have Serious Working Conditions - Visit Distrikt Novi Sad\" \/>\n<meta property=\"og:description\" content=\"Since 2014, the artist Boris Luki\u0107 has been creating and working in a studio located in today&#039;s Novi Sad District.\" \/>\n<meta property=\"og:url\" content=\"https:\/\/visitdistrikt.rs\/en\/2023\/09\/19\/boris-lukic\/\" \/>\n<meta property=\"og:site_name\" content=\"Visit Distrikt Novi Sad\" \/>\n<meta property=\"article:published_time\" content=\"2023-09-19T07:47:48+00:00\" \/>\n<meta property=\"og:image\" content=\"https:\/\/visitdistrikt.rs\/media\/2023\/09\/Untitled-design-49.jpg\" \/>\n\t<meta property=\"og:image:width\" content=\"1920\" \/>\n\t<meta property=\"og:image:height\" content=\"577\" \/>\n\t<meta property=\"og:image:type\" content=\"image\/jpeg\" \/>\n<meta name=\"author\" content=\"Marina Mari\u0107\" \/>\n<meta name=\"twitter:card\" content=\"summary_large_image\" \/>\n<meta name=\"twitter:label1\" content=\"Written by\" \/>\n\t<meta name=\"twitter:data1\" content=\"Marina Mari\u0107\" \/>\n\t<meta name=\"twitter:label2\" content=\"Est. reading time\" \/>\n\t<meta name=\"twitter:data2\" content=\"5 minutes\" \/>\n<script type=\"application\/ld+json\" class=\"yoast-schema-graph\">{\"@context\":\"https:\/\/schema.org\",\"@graph\":[{\"@type\":\"WebPage\",\"@id\":\"https:\/\/visitdistrikt.rs\/en\/2023\/09\/19\/boris-lukic\/\",\"url\":\"https:\/\/visitdistrikt.rs\/en\/2023\/09\/19\/boris-lukic\/\",\"name\":\"The District from the Artist\u2019s Perspective: Boris Luki\u0107 \u2013 We Finally Have Serious Working Conditions - Visit Distrikt Novi Sad\",\"isPartOf\":{\"@id\":\"https:\/\/visitdistrikt.rs\/#website\"},\"primaryImageOfPage\":{\"@id\":\"https:\/\/visitdistrikt.rs\/en\/2023\/09\/19\/boris-lukic\/#primaryimage\"},\"image\":{\"@id\":\"https:\/\/visitdistrikt.rs\/en\/2023\/09\/19\/boris-lukic\/#primaryimage\"},\"thumbnailUrl\":\"https:\/\/visitdistrikt.rs\/media\/2023\/09\/Untitled-design-49.jpg\",\"datePublished\":\"2023-09-19T07:47:48+00:00\",\"dateModified\":\"2023-09-19T07:47:48+00:00\",\"author\":{\"@id\":\"https:\/\/visitdistrikt.rs\/#\/schema\/person\/b61f641548853605bef6b1ae7ca8aaa9\"},\"description\":\"Since 2014, the artist Boris Luki\u0107 has been creating and working in a studio located in today's Novi Sad District.\",\"breadcrumb\":{\"@id\":\"https:\/\/visitdistrikt.rs\/en\/2023\/09\/19\/boris-lukic\/#breadcrumb\"},\"inLanguage\":\"en-US\",\"potentialAction\":[{\"@type\":\"ReadAction\",\"target\":[\"https:\/\/visitdistrikt.rs\/en\/2023\/09\/19\/boris-lukic\/\"]}]},{\"@type\":\"ImageObject\",\"inLanguage\":\"en-US\",\"@id\":\"https:\/\/visitdistrikt.rs\/en\/2023\/09\/19\/boris-lukic\/#primaryimage\",\"url\":\"https:\/\/visitdistrikt.rs\/media\/2023\/09\/Untitled-design-49.jpg\",\"contentUrl\":\"https:\/\/visitdistrikt.rs\/media\/2023\/09\/Untitled-design-49.jpg\",\"width\":1920,\"height\":577},{\"@type\":\"BreadcrumbList\",\"@id\":\"https:\/\/visitdistrikt.rs\/en\/2023\/09\/19\/boris-lukic\/#breadcrumb\",\"itemListElement\":[{\"@type\":\"ListItem\",\"position\":1,\"name\":\"Home\",\"item\":\"https:\/\/visitdistrikt.rs\/en\/\"},{\"@type\":\"ListItem\",\"position\":2,\"name\":\"The District from the Artist\u2019s Perspective: Boris Luki\u0107 \u2013 We Finally Have Serious Working Conditions\"}]},{\"@type\":\"WebSite\",\"@id\":\"https:\/\/visitdistrikt.rs\/#website\",\"url\":\"https:\/\/visitdistrikt.rs\/\",\"name\":\"Visit Distrikt Novi Sad\",\"description\":\"Novi Sad\",\"potentialAction\":[{\"@type\":\"SearchAction\",\"target\":{\"@type\":\"EntryPoint\",\"urlTemplate\":\"https:\/\/visitdistrikt.rs\/?s={search_term_string}\"},\"query-input\":\"required name=search_term_string\"}],\"inLanguage\":\"en-US\"},{\"@type\":\"Person\",\"@id\":\"https:\/\/visitdistrikt.rs\/#\/schema\/person\/b61f641548853605bef6b1ae7ca8aaa9\",\"name\":\"Marina Mari\u0107\",\"image\":{\"@type\":\"ImageObject\",\"inLanguage\":\"en-US\",\"@id\":\"https:\/\/visitdistrikt.rs\/#\/schema\/person\/image\/\",\"url\":\"https:\/\/secure.gravatar.com\/avatar\/aeec6fdfa57d2ba44680b29ea83001c6?s=96&d=mm&r=g\",\"contentUrl\":\"https:\/\/secure.gravatar.com\/avatar\/aeec6fdfa57d2ba44680b29ea83001c6?s=96&d=mm&r=g\",\"caption\":\"Marina Mari\u0107\"},\"sameAs\":[\"https:\/\/visitdistrikt.rs\"]}]}<\/script>\n<!-- \/ Yoast SEO plugin. -->","yoast_head_json":{"title":"The District from the Artist\u2019s Perspective: Boris Luki\u0107 \u2013 We Finally Have Serious Working Conditions - Visit Distrikt Novi Sad","description":"Since 2014, the artist Boris Luki\u0107 has been creating and working in a studio located in today's Novi Sad District.","robots":{"index":"index","follow":"follow","max-snippet":"max-snippet:-1","max-image-preview":"max-image-preview:large","max-video-preview":"max-video-preview:-1"},"canonical":"https:\/\/visitdistrikt.rs\/en\/2023\/09\/19\/boris-lukic\/","og_locale":"en_US","og_type":"article","og_title":"The District from the Artist\u2019s Perspective: Boris Luki\u0107 \u2013 We Finally Have Serious Working Conditions - Visit Distrikt Novi Sad","og_description":"Since 2014, the artist Boris Luki\u0107 has been creating and working in a studio located in today's Novi Sad District.","og_url":"https:\/\/visitdistrikt.rs\/en\/2023\/09\/19\/boris-lukic\/","og_site_name":"Visit Distrikt Novi Sad","article_published_time":"2023-09-19T07:47:48+00:00","og_image":[{"width":1920,"height":577,"url":"https:\/\/visitdistrikt.rs\/media\/2023\/09\/Untitled-design-49.jpg","type":"image\/jpeg"}],"author":"Marina Mari\u0107","twitter_card":"summary_large_image","twitter_misc":{"Written by":"Marina Mari\u0107","Est. reading time":"5 minutes"},"schema":{"@context":"https:\/\/schema.org","@graph":[{"@type":"WebPage","@id":"https:\/\/visitdistrikt.rs\/en\/2023\/09\/19\/boris-lukic\/","url":"https:\/\/visitdistrikt.rs\/en\/2023\/09\/19\/boris-lukic\/","name":"The District from the Artist\u2019s Perspective: Boris Luki\u0107 \u2013 We Finally Have Serious Working Conditions - Visit Distrikt Novi Sad","isPartOf":{"@id":"https:\/\/visitdistrikt.rs\/#website"},"primaryImageOfPage":{"@id":"https:\/\/visitdistrikt.rs\/en\/2023\/09\/19\/boris-lukic\/#primaryimage"},"image":{"@id":"https:\/\/visitdistrikt.rs\/en\/2023\/09\/19\/boris-lukic\/#primaryimage"},"thumbnailUrl":"https:\/\/visitdistrikt.rs\/media\/2023\/09\/Untitled-design-49.jpg","datePublished":"2023-09-19T07:47:48+00:00","dateModified":"2023-09-19T07:47:48+00:00","author":{"@id":"https:\/\/visitdistrikt.rs\/#\/schema\/person\/b61f641548853605bef6b1ae7ca8aaa9"},"description":"Since 2014, the artist Boris Luki\u0107 has been creating and working in a studio located in today's Novi Sad District.","breadcrumb":{"@id":"https:\/\/visitdistrikt.rs\/en\/2023\/09\/19\/boris-lukic\/#breadcrumb"},"inLanguage":"en-US","potentialAction":[{"@type":"ReadAction","target":["https:\/\/visitdistrikt.rs\/en\/2023\/09\/19\/boris-lukic\/"]}]},{"@type":"ImageObject","inLanguage":"en-US","@id":"https:\/\/visitdistrikt.rs\/en\/2023\/09\/19\/boris-lukic\/#primaryimage","url":"https:\/\/visitdistrikt.rs\/media\/2023\/09\/Untitled-design-49.jpg","contentUrl":"https:\/\/visitdistrikt.rs\/media\/2023\/09\/Untitled-design-49.jpg","width":1920,"height":577},{"@type":"BreadcrumbList","@id":"https:\/\/visitdistrikt.rs\/en\/2023\/09\/19\/boris-lukic\/#breadcrumb","itemListElement":[{"@type":"ListItem","position":1,"name":"Home","item":"https:\/\/visitdistrikt.rs\/en\/"},{"@type":"ListItem","position":2,"name":"The District from the Artist\u2019s Perspective: Boris Luki\u0107 \u2013 We Finally Have Serious Working Conditions"}]},{"@type":"WebSite","@id":"https:\/\/visitdistrikt.rs\/#website","url":"https:\/\/visitdistrikt.rs\/","name":"Visit Distrikt Novi Sad","description":"Novi Sad","potentialAction":[{"@type":"SearchAction","target":{"@type":"EntryPoint","urlTemplate":"https:\/\/visitdistrikt.rs\/?s={search_term_string}"},"query-input":"required name=search_term_string"}],"inLanguage":"en-US"},{"@type":"Person","@id":"https:\/\/visitdistrikt.rs\/#\/schema\/person\/b61f641548853605bef6b1ae7ca8aaa9","name":"Marina Mari\u0107","image":{"@type":"ImageObject","inLanguage":"en-US","@id":"https:\/\/visitdistrikt.rs\/#\/schema\/person\/image\/","url":"https:\/\/secure.gravatar.com\/avatar\/aeec6fdfa57d2ba44680b29ea83001c6?s=96&d=mm&r=g","contentUrl":"https:\/\/secure.gravatar.com\/avatar\/aeec6fdfa57d2ba44680b29ea83001c6?s=96&d=mm&r=g","caption":"Marina Mari\u0107"},"sameAs":["https:\/\/visitdistrikt.rs"]}]}},"_links":{"self":[{"href":"https:\/\/visitdistrikt.rs\/en\/wp-json\/wp\/v2\/posts\/46487"}],"collection":[{"href":"https:\/\/visitdistrikt.rs\/en\/wp-json\/wp\/v2\/posts"}],"about":[{"href":"https:\/\/visitdistrikt.rs\/en\/wp-json\/wp\/v2\/types\/post"}],"author":[{"embeddable":true,"href":"https:\/\/visitdistrikt.rs\/en\/wp-json\/wp\/v2\/users\/9"}],"replies":[{"embeddable":true,"href":"https:\/\/visitdistrikt.rs\/en\/wp-json\/wp\/v2\/comments?post=46487"}],"version-history":[{"count":1,"href":"https:\/\/visitdistrikt.rs\/en\/wp-json\/wp\/v2\/posts\/46487\/revisions"}],"predecessor-version":[{"id":46490,"href":"https:\/\/visitdistrikt.rs\/en\/wp-json\/wp\/v2\/posts\/46487\/revisions\/46490"}],"wp:featuredmedia":[{"embeddable":true,"href":"https:\/\/visitdistrikt.rs\/en\/wp-json\/wp\/v2\/media\/46488"}],"wp:attachment":[{"href":"https:\/\/visitdistrikt.rs\/en\/wp-json\/wp\/v2\/media?parent=46487"}],"wp:term":[{"taxonomy":"category","embeddable":true,"href":"https:\/\/visitdistrikt.rs\/en\/wp-json\/wp\/v2\/categories?post=46487"},{"taxonomy":"post_tag","embeddable":true,"href":"https:\/\/visitdistrikt.rs\/en\/wp-json\/wp\/v2\/tags?post=46487"}],"curies":[{"name":"wp","href":"https:\/\/api.w.org\/{rel}","templated":true}]}}