{"id":46491,"date":"2023-09-19T09:57:07","date_gmt":"2023-09-19T07:57:07","guid":{"rendered":"https:\/\/visitdistrikt.rs\/?p=46491"},"modified":"2023-09-19T09:57:07","modified_gmt":"2023-09-19T07:57:07","slug":"petar-mirkovic","status":"publish","type":"post","link":"https:\/\/visitdistrikt.rs\/en\/2023\/09\/19\/petar-mirkovic\/","title":{"rendered":"The District from the Artist\u2019s Perspective: Petar Mirkovi\u0107 \u2013 Industrial Spaces Have Always Been Attractive to Creatives and Artists"},"content":{"rendered":"<p><strong>Petar Mirkovi\u0107<\/strong> is a contemporary visual artist whose artistic handwriting marks the experience of the modern world and society through urban landscapes that are reminiscent of movie scenes, something like Godard&#8217;s scenes as they would be if they belonged to the 21st century.<\/p>\n<p>The sculptor, who also expresses himself through drawing, comes from Novi Sad, and for years he has been exhibiting at all major world fairs and is part of the international scene. At the same time, he was recognized by the professional public and the market.<\/p>\n<p>During April of the previous year, the former craftsman&#8217;s place in the old wire factory became a workshop again. The renovated facilities of the Novi Sad District, thanks to the European Capital of Culture title, have become a workshop for visual artistic production. Excellent Novi Sad artists who created there in unconditioned spaces, today representative studios, have returned to Radionica. Among others, <strong>Petar Mirkovi\u0107<\/strong> moved into the new\/old studio, which is now much better and more suitable for creative work.<\/p>\n<p>&#8211; \u2018The new space\u2019 is certainly something we have been hoping for for years. I believe that the potential that existed has finally been used and now I can say that this is a very functional and modern workspace that corresponds to today&#8217;s times. The most important infrastructure for the work process, such as heating, water and electricity, now exists.<\/p>\n<article class=\"embedded-entity\">\n<article class=\"media media-image view-mode-article-image\">\n<div class=\"field field--name-field-image field--type-image field--label-hidden field__item\">\n<div class=\"popup-gallery\"><\/div>\n<\/div>\n<div class=\"article__image--desc\"><img fetchpriority=\"high\" decoding=\"async\" class=\"aligncenter size-large wp-image-46013\" src=\"https:\/\/visitdistrikt.rs\/media\/2023\/08\/Kreativni-distrikt-45-1-1024x767.jpg\" alt=\"\" width=\"800\" height=\"599\" \/><\/div>\n<\/article>\n<\/article>\n<p>As a positive advantage of the location and the object in which he is currently creating, Petar singles out the fact that it is a complex that brings together different artists with the same goal, which is to create art.<\/p>\n<p>&#8211; The advantage is certainly the type of building itself. Industrial spaces have always been attractive to creatives and artists due to high ceilings \/ roofs, large entrance doors and lots of natural light. This is also the case with the space where I work now. In addition to this, the entire complex with other users from similar spheres creates the possibility of interaction and a special ambience.<\/p>\n<h2>More than two decades of creativity in the District<\/h2>\n<p><strong>Petar Mirkovi\u0107<\/strong> first encountered the mentioned object in the Novi Sad District more than twenty years ago when he was invited to participate in the creation of a work of art.<\/p>\n<p>&#8211; The first encounter took place in 2002, when I received an invitation to design a river yacht and participate in its construction &#8211; he remembers. &#8211; The invitation came from the Bozoki family, which ran the \u2018Anker\u2019 workshop, and as a result of our cooperation, a vessel named \u2018Bas 747\u2019 was created. In the following years, I used the possibilities of the aforementioned workshop for the production of my works, until in 2009, a free space for rent appeared, which I rented and turned into my studio. This is the space in which I am now, but which has undergone a complete reconstruction in the past few years. For this reason, I used alternative spaces for two years until last summer when I returned to the adapted facility.<\/p>\n<p>In the years to come, Petar Mirkovi\u0107 continued to create and work precisely in the area of the Novi Sad District, once in facilities with difficult conditions for work, and today in renovated spaces for culture.<\/p>\n<p>&#8211; Over the course of more than two decades, in the space of the former \u2018Petar Drap\u0161in\u2019 complex, now \u2018District\u2019, I performed many works. These are primarily drawings and sculptures, as well as various<\/p>\n<p>projects in which I participated. As one of the examples, I can cite the Olympic Clock sculpture, which is currently located on Terazije in front of the Moskva Hotel, and was completely done here, after it was selected as the winning solution in the competition before the Olympic Games in London in 2012, and for the needs of the Olympic Committee of Serbia.<\/p>\n<article class=\"embedded-entity\">\n<article class=\"media media-image view-mode-article-image\">\n<div class=\"field field--name-field-image field--type-image field--label-hidden field__item\">\n<div class=\"popup-gallery\"><\/div>\n<\/div>\n<div class=\"article__image--desc\"><img decoding=\"async\" class=\"aligncenter size-full wp-image-46011\" src=\"https:\/\/visitdistrikt.rs\/media\/2023\/08\/2-Atelje-Petar-foto-E.-Kovac-1-e1691746364400.jpg\" alt=\"\" width=\"800\" height=\"534\" srcset=\"https:\/\/visitdistrikt.rs\/media\/2023\/08\/2-Atelje-Petar-foto-E.-Kovac-1-e1691746364400.jpg 800w, https:\/\/visitdistrikt.rs\/media\/2023\/08\/2-Atelje-Petar-foto-E.-Kovac-1-e1691746364400-300x200.jpg 300w, https:\/\/visitdistrikt.rs\/media\/2023\/08\/2-Atelje-Petar-foto-E.-Kovac-1-e1691746364400-768x513.jpg 768w\" sizes=\"(max-width: 800px) 100vw, 800px\" \/><\/div>\n<\/article>\n<\/article>\n<h2>District \u2013 from old factories to new spaces for culture<\/h2>\n<p>In the Novi Sad District, the sound of machines and tools of this once industrial zone of the city has been replaced by the creative drive of modern creativity. During the years of preparation, as well as during the European Capital of Culture title year, the transformation of the industrial zone, a space that inherits a 100-year-long history of craft heritage on 11,000 square metres, greatly produces results and outlines the future Novi Sad centre of contemporary creativity located by the Danube. Petar Mirkovi\u0107 expressed his opinion on the transformation of industrial heritage and old factories into new spaces intended for culture, art and other spheres.<\/p>\n<p>&#8211; I am quite well acquainted with the history of this complex, partly through research, and partly through direct stories and testimonies of people who once worked there, and even in the original factory of the Kramer brothers. The transformation of industrial heritage into objects of new purpose is a practice well known all over the world. It is an excellent opportunity to preserve heritage segments, while adding new layers to create new value. I have supported this idea from the start and I myself was one of the participants in the initiative to save these objects and repurpose them into spaces intended for culture and creative activities.<\/p>\n<p>The renewed Novi Sad District will include a total of 12 buildings, representing a model for the restoration and preservation of industrial heritage, not only in Novi Sad, but also in the rest of Europe. The idea of turning an abandoned and unsafe zone into a District gained momentum when Novi Sad found out that it would carry the flattering title of European Capital of Culture. The next question that naturally arises is whether the District can become a new centre of creative industries in Novi Sad.<\/p>\n<p>&#8211; I sincerely believe that it can and will become the creative centre of the city &#8211; confirms Petar Mirkovi\u0107. &#8211; This is one of the few remaining industrial complexes of its type in the city itself with a fantastic micro ambience. I am glad that this potential has been recognized and is developing in the right direction. Our city is expanding every day and the number of inhabitants is growing, so spaces like this are necessary as multifunctional polygons for a wide variety of contents. As it involves a large number of facilities, the process will certainly last until the whole unit begins to function at full capacity. What remains, and it is very important, is to find an adequate model of cultural management that would connect all contents, create new connections with other centres and outline a clear development strategy.<\/p>\n<p><img decoding=\"async\" class=\"aligncenter size-full wp-image-46009\" src=\"https:\/\/visitdistrikt.rs\/media\/2023\/08\/4-Atelje-Petar-foto-E.-Kovac-e1691746162382.jpg\" alt=\"\" width=\"800\" height=\"534\" srcset=\"https:\/\/visitdistrikt.rs\/media\/2023\/08\/4-Atelje-Petar-foto-E.-Kovac-e1691746162382.jpg 800w, https:\/\/visitdistrikt.rs\/media\/2023\/08\/4-Atelje-Petar-foto-E.-Kovac-e1691746162382-300x200.jpg 300w, https:\/\/visitdistrikt.rs\/media\/2023\/08\/4-Atelje-Petar-foto-E.-Kovac-e1691746162382-768x513.jpg 768w\" sizes=\"(max-width: 800px) 100vw, 800px\" \/><\/p>\n<article class=\"embedded-entity\">\n<article class=\"media media-image view-mode-article-image\">\n<div class=\"field field--name-field-image field--type-image field--label-hidden field__item\">\n<div class=\"popup-gallery\"><\/div>\n<\/div>\n<\/article>\n<\/article>\n<hr \/>\n<h2 class=\"glosa\">Keeping pace with Europe<\/h2>\n<p>According to Petar Mirkovi\u0107, he had the opportunity to see various examples of similar practices and even participated in exhibitions and workshops in some of them.<\/p>\n<p>&#8211; Each of those examples is specific due to the context and environment in which it is located &#8211; he explains. Some examples are \u2018Museum Quartier\u2019 and \u2018Wuk\u2019 in Vienna, and \u2018Roda Sten\u2019 in Gothenburg, which justified their new purpose a long time ago. In addition to this, I can mention some interesting examples that are currently under construction, i.e. contemporaries of the District in terms of the time of creation. The \u2018Gjuteriet\u2019 industrial complex in Malm\u00f6 where a shipyard building has been transformed into a creative hub or the \u2018Lochal\u2019 in Tilburg, a large public library built on the foundations of a former railway hangar.<\/p>\n<hr \/>\n<p>Mirkovi\u0107 believes that one of the key advantages of the District, in addition to the location, is the rounded whole of the complex.<\/p>\n<p>&#8211; The slang name \u2018Chinatown\u2019 describes the experience of this environment &#8211; he explains. &#8211; Many different industrial buildings arranged in such a way that within the complex they create streets and squares creating the impression of a small city quarter. The location between the park, city beach and student dormitories acts as a natural environment for such facilities.<\/p>\n<p>Cooperation with other organizations and people located in the District has always been excellent for Petar Mirkovi\u0107, and he is looking forward to new projects and people that he will welcome into his neighbourhood.<\/p>\n<p>&#8211; For now, there are few beneficiaries and we are looking forward to that number increasing and interaction developing further. There are a lot of ideas related to future projects. For now, an exhibition of my works within the Kaleidoscope of Culture, together with Tadija Jani\u010di\u0107 and Boris Luki\u0107, who also create in the District, is certain. In addition, one of the plans is to create an open public reading room that would contain relevant literature in the field of art, design and related fields.<\/p>\n<p><strong>Source:<\/strong> <a href=\"https:\/\/www.dnevnik.rs\/index.php\/lat\/kultura\/naslovi\/distrikt-iz-ugla-petra-mirkovica-industrijski-prostori-oduvek-privlacni-kreativcima-i-umetnicima-05-08-2023#google_vignette\">Dnevnik<\/a><\/p>\n<p><strong>Photo:<\/strong> Vladimir Veli\u010dkovi\u0107<\/p>\n","protected":false},"excerpt":{"rendered":"<p>Petar Mirkovi\u0107 is a contemporary visual artist whose artistic handwriting marks the experience of the modern world and society through urban landscapes that are reminiscent of movie scenes, something like Godard&#8217;s scenes as they would be if they belonged to the 21st century. The sculptor, who also expresses himself through drawing, comes from Novi Sad, [&hellip;]<\/p>\n","protected":false},"author":9,"featured_media":46492,"comment_status":"closed","ping_status":"closed","sticky":false,"template":"","format":"standard","meta":{"footnotes":"","_links_to":"","_links_to_target":""},"categories":[303],"tags":[1371,1513],"yoast_head":"<!-- This site is optimized with the Yoast SEO plugin v22.4 - https:\/\/yoast.com\/wordpress\/plugins\/seo\/ -->\n<title>The District from the Artist\u2019s Perspective: Petar Mirkovi\u0107 \u2013 Industrial Spaces Have Always Been Attractive to Creatives and Artists - Visit Distrikt Novi Sad<\/title>\n<meta name=\"description\" content=\"Petar Mirkovi\u0107 is a visual artist who replaced his old studio in the former neglected District with a new representative space.\" \/>\n<meta name=\"robots\" content=\"index, follow, max-snippet:-1, max-image-preview:large, max-video-preview:-1\" \/>\n<link rel=\"canonical\" href=\"https:\/\/visitdistrikt.rs\/en\/2023\/09\/19\/petar-mirkovic\/\" \/>\n<meta property=\"og:locale\" content=\"en_US\" \/>\n<meta property=\"og:type\" content=\"article\" \/>\n<meta property=\"og:title\" content=\"The District from the Artist\u2019s Perspective: Petar Mirkovi\u0107 \u2013 Industrial Spaces Have Always Been Attractive to Creatives and Artists - Visit Distrikt Novi Sad\" \/>\n<meta property=\"og:description\" content=\"Petar Mirkovi\u0107 is a visual artist who replaced his old studio in the former neglected District with a new representative space.\" \/>\n<meta property=\"og:url\" content=\"https:\/\/visitdistrikt.rs\/en\/2023\/09\/19\/petar-mirkovic\/\" \/>\n<meta property=\"og:site_name\" content=\"Visit Distrikt Novi Sad\" \/>\n<meta property=\"article:published_time\" content=\"2023-09-19T07:57:07+00:00\" \/>\n<meta property=\"og:image\" content=\"https:\/\/visitdistrikt.rs\/media\/2023\/09\/Untitled-design-50.jpg\" \/>\n\t<meta property=\"og:image:width\" content=\"1920\" \/>\n\t<meta property=\"og:image:height\" content=\"577\" \/>\n\t<meta property=\"og:image:type\" content=\"image\/jpeg\" \/>\n<meta name=\"author\" content=\"Marina Mari\u0107\" \/>\n<meta name=\"twitter:card\" content=\"summary_large_image\" \/>\n<meta name=\"twitter:label1\" content=\"Written by\" \/>\n\t<meta name=\"twitter:data1\" content=\"Marina Mari\u0107\" \/>\n\t<meta name=\"twitter:label2\" content=\"Est. reading time\" \/>\n\t<meta name=\"twitter:data2\" content=\"7 minutes\" \/>\n<script type=\"application\/ld+json\" class=\"yoast-schema-graph\">{\"@context\":\"https:\/\/schema.org\",\"@graph\":[{\"@type\":\"WebPage\",\"@id\":\"https:\/\/visitdistrikt.rs\/en\/2023\/09\/19\/petar-mirkovic\/\",\"url\":\"https:\/\/visitdistrikt.rs\/en\/2023\/09\/19\/petar-mirkovic\/\",\"name\":\"The District from the Artist\u2019s Perspective: Petar Mirkovi\u0107 \u2013 Industrial Spaces Have Always Been Attractive to Creatives and Artists - Visit Distrikt Novi Sad\",\"isPartOf\":{\"@id\":\"https:\/\/visitdistrikt.rs\/#website\"},\"primaryImageOfPage\":{\"@id\":\"https:\/\/visitdistrikt.rs\/en\/2023\/09\/19\/petar-mirkovic\/#primaryimage\"},\"image\":{\"@id\":\"https:\/\/visitdistrikt.rs\/en\/2023\/09\/19\/petar-mirkovic\/#primaryimage\"},\"thumbnailUrl\":\"https:\/\/visitdistrikt.rs\/media\/2023\/09\/Untitled-design-50.jpg\",\"datePublished\":\"2023-09-19T07:57:07+00:00\",\"dateModified\":\"2023-09-19T07:57:07+00:00\",\"author\":{\"@id\":\"https:\/\/visitdistrikt.rs\/#\/schema\/person\/b61f641548853605bef6b1ae7ca8aaa9\"},\"description\":\"Petar Mirkovi\u0107 is a visual artist who replaced his old studio in the former neglected District with a new representative space.\",\"breadcrumb\":{\"@id\":\"https:\/\/visitdistrikt.rs\/en\/2023\/09\/19\/petar-mirkovic\/#breadcrumb\"},\"inLanguage\":\"en-US\",\"potentialAction\":[{\"@type\":\"ReadAction\",\"target\":[\"https:\/\/visitdistrikt.rs\/en\/2023\/09\/19\/petar-mirkovic\/\"]}]},{\"@type\":\"ImageObject\",\"inLanguage\":\"en-US\",\"@id\":\"https:\/\/visitdistrikt.rs\/en\/2023\/09\/19\/petar-mirkovic\/#primaryimage\",\"url\":\"https:\/\/visitdistrikt.rs\/media\/2023\/09\/Untitled-design-50.jpg\",\"contentUrl\":\"https:\/\/visitdistrikt.rs\/media\/2023\/09\/Untitled-design-50.jpg\",\"width\":1920,\"height\":577},{\"@type\":\"BreadcrumbList\",\"@id\":\"https:\/\/visitdistrikt.rs\/en\/2023\/09\/19\/petar-mirkovic\/#breadcrumb\",\"itemListElement\":[{\"@type\":\"ListItem\",\"position\":1,\"name\":\"Home\",\"item\":\"https:\/\/visitdistrikt.rs\/en\/\"},{\"@type\":\"ListItem\",\"position\":2,\"name\":\"The District from the Artist\u2019s Perspective: Petar Mirkovi\u0107 \u2013 Industrial Spaces Have Always Been Attractive to Creatives and Artists\"}]},{\"@type\":\"WebSite\",\"@id\":\"https:\/\/visitdistrikt.rs\/#website\",\"url\":\"https:\/\/visitdistrikt.rs\/\",\"name\":\"Visit Distrikt Novi Sad\",\"description\":\"Novi Sad\",\"potentialAction\":[{\"@type\":\"SearchAction\",\"target\":{\"@type\":\"EntryPoint\",\"urlTemplate\":\"https:\/\/visitdistrikt.rs\/?s={search_term_string}\"},\"query-input\":\"required name=search_term_string\"}],\"inLanguage\":\"en-US\"},{\"@type\":\"Person\",\"@id\":\"https:\/\/visitdistrikt.rs\/#\/schema\/person\/b61f641548853605bef6b1ae7ca8aaa9\",\"name\":\"Marina Mari\u0107\",\"image\":{\"@type\":\"ImageObject\",\"inLanguage\":\"en-US\",\"@id\":\"https:\/\/visitdistrikt.rs\/#\/schema\/person\/image\/\",\"url\":\"https:\/\/secure.gravatar.com\/avatar\/aeec6fdfa57d2ba44680b29ea83001c6?s=96&d=mm&r=g\",\"contentUrl\":\"https:\/\/secure.gravatar.com\/avatar\/aeec6fdfa57d2ba44680b29ea83001c6?s=96&d=mm&r=g\",\"caption\":\"Marina Mari\u0107\"},\"sameAs\":[\"https:\/\/visitdistrikt.rs\"]}]}<\/script>\n<!-- \/ Yoast SEO plugin. -->","yoast_head_json":{"title":"The District from the Artist\u2019s Perspective: Petar Mirkovi\u0107 \u2013 Industrial Spaces Have Always Been Attractive to Creatives and Artists - Visit Distrikt Novi Sad","description":"Petar Mirkovi\u0107 is a visual artist who replaced his old studio in the former neglected District with a new representative space.","robots":{"index":"index","follow":"follow","max-snippet":"max-snippet:-1","max-image-preview":"max-image-preview:large","max-video-preview":"max-video-preview:-1"},"canonical":"https:\/\/visitdistrikt.rs\/en\/2023\/09\/19\/petar-mirkovic\/","og_locale":"en_US","og_type":"article","og_title":"The District from the Artist\u2019s Perspective: Petar Mirkovi\u0107 \u2013 Industrial Spaces Have Always Been Attractive to Creatives and Artists - Visit Distrikt Novi Sad","og_description":"Petar Mirkovi\u0107 is a visual artist who replaced his old studio in the former neglected District with a new representative space.","og_url":"https:\/\/visitdistrikt.rs\/en\/2023\/09\/19\/petar-mirkovic\/","og_site_name":"Visit Distrikt Novi Sad","article_published_time":"2023-09-19T07:57:07+00:00","og_image":[{"width":1920,"height":577,"url":"https:\/\/visitdistrikt.rs\/media\/2023\/09\/Untitled-design-50.jpg","type":"image\/jpeg"}],"author":"Marina Mari\u0107","twitter_card":"summary_large_image","twitter_misc":{"Written by":"Marina Mari\u0107","Est. reading time":"7 minutes"},"schema":{"@context":"https:\/\/schema.org","@graph":[{"@type":"WebPage","@id":"https:\/\/visitdistrikt.rs\/en\/2023\/09\/19\/petar-mirkovic\/","url":"https:\/\/visitdistrikt.rs\/en\/2023\/09\/19\/petar-mirkovic\/","name":"The District from the Artist\u2019s Perspective: Petar Mirkovi\u0107 \u2013 Industrial Spaces Have Always Been Attractive to Creatives and Artists - Visit Distrikt Novi Sad","isPartOf":{"@id":"https:\/\/visitdistrikt.rs\/#website"},"primaryImageOfPage":{"@id":"https:\/\/visitdistrikt.rs\/en\/2023\/09\/19\/petar-mirkovic\/#primaryimage"},"image":{"@id":"https:\/\/visitdistrikt.rs\/en\/2023\/09\/19\/petar-mirkovic\/#primaryimage"},"thumbnailUrl":"https:\/\/visitdistrikt.rs\/media\/2023\/09\/Untitled-design-50.jpg","datePublished":"2023-09-19T07:57:07+00:00","dateModified":"2023-09-19T07:57:07+00:00","author":{"@id":"https:\/\/visitdistrikt.rs\/#\/schema\/person\/b61f641548853605bef6b1ae7ca8aaa9"},"description":"Petar Mirkovi\u0107 is a visual artist who replaced his old studio in the former neglected District with a new representative space.","breadcrumb":{"@id":"https:\/\/visitdistrikt.rs\/en\/2023\/09\/19\/petar-mirkovic\/#breadcrumb"},"inLanguage":"en-US","potentialAction":[{"@type":"ReadAction","target":["https:\/\/visitdistrikt.rs\/en\/2023\/09\/19\/petar-mirkovic\/"]}]},{"@type":"ImageObject","inLanguage":"en-US","@id":"https:\/\/visitdistrikt.rs\/en\/2023\/09\/19\/petar-mirkovic\/#primaryimage","url":"https:\/\/visitdistrikt.rs\/media\/2023\/09\/Untitled-design-50.jpg","contentUrl":"https:\/\/visitdistrikt.rs\/media\/2023\/09\/Untitled-design-50.jpg","width":1920,"height":577},{"@type":"BreadcrumbList","@id":"https:\/\/visitdistrikt.rs\/en\/2023\/09\/19\/petar-mirkovic\/#breadcrumb","itemListElement":[{"@type":"ListItem","position":1,"name":"Home","item":"https:\/\/visitdistrikt.rs\/en\/"},{"@type":"ListItem","position":2,"name":"The District from the Artist\u2019s Perspective: Petar Mirkovi\u0107 \u2013 Industrial Spaces Have Always Been Attractive to Creatives and Artists"}]},{"@type":"WebSite","@id":"https:\/\/visitdistrikt.rs\/#website","url":"https:\/\/visitdistrikt.rs\/","name":"Visit Distrikt Novi Sad","description":"Novi Sad","potentialAction":[{"@type":"SearchAction","target":{"@type":"EntryPoint","urlTemplate":"https:\/\/visitdistrikt.rs\/?s={search_term_string}"},"query-input":"required name=search_term_string"}],"inLanguage":"en-US"},{"@type":"Person","@id":"https:\/\/visitdistrikt.rs\/#\/schema\/person\/b61f641548853605bef6b1ae7ca8aaa9","name":"Marina Mari\u0107","image":{"@type":"ImageObject","inLanguage":"en-US","@id":"https:\/\/visitdistrikt.rs\/#\/schema\/person\/image\/","url":"https:\/\/secure.gravatar.com\/avatar\/aeec6fdfa57d2ba44680b29ea83001c6?s=96&d=mm&r=g","contentUrl":"https:\/\/secure.gravatar.com\/avatar\/aeec6fdfa57d2ba44680b29ea83001c6?s=96&d=mm&r=g","caption":"Marina Mari\u0107"},"sameAs":["https:\/\/visitdistrikt.rs"]}]}},"_links":{"self":[{"href":"https:\/\/visitdistrikt.rs\/en\/wp-json\/wp\/v2\/posts\/46491"}],"collection":[{"href":"https:\/\/visitdistrikt.rs\/en\/wp-json\/wp\/v2\/posts"}],"about":[{"href":"https:\/\/visitdistrikt.rs\/en\/wp-json\/wp\/v2\/types\/post"}],"author":[{"embeddable":true,"href":"https:\/\/visitdistrikt.rs\/en\/wp-json\/wp\/v2\/users\/9"}],"replies":[{"embeddable":true,"href":"https:\/\/visitdistrikt.rs\/en\/wp-json\/wp\/v2\/comments?post=46491"}],"version-history":[{"count":1,"href":"https:\/\/visitdistrikt.rs\/en\/wp-json\/wp\/v2\/posts\/46491\/revisions"}],"predecessor-version":[{"id":46494,"href":"https:\/\/visitdistrikt.rs\/en\/wp-json\/wp\/v2\/posts\/46491\/revisions\/46494"}],"wp:featuredmedia":[{"embeddable":true,"href":"https:\/\/visitdistrikt.rs\/en\/wp-json\/wp\/v2\/media\/46492"}],"wp:attachment":[{"href":"https:\/\/visitdistrikt.rs\/en\/wp-json\/wp\/v2\/media?parent=46491"}],"wp:term":[{"taxonomy":"category","embeddable":true,"href":"https:\/\/visitdistrikt.rs\/en\/wp-json\/wp\/v2\/categories?post=46491"},{"taxonomy":"post_tag","embeddable":true,"href":"https:\/\/visitdistrikt.rs\/en\/wp-json\/wp\/v2\/tags?post=46491"}],"curies":[{"name":"wp","href":"https:\/\/api.w.org\/{rel}","templated":true}]}}