{"id":47076,"date":"2023-11-01T09:27:22","date_gmt":"2023-11-01T08:27:22","guid":{"rendered":"https:\/\/visitdistrikt.rs\/?p=47076"},"modified":"2023-11-01T09:27:22","modified_gmt":"2023-11-01T08:27:22","slug":"novi-sad-is-on-the-unesco-list","status":"publish","type":"post","link":"https:\/\/visitdistrikt.rs\/en\/2023\/11\/01\/novi-sad-is-on-the-unesco-list\/","title":{"rendered":"Novi Sad Is on the UNESCO List \u2013 The First City in This Part of Europe in the Field of Digital Arts"},"content":{"rendered":"<p><strong>On World Cities Day, 31 October, Novi Sad entered the unique UNESCO Network of Creative Cities of the World and thus became the first city in this part of Europe to be on the list in the category of new and digital arts (Media Arts).<\/strong><\/p>\n<p>After the prestigious titles of the Youth Capital of Europe, the<a href=\"https:\/\/novisad2022.rs\/en\/home-page\/\"> European Capital of Culture<\/a>, the Melina Mercouri Prize and the Best European Trend Brand in the field of culture, Serbian Athens stood side by side with world cities in the UNESCO list of creative cities such as Linz, Lyon, Austin, Modena, Toronto and others, strengthening its position as a centre of culture and innovation.<\/p>\n<p><img fetchpriority=\"high\" decoding=\"async\" class=\"aligncenter size-large wp-image-47061\" src=\"https:\/\/visitdistrikt.rs\/media\/2023\/10\/Vreme-i-vaseljena-foto-NSEPK-V.Velickovic-3-1024x683.jpg\" alt=\"\" width=\"800\" height=\"534\" srcset=\"https:\/\/visitdistrikt.rs\/media\/2023\/10\/Vreme-i-vaseljena-foto-NSEPK-V.Velickovic-3-1024x683.jpg 1024w, https:\/\/visitdistrikt.rs\/media\/2023\/10\/Vreme-i-vaseljena-foto-NSEPK-V.Velickovic-3-300x200.jpg 300w, https:\/\/visitdistrikt.rs\/media\/2023\/10\/Vreme-i-vaseljena-foto-NSEPK-V.Velickovic-3-768x512.jpg 768w, https:\/\/visitdistrikt.rs\/media\/2023\/10\/Vreme-i-vaseljena-foto-NSEPK-V.Velickovic-3-1536x1024.jpg 1536w, https:\/\/visitdistrikt.rs\/media\/2023\/10\/Vreme-i-vaseljena-foto-NSEPK-V.Velickovic-3-2048x1366.jpg 2048w\" sizes=\"(max-width: 800px) 100vw, 800px\" \/><\/p>\n<p>The recognition is all the more significant, because Novi Sad is one of only four cities in the world that were included in the category of media arts this year, and the first in this part of Europe in that field.<\/p>\n<p>\u2018Another world recognition in the field of culture is a confirmation of the continuity of investment in the overall development of our City. Especially since it is a category that connects scientific and educational institutions with stakeholders from the field of culture, giving Novi Sad a new value, which thus equally follows contemporary world trends,\u2019 said the mayor of Novi Sad, Milan \u0110uri\u0107.<\/p>\n<p>The step up that Novi Sad made in the field of new and digital arts, and which also nominated it for membership in this prestigious network of cities, was made within the European Capital of Culture project. One of the main reasons for submitting and applying is the continuation of the European Capital of Culture programme legacies and the implementation of sustainable development actions in the field of culture, especially in the field of media art.<\/p>\n<p><img decoding=\"async\" class=\"aligncenter wp-image-47063 size-large\" src=\"https:\/\/visitdistrikt.rs\/media\/2023\/10\/Duh-mesta-foto-V.Velickovic-1024x683.jpg\" alt=\"\" width=\"800\" height=\"534\" srcset=\"https:\/\/visitdistrikt.rs\/media\/2023\/10\/Duh-mesta-foto-V.Velickovic-1024x683.jpg 1024w, https:\/\/visitdistrikt.rs\/media\/2023\/10\/Duh-mesta-foto-V.Velickovic-300x200.jpg 300w, https:\/\/visitdistrikt.rs\/media\/2023\/10\/Duh-mesta-foto-V.Velickovic-768x512.jpg 768w, https:\/\/visitdistrikt.rs\/media\/2023\/10\/Duh-mesta-foto-V.Velickovic-1536x1024.jpg 1536w, https:\/\/visitdistrikt.rs\/media\/2023\/10\/Duh-mesta-foto-V.Velickovic.jpg 2048w\" sizes=\"(max-width: 800px) 100vw, 800px\" \/><\/p>\n<p>The UNESCO Creative City Network was formed in 2004 to promote cooperation with and among cities that have identified creativity as a strategic factor for sustainable urban development. The cities that currently make up this network, and there are 350 of them, work together towards a common goal: putting creativity and cultural industries at the heart of their development plans at the local level and active cooperation at the international level.<\/p>\n<p>The new cities were recognized for their strong commitment to using culture and creativity as part of their development strategies and showcasing innovative practices in human-centred urban planning.<\/p>\n<p><img decoding=\"async\" class=\"aligncenter size-large wp-image-47065\" src=\"https:\/\/visitdistrikt.rs\/media\/2023\/10\/Teslina-svetlosna-galerija-foto-NSEPK-V.-Velickovic-1024x685.jpeg\" alt=\"\" width=\"800\" height=\"535\" srcset=\"https:\/\/visitdistrikt.rs\/media\/2023\/10\/Teslina-svetlosna-galerija-foto-NSEPK-V.-Velickovic-1024x685.jpeg 1024w, https:\/\/visitdistrikt.rs\/media\/2023\/10\/Teslina-svetlosna-galerija-foto-NSEPK-V.-Velickovic-300x201.jpeg 300w, https:\/\/visitdistrikt.rs\/media\/2023\/10\/Teslina-svetlosna-galerija-foto-NSEPK-V.-Velickovic-768x514.jpeg 768w, https:\/\/visitdistrikt.rs\/media\/2023\/10\/Teslina-svetlosna-galerija-foto-NSEPK-V.-Velickovic.jpeg 1200w\" sizes=\"(max-width: 800px) 100vw, 800px\" \/><\/p>\n<p>In June of this year, a working group that carried out all the preparatory activities and necessary actions for submitting the application of the City of Novi Sad to this prestigious network of cities was formed. The memebers are: Dalibor Ro\u017ei\u0107, member of the City Council for Culture, Zorica \u0160ijak, acting head of the City Administration for Culture, members on behalf of the Novi Sad \u2013 European Capital of Culture Foundation \u0110ula Ribar, Sara Vuleti\u0107, Nemanja Milenkovi\u0107, on behalf of the City Administration Mirjana Luki\u0107 Marinkovi\u0107, on behalf of the Office for Local Economic Development of the City of Novi Sad Milenko Male\u0161ev and Slobodan Milo\u0161evi\u0107, Vesna Latinovi\u0107 master of cultural politics and management in culture, Bel Art Gallery, on behalf of the Cultural Centre of Novi Sad, Violeta \u0110erkovi\u0107 and Miljana Kozarov, on behalf of the City Library in Novi Sad, Dragana Milo\u0161evi\u0107 and Sanja Arbutina, on behalf of the Academy of Arts in Novi Sad, dean Sini\u0161a Bokan.<\/p>\n","protected":false},"excerpt":{"rendered":"<p>On World Cities Day, 31 October, Novi Sad entered the unique UNESCO Network of Creative Cities of the World and thus became the first city in this part of Europe to be on the list in the category of new and digital arts (Media Arts). After the prestigious titles of the Youth Capital of Europe, [&hellip;]<\/p>\n","protected":false},"author":9,"featured_media":47073,"comment_status":"closed","ping_status":"closed","sticky":false,"template":"","format":"standard","meta":{"footnotes":"","_links_to":"","_links_to_target":""},"categories":[286,1001],"tags":[314,1531],"yoast_head":"<!-- This site is optimized with the Yoast SEO plugin v22.4 - https:\/\/yoast.com\/wordpress\/plugins\/seo\/ -->\n<title>Novi Sad Is on the UNESCO List \u2013 The First City in This Part of Europe in the Field of Digital Arts - Visit Distrikt Novi Sad<\/title>\n<meta name=\"description\" content=\"Novi Sad entered the unique UNESCO Network of Creative Cities of the World in the category of new and digital arts.\" \/>\n<meta name=\"robots\" content=\"index, follow, max-snippet:-1, max-image-preview:large, max-video-preview:-1\" \/>\n<link rel=\"canonical\" href=\"https:\/\/visitdistrikt.rs\/en\/2023\/11\/01\/novi-sad-is-on-the-unesco-list\/\" \/>\n<meta property=\"og:locale\" content=\"en_US\" \/>\n<meta property=\"og:type\" content=\"article\" \/>\n<meta property=\"og:title\" content=\"Novi Sad Is on the UNESCO List \u2013 The First City in This Part of Europe in the Field of Digital Arts - Visit Distrikt Novi Sad\" \/>\n<meta property=\"og:description\" content=\"Novi Sad entered the unique UNESCO Network of Creative Cities of the World in the category of new and digital arts.\" \/>\n<meta property=\"og:url\" content=\"https:\/\/visitdistrikt.rs\/en\/2023\/11\/01\/novi-sad-is-on-the-unesco-list\/\" \/>\n<meta property=\"og:site_name\" content=\"Visit Distrikt Novi Sad\" \/>\n<meta property=\"article:published_time\" content=\"2023-11-01T08:27:22+00:00\" \/>\n<meta property=\"og:image\" content=\"https:\/\/visitdistrikt.rs\/media\/2023\/10\/Untitled-design-2023-10-31T144855.174.jpg\" \/>\n\t<meta property=\"og:image:width\" content=\"1920\" \/>\n\t<meta property=\"og:image:height\" content=\"577\" \/>\n\t<meta property=\"og:image:type\" content=\"image\/jpeg\" \/>\n<meta name=\"author\" content=\"Marina Mari\u0107\" \/>\n<meta name=\"twitter:card\" content=\"summary_large_image\" \/>\n<meta name=\"twitter:label1\" content=\"Written by\" \/>\n\t<meta name=\"twitter:data1\" content=\"Marina Mari\u0107\" \/>\n\t<meta name=\"twitter:label2\" content=\"Est. reading time\" \/>\n\t<meta name=\"twitter:data2\" content=\"3 minutes\" \/>\n<script type=\"application\/ld+json\" class=\"yoast-schema-graph\">{\"@context\":\"https:\/\/schema.org\",\"@graph\":[{\"@type\":\"WebPage\",\"@id\":\"https:\/\/visitdistrikt.rs\/en\/2023\/11\/01\/novi-sad-is-on-the-unesco-list\/\",\"url\":\"https:\/\/visitdistrikt.rs\/en\/2023\/11\/01\/novi-sad-is-on-the-unesco-list\/\",\"name\":\"Novi Sad Is on the UNESCO List \u2013 The First City in This Part of Europe in the Field of Digital Arts - Visit Distrikt Novi Sad\",\"isPartOf\":{\"@id\":\"https:\/\/visitdistrikt.rs\/#website\"},\"primaryImageOfPage\":{\"@id\":\"https:\/\/visitdistrikt.rs\/en\/2023\/11\/01\/novi-sad-is-on-the-unesco-list\/#primaryimage\"},\"image\":{\"@id\":\"https:\/\/visitdistrikt.rs\/en\/2023\/11\/01\/novi-sad-is-on-the-unesco-list\/#primaryimage\"},\"thumbnailUrl\":\"https:\/\/visitdistrikt.rs\/media\/2023\/10\/Untitled-design-2023-10-31T144855.174.jpg\",\"datePublished\":\"2023-11-01T08:27:22+00:00\",\"dateModified\":\"2023-11-01T08:27:22+00:00\",\"author\":{\"@id\":\"https:\/\/visitdistrikt.rs\/#\/schema\/person\/b61f641548853605bef6b1ae7ca8aaa9\"},\"description\":\"Novi Sad entered the unique UNESCO Network of Creative Cities of the World in the category of new and digital arts.\",\"breadcrumb\":{\"@id\":\"https:\/\/visitdistrikt.rs\/en\/2023\/11\/01\/novi-sad-is-on-the-unesco-list\/#breadcrumb\"},\"inLanguage\":\"en-US\",\"potentialAction\":[{\"@type\":\"ReadAction\",\"target\":[\"https:\/\/visitdistrikt.rs\/en\/2023\/11\/01\/novi-sad-is-on-the-unesco-list\/\"]}]},{\"@type\":\"ImageObject\",\"inLanguage\":\"en-US\",\"@id\":\"https:\/\/visitdistrikt.rs\/en\/2023\/11\/01\/novi-sad-is-on-the-unesco-list\/#primaryimage\",\"url\":\"https:\/\/visitdistrikt.rs\/media\/2023\/10\/Untitled-design-2023-10-31T144855.174.jpg\",\"contentUrl\":\"https:\/\/visitdistrikt.rs\/media\/2023\/10\/Untitled-design-2023-10-31T144855.174.jpg\",\"width\":1920,\"height\":577},{\"@type\":\"BreadcrumbList\",\"@id\":\"https:\/\/visitdistrikt.rs\/en\/2023\/11\/01\/novi-sad-is-on-the-unesco-list\/#breadcrumb\",\"itemListElement\":[{\"@type\":\"ListItem\",\"position\":1,\"name\":\"Home\",\"item\":\"https:\/\/visitdistrikt.rs\/en\/\"},{\"@type\":\"ListItem\",\"position\":2,\"name\":\"Novi Sad Is on the UNESCO List \u2013 The First City in This Part of Europe in the Field of Digital Arts\"}]},{\"@type\":\"WebSite\",\"@id\":\"https:\/\/visitdistrikt.rs\/#website\",\"url\":\"https:\/\/visitdistrikt.rs\/\",\"name\":\"Visit Distrikt Novi Sad\",\"description\":\"Novi Sad\",\"potentialAction\":[{\"@type\":\"SearchAction\",\"target\":{\"@type\":\"EntryPoint\",\"urlTemplate\":\"https:\/\/visitdistrikt.rs\/?s={search_term_string}\"},\"query-input\":\"required name=search_term_string\"}],\"inLanguage\":\"en-US\"},{\"@type\":\"Person\",\"@id\":\"https:\/\/visitdistrikt.rs\/#\/schema\/person\/b61f641548853605bef6b1ae7ca8aaa9\",\"name\":\"Marina Mari\u0107\",\"image\":{\"@type\":\"ImageObject\",\"inLanguage\":\"en-US\",\"@id\":\"https:\/\/visitdistrikt.rs\/#\/schema\/person\/image\/\",\"url\":\"https:\/\/secure.gravatar.com\/avatar\/aeec6fdfa57d2ba44680b29ea83001c6?s=96&d=mm&r=g\",\"contentUrl\":\"https:\/\/secure.gravatar.com\/avatar\/aeec6fdfa57d2ba44680b29ea83001c6?s=96&d=mm&r=g\",\"caption\":\"Marina Mari\u0107\"},\"sameAs\":[\"https:\/\/visitdistrikt.rs\"]}]}<\/script>\n<!-- \/ Yoast SEO plugin. -->","yoast_head_json":{"title":"Novi Sad Is on the UNESCO List \u2013 The First City in This Part of Europe in the Field of Digital Arts - Visit Distrikt Novi Sad","description":"Novi Sad entered the unique UNESCO Network of Creative Cities of the World in the category of new and digital arts.","robots":{"index":"index","follow":"follow","max-snippet":"max-snippet:-1","max-image-preview":"max-image-preview:large","max-video-preview":"max-video-preview:-1"},"canonical":"https:\/\/visitdistrikt.rs\/en\/2023\/11\/01\/novi-sad-is-on-the-unesco-list\/","og_locale":"en_US","og_type":"article","og_title":"Novi Sad Is on the UNESCO List \u2013 The First City in This Part of Europe in the Field of Digital Arts - Visit Distrikt Novi Sad","og_description":"Novi Sad entered the unique UNESCO Network of Creative Cities of the World in the category of new and digital arts.","og_url":"https:\/\/visitdistrikt.rs\/en\/2023\/11\/01\/novi-sad-is-on-the-unesco-list\/","og_site_name":"Visit Distrikt Novi Sad","article_published_time":"2023-11-01T08:27:22+00:00","og_image":[{"width":1920,"height":577,"url":"https:\/\/visitdistrikt.rs\/media\/2023\/10\/Untitled-design-2023-10-31T144855.174.jpg","type":"image\/jpeg"}],"author":"Marina Mari\u0107","twitter_card":"summary_large_image","twitter_misc":{"Written by":"Marina Mari\u0107","Est. reading time":"3 minutes"},"schema":{"@context":"https:\/\/schema.org","@graph":[{"@type":"WebPage","@id":"https:\/\/visitdistrikt.rs\/en\/2023\/11\/01\/novi-sad-is-on-the-unesco-list\/","url":"https:\/\/visitdistrikt.rs\/en\/2023\/11\/01\/novi-sad-is-on-the-unesco-list\/","name":"Novi Sad Is on the UNESCO List \u2013 The First City in This Part of Europe in the Field of Digital Arts - Visit Distrikt Novi Sad","isPartOf":{"@id":"https:\/\/visitdistrikt.rs\/#website"},"primaryImageOfPage":{"@id":"https:\/\/visitdistrikt.rs\/en\/2023\/11\/01\/novi-sad-is-on-the-unesco-list\/#primaryimage"},"image":{"@id":"https:\/\/visitdistrikt.rs\/en\/2023\/11\/01\/novi-sad-is-on-the-unesco-list\/#primaryimage"},"thumbnailUrl":"https:\/\/visitdistrikt.rs\/media\/2023\/10\/Untitled-design-2023-10-31T144855.174.jpg","datePublished":"2023-11-01T08:27:22+00:00","dateModified":"2023-11-01T08:27:22+00:00","author":{"@id":"https:\/\/visitdistrikt.rs\/#\/schema\/person\/b61f641548853605bef6b1ae7ca8aaa9"},"description":"Novi Sad entered the unique UNESCO Network of Creative Cities of the World in the category of new and digital arts.","breadcrumb":{"@id":"https:\/\/visitdistrikt.rs\/en\/2023\/11\/01\/novi-sad-is-on-the-unesco-list\/#breadcrumb"},"inLanguage":"en-US","potentialAction":[{"@type":"ReadAction","target":["https:\/\/visitdistrikt.rs\/en\/2023\/11\/01\/novi-sad-is-on-the-unesco-list\/"]}]},{"@type":"ImageObject","inLanguage":"en-US","@id":"https:\/\/visitdistrikt.rs\/en\/2023\/11\/01\/novi-sad-is-on-the-unesco-list\/#primaryimage","url":"https:\/\/visitdistrikt.rs\/media\/2023\/10\/Untitled-design-2023-10-31T144855.174.jpg","contentUrl":"https:\/\/visitdistrikt.rs\/media\/2023\/10\/Untitled-design-2023-10-31T144855.174.jpg","width":1920,"height":577},{"@type":"BreadcrumbList","@id":"https:\/\/visitdistrikt.rs\/en\/2023\/11\/01\/novi-sad-is-on-the-unesco-list\/#breadcrumb","itemListElement":[{"@type":"ListItem","position":1,"name":"Home","item":"https:\/\/visitdistrikt.rs\/en\/"},{"@type":"ListItem","position":2,"name":"Novi Sad Is on the UNESCO List \u2013 The First City in This Part of Europe in the Field of Digital Arts"}]},{"@type":"WebSite","@id":"https:\/\/visitdistrikt.rs\/#website","url":"https:\/\/visitdistrikt.rs\/","name":"Visit Distrikt Novi Sad","description":"Novi Sad","potentialAction":[{"@type":"SearchAction","target":{"@type":"EntryPoint","urlTemplate":"https:\/\/visitdistrikt.rs\/?s={search_term_string}"},"query-input":"required name=search_term_string"}],"inLanguage":"en-US"},{"@type":"Person","@id":"https:\/\/visitdistrikt.rs\/#\/schema\/person\/b61f641548853605bef6b1ae7ca8aaa9","name":"Marina Mari\u0107","image":{"@type":"ImageObject","inLanguage":"en-US","@id":"https:\/\/visitdistrikt.rs\/#\/schema\/person\/image\/","url":"https:\/\/secure.gravatar.com\/avatar\/aeec6fdfa57d2ba44680b29ea83001c6?s=96&d=mm&r=g","contentUrl":"https:\/\/secure.gravatar.com\/avatar\/aeec6fdfa57d2ba44680b29ea83001c6?s=96&d=mm&r=g","caption":"Marina Mari\u0107"},"sameAs":["https:\/\/visitdistrikt.rs"]}]}},"_links":{"self":[{"href":"https:\/\/visitdistrikt.rs\/en\/wp-json\/wp\/v2\/posts\/47076"}],"collection":[{"href":"https:\/\/visitdistrikt.rs\/en\/wp-json\/wp\/v2\/posts"}],"about":[{"href":"https:\/\/visitdistrikt.rs\/en\/wp-json\/wp\/v2\/types\/post"}],"author":[{"embeddable":true,"href":"https:\/\/visitdistrikt.rs\/en\/wp-json\/wp\/v2\/users\/9"}],"replies":[{"embeddable":true,"href":"https:\/\/visitdistrikt.rs\/en\/wp-json\/wp\/v2\/comments?post=47076"}],"version-history":[{"count":1,"href":"https:\/\/visitdistrikt.rs\/en\/wp-json\/wp\/v2\/posts\/47076\/revisions"}],"predecessor-version":[{"id":47077,"href":"https:\/\/visitdistrikt.rs\/en\/wp-json\/wp\/v2\/posts\/47076\/revisions\/47077"}],"wp:featuredmedia":[{"embeddable":true,"href":"https:\/\/visitdistrikt.rs\/en\/wp-json\/wp\/v2\/media\/47073"}],"wp:attachment":[{"href":"https:\/\/visitdistrikt.rs\/en\/wp-json\/wp\/v2\/media?parent=47076"}],"wp:term":[{"taxonomy":"category","embeddable":true,"href":"https:\/\/visitdistrikt.rs\/en\/wp-json\/wp\/v2\/categories?post=47076"},{"taxonomy":"post_tag","embeddable":true,"href":"https:\/\/visitdistrikt.rs\/en\/wp-json\/wp\/v2\/tags?post=47076"}],"curies":[{"name":"wp","href":"https:\/\/api.w.org\/{rel}","templated":true}]}}