{"id":47116,"date":"2023-11-02T14:53:09","date_gmt":"2023-11-02T13:53:09","guid":{"rendered":"https:\/\/visitdistrikt.rs\/?p=47116"},"modified":"2023-11-13T11:03:59","modified_gmt":"2023-11-13T10:03:59","slug":"novi-sad-and-suba-the-unesco-city-dedicates-a-sculpture-to-its-unesco-artist","status":"publish","type":"post","link":"https:\/\/visitdistrikt.rs\/en\/2023\/11\/02\/novi-sad-and-suba-the-unesco-city-dedicates-a-sculpture-to-its-unesco-artist\/","title":{"rendered":"Novi Sad and Suba: The UNESCO City Dedicates a Sculpture to Its UNESCO Artist"},"content":{"rendered":"<p><strong>Novi Sad, the city that was on the prestigious UNESCO list in the category of digital and new media, is dedicating a contemporary sculpture to one of its most innovative artists, Mitar Suboti\u0107 Suba, also a UNESCO award winner.<\/strong><\/p>\n<p>Mitar Suboti\u0107 Suba was one of the biggest and most recognized musicians, producers and pioneers of electronic music in this part of Europe, as well as in Latin America. He composed music for films, theatre plays, ballet, television shows, commercials, and credits for Radio Novi Sad. He received the UNESCO Fund for the Promotion of Culture Award. He collaborated with some of the most important names of the Yugoslav and Latin American music scene, such as Milan Mladenovi\u0107, Marina Perazi\u0107, Masimo Savi\u0107, Jo\u00e3o Donato, Bebel Gilberto, Haustor and La Strada bands, and many others.<\/p>\n<p><img fetchpriority=\"high\" decoding=\"async\" class=\"aligncenter size-full wp-image-47123\" src=\"https:\/\/visitdistrikt.rs\/media\/2023\/11\/Portret-3-2.jpg\" alt=\"\" width=\"824\" height=\"834\" srcset=\"https:\/\/visitdistrikt.rs\/media\/2023\/11\/Portret-3-2.jpg 824w, https:\/\/visitdistrikt.rs\/media\/2023\/11\/Portret-3-2-296x300.jpg 296w, https:\/\/visitdistrikt.rs\/media\/2023\/11\/Portret-3-2-768x777.jpg 768w\" sizes=\"(max-width: 824px) 100vw, 824px\" \/><\/p>\n<p>\u2018With four of the most prestigious European and world titles in the field of culture, Novi Sad is one of the few European cities with such an achievement. However, raising a contemporary sculpture to the pioneer of electronic music not only further distinguishes it, but also points to two important things. The first one, that through all these recognitions, our city began to celebrate hitherto insufficiently distinguished great people in the field of culture and science, such as Mileva Mari\u0107 Einstein, Milica Stojadinovi\u0107 Srpkinja, Milutin Milankovi\u0107 and others. And the second, that Serbian Athens supports and knows how to value contemporary creativity. It will turn out that Mitar Suboti\u0107 Suba, one of very few winners of the UNESCO award, once again confirmed that he was a visionary and forerunner even to the declaration of Novi Sad as a UNESCO Creative City in the field of new and digital media, creating an unbreakable bond with it. Suba\u2019s Plateau with a gallery of masts and a sculpture dedicated to an excellent Novi Sad artist is the best way to be proud of that fact,\u2019 said Nemanja Milenkovi\u0107, CEO of the \u2018Novi Sad \u2013 European Capital of Culture\u2019 Foundation.<\/p>\n<p><img decoding=\"async\" class=\"aligncenter size-large wp-image-47125\" src=\"https:\/\/visitdistrikt.rs\/media\/2023\/11\/new-3-3-Cropped-1024x1024.jpg\" alt=\"\" width=\"800\" height=\"800\" srcset=\"https:\/\/visitdistrikt.rs\/media\/2023\/11\/new-3-3-Cropped-1024x1024.jpg 1024w, https:\/\/visitdistrikt.rs\/media\/2023\/11\/new-3-3-Cropped-300x300.jpg 300w, https:\/\/visitdistrikt.rs\/media\/2023\/11\/new-3-3-Cropped-150x150.jpg 150w, https:\/\/visitdistrikt.rs\/media\/2023\/11\/new-3-3-Cropped-768x768.jpg 768w, https:\/\/visitdistrikt.rs\/media\/2023\/11\/new-3-3-Cropped.jpg 1406w\" sizes=\"(max-width: 800px) 100vw, 800px\" \/><\/p>\n<p>Milan Kuli\u0107, the author of the conceptual solution and the winner of the sculpture-architecture call for the creation of the sculpture, presented the energy of Suba&#8217;s creativity with his minimalist work, inspired by the simplicity and layered content of his music, which conquered the world. The conceptual solution for the sculpture was selected as part of the call previously announced by the \u2018Novi Sad \u2013 European Capital of Culture\u2019 Foundation in cooperation with the \u2018Mitar Suboti\u0107 Suba\u2019 Foundation.<\/p>\n<p><img decoding=\"async\" class=\"aligncenter size-large wp-image-47121\" src=\"https:\/\/visitdistrikt.rs\/media\/2023\/11\/Portret-1-1-924x1024.jpg\" alt=\"\" width=\"800\" height=\"887\" srcset=\"https:\/\/visitdistrikt.rs\/media\/2023\/11\/Portret-1-1-924x1024.jpg 924w, https:\/\/visitdistrikt.rs\/media\/2023\/11\/Portret-1-1-271x300.jpg 271w, https:\/\/visitdistrikt.rs\/media\/2023\/11\/Portret-1-1-768x851.jpg 768w, https:\/\/visitdistrikt.rs\/media\/2023\/11\/Portret-1-1.jpg 1040w\" sizes=\"(max-width: 800px) 100vw, 800px\" \/><\/p>\n<p>The setting of the sculpture completes the story of another legacy of the European Capital of Culture project, the Suba\u2019s Plateau, at the very entrance to Liman Park, where the first open-air gallery in Novi Sad was set up during the title year, thus starting a new practice of exhibiting artistic flags.<\/p>\n","protected":false},"excerpt":{"rendered":"<p>Novi Sad, the city that was on the prestigious UNESCO list in the category of digital and new media, is dedicating a contemporary sculpture to one of its most innovative artists, Mitar Suboti\u0107 Suba, also a UNESCO award winner. Mitar Suboti\u0107 Suba was one of the biggest and most recognized musicians, producers and pioneers of [&hellip;]<\/p>\n","protected":false},"author":9,"featured_media":47139,"comment_status":"closed","ping_status":"closed","sticky":false,"template":"","format":"standard","meta":{"footnotes":"","_links_to":"","_links_to_target":""},"categories":[291,302,310],"tags":[1371],"yoast_head":"<!-- This site is optimized with the Yoast SEO plugin v22.4 - https:\/\/yoast.com\/wordpress\/plugins\/seo\/ -->\n<title>Novi Sad and Suba: The UNESCO City Dedicates a Sculpture to Its UNESCO Artist - Visit Distrikt Novi Sad<\/title>\n<meta name=\"description\" content=\"The unveiling of the sculpture dedicated to one of its most innovative artists, Mitra Subotic Suba, will take place on November 3.\" \/>\n<meta name=\"robots\" content=\"index, follow, max-snippet:-1, max-image-preview:large, max-video-preview:-1\" \/>\n<link rel=\"canonical\" href=\"https:\/\/visitdistrikt.rs\/en\/2023\/11\/02\/novi-sad-and-suba-the-unesco-city-dedicates-a-sculpture-to-its-unesco-artist\/\" \/>\n<meta property=\"og:locale\" content=\"en_US\" \/>\n<meta property=\"og:type\" content=\"article\" \/>\n<meta property=\"og:title\" content=\"Novi Sad and Suba: The UNESCO City Dedicates a Sculpture to Its UNESCO Artist - Visit Distrikt Novi Sad\" \/>\n<meta property=\"og:description\" content=\"The unveiling of the sculpture dedicated to one of its most innovative artists, Mitra Subotic Suba, will take place on November 3.\" \/>\n<meta property=\"og:url\" content=\"https:\/\/visitdistrikt.rs\/en\/2023\/11\/02\/novi-sad-and-suba-the-unesco-city-dedicates-a-sculpture-to-its-unesco-artist\/\" \/>\n<meta property=\"og:site_name\" content=\"Visit Distrikt Novi Sad\" \/>\n<meta property=\"article:published_time\" content=\"2023-11-02T13:53:09+00:00\" \/>\n<meta property=\"article:modified_time\" content=\"2023-11-13T10:03:59+00:00\" \/>\n<meta property=\"og:image\" content=\"https:\/\/visitdistrikt.rs\/media\/2023\/11\/SubaCDknj01-2-Cropped-1.jpg\" \/>\n\t<meta property=\"og:image:width\" content=\"1000\" \/>\n\t<meta property=\"og:image:height\" content=\"1000\" \/>\n\t<meta property=\"og:image:type\" content=\"image\/jpeg\" \/>\n<meta name=\"author\" content=\"Marina Mari\u0107\" \/>\n<meta name=\"twitter:card\" content=\"summary_large_image\" \/>\n<meta name=\"twitter:label1\" content=\"Written by\" \/>\n\t<meta name=\"twitter:data1\" content=\"Marina Mari\u0107\" \/>\n\t<meta name=\"twitter:label2\" content=\"Est. reading time\" \/>\n\t<meta name=\"twitter:data2\" content=\"2 minutes\" \/>\n<script type=\"application\/ld+json\" class=\"yoast-schema-graph\">{\"@context\":\"https:\/\/schema.org\",\"@graph\":[{\"@type\":\"WebPage\",\"@id\":\"https:\/\/visitdistrikt.rs\/en\/2023\/11\/02\/novi-sad-and-suba-the-unesco-city-dedicates-a-sculpture-to-its-unesco-artist\/\",\"url\":\"https:\/\/visitdistrikt.rs\/en\/2023\/11\/02\/novi-sad-and-suba-the-unesco-city-dedicates-a-sculpture-to-its-unesco-artist\/\",\"name\":\"Novi Sad and Suba: The UNESCO City Dedicates a Sculpture to Its UNESCO Artist - Visit Distrikt Novi Sad\",\"isPartOf\":{\"@id\":\"https:\/\/visitdistrikt.rs\/#website\"},\"primaryImageOfPage\":{\"@id\":\"https:\/\/visitdistrikt.rs\/en\/2023\/11\/02\/novi-sad-and-suba-the-unesco-city-dedicates-a-sculpture-to-its-unesco-artist\/#primaryimage\"},\"image\":{\"@id\":\"https:\/\/visitdistrikt.rs\/en\/2023\/11\/02\/novi-sad-and-suba-the-unesco-city-dedicates-a-sculpture-to-its-unesco-artist\/#primaryimage\"},\"thumbnailUrl\":\"https:\/\/visitdistrikt.rs\/media\/2023\/11\/SubaCDknj01-2-Cropped-1.jpg\",\"datePublished\":\"2023-11-02T13:53:09+00:00\",\"dateModified\":\"2023-11-13T10:03:59+00:00\",\"author\":{\"@id\":\"https:\/\/visitdistrikt.rs\/#\/schema\/person\/b61f641548853605bef6b1ae7ca8aaa9\"},\"description\":\"The unveiling of the sculpture dedicated to one of its most innovative artists, Mitra Subotic Suba, will take place on November 3.\",\"breadcrumb\":{\"@id\":\"https:\/\/visitdistrikt.rs\/en\/2023\/11\/02\/novi-sad-and-suba-the-unesco-city-dedicates-a-sculpture-to-its-unesco-artist\/#breadcrumb\"},\"inLanguage\":\"en-US\",\"potentialAction\":[{\"@type\":\"ReadAction\",\"target\":[\"https:\/\/visitdistrikt.rs\/en\/2023\/11\/02\/novi-sad-and-suba-the-unesco-city-dedicates-a-sculpture-to-its-unesco-artist\/\"]}]},{\"@type\":\"ImageObject\",\"inLanguage\":\"en-US\",\"@id\":\"https:\/\/visitdistrikt.rs\/en\/2023\/11\/02\/novi-sad-and-suba-the-unesco-city-dedicates-a-sculpture-to-its-unesco-artist\/#primaryimage\",\"url\":\"https:\/\/visitdistrikt.rs\/media\/2023\/11\/SubaCDknj01-2-Cropped-1.jpg\",\"contentUrl\":\"https:\/\/visitdistrikt.rs\/media\/2023\/11\/SubaCDknj01-2-Cropped-1.jpg\",\"width\":1000,\"height\":1000},{\"@type\":\"BreadcrumbList\",\"@id\":\"https:\/\/visitdistrikt.rs\/en\/2023\/11\/02\/novi-sad-and-suba-the-unesco-city-dedicates-a-sculpture-to-its-unesco-artist\/#breadcrumb\",\"itemListElement\":[{\"@type\":\"ListItem\",\"position\":1,\"name\":\"Home\",\"item\":\"https:\/\/visitdistrikt.rs\/en\/\"},{\"@type\":\"ListItem\",\"position\":2,\"name\":\"Novi Sad and Suba: The UNESCO City Dedicates a Sculpture to Its UNESCO Artist\"}]},{\"@type\":\"WebSite\",\"@id\":\"https:\/\/visitdistrikt.rs\/#website\",\"url\":\"https:\/\/visitdistrikt.rs\/\",\"name\":\"Visit Distrikt Novi Sad\",\"description\":\"Novi Sad\",\"potentialAction\":[{\"@type\":\"SearchAction\",\"target\":{\"@type\":\"EntryPoint\",\"urlTemplate\":\"https:\/\/visitdistrikt.rs\/?s={search_term_string}\"},\"query-input\":\"required name=search_term_string\"}],\"inLanguage\":\"en-US\"},{\"@type\":\"Person\",\"@id\":\"https:\/\/visitdistrikt.rs\/#\/schema\/person\/b61f641548853605bef6b1ae7ca8aaa9\",\"name\":\"Marina Mari\u0107\",\"image\":{\"@type\":\"ImageObject\",\"inLanguage\":\"en-US\",\"@id\":\"https:\/\/visitdistrikt.rs\/#\/schema\/person\/image\/\",\"url\":\"https:\/\/secure.gravatar.com\/avatar\/aeec6fdfa57d2ba44680b29ea83001c6?s=96&d=mm&r=g\",\"contentUrl\":\"https:\/\/secure.gravatar.com\/avatar\/aeec6fdfa57d2ba44680b29ea83001c6?s=96&d=mm&r=g\",\"caption\":\"Marina Mari\u0107\"},\"sameAs\":[\"https:\/\/visitdistrikt.rs\"]}]}<\/script>\n<!-- \/ Yoast SEO plugin. -->","yoast_head_json":{"title":"Novi Sad and Suba: The UNESCO City Dedicates a Sculpture to Its UNESCO Artist - Visit Distrikt Novi Sad","description":"The unveiling of the sculpture dedicated to one of its most innovative artists, Mitra Subotic Suba, will take place on November 3.","robots":{"index":"index","follow":"follow","max-snippet":"max-snippet:-1","max-image-preview":"max-image-preview:large","max-video-preview":"max-video-preview:-1"},"canonical":"https:\/\/visitdistrikt.rs\/en\/2023\/11\/02\/novi-sad-and-suba-the-unesco-city-dedicates-a-sculpture-to-its-unesco-artist\/","og_locale":"en_US","og_type":"article","og_title":"Novi Sad and Suba: The UNESCO City Dedicates a Sculpture to Its UNESCO Artist - Visit Distrikt Novi Sad","og_description":"The unveiling of the sculpture dedicated to one of its most innovative artists, Mitra Subotic Suba, will take place on November 3.","og_url":"https:\/\/visitdistrikt.rs\/en\/2023\/11\/02\/novi-sad-and-suba-the-unesco-city-dedicates-a-sculpture-to-its-unesco-artist\/","og_site_name":"Visit Distrikt Novi Sad","article_published_time":"2023-11-02T13:53:09+00:00","article_modified_time":"2023-11-13T10:03:59+00:00","og_image":[{"width":1000,"height":1000,"url":"https:\/\/visitdistrikt.rs\/media\/2023\/11\/SubaCDknj01-2-Cropped-1.jpg","type":"image\/jpeg"}],"author":"Marina Mari\u0107","twitter_card":"summary_large_image","twitter_misc":{"Written by":"Marina Mari\u0107","Est. reading time":"2 minutes"},"schema":{"@context":"https:\/\/schema.org","@graph":[{"@type":"WebPage","@id":"https:\/\/visitdistrikt.rs\/en\/2023\/11\/02\/novi-sad-and-suba-the-unesco-city-dedicates-a-sculpture-to-its-unesco-artist\/","url":"https:\/\/visitdistrikt.rs\/en\/2023\/11\/02\/novi-sad-and-suba-the-unesco-city-dedicates-a-sculpture-to-its-unesco-artist\/","name":"Novi Sad and Suba: The UNESCO City Dedicates a Sculpture to Its UNESCO Artist - Visit Distrikt Novi Sad","isPartOf":{"@id":"https:\/\/visitdistrikt.rs\/#website"},"primaryImageOfPage":{"@id":"https:\/\/visitdistrikt.rs\/en\/2023\/11\/02\/novi-sad-and-suba-the-unesco-city-dedicates-a-sculpture-to-its-unesco-artist\/#primaryimage"},"image":{"@id":"https:\/\/visitdistrikt.rs\/en\/2023\/11\/02\/novi-sad-and-suba-the-unesco-city-dedicates-a-sculpture-to-its-unesco-artist\/#primaryimage"},"thumbnailUrl":"https:\/\/visitdistrikt.rs\/media\/2023\/11\/SubaCDknj01-2-Cropped-1.jpg","datePublished":"2023-11-02T13:53:09+00:00","dateModified":"2023-11-13T10:03:59+00:00","author":{"@id":"https:\/\/visitdistrikt.rs\/#\/schema\/person\/b61f641548853605bef6b1ae7ca8aaa9"},"description":"The unveiling of the sculpture dedicated to one of its most innovative artists, Mitra Subotic Suba, will take place on November 3.","breadcrumb":{"@id":"https:\/\/visitdistrikt.rs\/en\/2023\/11\/02\/novi-sad-and-suba-the-unesco-city-dedicates-a-sculpture-to-its-unesco-artist\/#breadcrumb"},"inLanguage":"en-US","potentialAction":[{"@type":"ReadAction","target":["https:\/\/visitdistrikt.rs\/en\/2023\/11\/02\/novi-sad-and-suba-the-unesco-city-dedicates-a-sculpture-to-its-unesco-artist\/"]}]},{"@type":"ImageObject","inLanguage":"en-US","@id":"https:\/\/visitdistrikt.rs\/en\/2023\/11\/02\/novi-sad-and-suba-the-unesco-city-dedicates-a-sculpture-to-its-unesco-artist\/#primaryimage","url":"https:\/\/visitdistrikt.rs\/media\/2023\/11\/SubaCDknj01-2-Cropped-1.jpg","contentUrl":"https:\/\/visitdistrikt.rs\/media\/2023\/11\/SubaCDknj01-2-Cropped-1.jpg","width":1000,"height":1000},{"@type":"BreadcrumbList","@id":"https:\/\/visitdistrikt.rs\/en\/2023\/11\/02\/novi-sad-and-suba-the-unesco-city-dedicates-a-sculpture-to-its-unesco-artist\/#breadcrumb","itemListElement":[{"@type":"ListItem","position":1,"name":"Home","item":"https:\/\/visitdistrikt.rs\/en\/"},{"@type":"ListItem","position":2,"name":"Novi Sad and Suba: The UNESCO City Dedicates a Sculpture to Its UNESCO Artist"}]},{"@type":"WebSite","@id":"https:\/\/visitdistrikt.rs\/#website","url":"https:\/\/visitdistrikt.rs\/","name":"Visit Distrikt Novi Sad","description":"Novi Sad","potentialAction":[{"@type":"SearchAction","target":{"@type":"EntryPoint","urlTemplate":"https:\/\/visitdistrikt.rs\/?s={search_term_string}"},"query-input":"required name=search_term_string"}],"inLanguage":"en-US"},{"@type":"Person","@id":"https:\/\/visitdistrikt.rs\/#\/schema\/person\/b61f641548853605bef6b1ae7ca8aaa9","name":"Marina Mari\u0107","image":{"@type":"ImageObject","inLanguage":"en-US","@id":"https:\/\/visitdistrikt.rs\/#\/schema\/person\/image\/","url":"https:\/\/secure.gravatar.com\/avatar\/aeec6fdfa57d2ba44680b29ea83001c6?s=96&d=mm&r=g","contentUrl":"https:\/\/secure.gravatar.com\/avatar\/aeec6fdfa57d2ba44680b29ea83001c6?s=96&d=mm&r=g","caption":"Marina Mari\u0107"},"sameAs":["https:\/\/visitdistrikt.rs"]}]}},"_links":{"self":[{"href":"https:\/\/visitdistrikt.rs\/en\/wp-json\/wp\/v2\/posts\/47116"}],"collection":[{"href":"https:\/\/visitdistrikt.rs\/en\/wp-json\/wp\/v2\/posts"}],"about":[{"href":"https:\/\/visitdistrikt.rs\/en\/wp-json\/wp\/v2\/types\/post"}],"author":[{"embeddable":true,"href":"https:\/\/visitdistrikt.rs\/en\/wp-json\/wp\/v2\/users\/9"}],"replies":[{"embeddable":true,"href":"https:\/\/visitdistrikt.rs\/en\/wp-json\/wp\/v2\/comments?post=47116"}],"version-history":[{"count":6,"href":"https:\/\/visitdistrikt.rs\/en\/wp-json\/wp\/v2\/posts\/47116\/revisions"}],"predecessor-version":[{"id":47156,"href":"https:\/\/visitdistrikt.rs\/en\/wp-json\/wp\/v2\/posts\/47116\/revisions\/47156"}],"wp:featuredmedia":[{"embeddable":true,"href":"https:\/\/visitdistrikt.rs\/en\/wp-json\/wp\/v2\/media\/47139"}],"wp:attachment":[{"href":"https:\/\/visitdistrikt.rs\/en\/wp-json\/wp\/v2\/media?parent=47116"}],"wp:term":[{"taxonomy":"category","embeddable":true,"href":"https:\/\/visitdistrikt.rs\/en\/wp-json\/wp\/v2\/categories?post=47116"},{"taxonomy":"post_tag","embeddable":true,"href":"https:\/\/visitdistrikt.rs\/en\/wp-json\/wp\/v2\/tags?post=47116"}],"curies":[{"name":"wp","href":"https:\/\/api.w.org\/{rel}","templated":true}]}}