{"id":47991,"date":"2024-02-14T08:30:03","date_gmt":"2024-02-14T07:30:03","guid":{"rendered":"https:\/\/visitdistrikt.rs\/?p=47991"},"modified":"2024-02-08T12:37:26","modified_gmt":"2024-02-08T11:37:26","slug":"street-art-on-the-district-walls","status":"publish","type":"post","link":"https:\/\/visitdistrikt.rs\/en\/2024\/02\/14\/street-art-on-the-district-walls\/","title":{"rendered":"Street Art on the District Walls"},"content":{"rendered":"\t\t<div data-elementor-type=\"wp-post\" data-elementor-id=\"47991\" class=\"elementor elementor-47991 elementor-47938\" data-elementor-post-type=\"post\">\n\t\t\t\t\t\t<section class=\"elementor-section elementor-top-section elementor-element elementor-element-50ba9c elementor-section-boxed elementor-section-height-default elementor-section-height-default\" data-id=\"50ba9c\" data-element_type=\"section\">\n\t\t\t\t\t\t<div class=\"elementor-container elementor-column-gap-default\">\n\t\t\t\t\t<div class=\"elementor-column elementor-col-100 elementor-top-column elementor-element elementor-element-74f982ca\" data-id=\"74f982ca\" data-element_type=\"column\">\n\t\t\t<div class=\"elementor-widget-wrap elementor-element-populated\">\n\t\t\t\t\t\t<div class=\"elementor-element elementor-element-1a286822 elementor-widget elementor-widget-text-editor\" data-id=\"1a286822\" data-element_type=\"widget\" data-widget_type=\"text-editor.default\">\n\t\t\t\t<div class=\"elementor-widget-container\">\n\t\t\t\t\t\t\t<p>The District, as a new urban centre of the alternative art scene, is proud not only of its rich history, but also of supreme street art, more precisely, colourful, monumental murals along the entire fa\u00e7ade of the Proizvodnja facility, which delight the passers-by and visitors of the renovated Novi Sad quarter.\u00a0<\/p><p>At the very entrance, first you see the <em>Distrikt<\/em> installation made of letters, by Jugoslav Sivi\u0107, which weighs as much as two tons, as well as the murals by <strong>Artez, Nata\u0161a Konjevi\u0107 and Pablo Astrain<\/strong>, which are a symbolic representation of the industrial development of the place. They were painted during the last year&#8217;s Kaleidoscope of Culture, when the first exhibition about the District, which tells the hundred-year story of the place, was opened. \u00a0<\/p><p>Each of these works of art hides an interesting story about the origin and development of industrialization in Novi Sad. One of the three artists who painted the District is <strong>Andrej \u017diki\u0107 Artez<\/strong>, who painted a machine at the entrance of the Proizvodnja facility that depicts basic principles of industrialization \u2013 automation, repetition and lack of labour.<\/p><p>\u2018As part of the 6<sup>th<\/sup> Kaleidoscope of Culture, the largest exhibition of contemporary art in the Western Balkans, I got the opportunity to paint a mural together with Pablo Astrain and Nata\u0161a Konjevi\u0107. As the topic of the Kaleidoscope was <em>Unbreakable Ties<\/em>, we showed the development of the District since its birth, which happened 100 years ago\u2019\u2013 stated the talented artist when creating the artwork.<\/p><p>He also explained that each of the six stages of industrialization is represented on the wall, and that the biggest challenge for the artists was to visually connect them into one whole. \u2018We decided to divide the walls into two parts \u2013 <em>Factory Life<\/em> \u2013 <em>Glory and Decline <\/em>on the left and <em>Transition to the Creative Hub<\/em> on the right,\u2019 Artez said.<\/p><p>We invite you to walk through the District to experience the\u00a0<a href=\"https:\/\/visitdistrikt.rs\/2024\/02\/06\/koliko-poznajete-distrikt\/\">turbulent history of the place<\/a>\u00a0and see it through the eyes of these artists, and then visit the permanent multimedia exhibition\u00a0<a href=\"https:\/\/kalendar.novisad2022.rs\/events\/izlozba-duh-mesta\/?occurrence=2024-02-14\"><strong><em>Spirit of Place \u2013 A Century of the District<\/em><\/strong><\/a> in the Fabrika 2 facility, every day except Monday and Tuesday, from 4 p.m. to 8 p.m.<\/p><p>Photo: Vladimir Veli\u010dkovi\u0107<\/p>\t\t\t\t\t\t<\/div>\n\t\t\t\t<\/div>\n\t\t\t\t\t<\/div>\n\t\t<\/div>\n\t\t\t\t\t<\/div>\n\t\t<\/section>\n\t\t\t\t<section class=\"elementor-section elementor-top-section elementor-element elementor-element-76220c4 elementor-section-boxed elementor-section-height-default elementor-section-height-default\" data-id=\"76220c4\" data-element_type=\"section\">\n\t\t\t\t\t\t<div class=\"elementor-container elementor-column-gap-default\">\n\t\t\t\t\t<div class=\"elementor-column elementor-col-100 elementor-top-column elementor-element elementor-element-7093310\" data-id=\"7093310\" data-element_type=\"column\">\n\t\t\t<div class=\"elementor-widget-wrap elementor-element-populated\">\n\t\t\t\t\t\t<div class=\"elementor-element elementor-element-a86c908 elementor-widget elementor-widget-gallery\" data-id=\"a86c908\" data-element_type=\"widget\" data-settings=\"{&quot;columns&quot;:2,&quot;lazyload&quot;:&quot;yes&quot;,&quot;gallery_layout&quot;:&quot;grid&quot;,&quot;columns_tablet&quot;:2,&quot;columns_mobile&quot;:1,&quot;gap&quot;:{&quot;unit&quot;:&quot;px&quot;,&quot;size&quot;:10,&quot;sizes&quot;:[]},&quot;gap_tablet&quot;:{&quot;unit&quot;:&quot;px&quot;,&quot;size&quot;:10,&quot;sizes&quot;:[]},&quot;gap_mobile&quot;:{&quot;unit&quot;:&quot;px&quot;,&quot;size&quot;:10,&quot;sizes&quot;:[]},&quot;link_to&quot;:&quot;file&quot;,&quot;aspect_ratio&quot;:&quot;3:2&quot;,&quot;overlay_background&quot;:&quot;yes&quot;,&quot;content_hover_animation&quot;:&quot;fade-in&quot;}\" data-widget_type=\"gallery.default\">\n\t\t\t\t<div class=\"elementor-widget-container\">\n\t\t\t\t\t<div class=\"elementor-gallery__container\">\n\t\t\t\t\t\t\t<a class=\"e-gallery-item elementor-gallery-item elementor-animated-content\" href=\"https:\/\/visitdistrikt.rs\/media\/2024\/02\/V.Velickovic-September06-027-e1707314096585.jpg\" data-elementor-open-lightbox=\"yes\" data-elementor-lightbox-slideshow=\"a86c908\" data-e-action-hash=\"#elementor-action%3Aaction%3Dlightbox%26settings%3DeyJpZCI6NDc5NjAsInVybCI6Imh0dHBzOlwvXC92aXNpdGRpc3RyaWt0LnJzXC9tZWRpYVwvMjAyNFwvMDJcL1YuVmVsaWNrb3ZpYy1TZXB0ZW1iZXIwNi0wMjctZTE3MDczMTQwOTY1ODUuanBnIiwic2xpZGVzaG93IjoiYTg2YzkwOCJ9\">\n\t\t\t\t\t<div class=\"e-gallery-image elementor-gallery-item__image\" data-thumbnail=\"https:\/\/visitdistrikt.rs\/media\/2024\/02\/V.Velickovic-September06-027-e1707314096585.jpg\" data-width=\"800\" data-height=\"533\" aria-label=\"\" role=\"img\" ><\/div>\n\t\t\t\t\t\t\t\t\t\t\t<div class=\"elementor-gallery-item__overlay\"><\/div>\n\t\t\t\t\t\t\t\t\t\t\t\t\t\t<\/a>\n\t\t\t\t\t\t\t<a class=\"e-gallery-item elementor-gallery-item elementor-animated-content\" href=\"https:\/\/visitdistrikt.rs\/media\/2024\/02\/V.Velickovic-September05-001-2-scaled-e1707314165531.jpg\" data-elementor-open-lightbox=\"yes\" data-elementor-lightbox-slideshow=\"a86c908\" data-e-action-hash=\"#elementor-action%3Aaction%3Dlightbox%26settings%3DeyJpZCI6NDc5NTAsInVybCI6Imh0dHBzOlwvXC92aXNpdGRpc3RyaWt0LnJzXC9tZWRpYVwvMjAyNFwvMDJcL1YuVmVsaWNrb3ZpYy1TZXB0ZW1iZXIwNS0wMDEtMi1zY2FsZWQtZTE3MDczMTQxNjU1MzEuanBnIiwic2xpZGVzaG93IjoiYTg2YzkwOCJ9\">\n\t\t\t\t\t<div class=\"e-gallery-image elementor-gallery-item__image\" data-thumbnail=\"https:\/\/visitdistrikt.rs\/media\/2024\/02\/V.Velickovic-September05-001-2-scaled-e1707314165531.jpg\" data-width=\"800\" data-height=\"599\" aria-label=\"\" role=\"img\" ><\/div>\n\t\t\t\t\t\t\t\t\t\t\t<div class=\"elementor-gallery-item__overlay\"><\/div>\n\t\t\t\t\t\t\t\t\t\t\t\t\t\t<\/a>\n\t\t\t\t\t\t\t<a class=\"e-gallery-item elementor-gallery-item elementor-animated-content\" href=\"https:\/\/visitdistrikt.rs\/media\/2024\/02\/V.Velickovic-September10-024-scaled-e1707314242715.jpg\" data-elementor-open-lightbox=\"yes\" data-elementor-lightbox-slideshow=\"a86c908\" data-e-action-hash=\"#elementor-action%3Aaction%3Dlightbox%26settings%3DeyJpZCI6NDc5NDIsInVybCI6Imh0dHBzOlwvXC92aXNpdGRpc3RyaWt0LnJzXC9tZWRpYVwvMjAyNFwvMDJcL1YuVmVsaWNrb3ZpYy1TZXB0ZW1iZXIxMC0wMjQtc2NhbGVkLWUxNzA3MzE0MjQyNzE1LmpwZyIsInNsaWRlc2hvdyI6ImE4NmM5MDgifQ%3D%3D\">\n\t\t\t\t\t<div class=\"e-gallery-image elementor-gallery-item__image\" data-thumbnail=\"https:\/\/visitdistrikt.rs\/media\/2024\/02\/V.Velickovic-September10-024-scaled-e1707314242715.jpg\" data-width=\"800\" data-height=\"533\" aria-label=\"\" role=\"img\" ><\/div>\n\t\t\t\t\t\t\t\t\t\t\t<div class=\"elementor-gallery-item__overlay\"><\/div>\n\t\t\t\t\t\t\t\t\t\t\t\t\t\t<\/a>\n\t\t\t\t\t\t\t<a class=\"e-gallery-item elementor-gallery-item elementor-animated-content\" href=\"https:\/\/visitdistrikt.rs\/media\/2024\/02\/V.Velickovic-September06-039-1-scaled-e1707314217492.jpg\" data-elementor-open-lightbox=\"yes\" data-elementor-lightbox-slideshow=\"a86c908\" data-e-action-hash=\"#elementor-action%3Aaction%3Dlightbox%26settings%3DeyJpZCI6NDc5NDYsInVybCI6Imh0dHBzOlwvXC92aXNpdGRpc3RyaWt0LnJzXC9tZWRpYVwvMjAyNFwvMDJcL1YuVmVsaWNrb3ZpYy1TZXB0ZW1iZXIwNi0wMzktMS1zY2FsZWQtZTE3MDczMTQyMTc0OTIuanBnIiwic2xpZGVzaG93IjoiYTg2YzkwOCJ9\">\n\t\t\t\t\t<div class=\"e-gallery-image elementor-gallery-item__image\" data-thumbnail=\"https:\/\/visitdistrikt.rs\/media\/2024\/02\/V.Velickovic-September06-039-1-scaled-e1707314217492.jpg\" data-width=\"800\" data-height=\"533\" aria-label=\"\" role=\"img\" ><\/div>\n\t\t\t\t\t\t\t\t\t\t\t<div class=\"elementor-gallery-item__overlay\"><\/div>\n\t\t\t\t\t\t\t\t\t\t\t\t\t\t<\/a>\n\t\t\t\t\t\t\t<a class=\"e-gallery-item elementor-gallery-item elementor-animated-content\" href=\"https:\/\/visitdistrikt.rs\/media\/2024\/02\/V.Velickovic-September10-035-scaled-e1707380369527.jpg\" data-elementor-open-lightbox=\"yes\" data-elementor-lightbox-slideshow=\"a86c908\" data-e-action-hash=\"#elementor-action%3Aaction%3Dlightbox%26settings%3DeyJpZCI6NDc5NzQsInVybCI6Imh0dHBzOlwvXC92aXNpdGRpc3RyaWt0LnJzXC9tZWRpYVwvMjAyNFwvMDJcL1YuVmVsaWNrb3ZpYy1TZXB0ZW1iZXIxMC0wMzUtc2NhbGVkLWUxNzA3MzgwMzY5NTI3LmpwZyIsInNsaWRlc2hvdyI6ImE4NmM5MDgifQ%3D%3D\">\n\t\t\t\t\t<div class=\"e-gallery-image elementor-gallery-item__image\" data-thumbnail=\"https:\/\/visitdistrikt.rs\/media\/2024\/02\/V.Velickovic-September10-035-scaled-e1707380369527.jpg\" data-width=\"800\" data-height=\"533\" aria-label=\"\" role=\"img\" ><\/div>\n\t\t\t\t\t\t\t\t\t\t\t<div class=\"elementor-gallery-item__overlay\"><\/div>\n\t\t\t\t\t\t\t\t\t\t\t\t\t\t<\/a>\n\t\t\t\t\t\t\t<a class=\"e-gallery-item elementor-gallery-item elementor-animated-content\" href=\"https:\/\/visitdistrikt.rs\/media\/2024\/02\/V.Velickovic-September10-037-1-scaled-e1707314205475.jpg\" data-elementor-open-lightbox=\"yes\" data-elementor-lightbox-slideshow=\"a86c908\" data-e-action-hash=\"#elementor-action%3Aaction%3Dlightbox%26settings%3DeyJpZCI6NDc5NDgsInVybCI6Imh0dHBzOlwvXC92aXNpdGRpc3RyaWt0LnJzXC9tZWRpYVwvMjAyNFwvMDJcL1YuVmVsaWNrb3ZpYy1TZXB0ZW1iZXIxMC0wMzctMS1zY2FsZWQtZTE3MDczMTQyMDU0NzUuanBnIiwic2xpZGVzaG93IjoiYTg2YzkwOCJ9\">\n\t\t\t\t\t<div class=\"e-gallery-image elementor-gallery-item__image\" data-thumbnail=\"https:\/\/visitdistrikt.rs\/media\/2024\/02\/V.Velickovic-September10-037-1-scaled-e1707314205475.jpg\" data-width=\"800\" data-height=\"533\" aria-label=\"\" role=\"img\" ><\/div>\n\t\t\t\t\t\t\t\t\t\t\t<div class=\"elementor-gallery-item__overlay\"><\/div>\n\t\t\t\t\t\t\t\t\t\t\t\t\t\t<\/a>\n\t\t\t\t\t\t\t<a class=\"e-gallery-item elementor-gallery-item elementor-animated-content\" href=\"https:\/\/visitdistrikt.rs\/media\/2024\/02\/V.Velickovic-September06-012-e1707314121844.jpg\" data-elementor-open-lightbox=\"yes\" data-elementor-lightbox-slideshow=\"a86c908\" data-e-action-hash=\"#elementor-action%3Aaction%3Dlightbox%26settings%3DeyJpZCI6NDc5NTYsInVybCI6Imh0dHBzOlwvXC92aXNpdGRpc3RyaWt0LnJzXC9tZWRpYVwvMjAyNFwvMDJcL1YuVmVsaWNrb3ZpYy1TZXB0ZW1iZXIwNi0wMTItZTE3MDczMTQxMjE4NDQuanBnIiwic2xpZGVzaG93IjoiYTg2YzkwOCJ9\">\n\t\t\t\t\t<div class=\"e-gallery-image elementor-gallery-item__image\" data-thumbnail=\"https:\/\/visitdistrikt.rs\/media\/2024\/02\/V.Velickovic-September06-012-e1707314121844.jpg\" data-width=\"800\" data-height=\"533\" aria-label=\"\" role=\"img\" ><\/div>\n\t\t\t\t\t\t\t\t\t\t\t<div class=\"elementor-gallery-item__overlay\"><\/div>\n\t\t\t\t\t\t\t\t\t\t\t\t\t\t<\/a>\n\t\t\t\t\t\t\t<a class=\"e-gallery-item elementor-gallery-item elementor-animated-content\" href=\"https:\/\/visitdistrikt.rs\/media\/2024\/02\/V.Velickovic-September10-030-scaled-e1707380409505.jpg\" data-elementor-open-lightbox=\"yes\" data-elementor-lightbox-slideshow=\"a86c908\" data-e-action-hash=\"#elementor-action%3Aaction%3Dlightbox%26settings%3DeyJpZCI6NDc5NjgsInVybCI6Imh0dHBzOlwvXC92aXNpdGRpc3RyaWt0LnJzXC9tZWRpYVwvMjAyNFwvMDJcL1YuVmVsaWNrb3ZpYy1TZXB0ZW1iZXIxMC0wMzAtc2NhbGVkLWUxNzA3MzgwNDA5NTA1LmpwZyIsInNsaWRlc2hvdyI6ImE4NmM5MDgifQ%3D%3D\">\n\t\t\t\t\t<div class=\"e-gallery-image elementor-gallery-item__image\" data-thumbnail=\"https:\/\/visitdistrikt.rs\/media\/2024\/02\/V.Velickovic-September10-030-scaled-e1707380409505.jpg\" data-width=\"800\" data-height=\"533\" aria-label=\"\" role=\"img\" ><\/div>\n\t\t\t\t\t\t\t\t\t\t\t<div class=\"elementor-gallery-item__overlay\"><\/div>\n\t\t\t\t\t\t\t\t\t\t\t\t\t\t<\/a>\n\t\t\t\t\t\t\t<a class=\"e-gallery-item elementor-gallery-item elementor-animated-content\" href=\"https:\/\/visitdistrikt.rs\/media\/2024\/02\/V.Velickovic-September06-001-e1707314146336.jpg\" data-elementor-open-lightbox=\"yes\" data-elementor-lightbox-slideshow=\"a86c908\" data-e-action-hash=\"#elementor-action%3Aaction%3Dlightbox%26settings%3DeyJpZCI6NDc5NTIsInVybCI6Imh0dHBzOlwvXC92aXNpdGRpc3RyaWt0LnJzXC9tZWRpYVwvMjAyNFwvMDJcL1YuVmVsaWNrb3ZpYy1TZXB0ZW1iZXIwNi0wMDEtZTE3MDczMTQxNDYzMzYuanBnIiwic2xpZGVzaG93IjoiYTg2YzkwOCJ9\">\n\t\t\t\t\t<div class=\"e-gallery-image elementor-gallery-item__image\" data-thumbnail=\"https:\/\/visitdistrikt.rs\/media\/2024\/02\/V.Velickovic-September06-001-e1707314146336.jpg\" data-width=\"800\" data-height=\"533\" aria-label=\"\" role=\"img\" ><\/div>\n\t\t\t\t\t\t\t\t\t\t\t<div class=\"elementor-gallery-item__overlay\"><\/div>\n\t\t\t\t\t\t\t\t\t\t\t\t\t\t<\/a>\n\t\t\t\t\t\t\t<a class=\"e-gallery-item elementor-gallery-item elementor-animated-content\" href=\"https:\/\/visitdistrikt.rs\/media\/2024\/02\/V.Velickovic-September10-034-scaled-e1707380382216.jpg\" data-elementor-open-lightbox=\"yes\" data-elementor-lightbox-slideshow=\"a86c908\" data-e-action-hash=\"#elementor-action%3Aaction%3Dlightbox%26settings%3DeyJpZCI6NDc5NzIsInVybCI6Imh0dHBzOlwvXC92aXNpdGRpc3RyaWt0LnJzXC9tZWRpYVwvMjAyNFwvMDJcL1YuVmVsaWNrb3ZpYy1TZXB0ZW1iZXIxMC0wMzQtc2NhbGVkLWUxNzA3MzgwMzgyMjE2LmpwZyIsInNsaWRlc2hvdyI6ImE4NmM5MDgifQ%3D%3D\">\n\t\t\t\t\t<div class=\"e-gallery-image elementor-gallery-item__image\" data-thumbnail=\"https:\/\/visitdistrikt.rs\/media\/2024\/02\/V.Velickovic-September10-034-scaled-e1707380382216.jpg\" data-width=\"800\" data-height=\"533\" aria-label=\"\" role=\"img\" ><\/div>\n\t\t\t\t\t\t\t\t\t\t\t<div class=\"elementor-gallery-item__overlay\"><\/div>\n\t\t\t\t\t\t\t\t\t\t\t\t\t\t<\/a>\n\t\t\t\t\t\t\t<a class=\"e-gallery-item elementor-gallery-item elementor-animated-content\" href=\"https:\/\/visitdistrikt.rs\/media\/2024\/02\/V.Velickovic-September06-011-e1707314134905.jpg\" data-elementor-open-lightbox=\"yes\" data-elementor-lightbox-slideshow=\"a86c908\" data-e-action-hash=\"#elementor-action%3Aaction%3Dlightbox%26settings%3DeyJpZCI6NDc5NTQsInVybCI6Imh0dHBzOlwvXC92aXNpdGRpc3RyaWt0LnJzXC9tZWRpYVwvMjAyNFwvMDJcL1YuVmVsaWNrb3ZpYy1TZXB0ZW1iZXIwNi0wMTEtZTE3MDczMTQxMzQ5MDUuanBnIiwic2xpZGVzaG93IjoiYTg2YzkwOCJ9\">\n\t\t\t\t\t<div class=\"e-gallery-image elementor-gallery-item__image\" data-thumbnail=\"https:\/\/visitdistrikt.rs\/media\/2024\/02\/V.Velickovic-September06-011-e1707314134905.jpg\" data-width=\"800\" data-height=\"533\" aria-label=\"\" role=\"img\" ><\/div>\n\t\t\t\t\t\t\t\t\t\t\t<div class=\"elementor-gallery-item__overlay\"><\/div>\n\t\t\t\t\t\t\t\t\t\t\t\t\t\t<\/a>\n\t\t\t\t\t\t\t<a class=\"e-gallery-item elementor-gallery-item elementor-animated-content\" href=\"https:\/\/visitdistrikt.rs\/media\/2024\/02\/V.Velickovic-September10-033-scaled-e1707380395144.jpg\" data-elementor-open-lightbox=\"yes\" data-elementor-lightbox-slideshow=\"a86c908\" data-e-action-hash=\"#elementor-action%3Aaction%3Dlightbox%26settings%3DeyJpZCI6NDc5NzAsInVybCI6Imh0dHBzOlwvXC92aXNpdGRpc3RyaWt0LnJzXC9tZWRpYVwvMjAyNFwvMDJcL1YuVmVsaWNrb3ZpYy1TZXB0ZW1iZXIxMC0wMzMtc2NhbGVkLWUxNzA3MzgwMzk1MTQ0LmpwZyIsInNsaWRlc2hvdyI6ImE4NmM5MDgifQ%3D%3D\">\n\t\t\t\t\t<div class=\"e-gallery-image elementor-gallery-item__image\" data-thumbnail=\"https:\/\/visitdistrikt.rs\/media\/2024\/02\/V.Velickovic-September10-033-scaled-e1707380395144.jpg\" data-width=\"800\" data-height=\"533\" aria-label=\"\" role=\"img\" ><\/div>\n\t\t\t\t\t\t\t\t\t\t\t<div class=\"elementor-gallery-item__overlay\"><\/div>\n\t\t\t\t\t\t\t\t\t\t\t\t\t\t<\/a>\n\t\t\t\t\t<\/div>\n\t\t\t<\/div>\n\t\t\t\t<\/div>\n\t\t\t\t\t<\/div>\n\t\t<\/div>\n\t\t\t\t\t<\/div>\n\t\t<\/section>\n\t\t\t\t<section class=\"elementor-section elementor-top-section elementor-element elementor-element-ecd6039 elementor-section-boxed elementor-section-height-default elementor-section-height-default\" data-id=\"ecd6039\" data-element_type=\"section\">\n\t\t\t\t\t\t<div class=\"elementor-container elementor-column-gap-default\">\n\t\t\t\t\t<div class=\"elementor-column elementor-col-100 elementor-top-column elementor-element elementor-element-cc62a23\" data-id=\"cc62a23\" data-element_type=\"column\">\n\t\t\t<div class=\"elementor-widget-wrap elementor-element-populated\">\n\t\t\t\t\t\t<div class=\"elementor-element elementor-element-06e4d0c elementor-widget elementor-widget-text-editor\" data-id=\"06e4d0c\" data-element_type=\"widget\" data-widget_type=\"text-editor.default\">\n\t\t\t\t<div class=\"elementor-widget-container\">\n\t\t\t\t\t\t\t<p><strong>Foto:<\/strong> Vladimir Veli\u010dkovi\u0107<\/p>\t\t\t\t\t\t<\/div>\n\t\t\t\t<\/div>\n\t\t\t\t\t<\/div>\n\t\t<\/div>\n\t\t\t\t\t<\/div>\n\t\t<\/section>\n\t\t\t\t<\/div>\n\t\t","protected":false},"excerpt":{"rendered":"<p>The District, as a new urban centre of the alternative art scene, is proud not only of its rich history, but also of supreme street art, more precisely, colourful, monumental murals along the entire fa\u00e7ade of the Proizvodnja facility, which delight the passers-by and visitors of the renovated Novi Sad quarter. At the very entrance, [&hellip;]<\/p>\n","protected":false},"author":9,"featured_media":47984,"comment_status":"closed","ping_status":"closed","sticky":false,"template":"","format":"standard","meta":{"footnotes":"","_links_to":"","_links_to_target":""},"categories":[286,310],"tags":[],"yoast_head":"<!-- This site is optimized with the Yoast SEO plugin v22.4 - https:\/\/yoast.com\/wordpress\/plugins\/seo\/ -->\n<title>Street Art on the District Walls - Visit Distrikt Novi Sad<\/title>\n<meta name=\"robots\" content=\"index, follow, max-snippet:-1, max-image-preview:large, max-video-preview:-1\" \/>\n<link rel=\"canonical\" href=\"https:\/\/visitdistrikt.rs\/en\/2024\/02\/14\/street-art-on-the-district-walls\/\" \/>\n<meta property=\"og:locale\" content=\"en_US\" \/>\n<meta property=\"og:type\" content=\"article\" \/>\n<meta property=\"og:title\" content=\"Street Art on the District Walls - Visit Distrikt Novi Sad\" \/>\n<meta property=\"og:description\" content=\"The District, as a new urban centre of the alternative art scene, is proud not only of its rich history, but also of supreme street art, more precisely, colourful, monumental murals along the entire fa\u00e7ade of the Proizvodnja facility, which delight the passers-by and visitors of the renovated Novi Sad quarter. At the very entrance, [&hellip;]\" \/>\n<meta property=\"og:url\" content=\"https:\/\/visitdistrikt.rs\/en\/2024\/02\/14\/street-art-on-the-district-walls\/\" \/>\n<meta property=\"og:site_name\" content=\"Visit Distrikt Novi Sad\" \/>\n<meta property=\"article:published_time\" content=\"2024-02-14T07:30:03+00:00\" \/>\n<meta property=\"article:modified_time\" content=\"2024-02-08T11:37:26+00:00\" \/>\n<meta property=\"og:image\" content=\"https:\/\/visitdistrikt.rs\/media\/2024\/02\/Untitled-design-34.jpg\" \/>\n\t<meta property=\"og:image:width\" content=\"1900\" \/>\n\t<meta property=\"og:image:height\" content=\"500\" \/>\n\t<meta property=\"og:image:type\" content=\"image\/jpeg\" \/>\n<meta name=\"author\" content=\"Marina Mari\u0107\" \/>\n<meta name=\"twitter:card\" content=\"summary_large_image\" \/>\n<meta name=\"twitter:label1\" content=\"Written by\" \/>\n\t<meta name=\"twitter:data1\" content=\"Marina Mari\u0107\" \/>\n\t<meta name=\"twitter:label2\" content=\"Est. reading time\" \/>\n\t<meta name=\"twitter:data2\" content=\"2 minutes\" \/>\n<script type=\"application\/ld+json\" class=\"yoast-schema-graph\">{\"@context\":\"https:\/\/schema.org\",\"@graph\":[{\"@type\":\"WebPage\",\"@id\":\"https:\/\/visitdistrikt.rs\/en\/2024\/02\/14\/street-art-on-the-district-walls\/\",\"url\":\"https:\/\/visitdistrikt.rs\/en\/2024\/02\/14\/street-art-on-the-district-walls\/\",\"name\":\"Street Art on the District Walls - Visit Distrikt Novi Sad\",\"isPartOf\":{\"@id\":\"https:\/\/visitdistrikt.rs\/#website\"},\"primaryImageOfPage\":{\"@id\":\"https:\/\/visitdistrikt.rs\/en\/2024\/02\/14\/street-art-on-the-district-walls\/#primaryimage\"},\"image\":{\"@id\":\"https:\/\/visitdistrikt.rs\/en\/2024\/02\/14\/street-art-on-the-district-walls\/#primaryimage\"},\"thumbnailUrl\":\"https:\/\/visitdistrikt.rs\/media\/2024\/02\/Untitled-design-34.jpg\",\"datePublished\":\"2024-02-14T07:30:03+00:00\",\"dateModified\":\"2024-02-08T11:37:26+00:00\",\"author\":{\"@id\":\"https:\/\/visitdistrikt.rs\/#\/schema\/person\/b61f641548853605bef6b1ae7ca8aaa9\"},\"breadcrumb\":{\"@id\":\"https:\/\/visitdistrikt.rs\/en\/2024\/02\/14\/street-art-on-the-district-walls\/#breadcrumb\"},\"inLanguage\":\"en-US\",\"potentialAction\":[{\"@type\":\"ReadAction\",\"target\":[\"https:\/\/visitdistrikt.rs\/en\/2024\/02\/14\/street-art-on-the-district-walls\/\"]}]},{\"@type\":\"ImageObject\",\"inLanguage\":\"en-US\",\"@id\":\"https:\/\/visitdistrikt.rs\/en\/2024\/02\/14\/street-art-on-the-district-walls\/#primaryimage\",\"url\":\"https:\/\/visitdistrikt.rs\/media\/2024\/02\/Untitled-design-34.jpg\",\"contentUrl\":\"https:\/\/visitdistrikt.rs\/media\/2024\/02\/Untitled-design-34.jpg\",\"width\":1900,\"height\":500},{\"@type\":\"BreadcrumbList\",\"@id\":\"https:\/\/visitdistrikt.rs\/en\/2024\/02\/14\/street-art-on-the-district-walls\/#breadcrumb\",\"itemListElement\":[{\"@type\":\"ListItem\",\"position\":1,\"name\":\"Home\",\"item\":\"https:\/\/visitdistrikt.rs\/en\/\"},{\"@type\":\"ListItem\",\"position\":2,\"name\":\"Street Art on the District Walls\"}]},{\"@type\":\"WebSite\",\"@id\":\"https:\/\/visitdistrikt.rs\/#website\",\"url\":\"https:\/\/visitdistrikt.rs\/\",\"name\":\"Visit Distrikt Novi Sad\",\"description\":\"Novi Sad\",\"potentialAction\":[{\"@type\":\"SearchAction\",\"target\":{\"@type\":\"EntryPoint\",\"urlTemplate\":\"https:\/\/visitdistrikt.rs\/?s={search_term_string}\"},\"query-input\":\"required name=search_term_string\"}],\"inLanguage\":\"en-US\"},{\"@type\":\"Person\",\"@id\":\"https:\/\/visitdistrikt.rs\/#\/schema\/person\/b61f641548853605bef6b1ae7ca8aaa9\",\"name\":\"Marina Mari\u0107\",\"image\":{\"@type\":\"ImageObject\",\"inLanguage\":\"en-US\",\"@id\":\"https:\/\/visitdistrikt.rs\/#\/schema\/person\/image\/\",\"url\":\"https:\/\/secure.gravatar.com\/avatar\/aeec6fdfa57d2ba44680b29ea83001c6?s=96&d=mm&r=g\",\"contentUrl\":\"https:\/\/secure.gravatar.com\/avatar\/aeec6fdfa57d2ba44680b29ea83001c6?s=96&d=mm&r=g\",\"caption\":\"Marina Mari\u0107\"},\"sameAs\":[\"https:\/\/visitdistrikt.rs\"]}]}<\/script>\n<!-- \/ Yoast SEO plugin. -->","yoast_head_json":{"title":"Street Art on the District Walls - Visit Distrikt Novi Sad","robots":{"index":"index","follow":"follow","max-snippet":"max-snippet:-1","max-image-preview":"max-image-preview:large","max-video-preview":"max-video-preview:-1"},"canonical":"https:\/\/visitdistrikt.rs\/en\/2024\/02\/14\/street-art-on-the-district-walls\/","og_locale":"en_US","og_type":"article","og_title":"Street Art on the District Walls - Visit Distrikt Novi Sad","og_description":"The District, as a new urban centre of the alternative art scene, is proud not only of its rich history, but also of supreme street art, more precisely, colourful, monumental murals along the entire fa\u00e7ade of the Proizvodnja facility, which delight the passers-by and visitors of the renovated Novi Sad quarter. At the very entrance, [&hellip;]","og_url":"https:\/\/visitdistrikt.rs\/en\/2024\/02\/14\/street-art-on-the-district-walls\/","og_site_name":"Visit Distrikt Novi Sad","article_published_time":"2024-02-14T07:30:03+00:00","article_modified_time":"2024-02-08T11:37:26+00:00","og_image":[{"width":1900,"height":500,"url":"https:\/\/visitdistrikt.rs\/media\/2024\/02\/Untitled-design-34.jpg","type":"image\/jpeg"}],"author":"Marina Mari\u0107","twitter_card":"summary_large_image","twitter_misc":{"Written by":"Marina Mari\u0107","Est. reading time":"2 minutes"},"schema":{"@context":"https:\/\/schema.org","@graph":[{"@type":"WebPage","@id":"https:\/\/visitdistrikt.rs\/en\/2024\/02\/14\/street-art-on-the-district-walls\/","url":"https:\/\/visitdistrikt.rs\/en\/2024\/02\/14\/street-art-on-the-district-walls\/","name":"Street Art on the District Walls - Visit Distrikt Novi Sad","isPartOf":{"@id":"https:\/\/visitdistrikt.rs\/#website"},"primaryImageOfPage":{"@id":"https:\/\/visitdistrikt.rs\/en\/2024\/02\/14\/street-art-on-the-district-walls\/#primaryimage"},"image":{"@id":"https:\/\/visitdistrikt.rs\/en\/2024\/02\/14\/street-art-on-the-district-walls\/#primaryimage"},"thumbnailUrl":"https:\/\/visitdistrikt.rs\/media\/2024\/02\/Untitled-design-34.jpg","datePublished":"2024-02-14T07:30:03+00:00","dateModified":"2024-02-08T11:37:26+00:00","author":{"@id":"https:\/\/visitdistrikt.rs\/#\/schema\/person\/b61f641548853605bef6b1ae7ca8aaa9"},"breadcrumb":{"@id":"https:\/\/visitdistrikt.rs\/en\/2024\/02\/14\/street-art-on-the-district-walls\/#breadcrumb"},"inLanguage":"en-US","potentialAction":[{"@type":"ReadAction","target":["https:\/\/visitdistrikt.rs\/en\/2024\/02\/14\/street-art-on-the-district-walls\/"]}]},{"@type":"ImageObject","inLanguage":"en-US","@id":"https:\/\/visitdistrikt.rs\/en\/2024\/02\/14\/street-art-on-the-district-walls\/#primaryimage","url":"https:\/\/visitdistrikt.rs\/media\/2024\/02\/Untitled-design-34.jpg","contentUrl":"https:\/\/visitdistrikt.rs\/media\/2024\/02\/Untitled-design-34.jpg","width":1900,"height":500},{"@type":"BreadcrumbList","@id":"https:\/\/visitdistrikt.rs\/en\/2024\/02\/14\/street-art-on-the-district-walls\/#breadcrumb","itemListElement":[{"@type":"ListItem","position":1,"name":"Home","item":"https:\/\/visitdistrikt.rs\/en\/"},{"@type":"ListItem","position":2,"name":"Street Art on the District Walls"}]},{"@type":"WebSite","@id":"https:\/\/visitdistrikt.rs\/#website","url":"https:\/\/visitdistrikt.rs\/","name":"Visit Distrikt Novi Sad","description":"Novi Sad","potentialAction":[{"@type":"SearchAction","target":{"@type":"EntryPoint","urlTemplate":"https:\/\/visitdistrikt.rs\/?s={search_term_string}"},"query-input":"required name=search_term_string"}],"inLanguage":"en-US"},{"@type":"Person","@id":"https:\/\/visitdistrikt.rs\/#\/schema\/person\/b61f641548853605bef6b1ae7ca8aaa9","name":"Marina Mari\u0107","image":{"@type":"ImageObject","inLanguage":"en-US","@id":"https:\/\/visitdistrikt.rs\/#\/schema\/person\/image\/","url":"https:\/\/secure.gravatar.com\/avatar\/aeec6fdfa57d2ba44680b29ea83001c6?s=96&d=mm&r=g","contentUrl":"https:\/\/secure.gravatar.com\/avatar\/aeec6fdfa57d2ba44680b29ea83001c6?s=96&d=mm&r=g","caption":"Marina Mari\u0107"},"sameAs":["https:\/\/visitdistrikt.rs"]}]}},"_links":{"self":[{"href":"https:\/\/visitdistrikt.rs\/en\/wp-json\/wp\/v2\/posts\/47991"}],"collection":[{"href":"https:\/\/visitdistrikt.rs\/en\/wp-json\/wp\/v2\/posts"}],"about":[{"href":"https:\/\/visitdistrikt.rs\/en\/wp-json\/wp\/v2\/types\/post"}],"author":[{"embeddable":true,"href":"https:\/\/visitdistrikt.rs\/en\/wp-json\/wp\/v2\/users\/9"}],"replies":[{"embeddable":true,"href":"https:\/\/visitdistrikt.rs\/en\/wp-json\/wp\/v2\/comments?post=47991"}],"version-history":[{"count":4,"href":"https:\/\/visitdistrikt.rs\/en\/wp-json\/wp\/v2\/posts\/47991\/revisions"}],"predecessor-version":[{"id":47995,"href":"https:\/\/visitdistrikt.rs\/en\/wp-json\/wp\/v2\/posts\/47991\/revisions\/47995"}],"wp:featuredmedia":[{"embeddable":true,"href":"https:\/\/visitdistrikt.rs\/en\/wp-json\/wp\/v2\/media\/47984"}],"wp:attachment":[{"href":"https:\/\/visitdistrikt.rs\/en\/wp-json\/wp\/v2\/media?parent=47991"}],"wp:term":[{"taxonomy":"category","embeddable":true,"href":"https:\/\/visitdistrikt.rs\/en\/wp-json\/wp\/v2\/categories?post=47991"},{"taxonomy":"post_tag","embeddable":true,"href":"https:\/\/visitdistrikt.rs\/en\/wp-json\/wp\/v2\/tags?post=47991"}],"curies":[{"name":"wp","href":"https:\/\/api.w.org\/{rel}","templated":true}]}}