{"id":48759,"date":"2024-07-17T10:26:12","date_gmt":"2024-07-17T08:26:12","guid":{"rendered":"https:\/\/visitdistrikt.rs\/?p=48759"},"modified":"2024-07-19T09:53:29","modified_gmt":"2024-07-19T07:53:29","slug":"district-as-the-epicentre-of-the-seventh-kaleidoscope-of-culture","status":"publish","type":"post","link":"https:\/\/visitdistrikt.rs\/en\/2024\/07\/17\/district-as-the-epicentre-of-the-seventh-kaleidoscope-of-culture\/","title":{"rendered":"District as the Epicentre of the Seventh Kaleidoscope of Culture"},"content":{"rendered":"<p><strong>This autumn, the District will shine once again as the hub of arts and culture, thanks to one of the most recognized artistic gatherings in this part of Europe \u2013 the Kaleidoscope of Culture. From 5 <\/strong><strong>September to 5 <\/strong><strong>October, this revitalized artistic quarter in Liman will host five weeks of supreme artistic programme<\/strong><strong>s, encompassing applied arts, literature, performing arts, architecture, and visual arts.<\/strong><\/p>\n<p>The District, renovated as part of the <em>Novi Sad \u2013 European Capital of Culture<\/em> project, has become a new hub for cultural events in the city. Rich in history and industrial heritage, it now serves as the epicentre of contemporary art and culture. Following the ceremonial opening of the Kaleidoscope of Culture with a traditional classical music concert at Korzo, visitors will be able to enjoy diverse programmes throughout the spaces in the District, exploring various artistic forms.<\/p>\n<p>Last year, within the Kaleidoscope of Culture, the permanent multimedia exhibition \u2019Spirit of Place \u2013 A Century of the District&#8217; was opened, highlighting the hundred-year transformation of this urban space from an industrial centre into a modern cultural venue. While awaiting September and a new dose of culture in the city of arts, visit the exhibition and stroll through the District, as we introduce you to the unique spaces that will become venues for unforgettable artistic experiences this autumn.<\/p>\n<p><strong>Key Cultural Spaces in the District:<\/strong><\/p>\n<p><a href=\"https:\/\/visitdistrikt.rs\/en\/2023\/09\/23\/proizvodnja\/\"><strong>Proizvodnja<\/strong><\/a>: Located at the entrance to the District, adorned with an impressive installation of the letters &#8216;District&#8217; by Jugoslav Sivi\u0107, the facility features murals by artists Artez, Nata\u0161a Konjevi\u0107, and Pablo Astrain, symbolizing the industrial development of the area. Once a production plant, it is now a centre for cultural events and the epicentre of the alternative urban scene, set to be revitalized during this year&#8217;s Kaleidoscope of Culture.<\/p>\n<p><a href=\"https:\/\/visitdistrikt.rs\/en\/2023\/08\/07\/radionica\/\"><strong>Radionica<\/strong><\/a>: A series of eleven buildings, formerly part of the Petar Drap\u0161in industrial complex, now houses independent artists and the Union for Collective Artistic Practice, initiated earlier this year. The workshops have been transformed into alternative spaces for artistic expression, including Atelie 61, Europe&#8217;s only institution for tapestry artistry, where visitors can try their hand at weaving.<\/p>\n<p><a href=\"https:\/\/visitdistrikt.rs\/en\/2023\/09\/23\/fabrika\/\"><strong>Fabrika<\/strong><\/a>: Built in the 1950s, Fabrika is now the cultural centre SCCNS, as well as the home of the French Institute in Novi Sad. With six street-level and eight courtyard spaces, it offers impressive venues for the arts. It also hosts the Office for Civil Society Cooperation, established during Novi Sad&#8217;s European Capital of Culture title year.<\/p>\n<p><a href=\"https:\/\/visitdistrikt.rs\/en\/2023\/09\/23\/biro\/\"><strong>Biro<\/strong><\/a>: Established in 1923 as the Bureau for Architecture, Industrial Construction, and Land Measurement, this building by architects Mihajlo Plavec and engineer Aleksandar Schumacher symbolizes urban development and progress in Novi Sad.<\/p>\n<p><a href=\"https:\/\/visitdistrikt.rs\/en\/2023\/09\/23\/menza\/\"><strong>Menza<\/strong><\/a>: Built in 1947, it served workers in the industrial zone, preparing up to 110 meals a day. Today, it stands as a symbol of unity and post-war renewal.<\/p>\n<p><a href=\"https:\/\/visitdistrikt.rs\/en\/2023\/09\/23\/celicana\/\"><strong>\u010celi\u010dana<\/strong><\/a>: Once part of the Bra\u0107a Kramer factory, \u010celi\u010dana aims to become the largest new media gallery in the region, enriching the cultural offerings of the District.<\/p>\n<p><a href=\"https:\/\/visitdistrikt.rs\/en\/2023\/09\/23\/cs-liman\/\"><strong>C<\/strong><strong>S OPENS<\/strong><\/a>: On the site of a former carpentry workshop, OPENS Youth Centre has been a key hub for youth activities since 2016, when Novi Sad was the European Youth Capital.<\/p>\n<p><a href=\"https:\/\/visitdistrikt.rs\/en\/2023\/09\/23\/odmaraliste\/\"><strong>Odmarali\u0161te<\/strong><\/a>: Once part of the Bra\u0107a Kramer factory, later used as a ski repair workshop and a renowned hospitality venue, it symbolizes social tourism and working-class life.<\/p>\n<p><a href=\"https:\/\/visitdistrikt.rs\/en\/2023\/09\/23\/cinkara-and-gvozdjara\/\"><strong>Cinkara<\/strong><\/a>: Built in 1926 as part of the complex for hot-dip galvanizing of steel structures, it now, together with Gvo\u017e\u0111ara, forms the largest unit of the District with 11 independent spaces for creative and cultural industries.<\/p>\n<p><a href=\"https:\/\/visitdistrikt.rs\/en\/2023\/09\/23\/skladiste\/\"><strong>Skladi\u0161te<\/strong><\/a>: Built in 1927 as a warehouse for the Bra\u0107a Kramer factory, it remains a testament to the rich industrial history of the District.<\/p>\n<p><a href=\"https:\/\/visitdistrikt.rs\/en\/2023\/09\/23\/czech-magazine\/\"><strong>Czech Magazine<\/strong><\/a>: The oldest building in the District, constructed in 1921 as a storage facility for agricultural products. It is a cultural monument, reflecting the rich trade and industrial cooperation between Vojvodina and the Czech Republic. Today, it houses the cultural heritage of the Matica Srpska Library, about which you can read in the <a href=\"https:\/\/visitdistrikt.rs\/en\/2024\/07\/04\/czech-magazine-a-cultural-treasure-in-the-district\/\"><strong>TEXT<\/strong><\/a><strong>.<\/strong><\/p>\n<p><a href=\"https:\/\/visitdistrikt.rs\/en\/2023\/09\/23\/lancara\/\"><strong>Lan\u010dara<\/strong>:<\/a> Opened in 1932, it carries on the tradition of chain production, a significant part of Novi Sad&#8217;s industrial development.<\/p>\n<p>&nbsp;<\/p>\n<p><strong>Photo:<\/strong> Vladimir Veli\u010dkovi\u0107<\/p>\n","protected":false},"excerpt":{"rendered":"<p>This autumn, the District will shine once again as the hub of arts and culture, thanks to one of the most recognized artistic gatherings in this part of Europe \u2013 the Kaleidoscope of Culture. From 5 September to 5 October, this revitalized artistic quarter in Liman will host five weeks of supreme artistic programmes, encompassing [&hellip;]<\/p>\n","protected":false},"author":9,"featured_media":48728,"comment_status":"closed","ping_status":"closed","sticky":false,"template":"","format":"standard","meta":{"footnotes":"","_links_to":"","_links_to_target":""},"categories":[293,286,1117,1013],"tags":[1549],"yoast_head":"<!-- This site is optimized with the Yoast SEO plugin v22.4 - https:\/\/yoast.com\/wordpress\/plugins\/seo\/ -->\n<title>District as the Epicentre of the Seventh Kaleidoscope of Culture<\/title>\n<meta name=\"description\" content=\"The district will shine again this fall as a center of art and culture, thanks to another Kaleidoscope of culture.\" \/>\n<meta name=\"robots\" content=\"index, follow, max-snippet:-1, max-image-preview:large, max-video-preview:-1\" \/>\n<link rel=\"canonical\" href=\"https:\/\/visitdistrikt.rs\/en\/2024\/07\/17\/district-as-the-epicentre-of-the-seventh-kaleidoscope-of-culture\/\" \/>\n<meta property=\"og:locale\" content=\"en_US\" \/>\n<meta property=\"og:type\" content=\"article\" \/>\n<meta property=\"og:title\" content=\"District as the Epicentre of the Seventh Kaleidoscope of Culture\" \/>\n<meta property=\"og:description\" content=\"The district will shine again this fall as a center of art and culture, thanks to another Kaleidoscope of culture.\" \/>\n<meta property=\"og:url\" content=\"https:\/\/visitdistrikt.rs\/en\/2024\/07\/17\/district-as-the-epicentre-of-the-seventh-kaleidoscope-of-culture\/\" \/>\n<meta property=\"og:site_name\" content=\"Visit Distrikt Novi Sad\" \/>\n<meta property=\"article:published_time\" content=\"2024-07-17T08:26:12+00:00\" \/>\n<meta property=\"article:modified_time\" content=\"2024-07-19T07:53:29+00:00\" \/>\n<meta property=\"og:image\" content=\"https:\/\/visitdistrikt.rs\/media\/2024\/07\/V.Velickovic-October05-040-scaled.jpg\" \/>\n\t<meta property=\"og:image:width\" content=\"2560\" \/>\n\t<meta property=\"og:image:height\" content=\"1438\" \/>\n\t<meta property=\"og:image:type\" content=\"image\/jpeg\" \/>\n<meta name=\"author\" content=\"Marina Mari\u0107\" \/>\n<meta name=\"twitter:card\" content=\"summary_large_image\" \/>\n<meta name=\"twitter:label1\" content=\"Written by\" \/>\n\t<meta name=\"twitter:data1\" content=\"Marina Mari\u0107\" \/>\n\t<meta name=\"twitter:label2\" content=\"Est. reading time\" \/>\n\t<meta name=\"twitter:data2\" content=\"3 minutes\" \/>\n<script type=\"application\/ld+json\" class=\"yoast-schema-graph\">{\"@context\":\"https:\/\/schema.org\",\"@graph\":[{\"@type\":\"WebPage\",\"@id\":\"https:\/\/visitdistrikt.rs\/en\/2024\/07\/17\/district-as-the-epicentre-of-the-seventh-kaleidoscope-of-culture\/\",\"url\":\"https:\/\/visitdistrikt.rs\/en\/2024\/07\/17\/district-as-the-epicentre-of-the-seventh-kaleidoscope-of-culture\/\",\"name\":\"District as the Epicentre of the Seventh Kaleidoscope of Culture\",\"isPartOf\":{\"@id\":\"https:\/\/visitdistrikt.rs\/#website\"},\"primaryImageOfPage\":{\"@id\":\"https:\/\/visitdistrikt.rs\/en\/2024\/07\/17\/district-as-the-epicentre-of-the-seventh-kaleidoscope-of-culture\/#primaryimage\"},\"image\":{\"@id\":\"https:\/\/visitdistrikt.rs\/en\/2024\/07\/17\/district-as-the-epicentre-of-the-seventh-kaleidoscope-of-culture\/#primaryimage\"},\"thumbnailUrl\":\"https:\/\/visitdistrikt.rs\/media\/2024\/07\/V.Velickovic-September10-009.jpg\",\"datePublished\":\"2024-07-17T08:26:12+00:00\",\"dateModified\":\"2024-07-19T07:53:29+00:00\",\"author\":{\"@id\":\"https:\/\/visitdistrikt.rs\/#\/schema\/person\/b61f641548853605bef6b1ae7ca8aaa9\"},\"description\":\"The district will shine again this fall as a center of art and culture, thanks to another Kaleidoscope of culture.\",\"breadcrumb\":{\"@id\":\"https:\/\/visitdistrikt.rs\/en\/2024\/07\/17\/district-as-the-epicentre-of-the-seventh-kaleidoscope-of-culture\/#breadcrumb\"},\"inLanguage\":\"en-US\",\"potentialAction\":[{\"@type\":\"ReadAction\",\"target\":[\"https:\/\/visitdistrikt.rs\/en\/2024\/07\/17\/district-as-the-epicentre-of-the-seventh-kaleidoscope-of-culture\/\"]}]},{\"@type\":\"ImageObject\",\"inLanguage\":\"en-US\",\"@id\":\"https:\/\/visitdistrikt.rs\/en\/2024\/07\/17\/district-as-the-epicentre-of-the-seventh-kaleidoscope-of-culture\/#primaryimage\",\"url\":\"https:\/\/visitdistrikt.rs\/media\/2024\/07\/V.Velickovic-September10-009.jpg\",\"contentUrl\":\"https:\/\/visitdistrikt.rs\/media\/2024\/07\/V.Velickovic-September10-009.jpg\",\"width\":2048,\"height\":1365,\"caption\":\"default\"},{\"@type\":\"BreadcrumbList\",\"@id\":\"https:\/\/visitdistrikt.rs\/en\/2024\/07\/17\/district-as-the-epicentre-of-the-seventh-kaleidoscope-of-culture\/#breadcrumb\",\"itemListElement\":[{\"@type\":\"ListItem\",\"position\":1,\"name\":\"Home\",\"item\":\"https:\/\/visitdistrikt.rs\/en\/\"},{\"@type\":\"ListItem\",\"position\":2,\"name\":\"District as the Epicentre of the Seventh Kaleidoscope of Culture\"}]},{\"@type\":\"WebSite\",\"@id\":\"https:\/\/visitdistrikt.rs\/#website\",\"url\":\"https:\/\/visitdistrikt.rs\/\",\"name\":\"Visit Distrikt Novi Sad\",\"description\":\"Novi Sad\",\"potentialAction\":[{\"@type\":\"SearchAction\",\"target\":{\"@type\":\"EntryPoint\",\"urlTemplate\":\"https:\/\/visitdistrikt.rs\/?s={search_term_string}\"},\"query-input\":\"required name=search_term_string\"}],\"inLanguage\":\"en-US\"},{\"@type\":\"Person\",\"@id\":\"https:\/\/visitdistrikt.rs\/#\/schema\/person\/b61f641548853605bef6b1ae7ca8aaa9\",\"name\":\"Marina Mari\u0107\",\"image\":{\"@type\":\"ImageObject\",\"inLanguage\":\"en-US\",\"@id\":\"https:\/\/visitdistrikt.rs\/#\/schema\/person\/image\/\",\"url\":\"https:\/\/secure.gravatar.com\/avatar\/aeec6fdfa57d2ba44680b29ea83001c6?s=96&d=mm&r=g\",\"contentUrl\":\"https:\/\/secure.gravatar.com\/avatar\/aeec6fdfa57d2ba44680b29ea83001c6?s=96&d=mm&r=g\",\"caption\":\"Marina Mari\u0107\"},\"sameAs\":[\"https:\/\/visitdistrikt.rs\"]}]}<\/script>\n<!-- \/ Yoast SEO plugin. -->","yoast_head_json":{"title":"District as the Epicentre of the Seventh Kaleidoscope of Culture","description":"The district will shine again this fall as a center of art and culture, thanks to another Kaleidoscope of culture.","robots":{"index":"index","follow":"follow","max-snippet":"max-snippet:-1","max-image-preview":"max-image-preview:large","max-video-preview":"max-video-preview:-1"},"canonical":"https:\/\/visitdistrikt.rs\/en\/2024\/07\/17\/district-as-the-epicentre-of-the-seventh-kaleidoscope-of-culture\/","og_locale":"en_US","og_type":"article","og_title":"District as the Epicentre of the Seventh Kaleidoscope of Culture","og_description":"The district will shine again this fall as a center of art and culture, thanks to another Kaleidoscope of culture.","og_url":"https:\/\/visitdistrikt.rs\/en\/2024\/07\/17\/district-as-the-epicentre-of-the-seventh-kaleidoscope-of-culture\/","og_site_name":"Visit Distrikt Novi Sad","article_published_time":"2024-07-17T08:26:12+00:00","article_modified_time":"2024-07-19T07:53:29+00:00","og_image":[{"width":2560,"height":1438,"url":"https:\/\/visitdistrikt.rs\/media\/2024\/07\/V.Velickovic-October05-040-scaled.jpg","type":"image\/jpeg"}],"author":"Marina Mari\u0107","twitter_card":"summary_large_image","twitter_misc":{"Written by":"Marina Mari\u0107","Est. reading time":"3 minutes"},"schema":{"@context":"https:\/\/schema.org","@graph":[{"@type":"WebPage","@id":"https:\/\/visitdistrikt.rs\/en\/2024\/07\/17\/district-as-the-epicentre-of-the-seventh-kaleidoscope-of-culture\/","url":"https:\/\/visitdistrikt.rs\/en\/2024\/07\/17\/district-as-the-epicentre-of-the-seventh-kaleidoscope-of-culture\/","name":"District as the Epicentre of the Seventh Kaleidoscope of Culture","isPartOf":{"@id":"https:\/\/visitdistrikt.rs\/#website"},"primaryImageOfPage":{"@id":"https:\/\/visitdistrikt.rs\/en\/2024\/07\/17\/district-as-the-epicentre-of-the-seventh-kaleidoscope-of-culture\/#primaryimage"},"image":{"@id":"https:\/\/visitdistrikt.rs\/en\/2024\/07\/17\/district-as-the-epicentre-of-the-seventh-kaleidoscope-of-culture\/#primaryimage"},"thumbnailUrl":"https:\/\/visitdistrikt.rs\/media\/2024\/07\/V.Velickovic-September10-009.jpg","datePublished":"2024-07-17T08:26:12+00:00","dateModified":"2024-07-19T07:53:29+00:00","author":{"@id":"https:\/\/visitdistrikt.rs\/#\/schema\/person\/b61f641548853605bef6b1ae7ca8aaa9"},"description":"The district will shine again this fall as a center of art and culture, thanks to another Kaleidoscope of culture.","breadcrumb":{"@id":"https:\/\/visitdistrikt.rs\/en\/2024\/07\/17\/district-as-the-epicentre-of-the-seventh-kaleidoscope-of-culture\/#breadcrumb"},"inLanguage":"en-US","potentialAction":[{"@type":"ReadAction","target":["https:\/\/visitdistrikt.rs\/en\/2024\/07\/17\/district-as-the-epicentre-of-the-seventh-kaleidoscope-of-culture\/"]}]},{"@type":"ImageObject","inLanguage":"en-US","@id":"https:\/\/visitdistrikt.rs\/en\/2024\/07\/17\/district-as-the-epicentre-of-the-seventh-kaleidoscope-of-culture\/#primaryimage","url":"https:\/\/visitdistrikt.rs\/media\/2024\/07\/V.Velickovic-September10-009.jpg","contentUrl":"https:\/\/visitdistrikt.rs\/media\/2024\/07\/V.Velickovic-September10-009.jpg","width":2048,"height":1365,"caption":"default"},{"@type":"BreadcrumbList","@id":"https:\/\/visitdistrikt.rs\/en\/2024\/07\/17\/district-as-the-epicentre-of-the-seventh-kaleidoscope-of-culture\/#breadcrumb","itemListElement":[{"@type":"ListItem","position":1,"name":"Home","item":"https:\/\/visitdistrikt.rs\/en\/"},{"@type":"ListItem","position":2,"name":"District as the Epicentre of the Seventh Kaleidoscope of Culture"}]},{"@type":"WebSite","@id":"https:\/\/visitdistrikt.rs\/#website","url":"https:\/\/visitdistrikt.rs\/","name":"Visit Distrikt Novi Sad","description":"Novi Sad","potentialAction":[{"@type":"SearchAction","target":{"@type":"EntryPoint","urlTemplate":"https:\/\/visitdistrikt.rs\/?s={search_term_string}"},"query-input":"required name=search_term_string"}],"inLanguage":"en-US"},{"@type":"Person","@id":"https:\/\/visitdistrikt.rs\/#\/schema\/person\/b61f641548853605bef6b1ae7ca8aaa9","name":"Marina Mari\u0107","image":{"@type":"ImageObject","inLanguage":"en-US","@id":"https:\/\/visitdistrikt.rs\/#\/schema\/person\/image\/","url":"https:\/\/secure.gravatar.com\/avatar\/aeec6fdfa57d2ba44680b29ea83001c6?s=96&d=mm&r=g","contentUrl":"https:\/\/secure.gravatar.com\/avatar\/aeec6fdfa57d2ba44680b29ea83001c6?s=96&d=mm&r=g","caption":"Marina Mari\u0107"},"sameAs":["https:\/\/visitdistrikt.rs"]}]}},"_links":{"self":[{"href":"https:\/\/visitdistrikt.rs\/en\/wp-json\/wp\/v2\/posts\/48759"}],"collection":[{"href":"https:\/\/visitdistrikt.rs\/en\/wp-json\/wp\/v2\/posts"}],"about":[{"href":"https:\/\/visitdistrikt.rs\/en\/wp-json\/wp\/v2\/types\/post"}],"author":[{"embeddable":true,"href":"https:\/\/visitdistrikt.rs\/en\/wp-json\/wp\/v2\/users\/9"}],"replies":[{"embeddable":true,"href":"https:\/\/visitdistrikt.rs\/en\/wp-json\/wp\/v2\/comments?post=48759"}],"version-history":[{"count":1,"href":"https:\/\/visitdistrikt.rs\/en\/wp-json\/wp\/v2\/posts\/48759\/revisions"}],"predecessor-version":[{"id":48762,"href":"https:\/\/visitdistrikt.rs\/en\/wp-json\/wp\/v2\/posts\/48759\/revisions\/48762"}],"wp:featuredmedia":[{"embeddable":true,"href":"https:\/\/visitdistrikt.rs\/en\/wp-json\/wp\/v2\/media\/48728"}],"wp:attachment":[{"href":"https:\/\/visitdistrikt.rs\/en\/wp-json\/wp\/v2\/media?parent=48759"}],"wp:term":[{"taxonomy":"category","embeddable":true,"href":"https:\/\/visitdistrikt.rs\/en\/wp-json\/wp\/v2\/categories?post=48759"},{"taxonomy":"post_tag","embeddable":true,"href":"https:\/\/visitdistrikt.rs\/en\/wp-json\/wp\/v2\/tags?post=48759"}],"curies":[{"name":"wp","href":"https:\/\/api.w.org\/{rel}","templated":true}]}}