{"id":49339,"date":"2024-09-18T10:10:54","date_gmt":"2024-09-18T08:10:54","guid":{"rendered":"https:\/\/visitdistrikt.rs\/?p=49339"},"modified":"2024-09-19T17:06:35","modified_gmt":"2024-09-19T15:06:35","slug":"performance-bark-a-dance-story-about-war-identity-and-the-struggle-between-good-and-evil","status":"publish","type":"post","link":"https:\/\/visitdistrikt.rs\/en\/2024\/09\/18\/performance-bark-a-dance-story-about-war-identity-and-the-struggle-between-good-and-evil\/","title":{"rendered":"Performance &#8220;Bark&#8221;: A dance story about war, identity and the struggle between good and evil"},"content":{"rendered":"<p class=\"tw-data-text tw-text-large tw-ta\" dir=\"ltr\" data-placeholder=\"Translation\" data-ved=\"2ahUKEwjO_4Xp7cuIAxVfgv0HHb_pGakQ3ewLegQICBAU\" aria-label=\"Translated text: The play, &quot;Kora&quot;, which was originally supposed to be presented to the Novi Sad audience at the Tishma Pavilion in the District, was postponed due to bad weather conditions to September 20 and performing arts week, when it will be performed on Stage 1 at 9 p.m.\">The performance <a href=\"https:\/\/kalendar.novisad2022.rs\/en\/events\/dance-performance-bark-kaleidoscope-of-culture-2024\/\"><strong>&#8220;Bark&#8221;<\/strong><\/a>, which was initially scheduled to be presented to the Novi Sad audience as part of the Ti\u0161ma Pavilion in the District, has been postponed to <strong>September 20<\/strong> due to bad weather conditions. It will now be performed during <strong>Performing Arts Week<\/strong> on <strong>Stage 1 at 9 PM. <\/strong>The play, inspired by Aleksandar Ti\u0161ma\u2019s novel \u2019Faith and Treason\u2019, will be performed by the <strong>dancers of \u2019Vuk Karad\u017ei\u0107\u2019 Cultural Association from Temerin.<\/strong> Through a combination of contemporary and traditional dance, \u2019Bark\u2019 explores complex topics from Novi Sad&#8217;s past, addressing issues of identity, war, and moral dilemmas. The performance guides us through the emotional and physical challenges brought by war while reflecting on how people confront changes in their lives.<\/p>\n<p><em>\u2019The novel served as inspiration for us to depict the internal struggle within a person. The play raises questions about whether we choose our path or if it is set before us, and how to preserve goodness despite horrors like war. We aimed to present this story through traditional dance with elements of contemporary movement, and this proved to be a very accurate solution,<\/em>\u2019 said the director of the play, Maja Grgi\u0107.<\/p>\n<p><img fetchpriority=\"high\" decoding=\"async\" class=\"aligncenter wp-image-49236 size-large\" src=\"https:\/\/visitdistrikt.rs\/media\/2024\/09\/KORA-3-1024x640.png\" alt=\"\" width=\"800\" height=\"500\" srcset=\"https:\/\/visitdistrikt.rs\/media\/2024\/09\/KORA-3-1024x640.png 1024w, https:\/\/visitdistrikt.rs\/media\/2024\/09\/KORA-3-300x188.png 300w, https:\/\/visitdistrikt.rs\/media\/2024\/09\/KORA-3-768x480.png 768w, https:\/\/visitdistrikt.rs\/media\/2024\/09\/KORA-3-1536x960.png 1536w, https:\/\/visitdistrikt.rs\/media\/2024\/09\/KORA-3-2048x1280.png 2048w\" sizes=\"(max-width: 800px) 100vw, 800px\" \/><\/p>\n<p>With choreography by Darko Stanti\u0107 and dance collaborator An\u0111elko \u0110uki\u0107, music by Fran Pogrmilovi\u0107, lighting design by Marin Jaramazovi\u0107, and vocal pedagogue Svetlana Pe\u0161i\u0107, \u2019Bark\u2019 promises to be a visually and emotionally powerful experience. According to the director, the stage will feature thirty-four performers, which presents a challenge in conveying the complex story of seven main characters. <em>\u2019Choosing a language for the play that is clear to the audience while fulfilling our vision was our main focus, as we did not wish to abandon traditional dance at any moment. I believe that traditional dance is not sufficiently represented in theatre, and we consider the play \u2019Bark\u2019 a mission that we are slowly achieving,\u2019<\/em> concluded Maja Grgi\u0107.<\/p>\n<p>Kaleidoscope of Culture continues to connect regional and global artists, bringing the latest trends in art and culture. Admission to the performances is free, and more information about the programme can be found on the offici<a href=\"https:\/\/kaleidoskopkulture.com\/en\/\">al <strong>Kaleidoscope of Culture<\/strong> website.<\/a><\/p>\n<p><strong>Photo:<\/strong> private archive<\/p>\n","protected":false},"excerpt":{"rendered":"<p>The performance &#8220;Bark&#8221;, which was initially scheduled to be presented to the Novi Sad audience as part of the Ti\u0161ma Pavilion in the District, has been postponed to September 20 due to bad weather conditions. It will now be performed during Performing Arts Week on Stage 1 at 9 PM. The play, inspired by Aleksandar [&hellip;]<\/p>\n","protected":false},"author":9,"featured_media":49332,"comment_status":"closed","ping_status":"closed","sticky":false,"template":"","format":"standard","meta":{"footnotes":"","_links_to":"","_links_to_target":""},"categories":[293,291,1013,278],"tags":[1371,1549],"yoast_head":"<!-- This site is optimized with the Yoast SEO plugin v22.4 - https:\/\/yoast.com\/wordpress\/plugins\/seo\/ -->\n<title>Performance &quot;Bark&quot;: A dance story about war, identity and the struggle between good and evil - Visit Distrikt Novi Sad<\/title>\n<meta name=\"description\" content=\"The week ahead of the 7th Kaleidoscope of Culture, brings us the performance Bark, which is worth seeing on September 20 in the District.\" \/>\n<meta name=\"robots\" content=\"index, follow, max-snippet:-1, max-image-preview:large, max-video-preview:-1\" \/>\n<link rel=\"canonical\" href=\"https:\/\/visitdistrikt.rs\/en\/2024\/09\/18\/performance-bark-a-dance-story-about-war-identity-and-the-struggle-between-good-and-evil\/\" \/>\n<meta property=\"og:locale\" content=\"en_US\" \/>\n<meta property=\"og:type\" content=\"article\" \/>\n<meta property=\"og:title\" content=\"Performance &quot;Bark&quot;: A dance story about war, identity and the struggle between good and evil - Visit Distrikt Novi Sad\" \/>\n<meta property=\"og:description\" content=\"The week ahead of the 7th Kaleidoscope of Culture, brings us the performance Bark, which is worth seeing on September 20 in the District.\" \/>\n<meta property=\"og:url\" content=\"https:\/\/visitdistrikt.rs\/en\/2024\/09\/18\/performance-bark-a-dance-story-about-war-identity-and-the-struggle-between-good-and-evil\/\" \/>\n<meta property=\"og:site_name\" content=\"Visit Distrikt Novi Sad\" \/>\n<meta property=\"article:published_time\" content=\"2024-09-18T08:10:54+00:00\" \/>\n<meta property=\"article:modified_time\" content=\"2024-09-19T15:06:35+00:00\" \/>\n<meta property=\"og:image\" content=\"https:\/\/visitdistrikt.rs\/media\/2024\/09\/Untitled-design-86.jpg\" \/>\n\t<meta property=\"og:image:width\" content=\"1900\" \/>\n\t<meta property=\"og:image:height\" content=\"500\" \/>\n\t<meta property=\"og:image:type\" content=\"image\/jpeg\" \/>\n<meta name=\"author\" content=\"Marina Mari\u0107\" \/>\n<meta name=\"twitter:card\" content=\"summary_large_image\" \/>\n<meta name=\"twitter:label1\" content=\"Written by\" \/>\n\t<meta name=\"twitter:data1\" content=\"Marina Mari\u0107\" \/>\n\t<meta name=\"twitter:label2\" content=\"Est. reading time\" \/>\n\t<meta name=\"twitter:data2\" content=\"2 minutes\" \/>\n<script type=\"application\/ld+json\" class=\"yoast-schema-graph\">{\"@context\":\"https:\/\/schema.org\",\"@graph\":[{\"@type\":\"WebPage\",\"@id\":\"https:\/\/visitdistrikt.rs\/en\/2024\/09\/18\/performance-bark-a-dance-story-about-war-identity-and-the-struggle-between-good-and-evil\/\",\"url\":\"https:\/\/visitdistrikt.rs\/en\/2024\/09\/18\/performance-bark-a-dance-story-about-war-identity-and-the-struggle-between-good-and-evil\/\",\"name\":\"Performance \\\"Bark\\\": A dance story about war, identity and the struggle between good and evil - Visit Distrikt Novi Sad\",\"isPartOf\":{\"@id\":\"https:\/\/visitdistrikt.rs\/#website\"},\"primaryImageOfPage\":{\"@id\":\"https:\/\/visitdistrikt.rs\/en\/2024\/09\/18\/performance-bark-a-dance-story-about-war-identity-and-the-struggle-between-good-and-evil\/#primaryimage\"},\"image\":{\"@id\":\"https:\/\/visitdistrikt.rs\/en\/2024\/09\/18\/performance-bark-a-dance-story-about-war-identity-and-the-struggle-between-good-and-evil\/#primaryimage\"},\"thumbnailUrl\":\"https:\/\/visitdistrikt.rs\/media\/2024\/09\/Untitled-design-86.jpg\",\"datePublished\":\"2024-09-18T08:10:54+00:00\",\"dateModified\":\"2024-09-19T15:06:35+00:00\",\"author\":{\"@id\":\"https:\/\/visitdistrikt.rs\/#\/schema\/person\/b61f641548853605bef6b1ae7ca8aaa9\"},\"description\":\"The week ahead of the 7th Kaleidoscope of Culture, brings us the performance Bark, which is worth seeing on September 20 in the District.\",\"breadcrumb\":{\"@id\":\"https:\/\/visitdistrikt.rs\/en\/2024\/09\/18\/performance-bark-a-dance-story-about-war-identity-and-the-struggle-between-good-and-evil\/#breadcrumb\"},\"inLanguage\":\"en-US\",\"potentialAction\":[{\"@type\":\"ReadAction\",\"target\":[\"https:\/\/visitdistrikt.rs\/en\/2024\/09\/18\/performance-bark-a-dance-story-about-war-identity-and-the-struggle-between-good-and-evil\/\"]}]},{\"@type\":\"ImageObject\",\"inLanguage\":\"en-US\",\"@id\":\"https:\/\/visitdistrikt.rs\/en\/2024\/09\/18\/performance-bark-a-dance-story-about-war-identity-and-the-struggle-between-good-and-evil\/#primaryimage\",\"url\":\"https:\/\/visitdistrikt.rs\/media\/2024\/09\/Untitled-design-86.jpg\",\"contentUrl\":\"https:\/\/visitdistrikt.rs\/media\/2024\/09\/Untitled-design-86.jpg\",\"width\":1900,\"height\":500},{\"@type\":\"BreadcrumbList\",\"@id\":\"https:\/\/visitdistrikt.rs\/en\/2024\/09\/18\/performance-bark-a-dance-story-about-war-identity-and-the-struggle-between-good-and-evil\/#breadcrumb\",\"itemListElement\":[{\"@type\":\"ListItem\",\"position\":1,\"name\":\"Home\",\"item\":\"https:\/\/visitdistrikt.rs\/en\/\"},{\"@type\":\"ListItem\",\"position\":2,\"name\":\"Performance &#8222;Bark&#8220;: A dance story about war, identity and the struggle between good and evil\"}]},{\"@type\":\"WebSite\",\"@id\":\"https:\/\/visitdistrikt.rs\/#website\",\"url\":\"https:\/\/visitdistrikt.rs\/\",\"name\":\"Visit Distrikt Novi Sad\",\"description\":\"Novi Sad\",\"potentialAction\":[{\"@type\":\"SearchAction\",\"target\":{\"@type\":\"EntryPoint\",\"urlTemplate\":\"https:\/\/visitdistrikt.rs\/?s={search_term_string}\"},\"query-input\":\"required name=search_term_string\"}],\"inLanguage\":\"en-US\"},{\"@type\":\"Person\",\"@id\":\"https:\/\/visitdistrikt.rs\/#\/schema\/person\/b61f641548853605bef6b1ae7ca8aaa9\",\"name\":\"Marina Mari\u0107\",\"image\":{\"@type\":\"ImageObject\",\"inLanguage\":\"en-US\",\"@id\":\"https:\/\/visitdistrikt.rs\/#\/schema\/person\/image\/\",\"url\":\"https:\/\/secure.gravatar.com\/avatar\/aeec6fdfa57d2ba44680b29ea83001c6?s=96&d=mm&r=g\",\"contentUrl\":\"https:\/\/secure.gravatar.com\/avatar\/aeec6fdfa57d2ba44680b29ea83001c6?s=96&d=mm&r=g\",\"caption\":\"Marina Mari\u0107\"},\"sameAs\":[\"https:\/\/visitdistrikt.rs\"]}]}<\/script>\n<!-- \/ Yoast SEO plugin. -->","yoast_head_json":{"title":"Performance \"Bark\": A dance story about war, identity and the struggle between good and evil - Visit Distrikt Novi Sad","description":"The week ahead of the 7th Kaleidoscope of Culture, brings us the performance Bark, which is worth seeing on September 20 in the District.","robots":{"index":"index","follow":"follow","max-snippet":"max-snippet:-1","max-image-preview":"max-image-preview:large","max-video-preview":"max-video-preview:-1"},"canonical":"https:\/\/visitdistrikt.rs\/en\/2024\/09\/18\/performance-bark-a-dance-story-about-war-identity-and-the-struggle-between-good-and-evil\/","og_locale":"en_US","og_type":"article","og_title":"Performance \"Bark\": A dance story about war, identity and the struggle between good and evil - Visit Distrikt Novi Sad","og_description":"The week ahead of the 7th Kaleidoscope of Culture, brings us the performance Bark, which is worth seeing on September 20 in the District.","og_url":"https:\/\/visitdistrikt.rs\/en\/2024\/09\/18\/performance-bark-a-dance-story-about-war-identity-and-the-struggle-between-good-and-evil\/","og_site_name":"Visit Distrikt Novi Sad","article_published_time":"2024-09-18T08:10:54+00:00","article_modified_time":"2024-09-19T15:06:35+00:00","og_image":[{"width":1900,"height":500,"url":"https:\/\/visitdistrikt.rs\/media\/2024\/09\/Untitled-design-86.jpg","type":"image\/jpeg"}],"author":"Marina Mari\u0107","twitter_card":"summary_large_image","twitter_misc":{"Written by":"Marina Mari\u0107","Est. reading time":"2 minutes"},"schema":{"@context":"https:\/\/schema.org","@graph":[{"@type":"WebPage","@id":"https:\/\/visitdistrikt.rs\/en\/2024\/09\/18\/performance-bark-a-dance-story-about-war-identity-and-the-struggle-between-good-and-evil\/","url":"https:\/\/visitdistrikt.rs\/en\/2024\/09\/18\/performance-bark-a-dance-story-about-war-identity-and-the-struggle-between-good-and-evil\/","name":"Performance \"Bark\": A dance story about war, identity and the struggle between good and evil - Visit Distrikt Novi Sad","isPartOf":{"@id":"https:\/\/visitdistrikt.rs\/#website"},"primaryImageOfPage":{"@id":"https:\/\/visitdistrikt.rs\/en\/2024\/09\/18\/performance-bark-a-dance-story-about-war-identity-and-the-struggle-between-good-and-evil\/#primaryimage"},"image":{"@id":"https:\/\/visitdistrikt.rs\/en\/2024\/09\/18\/performance-bark-a-dance-story-about-war-identity-and-the-struggle-between-good-and-evil\/#primaryimage"},"thumbnailUrl":"https:\/\/visitdistrikt.rs\/media\/2024\/09\/Untitled-design-86.jpg","datePublished":"2024-09-18T08:10:54+00:00","dateModified":"2024-09-19T15:06:35+00:00","author":{"@id":"https:\/\/visitdistrikt.rs\/#\/schema\/person\/b61f641548853605bef6b1ae7ca8aaa9"},"description":"The week ahead of the 7th Kaleidoscope of Culture, brings us the performance Bark, which is worth seeing on September 20 in the District.","breadcrumb":{"@id":"https:\/\/visitdistrikt.rs\/en\/2024\/09\/18\/performance-bark-a-dance-story-about-war-identity-and-the-struggle-between-good-and-evil\/#breadcrumb"},"inLanguage":"en-US","potentialAction":[{"@type":"ReadAction","target":["https:\/\/visitdistrikt.rs\/en\/2024\/09\/18\/performance-bark-a-dance-story-about-war-identity-and-the-struggle-between-good-and-evil\/"]}]},{"@type":"ImageObject","inLanguage":"en-US","@id":"https:\/\/visitdistrikt.rs\/en\/2024\/09\/18\/performance-bark-a-dance-story-about-war-identity-and-the-struggle-between-good-and-evil\/#primaryimage","url":"https:\/\/visitdistrikt.rs\/media\/2024\/09\/Untitled-design-86.jpg","contentUrl":"https:\/\/visitdistrikt.rs\/media\/2024\/09\/Untitled-design-86.jpg","width":1900,"height":500},{"@type":"BreadcrumbList","@id":"https:\/\/visitdistrikt.rs\/en\/2024\/09\/18\/performance-bark-a-dance-story-about-war-identity-and-the-struggle-between-good-and-evil\/#breadcrumb","itemListElement":[{"@type":"ListItem","position":1,"name":"Home","item":"https:\/\/visitdistrikt.rs\/en\/"},{"@type":"ListItem","position":2,"name":"Performance &#8222;Bark&#8220;: A dance story about war, identity and the struggle between good and evil"}]},{"@type":"WebSite","@id":"https:\/\/visitdistrikt.rs\/#website","url":"https:\/\/visitdistrikt.rs\/","name":"Visit Distrikt Novi Sad","description":"Novi Sad","potentialAction":[{"@type":"SearchAction","target":{"@type":"EntryPoint","urlTemplate":"https:\/\/visitdistrikt.rs\/?s={search_term_string}"},"query-input":"required name=search_term_string"}],"inLanguage":"en-US"},{"@type":"Person","@id":"https:\/\/visitdistrikt.rs\/#\/schema\/person\/b61f641548853605bef6b1ae7ca8aaa9","name":"Marina Mari\u0107","image":{"@type":"ImageObject","inLanguage":"en-US","@id":"https:\/\/visitdistrikt.rs\/#\/schema\/person\/image\/","url":"https:\/\/secure.gravatar.com\/avatar\/aeec6fdfa57d2ba44680b29ea83001c6?s=96&d=mm&r=g","contentUrl":"https:\/\/secure.gravatar.com\/avatar\/aeec6fdfa57d2ba44680b29ea83001c6?s=96&d=mm&r=g","caption":"Marina Mari\u0107"},"sameAs":["https:\/\/visitdistrikt.rs"]}]}},"_links":{"self":[{"href":"https:\/\/visitdistrikt.rs\/en\/wp-json\/wp\/v2\/posts\/49339"}],"collection":[{"href":"https:\/\/visitdistrikt.rs\/en\/wp-json\/wp\/v2\/posts"}],"about":[{"href":"https:\/\/visitdistrikt.rs\/en\/wp-json\/wp\/v2\/types\/post"}],"author":[{"embeddable":true,"href":"https:\/\/visitdistrikt.rs\/en\/wp-json\/wp\/v2\/users\/9"}],"replies":[{"embeddable":true,"href":"https:\/\/visitdistrikt.rs\/en\/wp-json\/wp\/v2\/comments?post=49339"}],"version-history":[{"count":2,"href":"https:\/\/visitdistrikt.rs\/en\/wp-json\/wp\/v2\/posts\/49339\/revisions"}],"predecessor-version":[{"id":49358,"href":"https:\/\/visitdistrikt.rs\/en\/wp-json\/wp\/v2\/posts\/49339\/revisions\/49358"}],"wp:featuredmedia":[{"embeddable":true,"href":"https:\/\/visitdistrikt.rs\/en\/wp-json\/wp\/v2\/media\/49332"}],"wp:attachment":[{"href":"https:\/\/visitdistrikt.rs\/en\/wp-json\/wp\/v2\/media?parent=49339"}],"wp:term":[{"taxonomy":"category","embeddable":true,"href":"https:\/\/visitdistrikt.rs\/en\/wp-json\/wp\/v2\/categories?post=49339"},{"taxonomy":"post_tag","embeddable":true,"href":"https:\/\/visitdistrikt.rs\/en\/wp-json\/wp\/v2\/tags?post=49339"}],"curies":[{"name":"wp","href":"https:\/\/api.w.org\/{rel}","templated":true}]}}