{"id":49572,"date":"2024-10-09T13:55:54","date_gmt":"2024-10-09T11:55:54","guid":{"rendered":"https:\/\/visitdistrikt.rs\/?p=49572"},"modified":"2024-10-09T13:56:36","modified_gmt":"2024-10-09T11:56:36","slug":"photo-video-the-darkest-wave-in-the-district","status":"publish","type":"post","link":"https:\/\/visitdistrikt.rs\/en\/2024\/10\/09\/photo-video-the-darkest-wave-in-the-district\/","title":{"rendered":"PHOTO\/VIDEO: The Darkest Wave in the District!"},"content":{"rendered":"\t\t<div data-elementor-type=\"wp-post\" data-elementor-id=\"49572\" class=\"elementor elementor-49572 elementor-49457\" data-elementor-post-type=\"post\">\n\t\t\t\t\t\t<section class=\"elementor-section elementor-top-section elementor-element elementor-element-8f1fa2a elementor-section-boxed elementor-section-height-default elementor-section-height-default\" data-id=\"8f1fa2a\" data-element_type=\"section\">\n\t\t\t\t\t\t<div class=\"elementor-container elementor-column-gap-default\">\n\t\t\t\t\t<div class=\"elementor-column elementor-col-100 elementor-top-column elementor-element elementor-element-5790f12\" data-id=\"5790f12\" data-element_type=\"column\">\n\t\t\t<div class=\"elementor-widget-wrap elementor-element-populated\">\n\t\t\t\t\t\t<div class=\"elementor-element elementor-element-87f0990 elementor-widget elementor-widget-text-editor\" data-id=\"87f0990\" data-element_type=\"widget\" data-widget_type=\"text-editor.default\">\n\t\t\t\t<div class=\"elementor-widget-container\">\n\t\t\t\t\t\t\t<p><span data-contrast=\"auto\">The seventh Kaleidoscope of Culture in Novi Sad ended with Visual Arts Week, which turned the Novi Sad District into the centre of the Yugoslav Black Wave. The final week of one of the most significant art gatherings in this part of Europe was dedicated to the most awarded and, at the same time, most banned films and directors of this period of local cinematography. <\/span><b><span data-contrast=\"auto\">The exhibition &#8216;The Darkest Wave,&#8217; by Monika Bilbija Ponjavi\u0107, <\/span><\/b><b><span data-contrast=\"auto\">PhD, <\/span><\/b><b><span data-contrast=\"auto\">was also presented to visitors, with a tour led by artist Uro\u0161 \u0110uri\u0107.<\/span><\/b><span data-contrast=\"auto\">\u00a0<\/span><span data-ccp-props=\"{&quot;335551550&quot;:6,&quot;335551620&quot;:6}\">\u00a0<\/span><\/p><p><span data-contrast=\"auto\">You can see the<\/span><span data-contrast=\"auto\"> exhibit<\/span><span data-contrast=\"auto\">ion<\/span> <b><span data-contrast=\"auto\">until <\/span><\/b><b><span data-contrast=\"auto\">19 <\/span><\/b><b><span data-contrast=\"auto\">October<\/span><\/b><span data-contrast=\"auto\">, on weekdays from 4 p.m. to 8 p.m. and on weekends from 4 p.m. to 11 p.m. Don&#8217;t miss the guided tour with Uro\u0161 \u0110uri\u0107 on <\/span><span data-contrast=\"auto\">12 <\/span><span data-contrast=\"auto\">October at 7 p.m.<\/span><span data-ccp-props=\"{&quot;335551550&quot;:6,&quot;335551620&quot;:6}\">\u00a0<\/span><\/p><p><span data-contrast=\"auto\">Let&#8217;s take a look how the final week<\/span><span data-contrast=\"auto\"> of<\/span><span data-contrast=\"auto\"> the Kaleidoscope of Culture<\/span><span data-contrast=\"auto\">, dedicated to<\/span><span data-contrast=\"auto\"> visual arts<\/span><span data-contrast=\"auto\">,<\/span><span data-contrast=\"auto\"> looked like.<\/span><span data-ccp-props=\"{&quot;335551550&quot;:6,&quot;335551620&quot;:6}\">\u00a0<\/span><\/p>\t\t\t\t\t\t<\/div>\n\t\t\t\t<\/div>\n\t\t\t\t\t<\/div>\n\t\t<\/div>\n\t\t\t\t\t<\/div>\n\t\t<\/section>\n\t\t\t\t<section class=\"elementor-section elementor-top-section elementor-element elementor-element-35130ae elementor-section-boxed elementor-section-height-default elementor-section-height-default\" data-id=\"35130ae\" data-element_type=\"section\">\n\t\t\t\t\t\t<div class=\"elementor-container elementor-column-gap-default\">\n\t\t\t\t\t<div class=\"elementor-column elementor-col-100 elementor-top-column elementor-element elementor-element-fd3f79a\" data-id=\"fd3f79a\" data-element_type=\"column\">\n\t\t\t<div class=\"elementor-widget-wrap elementor-element-populated\">\n\t\t\t\t\t\t<div class=\"elementor-element elementor-element-5f39677 elementor-widget elementor-widget-gallery\" data-id=\"5f39677\" data-element_type=\"widget\" data-settings=\"{&quot;columns&quot;:3,&quot;lazyload&quot;:&quot;yes&quot;,&quot;gallery_layout&quot;:&quot;grid&quot;,&quot;columns_tablet&quot;:2,&quot;columns_mobile&quot;:1,&quot;gap&quot;:{&quot;unit&quot;:&quot;px&quot;,&quot;size&quot;:10,&quot;sizes&quot;:[]},&quot;gap_tablet&quot;:{&quot;unit&quot;:&quot;px&quot;,&quot;size&quot;:10,&quot;sizes&quot;:[]},&quot;gap_mobile&quot;:{&quot;unit&quot;:&quot;px&quot;,&quot;size&quot;:10,&quot;sizes&quot;:[]},&quot;link_to&quot;:&quot;file&quot;,&quot;aspect_ratio&quot;:&quot;3:2&quot;,&quot;overlay_background&quot;:&quot;yes&quot;,&quot;content_hover_animation&quot;:&quot;fade-in&quot;}\" data-widget_type=\"gallery.default\">\n\t\t\t\t<div class=\"elementor-widget-container\">\n\t\t\t\t\t<div class=\"elementor-gallery__container\">\n\t\t\t\t\t\t\t<a class=\"e-gallery-item elementor-gallery-item elementor-animated-content\" href=\"https:\/\/visitdistrikt.rs\/media\/2024\/10\/V.Velickovic-Oct05-012.jpg\" data-elementor-open-lightbox=\"yes\" data-elementor-lightbox-slideshow=\"5f39677\" data-e-action-hash=\"#elementor-action%3Aaction%3Dlightbox%26settings%3DeyJpZCI6NDk0NjcsInVybCI6Imh0dHBzOlwvXC92aXNpdGRpc3RyaWt0LnJzXC9tZWRpYVwvMjAyNFwvMTBcL1YuVmVsaWNrb3ZpYy1PY3QwNS0wMTIuanBnIiwic2xpZGVzaG93IjoiNWYzOTY3NyJ9\">\n\t\t\t\t\t<div class=\"e-gallery-image elementor-gallery-item__image\" data-thumbnail=\"https:\/\/visitdistrikt.rs\/media\/2024\/10\/V.Velickovic-Oct05-012-300x200.jpg\" data-width=\"300\" data-height=\"200\" aria-label=\"\" role=\"img\" ><\/div>\n\t\t\t\t\t\t\t\t\t\t\t<div class=\"elementor-gallery-item__overlay\"><\/div>\n\t\t\t\t\t\t\t\t\t\t\t\t\t\t<\/a>\n\t\t\t\t\t\t\t<a class=\"e-gallery-item elementor-gallery-item elementor-animated-content\" href=\"https:\/\/visitdistrikt.rs\/media\/2024\/10\/PBL_9280-scaled.jpg\" data-elementor-open-lightbox=\"yes\" data-elementor-lightbox-slideshow=\"5f39677\" data-e-action-hash=\"#elementor-action%3Aaction%3Dlightbox%26settings%3DeyJpZCI6NDk0NTksInVybCI6Imh0dHBzOlwvXC92aXNpdGRpc3RyaWt0LnJzXC9tZWRpYVwvMjAyNFwvMTBcL1BCTF85MjgwLXNjYWxlZC5qcGciLCJzbGlkZXNob3ciOiI1ZjM5Njc3In0%3D\">\n\t\t\t\t\t<div class=\"e-gallery-image elementor-gallery-item__image\" data-thumbnail=\"https:\/\/visitdistrikt.rs\/media\/2024\/10\/PBL_9280-300x200.jpg\" data-width=\"300\" data-height=\"200\" aria-label=\"\" role=\"img\" ><\/div>\n\t\t\t\t\t\t\t\t\t\t\t<div class=\"elementor-gallery-item__overlay\"><\/div>\n\t\t\t\t\t\t\t\t\t\t\t\t\t\t<\/a>\n\t\t\t\t\t\t\t<a class=\"e-gallery-item elementor-gallery-item elementor-animated-content\" href=\"https:\/\/visitdistrikt.rs\/media\/2024\/10\/V.Velickovic-Oct06-008.jpg\" data-elementor-open-lightbox=\"yes\" data-elementor-lightbox-slideshow=\"5f39677\" data-e-action-hash=\"#elementor-action%3Aaction%3Dlightbox%26settings%3DeyJpZCI6NDk0ODcsInVybCI6Imh0dHBzOlwvXC92aXNpdGRpc3RyaWt0LnJzXC9tZWRpYVwvMjAyNFwvMTBcL1YuVmVsaWNrb3ZpYy1PY3QwNi0wMDguanBnIiwic2xpZGVzaG93IjoiNWYzOTY3NyJ9\">\n\t\t\t\t\t<div class=\"e-gallery-image elementor-gallery-item__image\" data-thumbnail=\"https:\/\/visitdistrikt.rs\/media\/2024\/10\/V.Velickovic-Oct06-008-300x200.jpg\" data-width=\"300\" data-height=\"200\" aria-label=\"\" role=\"img\" ><\/div>\n\t\t\t\t\t\t\t\t\t\t\t<div class=\"elementor-gallery-item__overlay\"><\/div>\n\t\t\t\t\t\t\t\t\t\t\t\t\t\t<\/a>\n\t\t\t\t\t\t\t<a class=\"e-gallery-item elementor-gallery-item elementor-animated-content\" href=\"https:\/\/visitdistrikt.rs\/media\/2024\/10\/V.Velickovic-Oct06-010.jpg\" data-elementor-open-lightbox=\"yes\" data-elementor-lightbox-slideshow=\"5f39677\" data-e-action-hash=\"#elementor-action%3Aaction%3Dlightbox%26settings%3DeyJpZCI6NDk0ODksInVybCI6Imh0dHBzOlwvXC92aXNpdGRpc3RyaWt0LnJzXC9tZWRpYVwvMjAyNFwvMTBcL1YuVmVsaWNrb3ZpYy1PY3QwNi0wMTAuanBnIiwic2xpZGVzaG93IjoiNWYzOTY3NyJ9\">\n\t\t\t\t\t<div class=\"e-gallery-image elementor-gallery-item__image\" data-thumbnail=\"https:\/\/visitdistrikt.rs\/media\/2024\/10\/V.Velickovic-Oct06-010-300x200.jpg\" data-width=\"300\" data-height=\"200\" aria-label=\"\" role=\"img\" ><\/div>\n\t\t\t\t\t\t\t\t\t\t\t<div class=\"elementor-gallery-item__overlay\"><\/div>\n\t\t\t\t\t\t\t\t\t\t\t\t\t\t<\/a>\n\t\t\t\t\t\t\t<a class=\"e-gallery-item elementor-gallery-item elementor-animated-content\" href=\"https:\/\/visitdistrikt.rs\/media\/2024\/10\/V.Velickovic-Oct05-002.jpg\" data-elementor-open-lightbox=\"yes\" data-elementor-lightbox-slideshow=\"5f39677\" data-e-action-hash=\"#elementor-action%3Aaction%3Dlightbox%26settings%3DeyJpZCI6NDk0NjEsInVybCI6Imh0dHBzOlwvXC92aXNpdGRpc3RyaWt0LnJzXC9tZWRpYVwvMjAyNFwvMTBcL1YuVmVsaWNrb3ZpYy1PY3QwNS0wMDIuanBnIiwic2xpZGVzaG93IjoiNWYzOTY3NyJ9\">\n\t\t\t\t\t<div class=\"e-gallery-image elementor-gallery-item__image\" data-thumbnail=\"https:\/\/visitdistrikt.rs\/media\/2024\/10\/V.Velickovic-Oct05-002-300x200.jpg\" data-width=\"300\" data-height=\"200\" aria-label=\"\" role=\"img\" ><\/div>\n\t\t\t\t\t\t\t\t\t\t\t<div class=\"elementor-gallery-item__overlay\"><\/div>\n\t\t\t\t\t\t\t\t\t\t\t\t\t\t<\/a>\n\t\t\t\t\t\t\t<a class=\"e-gallery-item elementor-gallery-item elementor-animated-content\" href=\"https:\/\/visitdistrikt.rs\/media\/2024\/10\/V.Velickovic-Oct05-003.jpg\" data-elementor-open-lightbox=\"yes\" data-elementor-lightbox-slideshow=\"5f39677\" data-e-action-hash=\"#elementor-action%3Aaction%3Dlightbox%26settings%3DeyJpZCI6NDk0NjMsInVybCI6Imh0dHBzOlwvXC92aXNpdGRpc3RyaWt0LnJzXC9tZWRpYVwvMjAyNFwvMTBcL1YuVmVsaWNrb3ZpYy1PY3QwNS0wMDMuanBnIiwic2xpZGVzaG93IjoiNWYzOTY3NyJ9\">\n\t\t\t\t\t<div class=\"e-gallery-image elementor-gallery-item__image\" data-thumbnail=\"https:\/\/visitdistrikt.rs\/media\/2024\/10\/V.Velickovic-Oct05-003-300x200.jpg\" data-width=\"300\" data-height=\"200\" aria-label=\"\" role=\"img\" ><\/div>\n\t\t\t\t\t\t\t\t\t\t\t<div class=\"elementor-gallery-item__overlay\"><\/div>\n\t\t\t\t\t\t\t\t\t\t\t\t\t\t<\/a>\n\t\t\t\t\t\t\t<a class=\"e-gallery-item elementor-gallery-item elementor-animated-content\" href=\"https:\/\/visitdistrikt.rs\/media\/2024\/10\/V.Velickovic-Oct05-007.jpg\" data-elementor-open-lightbox=\"yes\" data-elementor-lightbox-slideshow=\"5f39677\" data-e-action-hash=\"#elementor-action%3Aaction%3Dlightbox%26settings%3DeyJpZCI6NDk0NjUsInVybCI6Imh0dHBzOlwvXC92aXNpdGRpc3RyaWt0LnJzXC9tZWRpYVwvMjAyNFwvMTBcL1YuVmVsaWNrb3ZpYy1PY3QwNS0wMDcuanBnIiwic2xpZGVzaG93IjoiNWYzOTY3NyJ9\">\n\t\t\t\t\t<div class=\"e-gallery-image elementor-gallery-item__image\" data-thumbnail=\"https:\/\/visitdistrikt.rs\/media\/2024\/10\/V.Velickovic-Oct05-007-300x200.jpg\" data-width=\"300\" data-height=\"200\" aria-label=\"\" role=\"img\" ><\/div>\n\t\t\t\t\t\t\t\t\t\t\t<div class=\"elementor-gallery-item__overlay\"><\/div>\n\t\t\t\t\t\t\t\t\t\t\t\t\t\t<\/a>\n\t\t\t\t\t\t\t<a class=\"e-gallery-item elementor-gallery-item elementor-animated-content\" href=\"https:\/\/visitdistrikt.rs\/media\/2024\/10\/PBL_9212-scaled.jpg\" data-elementor-open-lightbox=\"yes\" data-elementor-lightbox-slideshow=\"5f39677\" data-e-action-hash=\"#elementor-action%3Aaction%3Dlightbox%26settings%3DeyJpZCI6NDk0OTMsInVybCI6Imh0dHBzOlwvXC92aXNpdGRpc3RyaWt0LnJzXC9tZWRpYVwvMjAyNFwvMTBcL1BCTF85MjEyLXNjYWxlZC5qcGciLCJzbGlkZXNob3ciOiI1ZjM5Njc3In0%3D\">\n\t\t\t\t\t<div class=\"e-gallery-image elementor-gallery-item__image\" data-thumbnail=\"https:\/\/visitdistrikt.rs\/media\/2024\/10\/PBL_9212-300x200.jpg\" data-width=\"300\" data-height=\"200\" aria-label=\"\" role=\"img\" ><\/div>\n\t\t\t\t\t\t\t\t\t\t\t<div class=\"elementor-gallery-item__overlay\"><\/div>\n\t\t\t\t\t\t\t\t\t\t\t\t\t\t<\/a>\n\t\t\t\t\t\t\t<a class=\"e-gallery-item elementor-gallery-item elementor-animated-content\" href=\"https:\/\/visitdistrikt.rs\/media\/2024\/10\/V.Velickovic-Oct05-013.jpg\" data-elementor-open-lightbox=\"yes\" data-elementor-lightbox-slideshow=\"5f39677\" data-e-action-hash=\"#elementor-action%3Aaction%3Dlightbox%26settings%3DeyJpZCI6NDk0NjksInVybCI6Imh0dHBzOlwvXC92aXNpdGRpc3RyaWt0LnJzXC9tZWRpYVwvMjAyNFwvMTBcL1YuVmVsaWNrb3ZpYy1PY3QwNS0wMTMuanBnIiwic2xpZGVzaG93IjoiNWYzOTY3NyJ9\">\n\t\t\t\t\t<div class=\"e-gallery-image elementor-gallery-item__image\" data-thumbnail=\"https:\/\/visitdistrikt.rs\/media\/2024\/10\/V.Velickovic-Oct05-013-300x200.jpg\" data-width=\"300\" data-height=\"200\" aria-label=\"\" role=\"img\" ><\/div>\n\t\t\t\t\t\t\t\t\t\t\t<div class=\"elementor-gallery-item__overlay\"><\/div>\n\t\t\t\t\t\t\t\t\t\t\t\t\t\t<\/a>\n\t\t\t\t\t\t\t<a class=\"e-gallery-item elementor-gallery-item elementor-animated-content\" href=\"https:\/\/visitdistrikt.rs\/media\/2024\/10\/V.Velickovic-Oct05-031.jpg\" data-elementor-open-lightbox=\"yes\" data-elementor-lightbox-slideshow=\"5f39677\" data-e-action-hash=\"#elementor-action%3Aaction%3Dlightbox%26settings%3DeyJpZCI6NDk0NzksInVybCI6Imh0dHBzOlwvXC92aXNpdGRpc3RyaWt0LnJzXC9tZWRpYVwvMjAyNFwvMTBcL1YuVmVsaWNrb3ZpYy1PY3QwNS0wMzEuanBnIiwic2xpZGVzaG93IjoiNWYzOTY3NyJ9\">\n\t\t\t\t\t<div class=\"e-gallery-image elementor-gallery-item__image\" data-thumbnail=\"https:\/\/visitdistrikt.rs\/media\/2024\/10\/V.Velickovic-Oct05-031-300x200.jpg\" data-width=\"300\" data-height=\"200\" aria-label=\"\" role=\"img\" ><\/div>\n\t\t\t\t\t\t\t\t\t\t\t<div class=\"elementor-gallery-item__overlay\"><\/div>\n\t\t\t\t\t\t\t\t\t\t\t\t\t\t<\/a>\n\t\t\t\t\t\t\t<a class=\"e-gallery-item elementor-gallery-item elementor-animated-content\" href=\"https:\/\/visitdistrikt.rs\/media\/2024\/10\/V.Velickovic-Oct05-016.jpg\" data-elementor-open-lightbox=\"yes\" data-elementor-lightbox-slideshow=\"5f39677\" data-e-action-hash=\"#elementor-action%3Aaction%3Dlightbox%26settings%3DeyJpZCI6NDk0NzEsInVybCI6Imh0dHBzOlwvXC92aXNpdGRpc3RyaWt0LnJzXC9tZWRpYVwvMjAyNFwvMTBcL1YuVmVsaWNrb3ZpYy1PY3QwNS0wMTYuanBnIiwic2xpZGVzaG93IjoiNWYzOTY3NyJ9\">\n\t\t\t\t\t<div class=\"e-gallery-image elementor-gallery-item__image\" data-thumbnail=\"https:\/\/visitdistrikt.rs\/media\/2024\/10\/V.Velickovic-Oct05-016-300x200.jpg\" data-width=\"300\" data-height=\"200\" aria-label=\"\" role=\"img\" ><\/div>\n\t\t\t\t\t\t\t\t\t\t\t<div class=\"elementor-gallery-item__overlay\"><\/div>\n\t\t\t\t\t\t\t\t\t\t\t\t\t\t<\/a>\n\t\t\t\t\t\t\t<a class=\"e-gallery-item elementor-gallery-item elementor-animated-content\" href=\"https:\/\/visitdistrikt.rs\/media\/2024\/10\/V.Velickovic-Oct05-019.jpg\" data-elementor-open-lightbox=\"yes\" data-elementor-lightbox-slideshow=\"5f39677\" data-e-action-hash=\"#elementor-action%3Aaction%3Dlightbox%26settings%3DeyJpZCI6NDk0NzMsInVybCI6Imh0dHBzOlwvXC92aXNpdGRpc3RyaWt0LnJzXC9tZWRpYVwvMjAyNFwvMTBcL1YuVmVsaWNrb3ZpYy1PY3QwNS0wMTkuanBnIiwic2xpZGVzaG93IjoiNWYzOTY3NyJ9\">\n\t\t\t\t\t<div class=\"e-gallery-image elementor-gallery-item__image\" data-thumbnail=\"https:\/\/visitdistrikt.rs\/media\/2024\/10\/V.Velickovic-Oct05-019-300x200.jpg\" data-width=\"300\" data-height=\"200\" aria-label=\"\" role=\"img\" ><\/div>\n\t\t\t\t\t\t\t\t\t\t\t<div class=\"elementor-gallery-item__overlay\"><\/div>\n\t\t\t\t\t\t\t\t\t\t\t\t\t\t<\/a>\n\t\t\t\t\t\t\t<a class=\"e-gallery-item elementor-gallery-item elementor-animated-content\" href=\"https:\/\/visitdistrikt.rs\/media\/2024\/10\/V.Velickovic-Oct06-004.jpg\" data-elementor-open-lightbox=\"yes\" data-elementor-lightbox-slideshow=\"5f39677\" data-e-action-hash=\"#elementor-action%3Aaction%3Dlightbox%26settings%3DeyJpZCI6NDk0ODUsInVybCI6Imh0dHBzOlwvXC92aXNpdGRpc3RyaWt0LnJzXC9tZWRpYVwvMjAyNFwvMTBcL1YuVmVsaWNrb3ZpYy1PY3QwNi0wMDQuanBnIiwic2xpZGVzaG93IjoiNWYzOTY3NyJ9\">\n\t\t\t\t\t<div class=\"e-gallery-image elementor-gallery-item__image\" data-thumbnail=\"https:\/\/visitdistrikt.rs\/media\/2024\/10\/V.Velickovic-Oct06-004-300x200.jpg\" data-width=\"300\" data-height=\"200\" aria-label=\"\" role=\"img\" ><\/div>\n\t\t\t\t\t\t\t\t\t\t\t<div class=\"elementor-gallery-item__overlay\"><\/div>\n\t\t\t\t\t\t\t\t\t\t\t\t\t\t<\/a>\n\t\t\t\t\t\t\t<a class=\"e-gallery-item elementor-gallery-item elementor-animated-content\" href=\"https:\/\/visitdistrikt.rs\/media\/2024\/10\/V.Velickovic-Oct06-002.jpg\" data-elementor-open-lightbox=\"yes\" data-elementor-lightbox-slideshow=\"5f39677\" data-e-action-hash=\"#elementor-action%3Aaction%3Dlightbox%26settings%3DeyJpZCI6NDk0ODMsInVybCI6Imh0dHBzOlwvXC92aXNpdGRpc3RyaWt0LnJzXC9tZWRpYVwvMjAyNFwvMTBcL1YuVmVsaWNrb3ZpYy1PY3QwNi0wMDIuanBnIiwic2xpZGVzaG93IjoiNWYzOTY3NyJ9\">\n\t\t\t\t\t<div class=\"e-gallery-image elementor-gallery-item__image\" data-thumbnail=\"https:\/\/visitdistrikt.rs\/media\/2024\/10\/V.Velickovic-Oct06-002-300x200.jpg\" data-width=\"300\" data-height=\"200\" aria-label=\"\" role=\"img\" ><\/div>\n\t\t\t\t\t\t\t\t\t\t\t<div class=\"elementor-gallery-item__overlay\"><\/div>\n\t\t\t\t\t\t\t\t\t\t\t\t\t\t<\/a>\n\t\t\t\t\t\t\t<a class=\"e-gallery-item elementor-gallery-item elementor-animated-content\" href=\"https:\/\/visitdistrikt.rs\/media\/2024\/10\/V.Velickovic-Oct05-021.jpg\" data-elementor-open-lightbox=\"yes\" data-elementor-lightbox-slideshow=\"5f39677\" data-e-action-hash=\"#elementor-action%3Aaction%3Dlightbox%26settings%3DeyJpZCI6NDk0NzUsInVybCI6Imh0dHBzOlwvXC92aXNpdGRpc3RyaWt0LnJzXC9tZWRpYVwvMjAyNFwvMTBcL1YuVmVsaWNrb3ZpYy1PY3QwNS0wMjEuanBnIiwic2xpZGVzaG93IjoiNWYzOTY3NyJ9\">\n\t\t\t\t\t<div class=\"e-gallery-image elementor-gallery-item__image\" data-thumbnail=\"https:\/\/visitdistrikt.rs\/media\/2024\/10\/V.Velickovic-Oct05-021-300x200.jpg\" data-width=\"300\" data-height=\"200\" aria-label=\"\" role=\"img\" ><\/div>\n\t\t\t\t\t\t\t\t\t\t\t<div class=\"elementor-gallery-item__overlay\"><\/div>\n\t\t\t\t\t\t\t\t\t\t\t\t\t\t<\/a>\n\t\t\t\t\t\t\t<a class=\"e-gallery-item elementor-gallery-item elementor-animated-content\" href=\"https:\/\/visitdistrikt.rs\/media\/2024\/10\/V.Velickovic-Oct05-027.jpg\" data-elementor-open-lightbox=\"yes\" data-elementor-lightbox-slideshow=\"5f39677\" data-e-action-hash=\"#elementor-action%3Aaction%3Dlightbox%26settings%3DeyJpZCI6NDk0NzcsInVybCI6Imh0dHBzOlwvXC92aXNpdGRpc3RyaWt0LnJzXC9tZWRpYVwvMjAyNFwvMTBcL1YuVmVsaWNrb3ZpYy1PY3QwNS0wMjcuanBnIiwic2xpZGVzaG93IjoiNWYzOTY3NyJ9\">\n\t\t\t\t\t<div class=\"e-gallery-image elementor-gallery-item__image\" data-thumbnail=\"https:\/\/visitdistrikt.rs\/media\/2024\/10\/V.Velickovic-Oct05-027-300x200.jpg\" data-width=\"300\" data-height=\"200\" aria-label=\"\" role=\"img\" ><\/div>\n\t\t\t\t\t\t\t\t\t\t\t<div class=\"elementor-gallery-item__overlay\"><\/div>\n\t\t\t\t\t\t\t\t\t\t\t\t\t\t<\/a>\n\t\t\t\t\t\t\t<a class=\"e-gallery-item elementor-gallery-item elementor-animated-content\" href=\"https:\/\/visitdistrikt.rs\/media\/2024\/10\/V.Velickovic-Oct05-032.jpg\" data-elementor-open-lightbox=\"yes\" data-elementor-lightbox-slideshow=\"5f39677\" data-e-action-hash=\"#elementor-action%3Aaction%3Dlightbox%26settings%3DeyJpZCI6NDk0ODEsInVybCI6Imh0dHBzOlwvXC92aXNpdGRpc3RyaWt0LnJzXC9tZWRpYVwvMjAyNFwvMTBcL1YuVmVsaWNrb3ZpYy1PY3QwNS0wMzIuanBnIiwic2xpZGVzaG93IjoiNWYzOTY3NyJ9\">\n\t\t\t\t\t<div class=\"e-gallery-image elementor-gallery-item__image\" data-thumbnail=\"https:\/\/visitdistrikt.rs\/media\/2024\/10\/V.Velickovic-Oct05-032-300x200.jpg\" data-width=\"300\" data-height=\"200\" aria-label=\"\" role=\"img\" ><\/div>\n\t\t\t\t\t\t\t\t\t\t\t<div class=\"elementor-gallery-item__overlay\"><\/div>\n\t\t\t\t\t\t\t\t\t\t\t\t\t\t<\/a>\n\t\t\t\t\t\t\t<a class=\"e-gallery-item elementor-gallery-item elementor-animated-content\" href=\"https:\/\/visitdistrikt.rs\/media\/2024\/10\/V.Velickovic-Oct06-017.jpg\" data-elementor-open-lightbox=\"yes\" data-elementor-lightbox-slideshow=\"5f39677\" data-e-action-hash=\"#elementor-action%3Aaction%3Dlightbox%26settings%3DeyJpZCI6NDk0OTEsInVybCI6Imh0dHBzOlwvXC92aXNpdGRpc3RyaWt0LnJzXC9tZWRpYVwvMjAyNFwvMTBcL1YuVmVsaWNrb3ZpYy1PY3QwNi0wMTcuanBnIiwic2xpZGVzaG93IjoiNWYzOTY3NyJ9\">\n\t\t\t\t\t<div class=\"e-gallery-image elementor-gallery-item__image\" data-thumbnail=\"https:\/\/visitdistrikt.rs\/media\/2024\/10\/V.Velickovic-Oct06-017-300x200.jpg\" data-width=\"300\" data-height=\"200\" aria-label=\"\" role=\"img\" ><\/div>\n\t\t\t\t\t\t\t\t\t\t\t<div class=\"elementor-gallery-item__overlay\"><\/div>\n\t\t\t\t\t\t\t\t\t\t\t\t\t\t<\/a>\n\t\t\t\t\t<\/div>\n\t\t\t<\/div>\n\t\t\t\t<\/div>\n\t\t\t\t\t<\/div>\n\t\t<\/div>\n\t\t\t\t\t<\/div>\n\t\t<\/section>\n\t\t\t\t<section class=\"elementor-section elementor-top-section elementor-element elementor-element-13343ed elementor-section-boxed elementor-section-height-default elementor-section-height-default\" data-id=\"13343ed\" data-element_type=\"section\">\n\t\t\t\t\t\t<div class=\"elementor-container elementor-column-gap-default\">\n\t\t\t\t\t<div class=\"elementor-column elementor-col-100 elementor-top-column elementor-element elementor-element-88fdeb9\" data-id=\"88fdeb9\" data-element_type=\"column\">\n\t\t\t<div class=\"elementor-widget-wrap elementor-element-populated\">\n\t\t\t\t\t\t<div class=\"elementor-element elementor-element-712bdb3 elementor-widget elementor-widget-video\" data-id=\"712bdb3\" data-element_type=\"widget\" data-settings=\"{&quot;youtube_url&quot;:&quot;https:\\\/\\\/www.youtube.com\\\/watch?v=fK_GaIfGkTI&quot;,&quot;video_type&quot;:&quot;youtube&quot;,&quot;controls&quot;:&quot;yes&quot;}\" data-widget_type=\"video.default\">\n\t\t\t\t<div class=\"elementor-widget-container\">\n\t\t\t\t\t<div class=\"elementor-wrapper elementor-open-inline\">\n\t\t\t<div class=\"elementor-video\"><\/div>\t\t<\/div>\n\t\t\t\t<\/div>\n\t\t\t\t<\/div>\n\t\t\t\t\t<\/div>\n\t\t<\/div>\n\t\t\t\t\t<\/div>\n\t\t<\/section>\n\t\t\t\t<section class=\"elementor-section elementor-top-section elementor-element elementor-element-c86fa04 elementor-section-boxed elementor-section-height-default elementor-section-height-default\" data-id=\"c86fa04\" data-element_type=\"section\">\n\t\t\t\t\t\t<div class=\"elementor-container elementor-column-gap-default\">\n\t\t\t\t\t<div class=\"elementor-column elementor-col-100 elementor-top-column elementor-element elementor-element-a8ad2bd\" data-id=\"a8ad2bd\" data-element_type=\"column\">\n\t\t\t<div class=\"elementor-widget-wrap elementor-element-populated\">\n\t\t\t\t\t\t<div class=\"elementor-element elementor-element-0d26cfc elementor-widget elementor-widget-text-editor\" data-id=\"0d26cfc\" data-element_type=\"widget\" data-widget_type=\"text-editor.default\">\n\t\t\t\t<div class=\"elementor-widget-container\">\n\t\t\t\t\t\t\t<p><strong>Photo:<\/strong> Vladimir Veli\u010dkovi\u0107, Sr\u0111an Doro\u0161ki<\/p>\t\t\t\t\t\t<\/div>\n\t\t\t\t<\/div>\n\t\t\t\t\t<\/div>\n\t\t<\/div>\n\t\t\t\t\t<\/div>\n\t\t<\/section>\n\t\t\t\t<\/div>\n\t\t","protected":false},"excerpt":{"rendered":"<p>The seventh Kaleidoscope of Culture in Novi Sad ended with Visual Arts Week, which turned the Novi Sad District into the centre of the Yugoslav Black Wave. The final week of one of the most significant art gatherings in this part of Europe was dedicated to the most awarded and, at the same time, most [&hellip;]<\/p>\n","protected":false},"author":9,"featured_media":49502,"comment_status":"closed","ping_status":"closed","sticky":false,"template":"","format":"standard","meta":{"footnotes":"","_links_to":"","_links_to_target":""},"categories":[1013,305],"tags":[],"yoast_head":"<!-- This site is optimized with the Yoast SEO plugin v22.4 - https:\/\/yoast.com\/wordpress\/plugins\/seo\/ -->\n<title>PHOTO\/VIDEO: The Darkest Wave in the District! - Visit Distrikt Novi Sad<\/title>\n<meta name=\"robots\" content=\"index, follow, max-snippet:-1, max-image-preview:large, max-video-preview:-1\" \/>\n<link rel=\"canonical\" href=\"https:\/\/visitdistrikt.rs\/en\/2024\/10\/09\/photo-video-the-darkest-wave-in-the-district\/\" \/>\n<meta property=\"og:locale\" content=\"en_US\" \/>\n<meta property=\"og:type\" content=\"article\" \/>\n<meta property=\"og:title\" content=\"PHOTO\/VIDEO: The Darkest Wave in the District! - Visit Distrikt Novi Sad\" \/>\n<meta property=\"og:description\" content=\"The seventh Kaleidoscope of Culture in Novi Sad ended with Visual Arts Week, which turned the Novi Sad District into the centre of the Yugoslav Black Wave. The final week of one of the most significant art gatherings in this part of Europe was dedicated to the most awarded and, at the same time, most [&hellip;]\" \/>\n<meta property=\"og:url\" content=\"https:\/\/visitdistrikt.rs\/en\/2024\/10\/09\/photo-video-the-darkest-wave-in-the-district\/\" \/>\n<meta property=\"og:site_name\" content=\"Visit Distrikt Novi Sad\" \/>\n<meta property=\"article:published_time\" content=\"2024-10-09T11:55:54+00:00\" \/>\n<meta property=\"article:modified_time\" content=\"2024-10-09T11:56:36+00:00\" \/>\n<meta property=\"og:image\" content=\"https:\/\/visitdistrikt.rs\/media\/2024\/10\/Untitled-design-2024-10-07T103737.874.jpg\" \/>\n\t<meta property=\"og:image:width\" content=\"1900\" \/>\n\t<meta property=\"og:image:height\" content=\"577\" \/>\n\t<meta property=\"og:image:type\" content=\"image\/jpeg\" \/>\n<meta name=\"author\" content=\"Marina Mari\u0107\" \/>\n<meta name=\"twitter:card\" content=\"summary_large_image\" \/>\n<meta name=\"twitter:label1\" content=\"Written by\" \/>\n\t<meta name=\"twitter:data1\" content=\"Marina Mari\u0107\" \/>\n\t<meta name=\"twitter:label2\" content=\"Est. reading time\" \/>\n\t<meta name=\"twitter:data2\" content=\"1 minute\" \/>\n<script type=\"application\/ld+json\" class=\"yoast-schema-graph\">{\"@context\":\"https:\/\/schema.org\",\"@graph\":[{\"@type\":\"WebPage\",\"@id\":\"https:\/\/visitdistrikt.rs\/en\/2024\/10\/09\/photo-video-the-darkest-wave-in-the-district\/\",\"url\":\"https:\/\/visitdistrikt.rs\/en\/2024\/10\/09\/photo-video-the-darkest-wave-in-the-district\/\",\"name\":\"PHOTO\/VIDEO: The Darkest Wave in the District! - Visit Distrikt Novi Sad\",\"isPartOf\":{\"@id\":\"https:\/\/visitdistrikt.rs\/#website\"},\"primaryImageOfPage\":{\"@id\":\"https:\/\/visitdistrikt.rs\/en\/2024\/10\/09\/photo-video-the-darkest-wave-in-the-district\/#primaryimage\"},\"image\":{\"@id\":\"https:\/\/visitdistrikt.rs\/en\/2024\/10\/09\/photo-video-the-darkest-wave-in-the-district\/#primaryimage\"},\"thumbnailUrl\":\"https:\/\/visitdistrikt.rs\/media\/2024\/10\/Untitled-design-2024-10-07T103737.874.jpg\",\"datePublished\":\"2024-10-09T11:55:54+00:00\",\"dateModified\":\"2024-10-09T11:56:36+00:00\",\"author\":{\"@id\":\"https:\/\/visitdistrikt.rs\/#\/schema\/person\/b61f641548853605bef6b1ae7ca8aaa9\"},\"breadcrumb\":{\"@id\":\"https:\/\/visitdistrikt.rs\/en\/2024\/10\/09\/photo-video-the-darkest-wave-in-the-district\/#breadcrumb\"},\"inLanguage\":\"en-US\",\"potentialAction\":[{\"@type\":\"ReadAction\",\"target\":[\"https:\/\/visitdistrikt.rs\/en\/2024\/10\/09\/photo-video-the-darkest-wave-in-the-district\/\"]}]},{\"@type\":\"ImageObject\",\"inLanguage\":\"en-US\",\"@id\":\"https:\/\/visitdistrikt.rs\/en\/2024\/10\/09\/photo-video-the-darkest-wave-in-the-district\/#primaryimage\",\"url\":\"https:\/\/visitdistrikt.rs\/media\/2024\/10\/Untitled-design-2024-10-07T103737.874.jpg\",\"contentUrl\":\"https:\/\/visitdistrikt.rs\/media\/2024\/10\/Untitled-design-2024-10-07T103737.874.jpg\",\"width\":1900,\"height\":577},{\"@type\":\"BreadcrumbList\",\"@id\":\"https:\/\/visitdistrikt.rs\/en\/2024\/10\/09\/photo-video-the-darkest-wave-in-the-district\/#breadcrumb\",\"itemListElement\":[{\"@type\":\"ListItem\",\"position\":1,\"name\":\"Home\",\"item\":\"https:\/\/visitdistrikt.rs\/en\/\"},{\"@type\":\"ListItem\",\"position\":2,\"name\":\"PHOTO\/VIDEO: The Darkest Wave in the District!\"}]},{\"@type\":\"WebSite\",\"@id\":\"https:\/\/visitdistrikt.rs\/#website\",\"url\":\"https:\/\/visitdistrikt.rs\/\",\"name\":\"Visit Distrikt Novi Sad\",\"description\":\"Novi Sad\",\"potentialAction\":[{\"@type\":\"SearchAction\",\"target\":{\"@type\":\"EntryPoint\",\"urlTemplate\":\"https:\/\/visitdistrikt.rs\/?s={search_term_string}\"},\"query-input\":\"required name=search_term_string\"}],\"inLanguage\":\"en-US\"},{\"@type\":\"Person\",\"@id\":\"https:\/\/visitdistrikt.rs\/#\/schema\/person\/b61f641548853605bef6b1ae7ca8aaa9\",\"name\":\"Marina Mari\u0107\",\"image\":{\"@type\":\"ImageObject\",\"inLanguage\":\"en-US\",\"@id\":\"https:\/\/visitdistrikt.rs\/#\/schema\/person\/image\/\",\"url\":\"https:\/\/secure.gravatar.com\/avatar\/aeec6fdfa57d2ba44680b29ea83001c6?s=96&d=mm&r=g\",\"contentUrl\":\"https:\/\/secure.gravatar.com\/avatar\/aeec6fdfa57d2ba44680b29ea83001c6?s=96&d=mm&r=g\",\"caption\":\"Marina Mari\u0107\"},\"sameAs\":[\"https:\/\/visitdistrikt.rs\"]}]}<\/script>\n<!-- \/ Yoast SEO plugin. -->","yoast_head_json":{"title":"PHOTO\/VIDEO: The Darkest Wave in the District! - Visit Distrikt Novi Sad","robots":{"index":"index","follow":"follow","max-snippet":"max-snippet:-1","max-image-preview":"max-image-preview:large","max-video-preview":"max-video-preview:-1"},"canonical":"https:\/\/visitdistrikt.rs\/en\/2024\/10\/09\/photo-video-the-darkest-wave-in-the-district\/","og_locale":"en_US","og_type":"article","og_title":"PHOTO\/VIDEO: The Darkest Wave in the District! - Visit Distrikt Novi Sad","og_description":"The seventh Kaleidoscope of Culture in Novi Sad ended with Visual Arts Week, which turned the Novi Sad District into the centre of the Yugoslav Black Wave. The final week of one of the most significant art gatherings in this part of Europe was dedicated to the most awarded and, at the same time, most [&hellip;]","og_url":"https:\/\/visitdistrikt.rs\/en\/2024\/10\/09\/photo-video-the-darkest-wave-in-the-district\/","og_site_name":"Visit Distrikt Novi Sad","article_published_time":"2024-10-09T11:55:54+00:00","article_modified_time":"2024-10-09T11:56:36+00:00","og_image":[{"width":1900,"height":577,"url":"https:\/\/visitdistrikt.rs\/media\/2024\/10\/Untitled-design-2024-10-07T103737.874.jpg","type":"image\/jpeg"}],"author":"Marina Mari\u0107","twitter_card":"summary_large_image","twitter_misc":{"Written by":"Marina Mari\u0107","Est. reading time":"1 minute"},"schema":{"@context":"https:\/\/schema.org","@graph":[{"@type":"WebPage","@id":"https:\/\/visitdistrikt.rs\/en\/2024\/10\/09\/photo-video-the-darkest-wave-in-the-district\/","url":"https:\/\/visitdistrikt.rs\/en\/2024\/10\/09\/photo-video-the-darkest-wave-in-the-district\/","name":"PHOTO\/VIDEO: The Darkest Wave in the District! - Visit Distrikt Novi Sad","isPartOf":{"@id":"https:\/\/visitdistrikt.rs\/#website"},"primaryImageOfPage":{"@id":"https:\/\/visitdistrikt.rs\/en\/2024\/10\/09\/photo-video-the-darkest-wave-in-the-district\/#primaryimage"},"image":{"@id":"https:\/\/visitdistrikt.rs\/en\/2024\/10\/09\/photo-video-the-darkest-wave-in-the-district\/#primaryimage"},"thumbnailUrl":"https:\/\/visitdistrikt.rs\/media\/2024\/10\/Untitled-design-2024-10-07T103737.874.jpg","datePublished":"2024-10-09T11:55:54+00:00","dateModified":"2024-10-09T11:56:36+00:00","author":{"@id":"https:\/\/visitdistrikt.rs\/#\/schema\/person\/b61f641548853605bef6b1ae7ca8aaa9"},"breadcrumb":{"@id":"https:\/\/visitdistrikt.rs\/en\/2024\/10\/09\/photo-video-the-darkest-wave-in-the-district\/#breadcrumb"},"inLanguage":"en-US","potentialAction":[{"@type":"ReadAction","target":["https:\/\/visitdistrikt.rs\/en\/2024\/10\/09\/photo-video-the-darkest-wave-in-the-district\/"]}]},{"@type":"ImageObject","inLanguage":"en-US","@id":"https:\/\/visitdistrikt.rs\/en\/2024\/10\/09\/photo-video-the-darkest-wave-in-the-district\/#primaryimage","url":"https:\/\/visitdistrikt.rs\/media\/2024\/10\/Untitled-design-2024-10-07T103737.874.jpg","contentUrl":"https:\/\/visitdistrikt.rs\/media\/2024\/10\/Untitled-design-2024-10-07T103737.874.jpg","width":1900,"height":577},{"@type":"BreadcrumbList","@id":"https:\/\/visitdistrikt.rs\/en\/2024\/10\/09\/photo-video-the-darkest-wave-in-the-district\/#breadcrumb","itemListElement":[{"@type":"ListItem","position":1,"name":"Home","item":"https:\/\/visitdistrikt.rs\/en\/"},{"@type":"ListItem","position":2,"name":"PHOTO\/VIDEO: The Darkest Wave in the District!"}]},{"@type":"WebSite","@id":"https:\/\/visitdistrikt.rs\/#website","url":"https:\/\/visitdistrikt.rs\/","name":"Visit Distrikt Novi Sad","description":"Novi Sad","potentialAction":[{"@type":"SearchAction","target":{"@type":"EntryPoint","urlTemplate":"https:\/\/visitdistrikt.rs\/?s={search_term_string}"},"query-input":"required name=search_term_string"}],"inLanguage":"en-US"},{"@type":"Person","@id":"https:\/\/visitdistrikt.rs\/#\/schema\/person\/b61f641548853605bef6b1ae7ca8aaa9","name":"Marina Mari\u0107","image":{"@type":"ImageObject","inLanguage":"en-US","@id":"https:\/\/visitdistrikt.rs\/#\/schema\/person\/image\/","url":"https:\/\/secure.gravatar.com\/avatar\/aeec6fdfa57d2ba44680b29ea83001c6?s=96&d=mm&r=g","contentUrl":"https:\/\/secure.gravatar.com\/avatar\/aeec6fdfa57d2ba44680b29ea83001c6?s=96&d=mm&r=g","caption":"Marina Mari\u0107"},"sameAs":["https:\/\/visitdistrikt.rs"]}]}},"_links":{"self":[{"href":"https:\/\/visitdistrikt.rs\/en\/wp-json\/wp\/v2\/posts\/49572"}],"collection":[{"href":"https:\/\/visitdistrikt.rs\/en\/wp-json\/wp\/v2\/posts"}],"about":[{"href":"https:\/\/visitdistrikt.rs\/en\/wp-json\/wp\/v2\/types\/post"}],"author":[{"embeddable":true,"href":"https:\/\/visitdistrikt.rs\/en\/wp-json\/wp\/v2\/users\/9"}],"replies":[{"embeddable":true,"href":"https:\/\/visitdistrikt.rs\/en\/wp-json\/wp\/v2\/comments?post=49572"}],"version-history":[{"count":3,"href":"https:\/\/visitdistrikt.rs\/en\/wp-json\/wp\/v2\/posts\/49572\/revisions"}],"predecessor-version":[{"id":49575,"href":"https:\/\/visitdistrikt.rs\/en\/wp-json\/wp\/v2\/posts\/49572\/revisions\/49575"}],"wp:featuredmedia":[{"embeddable":true,"href":"https:\/\/visitdistrikt.rs\/en\/wp-json\/wp\/v2\/media\/49502"}],"wp:attachment":[{"href":"https:\/\/visitdistrikt.rs\/en\/wp-json\/wp\/v2\/media?parent=49572"}],"wp:term":[{"taxonomy":"category","embeddable":true,"href":"https:\/\/visitdistrikt.rs\/en\/wp-json\/wp\/v2\/categories?post=49572"},{"taxonomy":"post_tag","embeddable":true,"href":"https:\/\/visitdistrikt.rs\/en\/wp-json\/wp\/v2\/tags?post=49572"}],"curies":[{"name":"wp","href":"https:\/\/api.w.org\/{rel}","templated":true}]}}