{"id":49692,"date":"2024-10-17T15:07:22","date_gmt":"2024-10-17T13:07:22","guid":{"rendered":"https:\/\/visitdistrikt.rs\/?p=49692"},"modified":"2024-10-17T15:07:22","modified_gmt":"2024-10-17T13:07:22","slug":"monika-bilbija-ponjavic-the-beauty-of-black-wave-films-lies-in-the-timelessness-of-their-themes","status":"publish","type":"post","link":"https:\/\/visitdistrikt.rs\/en\/2024\/10\/17\/monika-bilbija-ponjavic-the-beauty-of-black-wave-films-lies-in-the-timelessness-of-their-themes\/","title":{"rendered":"Monika Bilbija Ponjavi\u0107: The Beauty of Black Wave Films Lies in the Timelessness of Their Themes"},"content":{"rendered":"<p><span class=\"TextRun SCXW88652982 BCX0\" lang=\"SR-LATN-RS\" xml:lang=\"SR-LATN-RS\" data-contrast=\"auto\"><span class=\"NormalTextRun SpellingErrorV2Themed SCXW88652982 BCX0\">The<\/span> <span class=\"NormalTextRun SpellingErrorV2Themed SCXW88652982 BCX0\">exhibition<\/span><a href=\"https:\/\/kalendar.novisad2022.rs\/en\/events\/exhibition-darkest-wave-kaleidoscope-of-culture-2024\/\"><strong><span class=\"NormalTextRun SCXW88652982 BCX0\"> \u2019<\/span><span class=\"NormalTextRun SpellingErrorV2Themed SCXW88652982 BCX0\">The<\/span> <span class=\"NormalTextRun SpellingErrorV2Themed SCXW88652982 BCX0\">Dark<\/span><span class=\"NormalTextRun SpellingErrorV2Themed SCXW88652982 BCX0\">est<\/span> <span class=\"NormalTextRun SpellingErrorV2Themed SCXW88652982 BCX0\">Wave<\/span><span class=\"NormalTextRun SCXW88652982 BCX0\">,\u2019<\/span><\/strong><\/a> <span class=\"NormalTextRun SpellingErrorV2Themed SCXW88652982 BCX0\">p<\/span><span class=\"NormalTextRun SpellingErrorV2Themed SCXW88652982 BCX0\">art<\/span> <span class=\"NormalTextRun SpellingErrorV2Themed SCXW88652982 BCX0\">of<\/span> <span class=\"NormalTextRun SpellingErrorV2Themed SCXW88652982 BCX0\">the<\/span> <span class=\"NormalTextRun SpellingErrorV2Themed SCXW88652982 BCX0\">Kaleidoscope<\/span> <span class=\"NormalTextRun SpellingErrorV2Themed SCXW88652982 BCX0\">of<\/span> <span class=\"NormalTextRun SpellingErrorV2Themed SCXW88652982 BCX0\">Culture<\/span><span class=\"NormalTextRun SCXW88652982 BCX0\"> finale, <\/span><span class=\"NormalTextRun SpellingErrorV2Themed SCXW88652982 BCX0\">will<\/span> <span class=\"NormalTextRun SpellingErrorV2Themed SCXW88652982 BCX0\">run<\/span><span class=\"NormalTextRun SCXW88652982 BCX0\"> in <\/span><span class=\"NormalTextRun SpellingErrorV2Themed SCXW88652982 BCX0\">the<\/span> <span class=\"NormalTextRun SpellingErrorV2Themed SCXW88652982 BCX0\">District<\/span> <span class=\"NormalTextRun SpellingErrorV2Themed SCXW88652982 BCX0\">until<\/span> <span class=\"NormalTextRun SCXW88652982 BCX0\">19 <\/span><span class=\"NormalTextRun SpellingErrorV2Themed SCXW88652982 BCX0\">October<\/span><span class=\"NormalTextRun SCXW88652982 BCX0\">. <\/span><span class=\"NormalTextRun SpellingErrorV2Themed SCXW88652982 BCX0\">It<\/span> <span class=\"NormalTextRun SpellingErrorV2Themed SCXW88652982 BCX0\">offers<\/span><span class=\"NormalTextRun SCXW88652982 BCX0\"> a <\/span><span class=\"NormalTextRun SpellingErrorV2Themed SCXW88652982 BCX0\">combination<\/span> <span class=\"NormalTextRun SpellingErrorV2Themed SCXW88652982 BCX0\">of<\/span> <span class=\"NormalTextRun SpellingErrorV2Themed SCXW88652982 BCX0\">artistic<\/span> <span class=\"NormalTextRun SpellingErrorV2Themed SCXW88652982 BCX0\">exploration<\/span> <span class=\"NormalTextRun SpellingErrorV2Themed SCXW88652982 BCX0\">and<\/span><span class=\"NormalTextRun SCXW88652982 BCX0\"> a <\/span><span class=\"NormalTextRun SpellingErrorV2Themed SCXW88652982 BCX0\">fresh<\/span> <span class=\"NormalTextRun SpellingErrorV2Themed SCXW88652982 BCX0\">perspective<\/span><span class=\"NormalTextRun SCXW88652982 BCX0\"> on one <\/span><span class=\"NormalTextRun SpellingErrorV2Themed SCXW88652982 BCX0\">of<\/span> <span class=\"NormalTextRun SpellingErrorV2Themed SCXW88652982 BCX0\">the<\/span><span class=\"NormalTextRun SCXW88652982 BCX0\"> most <\/span><span class=\"NormalTextRun SpellingErrorV2Themed SCXW88652982 BCX0\">provocative<\/span> <span class=\"NormalTextRun SpellingErrorV2Themed SCXW88652982 BCX0\">eras<\/span><span class=\"NormalTextRun SCXW88652982 BCX0\"> in <\/span><span class=\"NormalTextRun SpellingErrorV2Themed SCXW88652982 BCX0\">Yugoslav<\/span> <span class=\"NormalTextRun SpellingErrorV2Themed SCXW88652982 BCX0\">cinema<\/span><span class=\"NormalTextRun SCXW88652982 BCX0\">. <\/span><span class=\"NormalTextRun SpellingErrorV2Themed SCXW88652982 BCX0\">Through<\/span> <span class=\"NormalTextRun SpellingErrorV2Themed SCXW88652982 BCX0\">new<\/span> <span class=\"NormalTextRun SpellingErrorV2Themed SCXW88652982 BCX0\">media<\/span><span class=\"NormalTextRun SCXW88652982 BCX0\"> art, <\/span><span class=\"NormalTextRun SpellingErrorV2Themed SCXW88652982 BCX0\">the<\/span> <span class=\"NormalTextRun SpellingErrorV2Themed SCXW88652982 BCX0\">exhibition<\/span> <span class=\"NormalTextRun SpellingErrorV2Themed SCXW88652982 BCX0\">not<\/span> <span class=\"NormalTextRun SpellingErrorV2Themed SCXW88652982 BCX0\">only<\/span> <span class=\"NormalTextRun SpellingErrorV2Themed SCXW88652982 BCX0\">sheds<\/span> <span class=\"NormalTextRun SpellingErrorV2Themed SCXW88652982 BCX0\">light<\/span><span class=\"NormalTextRun SCXW88652982 BCX0\"> on <\/span><span class=\"NormalTextRun SpellingErrorV2Themed SCXW88652982 BCX0\">the<\/span> <span class=\"NormalTextRun SpellingErrorV2Themed SCXW88652982 BCX0\">visual<\/span> <span class=\"NormalTextRun SpellingErrorV2Themed SCXW88652982 BCX0\">aesth<\/span><span class=\"NormalTextRun SpellingErrorV2Themed SCXW88652982 BCX0\">etics<\/span> <span class=\"NormalTextRun SpellingErrorV2Themed SCXW88652982 BCX0\">of<\/span> <span class=\"NormalTextRun SpellingErrorV2Themed SCXW88652982 BCX0\">the<\/span> <span class=\"NormalTextRun SpellingErrorV2Themed SCXW88652982 BCX0\">Black<\/span> <span class=\"NormalTextRun SpellingErrorV2Themed SCXW88652982 BCX0\">Wave<\/span><span class=\"NormalTextRun SCXW88652982 BCX0\"> but<\/span><span class=\"NormalTextRun SCXW88652982 BCX0\"> on <\/span><span class=\"NormalTextRun SpellingErrorV2Themed SCXW88652982 BCX0\">the<\/span> <span class=\"NormalTextRun SpellingErrorV2Themed SCXW88652982 BCX0\">political<\/span> <span class=\"NormalTextRun SpellingErrorV2Themed SCXW88652982 BCX0\">and<\/span> <span class=\"NormalTextRun SpellingErrorV2Themed SCXW88652982 BCX0\">social<\/span> <span class=\"NormalTextRun SpellingErrorV2Themed SCXW88652982 BCX0\">frameworks<\/span> <span class=\"NormalTextRun SpellingErrorV2Themed SCXW88652982 BCX0\">within<\/span> <span class=\"NormalTextRun SpellingErrorV2Themed SCXW88652982 BCX0\">which<\/span> <span class=\"NormalTextRun SpellingErrorV2Themed SCXW88652982 BCX0\">directors<\/span> <span class=\"NormalTextRun SpellingErrorV2Themed SCXW88652982 BCX0\">like<\/span><span class=\"NormalTextRun SCXW88652982 BCX0\"> Aleksandar Petrovi\u0107, Du\u0161an Makavejev, <\/span><a href=\"https:\/\/visitdistrikt.rs\/en\/2024\/10\/11\/karpo-godina\/\"><strong><span class=\"NormalTextRun SpellingErrorV2Themed SCXW88652982 BCX0\">Karpo<\/span><\/strong><\/a><span class=\"NormalTextRun SCXW88652982 BCX0\"><strong> Godina<\/strong>, <\/span><span class=\"NormalTextRun SpellingErrorV2Themed SCXW88652982 BCX0\">and<\/span><span class=\"NormalTextRun SCXW88652982 BCX0\"> \u017delimir <\/span><span class=\"NormalTextRun SpellingErrorV2Themed SCXW88652982 BCX0\">\u017dilnik<\/span> <span class=\"NormalTextRun SpellingErrorV2Themed SCXW88652982 BCX0\">created<\/span> <span class=\"NormalTextRun SpellingErrorV2Themed SCXW88652982 BCX0\">their<\/span> <span class=\"NormalTextRun SpellingErrorV2Themed SCXW88652982 BCX0\">films<\/span><span class=\"NormalTextRun SCXW88652982 BCX0\">. <\/span><span class=\"NormalTextRun SpellingErrorV2Themed SCXW88652982 BCX0\">The<\/span> <span class=\"NormalTextRun SpellingErrorV2Themed SCXW88652982 BCX0\">work<\/span> <span class=\"NormalTextRun SpellingErrorV2Themed SCXW88652982 BCX0\">of<\/span><span class=\"NormalTextRun SCXW88652982 BCX0\"> Monika <\/span><span class=\"NormalTextRun SpellingErrorV2Themed SCXW88652982 BCX0\">Bilbija<\/span><span class=\"NormalTextRun SCXW88652982 BCX0\"> Ponjavi\u0107, <\/span><span class=\"NormalTextRun SpellingErrorV2Themed SCXW88652982 BCX0\">PhD<\/span><span class=\"NormalTextRun SCXW88652982 BCX0\">, <\/span><span class=\"NormalTextRun SpellingErrorV2Themed SCXW88652982 BCX0\">allows<\/span> <span class=\"NormalTextRun SpellingErrorV2Themed SCXW88652982 BCX0\">audiences<\/span><span class=\"NormalTextRun SCXW88652982 BCX0\"> to <\/span><span class=\"NormalTextRun SpellingErrorV2Themed SCXW88652982 BCX0\">experience<\/span> <span class=\"NormalTextRun SpellingErrorV2Themed SCXW88652982 BCX0\">how<\/span> <span class=\"NormalTextRun SpellingErrorV2Themed SCXW88652982 BCX0\">these<\/span> <span class=\"NormalTextRun SpellingErrorV2Themed SCXW88652982 BCX0\">rebellious<\/span> <span class=\"NormalTextRun SpellingErrorV2Themed SCXW88652982 BCX0\">filmmakers<\/span> <span class=\"NormalTextRun SpellingErrorV2Themed SCXW88652982 BCX0\">challenged<\/span> <span class=\"NormalTextRun SpellingErrorV2Themed SCXW88652982 BCX0\">the<\/span> <span class=\"NormalTextRun SpellingErrorV2Themed SCXW88652982 BCX0\">norms<\/span> <span class=\"NormalTextRun SpellingErrorV2Themed SCXW88652982 BCX0\">of<\/span> <span class=\"NormalTextRun SpellingErrorV2Themed SCXW88652982 BCX0\">their<\/span><span class=\"NormalTextRun SCXW88652982 BCX0\"> time, <\/span><span class=\"NormalTextRun SpellingErrorV2Themed SCXW88652982 BCX0\">creating<\/span> <span class=\"NormalTextRun SpellingErrorV2Themed SCXW88652982 BCX0\">works<\/span> <span class=\"NormalTextRun SpellingErrorV2Themed SCXW88652982 BCX0\">that<\/span> <span class=\"NormalTextRun SpellingErrorV2Themed SCXW88652982 BCX0\">still<\/span> <span class=\"NormalTextRun SpellingErrorV2Themed SCXW88652982 BCX0\">resonate<\/span> <span class=\"NormalTextRun SpellingErrorV2Themed SCXW88652982 BCX0\">today<\/span><span class=\"NormalTextRun SCXW88652982 BCX0\">. In <\/span><span class=\"NormalTextRun SpellingErrorV2Themed SCXW88652982 BCX0\">an<\/span> <span class=\"NormalTextRun SpellingErrorV2Themed SCXW88652982 BCX0\">interview<\/span> <span class=\"NormalTextRun SpellingErrorV2Themed SCXW88652982 BCX0\">for<\/span> <\/span><span class=\"TextRun SCXW88652982 BCX0\" lang=\"SR-LATN-RS\" xml:lang=\"SR-LATN-RS\" data-contrast=\"auto\"><span class=\"NormalTextRun SpellingErrorV2Themed SCXW88652982 BCX0\">Visit<\/span> <span class=\"NormalTextRun SpellingErrorV2Themed SCXW88652982 BCX0\">Distric<\/span><span class=\"NormalTextRun SpellingErrorV2Themed SCXW88652982 BCX0\">t<\/span><\/span><span class=\"TextRun SCXW88652982 BCX0\" lang=\"SR-LATN-RS\" xml:lang=\"SR-LATN-RS\" data-contrast=\"auto\"><span class=\"NormalTextRun SCXW88652982 BCX0\">, <\/span><span class=\"NormalTextRun SpellingErrorV2Themed SCXW88652982 BCX0\">we<\/span> <span class=\"NormalTextRun SpellingErrorV2Themed SCXW88652982 BCX0\">discussed<\/span> <span class=\"NormalTextRun SpellingErrorV2Themed SCXW88652982 BCX0\">the<\/span> <span class=\"NormalTextRun SpellingErrorV2Themed SCXW88652982 BCX0\">challenges<\/span> <span class=\"NormalTextRun SpellingErrorV2Themed SCXW88652982 BCX0\">and<\/span> <span class=\"NormalTextRun SpellingErrorV2Themed SCXW88652982 BCX0\">inspiration<\/span> <span class=\"NormalTextRun SpellingErrorV2Themed SCXW88652982 BCX0\">for<\/span> <span class=\"NormalTextRun SpellingErrorV2Themed SCXW88652982 BCX0\">the<\/span> <span class=\"NormalTextRun SpellingErrorV2Themed SCXW88652982 BCX0\">exhibition<\/span><span class=\"NormalTextRun SCXW88652982 BCX0\">, as <\/span><span class=\"NormalTextRun SpellingErrorV2Themed SCXW88652982 BCX0\">well<\/span><span class=\"NormalTextRun SCXW88652982 BCX0\"> as <\/span><span class=\"NormalTextRun SpellingErrorV2Themed SCXW88652982 BCX0\">the<\/span> <span class=\"NormalTextRun SpellingErrorV2Themed SCXW88652982 BCX0\">continued<\/span> <span class=\"NormalTextRun SpellingErrorV2Themed SCXW88652982 BCX0\">impact<\/span> <span class=\"NormalTextRun SpellingErrorV2Themed SCXW88652982 BCX0\">of<\/span> <span class=\"NormalTextRun SpellingErrorV2Themed SCXW88652982 BCX0\">the<\/span> <span class=\"NormalTextRun SpellingErrorV2Themed SCXW88652982 BCX0\">Black<\/span> <span class=\"NormalTextRun SpellingErrorV2Themed SCXW88652982 BCX0\">Wave<\/span><span class=\"NormalTextRun SCXW88652982 BCX0\"> on art <\/span><span class=\"NormalTextRun SpellingErrorV2Themed SCXW88652982 BCX0\">and<\/span> <span class=\"NormalTextRun SpellingErrorV2Themed SCXW88652982 BCX0\">society<\/span><span class=\"NormalTextRun SCXW88652982 BCX0\">.<\/span><\/span><span class=\"EOP SCXW88652982 BCX0\" data-ccp-props=\"{&quot;335551550&quot;:6,&quot;335551620&quot;:6}\">\u00a0<\/span><\/p>\n<p><b><i><span data-contrast=\"auto\">The Black Wave is described as a rebellious and provocative movement in Yugoslav cinema. How does \u2019The Darkest Wave\u2019 reinterpret this aesthetic through contemporary artistic installations? How do you perceive the artistic and political context in which these directors worked?<\/span><\/i><\/b><span data-ccp-props=\"{&quot;335551550&quot;:6,&quot;335551620&quot;:6}\">\u00a0<\/span><\/p>\n<p><span data-contrast=\"auto\">When the idea of the exhibition was proposed, the decision before me was relatively simple. I had to choose whether to create a traditional archival and documentary exhibition about the so-called Black Wave or not. The answer was, of course, no.<\/span><span data-ccp-props=\"{&quot;335551550&quot;:6,&quot;335551620&quot;:6}\">\u00a0<\/span><\/p>\n<p><span data-contrast=\"auto\">I say \u2019of course\u2019 because, for me, there was no doubt. While archival and documentary exhibitions are great in some cases, they are not my style. Not only do I not feel comfortable working that way, but I am primarily focused on storytelling through scenographic means. Space and text have always been my main forms of expression since I am, first and foremost, an architect and scenographer, and only then a visual artist and art theorist.<\/span><span data-ccp-props=\"{&quot;335551550&quot;:6,&quot;335551620&quot;:6}\">\u00a0<\/span><\/p>\n<p><span data-contrast=\"auto\">I decided that the exhibition would be about the giants of Serbian and Yugoslav cinema, often labeled as part of the Black Wave (even though they never fully belonged to it). In other words, we\u2019re talking about Aleksandar Petrovi\u0107, Du\u0161an Makavejev, \u017divojin Pavlovi\u0107, \u017delimir \u017dilnik, and Karpo Godina. I also included Lazar Stojanovi\u0107, whose student film became a \u2019weapon\u2019 in the fight against so-called \u2019negative phenomena\u2019 in Yugoslav culture. Even though Stojanovi\u0107\u2019s work technically does not belong to this era, it was used to attack these great filmmakers.<\/span><span data-ccp-props=\"{&quot;335551550&quot;:6,&quot;335551620&quot;:6}\">\u00a0<\/span><\/p>\n<p><span data-contrast=\"auto\">Once I knew the story I wished to tell, the next step was to shape the space. I reconfigured the spaces, designing them to suit the narrative. The goal was to create three autonomous, interconnected sections. Petrovi\u0107, Makavejev, Pavlovi\u0107, \u017dilnik, and Godina are housed in the <\/span><i><span data-contrast=\"auto\">Radionica<\/span><\/i><span data-contrast=\"auto\">, Stojanovi\u0107 in <\/span><i><span data-contrast=\"auto\">Biro<\/span><\/i><span data-contrast=\"auto\">, and the historical context in <\/span><i><span data-contrast=\"auto\">Menza<\/span><\/i><span data-contrast=\"auto\">. Each of these spaces has its own distinct visual language, marked by symbolism. For example, the \u2019big five\u2019 filmmakers are represented through a series of oversized screens accompanied by similar but subtly different sounds. Stojanovi\u0107\u2019s work is presented through fragmented \u2019monoliths\u2019 that are not easily accessible. Meanwhile, the historical context unfolds in complete silence under the watchful gaze of Josip Broz Tito. Keywords like verticality, monumentality, and sacredness define the essence of the exhibition.<\/span><\/p>\n<p><img fetchpriority=\"high\" decoding=\"async\" class=\"aligncenter size-large wp-image-49658\" src=\"https:\/\/visitdistrikt.rs\/media\/2024\/10\/V.Velickovic-Oct05-063-1024x683.jpg\" alt=\"\" width=\"800\" height=\"534\" srcset=\"https:\/\/visitdistrikt.rs\/media\/2024\/10\/V.Velickovic-Oct05-063-1024x683.jpg 1024w, https:\/\/visitdistrikt.rs\/media\/2024\/10\/V.Velickovic-Oct05-063-300x200.jpg 300w, https:\/\/visitdistrikt.rs\/media\/2024\/10\/V.Velickovic-Oct05-063-768x512.jpg 768w, https:\/\/visitdistrikt.rs\/media\/2024\/10\/V.Velickovic-Oct05-063-1536x1024.jpg 1536w, https:\/\/visitdistrikt.rs\/media\/2024\/10\/V.Velickovic-Oct05-063-2048x1366.jpg 2048w\" sizes=\"(max-width: 800px) 100vw, 800px\" \/><\/p>\n<p><b><i><span data-contrast=\"auto\">Given your background in scenography, was this approach a natural outcome? Did Novi Sad\u2019s status as a UNESCO Creative City of Media Arts influence the decision to explore this topic?<\/span><\/i><\/b><span data-ccp-props=\"{&quot;335551550&quot;:6,&quot;335551620&quot;:6}\">\u00a0<\/span><\/p>\n<p><span data-contrast=\"auto\">Yes, it was both logical and inevitable. Novi Sad, cinema, and I are intertwined in a perpetual bond. Not doing a new media exhibition in a city recognized as a UNESCO Creative City would have been a missed opportunity\u2014especially given the fact that the Yugoslav auteur film movement was ahead of its time. In fact, I believe it still is.<\/span><span data-ccp-props=\"{&quot;335551550&quot;:6,&quot;335551620&quot;:6}\">\u00a0<\/span><\/p>\n<p><span data-contrast=\"auto\">In my academic work, I often focused on transforming public spaces for film festivals and screenings, curating films in museum settings, and creating scenographic works tied to identity. This exhibition brought everything together\u2014what, where, how, who, and why\u2014into one cohesive project.<\/span><span data-ccp-props=\"{&quot;335551550&quot;:6,&quot;335551620&quot;:6}\">\u00a0<\/span><\/p>\n<p><span data-contrast=\"auto\">For me, making an exhibition about film that is less alive than film itself was not an option.<\/span><span data-ccp-props=\"{&quot;335551550&quot;:6,&quot;335551620&quot;:6}\">\u00a0<\/span><\/p>\n<p><b><i><span data-contrast=\"auto\">Why is the exhibition called \u2019The Darkest Wave\u2019? Does it refer to the most controversial filmmakers or the most censored films of that period?<\/span><\/i><\/b><span data-ccp-props=\"{&quot;335551550&quot;:6,&quot;335551620&quot;:6}\">\u00a0<\/span><\/p>\n<p><span data-contrast=\"auto\">Yes, it does. The title, which I didn\u2019t come up with, is perfect\u2014brilliant, even. I wish I had thought of it. It captures the essence of the exhibition and reflects my own perspective on Vladimir Jovi\u010di\u0107\u2019s text, which coined the term \u2019Black Wave\u2019 as a pejorative. In that sense, \u2019The Darkest Wave\u2019 is an ironic take on the Black Wave, which was already a derogatory label for Yugoslav auteur cinema. The darkest. The best.<\/span><span data-ccp-props=\"{&quot;335551550&quot;:6,&quot;335551620&quot;:6}\">\u00a0<\/span><\/p>\n<p><b><i><span data-contrast=\"auto\">How do the spatial video installations in Radionica, Menza, and Biro spaces deepen the understanding of the artistic and social value of the Black Wave?<\/span><\/i><\/b><span data-ccp-props=\"{&quot;335551550&quot;:6,&quot;335551620&quot;:6}\">\u00a0<\/span><\/p>\n<p><span data-contrast=\"auto\">The idea was to tell a personal, poetic story about these directors through their films. I used their cinematic language and narrative structures to build the installations.<\/span><span data-ccp-props=\"{&quot;335551550&quot;:6,&quot;335551620&quot;:6}\">\u00a0<\/span><\/p>\n<p><span data-contrast=\"auto\">For example, Karpo Godina\u2019s film <\/span><i><span data-contrast=\"auto\">On Love Skills<\/span><\/i><span data-contrast=\"auto\"> portrays a group of soldiers and young women living side by side but never interacting. Drawing from this, I created an installation called <\/span><i><span data-contrast=\"auto\">On the Sentimental History of the Yugoslav People\u2019s Army<\/span><\/i><span data-contrast=\"auto\">, confronting their exaggerated portraits for the \u2019first time,\u2019 allowing them to make direct contact. Each installation follows this pattern\u2014extracting the essence of a film and translating it into spatial form while maintaining the spirit of its creator.<\/span> <span data-contrast=\"auto\">The title itself is multilayered and also conveys meaning, in addition to being a small homage to Peki\u0107.<\/span><span data-ccp-props=\"{&quot;335551550&quot;:6,&quot;335551620&quot;:6}\">\u00a0<\/span><\/p>\n<p><span data-contrast=\"auto\">I processed each film individually using the same approach and transformed it into a spatial video installation while preserving its essence. In practice, this means that I extracted the core (text) from each work, reshaped it, and presented it in the language of its director. I then embodied that essence using theatrical tools in relation to the space. For example, Karpo is all about portraits, Makavejev emphasizes editing (so-called Serbian Cutting), while Petrovi\u0107 is static yet full of life. Both <\/span><i><span data-contrast=\"auto\">I Even Met Happy Gypsies<\/span><\/i><span data-contrast=\"auto\"> and the video work and animation <\/span><i><span data-contrast=\"auto\">Nedogled II<\/span><\/i><span data-contrast=\"auto\">, my self-portrait, are large images, rich in details, motifs, and symbolism\u2026 both allowing you to capture the moment of Bekim\u2019s \u2019ascent and downfall.\u2019<\/span><span data-ccp-props=\"{&quot;335551550&quot;:6,&quot;335551620&quot;:6}\">\u00a0<\/span><\/p>\n<p><b><i><span data-contrast=\"auto\">The filmmakers of the Black Wave often challenged political authorities and social norms. Which messages from their films remain relevant today?<\/span><\/i><\/b><span data-ccp-props=\"{&quot;335551550&quot;:6,&quot;335551620&quot;:6}\">\u00a0<\/span><\/p>\n<p><span data-contrast=\"auto\">Their works show that evil is ever-present, rooted in ignorance and fear. That hasn&#8217;t changed to this day. Their films remind us that freedom is the only thing worth sacrificing for, and that courage\u2014facing evil\u2014is the highest virtue and responsibility of a thinking person. Don&#8217;t let the light within you turn into darkness.<\/span><span data-ccp-props=\"{&quot;335551550&quot;:6,&quot;335551620&quot;:6}\">\u00a0<\/span><\/p>\n<p><b><i><span data-contrast=\"auto\">The programme of \u2019The Darkest Wave\u2019 also included a discussion with \u017delimir \u017dilnik, a key figure of the Black Wave. How was your collaboration with him?<\/span><\/i><\/b><span data-ccp-props=\"{&quot;335551550&quot;:6,&quot;335551620&quot;:6}\">\u00a0<\/span><\/p>\n<p><span data-contrast=\"auto\">\u017delimir \u017dilnik is one of my favorite Serbian directors, and his film <\/span><i><span data-contrast=\"auto\">Early Works<\/span><\/i><span data-contrast=\"auto\"> is very close to my heart. I was nervous about the responsibility of interpreting his work, but both he and his wife Sarita Matijevi\u0107 \u017dilnik were incredibly kind and supportive throughout the process.<\/span><span data-ccp-props=\"{&quot;335551550&quot;:6,&quot;335551620&quot;:6}\">\u00a0<\/span><\/p>\n<p><b><i><span data-contrast=\"auto\">Were there any unexpected discoveries during your research?<\/span><\/i><\/b><span data-ccp-props=\"{&quot;335551550&quot;:6,&quot;335551620&quot;:6}\">\u00a0<\/span><\/p>\n<p><span data-contrast=\"auto\">Yes, I learned that Miroslav Krle\u017ea was involved in establishing the Goli Otok prison camp. That information was shocking.<\/span><span data-ccp-props=\"{&quot;335551550&quot;:6,&quot;335551620&quot;:6}\">\u00a0<\/span><\/p>\n<figure id=\"attachment_49660\" aria-describedby=\"caption-attachment-49660\" style=\"width: 800px\" class=\"wp-caption aligncenter\"><img decoding=\"async\" class=\"wp-image-49660 size-large\" src=\"https:\/\/visitdistrikt.rs\/media\/2024\/10\/PBL_9468-1024x683.jpg\" alt=\"\" width=\"800\" height=\"534\" srcset=\"https:\/\/visitdistrikt.rs\/media\/2024\/10\/PBL_9468-1024x683.jpg 1024w, https:\/\/visitdistrikt.rs\/media\/2024\/10\/PBL_9468-300x200.jpg 300w, https:\/\/visitdistrikt.rs\/media\/2024\/10\/PBL_9468-768x512.jpg 768w, https:\/\/visitdistrikt.rs\/media\/2024\/10\/PBL_9468-1536x1024.jpg 1536w, https:\/\/visitdistrikt.rs\/media\/2024\/10\/PBL_9468-2048x1365.jpg 2048w\" sizes=\"(max-width: 800px) 100vw, 800px\" \/><figcaption id=\"caption-attachment-49660\" class=\"wp-caption-text\">Najcrnji talas<\/figcaption><\/figure>\n<p><b><i><span data-contrast=\"auto\">The exhibition combines artistic interpretation with archival documents. How did you choose the materials, and how important is artistic freedom in presenting this period?<\/span><\/i><\/b><span data-ccp-props=\"{&quot;335551550&quot;:6,&quot;335551620&quot;:6}\">\u00a0<\/span><\/p>\n<p><span data-contrast=\"auto\">Aside from what I already knew about this period, the research lasted nearly a year. In the end, I ended up with a pile of material that I had to systematically organize and largely discard. I kept only what was functionally significant to me, as my goal was to convey the maximum number of information in the shortest format possible, but in such a way that it only introduces you to the story of these twelve years. \u2019The Darkest Wave\u2019 is, as I see it, a prologue to the exploration of Yugoslav new auteur cinema and everything that happened around it during that time. About its mystification and demystification. How good this prologue is depends on how far you will dive down the rabbit hole. Either it has intrigued you or it hasn\u2019t. And the rabbit hole is seriously deep.<\/span><span data-ccp-props=\"{&quot;335551550&quot;:6,&quot;335551620&quot;:6}\">\u00a0<\/span><\/p>\n<p><span data-contrast=\"auto\">Therefore, everything you see at the exhibition served the story. That&#8217;s how I chose. Now, when I look back, I wouldn&#8217;t add or subtract anything. That\u2019s it. And I had absolute freedom in that&#8230; to choose, to think, to decide&#8230; to say what I want, how I want, and how much I want. That&#8217;s exactly what I did. And for that, I am also seriously grateful. For the freedom to do it at my own pace, in my own poetics and sensibility, according to my vision of how that exhibition and that space should look. And to stand behind what has been done. If you can&#8217;t stand behind your decision, your stance, behind what you have publicly said and done\u2014since every art, when it comes before the audience, becomes a public speech, a public matter\u2014if you don&#8217;t have a stance, then that&#8217;s not it. It&#8217;s not freedom. Then it&#8217;s a compromise and bending your spine. To gain that kind of trust to do something without bending your spine, at all instances, that is freedom. And I think the entire team that participated in the process of creating the exhibition felt that key four days where cruical for the exhibition to happen or not. Zoran, Zvonko, Boris, Nemanja, Du\u0161an, Ivan, Marko, Milo\u0161, Nemanja, Minja, Nikola, Strahinja, Dragomir, An\u0111elko\u2026 We all breathed as one, trusting each other, believing in what we were doing, wanting it to succeed, which in these spaces and conditions was not an easy task at all. On the contrary. But we succeeded. That breathing\u2014there is no better feeling than that.<\/span><span data-ccp-props=\"{&quot;335551550&quot;:6,&quot;335551620&quot;:6}\">\u00a0<\/span><\/p>\n<p><b><i><span data-contrast=\"auto\">How is the Black Wave positioned in contemporary art, and can this retrospective inspire new interpretations or debates about artistic freedom?<\/span><\/i><\/b><span data-ccp-props=\"{&quot;335551550&quot;:6,&quot;335551620&quot;:6}\">\u00a0<\/span><\/p>\n<p><span data-contrast=\"auto\">The beauty of these films lies in the timelessness of their topics\u2014freedom, life, death, belonging, speech, responsibility, good and evil, morality, and free will. These topics remain relevant today. The cinematic language of the Black Wave was groundbreaking, and it continues to inspire filmmakers and audiences alike. Art and freedom are synonymous\u2014one cannot exist without the other.<\/span><span data-ccp-props=\"{&quot;335551550&quot;:6,&quot;335551620&quot;:6}\">\u00a0<\/span><\/p>\n<p><b><i><span data-contrast=\"auto\">What has been the audience\u2019s reaction?<\/span><\/i><\/b><span data-ccp-props=\"{&quot;335551550&quot;:6,&quot;335551620&quot;:6}\">\u00a0<\/span><\/p>\n<p><span data-contrast=\"auto\">I am satisfied. I have achieved what is always my goal when I exhibit. In the process of creation, I am a mathematician. Everything must be in a specific place for a specific reason and with meaning that only I understand. In my mind. Which I see so clearly, but which I absolutely cannot verbalize, explain, or convey to others. I only ask to be trusted. That is my architectural mind.<\/span><span data-ccp-props=\"{&quot;335551550&quot;:6,&quot;335551620&quot;:6}\">\u00a0<\/span><\/p>\n<p><span data-contrast=\"auto\">However, in the output, in the final product, reason plays no role; reason no longer exists, because in the output, only emotion matters. The audience\u2019s emotion. That is always my goal, to create a space where you feel something. That is the artist in me.<\/span><span data-ccp-props=\"{&quot;335551550&quot;:6,&quot;335551620&quot;:6}\">\u00a0<\/span><\/p>\n<p><span data-contrast=\"auto\">And I believe that, at exhibitions like these, which demand time, the act of being present in the space is very important. If you can afford it, go alone and stay. Lie on the floor, sit in front of the screen\u2014whatever feels right&#8230; just stay. It heals.<\/span><span data-ccp-props=\"{&quot;335551550&quot;:6,&quot;335551620&quot;:6}\">\u00a0<\/span><\/p>\n<p><span data-contrast=\"auto\">There is this one reaction I heard at the opening that stuck with me: &#8216;I don\u2019t know what I feel, but I feel it intensely.&#8217; That is exactly what I strive for. In that moment, I knew I had succeeded. Because if you manage to touch one person with your inner world and evoke something in them, that\u2019s it; you have succeeded. For me, it has always been enough to reach just one person. Always.<\/span><span data-ccp-props=\"{&quot;335551550&quot;:6,&quot;335551620&quot;:6}\">\u00a0<\/span><\/p>\n<p>&nbsp;<\/p>\n<p><b><span data-contrast=\"auto\">Monika Bilbija Ponjavi\u0107, PhD,<\/span><\/b><span data-contrast=\"auto\"> is an architect, scenographer, visual artist, and art theorist. Her work focuses on transforming spaces through scenographic means and creating video, audio, and light installations. She holds degrees from universities in Banja Luka, Amsterdam, and Belgrade, with a PhD from the University of Novi Sad.<\/span><span data-ccp-props=\"{&quot;335551550&quot;:6,&quot;335551620&quot;:6}\">\u00a0<\/span><\/p>\n<p><strong>Author:<\/strong> Marina Mari\u0107<\/p>\n<p><strong>Photo:<\/strong> Sr\u0111an Doro\u0161ki, Vladimir Veli\u010dkovi\u0107<\/p>\n","protected":false},"excerpt":{"rendered":"<p>The exhibition \u2019The Darkest Wave,\u2019 part of the Kaleidoscope of Culture finale, will run in the District until 19 October. It offers a combination of artistic exploration and a fresh perspective on one of the most provocative eras in Yugoslav cinema. Through new media art, the exhibition not only sheds light on the visual aesthetics [&hellip;]<\/p>\n","protected":false},"author":9,"featured_media":49657,"comment_status":"closed","ping_status":"closed","sticky":false,"template":"","format":"standard","meta":{"footnotes":"","_links_to":"","_links_to_target":""},"categories":[998,1013,287],"tags":[],"yoast_head":"<!-- This site is optimized with the Yoast SEO plugin v22.4 - https:\/\/yoast.com\/wordpress\/plugins\/seo\/ -->\n<title>Monika Bilbija Ponjavi\u0107: The Beauty of Black Wave Films Lies in the Timelessness of Their Themes - Visit Distrikt Novi Sad<\/title>\n<meta name=\"description\" content=\"In the interview, Dr. Monika Bilbija Ponjavi\u0107 talks about the challenges and inspiration for the exhibition The Blackest Wave.\" \/>\n<meta name=\"robots\" content=\"index, follow, max-snippet:-1, max-image-preview:large, max-video-preview:-1\" \/>\n<link rel=\"canonical\" href=\"https:\/\/visitdistrikt.rs\/en\/2024\/10\/17\/monika-bilbija-ponjavic-the-beauty-of-black-wave-films-lies-in-the-timelessness-of-their-themes\/\" \/>\n<meta property=\"og:locale\" content=\"en_US\" \/>\n<meta property=\"og:type\" content=\"article\" \/>\n<meta property=\"og:title\" content=\"Monika Bilbija Ponjavi\u0107: The Beauty of Black Wave Films Lies in the Timelessness of Their Themes - Visit Distrikt Novi Sad\" \/>\n<meta property=\"og:description\" content=\"In the interview, Dr. Monika Bilbija Ponjavi\u0107 talks about the challenges and inspiration for the exhibition The Blackest Wave.\" \/>\n<meta property=\"og:url\" content=\"https:\/\/visitdistrikt.rs\/en\/2024\/10\/17\/monika-bilbija-ponjavic-the-beauty-of-black-wave-films-lies-in-the-timelessness-of-their-themes\/\" \/>\n<meta property=\"og:site_name\" content=\"Visit Distrikt Novi Sad\" \/>\n<meta property=\"article:published_time\" content=\"2024-10-17T13:07:22+00:00\" \/>\n<meta property=\"og:image\" content=\"https:\/\/visitdistrikt.rs\/media\/2024\/10\/Untitled-design-2024-10-15T131113.487.jpg\" \/>\n\t<meta property=\"og:image:width\" content=\"1164\" \/>\n\t<meta property=\"og:image:height\" content=\"537\" \/>\n\t<meta property=\"og:image:type\" content=\"image\/jpeg\" \/>\n<meta name=\"author\" content=\"Marina Mari\u0107\" \/>\n<meta name=\"twitter:card\" content=\"summary_large_image\" \/>\n<meta name=\"twitter:label1\" content=\"Written by\" \/>\n\t<meta name=\"twitter:data1\" content=\"Marina Mari\u0107\" \/>\n\t<meta name=\"twitter:label2\" content=\"Est. reading time\" \/>\n\t<meta name=\"twitter:data2\" content=\"10 minutes\" \/>\n<script type=\"application\/ld+json\" class=\"yoast-schema-graph\">{\"@context\":\"https:\/\/schema.org\",\"@graph\":[{\"@type\":\"WebPage\",\"@id\":\"https:\/\/visitdistrikt.rs\/en\/2024\/10\/17\/monika-bilbija-ponjavic-the-beauty-of-black-wave-films-lies-in-the-timelessness-of-their-themes\/\",\"url\":\"https:\/\/visitdistrikt.rs\/en\/2024\/10\/17\/monika-bilbija-ponjavic-the-beauty-of-black-wave-films-lies-in-the-timelessness-of-their-themes\/\",\"name\":\"Monika Bilbija Ponjavi\u0107: The Beauty of Black Wave Films Lies in the Timelessness of Their Themes - Visit Distrikt Novi Sad\",\"isPartOf\":{\"@id\":\"https:\/\/visitdistrikt.rs\/#website\"},\"primaryImageOfPage\":{\"@id\":\"https:\/\/visitdistrikt.rs\/en\/2024\/10\/17\/monika-bilbija-ponjavic-the-beauty-of-black-wave-films-lies-in-the-timelessness-of-their-themes\/#primaryimage\"},\"image\":{\"@id\":\"https:\/\/visitdistrikt.rs\/en\/2024\/10\/17\/monika-bilbija-ponjavic-the-beauty-of-black-wave-films-lies-in-the-timelessness-of-their-themes\/#primaryimage\"},\"thumbnailUrl\":\"https:\/\/visitdistrikt.rs\/media\/2024\/10\/Untitled-design-2024-10-15T131113.487.jpg\",\"datePublished\":\"2024-10-17T13:07:22+00:00\",\"dateModified\":\"2024-10-17T13:07:22+00:00\",\"author\":{\"@id\":\"https:\/\/visitdistrikt.rs\/#\/schema\/person\/b61f641548853605bef6b1ae7ca8aaa9\"},\"description\":\"In the interview, Dr. Monika Bilbija Ponjavi\u0107 talks about the challenges and inspiration for the exhibition The Blackest Wave.\",\"breadcrumb\":{\"@id\":\"https:\/\/visitdistrikt.rs\/en\/2024\/10\/17\/monika-bilbija-ponjavic-the-beauty-of-black-wave-films-lies-in-the-timelessness-of-their-themes\/#breadcrumb\"},\"inLanguage\":\"en-US\",\"potentialAction\":[{\"@type\":\"ReadAction\",\"target\":[\"https:\/\/visitdistrikt.rs\/en\/2024\/10\/17\/monika-bilbija-ponjavic-the-beauty-of-black-wave-films-lies-in-the-timelessness-of-their-themes\/\"]}]},{\"@type\":\"ImageObject\",\"inLanguage\":\"en-US\",\"@id\":\"https:\/\/visitdistrikt.rs\/en\/2024\/10\/17\/monika-bilbija-ponjavic-the-beauty-of-black-wave-films-lies-in-the-timelessness-of-their-themes\/#primaryimage\",\"url\":\"https:\/\/visitdistrikt.rs\/media\/2024\/10\/Untitled-design-2024-10-15T131113.487.jpg\",\"contentUrl\":\"https:\/\/visitdistrikt.rs\/media\/2024\/10\/Untitled-design-2024-10-15T131113.487.jpg\",\"width\":1164,\"height\":537},{\"@type\":\"BreadcrumbList\",\"@id\":\"https:\/\/visitdistrikt.rs\/en\/2024\/10\/17\/monika-bilbija-ponjavic-the-beauty-of-black-wave-films-lies-in-the-timelessness-of-their-themes\/#breadcrumb\",\"itemListElement\":[{\"@type\":\"ListItem\",\"position\":1,\"name\":\"Home\",\"item\":\"https:\/\/visitdistrikt.rs\/en\/\"},{\"@type\":\"ListItem\",\"position\":2,\"name\":\"Monika Bilbija Ponjavi\u0107: The Beauty of Black Wave Films Lies in the Timelessness of Their Themes\"}]},{\"@type\":\"WebSite\",\"@id\":\"https:\/\/visitdistrikt.rs\/#website\",\"url\":\"https:\/\/visitdistrikt.rs\/\",\"name\":\"Visit Distrikt Novi Sad\",\"description\":\"Novi Sad\",\"potentialAction\":[{\"@type\":\"SearchAction\",\"target\":{\"@type\":\"EntryPoint\",\"urlTemplate\":\"https:\/\/visitdistrikt.rs\/?s={search_term_string}\"},\"query-input\":\"required name=search_term_string\"}],\"inLanguage\":\"en-US\"},{\"@type\":\"Person\",\"@id\":\"https:\/\/visitdistrikt.rs\/#\/schema\/person\/b61f641548853605bef6b1ae7ca8aaa9\",\"name\":\"Marina Mari\u0107\",\"image\":{\"@type\":\"ImageObject\",\"inLanguage\":\"en-US\",\"@id\":\"https:\/\/visitdistrikt.rs\/#\/schema\/person\/image\/\",\"url\":\"https:\/\/secure.gravatar.com\/avatar\/aeec6fdfa57d2ba44680b29ea83001c6?s=96&d=mm&r=g\",\"contentUrl\":\"https:\/\/secure.gravatar.com\/avatar\/aeec6fdfa57d2ba44680b29ea83001c6?s=96&d=mm&r=g\",\"caption\":\"Marina Mari\u0107\"},\"sameAs\":[\"https:\/\/visitdistrikt.rs\"]}]}<\/script>\n<!-- \/ Yoast SEO plugin. -->","yoast_head_json":{"title":"Monika Bilbija Ponjavi\u0107: The Beauty of Black Wave Films Lies in the Timelessness of Their Themes - Visit Distrikt Novi Sad","description":"In the interview, Dr. Monika Bilbija Ponjavi\u0107 talks about the challenges and inspiration for the exhibition The Blackest Wave.","robots":{"index":"index","follow":"follow","max-snippet":"max-snippet:-1","max-image-preview":"max-image-preview:large","max-video-preview":"max-video-preview:-1"},"canonical":"https:\/\/visitdistrikt.rs\/en\/2024\/10\/17\/monika-bilbija-ponjavic-the-beauty-of-black-wave-films-lies-in-the-timelessness-of-their-themes\/","og_locale":"en_US","og_type":"article","og_title":"Monika Bilbija Ponjavi\u0107: The Beauty of Black Wave Films Lies in the Timelessness of Their Themes - Visit Distrikt Novi Sad","og_description":"In the interview, Dr. Monika Bilbija Ponjavi\u0107 talks about the challenges and inspiration for the exhibition The Blackest Wave.","og_url":"https:\/\/visitdistrikt.rs\/en\/2024\/10\/17\/monika-bilbija-ponjavic-the-beauty-of-black-wave-films-lies-in-the-timelessness-of-their-themes\/","og_site_name":"Visit Distrikt Novi Sad","article_published_time":"2024-10-17T13:07:22+00:00","og_image":[{"width":1164,"height":537,"url":"https:\/\/visitdistrikt.rs\/media\/2024\/10\/Untitled-design-2024-10-15T131113.487.jpg","type":"image\/jpeg"}],"author":"Marina Mari\u0107","twitter_card":"summary_large_image","twitter_misc":{"Written by":"Marina Mari\u0107","Est. reading time":"10 minutes"},"schema":{"@context":"https:\/\/schema.org","@graph":[{"@type":"WebPage","@id":"https:\/\/visitdistrikt.rs\/en\/2024\/10\/17\/monika-bilbija-ponjavic-the-beauty-of-black-wave-films-lies-in-the-timelessness-of-their-themes\/","url":"https:\/\/visitdistrikt.rs\/en\/2024\/10\/17\/monika-bilbija-ponjavic-the-beauty-of-black-wave-films-lies-in-the-timelessness-of-their-themes\/","name":"Monika Bilbija Ponjavi\u0107: The Beauty of Black Wave Films Lies in the Timelessness of Their Themes - Visit Distrikt Novi Sad","isPartOf":{"@id":"https:\/\/visitdistrikt.rs\/#website"},"primaryImageOfPage":{"@id":"https:\/\/visitdistrikt.rs\/en\/2024\/10\/17\/monika-bilbija-ponjavic-the-beauty-of-black-wave-films-lies-in-the-timelessness-of-their-themes\/#primaryimage"},"image":{"@id":"https:\/\/visitdistrikt.rs\/en\/2024\/10\/17\/monika-bilbija-ponjavic-the-beauty-of-black-wave-films-lies-in-the-timelessness-of-their-themes\/#primaryimage"},"thumbnailUrl":"https:\/\/visitdistrikt.rs\/media\/2024\/10\/Untitled-design-2024-10-15T131113.487.jpg","datePublished":"2024-10-17T13:07:22+00:00","dateModified":"2024-10-17T13:07:22+00:00","author":{"@id":"https:\/\/visitdistrikt.rs\/#\/schema\/person\/b61f641548853605bef6b1ae7ca8aaa9"},"description":"In the interview, Dr. Monika Bilbija Ponjavi\u0107 talks about the challenges and inspiration for the exhibition The Blackest Wave.","breadcrumb":{"@id":"https:\/\/visitdistrikt.rs\/en\/2024\/10\/17\/monika-bilbija-ponjavic-the-beauty-of-black-wave-films-lies-in-the-timelessness-of-their-themes\/#breadcrumb"},"inLanguage":"en-US","potentialAction":[{"@type":"ReadAction","target":["https:\/\/visitdistrikt.rs\/en\/2024\/10\/17\/monika-bilbija-ponjavic-the-beauty-of-black-wave-films-lies-in-the-timelessness-of-their-themes\/"]}]},{"@type":"ImageObject","inLanguage":"en-US","@id":"https:\/\/visitdistrikt.rs\/en\/2024\/10\/17\/monika-bilbija-ponjavic-the-beauty-of-black-wave-films-lies-in-the-timelessness-of-their-themes\/#primaryimage","url":"https:\/\/visitdistrikt.rs\/media\/2024\/10\/Untitled-design-2024-10-15T131113.487.jpg","contentUrl":"https:\/\/visitdistrikt.rs\/media\/2024\/10\/Untitled-design-2024-10-15T131113.487.jpg","width":1164,"height":537},{"@type":"BreadcrumbList","@id":"https:\/\/visitdistrikt.rs\/en\/2024\/10\/17\/monika-bilbija-ponjavic-the-beauty-of-black-wave-films-lies-in-the-timelessness-of-their-themes\/#breadcrumb","itemListElement":[{"@type":"ListItem","position":1,"name":"Home","item":"https:\/\/visitdistrikt.rs\/en\/"},{"@type":"ListItem","position":2,"name":"Monika Bilbija Ponjavi\u0107: The Beauty of Black Wave Films Lies in the Timelessness of Their Themes"}]},{"@type":"WebSite","@id":"https:\/\/visitdistrikt.rs\/#website","url":"https:\/\/visitdistrikt.rs\/","name":"Visit Distrikt Novi Sad","description":"Novi Sad","potentialAction":[{"@type":"SearchAction","target":{"@type":"EntryPoint","urlTemplate":"https:\/\/visitdistrikt.rs\/?s={search_term_string}"},"query-input":"required name=search_term_string"}],"inLanguage":"en-US"},{"@type":"Person","@id":"https:\/\/visitdistrikt.rs\/#\/schema\/person\/b61f641548853605bef6b1ae7ca8aaa9","name":"Marina Mari\u0107","image":{"@type":"ImageObject","inLanguage":"en-US","@id":"https:\/\/visitdistrikt.rs\/#\/schema\/person\/image\/","url":"https:\/\/secure.gravatar.com\/avatar\/aeec6fdfa57d2ba44680b29ea83001c6?s=96&d=mm&r=g","contentUrl":"https:\/\/secure.gravatar.com\/avatar\/aeec6fdfa57d2ba44680b29ea83001c6?s=96&d=mm&r=g","caption":"Marina Mari\u0107"},"sameAs":["https:\/\/visitdistrikt.rs"]}]}},"_links":{"self":[{"href":"https:\/\/visitdistrikt.rs\/en\/wp-json\/wp\/v2\/posts\/49692"}],"collection":[{"href":"https:\/\/visitdistrikt.rs\/en\/wp-json\/wp\/v2\/posts"}],"about":[{"href":"https:\/\/visitdistrikt.rs\/en\/wp-json\/wp\/v2\/types\/post"}],"author":[{"embeddable":true,"href":"https:\/\/visitdistrikt.rs\/en\/wp-json\/wp\/v2\/users\/9"}],"replies":[{"embeddable":true,"href":"https:\/\/visitdistrikt.rs\/en\/wp-json\/wp\/v2\/comments?post=49692"}],"version-history":[{"count":1,"href":"https:\/\/visitdistrikt.rs\/en\/wp-json\/wp\/v2\/posts\/49692\/revisions"}],"predecessor-version":[{"id":49693,"href":"https:\/\/visitdistrikt.rs\/en\/wp-json\/wp\/v2\/posts\/49692\/revisions\/49693"}],"wp:featuredmedia":[{"embeddable":true,"href":"https:\/\/visitdistrikt.rs\/en\/wp-json\/wp\/v2\/media\/49657"}],"wp:attachment":[{"href":"https:\/\/visitdistrikt.rs\/en\/wp-json\/wp\/v2\/media?parent=49692"}],"wp:term":[{"taxonomy":"category","embeddable":true,"href":"https:\/\/visitdistrikt.rs\/en\/wp-json\/wp\/v2\/categories?post=49692"},{"taxonomy":"post_tag","embeddable":true,"href":"https:\/\/visitdistrikt.rs\/en\/wp-json\/wp\/v2\/tags?post=49692"}],"curies":[{"name":"wp","href":"https:\/\/api.w.org\/{rel}","templated":true}]}}