{"id":50330,"date":"2025-12-09T13:01:01","date_gmt":"2025-12-09T12:01:01","guid":{"rendered":"https:\/\/visitdistrikt.rs\/?p=50330"},"modified":"2025-12-09T13:01:01","modified_gmt":"2025-12-09T12:01:01","slug":"tijana-jevric-mileva-is-an-explorer-of-her-own-inner-world-and-strength","status":"publish","type":"post","link":"https:\/\/visitdistrikt.rs\/en\/2025\/12\/09\/tijana-jevric-mileva-is-an-explorer-of-her-own-inner-world-and-strength\/","title":{"rendered":"Tijana Jevri\u0107: Mileva is an explorer of her own inner world and strength"},"content":{"rendered":"<p data-start=\"122\" data-end=\"507\">Multimedia artist Tijana Jevri\u0107 will present on December 20 and 21, in the newly restored \u010celi\u010dana in the District, the installation <em data-start=\"255\" data-end=\"275\">\u201cDecoding Silence\u201d<\/em>, a unique audio-visual landscape inspired by the inner world of Mileva Mari\u0107 Einstein. The work is part of the multimedia event <em data-start=\"404\" data-end=\"424\">\u201cMileva: Decoding\u201d<\/em>, with which Novi Sad marks the 150th anniversary of <strong>Mileva Mari\u0107 Einstein\u2019s birth<\/strong>.<\/p>\n<p data-start=\"509\" data-end=\"905\">The installation, conceived as a kind of mind laboratory, immerses visitors into an environment that reveals Mileva\u2019s curiosity, strength, and the layered silence that surrounded her life. Through light, shadow, sound, and pulsating visual fragments, Jevri\u0107 does not recount Mileva\u2019s biography, but opens a space for encountering her intellectual energy and the meanings hidden between the lines.<\/p>\n<p data-start=\"907\" data-end=\"1453\">Tijana Jevri\u0107 graduated in New Visual Media at the Academy of Arts in Novi Sad and has since created immersive, site-specific, and audiovisual installations. She has exhibited in Serbia and abroad\u2014from the Museum of Contemporary Art of Vojvodina to the Cultural Center of Serbia in Paris and Ars Electronica in Linz\u2014and her work has been recognized and awarded. In <em data-start=\"1272\" data-end=\"1292\">\u201cDecoding Silence\u201d<\/em>, she encountered Mileva for the first time as an artistic code, and from that dialogue emerged an installation that opens \u010celi\u010dana as a new center of media art.<\/p>\n<p data-start=\"1455\" data-end=\"1692\">In a conversation for Visit Distrikt, she shares how she approached Mileva\u2019s story, the challenges of translating it into sound and light, and what she hopes visitors will feel as they step into this subtle yet powerful space of silence.<\/p>\n<p data-start=\"2237\" data-end=\"2465\"><img fetchpriority=\"high\" decoding=\"async\" class=\"aligncenter size-large wp-image-50311\" src=\"https:\/\/visitdistrikt.rs\/media\/2025\/12\/Tijana-Jevric\u0301-Registered-2022-SKCNS-Fabrika-Novi-Sad-RS-Lea-Bodor-1024x683.jpg\" alt=\"\" width=\"800\" height=\"534\" srcset=\"https:\/\/visitdistrikt.rs\/media\/2025\/12\/Tijana-Jevric\u0301-Registered-2022-SKCNS-Fabrika-Novi-Sad-RS-Lea-Bodor-1024x683.jpg 1024w, https:\/\/visitdistrikt.rs\/media\/2025\/12\/Tijana-Jevric\u0301-Registered-2022-SKCNS-Fabrika-Novi-Sad-RS-Lea-Bodor-300x200.jpg 300w, https:\/\/visitdistrikt.rs\/media\/2025\/12\/Tijana-Jevric\u0301-Registered-2022-SKCNS-Fabrika-Novi-Sad-RS-Lea-Bodor-768x512.jpg 768w, https:\/\/visitdistrikt.rs\/media\/2025\/12\/Tijana-Jevric\u0301-Registered-2022-SKCNS-Fabrika-Novi-Sad-RS-Lea-Bodor-1536x1024.jpg 1536w, https:\/\/visitdistrikt.rs\/media\/2025\/12\/Tijana-Jevric\u0301-Registered-2022-SKCNS-Fabrika-Novi-Sad-RS-Lea-Bodor.jpg 2048w\" sizes=\"(max-width: 800px) 100vw, 800px\" \/><\/p>\n<p data-start=\"1694\" data-end=\"1766\"><strong data-start=\"1694\" data-end=\"1766\">What was the first \u201cfrequency\u201d that connected you to Mileva\u2019s story?<\/strong><\/p>\n<p data-start=\"1768\" data-end=\"2407\">The first thing that connected me to Mileva\u2019s story was a kind of inner silence I immediately sensed\u2014though not a passive one. Silence as a space where something important is born. As I read about her life, encountered various interpretations, I felt a rhythm vibrating beneath everything we know about her\u2014something like a swarm of bees. As if a deep strength existed that never imposed itself, yet was persistently present. That frequency drew me in: a blend of vulnerability, clarity, and quiet courage. I felt she could only be approached gently, with respect, and that the most important parts of her story were not loud but profound.<\/p>\n<p data-start=\"2409\" data-end=\"2512\"><strong data-start=\"2409\" data-end=\"2512\">In your installation, did you focus more on Mileva as a scientist, a woman, a mother, or an enigma?<\/strong><\/p>\n<p data-start=\"2514\" data-end=\"2942\">I didn\u2019t want to place Mileva into a single role. I worked with her thoughts, inner world, and experiences so the audience could feel both her scientific curiosity and her emotional life\u2014as well as the strength of a woman facing challenges. The focus is more on her internal enigma and process of exploration than on external labels, allowing the viewer to encounter her as a living experience rather than a historical portrait.<\/p>\n<p data-start=\"2944\" data-end=\"3029\"><strong data-start=\"2944\" data-end=\"3029\">What was the hardest aspect of translating her life into an audiovisual language?<\/strong><\/p>\n<p data-start=\"3031\" data-end=\"3507\">The most challenging part was the limited reliable information about Mileva\u2019s life, and I didn\u2019t want to make assumptions or create a literal depiction. I wanted to capture her inner flow\u2014the strength within silence, her curiosity and perseverance; the way she endured restrictions and losses and yet continued to grow. It was particularly demanding to portray her position as a woman in science who, despite her talent and ability, often remained invisible or underestimated.<\/p>\n<p data-start=\"3509\" data-end=\"3922\">I thought about how symbolic elements\u2014pulsating light particles, windows with fragments of childhood, moving shadows, floating formulas\u2014could create a space in which the audience senses her inner world. I wanted the installation to function as an experience rather than a factual representation. The focus was on emotion and Mileva\u2019s inner strength, her unseen struggle, and her significance as a woman scientist.<\/p>\n<p data-start=\"3924\" data-end=\"4003\"><strong data-start=\"3924\" data-end=\"4003\">What do you want visitors to take away from encountering your installation?<\/strong><\/p>\n<p data-start=\"4005\" data-end=\"4277\">I want visitors to feel Mileva through rhythm, shadows, and light\u2014her life and inner strength, rather than just facts. To recognize her curiosity, perseverance, and the strength within silence, and perhaps feel encouraged to step courageously through their own challenges.<\/p>\n<p data-start=\"4279\" data-end=\"4413\"><strong data-start=\"4279\" data-end=\"4413\">Did you use any concrete fragments from Mileva\u2019s letters, works, or biographical records as signals for sound or visual narrative?<\/strong><\/p>\n<p data-start=\"4415\" data-end=\"4729\">I used fragments of her letters and biographical notes as inspiration for tone and rhythm\u2014not to depict them literally, but to convey her inner strength and curiosity through sound and light. These signals help the visual narrative \u201cbreathe\u201d in harmony with her experience, without becoming a factual illustration.<\/p>\n<p data-start=\"4731\" data-end=\"4870\"><strong data-start=\"4731\" data-end=\"4870\">How did you think about space? Does the installation guide the visitor through a narrative or immerse them in a reflective environment?<\/strong><\/p>\n<p data-start=\"4872\" data-end=\"5196\">I thought of space as a medium in itself. It is both narrative and ambience. It guides the visitor through the flow of Mileva\u2019s inner world, but not in a linear way\u2014rather through experience. The space allows immersion into her thoughts and emotions, shadows and rhythm, so each visitor can create a personal interpretation.<\/p>\n<p data-start=\"5198\" data-end=\"5318\"><strong data-start=\"5198\" data-end=\"5318\">New media can feel cold or abstract. How did you create emotional contact with the audience through digital formats?<\/strong><\/p>\n<p data-start=\"5320\" data-end=\"5709\">New media can indeed feel cold or abstract, but I always try to keep each work alive and connected to the audience through its structure and creation process. Since the development of the work is shaped by the data I collect, I can never know in advance which direction it will take. I consider this the only correct approach to staying true to the idea\u2014every piece of information matters.<\/p>\n<p data-start=\"5711\" data-end=\"6142\">At the beginning, I allowed technical questions to influence the idea, which blurred the clarity of the message. Over time, I developed a principle: first research, then gathering, merging, experimenting\u2014experiment, experiment\u2014only then the final form. Through many projects and adapting to different museum-gallery spaces and themes, I learned how to extract the emotional layer from digital work and connect it with the audience.<\/p>\n<p data-start=\"6144\" data-end=\"6234\"><strong data-start=\"6144\" data-end=\"6234\">If you could show your installation to Mileva today, how do you think she would react?<\/strong><\/p>\n<p data-start=\"6236\" data-end=\"6693\">It\u2019s hard to say with certainty, as she was a complex and introspective person, but I\u2019d like to believe she would recognize the sincerity and care with which the work was created. Perhaps she would remain quiet, observing deeply, staying in her inner reflection. I hope she would feel the energy and vibration of her life and work\u2014and perhaps find in that silence a reassurance that her curiosity, strength, and pursuit of knowledge have not been forgotten.<\/p>\n<p data-start=\"6695\" data-end=\"6730\"><strong data-start=\"6695\" data-end=\"6730\">Who is Mileva, in your opinion?<\/strong><\/p>\n<p data-start=\"6732\" data-end=\"7387\">To me, Mileva is above all an explorer of her own inner world and strength. Her story is not just a biographical footnote or a place beside great names, but a journey through curiosity, discipline, and perseverance. She was a woman who wanted to think and understand the world despite external limitations and expectations. Mileva symbolizes a strength that isn\u2019t immediately visible, yet is constant. That inner principle\u2014her pursuit of knowledge and self-understanding\u2014guides my work and the way I tried to portray her through the installation. When I think of her, I feel deep respect and admiration, and that is what I hope visitors will feel as well.<\/p>\n<p data-start=\"7389\" data-end=\"7413\" data-is-last-node=\"\" data-is-only-node=\"\"><em data-start=\"7389\" data-end=\"7413\" data-is-last-node=\"\">Photo: private archive<\/em><\/p>\n<p>&nbsp;<\/p>\n","protected":false},"excerpt":{"rendered":"<p>Multimedia artist Tijana Jevri\u0107 will present on December 20 and 21, in the newly restored \u010celi\u010dana in the District, the installation \u201cDecoding Silence\u201d, a unique audio-visual landscape inspired by the inner world of Mileva Mari\u0107 Einstein. The work is part of the multimedia event \u201cMileva: Decoding\u201d, with which Novi Sad marks the 150th anniversary of [&hellip;]<\/p>\n","protected":false},"author":9,"featured_media":50310,"comment_status":"closed","ping_status":"closed","sticky":false,"template":"","format":"standard","meta":{"footnotes":"","_links_to":"","_links_to_target":""},"categories":[286,1001,998],"tags":[1549,1424],"yoast_head":"<!-- This site is optimized with the Yoast SEO plugin v22.4 - https:\/\/yoast.com\/wordpress\/plugins\/seo\/ -->\n<title>Tijana Jevri\u0107: Mileva is an explorer of her own inner world and strength - Visit Distrikt Novi Sad<\/title>\n<meta name=\"robots\" content=\"index, follow, max-snippet:-1, max-image-preview:large, max-video-preview:-1\" \/>\n<link rel=\"canonical\" href=\"https:\/\/visitdistrikt.rs\/en\/2025\/12\/09\/tijana-jevric-mileva-is-an-explorer-of-her-own-inner-world-and-strength\/\" \/>\n<meta property=\"og:locale\" content=\"en_US\" \/>\n<meta property=\"og:type\" content=\"article\" \/>\n<meta property=\"og:title\" content=\"Tijana Jevri\u0107: Mileva is an explorer of her own inner world and strength - Visit Distrikt Novi Sad\" \/>\n<meta property=\"og:description\" content=\"Multimedia artist Tijana Jevri\u0107 will present on December 20 and 21, in the newly restored \u010celi\u010dana in the District, the installation \u201cDecoding Silence\u201d, a unique audio-visual landscape inspired by the inner world of Mileva Mari\u0107 Einstein. The work is part of the multimedia event \u201cMileva: Decoding\u201d, with which Novi Sad marks the 150th anniversary of [&hellip;]\" \/>\n<meta property=\"og:url\" content=\"https:\/\/visitdistrikt.rs\/en\/2025\/12\/09\/tijana-jevric-mileva-is-an-explorer-of-her-own-inner-world-and-strength\/\" \/>\n<meta property=\"og:site_name\" content=\"Visit Distrikt Novi Sad\" \/>\n<meta property=\"article:published_time\" content=\"2025-12-09T12:01:01+00:00\" \/>\n<meta property=\"og:image\" content=\"https:\/\/visitdistrikt.rs\/media\/2024\/11\/Untitled-design3.png\" \/>\n\t<meta property=\"og:image:width\" content=\"1164\" \/>\n\t<meta property=\"og:image:height\" content=\"537\" \/>\n\t<meta property=\"og:image:type\" content=\"image\/png\" \/>\n<meta name=\"author\" content=\"Marina Mari\u0107\" \/>\n<meta name=\"twitter:card\" content=\"summary_large_image\" \/>\n<meta name=\"twitter:label1\" content=\"Written by\" \/>\n\t<meta name=\"twitter:data1\" content=\"Marina Mari\u0107\" \/>\n\t<meta name=\"twitter:label2\" content=\"Est. reading time\" \/>\n\t<meta name=\"twitter:data2\" content=\"6 minutes\" \/>\n<script type=\"application\/ld+json\" class=\"yoast-schema-graph\">{\"@context\":\"https:\/\/schema.org\",\"@graph\":[{\"@type\":\"WebPage\",\"@id\":\"https:\/\/visitdistrikt.rs\/en\/2025\/12\/09\/tijana-jevric-mileva-is-an-explorer-of-her-own-inner-world-and-strength\/\",\"url\":\"https:\/\/visitdistrikt.rs\/en\/2025\/12\/09\/tijana-jevric-mileva-is-an-explorer-of-her-own-inner-world-and-strength\/\",\"name\":\"Tijana Jevri\u0107: Mileva is an explorer of her own inner world and strength - Visit Distrikt Novi Sad\",\"isPartOf\":{\"@id\":\"https:\/\/visitdistrikt.rs\/#website\"},\"primaryImageOfPage\":{\"@id\":\"https:\/\/visitdistrikt.rs\/en\/2025\/12\/09\/tijana-jevric-mileva-is-an-explorer-of-her-own-inner-world-and-strength\/#primaryimage\"},\"image\":{\"@id\":\"https:\/\/visitdistrikt.rs\/en\/2025\/12\/09\/tijana-jevric-mileva-is-an-explorer-of-her-own-inner-world-and-strength\/#primaryimage\"},\"thumbnailUrl\":\"https:\/\/visitdistrikt.rs\/media\/2024\/11\/Untitled-design3.png\",\"datePublished\":\"2025-12-09T12:01:01+00:00\",\"dateModified\":\"2025-12-09T12:01:01+00:00\",\"author\":{\"@id\":\"https:\/\/visitdistrikt.rs\/#\/schema\/person\/b61f641548853605bef6b1ae7ca8aaa9\"},\"breadcrumb\":{\"@id\":\"https:\/\/visitdistrikt.rs\/en\/2025\/12\/09\/tijana-jevric-mileva-is-an-explorer-of-her-own-inner-world-and-strength\/#breadcrumb\"},\"inLanguage\":\"en-US\",\"potentialAction\":[{\"@type\":\"ReadAction\",\"target\":[\"https:\/\/visitdistrikt.rs\/en\/2025\/12\/09\/tijana-jevric-mileva-is-an-explorer-of-her-own-inner-world-and-strength\/\"]}]},{\"@type\":\"ImageObject\",\"inLanguage\":\"en-US\",\"@id\":\"https:\/\/visitdistrikt.rs\/en\/2025\/12\/09\/tijana-jevric-mileva-is-an-explorer-of-her-own-inner-world-and-strength\/#primaryimage\",\"url\":\"https:\/\/visitdistrikt.rs\/media\/2024\/11\/Untitled-design3.png\",\"contentUrl\":\"https:\/\/visitdistrikt.rs\/media\/2024\/11\/Untitled-design3.png\",\"width\":1164,\"height\":537},{\"@type\":\"BreadcrumbList\",\"@id\":\"https:\/\/visitdistrikt.rs\/en\/2025\/12\/09\/tijana-jevric-mileva-is-an-explorer-of-her-own-inner-world-and-strength\/#breadcrumb\",\"itemListElement\":[{\"@type\":\"ListItem\",\"position\":1,\"name\":\"Home\",\"item\":\"https:\/\/visitdistrikt.rs\/en\/\"},{\"@type\":\"ListItem\",\"position\":2,\"name\":\"Tijana Jevri\u0107: Mileva is an explorer of her own inner world and strength\"}]},{\"@type\":\"WebSite\",\"@id\":\"https:\/\/visitdistrikt.rs\/#website\",\"url\":\"https:\/\/visitdistrikt.rs\/\",\"name\":\"Visit Distrikt Novi Sad\",\"description\":\"Novi Sad\",\"potentialAction\":[{\"@type\":\"SearchAction\",\"target\":{\"@type\":\"EntryPoint\",\"urlTemplate\":\"https:\/\/visitdistrikt.rs\/?s={search_term_string}\"},\"query-input\":\"required name=search_term_string\"}],\"inLanguage\":\"en-US\"},{\"@type\":\"Person\",\"@id\":\"https:\/\/visitdistrikt.rs\/#\/schema\/person\/b61f641548853605bef6b1ae7ca8aaa9\",\"name\":\"Marina Mari\u0107\",\"image\":{\"@type\":\"ImageObject\",\"inLanguage\":\"en-US\",\"@id\":\"https:\/\/visitdistrikt.rs\/#\/schema\/person\/image\/\",\"url\":\"https:\/\/secure.gravatar.com\/avatar\/aeec6fdfa57d2ba44680b29ea83001c6?s=96&d=mm&r=g\",\"contentUrl\":\"https:\/\/secure.gravatar.com\/avatar\/aeec6fdfa57d2ba44680b29ea83001c6?s=96&d=mm&r=g\",\"caption\":\"Marina Mari\u0107\"},\"sameAs\":[\"https:\/\/visitdistrikt.rs\"]}]}<\/script>\n<!-- \/ Yoast SEO plugin. -->","yoast_head_json":{"title":"Tijana Jevri\u0107: Mileva is an explorer of her own inner world and strength - Visit Distrikt Novi Sad","robots":{"index":"index","follow":"follow","max-snippet":"max-snippet:-1","max-image-preview":"max-image-preview:large","max-video-preview":"max-video-preview:-1"},"canonical":"https:\/\/visitdistrikt.rs\/en\/2025\/12\/09\/tijana-jevric-mileva-is-an-explorer-of-her-own-inner-world-and-strength\/","og_locale":"en_US","og_type":"article","og_title":"Tijana Jevri\u0107: Mileva is an explorer of her own inner world and strength - Visit Distrikt Novi Sad","og_description":"Multimedia artist Tijana Jevri\u0107 will present on December 20 and 21, in the newly restored \u010celi\u010dana in the District, the installation \u201cDecoding Silence\u201d, a unique audio-visual landscape inspired by the inner world of Mileva Mari\u0107 Einstein. The work is part of the multimedia event \u201cMileva: Decoding\u201d, with which Novi Sad marks the 150th anniversary of [&hellip;]","og_url":"https:\/\/visitdistrikt.rs\/en\/2025\/12\/09\/tijana-jevric-mileva-is-an-explorer-of-her-own-inner-world-and-strength\/","og_site_name":"Visit Distrikt Novi Sad","article_published_time":"2025-12-09T12:01:01+00:00","og_image":[{"width":1164,"height":537,"url":"https:\/\/visitdistrikt.rs\/media\/2024\/11\/Untitled-design3.png","type":"image\/png"}],"author":"Marina Mari\u0107","twitter_card":"summary_large_image","twitter_misc":{"Written by":"Marina Mari\u0107","Est. reading time":"6 minutes"},"schema":{"@context":"https:\/\/schema.org","@graph":[{"@type":"WebPage","@id":"https:\/\/visitdistrikt.rs\/en\/2025\/12\/09\/tijana-jevric-mileva-is-an-explorer-of-her-own-inner-world-and-strength\/","url":"https:\/\/visitdistrikt.rs\/en\/2025\/12\/09\/tijana-jevric-mileva-is-an-explorer-of-her-own-inner-world-and-strength\/","name":"Tijana Jevri\u0107: Mileva is an explorer of her own inner world and strength - Visit Distrikt Novi Sad","isPartOf":{"@id":"https:\/\/visitdistrikt.rs\/#website"},"primaryImageOfPage":{"@id":"https:\/\/visitdistrikt.rs\/en\/2025\/12\/09\/tijana-jevric-mileva-is-an-explorer-of-her-own-inner-world-and-strength\/#primaryimage"},"image":{"@id":"https:\/\/visitdistrikt.rs\/en\/2025\/12\/09\/tijana-jevric-mileva-is-an-explorer-of-her-own-inner-world-and-strength\/#primaryimage"},"thumbnailUrl":"https:\/\/visitdistrikt.rs\/media\/2024\/11\/Untitled-design3.png","datePublished":"2025-12-09T12:01:01+00:00","dateModified":"2025-12-09T12:01:01+00:00","author":{"@id":"https:\/\/visitdistrikt.rs\/#\/schema\/person\/b61f641548853605bef6b1ae7ca8aaa9"},"breadcrumb":{"@id":"https:\/\/visitdistrikt.rs\/en\/2025\/12\/09\/tijana-jevric-mileva-is-an-explorer-of-her-own-inner-world-and-strength\/#breadcrumb"},"inLanguage":"en-US","potentialAction":[{"@type":"ReadAction","target":["https:\/\/visitdistrikt.rs\/en\/2025\/12\/09\/tijana-jevric-mileva-is-an-explorer-of-her-own-inner-world-and-strength\/"]}]},{"@type":"ImageObject","inLanguage":"en-US","@id":"https:\/\/visitdistrikt.rs\/en\/2025\/12\/09\/tijana-jevric-mileva-is-an-explorer-of-her-own-inner-world-and-strength\/#primaryimage","url":"https:\/\/visitdistrikt.rs\/media\/2024\/11\/Untitled-design3.png","contentUrl":"https:\/\/visitdistrikt.rs\/media\/2024\/11\/Untitled-design3.png","width":1164,"height":537},{"@type":"BreadcrumbList","@id":"https:\/\/visitdistrikt.rs\/en\/2025\/12\/09\/tijana-jevric-mileva-is-an-explorer-of-her-own-inner-world-and-strength\/#breadcrumb","itemListElement":[{"@type":"ListItem","position":1,"name":"Home","item":"https:\/\/visitdistrikt.rs\/en\/"},{"@type":"ListItem","position":2,"name":"Tijana Jevri\u0107: Mileva is an explorer of her own inner world and strength"}]},{"@type":"WebSite","@id":"https:\/\/visitdistrikt.rs\/#website","url":"https:\/\/visitdistrikt.rs\/","name":"Visit Distrikt Novi Sad","description":"Novi Sad","potentialAction":[{"@type":"SearchAction","target":{"@type":"EntryPoint","urlTemplate":"https:\/\/visitdistrikt.rs\/?s={search_term_string}"},"query-input":"required name=search_term_string"}],"inLanguage":"en-US"},{"@type":"Person","@id":"https:\/\/visitdistrikt.rs\/#\/schema\/person\/b61f641548853605bef6b1ae7ca8aaa9","name":"Marina Mari\u0107","image":{"@type":"ImageObject","inLanguage":"en-US","@id":"https:\/\/visitdistrikt.rs\/#\/schema\/person\/image\/","url":"https:\/\/secure.gravatar.com\/avatar\/aeec6fdfa57d2ba44680b29ea83001c6?s=96&d=mm&r=g","contentUrl":"https:\/\/secure.gravatar.com\/avatar\/aeec6fdfa57d2ba44680b29ea83001c6?s=96&d=mm&r=g","caption":"Marina Mari\u0107"},"sameAs":["https:\/\/visitdistrikt.rs"]}]}},"_links":{"self":[{"href":"https:\/\/visitdistrikt.rs\/en\/wp-json\/wp\/v2\/posts\/50330"}],"collection":[{"href":"https:\/\/visitdistrikt.rs\/en\/wp-json\/wp\/v2\/posts"}],"about":[{"href":"https:\/\/visitdistrikt.rs\/en\/wp-json\/wp\/v2\/types\/post"}],"author":[{"embeddable":true,"href":"https:\/\/visitdistrikt.rs\/en\/wp-json\/wp\/v2\/users\/9"}],"replies":[{"embeddable":true,"href":"https:\/\/visitdistrikt.rs\/en\/wp-json\/wp\/v2\/comments?post=50330"}],"version-history":[{"count":1,"href":"https:\/\/visitdistrikt.rs\/en\/wp-json\/wp\/v2\/posts\/50330\/revisions"}],"predecessor-version":[{"id":50331,"href":"https:\/\/visitdistrikt.rs\/en\/wp-json\/wp\/v2\/posts\/50330\/revisions\/50331"}],"wp:featuredmedia":[{"embeddable":true,"href":"https:\/\/visitdistrikt.rs\/en\/wp-json\/wp\/v2\/media\/50310"}],"wp:attachment":[{"href":"https:\/\/visitdistrikt.rs\/en\/wp-json\/wp\/v2\/media?parent=50330"}],"wp:term":[{"taxonomy":"category","embeddable":true,"href":"https:\/\/visitdistrikt.rs\/en\/wp-json\/wp\/v2\/categories?post=50330"},{"taxonomy":"post_tag","embeddable":true,"href":"https:\/\/visitdistrikt.rs\/en\/wp-json\/wp\/v2\/tags?post=50330"}],"curies":[{"name":"wp","href":"https:\/\/api.w.org\/{rel}","templated":true}]}}