{"id":5613,"date":"2020-12-30T16:26:19","date_gmt":"2020-12-30T15:26:19","guid":{"rendered":"https:\/\/visitdistrikt.rs\/?p=5613"},"modified":"2020-12-30T16:26:19","modified_gmt":"2020-12-30T15:26:19","slug":"novogodisnji-koncert-kamerne-muzike-u-okviru-doceka-7529","status":"publish","type":"post","link":"https:\/\/visitdistrikt.rs\/en\/2020\/12\/30\/novogodisnji-koncert-kamerne-muzike-u-okviru-doceka-7529\/","title":{"rendered":"New Year concert of Chamber Ensemble u okviru Do\u010deka 7529."},"content":{"rendered":"<h4 dir=\"ltr\">Chamber Ensemble, composed of four members of the Novi Sad Brass Quintet accompanied by cello, brings the sounds of chamber music to the Do\u010dek 7529\u00a0programme.<\/h4>\n<p><!--more--><\/p>\n<div>\n<div>Their concert at the Bukovac Cultural Station will be available online on 13 January on the <a href=\"https:\/\/visitdistrikt.rs\/\">Visit Novi Sad<\/a> platform, and the members of the ensemble are looking forward to this performance that will be specific in many ways.<\/div>\n<\/div>\n<p><span><em>\u2018We\u2019re preparing New Year concert of chamber music, which, we believe, is quite interesting to the audience, but to us as well. It\u2019s very weird now that there\u2019s no audience, we missed that kind of interaction in the past year. However, modern technology makes it all much easier, because there\u2019s still an option for people to hear us play, even two or three weeks after broadcasting the concert, which is great,\u2019 <\/em>said <strong>Ksenija Mijatovi\u0107 Korom<\/strong>, the flutist.<\/span><\/p>\n<p><span>Ksenija points out that the space of the <a href=\"https:\/\/rumenka.kulturnestanice.rs\/en\/\" target=\"_blank\" rel=\"noopener noreferrer\">Bukovac Cultural Station<\/a> is phenomenal and extremely comfortable for work, she says it has good acoustics and that there\u2019s some kind of warmth to it.<em> \u2018To us, the idea of opening a space for culture is great, since we experienced excellent cooperation with the <a href=\"https:\/\/bukovac.kulturnestanice.rs\/en\/\" target=\"_blank\" rel=\"noopener noreferrer\">Rumenka Cultural Station<\/a> in the past, where we were given the rehearsal space too. I believe it\u2019s a positive change, because not all events should strictly be in the city centre, so this new space is amazing for us musicians,\u2019<\/em> says Mijatovi\u0107 Korom.<\/span><\/p>\n<p><img fetchpriority=\"high\" decoding=\"async\" class=\"alignnone size-full wp-image-5592\" src=\"https:\/\/visitdistrikt.rs\/media\/2020\/12\/IMG_7842UrosD-scaled.jpg\" alt=\"\" width=\"2560\" height=\"1707\" srcset=\"https:\/\/visitdistrikt.rs\/media\/2020\/12\/IMG_7842UrosD-scaled.jpg 2560w, https:\/\/visitdistrikt.rs\/media\/2020\/12\/IMG_7842UrosD-300x200.jpg 300w, https:\/\/visitdistrikt.rs\/media\/2020\/12\/IMG_7842UrosD-1024x683.jpg 1024w, https:\/\/visitdistrikt.rs\/media\/2020\/12\/IMG_7842UrosD-768x512.jpg 768w, https:\/\/visitdistrikt.rs\/media\/2020\/12\/IMG_7842UrosD-1536x1024.jpg 1536w, https:\/\/visitdistrikt.rs\/media\/2020\/12\/IMG_7842UrosD-2048x1365.jpg 2048w, https:\/\/visitdistrikt.rs\/media\/2020\/12\/IMG_7842UrosD-1320x880.jpg 1320w\" sizes=\"(max-width: 2560px) 100vw, 2560px\" \/><\/p>\n<p><span>Despite the coronavirus pandemic, Ksenija says she will remember this year as the one with quite a number of concerts.<\/span><\/p>\n<p><span><em>\u2018Some of the concerts we had allowed only a limited number of people, some were recorded and then broadcast online but despite everything, music and chamber music continued to live, which, I believe, is a big success. Lack of audience and adhering to all the measures did affect everything, but the most important thing is that we\u2019re all healthy. We all hope that everything will go back to normal soon,\u2019<\/em> says Ksenija.<\/span><\/p>\n<p><span>The unique Do\u010dek in Novi Sad that connects two New Year Eves, two calendars and two time calculations, 31 December and 13 January, will be held in an online format for the first time ever. Do\u010dek will open new spaces for culture so that Serbian Athens could readily wait for the European Capital of Culture title. The fourth Do\u010dek will present the world virtuoso, internationally acclaimed performers, but also young talents of various music genres \u2013 classical music, traditional and electronic music, jazz, indie-rock, rap\u2026<\/span><\/p>\n<p><em><strong>Photo:<\/strong> Uro\u0161 Do\u017ei\u0107<\/em><\/p>\n","protected":false},"excerpt":{"rendered":"<p>Chamber Ensemble, composed of four members of the Novi Sad Brass Quintet accompanied by cello, brings the sounds of chamber music to the Do\u010dek 7529\u00a0programme.<\/p>\n","protected":false},"author":3,"featured_media":5591,"comment_status":"closed","ping_status":"open","sticky":false,"template":"","format":"standard","meta":{"footnotes":"","_links_to":"","_links_to_target":""},"categories":[490],"tags":[],"yoast_head":"<!-- This site is optimized with the Yoast SEO plugin v22.4 - https:\/\/yoast.com\/wordpress\/plugins\/seo\/ -->\n<title>New Year concert of Chamber Ensemble u okviru Do\u010deka 7529.<\/title>\n<meta name=\"description\" content=\"Chamber Ensemble brings the sounds of chamber music to the Do\u010dek 7529\u00a0programme, which will be available online.\" \/>\n<meta name=\"robots\" content=\"index, follow, max-snippet:-1, max-image-preview:large, max-video-preview:-1\" \/>\n<link rel=\"canonical\" href=\"https:\/\/visitdistrikt.rs\/en\/2020\/12\/30\/novogodisnji-koncert-kamerne-muzike-u-okviru-doceka-7529\/\" \/>\n<meta property=\"og:locale\" content=\"en_US\" \/>\n<meta property=\"og:type\" content=\"article\" \/>\n<meta property=\"og:title\" content=\"New Year concert of Chamber Ensemble u okviru Do\u010deka 7529.\" \/>\n<meta property=\"og:description\" content=\"Chamber Ensemble brings the sounds of chamber music to the Do\u010dek 7529\u00a0programme, which will be available online.\" \/>\n<meta property=\"og:url\" content=\"https:\/\/visitdistrikt.rs\/en\/2020\/12\/30\/novogodisnji-koncert-kamerne-muzike-u-okviru-doceka-7529\/\" \/>\n<meta property=\"og:site_name\" content=\"Visit Distrikt Novi Sad\" \/>\n<meta property=\"article:published_time\" content=\"2020-12-30T15:26:19+00:00\" \/>\n<meta property=\"og:image\" content=\"https:\/\/visitdistrikt.rs\/media\/2020\/12\/IMG_7799UrosD-scaled.jpg\" \/>\n\t<meta property=\"og:image:width\" content=\"2560\" \/>\n\t<meta property=\"og:image:height\" content=\"1707\" \/>\n\t<meta property=\"og:image:type\" content=\"image\/jpeg\" \/>\n<meta name=\"author\" content=\"Nadja\" \/>\n<meta name=\"twitter:card\" content=\"summary_large_image\" \/>\n<meta name=\"twitter:label1\" content=\"Written by\" \/>\n\t<meta name=\"twitter:data1\" content=\"Nadja\" \/>\n\t<meta name=\"twitter:label2\" content=\"Est. reading time\" \/>\n\t<meta name=\"twitter:data2\" content=\"2 minutes\" \/>\n<script type=\"application\/ld+json\" class=\"yoast-schema-graph\">{\"@context\":\"https:\/\/schema.org\",\"@graph\":[{\"@type\":\"WebPage\",\"@id\":\"https:\/\/visitdistrikt.rs\/en\/2020\/12\/30\/novogodisnji-koncert-kamerne-muzike-u-okviru-doceka-7529\/\",\"url\":\"https:\/\/visitdistrikt.rs\/en\/2020\/12\/30\/novogodisnji-koncert-kamerne-muzike-u-okviru-doceka-7529\/\",\"name\":\"New Year concert of Chamber Ensemble u okviru Do\u010deka 7529.\",\"isPartOf\":{\"@id\":\"https:\/\/visitdistrikt.rs\/#website\"},\"primaryImageOfPage\":{\"@id\":\"https:\/\/visitdistrikt.rs\/en\/2020\/12\/30\/novogodisnji-koncert-kamerne-muzike-u-okviru-doceka-7529\/#primaryimage\"},\"image\":{\"@id\":\"https:\/\/visitdistrikt.rs\/en\/2020\/12\/30\/novogodisnji-koncert-kamerne-muzike-u-okviru-doceka-7529\/#primaryimage\"},\"thumbnailUrl\":\"https:\/\/visitdistrikt.rs\/media\/2020\/12\/IMG_7799UrosD-scaled.jpg\",\"datePublished\":\"2020-12-30T15:26:19+00:00\",\"dateModified\":\"2020-12-30T15:26:19+00:00\",\"author\":{\"@id\":\"https:\/\/visitdistrikt.rs\/#\/schema\/person\/d14c12f469b14b67ac146d37913d83d6\"},\"description\":\"Chamber Ensemble brings the sounds of chamber music to the Do\u010dek 7529\u00a0programme, which will be available online.\",\"breadcrumb\":{\"@id\":\"https:\/\/visitdistrikt.rs\/en\/2020\/12\/30\/novogodisnji-koncert-kamerne-muzike-u-okviru-doceka-7529\/#breadcrumb\"},\"inLanguage\":\"en-US\",\"potentialAction\":[{\"@type\":\"ReadAction\",\"target\":[\"https:\/\/visitdistrikt.rs\/en\/2020\/12\/30\/novogodisnji-koncert-kamerne-muzike-u-okviru-doceka-7529\/\"]}]},{\"@type\":\"ImageObject\",\"inLanguage\":\"en-US\",\"@id\":\"https:\/\/visitdistrikt.rs\/en\/2020\/12\/30\/novogodisnji-koncert-kamerne-muzike-u-okviru-doceka-7529\/#primaryimage\",\"url\":\"https:\/\/visitdistrikt.rs\/media\/2020\/12\/IMG_7799UrosD-scaled.jpg\",\"contentUrl\":\"https:\/\/visitdistrikt.rs\/media\/2020\/12\/IMG_7799UrosD-scaled.jpg\",\"width\":2560,\"height\":1707},{\"@type\":\"BreadcrumbList\",\"@id\":\"https:\/\/visitdistrikt.rs\/en\/2020\/12\/30\/novogodisnji-koncert-kamerne-muzike-u-okviru-doceka-7529\/#breadcrumb\",\"itemListElement\":[{\"@type\":\"ListItem\",\"position\":1,\"name\":\"Home\",\"item\":\"https:\/\/visitdistrikt.rs\/en\/\"},{\"@type\":\"ListItem\",\"position\":2,\"name\":\"New Year concert of Chamber Ensemble u okviru Do\u010deka 7529.\"}]},{\"@type\":\"WebSite\",\"@id\":\"https:\/\/visitdistrikt.rs\/#website\",\"url\":\"https:\/\/visitdistrikt.rs\/\",\"name\":\"Visit Distrikt Novi Sad\",\"description\":\"Novi Sad\",\"potentialAction\":[{\"@type\":\"SearchAction\",\"target\":{\"@type\":\"EntryPoint\",\"urlTemplate\":\"https:\/\/visitdistrikt.rs\/?s={search_term_string}\"},\"query-input\":\"required name=search_term_string\"}],\"inLanguage\":\"en-US\"},{\"@type\":\"Person\",\"@id\":\"https:\/\/visitdistrikt.rs\/#\/schema\/person\/d14c12f469b14b67ac146d37913d83d6\",\"name\":\"Nadja\",\"image\":{\"@type\":\"ImageObject\",\"inLanguage\":\"en-US\",\"@id\":\"https:\/\/visitdistrikt.rs\/#\/schema\/person\/image\/\",\"url\":\"https:\/\/secure.gravatar.com\/avatar\/2a98ad6df38b68a7998a319b57e3c9fd?s=96&d=mm&r=g\",\"contentUrl\":\"https:\/\/secure.gravatar.com\/avatar\/2a98ad6df38b68a7998a319b57e3c9fd?s=96&d=mm&r=g\",\"caption\":\"Nadja\"}}]}<\/script>\n<!-- \/ Yoast SEO plugin. -->","yoast_head_json":{"title":"New Year concert of Chamber Ensemble u okviru Do\u010deka 7529.","description":"Chamber Ensemble brings the sounds of chamber music to the Do\u010dek 7529\u00a0programme, which will be available online.","robots":{"index":"index","follow":"follow","max-snippet":"max-snippet:-1","max-image-preview":"max-image-preview:large","max-video-preview":"max-video-preview:-1"},"canonical":"https:\/\/visitdistrikt.rs\/en\/2020\/12\/30\/novogodisnji-koncert-kamerne-muzike-u-okviru-doceka-7529\/","og_locale":"en_US","og_type":"article","og_title":"New Year concert of Chamber Ensemble u okviru Do\u010deka 7529.","og_description":"Chamber Ensemble brings the sounds of chamber music to the Do\u010dek 7529\u00a0programme, which will be available online.","og_url":"https:\/\/visitdistrikt.rs\/en\/2020\/12\/30\/novogodisnji-koncert-kamerne-muzike-u-okviru-doceka-7529\/","og_site_name":"Visit Distrikt Novi Sad","article_published_time":"2020-12-30T15:26:19+00:00","og_image":[{"width":2560,"height":1707,"url":"https:\/\/visitdistrikt.rs\/media\/2020\/12\/IMG_7799UrosD-scaled.jpg","type":"image\/jpeg"}],"author":"Nadja","twitter_card":"summary_large_image","twitter_misc":{"Written by":"Nadja","Est. reading time":"2 minutes"},"schema":{"@context":"https:\/\/schema.org","@graph":[{"@type":"WebPage","@id":"https:\/\/visitdistrikt.rs\/en\/2020\/12\/30\/novogodisnji-koncert-kamerne-muzike-u-okviru-doceka-7529\/","url":"https:\/\/visitdistrikt.rs\/en\/2020\/12\/30\/novogodisnji-koncert-kamerne-muzike-u-okviru-doceka-7529\/","name":"New Year concert of Chamber Ensemble u okviru Do\u010deka 7529.","isPartOf":{"@id":"https:\/\/visitdistrikt.rs\/#website"},"primaryImageOfPage":{"@id":"https:\/\/visitdistrikt.rs\/en\/2020\/12\/30\/novogodisnji-koncert-kamerne-muzike-u-okviru-doceka-7529\/#primaryimage"},"image":{"@id":"https:\/\/visitdistrikt.rs\/en\/2020\/12\/30\/novogodisnji-koncert-kamerne-muzike-u-okviru-doceka-7529\/#primaryimage"},"thumbnailUrl":"https:\/\/visitdistrikt.rs\/media\/2020\/12\/IMG_7799UrosD-scaled.jpg","datePublished":"2020-12-30T15:26:19+00:00","dateModified":"2020-12-30T15:26:19+00:00","author":{"@id":"https:\/\/visitdistrikt.rs\/#\/schema\/person\/d14c12f469b14b67ac146d37913d83d6"},"description":"Chamber Ensemble brings the sounds of chamber music to the Do\u010dek 7529\u00a0programme, which will be available online.","breadcrumb":{"@id":"https:\/\/visitdistrikt.rs\/en\/2020\/12\/30\/novogodisnji-koncert-kamerne-muzike-u-okviru-doceka-7529\/#breadcrumb"},"inLanguage":"en-US","potentialAction":[{"@type":"ReadAction","target":["https:\/\/visitdistrikt.rs\/en\/2020\/12\/30\/novogodisnji-koncert-kamerne-muzike-u-okviru-doceka-7529\/"]}]},{"@type":"ImageObject","inLanguage":"en-US","@id":"https:\/\/visitdistrikt.rs\/en\/2020\/12\/30\/novogodisnji-koncert-kamerne-muzike-u-okviru-doceka-7529\/#primaryimage","url":"https:\/\/visitdistrikt.rs\/media\/2020\/12\/IMG_7799UrosD-scaled.jpg","contentUrl":"https:\/\/visitdistrikt.rs\/media\/2020\/12\/IMG_7799UrosD-scaled.jpg","width":2560,"height":1707},{"@type":"BreadcrumbList","@id":"https:\/\/visitdistrikt.rs\/en\/2020\/12\/30\/novogodisnji-koncert-kamerne-muzike-u-okviru-doceka-7529\/#breadcrumb","itemListElement":[{"@type":"ListItem","position":1,"name":"Home","item":"https:\/\/visitdistrikt.rs\/en\/"},{"@type":"ListItem","position":2,"name":"New Year concert of Chamber Ensemble u okviru Do\u010deka 7529."}]},{"@type":"WebSite","@id":"https:\/\/visitdistrikt.rs\/#website","url":"https:\/\/visitdistrikt.rs\/","name":"Visit Distrikt Novi Sad","description":"Novi Sad","potentialAction":[{"@type":"SearchAction","target":{"@type":"EntryPoint","urlTemplate":"https:\/\/visitdistrikt.rs\/?s={search_term_string}"},"query-input":"required name=search_term_string"}],"inLanguage":"en-US"},{"@type":"Person","@id":"https:\/\/visitdistrikt.rs\/#\/schema\/person\/d14c12f469b14b67ac146d37913d83d6","name":"Nadja","image":{"@type":"ImageObject","inLanguage":"en-US","@id":"https:\/\/visitdistrikt.rs\/#\/schema\/person\/image\/","url":"https:\/\/secure.gravatar.com\/avatar\/2a98ad6df38b68a7998a319b57e3c9fd?s=96&d=mm&r=g","contentUrl":"https:\/\/secure.gravatar.com\/avatar\/2a98ad6df38b68a7998a319b57e3c9fd?s=96&d=mm&r=g","caption":"Nadja"}}]}},"_links":{"self":[{"href":"https:\/\/visitdistrikt.rs\/en\/wp-json\/wp\/v2\/posts\/5613"}],"collection":[{"href":"https:\/\/visitdistrikt.rs\/en\/wp-json\/wp\/v2\/posts"}],"about":[{"href":"https:\/\/visitdistrikt.rs\/en\/wp-json\/wp\/v2\/types\/post"}],"author":[{"embeddable":true,"href":"https:\/\/visitdistrikt.rs\/en\/wp-json\/wp\/v2\/users\/3"}],"replies":[{"embeddable":true,"href":"https:\/\/visitdistrikt.rs\/en\/wp-json\/wp\/v2\/comments?post=5613"}],"version-history":[{"count":2,"href":"https:\/\/visitdistrikt.rs\/en\/wp-json\/wp\/v2\/posts\/5613\/revisions"}],"predecessor-version":[{"id":5615,"href":"https:\/\/visitdistrikt.rs\/en\/wp-json\/wp\/v2\/posts\/5613\/revisions\/5615"}],"wp:featuredmedia":[{"embeddable":true,"href":"https:\/\/visitdistrikt.rs\/en\/wp-json\/wp\/v2\/media\/5591"}],"wp:attachment":[{"href":"https:\/\/visitdistrikt.rs\/en\/wp-json\/wp\/v2\/media?parent=5613"}],"wp:term":[{"taxonomy":"category","embeddable":true,"href":"https:\/\/visitdistrikt.rs\/en\/wp-json\/wp\/v2\/categories?post=5613"},{"taxonomy":"post_tag","embeddable":true,"href":"https:\/\/visitdistrikt.rs\/en\/wp-json\/wp\/v2\/tags?post=5613"}],"curies":[{"name":"wp","href":"https:\/\/api.w.org\/{rel}","templated":true}]}}