{"id":5738,"date":"2021-01-06T16:13:47","date_gmt":"2021-01-06T15:13:47","guid":{"rendered":"https:\/\/visitdistrikt.rs\/?p=5738"},"modified":"2021-01-11T12:51:50","modified_gmt":"2021-01-11T11:51:50","slug":"surreal-beyond-concert-docek-7529","status":"publish","type":"post","link":"https:\/\/visitdistrikt.rs\/en\/2021\/01\/06\/surreal-beyond-concert-docek-7529\/","title":{"rendered":"The Unexpected Mix of Styles at the Surreal &#038; Beyond Concert Within Do\u010dek 7529"},"content":{"rendered":"<h4><span>A young rapper Filip Arsenijevi\u0107, better known as Surreal, brings the unexpected fusion of trap and jazz to Do\u010dek 7529. Accompanied by jazz and performing with an innovative band, the concert of Surreal &amp; Beyond in the Novi Sad Theatre will be broadcast online on the <a href=\"https:\/\/visitdistrikt.rs\/\" target=\"_blank\" rel=\"noopener noreferrer\">visitns.rs<\/a> on 13 January.<\/span><\/h4>\n<p><!--more--><\/p>\n<p><span>This will be the first time these six guys gather in this kind of line-up, and, as Surreal points out, they completely changed the concept of the performance by making an excellent mix of sounds and genres, a mix that people haven\u2019t had the opportunity to hear until now.<\/span><\/p>\n<p><span><em>\u2018We prepared 12 songs for this occasion. Some of them are songs from the new album called \u2018Everyone at Home,\u2019 but the audience will have a chance to hear the good old songs too, such as Na minut od mora; Ho\u0107u s tobom da se smuvam; Budva, Kopaonik and more. This time, Ognjen on drums, Paja on trumpet, Sava on bass, Denis on guitar, Cope on keys and Surreal, will make a great atmosphere,\u2019<\/em> says Arsenijevi\u0107.<\/span><\/p>\n<p><span>In 2020, musicians didn\u2019t have many opportunities to perform, but they could still make music. Surreal released a new album that he symbolically named \u2018Everyone at Home.\u2019<\/span><\/p>\n<p><img fetchpriority=\"high\" decoding=\"async\" class=\"alignnone size-full wp-image-5722\" src=\"https:\/\/visitdistrikt.rs\/media\/2021\/01\/IMG_7935UrosD-scaled.jpg\" alt=\"\" width=\"2560\" height=\"1707\" srcset=\"https:\/\/visitdistrikt.rs\/media\/2021\/01\/IMG_7935UrosD-scaled.jpg 2560w, https:\/\/visitdistrikt.rs\/media\/2021\/01\/IMG_7935UrosD-300x200.jpg 300w, https:\/\/visitdistrikt.rs\/media\/2021\/01\/IMG_7935UrosD-1024x683.jpg 1024w, https:\/\/visitdistrikt.rs\/media\/2021\/01\/IMG_7935UrosD-768x512.jpg 768w, https:\/\/visitdistrikt.rs\/media\/2021\/01\/IMG_7935UrosD-1536x1024.jpg 1536w, https:\/\/visitdistrikt.rs\/media\/2021\/01\/IMG_7935UrosD-2048x1365.jpg 2048w, https:\/\/visitdistrikt.rs\/media\/2021\/01\/IMG_7935UrosD-1320x880.jpg 1320w\" sizes=\"(max-width: 2560px) 100vw, 2560px\" \/><\/p>\n<p><span><em>\u2018We were all under lockdown; hence, the name of the album. But, conceptually speaking, it has nothing to do with coronavirus, I didn\u2019t want that. The accent is on the new lifestyle that I\u2019m practicing now. I\u2019m oriented towards music and, through the songs, I spoke about my life in the past two years,\u2019<\/em> explains Surreal.<\/span><\/p>\n<p><span>The unique Do\u010dek in Novi Sad that connects two New Year Eves, two calendars and two time calculations, 31 December and 13 January, will be held in an online format for the first time ever. Do\u010dek will open new spaces for culture so that Serbian Athens could readily wait for the <a href=\"https:\/\/novisad2021.rs\/en\/\" target=\"_blank\" rel=\"noopener noreferrer\">European Capital of Culture title<\/a>.<\/span><\/p>\n<p><span>In addition to Filip Arsenijevi\u0107, the famous violinist <strong>Stefan Milenkovi\u0107<\/strong> with <strong>Vasil Had\u017eimanov<\/strong> and the <em>Camerata Academica<\/em> chamber orchestra, <em>Elektri\u010dni Orgazam<\/em>, <em>Bu\u010d Kesidi<\/em>, <em>D\u017eezva &amp; D\u017eezvica<\/em>, a young violinist <strong>Lana Zorjan<\/strong>, Novi Sad Brass Quintet, the sopran <strong>Vitkay-Kucsera \u00c1gota<\/strong>\u00a0with the pianist <strong>Jelena Simonovi\u0107 Kova\u010devi\u0107<\/strong>, the \u2018<em>Sveti Stefan De\u010danski<\/em>\u2019 choir with the \u2018<em>Orfelin<\/em>\u2019 string orchestra, will also perform on 13 January, while the youngest ones will have an opportunity to enjoy the opera for children by the \u2018<em>Visoko C<\/em>\u2019 Association of Artists.<\/span><\/p>\n<p><em><strong>Photo<\/strong>: Uro\u0161 Do\u017ei\u0107<\/em><\/p>\n","protected":false},"excerpt":{"rendered":"<p>A young rapper Filip Arsenijevi\u0107, better known as Surreal, brings the unexpected fusion of trap and jazz to Do\u010dek 7529. Accompanied by jazz and performing with an innovative band, the concert of Surreal &amp; Beyond in the Novi Sad Theatre will be broadcast online on the visitns.rs on 13 January.<\/p>\n","protected":false},"author":3,"featured_media":5721,"comment_status":"closed","ping_status":"open","sticky":false,"template":"","format":"standard","meta":{"footnotes":"","_links_to":"","_links_to_target":""},"categories":[490],"tags":[460,314,527,528],"yoast_head":"<!-- This site is optimized with the Yoast SEO plugin v22.4 - https:\/\/yoast.com\/wordpress\/plugins\/seo\/ -->\n<title>The Unexpected Mix of Styles: Surreal &amp; Beyond Concert at Do\u010dek 7529<\/title>\n<meta name=\"description\" content=\"A young rapper Filip Arsenijevi\u0107, better known as Surreal, brings the unexpected fusion of trap and jazz to Do\u010dek 7529.\" \/>\n<meta name=\"robots\" content=\"index, follow, max-snippet:-1, max-image-preview:large, max-video-preview:-1\" \/>\n<link rel=\"canonical\" href=\"https:\/\/visitdistrikt.rs\/en\/2021\/01\/06\/surreal-beyond-concert-docek-7529\/\" \/>\n<meta property=\"og:locale\" content=\"en_US\" \/>\n<meta property=\"og:type\" content=\"article\" \/>\n<meta property=\"og:title\" content=\"The Unexpected Mix of Styles: Surreal &amp; Beyond Concert at Do\u010dek 7529\" \/>\n<meta property=\"og:description\" content=\"A young rapper Filip Arsenijevi\u0107, better known as Surreal, brings the unexpected fusion of trap and jazz to Do\u010dek 7529.\" \/>\n<meta property=\"og:url\" content=\"https:\/\/visitdistrikt.rs\/en\/2021\/01\/06\/surreal-beyond-concert-docek-7529\/\" \/>\n<meta property=\"og:site_name\" content=\"Visit Distrikt Novi Sad\" \/>\n<meta property=\"article:published_time\" content=\"2021-01-06T15:13:47+00:00\" \/>\n<meta property=\"article:modified_time\" content=\"2021-01-11T11:51:50+00:00\" \/>\n<meta property=\"og:image\" content=\"https:\/\/visitdistrikt.rs\/media\/2021\/01\/IMG_8087UrosD-scaled.jpg\" \/>\n\t<meta property=\"og:image:width\" content=\"2560\" \/>\n\t<meta property=\"og:image:height\" content=\"1707\" \/>\n\t<meta property=\"og:image:type\" content=\"image\/jpeg\" \/>\n<meta name=\"author\" content=\"Nadja\" \/>\n<meta name=\"twitter:card\" content=\"summary_large_image\" \/>\n<meta name=\"twitter:label1\" content=\"Written by\" \/>\n\t<meta name=\"twitter:data1\" content=\"Nadja\" \/>\n\t<meta name=\"twitter:label2\" content=\"Est. reading time\" \/>\n\t<meta name=\"twitter:data2\" content=\"2 minutes\" \/>\n<script type=\"application\/ld+json\" class=\"yoast-schema-graph\">{\"@context\":\"https:\/\/schema.org\",\"@graph\":[{\"@type\":\"WebPage\",\"@id\":\"https:\/\/visitdistrikt.rs\/en\/2021\/01\/06\/surreal-beyond-concert-docek-7529\/\",\"url\":\"https:\/\/visitdistrikt.rs\/en\/2021\/01\/06\/surreal-beyond-concert-docek-7529\/\",\"name\":\"The Unexpected Mix of Styles: Surreal & Beyond Concert at Do\u010dek 7529\",\"isPartOf\":{\"@id\":\"https:\/\/visitdistrikt.rs\/#website\"},\"primaryImageOfPage\":{\"@id\":\"https:\/\/visitdistrikt.rs\/en\/2021\/01\/06\/surreal-beyond-concert-docek-7529\/#primaryimage\"},\"image\":{\"@id\":\"https:\/\/visitdistrikt.rs\/en\/2021\/01\/06\/surreal-beyond-concert-docek-7529\/#primaryimage\"},\"thumbnailUrl\":\"https:\/\/visitdistrikt.rs\/media\/2021\/01\/IMG_8087UrosD-scaled.jpg\",\"datePublished\":\"2021-01-06T15:13:47+00:00\",\"dateModified\":\"2021-01-11T11:51:50+00:00\",\"author\":{\"@id\":\"https:\/\/visitdistrikt.rs\/#\/schema\/person\/d14c12f469b14b67ac146d37913d83d6\"},\"description\":\"A young rapper Filip Arsenijevi\u0107, better known as Surreal, brings the unexpected fusion of trap and jazz to Do\u010dek 7529.\",\"breadcrumb\":{\"@id\":\"https:\/\/visitdistrikt.rs\/en\/2021\/01\/06\/surreal-beyond-concert-docek-7529\/#breadcrumb\"},\"inLanguage\":\"en-US\",\"potentialAction\":[{\"@type\":\"ReadAction\",\"target\":[\"https:\/\/visitdistrikt.rs\/en\/2021\/01\/06\/surreal-beyond-concert-docek-7529\/\"]}]},{\"@type\":\"ImageObject\",\"inLanguage\":\"en-US\",\"@id\":\"https:\/\/visitdistrikt.rs\/en\/2021\/01\/06\/surreal-beyond-concert-docek-7529\/#primaryimage\",\"url\":\"https:\/\/visitdistrikt.rs\/media\/2021\/01\/IMG_8087UrosD-scaled.jpg\",\"contentUrl\":\"https:\/\/visitdistrikt.rs\/media\/2021\/01\/IMG_8087UrosD-scaled.jpg\",\"width\":2560,\"height\":1707},{\"@type\":\"BreadcrumbList\",\"@id\":\"https:\/\/visitdistrikt.rs\/en\/2021\/01\/06\/surreal-beyond-concert-docek-7529\/#breadcrumb\",\"itemListElement\":[{\"@type\":\"ListItem\",\"position\":1,\"name\":\"Home\",\"item\":\"https:\/\/visitdistrikt.rs\/en\/\"},{\"@type\":\"ListItem\",\"position\":2,\"name\":\"The Unexpected Mix of Styles at the Surreal &#038; Beyond Concert Within Do\u010dek 7529\"}]},{\"@type\":\"WebSite\",\"@id\":\"https:\/\/visitdistrikt.rs\/#website\",\"url\":\"https:\/\/visitdistrikt.rs\/\",\"name\":\"Visit Distrikt Novi Sad\",\"description\":\"Novi Sad\",\"potentialAction\":[{\"@type\":\"SearchAction\",\"target\":{\"@type\":\"EntryPoint\",\"urlTemplate\":\"https:\/\/visitdistrikt.rs\/?s={search_term_string}\"},\"query-input\":\"required name=search_term_string\"}],\"inLanguage\":\"en-US\"},{\"@type\":\"Person\",\"@id\":\"https:\/\/visitdistrikt.rs\/#\/schema\/person\/d14c12f469b14b67ac146d37913d83d6\",\"name\":\"Nadja\",\"image\":{\"@type\":\"ImageObject\",\"inLanguage\":\"en-US\",\"@id\":\"https:\/\/visitdistrikt.rs\/#\/schema\/person\/image\/\",\"url\":\"https:\/\/secure.gravatar.com\/avatar\/2a98ad6df38b68a7998a319b57e3c9fd?s=96&d=mm&r=g\",\"contentUrl\":\"https:\/\/secure.gravatar.com\/avatar\/2a98ad6df38b68a7998a319b57e3c9fd?s=96&d=mm&r=g\",\"caption\":\"Nadja\"}}]}<\/script>\n<!-- \/ Yoast SEO plugin. -->","yoast_head_json":{"title":"The Unexpected Mix of Styles: Surreal & Beyond Concert at Do\u010dek 7529","description":"A young rapper Filip Arsenijevi\u0107, better known as Surreal, brings the unexpected fusion of trap and jazz to Do\u010dek 7529.","robots":{"index":"index","follow":"follow","max-snippet":"max-snippet:-1","max-image-preview":"max-image-preview:large","max-video-preview":"max-video-preview:-1"},"canonical":"https:\/\/visitdistrikt.rs\/en\/2021\/01\/06\/surreal-beyond-concert-docek-7529\/","og_locale":"en_US","og_type":"article","og_title":"The Unexpected Mix of Styles: Surreal & Beyond Concert at Do\u010dek 7529","og_description":"A young rapper Filip Arsenijevi\u0107, better known as Surreal, brings the unexpected fusion of trap and jazz to Do\u010dek 7529.","og_url":"https:\/\/visitdistrikt.rs\/en\/2021\/01\/06\/surreal-beyond-concert-docek-7529\/","og_site_name":"Visit Distrikt Novi Sad","article_published_time":"2021-01-06T15:13:47+00:00","article_modified_time":"2021-01-11T11:51:50+00:00","og_image":[{"width":2560,"height":1707,"url":"https:\/\/visitdistrikt.rs\/media\/2021\/01\/IMG_8087UrosD-scaled.jpg","type":"image\/jpeg"}],"author":"Nadja","twitter_card":"summary_large_image","twitter_misc":{"Written by":"Nadja","Est. reading time":"2 minutes"},"schema":{"@context":"https:\/\/schema.org","@graph":[{"@type":"WebPage","@id":"https:\/\/visitdistrikt.rs\/en\/2021\/01\/06\/surreal-beyond-concert-docek-7529\/","url":"https:\/\/visitdistrikt.rs\/en\/2021\/01\/06\/surreal-beyond-concert-docek-7529\/","name":"The Unexpected Mix of Styles: Surreal & Beyond Concert at Do\u010dek 7529","isPartOf":{"@id":"https:\/\/visitdistrikt.rs\/#website"},"primaryImageOfPage":{"@id":"https:\/\/visitdistrikt.rs\/en\/2021\/01\/06\/surreal-beyond-concert-docek-7529\/#primaryimage"},"image":{"@id":"https:\/\/visitdistrikt.rs\/en\/2021\/01\/06\/surreal-beyond-concert-docek-7529\/#primaryimage"},"thumbnailUrl":"https:\/\/visitdistrikt.rs\/media\/2021\/01\/IMG_8087UrosD-scaled.jpg","datePublished":"2021-01-06T15:13:47+00:00","dateModified":"2021-01-11T11:51:50+00:00","author":{"@id":"https:\/\/visitdistrikt.rs\/#\/schema\/person\/d14c12f469b14b67ac146d37913d83d6"},"description":"A young rapper Filip Arsenijevi\u0107, better known as Surreal, brings the unexpected fusion of trap and jazz to Do\u010dek 7529.","breadcrumb":{"@id":"https:\/\/visitdistrikt.rs\/en\/2021\/01\/06\/surreal-beyond-concert-docek-7529\/#breadcrumb"},"inLanguage":"en-US","potentialAction":[{"@type":"ReadAction","target":["https:\/\/visitdistrikt.rs\/en\/2021\/01\/06\/surreal-beyond-concert-docek-7529\/"]}]},{"@type":"ImageObject","inLanguage":"en-US","@id":"https:\/\/visitdistrikt.rs\/en\/2021\/01\/06\/surreal-beyond-concert-docek-7529\/#primaryimage","url":"https:\/\/visitdistrikt.rs\/media\/2021\/01\/IMG_8087UrosD-scaled.jpg","contentUrl":"https:\/\/visitdistrikt.rs\/media\/2021\/01\/IMG_8087UrosD-scaled.jpg","width":2560,"height":1707},{"@type":"BreadcrumbList","@id":"https:\/\/visitdistrikt.rs\/en\/2021\/01\/06\/surreal-beyond-concert-docek-7529\/#breadcrumb","itemListElement":[{"@type":"ListItem","position":1,"name":"Home","item":"https:\/\/visitdistrikt.rs\/en\/"},{"@type":"ListItem","position":2,"name":"The Unexpected Mix of Styles at the Surreal &#038; Beyond Concert Within Do\u010dek 7529"}]},{"@type":"WebSite","@id":"https:\/\/visitdistrikt.rs\/#website","url":"https:\/\/visitdistrikt.rs\/","name":"Visit Distrikt Novi Sad","description":"Novi Sad","potentialAction":[{"@type":"SearchAction","target":{"@type":"EntryPoint","urlTemplate":"https:\/\/visitdistrikt.rs\/?s={search_term_string}"},"query-input":"required name=search_term_string"}],"inLanguage":"en-US"},{"@type":"Person","@id":"https:\/\/visitdistrikt.rs\/#\/schema\/person\/d14c12f469b14b67ac146d37913d83d6","name":"Nadja","image":{"@type":"ImageObject","inLanguage":"en-US","@id":"https:\/\/visitdistrikt.rs\/#\/schema\/person\/image\/","url":"https:\/\/secure.gravatar.com\/avatar\/2a98ad6df38b68a7998a319b57e3c9fd?s=96&d=mm&r=g","contentUrl":"https:\/\/secure.gravatar.com\/avatar\/2a98ad6df38b68a7998a319b57e3c9fd?s=96&d=mm&r=g","caption":"Nadja"}}]}},"_links":{"self":[{"href":"https:\/\/visitdistrikt.rs\/en\/wp-json\/wp\/v2\/posts\/5738"}],"collection":[{"href":"https:\/\/visitdistrikt.rs\/en\/wp-json\/wp\/v2\/posts"}],"about":[{"href":"https:\/\/visitdistrikt.rs\/en\/wp-json\/wp\/v2\/types\/post"}],"author":[{"embeddable":true,"href":"https:\/\/visitdistrikt.rs\/en\/wp-json\/wp\/v2\/users\/3"}],"replies":[{"embeddable":true,"href":"https:\/\/visitdistrikt.rs\/en\/wp-json\/wp\/v2\/comments?post=5738"}],"version-history":[{"count":4,"href":"https:\/\/visitdistrikt.rs\/en\/wp-json\/wp\/v2\/posts\/5738\/revisions"}],"predecessor-version":[{"id":5811,"href":"https:\/\/visitdistrikt.rs\/en\/wp-json\/wp\/v2\/posts\/5738\/revisions\/5811"}],"wp:featuredmedia":[{"embeddable":true,"href":"https:\/\/visitdistrikt.rs\/en\/wp-json\/wp\/v2\/media\/5721"}],"wp:attachment":[{"href":"https:\/\/visitdistrikt.rs\/en\/wp-json\/wp\/v2\/media?parent=5738"}],"wp:term":[{"taxonomy":"category","embeddable":true,"href":"https:\/\/visitdistrikt.rs\/en\/wp-json\/wp\/v2\/categories?post=5738"},{"taxonomy":"post_tag","embeddable":true,"href":"https:\/\/visitdistrikt.rs\/en\/wp-json\/wp\/v2\/tags?post=5738"}],"curies":[{"name":"wp","href":"https:\/\/api.w.org\/{rel}","templated":true}]}}