{"id":5757,"date":"2021-01-08T13:04:02","date_gmt":"2021-01-08T12:04:02","guid":{"rendered":"https:\/\/visitdistrikt.rs\/?p=5757"},"modified":"2022-06-29T13:48:44","modified_gmt":"2022-06-29T11:48:44","slug":"vasil-hadzimanov-and-stefan-milenkovic-at-the-docek-7529","status":"publish","type":"post","link":"https:\/\/visitdistrikt.rs\/en\/2021\/01\/08\/vasil-hadzimanov-and-stefan-milenkovic-at-the-docek-7529\/","title":{"rendered":"Vasil Had\u017eimanov and Stefan Milenkovi\u0107 Share the Stage at the Spectacular Do\u010dek 7529"},"content":{"rendered":"<h4>Vasil Had\u017eimanov, the famous pianist and composer, will join Stefan Milenkovi\u0107 and Novi Sad chamber orchestra \u2018Camerata Academica\u2019 in a spectacular concert within Do\u010dek 7529.<\/h4>\n<p><!--more--><\/p>\n<p>The great name of jazz will join Milenkovi\u0107 in performing the songs \u2018Preko brda, preko brega\u2019 and \u2018The Christmas Song\u2019, while the audience will have an opportunity to see the whole concert both online on the <a href=\"https:\/\/visitdistrikt.rs\/en\/\" target=\"_blank\" rel=\"noopener noreferrer\">visitns.rs<\/a> platform and on the Second programme of Radio Television of Serbia, on 13 January, at 8 p.m.<\/p>\n<p>With this concert, the first City Concert Hall as well as the doors of the Academy of Arts will be open to the future lecturers Milenkovi\u0107 and Had\u017eimanov. The fact that these two virtuosos will come to the city of culture represents a unique event within the preparations of Novi Sad for the European Capital of Culture title.<\/p>\n<div id='gallery-1' class='gallery galleryid-5757 gallery-columns-2 gallery-size-full'><figure class='gallery-item'>\n\t\t\t<div class='gallery-icon portrait'>\n\t\t\t\t<a href='https:\/\/visitdistrikt.rs\/media\/2021\/01\/Vasil-Hadzimanov-foto-Milan-Josipovic.jpg'><img fetchpriority=\"high\" decoding=\"async\" width=\"1000\" height=\"1493\" src=\"https:\/\/visitdistrikt.rs\/media\/2021\/01\/Vasil-Hadzimanov-foto-Milan-Josipovic.jpg\" class=\"attachment-full size-full\" alt=\"\" srcset=\"https:\/\/visitdistrikt.rs\/media\/2021\/01\/Vasil-Hadzimanov-foto-Milan-Josipovic.jpg 1000w, https:\/\/visitdistrikt.rs\/media\/2021\/01\/Vasil-Hadzimanov-foto-Milan-Josipovic-201x300.jpg 201w, https:\/\/visitdistrikt.rs\/media\/2021\/01\/Vasil-Hadzimanov-foto-Milan-Josipovic-686x1024.jpg 686w, https:\/\/visitdistrikt.rs\/media\/2021\/01\/Vasil-Hadzimanov-foto-Milan-Josipovic-768x1147.jpg 768w\" sizes=\"(max-width: 1000px) 100vw, 1000px\" \/><\/a>\n\t\t\t<\/div><\/figure><figure class='gallery-item'>\n\t\t\t<div class='gallery-icon portrait'>\n\t\t\t\t<a href='https:\/\/visitdistrikt.rs\/media\/2021\/01\/Stefan-Milenkovic-foto-Filip-Milenkovic.jpg'><img decoding=\"async\" width=\"1000\" height=\"1493\" src=\"https:\/\/visitdistrikt.rs\/media\/2021\/01\/Stefan-Milenkovic-foto-Filip-Milenkovic.jpg\" class=\"attachment-full size-full\" alt=\"\" srcset=\"https:\/\/visitdistrikt.rs\/media\/2021\/01\/Stefan-Milenkovic-foto-Filip-Milenkovic.jpg 1000w, https:\/\/visitdistrikt.rs\/media\/2021\/01\/Stefan-Milenkovic-foto-Filip-Milenkovic-201x300.jpg 201w, https:\/\/visitdistrikt.rs\/media\/2021\/01\/Stefan-Milenkovic-foto-Filip-Milenkovic-686x1024.jpg 686w, https:\/\/visitdistrikt.rs\/media\/2021\/01\/Stefan-Milenkovic-foto-Filip-Milenkovic-768x1147.jpg 768w\" sizes=\"(max-width: 1000px) 100vw, 1000px\" \/><\/a>\n\t\t\t<\/div><\/figure>\n\t\t<\/div>\n\n<p>Combined with the Camerata Academica orchestra, Vasil Had\u017eimanov and Stefan Milenkovi\u0107 will make 13 January magical and unique by combining different musical styles, talent and passion.<\/p>\n<p>The unique Do\u010dek in Novi Sad that connects two New Year Eves, two calendars and two time calculations, 31 December and 13 January, will be held in an online format for the first time ever, presenting new spaces for culture, such as Fabrika, Skladi\u0161te and Biro in Veliki Liman, the future \u010celi\u010dana, the <a href=\"https:\/\/kulturnestanice.rs\/en\/\" target=\"_blank\" rel=\"noopener noreferrer\">network of cultural stations<\/a> and the first City Concert Hall.<\/p>\n<p>On New Year&#8217;s Eve, 31 December, Novi Sad, the future European Capital of Culture, presented the opera spectacle \u2018Rigoletto\u2019 to the audience around the world. The opera was broadcast via the visitns.rs platform. In addition to Milenkovi\u0107, Had\u017eimanov and the chamber orchestra \u2018Camerata Academica\u2019, <em>Elektri\u010dni Orgazam<\/em>, <em>Bu\u010d Kesidi<\/em>, the \u2018<em>D\u017eezva &amp; D\u017eezvica<\/em>\u2019 band, a young violinist <strong>Lana Zorjan<\/strong>, Novi Sad Brass Quintet, as well as the sopran <strong>Vitkay-Kucsera \u00c1gota<\/strong>\u00a0with the pianist <strong>Jelena Simonovi\u0107 Kova\u010devi\u0107<\/strong> will perform on 13 January as well. <strong>Filip Arsenijevi\u0107<\/strong>, the Serbian rapper, will join them with the performance of his innovative group \u2018<em>Surreal &amp; Beyond<\/em>\u2019, as well as the \u2018Sveti Stefan De\u010danski\u2019 choir with the \u2018Orfelin\u2019 string orchestra, while the youngest ones will have an opportunity to enjoy the opera for children by the \u2018Visoko C\u2019 Association of Artists.<\/p>\n<p><em><strong>Photo<\/strong>: Filip Milenkovi\u0107, Milan Josipovi\u0107<\/em><\/p>\n","protected":false},"excerpt":{"rendered":"<p>Vasil Had\u017eimanov, the famous pianist and composer, will join Stefan Milenkovi\u0107 and Novi Sad chamber orchestra \u2018Camerata Academica\u2019 in a spectacular concert within Do\u010dek 7529.<\/p>\n","protected":false},"author":3,"featured_media":5701,"comment_status":"closed","ping_status":"open","sticky":false,"template":"","format":"standard","meta":{"footnotes":"","_links_to":"","_links_to_target":""},"categories":[490],"tags":[530,460,531,532],"yoast_head":"<!-- This site is optimized with the Yoast SEO plugin v22.4 - https:\/\/yoast.com\/wordpress\/plugins\/seo\/ -->\n<title>Vasil Had\u017eimanov and Stefan Milenkovi\u0107 Share the Stage at Do\u010dek 7529<\/title>\n<meta name=\"description\" content=\"Vasil Had\u017eimanov, the famous pianist and composer, will join Stefan Milenkovi\u0107 in a spectacular concert within Do\u010dek 7529.\" \/>\n<meta name=\"robots\" content=\"index, follow, max-snippet:-1, max-image-preview:large, max-video-preview:-1\" \/>\n<link rel=\"canonical\" href=\"https:\/\/visitdistrikt.rs\/en\/2021\/01\/08\/vasil-hadzimanov-and-stefan-milenkovic-at-the-docek-7529\/\" \/>\n<meta property=\"og:locale\" content=\"en_US\" \/>\n<meta property=\"og:type\" content=\"article\" \/>\n<meta property=\"og:title\" content=\"Vasil Had\u017eimanov and Stefan Milenkovi\u0107 Share the Stage at Do\u010dek 7529\" \/>\n<meta property=\"og:description\" content=\"Vasil Had\u017eimanov, the famous pianist and composer, will join Stefan Milenkovi\u0107 in a spectacular concert within Do\u010dek 7529.\" \/>\n<meta property=\"og:url\" content=\"https:\/\/visitdistrikt.rs\/en\/2021\/01\/08\/vasil-hadzimanov-and-stefan-milenkovic-at-the-docek-7529\/\" \/>\n<meta property=\"og:site_name\" content=\"Visit Distrikt Novi Sad\" \/>\n<meta property=\"article:published_time\" content=\"2021-01-08T12:04:02+00:00\" \/>\n<meta property=\"article:modified_time\" content=\"2022-06-29T11:48:44+00:00\" \/>\n<meta property=\"og:image\" content=\"https:\/\/visitdistrikt.rs\/media\/2021\/01\/Vasil-Hadzimanov-foto-Milan-Josipovic-1.jpg\" \/>\n\t<meta property=\"og:image:width\" content=\"2560\" \/>\n\t<meta property=\"og:image:height\" content=\"800\" \/>\n\t<meta property=\"og:image:type\" content=\"image\/jpeg\" \/>\n<meta name=\"author\" content=\"Nadja\" \/>\n<meta name=\"twitter:card\" content=\"summary_large_image\" \/>\n<meta name=\"twitter:label1\" content=\"Written by\" \/>\n\t<meta name=\"twitter:data1\" content=\"Nadja\" \/>\n\t<meta name=\"twitter:label2\" content=\"Est. reading time\" \/>\n\t<meta name=\"twitter:data2\" content=\"2 minutes\" \/>\n<script type=\"application\/ld+json\" class=\"yoast-schema-graph\">{\"@context\":\"https:\/\/schema.org\",\"@graph\":[{\"@type\":\"WebPage\",\"@id\":\"https:\/\/visitdistrikt.rs\/en\/2021\/01\/08\/vasil-hadzimanov-and-stefan-milenkovic-at-the-docek-7529\/\",\"url\":\"https:\/\/visitdistrikt.rs\/en\/2021\/01\/08\/vasil-hadzimanov-and-stefan-milenkovic-at-the-docek-7529\/\",\"name\":\"Vasil Had\u017eimanov and Stefan Milenkovi\u0107 Share the Stage at Do\u010dek 7529\",\"isPartOf\":{\"@id\":\"https:\/\/visitdistrikt.rs\/#website\"},\"primaryImageOfPage\":{\"@id\":\"https:\/\/visitdistrikt.rs\/en\/2021\/01\/08\/vasil-hadzimanov-and-stefan-milenkovic-at-the-docek-7529\/#primaryimage\"},\"image\":{\"@id\":\"https:\/\/visitdistrikt.rs\/en\/2021\/01\/08\/vasil-hadzimanov-and-stefan-milenkovic-at-the-docek-7529\/#primaryimage\"},\"thumbnailUrl\":\"https:\/\/visitdistrikt.rs\/media\/2021\/01\/Vasil-Hadzimanov-foto-Milan-Josipovic-1.jpg\",\"datePublished\":\"2021-01-08T12:04:02+00:00\",\"dateModified\":\"2022-06-29T11:48:44+00:00\",\"author\":{\"@id\":\"https:\/\/visitdistrikt.rs\/#\/schema\/person\/d14c12f469b14b67ac146d37913d83d6\"},\"description\":\"Vasil Had\u017eimanov, the famous pianist and composer, will join Stefan Milenkovi\u0107 in a spectacular concert within Do\u010dek 7529.\",\"breadcrumb\":{\"@id\":\"https:\/\/visitdistrikt.rs\/en\/2021\/01\/08\/vasil-hadzimanov-and-stefan-milenkovic-at-the-docek-7529\/#breadcrumb\"},\"inLanguage\":\"en-US\",\"potentialAction\":[{\"@type\":\"ReadAction\",\"target\":[\"https:\/\/visitdistrikt.rs\/en\/2021\/01\/08\/vasil-hadzimanov-and-stefan-milenkovic-at-the-docek-7529\/\"]}]},{\"@type\":\"ImageObject\",\"inLanguage\":\"en-US\",\"@id\":\"https:\/\/visitdistrikt.rs\/en\/2021\/01\/08\/vasil-hadzimanov-and-stefan-milenkovic-at-the-docek-7529\/#primaryimage\",\"url\":\"https:\/\/visitdistrikt.rs\/media\/2021\/01\/Vasil-Hadzimanov-foto-Milan-Josipovic-1.jpg\",\"contentUrl\":\"https:\/\/visitdistrikt.rs\/media\/2021\/01\/Vasil-Hadzimanov-foto-Milan-Josipovic-1.jpg\",\"width\":2560,\"height\":800},{\"@type\":\"BreadcrumbList\",\"@id\":\"https:\/\/visitdistrikt.rs\/en\/2021\/01\/08\/vasil-hadzimanov-and-stefan-milenkovic-at-the-docek-7529\/#breadcrumb\",\"itemListElement\":[{\"@type\":\"ListItem\",\"position\":1,\"name\":\"Home\",\"item\":\"https:\/\/visitdistrikt.rs\/en\/\"},{\"@type\":\"ListItem\",\"position\":2,\"name\":\"Vasil Had\u017eimanov and Stefan Milenkovi\u0107 Share the Stage at the Spectacular Do\u010dek 7529\"}]},{\"@type\":\"WebSite\",\"@id\":\"https:\/\/visitdistrikt.rs\/#website\",\"url\":\"https:\/\/visitdistrikt.rs\/\",\"name\":\"Visit Distrikt Novi Sad\",\"description\":\"Novi Sad\",\"potentialAction\":[{\"@type\":\"SearchAction\",\"target\":{\"@type\":\"EntryPoint\",\"urlTemplate\":\"https:\/\/visitdistrikt.rs\/?s={search_term_string}\"},\"query-input\":\"required name=search_term_string\"}],\"inLanguage\":\"en-US\"},{\"@type\":\"Person\",\"@id\":\"https:\/\/visitdistrikt.rs\/#\/schema\/person\/d14c12f469b14b67ac146d37913d83d6\",\"name\":\"Nadja\",\"image\":{\"@type\":\"ImageObject\",\"inLanguage\":\"en-US\",\"@id\":\"https:\/\/visitdistrikt.rs\/#\/schema\/person\/image\/\",\"url\":\"https:\/\/secure.gravatar.com\/avatar\/2a98ad6df38b68a7998a319b57e3c9fd?s=96&d=mm&r=g\",\"contentUrl\":\"https:\/\/secure.gravatar.com\/avatar\/2a98ad6df38b68a7998a319b57e3c9fd?s=96&d=mm&r=g\",\"caption\":\"Nadja\"}}]}<\/script>\n<!-- \/ Yoast SEO plugin. -->","yoast_head_json":{"title":"Vasil Had\u017eimanov and Stefan Milenkovi\u0107 Share the Stage at Do\u010dek 7529","description":"Vasil Had\u017eimanov, the famous pianist and composer, will join Stefan Milenkovi\u0107 in a spectacular concert within Do\u010dek 7529.","robots":{"index":"index","follow":"follow","max-snippet":"max-snippet:-1","max-image-preview":"max-image-preview:large","max-video-preview":"max-video-preview:-1"},"canonical":"https:\/\/visitdistrikt.rs\/en\/2021\/01\/08\/vasil-hadzimanov-and-stefan-milenkovic-at-the-docek-7529\/","og_locale":"en_US","og_type":"article","og_title":"Vasil Had\u017eimanov and Stefan Milenkovi\u0107 Share the Stage at Do\u010dek 7529","og_description":"Vasil Had\u017eimanov, the famous pianist and composer, will join Stefan Milenkovi\u0107 in a spectacular concert within Do\u010dek 7529.","og_url":"https:\/\/visitdistrikt.rs\/en\/2021\/01\/08\/vasil-hadzimanov-and-stefan-milenkovic-at-the-docek-7529\/","og_site_name":"Visit Distrikt Novi Sad","article_published_time":"2021-01-08T12:04:02+00:00","article_modified_time":"2022-06-29T11:48:44+00:00","og_image":[{"width":2560,"height":800,"url":"https:\/\/visitdistrikt.rs\/media\/2021\/01\/Vasil-Hadzimanov-foto-Milan-Josipovic-1.jpg","type":"image\/jpeg"}],"author":"Nadja","twitter_card":"summary_large_image","twitter_misc":{"Written by":"Nadja","Est. reading time":"2 minutes"},"schema":{"@context":"https:\/\/schema.org","@graph":[{"@type":"WebPage","@id":"https:\/\/visitdistrikt.rs\/en\/2021\/01\/08\/vasil-hadzimanov-and-stefan-milenkovic-at-the-docek-7529\/","url":"https:\/\/visitdistrikt.rs\/en\/2021\/01\/08\/vasil-hadzimanov-and-stefan-milenkovic-at-the-docek-7529\/","name":"Vasil Had\u017eimanov and Stefan Milenkovi\u0107 Share the Stage at Do\u010dek 7529","isPartOf":{"@id":"https:\/\/visitdistrikt.rs\/#website"},"primaryImageOfPage":{"@id":"https:\/\/visitdistrikt.rs\/en\/2021\/01\/08\/vasil-hadzimanov-and-stefan-milenkovic-at-the-docek-7529\/#primaryimage"},"image":{"@id":"https:\/\/visitdistrikt.rs\/en\/2021\/01\/08\/vasil-hadzimanov-and-stefan-milenkovic-at-the-docek-7529\/#primaryimage"},"thumbnailUrl":"https:\/\/visitdistrikt.rs\/media\/2021\/01\/Vasil-Hadzimanov-foto-Milan-Josipovic-1.jpg","datePublished":"2021-01-08T12:04:02+00:00","dateModified":"2022-06-29T11:48:44+00:00","author":{"@id":"https:\/\/visitdistrikt.rs\/#\/schema\/person\/d14c12f469b14b67ac146d37913d83d6"},"description":"Vasil Had\u017eimanov, the famous pianist and composer, will join Stefan Milenkovi\u0107 in a spectacular concert within Do\u010dek 7529.","breadcrumb":{"@id":"https:\/\/visitdistrikt.rs\/en\/2021\/01\/08\/vasil-hadzimanov-and-stefan-milenkovic-at-the-docek-7529\/#breadcrumb"},"inLanguage":"en-US","potentialAction":[{"@type":"ReadAction","target":["https:\/\/visitdistrikt.rs\/en\/2021\/01\/08\/vasil-hadzimanov-and-stefan-milenkovic-at-the-docek-7529\/"]}]},{"@type":"ImageObject","inLanguage":"en-US","@id":"https:\/\/visitdistrikt.rs\/en\/2021\/01\/08\/vasil-hadzimanov-and-stefan-milenkovic-at-the-docek-7529\/#primaryimage","url":"https:\/\/visitdistrikt.rs\/media\/2021\/01\/Vasil-Hadzimanov-foto-Milan-Josipovic-1.jpg","contentUrl":"https:\/\/visitdistrikt.rs\/media\/2021\/01\/Vasil-Hadzimanov-foto-Milan-Josipovic-1.jpg","width":2560,"height":800},{"@type":"BreadcrumbList","@id":"https:\/\/visitdistrikt.rs\/en\/2021\/01\/08\/vasil-hadzimanov-and-stefan-milenkovic-at-the-docek-7529\/#breadcrumb","itemListElement":[{"@type":"ListItem","position":1,"name":"Home","item":"https:\/\/visitdistrikt.rs\/en\/"},{"@type":"ListItem","position":2,"name":"Vasil Had\u017eimanov and Stefan Milenkovi\u0107 Share the Stage at the Spectacular Do\u010dek 7529"}]},{"@type":"WebSite","@id":"https:\/\/visitdistrikt.rs\/#website","url":"https:\/\/visitdistrikt.rs\/","name":"Visit Distrikt Novi Sad","description":"Novi Sad","potentialAction":[{"@type":"SearchAction","target":{"@type":"EntryPoint","urlTemplate":"https:\/\/visitdistrikt.rs\/?s={search_term_string}"},"query-input":"required name=search_term_string"}],"inLanguage":"en-US"},{"@type":"Person","@id":"https:\/\/visitdistrikt.rs\/#\/schema\/person\/d14c12f469b14b67ac146d37913d83d6","name":"Nadja","image":{"@type":"ImageObject","inLanguage":"en-US","@id":"https:\/\/visitdistrikt.rs\/#\/schema\/person\/image\/","url":"https:\/\/secure.gravatar.com\/avatar\/2a98ad6df38b68a7998a319b57e3c9fd?s=96&d=mm&r=g","contentUrl":"https:\/\/secure.gravatar.com\/avatar\/2a98ad6df38b68a7998a319b57e3c9fd?s=96&d=mm&r=g","caption":"Nadja"}}]}},"_links":{"self":[{"href":"https:\/\/visitdistrikt.rs\/en\/wp-json\/wp\/v2\/posts\/5757"}],"collection":[{"href":"https:\/\/visitdistrikt.rs\/en\/wp-json\/wp\/v2\/posts"}],"about":[{"href":"https:\/\/visitdistrikt.rs\/en\/wp-json\/wp\/v2\/types\/post"}],"author":[{"embeddable":true,"href":"https:\/\/visitdistrikt.rs\/en\/wp-json\/wp\/v2\/users\/3"}],"replies":[{"embeddable":true,"href":"https:\/\/visitdistrikt.rs\/en\/wp-json\/wp\/v2\/comments?post=5757"}],"version-history":[{"count":5,"href":"https:\/\/visitdistrikt.rs\/en\/wp-json\/wp\/v2\/posts\/5757\/revisions"}],"predecessor-version":[{"id":36465,"href":"https:\/\/visitdistrikt.rs\/en\/wp-json\/wp\/v2\/posts\/5757\/revisions\/36465"}],"wp:featuredmedia":[{"embeddable":true,"href":"https:\/\/visitdistrikt.rs\/en\/wp-json\/wp\/v2\/media\/5701"}],"wp:attachment":[{"href":"https:\/\/visitdistrikt.rs\/en\/wp-json\/wp\/v2\/media?parent=5757"}],"wp:term":[{"taxonomy":"category","embeddable":true,"href":"https:\/\/visitdistrikt.rs\/en\/wp-json\/wp\/v2\/categories?post=5757"},{"taxonomy":"post_tag","embeddable":true,"href":"https:\/\/visitdistrikt.rs\/en\/wp-json\/wp\/v2\/tags?post=5757"}],"curies":[{"name":"wp","href":"https:\/\/api.w.org\/{rel}","templated":true}]}}