{"id":5795,"date":"2021-01-11T11:37:07","date_gmt":"2021-01-11T10:37:07","guid":{"rendered":"https:\/\/visitdistrikt.rs\/?p=5795"},"modified":"2021-01-11T11:37:07","modified_gmt":"2021-01-11T10:37:07","slug":"lana-zorjan-brings-magic-of-the-violin-to-docek-7529","status":"publish","type":"post","link":"https:\/\/visitdistrikt.rs\/en\/2021\/01\/11\/lana-zorjan-brings-magic-of-the-violin-to-docek-7529\/","title":{"rendered":"Lana Zorjan Brings Magic of the Violin to Do\u010dek 7529"},"content":{"rendered":"<h4><span>The warmth brought by the sound of the violin somehow fits perfectly into the winter holidays, so the performance of Lana Zorjan, the young violinist from Novi Sad within Do\u010dek 7529 will be a real treat for the audience.<\/span><\/h4>\n<p><!--more--><\/p>\n<p><span>The concert is part of the programme which will present new spaces for culture on 13 January in the online format on the <a href=\"https:\/\/visitdistrikt.rs\/en\/\" target=\"_blank\" rel=\"noopener noreferrer\">Visit Novi Sad<\/a> platform.<\/span><\/p>\n<p><span>In the space of the former shooting range, transformed into the first Novi Sad cultural station, which in two years has taken a significant place on the cultural map of the city, Lana will perform four compositions accompanied by <strong>Milena Bu\u010da<\/strong> on the piano. On this occasion, Lana Zorjan revealed to us why she is looking forward to this performance in online format:<\/span><\/p>\n<p><em>\u2018It is a different feeling when you perform without an audience. I have been performing online for almost a year and I really miss audience, their reactions. However, more people will be able to see the performance, having in mind that we are limited in space. Everyone can join us online.\u2019<\/em><\/p>\n<p><img fetchpriority=\"high\" decoding=\"async\" class=\"alignnone size-full wp-image-5314\" src=\"https:\/\/visitdistrikt.rs\/media\/2020\/12\/IMG_6944UrosD-scaled.jpg\" alt=\"\" width=\"2560\" height=\"1707\" srcset=\"https:\/\/visitdistrikt.rs\/media\/2020\/12\/IMG_6944UrosD-scaled.jpg 2560w, https:\/\/visitdistrikt.rs\/media\/2020\/12\/IMG_6944UrosD-300x200.jpg 300w, https:\/\/visitdistrikt.rs\/media\/2020\/12\/IMG_6944UrosD-1024x683.jpg 1024w, https:\/\/visitdistrikt.rs\/media\/2020\/12\/IMG_6944UrosD-768x512.jpg 768w, https:\/\/visitdistrikt.rs\/media\/2020\/12\/IMG_6944UrosD-1536x1024.jpg 1536w, https:\/\/visitdistrikt.rs\/media\/2020\/12\/IMG_6944UrosD-2048x1365.jpg 2048w, https:\/\/visitdistrikt.rs\/media\/2020\/12\/IMG_6944UrosD-1320x880.jpg 1320w\" sizes=\"(max-width: 2560px) 100vw, 2560px\" \/><\/p>\n<p>Lana held the violin for first time when she was four and since then, she has been achieving success and awards, including more that 40 of them. The student of \u2018Isidor Baji\u0107\u2019 Music School in Novi Sad was a representative of Serbia at the recent international competition <em>\u2018Virtuosos V4+ \u2013 We Play the Same Language\u2019<\/em> in Budapest, where she received a special award.<\/p>\n<p><em>\u2018It was a wonderful experience. I received the special award, which included the violin with the signatures by Pl\u00e1cido Domingo and Tom\u00e1\u0161 Koc\u00e1k, which is very important to me. The thing I will remember the most are friends I have met. We hung out and we kept the distance by joining four or five tables, but that didn\u2019t bother us. We were together all the time, worked in the studio, hung out, and cheered each other on\u2019,<\/em> said Lana.<\/p>\n<p>A unique Do\u010dek in Novi Sad, which connects two celebrations of New Year\u2019s Eve, two calendars and two ways of measuring time, will continue its tradition on 31 December and 13 January, but in online form, by opening new spaces for culture so that Serbian Athens can welcome the title of the <a href=\"https:\/\/novisad2021.rs\/en\/\" target=\"_blank\" rel=\"noopener noreferrer\">European Capital of Culture<\/a>. The fourth Do\u010dek will present a world famous virtuoso, performers that received international awards, as well as young talents of different music genres \u2013 classical, traditional and electronic music, jazz, indie rock, rap, etc.<\/p>\n<p><em><strong>Photo<\/strong>: Uro\u0161 Do\u017ei\u0107<\/em><\/p>\n","protected":false},"excerpt":{"rendered":"<p>The warmth brought by the sound of the violin somehow fits perfectly into the winter holidays, so the performance of Lana Zorjan, the young violinist from Novi Sad within Do\u010dek 7529 will be a real treat for the audience.<\/p>\n","protected":false},"author":3,"featured_media":5315,"comment_status":"closed","ping_status":"open","sticky":false,"template":"","format":"standard","meta":{"footnotes":"","_links_to":"","_links_to_target":""},"categories":[490],"tags":[460,539],"yoast_head":"<!-- This site is optimized with the Yoast SEO plugin v22.4 - https:\/\/yoast.com\/wordpress\/plugins\/seo\/ -->\n<title>Lana Zorjan Brings Magic of the Violin to Do\u010dek 7529 - Visit Distrikt Novi Sad<\/title>\n<meta name=\"description\" content=\"The performance of Lana Zorjan, the young violinist from Novi Sad within Do\u010dek 7529 will be a real treat for the audience.\" \/>\n<meta name=\"robots\" content=\"index, follow, max-snippet:-1, max-image-preview:large, max-video-preview:-1\" \/>\n<link rel=\"canonical\" href=\"https:\/\/visitdistrikt.rs\/en\/2021\/01\/11\/lana-zorjan-brings-magic-of-the-violin-to-docek-7529\/\" \/>\n<meta property=\"og:locale\" content=\"en_US\" \/>\n<meta property=\"og:type\" content=\"article\" \/>\n<meta property=\"og:title\" content=\"Lana Zorjan Brings Magic of the Violin to Do\u010dek 7529 - Visit Distrikt Novi Sad\" \/>\n<meta property=\"og:description\" content=\"The performance of Lana Zorjan, the young violinist from Novi Sad within Do\u010dek 7529 will be a real treat for the audience.\" \/>\n<meta property=\"og:url\" content=\"https:\/\/visitdistrikt.rs\/en\/2021\/01\/11\/lana-zorjan-brings-magic-of-the-violin-to-docek-7529\/\" \/>\n<meta property=\"og:site_name\" content=\"Visit Distrikt Novi Sad\" \/>\n<meta property=\"article:published_time\" content=\"2021-01-11T10:37:07+00:00\" \/>\n<meta property=\"og:image\" content=\"https:\/\/visitdistrikt.rs\/media\/2020\/12\/IMG_6944UrosD-scaled.jpg\" \/>\n\t<meta property=\"og:image:width\" content=\"2560\" \/>\n\t<meta property=\"og:image:height\" content=\"1707\" \/>\n\t<meta property=\"og:image:type\" content=\"image\/jpeg\" \/>\n<meta name=\"author\" content=\"Nadja\" \/>\n<meta name=\"twitter:card\" content=\"summary_large_image\" \/>\n<meta name=\"twitter:label1\" content=\"Written by\" \/>\n\t<meta name=\"twitter:data1\" content=\"Nadja\" \/>\n\t<meta name=\"twitter:label2\" content=\"Est. reading time\" \/>\n\t<meta name=\"twitter:data2\" content=\"2 minutes\" \/>\n<script type=\"application\/ld+json\" class=\"yoast-schema-graph\">{\"@context\":\"https:\/\/schema.org\",\"@graph\":[{\"@type\":\"WebPage\",\"@id\":\"https:\/\/visitdistrikt.rs\/en\/2021\/01\/11\/lana-zorjan-brings-magic-of-the-violin-to-docek-7529\/\",\"url\":\"https:\/\/visitdistrikt.rs\/en\/2021\/01\/11\/lana-zorjan-brings-magic-of-the-violin-to-docek-7529\/\",\"name\":\"Lana Zorjan Brings Magic of the Violin to Do\u010dek 7529 - Visit Distrikt Novi Sad\",\"isPartOf\":{\"@id\":\"https:\/\/visitdistrikt.rs\/#website\"},\"primaryImageOfPage\":{\"@id\":\"https:\/\/visitdistrikt.rs\/en\/2021\/01\/11\/lana-zorjan-brings-magic-of-the-violin-to-docek-7529\/#primaryimage\"},\"image\":{\"@id\":\"https:\/\/visitdistrikt.rs\/en\/2021\/01\/11\/lana-zorjan-brings-magic-of-the-violin-to-docek-7529\/#primaryimage\"},\"thumbnailUrl\":\"https:\/\/visitdistrikt.rs\/media\/2020\/12\/IMG_6944UrosD-scaled.jpg\",\"datePublished\":\"2021-01-11T10:37:07+00:00\",\"dateModified\":\"2021-01-11T10:37:07+00:00\",\"author\":{\"@id\":\"https:\/\/visitdistrikt.rs\/#\/schema\/person\/d14c12f469b14b67ac146d37913d83d6\"},\"description\":\"The performance of Lana Zorjan, the young violinist from Novi Sad within Do\u010dek 7529 will be a real treat for the audience.\",\"breadcrumb\":{\"@id\":\"https:\/\/visitdistrikt.rs\/en\/2021\/01\/11\/lana-zorjan-brings-magic-of-the-violin-to-docek-7529\/#breadcrumb\"},\"inLanguage\":\"en-US\",\"potentialAction\":[{\"@type\":\"ReadAction\",\"target\":[\"https:\/\/visitdistrikt.rs\/en\/2021\/01\/11\/lana-zorjan-brings-magic-of-the-violin-to-docek-7529\/\"]}]},{\"@type\":\"ImageObject\",\"inLanguage\":\"en-US\",\"@id\":\"https:\/\/visitdistrikt.rs\/en\/2021\/01\/11\/lana-zorjan-brings-magic-of-the-violin-to-docek-7529\/#primaryimage\",\"url\":\"https:\/\/visitdistrikt.rs\/media\/2020\/12\/IMG_6944UrosD-scaled.jpg\",\"contentUrl\":\"https:\/\/visitdistrikt.rs\/media\/2020\/12\/IMG_6944UrosD-scaled.jpg\",\"width\":2560,\"height\":1707},{\"@type\":\"BreadcrumbList\",\"@id\":\"https:\/\/visitdistrikt.rs\/en\/2021\/01\/11\/lana-zorjan-brings-magic-of-the-violin-to-docek-7529\/#breadcrumb\",\"itemListElement\":[{\"@type\":\"ListItem\",\"position\":1,\"name\":\"Home\",\"item\":\"https:\/\/visitdistrikt.rs\/en\/\"},{\"@type\":\"ListItem\",\"position\":2,\"name\":\"Lana Zorjan Brings Magic of the Violin to Do\u010dek 7529\"}]},{\"@type\":\"WebSite\",\"@id\":\"https:\/\/visitdistrikt.rs\/#website\",\"url\":\"https:\/\/visitdistrikt.rs\/\",\"name\":\"Visit Distrikt Novi Sad\",\"description\":\"Novi Sad\",\"potentialAction\":[{\"@type\":\"SearchAction\",\"target\":{\"@type\":\"EntryPoint\",\"urlTemplate\":\"https:\/\/visitdistrikt.rs\/?s={search_term_string}\"},\"query-input\":\"required name=search_term_string\"}],\"inLanguage\":\"en-US\"},{\"@type\":\"Person\",\"@id\":\"https:\/\/visitdistrikt.rs\/#\/schema\/person\/d14c12f469b14b67ac146d37913d83d6\",\"name\":\"Nadja\",\"image\":{\"@type\":\"ImageObject\",\"inLanguage\":\"en-US\",\"@id\":\"https:\/\/visitdistrikt.rs\/#\/schema\/person\/image\/\",\"url\":\"https:\/\/secure.gravatar.com\/avatar\/2a98ad6df38b68a7998a319b57e3c9fd?s=96&d=mm&r=g\",\"contentUrl\":\"https:\/\/secure.gravatar.com\/avatar\/2a98ad6df38b68a7998a319b57e3c9fd?s=96&d=mm&r=g\",\"caption\":\"Nadja\"}}]}<\/script>\n<!-- \/ Yoast SEO plugin. -->","yoast_head_json":{"title":"Lana Zorjan Brings Magic of the Violin to Do\u010dek 7529 - Visit Distrikt Novi Sad","description":"The performance of Lana Zorjan, the young violinist from Novi Sad within Do\u010dek 7529 will be a real treat for the audience.","robots":{"index":"index","follow":"follow","max-snippet":"max-snippet:-1","max-image-preview":"max-image-preview:large","max-video-preview":"max-video-preview:-1"},"canonical":"https:\/\/visitdistrikt.rs\/en\/2021\/01\/11\/lana-zorjan-brings-magic-of-the-violin-to-docek-7529\/","og_locale":"en_US","og_type":"article","og_title":"Lana Zorjan Brings Magic of the Violin to Do\u010dek 7529 - Visit Distrikt Novi Sad","og_description":"The performance of Lana Zorjan, the young violinist from Novi Sad within Do\u010dek 7529 will be a real treat for the audience.","og_url":"https:\/\/visitdistrikt.rs\/en\/2021\/01\/11\/lana-zorjan-brings-magic-of-the-violin-to-docek-7529\/","og_site_name":"Visit Distrikt Novi Sad","article_published_time":"2021-01-11T10:37:07+00:00","og_image":[{"width":2560,"height":1707,"url":"https:\/\/visitdistrikt.rs\/media\/2020\/12\/IMG_6944UrosD-scaled.jpg","type":"image\/jpeg"}],"author":"Nadja","twitter_card":"summary_large_image","twitter_misc":{"Written by":"Nadja","Est. reading time":"2 minutes"},"schema":{"@context":"https:\/\/schema.org","@graph":[{"@type":"WebPage","@id":"https:\/\/visitdistrikt.rs\/en\/2021\/01\/11\/lana-zorjan-brings-magic-of-the-violin-to-docek-7529\/","url":"https:\/\/visitdistrikt.rs\/en\/2021\/01\/11\/lana-zorjan-brings-magic-of-the-violin-to-docek-7529\/","name":"Lana Zorjan Brings Magic of the Violin to Do\u010dek 7529 - Visit Distrikt Novi Sad","isPartOf":{"@id":"https:\/\/visitdistrikt.rs\/#website"},"primaryImageOfPage":{"@id":"https:\/\/visitdistrikt.rs\/en\/2021\/01\/11\/lana-zorjan-brings-magic-of-the-violin-to-docek-7529\/#primaryimage"},"image":{"@id":"https:\/\/visitdistrikt.rs\/en\/2021\/01\/11\/lana-zorjan-brings-magic-of-the-violin-to-docek-7529\/#primaryimage"},"thumbnailUrl":"https:\/\/visitdistrikt.rs\/media\/2020\/12\/IMG_6944UrosD-scaled.jpg","datePublished":"2021-01-11T10:37:07+00:00","dateModified":"2021-01-11T10:37:07+00:00","author":{"@id":"https:\/\/visitdistrikt.rs\/#\/schema\/person\/d14c12f469b14b67ac146d37913d83d6"},"description":"The performance of Lana Zorjan, the young violinist from Novi Sad within Do\u010dek 7529 will be a real treat for the audience.","breadcrumb":{"@id":"https:\/\/visitdistrikt.rs\/en\/2021\/01\/11\/lana-zorjan-brings-magic-of-the-violin-to-docek-7529\/#breadcrumb"},"inLanguage":"en-US","potentialAction":[{"@type":"ReadAction","target":["https:\/\/visitdistrikt.rs\/en\/2021\/01\/11\/lana-zorjan-brings-magic-of-the-violin-to-docek-7529\/"]}]},{"@type":"ImageObject","inLanguage":"en-US","@id":"https:\/\/visitdistrikt.rs\/en\/2021\/01\/11\/lana-zorjan-brings-magic-of-the-violin-to-docek-7529\/#primaryimage","url":"https:\/\/visitdistrikt.rs\/media\/2020\/12\/IMG_6944UrosD-scaled.jpg","contentUrl":"https:\/\/visitdistrikt.rs\/media\/2020\/12\/IMG_6944UrosD-scaled.jpg","width":2560,"height":1707},{"@type":"BreadcrumbList","@id":"https:\/\/visitdistrikt.rs\/en\/2021\/01\/11\/lana-zorjan-brings-magic-of-the-violin-to-docek-7529\/#breadcrumb","itemListElement":[{"@type":"ListItem","position":1,"name":"Home","item":"https:\/\/visitdistrikt.rs\/en\/"},{"@type":"ListItem","position":2,"name":"Lana Zorjan Brings Magic of the Violin to Do\u010dek 7529"}]},{"@type":"WebSite","@id":"https:\/\/visitdistrikt.rs\/#website","url":"https:\/\/visitdistrikt.rs\/","name":"Visit Distrikt Novi Sad","description":"Novi Sad","potentialAction":[{"@type":"SearchAction","target":{"@type":"EntryPoint","urlTemplate":"https:\/\/visitdistrikt.rs\/?s={search_term_string}"},"query-input":"required name=search_term_string"}],"inLanguage":"en-US"},{"@type":"Person","@id":"https:\/\/visitdistrikt.rs\/#\/schema\/person\/d14c12f469b14b67ac146d37913d83d6","name":"Nadja","image":{"@type":"ImageObject","inLanguage":"en-US","@id":"https:\/\/visitdistrikt.rs\/#\/schema\/person\/image\/","url":"https:\/\/secure.gravatar.com\/avatar\/2a98ad6df38b68a7998a319b57e3c9fd?s=96&d=mm&r=g","contentUrl":"https:\/\/secure.gravatar.com\/avatar\/2a98ad6df38b68a7998a319b57e3c9fd?s=96&d=mm&r=g","caption":"Nadja"}}]}},"_links":{"self":[{"href":"https:\/\/visitdistrikt.rs\/en\/wp-json\/wp\/v2\/posts\/5795"}],"collection":[{"href":"https:\/\/visitdistrikt.rs\/en\/wp-json\/wp\/v2\/posts"}],"about":[{"href":"https:\/\/visitdistrikt.rs\/en\/wp-json\/wp\/v2\/types\/post"}],"author":[{"embeddable":true,"href":"https:\/\/visitdistrikt.rs\/en\/wp-json\/wp\/v2\/users\/3"}],"replies":[{"embeddable":true,"href":"https:\/\/visitdistrikt.rs\/en\/wp-json\/wp\/v2\/comments?post=5795"}],"version-history":[{"count":1,"href":"https:\/\/visitdistrikt.rs\/en\/wp-json\/wp\/v2\/posts\/5795\/revisions"}],"predecessor-version":[{"id":5796,"href":"https:\/\/visitdistrikt.rs\/en\/wp-json\/wp\/v2\/posts\/5795\/revisions\/5796"}],"wp:featuredmedia":[{"embeddable":true,"href":"https:\/\/visitdistrikt.rs\/en\/wp-json\/wp\/v2\/media\/5315"}],"wp:attachment":[{"href":"https:\/\/visitdistrikt.rs\/en\/wp-json\/wp\/v2\/media?parent=5795"}],"wp:term":[{"taxonomy":"category","embeddable":true,"href":"https:\/\/visitdistrikt.rs\/en\/wp-json\/wp\/v2\/categories?post=5795"},{"taxonomy":"post_tag","embeddable":true,"href":"https:\/\/visitdistrikt.rs\/en\/wp-json\/wp\/v2\/tags?post=5795"}],"curies":[{"name":"wp","href":"https:\/\/api.w.org\/{rel}","templated":true}]}}