{"id":5818,"date":"2021-01-11T15:45:17","date_gmt":"2021-01-11T14:45:17","guid":{"rendered":"https:\/\/visitdistrikt.rs\/?p=5818"},"modified":"2021-01-11T15:45:17","modified_gmt":"2021-01-11T14:45:17","slug":"snow-white-children-opera-for-a-magical-docek-7529","status":"publish","type":"post","link":"https:\/\/visitdistrikt.rs\/en\/2021\/01\/11\/snow-white-children-opera-for-a-magical-docek-7529\/","title":{"rendered":"\u2018Snow White\u2019 Children Opera for a Magical Do\u010dek 7529"},"content":{"rendered":"<h4>The \u2018Visoko C\u2019 Association will be <span>in charge of\u00a0<\/span>this year\u2019s fairy tale and magic within Do\u010dek. Their \u2018Snow White\u2019 children opera will be a real treat for all children.<\/h4>\n<p><!--more--><\/p>\n<p>Children will have an opportunity to enjoy the performance online on the <a href=\"https:\/\/visitdistrikt.rs\/en\/\" target=\"_blank\" rel=\"noopener\">visitns.rs<\/a> platform, on 13 January, as well as on the Novosadska TV channel at 3:30 p.m.<\/p>\n<p>\u2018Snow White\u2019 is one of the first operas composed for children which brings thirty minutes of beautiful music by composer <strong>Petar Ko\u010di\u0107<\/strong>. The artists of the \u2018Visoko C\u2019 association performed the \u2018Snow White\u2019 for the first time in Novi Sad in 2016, and now, after four years, children will have a chance to see the premi\u00e8re of the new \u2018Snow White\u2019 with new decoration, costumes and protagonists.<\/p>\n<p><img fetchpriority=\"high\" decoding=\"async\" class=\"alignnone size-full wp-image-5792\" src=\"https:\/\/visitdistrikt.rs\/media\/2021\/01\/docek_visoko-ce_fb-post.png\" alt=\"\" width=\"1550\" height=\"813\" srcset=\"https:\/\/visitdistrikt.rs\/media\/2021\/01\/docek_visoko-ce_fb-post.png 1550w, https:\/\/visitdistrikt.rs\/media\/2021\/01\/docek_visoko-ce_fb-post-300x157.png 300w, https:\/\/visitdistrikt.rs\/media\/2021\/01\/docek_visoko-ce_fb-post-1024x537.png 1024w, https:\/\/visitdistrikt.rs\/media\/2021\/01\/docek_visoko-ce_fb-post-768x403.png 768w, https:\/\/visitdistrikt.rs\/media\/2021\/01\/docek_visoko-ce_fb-post-1536x806.png 1536w, https:\/\/visitdistrikt.rs\/media\/2021\/01\/docek_visoko-ce_fb-post-1320x692.png 1320w\" sizes=\"(max-width: 1550px) 100vw, 1550px\" \/><\/p>\n<p>The picturesque and playful scenes from a famous story present Snow White from the moment she had been left in the woods, where she founded a cottage that belongs to dwarfs, which led to the happy ending when the prince came and save Snow White. The \u2018Snow White\u2019 children opera consists of well-turned phrases and singing melodies and it bears a remarkable resemblance to the segment of some Puccini\u2019s or Verdi\u2019s opera.<\/p>\n<p>Citizens of Novi Sad celebrate Do\u010dek for the fourth time, within the concept of two calendars, two ways of measuring time, on 31 December and 13 January.\u00a0 This year, <a href=\"https:\/\/novisad2021.rs\/en\/\" target=\"_blank\" rel=\"noopener\">the European Capital of Culture<\/a> opted for an alternate \u2013 online form of a programme. Therefore, in addition to the \u2018Visoko C\u2019 Association and \u2018Snow White\u2019 Children Opera, the famous violinist <strong>Stefan Milenkovi\u0107<\/strong>, <strong>Vasil Had\u017eimanov<\/strong>, <em>Camerata Academica<\/em>, <em>Elektri\u010dni Orgazam<\/em>, <em>Bu\u010d Kesidi<\/em>, band <em>D\u017eezva &amp; D\u017eezvica<\/em>, a young violinist <strong>Lana Zorjan<\/strong>, <em>Chamber Ensemble<\/em>, the sopran <strong>Vitkay-Kucsera \u00c1gota<\/strong> with the pianist <strong>Jelena Simonovi\u0107 Kova\u010devi\u0107<\/strong>, will perform on 13 January. Furthermore, <strong>Filip Arsenijevi\u0107<\/strong>, a Serbian rapper, who will perform in an innovative arrangement called \u2018<em>Surreal &amp; Beyond<\/em>\u2019, \u2018<em>Sveti Stefan De\u010danski<\/em>\u2019 choir with the \u2018<em>Orfelin<\/em>\u2019 string orchestra, as well as <strong>Marko Veselinovi\u0107 aka Kick Kong<\/strong>, will also perform within Do\u010dek. You can find detailed programme timetable <a href=\"https:\/\/visitdistrikt.rs\/en\/2021\/01\/11\/programme-docek-7529\/\" target=\"_blank\" rel=\"noopener\">here<\/a>.<\/p>\n","protected":false},"excerpt":{"rendered":"<p>The \u2018Visoko C\u2019 Association will be in charge of\u00a0this year\u2019s fairy tale and magic within Do\u010dek. Their \u2018Snow White\u2019 children opera will be a real treat for all children.<\/p>\n","protected":false},"author":3,"featured_media":5791,"comment_status":"closed","ping_status":"open","sticky":false,"template":"","format":"standard","meta":{"footnotes":"","_links_to":"","_links_to_target":""},"categories":[490],"tags":[543,460,542,544],"yoast_head":"<!-- This site is optimized with the Yoast SEO plugin v22.4 - https:\/\/yoast.com\/wordpress\/plugins\/seo\/ -->\n<title>\u2018Snow White\u2019 Children Opera for a Magical Do\u010dek 7529 - Visit Distrikt Novi Sad<\/title>\n<meta name=\"description\" content=\"The \u2018Visoko C\u2019 Association will be in charge of\u00a0this year\u2019s fairy tale and magic within Do\u010dek, with their \u2018Snow White\u2019 children opera.\" \/>\n<meta name=\"robots\" content=\"index, follow, max-snippet:-1, max-image-preview:large, max-video-preview:-1\" \/>\n<link rel=\"canonical\" href=\"https:\/\/visitdistrikt.rs\/en\/2021\/01\/11\/snow-white-children-opera-for-a-magical-docek-7529\/\" \/>\n<meta property=\"og:locale\" content=\"en_US\" \/>\n<meta property=\"og:type\" content=\"article\" \/>\n<meta property=\"og:title\" content=\"\u2018Snow White\u2019 Children Opera for a Magical Do\u010dek 7529 - Visit Distrikt Novi Sad\" \/>\n<meta property=\"og:description\" content=\"The \u2018Visoko C\u2019 Association will be in charge of\u00a0this year\u2019s fairy tale and magic within Do\u010dek, with their \u2018Snow White\u2019 children opera.\" \/>\n<meta property=\"og:url\" content=\"https:\/\/visitdistrikt.rs\/en\/2021\/01\/11\/snow-white-children-opera-for-a-magical-docek-7529\/\" \/>\n<meta property=\"og:site_name\" content=\"Visit Distrikt Novi Sad\" \/>\n<meta property=\"article:published_time\" content=\"2021-01-11T14:45:17+00:00\" \/>\n<meta property=\"og:image\" content=\"https:\/\/visitdistrikt.rs\/media\/2021\/01\/snezana-opera.jpg\" \/>\n\t<meta property=\"og:image:width\" content=\"2048\" \/>\n\t<meta property=\"og:image:height\" content=\"1365\" \/>\n\t<meta property=\"og:image:type\" content=\"image\/jpeg\" \/>\n<meta name=\"author\" content=\"Nadja\" \/>\n<meta name=\"twitter:card\" content=\"summary_large_image\" \/>\n<meta name=\"twitter:label1\" content=\"Written by\" \/>\n\t<meta name=\"twitter:data1\" content=\"Nadja\" \/>\n\t<meta name=\"twitter:label2\" content=\"Est. reading time\" \/>\n\t<meta name=\"twitter:data2\" content=\"2 minutes\" \/>\n<script type=\"application\/ld+json\" class=\"yoast-schema-graph\">{\"@context\":\"https:\/\/schema.org\",\"@graph\":[{\"@type\":\"WebPage\",\"@id\":\"https:\/\/visitdistrikt.rs\/en\/2021\/01\/11\/snow-white-children-opera-for-a-magical-docek-7529\/\",\"url\":\"https:\/\/visitdistrikt.rs\/en\/2021\/01\/11\/snow-white-children-opera-for-a-magical-docek-7529\/\",\"name\":\"\u2018Snow White\u2019 Children Opera for a Magical Do\u010dek 7529 - Visit Distrikt Novi Sad\",\"isPartOf\":{\"@id\":\"https:\/\/visitdistrikt.rs\/#website\"},\"primaryImageOfPage\":{\"@id\":\"https:\/\/visitdistrikt.rs\/en\/2021\/01\/11\/snow-white-children-opera-for-a-magical-docek-7529\/#primaryimage\"},\"image\":{\"@id\":\"https:\/\/visitdistrikt.rs\/en\/2021\/01\/11\/snow-white-children-opera-for-a-magical-docek-7529\/#primaryimage\"},\"thumbnailUrl\":\"https:\/\/visitdistrikt.rs\/media\/2021\/01\/snezana-opera.jpg\",\"datePublished\":\"2021-01-11T14:45:17+00:00\",\"dateModified\":\"2021-01-11T14:45:17+00:00\",\"author\":{\"@id\":\"https:\/\/visitdistrikt.rs\/#\/schema\/person\/d14c12f469b14b67ac146d37913d83d6\"},\"description\":\"The \u2018Visoko C\u2019 Association will be in charge of\u00a0this year\u2019s fairy tale and magic within Do\u010dek, with their \u2018Snow White\u2019 children opera.\",\"breadcrumb\":{\"@id\":\"https:\/\/visitdistrikt.rs\/en\/2021\/01\/11\/snow-white-children-opera-for-a-magical-docek-7529\/#breadcrumb\"},\"inLanguage\":\"en-US\",\"potentialAction\":[{\"@type\":\"ReadAction\",\"target\":[\"https:\/\/visitdistrikt.rs\/en\/2021\/01\/11\/snow-white-children-opera-for-a-magical-docek-7529\/\"]}]},{\"@type\":\"ImageObject\",\"inLanguage\":\"en-US\",\"@id\":\"https:\/\/visitdistrikt.rs\/en\/2021\/01\/11\/snow-white-children-opera-for-a-magical-docek-7529\/#primaryimage\",\"url\":\"https:\/\/visitdistrikt.rs\/media\/2021\/01\/snezana-opera.jpg\",\"contentUrl\":\"https:\/\/visitdistrikt.rs\/media\/2021\/01\/snezana-opera.jpg\",\"width\":2048,\"height\":1365},{\"@type\":\"BreadcrumbList\",\"@id\":\"https:\/\/visitdistrikt.rs\/en\/2021\/01\/11\/snow-white-children-opera-for-a-magical-docek-7529\/#breadcrumb\",\"itemListElement\":[{\"@type\":\"ListItem\",\"position\":1,\"name\":\"Home\",\"item\":\"https:\/\/visitdistrikt.rs\/en\/\"},{\"@type\":\"ListItem\",\"position\":2,\"name\":\"\u2018Snow White\u2019 Children Opera for a Magical Do\u010dek 7529\"}]},{\"@type\":\"WebSite\",\"@id\":\"https:\/\/visitdistrikt.rs\/#website\",\"url\":\"https:\/\/visitdistrikt.rs\/\",\"name\":\"Visit Distrikt Novi Sad\",\"description\":\"Novi Sad\",\"potentialAction\":[{\"@type\":\"SearchAction\",\"target\":{\"@type\":\"EntryPoint\",\"urlTemplate\":\"https:\/\/visitdistrikt.rs\/?s={search_term_string}\"},\"query-input\":\"required name=search_term_string\"}],\"inLanguage\":\"en-US\"},{\"@type\":\"Person\",\"@id\":\"https:\/\/visitdistrikt.rs\/#\/schema\/person\/d14c12f469b14b67ac146d37913d83d6\",\"name\":\"Nadja\",\"image\":{\"@type\":\"ImageObject\",\"inLanguage\":\"en-US\",\"@id\":\"https:\/\/visitdistrikt.rs\/#\/schema\/person\/image\/\",\"url\":\"https:\/\/secure.gravatar.com\/avatar\/2a98ad6df38b68a7998a319b57e3c9fd?s=96&d=mm&r=g\",\"contentUrl\":\"https:\/\/secure.gravatar.com\/avatar\/2a98ad6df38b68a7998a319b57e3c9fd?s=96&d=mm&r=g\",\"caption\":\"Nadja\"}}]}<\/script>\n<!-- \/ Yoast SEO plugin. -->","yoast_head_json":{"title":"\u2018Snow White\u2019 Children Opera for a Magical Do\u010dek 7529 - Visit Distrikt Novi Sad","description":"The \u2018Visoko C\u2019 Association will be in charge of\u00a0this year\u2019s fairy tale and magic within Do\u010dek, with their \u2018Snow White\u2019 children opera.","robots":{"index":"index","follow":"follow","max-snippet":"max-snippet:-1","max-image-preview":"max-image-preview:large","max-video-preview":"max-video-preview:-1"},"canonical":"https:\/\/visitdistrikt.rs\/en\/2021\/01\/11\/snow-white-children-opera-for-a-magical-docek-7529\/","og_locale":"en_US","og_type":"article","og_title":"\u2018Snow White\u2019 Children Opera for a Magical Do\u010dek 7529 - Visit Distrikt Novi Sad","og_description":"The \u2018Visoko C\u2019 Association will be in charge of\u00a0this year\u2019s fairy tale and magic within Do\u010dek, with their \u2018Snow White\u2019 children opera.","og_url":"https:\/\/visitdistrikt.rs\/en\/2021\/01\/11\/snow-white-children-opera-for-a-magical-docek-7529\/","og_site_name":"Visit Distrikt Novi Sad","article_published_time":"2021-01-11T14:45:17+00:00","og_image":[{"width":2048,"height":1365,"url":"https:\/\/visitdistrikt.rs\/media\/2021\/01\/snezana-opera.jpg","type":"image\/jpeg"}],"author":"Nadja","twitter_card":"summary_large_image","twitter_misc":{"Written by":"Nadja","Est. reading time":"2 minutes"},"schema":{"@context":"https:\/\/schema.org","@graph":[{"@type":"WebPage","@id":"https:\/\/visitdistrikt.rs\/en\/2021\/01\/11\/snow-white-children-opera-for-a-magical-docek-7529\/","url":"https:\/\/visitdistrikt.rs\/en\/2021\/01\/11\/snow-white-children-opera-for-a-magical-docek-7529\/","name":"\u2018Snow White\u2019 Children Opera for a Magical Do\u010dek 7529 - Visit Distrikt Novi Sad","isPartOf":{"@id":"https:\/\/visitdistrikt.rs\/#website"},"primaryImageOfPage":{"@id":"https:\/\/visitdistrikt.rs\/en\/2021\/01\/11\/snow-white-children-opera-for-a-magical-docek-7529\/#primaryimage"},"image":{"@id":"https:\/\/visitdistrikt.rs\/en\/2021\/01\/11\/snow-white-children-opera-for-a-magical-docek-7529\/#primaryimage"},"thumbnailUrl":"https:\/\/visitdistrikt.rs\/media\/2021\/01\/snezana-opera.jpg","datePublished":"2021-01-11T14:45:17+00:00","dateModified":"2021-01-11T14:45:17+00:00","author":{"@id":"https:\/\/visitdistrikt.rs\/#\/schema\/person\/d14c12f469b14b67ac146d37913d83d6"},"description":"The \u2018Visoko C\u2019 Association will be in charge of\u00a0this year\u2019s fairy tale and magic within Do\u010dek, with their \u2018Snow White\u2019 children opera.","breadcrumb":{"@id":"https:\/\/visitdistrikt.rs\/en\/2021\/01\/11\/snow-white-children-opera-for-a-magical-docek-7529\/#breadcrumb"},"inLanguage":"en-US","potentialAction":[{"@type":"ReadAction","target":["https:\/\/visitdistrikt.rs\/en\/2021\/01\/11\/snow-white-children-opera-for-a-magical-docek-7529\/"]}]},{"@type":"ImageObject","inLanguage":"en-US","@id":"https:\/\/visitdistrikt.rs\/en\/2021\/01\/11\/snow-white-children-opera-for-a-magical-docek-7529\/#primaryimage","url":"https:\/\/visitdistrikt.rs\/media\/2021\/01\/snezana-opera.jpg","contentUrl":"https:\/\/visitdistrikt.rs\/media\/2021\/01\/snezana-opera.jpg","width":2048,"height":1365},{"@type":"BreadcrumbList","@id":"https:\/\/visitdistrikt.rs\/en\/2021\/01\/11\/snow-white-children-opera-for-a-magical-docek-7529\/#breadcrumb","itemListElement":[{"@type":"ListItem","position":1,"name":"Home","item":"https:\/\/visitdistrikt.rs\/en\/"},{"@type":"ListItem","position":2,"name":"\u2018Snow White\u2019 Children Opera for a Magical Do\u010dek 7529"}]},{"@type":"WebSite","@id":"https:\/\/visitdistrikt.rs\/#website","url":"https:\/\/visitdistrikt.rs\/","name":"Visit Distrikt Novi Sad","description":"Novi Sad","potentialAction":[{"@type":"SearchAction","target":{"@type":"EntryPoint","urlTemplate":"https:\/\/visitdistrikt.rs\/?s={search_term_string}"},"query-input":"required name=search_term_string"}],"inLanguage":"en-US"},{"@type":"Person","@id":"https:\/\/visitdistrikt.rs\/#\/schema\/person\/d14c12f469b14b67ac146d37913d83d6","name":"Nadja","image":{"@type":"ImageObject","inLanguage":"en-US","@id":"https:\/\/visitdistrikt.rs\/#\/schema\/person\/image\/","url":"https:\/\/secure.gravatar.com\/avatar\/2a98ad6df38b68a7998a319b57e3c9fd?s=96&d=mm&r=g","contentUrl":"https:\/\/secure.gravatar.com\/avatar\/2a98ad6df38b68a7998a319b57e3c9fd?s=96&d=mm&r=g","caption":"Nadja"}}]}},"_links":{"self":[{"href":"https:\/\/visitdistrikt.rs\/en\/wp-json\/wp\/v2\/posts\/5818"}],"collection":[{"href":"https:\/\/visitdistrikt.rs\/en\/wp-json\/wp\/v2\/posts"}],"about":[{"href":"https:\/\/visitdistrikt.rs\/en\/wp-json\/wp\/v2\/types\/post"}],"author":[{"embeddable":true,"href":"https:\/\/visitdistrikt.rs\/en\/wp-json\/wp\/v2\/users\/3"}],"replies":[{"embeddable":true,"href":"https:\/\/visitdistrikt.rs\/en\/wp-json\/wp\/v2\/comments?post=5818"}],"version-history":[{"count":2,"href":"https:\/\/visitdistrikt.rs\/en\/wp-json\/wp\/v2\/posts\/5818\/revisions"}],"predecessor-version":[{"id":5820,"href":"https:\/\/visitdistrikt.rs\/en\/wp-json\/wp\/v2\/posts\/5818\/revisions\/5820"}],"wp:featuredmedia":[{"embeddable":true,"href":"https:\/\/visitdistrikt.rs\/en\/wp-json\/wp\/v2\/media\/5791"}],"wp:attachment":[{"href":"https:\/\/visitdistrikt.rs\/en\/wp-json\/wp\/v2\/media?parent=5818"}],"wp:term":[{"taxonomy":"category","embeddable":true,"href":"https:\/\/visitdistrikt.rs\/en\/wp-json\/wp\/v2\/categories?post=5818"},{"taxonomy":"post_tag","embeddable":true,"href":"https:\/\/visitdistrikt.rs\/en\/wp-json\/wp\/v2\/tags?post=5818"}],"curies":[{"name":"wp","href":"https:\/\/api.w.org\/{rel}","templated":true}]}}