{"id":5856,"date":"2021-01-12T12:55:22","date_gmt":"2021-01-12T11:55:22","guid":{"rendered":"https:\/\/visitdistrikt.rs\/?p=5856"},"modified":"2021-01-12T12:55:22","modified_gmt":"2021-01-12T11:55:22","slug":"famous-choir-sveti-stefan-decanski-at-docek-7529","status":"publish","type":"post","link":"https:\/\/visitdistrikt.rs\/en\/2021\/01\/12\/famous-choir-sveti-stefan-decanski-at-docek-7529\/","title":{"rendered":"Famous Choir \u2018Sveti Stefan De\u010danski\u2019 at Do\u010dek 7529"},"content":{"rendered":"<h4>\u2018Sveti Stefan De\u010danski\u2019, one of the greatest Serbian Orthodox choirs, will perform within Do\u010dek 7529, together with the \u2018Orfelin\u2019 string orchestra and soloists Radoslav Vorgi\u0107 \u017dur\u017eovan (soprano) and Stevan Gez (bass-baritone).<\/h4>\n<p><!--more--><\/p>\n<p>Their performance in the <a href=\"https:\/\/svilara.kulturnestanice.rs\/en\/\" target=\"_blank\" rel=\"noopener\">Svilara Cultural Station<\/a> will be available on the <a href=\"https:\/\/visitdistrikt.rs\/en\/\" target=\"_blank\" rel=\"noopener\">visitns.rs<\/a> platform on 13 January at 4:30 p.m., and the repertoire will include works by famous composers of the 20 th century that will mark 50 years since the death of <strong>Petar Konjovi\u0107<\/strong> and 10 years since the death of <strong>Du\u0161an Radi\u0107<\/strong>. Compositions by <strong>Milan Aleksi\u0107<\/strong> and <strong>Ivana Govori\u010din<\/strong> will be performed for the first time. The concert is being implemented in cooperation with the Svilara Cultural Station and Association of Composers of Vojvodina.<\/p>\n<p>The \u2018Sveti Stefan De\u010danski\u2019 choir performed in almost every European country, and their conductor <strong>Dr Tamara Adamov Petijevi\u0107<\/strong>, spread the music fame of Novi Sad when she received the acknowledgement of the best Youth Symphony Orchestra in Europe with students of the \u2018Isidor Baji\u0107\u2019 Music School.<\/p>\n<p><img fetchpriority=\"high\" decoding=\"async\" class=\"alignnone size-full wp-image-5822\" src=\"https:\/\/visitdistrikt.rs\/media\/2021\/01\/IMG_3957UrosD-scaled.jpg\" alt=\"\" width=\"2560\" height=\"1707\" srcset=\"https:\/\/visitdistrikt.rs\/media\/2021\/01\/IMG_3957UrosD-scaled.jpg 2560w, https:\/\/visitdistrikt.rs\/media\/2021\/01\/IMG_3957UrosD-300x200.jpg 300w, https:\/\/visitdistrikt.rs\/media\/2021\/01\/IMG_3957UrosD-1024x683.jpg 1024w, https:\/\/visitdistrikt.rs\/media\/2021\/01\/IMG_3957UrosD-768x512.jpg 768w, https:\/\/visitdistrikt.rs\/media\/2021\/01\/IMG_3957UrosD-1536x1024.jpg 1536w, https:\/\/visitdistrikt.rs\/media\/2021\/01\/IMG_3957UrosD-2048x1365.jpg 2048w, https:\/\/visitdistrikt.rs\/media\/2021\/01\/IMG_3957UrosD-1320x880.jpg 1320w\" sizes=\"(max-width: 2560px) 100vw, 2560px\" \/><\/p>\n<p>A unique Do\u010dek in Novi Sad, which connects two celebrations of New Year\u2019s Eve, two calendars and two ways of measuring time, will continue its tradition on 31 December and 13 January, but in online form, by opening new spaces for culture so that Serbian Athens can welcome the title of the European Capital of Culture.<\/p>\n<p>In addition to the concert in the Svilara Cultural Station, the performances by the famous violinist <strong>Stefan Milenkovi\u0107<\/strong> with <strong>Vasil Had\u017eimanov<\/strong> and <em>Camerata Academica<\/em> chamber orchestra, <em>Elektri\u010dni Orgazam<\/em>, <em>Bu\u010d Kesidi<\/em>, <em>D\u017eezva &amp; D\u017eezvica<\/em> band, a young violinist <strong>Lana Zorjan<\/strong>, Novi Sad string quintet, the sopran <strong>Vitkay-Kucsera \u00c1gota<\/strong> with the pianist <strong>Jelena Simonovi\u0107 Kova\u010devi\u0107<\/strong>, will perform on 13 January, while the youngest ones will have an opportunity to enjoy the opera for children by the \u2018<em>Visoko C<\/em>\u2019 Association of Artists.<\/p>\n<p><em><strong>Photo<\/strong>: Uro\u0161 Do\u017ei\u0107<\/em><\/p>\n","protected":false},"excerpt":{"rendered":"<p>\u2018Sveti Stefan De\u010danski\u2019, one of the greatest Serbian Orthodox choirs, will perform within Do\u010dek 7529, together with the \u2018Orfelin\u2019 string orchestra and soloists Radoslav Vorgi\u0107 \u017dur\u017eovan (soprano) and Stevan Gez (bass-baritone).<\/p>\n","protected":false},"author":3,"featured_media":5823,"comment_status":"closed","ping_status":"open","sticky":false,"template":"","format":"standard","meta":{"footnotes":"","_links_to":"","_links_to_target":""},"categories":[490],"tags":[460,549,550,551],"yoast_head":"<!-- This site is optimized with the Yoast SEO plugin v22.4 - https:\/\/yoast.com\/wordpress\/plugins\/seo\/ -->\n<title>Famous Choir \u2018Sveti Stefan De\u010danski\u2019 at Do\u010dek 7529 - Visit Distrikt Novi Sad<\/title>\n<meta name=\"description\" content=\"\u2018Sveti Stefan De\u010danski\u2019, one of the greatest Serbian Orthodox choirs, will perform within Do\u010dek 7529 on visitns.rs platform.\" \/>\n<meta name=\"robots\" content=\"index, follow, max-snippet:-1, max-image-preview:large, max-video-preview:-1\" \/>\n<link rel=\"canonical\" href=\"https:\/\/visitdistrikt.rs\/en\/2021\/01\/12\/famous-choir-sveti-stefan-decanski-at-docek-7529\/\" \/>\n<meta property=\"og:locale\" content=\"en_US\" \/>\n<meta property=\"og:type\" content=\"article\" \/>\n<meta property=\"og:title\" content=\"Famous Choir \u2018Sveti Stefan De\u010danski\u2019 at Do\u010dek 7529 - Visit Distrikt Novi Sad\" \/>\n<meta property=\"og:description\" content=\"\u2018Sveti Stefan De\u010danski\u2019, one of the greatest Serbian Orthodox choirs, will perform within Do\u010dek 7529 on visitns.rs platform.\" \/>\n<meta property=\"og:url\" content=\"https:\/\/visitdistrikt.rs\/en\/2021\/01\/12\/famous-choir-sveti-stefan-decanski-at-docek-7529\/\" \/>\n<meta property=\"og:site_name\" content=\"Visit Distrikt Novi Sad\" \/>\n<meta property=\"article:published_time\" content=\"2021-01-12T11:55:22+00:00\" \/>\n<meta property=\"og:image\" content=\"https:\/\/visitdistrikt.rs\/media\/2021\/01\/IMG_3957UrosD-scaled.jpg\" \/>\n\t<meta property=\"og:image:width\" content=\"2560\" \/>\n\t<meta property=\"og:image:height\" content=\"1707\" \/>\n\t<meta property=\"og:image:type\" content=\"image\/jpeg\" \/>\n<meta name=\"author\" content=\"Nadja\" \/>\n<meta name=\"twitter:card\" content=\"summary_large_image\" \/>\n<meta name=\"twitter:label1\" content=\"Written by\" \/>\n\t<meta name=\"twitter:data1\" content=\"Nadja\" \/>\n\t<meta name=\"twitter:label2\" content=\"Est. reading time\" \/>\n\t<meta name=\"twitter:data2\" content=\"2 minutes\" \/>\n<script type=\"application\/ld+json\" class=\"yoast-schema-graph\">{\"@context\":\"https:\/\/schema.org\",\"@graph\":[{\"@type\":\"WebPage\",\"@id\":\"https:\/\/visitdistrikt.rs\/en\/2021\/01\/12\/famous-choir-sveti-stefan-decanski-at-docek-7529\/\",\"url\":\"https:\/\/visitdistrikt.rs\/en\/2021\/01\/12\/famous-choir-sveti-stefan-decanski-at-docek-7529\/\",\"name\":\"Famous Choir \u2018Sveti Stefan De\u010danski\u2019 at Do\u010dek 7529 - Visit Distrikt Novi Sad\",\"isPartOf\":{\"@id\":\"https:\/\/visitdistrikt.rs\/#website\"},\"primaryImageOfPage\":{\"@id\":\"https:\/\/visitdistrikt.rs\/en\/2021\/01\/12\/famous-choir-sveti-stefan-decanski-at-docek-7529\/#primaryimage\"},\"image\":{\"@id\":\"https:\/\/visitdistrikt.rs\/en\/2021\/01\/12\/famous-choir-sveti-stefan-decanski-at-docek-7529\/#primaryimage\"},\"thumbnailUrl\":\"https:\/\/visitdistrikt.rs\/media\/2021\/01\/IMG_3957UrosD-scaled.jpg\",\"datePublished\":\"2021-01-12T11:55:22+00:00\",\"dateModified\":\"2021-01-12T11:55:22+00:00\",\"author\":{\"@id\":\"https:\/\/visitdistrikt.rs\/#\/schema\/person\/d14c12f469b14b67ac146d37913d83d6\"},\"description\":\"\u2018Sveti Stefan De\u010danski\u2019, one of the greatest Serbian Orthodox choirs, will perform within Do\u010dek 7529 on visitns.rs platform.\",\"breadcrumb\":{\"@id\":\"https:\/\/visitdistrikt.rs\/en\/2021\/01\/12\/famous-choir-sveti-stefan-decanski-at-docek-7529\/#breadcrumb\"},\"inLanguage\":\"en-US\",\"potentialAction\":[{\"@type\":\"ReadAction\",\"target\":[\"https:\/\/visitdistrikt.rs\/en\/2021\/01\/12\/famous-choir-sveti-stefan-decanski-at-docek-7529\/\"]}]},{\"@type\":\"ImageObject\",\"inLanguage\":\"en-US\",\"@id\":\"https:\/\/visitdistrikt.rs\/en\/2021\/01\/12\/famous-choir-sveti-stefan-decanski-at-docek-7529\/#primaryimage\",\"url\":\"https:\/\/visitdistrikt.rs\/media\/2021\/01\/IMG_3957UrosD-scaled.jpg\",\"contentUrl\":\"https:\/\/visitdistrikt.rs\/media\/2021\/01\/IMG_3957UrosD-scaled.jpg\",\"width\":2560,\"height\":1707},{\"@type\":\"BreadcrumbList\",\"@id\":\"https:\/\/visitdistrikt.rs\/en\/2021\/01\/12\/famous-choir-sveti-stefan-decanski-at-docek-7529\/#breadcrumb\",\"itemListElement\":[{\"@type\":\"ListItem\",\"position\":1,\"name\":\"Home\",\"item\":\"https:\/\/visitdistrikt.rs\/en\/\"},{\"@type\":\"ListItem\",\"position\":2,\"name\":\"Famous Choir \u2018Sveti Stefan De\u010danski\u2019 at Do\u010dek 7529\"}]},{\"@type\":\"WebSite\",\"@id\":\"https:\/\/visitdistrikt.rs\/#website\",\"url\":\"https:\/\/visitdistrikt.rs\/\",\"name\":\"Visit Distrikt Novi Sad\",\"description\":\"Novi Sad\",\"potentialAction\":[{\"@type\":\"SearchAction\",\"target\":{\"@type\":\"EntryPoint\",\"urlTemplate\":\"https:\/\/visitdistrikt.rs\/?s={search_term_string}\"},\"query-input\":\"required name=search_term_string\"}],\"inLanguage\":\"en-US\"},{\"@type\":\"Person\",\"@id\":\"https:\/\/visitdistrikt.rs\/#\/schema\/person\/d14c12f469b14b67ac146d37913d83d6\",\"name\":\"Nadja\",\"image\":{\"@type\":\"ImageObject\",\"inLanguage\":\"en-US\",\"@id\":\"https:\/\/visitdistrikt.rs\/#\/schema\/person\/image\/\",\"url\":\"https:\/\/secure.gravatar.com\/avatar\/2a98ad6df38b68a7998a319b57e3c9fd?s=96&d=mm&r=g\",\"contentUrl\":\"https:\/\/secure.gravatar.com\/avatar\/2a98ad6df38b68a7998a319b57e3c9fd?s=96&d=mm&r=g\",\"caption\":\"Nadja\"}}]}<\/script>\n<!-- \/ Yoast SEO plugin. -->","yoast_head_json":{"title":"Famous Choir \u2018Sveti Stefan De\u010danski\u2019 at Do\u010dek 7529 - Visit Distrikt Novi Sad","description":"\u2018Sveti Stefan De\u010danski\u2019, one of the greatest Serbian Orthodox choirs, will perform within Do\u010dek 7529 on visitns.rs platform.","robots":{"index":"index","follow":"follow","max-snippet":"max-snippet:-1","max-image-preview":"max-image-preview:large","max-video-preview":"max-video-preview:-1"},"canonical":"https:\/\/visitdistrikt.rs\/en\/2021\/01\/12\/famous-choir-sveti-stefan-decanski-at-docek-7529\/","og_locale":"en_US","og_type":"article","og_title":"Famous Choir \u2018Sveti Stefan De\u010danski\u2019 at Do\u010dek 7529 - Visit Distrikt Novi Sad","og_description":"\u2018Sveti Stefan De\u010danski\u2019, one of the greatest Serbian Orthodox choirs, will perform within Do\u010dek 7529 on visitns.rs platform.","og_url":"https:\/\/visitdistrikt.rs\/en\/2021\/01\/12\/famous-choir-sveti-stefan-decanski-at-docek-7529\/","og_site_name":"Visit Distrikt Novi Sad","article_published_time":"2021-01-12T11:55:22+00:00","og_image":[{"width":2560,"height":1707,"url":"https:\/\/visitdistrikt.rs\/media\/2021\/01\/IMG_3957UrosD-scaled.jpg","type":"image\/jpeg"}],"author":"Nadja","twitter_card":"summary_large_image","twitter_misc":{"Written by":"Nadja","Est. reading time":"2 minutes"},"schema":{"@context":"https:\/\/schema.org","@graph":[{"@type":"WebPage","@id":"https:\/\/visitdistrikt.rs\/en\/2021\/01\/12\/famous-choir-sveti-stefan-decanski-at-docek-7529\/","url":"https:\/\/visitdistrikt.rs\/en\/2021\/01\/12\/famous-choir-sveti-stefan-decanski-at-docek-7529\/","name":"Famous Choir \u2018Sveti Stefan De\u010danski\u2019 at Do\u010dek 7529 - Visit Distrikt Novi Sad","isPartOf":{"@id":"https:\/\/visitdistrikt.rs\/#website"},"primaryImageOfPage":{"@id":"https:\/\/visitdistrikt.rs\/en\/2021\/01\/12\/famous-choir-sveti-stefan-decanski-at-docek-7529\/#primaryimage"},"image":{"@id":"https:\/\/visitdistrikt.rs\/en\/2021\/01\/12\/famous-choir-sveti-stefan-decanski-at-docek-7529\/#primaryimage"},"thumbnailUrl":"https:\/\/visitdistrikt.rs\/media\/2021\/01\/IMG_3957UrosD-scaled.jpg","datePublished":"2021-01-12T11:55:22+00:00","dateModified":"2021-01-12T11:55:22+00:00","author":{"@id":"https:\/\/visitdistrikt.rs\/#\/schema\/person\/d14c12f469b14b67ac146d37913d83d6"},"description":"\u2018Sveti Stefan De\u010danski\u2019, one of the greatest Serbian Orthodox choirs, will perform within Do\u010dek 7529 on visitns.rs platform.","breadcrumb":{"@id":"https:\/\/visitdistrikt.rs\/en\/2021\/01\/12\/famous-choir-sveti-stefan-decanski-at-docek-7529\/#breadcrumb"},"inLanguage":"en-US","potentialAction":[{"@type":"ReadAction","target":["https:\/\/visitdistrikt.rs\/en\/2021\/01\/12\/famous-choir-sveti-stefan-decanski-at-docek-7529\/"]}]},{"@type":"ImageObject","inLanguage":"en-US","@id":"https:\/\/visitdistrikt.rs\/en\/2021\/01\/12\/famous-choir-sveti-stefan-decanski-at-docek-7529\/#primaryimage","url":"https:\/\/visitdistrikt.rs\/media\/2021\/01\/IMG_3957UrosD-scaled.jpg","contentUrl":"https:\/\/visitdistrikt.rs\/media\/2021\/01\/IMG_3957UrosD-scaled.jpg","width":2560,"height":1707},{"@type":"BreadcrumbList","@id":"https:\/\/visitdistrikt.rs\/en\/2021\/01\/12\/famous-choir-sveti-stefan-decanski-at-docek-7529\/#breadcrumb","itemListElement":[{"@type":"ListItem","position":1,"name":"Home","item":"https:\/\/visitdistrikt.rs\/en\/"},{"@type":"ListItem","position":2,"name":"Famous Choir \u2018Sveti Stefan De\u010danski\u2019 at Do\u010dek 7529"}]},{"@type":"WebSite","@id":"https:\/\/visitdistrikt.rs\/#website","url":"https:\/\/visitdistrikt.rs\/","name":"Visit Distrikt Novi Sad","description":"Novi Sad","potentialAction":[{"@type":"SearchAction","target":{"@type":"EntryPoint","urlTemplate":"https:\/\/visitdistrikt.rs\/?s={search_term_string}"},"query-input":"required name=search_term_string"}],"inLanguage":"en-US"},{"@type":"Person","@id":"https:\/\/visitdistrikt.rs\/#\/schema\/person\/d14c12f469b14b67ac146d37913d83d6","name":"Nadja","image":{"@type":"ImageObject","inLanguage":"en-US","@id":"https:\/\/visitdistrikt.rs\/#\/schema\/person\/image\/","url":"https:\/\/secure.gravatar.com\/avatar\/2a98ad6df38b68a7998a319b57e3c9fd?s=96&d=mm&r=g","contentUrl":"https:\/\/secure.gravatar.com\/avatar\/2a98ad6df38b68a7998a319b57e3c9fd?s=96&d=mm&r=g","caption":"Nadja"}}]}},"_links":{"self":[{"href":"https:\/\/visitdistrikt.rs\/en\/wp-json\/wp\/v2\/posts\/5856"}],"collection":[{"href":"https:\/\/visitdistrikt.rs\/en\/wp-json\/wp\/v2\/posts"}],"about":[{"href":"https:\/\/visitdistrikt.rs\/en\/wp-json\/wp\/v2\/types\/post"}],"author":[{"embeddable":true,"href":"https:\/\/visitdistrikt.rs\/en\/wp-json\/wp\/v2\/users\/3"}],"replies":[{"embeddable":true,"href":"https:\/\/visitdistrikt.rs\/en\/wp-json\/wp\/v2\/comments?post=5856"}],"version-history":[{"count":2,"href":"https:\/\/visitdistrikt.rs\/en\/wp-json\/wp\/v2\/posts\/5856\/revisions"}],"predecessor-version":[{"id":5858,"href":"https:\/\/visitdistrikt.rs\/en\/wp-json\/wp\/v2\/posts\/5856\/revisions\/5858"}],"wp:featuredmedia":[{"embeddable":true,"href":"https:\/\/visitdistrikt.rs\/en\/wp-json\/wp\/v2\/media\/5823"}],"wp:attachment":[{"href":"https:\/\/visitdistrikt.rs\/en\/wp-json\/wp\/v2\/media?parent=5856"}],"wp:term":[{"taxonomy":"category","embeddable":true,"href":"https:\/\/visitdistrikt.rs\/en\/wp-json\/wp\/v2\/categories?post=5856"},{"taxonomy":"post_tag","embeddable":true,"href":"https:\/\/visitdistrikt.rs\/en\/wp-json\/wp\/v2\/tags?post=5856"}],"curies":[{"name":"wp","href":"https:\/\/api.w.org\/{rel}","templated":true}]}}