{"id":6096,"date":"2021-01-18T16:57:52","date_gmt":"2021-01-18T15:57:52","guid":{"rendered":"https:\/\/visitdistrikt.rs\/?p=6096"},"modified":"2021-01-18T16:57:52","modified_gmt":"2021-01-18T15:57:52","slug":"the-countdown-begins-365-days-to-the-european-capital-of-culture-title","status":"publish","type":"post","link":"https:\/\/visitdistrikt.rs\/en\/2021\/01\/18\/the-countdown-begins-365-days-to-the-european-capital-of-culture-title\/","title":{"rendered":"The Countdown Begins: 365 Days to the European Capital of Culture Title!"},"content":{"rendered":"\t\t<div data-elementor-type=\"wp-post\" data-elementor-id=\"6096\" class=\"elementor elementor-6096 elementor-5829\" data-elementor-post-type=\"post\">\n\t\t\t\t\t\t<section class=\"elementor-section elementor-top-section elementor-element elementor-element-34dc9e05 elementor-section-boxed elementor-section-height-default elementor-section-height-default\" data-id=\"34dc9e05\" data-element_type=\"section\">\n\t\t\t\t\t\t<div class=\"elementor-container elementor-column-gap-default\">\n\t\t\t\t\t<div class=\"elementor-column elementor-col-100 elementor-top-column elementor-element elementor-element-6c958a0a\" data-id=\"6c958a0a\" data-element_type=\"column\">\n\t\t\t<div class=\"elementor-widget-wrap elementor-element-populated\">\n\t\t\t\t\t\t<div class=\"elementor-element elementor-element-227b9fa3 elementor-widget elementor-widget-text-editor\" data-id=\"227b9fa3\" data-element_type=\"widget\" data-widget_type=\"text-editor.default\">\n\t\t\t\t<div class=\"elementor-widget-container\">\n\t\t\t\t\t\t\t<h4>Although there is probably no citizen of Novi Sad who hasn\u2019t heard that their city has been proclaimed the European Capital of Culture or hasn\u2019t encountered some of the many programmes happening during the preparation year, we are hereby reminding you that there is exactly 365 days left until the title-year-opening ceremony.<\/h4><p><span>On 13 January 2022, at Do\u010dek, which is currently available to watch via online concerts that are going to be held in various city locations and that present new spaces for culture, Novi Sad will make the prestigious title official, while on 31 December, which also represents closing of the title, is also symbolically scheduled during Do\u010dek. And while programme for 2022 is already being prepared, we\u2019re bringing you a brief overview of what the European Capital of Culture gave the city.<\/span><\/p>\t\t\t\t\t\t<\/div>\n\t\t\t\t<\/div>\n\t\t\t\t\t<\/div>\n\t\t<\/div>\n\t\t\t\t\t<\/div>\n\t\t<\/section>\n\t\t\t\t<section class=\"elementor-section elementor-top-section elementor-element elementor-element-2652aad elementor-section-boxed elementor-section-height-default elementor-section-height-default\" data-id=\"2652aad\" data-element_type=\"section\">\n\t\t\t\t\t\t<div class=\"elementor-container elementor-column-gap-default\">\n\t\t\t\t\t<div class=\"elementor-column elementor-col-100 elementor-top-column elementor-element elementor-element-a1b0bd8\" data-id=\"a1b0bd8\" data-element_type=\"column\">\n\t\t\t<div class=\"elementor-widget-wrap elementor-element-populated\">\n\t\t\t\t\t\t<div class=\"elementor-element elementor-element-fd79a28 uael-countdown-responsive-yes uael-countdown-show-seconds-yes uael-countdown-label-block uael-countdown-shape-square uael-countdown-border-solid elementor-widget elementor-widget-uael-countdown\" data-id=\"fd79a28\" data-element_type=\"widget\" data-widget_type=\"uael-countdown.default\">\n\t\t\t\t<div class=\"elementor-widget-container\">\n\t\t\t\t\t<div class=\"uael-countdown-wrapper countdown-active\" data-countdown-type=\"fixed\" data-timer-labels=\"custom\" data-animation=\"\" data-timer-days=\"Dana\" data-timer-hours=\"Sati\" data-timer-minutes=\"Minuta\" data-timer-seconds=\"Sekundi\" data-due-date=\"1642028400\" data-expire-action=\"hide\">\r\n\t\t\t<div class=\"uael-countdown-items-wrapper\" >\r\n\t\t\t\t\t\t\t\t\t\t\t<div class=\"uael-countdown-days uael-item\">\r\n\t\t\t\t\t\t\t<span id=\"days-wrapper-fd79a28\"class=\"uael-countdown-item\" >\r\n\t\t\t\t\t\t\t\t\t\t\t\t\t\t\t<\/span>\r\n\t\t\t\t\t\t\t\t\t\t\t\t\t\t\t<span id=\"days-label-wrapper-fd79a28\" class='uael-countdown-days-label-fd79a28 uael-item-label'>\r\n\t\t\t\t\t\t\t\t<\/span>\r\n\t\t\t\t\t\t\t\t\t\t\t\t\t<\/div>\r\n\t\t\t\t\t\t\t\t\t\t\t\t\t\t\t\t\t<div class=\"uael-countdown-hours uael-item\">\r\n\t\t\t\t\t\t\t<span id=\"hours-wrapper-fd79a28\"class=\"uael-countdown-item\" >\r\n\t\t\t\t\t\t\t\t\t\t\t\t\t\t\t<\/span>\r\n\t\t\t\t\t\t\t\t\t\t\t\t\t\t\t<span id=\"hours-label-wrapper-fd79a28\" class='uael-countdown-hours-label-fd79a28 uael-item-label'>\r\n\t\t\t\t\t\t\t\t<\/span>\r\n\t\t\t\t\t\t\t\t\t\t\t\t\t<\/div>\r\n\t\t\t\t\t\t\t\t\t\t\t\t\t\t\t\t\t<div class=\"uael-countdown-minutes uael-item\">\r\n\t\t\t\t\t\t\t<span id=\"minutes-wrapper-fd79a28\"class=\"uael-countdown-item\" >\r\n\t\t\t\t\t\t\t\t\t\t\t\t\t\t\t<\/span>\r\n\t\t\t\t\t\t\t\t\t\t\t\t\t\t\t<span id=\"minutes-label-wrapper-fd79a28\" class='uael-countdown-minutes-label-fd79a28 uael-item-label'>\r\n\t\t\t\t\t\t\t\t<\/span>\r\n\t\t\t\t\t\t\t\t\t\t\t\t\t<\/div>\r\n\t\t\t\t\t\t\t\t\t\t\t\t\t\t\t\t\t<div class=\"uael-countdown-seconds uael-item\">\r\n\t\t\t\t\t\t\t<span id=\"seconds-wrapper-fd79a28\"class=\"uael-countdown-item\" >\r\n\t\t\t\t\t\t\t\t\t\t\t\t\t\t\t<\/span>\r\n\t\t\t\t\t\t\t\t\t\t\t\t\t\t\t<span id=\"seconds-label-wrapper-fd79a28\" class='uael-countdown-seconds-label-fd79a28 uael-item-label'>\r\n\t\t\t\t\t\t\t\t<\/span>\r\n\t\t\t\t\t\t\t\t\t\t\t\t\t<\/div>\r\n\t\t\t\t\t\t\t\t\t\t\t\t\t\t\t\t<div class=\"uael-expire-message-wrapper\">\r\n\t\t\t\t\t\t<div class='uael-expire-show-message'><\/div>\r\n\t\t\t\t\t<\/div>\r\n\t\t\t<\/div>\r\n\t\t<\/div>\r\n\t\t\t\t<\/div>\n\t\t\t\t<\/div>\n\t\t\t\t<div class=\"elementor-element elementor-element-fcb34ef elementor-widget elementor-widget-text-editor\" data-id=\"fcb34ef\" data-element_type=\"widget\" data-widget_type=\"text-editor.default\">\n\t\t\t\t<div class=\"elementor-widget-container\">\n\t\t\t\t\t\t\t<p><span>Having in mind the specific image that Novi Sad nurtures in the region, as well as in Europe and the world, it was certainly not a big surprise when it was proclaimed the <a href=\"https:\/\/novisad2021.rs\/en\/\" target=\"_blank\" rel=\"noopener\">European Capital of Culture<\/a> by the European Commission in Brussels in October 2016. However, this is the first time that a city in Serbia and one of the few cities from the candidate countries for the European Union has won this prestigious title. Novi Sad was supposed to justify the title in 2021, but due to the pandemic crisis, and showing solidarity with Eleusis and Timi\u0219oara, the title year was moved to 2022.<\/span><\/p><p><span>The European Capital of Culture went beyond the current framework in strategic, programme and production terms with <em>The Beginning of New. Now!<\/em> mission, which implied numerous challenges. Still, the results were exceptional: in 2019, the European Commission declared Novi Sad the best European Capital of Culture in the preparation phase. The same year, the Project 33 was completed, which included almost all cultural institutions and their representatives in the city, and within which a five-year plan for strategic planning in culture in Novi Sad was developed.<\/span><\/p><p><span>During the coronavirus pandemic in 2020, a project to support the local art scene was launched, whose programmes were watched by almost 200.000 people via online broadcasting. The citizens of Novi Sad were also presented the <a href=\"https:\/\/kulturnestanice.rs\/en\/\" target=\"_blank\" rel=\"noopener\">Network of cultural stations<\/a>, a unique model for culture in Novi Sad, with eight new and renovated spaces intended for cultural events in all parts of the city. In addition to these legacies, <a href=\"https:\/\/visitdistrikt.rs\/en\/\" target=\"_blank\" rel=\"noopener\">Visit Novi Sad<\/a>, a unique platform for culture that brings new and old stories about Novi Sad, presents the faces of the city that you must meet and suggests events that should not be missed, was launched.<\/span><\/p>\t\t\t\t\t\t<\/div>\n\t\t\t\t<\/div>\n\t\t\t\t\t<\/div>\n\t\t<\/div>\n\t\t\t\t\t<\/div>\n\t\t<\/section>\n\t\t\t\t<section class=\"elementor-section elementor-top-section elementor-element elementor-element-c58870a elementor-section-boxed elementor-section-height-default elementor-section-height-default\" data-id=\"c58870a\" data-element_type=\"section\">\n\t\t\t\t\t\t<div class=\"elementor-container elementor-column-gap-default\">\n\t\t\t\t\t<div class=\"elementor-column elementor-col-100 elementor-top-column elementor-element elementor-element-3b6be62\" data-id=\"3b6be62\" data-element_type=\"column\">\n\t\t\t<div class=\"elementor-widget-wrap elementor-element-populated\">\n\t\t\t\t\t\t<div class=\"elementor-element elementor-element-db506c4 elementor-widget elementor-widget-image\" data-id=\"db506c4\" data-element_type=\"widget\" data-widget_type=\"image.default\">\n\t\t\t\t<div class=\"elementor-widget-container\">\n\t\t\t\t\t\t\t\t\t\t\t\t\t<img fetchpriority=\"high\" decoding=\"async\" width=\"800\" height=\"533\" src=\"https:\/\/visitdistrikt.rs\/media\/2021\/01\/VisitNS-most-slobode-foto-Jelena-Ivanovic-5-1024x682.jpg\" class=\"attachment-large size-large wp-image-5833\" alt=\"Most slobode Novi Sad\" srcset=\"https:\/\/visitdistrikt.rs\/media\/2021\/01\/VisitNS-most-slobode-foto-Jelena-Ivanovic-5-1024x682.jpg 1024w, https:\/\/visitdistrikt.rs\/media\/2021\/01\/VisitNS-most-slobode-foto-Jelena-Ivanovic-5-300x200.jpg 300w, https:\/\/visitdistrikt.rs\/media\/2021\/01\/VisitNS-most-slobode-foto-Jelena-Ivanovic-5-768x512.jpg 768w, https:\/\/visitdistrikt.rs\/media\/2021\/01\/VisitNS-most-slobode-foto-Jelena-Ivanovic-5-1536x1023.jpg 1536w, https:\/\/visitdistrikt.rs\/media\/2021\/01\/VisitNS-most-slobode-foto-Jelena-Ivanovic-5-2048x1364.jpg 2048w, https:\/\/visitdistrikt.rs\/media\/2021\/01\/VisitNS-most-slobode-foto-Jelena-Ivanovic-5-1320x879.jpg 1320w\" sizes=\"(max-width: 800px) 100vw, 800px\" \/>\t\t\t\t\t\t\t\t\t\t\t\t\t<\/div>\n\t\t\t\t<\/div>\n\t\t\t\t\t<\/div>\n\t\t<\/div>\n\t\t\t\t\t<\/div>\n\t\t<\/section>\n\t\t\t\t<section class=\"elementor-section elementor-top-section elementor-element elementor-element-116dff3 elementor-section-boxed elementor-section-height-default elementor-section-height-default\" data-id=\"116dff3\" data-element_type=\"section\">\n\t\t\t\t\t\t<div class=\"elementor-container elementor-column-gap-default\">\n\t\t\t\t\t<div class=\"elementor-column elementor-col-100 elementor-top-column elementor-element elementor-element-74deac5\" data-id=\"74deac5\" data-element_type=\"column\">\n\t\t\t<div class=\"elementor-widget-wrap elementor-element-populated\">\n\t\t\t\t\t\t<div class=\"elementor-element elementor-element-68a9441 elementor-widget elementor-widget-text-editor\" data-id=\"68a9441\" data-element_type=\"widget\" data-widget_type=\"text-editor.default\">\n\t\t\t\t<div class=\"elementor-widget-container\">\n\t\t\t\t\t\t\t<p><span>After almost 300 years, the Suburbium of the <a href=\"https:\/\/visitdistrikt.rs\/en\/category\/novi-sad-through-space-and-time\/petrovaradin-en\/\" target=\"_blank\" rel=\"noopener\">Petrovaradin Fortress<\/a> got its new appearance, while the former factory for silk dyeing in the <a href=\"https:\/\/visitdistrikt.rs\/en\/category\/novi-sad-through-space-and-time\/almas-neighbourhood\/\" target=\"_blank\" rel=\"noopener\">Alma\u0161 neighbourhood<\/a>, was reconstructed after two centuries. In addition to this, citizens of Novi Sad are being presented with the heritage of the <a href=\"https:\/\/visitdistrikt.rs\/en\/category\/novi-sad-through-space-and-time\/great-liman\/\" target=\"_blank\" rel=\"noopener\">Great Liman<\/a>, a place where the modern Novi Sad was born, but a place that hasn\u2019t been much explored until recently. The old industrial zone that was located here, as well as the \u0160trand Beach as one of the most important city toponyms, sports objects, and spaces dedicated to alternative cultural events in the past, are now becoming meaningful historical, cultural, ambient and, of course \u2013 tourist wholes.<\/span><\/p><p><span>Two biggest legacy projects of the European Capital of Culture, <a href=\"https:\/\/visitdistrikt.rs\/en\/docek\/\" target=\"_blank\" rel=\"noopener\">Do\u010dek<\/a> and <a href=\"https:\/\/visitdistrikt.rs\/en\/category\/novi-sad-through-space-and-time\/great-liman\/\" target=\"_blank\" rel=\"noopener\">Kaleidoscope of Culture<\/a>, went beyond in production and artistic quality of such events. While the two-day Do\u010dek forever changed the concept of marking New Year by celebrating two dates, two calendars and two alphabets in the name of multiculturalism in Novi Sad, the Kaleidoscope of Culture presented programmes in every corner of the city through five types of art, during five weeks. Do\u010dek on 13 January celebrates New Year according to the old Serbian calendar at more than 50 city locations with hundreds of performers and artists from across the country, region and the world, while Kaleidoscope of Culture, during more than a month, presents new places and programmes as a result of year-long processes initiated by the European Capital of Culture.<\/span><\/p>\t\t\t\t\t\t<\/div>\n\t\t\t\t<\/div>\n\t\t\t\t\t<\/div>\n\t\t<\/div>\n\t\t\t\t\t<\/div>\n\t\t<\/section>\n\t\t\t\t<section class=\"elementor-section elementor-top-section elementor-element elementor-element-c531580 elementor-section-boxed elementor-section-height-default elementor-section-height-default\" data-id=\"c531580\" data-element_type=\"section\">\n\t\t\t\t\t\t<div class=\"elementor-container elementor-column-gap-default\">\n\t\t\t\t\t<div class=\"elementor-column elementor-col-100 elementor-top-column elementor-element elementor-element-9e1f358\" data-id=\"9e1f358\" data-element_type=\"column\">\n\t\t\t<div class=\"elementor-widget-wrap elementor-element-populated\">\n\t\t\t\t\t\t<div class=\"elementor-element elementor-element-aed7d5e elementor-widget elementor-widget-image\" data-id=\"aed7d5e\" data-element_type=\"widget\" data-widget_type=\"image.default\">\n\t\t\t\t<div class=\"elementor-widget-container\">\n\t\t\t\t\t\t\t\t\t\t\t\t\t<img decoding=\"async\" width=\"800\" height=\"534\" src=\"https:\/\/visitdistrikt.rs\/media\/2021\/01\/V.VelickovicSep04.093-1024x683.jpg\" class=\"attachment-large size-large wp-image-5835\" alt=\"\" srcset=\"https:\/\/visitdistrikt.rs\/media\/2021\/01\/V.VelickovicSep04.093-1024x683.jpg 1024w, https:\/\/visitdistrikt.rs\/media\/2021\/01\/V.VelickovicSep04.093-300x200.jpg 300w, https:\/\/visitdistrikt.rs\/media\/2021\/01\/V.VelickovicSep04.093-768x512.jpg 768w, https:\/\/visitdistrikt.rs\/media\/2021\/01\/V.VelickovicSep04.093-1536x1024.jpg 1536w, https:\/\/visitdistrikt.rs\/media\/2021\/01\/V.VelickovicSep04.093-1320x880.jpg 1320w, https:\/\/visitdistrikt.rs\/media\/2021\/01\/V.VelickovicSep04.093.jpg 2048w\" sizes=\"(max-width: 800px) 100vw, 800px\" \/>\t\t\t\t\t\t\t\t\t\t\t\t\t<\/div>\n\t\t\t\t<\/div>\n\t\t\t\t\t<\/div>\n\t\t<\/div>\n\t\t\t\t\t<\/div>\n\t\t<\/section>\n\t\t\t\t<section class=\"elementor-section elementor-top-section elementor-element elementor-element-dcd2c80 elementor-section-boxed elementor-section-height-default elementor-section-height-default\" data-id=\"dcd2c80\" data-element_type=\"section\">\n\t\t\t\t\t\t<div class=\"elementor-container elementor-column-gap-default\">\n\t\t\t\t\t<div class=\"elementor-column elementor-col-100 elementor-top-column elementor-element elementor-element-f23e10c\" data-id=\"f23e10c\" data-element_type=\"column\">\n\t\t\t<div class=\"elementor-widget-wrap elementor-element-populated\">\n\t\t\t\t\t\t<div class=\"elementor-element elementor-element-ac90ef0 elementor-widget elementor-widget-text-editor\" data-id=\"ac90ef0\" data-element_type=\"widget\" data-widget_type=\"text-editor.default\">\n\t\t\t\t<div class=\"elementor-widget-container\">\n\t\t\t\t\t\t\t<p><span>A historical moment in the cultural life of Novi Sad \u2013 opening the <strong>City Concert Hall<\/strong>, as well as the Music and Ballet schools building, took place within Do\u010dek 7529, which was broadcast on <a href=\"https:\/\/visitdistrikt.rs\/en\/\" target=\"_blank\" rel=\"noopener\">visitns.rs<\/a>. After more than a century, these schools will get their permanent place, while Novi Sad awaits the title year with the first space in the city intended for concerts only. One of the most contemporary objects of this type in Europe opened its doors with the gala concert of <strong>Stefan Milenkovi\u0107<\/strong>, <em>Camerata Academica<\/em> and <strong>Vasil Had\u017eimanov<\/strong>, which was Stefan Milenkovi\u0107\u2019s first performance since he had officially confirmed that he was returning to Serbia. Here, in Novi Sad, the world-famous violinist found his home, becoming the artistic director of the newly built institution as well.<\/span><\/p><p><span>In Novi Sad, culture is becoming a way of life. With the title, cultural capacities and potentials of the city received official confirmation, but what is even more important is the aspiration for the cultural identity, its heritage and its representatives, to question themselves, and, as a consequence, do even better things in the future. Tam\u00e1s Szucs, director of Directorate for Culture and Creativity of the European Commission, considers the work done so far and cooperation with our European Capital of Culture to be great, which is the last confirmation of Novi Sad \u2013 European Capital of Culture being on the right path.<\/span><\/p><p><em><strong>Author<\/strong>: Leona Pap<\/em><br \/><em><strong>Photo<\/strong>: Vladimir Veli\u010dkovi\u0107, Jelena Ivanovi\u0107<\/em><\/p>\t\t\t\t\t\t<\/div>\n\t\t\t\t<\/div>\n\t\t\t\t\t<\/div>\n\t\t<\/div>\n\t\t\t\t\t<\/div>\n\t\t<\/section>\n\t\t\t\t<\/div>\n\t\t","protected":false},"excerpt":{"rendered":"<p>Although there is probably no citizen of Novi Sad who hasn\u2019t heard that their city has been proclaimed the European Capital of Culture or hasn\u2019t encountered some of the many programmes happening during the preparation year, we are hereby reminding you that there is exactly 365 days left until the title-year-opening ceremony. On 13 January [&hellip;]<\/p>\n","protected":false},"author":3,"featured_media":5854,"comment_status":"closed","ping_status":"open","sticky":false,"template":"","format":"standard","meta":{"footnotes":"","_links_to":"","_links_to_target":""},"categories":[293,286],"tags":[569,314],"yoast_head":"<!-- This site is optimized with the Yoast SEO plugin v22.4 - https:\/\/yoast.com\/wordpress\/plugins\/seo\/ -->\n<title>The Countdown Begins: 365 Days to the European Capital of Culture Title!<\/title>\n<meta name=\"description\" content=\"Let the countdown begin: There&#039;s 365 days left until the European Capital of Culture Opening Ceremony in Novi Sad!\" \/>\n<meta name=\"robots\" content=\"index, follow, max-snippet:-1, max-image-preview:large, max-video-preview:-1\" \/>\n<link rel=\"canonical\" href=\"https:\/\/visitdistrikt.rs\/en\/2021\/01\/18\/the-countdown-begins-365-days-to-the-european-capital-of-culture-title\/\" \/>\n<meta property=\"og:locale\" content=\"en_US\" \/>\n<meta property=\"og:type\" content=\"article\" \/>\n<meta property=\"og:title\" content=\"The Countdown Begins: 365 Days to the European Capital of Culture Title!\" \/>\n<meta property=\"og:description\" content=\"Let the countdown begin: There&#039;s 365 days left until the European Capital of Culture Opening Ceremony in Novi Sad!\" \/>\n<meta property=\"og:url\" content=\"https:\/\/visitdistrikt.rs\/en\/2021\/01\/18\/the-countdown-begins-365-days-to-the-european-capital-of-culture-title\/\" \/>\n<meta property=\"og:site_name\" content=\"Visit Distrikt Novi Sad\" \/>\n<meta property=\"article:published_time\" content=\"2021-01-18T15:57:52+00:00\" \/>\n<meta property=\"og:image\" content=\"https:\/\/visitdistrikt.rs\/media\/2021\/01\/Zezeljev-most-Zalazak-V.Velickovic.015a.jpg\" \/>\n\t<meta property=\"og:image:width\" content=\"2560\" \/>\n\t<meta property=\"og:image:height\" content=\"1000\" \/>\n\t<meta property=\"og:image:type\" content=\"image\/jpeg\" \/>\n<meta name=\"author\" content=\"Nadja\" \/>\n<meta name=\"twitter:card\" content=\"summary_large_image\" \/>\n<meta name=\"twitter:label1\" content=\"Written by\" \/>\n\t<meta name=\"twitter:data1\" content=\"Nadja\" \/>\n\t<meta name=\"twitter:label2\" content=\"Est. reading time\" \/>\n\t<meta name=\"twitter:data2\" content=\"5 minutes\" \/>\n<script type=\"application\/ld+json\" class=\"yoast-schema-graph\">{\"@context\":\"https:\/\/schema.org\",\"@graph\":[{\"@type\":\"WebPage\",\"@id\":\"https:\/\/visitdistrikt.rs\/en\/2021\/01\/18\/the-countdown-begins-365-days-to-the-european-capital-of-culture-title\/\",\"url\":\"https:\/\/visitdistrikt.rs\/en\/2021\/01\/18\/the-countdown-begins-365-days-to-the-european-capital-of-culture-title\/\",\"name\":\"The Countdown Begins: 365 Days to the European Capital of Culture Title!\",\"isPartOf\":{\"@id\":\"https:\/\/visitdistrikt.rs\/#website\"},\"primaryImageOfPage\":{\"@id\":\"https:\/\/visitdistrikt.rs\/en\/2021\/01\/18\/the-countdown-begins-365-days-to-the-european-capital-of-culture-title\/#primaryimage\"},\"image\":{\"@id\":\"https:\/\/visitdistrikt.rs\/en\/2021\/01\/18\/the-countdown-begins-365-days-to-the-european-capital-of-culture-title\/#primaryimage\"},\"thumbnailUrl\":\"https:\/\/visitdistrikt.rs\/media\/2021\/01\/Zezeljev-most-Zalazak-V.Velickovic.015a.jpg\",\"datePublished\":\"2021-01-18T15:57:52+00:00\",\"dateModified\":\"2021-01-18T15:57:52+00:00\",\"author\":{\"@id\":\"https:\/\/visitdistrikt.rs\/#\/schema\/person\/d14c12f469b14b67ac146d37913d83d6\"},\"description\":\"Let the countdown begin: There's 365 days left until the European Capital of Culture Opening Ceremony in Novi Sad!\",\"breadcrumb\":{\"@id\":\"https:\/\/visitdistrikt.rs\/en\/2021\/01\/18\/the-countdown-begins-365-days-to-the-european-capital-of-culture-title\/#breadcrumb\"},\"inLanguage\":\"en-US\",\"potentialAction\":[{\"@type\":\"ReadAction\",\"target\":[\"https:\/\/visitdistrikt.rs\/en\/2021\/01\/18\/the-countdown-begins-365-days-to-the-european-capital-of-culture-title\/\"]}]},{\"@type\":\"ImageObject\",\"inLanguage\":\"en-US\",\"@id\":\"https:\/\/visitdistrikt.rs\/en\/2021\/01\/18\/the-countdown-begins-365-days-to-the-european-capital-of-culture-title\/#primaryimage\",\"url\":\"https:\/\/visitdistrikt.rs\/media\/2021\/01\/Zezeljev-most-Zalazak-V.Velickovic.015a.jpg\",\"contentUrl\":\"https:\/\/visitdistrikt.rs\/media\/2021\/01\/Zezeljev-most-Zalazak-V.Velickovic.015a.jpg\",\"width\":2560,\"height\":1000},{\"@type\":\"BreadcrumbList\",\"@id\":\"https:\/\/visitdistrikt.rs\/en\/2021\/01\/18\/the-countdown-begins-365-days-to-the-european-capital-of-culture-title\/#breadcrumb\",\"itemListElement\":[{\"@type\":\"ListItem\",\"position\":1,\"name\":\"Home\",\"item\":\"https:\/\/visitdistrikt.rs\/en\/\"},{\"@type\":\"ListItem\",\"position\":2,\"name\":\"The Countdown Begins: 365 Days to the European Capital of Culture Title!\"}]},{\"@type\":\"WebSite\",\"@id\":\"https:\/\/visitdistrikt.rs\/#website\",\"url\":\"https:\/\/visitdistrikt.rs\/\",\"name\":\"Visit Distrikt Novi Sad\",\"description\":\"Novi Sad\",\"potentialAction\":[{\"@type\":\"SearchAction\",\"target\":{\"@type\":\"EntryPoint\",\"urlTemplate\":\"https:\/\/visitdistrikt.rs\/?s={search_term_string}\"},\"query-input\":\"required name=search_term_string\"}],\"inLanguage\":\"en-US\"},{\"@type\":\"Person\",\"@id\":\"https:\/\/visitdistrikt.rs\/#\/schema\/person\/d14c12f469b14b67ac146d37913d83d6\",\"name\":\"Nadja\",\"image\":{\"@type\":\"ImageObject\",\"inLanguage\":\"en-US\",\"@id\":\"https:\/\/visitdistrikt.rs\/#\/schema\/person\/image\/\",\"url\":\"https:\/\/secure.gravatar.com\/avatar\/2a98ad6df38b68a7998a319b57e3c9fd?s=96&d=mm&r=g\",\"contentUrl\":\"https:\/\/secure.gravatar.com\/avatar\/2a98ad6df38b68a7998a319b57e3c9fd?s=96&d=mm&r=g\",\"caption\":\"Nadja\"}}]}<\/script>\n<!-- \/ Yoast SEO plugin. -->","yoast_head_json":{"title":"The Countdown Begins: 365 Days to the European Capital of Culture Title!","description":"Let the countdown begin: There's 365 days left until the European Capital of Culture Opening Ceremony in Novi Sad!","robots":{"index":"index","follow":"follow","max-snippet":"max-snippet:-1","max-image-preview":"max-image-preview:large","max-video-preview":"max-video-preview:-1"},"canonical":"https:\/\/visitdistrikt.rs\/en\/2021\/01\/18\/the-countdown-begins-365-days-to-the-european-capital-of-culture-title\/","og_locale":"en_US","og_type":"article","og_title":"The Countdown Begins: 365 Days to the European Capital of Culture Title!","og_description":"Let the countdown begin: There's 365 days left until the European Capital of Culture Opening Ceremony in Novi Sad!","og_url":"https:\/\/visitdistrikt.rs\/en\/2021\/01\/18\/the-countdown-begins-365-days-to-the-european-capital-of-culture-title\/","og_site_name":"Visit Distrikt Novi Sad","article_published_time":"2021-01-18T15:57:52+00:00","og_image":[{"width":2560,"height":1000,"url":"https:\/\/visitdistrikt.rs\/media\/2021\/01\/Zezeljev-most-Zalazak-V.Velickovic.015a.jpg","type":"image\/jpeg"}],"author":"Nadja","twitter_card":"summary_large_image","twitter_misc":{"Written by":"Nadja","Est. reading time":"5 minutes"},"schema":{"@context":"https:\/\/schema.org","@graph":[{"@type":"WebPage","@id":"https:\/\/visitdistrikt.rs\/en\/2021\/01\/18\/the-countdown-begins-365-days-to-the-european-capital-of-culture-title\/","url":"https:\/\/visitdistrikt.rs\/en\/2021\/01\/18\/the-countdown-begins-365-days-to-the-european-capital-of-culture-title\/","name":"The Countdown Begins: 365 Days to the European Capital of Culture Title!","isPartOf":{"@id":"https:\/\/visitdistrikt.rs\/#website"},"primaryImageOfPage":{"@id":"https:\/\/visitdistrikt.rs\/en\/2021\/01\/18\/the-countdown-begins-365-days-to-the-european-capital-of-culture-title\/#primaryimage"},"image":{"@id":"https:\/\/visitdistrikt.rs\/en\/2021\/01\/18\/the-countdown-begins-365-days-to-the-european-capital-of-culture-title\/#primaryimage"},"thumbnailUrl":"https:\/\/visitdistrikt.rs\/media\/2021\/01\/Zezeljev-most-Zalazak-V.Velickovic.015a.jpg","datePublished":"2021-01-18T15:57:52+00:00","dateModified":"2021-01-18T15:57:52+00:00","author":{"@id":"https:\/\/visitdistrikt.rs\/#\/schema\/person\/d14c12f469b14b67ac146d37913d83d6"},"description":"Let the countdown begin: There's 365 days left until the European Capital of Culture Opening Ceremony in Novi Sad!","breadcrumb":{"@id":"https:\/\/visitdistrikt.rs\/en\/2021\/01\/18\/the-countdown-begins-365-days-to-the-european-capital-of-culture-title\/#breadcrumb"},"inLanguage":"en-US","potentialAction":[{"@type":"ReadAction","target":["https:\/\/visitdistrikt.rs\/en\/2021\/01\/18\/the-countdown-begins-365-days-to-the-european-capital-of-culture-title\/"]}]},{"@type":"ImageObject","inLanguage":"en-US","@id":"https:\/\/visitdistrikt.rs\/en\/2021\/01\/18\/the-countdown-begins-365-days-to-the-european-capital-of-culture-title\/#primaryimage","url":"https:\/\/visitdistrikt.rs\/media\/2021\/01\/Zezeljev-most-Zalazak-V.Velickovic.015a.jpg","contentUrl":"https:\/\/visitdistrikt.rs\/media\/2021\/01\/Zezeljev-most-Zalazak-V.Velickovic.015a.jpg","width":2560,"height":1000},{"@type":"BreadcrumbList","@id":"https:\/\/visitdistrikt.rs\/en\/2021\/01\/18\/the-countdown-begins-365-days-to-the-european-capital-of-culture-title\/#breadcrumb","itemListElement":[{"@type":"ListItem","position":1,"name":"Home","item":"https:\/\/visitdistrikt.rs\/en\/"},{"@type":"ListItem","position":2,"name":"The Countdown Begins: 365 Days to the European Capital of Culture Title!"}]},{"@type":"WebSite","@id":"https:\/\/visitdistrikt.rs\/#website","url":"https:\/\/visitdistrikt.rs\/","name":"Visit Distrikt Novi Sad","description":"Novi Sad","potentialAction":[{"@type":"SearchAction","target":{"@type":"EntryPoint","urlTemplate":"https:\/\/visitdistrikt.rs\/?s={search_term_string}"},"query-input":"required name=search_term_string"}],"inLanguage":"en-US"},{"@type":"Person","@id":"https:\/\/visitdistrikt.rs\/#\/schema\/person\/d14c12f469b14b67ac146d37913d83d6","name":"Nadja","image":{"@type":"ImageObject","inLanguage":"en-US","@id":"https:\/\/visitdistrikt.rs\/#\/schema\/person\/image\/","url":"https:\/\/secure.gravatar.com\/avatar\/2a98ad6df38b68a7998a319b57e3c9fd?s=96&d=mm&r=g","contentUrl":"https:\/\/secure.gravatar.com\/avatar\/2a98ad6df38b68a7998a319b57e3c9fd?s=96&d=mm&r=g","caption":"Nadja"}}]}},"_links":{"self":[{"href":"https:\/\/visitdistrikt.rs\/en\/wp-json\/wp\/v2\/posts\/6096"}],"collection":[{"href":"https:\/\/visitdistrikt.rs\/en\/wp-json\/wp\/v2\/posts"}],"about":[{"href":"https:\/\/visitdistrikt.rs\/en\/wp-json\/wp\/v2\/types\/post"}],"author":[{"embeddable":true,"href":"https:\/\/visitdistrikt.rs\/en\/wp-json\/wp\/v2\/users\/3"}],"replies":[{"embeddable":true,"href":"https:\/\/visitdistrikt.rs\/en\/wp-json\/wp\/v2\/comments?post=6096"}],"version-history":[{"count":6,"href":"https:\/\/visitdistrikt.rs\/en\/wp-json\/wp\/v2\/posts\/6096\/revisions"}],"predecessor-version":[{"id":6102,"href":"https:\/\/visitdistrikt.rs\/en\/wp-json\/wp\/v2\/posts\/6096\/revisions\/6102"}],"wp:featuredmedia":[{"embeddable":true,"href":"https:\/\/visitdistrikt.rs\/en\/wp-json\/wp\/v2\/media\/5854"}],"wp:attachment":[{"href":"https:\/\/visitdistrikt.rs\/en\/wp-json\/wp\/v2\/media?parent=6096"}],"wp:term":[{"taxonomy":"category","embeddable":true,"href":"https:\/\/visitdistrikt.rs\/en\/wp-json\/wp\/v2\/categories?post=6096"},{"taxonomy":"post_tag","embeddable":true,"href":"https:\/\/visitdistrikt.rs\/en\/wp-json\/wp\/v2\/tags?post=6096"}],"curies":[{"name":"wp","href":"https:\/\/api.w.org\/{rel}","templated":true}]}}