{"id":7610,"date":"2021-03-15T16:00:33","date_gmt":"2021-03-15T15:00:33","guid":{"rendered":"https:\/\/visitdistrikt.rs\/?p=7610"},"modified":"2021-03-15T16:00:33","modified_gmt":"2021-03-15T15:00:33","slug":"the-streets-of-novi-sad-ognjena-price","status":"publish","type":"post","link":"https:\/\/visitdistrikt.rs\/en\/2021\/03\/15\/the-streets-of-novi-sad-ognjena-price\/","title":{"rendered":"The Streets of Novi Sad: Ognjena Price"},"content":{"rendered":"<h4><span>A small street hid itself in the most open place possible \u2013 in the middle of Bulevar Oslobo\u0111enja, cutting it only about a few tens of metres. Ognjena Price Street is located exactly between \u0106irpanova and Futo\u0161ka streets. But who was Ognjen Prica and why was the street named after him?<\/span><!--more--><\/h4>\n<p><span>He lived and worked semi-illegally for many years; thus, the small street in Novi Sad that has his name written on it &#8211; Ognjena Price &#8211; still exists, although it includes only a couple of buildings, and almost no one, not even taxi drivers, immediately know how to find it.<\/span><\/p>\n<p><span>And it\u2019s situated at the busiest location possible &#8211; in the middle of Bulevar Oslobo\u0111enja, between \u0106irpanova and Futo\u0161ka streets, right across Futo\u0161ka pijaca (en. Futo\u0161ka Market); a street that used to stretch out all the way to Novosadski sajam (en. Novi Sad Fair), now owns only a couple of buildings. Chances are it will cease to exist in case of new builds.<\/span><\/p>\n<p><img fetchpriority=\"high\" decoding=\"async\" class=\"alignnone size-full wp-image-4289\" src=\"https:\/\/visitdistrikt.rs\/media\/2020\/11\/Visit-NS-ul-Ognjena-Price-foto-Jelena-Ivanovic-5.png\" alt=\"\" width=\"2000\" height=\"1332\" srcset=\"https:\/\/visitdistrikt.rs\/media\/2020\/11\/Visit-NS-ul-Ognjena-Price-foto-Jelena-Ivanovic-5.png 2000w, https:\/\/visitdistrikt.rs\/media\/2020\/11\/Visit-NS-ul-Ognjena-Price-foto-Jelena-Ivanovic-5-300x200.png 300w, https:\/\/visitdistrikt.rs\/media\/2020\/11\/Visit-NS-ul-Ognjena-Price-foto-Jelena-Ivanovic-5-1024x682.png 1024w, https:\/\/visitdistrikt.rs\/media\/2020\/11\/Visit-NS-ul-Ognjena-Price-foto-Jelena-Ivanovic-5-768x511.png 768w, https:\/\/visitdistrikt.rs\/media\/2020\/11\/Visit-NS-ul-Ognjena-Price-foto-Jelena-Ivanovic-5-1536x1023.png 1536w, https:\/\/visitdistrikt.rs\/media\/2020\/11\/Visit-NS-ul-Ognjena-Price-foto-Jelena-Ivanovic-5-1320x879.png 1320w\" sizes=\"(max-width: 2000px) 100vw, 2000px\" \/><\/p>\n<p><span>Until that happens, Ognjena Prica Street includes a couple of shops, a small Chinese restaurant, an exchange office, the \u2018Sveti Sava\u2019 school for elementary education of adults and a residential yard. They keep alive the memory of Ognjen Prica, who was an intellectual during his life, and who became a national hero posthumously.<\/span><\/p>\n<p><span>He was the editor-in-chief of the newspaper \u2018Borba\u2019, while together with Bo\u017eidar Ad\u017eija, he edited the magazines \u2018Znanost i \u017eivot\u2019, \u2018Kultura\u2019, \u2018Izraz\u2019, \u2018Knji\u017eevni savremenik\u2019 and \u2018Na\u0161e novine.\u2019 Many of his works remained unpublished.<\/span><\/p>\n<h3><span>The life path of Ognjen Prica<\/span><\/h3>\n<p><span>He was born in Ilid\u017ea, near Sarajevo on 27 November, 1899. Ognjen graduated from a grammar school where he was learning German, French and Latin. He fell in love with Hegel, Marx and Engels and became a member of the Social Democratic Party of Bosnia and Herzegovina, where he was deemed the most intelligent and \u2018the greatest theoretical person of the Party.\u2019 After his graduation, Ognjen applied to the Faculty of Philosophy in Zagreb. During the time the state of Slovenes, Croats and Serbs was being formed, as a young student and a leftist, Prica worked on establishing the unique Yugoslav worker\u2019s movement, uniting social democratic parties and creating the Communist Party of Yugoslavia. He published \u2018Manifest Opozicije\u2019 and became a member of the Communist Party of Yugoslavia, but the Zagreb police banished him to Sarajevo. However, Ognjen went to Vienna and finished his studies all the while working on the \u2018Balkan Federation\u2019 newspaper.<\/span><\/p>\n<p><img decoding=\"async\" class=\"alignnone size-full wp-image-4291\" src=\"https:\/\/visitdistrikt.rs\/media\/2020\/11\/Visit-NS-ul-Ognjena-Price-foto-Jelena-Ivanovic-6.png\" alt=\"\" width=\"2000\" height=\"1333\" srcset=\"https:\/\/visitdistrikt.rs\/media\/2020\/11\/Visit-NS-ul-Ognjena-Price-foto-Jelena-Ivanovic-6.png 2000w, https:\/\/visitdistrikt.rs\/media\/2020\/11\/Visit-NS-ul-Ognjena-Price-foto-Jelena-Ivanovic-6-300x200.png 300w, https:\/\/visitdistrikt.rs\/media\/2020\/11\/Visit-NS-ul-Ognjena-Price-foto-Jelena-Ivanovic-6-1024x682.png 1024w, https:\/\/visitdistrikt.rs\/media\/2020\/11\/Visit-NS-ul-Ognjena-Price-foto-Jelena-Ivanovic-6-768x512.png 768w, https:\/\/visitdistrikt.rs\/media\/2020\/11\/Visit-NS-ul-Ognjena-Price-foto-Jelena-Ivanovic-6-1536x1024.png 1536w, https:\/\/visitdistrikt.rs\/media\/2020\/11\/Visit-NS-ul-Ognjena-Price-foto-Jelena-Ivanovic-6-1320x880.png 1320w\" sizes=\"(max-width: 2000px) 100vw, 2000px\" \/><\/p>\n<p><span>Upon his return to Yugoslavia, he was arrested in Belgrade. Having served his sentence, he goes back to Zagreb where he works as a math teacher for 4 years. He was fired due to being \u2018politically unsuitable\u2019, went to Zagreb and became the chief editor of the newspaper Borba &#8211; but only for a short while, since Borba was banned and Ognjen was put in prison after the establishment of the 6 January Dictatorship.<\/span><\/p>\n<p><span>In prison, he was a teacher to other political prisoners, while at the same learning Old Greek, Italian, Spanish and Esperanto; thus, speaking almost every European language. During his time in prison, he wrote studies on Varga and Talhmaier, he translated works such as Lenin\u2019s \u2018Materialism and Empirio-criticism,\u2019 \u2018The Communist Manifesto,\u2019 \u2018History of the Civil War&#8230;\u2019<\/span><\/p>\n<p><span>He was allowed to live in Zagreb again after being released from prison, but with the limited right to freedom of movement. He spent his next &#8211; and as it turned out, his last &#8211; five years of life living that way<\/span><\/p>\n<p><span>On the last night of March 1941, by order of Ma\u010dek and Suba\u0161i\u0107, Ognjen was arrested together with many other intellectuals. He ended up in the Kerestinec death camp, where he was executed with a group of revolutionaries in Maksimir Park on 9 July, 1941. During the execution, he didn\u2019t allow them to blindfold him. Instead, he screamed to his executioners: \u2018Shoot, you gang of murderers!\u2019<\/span><\/p>\n<p><span>He was declared a national hero on 26 July, 1945.<\/span><\/p>\n<h4><span>You might also want to read: <a href=\"https:\/\/visitdistrikt.rs\/en\/2021\/01\/18\/the-streets-of-novi-sad-dr-hempt-street\/\" target=\"_blank\" rel=\"noopener\">The Streets of Novi Sad: Dr. Hempt<\/a><\/span><\/h4>\n<p><em><strong>Photo<\/strong>: Jelena Ivanovi\u0107<\/em><\/p>\n","protected":false},"excerpt":{"rendered":"<p>A small street hid itself in the most open place possible \u2013 in the middle of Bulevar Oslobo\u0111enja, cutting it only about a few tens of metres. Ognjena Price Street is located exactly between \u0106irpanova and Futo\u0161ka streets. But who was Ognjen Prica and why was the street named after him?<\/p>\n","protected":false},"author":3,"featured_media":4293,"comment_status":"closed","ping_status":"open","sticky":false,"template":"","format":"standard","meta":{"footnotes":"","_links_to":"","_links_to_target":""},"categories":[313,310],"tags":[],"yoast_head":"<!-- This site is optimized with the Yoast SEO plugin v22.4 - https:\/\/yoast.com\/wordpress\/plugins\/seo\/ -->\n<title>The Streets of Novi Sad: Ognjena Price - Visit Distrikt Novi Sad<\/title>\n<meta name=\"description\" content=\"In the middle of Bulevar Oslobo\u0111enja, between \u0106irpanova and Futo\u0161ka streets - this is the small and charming Ognjena Price street.\" \/>\n<meta name=\"robots\" content=\"index, follow, max-snippet:-1, max-image-preview:large, max-video-preview:-1\" \/>\n<link rel=\"canonical\" href=\"https:\/\/visitdistrikt.rs\/en\/2021\/03\/15\/the-streets-of-novi-sad-ognjena-price\/\" \/>\n<meta property=\"og:locale\" content=\"en_US\" \/>\n<meta property=\"og:type\" content=\"article\" \/>\n<meta property=\"og:title\" content=\"The Streets of Novi Sad: Ognjena Price - Visit Distrikt Novi Sad\" \/>\n<meta property=\"og:description\" content=\"In the middle of Bulevar Oslobo\u0111enja, between \u0106irpanova and Futo\u0161ka streets - this is the small and charming Ognjena Price street.\" \/>\n<meta property=\"og:url\" content=\"https:\/\/visitdistrikt.rs\/en\/2021\/03\/15\/the-streets-of-novi-sad-ognjena-price\/\" \/>\n<meta property=\"og:site_name\" content=\"Visit Distrikt Novi Sad\" \/>\n<meta property=\"article:published_time\" content=\"2021-03-15T15:00:33+00:00\" \/>\n<meta property=\"og:image\" content=\"https:\/\/visitdistrikt.rs\/media\/2020\/11\/Visit-NS-ul-Ognjena-Price-foto-Jelena-Ivanovic-7-e1606234545693-1024x379.png\" \/>\n\t<meta property=\"og:image:width\" content=\"1024\" \/>\n\t<meta property=\"og:image:height\" content=\"379\" \/>\n\t<meta property=\"og:image:type\" content=\"image\/png\" \/>\n<meta name=\"author\" content=\"Nadja\" \/>\n<meta name=\"twitter:card\" content=\"summary_large_image\" \/>\n<meta name=\"twitter:label1\" content=\"Written by\" \/>\n\t<meta name=\"twitter:data1\" content=\"Nadja\" \/>\n\t<meta name=\"twitter:label2\" content=\"Est. reading time\" \/>\n\t<meta name=\"twitter:data2\" content=\"4 minutes\" \/>\n<script type=\"application\/ld+json\" class=\"yoast-schema-graph\">{\"@context\":\"https:\/\/schema.org\",\"@graph\":[{\"@type\":\"WebPage\",\"@id\":\"https:\/\/visitdistrikt.rs\/en\/2021\/03\/15\/the-streets-of-novi-sad-ognjena-price\/\",\"url\":\"https:\/\/visitdistrikt.rs\/en\/2021\/03\/15\/the-streets-of-novi-sad-ognjena-price\/\",\"name\":\"The Streets of Novi Sad: Ognjena Price - Visit Distrikt Novi Sad\",\"isPartOf\":{\"@id\":\"https:\/\/visitdistrikt.rs\/#website\"},\"primaryImageOfPage\":{\"@id\":\"https:\/\/visitdistrikt.rs\/en\/2021\/03\/15\/the-streets-of-novi-sad-ognjena-price\/#primaryimage\"},\"image\":{\"@id\":\"https:\/\/visitdistrikt.rs\/en\/2021\/03\/15\/the-streets-of-novi-sad-ognjena-price\/#primaryimage\"},\"thumbnailUrl\":\"https:\/\/visitdistrikt.rs\/media\/2020\/11\/Visit-NS-ul-Ognjena-Price-foto-Jelena-Ivanovic-7-e1606234545693.png\",\"datePublished\":\"2021-03-15T15:00:33+00:00\",\"dateModified\":\"2021-03-15T15:00:33+00:00\",\"author\":{\"@id\":\"https:\/\/visitdistrikt.rs\/#\/schema\/person\/d14c12f469b14b67ac146d37913d83d6\"},\"description\":\"In the middle of Bulevar Oslobo\u0111enja, between \u0106irpanova and Futo\u0161ka streets - this is the small and charming Ognjena Price street.\",\"breadcrumb\":{\"@id\":\"https:\/\/visitdistrikt.rs\/en\/2021\/03\/15\/the-streets-of-novi-sad-ognjena-price\/#breadcrumb\"},\"inLanguage\":\"en-US\",\"potentialAction\":[{\"@type\":\"ReadAction\",\"target\":[\"https:\/\/visitdistrikt.rs\/en\/2021\/03\/15\/the-streets-of-novi-sad-ognjena-price\/\"]}]},{\"@type\":\"ImageObject\",\"inLanguage\":\"en-US\",\"@id\":\"https:\/\/visitdistrikt.rs\/en\/2021\/03\/15\/the-streets-of-novi-sad-ognjena-price\/#primaryimage\",\"url\":\"https:\/\/visitdistrikt.rs\/media\/2020\/11\/Visit-NS-ul-Ognjena-Price-foto-Jelena-Ivanovic-7-e1606234545693.png\",\"contentUrl\":\"https:\/\/visitdistrikt.rs\/media\/2020\/11\/Visit-NS-ul-Ognjena-Price-foto-Jelena-Ivanovic-7-e1606234545693.png\",\"width\":2000,\"height\":740,\"caption\":\"Ulica Ognjena Price\"},{\"@type\":\"BreadcrumbList\",\"@id\":\"https:\/\/visitdistrikt.rs\/en\/2021\/03\/15\/the-streets-of-novi-sad-ognjena-price\/#breadcrumb\",\"itemListElement\":[{\"@type\":\"ListItem\",\"position\":1,\"name\":\"Home\",\"item\":\"https:\/\/visitdistrikt.rs\/en\/\"},{\"@type\":\"ListItem\",\"position\":2,\"name\":\"The Streets of Novi Sad: Ognjena Price\"}]},{\"@type\":\"WebSite\",\"@id\":\"https:\/\/visitdistrikt.rs\/#website\",\"url\":\"https:\/\/visitdistrikt.rs\/\",\"name\":\"Visit Distrikt Novi Sad\",\"description\":\"Novi Sad\",\"potentialAction\":[{\"@type\":\"SearchAction\",\"target\":{\"@type\":\"EntryPoint\",\"urlTemplate\":\"https:\/\/visitdistrikt.rs\/?s={search_term_string}\"},\"query-input\":\"required name=search_term_string\"}],\"inLanguage\":\"en-US\"},{\"@type\":\"Person\",\"@id\":\"https:\/\/visitdistrikt.rs\/#\/schema\/person\/d14c12f469b14b67ac146d37913d83d6\",\"name\":\"Nadja\",\"image\":{\"@type\":\"ImageObject\",\"inLanguage\":\"en-US\",\"@id\":\"https:\/\/visitdistrikt.rs\/#\/schema\/person\/image\/\",\"url\":\"https:\/\/secure.gravatar.com\/avatar\/2a98ad6df38b68a7998a319b57e3c9fd?s=96&d=mm&r=g\",\"contentUrl\":\"https:\/\/secure.gravatar.com\/avatar\/2a98ad6df38b68a7998a319b57e3c9fd?s=96&d=mm&r=g\",\"caption\":\"Nadja\"}}]}<\/script>\n<!-- \/ Yoast SEO plugin. -->","yoast_head_json":{"title":"The Streets of Novi Sad: Ognjena Price - Visit Distrikt Novi Sad","description":"In the middle of Bulevar Oslobo\u0111enja, between \u0106irpanova and Futo\u0161ka streets - this is the small and charming Ognjena Price street.","robots":{"index":"index","follow":"follow","max-snippet":"max-snippet:-1","max-image-preview":"max-image-preview:large","max-video-preview":"max-video-preview:-1"},"canonical":"https:\/\/visitdistrikt.rs\/en\/2021\/03\/15\/the-streets-of-novi-sad-ognjena-price\/","og_locale":"en_US","og_type":"article","og_title":"The Streets of Novi Sad: Ognjena Price - Visit Distrikt Novi Sad","og_description":"In the middle of Bulevar Oslobo\u0111enja, between \u0106irpanova and Futo\u0161ka streets - this is the small and charming Ognjena Price street.","og_url":"https:\/\/visitdistrikt.rs\/en\/2021\/03\/15\/the-streets-of-novi-sad-ognjena-price\/","og_site_name":"Visit Distrikt Novi Sad","article_published_time":"2021-03-15T15:00:33+00:00","og_image":[{"width":1024,"height":379,"url":"https:\/\/visitdistrikt.rs\/media\/2020\/11\/Visit-NS-ul-Ognjena-Price-foto-Jelena-Ivanovic-7-e1606234545693-1024x379.png","type":"image\/png"}],"author":"Nadja","twitter_card":"summary_large_image","twitter_misc":{"Written by":"Nadja","Est. reading time":"4 minutes"},"schema":{"@context":"https:\/\/schema.org","@graph":[{"@type":"WebPage","@id":"https:\/\/visitdistrikt.rs\/en\/2021\/03\/15\/the-streets-of-novi-sad-ognjena-price\/","url":"https:\/\/visitdistrikt.rs\/en\/2021\/03\/15\/the-streets-of-novi-sad-ognjena-price\/","name":"The Streets of Novi Sad: Ognjena Price - Visit Distrikt Novi Sad","isPartOf":{"@id":"https:\/\/visitdistrikt.rs\/#website"},"primaryImageOfPage":{"@id":"https:\/\/visitdistrikt.rs\/en\/2021\/03\/15\/the-streets-of-novi-sad-ognjena-price\/#primaryimage"},"image":{"@id":"https:\/\/visitdistrikt.rs\/en\/2021\/03\/15\/the-streets-of-novi-sad-ognjena-price\/#primaryimage"},"thumbnailUrl":"https:\/\/visitdistrikt.rs\/media\/2020\/11\/Visit-NS-ul-Ognjena-Price-foto-Jelena-Ivanovic-7-e1606234545693.png","datePublished":"2021-03-15T15:00:33+00:00","dateModified":"2021-03-15T15:00:33+00:00","author":{"@id":"https:\/\/visitdistrikt.rs\/#\/schema\/person\/d14c12f469b14b67ac146d37913d83d6"},"description":"In the middle of Bulevar Oslobo\u0111enja, between \u0106irpanova and Futo\u0161ka streets - this is the small and charming Ognjena Price street.","breadcrumb":{"@id":"https:\/\/visitdistrikt.rs\/en\/2021\/03\/15\/the-streets-of-novi-sad-ognjena-price\/#breadcrumb"},"inLanguage":"en-US","potentialAction":[{"@type":"ReadAction","target":["https:\/\/visitdistrikt.rs\/en\/2021\/03\/15\/the-streets-of-novi-sad-ognjena-price\/"]}]},{"@type":"ImageObject","inLanguage":"en-US","@id":"https:\/\/visitdistrikt.rs\/en\/2021\/03\/15\/the-streets-of-novi-sad-ognjena-price\/#primaryimage","url":"https:\/\/visitdistrikt.rs\/media\/2020\/11\/Visit-NS-ul-Ognjena-Price-foto-Jelena-Ivanovic-7-e1606234545693.png","contentUrl":"https:\/\/visitdistrikt.rs\/media\/2020\/11\/Visit-NS-ul-Ognjena-Price-foto-Jelena-Ivanovic-7-e1606234545693.png","width":2000,"height":740,"caption":"Ulica Ognjena Price"},{"@type":"BreadcrumbList","@id":"https:\/\/visitdistrikt.rs\/en\/2021\/03\/15\/the-streets-of-novi-sad-ognjena-price\/#breadcrumb","itemListElement":[{"@type":"ListItem","position":1,"name":"Home","item":"https:\/\/visitdistrikt.rs\/en\/"},{"@type":"ListItem","position":2,"name":"The Streets of Novi Sad: Ognjena Price"}]},{"@type":"WebSite","@id":"https:\/\/visitdistrikt.rs\/#website","url":"https:\/\/visitdistrikt.rs\/","name":"Visit Distrikt Novi Sad","description":"Novi Sad","potentialAction":[{"@type":"SearchAction","target":{"@type":"EntryPoint","urlTemplate":"https:\/\/visitdistrikt.rs\/?s={search_term_string}"},"query-input":"required name=search_term_string"}],"inLanguage":"en-US"},{"@type":"Person","@id":"https:\/\/visitdistrikt.rs\/#\/schema\/person\/d14c12f469b14b67ac146d37913d83d6","name":"Nadja","image":{"@type":"ImageObject","inLanguage":"en-US","@id":"https:\/\/visitdistrikt.rs\/#\/schema\/person\/image\/","url":"https:\/\/secure.gravatar.com\/avatar\/2a98ad6df38b68a7998a319b57e3c9fd?s=96&d=mm&r=g","contentUrl":"https:\/\/secure.gravatar.com\/avatar\/2a98ad6df38b68a7998a319b57e3c9fd?s=96&d=mm&r=g","caption":"Nadja"}}]}},"_links":{"self":[{"href":"https:\/\/visitdistrikt.rs\/en\/wp-json\/wp\/v2\/posts\/7610"}],"collection":[{"href":"https:\/\/visitdistrikt.rs\/en\/wp-json\/wp\/v2\/posts"}],"about":[{"href":"https:\/\/visitdistrikt.rs\/en\/wp-json\/wp\/v2\/types\/post"}],"author":[{"embeddable":true,"href":"https:\/\/visitdistrikt.rs\/en\/wp-json\/wp\/v2\/users\/3"}],"replies":[{"embeddable":true,"href":"https:\/\/visitdistrikt.rs\/en\/wp-json\/wp\/v2\/comments?post=7610"}],"version-history":[{"count":2,"href":"https:\/\/visitdistrikt.rs\/en\/wp-json\/wp\/v2\/posts\/7610\/revisions"}],"predecessor-version":[{"id":7612,"href":"https:\/\/visitdistrikt.rs\/en\/wp-json\/wp\/v2\/posts\/7610\/revisions\/7612"}],"wp:featuredmedia":[{"embeddable":true,"href":"https:\/\/visitdistrikt.rs\/en\/wp-json\/wp\/v2\/media\/4293"}],"wp:attachment":[{"href":"https:\/\/visitdistrikt.rs\/en\/wp-json\/wp\/v2\/media?parent=7610"}],"wp:term":[{"taxonomy":"category","embeddable":true,"href":"https:\/\/visitdistrikt.rs\/en\/wp-json\/wp\/v2\/categories?post=7610"},{"taxonomy":"post_tag","embeddable":true,"href":"https:\/\/visitdistrikt.rs\/en\/wp-json\/wp\/v2\/tags?post=7610"}],"curies":[{"name":"wp","href":"https:\/\/api.w.org\/{rel}","templated":true}]}}