{"id":7752,"date":"2021-03-18T15:53:30","date_gmt":"2021-03-18T14:53:30","guid":{"rendered":"https:\/\/visitdistrikt.rs\/?p=7752"},"modified":"2021-03-18T15:53:30","modified_gmt":"2021-03-18T14:53:30","slug":"a-novi-sad-woman-in-albertina-wondrous-graphics-of-jelena-sredanovic","status":"publish","type":"post","link":"https:\/\/visitdistrikt.rs\/en\/2021\/03\/18\/a-novi-sad-woman-in-albertina-wondrous-graphics-of-jelena-sredanovic\/","title":{"rendered":"A Novi Sad Woman in Albertina: Wondrous Graphics of Jelena Sredanovi\u0107"},"content":{"rendered":"<p><strong>This young Novi Sad artist, Jelena Sredanovi\u0107, shows that dedication, talent and constant improvement knows no bounds.<\/strong><br \/>\n<!--more--><\/p>\n<p>This goes for many great artists, you can always tell with certainty which event will be of the utmost importance for their careers. For Michelangelo, it was sculpting the famous statue of David, for Picasso, it was exhibiting his painting in the Metropolitan Museum of Art in New York in 1906. Jelena Sredanovi\u0107, a young Novi Sad artist, had her big moment by the end of the last year, when her graphic \u2018Drops and Shadows\u2019 became part of the <a href=\"https:\/\/sammlungenonline.albertina.at\/#\/query\/8f98ac81-cb62-4c7a-b6c8-6e7821bb2e99\" target=\"_blank\" rel=\"noopener\">famous Viennese museum\u2019s permanent collection<\/a>, right next to Michelangelo and Picasso as well as other great artists, such as Klimt, Raffaello, Rubens\u2026<\/p>\n<p>\u2018Drops and Shadows\u2019 were done using the woodcut technique and are part of the author\u2019s cycle called \u2018Imprint of Nature\u2019.<\/p>\n<p><strong>You received both bachelor and master degrees from the Academy of Arts in Novi Sad. After you obtained your master\u2019s degree in Graphics, you applied for PhD studies at the University of Arts in Belgrade. Why did you choose this particular technique? Did studying help you perfect the technique or did it offer some other kind of improvement?<br \/>\n<\/strong><span>&#8211; At the Academy of Arts, you gain the knowledge needed to do fine arts. The diploma you get doesn\u2019t automatically mean you\u2019re an artist, you have to keep improving and work continuously. From the beginning of my study life, I tried to improve, so in addition to the aforementioned Academy of Arts in Novi Sad and the University of Arts in Belgrade, I attended the Summer Academy of Arts in Salzburg in 2002 and participated in residency programmes and numerous art workshops in the country and abroad (Bilbao 2010, Granada 2018, Rome 2018). I opted for Graphics because I had affinities for drawing, and during my studies I discovered how rich and diverse the discipline is, offering a varied range of radically different means of expression, each requiring a certain approach.<\/span><\/p>\n<div id='gallery-1' class='gallery galleryid-7752 gallery-columns-2 gallery-size-full'><figure class='gallery-item'>\n\t\t\t<div class='gallery-icon landscape'>\n\t\t\t\t<a href='https:\/\/visitdistrikt.rs\/media\/2021\/02\/IMG_8815UrosD-scaled.jpg'><img fetchpriority=\"high\" decoding=\"async\" width=\"2560\" height=\"1707\" src=\"https:\/\/visitdistrikt.rs\/media\/2021\/02\/IMG_8815UrosD-scaled.jpg\" class=\"attachment-full size-full\" alt=\"Jelena Sredanovic intervju\" srcset=\"https:\/\/visitdistrikt.rs\/media\/2021\/02\/IMG_8815UrosD-scaled.jpg 2560w, https:\/\/visitdistrikt.rs\/media\/2021\/02\/IMG_8815UrosD-300x200.jpg 300w, https:\/\/visitdistrikt.rs\/media\/2021\/02\/IMG_8815UrosD-1024x683.jpg 1024w, https:\/\/visitdistrikt.rs\/media\/2021\/02\/IMG_8815UrosD-768x512.jpg 768w, https:\/\/visitdistrikt.rs\/media\/2021\/02\/IMG_8815UrosD-1536x1024.jpg 1536w, https:\/\/visitdistrikt.rs\/media\/2021\/02\/IMG_8815UrosD-2048x1365.jpg 2048w, https:\/\/visitdistrikt.rs\/media\/2021\/02\/IMG_8815UrosD-1320x880.jpg 1320w\" sizes=\"(max-width: 2560px) 100vw, 2560px\" \/><\/a>\n\t\t\t<\/div><\/figure><figure class='gallery-item'>\n\t\t\t<div class='gallery-icon landscape'>\n\t\t\t\t<a href='https:\/\/visitdistrikt.rs\/media\/2021\/02\/IMG_8813UrosD-scaled.jpg'><img decoding=\"async\" width=\"2560\" height=\"1707\" src=\"https:\/\/visitdistrikt.rs\/media\/2021\/02\/IMG_8813UrosD-scaled.jpg\" class=\"attachment-full size-full\" alt=\"Jelena sredanovic\" srcset=\"https:\/\/visitdistrikt.rs\/media\/2021\/02\/IMG_8813UrosD-scaled.jpg 2560w, https:\/\/visitdistrikt.rs\/media\/2021\/02\/IMG_8813UrosD-300x200.jpg 300w, https:\/\/visitdistrikt.rs\/media\/2021\/02\/IMG_8813UrosD-1024x683.jpg 1024w, https:\/\/visitdistrikt.rs\/media\/2021\/02\/IMG_8813UrosD-768x512.jpg 768w, https:\/\/visitdistrikt.rs\/media\/2021\/02\/IMG_8813UrosD-1536x1024.jpg 1536w, https:\/\/visitdistrikt.rs\/media\/2021\/02\/IMG_8813UrosD-2048x1365.jpg 2048w, https:\/\/visitdistrikt.rs\/media\/2021\/02\/IMG_8813UrosD-1320x880.jpg 1320w\" sizes=\"(max-width: 2560px) 100vw, 2560px\" \/><\/a>\n\t\t\t<\/div><\/figure>\n\t\t<\/div>\n\n<p><strong><span>Throughout your work, you use woodcut, as a traditional technique, as well as digital printing and other more modern techniques. How would you explain to a layman what it is that you do before exhibiting artwork in a gallery, i.e., how does your creative process look like?<\/span><br \/>\n<\/strong><span>&#8211; Being an artist nowadays, especially doing graphic art, isn\u2019t easy at all. It\u2019s very demanding and everyone in the world of graphics knows how much effort is required; effort and means of production, in order to make one graphic. Using woodcut implies a long process of preparation, from making sketches and drawings, cutting wooden veneered boards and plywood, on which everything that is not printed is cut and removed, while other uncut parts form a drawing on which paint will be applied. I make special stencils for each colour on a graphic. When the process of preparation of one or more wooden stencils is completed, the paint is applied to these boards, the paper is placed over the boards and, under the pressure of the paint press, it is printed from the board to the paper and so we get a graphic print. I repeat the same procedure when I want to get more colours on a print and that way it achieves layering. In one graphic cycle, I combined woodcut and digital print, with one layer being done in digital print, and then on top of it I did one or more layers of prints in the woodcut technique.<\/span><\/p>\n<p><strong>Natural phenomena are a big inspiration of yours. Is there a particular reason for nature being the topic of your works, or does inspiration come on its own, spontaneously? Is there anything else that serves you as inspiration?<\/strong><br \/>\n<span>&#8211; I find inspiration for the content of my works in the world that surrounds me. In nature, I search for new visual incentives. To me, the most interesting scenes are the ones of movement, the constant movement and creation of new, unique visual units, as well as the way they last. Those changing scenes, such as reflection in the water or clouds, that exist in one moment and in the very next they\u2019re changing or disappearing, belong only to the moments I fix in the graphic media. In my works, I\u2019ve tried to convey the soothing atmosphere and depth I recognize in such scenes.<\/span><\/p>\n<p><strong><span>Your work \u2018Drops and Shadows\u2019 from the \u2018Imprint of Nature\u2019 cycle became part of the permanent collection of the famous Viennese museum Albertina. You also won the Walter Koschatzky award for Drops and Shadows (Koschatzky is a long-standing director of the graphic art collection of the Albertina museum). How does it feel to officially receive confirmation that your work is in the rank of Michelangelo, Picasso, D\u00fcrer, Schiele, Bruegel and other famous fine artists?<br \/>\n<\/span><\/strong><span>&#8211; I am delighted. A couple of months ago, people from Albertina informed me that they got hold of my graphic. The procedure of copyright and other rights regulation lasted for some time and now I can officially announce that my work is part of one of the most important collections of graphics and drawings in the world. Since 2009, I\u2019ve been doing both solo and group exhibitions across Austria, and whenever I went to Vienna, I never missed a chance to visit exhibitions in Albertina, admiring the works of great artists. I never would have thought that, someday, my artwork would belong to that collection. I\u2019m proud of this achievement that includes more than 15 years of continuous and dedicated work, improving myself, student residencies and a large number of solo and group exhibitions in cities around the world.<\/span><\/p>\n<p><strong>Do you think modern printing techniques are changing graphic art, setting it back or improving it in any way? What do you think the future of graphic art, and fine art in general, will look like, given that we are becoming a digital civilization?<br \/>\n<\/strong>&#8211; Graphic artists learn about new technologies available to them and how to use them, all the while developing new methods of making an artistic imprint. In the growing presence of new technologies, which have expanded the possibilities and tools for work, there is a reverse tendency to rediscover the expressive possibilities of traditional graphic techniques. Centuries-old techniques are still alluring to many authors, who boldly expand the potential of traditional methods. Seeking the opportunity to better express their ideas and feelings, contemporary artists strive to find their space in a wide range of available methods. It\u2019s hard to imagine the vital tradition of art in general and graphics in general will be lost; it\u2019s an art form that has its roots in the Renaissance and is still relevant today. As long as there are artists who think of this art form as an exciting field for creating, and who through their own work prove that there is an inexhaustible space for individual exploration, graphic art will live.<\/p>\n<div id='gallery-2' class='gallery galleryid-7752 gallery-columns-2 gallery-size-full'><figure class='gallery-item'>\n\t\t\t<div class='gallery-icon landscape'>\n\t\t\t\t<a href='https:\/\/visitdistrikt.rs\/media\/2021\/02\/IMG_8806UrosD-scaled.jpg'><img decoding=\"async\" width=\"2560\" height=\"1707\" src=\"https:\/\/visitdistrikt.rs\/media\/2021\/02\/IMG_8806UrosD-scaled.jpg\" class=\"attachment-full size-full\" alt=\"Jelena Sredanovic radionica\" srcset=\"https:\/\/visitdistrikt.rs\/media\/2021\/02\/IMG_8806UrosD-scaled.jpg 2560w, https:\/\/visitdistrikt.rs\/media\/2021\/02\/IMG_8806UrosD-300x200.jpg 300w, https:\/\/visitdistrikt.rs\/media\/2021\/02\/IMG_8806UrosD-1024x683.jpg 1024w, https:\/\/visitdistrikt.rs\/media\/2021\/02\/IMG_8806UrosD-768x512.jpg 768w, https:\/\/visitdistrikt.rs\/media\/2021\/02\/IMG_8806UrosD-1536x1024.jpg 1536w, https:\/\/visitdistrikt.rs\/media\/2021\/02\/IMG_8806UrosD-2048x1365.jpg 2048w, https:\/\/visitdistrikt.rs\/media\/2021\/02\/IMG_8806UrosD-1320x880.jpg 1320w\" sizes=\"(max-width: 2560px) 100vw, 2560px\" \/><\/a>\n\t\t\t<\/div><\/figure><figure class='gallery-item'>\n\t\t\t<div class='gallery-icon landscape'>\n\t\t\t\t<a href='https:\/\/visitdistrikt.rs\/media\/2021\/02\/IMG_8811UrosD-scaled.jpg'><img loading=\"lazy\" decoding=\"async\" width=\"2560\" height=\"1707\" src=\"https:\/\/visitdistrikt.rs\/media\/2021\/02\/IMG_8811UrosD-scaled.jpg\" class=\"attachment-full size-full\" alt=\"Jelena Sredanovi\u0107 radionica\" srcset=\"https:\/\/visitdistrikt.rs\/media\/2021\/02\/IMG_8811UrosD-scaled.jpg 2560w, https:\/\/visitdistrikt.rs\/media\/2021\/02\/IMG_8811UrosD-300x200.jpg 300w, https:\/\/visitdistrikt.rs\/media\/2021\/02\/IMG_8811UrosD-1024x683.jpg 1024w, https:\/\/visitdistrikt.rs\/media\/2021\/02\/IMG_8811UrosD-768x512.jpg 768w, https:\/\/visitdistrikt.rs\/media\/2021\/02\/IMG_8811UrosD-1536x1024.jpg 1536w, https:\/\/visitdistrikt.rs\/media\/2021\/02\/IMG_8811UrosD-2048x1365.jpg 2048w, https:\/\/visitdistrikt.rs\/media\/2021\/02\/IMG_8811UrosD-1320x880.jpg 1320w\" sizes=\"(max-width: 2560px) 100vw, 2560px\" \/><\/a>\n\t\t\t<\/div><\/figure>\n\t\t<\/div>\n\n<p><strong>You received numerous awards and are familiar to both local and international audiences. From a point of view of a professional, bearing in mind you exhibited your works in New York, Rome, London, Vienna, Budapest, Beijing&#8230; What are the differences in reacting to this type of art in Serbia and other European countries, and what\u2019s it like on other continents?<\/strong><br \/>\n<span>&#8211; Our graphic artists are very respected in the world. The main difference between an exhibition here and abroad is in the organisational and financial capacities, which are limited in Serbia. The exhibition organisers abroad have greater access to different sources of funding, therefore being able to provide a much better production. I had the opportunity to participate in impressive exhibitions abroad, which were organized in very prestigious exhibition spaces at a high professional level, and which were accompanied by richly equipped publications.<\/span><\/p>\n<p><strong>You work at the Academy of Arts in Novi Sad, so you pass on your knowledge to students and new generations. Do you show creativity in pedagogical work as well and to what extent is it limiting in our education system?<\/strong><br \/>\n<span>&#8211; For me, pedagogical work at the Academy of Arts is both creative and demanding. I try to recognize the individual quality of each student and encourage them to nurture and develop their creative potential. I believe that students, after mastering given assignments, should have the freedom to choose topics and, in accordance with their sensibility, try to find their space in a wide range of available methods and techniques.<\/span><\/p>\n<p><strong>Where in Novi Sad do you like to spend your free time and what places would you recommend to a foreigner?<\/strong><br \/>\n<span>&#8211; I love walking and running along the Danube. As for my colleagues and guests, the Matica Srpska Gallery, Pavle Beljanski Memorial Collection, as well as the Museum of Contemporary Art of Vojvodina are some of the must-see places.<\/span><\/p>\n<p><strong>What are your favourite events in Novi Sad that you never miss?<\/strong><br \/>\n<span>&#8211; I try not to miss exhibitions held in the city, as well as other cultural events.<\/span><\/p>\n<p><em><strong>Interviewer<\/strong>: Leona Pap<\/em><br \/>\n<em><strong>Photo<\/strong>: Uro\u0161 Do\u017ei\u0107<\/em><\/p>\n","protected":false},"excerpt":{"rendered":"<p>This young Novi Sad artist, Jelena Sredanovi\u0107, shows that dedication, talent and constant improvement knows no bounds.<\/p>\n","protected":false},"author":3,"featured_media":6746,"comment_status":"closed","ping_status":"open","sticky":false,"template":"","format":"standard","meta":{"footnotes":"","_links_to":"","_links_to_target":""},"categories":[998,287],"tags":[676],"yoast_head":"<!-- This site is optimized with the Yoast SEO plugin v22.4 - https:\/\/yoast.com\/wordpress\/plugins\/seo\/ -->\n<title>A Novi Sad Woman in Albertina: Wondrous Graphics of Jelena Sredanovi\u0107<\/title>\n<meta name=\"description\" content=\"We spoke with young Novi Sad artist Jelena Sredanovi\u0107 whose graphic became part of the famous Albertina museum\u2019s permanent collection.\" \/>\n<meta name=\"robots\" content=\"index, follow, max-snippet:-1, max-image-preview:large, max-video-preview:-1\" \/>\n<link rel=\"canonical\" href=\"https:\/\/visitdistrikt.rs\/en\/2021\/03\/18\/a-novi-sad-woman-in-albertina-wondrous-graphics-of-jelena-sredanovic\/\" \/>\n<meta property=\"og:locale\" content=\"en_US\" \/>\n<meta property=\"og:type\" content=\"article\" \/>\n<meta property=\"og:title\" content=\"A Novi Sad Woman in Albertina: Wondrous Graphics of Jelena Sredanovi\u0107\" \/>\n<meta property=\"og:description\" content=\"We spoke with young Novi Sad artist Jelena Sredanovi\u0107 whose graphic became part of the famous Albertina museum\u2019s permanent collection.\" \/>\n<meta property=\"og:url\" content=\"https:\/\/visitdistrikt.rs\/en\/2021\/03\/18\/a-novi-sad-woman-in-albertina-wondrous-graphics-of-jelena-sredanovic\/\" \/>\n<meta property=\"og:site_name\" content=\"Visit Distrikt Novi Sad\" \/>\n<meta property=\"article:published_time\" content=\"2021-03-18T14:53:30+00:00\" \/>\n<meta property=\"og:image\" content=\"https:\/\/visitdistrikt.rs\/media\/2021\/02\/IMG_8803UrosD-scaled.jpg\" \/>\n\t<meta property=\"og:image:width\" content=\"2560\" \/>\n\t<meta property=\"og:image:height\" content=\"1707\" \/>\n\t<meta property=\"og:image:type\" content=\"image\/jpeg\" \/>\n<meta name=\"author\" content=\"Nadja\" \/>\n<meta name=\"twitter:card\" content=\"summary_large_image\" \/>\n<meta name=\"twitter:label1\" content=\"Written by\" \/>\n\t<meta name=\"twitter:data1\" content=\"Nadja\" \/>\n\t<meta name=\"twitter:label2\" content=\"Est. reading time\" \/>\n\t<meta name=\"twitter:data2\" content=\"7 minutes\" \/>\n<script type=\"application\/ld+json\" class=\"yoast-schema-graph\">{\"@context\":\"https:\/\/schema.org\",\"@graph\":[{\"@type\":\"WebPage\",\"@id\":\"https:\/\/visitdistrikt.rs\/en\/2021\/03\/18\/a-novi-sad-woman-in-albertina-wondrous-graphics-of-jelena-sredanovic\/\",\"url\":\"https:\/\/visitdistrikt.rs\/en\/2021\/03\/18\/a-novi-sad-woman-in-albertina-wondrous-graphics-of-jelena-sredanovic\/\",\"name\":\"A Novi Sad Woman in Albertina: Wondrous Graphics of Jelena Sredanovi\u0107\",\"isPartOf\":{\"@id\":\"https:\/\/visitdistrikt.rs\/#website\"},\"primaryImageOfPage\":{\"@id\":\"https:\/\/visitdistrikt.rs\/en\/2021\/03\/18\/a-novi-sad-woman-in-albertina-wondrous-graphics-of-jelena-sredanovic\/#primaryimage\"},\"image\":{\"@id\":\"https:\/\/visitdistrikt.rs\/en\/2021\/03\/18\/a-novi-sad-woman-in-albertina-wondrous-graphics-of-jelena-sredanovic\/#primaryimage\"},\"thumbnailUrl\":\"https:\/\/visitdistrikt.rs\/media\/2021\/02\/IMG_8803UrosD-scaled.jpg\",\"datePublished\":\"2021-03-18T14:53:30+00:00\",\"dateModified\":\"2021-03-18T14:53:30+00:00\",\"author\":{\"@id\":\"https:\/\/visitdistrikt.rs\/#\/schema\/person\/d14c12f469b14b67ac146d37913d83d6\"},\"description\":\"We spoke with young Novi Sad artist Jelena Sredanovi\u0107 whose graphic became part of the famous Albertina museum\u2019s permanent collection.\",\"breadcrumb\":{\"@id\":\"https:\/\/visitdistrikt.rs\/en\/2021\/03\/18\/a-novi-sad-woman-in-albertina-wondrous-graphics-of-jelena-sredanovic\/#breadcrumb\"},\"inLanguage\":\"en-US\",\"potentialAction\":[{\"@type\":\"ReadAction\",\"target\":[\"https:\/\/visitdistrikt.rs\/en\/2021\/03\/18\/a-novi-sad-woman-in-albertina-wondrous-graphics-of-jelena-sredanovic\/\"]}]},{\"@type\":\"ImageObject\",\"inLanguage\":\"en-US\",\"@id\":\"https:\/\/visitdistrikt.rs\/en\/2021\/03\/18\/a-novi-sad-woman-in-albertina-wondrous-graphics-of-jelena-sredanovic\/#primaryimage\",\"url\":\"https:\/\/visitdistrikt.rs\/media\/2021\/02\/IMG_8803UrosD-scaled.jpg\",\"contentUrl\":\"https:\/\/visitdistrikt.rs\/media\/2021\/02\/IMG_8803UrosD-scaled.jpg\",\"width\":2560,\"height\":1707},{\"@type\":\"BreadcrumbList\",\"@id\":\"https:\/\/visitdistrikt.rs\/en\/2021\/03\/18\/a-novi-sad-woman-in-albertina-wondrous-graphics-of-jelena-sredanovic\/#breadcrumb\",\"itemListElement\":[{\"@type\":\"ListItem\",\"position\":1,\"name\":\"Home\",\"item\":\"https:\/\/visitdistrikt.rs\/en\/\"},{\"@type\":\"ListItem\",\"position\":2,\"name\":\"A Novi Sad Woman in Albertina: Wondrous Graphics of Jelena Sredanovi\u0107\"}]},{\"@type\":\"WebSite\",\"@id\":\"https:\/\/visitdistrikt.rs\/#website\",\"url\":\"https:\/\/visitdistrikt.rs\/\",\"name\":\"Visit Distrikt Novi Sad\",\"description\":\"Novi Sad\",\"potentialAction\":[{\"@type\":\"SearchAction\",\"target\":{\"@type\":\"EntryPoint\",\"urlTemplate\":\"https:\/\/visitdistrikt.rs\/?s={search_term_string}\"},\"query-input\":\"required name=search_term_string\"}],\"inLanguage\":\"en-US\"},{\"@type\":\"Person\",\"@id\":\"https:\/\/visitdistrikt.rs\/#\/schema\/person\/d14c12f469b14b67ac146d37913d83d6\",\"name\":\"Nadja\",\"image\":{\"@type\":\"ImageObject\",\"inLanguage\":\"en-US\",\"@id\":\"https:\/\/visitdistrikt.rs\/#\/schema\/person\/image\/\",\"url\":\"https:\/\/secure.gravatar.com\/avatar\/2a98ad6df38b68a7998a319b57e3c9fd?s=96&d=mm&r=g\",\"contentUrl\":\"https:\/\/secure.gravatar.com\/avatar\/2a98ad6df38b68a7998a319b57e3c9fd?s=96&d=mm&r=g\",\"caption\":\"Nadja\"}}]}<\/script>\n<!-- \/ Yoast SEO plugin. -->","yoast_head_json":{"title":"A Novi Sad Woman in Albertina: Wondrous Graphics of Jelena Sredanovi\u0107","description":"We spoke with young Novi Sad artist Jelena Sredanovi\u0107 whose graphic became part of the famous Albertina museum\u2019s permanent collection.","robots":{"index":"index","follow":"follow","max-snippet":"max-snippet:-1","max-image-preview":"max-image-preview:large","max-video-preview":"max-video-preview:-1"},"canonical":"https:\/\/visitdistrikt.rs\/en\/2021\/03\/18\/a-novi-sad-woman-in-albertina-wondrous-graphics-of-jelena-sredanovic\/","og_locale":"en_US","og_type":"article","og_title":"A Novi Sad Woman in Albertina: Wondrous Graphics of Jelena Sredanovi\u0107","og_description":"We spoke with young Novi Sad artist Jelena Sredanovi\u0107 whose graphic became part of the famous Albertina museum\u2019s permanent collection.","og_url":"https:\/\/visitdistrikt.rs\/en\/2021\/03\/18\/a-novi-sad-woman-in-albertina-wondrous-graphics-of-jelena-sredanovic\/","og_site_name":"Visit Distrikt Novi Sad","article_published_time":"2021-03-18T14:53:30+00:00","og_image":[{"width":2560,"height":1707,"url":"https:\/\/visitdistrikt.rs\/media\/2021\/02\/IMG_8803UrosD-scaled.jpg","type":"image\/jpeg"}],"author":"Nadja","twitter_card":"summary_large_image","twitter_misc":{"Written by":"Nadja","Est. reading time":"7 minutes"},"schema":{"@context":"https:\/\/schema.org","@graph":[{"@type":"WebPage","@id":"https:\/\/visitdistrikt.rs\/en\/2021\/03\/18\/a-novi-sad-woman-in-albertina-wondrous-graphics-of-jelena-sredanovic\/","url":"https:\/\/visitdistrikt.rs\/en\/2021\/03\/18\/a-novi-sad-woman-in-albertina-wondrous-graphics-of-jelena-sredanovic\/","name":"A Novi Sad Woman in Albertina: Wondrous Graphics of Jelena Sredanovi\u0107","isPartOf":{"@id":"https:\/\/visitdistrikt.rs\/#website"},"primaryImageOfPage":{"@id":"https:\/\/visitdistrikt.rs\/en\/2021\/03\/18\/a-novi-sad-woman-in-albertina-wondrous-graphics-of-jelena-sredanovic\/#primaryimage"},"image":{"@id":"https:\/\/visitdistrikt.rs\/en\/2021\/03\/18\/a-novi-sad-woman-in-albertina-wondrous-graphics-of-jelena-sredanovic\/#primaryimage"},"thumbnailUrl":"https:\/\/visitdistrikt.rs\/media\/2021\/02\/IMG_8803UrosD-scaled.jpg","datePublished":"2021-03-18T14:53:30+00:00","dateModified":"2021-03-18T14:53:30+00:00","author":{"@id":"https:\/\/visitdistrikt.rs\/#\/schema\/person\/d14c12f469b14b67ac146d37913d83d6"},"description":"We spoke with young Novi Sad artist Jelena Sredanovi\u0107 whose graphic became part of the famous Albertina museum\u2019s permanent collection.","breadcrumb":{"@id":"https:\/\/visitdistrikt.rs\/en\/2021\/03\/18\/a-novi-sad-woman-in-albertina-wondrous-graphics-of-jelena-sredanovic\/#breadcrumb"},"inLanguage":"en-US","potentialAction":[{"@type":"ReadAction","target":["https:\/\/visitdistrikt.rs\/en\/2021\/03\/18\/a-novi-sad-woman-in-albertina-wondrous-graphics-of-jelena-sredanovic\/"]}]},{"@type":"ImageObject","inLanguage":"en-US","@id":"https:\/\/visitdistrikt.rs\/en\/2021\/03\/18\/a-novi-sad-woman-in-albertina-wondrous-graphics-of-jelena-sredanovic\/#primaryimage","url":"https:\/\/visitdistrikt.rs\/media\/2021\/02\/IMG_8803UrosD-scaled.jpg","contentUrl":"https:\/\/visitdistrikt.rs\/media\/2021\/02\/IMG_8803UrosD-scaled.jpg","width":2560,"height":1707},{"@type":"BreadcrumbList","@id":"https:\/\/visitdistrikt.rs\/en\/2021\/03\/18\/a-novi-sad-woman-in-albertina-wondrous-graphics-of-jelena-sredanovic\/#breadcrumb","itemListElement":[{"@type":"ListItem","position":1,"name":"Home","item":"https:\/\/visitdistrikt.rs\/en\/"},{"@type":"ListItem","position":2,"name":"A Novi Sad Woman in Albertina: Wondrous Graphics of Jelena Sredanovi\u0107"}]},{"@type":"WebSite","@id":"https:\/\/visitdistrikt.rs\/#website","url":"https:\/\/visitdistrikt.rs\/","name":"Visit Distrikt Novi Sad","description":"Novi Sad","potentialAction":[{"@type":"SearchAction","target":{"@type":"EntryPoint","urlTemplate":"https:\/\/visitdistrikt.rs\/?s={search_term_string}"},"query-input":"required name=search_term_string"}],"inLanguage":"en-US"},{"@type":"Person","@id":"https:\/\/visitdistrikt.rs\/#\/schema\/person\/d14c12f469b14b67ac146d37913d83d6","name":"Nadja","image":{"@type":"ImageObject","inLanguage":"en-US","@id":"https:\/\/visitdistrikt.rs\/#\/schema\/person\/image\/","url":"https:\/\/secure.gravatar.com\/avatar\/2a98ad6df38b68a7998a319b57e3c9fd?s=96&d=mm&r=g","contentUrl":"https:\/\/secure.gravatar.com\/avatar\/2a98ad6df38b68a7998a319b57e3c9fd?s=96&d=mm&r=g","caption":"Nadja"}}]}},"_links":{"self":[{"href":"https:\/\/visitdistrikt.rs\/en\/wp-json\/wp\/v2\/posts\/7752"}],"collection":[{"href":"https:\/\/visitdistrikt.rs\/en\/wp-json\/wp\/v2\/posts"}],"about":[{"href":"https:\/\/visitdistrikt.rs\/en\/wp-json\/wp\/v2\/types\/post"}],"author":[{"embeddable":true,"href":"https:\/\/visitdistrikt.rs\/en\/wp-json\/wp\/v2\/users\/3"}],"replies":[{"embeddable":true,"href":"https:\/\/visitdistrikt.rs\/en\/wp-json\/wp\/v2\/comments?post=7752"}],"version-history":[{"count":3,"href":"https:\/\/visitdistrikt.rs\/en\/wp-json\/wp\/v2\/posts\/7752\/revisions"}],"predecessor-version":[{"id":7755,"href":"https:\/\/visitdistrikt.rs\/en\/wp-json\/wp\/v2\/posts\/7752\/revisions\/7755"}],"wp:featuredmedia":[{"embeddable":true,"href":"https:\/\/visitdistrikt.rs\/en\/wp-json\/wp\/v2\/media\/6746"}],"wp:attachment":[{"href":"https:\/\/visitdistrikt.rs\/en\/wp-json\/wp\/v2\/media?parent=7752"}],"wp:term":[{"taxonomy":"category","embeddable":true,"href":"https:\/\/visitdistrikt.rs\/en\/wp-json\/wp\/v2\/categories?post=7752"},{"taxonomy":"post_tag","embeddable":true,"href":"https:\/\/visitdistrikt.rs\/en\/wp-json\/wp\/v2\/tags?post=7752"}],"curies":[{"name":"wp","href":"https:\/\/api.w.org\/{rel}","templated":true}]}}