{"id":8807,"date":"2021-04-20T16:37:20","date_gmt":"2021-04-20T14:37:20","guid":{"rendered":"https:\/\/visitdistrikt.rs\/?p=8807"},"modified":"2021-04-20T16:37:20","modified_gmt":"2021-04-20T14:37:20","slug":"the-streets-of-novi-sad-the-prof-zivojin-culum-student-dormitory","status":"publish","type":"post","link":"https:\/\/visitdistrikt.rs\/en\/2021\/04\/20\/the-streets-of-novi-sad-the-prof-zivojin-culum-student-dormitory\/","title":{"rendered":"The Streets of Novi Sad: The \u2018Prof. \u017divojin \u0106ulum\u2019 Student Dormitory"},"content":{"rendered":"<p><strong>He was one of the founders of the Faculty of Technical Sciences, the first person in Serbia to start doing research on solar energy and he also tried to popularize science, while his students remember him for his interesting way of teaching.<\/strong><br \/>\n<!--more--><\/p>\n<p><span>Both Serbian science and the Novi Sad academia are indebted to professor \u017divojin \u0106ulum who enormously contributed to several branches of science. The student dormitory at the site of the <a href=\"https:\/\/visitdistrikt.rs\/en\/category\/novi-sad-through-space-and-time\/great-liman\/\" target=\"_blank\" rel=\"noopener\">Great Liman<\/a>, on the Despot Stefan Boulevard in the vicinity of the Czech Magazine, bears his name.<\/span><\/p>\n<p><span>The first-class student dormitory <em>Prof. \u017divojin \u0106ulum<\/em> was built in 1987, while the bed capacity is 372. It has a few reading rooms and a few study rooms, as well as two music halls with pianos in each. Students also call this dorm the \u2018Dorm A.\u2019<\/span><\/p>\n<p><img fetchpriority=\"high\" decoding=\"async\" class=\"alignnone wp-image-7593 size-full\" src=\"https:\/\/visitdistrikt.rs\/media\/2021\/03\/IMG_9198UrosD-scaled.jpg\" alt=\"Studentski dom \u017divojin \u0106ulum\" width=\"2560\" height=\"1707\" srcset=\"https:\/\/visitdistrikt.rs\/media\/2021\/03\/IMG_9198UrosD-scaled.jpg 2560w, https:\/\/visitdistrikt.rs\/media\/2021\/03\/IMG_9198UrosD-300x200.jpg 300w, https:\/\/visitdistrikt.rs\/media\/2021\/03\/IMG_9198UrosD-1024x683.jpg 1024w, https:\/\/visitdistrikt.rs\/media\/2021\/03\/IMG_9198UrosD-768x512.jpg 768w, https:\/\/visitdistrikt.rs\/media\/2021\/03\/IMG_9198UrosD-1536x1024.jpg 1536w, https:\/\/visitdistrikt.rs\/media\/2021\/03\/IMG_9198UrosD-2048x1365.jpg 2048w, https:\/\/visitdistrikt.rs\/media\/2021\/03\/IMG_9198UrosD-1320x880.jpg 1320w\" sizes=\"(max-width: 2560px) 100vw, 2560px\" \/><\/p>\n<p><span>In addition to the student dormitory, one street in Klisa also bears the name of professor \u017divojin \u0106ulum.<\/span><\/p>\n<p><span>\u017divojin was a big expert in the field of mathematics and physics. He was respected for his pedagogical approach as well. He was dean of the Faculty of Mechanical Engineering, president of the Society of Mathematicians, Physicians and Astronomers of Vojvodina, whose works on solar energy are among the first ones in the country.<\/span><\/p>\n<p><span>Since 1993, the Faculty of Technical Sciences has been organizing a manifestation called \u2018\u0106ulumovi dani\u2019 (en. \u0106ulum\u2019s Days) in honour of \u017divojin\u2019s birthday on 8 November. The goal of this manifestation is to continue spreading his idea and his mission of science becoming more understandable and closer to each individual.<\/span><\/p>\n<p><span>Professor <strong>Ilija \u0106osi\u0107<\/strong> probably described \u017divojin best by saying: \u2018He could explain the most difficult things in the simplest ways possible.\u2019<\/span><\/p>\n<p><em><strong>Author<\/strong>: Milana Milovanov<\/em><br \/>\n<em><strong>Photo<\/strong>: Uro\u0161 Do\u017ei\u0107<\/em><\/p>\n","protected":false},"excerpt":{"rendered":"<p>He was one of the founders of the Faculty of Technical Sciences, the first person in Serbia to start doing research on solar energy and he also tried to popularize science, while his students remember him for his interesting way of teaching.<\/p>\n","protected":false},"author":3,"featured_media":7592,"comment_status":"closed","ping_status":"closed","sticky":false,"template":"","format":"standard","meta":{"footnotes":"","_links_to":"","_links_to_target":""},"categories":[302,310],"tags":[],"yoast_head":"<!-- This site is optimized with the Yoast SEO plugin v22.4 - https:\/\/yoast.com\/wordpress\/plugins\/seo\/ -->\n<title>The Streets of Novi Sad: The \u2018Prof. \u017divojin \u0106ulum\u2019 Student Dormitory<\/title>\n<meta name=\"description\" content=\"\u017divojin \u0106ulum was one of the founders of the Faculty of Technical Sciences, the first person in Serbia to start doing research on solar energy.\" \/>\n<meta name=\"robots\" content=\"index, follow, max-snippet:-1, max-image-preview:large, max-video-preview:-1\" \/>\n<link rel=\"canonical\" href=\"https:\/\/visitdistrikt.rs\/en\/2021\/04\/20\/the-streets-of-novi-sad-the-prof-zivojin-culum-student-dormitory\/\" \/>\n<meta property=\"og:locale\" content=\"en_US\" \/>\n<meta property=\"og:type\" content=\"article\" \/>\n<meta property=\"og:title\" content=\"The Streets of Novi Sad: The \u2018Prof. \u017divojin \u0106ulum\u2019 Student Dormitory\" \/>\n<meta property=\"og:description\" content=\"\u017divojin \u0106ulum was one of the founders of the Faculty of Technical Sciences, the first person in Serbia to start doing research on solar energy.\" \/>\n<meta property=\"og:url\" content=\"https:\/\/visitdistrikt.rs\/en\/2021\/04\/20\/the-streets-of-novi-sad-the-prof-zivojin-culum-student-dormitory\/\" \/>\n<meta property=\"og:site_name\" content=\"Visit Distrikt Novi Sad\" \/>\n<meta property=\"article:published_time\" content=\"2021-04-20T14:37:20+00:00\" \/>\n<meta property=\"og:image\" content=\"https:\/\/visitdistrikt.rs\/media\/2021\/03\/IMG_9200UrosD-1-scaled.jpg\" \/>\n\t<meta property=\"og:image:width\" content=\"2560\" \/>\n\t<meta property=\"og:image:height\" content=\"1707\" \/>\n\t<meta property=\"og:image:type\" content=\"image\/jpeg\" \/>\n<meta name=\"author\" content=\"Nadja\" \/>\n<meta name=\"twitter:card\" content=\"summary_large_image\" \/>\n<meta name=\"twitter:label1\" content=\"Written by\" \/>\n\t<meta name=\"twitter:data1\" content=\"Nadja\" \/>\n\t<meta name=\"twitter:label2\" content=\"Est. reading time\" \/>\n\t<meta name=\"twitter:data2\" content=\"2 minutes\" \/>\n<script type=\"application\/ld+json\" class=\"yoast-schema-graph\">{\"@context\":\"https:\/\/schema.org\",\"@graph\":[{\"@type\":\"WebPage\",\"@id\":\"https:\/\/visitdistrikt.rs\/en\/2021\/04\/20\/the-streets-of-novi-sad-the-prof-zivojin-culum-student-dormitory\/\",\"url\":\"https:\/\/visitdistrikt.rs\/en\/2021\/04\/20\/the-streets-of-novi-sad-the-prof-zivojin-culum-student-dormitory\/\",\"name\":\"The Streets of Novi Sad: The \u2018Prof. \u017divojin \u0106ulum\u2019 Student Dormitory\",\"isPartOf\":{\"@id\":\"https:\/\/visitdistrikt.rs\/#website\"},\"primaryImageOfPage\":{\"@id\":\"https:\/\/visitdistrikt.rs\/en\/2021\/04\/20\/the-streets-of-novi-sad-the-prof-zivojin-culum-student-dormitory\/#primaryimage\"},\"image\":{\"@id\":\"https:\/\/visitdistrikt.rs\/en\/2021\/04\/20\/the-streets-of-novi-sad-the-prof-zivojin-culum-student-dormitory\/#primaryimage\"},\"thumbnailUrl\":\"https:\/\/visitdistrikt.rs\/media\/2021\/03\/IMG_9200UrosD-1-scaled.jpg\",\"datePublished\":\"2021-04-20T14:37:20+00:00\",\"dateModified\":\"2021-04-20T14:37:20+00:00\",\"author\":{\"@id\":\"https:\/\/visitdistrikt.rs\/#\/schema\/person\/d14c12f469b14b67ac146d37913d83d6\"},\"description\":\"\u017divojin \u0106ulum was one of the founders of the Faculty of Technical Sciences, the first person in Serbia to start doing research on solar energy.\",\"breadcrumb\":{\"@id\":\"https:\/\/visitdistrikt.rs\/en\/2021\/04\/20\/the-streets-of-novi-sad-the-prof-zivojin-culum-student-dormitory\/#breadcrumb\"},\"inLanguage\":\"en-US\",\"potentialAction\":[{\"@type\":\"ReadAction\",\"target\":[\"https:\/\/visitdistrikt.rs\/en\/2021\/04\/20\/the-streets-of-novi-sad-the-prof-zivojin-culum-student-dormitory\/\"]}]},{\"@type\":\"ImageObject\",\"inLanguage\":\"en-US\",\"@id\":\"https:\/\/visitdistrikt.rs\/en\/2021\/04\/20\/the-streets-of-novi-sad-the-prof-zivojin-culum-student-dormitory\/#primaryimage\",\"url\":\"https:\/\/visitdistrikt.rs\/media\/2021\/03\/IMG_9200UrosD-1-scaled.jpg\",\"contentUrl\":\"https:\/\/visitdistrikt.rs\/media\/2021\/03\/IMG_9200UrosD-1-scaled.jpg\",\"width\":2560,\"height\":1707},{\"@type\":\"BreadcrumbList\",\"@id\":\"https:\/\/visitdistrikt.rs\/en\/2021\/04\/20\/the-streets-of-novi-sad-the-prof-zivojin-culum-student-dormitory\/#breadcrumb\",\"itemListElement\":[{\"@type\":\"ListItem\",\"position\":1,\"name\":\"Home\",\"item\":\"https:\/\/visitdistrikt.rs\/en\/\"},{\"@type\":\"ListItem\",\"position\":2,\"name\":\"The Streets of Novi Sad: The \u2018Prof. \u017divojin \u0106ulum\u2019 Student Dormitory\"}]},{\"@type\":\"WebSite\",\"@id\":\"https:\/\/visitdistrikt.rs\/#website\",\"url\":\"https:\/\/visitdistrikt.rs\/\",\"name\":\"Visit Distrikt Novi Sad\",\"description\":\"Novi Sad\",\"potentialAction\":[{\"@type\":\"SearchAction\",\"target\":{\"@type\":\"EntryPoint\",\"urlTemplate\":\"https:\/\/visitdistrikt.rs\/?s={search_term_string}\"},\"query-input\":\"required name=search_term_string\"}],\"inLanguage\":\"en-US\"},{\"@type\":\"Person\",\"@id\":\"https:\/\/visitdistrikt.rs\/#\/schema\/person\/d14c12f469b14b67ac146d37913d83d6\",\"name\":\"Nadja\",\"image\":{\"@type\":\"ImageObject\",\"inLanguage\":\"en-US\",\"@id\":\"https:\/\/visitdistrikt.rs\/#\/schema\/person\/image\/\",\"url\":\"https:\/\/secure.gravatar.com\/avatar\/2a98ad6df38b68a7998a319b57e3c9fd?s=96&d=mm&r=g\",\"contentUrl\":\"https:\/\/secure.gravatar.com\/avatar\/2a98ad6df38b68a7998a319b57e3c9fd?s=96&d=mm&r=g\",\"caption\":\"Nadja\"}}]}<\/script>\n<!-- \/ Yoast SEO plugin. -->","yoast_head_json":{"title":"The Streets of Novi Sad: The \u2018Prof. \u017divojin \u0106ulum\u2019 Student Dormitory","description":"\u017divojin \u0106ulum was one of the founders of the Faculty of Technical Sciences, the first person in Serbia to start doing research on solar energy.","robots":{"index":"index","follow":"follow","max-snippet":"max-snippet:-1","max-image-preview":"max-image-preview:large","max-video-preview":"max-video-preview:-1"},"canonical":"https:\/\/visitdistrikt.rs\/en\/2021\/04\/20\/the-streets-of-novi-sad-the-prof-zivojin-culum-student-dormitory\/","og_locale":"en_US","og_type":"article","og_title":"The Streets of Novi Sad: The \u2018Prof. \u017divojin \u0106ulum\u2019 Student Dormitory","og_description":"\u017divojin \u0106ulum was one of the founders of the Faculty of Technical Sciences, the first person in Serbia to start doing research on solar energy.","og_url":"https:\/\/visitdistrikt.rs\/en\/2021\/04\/20\/the-streets-of-novi-sad-the-prof-zivojin-culum-student-dormitory\/","og_site_name":"Visit Distrikt Novi Sad","article_published_time":"2021-04-20T14:37:20+00:00","og_image":[{"width":2560,"height":1707,"url":"https:\/\/visitdistrikt.rs\/media\/2021\/03\/IMG_9200UrosD-1-scaled.jpg","type":"image\/jpeg"}],"author":"Nadja","twitter_card":"summary_large_image","twitter_misc":{"Written by":"Nadja","Est. reading time":"2 minutes"},"schema":{"@context":"https:\/\/schema.org","@graph":[{"@type":"WebPage","@id":"https:\/\/visitdistrikt.rs\/en\/2021\/04\/20\/the-streets-of-novi-sad-the-prof-zivojin-culum-student-dormitory\/","url":"https:\/\/visitdistrikt.rs\/en\/2021\/04\/20\/the-streets-of-novi-sad-the-prof-zivojin-culum-student-dormitory\/","name":"The Streets of Novi Sad: The \u2018Prof. \u017divojin \u0106ulum\u2019 Student Dormitory","isPartOf":{"@id":"https:\/\/visitdistrikt.rs\/#website"},"primaryImageOfPage":{"@id":"https:\/\/visitdistrikt.rs\/en\/2021\/04\/20\/the-streets-of-novi-sad-the-prof-zivojin-culum-student-dormitory\/#primaryimage"},"image":{"@id":"https:\/\/visitdistrikt.rs\/en\/2021\/04\/20\/the-streets-of-novi-sad-the-prof-zivojin-culum-student-dormitory\/#primaryimage"},"thumbnailUrl":"https:\/\/visitdistrikt.rs\/media\/2021\/03\/IMG_9200UrosD-1-scaled.jpg","datePublished":"2021-04-20T14:37:20+00:00","dateModified":"2021-04-20T14:37:20+00:00","author":{"@id":"https:\/\/visitdistrikt.rs\/#\/schema\/person\/d14c12f469b14b67ac146d37913d83d6"},"description":"\u017divojin \u0106ulum was one of the founders of the Faculty of Technical Sciences, the first person in Serbia to start doing research on solar energy.","breadcrumb":{"@id":"https:\/\/visitdistrikt.rs\/en\/2021\/04\/20\/the-streets-of-novi-sad-the-prof-zivojin-culum-student-dormitory\/#breadcrumb"},"inLanguage":"en-US","potentialAction":[{"@type":"ReadAction","target":["https:\/\/visitdistrikt.rs\/en\/2021\/04\/20\/the-streets-of-novi-sad-the-prof-zivojin-culum-student-dormitory\/"]}]},{"@type":"ImageObject","inLanguage":"en-US","@id":"https:\/\/visitdistrikt.rs\/en\/2021\/04\/20\/the-streets-of-novi-sad-the-prof-zivojin-culum-student-dormitory\/#primaryimage","url":"https:\/\/visitdistrikt.rs\/media\/2021\/03\/IMG_9200UrosD-1-scaled.jpg","contentUrl":"https:\/\/visitdistrikt.rs\/media\/2021\/03\/IMG_9200UrosD-1-scaled.jpg","width":2560,"height":1707},{"@type":"BreadcrumbList","@id":"https:\/\/visitdistrikt.rs\/en\/2021\/04\/20\/the-streets-of-novi-sad-the-prof-zivojin-culum-student-dormitory\/#breadcrumb","itemListElement":[{"@type":"ListItem","position":1,"name":"Home","item":"https:\/\/visitdistrikt.rs\/en\/"},{"@type":"ListItem","position":2,"name":"The Streets of Novi Sad: The \u2018Prof. \u017divojin \u0106ulum\u2019 Student Dormitory"}]},{"@type":"WebSite","@id":"https:\/\/visitdistrikt.rs\/#website","url":"https:\/\/visitdistrikt.rs\/","name":"Visit Distrikt Novi Sad","description":"Novi Sad","potentialAction":[{"@type":"SearchAction","target":{"@type":"EntryPoint","urlTemplate":"https:\/\/visitdistrikt.rs\/?s={search_term_string}"},"query-input":"required name=search_term_string"}],"inLanguage":"en-US"},{"@type":"Person","@id":"https:\/\/visitdistrikt.rs\/#\/schema\/person\/d14c12f469b14b67ac146d37913d83d6","name":"Nadja","image":{"@type":"ImageObject","inLanguage":"en-US","@id":"https:\/\/visitdistrikt.rs\/#\/schema\/person\/image\/","url":"https:\/\/secure.gravatar.com\/avatar\/2a98ad6df38b68a7998a319b57e3c9fd?s=96&d=mm&r=g","contentUrl":"https:\/\/secure.gravatar.com\/avatar\/2a98ad6df38b68a7998a319b57e3c9fd?s=96&d=mm&r=g","caption":"Nadja"}}]}},"_links":{"self":[{"href":"https:\/\/visitdistrikt.rs\/en\/wp-json\/wp\/v2\/posts\/8807"}],"collection":[{"href":"https:\/\/visitdistrikt.rs\/en\/wp-json\/wp\/v2\/posts"}],"about":[{"href":"https:\/\/visitdistrikt.rs\/en\/wp-json\/wp\/v2\/types\/post"}],"author":[{"embeddable":true,"href":"https:\/\/visitdistrikt.rs\/en\/wp-json\/wp\/v2\/users\/3"}],"replies":[{"embeddable":true,"href":"https:\/\/visitdistrikt.rs\/en\/wp-json\/wp\/v2\/comments?post=8807"}],"version-history":[{"count":4,"href":"https:\/\/visitdistrikt.rs\/en\/wp-json\/wp\/v2\/posts\/8807\/revisions"}],"predecessor-version":[{"id":8811,"href":"https:\/\/visitdistrikt.rs\/en\/wp-json\/wp\/v2\/posts\/8807\/revisions\/8811"}],"wp:featuredmedia":[{"embeddable":true,"href":"https:\/\/visitdistrikt.rs\/en\/wp-json\/wp\/v2\/media\/7592"}],"wp:attachment":[{"href":"https:\/\/visitdistrikt.rs\/en\/wp-json\/wp\/v2\/media?parent=8807"}],"wp:term":[{"taxonomy":"category","embeddable":true,"href":"https:\/\/visitdistrikt.rs\/en\/wp-json\/wp\/v2\/categories?post=8807"},{"taxonomy":"post_tag","embeddable":true,"href":"https:\/\/visitdistrikt.rs\/en\/wp-json\/wp\/v2\/tags?post=8807"}],"curies":[{"name":"wp","href":"https:\/\/api.w.org\/{rel}","templated":true}]}}